{"id":43516,"date":"2024-04-08T09:36:28","date_gmt":"2024-04-08T00:36:28","guid":{"rendered":"https:\/\/portal.hokuryu.info\/?p=43516"},"modified":"2024-04-08T21:22:18","modified_gmt":"2024-04-08T12:22:18","slug":"eski-belediye-baskani-yutaka-sano-emeklilik-anma-torenine-tesekkurler","status":"publish","type":"post","link":"https:\/\/portal.hokuryu.info\/tr\/43516\/","title":{"rendered":"&quot;Eski Belediye Ba\u015fkan\u0131 Sano Yutaka&#039;ya emeklilikteki s\u0131k\u0131 \u00e7al\u0131\u015fmalar\u0131ndan dolay\u0131 te\u015fekk\u00fcr eden Derne\u011fe&quot; \u015f\u00fckranlar\u0131m\u0131zla! Eski Belediye Ba\u015fkan\u0131 Sano unutulmaz bir belediye ba\u015fkan\u0131d\u0131r ve tarihe ge\u00e7ecek bir belediye ba\u015fkan\u0131d\u0131r!"},"content":{"rendered":"<p>Pazartesi, 8 Nisan 2024<\/p>\n<p>Eski Belediye Ba\u015fkan\u0131 Sano Yutaka&#039;ya g\u00f6rev s\u00fcresince g\u00f6sterdi\u011fi s\u0131k\u0131 \u00e7al\u0131\u015fmalardan dolay\u0131 te\u015fekk\u00fcr t\u00f6reni, saat 18:00&#039;da Sunflower Park Kitaryu Onsen&#039;de d\u00fczenlendi. Cumartesi, 6 Nisan&#039;da.<\/p>\n<h2>Eski Belediye Ba\u015fkan\u0131 Yutaka Sano emekli olacak<\/h2>\n<p>Destek grubu \u00fcyeleri ve di\u011fer ilgili taraflar\u0131n da aralar\u0131nda bulundu\u011fu toplam 80 ki\u015fi etkinli\u011fe kat\u0131ld\u0131 ve b\u00fcy\u00fck eski belediye ba\u015fkan\u0131 Yutaka Sano&#039;nun (73) s\u0131k\u0131 \u00e7al\u0131\u015fmas\u0131ndan dolay\u0131 \u015f\u00fckranlar\u0131n\u0131 sundular.<\/p>\n<h3>Ana MC: Bin Ono<\/h3>\n<figure class=\"wp-caption aligncenter\"><a href=\"https:\/\/photos.google.com\/share\/AF1QipMQN5VFI8eX3F3OLqeVcAp7FS15x_skJLR-R_YYeIIMGj0hQB_B5rrVWWdleNxRdA\/photo\/AF1QipNlkOqyHoKFIe37QBhiJvBVXUNYMS7Ua4HqBew?key=ZUVjWldNZm8tYjJBX0YzWVVSTV9rOW42TzJWVEFB\" target=\"_blank\" rel=\"noopener\"><img decoding=\"async\" src=\"https:\/\/lh3.googleusercontent.com\/pw\/AP1GczMfT44zyNzD9iimS3XB9RLz0mlIFYRAmJz8I8Do7LZi2ysqTxbgjBQdWQwxLn4_zj0iA2zj2un2M7hWMTgJGTgoACu03Ho1CgZXASglNJWeSE63X9UrJbIAJxYzNhJBcnA4KRPaYO0KyzXYe4N2BbXt=w1782-h1337-s-no-gm?authuser=0\" width=\"1782\" height=\"1337\" alt=\"Ana MC: Bin Ono\" class=\"size-full\" \/><\/a><figcaption class=\"wp-caption-text\">Ana MC: Bin Ono<\/figcaption><\/figure>\n<h3>Eski Belediye Ba\u015fkan\u0131 Yutaka Sano ve e\u015fi<\/h3>\n<figure class=\"wp-caption aligncenter\"><a href=\"https:\/\/photos.google.com\/share\/AF1QipMQN5VFI8eX3F3OLqeVcAp7FS15x_skJLR-R_YYeIIMGj0hQB_B5rrVWWdleNxRdA\/photo\/AF1QipN48ujJTa7NwnIry0HALXtd0nWUDXu5blot65o?key=ZUVjWldNZm8tYjJBX0YzWVVSTV9rOW42TzJWVEFB\" target=\"_blank\" rel=\"noopener\"><img decoding=\"async\" src=\"https:\/\/lh3.googleusercontent.com\/pw\/AP1GczNy3yO4-6PeSYU5irGXW-9A89FF_LVJXpO5mebctK8-DgsjDE1VvvF5lnyJhg7igXlNQR8FjA4r1b_sHHk8wf9nGksPpREkkY3PYfYuGlZAFbgU41aZFy4iyfLjq9nm1v9ICbaCr9-EI_0fyc6yR0UZ=w1840-h1380-s-no-gm?authuser=0\" width=\"1840\" height=\"1380\" alt=\"Belediye Ba\u015fkan\u0131 Sano ve e\u015fi i\u00e7eri giriyor\" class=\"size-full\" \/><\/a><figcaption class=\"wp-caption-text\">Belediye Ba\u015fkan\u0131 Sano ve e\u015fi i\u00e7eri giriyor<\/figcaption><\/figure>\n<h3>sessiz dua<\/h3>\n<p>Sunucu Ono, &quot;Ge\u00e7mi\u015fte eski Belediye Ba\u015fkan\u0131 Yutaka Sano&#039;yu destekleyen ancak bug\u00fcn kat\u0131lamayan t\u00fcm taraftar derne\u011fi yetkililerine bir dakikal\u0131k sayg\u0131 duru\u015funda bulunmak istiyorum&quot; dedi.<\/p>\n<p>sessiz dua. . .<\/p>\n<h3>Destek Grubu Ba\u015fkan\u0131&#039;ndan selamlar: Hitoshi Takebayashi<\/h3>\n<figure class=\"wp-caption aligncenter\"><a href=\"https:\/\/photos.google.com\/share\/AF1QipMQN5VFI8eX3F3OLqeVcAp7FS15x_skJLR-R_YYeIIMGj0hQB_B5rrVWWdleNxRdA\/photo\/AF1QipNwxjOLuqj-iqY4Hvd9pJ-nK-6IL5rZlF8BKRs?key=ZUVjWldNZm8tYjJBX0YzWVVSTV9rOW42TzJWVEFB\" target=\"_blank\" rel=\"noopener\"><img decoding=\"async\" src=\"https:\/\/lh3.googleusercontent.com\/pw\/AP1GczMkyaXqGF06ahBFAOwwUEmGz2vUKMr7pr8YhR2nSeoAQNIXHIUncHj1iIQbxppdsArvIgrMGrNX1Fjo99xFzhluTX8-rE8LqMsEuEB2jiuEqSdnGu9xijutSUzZUOjTm739E7vXhGo1OnUXfspxHPD0=w1840-h1380-s-no-gm?authuser=0\" width=\"1840\" height=\"1380\" alt=\"Destek Grubu Ba\u015fkan\u0131&#039;ndan selamlar: Hitoshi Takebayashi\" class=\"size-full\" \/><\/a><figcaption class=\"wp-caption-text\">Destek Grubu Ba\u015fkan\u0131&#039;ndan selamlar: Hitoshi Takebayashi<\/figcaption><\/figure>\n<p>&quot;Sakin, bahar gibi bir g\u00fcn. Yeni mali y\u0131l ba\u015flad\u0131 ve yo\u011fun programlar\u0131na ra\u011fmen bu kadar b\u00fcy\u00fck say\u0131larda gelen herkese i\u00e7ten \u015f\u00fckranlar\u0131m\u0131 sunmak istiyorum.<\/p>\n<p>\u00dc\u00e7 d\u00f6nem ve 12 y\u0131l gibi uzun bir s\u00fcre boyunca Sano kasaba y\u00f6netimine yolda\u015fl\u0131k ve dayan\u0131\u015fma ruhuyla destek verdi. O d\u00f6nemde s\u00fcrekli, y\u00fcrek \u0131s\u0131tan destek ve rehberlik ald\u0131k. \u00c7ok te\u015fekk\u00fcr ederim.<\/p>\n<p>Eski Belediye Ba\u015fkan\u0131 Sano, &quot;yerel halk\u0131n kat\u0131l\u0131m\u0131yla bir kasaba in\u015fa etmek&quot; platformunda herkesin deste\u011fiyle 12 y\u0131l boyunca yar\u0131\u015ft\u0131. \u00c7ok te\u015fekk\u00fcr ederim. \u00c7ok te\u015fekk\u00fcr ederim.<\/p>\n<p>Belediye Ba\u015fkan\u0131 Sano, 12 y\u0131ll\u0131k g\u00f6rev s\u00fcresi boyunca say\u0131s\u0131z ba\u015far\u0131ya imza att\u0131, ancak bunlar hakk\u0131nda burada fazla bir \u015fey s\u00f6yleyemem.<\/p>\n<p>\u00d6nemli giri\u015fimler aras\u0131nda Wa Anaokulu&#039;nun a\u00e7\u0131lmas\u0131, Hokuryu Kasabas\u0131&#039;nda ticari canland\u0131rma tesisi olan Kokowa&#039;n\u0131n a\u00e7\u0131lmas\u0131, okul \u00f6\u011fle yeme\u011fi ve \u00e7ocuk bak\u0131m\u0131 \u00fccretlerinin \u00fccretsiz hale getirilmesi ve lisans \u00fccretlerinin \u00f6nceden \u00f6denmesi i\u00e7in bir sistem kurulmas\u0131 yer al\u0131yor. Ve hepsinden \u00f6nemlisi, kasaba halk\u0131 ve \u00e7ift\u00e7ilerle birlikte Japonya Tar\u0131m \u00d6d\u00fcl\u00fc B\u00fcy\u00fck \u00d6d\u00fcl\u00fc&#039;ne lay\u0131k g\u00f6r\u00fclen Belediye Ba\u015fkan\u0131 Sano.<\/p>\n<p>\u015eu anda \u00fc\u00e7\u00fcnc\u00fc d\u00f6neminde olan Hokkaido Kasaba ve K\u00f6y Derne\u011fi ba\u015fkan yard\u0131mc\u0131l\u0131\u011f\u0131na ve Hokkaido&#039;daki Sorachi Kasaba ve K\u00f6y Derne\u011fi ba\u015fkanl\u0131\u011f\u0131na atand\u0131 ve burada aktif rol oynad\u0131. \u00d6zellikle birincil end\u00fcstriler alan\u0131nda Hokkaido Tar\u0131m \u015eirketi&#039;nin m\u00fcd\u00fcr\u00fc, Hokkaido Tar\u0131m Konseyi&#039;nin memuru, Hokkaido Mizudori A\u011f\u0131&#039;n\u0131n memuru ve Hokkaido Su Kayna\u011f\u0131 Orman \u0130n\u015faat Konseyi&#039;nin ba\u015fkan\u0131 olarak faaliyet g\u00f6sterdi.<\/p>\n<p>\u00d6yle ki kom\u015fu kasabalar bile kendisine, &quot;Say\u0131n Sano&#039;ya tar\u0131mla ilgili g\u00f6revlerden birini kasabam\u0131z\u0131n belediye ba\u015fkanl\u0131\u011f\u0131na verebilir misiniz?&quot; diye sormu\u015flar. Ka\u00e7 tane rol \u00fcstlendi\u011fini g\u00f6steriyor. Birincil sekt\u00f6rde alt\u0131 d\u00f6nem ve sekiz y\u0131ld\u0131r faaliyet g\u00f6stermektedir.<\/p>\n<p>Size te\u015fekk\u00fcr etmek ve bug\u00fcne kadarki ba\u015far\u0131lar\u0131n\u0131z\u0131 takdir etmek istiyorum. Belediye Ba\u015fkan\u0131 Sano, y\u0131l\u0131n 365 g\u00fcn\u00fc, g\u00fcnde 24 saat son derece yo\u011fun bir \u015fekilde \u00e7al\u0131\u015f\u0131yor, ancak kendisinin biraz dinlenmesini istiyoruz. Gelecekte de Kitary\u016b halk\u0131n\u0131 g\u00f6zetmeye devam edece\u011finizi umuyoruz.<\/p>\n<p>Sano Taraftar Grubu olarak misyonumuzu bug\u00fcnk\u00fc etkinli\u011fimizle sonland\u0131rmak istiyoruz.<\/p>\n<p>Emekleriniz i\u00e7in \u00e7ok te\u015fekk\u00fcr ederim, Sano-san. \u00e7ok te\u015fekk\u00fcr ederim.<\/p>\n<p>Belediye Ba\u015fkan\u0131 Sano&#039;ya verdi\u011finiz destek i\u00e7in hepinize \u00e7ok te\u015fekk\u00fcr ederim. Bir kez daha \u015f\u00fckranlar\u0131m\u0131 sunmak istiyorum ve bu, destek grubu ba\u015fkan\u0131 olarak son selam\u0131md\u0131r.<br \/>\n&quot;Herkese te\u015fekk\u00fcr ederim&quot; dedi Takebayashi Hitoshi.<\/p>\n<h3>Konuk konu\u015fmas\u0131: Belediye Meclisi Ba\u015fkan\u0131, Shoichi Nakamura<\/h3>\n<figure class=\"wp-caption aligncenter\"><a href=\"https:\/\/photos.google.com\/share\/AF1QipMQN5VFI8eX3F3OLqeVcAp7FS15x_skJLR-R_YYeIIMGj0hQB_B5rrVWWdleNxRdA\/photo\/AF1QipOn51QzPVJWKAhg4ArWRmHjZ2tGyziY6Kl94dA?key=ZUVjWldNZm8tYjJBX0YzWVVSTV9rOW42TzJWVEFB\" target=\"_blank\" rel=\"noopener\"><img decoding=\"async\" src=\"https:\/\/lh3.googleusercontent.com\/pw\/AP1GczMa4XxS55MTVeW0fdLl5DIooVbtmz79ClGLyVtb8h5fSOce19hZziXA6m_BCFsxz7wGazo70ZDABpIzxxD_4BgafW2-nd2AiZXSzho4EtEL_bFGOyJpCnjhFSNj_6L6izueCcPal5KSR41wHfS6p2L0=w1840-h1380-s-no-gm?authuser=0\" width=\"1840\" height=\"1380\" alt=\"Konuk konu\u015fmas\u0131: Belediye meclisi ba\u015fkan\u0131 Shoichi Nakamura\" class=\"size-full\" \/><\/a><figcaption class=\"wp-caption-text\">Konuk konu\u015fmas\u0131: Belediye meclisi ba\u015fkan\u0131 Shoichi Nakamura<\/figcaption><\/figure>\n<p>&quot;Yeni bir mali y\u0131la girerken, yo\u011fun programlar\u0131n\u0131zdan vakit ay\u0131r\u0131p &#039;Eski Belediye Ba\u015fkan\u0131 Sano&#039;nun Emeklili\u011fi \u0130\u00e7in Te\u015fekk\u00fcr&#039; etkinli\u011fine beni davet etmek ve kat\u0131l\u0131m\u0131n\u0131z i\u00e7in hepinize en i\u00e7ten \u015f\u00fckranlar\u0131m\u0131 sunmak istiyorum.<\/p>\n<p>Normalde, selamlar\u0131 Belediye Ba\u015fkan\u0131 Sasaki iletecekti ancak \u015fu anda Sapporo&#039;da bir i\u015f gezisinde oldu\u011fu i\u00e7in kat\u0131lam\u0131yor. Herkese selamlar\u0131n\u0131 iletiyor, anlay\u0131\u015f\u0131n\u0131z\u0131 rica ediyoruz.<\/p>\n<p>Bundan 12 y\u0131l \u00f6nce belediye ba\u015fkanl\u0131\u011f\u0131 ve ba\u015fkan yard\u0131mc\u0131l\u0131\u011f\u0131 se\u00e7iminde ben o d\u00f6nem se\u00e7im y\u00f6netim kurulu ba\u015fkan\u0131yd\u0131m, dolay\u0131s\u0131yla oy kullanamad\u0131m ama Sano Bey&#039;i destekledim. Sonu\u00e7ta, Sano yakla\u015f\u0131k 230 oy farkla, 960&#039;a kar\u015f\u0131 730 oyla se\u00e7ildi.<\/p>\n<p>Belediye ba\u015fkan\u0131 olmadan \u00f6nce 54 y\u0131l boyunca ba\u015fkan yard\u0131mc\u0131s\u0131 ve belde y\u00f6neticisi olarak g\u00f6rev yapt\u0131. Say\u0131n Sano, yeni h\u00fck\u00fcmet binas\u0131n\u0131n yap\u0131ld\u0131\u011f\u0131 d\u00f6nemde kamu g\u00f6revini y\u00fcr\u00fctm\u00fc\u015ft\u00fcr.<\/p>\n<p>1970&#039;li y\u0131llar Gen\u00e7lik Derne\u011fi d\u00f6nemiydi ve o d\u00f6nemde Say\u0131n Sano ile ili\u015fkim vard\u0131, kendisine Milli E\u011fitim Kurulu&#039;nun sosyal e\u011fitim sistemiyle ilgili konularda dan\u0131\u015fmanl\u0131k yap\u0131yordum.<\/p>\n<p>Kom\u015fu kasabalar\u0131n (Horokanai, Numata ve Chichibubetsu) sosyal e\u011fitim sistemlerinde gen\u00e7lik gruplar\u0131 arac\u0131l\u0131\u011f\u0131yla ba\u011flant\u0131lar kuran ki\u015filer daha sonra kendi kasabalar\u0131n\u0131n liderleri haline geldiler. Bunlar aras\u0131nda Belediye Ba\u015fkan\u0131 Sano&#039;nun \u00fc\u00e7 d\u00f6nem ve 12 y\u0131l boyunca bu g\u00f6revde bulunmas\u0131ndan \u00f6zellikle memnunum.<\/p>\n<p>Higashikagura Kasabas\u0131 Belediye Ba\u015fkan\u0131 Yamamoto Susumu ile ki\u015fisel bir ba\u011f\u0131m var. Kendisi ayn\u0131 zamanda Belediye Ba\u015fkan\u0131 Sano ile belediye ba\u015fkan\u0131 olarak g\u00f6rev yapm\u0131\u015ft\u0131 ve her kar\u015f\u0131la\u015ft\u0131\u011f\u0131m\u0131zda ona &quot;Belediye Ba\u015fkan\u0131 Sano nas\u0131l?&quot; diye sorard\u0131m. &quot;Ge\u00e7en y\u0131l ekim ay\u0131nda ziyaret etti\u011fimde, personel \u00e7ok \u00fczg\u00fcn g\u00f6r\u00fcn\u00fcyordu ve &quot;Bay Sano emekli oluyor.&quot;<\/p>\n<p>Belediye ba\u015fkan\u0131n\u0131n \u00e7ok say\u0131da insanla geni\u015f ba\u011flant\u0131lar\u0131 vard\u0131.<\/p>\n<p>Bundan sonra belediye ba\u015fkanl\u0131\u011f\u0131 g\u00f6reviniz nedeniyle kat\u0131lamad\u0131\u011f\u0131n\u0131z derneklere, g\u00f6n\u00fcll\u00fc faaliyetlere, uzun soluklu derneklere kat\u0131l\u0131p, buralarda yer alabileceksiniz, bundan sonra da bir\u00e7ok farkl\u0131 alanda aktif olman\u0131z\u0131 umuyoruz. Ortalama ya\u015fam s\u00fcresinin 80 y\u0131l oldu\u011fu s\u00f6yleniyor ama 90&#039;l\u0131 ya\u015flar\u0131n ortas\u0131nda hala \u00e7ok \u00e7al\u0131\u015fan insanlar var, o y\u00fczden sizin de \u00e7ok \u00e7al\u0131\u015fmaya ve \u00e7e\u015fitli u\u011fra\u015flarda sa\u011fl\u0131kl\u0131 kalmaya devam etmenizi umuyorum.<\/p>\n<p>Ayr\u0131ca e\u015finin de kendisine b\u00fcy\u00fck destek oldu\u011funu, ya\u015fad\u0131\u011f\u0131 t\u00fcm zorluklarda ona yard\u0131mc\u0131 oldu\u011funu d\u00fc\u015f\u00fcn\u00fcyorum. Umar\u0131m bundan sonra hayat\u0131n\u0131z\u0131n tad\u0131n\u0131 doyas\u0131ya \u00e7\u0131kar\u0131rs\u0131n\u0131z.<\/p>\n<p>Son 12 y\u0131ld\u0131r bizi destekleyen t\u00fcm destek\u00e7ilere te\u015fekk\u00fcr ederiz.<\/p>\n<p>Say\u0131n Sano&#039;nun gelecekte daha fazla ba\u015far\u0131ya ula\u015fmas\u0131n\u0131 sab\u0131rs\u0131zl\u0131kla bekliyoruz.<\/p>\n<p>Bu y\u0131l hava \u015fartlar\u0131n\u0131n g\u00fczel olmas\u0131 nedeniyle tar\u0131msal \u00fcretimde bulunma imk\u00e2n\u0131 bulduk, t\u00fcm kat\u0131l\u0131mc\u0131lara sa\u011fl\u0131kl\u0131 g\u00fcnler diliyoruz. &quot;Bug\u00fcn i\u00e7in \u00e7ok te\u015fekk\u00fcr ederim&quot; dedi Nakamura Naoichi.<\/p>\n<h3>Bir buket sunmak<\/h3>\n<p>Yutaka ve Tomoko Sano&#039;ya g\u00fczel bir buket takdim edildi.<\/p>\n<figure class=\"wp-caption aligncenter\"><a href=\"https:\/\/photos.google.com\/share\/AF1QipMQN5VFI8eX3F3OLqeVcAp7FS15x_skJLR-R_YYeIIMGj0hQB_B5rrVWWdleNxRdA\/photo\/AF1QipOrMfSNo5wIYFT5kgwR4p7Za0CG2_R6qkoTe5c?key=ZUVjWldNZm8tYjJBX0YzWVVSTV9rOW42TzJWVEFB\" target=\"_blank\" rel=\"noopener\"><img decoding=\"async\" src=\"https:\/\/lh3.googleusercontent.com\/pw\/AP1GczM-w6YW0x7BLzwoBpHFYa9gwiP5kG6u1aQgjW38unPZ9fg3CEeI6TVBHLNtCmgDR6b59nu1H0z3MR9UXgQ_me6V0jg37wjK3MBZttjlB0f-5yMS1ebjJlbqhrQTM1E4LvuZcYKCHZ8zIV2e3kx9_w3W=w1840-h1380-s-no-gm?authuser=0\" width=\"1840\" height=\"1380\" alt=\"Bir buket sunmak\" class=\"size-full\" \/><\/a><figcaption class=\"wp-caption-text\">Bir buket sunmak<\/figcaption><\/figure>\n<h3>Eski Belediye Ba\u015fkan\u0131 Yutaka Sano&#039;dan selamlar<\/h3>\n<figure class=\"wp-caption aligncenter\"><a href=\"https:\/\/photos.google.com\/share\/AF1QipMQN5VFI8eX3F3OLqeVcAp7FS15x_skJLR-R_YYeIIMGj0hQB_B5rrVWWdleNxRdA\/photo\/AF1QipNc_zkACkJ6nYPOl_D1ec-IzsDtKadFy9Pq_yE?key=ZUVjWldNZm8tYjJBX0YzWVVSTV9rOW42TzJWVEFB\" target=\"_blank\" rel=\"noopener\"><img decoding=\"async\" src=\"https:\/\/lh3.googleusercontent.com\/pw\/AP1GczObSBbxpmvkOkpneBVD3CcSMkal8Yrc0PKE19hLhdQn79wXwAgun8Jvs1Xo5G82vrgG_-uYm4SnKVAzHGH54yMVt3ASinxwEiQy0Z8GFkjqIrVSELU35FCwfFwMx2gErCVYAa-ecrELbqG1AmTGqQVy=w1840-h1380-s-no-gm?authuser=0\" width=\"1840\" height=\"1380\" alt=\"Belediye Ba\u015fkan\u0131 Sano&#039;dan selamlar\" class=\"size-full\" \/><\/a><figcaption class=\"wp-caption-text\">Belediye Ba\u015fkan\u0131 Sano&#039;dan selamlar<\/figcaption><\/figure>\n<p>&quot;Yeni bir mali y\u0131la girerken, yo\u011fun programlar\u0131n\u0131za, \u00f6zellikle de bahar \u00e7iftlik i\u015flerinize ra\u011fmen bu etkinli\u011fe kat\u0131lmak i\u00e7in zaman ay\u0131rd\u0131\u011f\u0131n\u0131z i\u00e7in hepinize en i\u00e7ten \u015f\u00fckranlar\u0131m\u0131 sunmak istiyorum.<\/p>\n<p>Ayr\u0131ca bug\u00fcnk\u00fc etkinli\u011fi planlayan Bambu Orman\u0131 Destek Grubu Ba\u015fkan\u0131&#039;na ve di\u011fer t\u00fcm yetkililere \u015f\u00fckranlar\u0131m\u0131z\u0131 sunmak istiyoruz.<\/p>\n<p>Mart ay\u0131n\u0131n ba\u015f\u0131ndan beri \u00e7ok so\u011fuk g\u00fcnler ge\u00e7irdik, bu nedenle kar\u0131n \u00e7ok h\u0131zl\u0131 erimedi\u011finden endi\u015fe ediyorduk, ancak bug\u00fcn s\u0131cakl\u0131k tekrar y\u00fckseldi ve yar\u0131ndan itibaren h\u0131zla 16-17\u00b0C&#039;ye y\u00fckselmesi bekleniyor, bu nedenle eriyen kar\u0131n yol a\u00e7abilece\u011fi felaket riskinden endi\u015fe ediyoruz. Sanki nihayet bahar geldi.<\/p>\n<p>Ba\u015fkan Takebayashi ve Ba\u015fkan Nakamura&#039;dan b\u00f6ylesine c\u00f6mert selamlar almaktan onur duydum.<\/p>\n<p>\u00c7ar\u015famba g\u00fcn\u00fc, 21 \u015eubat&#039;ta, \u00fc\u00e7 d\u00f6nem g\u00f6rev yapt\u0131\u011f\u0131m ve 12 y\u0131l Kitary\u016b kasabas\u0131n\u0131n belediye ba\u015fkanl\u0131\u011f\u0131n\u0131 y\u00fcr\u00fctt\u00fc\u011f\u00fcm 54 y\u0131ll\u0131k kamu g\u00f6revimi sonland\u0131rd\u0131m.<\/p>\n<p>Geriye d\u00f6n\u00fcp bakt\u0131\u011f\u0131mda, \u015eubat 2012&#039;de kasaba halk\u0131n\u0131n ve bir\u00e7ok ki\u015finin deste\u011fiyle Kitary\u016b belediye ba\u015fkan\u0131 olarak atand\u0131m. Katk\u0131m\u0131z k\u00fc\u00e7\u00fck olsa da, &quot;yerel vatanda\u015flar\u0131n aktif rol oynad\u0131\u011f\u0131 bir kasaba in\u015fa ederek&quot; Hokuryu&#039;yu m\u00fcreffeh bir memleket yapmak i\u00e7in \u00e7ok \u00e7al\u0131\u015ft\u0131k.<\/p>\n<p>Minoritch Kitaryu tar\u0131m ve hayvanc\u0131l\u0131k do\u011frudan sat\u0131\u015f ma\u011fazas\u0131n\u0131n, Kokowa ticari canland\u0131rma tesisinin, Japon anaokulunun yap\u0131m\u0131n\u0131 ve Sunflower Park Kitaryu Onsen&#039;in geni\u015f \u00e7apl\u0131 yenilemelerini ve her tesiste yenileme ve depreme dayan\u0131kl\u0131l\u0131k \u00e7al\u0131\u015fmalar\u0131n\u0131 ger\u00e7ekle\u015ftirdik.<\/p>\n<p>Yumu\u015fak i\u015f alan\u0131nda, ay\u00e7i\u00e7ek ya\u011f\u0131 geri d\u00f6n\u00fc\u015f\u00fcm\u00fc, \u00e7e\u015fitli \u00e7ocuk yeti\u015ftirme destek programlar\u0131, g\u00f6\u00e7 ve yerle\u015fim politikalar\u0131 gibi projeleri geli\u015ftirmek i\u00e7in \u00e7al\u0131\u015ft\u0131k.<\/p>\n<p>Ayr\u0131ca tar\u0131m, ticaret, sanayi ve turizm sekt\u00f6r\u00fcndeki herkesin deste\u011fiyle Kitary\u016b Kasabas\u0131&#039;n\u0131n geli\u015fimini te\u015fvik etmek i\u00e7in yo\u011fun bir \u015fekilde \u00e7al\u0131\u015f\u0131yoruz.<\/p>\n<p>\u00d6zellikle tar\u0131msal tan\u0131t\u0131m konusunda t\u00fcketiciye g\u00fcvenli, sa\u011fl\u0131kl\u0131 ve lezzetli pirin\u00e7 olan ay\u00e7i\u00e7e\u011fi pirincini ula\u015ft\u0131rma y\u00f6n\u00fcndeki \u00e7abalar\u0131m\u0131z takdir g\u00f6rd\u00fc ve Japonya Tar\u0131m \u00d6d\u00fcl\u00fc B\u00fcy\u00fck \u00d6d\u00fcl\u00fc&#039;ne lay\u0131k g\u00f6r\u00fcld\u00fck.<\/p>\n<p>Himawari Soba \u00dcreticileri Derne\u011fi, &quot;Ulusal Soba M\u00fckemmel \u00dcretim \u00d6d\u00fcl\u00fc\/Tar\u0131m, Ormanc\u0131l\u0131k ve Bal\u0131k\u00e7\u0131l\u0131k Bakan\u0131 \u00d6d\u00fcl\u00fc&quot;n\u00fc ald\u0131.<\/p>\n<p>Kurosengoku \u0130\u015fletme Kooperatifi, &quot;K\u0131rsal Alanlar\u0131n Hazinelerini Ke\u015ffet&quot; program\u0131nda m\u00fckemmellik \u00f6rne\u011fi olarak se\u00e7ildi ve \u00f6d\u00fcl, d\u00f6nemin Ba\u015fbakan\u0131 \u015einzo Abe&#039;ye resmi konutunda takdim edildi.<\/p>\n<p>Ge\u00e7ti\u011fimiz y\u0131l\u0131n \u015fubat ay\u0131nda, kasaban\u0131n Ichiban Shibori ay\u00e7i\u00e7ek ya\u011f\u0131 ``2023 Kuzey Y\u00fcksek Kaliteli G\u0131das\u0131&#039;&#039; olarak sertifikaland\u0131r\u0131l\u0131rken, sonbaharda, kasaban\u0131n Hokuryu kasabas\u0131nda yeti\u015ftirilen ``Suisei&#039;&#039; pirincinden yap\u0131lan saf pirin\u00e7 sake&#039;si ``Ryujin&#039;&#039;, ``2023 Hokkaido Pirin\u00e7 Sake \u00d6d\u00fclleri&#039;&#039;nde b\u00fcy\u00fck \u00f6d\u00fcl\u00fc kazand\u0131.<\/p>\n<p>Memleket vergisi konusunda, dokuzuncu y\u0131ld\u0131r \u00fclkenin her yerinden 300 milyon yen&#039;den fazla ba\u011f\u0131\u015f ald\u0131k. Ge\u00e7ti\u011fimiz y\u0131l 440 milyon yen ba\u011f\u0131\u015f ald\u0131k.<\/p>\n<p>Kitary\u016b Kasabas\u0131, ger\u00e7ek bir tar\u0131m kasabas\u0131 olarak \u00fclke \u00e7ap\u0131nda b\u00fcy\u00fck \u00f6vg\u00fcler alm\u0131\u015f bir kasabad\u0131r.<\/p>\n<p>Kampanya vaatlerinden biri olan en iyi sat\u0131\u015flar konusunda ise JA Kitasorachi&#039;nin Kitary\u016b b\u00f6lgesinin eski temsilcisi Kitakiyo Hirokuni ile birlikte Betsukai, Nakashibetsu, Hamatonbetsu ve Otofuke kasabalar\u0131 da dahil olmak \u00fczere do\u011fu Hokkaido&#039;daki kullan\u0131c\u0131lar\u0131 ziyaret ettim. Hokuryu Kasabas\u0131&#039;n\u0131n ay\u00e7i\u00e7e\u011fi pirincini tan\u0131tmak i\u00e7in Tokyo, Osaka, Okinawa ve Tayvan&#039;a da seyahat ettik.<\/p>\n<p>\u0130lk d\u00f6nemimin ba\u015f\u0131ndan itibaren Kita Kiyoshi \u00e7ok anlay\u0131\u015fl\u0131yd\u0131 ve bana &quot;Belediye ba\u015fkan\u0131 olaca\u011f\u0131m!&quot; dedi. Bana her zaman bunu s\u00f6ylediler. \u00c7ok te\u015fekk\u00fcr ederim.<\/p>\n<p>Ayr\u0131ca, Kitary\u016b Kasaba B\u00f6lgesel Canland\u0131rma \u0130\u015fbirli\u011fi Ekibi&#039;ne \u00fcye olarak atanan Terauchi-san, bu y\u0131l g\u00f6reve ba\u015flay\u0131\u015f\u0131n\u0131n 15. y\u0131l\u0131n\u0131 kutlayarak k\u00f6y destek g\u00f6revlisi olarak g\u00f6revine devam edecek. Hokuryu Kasabas\u0131 Portal\u0131 sitesi, Hokuryu Kasabas\u0131&#039;n\u0131n hazine avlar\u0131, kasaba halk\u0131n\u0131n g\u00fcl\u00fcmsemeleri, ay\u00e7i\u00e7e\u011fi k\u00f6y\u00fc ve ay\u00e7i\u00e7e\u011fi pirinci hakk\u0131nda bilgileri hem t\u00fcm Japonya&#039;ya hem de deniza\u015f\u0131r\u0131 \u00fclkelere yay\u0131yor. Belediye ba\u015fkan\u0131 olarak de\u011ferlendirmemin Say\u0131n Terauchi&#039;den bahsetmeden tart\u0131\u015f\u0131lamayaca\u011f\u0131na inan\u0131yorum.<\/p>\n<p>Belediye ba\u015fkanl\u0131\u011f\u0131ndaki ba\u015far\u0131lar\u0131 soruldu\u011funda ise; iki d\u00f6nem belediye ba\u015fkan yard\u0131mc\u0131s\u0131, sekiz y\u0131l belediye ba\u015fkan yard\u0131mc\u0131s\u0131, \u00fc\u00e7 d\u00f6nem belediye ba\u015fkan\u0131 olarak 12 y\u0131l olmak \u00fczere toplam 20 y\u0131l g\u00f6rev yapt\u0131\u011f\u0131 belirtiliyor. Y\u0131lda d\u00f6rt ola\u011fan oturumda, \u00f6zel oturumlar da dahil olmak \u00fczere toplam 160&#039;\u0131n \u00fczerinde oturumda, hi\u00e7bir oturumu hastal\u0131k nedeniyle aksatmadan g\u00f6rev yapm\u0131\u015f olmam benim i\u00e7in en b\u00fcy\u00fck gurur kayna\u011f\u0131d\u0131r.<\/p>\n<p>Her \u015feyden \u00f6nce, 12 y\u0131ll\u0131k belediye ba\u015fkanl\u0131\u011f\u0131m s\u00fcresince, ana sekt\u00f6r\u00fcm\u00fcz olan tar\u0131mda her y\u0131l g\u00fczel hava ko\u015fullar\u0131na rastlamam\u0131z ve hasatlar\u0131m\u0131z\u0131n iyi olmas\u0131 beni \u00e7ok mutlu ediyor.<\/p>\n<p>Bu k\u00fc\u00e7\u00fck kasaban\u0131n \u00e7evresi ger\u00e7ekten zorlu. Bu sorunlar aras\u0131nda n\u00fcfus azalmas\u0131, halef bulma sorunlar\u0131, kamu tesislerinin ta\u015f\u0131nmas\u0131 planlar\u0131 vb. yer al\u0131yor. Neyse ki yeni belediye ba\u015fkan\u0131 da bunu bir se\u00e7im vaadi haline getirdi, bu nedenle t\u00fcm personelinin bu soruna bir \u00e7\u00f6z\u00fcm bulmak i\u00e7in birlikte \u00e7al\u0131\u015fmas\u0131n\u0131 umuyorum.<\/p>\n<p>Son d\u00f6rt y\u0131ld\u0131r Hokkaido Kasaba ve K\u00f6y Derne\u011fi&#039;nin ba\u015fkan yard\u0131mc\u0131l\u0131\u011f\u0131 ve Sorachi Kasaba ve K\u00f6y Derne\u011fi&#039;nin ba\u015fkanl\u0131\u011f\u0131n\u0131 y\u00fcr\u00fct\u00fcyorum. Bu da Hokuryu kasabas\u0131ndan s\u0131k s\u0131k uzak kalmama neden oldu ve Hokuryu kasabas\u0131n\u0131n t\u00fcm sakinlerinden \u00f6z\u00fcr dilemek istiyorum.<\/p>\n<p>Taraftarlar\u0131m\u0131za ve kasaba halk\u0131na g\u00f6sterdikleri s\u0131cak destek i\u00e7in en i\u00e7ten \u015f\u00fckranlar\u0131m\u0131 sunmak istiyorum ve g\u00f6revimi en iyi \u015fekilde yerine getirebildi\u011fim i\u00e7in minnettar\u0131m.<\/p>\n<p>Gelecekte Hokuryu Kasabas\u0131 sakini olarak kasaban\u0131n geli\u015fimine elimden gelen katk\u0131y\u0131 sa\u011flamak istiyorum, bu nedenle deste\u011finizin devam\u0131n\u0131 rica ediyorum.<\/p>\n<p>Yutaka Sano, &quot;T\u00fcm bu y\u0131llar i\u00e7in \u00e7ok te\u015fekk\u00fcr ederim&quot; dedi.<\/p>\n<figure class=\"wp-caption aligncenter\"><a href=\"https:\/\/photos.google.com\/share\/AF1QipMQN5VFI8eX3F3OLqeVcAp7FS15x_skJLR-R_YYeIIMGj0hQB_B5rrVWWdleNxRdA\/photo\/AF1QipPee8DEEwXJsav99z-TZ88a8wyhS88r1gRSPoQ?key=ZUVjWldNZm8tYjJBX0YzWVVSTV9rOW42TzJWVEFB\" target=\"_blank\" rel=\"noopener\"><img decoding=\"async\" src=\"https:\/\/lh3.googleusercontent.com\/pw\/AP1GczOKrtPgu43_2afLjw4MaU6VH9b_Hk8Rdj5LLB9YwqNQOOng6ehmzTQCbYRU_pP2722lVgbOf8l547sxnlrJGq9muocmmBVc3NsVn6tBA2OvMnLyg6fNiB_iIDKl676dDZnghF8Iq1r90TNMbbwWxuTE=w1840-h1380-s-no-gm?authuser=0\" width=\"1840\" height=\"1380\" alt=\"Bay Yutaka Sano ve e\u015fi Tomoko herkese \u015f\u00fckranlar\u0131n\u0131 sundular.\" class=\"size-full\" \/><\/a><figcaption class=\"wp-caption-text\">Bay Yutaka Sano ve e\u015fi Tomoko herkese \u015f\u00fckranlar\u0131n\u0131 sundular.<\/figcaption><\/figure>\n<h3>Tost: Birinci Taraftarlar Ba\u015fkan\u0131 Moriaki Tanaka<\/h3>\n<figure class=\"wp-caption aligncenter\"><a href=\"https:\/\/photos.google.com\/share\/AF1QipMQN5VFI8eX3F3OLqeVcAp7FS15x_skJLR-R_YYeIIMGj0hQB_B5rrVWWdleNxRdA\/photo\/AF1QipM7UbM-YyLIflT95EODdpRDlLpBDFCEwQOIz0Y?key=ZUVjWldNZm8tYjJBX0YzWVVSTV9rOW42TzJWVEFB\" target=\"_blank\" rel=\"noopener\"><img decoding=\"async\" src=\"https:\/\/lh3.googleusercontent.com\/pw\/AP1GczM5rKMuxdyVodoZk7VUJT5-rOffxxkzUXfRn7v9V3IaezPhfuwFOydGgFEd0HzO-xIb9XAtc2k-MbFH-yWYjjwI5vNze1f3xY1FfErTYesnBYFm-GmS3MtXP1OiqCd1GoCTQra5YYzr6AkcP9AbtsLP=w1840-h1380-s-no-gm?authuser=0\" width=\"1840\" height=\"1380\" alt=\"Destek grubunun ilk ba\u015fkan\u0131 Say\u0131n Seisuke Tanaka&#039;n\u0131n tostu\" class=\"size-full\" \/><\/a><figcaption class=\"wp-caption-text\">Destek grubunun ilk ba\u015fkan\u0131 Say\u0131n Seisuke Tanaka&#039;n\u0131n tostu<\/figcaption><\/figure>\n<p>&quot;Belediye Ba\u015fkan\u0131 Sano&#039;ya son 12 uzun y\u0131ldaki s\u0131k\u0131 \u00e7al\u0131\u015fmas\u0131 i\u00e7in te\u015fekk\u00fcr etmek istiyorum. Taraftarlar derne\u011fine ve onu destekleyen bir\u00e7ok kasaba halk\u0131na minnettarl\u0131\u011f\u0131m\u0131 ifade etmek istiyorum.<\/p>\n<p>Ayr\u0131ca son 12 y\u0131ld\u0131r bana yorulmadan destek olan ve beni desteklemek i\u00e7in en \u00e7ok \u00e7abalayan e\u015fim Tomoko&#039;ya da en i\u00e7ten \u015f\u00fckranlar\u0131m\u0131 sunmak istiyorum.<\/p>\n<p>Herkese te\u015fekk\u00fcrler, ho\u015f\u00e7a kal\u0131n! &quot;<\/p>\n<figure class=\"wp-caption aligncenter\"><a href=\"https:\/\/photos.google.com\/share\/AF1QipMQN5VFI8eX3F3OLqeVcAp7FS15x_skJLR-R_YYeIIMGj0hQB_B5rrVWWdleNxRdA\/photo\/AF1QipPp14HnTeHV-d11if6ePhvv5GCse_-y1QI0Y3Y?key=ZUVjWldNZm8tYjJBX0YzWVVSTV9rOW42TzJWVEFB\" target=\"_blank\" rel=\"noopener\"><img decoding=\"async\" src=\"https:\/\/lh3.googleusercontent.com\/pw\/AP1GczNdNkydfXUS8EopLQeBb-iadrSmUyqXT1Rh-vRPw5_d9HzHYfeonnjR9ujsfOVPFABgH4FXSQvZBanjnljDdkSebXxSow7xA9Zmzugzw0eZHTkzB7-sjTvhFzk25SU1GAmZkXI9Mkho_RMTLMbGtdpZ=w1840-h1380-s-no-gm?authuser=0\" width=\"1840\" height=\"1380\" alt=\"\u015ferefe!\" class=\"size-full\" \/><\/a><figcaption class=\"wp-caption-text\">\u015ferefe!<\/figcaption><\/figure>\n<h3>Sosyal toplant\u0131<\/h3>\n<p>Lezzetli yemeklerin tad\u0131n\u0131 \u00e7\u0131kard\u0131k, i\u00e7kilerimizi yudumlad\u0131k ve samimi bir ortamda canl\u0131 sohbetler ettik.<\/p>\n<figure class=\"wp-caption aligncenter\"><a href=\"https:\/\/photos.google.com\/share\/AF1QipMQN5VFI8eX3F3OLqeVcAp7FS15x_skJLR-R_YYeIIMGj0hQB_B5rrVWWdleNxRdA\/photo\/AF1QipPX3b6oZn3A9wMYbdhqhrUn1mb4coWTggF9II0?key=ZUVjWldNZm8tYjJBX0YzWVVSTV9rOW42TzJWVEFB\"><img decoding=\"async\" src=\"https:\/\/lh3.googleusercontent.com\/pw\/AP1GczPwlF0ty8Q2lQHCWX4up_I9HLD3xOIBsmHMf43aI7f-xAwjITaheek_fp0L0gz6KT0tAq7MfJqXVOKKpYVRZC5BcReCXiKHfSOq7GytK4l9G5WZ88WRJ7oySuaaL7Ch176JyGu2ZOGHgXfiY7OqvTTS=w1840-h1380-s-no-gm?authuser=0\" width=\"1840\" height=\"1380\" alt=\"\u00c7e\u015fitli sashimi\" class=\"size-full\" \/><\/a><figcaption class=\"wp-caption-text\">\u00c7e\u015fitli sashimi<\/figcaption><\/figure>\n<figure class=\"wp-caption aligncenter\"><a href=\"https:\/\/photos.google.com\/share\/AF1QipMQN5VFI8eX3F3OLqeVcAp7FS15x_skJLR-R_YYeIIMGj0hQB_B5rrVWWdleNxRdA\/photo\/AF1QipM32piWyhNNa3WU3ywGtxm0GETKkHXY18ruI3E?key=ZUVjWldNZm8tYjJBX0YzWVVSTV9rOW42TzJWVEFB\" target=\"_blank\" rel=\"noopener\"><img decoding=\"async\" src=\"https:\/\/lh3.googleusercontent.com\/pw\/AP1GczOtVp31YRrN3O2sLVv_86W4VPNM7UJvqzfdlGrVINK5GFNhJoqTm7-DBli2Ua6nFug9VpmllAaBwjQHJkug31G0UTz1fq6hjBF-DdVaORLuBp8gx-T5mVnNp7XnO3bzfowSGEbfVhwC2RpLYAXhb1xX=w1840-h1380-s-no-gm?authuser=0\" width=\"1840\" height=\"1380\" alt=\"\u00c7ira\u015fizu\u015fi\" class=\"size-full\" \/><\/a><figcaption class=\"wp-caption-text\">\u00c7ira\u015fizu\u015fi<\/figcaption><\/figure>\n<figure class=\"wp-caption aligncenter\"><a href=\"https:\/\/photos.google.com\/share\/AF1QipMQN5VFI8eX3F3OLqeVcAp7FS15x_skJLR-R_YYeIIMGj0hQB_B5rrVWWdleNxRdA\/photo\/AF1QipOE-wy-gJMR2tnTUcAydrrLmEZNJt9mqPbz1J0?key=ZUVjWldNZm8tYjJBX0YzWVVSTV9rOW42TzJWVEFB\" target=\"_blank\" rel=\"noopener\"><img decoding=\"async\" src=\"https:\/\/lh3.googleusercontent.com\/pw\/AP1GczOAS7cUw3FmKHKMbkPTRmdLLsrwharKFJiutAOCIQAdhRsuG_Jb2UWl4BghB1Hbkrcf10rD209ooRhB94XdJ8zjXAGum6wXcz4s3yuWa_f91tlubmWPILoX2dMxnowZEpZy5gSxLhfSe9vM8snb_5ct=w1840-h1380-s-no-gm?authuser=0\" width=\"1840\" height=\"1380\" alt=\"Et taba\u011f\u0131\" class=\"size-full\" \/><\/a><figcaption class=\"wp-caption-text\">Et taba\u011f\u0131<\/figcaption><\/figure>\n<figure class=\"wp-caption aligncenter\"><a href=\"https:\/\/photos.google.com\/share\/AF1QipMQN5VFI8eX3F3OLqeVcAp7FS15x_skJLR-R_YYeIIMGj0hQB_B5rrVWWdleNxRdA\/photo\/AF1QipMsSRlVVkf84DIE8QXDrNAyskflnOUsTZVaem8?key=ZUVjWldNZm8tYjJBX0YzWVVSTV9rOW42TzJWVEFB\" target=\"_blank\" rel=\"noopener\"><img decoding=\"async\" src=\"https:\/\/lh3.googleusercontent.com\/pw\/AP1GczPNiT3W2c_gDNDQqx0qW8MtTQBOqM8jrOl0J-I9I865OtitD9RqzaBuePZx3fHgOTw3e1-Zu1Nu9o5oBJ-99S3Uz1MrhkR7F64ai6CAhp6XBjiZf3VsSk_KQTp88AvlHGDTHJSAPYUsu31VRJxk3nZB=w1840-h1380-s-no-gm?authuser=0\" width=\"1840\" height=\"1380\" alt=\"Yenge\u00e7 ve past\u0131rma k\u0131zartmas\u0131\" class=\"size-full\" \/><\/a><figcaption class=\"wp-caption-text\">Yenge\u00e7 ve past\u0131rma k\u0131zartmas\u0131<\/figcaption><\/figure>\n<figure class=\"wp-caption aligncenter\"><a href=\"https:\/\/photos.google.com\/share\/AF1QipMQN5VFI8eX3F3OLqeVcAp7FS15x_skJLR-R_YYeIIMGj0hQB_B5rrVWWdleNxRdA\/photo\/AF1QipPv2nvmdlWDp785UhNcz6A2BEAKXJXDAl0Gz0I?key=ZUVjWldNZm8tYjJBX0YzWVVSTV9rOW42TzJWVEFB\" target=\"_blank\" rel=\"noopener\"><img decoding=\"async\" src=\"https:\/\/lh3.googleusercontent.com\/pw\/AP1GczOO91MwRMQOX8g4JVHC5bHrFYVPWK4hTjFviYbcuU4xm7MfZisqINHlLFJKg9s8Oax9np54PWu12-97KL1IcTSB0m2xzxiYRJoZzUZKY7Nr47vlXk7bBO1Xkh0L9jopuo2bQJU7Oo8uV-PP9l86S5vm=w1840-h1380-s-no-gm?authuser=0\" width=\"1840\" height=\"1380\" alt=\"Karides \u00c7ilisi\" class=\"size-full\" \/><\/a><figcaption class=\"wp-caption-text\">Karides \u00c7ilisi<\/figcaption><\/figure>\n<figure class=\"wp-caption aligncenter\"><a href=\"https:\/\/photos.google.com\/share\/AF1QipMQN5VFI8eX3F3OLqeVcAp7FS15x_skJLR-R_YYeIIMGj0hQB_B5rrVWWdleNxRdA\/photo\/AF1QipNOBFvLlQIBcGnfQxyduY8gJ8hZH7I1RE9B664?key=ZUVjWldNZm8tYjJBX0YzWVVSTV9rOW42TzJWVEFB\" target=\"_blank\" rel=\"noopener\"><img decoding=\"async\" src=\"https:\/\/lh3.googleusercontent.com\/pw\/AP1GczPP88vg6tpV9XZJC24ulxbKzme6JYv0BhIEjux11ldwrK7U7AzywnkgVH7081jRLFTdFcXFpg6_HgKqDvR4cetyw9B-NkHMRfjuaq4W0kr0zeIlHXyYS8j51nBljxSkCcWrWcY_Ffw7mIVlZc1V2ZLq=w1840-h1380-s-no-gm?authuser=0\" width=\"1840\" height=\"1380\" alt=\"Somon ve jambon salatas\u0131\" class=\"size-full\" \/><\/a><figcaption class=\"wp-caption-text\">Somon ve jambon salatas\u0131<\/figcaption><\/figure>\n<figure class=\"wp-caption aligncenter\"><a href=\"https:\/\/photos.google.com\/share\/AF1QipMQN5VFI8eX3F3OLqeVcAp7FS15x_skJLR-R_YYeIIMGj0hQB_B5rrVWWdleNxRdA\/photo\/AF1QipM8Qm_L9FcLqW4GB6zpZ3ymV6aQPvIs7AY76a0?key=ZUVjWldNZm8tYjJBX0YzWVVSTV9rOW42TzJWVEFB\" target=\"_blank\" rel=\"noopener\"><img decoding=\"async\" src=\"https:\/\/lh3.googleusercontent.com\/pw\/AP1GczMhi29irCaluPhkReywmMis34jJn6oFknhfxUSXBZ2S5yM9Xa985kYHG7zAYOzquTw_u5fmcFJy6ukHHg061jNPnpm251VhKw5n-vUkPOy_UPQubQe12oOXRDREVa_Xj0ap--3Iq_imISRtT3C3hm9j=w1840-h1380-s-no-gm?authuser=0\" width=\"1840\" height=\"1380\" alt=\"Tatl\u0131\" class=\"size-full\" \/><\/a><figcaption class=\"wp-caption-text\">Tatl\u0131<\/figcaption><\/figure>\n<h3>Kapan\u0131\u015f konu\u015fmas\u0131: Hokuryu Kasabas\u0131 Fahri Vatanda\u015f\u0131, Ryoji Kikura<\/h3>\n<figure class=\"wp-caption aligncenter\"><a href=\"https:\/\/photos.google.com\/share\/AF1QipMQN5VFI8eX3F3OLqeVcAp7FS15x_skJLR-R_YYeIIMGj0hQB_B5rrVWWdleNxRdA\/photo\/AF1QipO20hWozNnBS8Hv27n1JOYkto1MAbDWjqvGnSI?key=ZUVjWldNZm8tYjJBX0YzWVVSTV9rOW42TzJWVEFB\" target=\"_blank\" rel=\"noopener\"><img decoding=\"async\" src=\"https:\/\/lh3.googleusercontent.com\/pw\/AP1GczP1BV9KTmmH3rQ2ETCOe6MxQbluHWXGrI6JmYDnXlTYc46WN9k4BvNHY0LbvbxO1TvojdN-hjJOoZ9qL7CUPZ1KeB6aUxKN3bzzK9XRS0RXNBO_m69cJS_GMJWPs-1ZFY8WRkc18N3jYX3kLsm3F3eB=w1840-h1380-s-no-gm?authuser=0\" width=\"1840\" height=\"1380\" alt=\"Kapan\u0131\u015f konu\u015fmas\u0131: Hokuryu Kasabas\u0131 Fahri Vatanda\u015f\u0131, Ryoji Kikura\" class=\"size-full\" \/><\/a><figcaption class=\"wp-caption-text\">Kapan\u0131\u015f konu\u015fmas\u0131: Hokuryu Kasabas\u0131 Fahri Vatanda\u015f\u0131, Ryoji Kikura<\/figcaption><\/figure>\n<p>&quot;Bu etkinli\u011fe ev sahipli\u011fi yapan Bambu Orman\u0131 Destek Grubu ba\u015fkan\u0131na ve y\u00f6netim kurulu \u00fcyelerine en i\u00e7ten \u015f\u00fckranlar\u0131m\u0131 sunmak istiyorum. \u00c7ok te\u015fekk\u00fcr ederim.<\/p>\n<p>Ge\u00e7ti\u011fimiz ay\u0131n 22\u2019sinde Tokyo\u2019daki Makoto Co., Ltd. \u015firketini ziyaret ettim. 1993&#039;teki \u015fiddetli so\u011fuk hava ko\u015fullar\u0131ndan beri onlarla \u00e7al\u0131\u015f\u0131yoruz ve hi\u00e7bir katk\u0131 maddesi veya ani dondurma i\u00e7ermeyen bir \u00fcretim s\u00fcreci kullanan ve \u00fcr\u00fcnlerinin &#039;i Hokuryu Kasabas\u0131&#039;ndan gelen pirin\u00e7le yap\u0131lan en g\u00fcvenilir bento ve garnit\u00fcr \u015firketlerinden biri.<\/p>\n<p>Her g\u00f6r\u00fc\u015fmemizde ba\u015fkan\u0131m\u0131z Mineko Yamazaki bana, &quot;Say\u0131n Kikura, iyi bir belediye ba\u015fkan\u0131 se\u00e7mi\u015fsiniz.&quot; derdi.<\/p>\n<p>Bu sefer kendisini iyi hissetmedi\u011fi i\u00e7in g\u00f6r\u00fc\u015femedim. Ba\u015fkan Yamazaki bana \u015f\u00f6yle dedi: &#039;Say\u0131n Kikura, i\u015f yaparken her \u015fey yap\u0131mc\u0131larla tan\u0131\u015fmaya ve bana g\u00fcvenip g\u00fcvenemeyece\u011finize ba\u011fl\u0131d\u0131r.&#039;<\/p>\n<p>Belediye Ba\u015fkan\u0131 Sano Tokyo&#039;ya her seyahat etti\u011finde Makoto Co., Ltd.&#039;yi ziyaret ediyor. Ba\u015fkan Yamazaki, &quot;Bu kadar i\u00e7ten bir belediye ba\u015fkan\u0131 g\u00f6rmediniz&quot; ifadesini net bir \u015fekilde dile getirdi.<\/p>\n<p>Bir\u00e7ok ki\u015fi bana, &quot;Belediye ba\u015fkan\u0131 hakk\u0131nda ne d\u00fc\u015f\u00fcn\u00fcyorsun?&quot; diye soruyor. &#039;. Ben de &#039;G\u00fcvenebilece\u011finiz bir belediye ba\u015fkan\u0131d\u0131r&#039; diyorum.<\/p>\n<p>Ve hayatta olan en b\u00fcy\u00fck sayg\u0131 duydu\u011fum ki\u015fi Bay Tanaka Moriaki&#039;dir. Hayatta olmayan ama sayg\u0131 duydu\u011fum bir\u00e7ok insan var.<\/p>\n<p>\u30fbG\u00fcvenebilece\u011fim ki\u015fi eski Belediye Ba\u015fkan\u0131 Sano&#039;dur<br \/>\n\u30fbSayg\u0131 duydu\u011fum ki\u015fi Seisuke Tanaka&#039;d\u0131r<\/p>\n<p>Say\u0131n Sano&#039;nun kasaba halk\u0131n\u0131n ya\u015fam bi\u00e7imini, kan\u0131n\u0131, terini ve g\u00f6zya\u015flar\u0131n\u0131 bu kadar \u00e7ok insana aktarmak i\u00e7in bu kadar \u00e7aba sarf etmesi harika.<\/p>\n<p>Sano Bey, destek grubunun ba\u015fkan\u0131 Tanaka Bey ve destek grubunun ikinci ba\u015fkan\u0131 Takebayashi Bey&#039;in destekleri sayesinde g\u00f6n\u00fcl rahatl\u0131\u011f\u0131yla \u00e7al\u0131\u015fabildi.<\/p>\n<p>Kitary\u016b Kasabas\u0131&#039;n\u0131n \u00f6n\u00fcnde hala \u00e7ok say\u0131da engel var ve Sano&#039;nun bundan sonraki hayat\u0131nda biriktirdiklerini de\u011ferlendirebilece\u011fini umuyorum.<\/p>\n<p>Yo\u011funluktan dolay\u0131 g\u00f6r\u00fc\u015femedi\u011finiz kasaba halk\u0131yla, \u00e7ocuklarla, gen\u00e7lerle, yeti\u015fkinlerle, ya\u015fl\u0131larla bol bol sohbet etmenizi dilerim.<\/p>\n<p>Birlikte ya\u015famam\u0131z\u0131 istiyorum.<\/p>\n<p>Say\u0131n Sano unutulmaz bir belediye ba\u015fkan\u0131d\u0131r, tarihe ge\u00e7ecek bir belediye ba\u015fkan\u0131d\u0131r.<\/p>\n<p>Belediye Ba\u015fkan\u0131 Sano ile tan\u0131\u015ft\u0131\u011f\u0131m i\u00e7in ger\u00e7ekten mutluyum. Sano Bey&#039;i takip etmeye devam etmek ve Kitary\u016b&#039;da ya\u015faman\u0131n mutlulu\u011funu ya\u015famak istiyorum.<\/p>\n<p>\u00c7ok te\u015fekk\u00fcr ederim Bay Sano ve e\u015fi! &quot; Ryoji Kikura g\u00fc\u00e7l\u00fc bir \u015fekilde konu\u015ftu.<\/p>\n<h3>Ziyafetin el \u00e7\u0131rpma ritmi \u00fc\u00e7 el \u00e7\u0131rpmayla ba\u015fl\u0131yor! ! !<\/h3>\n<p>- &quot;Yoo, papa papa pan papa pan&quot; x 3<\/p>\n<figure class=\"wp-caption aligncenter\"><a href=\"https:\/\/photos.google.com\/share\/AF1QipMQN5VFI8eX3F3OLqeVcAp7FS15x_skJLR-R_YYeIIMGj0hQB_B5rrVWWdleNxRdA\/photo\/AF1QipM3iTNFCRQUCAejrnVBM1fl4GpL-ohJjQPB0qw?key=ZUVjWldNZm8tYjJBX0YzWVVSTV9rOW42TzJWVEFB\" target=\"_blank\" rel=\"noopener\"><img decoding=\"async\" src=\"https:\/\/lh3.googleusercontent.com\/pw\/AP1GczOkdP-vHP35DQ8pdsJDklMNeUXWaahiAi7jt6DuPYQAN9YUzXMgbUGW9v0iz8aubI7qarAyGt6broo1oKY9Pyyeg9TDNpEeSKWns-aQr432_4ajscFqLT1CmcCB8hmzs9gl8kyOb6FNoCggk2XlntUt=w1840-h1380-s-no-gm?authuser=0\" width=\"1840\" height=\"1380\" alt=\"\u00dc\u00e7 telli tezah\u00fcrat! ! !\" class=\"size-full\" \/><\/a><figcaption class=\"wp-caption-text\">\u00dc\u00e7 telli tezah\u00fcrat! ! !<\/figcaption><\/figure>\n<h3>Eski Belediye Ba\u015fkan\u0131 Sano ve e\u015fi ayr\u0131l\u0131yor<\/h3>\n<p>Bay ve Bayan Sano, kalabal\u0131\u011f\u0131n co\u015fkulu alk\u0131\u015flar\u0131 aras\u0131nda ellerinde \u00e7i\u00e7ek buketleriyle sahneden ayr\u0131ld\u0131lar.<\/p>\n<figure class=\"wp-caption aligncenter\"><a href=\"https:\/\/photos.google.com\/share\/AF1QipMQN5VFI8eX3F3OLqeVcAp7FS15x_skJLR-R_YYeIIMGj0hQB_B5rrVWWdleNxRdA\/photo\/AF1QipPdsaJZvl9L2WVu798WEZTgjdJRsKYv0-35Nww?key=ZUVjWldNZm8tYjJBX0YzWVVSTV9rOW42TzJWVEFB\" target=\"_blank\" rel=\"noopener\"><img decoding=\"async\" src=\"https:\/\/lh3.googleusercontent.com\/pw\/AP1GczO9I_fR7RD2uS7IjPwGV5Ixs9Y9hqfpGfVnfR1hn5UVMTDdVcJ_jeifUCEumSIMuClb-FIWYMfY_WeITA9KlCISgGde5N8WzKP5s89I-8vANJYhTlk1giwehcX3D5ddouPXYsKhtM0X0iEQXlrqYmOW=w1840-h1380-s-no-gm?authuser=0\" width=\"1840\" height=\"1380\" alt=\"Belediye Ba\u015fkan\u0131 Sano ve e\u015fi ayr\u0131l\u0131yor\" class=\"size-full\" \/><\/a><figcaption class=\"wp-caption-text\">Belediye Ba\u015fkan\u0131 Sano ve e\u015fi ayr\u0131l\u0131yor<\/figcaption><\/figure>\n<p>Kitary\u016b Kasabas\u0131nda 54 y\u0131l boyunca kamu hizmetine hayat\u0131n\u0131 adam\u0131\u015f, 34 y\u0131l belediye \u00e7al\u0131\u015fan\u0131, iki d\u00f6nem sekiz y\u0131ll\u0131k ba\u015fkan yard\u0131mc\u0131s\u0131 ve \u00fc\u00e7 d\u00f6nem 12 y\u0131ll\u0131k belediye ba\u015fkan\u0131 olarak g\u00f6rev yapm\u0131\u015f olan eski Belediye Ba\u015fkan\u0131 Sano Yutaka&#039;ya uzun ve \u00e7al\u0131\u015fkan \u00e7abalar\u0131ndan dolay\u0131 s\u0131n\u0131rs\u0131z sevgi, \u015f\u00fckran ve dualar\u0131m\u0131z\u0131 sunmak istiyoruz. . .<\/p>\n<p>\u00e7ok te\u015fekk\u00fcr ederim! ! !<\/p>\n<figure class=\"wp-caption aligncenter\"><a href=\"https:\/\/photos.google.com\/share\/AF1QipMQN5VFI8eX3F3OLqeVcAp7FS15x_skJLR-R_YYeIIMGj0hQB_B5rrVWWdleNxRdA\/photo\/AF1QipOklX74Yyk2TSIXGidRC4UXQAqXYVd6Gz7lNsw?key=ZUVjWldNZm8tYjJBX0YzWVVSTV9rOW42TzJWVEFB\" target=\"_blank\" rel=\"noopener\"><img decoding=\"async\" src=\"https:\/\/lh3.googleusercontent.com\/pw\/AP1GczP9qZnGVE0uzESeZbSHmO66bS7moJjB630_si9TQobfoRkh6GR66xRnmCKdvlW--lwWxIpCcZ-YgeMDKagRT8wlT93XoV1jII4la-H-cp8znJ_127r__dk95Un4eWKFqn9VjwL0ammoxHK5GhCM2Omi=w1840-h1380-s-no-gm?authuser=0\" width=\"1840\" height=\"1380\" alt=\"Bay ve Bayan Sano&#039;nun bug\u00fcne kadar g\u00f6sterdikleri \u00e7abalar i\u00e7in sonsuz sevgi, \u015f\u00fckran ve dualar\u0131m\u0131zla. . . \u00e7ok te\u015fekk\u00fcr ederim!\" class=\"size-full\" \/><\/a><figcaption class=\"wp-caption-text\">Bay ve Bayan Sano&#039;nun bug\u00fcne kadar g\u00f6sterdikleri \u00e7abalar i\u00e7in sonsuz sevgi, \u015f\u00fckran ve dualar\u0131m\u0131zla. . .<br \/>\n\u00e7ok te\u015fekk\u00fcr ederim!<\/figcaption><\/figure>\n<h2>Youtube videolar\u0131<\/h2>\n<div class=\"youtube\"><iframe title=\"Son 12 y\u0131ld\u0131r g\u00f6sterdi\u011fi \u00e7abalardan dolay\u0131 eski Belediye Ba\u015fkan\u0131 Yutaka Sano&#039;ya te\u015fekk\u00fcr etmek istiyoruz!\" src=\"https:\/\/www.youtube.com\/embed\/jBElgjDva5g?feature=oembed\" frameborder=\"0\" allow=\"accelerometer; autoplay; clipboard-write; encrypted-media; gyroscope; picture-in-picture; web-share\" referrerpolicy=\"strict-origin-when-cross-origin\" allowfullscreen><\/iframe><\/div>\n<h2>Di\u011fer foto\u011fraflar<\/h2>\n<div class=\"img-move\"><img decoding=\"async\" style=\"vertical-align: middle;\" src=\"https:\/\/ehokkaido.net\/wp-content\/uploads\/2021\/12\/2021-12-06-11.41.12.png\" \/> <a href=\"https:\/\/photos.app.goo.gl\/X5uRBdnHLQYTjsH89\" target=\"_blank\" rel=\"noopener noreferrer\">&quot;Eski Belediye Ba\u015fkan\u0131 Sano Yutaka&#039;ya emeklilikteki s\u0131k\u0131 \u00e7al\u0131\u015fmalar\u0131ndan dolay\u0131 te\u015fekk\u00fcr eden Derne\u011fe&quot; \u015f\u00fckranlar\u0131m\u0131zla! Foto\u011fraflar i\u00e7in t\u0131klay\u0131n\u0131z (45 foto\u011fraf) &gt;&gt;<\/a><\/div>\n<h2>\u0130lgili makaleler<\/h2>\n\n        <div class=\"site-blogcard-premium\">\n            <div class=\"bc-label-custom\">\u0130lgili makaleler<\/div>\n            <div class=\"bc-flex-container\">\n                <div class=\"bc-main-text\">\n                    <div class=\"bc-title-link-box\">\n                        <a href=\"https:\/\/portal.hokuryu.info\/tr\/kategori\/digerleri\/sano-yutaka-eski-belediye-baskani\/\" target=\"_blank\">Hokuryu Kasabas\u0131 eski Belediye Ba\u015fkan\u0131 Yutaka Sano&#039;nun faaliyet raporu (kategori)<\/a>\n                    <\/div>\n                    <div class=\"bc-excerpt-box\">Hokuryu Belediye Ba\u015fkan\u0131 Yutaka Sano&#039;nun faaliyet raporlar\u0131n\u0131n Facebook sayfas\u0131 kar\u015f\u0131n\u0131zda.\n<\/div>\n                <\/div>\n                <div class=\"bc-thumbnail-box\">\n                    <a href=\"https:\/\/portal.hokuryu.info\/tr\/kategori\/digerleri\/sano-yutaka-eski-belediye-baskani\/\" target=\"_blank\">\n                        <div class=\"bc-img-zoom-wrap\">\n                            <img decoding=\"async\" src=\"https:\/\/portal.hokuryu.info\/wp\/wp-content\/uploads\/2026\/02\/20230802DSC06445_1.jpg\" alt=\"Hokuryu Kasabas\u0131 eski Belediye Ba\u015fkan\u0131 Yutaka Sano&#039;nun faaliyet raporu (kategori)\">\n                        <\/div>\n                    <\/a>\n                <\/div>\n            <\/div>\n        <\/div>\n\u3000<br \/>\n\n        <div class=\"site-blogcard-premium\">\n            <div class=\"bc-label-custom\">\u0130lgili makaleler<\/div>\n            <div class=\"bc-flex-container\">\n                <div class=\"bc-main-text\">\n                    <div class=\"bc-title-link-box\">\n                        <a href=\"https:\/\/portal.hokuryu.info\/tr\/31020\/\" target=\"_blank\">https:\/\/portal.hokuryu.info\/31020<\/a>\n                    <\/div>\n                    <div class=\"bc-excerpt-box\">Sayfa bilgileri al\u0131namad\u0131.<\/div>\n                <\/div>\n                <div class=\"bc-thumbnail-box\">\n                    <a href=\"https:\/\/portal.hokuryu.info\/tr\/31020\/\" target=\"_blank\">\n                        <div class=\"bc-img-zoom-wrap\">\n                            <img decoding=\"async\" src=\"https:\/\/portal.hokuryu.info\/wp\/wp-content\/uploads\/2026\/02\/20230802DSC06445_1.jpg\" alt=\"https:\/\/portal.hokuryu.info\/31020\">\n                        <\/div>\n                    <\/a>\n                <\/div>\n            <\/div>\n        <\/div>\n\n        <div class=\"site-blogcard-premium\">\n            <div class=\"bc-label-custom\">\u0130lgili makaleler<\/div>\n            <div class=\"bc-flex-container\">\n                <div class=\"bc-main-text\">\n                    <div class=\"bc-title-link-box\">\n                        <a href=\"https:\/\/portal.hokuryu.info\/tr\/5212\/\" target=\"_blank\">https:\/\/portal.hokuryu.info\/5212<\/a>\n                    <\/div>\n                    <div class=\"bc-excerpt-box\">Sayfa bilgileri al\u0131namad\u0131.<\/div>\n                <\/div>\n                <div class=\"bc-thumbnail-box\">\n                    <a href=\"https:\/\/portal.hokuryu.info\/tr\/5212\/\" target=\"_blank\">\n                        <div class=\"bc-img-zoom-wrap\">\n                            <img decoding=\"async\" src=\"https:\/\/portal.hokuryu.info\/wp\/wp-content\/uploads\/2026\/02\/20230802DSC06445_1.jpg\" alt=\"https:\/\/portal.hokuryu.info\/5212\">\n                        <\/div>\n                    <\/a>\n                <\/div>\n            <\/div>\n        <\/div>\n\n        <div class=\"site-blogcard-premium\">\n            <div class=\"bc-label-custom\">\u0130lgili makaleler<\/div>\n            <div class=\"bc-flex-container\">\n                <div class=\"bc-main-text\">\n                    <div class=\"bc-title-link-box\">\n                        <a href=\"https:\/\/portal.hokuryu.info\/tr\/shiningpeople\/people2\/20171023.html\/\" target=\"_blank\">Morisuke Tanaka [001] - Hokuryu Kasabas\u0131 Portal\u0131 (Hokkaido) - Japonya&#039;n\u0131n 1 numaral\u0131 ay\u00e7i\u00e7e\u011fi k\u00f6y\u00fc<\/a>\n                    <\/div>\n                    <div class=\"bc-excerpt-box\">Ocak 1937 do\u011fumlu (80 ya\u015f\u0131nda) \u25b6 Daha \u00f6nce Hokuryu Kasabas\u0131 Gen\u00e7lik Derne\u011fi ba\u015fkanl\u0131\u011f\u0131 ve Kita-Sorachi Gen\u00e7lik Derne\u011fi ba\u015fkanl\u0131\u011f\u0131 ile # ba\u015fkanl\u0131\u011f\u0131 g\u00f6revlerinde bulundu...<\/div>\n                <\/div>\n                <div class=\"bc-thumbnail-box\">\n                    <a href=\"https:\/\/portal.hokuryu.info\/tr\/shiningpeople\/people2\/20171023.html\/\" target=\"_blank\">\n                        <div class=\"bc-img-zoom-wrap\">\n                            <img decoding=\"async\" src=\"https:\/\/lh3.googleusercontent.com\/homKCHnq2X0z3Z0rSQ3UKNA3V-YqXzHOJhY-DlI-xUNgKBQ9eUU8vBlQD3yxznuIBcr-6UOyQ2ihuqoh8ygI9rnazL06D3bmEbfbYXgGlgXoEKxVPp1lPRRY9-VLQxOOKJqNwKpYp_bGXjSymlpPRPzKC3QMu631GItW8FafuB2dqVN4l2xN_oZvQCIRJj3uDqV9yhrOo8CjYAZNn4o6eVRKSJt9qAfeSHaKr4N5Y83SS10lWTpKLKC69cljEPKyTGX2L8jfyxSjoLwLQKjt1VxsFm4g9lpc-CSkUjUfbPwjMteUdUIwk5bXOeJZy_08mMGyTb-VHRmGVRc0_Gw9K-9krC5_3fjlra1FYYnd7nkC9vRDSaHzfYA-bWCoxiDq-UWqZ-Cxs051AS4tpb0GAr8-KVmzAQT2TzqEOYJoj-Jh80efeOHibird6Ffck_SA3R1cER7KT5vBHWUuK57P1jvfLOBbQCwwONT0HscKPivTo-zT7UszFykzk168iCBf3lfwrO1dXYowomZcavMaTjZiD1NkdpPTFHFUWfG466LqjXx-syJk8EViWdp8Eqba7k2ZaS80qpxHVOAAThSTUOfEMDgydl356nCzutpfHuCYVhHUmMHQLm6QcJuizyWwIWfcpjEZMgBpz9icyZlTg0W2zTq66FoMoFw=w1441-h960-no\" alt=\"Morisuke Tanaka [001] - Hokuryu Kasabas\u0131 Portal\u0131 (Hokkaido) - Japonya&#039;n\u0131n 1 numaral\u0131 ay\u00e7i\u00e7e\u011fi k\u00f6y\u00fc\">\n                        <\/div>\n                    <\/a>\n                <\/div>\n            <\/div>\n        <\/div>\n\n        <div class=\"site-blogcard-premium\">\n            <div class=\"bc-label-custom\">\u0130lgili makaleler<\/div>\n            <div class=\"bc-flex-container\">\n                <div class=\"bc-main-text\">\n                    <div class=\"bc-title-link-box\">\n                        <a href=\"https:\/\/ehokkaido.net\/archives\/15784\" target=\"_blank\">https:\/\/ehokkaido.net\/archives\/15784<\/a>\n                    <\/div>\n                    <div class=\"bc-excerpt-box\">Sayfa bilgileri al\u0131namad\u0131.<\/div>\n                <\/div>\n                <div class=\"bc-thumbnail-box\">\n                    <a href=\"https:\/\/ehokkaido.net\/archives\/15784\" target=\"_blank\">\n                        <div class=\"bc-img-zoom-wrap\">\n                            <img decoding=\"async\" src=\"https:\/\/portal.hokuryu.info\/wp\/wp-content\/uploads\/2026\/02\/20230802DSC06445_1.jpg\" alt=\"https:\/\/ehokkaido.net\/archives\/15784\">\n                        <\/div>\n                    <\/a>\n                <\/div>\n            <\/div>\n        <\/div>\n\n        <div class=\"site-blogcard-premium\">\n            <div class=\"bc-label-custom\">\u0130lgili makaleler<\/div>\n            <div class=\"bc-flex-container\">\n                <div class=\"bc-main-text\">\n                    <div class=\"bc-title-link-box\">\n                        <a href=\"https:\/\/portal.hokuryu.info\/tr\/topics\/agri\/20141106.html\/\" target=\"_blank\">&quot;Yemek hayatt\u0131r&quot;, Makoto Co., Ltd. (Tokyo) firmas\u0131n\u0131n \u00f6\u011fle yeme\u011fi kutusu ve garnit\u00fcr \u015firketiyle birlikte teslim edilir ve Hokuryu Kasabas\u0131&#039;ndan &quot;Ay\u00e7i\u00e7ekli Pilav&quot; ile birlikte teslim edilir - Hokuryu Kasabas\u0131 Portal\u0131 (Hokkaido) - Japonya&#039;n\u0131n 1 numaral\u0131 ay\u00e7i\u00e7e\u011fi k\u00f6y\u00fc<\/a>\n                    <\/div>\n                    <div class=\"bc-excerpt-box\">2.100 n\u00fcfuslu ve 401.300 ki\u015filik ya\u015flanma oran\u0131na sahip, canl\u0131 bir kasaban\u0131n &quot;bug\u00fcnk\u00fc&quot; halini sizlere sunuyoruz. Ay\u00e7i\u00e7ekleri gibi, aileler uyum i\u00e7inde ya\u015f\u0131yor...<\/div>\n                <\/div>\n                <div class=\"bc-thumbnail-box\">\n                    <a href=\"https:\/\/portal.hokuryu.info\/tr\/topics\/agri\/20141106.html\/\" target=\"_blank\">\n                        <div class=\"bc-img-zoom-wrap\">\n                            <img decoding=\"async\" src=\"https:\/\/lh6.googleusercontent.com\/W9xlhzll-1znhzumii5rDMeMzFY7mbhiD1Ku71TrgJE=w1306-h865-no\" alt=\"&quot;Yemek hayatt\u0131r&quot;, Makoto Co., Ltd. (Tokyo) firmas\u0131n\u0131n \u00f6\u011fle yeme\u011fi kutusu ve garnit\u00fcr \u015firketiyle birlikte teslim edilir ve Hokuryu Kasabas\u0131&#039;ndan &quot;Ay\u00e7i\u00e7ekli Pilav&quot; ile birlikte teslim edilir - Hokuryu Kasabas\u0131 Portal\u0131 (Hokkaido) - Japonya&#039;n\u0131n 1 numaral\u0131 ay\u00e7i\u00e7e\u011fi k\u00f6y\u00fc\">\n                        <\/div>\n                    <\/a>\n                <\/div>\n            <\/div>\n        <\/div>\n<p>\u25c7 R\u00f6portaj ve metin: Ikuko Terauchi (foto\u011fraf\u00e7\u0131l\u0131k ve d\u00fczenleme asistan\u0131: Noboru Terauchi)<\/p>","protected":false},"excerpt":{"rendered":"<p>\uff12\uff10\uff12\uff14\u5e74\uff14\u6708\uff18\u65e5\uff08\u6708\uff09 \uff14\u6708\uff16\u65e5\uff08\u571f\uff09\uff11\uff18\uff1a\uff10\uff10\u301c\u3001\u30b5\u30f3\u30d5\u30e9\u30ef\u30fc\u30d1\u30fc\u30af\u5317\u7adc\u6e29\u6cc9\u306b\u3066\u3001\u300c\u4f50\u91ce\u8c4a \u524d\u753a\u9577 \u9000\u4efb\u3054\u82e6\u52b4\u3055\u3093\u306e\u4f1a\u300d\u304c\u958b\u50ac\u3055\u308c\u307e\u3057\u305f\u3002 \u4f50\u91ce\u8c4a \u524d\u753a\u9577 \u9000\u4efb\u3054\u82e6\u52b4\u3055\u3093\u306e\u4f1a \u5f8c\u63f4\u4f1a\u306e\u65b9\u3005\u3092\u306f\u3058\u3081 [&hellip;]<\/p>\n","protected":false},"author":1,"featured_media":43522,"comment_status":"open","ping_status":"open","sticky":false,"template":"","format":"standard","meta":{"footnotes":""},"categories":[4,5],"tags":[],"class_list":["post-43516","post","type-post","status-publish","format-standard","has-post-thumbnail","hentry","category-cover-story","category-sano-yutaka-formermayor"],"_links":{"self":[{"href":"https:\/\/portal.hokuryu.info\/tr\/wp-json\/wp\/v2\/posts\/43516","targetHints":{"allow":["GET"]}}],"collection":[{"href":"https:\/\/portal.hokuryu.info\/tr\/wp-json\/wp\/v2\/posts"}],"about":[{"href":"https:\/\/portal.hokuryu.info\/tr\/wp-json\/wp\/v2\/types\/post"}],"author":[{"embeddable":true,"href":"https:\/\/portal.hokuryu.info\/tr\/wp-json\/wp\/v2\/users\/1"}],"replies":[{"embeddable":true,"href":"https:\/\/portal.hokuryu.info\/tr\/wp-json\/wp\/v2\/comments?post=43516"}],"version-history":[{"count":0,"href":"https:\/\/portal.hokuryu.info\/tr\/wp-json\/wp\/v2\/posts\/43516\/revisions"}],"wp:featuredmedia":[{"embeddable":true,"href":"https:\/\/portal.hokuryu.info\/tr\/wp-json\/wp\/v2\/media\/43522"}],"wp:attachment":[{"href":"https:\/\/portal.hokuryu.info\/tr\/wp-json\/wp\/v2\/media?parent=43516"}],"wp:term":[{"taxonomy":"category","embeddable":true,"href":"https:\/\/portal.hokuryu.info\/tr\/wp-json\/wp\/v2\/categories?post=43516"},{"taxonomy":"post_tag","embeddable":true,"href":"https:\/\/portal.hokuryu.info\/tr\/wp-json\/wp\/v2\/tags?post=43516"}],"curies":[{"name":"wp","href":"https:\/\/api.w.org\/{rel}","templated":true}]}}