{"id":43297,"date":"2024-04-02T09:36:49","date_gmt":"2024-04-02T00:36:49","guid":{"rendered":"https:\/\/portal.hokuryu.info\/?p=43297"},"modified":"2025-02-24T15:25:40","modified_gmt":"2025-02-24T06:25:40","slug":"belediye-baskani-yasuhiro-sasaki-kitaryu-kasabasinin-turistik-yerlerini-kesfetmeye-basliyor","status":"publish","type":"post","link":"https:\/\/portal.hokuryu.info\/tr\/43297\/","title":{"rendered":"Belediye Ba\u015fkan\u0131 Yasuhiro Sasaki, Kitary\u016b kasabas\u0131n\u0131n turistik yerlerini ke\u015ffetmeye ba\u015fl\u0131yor! [Nisan 2024]"},"content":{"rendered":"<p>Sal\u0131, 2 Nisan 2024<\/p>\n<p>1 Nisan 2024, yeni 2024 mali y\u0131l\u0131n\u0131n ba\u015flang\u0131c\u0131.<br \/>\nBelediye Ba\u015fkan\u0131 Sasaki Yasuhiro, Kitary\u016b kasabas\u0131n\u0131 denetledi.<\/p>\n<p>Belediye Ba\u015fkan\u0131 Sasaki&#039;nin bir bu\u00e7uk saatlik \u015fehir turu, eriyen kar sular\u0131n\u0131n kasaban\u0131n tarlalar\u0131n\u0131 sulad\u0131\u011f\u0131 de\u011ferli Edaibetsu Baraj\u0131&#039;n\u0131 ziyaret etmeyi, Mitani b\u00f6lgesini ge\u00e7ip Mashike Kasabas\u0131 s\u0131n\u0131r\u0131na ula\u015fmay\u0131, burada g\u00f6rkemli Edai Da\u011f\u0131&#039;n\u0131, kar eritici maddelerin p\u00fcsk\u00fcrt\u00fcld\u00fc\u011f\u00fc \u00e7iftlik tarlalar\u0131n\u0131 g\u00f6rmeyi ve fide seralar\u0131 kurmak i\u00e7in \u00e7al\u0131\u015fan \u00e7ift\u00e7ilerle etkile\u015fimde bulunmay\u0131 i\u00e7eriyordu.<\/p>\n<p>&quot;Buraya kadar geldi\u011finiz i\u00e7in \u00e7ok mutluyum! L\u00fctfen tekrar gelin!&quot;<br \/>\nKasaba halk\u0131 Belediye Ba\u015fkan\u0131 Sasaki ile canl\u0131 bir sohbete girerken mutlu g\u00fcl\u00fcmsemelerle &quot;Harika bir an&quot; dediler! ! !<\/p>\n<p>Bahar\u0131n gelmesiyle birlikte do\u011fan\u0131n i\u00e7inden hayat f\u0131\u015fk\u0131r\u0131rken, \u00e7ift\u00e7ilerin \u00e7al\u0131\u015fmalar\u0131 da h\u0131zlan\u0131yor. . .<\/p>\n<p>Yeni mali y\u0131l, kasaba halk\u0131 ve Belediye Ba\u015fkan\u0131 Sasaki aras\u0131nda Hokuryu Kasabas\u0131&#039;n\u0131n muhte\u015fem do\u011fal g\u00fczelliklerini deneyimleyerek bir fikir al\u0131\u015fveri\u015fiyle ba\u015flayacak!<\/p>\n<p>Belediye Ba\u015fkan\u0131 Sasaki&#039;nin bundan sonra ayda bir kez kasabay\u0131 denetlemesi planlan\u0131yor. Belediye Ba\u015fkan\u0131 Sasaki&#039;nin bir sonraki ziyaretini bekleyin! ! !<\/p>\n<h2>Etaibe Baraj\u0131: Kasaban\u0131n tarlalar\u0131n\u0131 sulayan kutsal Etaibe Baraj\u0131&#039;n\u0131n bir g\u00f6r\u00fcn\u00fcm\u00fc<\/h2>\n<p>\ufffc<br \/>\n<figure class=\"wp-caption aligncenter\"><a href=\"https:\/\/photos.google.com\/share\/AF1QipNwegwhsDy5CxsAIecfIKwFXFkuCvfApSgA4shk4Hg14xxbXCKWh1BU3gKVQWpX3g\/photo\/AF1QipPmtCddc-XxWca_shVpxvgjHDgc9ITzXqfQZXY?key=SzhVQnI3Qzc1N0QxNHJucm1HaHpLTFRUdFNuNHJR\" target=\"_blank\" rel=\"noopener\"><img decoding=\"async\" src=\"https:\/\/lh3.googleusercontent.com\/pw\/AP1GczNl6sOfziKaThYQggJ2cYcmfrZpMMOokGnscH6SZveA934GoLttO_585tlELUvzTq6hQxIFx6ozAwjs-PCJkUtobybOzQCE2M3U9X82R5Kh2lV5USM5f7YoIeiBnlvytjSmI94-u_YfoMjnJx_9XdRs=w2000-h1333-s-no-gm?authuser=0\" width=\"2000\" height=\"1333\" alt=\"Etaibetsu Baraj\u0131\" class=\"size-full\" \/><\/a><figcaption class=\"wp-caption-text\">Etaibetsu Baraj\u0131<\/figcaption><\/figure>\n<figure class=\"wp-caption aligncenter\"><a href=\"https:\/\/photos.google.com\/share\/AF1QipNwegwhsDy5CxsAIecfIKwFXFkuCvfApSgA4shk4Hg14xxbXCKWh1BU3gKVQWpX3g\/photo\/AF1QipOiberOEHBK2OciEYXfFLFN9v8ZVxSJEIba-_8?key=SzhVQnI3Qzc1N0QxNHJucm1HaHpLTFRUdFNuNHJR\" target=\"_blank\" rel=\"noopener\"><img decoding=\"async\" src=\"https:\/\/lh3.googleusercontent.com\/pw\/AP1GczMuKWqR6hr94YHTckJVSXKoOlwjKh1EeJUVLwoU1g0-fZMM7rLAMStrHExNuIfQELDqd9mP2VuZcgw1GL2dBtByb6Z6ssbKidQcTUv3A-lXhm6sLamm_LYHV-ZBNSjOPRCGhp5eg_4CZs0lc32L8B_j=w2000-h1333-s-no-gm?authuser=0\" width=\"2000\" height=\"1333\" alt=\"Belediye Ba\u015fkan\u0131 Sasaki baraja derin duygularla bak\u0131yor\" class=\"size-full\" \/><\/a><figcaption class=\"wp-caption-text\">Belediye Ba\u015fkan\u0131 Sasaki baraja derin duygularla bak\u0131yor<\/figcaption><\/figure>\n<h2>Mashike Kasabas\u0131 ile s\u0131n\u0131r b\u00f6lgesi<\/h2>\n<p>Karla kapl\u0131 Edai Da\u011f\u0131 y\u00fcksek ve g\u00f6rkemli bir \u015fekilde duruyor<\/p>\n<figure class=\"wp-caption aligncenter\"><a href=\"https:\/\/photos.google.com\/share\/AF1QipNwegwhsDy5CxsAIecfIKwFXFkuCvfApSgA4shk4Hg14xxbXCKWh1BU3gKVQWpX3g\/photo\/AF1QipM8-DgXnkdwu0dI4ZPN2UrIi7lqOOB-9engAu4?key=SzhVQnI3Qzc1N0QxNHJucm1HaHpLTFRUdFNuNHJR\" target=\"_blank\" rel=\"noopener\"><img decoding=\"async\" src=\"https:\/\/lh3.googleusercontent.com\/pw\/AP1GczPkhCQVkdXYLuTH1W9rxWAjt6EtNsByiiDo_0NENDLGMdKCPL-4y8ISQujRhbas7zseurCtvIEIdCGoXc0AcAoPT4gIOA2fDpjHxmximDy3y8X0BKTVNT8kwXisLwib0q8uhdU4HxhWNbQdSvSYU_KJ=w2000-h1333-s-no-gm?authuser=0\" width=\"2000\" height=\"1333\" alt=\"Karla kapl\u0131 Edai Da\u011f\u0131 y\u00fcksek ve g\u00f6rkemli bir \u015fekilde duruyor\" class=\"size-full\" \/><\/a><figcaption class=\"wp-caption-text\">Karla kapl\u0131 Edai Da\u011f\u0131 y\u00fcksek ve g\u00f6rkemli bir \u015fekilde duruyor<\/figcaption><\/figure>\n<h2>Kar eritici maddelerin p\u00fcsk\u00fcrt\u00fcld\u00fc\u011f\u00fc bir alan<\/h2>\n<p>Kentin her yerinde kar eritici madde desenli tarlalar g\u00f6r\u00fcl\u00fcyor.<\/p>\n<figure class=\"wp-caption aligncenter\"><a href=\"https:\/\/photos.google.com\/share\/AF1QipNwegwhsDy5CxsAIecfIKwFXFkuCvfApSgA4shk4Hg14xxbXCKWh1BU3gKVQWpX3g\/photo\/AF1QipMUrNdepdKUgOap1jlg9Y4gpLAijazhPVoM0V4?key=SzhVQnI3Qzc1N0QxNHJucm1HaHpLTFRUdFNuNHJR\" target=\"_blank\" rel=\"noopener\"><img decoding=\"async\" src=\"https:\/\/lh3.googleusercontent.com\/pw\/AP1GczMlUDcgNAElIfVyyHZNrOs0pjloqc43cM_TbjOIdD0XVQxyqj0WMY1Jh75pIUN1X3KJ28w2zlOx6uGd2wcSAmtRP9t2h78Ie4tJkacnVLZlh2UMWH_OUncHI07srbnSNziENOlN5sx14XsAMqckeoTw=w2000-h1333-s-no-gm?authuser=0\" width=\"2000\" height=\"1333\" alt=\"Tarlalarda kar eritme maddesi desenleri\" class=\"size-full\" \/><\/a><figcaption class=\"wp-caption-text\">Tarlalarda kar eritme maddesi desenleri<\/figcaption><\/figure>\n<figure class=\"wp-caption aligncenter\"><a href=\"https:\/\/photos.google.com\/share\/AF1QipNwegwhsDy5CxsAIecfIKwFXFkuCvfApSgA4shk4Hg14xxbXCKWh1BU3gKVQWpX3g\/photo\/AF1QipPTpWoBccabsclZyV2TkAzfSLCRwPX6VNEEZyI?key=SzhVQnI3Qzc1N0QxNHJucm1HaHpLTFRUdFNuNHJR\" target=\"_blank\" rel=\"noopener\"><img decoding=\"async\" src=\"https:\/\/lh3.googleusercontent.com\/pw\/AP1GczPwej8gd7iZVs1BjLV7YV6XjB-5hdh0VA4gJ_LCLys7tOAHZ8ux4nXzm39W92dNFHEV04QelbOj7qQmbNxLO2H0ZnwAqWnpyReqHP1NlY0CdEqDAGqBlXUiRbMVytRRoiua3QpPHfPB-X1UKW6XUN8H=w2000-h1333-s-no-gm?authuser=0\" width=\"2000\" height=\"1333\" alt=\"\u0130lkbahar g\u00fcne\u015finin tad\u0131n\u0131 \u00e7\u0131kar\u0131yor ve hayat\u0131n tomurcukland\u0131\u011f\u0131n\u0131 hissediyoruz. . .\" class=\"size-full\" \/><\/a><figcaption class=\"wp-caption-text\">\u0130lkbahar g\u00fcne\u015finin tad\u0131n\u0131 \u00e7\u0131kar\u0131yor ve hayat\u0131n tomurcukland\u0131\u011f\u0131n\u0131 hissediyoruz. . .<\/figcaption><\/figure>\n<h2>Kar temizleme \u00e7al\u0131\u015fmalar\u0131 s\u0131ras\u0131nda kasaba halk\u0131yla sohbet<\/h2>\n<figure class=\"wp-caption aligncenter\"><a href=\"https:\/\/photos.google.com\/share\/AF1QipNwegwhsDy5CxsAIecfIKwFXFkuCvfApSgA4shk4Hg14xxbXCKWh1BU3gKVQWpX3g\/photo\/AF1QipOXGzwGUqDAZgsm0FnLc38Loce2CQa2oEFWCzc?key=SzhVQnI3Qzc1N0QxNHJucm1HaHpLTFRUdFNuNHJR\" target=\"_blank\" rel=\"noopener\"><img decoding=\"async\" src=\"https:\/\/lh3.googleusercontent.com\/pw\/AP1GczOmsZcMQFCJl-sOkTHj7pfUYLQel37DLCviVEkDY-Lt_c5y5cw0xpPY6Q-HlC8-2wY8WApxGJQKuII_0wWKDnIzyHDQ4-mQZEu3E9p6-fS6nhUyzSFxfkkZvkBrkPJu6Lmuf5B6GAOfLb7d-W42VBlN=w2000-h1333-s-no-gm?authuser=0\" width=\"2000\" height=\"1333\" alt=\"Kar temizleme \u00e7al\u0131\u015fmalar\u0131 s\u0131ras\u0131nda kasaba halk\u0131yla etkile\u015fim\" class=\"size-full\" \/><\/a><figcaption class=\"wp-caption-text\">Kar temizleme \u00e7al\u0131\u015fmalar\u0131 s\u0131ras\u0131nda kasaba halk\u0131yla etkile\u015fim<\/figcaption><\/figure>\n<figure class=\"wp-caption aligncenter\"><a href=\"https:\/\/photos.google.com\/share\/AF1QipNwegwhsDy5CxsAIecfIKwFXFkuCvfApSgA4shk4Hg14xxbXCKWh1BU3gKVQWpX3g\/photo\/AF1QipMz3roL0vpFeAvWtS7AzILkVG6Fdv1C2gwsGiE?key=SzhVQnI3Qzc1N0QxNHJucm1HaHpLTFRUdFNuNHJR\" target=\"_blank\" rel=\"noopener\"><img decoding=\"async\" src=\"https:\/\/lh3.googleusercontent.com\/pw\/AP1GczNS6ZsKkXS4u9kq-eaVKlxfpY7Yu5Say8LKsjdDhKVMz8H04ceH6xcLcXbnDMyP0GTmQ1962ZLm6iikRPYSP-BcohSvumm2CW2zKi0xnIMTbiRcr6Eb5XLV0REKoNDHWCJvYVW691ZIKVSfZp30rn3v=w2000-h1333-s-no-gm?authuser=0\" width=\"2000\" height=\"1333\" alt=\"Kar duvarlar\u0131n\u0131 temizlemenin ne kadar zor oldu\u011fu konusunda \u00e7ok konu\u015fuluyor!\" class=\"size-full\" \/><\/a><figcaption class=\"wp-caption-text\">Kar duvarlar\u0131n\u0131 temizlemenin ne kadar zor oldu\u011fu konusunda \u00e7ok konu\u015fuluyor!<\/figcaption><\/figure>\n<h2>\u00c7ift\u00e7ilerin ekim haz\u0131rl\u0131klar\u0131na ba\u015flarken yapt\u0131klar\u0131 bir sohbet<\/h2>\n<figure class=\"wp-caption aligncenter\"><a href=\"https:\/\/photos.google.com\/share\/AF1QipNwegwhsDy5CxsAIecfIKwFXFkuCvfApSgA4shk4Hg14xxbXCKWh1BU3gKVQWpX3g\/photo\/AF1QipOiRdIgTFKvQzQwDuMyY3vdrYD7za-8tPI1h38?key=SzhVQnI3Qzc1N0QxNHJucm1HaHpLTFRUdFNuNHJR\" target=\"_blank\" rel=\"noopener\"><img decoding=\"async\" src=\"https:\/\/lh3.googleusercontent.com\/pw\/AP1GczPALk0gA-uUlBqjoUvPxg00U0hWs48o1K9QOJtoU1_Zti5xeJ0IXn5udDCQsku3lyoBhSntQyawdBzGFvhdrmqXE1wJMf5uNKlfPjyuNMBdeLtaBR6TbG5UjVZ98mq90psKlMstyz-2GKtUneSVRRsD=w2000-h1333-s-no-gm?authuser=0\" width=\"2000\" height=\"1333\" alt=\"\u00c7ift\u00e7iler ekim haz\u0131rl\u0131klar\u0131na ba\u015flad\u0131. . .\" class=\"size-full\" \/><\/a><figcaption class=\"wp-caption-text\">\u00c7ift\u00e7iler ekim haz\u0131rl\u0131klar\u0131na ba\u015flad\u0131. . .<\/figcaption><\/figure>\n<h2>Fide seras\u0131 kurulum \u00e7al\u0131\u015fmalar\u0131 ba\u015fl\u0131yor<\/h2>\n<figure class=\"wp-caption aligncenter\"><a href=\"https:\/\/photos.google.com\/share\/AF1QipNwegwhsDy5CxsAIecfIKwFXFkuCvfApSgA4shk4Hg14xxbXCKWh1BU3gKVQWpX3g\/photo\/AF1QipOe5gD4G_60xkvJtQ4QD0WiwV0KDZXJtxmE_h4?key=SzhVQnI3Qzc1N0QxNHJucm1HaHpLTFRUdFNuNHJR\" target=\"_blank\" rel=\"noopener\"><img decoding=\"async\" src=\"https:\/\/lh3.googleusercontent.com\/pw\/AP1GczOJwpbivGpKif2rezNCei9vxn75luWbp4Vn7sx3w0RyLP6i4ASHajXg85xbxyhCzPu0oUgodNk8RgInxlc0XGtdt8IZkQ3h5Hr8mIbf8qKe1y7S_Nm2w-SPamjie6f2fa8qRU-n9A0FG0oNlHQskE6K=w2000-h1333-s-no-gm?authuser=0\" width=\"2000\" height=\"1333\" alt=\"Fide seras\u0131 kurulum \u00e7al\u0131\u015fmalar\u0131\" class=\"size-full\" \/><\/a><figcaption class=\"wp-caption-text\">Fide seras\u0131 kurulum \u00e7al\u0131\u015fmalar\u0131<\/figcaption><\/figure>\n<figure class=\"wp-caption aligncenter\"><a href=\"https:\/\/photos.google.com\/share\/AF1QipNwegwhsDy5CxsAIecfIKwFXFkuCvfApSgA4shk4Hg14xxbXCKWh1BU3gKVQWpX3g\/photo\/AF1QipN7tYQo3fhS3JTlRsD2UCuACjCU2XqK2b2TORE?key=SzhVQnI3Qzc1N0QxNHJucm1HaHpLTFRUdFNuNHJR\" target=\"_blank\" rel=\"noopener\"><img decoding=\"async\" src=\"https:\/\/lh3.googleusercontent.com\/pw\/AP1GczNcH8-2MMQqxK_IfiUTCBVUQpcsUbSoS95IsU5qEPQF9HrfYrQpYt1IQjouq75ZXZAbK_WJ0xmum-LEVRxeDv1P8B-02NiPAntyXyw6lJhT-m1-L232WKeKsNo1V3Nzz1t4f1f4VFT9O4cMCNqmRnnS=w2000-h1333-s-no-gm?authuser=0\" width=\"2000\" height=\"1333\" alt=\"Yeni gen\u00e7lerle de canl\u0131 sohbetlerim oldu. . .\" class=\"size-full\" \/><\/a><figcaption class=\"wp-caption-text\">Yeni gen\u00e7lerle de canl\u0131 sohbetlerim oldu. . .<\/figcaption><\/figure>\n<h2>Observation Hill yak\u0131nlar\u0131ndaki manzara<\/h2>\n<figure class=\"wp-caption aligncenter\"><a href=\"https:\/\/photos.google.com\/share\/AF1QipNwegwhsDy5CxsAIecfIKwFXFkuCvfApSgA4shk4Hg14xxbXCKWh1BU3gKVQWpX3g\/photo\/AF1QipPJRbWLV0iCb58nDt4KkGVghrent6xmbd-W_dE?key=SzhVQnI3Qzc1N0QxNHJucm1HaHpLTFRUdFNuNHJR\" target=\"_blank\" rel=\"noopener\"><img decoding=\"async\" src=\"https:\/\/lh3.googleusercontent.com\/pw\/AP1GczO66ShpFzHQejfVvh_vbKaGBRT9nNGia5SZNbMjMfgHZml7lxSRjnhn22ufgiPElHV1UhtmGSeTGVxD8kB1zpCYXWeQXl0bdSeT_4c5cAxPdjDNvLCRmjSKyzNjjcGjVojkw66od9Og32uQYj-unEGf=w2000-h1333-s-no-gm?authuser=0\" width=\"2000\" height=\"1333\" alt=\"G\u00f6zlem tepesinin yak\u0131n\u0131ndan g\u00f6r\u00fcn\u00fcm. . .\" class=\"size-full\" \/><\/a><figcaption class=\"wp-caption-text\">G\u00f6zlem tepesinin yak\u0131n\u0131ndan g\u00f6r\u00fcn\u00fcm. . .<\/figcaption><\/figure>\n<figure class=\"wp-caption aligncenter\"><a href=\"https:\/\/photos.google.com\/share\/AF1QipNwegwhsDy5CxsAIecfIKwFXFkuCvfApSgA4shk4Hg14xxbXCKWh1BU3gKVQWpX3g\/photo\/AF1QipOdZwtGVuwzkvBvMtQ5557ReEMZCy1nSor4_zc?key=SzhVQnI3Qzc1N0QxNHJucm1HaHpLTFRUdFNuNHJR\" target=\"_blank\" rel=\"noopener\"><img decoding=\"async\" src=\"https:\/\/lh3.googleusercontent.com\/pw\/AP1GczOBLxYISUaK1B1iDK0xXIXlZMwLyZWH26U7vGZnGq2tt4MA8GAdWaSdBAlLBursjTcRtG9hJfNE5heuwzWYaTPTqhdYai7PRsxrbXPQ9v3dcG-lAgoXK1AvaNkO_kjlD0zOMSgmT3Xp6PkxhfSnRPyl=w2000-h1333-s-no-gm?authuser=0\" width=\"2000\" height=\"1333\" alt=\"\u015eehrin tamam\u0131na hakim bir manzara. . .\" class=\"size-full\" \/><\/a><figcaption class=\"wp-caption-text\">\u015eehrin tamam\u0131na hakim bir manzara. . .<\/figcaption><\/figure>\n<h2>Ay\u00e7i\u00e7e\u011fi Park\u0131 Hokuryu Onsen&#039;in bir g\u00f6r\u00fcn\u00fcm\u00fc<\/h2>\n<figure class=\"wp-caption aligncenter\"><a href=\"https:\/\/photos.google.com\/share\/AF1QipNwegwhsDy5CxsAIecfIKwFXFkuCvfApSgA4shk4Hg14xxbXCKWh1BU3gKVQWpX3g\/photo\/AF1QipML9-npQVcHIR6NqM6pZDeV7sPoB_zghHgru-k?key=SzhVQnI3Qzc1N0QxNHJucm1HaHpLTFRUdFNuNHJR\" target=\"_blank\" rel=\"noopener\"><img decoding=\"async\" src=\"https:\/\/lh3.googleusercontent.com\/pw\/AP1GczO7OUuShUghOFcX-VE8y3NETFD9ShY-dGMZe8ZdTf9S2nC1BVpogQEmvOQY2nwvPbQyEpgQrOjrP0iBRUVlEW-A5u2wDVEYSW7sQgQybM22V2cf47r_HZcDTF9vJtWLnoz2O7NR82EHIZFBDagLMZeQ=w1927-h1284-s-no-gm?authuser=0\" width=\"2000\" height=\"1333\" alt=\"Ay\u00e7i\u00e7e\u011fi Park\u0131 Hokuryu Onsen&#039;in bir g\u00f6r\u00fcn\u00fcm\u00fc\" class=\"size-full\" \/><\/a><figcaption class=\"wp-caption-text\">Ay\u00e7i\u00e7e\u011fi Park\u0131 Hokuryu Onsen&#039;in bir g\u00f6r\u00fcn\u00fcm\u00fc<\/figcaption><\/figure>\n<p>Belediye Ba\u015fkan\u0131 Sasaki&#039;nin tarlada \u00e7al\u0131\u015fan \u00e7ift\u00e7ilerle etkile\u015fimde bulundu\u011fu, kasaba halk\u0131n\u0131n y\u00fcre\u011fine \u0131\u015f\u0131k tuttu\u011fu ve kasaban\u0131n yeniden canlanmas\u0131na katk\u0131 sa\u011flad\u0131\u011f\u0131 bu de\u011ferli an, s\u0131n\u0131rs\u0131z sevgi, \u015f\u00fckran ve dualarla kutland\u0131. . .<\/p>\n<h2>Di\u011fer foto\u011fraflar<\/h2>\n<div class=\"img-move\"><img decoding=\"async\" style=\"vertical-align: middle;\" src=\"https:\/\/ehokkaido.net\/wp-content\/uploads\/2021\/12\/2021-12-06-11.41.12.png\" \/> <a href=\"https:\/\/photos.app.goo.gl\/GfuZz5mcss5xGgJ9A\" target=\"_blank\" rel=\"noopener noreferrer\">Belediye Ba\u015fkan\u0131 Sasaki Yasuhiro&#039;nun Hokuryu Kasabas\u0131&#039;ndaki inceleme turunun foto\u011fraflar\u0131 (56 foto\u011fraf) burada &gt;&gt;<\/a><\/div>\n<p>\u25c7 R\u00f6portaj ve metin: Ikuko Terauchi (foto\u011fraf\u00e7\u0131l\u0131k ve d\u00fczenleme asistan\u0131: Noboru Terauchi)<\/p>","protected":false},"excerpt":{"rendered":"<p>\uff12\uff10\uff12\uff14\u5e74\uff14\u6708\uff12\u65e5\uff08\u706b\uff09 \uff12\uff10\uff12\uff14\u5e74\uff14\u6708\uff11\u65e5\u3001\u4ee4\u548c\uff16\u5e74\u65b0\u5e74\u5ea6\u306e\u59cb\u307e\u308a\u306e\u65e5\u3002 \u4f50\u3005\u6728\u5eb7\u5b8f\u753a\u9577\u306e\u5317\u7adc\u753a\u5185\u8996\u5bdf\u304c\u884c\u308f\u308c\u307e\u3057\u305f\u3002 \u96ea\u89e3\u3051\u6c34\u304c\u753a\u306e\u7530\u7551\u3092\u6f64\u3059\u8cb4\u91cd\u306a\u6075\u5cb1\u5225\u30c0\u30e0\u3001\u4e09\u8c37\u5730\u533a\u3092\u8d8a\u3048\u5897\u6bdb\u753a\u3068\u306e\u753a\u5883\u4ed8\u8fd1\u307e\u3067 [&hellip;]<\/p>\n","protected":false},"author":1,"featured_media":43299,"comment_status":"open","ping_status":"open","sticky":false,"template":"","format":"standard","meta":{"footnotes":""},"categories":[4,84,75],"tags":[],"class_list":["post-43297","post","type-post","status-publish","format-standard","has-post-thumbnail","hentry","category-cover-story","category-inspectiontour","category-sasaki-yasuhiro-mayor"],"_links":{"self":[{"href":"https:\/\/portal.hokuryu.info\/tr\/wp-json\/wp\/v2\/posts\/43297","targetHints":{"allow":["GET"]}}],"collection":[{"href":"https:\/\/portal.hokuryu.info\/tr\/wp-json\/wp\/v2\/posts"}],"about":[{"href":"https:\/\/portal.hokuryu.info\/tr\/wp-json\/wp\/v2\/types\/post"}],"author":[{"embeddable":true,"href":"https:\/\/portal.hokuryu.info\/tr\/wp-json\/wp\/v2\/users\/1"}],"replies":[{"embeddable":true,"href":"https:\/\/portal.hokuryu.info\/tr\/wp-json\/wp\/v2\/comments?post=43297"}],"version-history":[{"count":0,"href":"https:\/\/portal.hokuryu.info\/tr\/wp-json\/wp\/v2\/posts\/43297\/revisions"}],"wp:featuredmedia":[{"embeddable":true,"href":"https:\/\/portal.hokuryu.info\/tr\/wp-json\/wp\/v2\/media\/43299"}],"wp:attachment":[{"href":"https:\/\/portal.hokuryu.info\/tr\/wp-json\/wp\/v2\/media?parent=43297"}],"wp:term":[{"taxonomy":"category","embeddable":true,"href":"https:\/\/portal.hokuryu.info\/tr\/wp-json\/wp\/v2\/categories?post=43297"},{"taxonomy":"post_tag","embeddable":true,"href":"https:\/\/portal.hokuryu.info\/tr\/wp-json\/wp\/v2\/tags?post=43297"}],"curies":[{"name":"wp","href":"https:\/\/api.w.org\/{rel}","templated":true}]}}