{"id":41055,"date":"2024-01-16T09:36:34","date_gmt":"2024-01-16T00:36:34","guid":{"rendered":"https:\/\/portal.hokuryu.info\/?p=41055"},"modified":"2024-12-09T10:19:38","modified_gmt":"2024-12-09T01:19:38","slug":"hokuryu-kasabasi-fiziksel-engelliler-refah-dernegi-genel-toplantisi-ve-2024-yeni-yil-partisi-ve","status":"publish","type":"post","link":"https:\/\/portal.hokuryu.info\/tr\/41055\/","title":{"rendered":"Hokuryu Kasabas\u0131 Fiziksel Engellilerin Refah\u0131 Derne\u011fi: Genel Toplant\u0131 ve 2024 Yeni Y\u0131l Partisi, Birlikte y\u00fcr\u00fcyelim ve hayat\u0131n tad\u0131n\u0131 doyas\u0131ya, parlak ve enerjik bir \u015fekilde \u00e7\u0131karal\u0131m"},"content":{"rendered":"<p>Sal\u0131, 16 Ocak 2024<\/p>\n<p>Hokuryu Kasabas\u0131 Fiziksel Engelliler Refah Derne\u011fi Genel Toplant\u0131s\u0131 ve Yeni Y\u0131l Partisi, 15 Ocak 2024 Pazartesi g\u00fcn\u00fc saat 11:00&#039;de Hokuryu Kasabas\u0131 Ya\u015fl\u0131 Vatanda\u015flar Refah Merkezi&#039;nde ger\u00e7ekle\u015ftirildi.<\/p>\n<h2>Hokuryu Kasabas\u0131 Fiziksel Engellilerin Refah\u0131 Derne\u011fi Genel Toplant\u0131s\u0131<\/h2>\n<figure class=\"wp-caption aligncenter\"><a href=\"https:\/\/photos.google.com\/share\/AF1QipO3Hsc7I-MRgjaVwhlHF9ALbNeaMM_bLl8DPVl062kLQD-9LpJ97eHZ-lFSrbM7xg\/photo\/AF1QipP3rf5SNS-EeFoBdFdOuTjLV7fW5ckkacfgi6s?key=VGFhcFcxQVhKTk94VEg0N2NqUVpCVldPRW9kNWRR\" target=\"_blank\" rel=\"noopener\"><img decoding=\"async\" src=\"https:\/\/lh3.googleusercontent.com\/pw\/ABLVV85lwykIIk1Sw-I85KZl-O8YeFYLBifaRztzMyFRCBvtZS0vRTutQXIDsXHn5QOkvLrnlSCLAN19KLNl8UQa9RC2ZFsB0Yh_EgOwHde79kPhw0LuPneb56EA4rGA-3-5JRV5tN5D6EHt9TYomZ5rZSIl=w2000-h1500-s-no-gm?authuser=0\" width=\"1866\" height=\"1400\" alt=\"Hokuryu Kasabas\u0131 Fiziksel Engellilerin Refah\u0131 Derne\u011fi 2024 Genel Toplant\u0131s\u0131\" class=\"size-full\" \/><\/a><figcaption class=\"wp-caption-text\">Hokuryu Kasabas\u0131 Fiziksel Engellilerin Refah\u0131 Derne\u011fi 2024 Genel Toplant\u0131s\u0131<\/figcaption><\/figure>\n<p>Toplant\u0131ya Y\u00f6netim Kurulu Ba\u015fkan\u0131 Yamashita Yoshiharu, Ba\u015fkan Yard\u0131mc\u0131s\u0131 Motobu Iwao, sekreterya \u00fcyeleri ve di\u011fer \u00fcyeler olmak \u00fczere toplam sekiz ki\u015fi kat\u0131ld\u0131.<\/p>\n<p>Belediye Ba\u015fkan\u0131 Yutaka Sano ve \u0130kamet \u0130\u015fleri B\u00f6l\u00fcm \u015eefi Naohiro Hosokawa yeni y\u0131l partisine kat\u0131larak konu\u015fmalar yapt\u0131.<\/p>\n<figure class=\"wp-caption aligncenter\"><a href=\"https:\/\/photos.google.com\/share\/AF1QipO3Hsc7I-MRgjaVwhlHF9ALbNeaMM_bLl8DPVl062kLQD-9LpJ97eHZ-lFSrbM7xg\/photo\/AF1QipOH11XJ0c3sK1fTn4yoPTcipBrvZPKe1wT33Xo?key=VGFhcFcxQVhKTk94VEg0N2NqUVpCVldPRW9kNWRR\" target=\"_blank\" rel=\"noopener\"><img decoding=\"async\" src=\"https:\/\/lh3.googleusercontent.com\/pw\/ABLVV84T27ZnQY3Tn86NOWwKjhYu9tC4dNmu4umwEL4Qc9d6LPbIbngx4fD_XQiS5fBA8DpiAKTcsNqXHpuA_-EpmeOPIZq2IIZsmBAUpwX2D4HU-QhhaLZeyXtM2TXrRmeafveWD0WGGW9VfSJUFxxTTntw=w1866-h1400-s-no-gm?authuser=0\" width=\"1866\" height=\"1400\" alt=\"Y\u0131lba\u015f\u0131 Partisi: Belediye Ba\u015fkan\u0131 Sano ve Yerle\u015fim \u0130\u015fleri B\u00f6l\u00fcm \u015eefi Hosokawa kat\u0131ld\u0131\" class=\"size-full\" \/><\/a><figcaption class=\"wp-caption-text\">Y\u0131lba\u015f\u0131 Partisi: Belediye Ba\u015fkan\u0131 Sano ve Yerle\u015fim \u0130\u015fleri B\u00f6l\u00fcm \u015eefi Hosokawa kat\u0131ld\u0131<\/figcaption><\/figure>\n<h3>A\u00e7\u0131l\u0131\u015f konu\u015fmas\u0131: Ba\u015fkan Yoshiharu Yamashita<\/h3>\n<figure class=\"wp-caption aligncenter\"><a href=\"https:\/\/photos.google.com\/share\/AF1QipO3Hsc7I-MRgjaVwhlHF9ALbNeaMM_bLl8DPVl062kLQD-9LpJ97eHZ-lFSrbM7xg\/photo\/AF1QipNxm_UkQtp7gzgHYh5NKBGgvDaGePR-QH6Lpy8?key=VGFhcFcxQVhKTk94VEg0N2NqUVpCVldPRW9kNWRR\" target=\"_blank\" rel=\"noopener\"><img decoding=\"async\" src=\"https:\/\/lh3.googleusercontent.com\/pw\/ABLVV863Eu6GsjRTY6lAiiFocXO9VRdG4GGQErHW2Y5NmQ1G4QPZtBZhhlhr4R6642hCZ1347iyBPJW72-Aye-ZqduxM2m81X8WXV937naIgllbfZ3QJj44kt5aih3TvG8hR3BTSg2x6asY1fJPl4YzDSRxY=w1866-h1400-s-no-gm?authuser=0\" width=\"1866\" height=\"1400\" alt=\"A\u00e7\u0131l\u0131\u015f konu\u015fmas\u0131: Ba\u015fkan Yoshiharu Yamashita\" class=\"size-full\" \/><\/a><figcaption class=\"wp-caption-text\">A\u00e7\u0131l\u0131\u015f konu\u015fmas\u0131: Ba\u015fkan Yoshiharu Yamashita<\/figcaption><\/figure>\n<p>&quot;Hepinizin bildi\u011fi gibi, d\u00fcnya n\u00fcfusu azal\u0131yor ve Hokuryu Kasabas\u0131&#039;n\u0131n n\u00fcfusu da azal\u0131yor. Engelliler Derne\u011fi ve di\u011fer kurulu\u015flar\u0131n \u00fcye say\u0131s\u0131 da azal\u0131yor. Kasabadaki engelli insan say\u0131s\u0131n\u0131 kavramak da zor.<\/p>\n<p>Fiziksel engelli insanlar, nas\u0131l alg\u0131land\u0131klar\u0131na ba\u011fl\u0131 olarak iki t\u00fcre ayr\u0131l\u0131r.<br \/>\nBiri, engellili\u011fi kabul eden, tan\u0131yan ve o ortamda e\u011flenmek i\u00e7in inisiyatif alan ki\u015fidir.<br \/>\nDi\u011fer grup ise engellili\u011fini gizlemek isteyen veya belli etmek istemeyen ki\u015filerdir.<\/p>\n<p>Bence bundan sonraki m\u00fccadelemiz, fiziksel engelli insanlar olarak, insanlar\u0131n engellerini gizlemeye \u00e7al\u0131\u015fan engelleri ortadan kald\u0131rmak i\u00e7in harekete ge\u00e7mek olacak.<\/p>\n<p>Sorachi b\u00f6lgesinde her y\u0131l engelliler turnuvas\u0131 d\u00fczenleniyor ancak \u00e7e\u015fitli sebeplerden dolay\u0131 bu y\u0131l iptal olma ihtimali bulunuyor. Bunun yerine farkl\u0131 bir etkinlik planlan\u0131yor.<\/p>\n<p>Kitary\u016b Kasabas\u0131\u2019ndaki fiziksel engelliler de gen\u00e7 de\u011fil.<br \/>\nEngelli insanlar\u0131n bile hayattan zevk almas\u0131n\u0131 istiyorum. Bu y\u0131l da \u00e7e\u015fitli etkinliklerin tad\u0131n\u0131 hep birlikte \u00e7\u0131karmay\u0131 umuyoruz. \u00c7ok te\u015fekk\u00fcr ederim.&quot;<\/p>\n<h3>Genel Kurul Ba\u015fkan\u0131: Yoshiharu Yamashita, Ba\u015fkan<br \/>\nG\u00fcndemin a\u00e7\u0131klamas\u0131: Michihito Nakamura, Genel Sekreter<\/h3>\n<figure class=\"wp-caption aligncenter\"><a href=\"https:\/\/photos.google.com\/share\/AF1QipO3Hsc7I-MRgjaVwhlHF9ALbNeaMM_bLl8DPVl062kLQD-9LpJ97eHZ-lFSrbM7xg\/photo\/AF1QipN0rrngl5uL8M_GgTpVUmumd-KDw2XWZMQXdko?key=VGFhcFcxQVhKTk94VEg0N2NqUVpCVldPRW9kNWRR\" target=\"_blank\" rel=\"noopener\"><img decoding=\"async\" src=\"https:\/\/lh3.googleusercontent.com\/pw\/ABLVV86XXyOmhsYAa8Hf9yDxgjX424iE5A-FUmzbknEj5C_4yOMNtILm3t0ah0LkZCYtnwccp5Lf0pqhewjEnWU6zPv-Q844XgLf8a3Vo9zAto7eFp9zd46kGYIpLO37ba3VlO8CR4kZtMHDfrvZBcikDfSE=w1866-h1400-s-no-gm?authuser=0\" width=\"1866\" height=\"1400\" alt=\"Teklifin a\u00e7\u0131klamas\u0131: Genel Sekreter Michihito Nakamura\" class=\"size-full\" \/><\/a><figcaption class=\"wp-caption-text\">Teklifin a\u00e7\u0131klamas\u0131: Genel Sekreter Michihito Nakamura<\/figcaption><\/figure>\n<h3>Genel Kurul Teklifi<\/h3>\n<ol>\n<li>2023 Mali Y\u0131l\u0131 \u0130\u015fletme Raporu ve Finansal Tablolar<br \/>\n\u30fbDenetim raporu<\/li>\n<li>2024 Mali Y\u0131l\u0131 \u0130\u015f Plan\u0131 (Taslak) ve Gelir-Gider B\u00fct\u00e7esi (Taslak)<\/li>\n<li>di\u011ferleri<\/li>\n<\/ol>\n<figure class=\"wp-caption aligncenter\"><a href=\"https:\/\/photos.google.com\/share\/AF1QipO3Hsc7I-MRgjaVwhlHF9ALbNeaMM_bLl8DPVl062kLQD-9LpJ97eHZ-lFSrbM7xg\/photo\/AF1QipM1BkbIuK6PbkcQ3sf4h29n9cW9DDq2gjx6ayY?key=VGFhcFcxQVhKTk94VEg0N2NqUVpCVldPRW9kNWRR\" target=\"_blank\" rel=\"noopener\"><img decoding=\"async\" src=\"https:\/\/lh3.googleusercontent.com\/pw\/ABLVV87iIgo8W5tUctfMFX40tRb1eEu3XQ2FSTP1Olt0ia9blTnk5LtJ3kX3GHtQ1OI9Hxe8faEe0Kn_IdfqzUPNAIlkSnEJXgY-OwYS_j7uIkttntGWo_xvLh7R3efFsQChtj_c-jWCIKdzD4sRIlQTq66S=w2000-h1500-s-no-gm?authuser=0\" width=\"1866\" height=\"1400\" alt=\"Hokuryu Kasabas\u0131 Fiziksel Engellilerin Refah\u0131 Derne\u011fi: Genel Toplant\u0131 Materyalleri\" class=\"size-full\" \/><figcaption class=\"wp-caption-text\">Hokuryu Kasabas\u0131 Fiziksel Engellilerin Refah\u0131 Derne\u011fi: Genel Toplant\u0131 Materyalleri<\/a><\/figcaption><\/figure>\n<h2>yeni y\u0131l partisi<\/h2>\n<h3>A\u00e7\u0131l\u0131\u015f konu\u015fmas\u0131: Ba\u015fkan Yoshiharu Yamashita<\/h3>\n<figure class=\"wp-caption aligncenter\"><a href=\"https:\/\/photos.google.com\/share\/AF1QipO3Hsc7I-MRgjaVwhlHF9ALbNeaMM_bLl8DPVl062kLQD-9LpJ97eHZ-lFSrbM7xg\/photo\/AF1QipOOHHySKp05VEwVJLL5xzATIsA1V2FqNnhpx7U?key=VGFhcFcxQVhKTk94VEg0N2NqUVpCVldPRW9kNWRR\" target=\"_blank\" rel=\"noopener\"><img decoding=\"async\" src=\"https:\/\/lh3.googleusercontent.com\/pw\/ABLVV84I9HJoC8Zd_0ZHSLkibSvImEYgpgMJUSBVKumjkd-kNuFjHNRrpjBU_w5VA4DG14im-yo8XjMCMBZAKJQLCE3FtL4GslBXN9myCEe8Xjg6FRC2Xs9kETtmNm1po8kEg7dtmCnw7KX3qR00kdXs-my1=w1866-h1400-s-no-gm?authuser=0\" width=\"1866\" height=\"1400\" alt=\"Ba\u015fkan Yoshiharu Yamashita\" class=\"size-full\" \/><\/a><figcaption class=\"wp-caption-text\">Ba\u015fkan Yoshiharu Yamashita<\/figcaption><\/figure>\n<p>&quot;Mutlu y\u0131llar.<br \/>\nYeni y\u0131l\u0131 umutla kar\u015f\u0131lad\u0131k, y\u0131l\u0131n ilk g\u00fcn do\u011fumunu g\u00f6rd\u00fck ve bu y\u0131l\u0131n iyi ge\u00e7ece\u011fini d\u00fc\u015f\u00fcnmeye ba\u015flam\u0131\u015ft\u0131k ki, y\u0131lba\u015f\u0131 g\u00fcn\u00fc Noto Yar\u0131madas\u0131&#039;nda b\u00fcy\u00fck hasara yol a\u00e7an bir deprem meydana geldi.<br \/>\n2&#039;sinde ise Japonya Havayollar\u0131&#039;na ait bir u\u00e7ak, Japonya Sahil G\u00fcvenlik u\u00e7a\u011f\u0131yla \u00e7arp\u0131\u015ft\u0131 ve d\u00fcnyay\u0131 tehdit eden olaylar artarak devam etti.<br \/>\nTayvan&#039;da iktidar partisi cumhurba\u015fkanl\u0131\u011f\u0131 se\u00e7imlerini kazan\u0131rken, Japonya h\u00fck\u00fcmetinde de siyasi partilerden gelen r\u00fc\u015fvet skandal\u0131 patlak verdi.<\/p>\n<p>Bu arada kasabam\u0131zda, \u00fc\u00e7 meclis \u00fcyesinin ara se\u00e7imlerde rakipsiz olarak se\u00e7ilmesinden dolay\u0131 rahatlad\u0131k.<br \/>\nAyr\u0131ca \u015eubat ay\u0131nda belediye ba\u015fkanl\u0131\u011f\u0131 se\u00e7imi yap\u0131lacak. Kasaba iki aday taraf\u0131ndan ikiye b\u00f6l\u00fcnecek ama kasaban\u0131n giderek bir araya gelip olumlu bir istikamette ilerleme ihtimali de var, o y\u00fczden \u00e7ok umutluyum.<\/p>\n<p>Kitary\u016b kasabas\u0131n\u0131n n\u00fcfusu gelecekte de azalmaya devam edecek, ancak biz kasabay\u0131 elimizden geldi\u011fince in\u015fa etmeye, engelli insanlar i\u00e7in \u00e7al\u0131\u015fmaya ve engelli insanlar olarak hayat\u0131n tad\u0131n\u0131 \u00e7\u0131karmaya devam edece\u011fiz.<\/p>\n<p>Belediye Ba\u015fkan\u0131 Say\u0131n Sano ve Mahalle \u0130\u015fleri Daire Ba\u015fkan\u0131 her zaman Engelliler Derne\u011fi&#039;nin y\u0131lba\u015f\u0131 partisine kat\u0131l\u0131rlar. Bunun, belediye ba\u015fkan\u0131m\u0131z\u0131n ve \u015fube m\u00fcd\u00fcr\u00fcm\u00fcz\u00fcn engelli insanlara kar\u015f\u0131 ne kadar g\u00fc\u00e7l\u00fc duygular besledi\u011finin bir kan\u0131t\u0131 oldu\u011funu d\u00fc\u015f\u00fcn\u00fcyorum.<\/p>\n<p>N\u00fcfusun az, \u00f6rg\u00fctlenmenin \u00e7ok k\u00fc\u00e7\u00fck olmas\u0131na ra\u011fmen Hokuryu Kasabas\u0131 uzun y\u0131llard\u0131r s\u0131cak ve ilgili bir y\u00f6netim anlay\u0131\u015f\u0131n\u0131 s\u00fcrd\u00fcrmektedir.<\/p>\n<p>Ne kadar az ki\u015fi olursa olsun, m\u00fcmk\u00fcn oldu\u011fu kadar uzun s\u00fcre devam etmek istiyoruz. Gelecekte \u00e7e\u015fitli faaliyetlerle hayaller ve umutlarla ilerlemek istiyorum. \u00e7ok te\u015fekk\u00fcr ederim&quot;.<\/p>\n<h3>Belediye Ba\u015fkan\u0131 Yutaka Sano&#039;dan selamlar<\/h3>\n<figure class=\"wp-caption aligncenter\"><a href=\"https:\/\/photos.google.com\/share\/AF1QipO3Hsc7I-MRgjaVwhlHF9ALbNeaMM_bLl8DPVl062kLQD-9LpJ97eHZ-lFSrbM7xg\/photo\/AF1QipPbzjYR7uWOGmt9_Z_pE43Su9Va9JwNyDBRJ9M?key=VGFhcFcxQVhKTk94VEg0N2NqUVpCVldPRW9kNWRR\" target=\"_blank\" rel=\"noopener\"><img decoding=\"async\" src=\"https:\/\/lh3.googleusercontent.com\/pw\/ABLVV87vpQLRCyRjg22n7hZRh0Z1CqXh7SAYjnsrjZZ3c_1ZASWyR8BXdR5KZ_k_D6pjDynxsaiVV8_9NEuCLT7oJWHEdLqKpLa_pqlberBOxpoW6H5xzT9HaHC56Ovqfh4wXPQysI3qA-fyBJMqcc_M3SwE=w1866-h1400-s-no-gm?authuser=0\" width=\"1866\" height=\"1400\" alt=\"Belediye Ba\u015fkan\u0131 Sano&#039;dan selamlar\" class=\"size-full\" \/><\/a><figcaption class=\"wp-caption-text\">Belediye Ba\u015fkan\u0131 Sano&#039;dan selamlar<\/figcaption><\/figure>\n<p>&quot;Herkese mutlu y\u0131llar.<br \/>\n\u00c7ok sert bir k\u0131\u015f ge\u00e7irdik. Yeni y\u0131l\u0131n nispeten sakin ve g\u00fczel ge\u00e7ece\u011fini d\u00fc\u015f\u00fcn\u00fcyorduk ama \u015fu anda her g\u00fcn kar ya\u011fan \u00e7ok sert bir k\u0131\u015f ya\u015f\u0131yoruz.<br \/>\nAs\u0131l sezon hen\u00fcz gelmedi, l\u00fctfen sa\u011fl\u0131\u011f\u0131n\u0131za dikkat edin ve s\u0131cak bir bahar\u0131n tad\u0131n\u0131 \u00e7\u0131kar\u0131n.<\/p>\n<p>Ba\u015fkan Yamashita&#039;n\u0131n da belirtti\u011fi gibi, Yeni Y\u0131l ak\u015fam\u0131 Ishikawa Eyaleti&#039;ndeki Noto Yar\u0131madas\u0131&#039;nda Richter \u00f6l\u00e7e\u011fine g\u00f6re 7 b\u00fcy\u00fckl\u00fc\u011f\u00fcnde b\u00fcy\u00fck bir deprem meydana geldi ve \u00e7ok say\u0131da can kayb\u0131 ya\u015fand\u0131. Etkilenenler h\u00e2l\u00e2 \u00e7ok zor hayatlar ya\u015f\u0131yor ve iyile\u015fmeye dair hi\u00e7bir belirti g\u00f6r\u00fcnm\u00fcyor. Hayat\u0131n\u0131 kaybedenler i\u00e7in bir dakikal\u0131k sayg\u0131 duru\u015funda bulunuyoruz ve etkilenenlere acil \u015fifalar diliyoruz.<\/p>\n<p>Bildi\u011finiz \u00fczere bu y\u0131l\u0131n burcu Ejderha. Ejderha Y\u0131l\u0131&#039;nda ejderha g\u00f6\u011fe do\u011fru g\u00fc\u00e7l\u00fc bir \u015fekilde uzan\u0131r ve yoluna \u00e7\u0131kan her t\u00fcrl\u00fc zorlu\u011fun \u00fcstesinden gelir. Ayn\u0131 zamanda g\u00fc\u00e7l\u00fc inan\u00e7lara sahip olabilece\u011finiz bir y\u0131l oldu\u011fu da s\u00f6yleniyor.<\/p>\n<p>Ejderha Y\u0131l\u0131&#039;n\u0131n Hokuryu Kasabas\u0131&#039;n\u0131n geli\u015fimi i\u00e7in iyi bir y\u0131l olaca\u011f\u0131na ve b\u00fcy\u00fck bir kasaba in\u015fa edebilece\u011fimiz bir y\u0131l olaca\u011f\u0131na inan\u0131yorum. Umar\u0131m bu y\u0131l, yeni zorluklara pozitif ve cesaretle g\u00f6\u011f\u00fcs gerece\u011fim bir y\u0131l olur.<\/p>\n<p>Kitary\u016b Kasabas\u0131 \u015fu anda n\u00fcfus azalmas\u0131, tar\u0131m i\u015f\u00e7isi s\u0131k\u0131nt\u0131s\u0131 ve \u00e7\u00f6z\u00fclemeyen bir\u00e7ok yerel toplu ta\u015f\u0131ma sorunu ya\u015f\u0131yor ve bu durum kasabaya gidip gelen sakinler ve \u00f6\u011frenciler i\u00e7in b\u00fcy\u00fck rahats\u0131zl\u0131k yarat\u0131yor. Bu y\u0131l\u0131n b\u00fcy\u00fck hayallerin ve umutlar\u0131n y\u0131l\u0131 olmas\u0131n\u0131, ay\u00e7i\u00e7e\u011finin cesaretiyle beslenen bir enerji y\u0131l\u0131 olmas\u0131n\u0131 diliyorum.<\/p>\n<p>Yerel toplu ta\u015f\u0131mac\u0131l\u0131\u011fa gelince, Fukagawa&#039;ya giden Sorachi Chuo Otob\u00fcs\u00fc Mart ay\u0131 sonunda hizmetten kald\u0131r\u0131lacak, ancak \u015fimdilik Imoseushi Kasabas\u0131&#039;na kadar \u00e7al\u0131\u015fmas\u0131 ve ard\u0131ndan Takikawa ve Fukagawa&#039;ya ba\u011flanmas\u0131 planlan\u0131yor. Sonunda, bir s\u00fcr\u00fcc\u00fcye karar verdikten sonra, Fukagawa, Takikawa ve kasaba i\u00e7indeki di\u011fer b\u00f6lgelerde devriye gezmek i\u00e7in kendi otob\u00fcslerimizi kullanaca\u011f\u0131m\u0131z bir sistem olu\u015fturmay\u0131 planl\u0131yoruz.<\/p>\n<p>Bir aydan biraz fazla bir s\u00fcre i\u00e7inde g\u00f6revimden ayr\u0131laca\u011f\u0131m i\u00e7in bunu s\u00f6ylemek benim i\u00e7in zor, ancak \u015fu anda ba\u015fkan yard\u0131mc\u0131s\u0131 ve di\u011fer personel bunu dikkatlice de\u011ferlendiriyor. Bu sistemi \u015fehir i\u00e7i toplu ta\u015f\u0131mada da en k\u0131sa zamanda hayata ge\u00e7irmek istiyoruz.<\/p>\n<p>Hepiniz i\u00e7in harika bir y\u0131l olmas\u0131n\u0131 umuyorum ve yeni y\u0131l dileklerimi bu s\u00f6zlerle tamamlamak istiyorum.<\/p>\n<h3>Asistan \u0130\u015fleri B\u00f6l\u00fcm\u00fc \u015eefi Naohiro Hosokawa&#039;n\u0131n Tan\u0131t\u0131m\u0131<\/h3>\n<figure class=\"wp-caption aligncenter\"><a href=\"https:\/\/photos.google.com\/share\/AF1QipO3Hsc7I-MRgjaVwhlHF9ALbNeaMM_bLl8DPVl062kLQD-9LpJ97eHZ-lFSrbM7xg\/photo\/AF1QipMR4uHNQA33t4CRy6efNQpY9wdhcwzLVVIsSJc?key=VGFhcFcxQVhKTk94VEg0N2NqUVpCVldPRW9kNWRR\" target=\"_blank\" rel=\"noopener\"><img decoding=\"async\" src=\"https:\/\/lh3.googleusercontent.com\/pw\/ABLVV85Lvh4y2PSZaa61C1OULFFXmc1sGyvjMtxQSKTRsPFT4ZZzO27EqFaj2ffFC96zu_Ckdtf9Jh_Tv0vyCzR6md2Rbmd96uNeKrTlWxD3eQfpCb8JO6L7aI7y8q5fi8_6de81FQmJWmAJNM4dlSmlrp3E=w1866-h1400-s-no-gm?authuser=0\" width=\"1866\" height=\"1400\" alt=\"Asistan \u0130\u015fleri B\u00f6l\u00fcm\u00fc \u015eefi Naohiro Hosokawa&#039;n\u0131n Tan\u0131t\u0131m\u0131\" class=\"size-full\" \/><\/a><figcaption class=\"wp-caption-text\">Asistan \u0130\u015fleri B\u00f6l\u00fcm\u00fc \u015eefi Naohiro Hosokawa&#039;n\u0131n Tan\u0131t\u0131m\u0131<\/figcaption><\/figure>\n<h3>Y\u0131lba\u015f\u0131 Partisi Yeme\u011fi ve Oyunlar\u0131<\/h3>\n<p>\u00c7e\u015fitli nedenlerden dolay\u0131 geleneksel y\u0131lba\u015f\u0131 partisi yeme\u011fi ve oyunlar\u0131 iptal edildi ve kat\u0131l\u0131mc\u0131lar evlerine g\u00f6t\u00fcr\u00fcld\u00fc. Bento kutular\u0131 Hokuryu Kasabas\u0131&#039;ndaki Ajidokoro Yahachi taraf\u0131ndan el yap\u0131m\u0131 olarak \u00fcretiliyor.<\/p>\n<figure class=\"wp-caption aligncenter\"><a href=\"https:\/\/photos.google.com\/share\/AF1QipO3Hsc7I-MRgjaVwhlHF9ALbNeaMM_bLl8DPVl062kLQD-9LpJ97eHZ-lFSrbM7xg\/photo\/AF1QipOxhyNuQ-BTcUMRSaDpvwhex1YI_AqqmWblTuE?key=VGFhcFcxQVhKTk94VEg0N2NqUVpCVldPRW9kNWRR\" target=\"_blank\" rel=\"noopener\"><img decoding=\"async\" src=\"https:\/\/lh3.googleusercontent.com\/pw\/ABLVV87xN-EDRla7IgMpzTo-NqmQymMX75QTfnQJFwNlaTq5Z0IsTlEwJu496GDEJh9JSAm-xZoIb0eFHqZXMRuhJgCwOn-QM1nCRXgfF0x33n-oWbOv2qQau3pUSji5VMPPmPR7rTOK9VTdlAJszgYco7JH=w1866-h1400-s-no-gm?authuser=0\" width=\"1866\" height=\"1400\" alt=\"\u0130\u00e7ecekler, at\u0131\u015ft\u0131rmal\u0131klar, portakallar, tuvalet ka\u011f\u0131d\u0131\" class=\"size-full\" \/><\/a><figcaption class=\"wp-caption-text\">\u0130\u00e7ecekler, at\u0131\u015ft\u0131rmal\u0131klar, portakallar, tuvalet ka\u011f\u0131d\u0131<\/figcaption><\/figure>\n<figure class=\"wp-caption aligncenter\"><a href=\"https:\/\/photos.google.com\/share\/AF1QipO3Hsc7I-MRgjaVwhlHF9ALbNeaMM_bLl8DPVl062kLQD-9LpJ97eHZ-lFSrbM7xg\/photo\/AF1QipO5vgjwwW4rkMP9g6U89W13kB8hNAWYCeQQAfA?key=VGFhcFcxQVhKTk94VEg0N2NqUVpCVldPRW9kNWRR\" target=\"_blank\" rel=\"noopener\"><img decoding=\"async\" src=\"https:\/\/lh3.googleusercontent.com\/pw\/ABLVV85zzurwFg64S1Qh8oB5h2EMLzPugrmrNZrM4igqWrqN4pVsWnrtZeIBetmjk35fXwJC2vVIbX2-IWF2Zcbsuj4iTdu8ZOHVOYY2DKavX8uYcJ9p70091cihSa-SnFIYgeWzLrzMhq8Hp_2qEXsCOj6t=w1866-h1400-s-no-gm?authuser=0\" width=\"1866\" height=\"1400\" alt=\"&quot;Ajidokoro Yahachi&quot;den beslenme kutusu ve daha fazlas\u0131!\" class=\"size-full\" \/><\/a><figcaption class=\"wp-caption-text\">&quot;Ajidokoro Yahachi&quot;den beslenme kutusu ve daha fazlas\u0131!<\/figcaption><\/figure>\n<p>Her t\u00fcrl\u00fc engelli insan\u0131 oldu\u011fu gibi kabul eden, onlar\u0131n yan\u0131nda y\u00fcr\u00fcyen ve hayat\u0131n tad\u0131n\u0131 dolu dolu, ayd\u0131nl\u0131k ve enerjik bir \u015fekilde \u00e7\u0131karan Hokuryu Kasabas\u0131 Engelliler Refah Derne\u011fi&#039;ne s\u0131n\u0131rs\u0131z sevgi, \u015f\u00fckran ve dualar\u0131m\u0131zla. . .<\/p>\n<figure class=\"wp-caption aligncenter\"><a href=\"https:\/\/photos.google.com\/share\/AF1QipO3Hsc7I-MRgjaVwhlHF9ALbNeaMM_bLl8DPVl062kLQD-9LpJ97eHZ-lFSrbM7xg?key=VGFhcFcxQVhKTk94VEg0N2NqUVpCVldPRW9kNWRR\" target=\"_blank\" rel=\"noopener\"><img decoding=\"async\" src=\"https:\/\/lh3.googleusercontent.com\/pw\/ABLVV84hNZmaUSeavBsYT0Q5-EzedGJlVinw5PVK-vlgr2IJNe05j-eMx0HbHe1tJqecMUJXbZ4-F4n3DpWrea_vN_yFfD0lGnxR9OjNB7pK7-tC3rM2oOg8uB7mNjCLadee69w3Trh1F0soZkDO3hnUU7Y0=w1866-h1400-s-no-gm?authuser=0\" width=\"1866\" height=\"1400\" alt=\"Cosmos Kul\u00fcb\u00fc Eserleri Sergisi\" class=\"size-full\" \/><\/a><figcaption class=\"wp-caption-text\">Cosmos Kul\u00fcb\u00fc Eserleri Sergisi<\/figcaption><\/figure>\n<h2>Di\u011fer foto\u011fraflar<\/h2>\n<div class=\"img-move\"><img decoding=\"async\" style=\"vertical-align: middle;\" src=\"https:\/\/ehokkaido.net\/wp-content\/uploads\/2021\/12\/2021-12-06-11.41.12.png\" \/> <a href=\"https:\/\/photos.app.goo.gl\/6zuNhDnUCk4pqkqx6\" target=\"_blank\" rel=\"noopener noreferrer\">Hokuryu Kasabas\u0131 Fiziksel Engelli Refah Derne\u011fi Genel Toplant\u0131s\u0131 ve 2024 Yeni Y\u0131l Partisi&#039;nden foto\u011fraflar (27 foto\u011fraf) burada &gt;&gt;<\/a><\/div>\n<h2>\u0130lgili makaleler<\/h2>\n\n        <div class=\"site-blogcard-premium\">\n            <div class=\"bc-label-custom\">\u0130lgili makaleler<\/div>\n            <div class=\"bc-flex-container\">\n                <div class=\"bc-main-text\">\n                    <div class=\"bc-title-link-box\">\n                        <a href=\"https:\/\/portal.hokuryu.info\/tr\/40127\/\" target=\"_blank\">https:\/\/portal.hokuryu.info\/40127<\/a>\n                    <\/div>\n                    <div class=\"bc-excerpt-box\">Sayfa bilgileri al\u0131namad\u0131.<\/div>\n                <\/div>\n                <div class=\"bc-thumbnail-box\">\n                    <a href=\"https:\/\/portal.hokuryu.info\/tr\/40127\/\" target=\"_blank\">\n                        <div class=\"bc-img-zoom-wrap\">\n                            <img decoding=\"async\" src=\"https:\/\/portal.hokuryu.info\/wp\/wp-content\/uploads\/2026\/02\/20230802DSC06445_1.jpg\" alt=\"https:\/\/portal.hokuryu.info\/40127\">\n                        <\/div>\n                    <\/a>\n                <\/div>\n            <\/div>\n        <\/div>\n<p>\u25c7 R\u00f6portaj ve metin: Ikuko Terauchi (foto\u011fraf\u00e7\u0131l\u0131k ve d\u00fczenleme asistan\u0131: Noboru Terauchi)<\/p>","protected":false},"excerpt":{"rendered":"<p>\uff12\uff10\uff12\uff14\u5e74\uff11\u6708\uff11\uff16\u65e5\uff08\u706b\uff09 \u4ee4\u548c\uff16\u5e74\uff11\u6708\uff11\uff15\u65e5\uff08\u6708\uff09\u5348\u524d\uff11\uff11\u6642\u3088\u308a\u3001\u300c\u5317\u7adc\u753a\u8eab\u4f53\u969c\u5bb3\u8005\u798f\u7949\u5354\u4f1a\u30fb\u7dcf\u4f1a\u300d\uff06\u300c\u65b0\u5e74\u4f1a\u300d\u304c\u3001\u5317\u7adc\u753a\u8001\u4eba\u798f\u7949\u30bb\u30f3\u30bf\u30fc\u306b\u3066\u958b\u50ac\u3055\u308c\u307e\u3057\u305f\u3002 \u5317\u7adc\u753a\u8eab\u4f53\u969c\u5bb3\u8005\u798f\u7949\u5354\u4f1a\u30fb\u7dcf\u4f1a \u5c71\u4e0b\u597d [&hellip;]<\/p>\n","protected":false},"author":1,"featured_media":41056,"comment_status":"open","ping_status":"open","sticky":false,"template":"","format":"standard","meta":{"footnotes":""},"categories":[4,90,22],"tags":[],"class_list":["post-41055","post","type-post","status-publish","format-standard","has-post-thumbnail","hentry","category-cover-story","category-social-welfare-for-the-disable","category-csw"],"_links":{"self":[{"href":"https:\/\/portal.hokuryu.info\/tr\/wp-json\/wp\/v2\/posts\/41055","targetHints":{"allow":["GET"]}}],"collection":[{"href":"https:\/\/portal.hokuryu.info\/tr\/wp-json\/wp\/v2\/posts"}],"about":[{"href":"https:\/\/portal.hokuryu.info\/tr\/wp-json\/wp\/v2\/types\/post"}],"author":[{"embeddable":true,"href":"https:\/\/portal.hokuryu.info\/tr\/wp-json\/wp\/v2\/users\/1"}],"replies":[{"embeddable":true,"href":"https:\/\/portal.hokuryu.info\/tr\/wp-json\/wp\/v2\/comments?post=41055"}],"version-history":[{"count":0,"href":"https:\/\/portal.hokuryu.info\/tr\/wp-json\/wp\/v2\/posts\/41055\/revisions"}],"wp:featuredmedia":[{"embeddable":true,"href":"https:\/\/portal.hokuryu.info\/tr\/wp-json\/wp\/v2\/media\/41056"}],"wp:attachment":[{"href":"https:\/\/portal.hokuryu.info\/tr\/wp-json\/wp\/v2\/media?parent=41055"}],"wp:term":[{"taxonomy":"category","embeddable":true,"href":"https:\/\/portal.hokuryu.info\/tr\/wp-json\/wp\/v2\/categories?post=41055"},{"taxonomy":"post_tag","embeddable":true,"href":"https:\/\/portal.hokuryu.info\/tr\/wp-json\/wp\/v2\/tags?post=41055"}],"curies":[{"name":"wp","href":"https:\/\/api.w.org\/{rel}","templated":true}]}}