{"id":40681,"date":"2024-01-01T00:00:41","date_gmt":"2023-12-31T15:00:41","guid":{"rendered":"https:\/\/portal.hokuryu.info\/?p=40681"},"modified":"2024-01-01T15:09:29","modified_gmt":"2024-01-01T06:09:29","slug":"yeni-yiliniz-kutlu-olsun-reiwa-6-hokuryu-kasabasi-belediye-baskani-yutaka-sano","status":"publish","type":"post","link":"https:\/\/portal.hokuryu.info\/tr\/40681\/","title":{"rendered":"Yeni Y\u0131l\u0131n\u0131z Kutlu Olsun, Reiwa 6, Hokuryu Kasabas\u0131 Belediye Ba\u015fkan\u0131 Yutaka Sano"},"content":{"rendered":"<p>Pazartesi, 1 Ocak 2024<\/p>\n<h2>Hokuryu Kasabas\u0131 Belediye Ba\u015fkan\u0131 Yutaka Sano&#039;dan Yeni Y\u0131l Tebrikleri<\/h2>\n<figure class=\"wp-caption aligncenter\"><img decoding=\"async\" class=\"size-medium\" src=\"https:\/\/portal.hokuryu.info\/wp\/wp-content\/uploads\/2024\/01\/2023-12-31-13.59.33.jpg\" alt=\"Yeni Y\u0131l\u0131n\u0131z Kutlu Olsun, Reiwa 6, Hokuryu Kasabas\u0131 Belediye Ba\u015fkan\u0131 Yutaka Sano\" width=\"2000\" \/><figcaption class=\"wp-caption-text\">Yeni Y\u0131l\u0131n\u0131z Kutlu Olsun, Reiwa 6, Hokuryu Kasabas\u0131 Belediye Ba\u015fkan\u0131 Yutaka Sano<\/figcaption><\/figure>\n<h3>mesaj<\/h3>\n<p>T\u00fcm kasaba halk\u0131na mutlu y\u0131llar dileriz.<\/p>\n<p>Sizin ve ailelerinizin sa\u011fl\u0131kl\u0131 olmas\u0131n\u0131 ve Reiwa 6 Yeni Y\u0131l\u0131n\u0131n iyi ge\u00e7mesini umuyoruz.<\/p>\n<p>Ge\u00e7ti\u011fimiz y\u0131la bakt\u0131\u011f\u0131m\u0131zda COVID-19, May\u0131s ay\u0131ndan bu yana Bula\u015f\u0131c\u0131 Hastal\u0131klar Kontrol Yasas\u0131 kapsam\u0131nda 5. S\u0131n\u0131f bula\u015f\u0131c\u0131 hastal\u0131k olarak s\u0131n\u0131fland\u0131r\u0131l\u0131yor ve hayatlar\u0131m\u0131z yava\u015f yava\u015f normale d\u00f6n\u00fcyor.<\/p>\n<p>Ancak bula\u015f\u0131c\u0131 hastal\u0131k hen\u00fcz ortadan kalkmad\u0131 ve enfeksiyonun yay\u0131lmas\u0131n\u0131 \u00f6nlemek i\u00e7in \u00e7abalar\u0131m\u0131z\u0131 s\u00fcrd\u00fcrmemiz gerekiyor. \u0130\u015fbirli\u011finizin devam\u0131n\u0131 dileriz.<\/p>\n<p>Ana sekt\u00f6r\u00fcm\u00fcz olan tar\u0131mda, karlar\u0131n erimesiyle birlikte tar\u0131m i\u015fleri sorunsuz bir \u015fekilde ilerliyordu ancak Haziran ve Temmuz aylar\u0131ndaki al\u0131\u015f\u0131lmad\u0131k derecede y\u00fcksek s\u0131cakl\u0131klar ve A\u011fustos ba\u015f\u0131ndaki ya\u011f\u0131\u015flar, tarlalarda g\u00f6zle g\u00f6r\u00fcl\u00fcr bir \u015fekilde y\u0131\u011f\u0131lmaya neden oldu ve \u00fcreticiler i\u00e7in olduk\u00e7a zor bir y\u0131l oldu.<\/p>\n<p>Ancak bu y\u0131l lezzetli pirin\u00e7lerin \u00fcretilmesi \u00fcreticilerin \u00f6zverili \u00e7al\u0131\u015fmalar\u0131n\u0131n bir sonucudur, bundan dolay\u0131 kendilerine en derin sayg\u0131lar\u0131m\u0131 sunmak isterim. Pirin\u00e7 fiyatlar\u0131 art\u0131\u015f e\u011filiminde olsa da ham petrol ve di\u011fer malzeme maliyetlerinin artmas\u0131 nedeniyle durum h\u00e2l\u00e2 zor. Ulusal ve il h\u00fck\u00fcmetlerini g\u00fc\u00e7l\u00fc \u00f6nlemler almaya \u00e7a\u011f\u0131rmaya devam edece\u011fiz.<\/p>\n<p>Ayr\u0131ca, kasaban\u0131n en \u00f6nemli etkinliklerinden biri olan 39. Ay\u00e7i\u00e7e\u011fi Festivali&#039;nde, al\u0131\u015f\u0131lmad\u0131k derecede y\u00fcksek s\u0131cakl\u0131klar nedeniyle \u00e7i\u00e7ekler normalden yakla\u015f\u0131k 10 g\u00fcn \u00f6nce a\u00e7t\u0131 ve bir\u00e7ok tarlan\u0131n Obon tatillerinde zirve d\u00f6nemi geride kald\u0131\u011f\u0131 g\u00f6r\u00fcld\u00fc. Ancak ayn\u0131 anda a\u00e7an \u00e7i\u00e7ekler \u00e7ok g\u00fczel ve g\u00f6r\u00fclmeye de\u011ferdi, turist kat\u0131l\u0131m\u0131 da iyiydi, 208 bin ki\u015fi kat\u0131ld\u0131.<\/p>\n<p>\u00dclkenin d\u00f6rt bir yan\u0131ndan yo\u011fun destek alan Memleket Destek Ba\u011f\u0131\u015f\u0131&#039;n\u0131n, ay\u00e7i\u00e7e\u011fi pirinci ve ay\u00e7i\u00e7e\u011fi kavunu gibi hediyelerin pop\u00fclerli\u011fini korumas\u0131 nedeniyle dokuzuncu y\u0131lda da 300 milyon yeni a\u015fmas\u0131 bekleniyor. Gelecekte, cazip \u015fehir geli\u015ftirme ve \u00f6zel \u00fcr\u00fcnler arac\u0131l\u0131\u011f\u0131yla daha \u00e7ok insan\u0131n Kitary\u016b Kasabas\u0131&#039;n\u0131 desteklemesini te\u015fvik etmek i\u00e7in \u00e7al\u0131\u015fmaya devam edece\u011fiz.<\/p>\n<p>Kamu tesislerinin yeniden tahsis plan\u0131na dayal\u0131 tesis geli\u015ftirme \u00e7al\u0131\u015fmalar\u0131 bu y\u0131l ba\u015flayacak. \u0130lk planlanan projeler afet \u00f6nleme depolama deposunun in\u015fas\u0131 ve ara\u00e7 merkezinin yeniden in\u015fas\u0131d\u0131r.<\/p>\n<p>Ayr\u0131ca y\u00f6netim, Sorachi Chuo Otob\u00fcs Hokuryu Hatt\u0131 kapal\u0131yken ona bir alternatif sa\u011flanmas\u0131 ve Himawari no Sato&#039;nun geli\u015ftirilmesi gibi yerel toplu ta\u015f\u0131may\u0131 g\u00fcvence alt\u0131na alacak \u00f6nlemler de dahil olmak \u00fczere bir dizi zorlukla kar\u015f\u0131 kar\u015f\u0131ya. Ancak, kasaba halk\u0131yla birlikte geli\u015ftirdi\u011fimiz &quot;de\u011fer&quot; ve &quot;deneyim&quot;i de\u011ferlendirerek, her bir sakininin doyumlu bir ya\u015fam s\u00fcrebilece\u011fi bir kasaba yaratmak i\u00e7in \u00e7al\u0131\u015fmaya devam edece\u011fiz.<\/p>\n<p>Son olarak, yeni y\u0131l\u0131n hepiniz i\u00e7in ayd\u0131nl\u0131k ve mutlu ge\u00e7mesini temenni ediyor, yeni y\u0131l dileklerimi iletiyorum.<\/p>\n<p style=\"text-align: right;\">&lt; <a href=\"http:\/\/www.town.hokuryu.hokkaido.jp\/content\/kouhou.php\" rel=\"noopener\" target=\"_blank\">&quot;Hokuryu Halkla \u0130li\u015fkiler&quot; Ocak 2024 say\u0131s\u0131, No. 701&#039;den al\u0131nt\u0131<\/a> \uff1e<\/p>\n<p>\u25c7<\/p>\n<h2>\u0130lgili makaleler<\/h2>\n<div class=\"img-move\">\n<div class=\"sitecard\">\n<div class=\"sitecard__subtitle\">Belediye Ba\u015fkan\u0131 Yutaka Sano&#039;dan Son Faaliyet Raporu<\/div>\n<div class=\"column column-273\">\n<div class=\"column__item\"><b style=\"font-size: 14pt;\"><br \/>\n<span style=\"color: #ff9900;\">\u25b6<\/span> <a href=\"https:\/\/portal.hokuryu.info\/tr\/kategori\/kurulus-2\/sano-yutaka-mayor\/\" target=\"_blank\" rel=\"noopener\">[Son] Hokuryu Kasabas\u0131 Belediye Ba\u015fkan\u0131 Yutaka Sano&#039;nun faaliyet raporu Facebook sayfas\u0131n\u0131n ar\u015fivi i\u00e7in buraya t\u0131klay\u0131n &gt;&gt;<\/a><\/b><\/div>\n<div class=\"column__item\"><img decoding=\"async\" src=\"https:\/\/lh3.googleusercontent.com\/pw\/ACtC-3fa8QmJtOukhxzM9h4kihqRfX_ERWQBUc9jQC2niNugjhiVlWwnbjlXTqFWt5hOnTko1p5JbgPPTyxnbndetuQCcZWtFrpGmdlJW4xqhueiV02FswutytRB6jAcfD5Ojm7wC4sC3ciBBa6OJQKogqgR=w1420-h946-no?authuser=0\" alt=\"Belediye Ba\u015fkan\u0131 Yutaka Sano&#039;dan Son Faaliyet Raporu\" \/><\/div>\n<\/div>\n<\/div>\n<div class=\"sitecard\">\n<div class=\"sitecard__subtitle\">Belediye Ba\u015fkan\u0131 Yutaka Sano&#039;nun Mesaj\u0131 (2015-2020)<\/div>\n<div class=\"column column-273\">\n<div class=\"column__item\"><b style=\"font-size: 14pt;\"><br \/>\n<span style=\"color: #ff9900;\">\u25b6<\/span> <a href=\"https:\/\/portal.hokuryu.info\/tr\/mayor.html\/\" target=\"_blank\" rel=\"noopener\">Hokuryu Kasabas\u0131 Belediye Ba\u015fkan\u0131 Yutaka Sano&#039;nun (2015-2020) mesaj\u0131 burada &gt;&gt;<\/a><\/b><\/div>\n<div class=\"column__item\"><img decoding=\"async\" src=\"https:\/\/lh3.googleusercontent.com\/w57e0ZGU-mVAdJtByFPC6Guy4qNuS1_J6XZut8iWquoydPpo-8NVfMQaygaa13roauvNMd9MSEDQObRqXqVCmbV1iwcVGGb2ddJMkcUNzeE1Hfh9HYKIURY3ERW19gmBtXFYn9xI4yCBwD4qUjOx0Y8jhUzoIQ3yks9F1uWjeRsadlluXgoAwDcxlgNLIP3AhpVXpGxv7Uy4RXdL31HU_jYnzORrC08qwltT0RpJe5jg_LtxsoQoioqGPa4ko9bHN94wO-Y3wAY262XWlPlRO9t_ZTuG74Ml1YfvorE1aGQjzTJDw2SDX4y7-PlWBdSaPcDTl9Pi02CZT7jZMuIo3V3PFXbjC2UB0Cy3-J79JhiXgI5gopUGDp8HAEzKc3lUR3IsSbQZS-3LW0iwy2omoeFoKZuQaj8w35gpYDyzrZhGN0VkBSUsP5C5ifpCs0Kr2OhM-fGf65mqdxg_DhlpN5xMNIRf0nxvLur73MgmmzXTmzJ2nUXqnuWWNVT7W8H4cp173x9n0ba8RJWAwxpxozS7hghAVS86RIZpCLO3ntsiPj7Da68YvxDha6tF8TAbqumGPX6A1r4x5JT3E6qGhujpa20NcI9_GWWPwfDmYjzJfFSoK1exf-m30Py2GivMrfFkmwjdp9V_qZMdTq93rZECHrGUDotZzSXLlnBo1ks8bcLqt4wyaRwXkbIxI3E1cKOOKe4LZZ7NVc496w=w1409-h940-no\" alt=\"Belediye Ba\u015fkan\u0131 Yutaka Sano&#039;nun mesaj\u0131\" \/><\/div>\n<\/div>\n<\/div>\n<\/div>\n<p>\u25c7<\/p>","protected":false},"excerpt":{"rendered":"<p>\uff12\uff10\uff12\uff14\u5e74\uff11\u6708\uff11\u65e5\uff08\u6708\uff09 \u5e74\u982d\u306e\u3054\u6328\u62f6\u3000\u5317\u7adc\u753a\u9577 \u4f50\u91ce\u8c4a \u30e1\u30c3\u30bb\u30fc\u30b8 \u753a\u6c11\u306e\u7686\u69d8\u660e\u3051\u307e\u3057\u3066\u304a\u3081\u3067\u3068\u3046\u3054\u3056\u3044\u307e\u3059\u3002 \u7686\u69d8\u65b9\u306b\u306f\u3001\u4ee4\u548c6\u5e74\u306e\u65b0\u6625\u3092\u3054\u5bb6\u65cf\u5171\u3005\u304a\u5065\u3084\u304b\u306b\u304a\u8fce\u3048\u306e\u3053\u3068\u3068\u304a\u6176\u3073\u7533\u3057\u4e0a\u3052\u307e\u3059\u3002 \u6628 [&hellip;]<\/p>\n","protected":false},"author":1,"featured_media":40689,"comment_status":"open","ping_status":"open","sticky":false,"template":"","format":"standard","meta":{"footnotes":""},"categories":[5,14],"tags":[],"class_list":["post-40681","post","type-post","status-publish","format-standard","has-post-thumbnail","hentry","category-sano-yutaka-formermayor","category-hokuryu-town"],"_links":{"self":[{"href":"https:\/\/portal.hokuryu.info\/tr\/wp-json\/wp\/v2\/posts\/40681","targetHints":{"allow":["GET"]}}],"collection":[{"href":"https:\/\/portal.hokuryu.info\/tr\/wp-json\/wp\/v2\/posts"}],"about":[{"href":"https:\/\/portal.hokuryu.info\/tr\/wp-json\/wp\/v2\/types\/post"}],"author":[{"embeddable":true,"href":"https:\/\/portal.hokuryu.info\/tr\/wp-json\/wp\/v2\/users\/1"}],"replies":[{"embeddable":true,"href":"https:\/\/portal.hokuryu.info\/tr\/wp-json\/wp\/v2\/comments?post=40681"}],"version-history":[{"count":0,"href":"https:\/\/portal.hokuryu.info\/tr\/wp-json\/wp\/v2\/posts\/40681\/revisions"}],"wp:featuredmedia":[{"embeddable":true,"href":"https:\/\/portal.hokuryu.info\/tr\/wp-json\/wp\/v2\/media\/40689"}],"wp:attachment":[{"href":"https:\/\/portal.hokuryu.info\/tr\/wp-json\/wp\/v2\/media?parent=40681"}],"wp:term":[{"taxonomy":"category","embeddable":true,"href":"https:\/\/portal.hokuryu.info\/tr\/wp-json\/wp\/v2\/categories?post=40681"},{"taxonomy":"post_tag","embeddable":true,"href":"https:\/\/portal.hokuryu.info\/tr\/wp-json\/wp\/v2\/tags?post=40681"}],"curies":[{"name":"wp","href":"https:\/\/api.w.org\/{rel}","templated":true}]}}