{"id":40526,"date":"2023-12-25T10:08:42","date_gmt":"2023-12-25T01:08:42","guid":{"rendered":"https:\/\/portal.hokuryu.info\/?p=40526"},"modified":"2023-12-25T20:52:12","modified_gmt":"2023-12-25T11:52:12","slug":"profesor-motoyasu-shinbonun-hokuryu-kasabasindaki-okullarin-gelecegi-konulu-konferansi","status":"publish","type":"post","link":"https:\/\/portal.hokuryu.info\/tr\/40526\/","title":{"rendered":"Hokuriku Kasabas\u0131ndaki Okullar\u0131n Gelecekteki Geli\u015fiminin De\u011ferlendirilmesi Sempozyumu&#039;nun a\u00e7\u0131l\u0131\u015f\u0131nda 50&#039;den fazla kasabal\u0131 bir araya gelerek Profes\u00f6r Motoyasu Nibo&#039;nun konu\u015fmas\u0131 yap\u0131ld\u0131."},"content":{"rendered":"<p>Pazartesi, 25 Aral\u0131k 2023<\/p>\n<p>22 Aral\u0131k Cuma g\u00fcn\u00fc saat 18:30&#039;da Hokuriku Kasabas\u0131 E\u011fitim Kurulu&#039;nun sponsorlu\u011funda &quot;Hokuriku Kasabas\u0131ndaki Okullar\u0131n Gelecekteki Geli\u015fiminin De\u011ferlendirilmesi Sempozyumu&quot; Hokuriku Kasaba Toplum Merkezi&#039;nin b\u00fcy\u00fck salonunda d\u00fczenlendi.<\/p>\n<p>Etkinli\u011fe gen\u00e7 aileler de dahil olmak \u00fczere 50&#039;den fazla kasabal\u0131 kat\u0131ld\u0131, ufuklar\u0131n\u0131 geni\u015fletti ve Kitary\u016b kasabas\u0131ndaki okullar\u0131n gelece\u011fi hakk\u0131nda d\u00fc\u015f\u00fcnd\u00fc, gelecekte okullar\u0131n bilinmeyen yeni bi\u00e7imini tart\u0131\u015ft\u0131.<\/p>\n<h2>Hokuryu Kasabas\u0131nda gelecekteki okul geli\u015fimini ele alan sempozyum<\/h2>\n<p>A\u00e7\u0131l\u0131\u015f sempozyumu, \u015fu anda E\u011fitim, K\u00fclt\u00fcr, Spor, Bilim ve Teknoloji Bakanl\u0131\u011f\u0131&#039;nda okul dijital d\u00f6n\u00fc\u015f\u00fcm stratejileri konusunda dan\u0131\u015fmanl\u0131k yapan eski okul m\u00fcd\u00fcr\u00fc Motoyasu Niibo&#039;nun bir konu\u015fmas\u0131 etraf\u0131nda \u015fekillendi ve zorunlu e\u011fitim okullar\u0131na dair \u00f6rnekler sunuldu ve kat\u0131l\u0131mc\u0131lar\u0131n fikir al\u0131\u015fveri\u015finde bulunmalar\u0131 ve soru sormalar\u0131 i\u00e7in bir f\u0131rsat sunuldu.<\/p>\n<figure class=\"wp-caption aligncenter\"><a href=\"https:\/\/photos.google.com\/share\/AF1QipMRGCtAGzkw6lIs-ySRAuh88jhUnrllkm60kj4ukUrfu2-yGItVmcdT7ADtlGObjg\/photo\/AF1QipP6YRGCXJUkouuy_9KX7qFjFlpx3Dc4B6g-nd8?key=MHhlT2JzRFFwbHRQN000NmI4WEh6cDJ0ZF9VWndR\" target=\"_blnak\" rel=\"noopener\"><img decoding=\"async\" src=\"https:\/\/lh3.googleusercontent.com\/pw\/ABLVV868CNi26frq-i6rQFSvFPyTsux99cRLmv0cGrhx7jBwCs1UO6ZbTCoXuiWuHXJenSEO501VpEu5NFyjlvo7QiFN4Xk5pq7irStVzNilE1v9OlFixrg6mugWP9wDB-Ndcp-uE7MJU-_ZLQm4H_S9-aEM=w1850-h1286-s-no-gm?authuser=0\" width=\"2000\" height=\"1333\" alt=\"Hokuryu Kasabas\u0131nda gelecekteki okul geli\u015fimini ele alan sempozyum\" class=\"size-full\" \/><\/a><figcaption class=\"wp-caption-text\">Hokuryu Kasabas\u0131nda gelecekteki okul geli\u015fimini ele alan sempozyum<\/figcaption><\/figure>\n<h3>D\u00fczenleyen: Hokuryu Kasaba E\u011fitim Kurulu<\/h3>\n<ul>\n<li><strong>Organizat\u00f6r:<\/strong>Hokuryu Kasaba E\u011fitim Kurulu<\/li>\n<li><strong>i\u015fbirli\u011fi:<\/strong>Hokuryu Kasabas\u0131 \u0130lkokulu ve Ortaokulu, Hokuryu Kasabas\u0131 Yawara Anaokulu, Hokuryu Kasabas\u0131 PTA Derne\u011fi<\/li>\n<\/ul>\n<h3>Hokuryu Kasabas\u0131nda entegre ilkokul ve ortaokul e\u011fitimi i\u00e7in bir okul in\u015fa ediliyor: 2029&#039;da a\u00e7\u0131l\u0131yor<\/h3>\n<p>Kitary\u016b Kasabas\u0131, 2029 y\u0131l\u0131nda a\u00e7\u0131lmas\u0131 hedeflenen, entegre ilkokul ve ortaokul e\u011fitimi veren bir okul in\u015fa etmeyi planl\u0131yor (Reiwa 11).<\/p>\n<p>\u0130lkokuldan ortaokula kadar t\u00fcm \u00f6\u011frencilerin birlikte \u00f6\u011frenebilece\u011fi ve geli\u015febilece\u011fi, ayn\u0131 zamanda yerel halkla ili\u015fkilere de\u011fer veren bir okul yaratmak amac\u0131yla bir mahalle inceleme komitesi kurduk ve kasaba halk\u0131yla g\u00f6r\u00fc\u015fmeleri s\u00fcrd\u00fcrece\u011fiz.<\/p>\n<figure id=\"attachment_29321\" class=\"wp-caption aligncenter\"><a href=\"https:\/\/portal.hokuryu.info\/tr\/29298\/\" target=\"_blank\" rel=\"noopener\"><img decoding=\"async\" src=\"https:\/\/portal.hokuryu.info\/wp\/wp-content\/uploads\/2023\/02\/2023-02-02-7.50.42.png\" alt=\"Hokuryu Kasabas\u0131 Kamu Tesisi Ta\u015f\u0131ma Plan\u0131&#039;ndan (taslak) al\u0131nt\u0131\" width=\"1808\" height=\"984\" class=\"alignright size-full wp-image-29320\" \/><figcaption class=\"wp-caption-text\">Hokuryu Kasabas\u0131 Kamu Tesisi Ta\u015f\u0131ma Plan\u0131&#039;ndan (taslak) al\u0131nt\u0131<\/a><\/figcaption><\/figure>\n<h3>resepsiyon<\/h3>\n<figure class=\"wp-caption aligncenter\"><a href=\"https:\/\/photos.google.com\/share\/AF1QipMRGCtAGzkw6lIs-ySRAuh88jhUnrllkm60kj4ukUrfu2-yGItVmcdT7ADtlGObjg\/photo\/AF1QipPo8kLo7w04po4iLl25fOsZmOvNPMjvrJiIISI?key=MHhlT2JzRFFwbHRQN000NmI4WEh6cDJ0ZF9VWndR\" target=\"_blnak\" rel=\"noopener\"><img decoding=\"async\" src=\"https:\/\/lh3.googleusercontent.com\/pw\/ABLVV84R6SC6fvGiNXBEpAIjAkf0dz2dxlV5R1cXXAerF_tqNiJlYcsAvatur41G4StRPDYmo43_h8F4Hz1lG3VVsV_zT6aW_zQF4ZHSNW5pDlrXYorSDy22VDSXE2DYKAINiA589_EaCLKnrQTut53R3_z4=w2000-h1333-s-no-gm?authuser=0\" width=\"2000\" height=\"1333\" alt=\"resepsiyon\" class=\"size-full\" \/><\/a><figcaption class=\"wp-caption-text\">resepsiyon<\/figcaption><\/figure>\n<h3>Catering hizmetleri<\/h3>\n<p>Etkinlik alan\u0131nda t\u00fcm kat\u0131l\u0131mc\u0131lara iki\u015fer adet Sapporo Sasaya Daifuku &quot;Kurosengoku Daifuku&quot; verilecek ve \u00e7ocuklara da tatl\u0131 ikram edilecek! Ayr\u0131ca \u00fccretsiz \u00e7ay da mevcuttu.<\/p>\n<h4>Sasaya Daifuku &quot;Kurosengoku Daifuku&quot; sunumu<\/h4>\n<figure class=\"wp-caption aligncenter\"><a href=\"https:\/\/photos.google.com\/share\/AF1QipMRGCtAGzkw6lIs-ySRAuh88jhUnrllkm60kj4ukUrfu2-yGItVmcdT7ADtlGObjg\/photo\/AF1QipMD-YDSwfMMWp7dHicbl9vBj0jWrbobjRAX3H4?key=MHhlT2JzRFFwbHRQN000NmI4WEh6cDJ0ZF9VWndR\" target=\"_blnak\" rel=\"noopener\"><img decoding=\"async\" src=\"https:\/\/lh3.googleusercontent.com\/pw\/ABLVV85TzzliIOS1fHm_cAaLU1BGmxSzaEyRnIm0i9hvmczYFpuXeUGc1Jppwd8GRLBYzsyUykoV2L_3nVJv3ieSr6b6EL4AecJAKcYpfYjF2uB3EDKe4jaqwP-R1laPBYSAvdfneFOFMCqjThyEMK-jcDpx=w2000-h1333-s-no-gm?authuser=0\" width=\"2000\" height=\"1333\" alt=\"Sasaya Daifuku &quot;Kurosengoku Daifuku&quot;nun \u00fccretsiz hediyesi\" class=\"size-full\" \/><\/a><figcaption class=\"wp-caption-text\">Sasaya Daifuku &quot;Kurosengoku Daifuku&quot;nun \u00fccretsiz hediyesi<\/figcaption><\/figure>\n<figure class=\"wp-caption aligncenter\"><a href=\"https:\/\/photos.google.com\/share\/AF1QipMRGCtAGzkw6lIs-ySRAuh88jhUnrllkm60kj4ukUrfu2-yGItVmcdT7ADtlGObjg\/photo\/AF1QipOCZz7kL-Q7a-2tB9lV9un8OK7Q0D1Z6fyKYe4?key=MHhlT2JzRFFwbHRQN000NmI4WEh6cDJ0ZF9VWndR\" target=\"_blnak\" rel=\"noopener\"><img decoding=\"async\" src=\"https:\/\/lh3.googleusercontent.com\/pw\/ABLVV87VAlNO299TfuCCG5Qd6bLWWUiq6pLcRBfSTyM_X3tq_-rvfY9ChFaPdJH4u-GAHXljxd_IbgwuPzPLxJBovwMRC2iaVkfpGbf-BxFUkofPivqQ6AmDBtz-kac3RfQi6GF4w6QHou2jopZKpRJqCPaG=w1866-h1400-s-no-gm?authuser=0\" width=\"1866\" height=\"1400\" alt=\"Kurosengoku soya fasulyesinin varl\u0131\u011f\u0131yla Daifuku\" class=\"size-full\" \/><\/a><figcaption class=\"wp-caption-text\">Kurosengoku soya fasulyesinin varl\u0131\u011f\u0131yla Daifuku<\/figcaption><\/figure>\n\n        <div class=\"site-blogcard-premium\">\n            <div class=\"bc-label-custom\">\u0130lgili makaleler<\/div>\n            <div class=\"bc-flex-container\">\n                <div class=\"bc-main-text\">\n                    <div class=\"bc-title-link-box\">\n                        <a href=\"https:\/\/portal.hokuryu.info\/tr\/5451\/#outline_1__6_1\" target=\"_blank\">https:\/\/portal.hokuryu.info\/5451\/#outline_1__6_1<\/a>\n                    <\/div>\n                    <div class=\"bc-excerpt-box\">Sayfa bilgileri al\u0131namad\u0131.<\/div>\n                <\/div>\n                <div class=\"bc-thumbnail-box\">\n                    <a href=\"https:\/\/portal.hokuryu.info\/tr\/5451\/#outline_1__6_1\" target=\"_blank\">\n                        <div class=\"bc-img-zoom-wrap\">\n                            <img decoding=\"async\" src=\"https:\/\/portal.hokuryu.info\/wp\/wp-content\/uploads\/2026\/02\/20230802DSC06445_1.jpg\" alt=\"https:\/\/portal.hokuryu.info\/5451\/#outline_1__6_1\">\n                        <\/div>\n                    <\/a>\n                <\/div>\n            <\/div>\n        <\/div>\n<h4>Tatl\u0131, \u00e7ay hediyesi<\/h4>\n<figure class=\"wp-caption aligncenter\"><a href=\"https:\/\/photos.google.com\/share\/AF1QipMRGCtAGzkw6lIs-ySRAuh88jhUnrllkm60kj4ukUrfu2-yGItVmcdT7ADtlGObjg\/photo\/AF1QipNli3vp9olLOtcJ3MjEKrQjUcLqmSnldeo8S7g?key=MHhlT2JzRFFwbHRQN000NmI4WEh6cDJ0ZF9VWndR\" target=\"_blnak\" rel=\"noopener\"><img decoding=\"async\" src=\"https:\/\/lh3.googleusercontent.com\/pw\/ABLVV84HPlkS3V_6q-lllje9WJR4MveXFj4HyDbxaFnMxRNNHhGTGW_zOt0eL2aWvB-9J86_Y2-UzPW9SylkYX35i_mBjAFcag3GLnoVXoGqoftVBLly4gVGRRdbw4BfnPBuG0EDdx1ryXrcsK1FC6cPaV2i=w2000-h1333-s-no-gm?authuser=0\" width=\"2000\" height=\"1333\" alt=\"\u00c7ocuklara \u015feker hediyeleri!\" class=\"size-full\" \/><\/a><figcaption class=\"wp-caption-text\">\u00c7ocuklara \u015feker hediyeleri!<\/figcaption><\/figure>\n<h4>\u00c7ay k\u00f6\u015fesi<\/h4>\n<figure class=\"wp-caption aligncenter\"><a href=\"https:\/\/photos.google.com\/share\/AF1QipMRGCtAGzkw6lIs-ySRAuh88jhUnrllkm60kj4ukUrfu2-yGItVmcdT7ADtlGObjg\/photo\/AF1QipOS1EwFEs_-z67srchoOLdzH1zOUyFDEM-GjtE?key=MHhlT2JzRFFwbHRQN000NmI4WEh6cDJ0ZF9VWndR\" target=\"_blnak\" rel=\"noopener\"><img decoding=\"async\" src=\"https:\/\/lh3.googleusercontent.com\/pw\/ABLVV87Z3AKgNysKC8MPkh3inSxiXVFMs7DkiK61SzFw6wI55fLXG9JiTt14wBH5YpjgWRlf99hje89w8wQyG69lEWe_53B8XezE4ZXYjolCzUZaoOKTpUjmxKfqnLuTYkbE0vNNeiBG0u_2z_Y8H87jeFUa=w2000-h1333-s-no-gm?authuser=0\" width=\"2000\" height=\"1333\" alt=\"\u00dccretsiz i\u00e7ecek k\u00f6\u015fesi\" class=\"size-full\" \/><\/a><figcaption class=\"wp-caption-text\">\u00dccretsiz i\u00e7ecek k\u00f6\u015fesi<\/figcaption><\/figure>\n<h3>\u00c7ocuk bak\u0131m\u0131 k\u00f6\u015fesi<\/h3>\n<p>Ayr\u0131ca, k\u00fc\u00e7\u00fck \u00e7ocuklar\u0131n\u0131z\u0131 orada b\u0131rak\u0131p rahat ve g\u00fcvenli bir ortamda sempozyuma kat\u0131labilece\u011finiz bir kre\u015f de bulunacakt\u0131r.<\/p>\n<figure class=\"wp-caption aligncenter\"><a href=\"https:\/\/photos.google.com\/share\/AF1QipMRGCtAGzkw6lIs-ySRAuh88jhUnrllkm60kj4ukUrfu2-yGItVmcdT7ADtlGObjg\/photo\/AF1QipPlm0r6vKivvoE7KA8vuXBeePT5nfJu7IK3yMo?key=MHhlT2JzRFFwbHRQN000NmI4WEh6cDJ0ZF9VWndR\" target=\"_blnak\" rel=\"noopener\"><img decoding=\"async\" src=\"https:\/\/lh3.googleusercontent.com\/pw\/ABLVV84ENNAT3WosqrVH4fkWf_dqn0Oi-cgQccxvguYm8ME-EOkh3mifaYtfuC-aSSc0GfvSriERMvXmb_jtS357yEvCHOjvaB-EjIc74M5mfHCNmEcIrTaXwV3I83DG3ecbaT9DQ6kObIE5ILLeCJLO5jVD=w2000-h1333-s-no-gm?authuser=0\" width=\"2000\" height=\"1333\" alt=\"\u00c7ocuk bak\u0131m\u0131 k\u00f6\u015fesi\" class=\"size-full\" \/><\/a><figcaption class=\"wp-caption-text\">\u00c7ocuk bak\u0131m\u0131 k\u00f6\u015fesi<\/figcaption><\/figure>\n<h3>Moderat\u00f6r: Junichi Iguchi, B\u00f6l\u00fcm \u015eefi, Hokuryu Kasabas\u0131 E\u011fitim Kurulu<\/h3>\n<figure class=\"wp-caption aligncenter\"><a href=\"https:\/\/photos.google.com\/share\/AF1QipMRGCtAGzkw6lIs-ySRAuh88jhUnrllkm60kj4ukUrfu2-yGItVmcdT7ADtlGObjg\/photo\/AF1QipP8pmbQeo_Oqn_2VDZGdbugfdrCaimgBGph_z8?key=MHhlT2JzRFFwbHRQN000NmI4WEh6cDJ0ZF9VWndR\" target=\"_blnak\" rel=\"noopener\"><img decoding=\"async\" src=\"https:\/\/lh3.googleusercontent.com\/pw\/ABLVV86JCBJB1b1QlrOiFfdDZDGJuYmNz15I53h53PUOcG59TyXt9H5ZOsEFZMMmEbzHq8es6eQNWy5GtzXJGqcENn4nSgchtTCg_O3nWNnWdioIrih9nCfa1czja8zmGH7vNHL9ecG_C1-xipw1HH0W8Ssj=w2000-h1333-s-no-gm?authuser=0\" width=\"2000\" height=\"1333\" alt=\"Etkinli\u011fin moderat\u00f6rl\u00fc\u011f\u00fcn\u00fc Hokuryu Kasaba E\u011fitim Kurulu B\u00f6l\u00fcm \u015eefi Junichi Iguchi yapt\u0131.\" class=\"size-full\" \/><\/a><figcaption class=\"wp-caption-text\">Etkinli\u011fin moderat\u00f6rl\u00fc\u011f\u00fcn\u00fc Hokuryu Kasaba E\u011fitim Kurulu B\u00f6l\u00fcm \u015eefi Junichi Iguchi yapt\u0131.<\/figcaption><\/figure>\n<p>&quot;Hokuryu Kasabas\u0131 \u015fimdiye kadar okul tesislerinin nas\u0131l geli\u015ftirilip korunaca\u011f\u0131n\u0131 ve kasaba merkezindeki kamu tesislerinin nas\u0131l birle\u015ftirilece\u011fini d\u00fc\u015f\u00fcn\u00fcyordu.<\/p>\n<p>\u015eu anda 2023-2024 y\u0131llar\u0131n\u0131 kapsayan iki y\u0131ll\u0131k s\u00fcre\u00e7te nas\u0131l bir okul e\u011fitimi hedefleyece\u011fimiz, e\u011fitim ve kamu olanaklar\u0131n\u0131 bir arada sunan tesisleri nas\u0131l geli\u015ftirece\u011fimiz konusunda somut politikalar\u0131 de\u011ferlendirme a\u015famas\u0131nday\u0131z.<\/p>\n<p>\u015eu ana kadar yap\u0131lan \u00e7al\u0131\u015fmalara g\u00f6re Hokuryu Kasabas\u0131&#039;n\u0131n kar\u015f\u0131 kar\u015f\u0131ya oldu\u011fu mevcut zorluklar \u015funlard\u0131r:<\/p>\n<ol>\n<li>\u00c7ocuk ve \u00f6\u011frenci say\u0131s\u0131n\u0131n azalmas\u0131<\/li>\n<li>G\u00f6\u00e7 ve yerle\u015fmenin te\u015fvik edilmesindeki sorunlar<\/li>\n<li>Okullar gibi kamu tesislerinin eskimesi<\/li>\n<\/ol>\n<p>Bu konuyu bir &quot;olas\u0131l\u0131k&quot; olarak yeniden yorumlarsak, e\u011fitim ortam\u0131 a\u00e7\u0131s\u0131ndan daha destekleyici k\u00fc\u00e7\u00fck s\u0131n\u0131fl\u0131 e\u011fitime ve ilkokul ile ortaokul aras\u0131nda yak\u0131n i\u015fbirli\u011fine, kentsel geli\u015fim a\u00e7\u0131s\u0131ndan ise \u00e7ocuk yeti\u015ftirmeye daha fazla destek ve okulun merkezde oldu\u011fu bir toplumsal kalk\u0131nma merkezi yarat\u0131lmas\u0131na yol a\u00e7aca\u011f\u0131na inan\u0131yoruz.<\/p>\n<p>E\u011fitim ortam\u0131 ile kentsel geli\u015fim aras\u0131ndaki bu i\u015fbirli\u011finin, \u00e7ocuklu aileler i\u00e7in cazip bir kent yarataca\u011f\u0131na, insanlar\u0131n b\u00f6lgeye ta\u015f\u0131n\u0131p yerle\u015fmesini te\u015fvik edece\u011fine ve sonu\u00e7ta b\u00f6lgenin kalk\u0131nmas\u0131na yol a\u00e7aca\u011f\u0131na inan\u0131yoruz.<\/p>\n<p>Bu sempozyum, Kitary\u016b kasabas\u0131nda okul geli\u015fiminin gelece\u011fini kasaba halk\u0131yla birlikte ele almak i\u00e7in bir ba\u015flang\u0131\u00e7 noktas\u0131 niteli\u011finde olacakt\u0131r. L\u00fctfen yorumlar\u0131n\u0131z\u0131 veya sorular\u0131n\u0131z\u0131 g\u00f6ndermekten \u00e7ekinmeyin.&quot;<\/p>\n<h2>Profes\u00f6r Motoyasu Shinbo&#039;nun konu\u015fmas\u0131<\/h2>\n<figure class=\"wp-caption aligncenter\"><a href=\"https:\/\/photos.google.com\/share\/AF1QipMRGCtAGzkw6lIs-ySRAuh88jhUnrllkm60kj4ukUrfu2-yGItVmcdT7ADtlGObjg\/photo\/AF1QipMLvH94SIfeVDm10W_U_iHHefYJvWO-FVNSnu4?key=MHhlT2JzRFFwbHRQN000NmI4WEh6cDJ0ZF9VWndR\" target=\"_blnak\" rel=\"noopener\"><img decoding=\"async\" src=\"https:\/\/lh3.googleusercontent.com\/pw\/ABLVV86eZO9CYmLrVgeoz25ktpGGTp1oiMnZ52GacVKTNHCRBk2sfKLZ5iqfxy5K-J2jnNQm7hN_02OpoU4ev2UgvsNCmNSUpV5k8YId82nfWWnKm0QoFNvBpYALKTxH2N0iGislq61AdQ2PrRefv3WkrtMH=w2000-h1333-s-no-gm?authuser=0\" width=\"2000\" height=\"1333\" alt=\"Profes\u00f6r Motoyasu Shinbo\" class=\"size-full\" \/><\/a><figcaption class=\"wp-caption-text\">Profes\u00f6r Motoyasu Shinbo<\/figcaption><\/figure>\n<h3>Profes\u00f6r Motoyasu Shinbo&#039;nun profili<\/h3>\n<p>1958 y\u0131l\u0131nda Otaru&#039;da do\u011fdu (Showa 33). 1982 y\u0131l\u0131nda Hokkaido E\u011fitim \u00dcniversitesi Sapporo \u015eubesi&#039;nden mezun oldu (Showa 57).<\/p>\n<p>\u0130lkokulda \u00e7al\u0131\u015f\u0131rken ayn\u0131 zamanda uzun y\u0131llar Hokkaido Sosyal Bilgiler E\u011fitim Federasyonu ve Hokkaido Kar Projesi&#039;nde yer ald\u0131 ve \u00e7ok say\u0131da yerel \u00f6\u011fretim materyali geli\u015ftirdi. Ayr\u0131ca Milli E\u011fitim, K\u00fclt\u00fcr, Spor, Bilim ve Teknoloji Bakanl\u0131\u011f\u0131&#039;n\u0131n Bilgilendirme Tan\u0131t\u0131m Projesi&#039;nde \u00e7e\u015fitli komite \u00fcyeliklerinde bulundu.<\/p>\n<p>2019 y\u0131l\u0131nda (Reiwa 1) Tonden \u0130lkokulu m\u00fcd\u00fcrl\u00fc\u011f\u00fcnden emekli oldu. Halen Hokkaido \u00c7al\u0131\u015fmalar\u0131 Tan\u0131t\u0131m Forumu&#039;nun (STK) ba\u015fkanl\u0131\u011f\u0131n\u0131 y\u00fcr\u00fcterek bir\u00e7ok alanda faaliyet g\u00f6stermektedir.<\/p>\n<h3>Herkesin ba\u011flant\u0131 kurabildi\u011fi, herkesin yaratt\u0131\u011f\u0131 bir okul<\/h3>\n<figure class=\"wp-caption aligncenter\"><a href=\"https:\/\/photos.google.com\/share\/AF1QipMRGCtAGzkw6lIs-ySRAuh88jhUnrllkm60kj4ukUrfu2-yGItVmcdT7ADtlGObjg\/photo\/AF1QipPJLktdbSESXKxGyoXDF1Nfo2mlDBNO4JE34Ck?key=MHhlT2JzRFFwbHRQN000NmI4WEh6cDJ0ZF9VWndR\" target=\"_blnak\" rel=\"noopener\"><img decoding=\"async\" src=\"https:\/\/lh3.googleusercontent.com\/pw\/ABLVV85W72UoRxyCkPx_MqnaKtZk6v_kQXVIF6Zs5FKK2yZo9DXt3wB6ThUZWmSj21Xw7jla9Rbj0MxnThNtSIZ6IQCe1kJ0LUXQHSMqW6EN_QPMFcnrNc2Cyjq-Dwc0bHT1Mdg5-j1BkOl8NNUEHpRC7Jn3=w2000-h1333-s-no-gm?authuser=0\" width=\"2000\" height=\"1333\" alt=\"Herkesin ba\u011flant\u0131 kurabildi\u011fi, herkesin yaratt\u0131\u011f\u0131 bir okul\" class=\"size-full\" \/><\/a><figcaption class=\"wp-caption-text\">Herkesin ba\u011flant\u0131 kurabildi\u011fi, herkesin yaratt\u0131\u011f\u0131 bir okul<\/figcaption><\/figure>\n<h4>Ay\u00e7i\u00e7e\u011fi kasabas\u0131 &quot;Hokuryu Kasabas\u0131&quot;: Ay\u00e7i\u00e7eklerinin \u00e7i\u00e7ek dili &quot;hayranl\u0131k&quot; ve &quot;tutku&quot;dur<\/h4>\n<figure class=\"wp-caption aligncenter\"><a href=\"https:\/\/photos.google.com\/share\/AF1QipMRGCtAGzkw6lIs-ySRAuh88jhUnrllkm60kj4ukUrfu2-yGItVmcdT7ADtlGObjg\/photo\/AF1QipNfrItIqe581X4gSEuoLUygC7PVU41LwTongWw?key=MHhlT2JzRFFwbHRQN000NmI4WEh6cDJ0ZF9VWndR\" target=\"_blnak\" rel=\"noopener\"><img decoding=\"async\" src=\"https:\/\/lh3.googleusercontent.com\/pw\/ABLVV84v55rSY4IOTOtoBXyf9H8nx5YBk0lIkxVmcBJY-pQTVICbr3LyE3QD-Vt1awUwmrV1Kj31qV522Iijw2L4eCf_v0W0LdnC9dC6lAmdrjbC0KRudofqoF_oLVeGpFyfFWzED70pKsa_2Dgp5FYcuWy_=w2000-h1333-s-no-gm?authuser=0\" width=\"2000\" height=\"1333\" alt=\"Hokuryu Kasabas\u0131: Ay\u00e7i\u00e7eklerinin kasabas\u0131\" class=\"size-full\" \/><\/a><figcaption class=\"wp-caption-text\">Hokuryu Kasabas\u0131: Ay\u00e7i\u00e7eklerinin kasabas\u0131<\/figcaption><\/figure>\n<h4>Tar\u0131m kasabas\u0131 Hokuryu Kasabas\u0131; Hokuryu Kasabas\u0131&#039;n\u0131n &quot;Akarui \u00c7ift\u00e7ilik Y\u00f6ntemi&quot; herkesi destekliyor<\/h4>\n<figure class=\"wp-caption aligncenter\"><a href=\"https:\/\/photos.google.com\/share\/AF1QipMRGCtAGzkw6lIs-ySRAuh88jhUnrllkm60kj4ukUrfu2-yGItVmcdT7ADtlGObjg\/photo\/AF1QipOnlWBP6g8UKIprinKIWztcIISSvnWfE_PnseY?key=MHhlT2JzRFFwbHRQN000NmI4WEh6cDJ0ZF9VWndR\" target=\"_blnak\" rel=\"noopener\"><img decoding=\"async\" src=\"https:\/\/lh3.googleusercontent.com\/pw\/ABLVV85YKrXWFNMvqpKG4-2S9Ttg3N-I7Qc-OaG6G2jqqFFwW4EF0flzmsFc77UBCnwn1-kSmkLaBsHqhi3HTfmeKyUSDnts_QE0WJq1DRtgcZ61vwr2_AvWUv4nOPyygi7cdvZ-4VaB9wZn0IiEFXQJZ4e2=w2000-h1333-s-no-gm?authuser=0\" width=\"2000\" height=\"1333\" alt=\"Hokuryu Kasabas\u0131: Parlak \u00e7ift\u00e7ilik y\u00f6ntemleri ve tar\u0131m\u0131n oldu\u011fu bir kasaba\" class=\"size-full\" \/><\/a><figcaption class=\"wp-caption-text\">Hokuryu Kasabas\u0131: Parlak \u00e7ift\u00e7ilik y\u00f6ntemleri ve tar\u0131m\u0131n oldu\u011fu bir kasaba<\/figcaption><\/figure>\n<h3>Dijital Ajans\u0131n Dijital Tan\u0131t\u0131m Komitesi \u00dcyesi Bay Yasuyasu Shinbo&#039;nun kendini tan\u0131tmas\u0131<\/h3>\n<ul>\n<li>1958&#039;de Otaru&#039;da do\u011fdu, 65 ya\u015f\u0131nda<\/li>\n<li>1982: Hokkaido E\u011fitim \u00dcniversitesi Sapporo \u015eubesi&#039;nden mezun oldu<\/li>\n<li>Sapporo&#039;daki ilkokullarda 37 y\u0131l \u00e7al\u0131\u015ft\u0131 (9 y\u0131l Sapporo \u0130lkokulu&#039;nda, 11 y\u0131l 4 okulda m\u00fcd\u00fcr olarak)<\/li>\n<\/ul>\n<figure class=\"wp-caption aligncenter\"><a href=\"https:\/\/photos.google.com\/share\/AF1QipMRGCtAGzkw6lIs-ySRAuh88jhUnrllkm60kj4ukUrfu2-yGItVmcdT7ADtlGObjg\/photo\/AF1QipMOGOOoFRuOyEgX9BtGwTCznJy9aMA-lmjx-vM?key=MHhlT2JzRFFwbHRQN000NmI4WEh6cDJ0ZF9VWndR\" target=\"_blnak\" rel=\"noopener\"><img decoding=\"async\" src=\"https:\/\/lh3.googleusercontent.com\/pw\/ABLVV861Y8OBTvMkkDVUbdxXITf8HXIj0RzkE3-nxE7o_oHhQgpAHI0-UF-Soo8qmVaDgiPg6NpjwYLxUdWVXiZGKIjSLhXO1KYnECXVsVh2zAwDvb2njJiDXpyYSgMBOANLlzKdXNHwhEDuUPwuu5NB-UOq=w2000-h1333-s-no-gm?authuser=0\" width=\"2000\" height=\"1333\" alt=\"Bay Yasuyasu Shinbo&#039;nun ki\u015fisel tan\u0131t\u0131m\u0131\" class=\"size-full\" \/><\/a><figcaption class=\"wp-caption-text\">Bay Yasuyasu Shinbo&#039;nun ki\u015fisel tan\u0131t\u0131m\u0131<\/figcaption><\/figure>\n<h3>&quot;Hokkaido b\u00fcy\u00fckt\u00fcr&quot;: Hokkaido&#039;nun \u00e7ocuklar\u0131n\u0131n Hokkaido hakk\u0131nda daha fazla \u015fey bilmesini istiyoruz<\/h3>\n<p>Sorachi b\u00f6lgesi yakla\u015f\u0131k olarak \u00fc\u00e7 Tokyo vilayetinin b\u00fcy\u00fckl\u00fc\u011f\u00fcnde bir alana sahiptir. Hokkaido prefekt\u00f6rl\u00fc\u011f\u00fcn\u00fcn tamam\u0131 35 Tokyo \u015fehrini i\u00e7ine alabilecek b\u00fcy\u00fckl\u00fcktedir.<\/p>\n<figure class=\"wp-caption aligncenter\"><a href=\"https:\/\/photos.google.com\/share\/AF1QipMRGCtAGzkw6lIs-ySRAuh88jhUnrllkm60kj4ukUrfu2-yGItVmcdT7ADtlGObjg\/photo\/AF1QipN-FBLzSMqqjfpcGrPdI6B04r26-BHJgvyvNng?key=MHhlT2JzRFFwbHRQN000NmI4WEh6cDJ0ZF9VWndR\" target=\"_blnak\" rel=\"noopener\"><img decoding=\"async\" src=\"https:\/\/lh3.googleusercontent.com\/pw\/ABLVV85BlUBU6qM8jCRVPZhB1MaBEsSP6JJ_07f4rI0DwCaMcI-pygtQcjFgxTQkb9qqsUuqNEOmcqwPddtWC5hICmQq671KLgb4_-Joyr5aSOuWIeqntBeHJPH53TI_Ed76k_mJLmjowamjCMMEsb-qdxkj=w2000-h1333-s-no-gm?authuser=0\" width=\"2000\" height=\"1333\" alt=\"Hokkaido b\u00fcy\u00fck\" class=\"size-full\" \/><\/a><figcaption class=\"wp-caption-text\">Hokkaido b\u00fcy\u00fck<\/figcaption><\/figure>\n<h3>Bug\u00fcn\u00fcn Hikayesi<\/h3>\n<ol>\n<li><strong>Herkesin sorunlar\u0131:<\/strong><br \/>\n\u30fbJaponya&#039;n\u0131n ekonomik g\u00fcc\u00fc azal\u0131yor ve \u00e7ocuklar okul reddi ve zorbal\u0131k gibi sorunlarla kar\u015f\u0131 kar\u015f\u0131ya kal\u0131yor.<br \/>\n\u30fbN\u00fcfusun azalmas\u0131 nedeniyle i\u015f\u00e7i ve \u00f6\u011fretmen a\u00e7\u0131\u011f\u0131 var ve ebeveynler ve yerel topluluklar (\u00e7ift gelirli aileler \u00e7a\u011f\u0131nda) \u00e7ok me\u015fgul<br \/>\n\u3000<\/li>\n<li><strong>\u00c7\u00f6z\u00fcm: Zorunlu e\u011fitime ge\u00e7i\u015f (birle\u015fik ilkokul ve ortaokul e\u011fitimi)<\/strong><br \/>\n\u30fbJapon e\u011fitimi \u00fc\u00e7\u00fcnc\u00fc b\u00fcy\u00fck d\u00f6n\u00fcm noktas\u0131nda: 1872 &gt; 1947 &gt; 2019<br \/>\n\u30fbGIGA Okulu (\u00c7al\u0131\u015fma tarz\u0131 reformu x kalite iyile\u015ftirme)<br \/>\n\u3000<\/li>\n<p><strong>\u25ce Japonya&#039;n\u0131n en gurur duydu\u011fu kaynak &quot;insan kaynaklar\u0131&quot;d\u0131r = E\u011fitimin \u00f6nemini g\u00f6sterir<\/strong><\/p>\n<h3>Japon e\u011fitiminde \u00f6nemli bir d\u00f6n\u00fcm noktas\u0131<\/h3>\n<ul>\n<li>Japon e\u011fitiminde her 70 y\u0131lda bir de\u011fi\u015fiklik meydana geliyor (Meiji d\u00f6neminden bu yana \u00fc\u00e7 b\u00fcy\u00fck de\u011fi\u015fiklik)<\/li>\n<li>1872 &quot;E\u011fitim Sisteminin Yay\u0131mlanmas\u0131&quot; \u2192 1889 &quot;E\u011fitimin Demokratikle\u015ftirilmesi, \u0130lerleme Sistemi 6334&quot; \u2192<br \/>\n<strong>Reiwa 1 &quot;GIGA&quot; (Bilgisayarlarla \u00d6\u011frenme)<\/strong><\/li>\n<\/ul>\n<figure class=\"wp-caption aligncenter\"><a href=\"https:\/\/photos.google.com\/share\/AF1QipMRGCtAGzkw6lIs-ySRAuh88jhUnrllkm60kj4ukUrfu2-yGItVmcdT7ADtlGObjg\/photo\/AF1QipOqhq_ydCjGZgjdVAeR9QEs-daGu13uOiRSx6Q?key=MHhlT2JzRFFwbHRQN000NmI4WEh6cDJ0ZF9VWndR\" target=\"_blnak\" rel=\"noopener\"><img decoding=\"async\" src=\"https:\/\/lh3.googleusercontent.com\/pw\/ABLVV87OG9gJBfbSbCayb5N-EbFneUjuhs-GG9qJGLr9ZlhmMBW6qwZ2xhjYww2bjn-5NCoJfpogzEwEAOMIIjFma5po-Jf-mEr60TlsgLXLOGj4eDvPIOITJP1j_ea6OPHkt5EdjI6ikJJnYA-Ri2tLjAYj=w2000-h1333-s-no-gm?authuser=0\" width=\"2000\" height=\"1333\" alt=\"Japon e\u011fitiminde \u00f6nemli bir d\u00f6n\u00fcm noktas\u0131\" class=\"size-full\" \/><\/a><figcaption class=\"wp-caption-text\">Japon e\u011fitiminde \u00f6nemli bir d\u00f6n\u00fcm noktas\u0131<\/figcaption><\/figure>\n<h4> Meiji &quot;Ta\u015f tahta&quot; \u2192 Showa &quot;Kara tahta&quot; \u2192 Reiwa &quot;Tablet&quot;<\/h4>\n<ul>\n<li>Showa d\u00f6nemindeki kitlesel dersler, modern \u00e7a\u011fda insanlar\u0131n ortalama notlar geli\u015ftirmeleri gereken bir zamand\u0131.<\/li>\n<li>Reiwa&#039;n\u0131n bireysel dersleri her bireye g\u00f6re \u015fekillendirilir ve \u00f6\u011frencilerin bireyselliklerinden en iyi \u015fekilde yararlanmalar\u0131na olanak tan\u0131r.<\/li>\n<\/ul>\n<figure class=\"wp-caption aligncenter\"><a href=\"https:\/\/photos.google.com\/share\/AF1QipMRGCtAGzkw6lIs-ySRAuh88jhUnrllkm60kj4ukUrfu2-yGItVmcdT7ADtlGObjg\/photo\/AF1QipNO4SFoupSQUxuPHi2Uq6w-smpDmRF5F_aWT2w?key=MHhlT2JzRFFwbHRQN000NmI4WEh6cDJ0ZF9VWndR\" target=\"_blnak\" rel=\"noopener\"><img decoding=\"async\" src=\"https:\/\/lh3.googleusercontent.com\/pw\/ABLVV86WDXhPyyqZECrfmgqXVxUjNhTvLX8_lcsF11jt9fZBsA8zbmKc5Qf6UTxfaFKM7V-yY4iPuWN9EvsizHB-IkZ-0-zQKXX0qAgXfcFQwMidzfxmD2zOylQVHLMQ70J0H_3xVaw1CC7f3TlsO0oD0Mmg=w2000-h1333-s-no-gm?authuser=0\" width=\"2000\" height=\"1333\" alt=\"Meiji &quot;Ta\u015f tahta&quot; \u2192 Showa &quot;Kara tahta&quot; \u2192 Reiwa &quot;Tablet&quot;\" class=\"size-full\" \/><\/a><figcaption class=\"wp-caption-text\">Meiji &quot;Ta\u015f tahta&quot; \u2192 Showa &quot;Kara tahta&quot; \u2192 Reiwa &quot;Tablet&quot;<\/figcaption><\/figure>\n<figure class=\"wp-caption aligncenter\"><a href=\"https:\/\/photos.google.com\/share\/AF1QipMRGCtAGzkw6lIs-ySRAuh88jhUnrllkm60kj4ukUrfu2-yGItVmcdT7ADtlGObjg\/photo\/AF1QipNNunO1f5r8goLT2VRGeUAMVdMwn06n3NyFazQ?key=MHhlT2JzRFFwbHRQN000NmI4WEh6cDJ0ZF9VWndR\" target=\"_blnak\" rel=\"noopener\"><img decoding=\"async\" src=\"https:\/\/lh3.googleusercontent.com\/pw\/ABLVV8532oTMZ_1TVnM7hl0RtryyqnaOTvvSgZ_lj0FjSJwCVkvlwnOlZY4-tKbqPiQv_kt8yQOgyB6WhmaUlBOErdAV05X0i60CrZCH_dboZs8rEdx_tS_eSddYtuCLJe266h9jb_Arnz67Q0pGEwZZ7Cue=w2000-h1333-s-no-gm?authuser=0\" width=\"2000\" height=\"1333\" alt=\"\u00d6\u011frencilerin bireyselliklerini kullanmalar\u0131na olanak tan\u0131yan e\u011fitime ge\u00e7i\u015f\" class=\"size-full\" \/><\/a><figcaption class=\"wp-caption-text\">\u00d6\u011frencilerin bireyselliklerini kullanmalar\u0131na olanak tan\u0131yan e\u011fitime ge\u00e7i\u015f<\/figcaption><\/figure>\n<h4>Hokkaido, Wakkanai \u015eehri vaka \u00e7al\u0131\u015fmas\u0131 (Ocak 2023): Ekipman\u0131n \u00f6zelliklerinden yararlanmak ve onu geli\u015fime uygun \u015fekilde kullanmak<\/h4>\n<ul>\n<li>Ger\u00e7ek g\u00f6r\u00fcnt\u00fc projekt\u00f6r\u00fc kullan\u0131larak not alma rehberli\u011fi<\/li>\n<li>Chromebook&#039;ta (ki\u015fisel cihaz) yaz\u0131lm\u0131\u015f \u015fark\u0131 s\u00f6zleri<\/li>\n<\/ul>\n<figure class=\"wp-caption aligncenter\"><a href=\"https:\/\/photos.google.com\/share\/AF1QipMRGCtAGzkw6lIs-ySRAuh88jhUnrllkm60kj4ukUrfu2-yGItVmcdT7ADtlGObjg\/photo\/AF1QipNn6lyK7Q1fMSNwmm595ffsErsnSwj7Cr4oL-c?key=MHhlT2JzRFFwbHRQN000NmI4WEh6cDJ0ZF9VWndR\" target=\"_blnak\" rel=\"noopener\"><img decoding=\"async\" src=\"https:\/\/lh3.googleusercontent.com\/pw\/ABLVV84ZKAVAWGRLAp3bzdc--HwErdURke4Lb7g6x0q1cWK1baVZh_qvilroXX51HZQb4bvHEUGLNrAzG4tmtLcmggixs0n87hEmA4T-6cyfeyeYcD57xLH2t6ntg00tROTkQrdHgkUbN9RW-wDTy0CooQ5P=w2000-h1333-s-no-gm?authuser=0\" width=\"2000\" height=\"1333\" alt=\"Vaka \u00e7al\u0131\u015fmas\u0131: Wakkanai \u015eehri, Hokkaido\" class=\"size-full\" \/><\/a><figcaption class=\"wp-caption-text\">Vaka \u00e7al\u0131\u015fmas\u0131: Wakkanai \u015eehri, Hokkaido<\/figcaption><\/figure>\n<h4>Okinawa Eyaletindeki Yonaguni Kasabas\u0131 vaka \u00e7al\u0131\u015fmas\u0131 (Haziran 2023): GIGA, \u00e7ok s\u0131n\u0131fl\u0131 s\u0131n\u0131flar i\u00e7in bir gerekliliktir<\/h4>\n<ul>\n<li>\u00d6\u011frencilerin ayn\u0131 s\u0131n\u0131fta e\u011fitim g\u00f6rd\u00fc\u011f\u00fc \u00e7ok s\u0131n\u0131fl\u0131 s\u0131n\u0131flar<\/li>\n<\/ul>\n<figure class=\"wp-caption aligncenter\"><a href=\"https:\/\/photos.google.com\/share\/AF1QipMRGCtAGzkw6lIs-ySRAuh88jhUnrllkm60kj4ukUrfu2-yGItVmcdT7ADtlGObjg\/photo\/AF1QipNA6np1aWB1yFk0fczbi4NpkW_2RteD59wZJyo?key=MHhlT2JzRFFwbHRQN000NmI4WEh6cDJ0ZF9VWndR\" target=\"_blnak\" rel=\"noopener\"><img decoding=\"async\" src=\"https:\/\/lh3.googleusercontent.com\/pw\/ABLVV85XnExds3X9AQZnh_CsH5kYm_r7vnQ6I1whsovSk1vgeCcrB21oJpL5w6_0o0jS6xvuYQnN3UoCxEW1IMn0_c63Tg03SyuYZ3BQNblE7k6K9M90k1BhPrD9QAtMY9AQ_FZ4y2rG-D3zCJFI4dqshS61=w2000-h1333-s-no-gm?authuser=0\" width=\"2000\" height=\"1333\" alt=\"Okinawa Eyaletindeki Yonaguni Kasabas\u0131 \u00f6rne\u011fi\" class=\"size-full\" \/><\/a><figcaption class=\"wp-caption-text\">Okinawa Eyaletindeki Yonaguni Kasabas\u0131 \u00f6rne\u011fi<\/figcaption><\/figure>\n<h4>Geli\u015fimsel olarak uygun e\u011fitim<\/h4>\n<ul>\n<li>\u00dc\u00e7\u00fcnc\u00fc s\u0131n\u0131f \u00f6\u011frencileri ba\u011f\u0131ms\u0131z olarak \u00f6\u011frenir, ikinci s\u0131n\u0131f \u00f6\u011frencileri ise \u00f6\u011fretmenleriyle birlikte \u00f6\u011frenir<\/li>\n<\/ul>\n<figure class=\"wp-caption aligncenter\"><a href=\"https:\/\/photos.google.com\/share\/AF1QipMRGCtAGzkw6lIs-ySRAuh88jhUnrllkm60kj4ukUrfu2-yGItVmcdT7ADtlGObjg\/photo\/AF1QipMOjjYIKvT-vwXq29a_gVHn4_t5F_GR3Kyv0YI?key=MHhlT2JzRFFwbHRQN000NmI4WEh6cDJ0ZF9VWndR\" target=\"_blnak\" rel=\"noopener\"><img decoding=\"async\" src=\"https:\/\/lh3.googleusercontent.com\/pw\/ABLVV85h3C4y9DpWk4HXJwBQS4V06Ip2X7OrwJfGQmH30JPKrTzetQzaGFL8w1GOD3xnAtfbplfHIagsU8PcjEi9cTyf3Eevlb4O617EZmjLFqtxEjMSzQA609rBqEnSx29ymKLadhJhc1X4-2DvCPImqb7F=w2000-h1333-s-no-gm?authuser=0\" width=\"2000\" height=\"1333\" alt=\"Geli\u015fimsel olarak uygun e\u011fitim\" class=\"size-full\" \/><\/a><figcaption class=\"wp-caption-text\">Geli\u015fimsel olarak uygun e\u011fitim<\/figcaption><\/figure>\n<h4>Uzaktan Ortak Dersler<\/h4>\n<ul>\n<li>Uygulama \u00f6rne\u011fi: Kasabadaki be\u015f ilkokulu ve kasaba k\u00fct\u00fcphanesini \u00e7evrimi\u00e7i olarak birbirine ba\u011flamak<\/li>\n<\/ul>\n<figure class=\"wp-caption aligncenter\"><a href=\"https:\/\/photos.google.com\/share\/AF1QipMRGCtAGzkw6lIs-ySRAuh88jhUnrllkm60kj4ukUrfu2-yGItVmcdT7ADtlGObjg\/photo\/AF1QipPs8SRQaFOi2hTCbyfhryYGqA3rWIeCJPTI_n0?key=MHhlT2JzRFFwbHRQN000NmI4WEh6cDJ0ZF9VWndR\" target=\"_blnak\" rel=\"noopener\"><img decoding=\"async\" src=\"https:\/\/lh3.googleusercontent.com\/pw\/ABLVV85YgrXWC5t4tZuYmg58Y2hJb-jg5UpWTFxDwdZ1ds-cIvnZF9wVYqw63H7Uy4HRCF1XWCjPXxWzkVUP3l7p38fPxhIw3yaKtsQNCNow7Nd-5-Cll1XNQsvbNAHCRAkQ6AFYDgmLUDAQN9vSPrmwIZHr=w2000-h1333-s-no-gm?authuser=0\" width=\"2000\" height=\"1333\" alt=\"Uzaktan Ortak Dersler\" class=\"size-full\" \/><\/a><figcaption class=\"wp-caption-text\">Uzaktan Ortak Dersler<\/figcaption><\/figure>\n<h3>B\u00fct\u00fcnle\u015fik ilkokul ve ortaokul e\u011fitimi (zorunlu e\u011fitim okulu)<\/h3>\n<p><strong>\u25ce 1. s\u0131n\u0131ftan 9. s\u0131n\u0131fa kadar bir okul, bir m\u00fcd\u00fcr ve bir \u00f6\u011fretmen kadrosu \u00f6rg\u00fct\u00fc<\/strong><\/p>\n<figure class=\"wp-caption aligncenter\"><a href=\"https:\/\/photos.google.com\/share\/AF1QipMRGCtAGzkw6lIs-ySRAuh88jhUnrllkm60kj4ukUrfu2-yGItVmcdT7ADtlGObjg\/photo\/AF1QipNFKzJuDNMu0xJoDVK1m0ojzmFnoV4pRzZg7UE?key=MHhlT2JzRFFwbHRQN000NmI4WEh6cDJ0ZF9VWndR\" target=\"_blnak\" rel=\"noopener\"><img decoding=\"async\" src=\"https:\/\/lh3.googleusercontent.com\/pw\/ABLVV84-VQn38gF_AW9Qkl6NHFd4SEhYB-Bsik09LiJ4EMppeLpVUEYHZXGJdpjgRFJ7suuYe1o_I-I7cBOUawsWme5m2uL-7_74FXsU3pFnBhhVoe5f8J10qB-vth9XfUw7dZPlTwB2djh5bT2--EpXge8r=w2000-h1333-s-no-gm?authuser=0\" width=\"2000\" height=\"1333\" alt=\"B\u00fct\u00fcnle\u015fik ilkokul ve ortaokul e\u011fitimi (zorunlu e\u011fitim okulu)\" class=\"size-full\" \/><\/a><figcaption class=\"wp-caption-text\">B\u00fct\u00fcnle\u015fik ilkokul ve ortaokul e\u011fitimi (zorunlu e\u011fitim okulu)<\/figcaption><\/figure>\ufffc<\/p>\n<h4>Zorunlu E\u011fitim Okullar\u0131 ve Komplekslerinin Faydalar\u0131:<br \/>\nHerkesin bir araya gelip konu\u015fabilece\u011fi, \u00f6\u011frenebilece\u011fi ve oynayabilece\u011fi canl\u0131 bir okula do\u011fru<\/h4>\n<ol>\n<li>Dokuz y\u0131ll\u0131k kesintisiz bir m\u00fcfredatla akademik yeteneklerinizi geli\u015ftirin<\/li>\n<li>\u00d6rne\u011fin 432 sistemi<\/li>\n<li>Ortaokul birinci s\u0131n\u0131f ile lise birinci s\u0131n\u0131f aras\u0131ndaki fark azal\u0131yor (umar\u0131z okul devams\u0131zl\u0131\u011f\u0131 da azal\u0131r)<\/li>\n<li>\u00d6zel \u0130htiya\u00e7lar E\u011fitimi<\/li>\n<li>Daha fazla \u00e7ocukla ba\u011flant\u0131 kurun ve arkada\u015f edinin<\/li>\n<li>\u00c7e\u015fitlilikle erken ya\u015fta tan\u0131\u015fmak<\/li>\n<li>Yeterli say\u0131da \u00f6\u011fretmenin g\u00fcvence alt\u0131na al\u0131nmas\u0131 daha kolay (\u00c7al\u0131\u015fma Tarz\u0131 Reformu)<\/li>\n<li>Okul m\u00fcd\u00fcr\u00fc tutarl\u0131 bir okul ortam\u0131 yaratan tek ki\u015fidir<\/li>\n<li>Tek bir okula yo\u011fun yat\u0131r\u0131m (y\u00fcksek kaliteli e\u011fitim ortam\u0131)<\/li>\n<li>\u00d6zellikle B\u0130T ortam\u0131n\u0131n iyile\u015ftirilmesi (uzaktan ortak derslere y\u00f6nelik beklentiler)<\/li>\n<li>Ebeveynler ve yerel toplulukla i\u015fbirli\u011fi yapmak kolayd\u0131r.<\/li>\n<li>\u00c7e\u015fitli yeti\u015fkinlerle etkile\u015fim (b\u00fcy\u00fcme)<\/li>\n<li>T\u00fcm nesiller i\u00e7in artan sevin\u00e7<\/li>\n<\/ol>\n<h4>Zorunlu E\u011fitim Okullar\u0131 ve Komplekslerinin Eksileri:<br \/>\nOlumsuzlu\u011fu olumluya nas\u0131l \u00e7evirece\u011finizi d\u00fc\u015f\u00fcn\u00fcn!<\/h4>\n<ol>\n<li>Okula gidip gelme y\u00fck\u00fcn\u00fcn artmas\u0131 (uzun mesafeler, otob\u00fcs yolculu\u011fu vb.)<\/li>\n<li>Arkada\u015fl\u0131klar kurmak<\/li>\n<li>G\u00fcvenli\u011fi sa\u011flama y\u00fck\u00fc (her ya\u015ftan insan\u0131n girece\u011fi i\u00e7in g\u00fcvenlik sorunlar\u0131 ya\u015fanacak)<\/li>\n<li>\u0130lkokul ve ortaokul k\u00fclt\u00fcrlerinin b\u00fct\u00fcnle\u015fmesi zaman al\u0131r<\/li>\n<li>Alt\u0131nc\u0131 s\u0131n\u0131f \u00f6\u011frencilerinde sorumluluk duygusu geli\u015ftirilebilir mi?<\/li>\n<li>Alt\u0131nc\u0131 s\u0131n\u0131f \u00f6\u011frencileri i\u00e7in mezuniyet t\u00f6reni yap\u0131lmayacak<\/li>\n<\/ol>\n<p><strong>\u25ce Zorunlu e\u011fitim 2016 y\u0131l\u0131nda (Heisei 28) ba\u015flad\u0131 ve \u00e7e\u015fitli sonu\u00e7lar bildirildi.<\/strong><\/p>\n<h3>Hokuryu Kasabas\u0131nda okul e\u011fitimi<\/h3>\n<p>G\u00fcn\u00fcm\u00fczde Kitary\u016b Kasabas\u0131&#039;nda, toplumdaki herkesin birlikte \u00e7ocuk yeti\u015ftirebilece\u011fi bir ortam mevcuttur.<\/p>\n<p>\u30fbOkul sonras\u0131 bak\u0131m, Wanpaku Yaz Festivali, Hokuryu Ortaokulu \u00f6\u011frencileri i\u00e7in Ay\u00e7i\u00e7e\u011fi Rehberi, Shinryu \u0130lkokulunda yerel halkla birlikte yap\u0131lan aktiviteler (Soba Shokuraku Kul\u00fcb\u00fc soba yapma deneyimi, Hokuryu Taiko, Dragon Kids (voleybol), Hokuryu Kendama Kul\u00fcb\u00fc)<\/p>\n<h4>Yaramaz Yaz Festivali<\/h4>\n<figure class=\"wp-caption aligncenter\"><a href=\"https:\/\/photos.google.com\/share\/AF1QipMRGCtAGzkw6lIs-ySRAuh88jhUnrllkm60kj4ukUrfu2-yGItVmcdT7ADtlGObjg\/photo\/AF1QipPeW19zpLZttO1io2OVktFMHQTGV__J1qYj0Ew?key=MHhlT2JzRFFwbHRQN000NmI4WEh6cDJ0ZF9VWndR\" target=\"_blnak\" rel=\"noopener\"><img decoding=\"async\" src=\"https:\/\/lh3.googleusercontent.com\/pw\/ABLVV86m7bH-Y8w09lm6JAoyH2vtuxbtEm8zKxbalPCndum-0LnSayh_u2ukzvu5Lb8-Sp4wOzVBHvPlgWZeU-P81Wf4nNl2SggKqiNxx9ixJssJP_6NmZDTygZQfFol-OKxRFDvsXydlabkbfBkUPuJiECg=w2000-h1333-s-no-gm?authuser=0\" width=\"2000\" height=\"1333\" alt=\"Yaramaz Yaz Festivali\" class=\"size-full\" \/><\/a><figcaption class=\"wp-caption-text\">Yaramaz Yaz Festivali<\/figcaption><\/figure>\n<h4>Hokuryu Ortaokulu \u00d6\u011frencileri \u0130\u00e7in Ay\u00e7i\u00e7e\u011fi Rehberi<\/h4>\n<figure class=\"wp-caption aligncenter\"><a href=\"https:\/\/photos.google.com\/share\/AF1QipMRGCtAGzkw6lIs-ySRAuh88jhUnrllkm60kj4ukUrfu2-yGItVmcdT7ADtlGObjg\/photo\/AF1QipPi39-5N5yBaQ-B928M7TursKbW6-ck60ejKBs?key=MHhlT2JzRFFwbHRQN000NmI4WEh6cDJ0ZF9VWndR\" target=\"_blnak\" rel=\"noopener\"><img decoding=\"async\" src=\"https:\/\/lh3.googleusercontent.com\/pw\/ABLVV86EEmpAEVSCeU4zMOyD8RjMp8NHHKORxx1hIpVyNl7HkmY51jTQ43RxdC827cfOle5HYdVLgkJWnCkUQmLXBZ_b1uYwRc5MryJIVJQAdwX94qgi728yc3CEQa4gkEcGkQo2rlzaISuZ0Z5NIgF4OD7u=w2000-h1333-s-no-gm?authuser=0\" width=\"2000\" height=\"1333\" alt=\"Hokuryu Ortaokulu \u00d6\u011frencileri \u0130\u00e7in Ay\u00e7i\u00e7e\u011fi Rehberi\" class=\"size-full\" \/><\/a><figcaption class=\"wp-caption-text\">Hokuryu Ortaokulu \u00d6\u011frencileri \u0130\u00e7in Ay\u00e7i\u00e7e\u011fi Rehberi<\/figcaption><\/figure>\n<h4>Shinryu \u0130lkokulunda yerel halkla birlikte etkinlikler<\/h4>\n<figure class=\"wp-caption aligncenter\"><a href=\"https:\/\/photos.google.com\/share\/AF1QipMRGCtAGzkw6lIs-ySRAuh88jhUnrllkm60kj4ukUrfu2-yGItVmcdT7ADtlGObjg\/photo\/AF1QipPPGXxxNKKefzt4Fa3dE6gk8TAJwXuU_hJXzmk?key=MHhlT2JzRFFwbHRQN000NmI4WEh6cDJ0ZF9VWndR\" target=\"_blnak\" rel=\"noopener\"><img decoding=\"async\" src=\"https:\/\/lh3.googleusercontent.com\/pw\/ABLVV87jOOFIBWZHz9qjvWbTuZ7nLmk9mRsrqgK0WhKIE6kcYkBe-VEWnLkyJgRUsLmfGUEITGqHm3bOUdo8oQ8ae0KYKx76hbmhONrODBC4tfzSIFpsJvUZsBMNGTErcUL3RgBvB1xCME4qbStgo0nE8FTC=w2000-h1333-s-no-gm?authuser=0\" width=\"2000\" height=\"1333\" alt=\"Shinryu \u0130lkokulunda yerel halkla birlikte etkinlikler\" class=\"size-full\" \/><\/a><figcaption class=\"wp-caption-text\">Shinryu \u0130lkokulunda yerel halkla birlikte etkinlikler<\/figcaption><\/figure>\n<h4>Hokuryu Kendama Kul\u00fcb\u00fc<\/h4>\n<figure class=\"wp-caption aligncenter\"><a href=\"https:\/\/photos.google.com\/share\/AF1QipMRGCtAGzkw6lIs-ySRAuh88jhUnrllkm60kj4ukUrfu2-yGItVmcdT7ADtlGObjg\/photo\/AF1QipOs0Iwr5soLO4lqmR3Nu5SHjJPlX56zvC64Pv0?key=MHhlT2JzRFFwbHRQN000NmI4WEh6cDJ0ZF9VWndR\" target=\"_blnak\" rel=\"noopener\"><img decoding=\"async\" src=\"https:\/\/lh3.googleusercontent.com\/pw\/ABLVV84cg5OAThpcahOowZ3eDblZWnym-F8QA8DawGzJuyli8580qhCr5xAXFpspQVUUfLVlobz4W9XZWCo31tcZDUKJTyUWygtS7uYbEkR0xHCo5UPkIuwdV9ItveZQmH4tkoEmUcShxQTOyUnCv_Bk5aAE=w2000-h1333-s-no-gm?authuser=0\" width=\"2000\" height=\"1333\" alt=\"Hokuryu Kendama Kul\u00fcb\u00fc\" class=\"size-full\" \/><\/a><figcaption class=\"wp-caption-text\">Hokuryu Kendama Kul\u00fcb\u00fc<\/figcaption><\/figure>\n<ul>\n<li>Hokuryu Kasabas\u0131nda nesilden nesile aktar\u0131lan &quot;Yawara&quot; (uyum)<\/li>\n<li>\u00d6nc\u00fc \u00f6rg\u00fct &quot;Bainhonsha&quot;n\u0131n ruhu - &quot;uyum yoluyla sayg\u0131&quot; - nesilden nesile aktar\u0131ld\u0131<\/li>\n<\/ol>\n<figure class=\"wp-caption aligncenter\"><a href=\"https:\/\/photos.google.com\/share\/AF1QipMRGCtAGzkw6lIs-ySRAuh88jhUnrllkm60kj4ukUrfu2-yGItVmcdT7ADtlGObjg\/photo\/AF1QipN0QG6V-G2AfkMLEe4RLad8prgxKPvydshkrNI?key=MHhlT2JzRFFwbHRQN000NmI4WEh6cDJ0ZF9VWndR\"\" target=\"_blnak\"><img decoding=\"async\" src=\"https:\/\/lh3.googleusercontent.com\/pw\/ABLVV85c6MARRm6UG0GP6oYqf-A_lv4lBVNmQC9WvW1nseoL5LrudOv8ZUMbim_Flcwx5w9BeHKrvA2XDuGgYCbO486aALClBYNT4EQuqkyt8VFVBKlyiYLv4gG8v-70EcJQ4b44NLGNvI8Q35dHm4IQ8_Cj=w2000-h1333-s-no-gm?authuser=0\" width=\"2000\" height=\"1333\" alt=\"Miras al\u0131nan &quot;uyuma sayg\u0131&quot; ruhu\" class=\"size-full\" \/><\/a><figcaption class=\"wp-caption-text\">Miras al\u0131nan &quot;uyuma sayg\u0131&quot; ruhu<\/figcaption><\/figure>\n<p>Kitary\u016b Kasabas\u0131&#039;nda \u00e7ocuk yeti\u015ftirmek i\u00e7in herkesin birlikte \u00e7al\u0131\u015fma ruhu ye\u015fertilmi\u015ftir.<\/p>\n<figure class=\"wp-caption aligncenter\"><a href=\"https:\/\/photos.google.com\/share\/AF1QipMRGCtAGzkw6lIs-ySRAuh88jhUnrllkm60kj4ukUrfu2-yGItVmcdT7ADtlGObjg\/photo\/AF1QipNhb4sp4yEpWgJpaj0SLlzBro2JUbzRAsIDeow?key=MHhlT2JzRFFwbHRQN000NmI4WEh6cDJ0ZF9VWndR\" target=\"_blnak\" rel=\"noopener\"><img decoding=\"async\" src=\"https:\/\/lh3.googleusercontent.com\/pw\/ABLVV86yHYjK6R0yGzTuPWGtwe7m8gr3MDZDUhGl-5Yw1YeaFwNqKSHf5kBH1LBwVAvnKlKgM4obDqKfqQc50nDY4FYPhk_sckQGqrTKPSjHEzpbAvjkKOThSC3KQCHzFrLwfVuuEDNvlCsL7jBsc7s7OYK9=w2000-h1333-s-no-gm?authuser=0\" width=\"2000\" height=\"1333\" alt=\"Hokuryu Kasabas\u0131nda \u00c7ocuk Yeti\u015ftirme: Toplulukla g\u00fc\u00e7l\u00fc ba\u011flar\u0131 olan bir kasaba\" class=\"size-full\" \/><\/a><figcaption class=\"wp-caption-text\">Hokuryu Kasabas\u0131nda \u00c7ocuk Yeti\u015ftirme: Toplulukla g\u00fc\u00e7l\u00fc ba\u011flar\u0131 olan bir kasaba<\/figcaption><\/figure>\n<h3>Zorunlu e\u011fitim okullar\u0131n\u0131n \u00f6nde gelen \u00f6rnekleri<\/h3>\n<p>Say\u0131n Harumi Homma (Docon Co., Ltd. Genel Planlama Departman\u0131 Ba\u015fm\u00fchendisi) bir a\u00e7\u0131klama yapacakt\u0131r.<\/p>\n<figure class=\"wp-caption aligncenter\"><a href=\"https:\/\/photos.google.com\/share\/AF1QipMRGCtAGzkw6lIs-ySRAuh88jhUnrllkm60kj4ukUrfu2-yGItVmcdT7ADtlGObjg\/photo\/AF1QipM8aG61OU1GNr2Cb6NXYLuOa8JcTuO5uFqWoJ0?key=MHhlT2JzRFFwbHRQN000NmI4WEh6cDJ0ZF9VWndR\" target=\"_blnak\" rel=\"noopener\"><img decoding=\"async\" src=\"https:\/\/lh3.googleusercontent.com\/pw\/ABLVV84msCKmq0dh3lS7uVJYHFNwzWQ4NMFj7-b9FNkvekAUH7fyM3QBgJr1M3XZHPJIOn8CzDf_7dtXmPPwVue_fvCtKYKtvUf62QWuRHPAGenuflTJIV3DF7s7aFtlQO0VQiYnGs8AuXcJZKKaC7E3idr-=w2000-h1333-s-no-gm?authuser=0\" width=\"2000\" height=\"1333\" alt=\"Say\u0131n Harumi Homma&#039;n\u0131n (Docon Co., Ltd. Genel Planlama Departman\u0131 Ba\u015f M\u00fchendisi) a\u00e7\u0131klamas\u0131\" class=\"size-full\" \/><\/a><figcaption class=\"wp-caption-text\">Say\u0131n Harumi Homma&#039;n\u0131n (Docon Co., Ltd. Genel Planlama Departman\u0131 Ba\u015f M\u00fchendisi) a\u00e7\u0131klamas\u0131<\/figcaption><\/figure>\n<h4>1. Tobetsu Gakuen (Tobetsu Kasabas\u0131: 422 \u00f6\u011frenci)<\/h4>\n<figure class=\"wp-caption aligncenter\"><a href=\"https:\/\/photos.google.com\/share\/AF1QipMRGCtAGzkw6lIs-ySRAuh88jhUnrllkm60kj4ukUrfu2-yGItVmcdT7ADtlGObjg\/photo\/AF1QipN6qecLhbLNKrOtwpkqCX1OPMPaUS3jdTzEnPA?key=MHhlT2JzRFFwbHRQN000NmI4WEh6cDJ0ZF9VWndR\" target=\"_blnak\" rel=\"noopener\"><img decoding=\"async\" src=\"https:\/\/lh3.googleusercontent.com\/pw\/ABLVV85zNNojcTvw-FUmYO2xQ3myRWVYp0WznHVYW5oHRruLqTfem2CPZXqDNg650ToFq9i_5KivZupcNHWnsnNZRASgNLCK0cXbZrrK5MCbM3-JYjPDSs2sGvgldSYJ0uIGMDeZl0PlxRycTE2KQWKbZY5r=w2000-h1333-s-no-gm?authuser=0\" width=\"2000\" height=\"1333\" alt=\"Tobetsu Gakuen\" class=\"size-full\" \/><\/a><figcaption class=\"wp-caption-text\">Tobetsu Gakuen<\/figcaption><\/figure>\n<p><strong>\u2742 \u00d6zellikler<\/strong><\/p>\n<ul>\n<li>Temel d\u00f6nem (1.-4. y\u0131llar), zenginle\u015ftirme d\u00f6nemi (5.-7. y\u0131llar), geli\u015ftirme d\u00f6nemi (8. ve 9. y\u0131llar)<\/li>\n<li>Okul a\u00e7\u0131k ve kap\u0131s\u0131 yok.<\/li>\n<li>Sessiz bir ortamda \u00e7al\u0131\u015f\u0131n<\/li>\n<li>Giri\u015ften i\u00e7eri girdi\u011finizde ilk kar\u015f\u0131n\u0131za \u00e7\u0131kan \u015fey k\u00fct\u00fcphane b\u00f6l\u00fcm\u00fcd\u00fcr.<\/li>\n<li>Kamp\u00fcste okul sonras\u0131 \u00e7ocuk kul\u00fcb\u00fc<\/li>\n<li>\u0130lkokul ve ortaokullar aras\u0131nda ders planlama konusunda personele y\u00f6nelik \u00e7al\u0131\u015fma oturumlar\u0131 ve e\u011fitim oturumlar\u0131 yoluyla ger\u00e7ekle\u015fen de\u011fi\u015fimlerin (GIGA Okul giri\u015fimi gibi) olumlu etkileri bulunmaktad\u0131r.<\/li>\n<\/ul>\n<h4>2. Hayakita Gakuen (Abira Kasabas\u0131: 310 \u00f6\u011frenci)<\/h4>\n<figure class=\"wp-caption aligncenter\"><a href=\"https:\/\/photos.google.com\/share\/AF1QipMRGCtAGzkw6lIs-ySRAuh88jhUnrllkm60kj4ukUrfu2-yGItVmcdT7ADtlGObjg\/photo\/AF1QipNK3iZj7xrbI3OaMCfaodeR7tjhU3B5Ao1Tc3c?key=MHhlT2JzRFFwbHRQN000NmI4WEh6cDJ0ZF9VWndR\" target=\"_blnak\" rel=\"noopener\"><img decoding=\"async\" src=\"https:\/\/lh3.googleusercontent.com\/pw\/ABLVV84PqLxczhZxSfWygNV8XqbBfOcKgpsS3jQnu1wrQbrm5uzFr7g7a6ayzueH13jNMNBSoPW1zLunZo_Jfb6J1y4sPCl46Aqdp3hNtvJrWeaDvOn-aLJlq4dnISYV-H_B-o1J8g9_UAxxAygJLuYkJyiz=w2000-h1333-s-no-gm?authuser=0\" width=\"2000\" height=\"1333\" alt=\"Hayakita Gakuen Vaka \u00c7al\u0131\u015fmas\u0131\" class=\"size-full\" \/><\/a><figcaption class=\"wp-caption-text\">Hayakita Gakuen Vaka \u00c7al\u0131\u015fmas\u0131<\/figcaption><\/figure>\n<p><strong>\u2742 \u00d6zellikler<\/strong><\/p>\n<ul>\n<li>Bu nisan ay\u0131nda yeni bir okul a\u00e7\u0131ld\u0131.<\/li>\n<li>G\u00f6r\u00fc\u015fmelere Milli E\u011fitim Kurulu, \u00f6\u011fretmenler, yerel canland\u0131rma i\u015fbirli\u011fi ekibi \u00fcyeleri, veliler ve konsey \u00fcyeleri kat\u0131ld\u0131.<\/li>\n<li>\u0130lkokul (1. ila 4. s\u0131n\u0131f), ortaokul ve lise (5. ila 9. s\u0131n\u0131f)<\/li>\n<li>1. s\u0131n\u0131ftan 4. s\u0131n\u0131fa kadar 45 dakikal\u0131k dersler, 5. s\u0131n\u0131f ve \u00fczeri i\u00e7in 50 dakikal\u0131k dersler<\/li>\n<li>Ortaokuldan itibaren uzmanla\u015fm\u0131\u015f ders sistemi benimsenmekte ve ilkokul \u00f6\u011fretmenleri de ders vermek \u00fczere getirilmektedir.<\/li>\n<li>K\u00fct\u00fcphane, teknik oda, mutfak ve ana salon halk\u0131n kullan\u0131m\u0131na a\u00e7\u0131kt\u0131r.<\/li>\n<li>K\u00fct\u00fcphanede bir kafe k\u00f6\u015fesi, m\u00fc\u015fterilere yard\u0131mc\u0131 olacak bir dan\u0131\u015fma g\u00f6revlisi ve k\u00fct\u00fcphanecinin bulundu\u011fu a\u00e7\u0131k bir alan olacak ve kasaba halk\u0131na a\u00e7\u0131k olacak.<\/li>\n<\/ul>\n<h4>3. Atsuta Gakuen (Ishikari \u015eehri: 36 \u00f6\u011frenci)<\/h4>\n<figure class=\"wp-caption aligncenter\"><a href=\"https:\/\/photos.google.com\/share\/AF1QipMRGCtAGzkw6lIs-ySRAuh88jhUnrllkm60kj4ukUrfu2-yGItVmcdT7ADtlGObjg\/photo\/AF1QipMNyMlgQ8UHzUjVgIFLQp9OBImRkqTUV7wAx2M?key=MHhlT2JzRFFwbHRQN000NmI4WEh6cDJ0ZF9VWndR\" target=\"_blnak\" rel=\"noopener\"><img decoding=\"async\" src=\"https:\/\/lh3.googleusercontent.com\/pw\/ABLVV85ZxpfrP_ZBy7jetsQAfhvVH_DeTtRPQ-37M_WiPZ4mXekhz3__eOFvwEsVRPihYqRIX4jG0iKllvSgEjJvdRaCGPYKRgvR-E2Vr-a8OmSWW4m8qWBaEF5fjJZeDo8E1OAY00lbdz9bgHdC0zCtskQx=w2000-h1333-s-no-gm?authuser=0\" width=\"2000\" height=\"1333\" alt=\"Atsuta Gakuen \u00d6rnek Olay \u0130ncelemesi\" class=\"size-full\" \/><\/a><figcaption class=\"wp-caption-text\">Atsuta Gakuen \u00d6rnek Olay \u0130ncelemesi<\/figcaption><\/figure>\n<p><strong>\u2742 \u00d6zellikler<\/strong><\/p>\n<ul>\n<li>Temel A\u015fama (1. ila 4. s\u0131n\u0131f), Tak\u0131m A\u015famas\u0131 (5. ila 7. s\u0131n\u0131f), Vizyon A\u015famas\u0131 (8. ve 9. s\u0131n\u0131f)<\/li>\n<li>Atsuta Topluluk Okulu&#039;na ek olarak, k\u00fct\u00fcphaneyi a\u00e7\u0131k g\u00fcnlerde yerel sakinlere a\u00e7arak ve k\u00fct\u00fcphanede g\u00f6n\u00fcll\u00fc okuma etkinlikleri d\u00fczenleyerek topluluk etkile\u015fimini te\u015fvik ediyoruz.<\/li>\n<li>Birle\u015ftirilmi\u015f s\u0131n\u0131f imk\u00e2n\u0131n\u0131n sa\u011flanmas\u0131 amac\u0131yla her s\u0131n\u0131fa iki adet yaz\u0131 tahtas\u0131 ve iki adet elektronik yaz\u0131 tahtas\u0131 yerle\u015ftirilecek.<\/li>\n<li>T\u00fcm s\u0131n\u0131flarda kullan\u0131labilmesi i\u00e7in hidrolik olarak ayarlanabilen masa ve sandalyeler kullan\u0131lmaktad\u0131r.<\/li>\n<li>Hemen yan\u0131 ba\u015f\u0131nda bir yol kenar\u0131 istasyonu var ve burada yerel halkla etkile\u015fim kurmak i\u00e7in etkinlikler d\u00fczenleniyor.<\/li>\n<\/ul>\n<h3>Kat\u0131l\u0131mc\u0131lar aras\u0131nda fikir al\u0131\u015fveri\u015fi ve soru-cevap oturumu<\/h3>\n<p>Kat\u0131l\u0131mc\u0131lar 5-6 ki\u015filik gruplara ayr\u0131lacak ve karton panolara izlenimlerini ve d\u00fc\u015f\u00fcncelerini \u00f6zg\u00fcrce yazmalar\u0131 istenecektir.<\/p>\n<h4>soru<\/h4>\n<ul>\n<li>Hokuryu&#039;da \u00f6\u011frenciler anaokulundan ba\u015flayarak on iki y\u0131ldan fazla bir s\u00fcre birlikte vakit ge\u00e7iriyorlar, bu y\u00fczden karma okula ge\u00e7ersek ili\u015fkilerin daha da s\u0131k\u0131la\u015faca\u011f\u0131ndan endi\u015fe ediyorum.<\/li>\n<li>Karma okullardaki alt\u0131nc\u0131 s\u0131n\u0131f \u00f6\u011frencileri liderlik becerilerini geli\u015ftirebilir mi?<\/li>\n<\/ul>\n<h4>d\u00fc\u015f\u00fcnceler<\/h4>\n<ul>\n<li>Hangi \u015fehirde ya\u015f\u0131yor olursan\u0131z olun, \u00f6\u011frencilerin uygun akademik yetenekler geli\u015ftirmelerine yard\u0131mc\u0131 olmak \u00f6nemlidir.&quot; Bay Niibo&#039;nun s\u00f6zlerini derinden anl\u0131yorum ve a\u011f\u0131rl\u0131\u011f\u0131n\u0131 hissediyorum. Hokuryu&#039;da bile, \u00e7ocuk say\u0131s\u0131 az olsa bile iyi destek sa\u011flayan bir okul talep etmek istiyorum.<\/li>\n<\/ul>\n<figure class=\"wp-caption aligncenter\"><a href=\"https:\/\/photos.google.com\/share\/AF1QipMRGCtAGzkw6lIs-ySRAuh88jhUnrllkm60kj4ukUrfu2-yGItVmcdT7ADtlGObjg\/photo\/AF1QipPYofUc50Ic0AmmfuGC5yN5-CZQxWGlTOzo92I?key=MHhlT2JzRFFwbHRQN000NmI4WEh6cDJ0ZF9VWndR\" target=\"_blnak\" rel=\"noopener\"><img decoding=\"async\" src=\"https:\/\/lh3.googleusercontent.com\/pw\/ABLVV86bDZrtFi6KwE2yWvokkjomxtfNumxAdyW6uFVgCcxArycUgrU37_obupfCqb0UkXyaAL7JtFPEFY5RCdvkNkntsFQJvqEalcNTjgkQctDBC_S4IltE3cJG4QQxCYhdd6DGUOckxs3MlNi1z-URfw1f=w2000-h1333-s-no-gm?authuser=0\" width=\"2000\" height=\"1333\" alt=\"D\u00fc\u015f\u00fcncelerinizi yaz\u0131n. . .\" class=\"size-full\" \/><\/a><figcaption class=\"wp-caption-text\">D\u00fc\u015f\u00fcncelerinizi yaz\u0131n. . .<\/figcaption><\/figure>\n<figure class=\"wp-caption aligncenter\"><a href=\"https:\/\/photos.google.com\/share\/AF1QipMRGCtAGzkw6lIs-ySRAuh88jhUnrllkm60kj4ukUrfu2-yGItVmcdT7ADtlGObjg\/photo\/AF1QipMLb2Dla5w8UoPlQJD-Qc8tOI4AuLJ6XOHP-30?key=MHhlT2JzRFFwbHRQN000NmI4WEh6cDJ0ZF9VWndR\" target=\"_blnak\" rel=\"noopener\"><img decoding=\"async\" src=\"https:\/\/lh3.googleusercontent.com\/pw\/ABLVV84SH_DhSrtEcATYRsUR1gpx7SBVrHDoIluOApX7iSEIYX-3SmDXXdj6tf_ck9GS04TKOkO1REaUBQxGuijSPg99ilGenNgmHPLzNByd-BZ_EEr0tXJI_a-QX2XrfBD91OPYjFKNRbESk77iHd_x7Lph=w2000-h1333-s-no-gm?authuser=0\" width=\"2000\" height=\"1333\" alt=\"\u00c7ocuklarla resim \u00e7izmek. . .\" class=\"size-full\" \/><\/a><figcaption class=\"wp-caption-text\">\u00c7ocuklarla resim \u00e7izmek. . .<\/figcaption><\/figure>\n<figure class=\"wp-caption aligncenter\"><a href=\"https:\/\/photos.google.com\/share\/AF1QipMRGCtAGzkw6lIs-ySRAuh88jhUnrllkm60kj4ukUrfu2-yGItVmcdT7ADtlGObjg\/photo\/AF1QipMK7_A_0thG1vMtaIWdmCRN2LctAKh0ikeZU6Q?key=MHhlT2JzRFFwbHRQN000NmI4WEh6cDJ0ZF9VWndR\" target=\"_blnak\" rel=\"noopener\"><img decoding=\"async\" src=\"https:\/\/lh3.googleusercontent.com\/pw\/ABLVV87c-w0-AUgyVm8Jrsz4dm-U8bX_dbUH8vkGunJh17QQxQTeKysWjFmACIxQKCSdwMjbaTXZfMWwUmvIkbIZgpLqP0L5vE27pa2jozJCCTb_HclOMx9tTzPcEFRTbtCQ0IyqG7urMyVdbXyE7EsWKSyu=w2000-h1333-s-no-gm?authuser=0\" width=\"2000\" height=\"1333\" alt=\"g\u00f6r\u00fc\u015f al\u0131\u015fveri\u015fi\" class=\"size-full\" \/><\/a><figcaption class=\"wp-caption-text\">g\u00f6r\u00fc\u015f al\u0131\u015fveri\u015fi<\/figcaption><\/figure>\n<h4>Profes\u00f6r Shinbo<\/h4>\n<ul>\n<li>Sistemler s\u00fcrekli de\u011fi\u015fti\u011fi i\u00e7in farkl\u0131 olas\u0131l\u0131klar\u0131 denemeye devam etmek \u00f6nemlidir!<\/li>\n<\/ul>\n<figure class=\"wp-caption aligncenter\"><a href=\"https:\/\/photos.google.com\/share\/AF1QipMRGCtAGzkw6lIs-ySRAuh88jhUnrllkm60kj4ukUrfu2-yGItVmcdT7ADtlGObjg\/photo\/AF1QipNJ-3aWfJ-DrbezCVTwUxZu94_Py_8gbQ8ZPv0?key=MHhlT2JzRFFwbHRQN000NmI4WEh6cDJ0ZF9VWndR\" target=\"_blnak\" rel=\"noopener\"><img decoding=\"async\" src=\"https:\/\/lh3.googleusercontent.com\/pw\/ABLVV86yM5A76W_Z4BFYu4Xi3eURVxsPw6zN6Bso1n8KwIdFUv02xr3uJhCj-vA9Hb2K48yce_YwcWGpjkr43JKQj7FD47zyngN5zX1F-fCHv2igsXzoCAtnDPgzpoY18pFk_I1GiNziYZZjWgnjq7Fz1G8F=w2000-h1333-s-no-gm?authuser=0\" width=\"2000\" height=\"1333\" alt=\"\u00c7e\u015fitli olas\u0131l\u0131klar\u0131 deneyin!\" class=\"size-full\" \/><\/a><figcaption class=\"wp-caption-text\">\u00c7e\u015fitli olas\u0131l\u0131klar\u0131 deneyin!<\/figcaption><\/figure>\n<ul>\n<li>E\u011fer cazip okullar varsa, insanlar oraya ta\u015f\u0131nmay\u0131 tercih ediyor.<\/li>\n<\/ul>\n<figure class=\"wp-caption aligncenter\"><a href=\"https:\/\/photos.google.com\/share\/AF1QipMRGCtAGzkw6lIs-ySRAuh88jhUnrllkm60kj4ukUrfu2-yGItVmcdT7ADtlGObjg\/photo\/AF1QipNGgq9TBgo-EGJAoR8lttNlyawnOdQMntuNSqM?key=MHhlT2JzRFFwbHRQN000NmI4WEh6cDJ0ZF9VWndR\" target=\"_blnak\" rel=\"noopener\"><img decoding=\"async\" src=\"https:\/\/lh3.googleusercontent.com\/pw\/ABLVV86DEYyDuZfIoPwkYObNf7X4JCTHj2n4SZANSTLTLQeN5iAe4HdspSK4LA0FIAUtlvAzWKp191TTtb3WLwbR6v8nRwZx3-WLOHp1HZAIJdud4x4ZeULdohUWyIzGiJ84dZLu34xW64c4qJWhdjCmjHv2=w2000-h1333-s-no-gm?authuser=0\" width=\"2000\" height=\"1333\" alt=\"\u00c7ekici bir okul yaratmak!\" class=\"size-full\" \/><\/a><figcaption class=\"wp-caption-text\">\u00c7ekici bir okul yaratmak!<\/figcaption><\/figure>\n\u3000<br \/>\nOkul e\u011fitimi her 70 y\u0131lda bir b\u00fcy\u00fck de\u011fi\u015fime u\u011fruyor!<br \/>\nEski sisteme ba\u011fl\u0131 kalmadan meydan okumaya kat\u0131l\u0131n!<br \/>\nS\u0131n\u0131rs\u0131z sevgi, \u015f\u00fckran ve dua ile Hokuryu kasabas\u0131nda gelece\u011fin okulunu in\u015fa etmeyi umuyoruz; yerel halk\u0131n bir araya geldi\u011fi, uyum ruhuyla birlikte \u00e7al\u0131\u015ft\u0131\u011f\u0131 ve zeki, enerjik \u00e7ocuklar yeti\u015ftirdi\u011fi bir yer. . .<br \/>\n\u3000<br \/>\n<figure class=\"wp-caption aligncenter\"><a href=\"https:\/\/photos.google.com\/share\/AF1QipMRGCtAGzkw6lIs-ySRAuh88jhUnrllkm60kj4ukUrfu2-yGItVmcdT7ADtlGObjg\/photo\/AF1QipOamJiEwsZh1tF-5EOTgMLe62wU0rJxDRK7tlQ?key=MHhlT2JzRFFwbHRQN000NmI4WEh6cDJ0ZF9VWndR\" target=\"_blnak\" rel=\"noopener\"><img decoding=\"async\" src=\"https:\/\/lh3.googleusercontent.com\/pw\/ABLVV85cVtiWpHr-9nxrTduIdzawSmhha0vphcjLdhFIz_XyMiIpcfxgrCkF9AsojRqhG2zrqlI7XBx6sWOzVRNX0CJshkwcIPK9PLLw8IQu_fkgU5Hv0xftR4yR_Bsneb90MQoco8CfWfafKBa95Ms59U-D=w2000-h1333-s-no-gm?authuser=0\" width=\"2000\" height=\"1333\" alt=\"Hokuryu Kasabas\u0131&#039;ndaki muhte\u015fem okullar\u0131n gelecekteki geli\u015fimi i\u00e7in s\u0131n\u0131rs\u0131z sevgi, \u015f\u00fckran ve dualar\u0131m\u0131zla. . .\" class=\"size-full\" \/><\/a><figcaption class=\"wp-caption-text\">Hokuryu Kasabas\u0131&#039;ndaki muhte\u015fem okullar\u0131n gelecekteki geli\u015fimi i\u00e7in s\u0131n\u0131rs\u0131z sevgi, \u015f\u00fckran ve dualar\u0131m\u0131zla. . .<\/figcaption><\/figure>\n<h2>Youtube videolar\u0131<\/h2>\n<div class=\"youtube\"><iframe title=\"Hokuriku Kasabas\u0131ndaki Okullar\u0131n Gelecekteki Geli\u015fiminin De\u011ferlendirilmesi Sempozyumu&#039;nun a\u00e7\u0131l\u0131\u015f\u0131nda 50&#039;den fazla kasabal\u0131 bir araya gelerek Profes\u00f6r Motoyasu Nibo&#039;nun konu\u015fmas\u0131 yap\u0131ld\u0131.\" src=\"https:\/\/www.youtube.com\/embed\/-toJGNN3X78?feature=oembed\" frameborder=\"0\" allow=\"accelerometer; autoplay; clipboard-write; encrypted-media; gyroscope; picture-in-picture; web-share\" allowfullscreen><\/iframe><\/div>\n<h2>Di\u011fer foto\u011fraflar<\/h2>\n<div class=\"img-move\">\n<img decoding=\"async\" src=\"https:\/\/ehokkaido.net\/wp-content\/uploads\/2021\/12\/2021-12-06-11.41.12.png\" style=\"vertical-align:middle;\"> <a href=\"https:\/\/photos.app.goo.gl\/7cPCt9o7diWeq1SE9\" target=\"_blank\" rel=\"noopener noreferrer\">Hokuryu Kasabas\u0131ndaki okullar\u0131n gelece\u011fine ili\u015fkin sempozyumdan foto\u011fraflar (124 foto\u011fraf) burada mevcuttur &gt;&gt;<\/a><\/a><\/div>\n<h2>\u0130lgili makaleler<\/h2>\n\n        <div class=\"site-blogcard-premium\">\n            <div class=\"bc-label-custom\">\u0130lgili makaleler<\/div>\n            <div class=\"bc-flex-container\">\n                <div class=\"bc-main-text\">\n                    <div class=\"bc-title-link-box\">\n                        <a href=\"https:\/\/www.mext.go.jp\/a_menu\/shotou\/ikkan\/1357575.htm\" target=\"_blank\">Entegre ilkokul ve ortaokul e\u011fitiminin te\u015fviki hakk\u0131nda: E\u011fitim, K\u00fclt\u00fcr, Spor, Bilim ve Teknoloji Bakanl\u0131\u011f\u0131<\/a>\n                    <\/div>\n                    <div class=\"bc-excerpt-box\"><\/div>\n                <\/div>\n                <div class=\"bc-thumbnail-box\">\n                    <a href=\"https:\/\/www.mext.go.jp\/a_menu\/shotou\/ikkan\/1357575.htm\" target=\"_blank\">\n                        <div class=\"bc-img-zoom-wrap\">\n                            <img decoding=\"async\" src=\"https:\/\/portal.hokuryu.info\/wp\/wp-content\/uploads\/2026\/02\/20230802DSC06445_1.jpg\" alt=\"Entegre ilkokul ve ortaokul e\u011fitiminin te\u015fviki hakk\u0131nda: E\u011fitim, K\u00fclt\u00fcr, Spor, Bilim ve Teknoloji Bakanl\u0131\u011f\u0131\">\n                        <\/div>\n                    <\/a>\n                <\/div>\n            <\/div>\n        <\/div>\n\n        <div class=\"site-blogcard-premium\">\n            <div class=\"bc-label-custom\">\u0130lgili makaleler<\/div>\n            <div class=\"bc-flex-container\">\n                <div class=\"bc-main-text\">\n                    <div class=\"bc-title-link-box\">\n                        <a href=\"https:\/\/portal.hokuryu.info\/tr\/29298\/\" target=\"_blank\">https:\/\/portal.hokuryu.info\/29298<\/a>\n                    <\/div>\n                    <div class=\"bc-excerpt-box\">Sayfa bilgileri al\u0131namad\u0131.<\/div>\n                <\/div>\n                <div class=\"bc-thumbnail-box\">\n                    <a href=\"https:\/\/portal.hokuryu.info\/tr\/29298\/\" target=\"_blank\">\n                        <div class=\"bc-img-zoom-wrap\">\n                            <img decoding=\"async\" src=\"https:\/\/portal.hokuryu.info\/wp\/wp-content\/uploads\/2026\/02\/20230802DSC06445_1.jpg\" alt=\"https:\/\/portal.hokuryu.info\/29298\">\n                        <\/div>\n                    <\/a>\n                <\/div>\n            <\/div>\n        <\/div>\n\u3000\u3000<\/p>\n<p>\u25c7 R\u00f6portaj ve metin: Ikuko Terauchi (foto\u011fraf\u00e7\u0131l\u0131k ve d\u00fczenleme asistan\u0131: Noboru Terauchi)<\/p>","protected":false},"excerpt":{"rendered":"<p>\uff12\uff10\uff12\uff13\u5e74\uff11\uff12\u6708\uff12\uff15\u65e5\uff08\u6708\uff09 \uff11\uff12\u6708\uff12\uff12\u65e5\uff08\u91d1\uff09\uff11\uff18\u6642\uff13\uff10\u5206\u3088\u308a\u3001\u5317\u7adc\u753a\u6559\u80b2\u59d4\u54e1\u4f1a\u4e3b\u50ac\u306b\u3088\u308b\u300c\u5317\u7adc\u753a\u306e\u3053\u308c\u304b\u3089\u306e\u5b66\u6821\u3065\u304f\u308a\u3092\u8003\u3048\u308b\u30b7\u30f3\u30dd\u30b8\u30a6\u30e0\u300d\u304c\u5317\u7adc\u753a\u516c\u6c11\u9928\u5927\u30db\u30fc\u30eb\u306b\u3066\u958b\u50ac\u3055\u308c\u307e\u3057\u305f\u3002 \u82e5\u3044\u4e16\u4ee3\u306e\u3054 [&hellip;]<\/p>\n","protected":false},"author":1,"featured_media":40527,"comment_status":"open","ping_status":"open","sticky":false,"template":"","format":"standard","meta":{"footnotes":""},"categories":[4,23],"tags":[],"class_list":["post-40526","post","type-post","status-publish","format-standard","has-post-thumbnail","hentry","category-cover-story","category-board-of-education"],"_links":{"self":[{"href":"https:\/\/portal.hokuryu.info\/tr\/wp-json\/wp\/v2\/posts\/40526","targetHints":{"allow":["GET"]}}],"collection":[{"href":"https:\/\/portal.hokuryu.info\/tr\/wp-json\/wp\/v2\/posts"}],"about":[{"href":"https:\/\/portal.hokuryu.info\/tr\/wp-json\/wp\/v2\/types\/post"}],"author":[{"embeddable":true,"href":"https:\/\/portal.hokuryu.info\/tr\/wp-json\/wp\/v2\/users\/1"}],"replies":[{"embeddable":true,"href":"https:\/\/portal.hokuryu.info\/tr\/wp-json\/wp\/v2\/comments?post=40526"}],"version-history":[{"count":0,"href":"https:\/\/portal.hokuryu.info\/tr\/wp-json\/wp\/v2\/posts\/40526\/revisions"}],"wp:featuredmedia":[{"embeddable":true,"href":"https:\/\/portal.hokuryu.info\/tr\/wp-json\/wp\/v2\/media\/40527"}],"wp:attachment":[{"href":"https:\/\/portal.hokuryu.info\/tr\/wp-json\/wp\/v2\/media?parent=40526"}],"wp:term":[{"taxonomy":"category","embeddable":true,"href":"https:\/\/portal.hokuryu.info\/tr\/wp-json\/wp\/v2\/categories?post=40526"},{"taxonomy":"post_tag","embeddable":true,"href":"https:\/\/portal.hokuryu.info\/tr\/wp-json\/wp\/v2\/tags?post=40526"}],"curies":[{"name":"wp","href":"https:\/\/api.w.org\/{rel}","templated":true}]}}