{"id":3822,"date":"2020-07-30T12:00:19","date_gmt":"2020-07-30T03:00:19","guid":{"rendered":"https:\/\/portal.hokuryu.info\/?p=3822"},"modified":"2021-05-04T16:54:15","modified_gmt":"2021-05-04T07:54:15","slug":"3822-mesaj","status":"publish","type":"post","link":"https:\/\/portal.hokuryu.info\/tr\/3822\/","title":{"rendered":"Tatsuya ve Hitomi Kamii, Hokuryu Kasabas\u0131&#039;n\u0131n (Hokkaido) da\u011flar\u0131nda kendi a\u011fa\u00e7 kesimlerini yaparak ormanc\u0131l\u0131k yapmaya ba\u015fl\u0131yorlar!"},"content":{"rendered":"<p>\u00c7ar\u015famba, 29 Temmuz 2020<\/p>\n<p>Gen\u00e7 bir \u00e7ift, 2020 y\u0131l\u0131n\u0131n nisan ay\u0131nda Hokuryu kasabas\u0131na ta\u015f\u0131nd\u0131 ve kasaban\u0131n ormanlar\u0131nda &quot;kendi kendine ormanc\u0131l\u0131k&quot; i\u015fi kurdu. \u00c7iftin isimleri Kamii Tatsuya (28 ya\u015f\u0131nda) ve Hitomi (31 ya\u015f\u0131nda).<\/p>\n<p>&quot;Kendi kendine ormanc\u0131l\u0131k&quot;, hem karl\u0131l\u0131\u011f\u0131 hem de \u00e7evre korumay\u0131 y\u00fcksek d\u00fczeyde sa\u011flayan s\u00fcrd\u00fcr\u00fclebilir bir orman y\u00f6netim y\u00f6ntemidir. \u00dclke topraklar\u0131n\u0131n y\u00fczde 70&#039;ini kaplayan ormanlar\u0131n de\u011ferlendirilmesiyle b\u00f6lgesel canlanman\u0131n anahtar\u0131 olmas\u0131 beklenen ve \u00fclke genelinde giderek yayg\u0131nla\u015fan bir ormanc\u0131l\u0131k y\u00f6netimi bi\u00e7imidir.<\/p>\n<h2>Tatsuya ve Hitomi Kamii ve kocalar\u0131<\/h2>\n<p>Evli bir \u00e7ift olan Tatsuya ve Hitomi Kamii, Hokuryu Kasabas\u0131&#039;nda 25 hektarl\u0131k orman ve Hokuryu Kasabas\u0131&#039;na ba\u011fl\u0131 Kazunori&#039;de bo\u015f bir ev sat\u0131n alarak kendi ormanc\u0131l\u0131k i\u015fletmelerini kurdular. Yo\u011fun programlar\u0131na ra\u011fmen Kamiilerle konu\u015ftuk.<\/p>\n<h3>\u0130kisi nas\u0131l tan\u0131\u015ft\u0131?<\/h3>\n<p>Tatsuya Kamii Sapporo \u015fehrinden, Hitomi ise Shinhidaka kasabas\u0131ndan. \u0130kisi de Rakuno Gakuen \u00dcniversitesi&#039;nde (Ebetsu \u015eehri) son s\u0131n\u0131f ve \u00fc\u00e7\u00fcnc\u00fc s\u0131n\u0131f \u00f6\u011frencisi. \u0130kili, \u00c7evre Bilimleri Fak\u00fcltesi Yaban Hayat\u0131 Koruma ve Y\u00f6netim Laboratuvar\u0131&#039;nda \u00e7al\u0131\u015f\u0131rken tan\u0131\u015ft\u0131. Tatsuya, y\u00fcksek lisans\u0131n\u0131 S\u00fct Bilimi Enstit\u00fcs\u00fc&#039;nde tamamlad\u0131.<\/p>\n<h3>Tatsuya Kamii<\/h3>\n<p>\ufffc<br \/>\n<figure class=\"wp-caption aligncenter\"><a href=\"https:\/\/photos.google.com\/share\/AF1QipOiD--h7dGzaV0GzrCqeEbFd74te5iMjrId3t17flTUblhspGaHyQuewys_Nsr2KA\/photo\/AF1QipOXbySTKz8g8LQrf7lpefq05qBL5gSJGMIsQJI?key=WDgtTGM0eUZWaW1hY2syNXNkdkhjMlVwcWZaamNB\" target=\"_blank\" rel=\"noopener noreferrer\"><img decoding=\"async\" src=\"https:\/\/lh3.googleusercontent.com\/pw\/ACtC-3eXYyDdQNdC3-wKNd7UNXhCD1HvFrKN-rbWVNw-RzON9NZAJA1bX3cKd_7eAFZBwYBpUk6gHpe0hP1b3WeEw2_SNmf9qh4QftnqSZcQGCJoXEZEfi_rYYk-q98v8XT6uVy4y-NFl5fMHIowgra0y1C2=w1768-h1178-no?authuser=0\" width=\"1768\" height=\"1178\" alt=\"Tatsuya Kamii\" class=\"size-medium\" \/><\/a><figcaption class=\"wp-caption-text\">Tatsuya Kamii<\/figcaption><\/figure>\n<p>Tatsuya do\u011fay\u0131 her zaman \u00e7ok sevmi\u015f, kamp yapmay\u0131 seven, a\u00e7\u0131k hava insan\u0131yd\u0131, bu y\u00fczden do\u011fayla ilgili bir i\u015fte \u00e7al\u0131\u015fmak istiyordu. \u00dc\u00e7 karde\u015fim var ve hepsi futbol tutkunu. Tatsuya ilkokul ve ortaokulda futbol kul\u00fcb\u00fcn\u00fcn \u00fcyesiydi.<\/p>\n<p>Hokkaido&#039;da do\u011fay\u0131 incelemek istiyorsan\u0131z Hokkaido \u00dcniversitesi ve Obihiro Tar\u0131m ve Veterinerlik \u00dcniversitesi gibi ulusal \u00fcniversiteler var ancak fak\u00fclte say\u0131s\u0131 s\u0131n\u0131rl\u0131. Bu nedenle, t\u00fcm do\u011fal \u00e7evreyi kapsayan geni\u015f bir yelpazede \u00e7evre bilimleri okumak istedim ve bu nedenle Rakuno Gakuen \u00dcniversitesi&#039;ni se\u00e7tim.<\/p>\n<p>\u00dcniversitede S\u00fct Bilimi Enstit\u00fcs\u00fc&#039;nde y\u00fcksek lisans e\u011fitimini tamamlad\u0131. Laboratuvar e\u011fitimim kapsam\u0131nda Malezya ormanlar\u0131n\u0131 ziyaret etti\u011fimde do\u011fan\u0131n g\u00fczelli\u011fine hayran kald\u0131m.<\/p>\n<p>&quot;\u00dcniversite laboratuvar\u0131nda kurba\u011falar\u0131 inceledim. Y\u00fcksek lisans dersimde Ezo geyi\u011finin ekolojik analizini yapt\u0131m. Ancak hayat\u0131m boyunca bu t\u00fcr bir ara\u015ft\u0131rma yapman\u0131n benim i\u00e7in pek do\u011fru olmad\u0131\u011f\u0131n\u0131 hissettim,&quot; diyor Tatsuya.<\/p>\n<h3>Hitomi Kamii<\/h3>\n<p>\ufffc<br \/>\n<figure class=\"wp-caption aligncenter\"><a href=\"https:\/\/photos.google.com\/share\/AF1QipOiD--h7dGzaV0GzrCqeEbFd74te5iMjrId3t17flTUblhspGaHyQuewys_Nsr2KA\/photo\/AF1QipPQaRLP7JG5PzpBjadf_DNR4UPeWIQAye_PBgI?key=WDgtTGM0eUZWaW1hY2syNXNkdkhjMlVwcWZaamNB\" target=\"_blank\" rel=\"noopener noreferrer\"><img decoding=\"async\" src=\"https:\/\/lh3.googleusercontent.com\/pw\/ACtC-3e0EzdJXsGw1EXJ9k_tACuUqhcKX71ijXbP2MEOF7SMaq-31paPminoRR6usn9jL-gUAhTkwW-W3G7OlNJ_cpMyMCQHKhYYYRd2_UlnfPrlN_zSwtmgkUO2kAEfPraKYd245982ZNvgGBKINLrwP1uk=w1768-h1178-no?authuser=0\" width=\"1768\" height=\"1178\" alt=\"Hitomi Kamii\" class=\"size-medium\" \/><\/a><figcaption class=\"wp-caption-text\">Hitomi Kamii<\/figcaption><\/figure>\n<p>Hitomi, Shinhidaka Kasabas\u0131&#039;n\u0131n da\u011flar\u0131ndaki anne ve babas\u0131n\u0131n tap\u0131na\u011f\u0131nda, do\u011fan\u0131n i\u00e7inde b\u00fcy\u00fcd\u00fc. \u0130lkokuldayken veteriner olmak istiyordum. Liseyi bitirdikten sonra ne yapaca\u011f\u0131ma karar verirken hayvanc\u0131l\u0131k okumak istiyordum, bu y\u00fczden s\u00fct \u00e7ift\u00e7ili\u011fi \u00fczerine bir \u00fcniversitede okumaya karar verdim.<\/p>\n<p>Hidaka b\u00f6lgesinde Ezo geyi\u011finin neden oldu\u011fu \u00e7ok say\u0131da kaza ve ekili alanlara zarar verildi. \u00c7evre kalitesinin korunabilmesi i\u00e7in Ezo geyi\u011fi say\u0131s\u0131n\u0131n kontrol alt\u0131nda tutulmas\u0131 gerekti\u011fini belirten yazar, \u00fcniversite y\u0131llar\u0131nda avc\u0131l\u0131k belgesi ald\u0131\u011f\u0131n\u0131 s\u00f6yledi. Bu ehliyeti ald\u0131ktan sonra hayvan avlama ve kesme i\u015fini \u00f6\u011frendi ve bu e\u011fitimi birka\u00e7 kez tekrarlad\u0131.<\/p>\n<h3>Kutchan Kasabas\u0131nda harika bir b\u00fcy\u00fckbabayla hayat\u0131m\u0131 de\u011fi\u015ftiren kar\u015f\u0131la\u015fmam<\/h3>\n<p>Tatsuya, y\u00fcksek lisans\u0131n\u0131 tamamlad\u0131ktan sonra Kutchan Kasabas\u0131&#039;ndaki bir m\u00fczede \u00e7al\u0131\u015ft\u0131. O s\u0131ralarda Kutchan Kasabas\u0131 ormanlar\u0131nda ya\u015fayan ya\u015fl\u0131 bir adamla kar\u015f\u0131la\u015fmas\u0131 hayat\u0131nda b\u00fcy\u00fck bir de\u011fi\u015fikli\u011fe yol a\u00e7t\u0131.<\/p>\n<p>Ya\u015fl\u0131 adam ormanda ya\u015fayan ve harika bir hayat ya\u015fayan bir dededir. Bah\u00e7e, Fukidashi Park\u0131 gibi Yotei Da\u011f\u0131&#039;n\u0131n eteklerinden gelen bol miktarda kaynak suyuyla kutsanm\u0131\u015f durumda ve aile ge\u00e7imini bu suyla sa\u011fl\u0131yor.<\/p>\n<p>Emlak iyi bir konumdayd\u0131, asfalt yola \u00e7ok yak\u0131nd\u0131. \u00c7ok iyi bir adamd\u0131r ve herkes taraf\u0131ndan \u00e7ok sevilir.<\/p>\n<p>&quot;Kendimi gelecekte bir b\u00fcy\u00fckbaba olarak hayal etmek hayat\u0131m\u0131n nihai hedefi! Ayn\u0131 i\u015fi onlarca y\u0131l yapan bir ofis \u00e7al\u0131\u015fan\u0131n\u0131n hayat\u0131n\u0131n s\u0131k\u0131c\u0131 oldu\u011funu hissettim, bu y\u00fczden gelecekte Kutchan Kasabas\u0131 ormanlar\u0131nda ya\u015fayan ya\u015fl\u0131 bir adam gibi ya\u015famak ve g\u00fcnlerimi orman\u0131n i\u00e7inde sessizce sonland\u0131rmak istedi\u011fimi d\u00fc\u015f\u00fcnmeye ba\u015flad\u0131m,&quot; diyor Uei gelecek vizyonundan bahsederken.<\/p>\n<h2>Onishi Forestry Co., Ltd.&#039;de iki y\u0131l \u00e7al\u0131\u015ft\u0131m<\/h2>\n<p>Kutchan Kasabas\u0131&#039;nda kald\u0131\u011f\u0131m s\u00fcre boyunca kendi kendine ormanc\u0131l\u0131k hakk\u0131nda bilgi edindim ve bu, Shiraoi Kasabas\u0131 ormanlar\u0131nda ya\u015fama ve ormanc\u0131l\u0131kla ilgili bir alanda \u00e7al\u0131\u015fma iste\u011fimi ate\u015fledi.<\/p>\n<p>\u0130nternette ara\u015ft\u0131rma yaparken Shiraoi Kasabas\u0131ndaki Onishi Forestry Co., Ltd. ile kar\u015f\u0131la\u015ft\u0131m. \u015eirket Hokkaido&#039;da kendi kendine a\u011fa\u00e7 kesimi yapan ormanc\u0131l\u0131\u011f\u0131 te\u015fvik ediyor. Uzun zamand\u0131r yapt\u0131\u011f\u0131 i\u015fi, kendi kendine a\u011fa\u00e7 kesen ormanc\u0131l\u0131kla ili\u015fkilendirdi ve 2016 y\u0131l\u0131nda Hokkaido Kendi Kendine A\u011fa\u00e7 Kesen Ormanc\u0131l\u0131\u011f\u0131 Geli\u015ftirme Konseyi&#039;ni kurdu. \u00c7ok y\u00f6nl\u00fc bir a\u011f olu\u015fmu\u015ftur. M\u00fclakat s\u0131ras\u0131nda d\u00fc\u015f\u00fcncelerimi net bir \u015fekilde aktarabildim ve i\u015fe al\u0131nd\u0131m.<\/p>\n<p>Nisan 2018&#039;de hemen Shiraoi Kasabas\u0131na ta\u015f\u0131nd\u0131k. E\u011fitim al\u0131rken iki y\u0131l boyunca Onishi Forestry Co., Ltd.&#039;de \u00e7al\u0131\u015ft\u0131. \u00c7al\u0131\u015fma kapsam\u0131nda yakacak odun, shiitake mantar\u0131 ve k\u00f6m\u00fcr sevkiyat\u0131 yap\u0131l\u0131yor. Sahaya gidiyoruz, yol yap\u0131yoruz, a\u011fa\u00e7lar\u0131 motorlu testereyle kesiyoruz ve kamyonla ta\u015f\u0131yoruz. Odun kesme, k\u00f6m\u00fcr oca\u011f\u0131na odun koyup yakma, k\u00f6m\u00fcr y\u00fckleme ve bo\u015faltma gibi i\u015fleri yerinde yapt\u0131m.<\/p>\n<p>Tatsuya, &quot;Senin sayende \u00e7ok daha g\u00fc\u00e7lendim&quot; dedi.<\/p>\n\n        <div class=\"site-blogcard-premium\">\n            <div class=\"bc-label-custom\">\u0130lgili makaleler<\/div>\n            <div class=\"bc-flex-container\">\n                <div class=\"bc-main-text\">\n                    <div class=\"bc-title-link-box\">\n                        <a href=\"https:\/\/www.mokutan.org\" target=\"_blank\">Onishi Ormanc\u0131l\u0131k \u015eirketi, Shiraoi Kasabas\u0131, Hokkaido. K\u00f6m\u00fcr, odun sirkesi, toz k\u00f6m\u00fcr veya yakacak odun ar\u0131yorsan\u0131z, l\u00fctfen bize b\u0131rak\u0131n. - Onishi Ormanc\u0131l\u0131k \u015eirketi Ana Sayfas\u0131<\/a>\n                    <\/div>\n                    <div class=\"bc-excerpt-box\">Hokkaido&#039;nun Shiraoi kasabas\u0131nda odun k\u00f6m\u00fcr\u00fc, odun sirkesi, yakacak odun ve di\u011fer \u00fcr\u00fcnler \u00fcretiyor ve sat\u0131yoruz. Temsilcimiz Bay Onishi, geni\u015f yaprakl\u0131 a\u011fa\u00e7lar aras\u0131nda bizzat \u00e7al\u0131\u015fmaktad\u0131r...<\/div>\n                <\/div>\n                <div class=\"bc-thumbnail-box\">\n                    <a href=\"https:\/\/www.mokutan.org\" target=\"_blank\">\n                        <div class=\"bc-img-zoom-wrap\">\n                            <img decoding=\"async\" src=\"https:\/\/image.jimcdn.com\/app\/cms\/image\/transf\/dimension=2236x10000:format=jpg\/path\/s6a4a7b9f6420a204\/image\/if538ed71c5f9da9f\/version\/1604998027\/image.jpg\" alt=\"Onishi Ormanc\u0131l\u0131k \u015eirketi, Shiraoi Kasabas\u0131, Hokkaido. K\u00f6m\u00fcr, odun sirkesi, toz k\u00f6m\u00fcr veya yakacak odun ar\u0131yorsan\u0131z, l\u00fctfen bize b\u0131rak\u0131n. - Onishi Ormanc\u0131l\u0131k \u015eirketi Ana Sayfas\u0131\">\n                        <\/div>\n                    <\/a>\n                <\/div>\n            <\/div>\n        <\/div>\n<h2>Evlili\u011finize, i\u015f buldu\u011funuz s\u0131rada ba\u015flay\u0131n<\/h2>\n<p>Kutchan Kasabas\u0131&#039;ndan Shiraoi Kasabas\u0131&#039;na ta\u015f\u0131nd\u0131, bir i\u015f buldu ve evlilik hayat\u0131na ba\u015flad\u0131. Hitomi&#039;nin Ekim 2020&#039;de do\u011fum yapmas\u0131 bekleniyor. Tebrikler!<\/p>\n<h2>Kendi kendini kesen ormanc\u0131l\u0131\u011f\u0131n toplumsal katk\u0131s\u0131<\/h2>\n<p>\ufffc<br \/>\n<figure class=\"wp-caption aligncenter\"><a href=\"https:\/\/photos.google.com\/share\/AF1QipOiD--h7dGzaV0GzrCqeEbFd74te5iMjrId3t17flTUblhspGaHyQuewys_Nsr2KA\/photo\/AF1QipPgELzNTRM5F9heWz0wXTOe1sssJZZTrGVK9R8?key=WDgtTGM0eUZWaW1hY2syNXNkdkhjMlVwcWZaamNB\" target=\"_blank\" rel=\"noopener noreferrer\"><img decoding=\"async\" src=\"https:\/\/lh3.googleusercontent.com\/pw\/ACtC-3df5eIHjuMgOEAJBu1jZosUJzE4ssyo5ryhxI3qWxgYr-KA5K3cTNuQLsC4_emi_eUs6oRcNAKyLMskBLrGwDBziHROBYG8bVifqABKUHn_oVr5FabVOGPigLCmztlsvcP0eEfY8ZRXwyPQsZSe2WMg=w1768-h1178-no?authuser=0\" width=\"1768\" height=\"1178\" alt=\"Tatsuya, kendi kendine a\u011fa\u00e7 kesimi yapan ormanc\u0131l\u0131\u011f\u0131n cazibesinden bahsediyor\" class=\"size-medium\" \/><\/a><figcaption class=\"wp-caption-text\">Tatsuya, kendi kendine a\u011fa\u00e7 kesimi yapan ormanc\u0131l\u0131\u011f\u0131n cazibesinden bahsediyor<\/figcaption><\/figure>\n<p>&quot;Kendi kendine ormanc\u0131l\u0131k yapman\u0131n toplumsal katk\u0131lar\u0131ndan biri de do\u011fay\u0131 korumaya yard\u0131mc\u0131 olmas\u0131d\u0131r. Do\u011fay\u0131 seviyorum ve ormanlar\u0131n do\u011fal ortam\u0131n\u0131 korumak i\u00e7in g\u00fc\u00e7l\u00fc bir iste\u011fim var. Do\u011fay\u0131 korumak i\u00e7in ne yapabilece\u011fimizi hep merak etmi\u015fimdir.<\/p>\n<p>G\u00fcn\u00fcm\u00fcz\u00fcn ana ak\u0131m ormanc\u0131l\u0131k yakla\u015f\u0131m\u0131, do\u011fay\u0131 korumak yerine, b\u00fct\u00fcn a\u011fa\u00e7lar\u0131 kesip da\u011flar\u0131 kel b\u0131rakmay\u0131 i\u00e7eriyor. Bunun sonucunda orada ya\u015fayan canl\u0131lar yok oluyor, a\u011fa\u00e7lar yok oluyor, bitki \u00f6rt\u00fcs\u00fc de\u011fi\u015fiyor.<\/p>\n<p>Ayr\u0131ca bambunun k\u00f6kleri \u00e7ok g\u00fc\u00e7l\u00fcd\u00fcr, bu y\u00fczden \u00e7ok fazla uzarsa a\u011fa\u00e7lar\u0131n b\u00fcy\u00fcmesi zorla\u015f\u0131r. Oraya a\u011fa\u00e7 dikerseniz, \u00e7imleri defalarca bi\u00e7meniz gerekir. Bu durum, orman\u0131n, \u015fiddetli ya\u011f\u0131\u015flar s\u0131ras\u0131nda topra\u011f\u0131n s\u00fcr\u00fcklenmesi gibi afetlere kar\u015f\u0131 daha savunmas\u0131z hale gelmesine neden olacak. Da\u011flar\u0131n topra\u011f\u0131 \u00e7ok \u00f6nemlidir; toprak var, a\u011fa\u00e7lar var, insanlar bunlar\u0131 kullanarak hayatta kal\u0131yor.<\/p>\n<p>Buna kar\u015f\u0131l\u0131k, Kutchan Kasabas\u0131&#039;nda buldu\u011fumuz &quot;kendi kendini kesen ormanc\u0131l\u0131k&quot;, \u00e7\u00f6kmeye neden olmayacak k\u00fc\u00e7\u00fck yollar in\u015fa etmeyi ve orman\u0131n yakla\u015f\u0131k &#039;unun her 10 y\u0131lda bir inceltilmesini i\u00e7eriyor.<\/p>\n<p>Geriye sadece en kaliteli a\u011fa\u00e7lar kal\u0131yor, bu da kalan a\u011fa\u00e7lar\u0131n daha kal\u0131n b\u00fcy\u00fcyece\u011fi ve gelecekte daha kaliteli kereste \u00fcretece\u011fi anlam\u0131na geliyor. Odun daha iyi b\u00fcy\u00fcyecek ve odunun genel kal\u0131nl\u0131\u011f\u0131 artacak, bu da genel olarak daha verimli olmas\u0131n\u0131 sa\u011flayacakt\u0131r.<\/p>\n<p>Kendi kendine a\u011fa\u00e7 kesimi ormanc\u0131l\u0131\u011f\u0131 esasen yeniden a\u011fa\u00e7land\u0131rmay\u0131 i\u00e7ermez, bu nedenle iyi a\u011fa\u00e7lar do\u011fal olarak yeti\u015fir. &quot;Kendi kendine a\u011fa\u00e7 kesimi&quot; ormanlar\u0131n do\u011fal g\u00fcc\u00fcn\u00fc koruyan bir ormanc\u0131l\u0131k t\u00fcr\u00fcd\u00fcr.<\/p>\n<p>Kendi kendine a\u011fa\u00e7 kesen ormanc\u0131lar\u0131n say\u0131s\u0131 artarsa do\u011fay\u0131 koruyabilece\u011fimizi d\u00fc\u015f\u00fcnd\u00fcm. Kamii Tatsuya, &quot;Gelecekte Sorachi \u00e7evresinde kendi kendine a\u011fa\u00e7 kesen ormanc\u0131lar\u0131n say\u0131s\u0131n\u0131 art\u0131rmak ve do\u011fay\u0131 korumak i\u00e7in bir rol model olmak istiyorum&quot; diyor b\u00fcy\u00fck bir g\u00fcvenle.<br \/>\n\ufffc<br \/>\n<figure class=\"wp-caption aligncenter\"><a href=\"https:\/\/photos.google.com\/share\/AF1QipOiD--h7dGzaV0GzrCqeEbFd74te5iMjrId3t17flTUblhspGaHyQuewys_Nsr2KA\/photo\/AF1QipOEOx0optrnqUCnXdiyV2AQe-iNhQw-13jhldA?key=WDgtTGM0eUZWaW1hY2syNXNkdkhjMlVwcWZaamNB\" target=\"_blank\" rel=\"noopener noreferrer\"><img decoding=\"async\" src=\"https:\/\/lh3.googleusercontent.com\/pw\/ACtC-3ela_cpXcVbchbMkY8BbstWYHfEVzkUbZKk4thTu0B9cyH5bGV4wUFMQrpyNQyZeekS5L2rOCd4SWJi-DZvDhp0nRsiOh8wbBgZEU0PUxfcWQF-WuE56m2H-yOH7BTIW2xpBZD2U6MkrDwNDpuXBQdu=w1768-h1178-no?authuser=0\" width=\"1768\" height=\"1178\" alt=\"Hokuryu Kasabas\u0131 ormanlar\u0131yla kar\u015f\u0131la\u015fma\" class=\"size-medium\" \/><\/a><figcaption class=\"wp-caption-text\">Hokuryu Kasabas\u0131 ormanlar\u0131yla kar\u015f\u0131la\u015fma<\/figcaption><\/figure>\n<h2>Bay Kamii&#039;nin kendi kendine a\u011fa\u00e7 kesme ormanc\u0131l\u0131\u011f\u0131 ve faaliyet \u00fcss\u00fc<\/h2>\n<h3>Hokuryu Kasabas\u0131nda yakla\u015f\u0131k 25 hektar ormanl\u0131k arazi sat\u0131n al\u0131nd\u0131.<\/h3>\n<p>Ge\u00e7ti\u011fimiz y\u0131l, 2019 y\u0131l\u0131 Eyl\u00fcl ay\u0131 civar\u0131nda ormanl\u0131k alan aramaya ba\u015flad\u0131m. Ormanc\u0131l\u0131k derne\u011fine dan\u0131\u015ft\u0131k ve internette orman bilgi sitelerinde bilgi arad\u0131k, ancak geni\u015f yaprakl\u0131 orman iste\u011fimize uyan bir da\u011f bulamad\u0131k.<\/p>\n<p>O s\u0131rada bir akrabas\u0131 veya tan\u0131d\u0131\u011f\u0131 vas\u0131tas\u0131yla &quot;Kitary\u016b Kasabas\u0131&#039;nda sat\u0131l\u0131k orman arazisi olabilir, bunu ara\u015ft\u0131rmal\u0131y\u0131m&quot; bilgisini duymu\u015f. Ara\u015ft\u0131r\u0131p soru\u015fturduktan sonra \u015fartlar\u0131n uydu\u011funu g\u00f6rd\u00fck.<\/p>\n<p>Kitary\u016b Kasabas\u0131&#039;nda sat\u0131n al\u0131nan orman yakla\u015f\u0131k 25 hektarl\u0131k bir alan\u0131 kapl\u0131yor. Orman\u0131n yar\u0131s\u0131 do\u011fal, yar\u0131s\u0131 yapay. Do\u011fal ormanlar, esas olarak Mizunara me\u015fesi ve hu\u015f a\u011fac\u0131n\u0131n yan\u0131 s\u0131ra \u0131hlamur ve \u015feker ak\u00e7aa\u011fac\u0131 gibi di\u011fer a\u011fa\u00e7lardan olu\u015fan do\u011fal orman ve geni\u015f yaprakl\u0131 orman da\u011flar\u0131d\u0131r. Orman\u0131n yar\u0131s\u0131 yapay kara\u00e7am a\u011fa\u00e7lar\u0131ndan olu\u015fuyor.<\/p>\n<p>Orman tescili bu y\u0131l\u0131n Ocak ay\u0131nda tamamland\u0131.<\/p>\n<h3>Hokkaido \u00d6z Hasat Ormanc\u0131l\u0131\u011f\u0131 Tan\u0131t\u0131m Konseyi&#039;ne kat\u0131ld\u0131<\/h3>\n<p>Hemen Hokkaido Kendi Kendini Hasat Eden Ormanc\u0131l\u0131\u011f\u0131 Geli\u015ftirme Konseyi&#039;ne kat\u0131ld\u0131k. Hokkaido \u00d6z Hasat Ormanc\u0131l\u0131\u011f\u0131n\u0131 Geli\u015ftirme Konseyi, Kamii&#039;nin aktif olarak kat\u0131ld\u0131\u011f\u0131 ve \u00e7ok \u015fey \u00f6\u011frendi\u011fi seminerler ve e\u011fitim oturumlar\u0131 d\u00fczenliyor.<\/p>\n\n        <div class=\"site-blogcard-premium\">\n            <div class=\"bc-label-custom\">\u0130lgili makaleler<\/div>\n            <div class=\"bc-flex-container\">\n                <div class=\"bc-main-text\">\n                    <div class=\"bc-title-link-box\">\n                        <a href=\"http:\/\/hokkaido-jibatsukyo.org\" target=\"_blank\">Hokkaido kendi kendini kesen ormanc\u0131l\u0131\u011f\u0131n tan\u0131t\u0131m konseyi<\/a>\n                    <\/div>\n                    <div class=\"bc-excerpt-box\">Hokkaido&#039;da kendi kendine hasat yapan ormanc\u0131l\u0131\u011f\u0131 te\u015fvik etmek<\/div>\n                <\/div>\n                <div class=\"bc-thumbnail-box\">\n                    <a href=\"http:\/\/hokkaido-jibatsukyo.org\" target=\"_blank\">\n                        <div class=\"bc-img-zoom-wrap\">\n                            <img decoding=\"async\" src=\"https:\/\/img.youtube.com\/vi\/AjNjo1GdEMM\/mqdefault.jpg\" alt=\"Hokkaido kendi kendini kesen ormanc\u0131l\u0131\u011f\u0131n tan\u0131t\u0131m konseyi\">\n                        <\/div>\n                    <\/a>\n                <\/div>\n            <\/div>\n        <\/div>\n\n        <div class=\"site-blogcard-premium\">\n            <div class=\"bc-label-custom\">\u0130lgili makaleler<\/div>\n            <div class=\"bc-flex-container\">\n                <div class=\"bc-main-text\">\n                    <div class=\"bc-title-link-box\">\n                        <a href=\"http:\/\/hokkaido-jibatsukyo.org\/2020\/07\/05\/zirei-kamii-tatsuya\" target=\"_blank\">[Hokkaido&#039;nun kendi kendini kesen ormanc\u0131lar\u0131 yeni bir yolculu\u011fa ba\u015fl\u0131yor] Tatsuya Kamii (Hokuryu Kasabas\u0131) | Hokkaido Kendi Kendini Kesen Ormanc\u0131l\u0131k Tan\u0131t\u0131m Konseyi<\/a>\n                    <\/div>\n                    <div class=\"bc-excerpt-box\"><\/div>\n                <\/div>\n                <div class=\"bc-thumbnail-box\">\n                    <a href=\"http:\/\/hokkaido-jibatsukyo.org\/2020\/07\/05\/zirei-kamii-tatsuya\" target=\"_blank\">\n                        <div class=\"bc-img-zoom-wrap\">\n                            <img decoding=\"async\" src=\"https:\/\/img.youtube.com\/vi\/AjNjo1GdEMM\/mqdefault.jpg\" alt=\"[Hokkaido&#039;nun kendi kendini kesen ormanc\u0131lar\u0131 yeni bir yolculu\u011fa ba\u015fl\u0131yor] Tatsuya Kamii (Hokuryu Kasabas\u0131) | Hokkaido Kendi Kendini Kesen Ormanc\u0131l\u0131k Tan\u0131t\u0131m Konseyi\">\n                        <\/div>\n                    <\/a>\n                <\/div>\n            <\/div>\n        <\/div>\n<h3>G\u00f6n\u00fcll\u00fc kurulu\u015f &quot;Hokuryu Satoyama Kul\u00fcb\u00fc&quot; kuruldu<\/h3>\n<p>Kendi kendine a\u011fa\u00e7 kesimi yapan ormanc\u0131l\u0131\u011f\u0131 te\u015fvik etmek amac\u0131yla Sorachi b\u00f6lgesinde g\u00f6n\u00fcll\u00fc bir \u00f6rg\u00fct olan Hokuryu Satoyama Kul\u00fcb\u00fcn\u00fc kurdu ve kul\u00fcb\u00fcn temsilcisi oldu. \u015eu anda yedi \u00fcyemiz var.<\/p>\n<h3>&quot;Orman ve da\u011f k\u00f6y\u00fc \u00e7ok i\u015flevlilik uygulama tedbirleri s\u00fcbvansiyonu&quot; s\u00fcbvansiyon sisteminden yararlan\u0131lmas\u0131<\/h3>\n<p>Kamii, Ormanc\u0131l\u0131k Ajans\u0131&#039;n\u0131n, bozulmam\u0131\u015f da\u011f ormanlar\u0131na y\u00f6nelik faaliyetleri destekleyen &quot;Orman ve Da\u011f K\u00f6yleri \u00c7ok \u0130\u015flevli \u0130\u015flevleri Geli\u015ftirme Tedbirleri Hibe Program\u0131&quot; adl\u0131 destek program\u0131ndan yararlan\u0131yor (a\u015fa\u011f\u0131daki metin Ormanc\u0131l\u0131k Ajans\u0131&#039;n\u0131n &quot;Orman ve Da\u011f K\u00f6yleri \u00c7ok \u0130\u015flevli \u0130\u015flevleri Geli\u015ftirme Tedbirleri Hibe Program\u0131&quot; web sitesinden al\u0131nm\u0131\u015ft\u0131r).<\/p>\n\n        <div class=\"site-blogcard-premium\">\n            <div class=\"bc-label-custom\">\u0130lgili makaleler<\/div>\n            <div class=\"bc-flex-container\">\n                <div class=\"bc-main-text\">\n                    <div class=\"bc-title-link-box\">\n                        <a href=\"https:\/\/www.rinya.maff.go.jp\/j\/sanson\/tamenteki.html\" target=\"_blank\">Ormanc\u0131l\u0131k Ajans\u0131: K\u0131rsal ormanlar\u0131n \u00e7ok y\u00f6nl\u00fc i\u015flevlerini canland\u0131rmaya y\u00f6nelik tedbirlere verilen destek<\/a>\n                    <\/div>\n                    <div class=\"bc-excerpt-box\"><\/div>\n                <\/div>\n                <div class=\"bc-thumbnail-box\">\n                    <a href=\"https:\/\/www.rinya.maff.go.jp\/j\/sanson\/tamenteki.html\" target=\"_blank\">\n                        <div class=\"bc-img-zoom-wrap\">\n                            <img decoding=\"async\" src=\"https:\/\/www.rinya.maff.go.jp\/j\/sanson\/.\/attach\/img\/tamenteki-2.png\" alt=\"Ormanc\u0131l\u0131k Ajans\u0131: K\u0131rsal ormanlar\u0131n \u00e7ok y\u00f6nl\u00fc i\u015flevlerini canland\u0131rmaya y\u00f6nelik tedbirlere verilen destek\">\n                        <\/div>\n                    <\/a>\n                <\/div>\n            <\/div>\n        <\/div>\n<p>Orman ve Da\u011f K\u00f6y\u00fc \u00c7ok \u0130\u015flevlili\u011fini Geli\u015ftirme Tedbirleri Hibe Program\u0131, Satoyama ormanlar\u0131n\u0131n korunmas\u0131, orman kaynaklar\u0131n\u0131n kullan\u0131m\u0131 ve \u00fc\u00e7 veya daha fazla yerel sakin ve orman sahibinden olu\u015fan \u00f6rg\u00fctler taraf\u0131ndan y\u00fcr\u00fct\u00fclen orman koruma ve y\u00f6netim faaliyetleri gibi \u00e7abalar\u0131 desteklemek, ormanlar\u0131n \u00e7ok i\u015flevlili\u011finin kullan\u0131m\u0131n\u0131 te\u015fvik etmek ve da\u011f k\u00f6ylerindeki topluluklar\u0131 korumak ve canland\u0131rmak amac\u0131yla tasarlanm\u0131\u015ft\u0131r.<\/p>\n<p>Kurulu\u015f ba\u015f\u0131na y\u0131lda en fazla 5 milyon yen (devlet hibesi) destek sa\u011flanacakt\u0131r. Se\u00e7ildi\u011finizde \u00fc\u00e7 y\u0131ll\u0131k bir faaliyet plan\u0131 haz\u0131rlaman\u0131z gerekiyor.<\/p>\n<p><span style=\"font-weight:bold\">&lt;Destek men\u00fcs\u00fc&gt;<\/span><br \/>\n\u30fbB\u00f6lgesel \u00e7evre koruma t\u00fcr\u00fc: Satoyama orman manzaras\u0131n\u0131 korumaya y\u00f6nelik faaliyetler, istilac\u0131 bambular\u0131 kesmek ve ortadan kald\u0131rmak<br \/>\n\u30fbOrman kayna\u011f\u0131 kullan\u0131m t\u00fcr\u00fc: Yakacak odun ve shiitake mantar\u0131 k\u00fct\u00fckleri olarak kullan\u0131lmak \u00fczere a\u011fa\u00e7 kesimi<br \/>\n\u30fbOrman fonksiyon iyile\u015ftirme t\u00fcr\u00fc: Y\u00fcr\u00fcy\u00fc\u015f yollar\u0131 ve \u00e7al\u0131\u015fma yollar\u0131n\u0131n in\u015fas\u0131 ve onar\u0131m\u0131<\/p>\n<h2>Bay Kamii&#039;nin kendi kendine a\u011fa\u00e7 kesimi ormanc\u0131l\u0131\u011f\u0131na y\u00f6nelik i\u015f modeli<\/h2>\n<p>\u00c7e\u015fitli orman kaynaklar\u0131n\u0131n sat\u0131\u015f\u0131. Ana \u00fcr\u00fcn yakacak odun olmakla birlikte, k\u00fct\u00fckler, hu\u015f a\u011fac\u0131 kabu\u011fu el sanatlar\u0131, Amur a\u011fac\u0131 kabu\u011fu, \u00fcz\u00fcm asmalar\u0131, yakacak odun kesme bloklar\u0131, Japon Sahalin k\u00f6knar ya\u011f\u0131, Japon Sahalin k\u00f6knar a\u011fa\u00e7lar\u0131 ve kamp i\u00e7in yakacak odun gibi \u00e7e\u015fitli di\u011fer \u00fcr\u00fcnlere de talep vard\u0131r. Gelecekte her olas\u0131 y\u00f6ntemi tek tek denemeyi planl\u0131yorlar.<\/p>\n<h2>Tatsuya ve Hitomi Kamii&#039;nin gelece\u011fe dair hayalleri<\/h2>\n<h3>Tatsuya Kamii<\/h3>\n<p>\ufffc<br \/>\n<figure class=\"wp-caption aligncenter\"><a href=\"https:\/\/photos.google.com\/share\/AF1QipOiD--h7dGzaV0GzrCqeEbFd74te5iMjrId3t17flTUblhspGaHyQuewys_Nsr2KA\/photo\/AF1QipPQTW1WyZ0B53SuHgrmmLdZq0BwTkFPHBE-zGU?key=WDgtTGM0eUZWaW1hY2syNXNkdkhjMlVwcWZaamNB\" target=\"_blank\" rel=\"noopener noreferrer\"><img decoding=\"async\" src=\"https:\/\/lh3.googleusercontent.com\/pw\/ACtC-3dmStvSsqpblCSHu1HKNI_r-16kXUO-pafY-OVizrO1y1rOZ9jvne029noLaoooie1GF8Q84LkuvJhHwDRQ6c_EbFiu0NxTL-ni9P-S1y61oy6n_BGOOi5knXzVtsWlJdlovx3kPKK39wHvxK35gZwZ=w1768-h1178-no?authuser=0\" width=\"1768\" height=\"1178\" alt=\"Do\u011faya kar\u015f\u0131 fark\u0131ndal\u0131\u011f\u0131n\u0131z\u0131 art\u0131r\u0131n!\" class=\"size-medium\" \/><\/a><figcaption class=\"wp-caption-text\">Do\u011faya kar\u015f\u0131 fark\u0131ndal\u0131\u011f\u0131n\u0131z\u0131 art\u0131r\u0131n!<\/figcaption><\/figure>\n<p>&quot;Ormanc\u0131lar ve kasaba halk\u0131 aras\u0131nda do\u011faya ili\u015fkin fark\u0131ndal\u0131\u011f\u0131 art\u0131rmak, kendi kendine a\u011fa\u00e7 kesen ormanc\u0131lar\u0131n say\u0131s\u0131n\u0131 art\u0131rmak ve gelece\u011fe d\u00f6n\u00fck s\u00fcrd\u00fcr\u00fclebilir bir ya\u015fam tarz\u0131n\u0131 yayg\u0131nla\u015ft\u0131rmak istiyoruz.<br \/>\nAyr\u0131ca insanlara fayda sa\u011flayacak toplumsal katk\u0131 faaliyetlerini proaktif bir \u015fekilde y\u00fcr\u00fctmek istiyoruz.&quot;<\/p>\n<h3>Hitomi Kamii<\/h3>\n<p>\ufffc<br \/>\n<figure class=\"wp-caption aligncenter\"><a href=\"https:\/\/photos.google.com\/share\/AF1QipOiD--h7dGzaV0GzrCqeEbFd74te5iMjrId3t17flTUblhspGaHyQuewys_Nsr2KA\/photo\/AF1QipNMOu2iqNF8qw7F_HQryC8NpAr6NrD3T8d-o5E?key=WDgtTGM0eUZWaW1hY2syNXNkdkhjMlVwcWZaamNB\" target=\"_blank\" rel=\"noopener noreferrer\"><img decoding=\"async\" src=\"https:\/\/lh3.googleusercontent.com\/pw\/ACtC-3fnTHRhmHs-GOrtlKsjrpodcZ5AnjlMAqQsbpJ4sk-x5_S0lvmoi1ynKwpKo4P3ATGH19bZnVQZ4Vlh-JVSO8LK-6KOQw3T8BuagNmGic_fXUt6-JJgA7MIGcCZivHXpcVX9-WWXauwNnpKClik0JTT=w1768-h1178-no?authuser=0\" width=\"1768\" height=\"1178\" alt=\"Da\u011f evinde kafe i\u015fletmek istiyorum!\" class=\"size-medium\" \/><\/a><figcaption class=\"wp-caption-text\">Da\u011f evinde kafe i\u015fletmek istiyorum!<\/figcaption><\/figure>\n<p>&quot;Gelecekteki hayalim kendi da\u011flar\u0131mda avlanmak. Ayr\u0131ca bir da\u011f evinde ya\u015famay\u0131 ve bir kafe i\u015fletmeyi de hayal ediyorum. Her t\u00fcrden insan\u0131n bir araya gelip Ezo geyi\u011fi etini birlikte payla\u015fabilece\u011fi bir yer haline getirmek istiyorum.<\/p>\n<p>&quot;Do\u011fay\u0131 seven, gelecekteki \u00e7ocuklar\u0131m\u0131n da do\u011fan\u0131n i\u00e7inde ko\u015fabilece\u011fi bir aile kurmay\u0131 umuyorum.&quot;<\/p>\n<p><center>\ud83c\udf3c \ud83c\udf3c \ud83c\udf3c \ud83c\udf3c \ud83c\udf3c \ud83c\udf3c \ud83c\udf3c \ud83c\udf3c \ud83c\udf3c \ud83c\udf3c \ud83c\udf3c \ud83c\udf3c <\/center><\/p>\n<h2><a href=\"https:\/\/www.instagram.com\/shizenka2020\/?hl=ja\" rel=\"noopener noreferrer\" target=\"_blank\">Do\u011fan\u0131n Alt\u0131nda Instagram<\/a><\/h2>\n<p>-Videoda Kamii ailesinin 2020 y\u0131l\u0131ndan bu yana y\u00fcr\u00fctt\u00fc\u011f\u00fc k\u00fc\u00e7\u00fck ormanc\u0131l\u0131k i\u015fletmesinin g\u00fcnl\u00fck i\u015f sahneleri ve \u00fcr\u00fcnleri tan\u0131t\u0131l\u0131yor. E\u015fi ise Instagram&#039;\u0131 g\u00fcncellemekten sorumlu.<\/p>\n<h3>\u00c7e\u015fitli \u00fcr\u00fcnler<\/h3>\n<p>-Yakacak odun, k\u00fct\u00fck ve hu\u015f a\u011fac\u0131 kabu\u011fu. \u015eu anda ticarile\u015ftirmeye y\u00f6nelik \u00e7e\u015fitli di\u011fer olas\u0131l\u0131klar\u0131 ara\u015ft\u0131r\u0131yoruz.<br \/>\n\u30fbSat\u0131\u015fla ilgili herhangi bir soru veya talebiniz varsa l\u00fctfen bizimle ileti\u015fime ge\u00e7mekten \u00e7ekinmeyin. Sizden daha \u00e7ok talep almay\u0131 sab\u0131rs\u0131zl\u0131kla bekliyoruz.<\/p>\n<h3>Do\u011fal temas<\/h3>\n<p><font size=\"5\">\u30fbmail\uff1ashizenka.net@gmail.com<\/font><br \/>\n\u30fbInstagram Mesaj\u0131<\/p>\n<figure class=\"wp-caption aligncenter\"><a href=\"https:\/\/www.instagram.com\/p\/CCs_4-8BYJx\/\" target=\"_blank\" rel=\"noopener noreferrer\"><img decoding=\"async\" src=\"https:\/\/lh3.googleusercontent.com\/pw\/ACtC-3dyks6Tur0rSBTYFWwELOO9Xk2xlu88kDbRevIypwpce4EdI4gZ2mXNg8YDJ90nWnwXm3VmxqfrNW8NFc2uaYn_CN4ksG6ivE2-_S76jCuqvl8Dm8YQAPcYFuZqNQl63qGvX3ebyaYlYmLv9C84o_GA=s887-no?authuser=0\" width=\"887\" height=\"887\" alt=\"\u0130lk i\u015f: Orman ara\u015ft\u0131rmas\u0131 ve bambu kesimi (16 Temmuz 2020)\" class=\"size-medium\" \/><figcaption class=\"wp-caption-text\">\u0130lk i\u015f: Orman ara\u015ft\u0131rmas\u0131 ve bambu kesimi (16 Temmuz 2020)<\/a><\/figcaption><\/figure>\n<figure class=\"wp-caption aligncenter\"><a href=\"https:\/\/www.instagram.com\/p\/CDAYkbkB1IC\/\" target=\"_blank\" rel=\"noopener noreferrer\"><img decoding=\"async\" src=\"https:\/\/lh3.googleusercontent.com\/pw\/ACtC-3e7lxPDnF1G9AiIoNmYrjEw5oz-wrCZLF4BBQwbWKBADshfjwds8qIgTx4KZOe-fJaQcduBlHP1Qd9ocjQIQNWSdI3yl0HKi6y2dTg8JIq7uzIquOun9nnOYHykW-9rhTWHoX2-_yPfpwLkcUA1-CuK=s1080-no?authuser=0\" width=\"1080\" height=\"1080\" alt=\"Yol yapmak da\u011flarla ba\u015fa \u00e7\u0131kmay\u0131 kolayla\u015ft\u0131r\u0131yor (24 Temmuz 2020)\" class=\"size-medium\" \/><figcaption class=\"wp-caption-text\">Yol yapmak da\u011flarla ba\u015fa \u00e7\u0131kmay\u0131 kolayla\u015ft\u0131r\u0131yor (24 Temmuz 2020)<\/a><\/figcaption><\/figure>\n<figure class=\"wp-caption aligncenter\"><a href=\"https:\/\/www.instagram.com\/p\/CDDJwmlh_VZ\/\" target=\"_blank\" rel=\"noopener noreferrer\"><img decoding=\"async\" src=\"https:\/\/lh3.googleusercontent.com\/pw\/ACtC-3fg-HHrIdL8rD-yoa6mV_o853Iqxo9HwwcvV4jzpm190MsjGFzvUyQGd_D8c-MOqITmrMxvV6-PXfcg4-G53xZTr4pNSYm3a_y_nVzLDXchjreiTLxPN7JOqOzpHMBBgj-LgpG2JZBJiu6pX6J8pZAh=w781-h780-no?authuser=0\" width=\"781\" height=\"780\" alt=\"Da\u011fda yol in\u015fa etmek basit g\u00f6r\u00fcnebilir ama \u00e7ok zor bir i\u015ftir (25 Temmuz 2020)\" class=\"size-medium\" \/><figcaption class=\"wp-caption-text\">Da\u011fda yol in\u015fa etmek basit g\u00f6r\u00fcnebilir ama \u00e7ok zor bir i\u015ftir (25 Temmuz 2020)<\/a><\/figcaption><\/figure>\n\ufffc<br \/>\n<figure class=\"wp-caption aligncenter\"><a href=\"https:\/\/www.instagram.com\/p\/CDOLoClBY87\/\" target=\"_blank\" rel=\"noopener noreferrer\"><img decoding=\"async\" src=\"https:\/\/lh3.googleusercontent.com\/pw\/ACtC-3cNKo1vaAtly0Z-7v2sXZfvhckkSSyY1vwCd19KQC-GngGkB6mA_YPthn11j3zqKdkRRCy6h50pE64KjuXHsBjsCYD5eiyh4V1PVYGyJnpcaOx4_9CO63UsEM-rob9hi1K_kcw1NsJ7loif6f_F1uL4=s720-no?authuser=0\" width=\"1080\" height=\"1080\" alt=\"Yol yap\u0131m s\u00fcrecinde # engeli olan bir hu\u015f a\u011fac\u0131n\u0131n kabu\u011funu ald\u0131k (29 Temmuz 2020)\" class=\"size-medium\" \/><figcaption class=\"wp-caption-text\">Yol yap\u0131m s\u00fcrecinde # engeli olan bir hu\u015f a\u011fac\u0131n\u0131n kabu\u011funu ald\u0131k (29 Temmuz 2020)<\/a><\/figcaption><\/figure>\n\ufffc<br \/>\nHokuryu Kasabas\u0131 da\u011flar\u0131nda hayallerine do\u011fru ilerleyen samimi Bay ve Bayan Kamiis&#039;in muhte\u015fem \u00f6zlemlerini g\u00f6r\u00fcnce hayrete ve duyguya kap\u0131l\u0131yoruz!<\/p>\n<p>Bu iki ki\u015finin kendi kendine ormanc\u0131l\u0131k faaliyetlerine m\u00fcmk\u00fcn oldu\u011funca fazla bilgi sa\u011flayarak tam destek vermek istiyoruz. \u0130yi \u00e7al\u0131\u015fmalar\u0131n\u0131z\u0131n devam\u0131n\u0131 dilerim. Te\u015fekk\u00fcrler! ! !<br \/>\n\u3000<br \/>\nMuhte\u015fem Kamiiler, do\u011fayla i\u00e7 i\u00e7e, da\u011flar\u0131n ve ormanlar\u0131n nefesini hissederek a\u00e7\u0131k havada uyum i\u00e7inde ya\u015f\u0131yorlar. ! !<\/p>\n<p>Do\u011fa harikas\u0131 Hokuryu kasabas\u0131nda ya\u015fad\u0131klar\u0131 muhte\u015fem ya\u015fam i\u00e7in s\u0131n\u0131rs\u0131z sevgi, \u015f\u00fckran ve dualar\u0131m\u0131zla. . .<br \/>\n\u3000<\/p>\n<p>\u25c7 \u00c7ekim ve kurgu: Noboru Terauchi R\u00f6portaj ve metin: Ikuko Terauchi<\/p>","protected":false},"excerpt":{"rendered":"<p>\uff12\uff10\uff12\uff10\u5e74\uff17\u6708\uff12\uff19\u65e5\uff08\u6c34\uff09 \u4ee4\u548c\uff12\u5e74\uff14\u6708\u306b\u5317\u7adc\u753a\u306b\u79fb\u4f4f\u3001\u5317\u7adc\u753a\u306e\u5c71\u6797\u3067\u300c\u81ea\u4f10\u578b\u6797\u696d\u300d\u3092\u30b9\u30bf\u30fc\u30c8\u3057\u305f\u82e5\u3044\u3054\u592b\u59bb\u304c\u3044\u3089\u3063\u3057\u3083\u3044\u307e\u3059\u3002\u4e0a\u4e95\u9054\u77e2\u3055\u3093\uff08\u304b\u307f\u3044 \u305f\u3064\u3084\u30fb\uff12\uff18\u6b73\uff09\u30fb\u4ec1\u7f8e\u3055\u3093\uff08\u3072\u3068\u307f\u30fb\uff13\uff11\u6b73\uff09\u3054\u592b\u59bb [&hellip;]<\/p>\n","protected":false},"author":1,"featured_media":3823,"comment_status":"open","ping_status":"open","sticky":false,"template":"","format":"standard","meta":{"footnotes":""},"categories":[4,35],"tags":[],"class_list":["post-3822","post","type-post","status-publish","format-standard","has-post-thumbnail","hentry","category-cover-story","category-shizenka"],"_links":{"self":[{"href":"https:\/\/portal.hokuryu.info\/tr\/wp-json\/wp\/v2\/posts\/3822","targetHints":{"allow":["GET"]}}],"collection":[{"href":"https:\/\/portal.hokuryu.info\/tr\/wp-json\/wp\/v2\/posts"}],"about":[{"href":"https:\/\/portal.hokuryu.info\/tr\/wp-json\/wp\/v2\/types\/post"}],"author":[{"embeddable":true,"href":"https:\/\/portal.hokuryu.info\/tr\/wp-json\/wp\/v2\/users\/1"}],"replies":[{"embeddable":true,"href":"https:\/\/portal.hokuryu.info\/tr\/wp-json\/wp\/v2\/comments?post=3822"}],"version-history":[{"count":0,"href":"https:\/\/portal.hokuryu.info\/tr\/wp-json\/wp\/v2\/posts\/3822\/revisions"}],"wp:featuredmedia":[{"embeddable":true,"href":"https:\/\/portal.hokuryu.info\/tr\/wp-json\/wp\/v2\/media\/3823"}],"wp:attachment":[{"href":"https:\/\/portal.hokuryu.info\/tr\/wp-json\/wp\/v2\/media?parent=3822"}],"wp:term":[{"taxonomy":"category","embeddable":true,"href":"https:\/\/portal.hokuryu.info\/tr\/wp-json\/wp\/v2\/categories?post=3822"},{"taxonomy":"post_tag","embeddable":true,"href":"https:\/\/portal.hokuryu.info\/tr\/wp-json\/wp\/v2\/tags?post=3822"}],"curies":[{"name":"wp","href":"https:\/\/api.w.org\/{rel}","templated":true}]}}