{"id":36519,"date":"2023-08-21T11:07:28","date_gmt":"2023-08-21T02:07:28","guid":{"rendered":"https:\/\/portal.hokuryu.info\/?p=36519"},"modified":"2023-08-22T00:26:20","modified_gmt":"2023-08-21T15:26:20","slug":"2023te-jodo-shinshu-honganji-tapinaginda-kamiori-buddha-acilis-toreni","status":"publish","type":"post","link":"https:\/\/portal.hokuryu.info\/tr\/36519\/","title":{"rendered":"2023&#039;te &quot;Sa\u00e7 Dokuma Buda A\u00e7\u0131l\u0131\u015f T\u00f6reni&quot; Jodo Shinshu Honganji Tarikat\u0131 Hekiunzan &quot;Ryusenji&quot; (Hokuryu Kasabas\u0131, Hokkaido) 95 y\u0131ld\u0131r devam eden gizli bir Buda t\u00f6reni"},"content":{"rendered":"<p>Pazartesi, 21 A\u011fustos 2023<\/p>\n<p>17 A\u011fustos Per\u015fembe g\u00fcn\u00fc, 2023 &quot;Sa\u00e7 Dokuma Buda&#039;n\u0131n \u00d6rt\u00fcs\u00fcn\u00fc A\u00e7ma T\u00f6reni&quot; Hokuryu kasabas\u0131ndaki Jodo Shinshu mezhebine ba\u011fl\u0131 Honganji tap\u0131na\u011f\u0131 olan Ryusenji Tap\u0131na\u011f\u0131&#039;nda (Ryusenji Tap\u0131na\u011f\u0131, ba\u015f rahip Teragaki Nobuaki) t\u00f6renle ger\u00e7ekle\u015ftirildi.<\/p>\n<p>Y\u0131lda sadece bir kez sergilenen de\u011ferli gizli Buda, Sa\u00e7 \u00d6rg\u00fcl\u00fc Buda (ask\u0131da as\u0131l\u0131 sa\u00e7 Budas\u0131) i\u00e7in d\u00fczenlenen y\u0131ll\u0131k tan\u0131t\u0131m t\u00f6renine yakla\u015f\u0131k 40 cemaat \u00fcyesi kat\u0131ld\u0131, Budist dualar\u0131n\u0131 okudu ve ellerini dua i\u00e7in birle\u015ftirdi.<\/p>\n<h2>&quot;Sa\u00e7 \u00f6rg\u00fcl\u00fc Buda&quot; (siyah ve beyaz)<\/h2>\n<p>Hokkaido&#039;da bile nadir g\u00f6r\u00fclen &quot;Sa\u00e7 \u00d6rg\u00fcl\u00fc Buda&quot;, Ryusenji Tap\u0131na\u011f\u0131&#039;n\u0131n kurucu ba\u015f rahibi Teragaki Kyoshin&#039;in tap\u0131na\u011f\u0131n cemaatini geni\u015fletme ve inanc\u0131 yayma amac\u0131yla Mart 1928&#039;de tamamlanan Amida Buda&#039;s\u0131n\u0131n as\u0131l\u0131 bir par\u015f\u00f6menidir.<\/p>\n<p>Bir grup organizat\u00f6r bir araya gelerek Hongan mezhebine mensup ki\u015filerden ve s\u0131radan kad\u0131nlardan siyah sa\u00e7lar, erkeklerden ise sakal ve gri sa\u00e7 toplad\u0131lar; ayr\u0131ca Kyoto&#039;daki bir Budist sunak ekipman\u0131 ma\u011fazas\u0131ndan \u00f6zel olarak de\u011ferli kuma\u015f sipari\u015f ettiler.<\/p>\n<p>Sa\u00e7 \u00d6rg\u00fcl\u00fc Buda heykelinin \u00f6n taraf\u0131na yap\u0131\u015ft\u0131r\u0131lm\u0131\u015f alt\u0131n varak, ipek, alt\u0131n iplik ve sa\u00e7 (siyah ve beyaz) kullan\u0131larak yap\u0131lm\u0131\u015ft\u0131r ve Amida Buda heykeli 48 diki\u015fle hale \u00fczerine net bir \u015fekilde i\u015flenmi\u015ftir. As\u0131l\u0131 par\u015f\u00f6menin uzunlu\u011fu 173 cm, geni\u015fli\u011fi ise 69 cm&#039;dir.<\/p>\n<p>O d\u00f6nemde, ki\u015finin kendi sa\u00e7\u0131n\u0131 bu kuma\u015fa dokuyarak Budalar ve Bodhisattvalarla kutsal bir ba\u011f kuraca\u011f\u0131na ve bu bedende ayd\u0131nlanma erdemine eri\u015fece\u011fine inan\u0131l\u0131yordu.<\/p>\n<h3>Jodo Shinshu Honganji Tap\u0131na\u011f\u0131, Hekiunzan &quot;Ryusenji&quot;<\/h3>\n<p>Anma t\u00f6reninden \u00f6nceki g\u00fcn, haz\u0131rl\u0131klar yap\u0131l\u0131rken Ryusenji Tap\u0131na\u011f\u0131&#039;n\u0131 ziyaret ettik ve burada as\u0131l\u0131 bir par\u015f\u00f6menin astar\u0131ndaki sa\u00e7lar\u0131 g\u00f6rme f\u0131rsat\u0131 yakalad\u0131k.<\/p>\n<figure class=\"wp-caption aligncenter\"><a href=\"https:\/\/photos.google.com\/share\/AF1QipN91KmD_H9yCe7uK0SI3qE_E3HqO85kUG-hCqGPdfhG7OsDZZ9wLSncTbfwRrkOKg\/photo\/AF1QipNjzSW-MTGmwQIqyqgPToWg9lJxWv8BhyxAFEU?key=dUxyZHhocW5sdUwtVTJRYjh4V1BxYVV2bm5TVW9B\" target=\"_blank\" rel=\"noopener\"><img decoding=\"async\" src=\"https:\/\/lh3.googleusercontent.com\/pw\/AIL4fc-vqzEQBwRWZ0jCAZbLGCQFYXSkRfbDFfREd1kjApghriWOKBz3bOJfCAwaMa__CNXw5QLEKcc6UPDFouw3UwynaJxlkiIBsk4Ixz58GW-fC4-qdFAkj1cflhKeEkCA5C0hjw_QLqQ7TV2A2LYjgRZy=w2000-h1333-s-no?authuser=0\" width=\"2000\" height=\"1333\" alt=\"Ryusenji Tap\u0131na\u011f\u0131\" class=\"size-full\" \/><\/a><figcaption class=\"wp-caption-text\">Ryusenji Tap\u0131na\u011f\u0131<\/figcaption><\/figure>\n<h3>Ana Salon<\/h3>\n<figure class=\"wp-caption aligncenter\"><a href=\"https:\/\/photos.google.com\/share\/AF1QipN91KmD_H9yCe7uK0SI3qE_E3HqO85kUG-hCqGPdfhG7OsDZZ9wLSncTbfwRrkOKg\/photo\/AF1QipNjk9nBE92uyWtFy0EjQYcb3Mh6rd2siT2UTkI?key=dUxyZHhocW5sdUwtVTJRYjh4V1BxYVV2bm5TVW9B\" target=\"_blank\" rel=\"noopener\"><img decoding=\"async\" src=\"https:\/\/lh3.googleusercontent.com\/pw\/AIL4fc9wNxcjbEC1R2WwCa80YqCGqxg30Wi7KETgK_WGUBEZxNmqLCuxLe7X2qzfM4xm1uzUNla7qcb56ImFC7e8MaWqN1KQwUbhoapkiUJl6ObfUfmm4UoTLc_T4Dx8692wEROxdXFKfy42KzbbGjsqOSCy=w2000-h1333-s-no?authuser=0\" width=\"2000\" height=\"1333\" alt=\"Anma t\u00f6reninden \u00f6nceki g\u00fcn haz\u0131rl\u0131k\" class=\"size-full\" \/><\/a><figcaption class=\"wp-caption-text\">Anma t\u00f6reninden \u00f6nceki g\u00fcn haz\u0131rl\u0131k<\/figcaption><\/figure>\n<h3>Sa\u00e7 \u00f6rg\u00fcl\u00fc Buda<\/h3>\n<figure class=\"wp-caption aligncenter\"><a href=\"https:\/\/photos.google.com\/share\/AF1QipN91KmD_H9yCe7uK0SI3qE_E3HqO85kUG-hCqGPdfhG7OsDZZ9wLSncTbfwRrkOKg\/photo\/AF1QipMxXVJ8FPwz4hWUszFddAUyE7G48n6tQk6YBN4?key=dUxyZHhocW5sdUwtVTJRYjh4V1BxYVV2bm5TVW9B\" target=\"_blank\" rel=\"noopener\"><img decoding=\"async\" src=\"https:\/\/lh3.googleusercontent.com\/pw\/AIL4fc_2YnefE2bH9ygH05mElnzcXmPoPQtfwxc9imvZysPfpyoGLS5vtvWjjNTaA-l7_Eeu7eXxbmM3cUC3jDjtKknxpiisXrbnDkl3X1EA0xcGkmrdOvd7AKUPA5GFcf1QXRS2Ffj_Iw3xLeh5oB7a2IJG=w1214-h1822-s-no?authuser=0\" width=\"1214\" height=\"1822\" alt=\"Sa\u00e7 \u00f6rg\u00fcl\u00fc Buda\" class=\"size-full\" \/><\/a><figcaption class=\"wp-caption-text\">Sa\u00e7 \u00f6rg\u00fcl\u00fc Buda<\/figcaption><\/figure>\n<figure class=\"wp-caption aligncenter\"><a href=\"https:\/\/photos.google.com\/share\/AF1QipN91KmD_H9yCe7uK0SI3qE_E3HqO85kUG-hCqGPdfhG7OsDZZ9wLSncTbfwRrkOKg\/photo\/AF1QipNTRqkmRtAC44wvTB5fY6lonJFqDR4Ya8kJWhY?key=dUxyZHhocW5sdUwtVTJRYjh4V1BxYVV2bm5TVW9B\" target=\"_blank\" rel=\"noopener\"><img decoding=\"async\" src=\"https:\/\/lh3.googleusercontent.com\/pw\/AIL4fc9zCJY8spvGrHf8PtFKkBK8mpkffsnAREtxMLiEOAGzLOGcAxYPNVA2mvgLuN6oun99X8lvixuftCHSe34CsMVcAf5NIP4RLe5sbWUwFLPGEJRn2BtCGI6202WjOWd6TUpdgYi6raI-9XfQBIjUjkDh=w1214-h1822-s-no?authuser=0\" width=\"1214\" height=\"1822\" alt=\"Ryusenji Tap\u0131na\u011f\u0131&#039;n\u0131n ilk ba\u015f rahibi Noriyoshi Teragaki taraf\u0131ndan ba\u015flat\u0131ld\u0131 ve tap\u0131na\u011f\u0131n ba\u015f rahibi Yayoi ve di\u011fer organizat\u00f6rler taraf\u0131ndan desteklendi\" class=\"size-full\" \/><\/a><figcaption class=\"wp-caption-text\">Ryusenji Tap\u0131na\u011f\u0131&#039;n\u0131n ilk ba\u015f rahibi Noriyoshi Teragaki taraf\u0131ndan ba\u015flat\u0131ld\u0131 ve tap\u0131na\u011f\u0131n ba\u015f rahibi Yayoi ve di\u011fer organizat\u00f6rler taraf\u0131ndan desteklendi<\/figcaption><\/figure>\n<h3>As\u0131l\u0131 bir par\u015f\u00f6menin astar\u0131ndaki sa\u00e7<\/h3>\n<figure class=\"wp-caption aligncenter\"><a href=\"https:\/\/photos.google.com\/share\/AF1QipN91KmD_H9yCe7uK0SI3qE_E3HqO85kUG-hCqGPdfhG7OsDZZ9wLSncTbfwRrkOKg\/photo\/AF1QipPZ3-eC0vF7ykkxL_rv_lr02ZfS3Ls40ePXRc0?key=dUxyZHhocW5sdUwtVTJRYjh4V1BxYVV2bm5TVW9B\" target=\"_blank\" rel=\"noopener\"><img decoding=\"async\" src=\"https:\/\/lh3.googleusercontent.com\/pw\/AIL4fc80s289Y5JYFN7PK9dIbvmokMiA7WBjCSVoYU-cNuBrycW-TRqg-RSspDnlscBwXn7xS2fJimBtbnDDaogQumgWsk9Lmqdtw6ltKhO_K6DFgX-D1s3F-8HDpQtWa-dvHR-f8AcE_ebzrjnGgvJX2v_y=w2000-h1500-s-no?authuser=0\" width=\"2000\" height=\"1500\" alt=\"Dokuma sa\u00e7 (dokuma astar)\" class=\"size-full\" \/><\/a><figcaption class=\"wp-caption-text\">Dokuma sa\u00e7 (dokuma astar)<\/figcaption><\/figure>\n<h2>D\u00f6rd\u00fcnc\u00fc ba\u015f rahip Nobuyoshi Terakaki&#039;nin konu\u015fmas\u0131<\/h2>\n<p>Yo\u011fun program\u0131na ra\u011fmen d\u00f6rd\u00fcnc\u00fc ku\u015fak ba\u015f rahip Nobuyoshi Teragaki ile konu\u015ftuk.<\/p>\n<figure class=\"wp-caption aligncenter\"><a href=\"https:\/\/photos.google.com\/share\/AF1QipN91KmD_H9yCe7uK0SI3qE_E3HqO85kUG-hCqGPdfhG7OsDZZ9wLSncTbfwRrkOKg\/photo\/AF1QipMe7GhDUPQV5IY_CozzFaEvruAftexKPzdHJz4?key=dUxyZHhocW5sdUwtVTJRYjh4V1BxYVV2bm5TVW9B\" target=\"_blank\" rel=\"noopener\"><img decoding=\"async\" src=\"https:\/\/lh3.googleusercontent.com\/pw\/AIL4fc8pvT1RVr992DyaEaoG27o3Mbm01zuwUGYn2oLwna2u7AGoSjJwx7oT-PGo17Sl79omsegp9tqRWQuubWJBxME23fUFgd7j44J83xxtWh6qOpl1C8nqzdVbSLeiAkcFaXnJDIfqnOkvMpy5qv5Ejbgy=w2000-h1333-s-no?authuser=0\" width=\"2000\" height=\"1333\" alt=\"Ryusenji Tap\u0131na\u011f\u0131 - Ard\u0131\u015f\u0131k Ba\u015f Rahipler\" class=\"size-full\" \/><\/a><figcaption class=\"wp-caption-text\">Ryusenji Tap\u0131na\u011f\u0131 - Ard\u0131\u015f\u0131k Ba\u015f Rahipler<\/figcaption><\/figure>\n<figure class=\"wp-caption aligncenter\"><a href=\"https:\/\/photos.google.com\/share\/AF1QipN91KmD_H9yCe7uK0SI3qE_E3HqO85kUG-hCqGPdfhG7OsDZZ9wLSncTbfwRrkOKg\/photo\/AF1QipMP6P4w7SHA57iY4IG_m3mIgC_9aHHmdZm2lrk?key=dUxyZHhocW5sdUwtVTJRYjh4V1BxYVV2bm5TVW9B\" target=\"_blank\" rel=\"noopener\"><img decoding=\"async\" src=\"https:\/\/lh3.googleusercontent.com\/pw\/AIL4fc_DEfLnhEo1a-6QdjciZjoXmma0L3Cf_9mdk4E0MFxg-kFOdlqNqGQikD7zxq4L6U0OSfHz9n06uERseUXnr7K4-XMpIsDSW6rk4RWS87whHp1GdWEbjNcIU8ukWug_OFqGgJbQXIYTQZGck7c5y7f5=w2000-h1333-s-no?authuser=0\" width=\"2000\" height=\"1333\" alt=\"D\u00f6rd\u00fcnc\u00fc Ba\u015f Rahip, Nobuyoshi Terakaki\" class=\"size-full\" \/><\/a><figcaption class=\"wp-caption-text\">D\u00f6rd\u00fcnc\u00fc Ba\u015f Rahip, Nobuyoshi Terakaki<\/figcaption><\/figure>\n<p>&quot;Ryusenji Tap\u0131na\u011f\u0131&#039;n\u0131n ilk ba\u015f rahibi aslen Toyama Eyaletindendi ve 1896&#039;da Ryusenji Tap\u0131na\u011f\u0131&#039;n\u0131 kurdu\u011fu Hokkaido&#039;ya g\u00f6\u00e7 etti. O zamanlar, arazi \u00e7al\u0131larla kapl\u0131yd\u0131 ve atalar\u0131m\u0131z\u0131n a\u011fa\u00e7lar\u0131 kesip araziyi ekmede \u00e7ok zorluk \u00e7ekti\u011fini tahmin ediyorum. Arazi, Hekisui&#039;deki mevcut Watanabe \u00c7iftli\u011fi taraf\u0131ndan sa\u011fland\u0131 ve Ryusenji Tap\u0131na\u011f\u0131 vaaz salonu ilk olarak orada kuruldu.<\/p>\n<p>Amida Buda&#039;s\u0131n\u0131n as\u0131l\u0131 par\u015f\u00f6meni olan &quot;Kamiori Buda&quot;, cemaatin say\u0131s\u0131n\u0131 art\u0131rmak ve daha fazla insan\u0131n tap\u0131na\u011f\u0131 ziyaret etmesini te\u015fvik etmek amac\u0131yla yarat\u0131ld\u0131. Bu as\u0131l\u0131 par\u015f\u00f6men o kadar nadirdir ki Hokkaido&#039;da bile neredeyse yoktur. Bu y\u0131l 95. y\u0131l\u0131 ama neredeyse tamam\u0131 bozulmam\u0131\u015f k\u0131ymetli bir kuma\u015f.<\/p>\n<p>1928 y\u0131l\u0131nda, birka\u00e7 bak\u0131c\u0131n\u0131n yard\u0131m\u0131yla kad\u0131nlar\u0131n siyah ve beyaz sa\u00e7lar\u0131 toplan\u0131p Kyoto&#039;daki bir Budist sunak aksesuarlar\u0131 ma\u011fazas\u0131na g\u00f6nderildi ve burada as\u0131l\u0131 bir par\u015f\u00f6men i\u00e7in \u00f6zel bir sipari\u015f verildi.<\/p>\n<p>Tamamlanan as\u0131l\u0131 par\u015f\u00f6men, Jodo Shinshu tarikat\u0131n\u0131n ba\u015f tap\u0131na\u011f\u0131 olan Higashi Honganji&#039;de incelemeden ge\u00e7ti. Nihayet Mart 1928&#039;de Ryusenji Tap\u0131na\u011f\u0131&#039;na teslim edildi (Showa 3). Tamamlanan Sa\u00e7 Buda heykeli daha sonra sergilendi ve sa\u00e7lar\u0131n\u0131 ba\u011f\u0131\u015flayan insanlar\u0131n ya\u015fad\u0131\u011f\u0131 kasabalarda gezdirildi.<\/p>\n<p>O tarihten bu yana her y\u0131l 17 A\u011fustos&#039;ta &quot;Sa\u00e7 \u00d6ren Buda Par\u015f\u00f6meni A\u00e7\u0131l\u0131\u015f T\u00f6reni&quot; d\u00fczenleniyor ve cemaat, par\u015f\u00f6menin a\u00e7\u0131l\u0131\u015f\u0131 s\u0131ras\u0131nda tap\u0131na\u011f\u0131 ziyaret etmeye davet ediliyor. Ge\u00e7mi\u015fte, ibadetten sonra tiyatro topluluklar\u0131 ve oyuncular \u015fehre gelir ve tap\u0131nak arazisi i\u00e7erisinde kurulan ge\u00e7ici bir sahnede oyunlar, rakugo ve di\u011fer e\u011flenceler sergilerlerdi; bu da kasaba halk\u0131n\u0131n b\u00fcy\u00fck zevk ve ne\u015fesine vesile olurdu.<\/p>\n<p>\u00c7ocuklu\u011fumda, ertesi sabah tap\u0131nak arazisinde bulunan bir s\u00fcr\u00fc madeni paray\u0131 toplamay\u0131 iple \u00e7ekerdim.<\/p>\n<p>Belki de Buda&#039;n\u0131n kutsamas\u0131 sayesinde bu anma t\u00f6reni s\u0131ras\u0131nda bir kez hari\u00e7 hi\u00e7 ya\u011fmur ya\u011fmad\u0131. Ba\u015frahiplik g\u00f6revimin son d\u00f6neminde sadece bir kez ya\u011fmur ya\u011fd\u0131, ancak o zaman tar\u0131m kooperatifinde bir bira partisi d\u00fczenledik; ayn\u0131 zamanda Gen\u00e7 Yeti\u015fkinler B\u00f6l\u00fcm\u00fc taraf\u0131ndan Sa\u00e7 \u00d6ren Buda&#039;n\u0131n \u00d6rt\u00fcs\u00fcn\u00fc A\u00e7ma T\u00f6reni&#039;ni anmak i\u00e7in d\u00fczenlenen bir bira partisiydi bu. Son 95 y\u0131ld\u0131r ya\u011fmur ya\u011fmad\u0131\u011f\u0131n\u0131 duydum.<\/p>\n<p>Sa\u00e7lar\u0131n\u0131 ba\u011f\u0131\u015flayanlar Hokkaido&#039;nun her yerine da\u011f\u0131lm\u0131\u015f durumda, ancak baz\u0131lar\u0131 anma t\u00f6reni g\u00fcn\u00fc onu ziyaret etmek ve sayg\u0131lar\u0131n\u0131 sunmak i\u00e7in uzaklardan geliyor. Tesisin bak\u0131m\u0131ndan Fukagawa \u015eehri&#039;nden Bay Kameyama Kanebee sorumluydu. Onun torunlar\u0131 t\u00fcrbeyi ziyaret etmekten mutluluk duyuyorlar.<\/p>\n<p>Cemaat \u00fcyeleri sa\u00e7lar\u0131n\u0131 ba\u011f\u0131\u015flad\u0131klar\u0131nda, kendi sa\u00e7lar\u0131n\u0131n Amida Buda&#039;n\u0131n suretine d\u00f6n\u00fc\u015ft\u00fc\u011f\u00fcn\u00fc bilmenin verdi\u011fi b\u00fcy\u00fck sevinci ve bunun yaratt\u0131\u011f\u0131 b\u00fcy\u00fck ba\u011f\u0131 hissederler. D\u00f6rd\u00fcnc\u00fc ku\u015fak ba\u015f rahip Nobuyoshi Teragaki, sakin ve nazik bir \u015fekilde, &quot;Sa\u00e7 \u00d6rme Buda T\u00f6reni, cemaat \u00fcyeleri ile tap\u0131nak aras\u0131ndaki \u00f6nemli ba\u011f\u0131 g\u00fc\u00e7lendiren de\u011ferli bir t\u00f6rendir&quot; dedi.<\/p>\n<figure class=\"wp-caption aligncenter\"><a href=\"https:\/\/photos.google.com\/share\/AF1QipN91KmD_H9yCe7uK0SI3qE_E3HqO85kUG-hCqGPdfhG7OsDZZ9wLSncTbfwRrkOKg\/photo\/AF1QipOun7uW8GCNNPD-fjLZ1SdPaTxqOoS_Fr8cYLI?key=dUxyZHhocW5sdUwtVTJRYjh4V1BxYVV2bm5TVW9B\" target=\"_blank\" rel=\"noopener\"><img decoding=\"async\" src=\"https:\/\/lh3.googleusercontent.com\/pw\/AIL4fc_qiAzrBqeIIIVV7ImBRLr9-_8iVP5utlaE1raKdyBJHiZWWxe7oaDzl3VIYgCRJQuh62YjgArCcJAqW_kHDD5p8eAx1g6_2HWZ9UflvHiAOJnf6ctlFFRPeCGX3eWsY1aI1Tr7LjpYFWp_5sLfYJiA=w2000-h1333-s-no?authuser=0\" width=\"2000\" height=\"1333\" alt=\"Gohonzon\" class=\"size-full\" \/><\/a><figcaption class=\"wp-caption-text\">Gohonzon<\/figcaption><\/figure>\n<h2>Reiwa 5 &quot;Sa\u00e7 Dokuma Buda Par\u015f\u00f6meni A\u00e7\u0131l\u0131\u015f T\u00f6reni&quot;<\/h2>\n<p>2023 Sa\u00e7 \u00d6rg\u00fcl\u00fc Buda Par\u015f\u00f6meni A\u00e7\u0131l\u0131\u015f T\u00f6reni saat 14:00&#039;te ba\u015flayacak. Per\u015fembe, 17 A\u011fustos&#039;ta.<br \/>\nAnma t\u00f6renine \u00fc\u00e7 yerel tap\u0131na\u011f\u0131n ba\u015f rahipleri kat\u0131ld\u0131 ve kutsal sutralar okundu. Daha sonra cemaat \u00fcyeleri t\u00fcts\u00fc yakarak Sa\u00e7 Buda&#039;ya sayg\u0131lar\u0131n\u0131 sundular.<\/p>\n<figure class=\"wp-caption aligncenter\"><a href=\"https:\/\/photos.google.com\/share\/AF1QipN91KmD_H9yCe7uK0SI3qE_E3HqO85kUG-hCqGPdfhG7OsDZZ9wLSncTbfwRrkOKg\/photo\/AF1QipMiAnZksW6cDDot4Mph8k4UIDeqLRMqCMeoEYk?key=dUxyZHhocW5sdUwtVTJRYjh4V1BxYVV2bm5TVW9B\" target=\"_blank\" rel=\"noopener\"><img decoding=\"async\" src=\"https:\/\/lh3.googleusercontent.com\/pw\/AIL4fc8p3t7TCJPJLzsONWNZkxPdh5pRK4uHqXe0U4SZf4S8ka_MYRgTbE34_c2FjOYR1NzmHkf38PX0EPYpuYnlbZbh-P98LUunXOD0REsozkncg3bNl4LyI9jQiK0nQpZIbEaJDwcH8uYQyFe-73n18rLp=w2000-h1333-s-no?authuser=0\" width=\"2000\" height=\"1333\" alt=\"Reiwa 5 &quot;Sa\u00e7 Dokuma Buda Par\u015f\u00f6meni A\u00e7\u0131l\u0131\u015f T\u00f6reni&quot;\" class=\"size-full\" \/><\/a><figcaption class=\"wp-caption-text\">Reiwa 5 &quot;Sa\u00e7 Dokuma Buda Par\u015f\u00f6meni A\u00e7\u0131l\u0131\u015f T\u00f6reni&quot;<\/figcaption><\/figure>\n<figure class=\"wp-caption aligncenter\"><a href=\"https:\/\/photos.google.com\/share\/AF1QipN91KmD_H9yCe7uK0SI3qE_E3HqO85kUG-hCqGPdfhG7OsDZZ9wLSncTbfwRrkOKg\/photo\/AF1QipPN65dRLvdB__tXrLqNVpVnd10Temh5yvOM5wk?key=dUxyZHhocW5sdUwtVTJRYjh4V1BxYVV2bm5TVW9B\" target=\"_blank\" rel=\"noopener\"><img decoding=\"async\" src=\"https:\/\/lh3.googleusercontent.com\/pw\/AIL4fc_zD3TTjAvq76m9xCujJG1zp0s0BFIOcp0BKAgB5Bp1oZ-nX5cRvElWDNXlmA-UUsC_R7K8HL6NHsG6ewmkUVQhVavaFsPngEC7h_lnYbagxWLmkO5imc877b9bbeq1QHmMTs-HjNF5RlYUlKPAjDxV=w2000-h1333-s-no?authuser=0\" width=\"2000\" height=\"1333\" alt=\"Sa\u00e7 \u00d6ren Buda Par\u015f\u00f6meni&#039;nin a\u00e7\u0131l\u0131\u015f t\u00f6reni\" class=\"size-full\" \/><\/a><figcaption class=\"wp-caption-text\">Sa\u00e7 \u00d6ren Buda Par\u015f\u00f6meni&#039;nin a\u00e7\u0131l\u0131\u015f t\u00f6reni<\/figcaption><\/figure>\n<h3>Moderat\u00f6r: Yoshiaki Arima<\/h3>\n<figure class=\"wp-caption aligncenter\"><a href=\"https:\/\/photos.google.com\/share\/AF1QipN91KmD_H9yCe7uK0SI3qE_E3HqO85kUG-hCqGPdfhG7OsDZZ9wLSncTbfwRrkOKg\/photo\/AF1QipPeYtQJNLxRNV6x6JWpKgqZE9sqOvx6hUnPzv4?key=dUxyZHhocW5sdUwtVTJRYjh4V1BxYVV2bm5TVW9B\" target=\"_blank\" rel=\"noopener\"><img decoding=\"async\" src=\"https:\/\/lh3.googleusercontent.com\/pw\/AIL4fc8cja00-pNeRW7hUpsEXGiRKsQT6b01yBnxkTfuJ2XnaVFwY0XmAAlLomsolynY_AWqvZldJebE9BQORy1OBngwy4rUd87sn-n3y-q8YV3sginH1xAesTUVfq6BIPKo3-4ciQNTGLlwpoKaC0OSqJJT=w2000-h1333-s-no?authuser=0\" width=\"2000\" height=\"1333\" alt=\"Sunucu Yoshiaki Arima\" class=\"size-full\" \/><\/a><figcaption class=\"wp-caption-text\">Sunucu Yoshiaki Arima<\/figcaption><\/figure>\n<h3>G\u00f6rev ba\u015f\u0131ndaki ba\u015f rahip<\/h3>\n<p>Kitary\u016b Kasabas\u0131 tap\u0131naklar\u0131n\u0131n ba\u015f rahipleri Kotoku-ji, Hok\u014d-ji ve Seiun-ji tap\u0131na\u011fa hizmete geldiler.<\/p>\n<figure class=\"wp-caption aligncenter\"><a href=\"https:\/\/photos.google.com\/share\/AF1QipN91KmD_H9yCe7uK0SI3qE_E3HqO85kUG-hCqGPdfhG7OsDZZ9wLSncTbfwRrkOKg\/photo\/AF1QipOojJvIMR71BQzl5qImjLfUrULg1v3LQRfFVYI?key=dUxyZHhocW5sdUwtVTJRYjh4V1BxYVV2bm5TVW9B\" target=\"_blank\" rel=\"noopener\"><img decoding=\"async\" src=\"https:\/\/lh3.googleusercontent.com\/pw\/AIL4fc92OP6qoFjdquYn8DBSkqZ2uCbv3U3D-80bHYxOuSGrRCW_mEOKvbZEkghPxivsjSklCPGRiSXAdZ98PHI4jWASvfaTcMOkGLT4Ra1Q-2YX4YkgVLYM0laOx-B10Dkikj29h-LBmYY01HaMpoOlK89x=w2000-h1333-s-no?authuser=0\" width=\"2000\" height=\"1333\" alt=\"G\u00f6rev ba\u015f\u0131ndaki ba\u015f rahip\" class=\"size-full\" \/><\/a><figcaption class=\"wp-caption-text\">G\u00f6rev ba\u015f\u0131ndaki ba\u015f rahip<\/figcaption><\/figure>\n<figure class=\"wp-caption aligncenter\"><a href=\"https:\/\/photos.google.com\/share\/AF1QipN91KmD_H9yCe7uK0SI3qE_E3HqO85kUG-hCqGPdfhG7OsDZZ9wLSncTbfwRrkOKg\/photo\/AF1QipMvpqyaorERpJIQViBFCTACx5o-jAQGAcvgQE8?key=dUxyZHhocW5sdUwtVTJRYjh4V1BxYVV2bm5TVW9B\" target=\"_blank\" rel=\"noopener\"><img decoding=\"async\" src=\"https:\/\/lh3.googleusercontent.com\/pw\/AIL4fc95yBBAytXvlbgO7qHlsIuoIGhixRS93gaTdWePwM1yJRei2r3jmCBNO2ujiae4gYNtiNUOYRfKhK_egj1zKVG6c7nu4YbNy6Ew2tKdbXkBJ209vempoMEpmqt5fF4IfjSQ1_szUCDlHzPQjVSiFysv=w2000-h1333-s-no?authuser=0\" width=\"2000\" height=\"1333\" alt=\"D\u00f6rd\u00fcnc\u00fc ba\u015f rahip Nobuyoshi Terakaki\" class=\"size-full\" \/><\/a><figcaption class=\"wp-caption-text\">Ziyaret eden ba\u015f rahip, d\u00f6rd\u00fcnc\u00fc ba\u015f rahip Nobuyoshi Terakaki<\/figcaption><\/figure>\n<h3>T\u00fcm cemaat \u00fcyelerine<\/h3>\n<figure class=\"wp-caption aligncenter\"><a href=\"https:\/\/photos.google.com\/share\/AF1QipN91KmD_H9yCe7uK0SI3qE_E3HqO85kUG-hCqGPdfhG7OsDZZ9wLSncTbfwRrkOKg\/photo\/AF1QipM3S9Ykre7Caq9NWWkfN3ZXqkVfTVpLedJr8Lw?key=dUxyZHhocW5sdUwtVTJRYjh4V1BxYVV2bm5TVW9B\" target=\"_blank\" rel=\"noopener\"><img decoding=\"async\" src=\"https:\/\/lh3.googleusercontent.com\/pw\/AIL4fc9oI8wv6LGexK1FTt7KTihPYF8qBC8eu5Pndbo6lTWcfGa3vHGdzaAmLwVQGjExXbi4rc2UFW0fZ_MkWvGxlkzvdJPXiEFJ5iqsGzTtmiuLt0wlPHG7VGN2-O0Owe1FWAYGVpHTQhBOKO8D_rcAh6DN=w2000-h1333-s-no?authuser=0\" width=\"2000\" height=\"1333\" alt=\"T\u00fcm cemaat \u00fcyelerine\" class=\"size-full\" \/><\/a><figcaption class=\"wp-caption-text\">T\u00fcm cemaat \u00fcyelerine<\/figcaption><\/figure>\n<h3>Nobuaki Teragaki, ba\u015f rahip, dualar okuyor<\/h3>\n<figure class=\"wp-caption aligncenter\"><a href=\"https:\/\/photos.google.com\/share\/AF1QipN91KmD_H9yCe7uK0SI3qE_E3HqO85kUG-hCqGPdfhG7OsDZZ9wLSncTbfwRrkOKg\/photo\/AF1QipMvWWW3W9JfG9Vk4L0VedrbYQj7LktycbVGQKQ?key=dUxyZHhocW5sdUwtVTJRYjh4V1BxYVV2bm5TVW9B\" target=\"_blank\" rel=\"noopener\"><img decoding=\"async\" src=\"https:\/\/lh3.googleusercontent.com\/pw\/AIL4fc8noyx5OAjYhFujKHH-eQE5_UO3fzNMKQ5Q7tYQ2kgqeTg_y-4pz0zWx_tjaeVUf7qWeDJnW8oPT8YIjoDaXMBfl5hMh8P1mA1A2TlDuVMiYRRfcQxIqRpwzVD7a8poHYcTNfqXxuaogH_X6_lt3Roz=w2000-h1333-s-no?authuser=0\" width=\"2000\" height=\"1333\" alt=\"Nobuaki Teragaki, ba\u015f rahip, dualar okuyor\" class=\"size-full\" \/><\/a><figcaption class=\"wp-caption-text\">Nobuaki Teragaki, ba\u015f rahip, dualar okuyor<\/figcaption><\/figure>\n<h3>Masada t\u00fcts\u00fc yak\u0131l\u0131yor<\/h3>\n<figure class=\"wp-caption aligncenter\"><a href=\"https:\/\/photos.google.com\/share\/AF1QipN91KmD_H9yCe7uK0SI3qE_E3HqO85kUG-hCqGPdfhG7OsDZZ9wLSncTbfwRrkOKg\/photo\/AF1QipNBkIlMWClJiDdeW4KPqpViK5XRFZOU0hZyv6E?key=dUxyZHhocW5sdUwtVTJRYjh4V1BxYVV2bm5TVW9B\" target=\"_blank\" rel=\"noopener\"><img decoding=\"async\" src=\"https:\/\/lh3.googleusercontent.com\/pw\/AIL4fc_XFQb_hoao5Hw_-XrLb3kW6kUMiIhwAhixzRbjE7w8c-rX7Puyw11GUH80mguj4n4V9FGrkf-gSrM8j0QDUws_Kkk_1BVTY4-PtzWf4_mPiDOigsccARalguxwNrOJuHoVBW5LaKHMGx2nzaTVTkw8=w2000-h1333-s-no?authuser=0\" width=\"2000\" height=\"1333\" alt=\"Masada t\u00fcts\u00fc yak\u0131l\u0131yor\" class=\"size-full\" \/><\/a><figcaption class=\"wp-caption-text\">Masada t\u00fcts\u00fc yak\u0131l\u0131yor<\/figcaption><\/figure>\n<h2>Tap\u0131nak cemaatinin ba\u015f\u0131 Say\u0131n Sakae Yoshida&#039;dan selamlar<\/h2>\n<figure class=\"wp-caption aligncenter\"><a href=\"https:\/\/photos.google.com\/share\/AF1QipN91KmD_H9yCe7uK0SI3qE_E3HqO85kUG-hCqGPdfhG7OsDZZ9wLSncTbfwRrkOKg\/photo\/AF1QipNL6s9dbSOQD6JH2bnBRgkFzaSsYKpbvMBmqzY?key=dUxyZHhocW5sdUwtVTJRYjh4V1BxYVV2bm5TVW9B\" target=\"_blank\" rel=\"noopener\"><img decoding=\"async\" src=\"https:\/\/lh3.googleusercontent.com\/pw\/AIL4fc87H7HDDJRmSP_7ZPfrFp5NwOr6Cij0NMF7ZE8UJbz-3_YyGxJ1kiqhad-vGLX6u5x_ZJWJbomF5f7eOrmTU4y2KfaOsl4w92F_HAlS9VWt-SVA8uFzZOzldOW5FambzDbIRNVvbV9tY-An-zuVaDco=w2000-h1333-s-no?authuser=0\" width=\"2000\" height=\"1333\" alt=\"Tap\u0131nak cemaatinin ba\u015f\u0131 Say\u0131n Sakae Yoshida&#039;dan selamlar\" class=\"size-full\" \/><\/a><figcaption class=\"wp-caption-text\">Tap\u0131nak cemaatinin ba\u015f\u0131 Say\u0131n Sakae Yoshida&#039;dan selamlar<\/figcaption><\/figure>\n<p>\u201c2023 \u2018Sa\u00e7 Dokuma Buda A\u00e7\u0131l\u0131\u015f T\u00f6reni\u2019 i\u00e7in \u015f\u00fckranlar\u0131m\u0131 sunmak istiyorum. \u2018Sa\u00e7 Dokuma Buda\u2019 1928 y\u0131l\u0131nda yap\u0131lm\u0131\u015ft\u0131 ve bu y\u0131l 95. y\u0131l d\u00f6n\u00fcm\u00fc.<\/p>\n<p>Ben y\u00f6netici olarak g\u00f6rev yapmaktay\u0131m. Bu anma t\u00f6reni, herkesin deste\u011fiyle 95 y\u0131ld\u0131r d\u00fczenleniyor.<\/p>\n<p>7 Numaral\u0131 Tayfunun Japonya&#039;ya ula\u015fmas\u0131 daha \u00f6nce g\u00f6r\u00fclmemi\u015f bir olay. Bu sefer \u015eikoku&#039;dan Kyoto&#039;ya, Nara&#039;ya, Tottori&#039;ye hatta Toyama&#039;dan ge\u00e7erek, sanki tap\u0131na\u011f\u0131m\u0131z\u0131n ``Kamiori Buda T\u00f6reni&#039;&#039;ne sayg\u0131lar\u0131n\u0131 sunmaya gelmi\u015f gibi, Japon Denizi&#039;ndeki Rumoi k\u0131y\u0131lar\u0131na yakla\u015f\u0131yor gibi g\u00f6r\u00fcn\u00fcyor.<\/p>\n<p>Eskiden bu sa\u00e7 \u00f6rme t\u00f6reninin ard\u0131ndan tap\u0131nak arazisinde bira partisi d\u00fczenlenirdi. Ya\u011fmurdan ne kadar endi\u015felendi\u011fimi ve ne kadar zorland\u0131\u011f\u0131n\u0131 \u015fimdi hat\u0131rl\u0131yorum.<\/p>\n<p>Tap\u0131nakta Hoonko t\u00f6reni 26 ve 27 A\u011fustos tarihlerinde ger\u00e7ekle\u015ftirilecek.<\/p>\n<p>Hava s\u0131cakl\u0131\u011f\u0131n\u0131n 30 dereceyi a\u015fmas\u0131yla birlikte sa\u011fl\u0131k ocaklar\u0131 g\u0131da zehirlenmesi uyar\u0131s\u0131 yapt\u0131. Hava durumu tahminlerine g\u00f6re, s\u0131cakl\u0131klar yakla\u015f\u0131k bir hafta boyunca 28 derece civar\u0131nda seyredecek. Ziyaretimize gelmenizi ve sa\u011fl\u0131\u011f\u0131n\u0131za dikkat etmenizi umuyoruz.<\/p>\n<p>Temsilci Yoshida Sakae selamlamas\u0131nda, &quot;Bug\u00fcn i\u00e7in \u00e7ok te\u015fekk\u00fcr ederim&quot; dedi.<\/p>\n<figure class=\"wp-caption aligncenter\"><a href=\"https:\/\/photos.google.com\/share\/AF1QipN91KmD_H9yCe7uK0SI3qE_E3HqO85kUG-hCqGPdfhG7OsDZZ9wLSncTbfwRrkOKg\/photo\/AF1QipOF_Nx3yEYDYBH4Dz6ukxn12KYIEZQue_T80pk?key=dUxyZHhocW5sdUwtVTJRYjh4V1BxYVV2bm5TVW9B\" target=\"_blank\" rel=\"noopener\"><img decoding=\"async\" src=\"https:\/\/lh3.googleusercontent.com\/pw\/AIL4fc_JNgYi99lSrKCfaZZLAmiSghQkKRpZzXFHbM003qq5TBiwAFpkiNfoS3l0FK2oEZiCvG9EYlpDzE3luut7282amBULntonMNzB8l8lRb-Qzqj0pI4O6Zoc5xFYFLphnwFjAmrUIocTVzGwaJmflnLL=w2000-h1333-s-no?authuser=0\" width=\"2000\" height=\"1333\" alt=\"T\u00fcm cemaat \u00fcyelerine\" class=\"size-full\" \/><\/a><figcaption class=\"wp-caption-text\">T\u00fcm cemaat \u00fcyelerine<\/figcaption><\/figure>\n<h2>Ba\u015f rahip Nobuaki Teragaki&#039;nin konferans\u0131<\/h2>\n<h3>Aziz \u015einran&#039;\u0131n s\u00f6zleri<\/h3>\n<p>&quot;E\u011fer bir kimse asli yeminin kudretiyle kar\u015f\u0131la\u015f\u0131rsa, onu bo\u015funa yapabilecek kimse yoktur.<br \/>\nErdem denizi hazinelerle doludur, d\u00fcnya arzular\u0131n\u0131n bulan\u0131k sular\u0131 ise ay\u0131rt edilemez.<\/p>\n<p>Namu Amida Butsu, Namu Amida Butsu, Namu Amida Butsu.&quot;<\/p>\n<figure class=\"wp-caption aligncenter\"><a href=\"https:\/\/photos.google.com\/share\/AF1QipN91KmD_H9yCe7uK0SI3qE_E3HqO85kUG-hCqGPdfhG7OsDZZ9wLSncTbfwRrkOKg\/photo\/AF1QipN3w7LWYro2i2ck56sFz2ORzC-0Jp6UOTBZfGE?key=dUxyZHhocW5sdUwtVTJRYjh4V1BxYVV2bm5TVW9B\" target=\"_blank\" rel=\"noopener\"><img decoding=\"async\" src=\"https:\/\/lh3.googleusercontent.com\/pw\/AIL4fc9vr5p_f1wfLMneL5YY6rMeckQwkat8_5kdgeGHICAbEEdzNtxqNolAFgpFzkHgBkatBdLubiUa-l5XHpDldvGBhp0KTS5J-gB_vmfq78ZPqREaWVSbzbKRJoUtzj2ju1O7uIZHX1aU-v2dP70OCmq2=w2000-h1333-s-no?authuser=0\" width=\"2000\" height=\"1333\" alt=\"Namu Amida Butsu, Namu Amida Butsu, Namu Amida Butsu\" class=\"size-full\" \/><\/a><figcaption class=\"wp-caption-text\">Namu Amida Butsu, Namu Amida Butsu, Namu Amida Butsu<\/figcaption><\/figure>\n<h3>Ba\u015f rahip Nobuaki Teragaki&#039;nin s\u00f6zleri<\/h3>\n<figure class=\"wp-caption aligncenter\"><a href=\"https:\/\/photos.google.com\/share\/AF1QipN91KmD_H9yCe7uK0SI3qE_E3HqO85kUG-hCqGPdfhG7OsDZZ9wLSncTbfwRrkOKg\/photo\/AF1QipMWJYt2IUPuI1TIYoVzACrRsOYZD-aRAXBMvu4?key=dUxyZHhocW5sdUwtVTJRYjh4V1BxYVV2bm5TVW9B\" target=\"_blank\" rel=\"noopener\"><img decoding=\"async\" src=\"https:\/\/lh3.googleusercontent.com\/pw\/AIL4fc89iF_DYF4XbUNur5Pl47Md4UW85zK7w1zHIeMDU9mtt7AucCCD7HtusRaySJf7pJmgS_7WcDi1K2hyBDZaFD1XgsfLUP41GRsuVkjfD53E1xxZ1Oa2C9oSuPXo8DNX0HliyGaDmUBQJEL7uBfiVcLO=w2000-h1333-s-no?authuser=0\" width=\"2000\" height=\"1333\" alt=\"Ba\u015f rahip Nobuaki Teragaki&#039;nin konferans\u0131\" class=\"size-full\" \/><\/a><figcaption class=\"wp-caption-text\">Ba\u015f rahip Nobuaki Teragaki&#039;nin konferans\u0131<\/figcaption><\/figure>\n<p>&quot;S\u0131cak havaya ve yo\u011fun programlara ra\u011fmen, yak\u0131n ve uzak yerlerden \u00e7ok say\u0131da insan, tap\u0131na\u011f\u0131m\u0131z\u0131n hazinesi olan &#039;Sa\u00e7 \u00d6ren Buda&#039;y\u0131 a\u00e7ma t\u00f6renine geldi.<\/p>\n<p>Bu y\u0131l sizlerin deste\u011fiyle b\u00f6ylesine g\u00f6rkemli bir anma t\u00f6reni ger\u00e7ekle\u015ftirebildi\u011fimiz i\u00e7in son derece mutlu ve minnettar\u0131z.<\/p>\n<p>Ryusenji Tap\u0131na\u011f\u0131&#039;n\u0131n her y\u0131l bu anma t\u00f6renini bu \u015fekilde ger\u00e7ekle\u015ftirebilmesinin, atalar\u0131m\u0131z\u0131n d\u00fc\u015f\u00fcncelerini ve 21. y\u00fczy\u0131lda ya\u015fayan hepinizin \u00e7e\u015fitli d\u00fc\u015f\u00fcncelerini alabilmesinin b\u00fcy\u00fck bir onur oldu\u011funu d\u00fc\u015f\u00fcn\u00fcyorum.<\/p>\n<h4>95 y\u0131ld\u0131r gizli tutulan gizli Budist heykeli &quot;Kamiori Buda&quot;n\u0131n a\u00e7\u0131l\u0131\u015f\u0131<\/h4>\n<p>Bildi\u011finiz gibi, &quot;Sa\u00e7 \u00d6ren Buda&quot; olarak adland\u0131r\u0131lan bu Buda, bir &quot;gizli Buda&quot;d\u0131r. Ryusenji Tap\u0131na\u011f\u0131&#039;n\u0131n kurucu ba\u015f rahibi Rahip Teragaki Kyoshin, 1928 y\u0131l\u0131nda bu &quot;Sa\u00e7 Dokuma Buda&quot; fikrini ortaya att\u0131 (Showa 3). Bu as\u0131l\u0131 par\u015f\u00f6men, Kyoto&#039;daki bir Budist sunak malzemeleri ma\u011fazas\u0131nda kad\u0131n\u0131n sa\u00e7\u0131 ve erke\u011fin sakal\u0131 kullan\u0131larak yap\u0131lm\u0131\u015ft\u0131r.<\/p>\n<p>Par\u015f\u00f6menin y\u0131ll\u0131k izlenimi her y\u0131l 17 A\u011fustos&#039;ta yap\u0131lmakta olup, 1928&#039;den (Showa 3) bu yana 95 y\u0131ld\u0131r kesintisiz devam etmekte ve o s\u0131rada orada bulunanlar\u0131n ruhlar\u0131n\u0131 da beraberinde getirmektedir.<\/p>\n<p>Zaman\u0131n ge\u00e7ti\u011fini hissediyorum ve zaman\u0131n zorluklar\u0131n\u0131 a\u015farak bug\u00fcnlere geldi\u011fimizin bilincindeyim.<\/p>\n<p>Meiji d\u00f6neminden Taisho ve Showa d\u00f6nemlerine kadar, kald\u0131r\u0131m, akan su, gaz ve elektrik olmamas\u0131na ra\u011fmen Hokkaido&#039;ya gidip Hokuryu&#039;ya yerle\u015ferek burada bir tap\u0131nak in\u015fa ettiler.<\/p>\n<p>O d\u00f6nemde insanlar \u00e7ok az mal varl\u0131\u011f\u0131na veya paraya sahiptiler ve ailelerini ge\u00e7indirmek i\u00e7in \u00e7abal\u0131yorlard\u0131, ancak tap\u0131na\u011fa hizmet etmek i\u00e7in bir \u015feyler yapma konusunda g\u00fc\u00e7l\u00fc bir istek duyuyorlard\u0131. Bunun \u00fczerine ba\u015f rahip, insanlar\u0131n sa\u00e7lar\u0131ndan Buda fig\u00fcrleri \u00f6rme fikrini ortaya att\u0131.<\/p>\n<h4>Ya\u015famdan sonraki en de\u011ferli \u015fey olan sa\u00e7, Buda&#039;n\u0131n i\u00e7ine i\u015flenmi\u015ftir<\/h4>\n<p>Bir kad\u0131n i\u00e7in hayattan sonraki en \u00f6nemli \u015fey sa\u00e7lar\u0131d\u0131r. &quot;Sa\u00e7tan Dokunan Buda&quot; kuma\u015f\u0131, sa\u00e7 ba\u011f\u0131\u015flayarak Buda&#039;ya hayat dokunabilece\u011fi ve Ryusenji Tap\u0131na\u011f\u0131&#039;n\u0131n gelecekte de Nembutsu okuma yeri olarak geli\u015fmeye devam edece\u011fi umuduyla tasarlanm\u0131\u015ft\u0131r.<\/p>\n<p>Hikayenin anneniz, b\u00fcy\u00fckanneniz ve b\u00fcy\u00fck b\u00fcy\u00fckanneniz de dahil olmak \u00fczere nesilden nesile aktar\u0131lm\u0131\u015f olmas\u0131ndan ve t\u00fcrbeye yap\u0131lan ziyaretlerin yakla\u015f\u0131k 100 y\u0131ld\u0131r devam etmesinden dolay\u0131 \u00e7ok minnettar\u0131m.<\/p>\n<h4>Verilen tarih anlaml\u0131d\u0131r<\/h4>\n<p>Bazen anma t\u00f6reninin daha serin bir mevsimde, s\u0131cak bir yaz mevsiminde, ya da pirin\u00e7 hasad\u0131ndan sonra yap\u0131lmas\u0131n\u0131 istedi\u011fim zamanlar oldu ama her mevsimin kendine has i\u015fleri var.<\/p>\n<p>Tarihler varm\u0131\u015f gibi g\u00f6r\u00fcn\u00fcr ama asl\u0131nda yoktur. Bize verilen tarihlerin bir anlam\u0131 oldu\u011fu i\u00e7in verildi\u011fini d\u00fc\u015f\u00fcn\u00fcyorum. Bug\u00fcnk\u00fc anma t\u00f6reniyle, atalar\u0131m\u0131z\u0131n d\u00fc\u015f\u00fcncelerini canl\u0131 tutarak bu anma t\u00f6renini s\u00fcrd\u00fcrebilece\u011fimizi anlad\u0131m ve bu duyguyu bir kez daha ya\u015fama f\u0131rsat\u0131 buldum.<\/p>\n<figure class=\"wp-caption aligncenter\"><a href=\"https:\/\/photos.google.com\/share\/AF1QipN91KmD_H9yCe7uK0SI3qE_E3HqO85kUG-hCqGPdfhG7OsDZZ9wLSncTbfwRrkOKg\/photo\/AF1QipNRV-kUkCdRXXAcuOa-bPCx1d0B-nYByYZEPoM?key=dUxyZHhocW5sdUwtVTJRYjh4V1BxYVV2bm5TVW9B\" target=\"_blank\" rel=\"noopener\"><img decoding=\"async\" src=\"https:\/\/lh3.googleusercontent.com\/pw\/AIL4fc-l_B4Fp-hLwhY9PWpawZmXRwmuv5oXf6i3o8OOx2TpT-BtY5fzyqlBSkagOKdMc0Jim5EVHmlSFTGSbUcq-xao8EVljhcJowHuCgeKXSOBBiXK8WYf10fUtKfT0jPC7-Al3zLM30rcNvNiMVgBjPlJ=w2000-h1333-s-no?authuser=0\" width=\"2000\" height=\"1333\" alt=\"Sa\u00e7, hayattan sonraki en \u00f6nemli ikinci \u015feydir\" class=\"size-full\" \/><\/a><figcaption class=\"wp-caption-text\">Sa\u00e7, hayattan sonraki en \u00f6nemli ikinci \u015feydir<\/figcaption><\/figure>\n<p>Bu Sa\u00e7 \u00d6rg\u00fcl\u00fc Buda ile anlatmak istedi\u011fim \u015fey, atalar\u0131m\u0131z\u0131n &quot;Saf Topraklar\u0131&quot;n\u0131n, o d\u00f6nemde bizimle ba\u011flant\u0131s\u0131 olanlar\u0131n sa\u00e7 ve sakallar\u0131ndan \u00f6r\u00fclm\u00fc\u015f olmas\u0131d\u0131r.<\/p>\n<p>Jodo Shinshu&#039;da &quot;Saf&quot; kelimesi &quot;saf&quot;, &quot;\u00e7at\u0131\u015fmas\u0131z&quot;, &quot;\u00f6fke ve k\u0131skan\u00e7l\u0131ktan uzak&quot; anlam\u0131na gelir.<\/p>\n<h4>Bu d\u00fcnya pis bir yerdir.<\/h4>\n<p>Saf Diyar&#039;\u0131n aksine bu d\u00fcnya saf olmayan bir diyard\u0131r. Edo d\u00fcnyas\u0131nda &quot;tou&quot; kelimesinin anlam\u0131 &quot;V\u00fccuduna iyi bak&quot; ve &quot;Kendine iyi bak&quot; ifadelerindedir, &quot;V\u00fccuduna iyi bak&quot; ifadesinin aksine.<\/p>\n<p>&quot;Edo&quot; kelimesi &quot;kirli&quot;, &quot;ya\u015fanmas\u0131 zor&quot; ve &quot;rahats\u0131z&quot; anlam\u0131na gelir. Yani i\u015fler planland\u0131\u011f\u0131 gibi gitmiyor.<\/p>\n<p>Kirli D\u00fcnyada \u015f\u00f6yle denir: &quot;Bu d\u00fcnya, i\u015flerin istedi\u011finiz gibi gitmedi\u011fi bir yerdir, bu y\u00fczden zihninizin s\u0131k\u0131nt\u0131ya girmesine izin vermeyin.&quot; ``Kendine sad\u0131k kal ve do\u011fru yolda y\u00fcr\u00fc.&#039;&#039; anlam\u0131na geliyor.<\/p>\n<p>\u015eimdilik havan\u0131n s\u0131cak oldu\u011funu s\u00f6yl\u00fcyorlar ama muhtemelen iki hafta i\u00e7inde daha da serinleyecek. Kas\u0131m ve Aral\u0131k aylar\u0131 geldi\u011finde, beyaz \u015feyler d\u00fc\u015fmeye ba\u015flar ve insanlar havan\u0131n so\u011fuk oldu\u011funu s\u00f6ylerler. Yani hava s\u0131caksa s\u0131ca\u011f\u0131, hava so\u011fuksa so\u011fu\u011fu hissetmeli ve v\u00fccudunuzun kendini iyi hissetmesini sa\u011flamal\u0131s\u0131n\u0131z.<\/p>\n<h4>Saf Diyar, saf, \u00e7at\u0131\u015fmas\u0131z, \u00f6fkesiz bir d\u00fcnyad\u0131r.<\/h4>\n<p>Saf Diyar, saf, d\u00fcr\u00fcst, \u00e7at\u0131\u015fmas\u0131z, nefretten uzak, karma bir d\u00fcnyad\u0131r. Prens \u015eotoku&#039;nun &quot;Uyum en b\u00fcy\u00fck sayg\u0131d\u0131r&quot; s\u00f6z\u00fc gibi, her \u015feyin bir ve elle tutulur oldu\u011fu, ancak kelimelerle tarif edilemedi\u011fi bir Saf Diyar d\u00fcnyas\u0131d\u0131r buras\u0131.<\/p>\n<p>Bir g\u00fcn atalar\u0131n\u0131z sizi bu ac\u0131s\u0131z, \u00e7at\u0131\u015fmas\u0131z, tertemiz d\u00fcnyaya bir anma t\u00f6reniyle kar\u015f\u0131lamaya gelecekler.<\/p>\n<p>Ac\u0131n\u0131n, kederin olmad\u0131\u011f\u0131, her \u015feyin mutlu oldu\u011fu bir d\u00fcnyaya gidiyoruz. Herkese hemen gitmek istediklerini s\u00f6yledi\u011fimde, hepsi ba\u015flar\u0131n\u0131 sallay\u0131p, &quot;Hen\u00fcz gitmek istemiyorum!&quot; dediler, diyor. Herkes gitmek istemese bile gidiyor. Ama ben gitmeye karar verdim. Zaten gideceksen, erken gitmek daha iyi de\u011fil mi? Bu, bu demek de\u011fil.<\/p>\n<h4>D\u00fcnyevi arzular d\u00fcnyas\u0131nda &quot;Namu Amida Butsu&quot;<\/h4>\n<p>Bu, d\u00fcnyevi arzular\u0131m\u0131z\u0131n bir sonucudur ve kayg\u0131lanmam\u0131z\u0131n nedeni istedi\u011fimiz i\u00e7in de\u011fil, \u00e7e\u015fitli ba\u011flant\u0131lardan dolay\u0131 kendimizi kayg\u0131l\u0131 bulmam\u0131zd\u0131r.<\/p>\n<p>Tan\u0131\u015ft\u0131\u011f\u0131n\u0131z insanlar\u0131n sevinci ve ayr\u0131ld\u0131\u011f\u0131n\u0131z insanlar\u0131n h\u00fczn\u00fcyle \u00f6r\u00fcl\u00fc hayat\u0131n\u0131zda yaln\u0131z de\u011filsiniz. G\u00f6z\u00fcn\u00fczle g\u00f6remeseniz bile, \u015f\u00fcphesiz Buda her zaman yan\u0131n\u0131zdad\u0131r ve siz her yerde, her zaman &quot;Namu Amida Butsu&quot;yu s\u00f6yleyebilirsiniz. &#039;Namu Amida Butsu&#039;, Saf Diyar&#039;a giden yolda onlarla birlikte y\u00fcr\u00fcmemiz y\u00f6n\u00fcndeki bir ricad\u0131r.<\/p>\n<h4>Ba\u015fkalar\u0131na &quot;Memnuniyet&quot; verme arzusu<\/h4>\n<p>Doydu\u011funuzda daha fazlas\u0131n\u0131 vermek istersiniz. Memnuniyetsizlik hissetti\u011finizde daha fazlas\u0131n\u0131 istemeye ba\u015flars\u0131n\u0131z.<\/p>\n<p>Hepiniz hayatta profesyonelsiniz, dolay\u0131s\u0131yla hayat\u0131n\u0131zda neler olaca\u011f\u0131n\u0131 tahmin edebilirsiniz san\u0131r\u0131m.<\/p>\n<p>Her zaman ba\u015fkalar\u0131n\u0131n sizin i\u00e7in yapmas\u0131n\u0131 istedi\u011finizden daha fazlas\u0131n\u0131 vermek isteyecek \u015fekilde davran\u0131n.<\/p>\n<h4>\u0130\u015flerin yolunda gitmemesi normaldir.<\/h4>\n<p>Hayat b\u00f6yledir: Yapmamam\u0131z gerekti\u011fini bildi\u011fimiz halde, tekrar tekrar baz\u0131 \u015feyler yapar\u0131z.<\/p>\n<p>\u0130nsanlar ya\u015farken birbirlerini anlayamazlar. Anlayamayanlar ise aile bireyleri, dostlar, i\u015f arkada\u015flar\u0131 ve ak\u0131l erdirilmesi, kavranmas\u0131 m\u00fcmk\u00fcn olmayan di\u011fer \u015feylerdir ve bunlar bir araya gelerek ya\u015famakta ve ge\u00e7imlerini sa\u011flamaktad\u0131rlar.<\/p>\n<p>Dolay\u0131s\u0131yla i\u015flerin yolunda gitmemesi gayet do\u011fald\u0131r. \u00c7\u00fcnk\u00fc her \u015feyin yolunda gitti\u011fini varsayd\u0131klar\u0131 i\u00e7in s\u00fcrekli \u015fik\u00e2yet etmeye, homurdanmaya, birbirlerine hakaret etmeye ba\u015flarlar. Bazen \u015f\u00fck\u00fcr, \u015fik\u00e2yet ve homurdanmaya d\u00f6n\u00fc\u015febilir.<\/p>\n<h4>\u015eeyleri net tutman\u0131n s\u0131rr\u0131<\/h4>\n<p>Bunu a\u00e7man\u0131n bir yolu var. Yani &quot;\u00e7amurla\u015fmamak&quot;. Saf Diyar&#039;daki &quot;Saf&quot; temiz ve saf anlam\u0131na gelir. D\u00fcr\u00fcst ve berrak bir zihne sahip olursan\u0131z, daha az endi\u015fe duyars\u0131n\u0131z.<\/p>\n<p>A\u011fz\u0131n\u0131z \u00e7amurlanacak ve \u015fik\u00e2yet etmeye ba\u015flayacaks\u0131n\u0131z. Kendinizi \u015fikayet ederken buldu\u011funuzda, kendinize &quot;Net konu\u015fmuyorum.&quot; diye d\u00fc\u015f\u00fcn\u00fcn.<\/p>\n<figure class=\"wp-caption aligncenter\"><a href=\"https:\/\/photos.google.com\/share\/AF1QipN91KmD_H9yCe7uK0SI3qE_E3HqO85kUG-hCqGPdfhG7OsDZZ9wLSncTbfwRrkOKg\/photo\/AF1QipMB2McT4_DFgEPhqR8v3Ct7gS-ZXBzQHQxjY6c?key=dUxyZHhocW5sdUwtVTJRYjh4V1BxYVV2bm5TVW9B\" target=\"_blank\" rel=\"noopener\"><img decoding=\"async\" src=\"https:\/\/lh3.googleusercontent.com\/pw\/AIL4fc9COiWu-bHLMQLMPjahaRZ2olSFA2sfUPzAEd26Kyy5Fc9wUhMAjANwubecoBkvpHldPzgYROUVdZ9rdoXX8llwvXkksa4YCSDLksOMD61nua7HqHFqogZ9-DGm1GmoqXZKfz4jEjIl10rKv5KQkC3m=w2000-h1333-s-no?authuser=0\" width=\"2000\" height=\"1333\" alt=\"Saf ve lekesiz bir kalp\" class=\"size-full\" \/><\/a><figcaption class=\"wp-caption-text\">Saf ve lekesiz bir kalp<\/figcaption><\/figure>\n<h4>Fark\u0131ndal\u0131k<\/h4>\n<p>Saf su olamasan\u0131z da sorun de\u011fil. Zihniniz bulan\u0131kla\u015ft\u0131\u011f\u0131nda, zihninizde berrak suyun varl\u0131\u011f\u0131n\u0131 hayal edin ve bunun fark\u0131na var\u0131n, \u015fik\u00e2yet ve \u00f6fke duygular\u0131n\u0131z azalacakt\u0131r.<\/p>\n<h4>&quot;Namu Amida Butsu&quot; adl\u0131 Budist duas\u0131n\u0131 s\u00f6yleyerek zihninizi sakinle\u015ftirin<\/h4>\n<p>Bunu ba\u015farmak zor oldu\u011fu i\u00e7in Buda bize Nembutsu&#039;yu verdi. &quot;Dalga ge\u00e7iyor olmal\u0131s\u0131n!&quot; Ha Amida Buda. . . &#039;&#039; &quot;Benimle dalga m\u0131 ge\u00e7iyorsun!&quot; Ha Amida Buda. . . &#039;Neden ben? Namu Amida Butsu. . . &#039;.<\/p>\n<p>Bir \u015fik\u00e2yetiniz oldu\u011funda &quot;Namu Amida Butsu&quot; duas\u0131n\u0131 s\u00f6ylemeyi al\u0131\u015fkanl\u0131k haline getirin. Bu, Buda&#039;n\u0131n beni nas\u0131l korudu\u011funun somut bir \u00f6rne\u011fidir.<\/p>\n<p>G\u00fcnl\u00fck hayat\u0131m\u0131zda &quot;Te\u015fekk\u00fcr ederim&quot;, &quot;Her \u015fey senin sayende&quot;, &quot;\u00d6z\u00fcr dilerim, \u00f6z\u00fcr dilerim&quot; gibi ifadeleri s\u00f6ylemek g\u00fczeldir; ancak bunlar\u0131 o anda s\u00f6yleyemedi\u011fimiz zamanlarda, kalbimizde &quot;Namu Amida Butsu&quot; anlam\u0131na gelen Nembutsu&#039;yu s\u00f6ylemeliyiz.<\/p>\n<p>Bunun sonucunda \u00f6fke, \u015fik\u00e2yet, k\u0131skan\u00e7l\u0131k duygular\u0131 tamamen ortadan kalkmasa da giderek azalacakt\u0131r. Sakinle\u015fip dikkatle dinledi\u011finizde, duygular\u0131n\u0131z de\u011fi\u015fecek ve kendinizi &quot;Aa, demek ki \u00f6yleymi\u015f&quot; veya &quot;\u00d6z\u00fcr dilerim, fark etmemi\u015fim&quot; diye d\u00fc\u015f\u00fcn\u00fcrken bulacaks\u0131n\u0131z.<\/p>\n<h4>Anma t\u00f6reni her g\u00fcn\u00fc bir g\u00fcl\u00fcmsemeyle ya\u015famak demektir<\/h4>\n<p>\u0130nsano\u011flunun ger\u00e7ek do\u011fas\u0131, birbirimizi anlay\u0131p, &quot;Her \u015fey senin sayende&quot; diyebilece\u011fimiz bir d\u00fcnyada ya\u015famak istemek de\u011fil midir?<\/p>\n<p>Buda ve atalar\u0131m\u0131z, torunlar\u0131n\u0131n her g\u00fcn\u00fc y\u00fczlerinde g\u00fcl\u00fcmsemeyle ve &quot;Te\u015fekk\u00fcr ederim&quot; diyerek ya\u015fad\u0131klar\u0131n\u0131 g\u00f6rmekten memnun olmal\u0131lar. Budizm\u2019de buna \u201csunu\u201d denir.<\/p>\n<h4>Zaman\u0131nda bitirmenin \u00f6nemi<\/h4>\n<p>Son olarak \u00fcstad\u0131m\u0131n \u015fu s\u00f6zlerini sizlerle payla\u015fmak istiyorum. Yani, ``Zaman\u0131nda bitir&#039;&#039; veya ``Asl\u0131nda, biraz erken bitir!&#039;&#039; &quot;Bunu a\u015fma. Daha fazlas\u0131n\u0131 duymak istedi\u011fin yerde bitir. Hikayenin yeterli olmad\u0131\u011f\u0131n\u0131 hissetti\u011fin anda tam zaman\u0131! &quot;<\/p>\n<h4>Pi\u015fman oldu\u011fum bir hayat<\/h4>\n<p>Ayn\u0131 \u015fey hayat i\u00e7in de ge\u00e7erlidir. Bu bir son de\u011fil, bir &quot;kal\u0131nt\u0131&quot;d\u0131r. Erken, en g\u00fczel \u00e7a\u011f\u0131nda veya en sonunda de\u011fil, daha ziyade, &quot;Gitmek istemesen de, bu d\u00fcnyayla ba\u011flar\u0131n sona erdi\u011finde ve g\u00fcc\u00fcn kalmad\u0131\u011f\u0131nda, o zaman o diyara gitmelisin&quot; (Tannisho, B\u00f6l\u00fcm 9).<\/p>\n<p>Her biriniz Saf Diyar&#039;a gidip sonsuz ya\u015fam ve sonsuz \u0131\u015f\u0131k varl\u0131klar\u0131 olmaya mahkumsunuz.<\/p>\n<p>Umar\u0131m Nembutsu dualar\u0131m\u0131z\u0131 miras almaya, birbirimize sayg\u0131 g\u00f6stermeye ve birbirimize yard\u0131m etmeye devam edersiniz ve her \u015fey her zaman istedi\u011fimiz gibi gitmese de, size bu konudan bahsettim. S\u0131cak havaya ra\u011fmen kat\u0131l\u0131m\u0131n\u0131z i\u00e7in en i\u00e7ten te\u015fekk\u00fcrlerimizi sunar\u0131z.<\/p>\n<p>Namu Amida Butsu, Namu Amida Butsu, Namu Amida Butsu.&quot;<\/p>\n<figure class=\"wp-caption aligncenter\"><a href=\"https:\/\/photos.google.com\/share\/AF1QipN91KmD_H9yCe7uK0SI3qE_E3HqO85kUG-hCqGPdfhG7OsDZZ9wLSncTbfwRrkOKg\/photo\/AF1QipOBw0-Q59kpRf8x7JwtMrQn8LMQOJJ8cxBYAxE?key=dUxyZHhocW5sdUwtVTJRYjh4V1BxYVV2bm5TVW9B\" target=\"_blank\" rel=\"noopener\"><img decoding=\"async\" src=\"https:\/\/lh3.googleusercontent.com\/pw\/AIL4fc_JExbBSjyGVRRbnlb6MaQFNIy9RSygaFHZTrziPRNLlJx6FbxP1rrYufcer3dDUFprIu9q6f9ByeJDVcxPKx7f0zTBK2KaN6M8M1FAQfvfnbv_SBzEAHvvJ7UB9yUn1RNI6AMn1TnZPh8gJHLrQPl9=w2000-h1333-s-no?authuser=0\" width=\"2000\" height=\"1333\" alt=\"Nembutsu ilahisini s\u00f6yleyerek bitirildi\" class=\"size-full\" \/><\/a><figcaption class=\"wp-caption-text\">Nembutsu ilahisini s\u00f6yleyerek bitirildi<\/figcaption><\/figure>\n<h2>K\u0131rm\u0131z\u0131 pirin\u00e7 ve manju<\/h2>\n<p>Etkinlik, herkesin birlikte \u015fark\u0131 s\u00f6ylemesi, ibadet etmesi ve Nembutsu ilahileri s\u00f6ylemesiyle sona erdi.<br \/>\nD\u00f6n\u00fc\u015f yolunda bize k\u0131rm\u0131z\u0131 pirin\u00e7 ve manjudan olu\u015fan hediyelik e\u015fyalar verildi.<\/p>\n<figure class=\"wp-caption aligncenter\"><a href=\"https:\/\/photos.google.com\/share\/AF1QipN91KmD_H9yCe7uK0SI3qE_E3HqO85kUG-hCqGPdfhG7OsDZZ9wLSncTbfwRrkOKg\/photo\/AF1QipNC7yjpSfAiRAvHT3Xh3JW1OkJvtW9Ov69OEY8?key=dUxyZHhocW5sdUwtVTJRYjh4V1BxYVV2bm5TVW9B\" target=\"_blank\" rel=\"noopener\"><img decoding=\"async\" src=\"https:\/\/lh3.googleusercontent.com\/pw\/AIL4fc8bNW_MXSk8JUvfLZGH1IygrFDvFF3ZV_CPinHpMGbAGVkf9MjPcyM4JpqrcXxjnyIgfJAZjdhm_hW1bgOUMCR2XMQAZMkdN6ULC6A6EwIIWGL4PsrvJ-mknzJ8tIHKm4vNI3-1YKxEgnoMuEpzSLBN=w2000-h1333-s-no?authuser=0\" width=\"2000\" height=\"1333\" alt=\"K\u0131rm\u0131z\u0131 pirin\u00e7 ve manju\" class=\"size-full\" \/><\/a><figcaption class=\"wp-caption-text\">K\u0131rm\u0131z\u0131 pirin\u00e7 ve manju<\/figcaption><\/figure>\n<h2>Ryusenji Tap\u0131na\u011f\u0131 Hazineleri: Hattat Seiko-e&#039;nin &quot;Tavus Ku\u015fu ve Anka Ku\u015fu&quot; s\u00fcrg\u00fcl\u00fc kap\u0131 resmi<\/h2>\n<p>Ana salonun i\u00e7 mabedinin sol ve sa\u011f taraflar\u0131ndaki s\u00fcrg\u00fcl\u00fc kap\u0131 resimlerinin hattat Aokeie taraf\u0131ndan yap\u0131ld\u0131\u011f\u0131 ve tap\u0131na\u011f\u0131n kurucusu Arima Yukichi taraf\u0131ndan i\u015fletilen Taishokan binas\u0131nda sergilendi\u011fi s\u00f6yleniyor.<\/p>\n<h3>\u0130\u00e7 mabedin sol s\u00fcrg\u00fcl\u00fc kap\u0131s\u0131ndaki resim: &quot;Tavusku\u015fu&quot;<\/h3>\n<figure class=\"wp-caption aligncenter\"><a href=\"https:\/\/photos.google.com\/share\/AF1QipN91KmD_H9yCe7uK0SI3qE_E3HqO85kUG-hCqGPdfhG7OsDZZ9wLSncTbfwRrkOKg\/photo\/AF1QipNw-ckFY_GgRPluXB_-51oIXNUsdOPdUeLSb_0?key=dUxyZHhocW5sdUwtVTJRYjh4V1BxYVV2bm5TVW9B\" target=\"_blank\" rel=\"noopener\"><img decoding=\"async\" src=\"https:\/\/lh3.googleusercontent.com\/pw\/AIL4fc-I2KqEwrv4x7XwjJa-ev2AWl5tmxhuMPlHhg0gSyn4HStEotaKY6YEaoD2u7JFwjIzMSxuqaDkHTI1evjucO9sUzcgsNTqOu7gWpZCOjodGBCSZTvzMIToj6bx0GBRuBWRXZXjmREpC-XujauxYFnJ=w2000-h1333-s-no?authuser=0\" width=\"2000\" height=\"1333\" alt=\"\u0130\u00e7 mabedin sol s\u00fcrg\u00fcl\u00fc kap\u0131s\u0131ndaki resim: &quot;Tavusku\u015fu&quot;\" class=\"size-full\" \/><\/a><figcaption class=\"wp-caption-text\">\u0130\u00e7 mabedin sol s\u00fcrg\u00fcl\u00fc kap\u0131s\u0131ndaki resim: &quot;Tavusku\u015fu&quot;<\/figcaption><\/figure>\n<h3>Sa\u011f s\u00fcrg\u00fcl\u00fc kap\u0131 boyama &quot;Phoenix&quot;<\/h3>\n<figure class=\"wp-caption aligncenter\"><a href=\"https:\/\/photos.google.com\/share\/AF1QipN91KmD_H9yCe7uK0SI3qE_E3HqO85kUG-hCqGPdfhG7OsDZZ9wLSncTbfwRrkOKg\/photo\/AF1QipO-ZgMLuDiMA7S6zFsAeB36UCdFp-y2VbR893Y?key=dUxyZHhocW5sdUwtVTJRYjh4V1BxYVV2bm5TVW9B\" target=\"_blank\" rel=\"noopener\"><img decoding=\"async\" src=\"https:\/\/lh3.googleusercontent.com\/pw\/AIL4fc8UWtte0o9gpCjGd6GdhM5X3HrDvfQeYnBR2hSNTwaIoYXnjI0Qhlhm-iIqXudrXQc3DE0xoO18_X60AhXyft7foolamfxBdratST5BUGgDR2DC6gVotqjihXD3yw3mjIjXsPsCWuvpPnM7eTVvpuVp=w2000-h1333-s-no?authuser=0\" width=\"2000\" height=\"1333\" alt=\"Sa\u011f s\u00fcrg\u00fcl\u00fc kap\u0131 boyama &quot;Phoenix&quot;\" class=\"size-full\" \/><\/a><figcaption class=\"wp-caption-text\">Sa\u011f s\u00fcrg\u00fcl\u00fc kap\u0131 boyama &quot;Phoenix&quot;<\/figcaption><\/figure>\n<p>Tap\u0131nak arazisi i\u00e7erisinde bak\u0131ml\u0131 bir bah\u00e7e. Ortadaki el yap\u0131m\u0131 fener, tap\u0131nak cemaatinden Toshiaki Fujii taraf\u0131ndan \u00f6zenle haz\u0131rlanm\u0131\u015f, ba\u011f\u0131\u015flanm\u0131\u015f bir par\u00e7ad\u0131r.<\/p>\n<figure class=\"wp-caption aligncenter\"><a href=\"https:\/\/photos.google.com\/share\/AF1QipN91KmD_H9yCe7uK0SI3qE_E3HqO85kUG-hCqGPdfhG7OsDZZ9wLSncTbfwRrkOKg\/photo\/AF1QipNJvH7o-7v4hTOQOis22EMDUSQ-LOgmoGPPo9U?key=dUxyZHhocW5sdUwtVTJRYjh4V1BxYVV2bm5TVW9B\" target=\"_blank\" rel=\"noopener\"><img decoding=\"async\" src=\"https:\/\/lh3.googleusercontent.com\/pw\/AIL4fc-VALgLq7XzT_aOt0aPGJyzbcaAFz47E6nz33QKjbx-nB00HMJUcCwHe_7qKHOzWl7WpKuOUftt3DDxbv3XXUltkYYt1afBZ8A_d5rOkCGiLzd75OKtXXXzrSahxF_iA8FKvGUIoGoN7rqNrETSTjrc=w2000-h1333-s-no?authuser=0https:\/\/photos.google.com\/share\/AF1QipN91KmD_H9yCe7uK0SI3qE_E3HqO85kUG-hCqGPdfhG7OsDZZ9wLSncTbfwRrkOKg\/photo\/AF1QipNJvH7o-7v4hTOQOis22EMDUSQ-LOgmoGPPo9U?key=dUxyZHhocW5sdUwtVTJRYjh4V1BxYVV2bm5TVW9B\" width=\"2000\" height=\"1333\" alt=\"Tap\u0131nak alan\u0131\" class=\"size-full\" \/><\/a><figcaption class=\"wp-caption-text\">Tap\u0131nak alan\u0131<\/figcaption><\/figure>\n<p>Sa\u00e7 arac\u0131l\u0131\u011f\u0131yla ruh, Amida Buda ile bir olur, de\u011ferli bir ba\u011f olu\u015fur ve \u00e7e\u015fitli erdemler biriktirilir ve &quot;Sa\u00e7 \u00d6ren Buda&quot; i\u00e7in bu b\u00fcy\u00fck ve gizli Budist t\u00f6reni s\u0131n\u0131rs\u0131z sevgi, \u015f\u00fckran ve dua ile ger\u00e7ekle\u015ftirilir. . .<br \/>\n\u3000<\/p>\n<h2>Youtube videolar\u0131<\/h2>\n<div class=\"youtube\"><iframe title=\"2023 &quot;Sa\u00e7 Dokuyan Buda A\u00e7\u0131l\u0131\u015f T\u00f6reni&quot; Jodo Shinshu Honganji-ha Hekiunzan &quot;Ryusenji&quot; (Hokuryu-cho, Hokkaido)\" src=\"https:\/\/www.youtube.com\/embed\/upyC7vf3aEs?feature=oembed\" frameborder=\"0\" allow=\"accelerometer; autoplay; clipboard-write; encrypted-media; gyroscope; picture-in-picture; web-share\" allowfullscreen><\/iframe><\/div>\n<h2>Di\u011fer foto\u011fraflar<\/h2>\n<div class=\"img-move\">\n<img decoding=\"async\" src=\"https:\/\/ehokkaido.net\/wp-content\/uploads\/2021\/12\/2021-12-06-11.41.12.png\" style=\"vertical-align:middle;\"> <a href=\"https:\/\/photos.app.goo.gl\/c3FHtcRFXs4wdYcC6\" target=\"_blank\" rel=\"noopener noreferrer\">Ryusenji Tap\u0131na\u011f\u0131, Hekiunzan, Jodo Shinshu Honganji Okulu&#039;nda 2023 &quot;Sa\u00e7 \u00d6rg\u00fcl\u00fc Buda&#039;n\u0131n \u00d6rt\u00fcs\u00fcn\u00fc A\u00e7ma T\u00f6reni&quot;nin foto\u011fraflar\u0131 (119 foto\u011fraf) burada &gt;&gt;<\/a><\/a><\/div>\n<h2>\u0130lgili Makaleler\/Siteler<\/h2>\n<div class=\"img-move\">\n<div class=\"sitecard\">\n<div class=\"sitecard__subtitle\"> Jodo Shinshu Honganji Tap\u0131na\u011f\u0131, Hekiunzan &quot;Ryusenji&quot;<\/div>\n<div class=\"column column-273\">\n<div class=\"column__item\"><a href=\"https:\/\/bridge-sys.jp\/ryusenji\/\" target=\"_blank\" rel=\"noopener\"><b style=\"font-size:large\">&gt; [Ryusenji Tap\u0131na\u011f\u0131, Jodo Shinshu Honganji Okulu]<\/b><\/a><br \/>\nHokkaido, Uryu B\u00f6lgesi, Hokuryu Kasabas\u0131&#039;ndaki cenaze t\u00f6renleri, kal\u0131c\u0131 anma t\u00f6renleri ve anma t\u00f6renleri i\u00e7in l\u00fctfen Ryusenji Tap\u0131na\u011f\u0131 ile ileti\u015fime ge\u00e7in.<br \/>\n<span style=\"color: #ff9900;\">\u25b6<\/span> <a href=\"https:\/\/bridge-sys.jp\/ryusenji\/\" target=\"_blank\" rel=\"noopener\"><b style=\"font-size:large\">Ana sayfam\u0131z\u0131 ziyaret edin &gt;&gt;<\/b><\/div>\n<div class=\"column__item\"><img decoding=\"async\" src=\"https:\/\/portal.hokuryu.info\/wp\/wp-content\/uploads\/2023\/08\/ryusenji_phot05.png\" alt=\"Jodo Shinshu Honganji Tap\u0131na\u011f\u0131, Hekiunzan &quot;Ryusenji&quot;\" style=\"border:solid 1px blue\" height=\"150\"\/><\/a><\/div>\n<\/div>\n<\/div>\n<\/div>\n\n        <div class=\"site-blogcard-premium\">\n            <div class=\"bc-label-custom\">\u0130lgili makaleler<\/div>\n            <div class=\"bc-flex-container\">\n                <div class=\"bc-main-text\">\n                    <div class=\"bc-title-link-box\">\n                        <a href=\"https:\/\/portal.hokuryu.info\/tr\/topics\/culture\/20120210.html\/\" target=\"_blank\">Ryusenji Tap\u0131na\u011f\u0131&#039;n\u0131n Ba\u015f Rahibi Yard\u0131mc\u0131s\u0131 Nobuaki Teragaki&#039;nin Dersi (Hokuryu Kasabas\u0131 Ay\u00e7i\u00e7e\u011fi \u00dcniversitesi Dersi) - Hokuryu Kasabas\u0131 Portal\u0131 (Hokkaido) - Japonya&#039;n\u0131n 1 Numaral\u0131 Ay\u00e7i\u00e7e\u011fi K\u00f6y\u00fc<\/a>\n                    <\/div>\n                    <div class=\"bc-excerpt-box\">2.100 n\u00fcfuslu ve 401.300 ki\u015filik ya\u015flanma oran\u0131na sahip, canl\u0131 bir kasaban\u0131n &quot;bug\u00fcnk\u00fc&quot; halini sizlere sunuyoruz. Ay\u00e7i\u00e7ekleri gibi, aileler uyum i\u00e7inde ya\u015f\u0131yor...<\/div>\n                <\/div>\n                <div class=\"bc-thumbnail-box\">\n                    <a href=\"https:\/\/portal.hokuryu.info\/tr\/topics\/culture\/20120210.html\/\" target=\"_blank\">\n                        <div class=\"bc-img-zoom-wrap\">\n                            <img decoding=\"async\" src=\"https:\/\/lh4.googleusercontent.com\/-zYd6sf_dZkE\/TzNS71JBDtI\/AAAAAAAAP3M\/KPlU5nY12JA\/s720\/_IGP7893.JPG\" alt=\"Ryusenji Tap\u0131na\u011f\u0131&#039;n\u0131n Ba\u015f Rahibi Yard\u0131mc\u0131s\u0131 Nobuaki Teragaki&#039;nin Dersi (Hokuryu Kasabas\u0131 Ay\u00e7i\u00e7e\u011fi \u00dcniversitesi Dersi) - Hokuryu Kasabas\u0131 Portal\u0131 (Hokkaido) - Japonya&#039;n\u0131n 1 Numaral\u0131 Ay\u00e7i\u00e7e\u011fi K\u00f6y\u00fc\">\n                        <\/div>\n                    <\/a>\n                <\/div>\n            <\/div>\n        <\/div>\n\n        <div class=\"site-blogcard-premium\">\n            <div class=\"bc-label-custom\">\u0130lgili makaleler<\/div>\n            <div class=\"bc-flex-container\">\n                <div class=\"bc-main-text\">\n                    <div class=\"bc-title-link-box\">\n                        <a href=\"https:\/\/portal.hokuryu.info\/tr\/shiningpeople\/people\/20150402.html\/\" target=\"_blank\">[233] Nobuaki Teragaki - Hokuryu Kasabas\u0131 Portal\u0131 (Hokkaido) - Japonya&#039;n\u0131n 1 numaral\u0131 ay\u00e7i\u00e7e\u011fi k\u00f6y\u00fc<\/a>\n                    <\/div>\n                    <div class=\"bc-excerpt-box\">2.100 n\u00fcfuslu ve 401.300 ki\u015filik ya\u015flanma oran\u0131na sahip, canl\u0131 bir kasaban\u0131n &quot;bug\u00fcnk\u00fc&quot; halini sizlere sunuyoruz. Ay\u00e7i\u00e7ekleri gibi, aileler uyum i\u00e7inde ya\u015f\u0131yor...<\/div>\n                <\/div>\n                <div class=\"bc-thumbnail-box\">\n                    <a href=\"https:\/\/portal.hokuryu.info\/tr\/shiningpeople\/people\/20150402.html\/\" target=\"_blank\">\n                        <div class=\"bc-img-zoom-wrap\">\n                            <img decoding=\"async\" src=\"https:\/\/lh4.googleusercontent.com\/-5xoGdCjNYgE\/VRe8o2YfuII\/AAAAAAABuvw\/4QbPjVcRtOA\/w1296-h864-no\/ILCE7M2_%2B737\" alt=\"[233] Nobuaki Teragaki - Hokuryu Kasabas\u0131 Portal\u0131 (Hokkaido) - Japonya&#039;n\u0131n 1 numaral\u0131 ay\u00e7i\u00e7e\u011fi k\u00f6y\u00fc\">\n                        <\/div>\n                    <\/a>\n                <\/div>\n            <\/div>\n        <\/div>\n\n        <div class=\"site-blogcard-premium\">\n            <div class=\"bc-label-custom\">\u0130lgili makaleler<\/div>\n            <div class=\"bc-flex-container\">\n                <div class=\"bc-main-text\">\n                    <div class=\"bc-title-link-box\">\n                        <a href=\"https:\/\/portal.hokuryu.info\/tr\/17454\/\" target=\"_blank\">https:\/\/portal.hokuryu.info\/17454<\/a>\n                    <\/div>\n                    <div class=\"bc-excerpt-box\">Sayfa bilgileri al\u0131namad\u0131.<\/div>\n                <\/div>\n                <div class=\"bc-thumbnail-box\">\n                    <a href=\"https:\/\/portal.hokuryu.info\/tr\/17454\/\" target=\"_blank\">\n                        <div class=\"bc-img-zoom-wrap\">\n                            <img decoding=\"async\" src=\"https:\/\/portal.hokuryu.info\/wp\/wp-content\/uploads\/2026\/02\/20230802DSC06445_1.jpg\" alt=\"https:\/\/portal.hokuryu.info\/17454\">\n                        <\/div>\n                    <\/a>\n                <\/div>\n            <\/div>\n        <\/div>\n<p>\u25c7 R\u00f6portaj ve metin: Ikuko Terauchi (foto\u011fraf\u00e7\u0131l\u0131k ve d\u00fczenleme asistan\u0131: Noboru Terauchi)<\/p>","protected":false},"excerpt":{"rendered":"<p>\uff12\uff10\uff12\uff13\u5e74\uff18\u6708\uff12\uff11\u65e5\uff08\u6708\uff09 \uff18\u6708\uff11\uff17\u65e5\uff08\u6728\uff09\u3001\u5317\u7adc\u753a\u306e\u6d44\u571f\u771f\u5b97\u672c\u9858\u5bfa\u6d3e \u78a7\u96f2\u5c71\u300c\u9f8d\u6cc9\u5bfa\uff08\u308a\u3085\u3046\u305b\u3093\u3058\u30fb\u5bfa\u57a3\u4fe1\u6643 \u4f4f\u8077\uff09\u300d\u306b\u3066\u3001\u4ee4\u548c\uff15\u5e74\u5ea6\u300c\u9aea\u7e54\u4ecf\u5fa1\u958b\u8ef8\u6cd5\u8981\uff08\u3051\u304a\u308a\u307b\u3068\u3051\u3054\u304b\u3044\u3058\u304f\u307b\u3046\u3088\u3046\uff09\u300d\u304c\u53b3\u304b\u306b\u884c [&hellip;]<\/p>\n","protected":false},"author":1,"featured_media":36530,"comment_status":"open","ping_status":"open","sticky":false,"template":"","format":"standard","meta":{"footnotes":""},"categories":[4],"tags":[],"class_list":["post-36519","post","type-post","status-publish","format-standard","has-post-thumbnail","hentry","category-cover-story"],"_links":{"self":[{"href":"https:\/\/portal.hokuryu.info\/tr\/wp-json\/wp\/v2\/posts\/36519","targetHints":{"allow":["GET"]}}],"collection":[{"href":"https:\/\/portal.hokuryu.info\/tr\/wp-json\/wp\/v2\/posts"}],"about":[{"href":"https:\/\/portal.hokuryu.info\/tr\/wp-json\/wp\/v2\/types\/post"}],"author":[{"embeddable":true,"href":"https:\/\/portal.hokuryu.info\/tr\/wp-json\/wp\/v2\/users\/1"}],"replies":[{"embeddable":true,"href":"https:\/\/portal.hokuryu.info\/tr\/wp-json\/wp\/v2\/comments?post=36519"}],"version-history":[{"count":0,"href":"https:\/\/portal.hokuryu.info\/tr\/wp-json\/wp\/v2\/posts\/36519\/revisions"}],"wp:featuredmedia":[{"embeddable":true,"href":"https:\/\/portal.hokuryu.info\/tr\/wp-json\/wp\/v2\/media\/36530"}],"wp:attachment":[{"href":"https:\/\/portal.hokuryu.info\/tr\/wp-json\/wp\/v2\/media?parent=36519"}],"wp:term":[{"taxonomy":"category","embeddable":true,"href":"https:\/\/portal.hokuryu.info\/tr\/wp-json\/wp\/v2\/categories?post=36519"},{"taxonomy":"post_tag","embeddable":true,"href":"https:\/\/portal.hokuryu.info\/tr\/wp-json\/wp\/v2\/tags?post=36519"}],"curies":[{"name":"wp","href":"https:\/\/api.w.org\/{rel}","templated":true}]}}