{"id":34948,"date":"2023-07-19T09:45:06","date_gmt":"2023-07-19T00:45:06","guid":{"rendered":"https:\/\/portal.hokuryu.info\/?p=34948"},"modified":"2026-01-25T11:54:42","modified_gmt":"2026-01-25T02:54:42","slug":"19-all-right-nippon-odul-toreni-ilk","status":"publish","type":"post","link":"https:\/\/portal.hokuryu.info\/tr\/34948\/","title":{"rendered":"Japonya&#039;n\u0131n d\u00f6rt bir yan\u0131ndan 35 grup &quot;19. Tamam! Nippon \u00d6d\u00fclleri T\u00f6reni - 18. ve 17. \u00d6d\u00fcl Kazananlar\u0131n Bulu\u015fmas\u0131&quot;nda bir araya geldi - Hokkaido&#039;dan Hokuryu Kasabas\u0131 ve Shimokawa Kasabas\u0131 \u00f6d\u00fcle lay\u0131k g\u00f6r\u00fcld\u00fc"},"content":{"rendered":"<p>\u00c7ar\u015famba, 19 Temmuz 2023<\/p>\n<p>13 Temmuz 2023 Per\u015fembe g\u00fcn\u00fc, 19 Tamam! Nippon B\u00fcy\u00fck \u00d6d\u00fcl\u00fc \u00d6d\u00fcl T\u00f6reni ve 18. ve 17. \u00d6d\u00fcl Kazananlar\u0131n Bulu\u015fmas\u0131 Shinagawa \u00d6n Binas\u0131 Konferans Salonu&#039;nda ger\u00e7ekle\u015ftirildi. \u00dclkenin d\u00f6rt bir yan\u0131ndan yakla\u015f\u0131k 35 talihli ve ilgili ki\u015fi bir araya gelerek yakla\u015f\u0131k 70 ki\u015fiyi a\u011f\u0131rlad\u0131.<\/p>\n<p>19. OK!&#039;ye Hokkaido&#039;dan iki grup kat\u0131lacak. Shimokawa Kasabas\u0131 End\u00fcstriyel Canland\u0131rma Destek \u00d6rg\u00fct\u00fc (Kasaba Tan\u0131t\u0131m Departman\u0131), Nippon B\u00fcy\u00fck \u00d6d\u00fcl\u00fc&#039;n\u00fc ve 18. All Right! &quot;Noboru Terauchi &amp; Ikuko&quot; Nippon Grand Prize Ya\u015fam Tarz\u0131 \u00d6d\u00fcl\u00fc&#039;n\u00fc kazanarak kat\u0131ld\u0131.<\/p>\n<figure class=\"wp-caption aligncenter\"><a href=\"https:\/\/photos.google.com\/share\/AF1QipPXv05SheZFm7Qq7nb6Mej4DF7jeB24G8xnqVBTv8bsw5f_92j_uEmks41ciamH7g\/photo\/AF1QipPp0ZifG6dHyMJWXHxX5o5rzlmZ8o5P7CH-0OA?key=UXVfWmxWVmxIWFdURFF6SFNCTjNKS0NUR01oRWlR\" target=\"_blank\" rel=\"noopener\"><img decoding=\"async\" src=\"https:\/\/lh3.googleusercontent.com\/pw\/AIL4fc8gC-RVZQDblwxtz4q-r03oCNvDr3QgJfiiTcygVVv0IsyAn1GUGEsZAFHfADOnpR5vVAc0e0-3Mk7XuSl9h4evMlCL87i4tf4tPR7VClPXqrRzhfXl2nPK7NkOYqKfumVAm_2F1C60n199OfCsfB84=w2000-h1500-s-no?authuser=0\" width=\"2000\" height=\"1500\" alt=\"Shinagawa \u00d6n Binas\u0131\" class=\"size-full\" \/><\/a><figcaption class=\"wp-caption-text\">Shinagawa \u00d6n Binas\u0131<\/figcaption><\/figure>\n<h2>19 Tamam! Nippon B\u00fcy\u00fck \u00d6d\u00fcl T\u00f6reni - 17. ve 18. \u00d6d\u00fcl Kazananlar\u0131n Bulu\u015fmas\u0131<\/h2>\n<p>COVID-19 salg\u0131n\u0131n\u0131n etkisi nedeniyle 17. ve 18. \u00f6d\u00fcl t\u00f6renleri ger\u00e7ekle\u015ftirilememi\u015fti, bu nedenle bu y\u0131l \u00fcst \u00fcste \u00fc\u00e7\u00fcnc\u00fc kez d\u00fczenlenecek olan 19. \u00f6d\u00fcl t\u00f6reni, 17. ve 18. \u00f6d\u00fcl sahiplerinin bir araya gelece\u011fi bir t\u00f6renle ger\u00e7ekle\u015ftirilecek.<\/p>\n<figure class=\"wp-caption aligncenter\"><a href=\"https:\/\/photos.google.com\/share\/AF1QipPXv05SheZFm7Qq7nb6Mej4DF7jeB24G8xnqVBTv8bsw5f_92j_uEmks41ciamH7g\/photo\/AF1QipPS2U35P1QbCUqCbKA-shX97WkqLfFS-PYXzSU?key=UXVfWmxWVmxIWFdURFF6SFNCTjNKS0NUR01oRWlR\" target=\"_blank\" rel=\"noopener\"><img decoding=\"async\" src=\"https:\/\/lh3.googleusercontent.com\/pw\/AIL4fc9HOpsf-EPyH5VOtkEWkr-HkHkuNiAc081T4jxjLzy2tCjO-rIrfCW4oiWmhYhcFYscRBqyruO4lkt4D8AMm54hnvLa9CjJ3w-hcKQFNQZrNUYe4XuChLYwyWHGd7FFj4eDsuDf2x3Rv9YFxZWNz-UQ=w2000-h1500-s-no?authuser=0\" width=\"2000\" height=\"1500\" alt=\"Da\u011f\u0131t\u0131lan materyaller\" class=\"size-full\" \/><\/a><figcaption class=\"wp-caption-text\">Da\u011f\u0131t\u0131lan materyaller<\/figcaption><\/figure>\n<h3>Elbette! Nippon B\u00fcy\u00fck \u00d6d\u00fcl\u00fc nedir?<\/h3>\n<p>&quot;All Right! Nippon B\u00fcy\u00fck \u00d6d\u00fcl\u00fc&quot;, \u015fehirler ve k\u0131rsal alanlar aras\u0131nda insan, mal ve bilgi ak\u0131\u015f\u0131n\u0131 te\u015fvik etmek ve Japonya genelinde &quot;All Right&quot; canl\u0131l\u0131\u011f\u0131n\u0131 yayg\u0131nla\u015ft\u0131rmak amac\u0131yla 2003 y\u0131l\u0131nda kuruldu.<\/p>\n<p>Bu \u00f6d\u00fcl, \u015fehirler ve k\u0131rsal alanlar aras\u0131ndaki de\u011fi\u015fime ili\u015fkin faaliyetlerde bulunan ve bu alanlar aras\u0131ndaki de\u011fi\u015fimin geni\u015fletilmesine ve canland\u0131r\u0131lmas\u0131na katk\u0131da bulunan kurulu\u015flar\u0131 ve ki\u015fileri, ayr\u0131ca hem \u015fehirlerin hem de k\u0131rsal alanlar\u0131n ya\u015fam tarzlar\u0131ndan ve k\u00fclt\u00fcrlerinden ho\u015flanan bir ya\u015fam tarz\u0131 benimseyen ki\u015fileri takdir etmektedir.<\/p>\n<p>K\u0131rsal kesimde benimsenen yeni ya\u015fam tarzlar\u0131n\u0131 tan\u0131tmay\u0131 ama\u00e7layan \u00f6d\u00fcl t\u00f6reninin 19. y\u0131l\u0131 kutlan\u0131yor.<\/p>\n<p>\u00d6d\u00fcller \u00fc\u00e7 kategoride verilecek: &quot;Tamam! Nippon B\u00fcy\u00fck \u00d6d\u00fcl\u00fc - Ba\u015fbakan \u00d6d\u00fcl\u00fc&quot;, &quot;Tamam! Nippon B\u00fcy\u00fck \u00d6d\u00fcl\u00fc - Ba\u015fkan \u00d6d\u00fcl\u00fc&quot; ve &quot;Tamam! Nippon Ya\u015fam Tarz\u0131 \u00d6d\u00fcl\u00fc.&quot;<\/p>\n<h3>Organizat\u00f6r<\/h3>\n<ul>\n<li><strong>Organizat\u00f6r:<\/strong>Elbette! Nippon Konferans\u0131 (Kentler ve K\u0131rsal Alanlar Aras\u0131nda Birlikte Ya\u015famay\u0131 ve Etkile\u015fimi Geli\u015ftirme Konferans\u0131)<\/li>\n<li><strong>Sponsor:<\/strong>Genel Incorporated Foundation Kentsel-K\u0131rsal De\u011fi\u015fim Etkinle\u015ftirme \u00d6rg\u00fct\u00fc<\/li>\n<li><strong>Sponsor:<\/strong>Tar\u0131m, Ormanc\u0131l\u0131k ve Bal\u0131k\u00e7\u0131l\u0131k Bakanl\u0131\u011f\u0131, \u0130\u00e7i\u015fleri ve \u0130leti\u015fim Bakanl\u0131\u011f\u0131, E\u011fitim, K\u00fclt\u00fcr, Spor, Bilim ve Teknoloji Bakanl\u0131\u011f\u0131, Sa\u011fl\u0131k, \u00c7al\u0131\u015fma ve Refah Bakanl\u0131\u011f\u0131, Ekonomi, Ticaret ve Sanayi Bakanl\u0131\u011f\u0131, Toprak, Altyap\u0131, Ula\u015ft\u0131rma ve Turizm Bakanl\u0131\u011f\u0131, \u00c7evre Bakanl\u0131\u011f\u0131, Ulusal Valiler Birli\u011fi, Ulusal Belediye Ba\u015fkanlar\u0131 Birli\u011fi, Ulusal Kasaba ve K\u00f6yler Birli\u011fi, Japonya \u0130\u015f Federasyonu<\/li>\n<\/ul>\n<h3>Elbette! Nippon Konferans\u0131<\/h3>\n<ul>\n<li><strong>Temsilci:<\/strong>Takeshi Yoro (Emekli Profes\u00f6r, Tokyo \u00dcniversitesi)<\/li>\n<li><strong>Temsilci yard\u0131mc\u0131s\u0131:<\/strong>Yoshinori Yasuda (Emekli Profes\u00f6r, Uluslararas\u0131 Japon Ara\u015ft\u0131rmalar\u0131 Ara\u015ft\u0131rma Merkezi)<\/li>\n<li><strong>Temsilci yard\u0131mc\u0131s\u0131:<\/strong>Keiko Hirano (Hikaye Anlat\u0131c\u0131s\u0131, Osaka Sanat \u00dcniversitesi Yay\u0131nc\u0131l\u0131k B\u00f6l\u00fcm\u00fc Profes\u00f6r\u00fc) <\/li>\n<li><strong>Y\u00f6nlendirme Komitesi Ba\u015fkan\u0131:<\/strong>Ieharu Kaneko (Top Tour Co., Ltd. Y\u00f6netim Kurulu Eski Ba\u015fkan\u0131)<\/li>\n<\/ul>\n<h3>Moderat\u00f6r: Aki Morioka (Kentsel-K\u0131rsal De\u011fi\u015fim Canland\u0131rma Genel Kurulu\u015f Vakf\u0131)<\/h3>\n<figure class=\"wp-caption aligncenter\"><a href=\"https:\/\/photos.google.com\/share\/AF1QipPXv05SheZFm7Qq7nb6Mej4DF7jeB24G8xnqVBTv8bsw5f_92j_uEmks41ciamH7g\/photo\/AF1QipNVdPfbYtEdmVpbcAD0wQ2MeEo6dRhukozJda8?key=UXVfWmxWVmxIWFdURFF6SFNCTjNKS0NUR01oRWlR\" target=\"_blank\" rel=\"noopener\"><img decoding=\"async\" src=\"https:\/\/lh3.googleusercontent.com\/pw\/AIL4fc-DC1MeX0hCBUIkh-WzT0k-7lx4rz_-tYgvDgbEcvI5IB-nVPxkArAE3mu11SoRrLSq8hWzesqh2J7BkJ3L164CYv9kjjlcBJbNbYHKwaZBF2jb0JLwatWkluZWrul8zSGqWKRHwptkMfAVWppTQNNt=w2000-h1500-s-no?authuser=0\" width=\"2000\" height=\"1500\" alt=\"Soldan sa\u011fa: Tar\u0131m, Ormanc\u0131l\u0131k ve Bal\u0131k\u00e7\u0131l\u0131k Bakanl\u0131\u011f\u0131 Bay Yoshihito Kageyama ve Temsilci Bay Takeshi Yoro\" class=\"size-full\" \/><\/a><figcaption class=\"wp-caption-text\">\u00d6nde soldan sa\u011fa: MC Aki Morioka, Tar\u0131m, Ormanc\u0131l\u0131k ve Bal\u0131k\u00e7\u0131l\u0131k Bakanl\u0131\u011f\u0131&#039;ndan Yoshito Kageyama, temsilci Takeshi Yoro<\/figcaption><\/figure>\n<h3>Sekreterya Bay Yasuji Yoshioka&#039;n\u0131n genel a\u00e7\u0131klamas\u0131<\/h3>\n<p>Toplant\u0131 \u00f6ncesinde sekretaryadan Yasuji Yoshioka, etkinli\u011fin genel olarak nas\u0131l ilerleyece\u011fi konusunda a\u00e7\u0131klama yapt\u0131. Sekreterya&#039;n\u0131n &quot;toplant\u0131&quot; i\u00e7in haz\u0131rlad\u0131\u011f\u0131 ilerleme senaryosu m\u00fckemmeldi ve Bay Yoshioka&#039;n\u0131n anla\u015f\u0131l\u0131r a\u00e7\u0131klamalar\u0131 takip etmeyi kolayla\u015ft\u0131rd\u0131. Te\u015fekk\u00fcrler.<\/p>\n<figure class=\"wp-caption aligncenter\"><a href=\"https:\/\/photos.google.com\/share\/AF1QipPXv05SheZFm7Qq7nb6Mej4DF7jeB24G8xnqVBTv8bsw5f_92j_uEmks41ciamH7g\/photo\/AF1QipNNVcpp1Y7jgCmBGeIs6r8zomZXYF-ztjeg1fk?key=UXVfWmxWVmxIWFdURFF6SFNCTjNKS0NUR01oRWlR\" target=\"_blank\" rel=\"noopener\"><img decoding=\"async\" src=\"https:\/\/lh3.googleusercontent.com\/pw\/AIL4fc9UaK5oXNPHZvpQ6c3Z2B_l822FwgOFgzgvrSEvlrNj7xCWvW_O1hoqcGFvHELHEz_VxS82U6Cbwgxt_7ea_c3jtcz5Ix0KF7amlCt48VxtmAO0QFRS5gQbK3CixHhS3CMlRA5h3z-WW2o5uMZhV4lB=w2000-h1500-s-no?authuser=0\" width=\"2000\" height=\"1500\" alt=\"Sekreterya Bay Yasuji Yoshioka&#039;n\u0131n genel a\u00e7\u0131klamas\u0131\" class=\"size-full\" \/><\/a><figcaption class=\"wp-caption-text\">Sekreterya Bay Yasuji Yoshioka&#039;n\u0131n genel a\u00e7\u0131klamas\u0131<\/figcaption><\/figure>\n<h3>Kat\u0131l\u0131mc\u0131lar<\/h3>\n<p>Yar\u0131\u015fmaya \u00fclkenin d\u00f6rt bir yan\u0131ndan yakla\u015f\u0131k 35 \u00f6d\u00fcl sahibi ve e\u015fleri kat\u0131ld\u0131.<\/p>\n<figure class=\"wp-caption aligncenter\"><a href=\"https:\/\/photos.google.com\/share\/AF1QipPXv05SheZFm7Qq7nb6Mej4DF7jeB24G8xnqVBTv8bsw5f_92j_uEmks41ciamH7g\/photo\/AF1QipOueKYCbsm2dbtmgh7jR1MS9Cjf2qq71LfE3mA?key=UXVfWmxWVmxIWFdURFF6SFNCTjNKS0NUR01oRWlR\" target=\"_blank\" rel=\"noopener\"><img decoding=\"async\" src=\"https:\/\/lh3.googleusercontent.com\/pw\/AIL4fc8KNpeo8ufCOSeXtvRQ4cG6F0UDpg4z2PvX2_kb8Rp6o013KRJz9iXuChmkOa4IAdJbXozkxyzT35rul7eqFt1l4dJDvPG4UvqGi9t1VvMzJVJsJXRRh3NHBZQC3LMadZ30I86abTaU-ncOaDk7TbQq=w2000-h1500-s-no?authuser=0\" width=\"2000\" height=\"1500\" alt=\"\u00d6d\u00fcl kazananlar\" class=\"size-full\" \/><\/a><figcaption class=\"wp-caption-text\">\u00d6d\u00fcl kazananlar<\/figcaption><\/figure>\n<h2>B\u00f6l\u00fcm 1<\/h2>\n<h3>A\u00e7\u0131l\u0131\u015f konu\u015fmas\u0131: Takeshi Yoroi (All Right! Nippon Konferans\u0131 Temsilcisi)<\/h3>\n<figure class=\"wp-caption aligncenter\"><a href=\"https:\/\/photos.google.com\/share\/AF1QipPXv05SheZFm7Qq7nb6Mej4DF7jeB24G8xnqVBTv8bsw5f_92j_uEmks41ciamH7g\/photo\/AF1QipOcshyBKjculaNCI5cazc9e6-wTycFYqmrbv5w?key=UXVfWmxWVmxIWFdURFF6SFNCTjNKS0NUR01oRWlR\" target=\"_blank\" rel=\"noopener\"><img decoding=\"async\" src=\"https:\/\/lh3.googleusercontent.com\/pw\/AIL4fc828VvRaNZ9eBWpE_aX6QqPGlVF1IK2KNDc-O3N6iHFMtcEQuTaBmLdVMB63xWU2eFHG1doDdEBhsrbHFycsjtCOrAveXvDzIQqC1-g0c4RZv6ha3BlO_1Gter4OMVtBiC4ehQQ1uWF9GIZdKdB8ZOv=w2000-h1500-s-no?authuser=0\" width=\"2000\" height=\"1500\" alt=\"Takeshi Yoroi (All Right! Nippon Konferans\u0131 Temsilcisi)\" class=\"size-full\" \/><\/a><figcaption class=\"wp-caption-text\">Takeshi Yoroi (All Right! Nippon Konferans\u0131 Temsilcisi)<\/figcaption><\/figure>\n<p>&quot;Yo\u011fun programlar\u0131n\u0131zdan vakit ay\u0131r\u0131p All-Round Nippon \u00f6d\u00fcl t\u00f6renine kat\u0131ld\u0131\u011f\u0131n\u0131z i\u00e7in \u00e7ok te\u015fekk\u00fcr ederim. T\u00fcm B\u00fcy\u00fck \u00d6d\u00fcl kazananlar\u0131 ve \u00f6d\u00fcl t\u00f6reninizde eme\u011fi ge\u00e7en herkesi y\u00fcrekten kutluyorum.<\/p>\n<p>Elbette! Nippon&#039;un amac\u0131 kentsel ve k\u0131rsal ya\u015fam aras\u0131ndaki etkile\u015fimi te\u015fvik etmektir. K\u0131rsalda ya\u015faman\u0131z\u0131 ve do\u011fayla i\u00e7 i\u00e7e olman\u0131z\u0131 tavsiye ederim.<\/p>\n<p>\u015eehirliler do\u011fayla y\u00fcz y\u00fcze gelerek duyular\u0131n\u0131 yeniden kazanabilirler. Sonu\u00e7 olarak, bunun bize daha iyi, daha mutlu bir ya\u015fam bi\u00e7imi yaratmada yard\u0131mc\u0131 olaca\u011f\u0131n\u0131 d\u00fc\u015f\u00fcn\u00fcyorum. Terk edilmi\u015f bir evi kiralay\u0131p ya\u015famak, ya da bir \u00e7iftlikte veya da\u011fda yard\u0131m etmek ho\u015f olurdu diye d\u00fc\u015f\u00fcn\u00fcyorum.<\/p>\n<p>Hayvanlar\u0131n do\u011fal olarak kokular\u0131 ay\u0131rt etme yetene\u011fi vard\u0131r. B\u00fcy\u00fcd\u00fck\u00e7e bu duyguyu kaybederiz ama pratikle geri kazanabiliriz. Ayn\u0131 \u015fey k\u0131rsal ya\u015fam i\u00e7in de ge\u00e7erlidir.<\/p>\n<p>Bir kez daha \u00f6d\u00fcl alan t\u00fcm arkada\u015flar\u0131m\u0131z\u0131 en i\u00e7ten dileklerimle kutluyor, sayg\u0131lar\u0131m\u0131 sunuyorum.<br \/>\nA\u00e7\u0131l\u0131\u015f konu\u015fmam\u0131, bug\u00fcn burada toplanan hepinize ba\u015far\u0131lar\u0131n\u0131z\u0131n devam\u0131n\u0131 ve sa\u011fl\u0131k dileklerimi sunarak tamamlamak istiyorum.&quot;<\/p>\n<h3>Konuk konu\u015fma: Yoshito Kageyama (Tar\u0131m, Ormanc\u0131l\u0131k ve Bal\u0131k\u00e7\u0131l\u0131k Bakanl\u0131\u011f\u0131, K\u0131rsal Politika Departman\u0131, K\u0131rsal Kalk\u0131nma B\u00fcrosu, Kentsel-K\u0131rsal De\u011fi\u015fim B\u00f6l\u00fcm\u00fc M\u00fcd\u00fcr\u00fc)<\/h3>\n<figure class=\"wp-caption aligncenter\"><a href=\"https:\/\/photos.google.com\/share\/AF1QipPXv05SheZFm7Qq7nb6Mej4DF7jeB24G8xnqVBTv8bsw5f_92j_uEmks41ciamH7g\/photo\/AF1QipNsYLy4TwtRmFO-_DJGXXv63wgA3ansIDQYxY0?key=UXVfWmxWVmxIWFdURFF6SFNCTjNKS0NUR01oRWlR\" target=\"_blank\" rel=\"noopener\"><img decoding=\"async\" src=\"https:\/\/lh3.googleusercontent.com\/pw\/AIL4fc_g6DdOf998IYnOZOClvXIzIYWfYOgVrmNG11E1gu2ol0YQ710WBkHgv2SdEk4SeUTa94VL88pygxFeKbCFgMvtSw7Y6vbCPV6qqDZaXPRChommM3Z74W4oMXc2lvuLZOjgrU9AJqys3xpymFlYTFj3=w2000-h1500-s-no?authuser=0\" width=\"2000\" height=\"1500\" alt=\"Bay Yoshito Kageyama (Kentsel-K\u0131rsal De\u011fi\u015fim B\u00f6l\u00fcm\u00fc M\u00fcd\u00fcr\u00fc, K\u0131rsal Politika Departman\u0131, K\u0131rsal Kalk\u0131nma B\u00fcrosu, Tar\u0131m, Ormanc\u0131l\u0131k ve Bal\u0131k\u00e7\u0131l\u0131k Bakanl\u0131\u011f\u0131)\" class=\"size-full\" \/><\/a><figcaption class=\"wp-caption-text\">Bay Yoshito Kageyama (Kentsel-K\u0131rsal De\u011fi\u015fim B\u00f6l\u00fcm\u00fc M\u00fcd\u00fcr\u00fc, K\u0131rsal Politika Departman\u0131, K\u0131rsal Kalk\u0131nma B\u00fcrosu, Tar\u0131m, Ormanc\u0131l\u0131k ve Bal\u0131k\u00e7\u0131l\u0131k Bakanl\u0131\u011f\u0131)<\/figcaption><\/figure>\n<p>&quot;K\u0131rsal kesimdeki mevcut durum, ya\u015flanma ve n\u00fcfus azalmas\u0131 nedeniyle canl\u0131l\u0131\u011f\u0131n\u0131 yitirdi\u011fi y\u00f6n\u00fcndedir.<\/p>\n<h4>Bilgelik, yarat\u0131c\u0131l\u0131k ve umutla zengin ve canl\u0131 k\u0131rsal alanlar yaratmak<\/h4>\n<p>Yoksul \u00e7ift\u00e7ilik, da\u011f ve bal\u0131k\u00e7\u0131 k\u00f6ylerini desteklemek i\u00e7in \u015fehirlerle de\u011fi\u015fimin gerekli olup olmad\u0131\u011f\u0131 soruldu\u011funda, bunun kesinlikle gerekli olmad\u0131\u011f\u0131n\u0131 s\u00f6ylerdim. Acaba k\u0131rsal alanlar\u0131n t\u00fckendi\u011fini s\u00f6ylemek ger\u00e7ekten do\u011fru mu?<\/p>\n<p>Her k\u0131rsal alana bakt\u0131\u011f\u0131m\u0131zda, bilgeli\u011fin, yarat\u0131c\u0131l\u0131\u011f\u0131n ve umudun zengin ve canl\u0131 k\u0131rsal alanlar yaratmak i\u00e7in nas\u0131l kullan\u0131ld\u0131\u011f\u0131na dair bir\u00e7ok \u00f6rnek buluyoruz. Burada bulunanlar\u0131n\u0131z\u0131n hepsinin asl\u0131nda bu k\u0131rsal kesimin temsilcileri oldu\u011funa inan\u0131yorum.<\/p>\n<p>Eminim ki hepiniz engelleri a\u015fmak i\u00e7in pek \u00e7ok zorluktan ge\u00e7tiniz, aksilikler ya\u015fad\u0131n\u0131z. Ayn\u0131 zamanda \u00e7ok fazla sevin\u00e7, ba\u015far\u0131 duygusu ve kar\u015f\u0131l\u0131kl\u0131 anlay\u0131\u015f ya\u015fad\u0131klar\u0131na inan\u0131yorum.<\/p>\n<p>Bu \u00f6d\u00fcl t\u00f6reninin temel amac\u0131n\u0131n, sizlerin emeklerini incelemek, m\u00fccadelelerinizi ve sevin\u00e7lerinizi payla\u015fmak, bunlar\u0131 di\u011fer b\u00f6lgelerle payla\u015fmak, ayn\u0131 zamanda sizlere yeni yollar a\u00e7man\u0131z i\u00e7in umut ve g\u00fc\u00e7 vermek oldu\u011funa inan\u0131yorum.<\/p>\n<h4>Kentsel, k\u0131rsal ve bal\u0131k\u00e7\u0131 k\u00f6yleri kar\u015f\u0131l\u0131kl\u0131 destek ruhuyla birbirlerini destekliyorlar<\/h4>\n<p>Bu t\u00fcr k\u0131rsal alanlar \u015fehirleri destekleyebilir. Birbirimize destek ruhuyla yakla\u015f\u0131rsak, birbirimizin eksiklerini giderebiliriz. &quot;Kentsel tar\u0131m, da\u011f ve bal\u0131k\u00e7\u0131 k\u00f6yleri&quot; denildi\u011finde kastedilenin bu oldu\u011funu d\u00fc\u015f\u00fcn\u00fcyorum.<\/p>\n<p>\u00c7al\u0131\u015ft\u0131\u011f\u0131m Kentsel-K\u0131rsal De\u011fi\u015fim B\u00f6l\u00fcm\u00fc, harika yerel giri\u015fimlerden ders \u00e7\u0131kar\u0131yor ve \u00fclke \u00e7ap\u0131ndaki k\u0131rsal \u00e7ift\u00e7ilik, da\u011f ve bal\u0131k\u00e7\u0131 k\u00f6ylerinin en zorlu ortamlar\u0131nda bile kullan\u0131labilecek destek ara\u00e7lar\u0131 ve s\u00fcbvansiyon programlar\u0131 ar\u0131yor ve uyguluyor.<\/p>\n<p>\u015eu anda sorumlu oldu\u011fum proje i\u00e7in ek fonlama ba\u015fvurular\u0131n\u0131 kabul ediyoruz: \u00e7iftlik konaklamalar\u0131, tar\u0131msal refah i\u015fbirli\u011fi ve eylem plan\u0131 olu\u015fturma. Bu etkinli\u011fe kat\u0131lanlar\u0131n\u0131z\u0131n bir k\u0131sm\u0131 daha \u00f6nce tan\u0131\u015ft\u0131\u011f\u0131m ki\u015filer olabilir.<\/p>\n<h4>Discover Village Treasures&#039;a ba\u015fvurun<\/h4>\n<p>\u015eu anda &quot;K\u0131rsal Alanlar\u0131n Hazinelerini Ke\u015ffet&quot; adl\u0131 bir se\u00e7me projesi y\u00fcr\u00fct\u00fcyoruz, bu y\u00fczden &quot;Tamam! &quot;Nippon&quot; taraf\u0131ndan se\u00e7ilmi\u015f olsan\u0131z bile, A\u011fustos sonuna kadar ba\u015fvurular\u0131 kabul edece\u011fiz, bu y\u00fczden ba\u015fvurmay\u0131 d\u00fc\u015f\u00fcn\u00fcrseniz \u00e7ok seviniriz.<\/p>\n<p>\u00dclke genelindeki k\u0131rsal \u00e7ift\u00e7ilik, da\u011f ve bal\u0131k\u00e7\u0131 k\u00f6ylerinin yan\u0131 s\u0131ra sizin \u00e7abalar\u0131n\u0131z\u0131 da y\u00fcrekten destekliyoruz. Modern \u00e7a\u011f\u0131m\u0131z\u0131n \u00f6nc\u00fcs\u00fc olan k\u0131rsal kesimlerden \u015fehirlere kadar t\u00fcm \u00fclkemizi canland\u0131rman\u0131n bizim g\u00f6revimiz oldu\u011funu a\u00e7\u0131k\u00e7a ifade ederek, Tar\u0131m, Orman ve Bal\u0131k\u00e7\u0131l\u0131k Bakanl\u0131\u011f\u0131 Kentsel-K\u0131rsal De\u011fi\u015fim Dairesi Ba\u015fkanl\u0131\u011f\u0131 ad\u0131na selamlar\u0131m\u0131 iletiyorum. Tekrar herkesi tebrik ediyorum.&quot;<\/p>\n<h3>\u00d6d\u00fcl t\u00f6reni<\/h3>\n<h4>Elbette! Nippon B\u00fcy\u00fck \u00d6d\u00fcl\u00fc B\u00fcy\u00fck \u00d6d\u00fcl ve Ba\u015fbakanl\u0131k \u00d6d\u00fcl\u00fc: NPO Greenwood Do\u011fa Deneyimi E\u011fitim Merkezi (Taifu K\u00f6y\u00fc, Nagano Eyaleti)<\/h4>\n<figure class=\"wp-caption aligncenter\"><a href=\"https:\/\/photos.google.com\/share\/AF1QipPXv05SheZFm7Qq7nb6Mej4DF7jeB24G8xnqVBTv8bsw5f_92j_uEmks41ciamH7g\/photo\/AF1QipOlFtdTmAHq-aEjPSzmG5RsaLvMdkefp_wu00Q?key=UXVfWmxWVmxIWFdURFF6SFNCTjNKS0NUR01oRWlR\" target=\"_blank\" rel=\"noopener\"><img decoding=\"async\" src=\"https:\/\/lh3.googleusercontent.com\/pw\/AIL4fc_6V7rGx5BIeOYJqsYL7rC32lcSscs0YBJXKq49qkYJcNAEVcpVI_Hz6T27MQAl7y9YrHz2xyRORC6LynjjQaJUZ4cD6IdCThLrG_acwS2-py6TUhEyxVpiUWHJWN-KtDFgYzCdiQlg4a0Zi5DDxg1X=w2000-h1500-s-no?authuser=0\" width=\"2000\" height=\"1500\" alt=\"Elbette! Nippon B\u00fcy\u00fck \u00d6d\u00fcl\u00fc B\u00fcy\u00fck \u00d6d\u00fcl Ba\u015fbakanl\u0131k \u00d6d\u00fcl\u00fc: NPO Greenwood Do\u011fa Deneyimi E\u011fitim Merkezi (Taifu K\u00f6y\u00fc, Nagano Eyaleti)\" class=\"size-full\" \/><\/a><figcaption class=\"wp-caption-text\">Elbette! Nippon B\u00fcy\u00fck \u00d6d\u00fcl\u00fc Grand Prix Ba\u015fbakanl\u0131k \u00d6d\u00fcl\u00fc:<br \/>\nGreenwood Do\u011fa Deneyimi E\u011fitim Merkezi (NPO) (Taifu K\u00f6y\u00fc, Nagano Eyaleti)<\/figcaption><\/figure>\n<h4>19 Tamam! Nippon B\u00fcy\u00fck \u00d6d\u00fcl Kazananlar\u0131<\/h4>\n<figure class=\"wp-caption aligncenter\"><a href=\"https:\/\/photos.google.com\/share\/AF1QipPXv05SheZFm7Qq7nb6Mej4DF7jeB24G8xnqVBTv8bsw5f_92j_uEmks41ciamH7g\/photo\/AF1QipP-Bd5IR24EzqCi3q7suQjaMylH04by8_0lsNM?key=UXVfWmxWVmxIWFdURFF6SFNCTjNKS0NUR01oRWlR\" target=\"_blank\" rel=\"noopener\"><img decoding=\"async\" src=\"https:\/\/lh3.googleusercontent.com\/pw\/AIL4fc_rMcbzmfoe7CZQHyx518et-FvTefMvACaON0mhOt-svVqWnJX260fAL0ZtYdn5Mu8fOSCCSWOV2ixWg8fGsZIdK71cwycjRHiBTWZCKLL9_dc9TffIo4GfKnY_XrYP7dW5x9VGjCFSDLXz0i2qg06b=w2000-h1500-s-no?authuser=0\" width=\"2000\" height=\"1500\" alt=\"19 Tamam! Nippon B\u00fcy\u00fck \u00d6d\u00fcl Kazananlar\u0131\" class=\"size-full\" \/><\/a><figcaption class=\"wp-caption-text\">19 Tamam! Nippon B\u00fcy\u00fck \u00d6d\u00fcl Kazananlar\u0131<\/figcaption><\/figure>\n<h3>Anma foto\u011fraf\u0131: 19 (12 ki\u015fi), 18 (12 ki\u015fi), 17 (11 ki\u015fi)<\/h3>\n<figure class=\"wp-caption aligncenter\"><a href=\"https:\/\/photos.google.com\/share\/AF1QipPXv05SheZFm7Qq7nb6Mej4DF7jeB24G8xnqVBTv8bsw5f_92j_uEmks41ciamH7g\/photo\/AF1QipNXdRQwWT7UmS2CmmU87Tc47Qv7A1l26h6_-VM?key=UXVfWmxWVmxIWFdURFF6SFNCTjNKS0NUR01oRWlR\" target=\"_blank\" rel=\"noopener\"><img decoding=\"async\" src=\"https:\/\/lh3.googleusercontent.com\/pw\/AIL4fc_wcTFLE6QdXuf34ohJtFqFHHn5g6zx89MPwkhOdg2jCA9lmNVdCANxZmSRC_Hj5ASr9OXwU0IaBw0pGCqzdxePD2BGPzmb3fUlHZNMJeLY8jXMhD1huL909G3Nkp-NdPPieFCN3R0bgAKlpsz-rEZT=w2000-h1331-s-no?authuser=0\" width=\"2000\" height=\"1500\" alt=\"Anma foto\u011fraf\u0131 (Foto\u011fraf All Right! Nippon Kaigi taraf\u0131ndan sa\u011flanm\u0131\u015ft\u0131r)\" class=\"size-full\" \/><\/a><figcaption class=\"wp-caption-text\">17-19. oturumlar: T\u00fcm kat\u0131l\u0131mc\u0131lar\u0131n hat\u0131ra foto\u011fraf\u0131 (Foto\u011fraflar All Right! Nippon Kaigi taraf\u0131ndan sa\u011flanm\u0131\u015ft\u0131r)<\/figcaption><\/figure>\n<figure class=\"wp-caption aligncenter\"><a href=\"https:\/\/photos.google.com\/share\/AF1QipPXv05SheZFm7Qq7nb6Mej4DF7jeB24G8xnqVBTv8bsw5f_92j_uEmks41ciamH7g\/photo\/AF1QipOjGSuggH35iC5VCv-R1qeKIKtxx2jzj-r2zZ8?key=UXVfWmxWVmxIWFdURFF6SFNCTjNKS0NUR01oRWlR\" target=\"_blank\" rel=\"noopener\"><img decoding=\"async\" src=\"https:\/\/lh3.googleusercontent.com\/pw\/AIL4fc_XYJbKGA8kUgENamIGFIGRBt8aLunTwtpiCHvG3B-9Agx8EjG1HopmhNz7wCQSLnczaVJ-kIX05zg0apBQXxNiJtO0anlMI0UZli1dYgovrcBGiBmWeJvqDpkW5SJ_jyvmOz6SvgU15adn5R8IT6Mt=w1970-h1311-s-no?authuser=0\" width=\"2000\" height=\"1500\" alt=\"19. \u00f6d\u00fcl t\u00f6reninin anma foto\u011fraf\u0131 (Foto\u011fraf All Right! Nippon Kaigi taraf\u0131ndan sa\u011flanm\u0131\u015ft\u0131r)\" class=\"size-full\" \/><\/a><figcaption class=\"wp-caption-text\">19. \u00f6d\u00fcl t\u00f6reninin anma foto\u011fraf\u0131 (Foto\u011fraf All Right! Nippon Kaigi taraf\u0131ndan sa\u011flanm\u0131\u015ft\u0131r)<\/figcaption><\/figure>\n<figure class=\"wp-caption aligncenter\"><a href=\"\/\/photos.google.com\/share\/AF1QipPXv05SheZFm7Qq7nb6Mej4DF7jeB24G8xnqVBTv8bsw5f_92j_uEmks41ciamH7g\/photo\/AF1QipPmUA1A6vfuA2ya5OJX6QYAvXFII6SJn9blP8E?key=UXVfWmxWVmxIWFdURFF6SFNCTjNKS0NUR01oRWlR\" target=\"_blank\" rel=\"noopener\"><img decoding=\"async\" src=\"https:\/\/lh3.googleusercontent.com\/pw\/AIL4fc_SyDaGkJIYfZBp6jdy0SUTEYZ9lEGNMbyJuQ9MO0lmGn1ZYr28QTVnAFIIXwUzQ0O1qnXF9b4jc4V5tcuRXfMYVM_ZEVP79nrp0QHo_dOxrtFudQvWPWR2j5UwOXLPaJjpRkPAeVmbIXDvieGch0PV=w1995-h1328-s-no?authuser=0\" width=\"2000\" height=\"1500\" alt=\"Anma foto\u011fraf\u0131 (18. \u00f6d\u00fcl t\u00f6reni anma foto\u011fraf\u0131 All Right! Nippon Konferans\u0131 taraf\u0131ndan sa\u011flanm\u0131\u015ft\u0131r)\" class=\"size-full\" \/><\/a><figcaption class=\"wp-caption-text\">18. \u00f6d\u00fcl t\u00f6reninin anma foto\u011fraf\u0131 (Foto\u011fraf All Right! Nippon Kaigi taraf\u0131ndan sa\u011flanm\u0131\u015ft\u0131r)<\/figcaption><\/figure>\n<figure class=\"wp-caption aligncenter\"><a href=\"https:\/\/photos.google.com\/share\/AF1QipPXv05SheZFm7Qq7nb6Mej4DF7jeB24G8xnqVBTv8bsw5f_92j_uEmks41ciamH7g\/photo\/AF1QipNYBzB-r94nhRFoxo-Bc5ZqAPWaiM60cNeqT0Y?key=UXVfWmxWVmxIWFdURFF6SFNCTjNKS0NUR01oRWlR\" target=\"_blank\" rel=\"noopener\"><img decoding=\"async\" src=\"https:\/\/lh3.googleusercontent.com\/pw\/AIL4fc9CgjYm0ZstetRKSe15dFsqK5yLmMRnkRfYyiJpSmtegKnXKxWaIY5fMWJrrY9vJvobNYgInaxxpRTLecQuWy4edo0fjhDfE2QqElnJG36XR8swWPWZqM5gqNA4LGRUNgw-dRHQ77Ubl9bK0MTh4632=w1996-h1328-s-no?authuser=0\" width=\"2000\" height=\"1500\" alt=\"17. \u00f6d\u00fcl t\u00f6reninin anma foto\u011fraf\u0131 (Foto\u011fraf All Right! Nippon Kaigi taraf\u0131ndan sa\u011flanm\u0131\u015ft\u0131r)\" class=\"size-full\" \/><\/a><figcaption class=\"wp-caption-text\">17. \u00f6d\u00fcl t\u00f6reninin anma foto\u011fraf\u0131 (Foto\u011fraf All Right! Nippon Kaigi taraf\u0131ndan sa\u011flanm\u0131\u015ft\u0131r)<\/figcaption><\/figure>\n<h3>Ana konu\u015fma: Takeshi Yoroi (All Right! Nippon Konferans\u0131 Temsilcisi)<\/h3>\n<p>1937&#039;de (Showa 12) Kanagawa Eyaletinin Kamakura kentinde do\u011fdu. Tokyo \u00dcniversitesi&#039;nde emekli profes\u00f6r olarak g\u00f6rev yapan yazar, 2003 y\u0131l\u0131nda 4,5 milyon kopya satan &quot;Aptallar Duvar\u0131&quot; adl\u0131 eseriyle Mainichi Yay\u0131nc\u0131l\u0131k K\u00fclt\u00fcr \u00d6d\u00fcl\u00fc&#039;n\u00fc kazand\u0131. Bu y\u0131l\u0131n \u015eubat ay\u0131nda yay\u0131nlanan &quot;\u015eeyleri Anlamak&quot; adl\u0131 son kitab\u0131 da dahil olmak \u00fczere bir\u00e7ok kitaba imza att\u0131.<\/p>\n<p>Kentler ile k\u0131rsal alanlar aras\u0131ndaki ili\u015fkiyi, insan\u0131n zihni ile bedeni aras\u0131ndaki ili\u015fkiye benzetiyor ve Japonya&#039;y\u0131 &quot;sa\u011fl\u0131kl\u0131 bir zihin ve beden durumuna&quot; getirmek i\u00e7in ikisi aras\u0131nda bir al\u0131\u015fveri\u015fin olmas\u0131 gerekti\u011fini s\u00f6yl\u00fcyor.<\/p>\n<figure class=\"wp-caption aligncenter\"><a href=\"https:\/\/photos.google.com\/share\/AF1QipPXv05SheZFm7Qq7nb6Mej4DF7jeB24G8xnqVBTv8bsw5f_92j_uEmks41ciamH7g\/photo\/AF1QipMl_gBGah6YRlEJPWkloOtmwOcAsf9Lr0BTdDU?key=UXVfWmxWVmxIWFdURFF6SFNCTjNKS0NUR01oRWlR\" target=\"_blank\" rel=\"noopener\"><img decoding=\"async\" src=\"https:\/\/lh3.googleusercontent.com\/pw\/AIL4fc-h8zkNKYwY9WaSqMcQQG5Lvy9wG7sXLYAQWGfAOTCKJ_0y6uCxezQWnxIxt1hl4V2ybYFkIi7_rgBCZlqz0jKdLK7JhEgd12qGoXBg8nrlPM_QPcmwnL9fz3qP5xWFvdX8yqBNEG1oEktZKGJ5Zm1X=w2000-h1500-s-no?authuser=0\" width=\"2000\" height=\"1500\" alt=\"Takeshi Yoroi (All Right! Nippon Konferans\u0131 Temsilcisi)\" class=\"size-full\" \/><\/a><figcaption class=\"wp-caption-text\">Takeshi Yoroi (All Right! Nippon Konferans\u0131 Temsilcisi)<\/figcaption><\/figure>\n<p>&quot;Kentler ve k\u0131rsal alanlar aras\u0131ndaki de\u011fi\u015fime ilk ilgim 20 y\u0131ldan fazla \u00f6nce ba\u015flad\u0131.<\/p>\n<h4>Geri d\u00f6n\u00fclecek bir yer yok<\/h4>\n<p>Gazetede Obon s\u0131ras\u0131nda geri d\u00f6necek yeri olmayan \u015fehir sakinleriyle ilgili bir yaz\u0131ya rastlad\u0131m ve ger\u00e7ekten ilgimi \u00e7ekti.<br \/>\nGen\u00e7li\u011fimde \u015fehre gelen bir\u00e7ok ki\u015fi, &quot;Olmazsa k\u00f6ye d\u00f6n\u00fcp \u00e7ift\u00e7i olurum&quot; derdi. D\u00f6nebilece\u011fim bir yerim vard\u0131 ama o da giderek yok oldu ve \u015fehirde ya\u015famak benim i\u00e7in normal hale geldi.<\/p>\n<h4>\u00c7ocuklar\u0131m\u0131 benim yeti\u015ftirildi\u011fim \u015fekilde yeti\u015ftirmiyorum<\/h4>\n<p>Beni rahats\u0131z eden bir di\u011fer konu ise \u00e7ocuk meselesi. \u015eehirde \u00e7ocuk b\u00fcy\u00fctmek normal de\u011fil.<\/p>\n<p>Meiji d\u00f6neminden bu yana Japon halk\u0131 kendini nas\u0131l e\u011fitiyor? Onlar\u0131n politikas\u0131 &quot;\u00e7ocuklar\u0131n\u0131, kendilerine \u00f6\u011fretildi\u011fi gibi yeti\u015ftirmemek&quot; olmu\u015ftur. Ebeveyn olarak bu zor bir \u015fey olabilir, \u00e7\u00fcnk\u00fc \u00e7ocu\u011funuzdan deneyiminizin olmad\u0131\u011f\u0131 bir \u015feyi yapmas\u0131n\u0131 istiyorsunuz.<\/p>\n<p>Ger\u00e7ekten bu do\u011fru mu? Bunu en g\u00fc\u00e7l\u00fc \u015fekilde hissetti\u011fim ki\u015fi Konosuke Matsushita&#039;yd\u0131.<\/p>\n<p>Gazetede maddi s\u0131k\u0131nt\u0131 i\u00e7indeki \u00f6\u011frencilere burs verilmesiyle ilgili bir haber okudu\u011fumda, &#039;Bunu neden yaps\u0131nlar ki?&#039; diye d\u00fc\u015f\u00fcnd\u00fcm. &quot;S\u00f6yledim.<\/p>\n<p>Konosuke Matsushita hen\u00fcz ilkokul mezunuydu ve ge\u00e7imini sa\u011flamak i\u00e7in \u00e7ok u\u011fra\u015ft\u0131 ama sonunda ba\u015far\u0131l\u0131 oldu. Ve gen\u00e7lere &quot;Benim ya\u015fad\u0131\u011f\u0131m gibi ya\u015fama&quot; denilen bir d\u00fcnya yaratt\u0131k.<\/p>\n<p>Bunun iyi mi k\u00f6t\u00fc m\u00fc oldu\u011funu ben yarg\u0131layamam.<\/p>\n<h4>Sadece \u015fimdi, sadece para, sadece ben<\/h4>\n<p>30 y\u0131l \u00f6nce ya\u015fad\u0131\u011f\u0131m unutulmaz bir deneyim, t\u0131p biliminin evrimi \u00fczerine bir ders verirken beni dinleyen bir \u00f6\u011frencinin &quot;Zaten ger\u00e7ekle\u015fmi\u015f bir evrimi incelemenin anlam\u0131 ne?&quot; diye sormas\u0131yd\u0131. &quot; ve nas\u0131l cevap verece\u011fimi bilemiyordum. O an, zaman\u0131n de\u011fi\u015fti\u011fini hissettim.<\/p>\n<p>&quot;Sadece \u015fimdi, sadece para, sadece ben&quot; denilen bir \u00e7a\u011fda ya\u015f\u0131yoruz. Tarihin yok oldu\u011fu, &quot;sadece \u015fimdi&quot; \u00e7a\u011f\u0131na h\u0131zla girdi\u011fimiz bir \u00e7a\u011fda ya\u015f\u0131yoruz.<\/p>\n<p>On y\u0131l sonra, ``Tamam! Japonya hareketlenmeye ba\u015flad\u0131.<\/p>\n<h4>Japon halk\u0131 bir b\u00fct\u00fcn olarak ne yapaca\u011f\u0131n\u0131 bilmiyor<\/h4>\n<p>G\u00fcncel e\u011filimler aras\u0131nda &quot;Gen\u00e7ler enerjik de\u011fil&quot; ve &quot;\u0130ntihar, \u00f6l\u00fcm\u00fcn \u00f6nde gelen nedeni&quot; yer al\u0131yor. Sa\u011fl\u0131kl\u0131 bir toplum olmad\u0131\u011f\u0131m\u0131z\u0131 d\u00fc\u015f\u00fcnd\u00fc\u011f\u00fcm\u00fcz i\u00e7in gen\u00e7lerin intihar etti\u011fi bir toplum haline geldik.<\/p>\n<p>Bunun ya\u015fanmas\u0131n\u0131n sebebi insanlar\u0131n ya\u015fam tarz\u0131ndaki sorunlar, \u00f6zellikle de ekonomik sorunlard\u0131r. Her g\u00fcn g\u00fcnl\u00fck hayat\u0131m\u0131z de\u011fi\u015fiyor.<\/p>\n<p>Bunun sebebi, \u00e7ocuklar\u0131n art\u0131k anne babalar\u0131 gibi bir hayat ya\u015fayamamalar\u0131 ve Japon halk\u0131n\u0131n bir b\u00fct\u00fcn olarak ne yapaca\u011f\u0131n\u0131 bilemez, belirsiz bir durumda olmalar\u0131d\u0131r ve bunun b\u00f6yle devam etti\u011fini d\u00fc\u015f\u00fcn\u00fcyorum.<\/p>\n<h4>N\u00fcfus azalmas\u0131 ve do\u011fum oranlar\u0131n\u0131n d\u00fc\u015fmesi olgusu d\u00fcnya genelinde yayg\u0131nla\u015f\u0131yor.<\/h4>\n<p>Benim ya\u015flar\u0131mda, Dave Goulson&#039;\u0131n (g\u00fcn\u00fcm\u00fczde Rachel Carson&#039;\u0131n uyar\u0131s\u0131) &quot;Sessiz D\u00fcnya: B\u00f6ceklerin Sessiz Bahar\u0131&quot; adl\u0131 kitab\u0131 ilgimi \u00e7ekiyordu.<\/p>\n<p>DDT&#039;nin (organoklorlu bir b\u00f6cek ilac\u0131 ve pestisit) tehlikelerini sorgulayan kitapta, b\u00f6ceklerin v\u0131z\u0131lt\u0131lar\u0131n\u0131n duyulamad\u0131\u011f\u0131 &quot;sessiz bahar&quot;a kar\u015f\u0131 bir uyar\u0131 oldu\u011fu s\u00f6yleniyor.<\/p>\n<p>Kitapta, &quot;1990&#039;lardan 2020&#039;lere kadar ge\u00e7en 30 y\u0131ll\u0131k s\u00fcrede d\u00fcnya genelinde b\u00f6cek say\u0131s\u0131n\u0131n yakla\u015f\u0131k oran\u0131nda azald\u0131\u011f\u0131&quot; belirtiliyor. Benim en \u00e7ok endi\u015felendi\u011fim konu bu.<\/p>\n<p>\u0130nsanlar ve b\u00f6cekler farkl\u0131 canl\u0131lar olmas\u0131na ra\u011fmen, n\u00fcfus e\u011filimlerine bakt\u0131\u011f\u0131m\u0131zda, n\u00fcfus azalmas\u0131 ve d\u00fc\u015f\u00fck do\u011fum oranlar\u0131 olgusunun d\u00fcnya genelinde yayg\u0131nla\u015ft\u0131\u011f\u0131n\u0131 g\u00f6rmekteyiz.<\/p>\n<p>Ge\u00e7en sene ve bu sene gitti\u011fim bir yer var. Niigata Eyaletindeki Sado Adas\u0131. Sado Adas\u0131&#039;nda \u00e7ift\u00e7iler, Japon tepeli aynaklar\u0131n\u0131 korumak i\u00e7in organik tar\u0131m yap\u0131yor. \u00d6nceki g\u00fcn ziyaret etti\u011fim Yamanashi B\u00f6lgesi&#039;nde art\u0131k da\u011flar\u0131n derinliklerine inmedi\u011finiz s\u00fcrece b\u00f6cek bulmak m\u00fcmk\u00fcn de\u011fil.<\/p>\n<h4>Nispeten k\u00fc\u00e7\u00fck gruplar, kendi kendine yeten ya\u015fam tarz\u0131<\/h4>\n<p>Modern d\u00fcnyan\u0131n gen\u00e7lerin ya\u015famas\u0131n\u0131 zorla\u015ft\u0131ran bir toplum yaratt\u0131\u011f\u0131n\u0131 d\u00fc\u015f\u00fcn\u00fcyorum. Art\u0131k gen\u00e7li\u011fimdeki kadar enerjik de\u011filim, dolay\u0131s\u0131yla toplumsal hareketlere kat\u0131lmak gibi bir iste\u011fim yok ama bu kadar yerle\u015fik hale gelmi\u015f b\u00fcy\u00fck bir toplumu de\u011fi\u015ftirmek de kolay de\u011fil.<\/p>\n<p>Bunun i\u00e7in ancak Allah&#039;a dua edebiliriz. Bu insanlar\u0131n yapt\u0131\u011f\u0131 bir \u015fey de\u011fil, do\u011fal bir afet. Bir sonraki Nankai Trough depreminin 2038 y\u0131l\u0131nda ger\u00e7ekle\u015fece\u011fi tahmin ediliyor.<\/p>\n<p>Ba\u015fkent b\u00f6lgesinde do\u011frudan bir deprem meydana gelseydi ve Tokyo&#039;nun ne kadar dayanabilece\u011fi konusunda \u00e7e\u015fitli sorunlar ortaya \u00e7\u0131ksayd\u0131, ya\u015fam tarz\u0131n\u0131zda k\u00f6kl\u00fc de\u011fi\u015fiklikler yapman\u0131z gerekecekti.<\/p>\n<p>\u00d6zellikle \u00e7ocuklar, k\u00f6kten de\u011fi\u015fen d\u00fcnyaya uyum sa\u011flamak zorunda kal\u0131yor. Sava\u015f, ben ilkokul birinci s\u0131n\u0131ftayken sona erdi. D\u00fcnyan\u0131n k\u00f6kten de\u011fi\u015fti\u011fi bir d\u00f6nemdeyiz.<\/p>\n<p>Gelecekte d\u00fcnyada en \u00e7ok de\u011fi\u015fecek \u015fey &quot;de\u011ferler&quot; olacak. Kentsel olmaktan \u00e7ok k\u0131rsal bir yap\u0131ya b\u00fcr\u00fcnece\u011fini d\u00fc\u015f\u00fcn\u00fcyorum.<\/p>\n<p>Bilgisayarlar kullan\u0131larak gelece\u011fin tahmin edilmesine y\u00f6nelik yap\u0131lan ara\u015ft\u0131rmalara g\u00f6re, toplumun az say\u0131da insandan olu\u015fan \u00e7ok say\u0131da k\u00fc\u00e7\u00fck yerle\u015fim biriminden olu\u015fan bir toplum haline gelece\u011fi \u00f6ng\u00f6r\u00fcl\u00fcyor.<\/p>\n<p>Birincisi lojistik duracak, g\u0131da fiyatlar\u0131 artacak, paran\u0131n de\u011feri d\u00fc\u015fecek. Kara gemilerin gelmesinden sonra Ansei Tokai depremi (1858) meydana geldi. Bu depremler ve di\u011fer do\u011fal afetler \u015fogunlukta ve siyasette de\u011fi\u015fikliklere yol a\u00e7t\u0131.<\/p>\n<p>G\u00fcn\u00fcm\u00fczde Japonya&#039;da \u00e7e\u015fitli do\u011fal afetler ya\u015fan\u0131yor ve bu durum bir\u00e7ok insan\u0131n hayatlar\u0131n\u0131 nas\u0131l ya\u015fayacaklar\u0131 konusunda d\u00fc\u015f\u00fcnmelerine neden oluyor. Her g\u00fcn ihtiya\u00e7 duydu\u011funuz \u015feylerin nereden geldi\u011fini ve nas\u0131l elde etti\u011finizi d\u00fc\u015f\u00fcn\u00fcn. B\u00f6yle durumlarda k\u00fc\u00e7\u00fck gruplar g\u0131da ve di\u011fer ihtiya\u00e7lar\u0131n\u0131 kar\u015f\u0131layabilirler, ancak b\u00fcy\u00fck \u015fehirlerde tamamen \u00e7aresiz kal\u0131rlar.<\/p>\n<p>Her do\u011fal afet ya\u015fand\u0131\u011f\u0131nda d\u00fcnya de\u011fi\u015fiyor. De\u011fi\u015fmeyen \u015fey g\u00fcnl\u00fck ya\u015fant\u0131m\u0131z ve rutinlerimizdir. G\u00fcnl\u00fck ihtiya\u00e7lar\u0131n g\u00fcvence alt\u0131na al\u0131nmas\u0131n\u0131n esas oldu\u011fu toplumlar, kendi kendine yeten bir ya\u015fam s\u00fcren nispeten k\u00fc\u00e7\u00fck gruplard\u0131r. Hayatta kalmak i\u00e7in mutlaka ihtiya\u00e7 duydu\u011funuz \u015feyler i\u00e7in tamamen ba\u015fkalar\u0131na g\u00fcvenmek \u00e7ok tehlikeli bir ya\u015fam bi\u00e7imidir. Bu art\u0131k norm haline geldi.<\/p>\n<h4>Gen\u00e7lerin mutlu ya\u015fayamama sorunu<\/h4>\n<p>N\u00fcfusun \u015fehirlerde yo\u011funla\u015fmas\u0131n\u0131n sebebi gen\u00e7lerin \u015fehirlere ilgi duymas\u0131d\u0131r. Eskiden \u015fehirlerin kalabal\u0131k insanlarla dolu oldu\u011funu d\u00fc\u015f\u00fcn\u00fcrd\u00fcm. \u015eehrin ortas\u0131ndan ilerledi\u011finizde hi\u00e7bir \u015feyin olmad\u0131\u011f\u0131n\u0131 g\u00f6receksiniz.<\/p>\n<p>\u0130nsanlar\u0131n bir araya gelmesi insanlar\u0131 cezbediyor. Modern toplum bunu etkin ve ekonomik bir \u015fekilde i\u015fletmeyi ba\u015farm\u0131\u015ft\u0131r. Bunu t\u00fcm D\u00fcnya i\u00e7in yapmaya kalkt\u0131\u011f\u0131m\u0131zda sorunlar ortaya \u00e7\u0131kt\u0131.<\/p>\n<p>Ben kafamda \u015funu yaparsam bu olacak, bunu yaparsam bu olacak diye d\u00fc\u015f\u00fcnerek sistemler kurup i\u015fletiyorum. Bu devasa sistemin yarat\u0131lmas\u0131 baz\u0131 a\u00e7\u0131lardan olumlu bir \u015fey olsa da, gen\u00e7lerin mutlu bir hayat ya\u015famas\u0131n\u0131 zorla\u015ft\u0131ran sorunlar da yaratt\u0131.<\/p>\n<h4>Hayat\u0131n\u0131zda cesur bir de\u011fi\u015fiklik yap\u0131n<\/h4>\n<p>Do\u011fum oranlar\u0131n\u0131n azalmas\u0131ndan ve n\u00fcfusun ya\u015flanmas\u0131ndan bahsediyoruz ama bunlar tamamen ayr\u0131 konular.<\/p>\n<p>Ya\u015flanmak endi\u015fe edilecek bir \u015fey de\u011fil. 30 y\u0131l beklersen hepsi yok olacak. N\u00fcfusu azalan k\u0131rsal kesimlerin ya\u015fland\u0131\u011f\u0131 s\u00f6yleniyor ama \u015fu anda \u015fehirlerde ya\u015fl\u0131 n\u00fcfus daha fazla.<\/p>\n<p>Bu depremi d\u00fcnyan\u0131n nas\u0131l de\u011fi\u015fece\u011fini d\u00fc\u015f\u00fcnmek i\u00e7in bir f\u0131rsat olarak kullanmal\u0131y\u0131z diye d\u00fc\u015f\u00fcn\u00fcyorum.<\/p>\n<p>Zamanlama \u00f6nemlidir. E\u011fer bunu \u00e7ok erken yaparsak, bir deprem her \u015feyi yerle bir edebilir. Zaman\u0131 gelince nerede ya\u015famak istedi\u011fimi, nas\u0131l ya\u015famak istedi\u011fimi d\u00fc\u015f\u00fcnece\u011fim. Yiyecek bulmak, su bulmak, enerji bulmak.<\/p>\n<p>Bundan sonraki meydan okuman\u0131z hayat\u0131n\u0131z\u0131 ya\u015fama bi\u00e7iminizde cesur de\u011fi\u015fiklikler yapmak olacak.<\/p>\n<p>Ak\u0131ll\u0131 telefonunuzu kullanmadan bir g\u00fcn ge\u00e7irmek ve kendinize d\u00fc\u015f\u00fcnmek i\u00e7in zaman ay\u0131rmak daha iyi olmaz m\u0131yd\u0131?<\/p>\n<p>\u015eu an tek merak etti\u011fim \u015fey 2038&#039;de 101. ya\u015f g\u00fcn\u00fcm\u00fc kutlay\u0131p kutlayamayaca\u011f\u0131m. Umar\u0131m b\u00f6ceklerin say\u0131s\u0131n\u0131n artabilece\u011fi bir toplum yaratabiliriz.&quot;<\/p>\n<figure class=\"wp-caption aligncenter\"><a href=\"https:\/\/photos.google.com\/share\/AF1QipPXv05SheZFm7Qq7nb6Mej4DF7jeB24G8xnqVBTv8bsw5f_92j_uEmks41ciamH7g\/photo\/AF1QipNqhM2W-mg9DGOqgjRHGQoLvxvYIYy_H06hVTc?key=UXVfWmxWVmxIWFdURFF6SFNCTjNKS0NUR01oRWlR\" target=\"_blank\" rel=\"noopener\"><img decoding=\"async\" src=\"https:\/\/lh3.googleusercontent.com\/pw\/AIL4fc9eoRu7SNoU0A6QZW55IsZ3zjNDMHzSqBKyaDNSq6-vNWc54Oafgoylq5vHACDSaHBhP_JLFfl0xPUSFMUsO2T5XYw7P2K7obPaAXeIDZAfqnmluG7GXiMhkVtlUuD0GkQMY3fDwtcRNrylWDa2KFIU=w2000-h1500-s-no?authuser=0\" width=\"2000\" height=\"1500\" alt=\"Herkes dikkatle dinliyor\" class=\"size-full\" \/><\/a><figcaption class=\"wp-caption-text\">Herkes dikkatle dinliyor<\/figcaption><\/figure>\n<h2>Mola Zaman\u0131<\/h2>\n<h3>Takeshi Yoroi ile hat\u0131ra foto\u011fraf\u0131 \u00e7ekimi<\/h3>\n<p>\u0130\u015flemler beklenenden daha sorunsuz ilerledi\u011finden, k\u0131sa s\u00fcrede &quot;Bay Yoroi Takeshi ile bir foto\u011fraf \u00e7ekimi&quot; ayarland\u0131. Kazananlar b\u00fcy\u00fck bir mutluluk ya\u015fad\u0131lar ve birlikte foto\u011fraf \u00e7ektirdiler.<\/p>\n<figure class=\"wp-caption aligncenter\"><a href=\"https:\/\/photos.google.com\/share\/AF1QipPXv05SheZFm7Qq7nb6Mej4DF7jeB24G8xnqVBTv8bsw5f_92j_uEmks41ciamH7g\/photo\/AF1QipMZ44OMHmcBL6Ywfx2L5nzCdjWNY6MvF3PJ8Hg?key=UXVfWmxWVmxIWFdURFF6SFNCTjNKS0NUR01oRWlR\" target=\"_blank\" rel=\"noopener\"><img decoding=\"async\" src=\"https:\/\/lh3.googleusercontent.com\/pw\/AIL4fc9GU4OrizE1gBUk9AAeZUdevV32EqvebZouE9epKqCAY19qdNrYgViaZ-_gtpz2oj586xCgzMk8gVkvHe18i3DnPd3h9CRQXJegMCiXO94FEY7_BP6ba8aP8OWvKALru5mEY21dKlFv75t46Dxg7soI=w2000-h1500-s-no?authuser=0\" width=\"2000\" height=\"1500\" alt=\"Takeshi Yoroi ile hat\u0131ra foto\u011fraf\u0131\" class=\"size-full\" \/><\/a><figcaption class=\"wp-caption-text\">Takeshi Yoroi ile hat\u0131ra foto\u011fraf\u0131<\/figcaption><\/figure>\n<h2>B\u00f6l\u00fcm 2<\/h2>\n<h3>\u00d6d\u00fcl alanlar\u0131n faaliyetlerinin tan\u0131t\u0131m\u0131<\/h3>\n<p>Arka planda sekretarya taraf\u0131ndan haz\u0131rlanan slaytlar e\u015fli\u011finde, 19, 18 ve 17&#039;nci \u00f6d\u00fcl sahipleri iki\u015fer dakikal\u0131k konu\u015fmalar yapt\u0131.<\/p>\n<h4>Kazananlar\u0131n duyurulma s\u0131ras\u0131<\/h4>\n<div class=\"column column-255\">\n<div class=\"column__item\"><strong>==== 19. \u00d6d\u00fcl Kazananlar\u0131 ====<\/strong><br \/>\n 1. Greenwood Do\u011fa Deneyimi ve E\u011fitim Merkezi<br \/>\n 2. Shimokawa Kasabas\u0131 End\u00fcstriyel Canland\u0131rma Destek \u00d6rg\u00fct\u00fc (Kasaba Tan\u0131t\u0131m Departman\u0131)<br \/>\n 3. Tono Da\u011f\u0131, K\u00f6y\u00fc ve Ya\u015fam A\u011f\u0131<br \/>\n 4. Higashisonogi Hitokotono \u015eirketi<br \/>\n 5. Asuka&#039;n\u0131n Gelecek Yarat\u0131l\u0131\u015f Derne\u011fi<br \/>\n 6. Aridagawa Kasabas\u0131 x Ryukoku \u00dcniversitesi<br \/>\n 7. Nagasaki G\u00fcney B\u00f6lgesi \u00dcreticileri Derne\u011fi<br \/>\n 8. Masahiro Sezaki<br \/>\n 9. Mitsunori Ushida<br \/>\n10. Hiromi Sanpei<br \/>\n11. Shohei Kunita<br \/>\n12. Yuka Yamanaka<br \/>\n<strong>==== 18. \u00d6d\u00fcl Sahibi ====<\/strong><br \/>\n13. Takeda K\u00fclt\u00fcrel Ortak Refah Derne\u011fi<br \/>\n14. Do\u011fa Tarihi Veri Bankas\u0131 Anima Net<br \/>\n15.Saori Aoyama<br \/>\n16. Hyoyoshiya<\/div>\n<div class=\"column__item\">17. Hizmet Hibesi<br \/>\n18. K\u00fc\u00e7\u00fck K\u00f6y Ara\u015ft\u0131rma Enstit\u00fcs\u00fc<br \/>\n19. Bar\u0131\u015f ve Do\u011fa<br \/>\n20. Loconnect LLC<br \/>\n21. Noboru Terauchi ve Ikuko<br \/>\n22.Fujimi Kadowaki<br \/>\n23. Masaru Takasaka<br \/>\n24. Hiroyuki Mizuno<br \/>\n<strong>==== 17. \u00d6d\u00fcl Kazananlar\u0131 ====<\/strong><br \/>\n25. G\u00f6ky\u00fcz\u00fc K\u00f6y\u00fc<br \/>\n26. Oku-Yahagi G\u00f6\u00e7 ve Yerle\u015fim Te\u015fvik Konseyi (Yok)<br \/>\n27. Aba K\u00f6y Y\u00f6netim Konseyi (Yok)<br \/>\n28. \u015eu\u015fu (Yokluk)<br \/>\n29. Sosyal \u00c7iftlik Sanjo<br \/>\n30. Shizuoka Sanat ve K\u00fclt\u00fcr \u00dcniversitesi Inasa Yeti\u015ftirme Ekibi<br \/>\n31. Hinataya A.\u015e.<br \/>\n32. Kazue Shido<br \/>\n33. Sa\u00e7iko Shiotsuki<br \/>\n34. Mari Okayama<br \/>\n35. \u015einzo Wada<\/div>\n<\/div>\n<h3>19 Tamam! Nippon B\u00fcy\u00fck \u00d6d\u00fcl\u00fc B\u00fcy\u00fck \u00d6d\u00fcl ve Ba\u015fbakanl\u0131k \u00d6d\u00fcl\u00fc<\/h3>\n<h4>NPO Greenwood Do\u011fa Deneyimi E\u011fitim Merkezi (Taifu K\u00f6y\u00fc, Nagano Eyaleti)<\/h4>\n<figure class=\"wp-caption aligncenter\"><a href=\"https:\/\/photos.google.com\/share\/AF1QipPXv05SheZFm7Qq7nb6Mej4DF7jeB24G8xnqVBTv8bsw5f_92j_uEmks41ciamH7g\/photo\/AF1QipPbCl1qI1C3E1Pa6qRraskCcAHOsy-UDUePnVQ?key=UXVfWmxWVmxIWFdURFF6SFNCTjNKS0NUR01oRWlR\"><img decoding=\"async\" src=\"https:\/\/lh3.googleusercontent.com\/pw\/AIL4fc9RCTlNBad6TGiDxo8G-ZZ6h1nrio-eKV5heJK8TFGopeRA2RMwJYUncYatJcbh97_uRXaSqNv3p65PyJ4Ua2mlDQrPUA4kvy1HjgYLfgQhiKL1jFJ_-nxu0HY7rjEW23giYBPWmetCwuY-QGLxVoPz=w2000-h1500-s-no?authuser=0\" width=\"2000\" height=\"1500\" alt=\"NPO Greenwood Do\u011fa Deneyimi E\u011fitim Merkezi\u00a0\u00a0\" class=\"size-full\" \/><\/a><figcaption class=\"wp-caption-text\">NPO Greenwood Do\u011fa Deneyimi E\u011fitim Merkezi\u00a0\u00a0<\/figcaption><\/figure>\n<h3>B\u00f6l\u00fcm 19 Tamam! Nippon B\u00fcy\u00fck \u00d6d\u00fcl\u00fc: 3 kazanan<\/h3>\n<h4>Shimokawa Kasabas\u0131 End\u00fcstriyel Canland\u0131rma Destek \u00d6rg\u00fct\u00fc, Kasaba Tan\u0131t\u0131m Tan\u0131t\u0131m Departman\u0131 (Shimokawa Kasabas\u0131, Hokkaido) Belediye Ba\u015fkan\u0131 Yasuji Tamura<\/h4>\n<figure class=\"wp-caption aligncenter\"><a href=\"https:\/\/photos.google.com\/share\/AF1QipPXv05SheZFm7Qq7nb6Mej4DF7jeB24G8xnqVBTv8bsw5f_92j_uEmks41ciamH7g\/photo\/AF1QipNvU6IAT6Zm-pJTwtgQEL0vdx1-WWVG7De1QEc?key=UXVfWmxWVmxIWFdURFF6SFNCTjNKS0NUR01oRWlR\" target=\"_blank\" rel=\"noopener\"><img decoding=\"async\" src=\"https:\/\/lh3.googleusercontent.com\/pw\/AIL4fc9PUkle1nSF9n5G--ZV-xLISh0cSSJ4uEGdM_c2wNIZOhwXrCYznLxqRfn3xyVcL7Qq8TDbCN--ZpDKOUFULW_zsBAzKVVr-FxuVCznCE_odGTFbk4BtDfN-PJejtmr9LQUl2cG6PY8W1aIhGM3mXbs=w2000-h1500-s-no?authuser=0\" width=\"2000\" height=\"1500\" alt=\"Shimokawa Kasabas\u0131 End\u00fcstriyel Canland\u0131rma Destek \u00d6rg\u00fct\u00fc, Kasaba Tan\u0131t\u0131m Tan\u0131t\u0131m Departman\u0131 (Shimokawa Kasabas\u0131, Hokkaido) Belediye Ba\u015fkan\u0131 Yasuji Tamura\" class=\"size-full\" \/><\/a><figcaption class=\"wp-caption-text\">Shimokawa Kasabas\u0131 End\u00fcstriyel Canland\u0131rma Destek \u00d6rg\u00fct\u00fc, Kasaba Tan\u0131t\u0131m Tan\u0131t\u0131m Departman\u0131 (Shimokawa Kasabas\u0131, Hokkaido) Belediye Ba\u015fkan\u0131 Yasuji Tamura<\/figcaption><\/figure>\n<h4>NPO Tono Da\u011f\u0131, K\u00f6y ve Ya\u015fam A\u011f\u0131 (Tono City, Iwate Eyaleti)<\/h4>\n<figure class=\"wp-caption aligncenter\"><a href=\"https:\/\/photos.google.com\/share\/AF1QipPXv05SheZFm7Qq7nb6Mej4DF7jeB24G8xnqVBTv8bsw5f_92j_uEmks41ciamH7g\/photo\/AF1QipOAcOaBwFOpbktUxqsThDi7qv2e-dxTtg8kLgE?key=UXVfWmxWVmxIWFdURFF6SFNCTjNKS0NUR01oRWlR\" target=\"_blank\" rel=\"noopener\"><img decoding=\"async\" src=\"https:\/\/lh3.googleusercontent.com\/pw\/AIL4fc9dQpt2_bdCma-MpXvU3hEltcUzS9koq3qjC_pTBupX1YczucBGMX-_DDj-DRI8m7dlDfXV6iR4Eu6t1TulE2SCBOUKxN-E2T0HZBqjBuEKnI7YahRxvUbfmgV9X3f4a-S6OIvl97aIbYUZHi0o-lZF=w2000-h1500-s-no?authuser=0\" width=\"2000\" height=\"1500\" alt=\"Higashisonogi Hitokotono Kamu \u015eirketi (Higashisonogi Kasabas\u0131, Nagasaki Eyaleti)\" class=\"size-full\" \/><\/a><figcaption class=\"wp-caption-text\">Higashisonogi Hitokotono Kamu \u015eirketi (Higashisonogi Kasabas\u0131, Nagasaki Eyaleti)<\/figcaption><\/figure>\n<h4>Higashisonogi Hitokotono Kamu \u015eirketi (Higashisonogi Kasabas\u0131, Nagasaki Eyaleti)<\/h4>\n<figure class=\"wp-caption aligncenter\"><a href=\"https:\/\/photos.google.com\/share\/AF1QipPXv05SheZFm7Qq7nb6Mej4DF7jeB24G8xnqVBTv8bsw5f_92j_uEmks41ciamH7g\/photo\/AF1QipOwFN3LcS0WBXfDFHg50JsV_tjYRl5mlDgTbJE?key=UXVfWmxWVmxIWFdURFF6SFNCTjNKS0NUR01oRWlR\" target=\"_blank\" rel=\"noopener\"><img decoding=\"async\" src=\"https:\/\/lh3.googleusercontent.com\/pw\/AIL4fc_ijVDAuJQuSI3e3uKBwzi9OwWWSHWZkfvUFDSwmZXeWJ_ug5LP17ElWPsL8wABbnxyA4tdJwcLiUGYXule1fY8_WJKv5aYWTWXzfjVKwzi2zTkrHq0Nrw2is0u0PY0gXP-b-PW7aFekcawHMQ14y7M=w2000-h1500-s-no?authuser=0\" width=\"2000\" height=\"1500\" alt=\"Higashisonogi Hitokotono Kamu \u015eirketi (Higashisonogi Kasabas\u0131, Nagasaki Eyaleti)\" class=\"size-full\" \/><\/a><figcaption class=\"wp-caption-text\">Higashisonogi Hitokotono Kamu \u015eirketi (Higashisonogi Kasabas\u0131, Nagasaki Eyaleti)<\/figcaption><\/figure>\n<h3>B\u00f6l\u00fcm 19 Tamam! Nippon B\u00fcy\u00fck \u00d6d\u00fcl\u00fc, Ba\u015fkanl\u0131k \u00d6d\u00fcl\u00fc: 3 kazanan<\/h3>\n<h4>NPO Asuka no Mirai wo Tsukuru Kai (Asuka K\u00f6y\u00fc, Nara Eyaleti)<\/h4>\n<figure class=\"wp-caption aligncenter\"><a href=\"https:\/\/photos.google.com\/share\/AF1QipPXv05SheZFm7Qq7nb6Mej4DF7jeB24G8xnqVBTv8bsw5f_92j_uEmks41ciamH7g\/photo\/AF1QipN5mGJxPzKIfjTs51Lxhp4zym9QSYXmUd9Rz7w?key=UXVfWmxWVmxIWFdURFF6SFNCTjNKS0NUR01oRWlR\"><img decoding=\"async\" src=\"https:\/\/lh3.googleusercontent.com\/pw\/AIL4fc_oN2CHcBaZP42lTX1ww-i_wMsosLygyo-AOFih9coO3315Ho8YZlpXUgsLPvFx29Yl3jw27oDgfrg5jVhEe1S_p62-3GmYQyHry7PgU9pbZGC0Y9zP5C7-8JVy3zcMdf-uIHyqFD0MupWrDENHUcqC=w2000-h1500-s-no?authuser=0\" width=\"2000\" height=\"1500\" alt=\"Asuka Gelecek Yaratma Derne\u011fi (Asuka K\u00f6y\u00fc, Nara Eyaleti)\" class=\"size-full\" \/><\/a><figcaption class=\"wp-caption-text\">Asuka Gelecek Yaratma Derne\u011fi (Asuka K\u00f6y\u00fc, Nara Eyaleti)<\/figcaption><\/figure>\n<h4>Aridagawa Kasabas\u0131 \u00d7 Ryukoku \u00dcniversitesi (Aridagawa Kasabas\u0131, Wakayama Eyaleti)<\/h4>\n<figure class=\"wp-caption aligncenter\"><a href=\"https:\/\/photos.google.com\/share\/AF1QipPXv05SheZFm7Qq7nb6Mej4DF7jeB24G8xnqVBTv8bsw5f_92j_uEmks41ciamH7g\/photo\/AF1QipMnoQwarSHkBdhvNiHQaTUi3nsUfGk1D8tG1hU?key=UXVfWmxWVmxIWFdURFF6SFNCTjNKS0NUR01oRWlR\" target=\"_blank\" rel=\"noopener\"><img decoding=\"async\" src=\"https:\/\/lh3.googleusercontent.com\/pw\/AIL4fc-2Z9NCTlCo_yBP-pRS-k9IlzWt_yD6lpGBpI_xbabEHfDSo6okda35SUsLk_XAX8wPg1lSATXXIk-xmrSSeh8MSlkNX-TDxVOdgLg5pNA7GWwxNMlV_9e__tjARWmOXv0R5A1VoIUMJmZj-F4yFyah=w2000-h1500-s-no?authuser=0\" width=\"2000\" height=\"1500\" alt=\"Aridagawa Kasabas\u0131 x Ryukoku \u00dcniversitesi (Aridagawa Kasabas\u0131, Wakayama Eyaleti)\" class=\"size-full\" \/><\/a><figcaption class=\"wp-caption-text\">Aridagawa Kasabas\u0131 x Ryukoku \u00dcniversitesi (Aridagawa Kasabas\u0131, Wakayama Eyaleti)<\/figcaption><\/figure>\n<h4>Nagazaki Nanbu \u00dcretim Derne\u011fi (Minamishimabara \u015eehri, Nagazaki Eyaleti)<\/h4>\n<figure class=\"wp-caption aligncenter\"><a href=\"https:\/\/photos.google.com\/share\/AF1QipPXv05SheZFm7Qq7nb6Mej4DF7jeB24G8xnqVBTv8bsw5f_92j_uEmks41ciamH7g\/photo\/AF1QipPpJQBhDAhp6CPq9asIAStPZwvKyipotwUo-NE?key=UXVfWmxWVmxIWFdURFF6SFNCTjNKS0NUR01oRWlR\" target=\"_blank\" rel=\"noopener\"><img decoding=\"async\" src=\"https:\/\/lh3.googleusercontent.com\/pw\/AIL4fc_txJmacxzsxCzrO9ZchqKDtife98HnknSMFf6rp8_WE2Zz5a_lkZN9Z0-deKXbVKe8FK7TA4ILvLWOL4af9kPjCUllIU1QG2uzQUMLLD4rt4iLIROqLd5k8HNA5qTNKIs31VBYv0QeekgAuXyRMsoW=w2000-h1500-s-no?authuser=0\" width=\"2000\" height=\"1500\" alt=\"Nagazaki Nanbu \u00dcretim Derne\u011fi (Minamishimabara \u015eehri, Nagazaki Eyaleti)\" class=\"size-full\" \/><\/a><figcaption class=\"wp-caption-text\">Nagazaki Nanbu \u00dcretim Derne\u011fi (Minamishimabara \u015eehri, Nagazaki Eyaleti)<\/figcaption><\/figure>\n<h3>B\u00f6l\u00fcm 19 Tamam! Nippon Ya\u015fam Tarz\u0131 \u00d6d\u00fcl\u00fc: 5 kazanan<\/h3>\n<h4>Masahiro Sezaki (Edogawa B\u00f6lgesi, Tokyo)<\/h4>\n<figure class=\"wp-caption aligncenter\"><a href=\"https:\/\/photos.google.com\/share\/AF1QipPXv05SheZFm7Qq7nb6Mej4DF7jeB24G8xnqVBTv8bsw5f_92j_uEmks41ciamH7g\/photo\/AF1QipP7KTunvBA_ZtOtxOnI21gYs8ln1gxK_2yvcjQ?key=UXVfWmxWVmxIWFdURFF6SFNCTjNKS0NUR01oRWlR\" target=\"_blank\" rel=\"noopener\"><img decoding=\"async\" src=\"https:\/\/lh3.googleusercontent.com\/pw\/AIL4fc-SE9T7sKjp8TBC9Ix8eny3jNWp6rfPSA4ojCqUSwObRu7i1JEvCIlaHAAyGhQBlkZRBO-spFSMzn9d_dWvzn6EGUNHyNHeYdxUYqHoKAbSMW-yk2Kcfy9iM_-xNOilxK8P0391O3XiTKuVW6OxtFdw=w2000-h1500-s-no?authuser=0\" width=\"2000\" height=\"1500\" alt=\"Masahiro Sezaki (Edogawa B\u00f6lgesi, Tokyo)\" class=\"size-full\" \/><\/a><figcaption class=\"wp-caption-text\">Masahiro Sezaki (Edogawa B\u00f6lgesi, Tokyo)<\/figcaption><\/figure>\n<h4>Mitsunori Ushida (Joetsu \u015eehri, Niigata Eyaleti)<\/h4>\n<figure class=\"wp-caption aligncenter\"><a href=\"https:\/\/photos.google.com\/share\/AF1QipPXv05SheZFm7Qq7nb6Mej4DF7jeB24G8xnqVBTv8bsw5f_92j_uEmks41ciamH7g\/photo\/AF1QipN6XYWnj8XYzgLNMjlXA_8Db54Gm3VP7mF84Ew?key=UXVfWmxWVmxIWFdURFF6SFNCTjNKS0NUR01oRWlR\" target=\"_blank\" rel=\"noopener\"><img decoding=\"async\" src=\"https:\/\/lh3.googleusercontent.com\/pw\/AIL4fc-jID6UUbFwbNMho0_ej607cb1N9MXkgmMCgJ0PXy8NaHAP3pzK_a70Y4LteyCctJbuIuQBLdyFiV7JzjbOVunMEtMQ0xWWGCpg_5YvWlKFrHHS6kB8SIRiQEIIx1xGHwcy9H2fVxKzIHV0b6vKSxGl=w2000-h1500-s-no?authuser=0\" width=\"2000\" height=\"1500\" alt=\"Mitsunori Ushida (Joetsu \u015eehri, Niigata Eyaleti)\" class=\"size-full\" \/><\/a><figcaption class=\"wp-caption-text\">Mitsunori Ushida (Joetsu \u015eehri, Niigata Eyaleti)<\/figcaption><\/figure>\n<h4>Hiromi Sanpei (Unnan \u015eehri, Shimane Eyaleti)<\/h4>\n<figure class=\"wp-caption aligncenter\"><a href=\"https:\/\/photos.google.com\/share\/AF1QipPXv05SheZFm7Qq7nb6Mej4DF7jeB24G8xnqVBTv8bsw5f_92j_uEmks41ciamH7g\/photo\/AF1QipO6ku7sjZceLothujvaWpUhLlaVvtR_6LvLnU8?key=UXVfWmxWVmxIWFdURFF6SFNCTjNKS0NUR01oRWlR\" target=\"_blank\" rel=\"noopener\"><img decoding=\"async\" src=\"https:\/\/lh3.googleusercontent.com\/pw\/AIL4fc-ItGabRV0jf0UK-hFWNPwLBPUxzVNlsUP7BHjf8aimceI2CaOFKicPc1SDuH4-F4XeKXlq-EIUvnmsMRAYykiLbuwQm9hF0q5epUlXVvF6V-eNqGPqv29jGRwahBswyPI2A8kxY8EFornUeTmNFBxE=w2000-h1500-s-no?authuser=0\" width=\"2000\" height=\"1500\" alt=\"Hiromi Sanpei (Unnan \u015eehri, Shimane Eyaleti)\" class=\"size-full\" \/><\/a><figcaption class=\"wp-caption-text\">Hiromi Sanpei (Unnan \u015eehri, Shimane Eyaleti)<\/figcaption><\/figure>\n<h4>Shohei Kunita (Hiro\u015fima \u015eehri, Hiro\u015fima Eyaleti)<\/h4>\n<figure class=\"wp-caption aligncenter\"><a href=\"https:\/\/photos.google.com\/share\/AF1QipPXv05SheZFm7Qq7nb6Mej4DF7jeB24G8xnqVBTv8bsw5f_92j_uEmks41ciamH7g\/photo\/AF1QipOEmYs698M-ApeuG7mV2wv2ggZknBc9ky6oYQM?key=UXVfWmxWVmxIWFdURFF6SFNCTjNKS0NUR01oRWlR\" target=\"_blank\" rel=\"noopener\"><img decoding=\"async\" src=\"https:\/\/lh3.googleusercontent.com\/pw\/AIL4fc9qUbJUPqpFoqvEC3c7MHHJx1ue9HfRTs7jDYzPi0BTXr0ZzDkuskMDreFhkdhOhUaxXEF7qyLLtdXeLPUoVmza5p9ARTmJGF9EhpyXcbQ6sbiK6tmwJObkmy2Cseqblv2TOA8XeBqoDPpBvNTMEpHP=w2000-h1500-s-no?authuser=0\" width=\"2000\" height=\"1500\" alt=\"Shohei Kunita (Hiro\u015fima \u015eehri, Hiro\u015fima Eyaleti)\" class=\"size-full\" \/><\/a><figcaption class=\"wp-caption-text\">Shohei Kunita (Hiro\u015fima \u015eehri, Hiro\u015fima Eyaleti)<\/figcaption><\/figure>\n<h4>Yuka Yamanaka (Saijo \u015eehri, Ehime Eyaleti)<\/h4>\n<figure class=\"wp-caption aligncenter\"><a href=\"https:\/\/photos.google.com\/share\/AF1QipPXv05SheZFm7Qq7nb6Mej4DF7jeB24G8xnqVBTv8bsw5f_92j_uEmks41ciamH7g\/photo\/AF1QipOL8WgkY6IVuQX6tO413BQIaC8qCSOM9DotsQM?key=UXVfWmxWVmxIWFdURFF6SFNCTjNKS0NUR01oRWlR\" target=\"_blank\" rel=\"noopener\"><img decoding=\"async\" src=\"https:\/\/lh3.googleusercontent.com\/pw\/AIL4fc-zWyqOdp8Nwpdsv2UZ2_7zjTaOFRqOJhUe-7Zk_oPUli9r0LMW7LRt31gRxVkTedkTSRLM-oQgV1GSmpUOn24SU2PDc6fJFIxM7g0Pk_PbUd05s6dDc-kE3t4Xoba06APn5BWNdKpGkUpERyBMIthP=w2000-h1500-s-no?authuser=0\" width=\"2000\" height=\"1500\" alt=\"Yuka Yamanaka (Saijo \u015eehri, Ehime Eyaleti)\" class=\"size-full\" \/><\/a><figcaption class=\"wp-caption-text\">Yuka Yamanaka (Saijo \u015eehri, Ehime Eyaleti)<\/figcaption><\/figure>\n<h3>B\u00f6l\u00fcm 18 Tamam! Nippon B\u00fcy\u00fck \u00d6d\u00fcl\u00fc Ya\u015fam Tarz\u0131 \u00d6d\u00fcl\u00fc<\/h3>\n<p>Yar\u0131\u015fman\u0131n kazananlar\u0131, Hokuryu Kasabas\u0131&#039;ndan Terauchi Noboru ve Ikuko&#039;nun faaliyetlerini tan\u0131tacaklar\u0131 iki dakikal\u0131k konu\u015fmalar yapacaklar.<\/p>\n<h4>Noboru Terauchi ve Ikuko (Hokuryu Kasabas\u0131, Hokkaido)<\/h4>\n<figure class=\"wp-caption aligncenter\"><a href=\"https:\/\/photos.google.com\/share\/AF1QipPXv05SheZFm7Qq7nb6Mej4DF7jeB24G8xnqVBTv8bsw5f_92j_uEmks41ciamH7g\/photo\/AF1QipPOXB-WWeJ9_txidLSNh7nqLGrXAYunNxFkpiE?key=UXVfWmxWVmxIWFdURFF6SFNCTjNKS0NUR01oRWlR\" target=\"_blank\" rel=\"noopener\"><img decoding=\"async\" src=\"https:\/\/lh3.googleusercontent.com\/pw\/AIL4fc8H2W4yPm0HRsJxDV55MrkJ5LGjFJP9QJepovpoE1GVbgdQ4wpLzvQ_smzy5whgiuCeZSPORgitYjPrcorspQ6FXGnsOH_qnPar11CgmDZrB6MAYcwY0YJi1BQY7TOOtGXzZ3OtS-DJLK2KcE9usDfy=w2000-h1331-s-no?authuser=0\" width=\"2000\" height=\"1500\" alt=\"Noboru Terauchi ve Ikuko (Hokuryu Kasabas\u0131, Hokkaido) (Foto\u011fraf All Right! Nippon Kaigi taraf\u0131ndan sa\u011flanm\u0131\u015ft\u0131r)\" class=\"size-full\" \/><\/a><figcaption class=\"wp-caption-text\">Noboru Terauchi ve Ikuko (Hokuryu Kasabas\u0131, Hokkaido)<br \/>\n(Foto\u011fraf All Right! Nippon Kaigi taraf\u0131ndan sa\u011flanm\u0131\u015ft\u0131r)<\/figcaption><\/figure>\n<figure id=\"attachment_10869\" class=\"wp-caption aligncenter\"><a href=\"https:\/\/photos.google.com\/share\/AF1QipPi7xhI2Jjc2wmUu4NGnJ4orBzsjp5QXNL9YyR4LdPb_lxhacBkKbWaSRN3YKweew\/photo\/AF1QipOl8yVGPVynn2qIzSMyooGqXQb_45s3npWwrDRg?key=cGJLcnhpWkM5eXdscDYzZzloRWR0X0xZNGduTEZR\" target=\"_blank\" rel=\"noopener\"><img decoding=\"async\" src=\"https:\/\/lh3.googleusercontent.com\/pw\/AIL4fc-ZVcfOSaP4x0QTMOe0qHf8r2roQbuBroSRAREZ-0UYAsYRvjHjyL1iL-qYtlsjPUdDnb5Te3qd5ceaGYOpPNWjZ7XoV31V5-tCyTJwWPN8euHoxMil_z8BWXEGyaJUZVE9_bu8NN3bJjIfXMSfeEiWgQ=w2000-h1500-s-no?authuser=0\" alt=\"18 Tamam! Nippon \u00d6d\u00fclleri Ya\u015fam Tarz\u0131 \u00d6d\u00fcl\u00fc: Noboru Terauchi ve Ikuko\" width=\"1428\" height=\"1320\" class=\"size-full wp-image-10869\"\/><figcaption class=\"wp-caption-text\">18 Tamam! Nippon \u00d6d\u00fclleri Ya\u015fam Tarz\u0131 \u00d6d\u00fcl\u00fc: Noboru Terauchi ve Ikuko<\/a><\/figcaption><\/figure>\n<p>&quot;Biz Hokkaido&#039;daki Hokuryu Kasabas\u0131&#039;ndan Terauchi Noboru ve Ikuko&#039;yuz ve 13 y\u0131ld\u0131r bilgi g\u00f6nderiyoruz.<\/p>\n<p>Bug\u00fcn \u00f6d\u00fcl kazananlar\u0131n bir araya geldi\u011fi bu bulu\u015fmaya ev sahipli\u011fi yapt\u0131\u011f\u0131m i\u00e7in en i\u00e7ten dileklerimle kutluyorum. Bizimle ileti\u015fime ge\u00e7ti\u011finiz i\u00e7in tekrar te\u015fekk\u00fcr ederiz. Te\u015fekk\u00fcrler.<\/p>\n<p>Kitary\u016b Kasabas\u0131, Japon Denizi k\u0131y\u0131s\u0131nda, Asahikawa \u015eehri&#039;nin bat\u0131s\u0131nda ve Rumoi \u015eehri&#039;nin do\u011fusunda yer almaktad\u0131r. N\u00fcfusu yakla\u015f\u0131k 1.650, ya\u015flanma oran\u0131 ise y\u00fczde 45 civar\u0131nda olan bu kasaba, Japonya&#039;n\u0131n gelece\u011fini g\u00f6steren bir kasaba.<\/p>\n<p>Tar\u0131m kasabas\u0131 olarak y\u00f6renin spesiyaliteleri aras\u0131nda 2016 y\u0131l\u0131nda Japonya Tar\u0131m \u00d6d\u00fcl\u00fc B\u00fcy\u00fck \u00d6d\u00fcl\u00fc&#039;n\u00fc kazanan ay\u00e7i\u00e7e\u011fi pirinci, ay\u00e7i\u00e7e\u011fi kavunu ve ay\u00e7i\u00e7e\u011fi karpuzu ile 2018&#039;de ola\u011fan\u00fcst\u00fc bir \u00f6rnek olarak 5. Ke\u015fif K\u0131rsal Hazineleri&#039;ne se\u00e7ilen Kurosengoku \u0130\u015f Kooperatifi&#039;nin Kurosengoku soya fasulyesi (k\u00fc\u00e7\u00fck taneli siyah soya fasulyesi) yer al\u0131yor.<\/p>\n<p>Ay\u00e7i\u00e7ekleri \u00fcnl\u00fc bir turistik cazibe merkezidir. Do\u011fuya bakan yama\u00e7ta 23 hektarl\u0131k alanda a\u00e7an 2 milyon ay\u00e7i\u00e7e\u011finin g\u00f6r\u00fcnt\u00fcs\u00fc ger\u00e7ekten muhte\u015fem. Yaz aylar\u0131nda yakla\u015f\u0131k bir ay s\u00fcren Hokuryu Ay\u00e7i\u00e7e\u011fi Festivali, d\u00fcnyan\u0131n d\u00f6rt bir yan\u0131ndan yakla\u015f\u0131k 300 bin turisti a\u011f\u0131rl\u0131yor.<\/p>\n<p>13 y\u0131l \u00f6nce Tokyo&#039;dan Hokuryu&#039;ya ta\u015f\u0131nd\u0131k. Kendi web sitemizi kurduk. Metni e\u015fim yaz\u0131yor, ben de foto\u011fraflar\u0131 \u00e7ekiyorum ve web sitesini y\u00f6netiyorum. Web sitemiz, Facebook sayfam\u0131z, Instagram ve YouTube kanal\u0131m\u0131z da devam ediyor. Yo\u011fun bir g\u00fcnde ayda 200&#039;e yak\u0131n yaz\u0131 payla\u015f\u0131yorlar ve 13 y\u0131ld\u0131r kasabayla ilgili bilgi veriyorlar.<\/p>\n<p>Programda Hokuryu kasabas\u0131n\u0131n halk\u0131na \u0131\u015f\u0131k tutularak, onlar\u0131n nas\u0131l insanlar olduklar\u0131, \u00fcr\u00fcn yeti\u015ftirirken ne d\u00fc\u015f\u00fcnd\u00fckleri ve hayattan nas\u0131l zevk ald\u0131klar\u0131 anlat\u0131l\u0131yor.<\/p>\n<p>Ve kasaba halk\u0131n\u0131n sevincini ve heyecan\u0131n\u0131 olabildi\u011fince \u00e7ok insanla payla\u015fmak ve empati kurmak arzusuyla, kendi sevin\u00e7, empati ve heyecan duygular\u0131m\u0131z\u0131 d\u00fcr\u00fcst\u00e7e ifade ediyor ve iletiyoruz.<\/p>\n<p>Hokuryu harika bir kasabad\u0131r. Umar\u0131z ziyaretimize gelirsiniz. &quot;Bug\u00fcn i\u00e7in \u00e7ok te\u015fekk\u00fcr ederim.&quot;<\/p>\n<h3>Yorum: Tamamd\u0131r! Bayan Keiko Hirano, Nippon Kaigi&#039;nin Ba\u015fkan Yard\u0131mc\u0131s\u0131<\/h3>\n<p>1960 y\u0131l\u0131nda Shizuoka \u0130li, Numazu&#039;da do\u011fdu (62 ya\u015f\u0131nda), Tokyo Metropolitan Kunitachi Lisesi ve Waseda \u00dcniversitesi&#039;nden mezun oldu, serbest sunucu (eski NHK sunucusu), hikaye anlat\u0131c\u0131s\u0131, Afet \u00d6nleme Sertifikasyon Derne\u011fi&#039;nin eski ba\u015fkan\u0131, Osaka Sanat \u00dcniversitesi Yay\u0131nc\u0131l\u0131k B\u00f6l\u00fcm\u00fc&#039;nde profes\u00f6r, Musashino \u00dcniversitesi&#039;nde yar\u0131 zamanl\u0131 \u00f6\u011fretim g\u00f6revlisi (geleneksel k\u00fclt\u00fcr ara\u015ft\u0131rmas\u0131), \u00c7ocuk ve Aileler Konseyi \u00c7ocuk Refah\u0131 ve K\u00fclt\u00fcr Alt Komitesi \u00fcyesi.<\/p>\n<figure class=\"wp-caption aligncenter\"><a href=\"https:\/\/photos.google.com\/share\/AF1QipPXv05SheZFm7Qq7nb6Mej4DF7jeB24G8xnqVBTv8bsw5f_92j_uEmks41ciamH7g\/photo\/AF1QipMHvK7uzw2h0c3d-GxX5PQ9Aw8hjfQrysWTn-I?key=UXVfWmxWVmxIWFdURFF6SFNCTjNKS0NUR01oRWlR\" target=\"_blank\" rel=\"noopener\"><img decoding=\"async\" src=\"https:\/\/lh3.googleusercontent.com\/pw\/AIL4fc8jY8xZoNWKP1l8oPr_BfcqHjfZyc3dRRUxzoHrC1FZVHvXqiWsZl7aDqKzSE1NVk1ydOzekt-nAVkLHpnuGpJWeI20bh321ZkNlnJXC529T_bfMcpflVETF21ZqKDJpG44OsuUo9jrD81VNRSMzlQ-=w2000-h1500-s-no?authuser=0\" width=\"2000\" height=\"1500\" alt=\"Elbette! Bayan Keiko Hirano, Nippon Kaigi&#039;nin Ba\u015fkan Yard\u0131mc\u0131s\u0131\" class=\"size-full\" \/><\/a><figcaption class=\"wp-caption-text\">Elbette! Bayan Keiko Hirano, Nippon Kaigi&#039;nin Ba\u015fkan Yard\u0131mc\u0131s\u0131<\/figcaption><\/figure>\n<p>&quot;\u00d6d\u00fcl kazanan herkesi tebrik ediyorum.<\/p>\n<h4>\u00dc\u00e7 \u00f6d\u00fcl kazanan\u0131n ilk bulu\u015fmas\u0131<\/h4>\n<p>COVID-19 salg\u0131n\u0131n\u0131n etkisi nedeniyle \u00f6d\u00fcl t\u00f6reni iki kez (17 ve 18) iptal edildi. Yakla\u015f\u0131k 20 y\u0131ld\u0131r \u00f6d\u00fcl t\u00f6renleri d\u00fczenleyen bizler i\u00e7in bu d\u00fc\u015f\u00fcn\u00fclemezdi.<\/p>\n<p>\u00d6d\u00fcl alanlar\u0131n hepsiyle tan\u0131\u015f\u0131p sohbet etmek benim i\u00e7in b\u00fcy\u00fck bir mutluluktu. Belge incelemesinin ard\u0131ndan y\u00fcz y\u00fcze g\u00f6r\u00fc\u015fmelere ge\u00e7iyoruz, burada yeni \u015feyler \u00f6\u011freniyoruz. Bu, gelecekte yeni ba\u011flant\u0131lara yol a\u00e7acakt\u0131r ve \u00f6d\u00fcl t\u00f6reni ne kadar muhte\u015fem olursa olsun, her zaman heyecan vericidir.<\/p>\n<p>Bu kez \u00f6d\u00fcl t\u00f6reni 19, 18 ve 17. \u00f6d\u00fcllerin t\u00fcm kazananlar\u0131n\u0131 bir araya getirdi ve hepsi de harikayd\u0131! Bu Japonya i\u00e7in bir ilk.<\/p>\n<p>Bug\u00fcn hepinizle bir araya geldi\u011fimde enerjik faaliyetlerinizden ve co\u015fkulu konu\u015fmalar\u0131n\u0131zdan \u00e7ok etkilendim. De\u011ferlendirme s\u00fcrecinde, birbirinden g\u00fczel aktiviteler aras\u0131ndan se\u00e7im yaparken ya\u015fad\u0131\u011f\u0131m\u0131z zorluklar\u0131 hat\u0131rlad\u0131k. Her aktivitede belgelerden yay\u0131lan enerjiyi ve ihti\u015fam\u0131 hissedebiliyordum.<\/p>\n<h4>\u015eu ana kadar toplam ba\u015fvuru say\u0131s\u0131 2.072 oldu.<\/h4>\n<p>\u015eu ana kadar 2.072 ba\u015fvuru yap\u0131ld\u0131 (All Right! Nippon B\u00fcy\u00fck \u00d6d\u00fcl\u00fc i\u00e7in 1.792 ve Ya\u015fam Tarz\u0131 B\u00fcy\u00fck \u00d6d\u00fcl\u00fc i\u00e7in 280). Bunlardan toplam 313 \u00f6d\u00fcl kazan\u0131ld\u0131 (236 All Right! Nippon B\u00fcy\u00fck \u00d6d\u00fcl\u00fc ve 77 Ya\u015fam Tarz\u0131 B\u00fcy\u00fck \u00d6d\u00fcl\u00fc).<\/p>\n<p>Hepinizin ne kadar se\u00e7kin bir \u015fekilde kat\u0131l\u0131m i\u00e7in se\u00e7ildi\u011fini fark edece\u011finizi d\u00fc\u015f\u00fcn\u00fcyorum. Ben iyiyim! 2003 y\u0131l\u0131nda Nippon yar\u0131\u015fmas\u0131 ba\u015flad\u0131\u011f\u0131ndan beri j\u00fcri \u00fcyesi olarak, yaln\u0131zca \u00f6d\u00fcl kazanan giri\u015fimleri de\u011fil, ayn\u0131 zamanda g\u00f6nderilen t\u00fcm giri\u015fimlerin ana hatlar\u0131n\u0131 da inceleme f\u0131rsat\u0131 buldum. Rakamlara tekrar bakt\u0131\u011f\u0131mda, bunun inan\u0131lmaz oldu\u011funu d\u00fc\u015f\u00fcn\u00fcyorum.<\/p>\n<p>Nisan 2005 itibariyle \u00fclke genelinde 2.395 \u015fehir, kasaba ve k\u00f6y vard\u0131. Bu say\u0131, bug\u00fcne kadar al\u0131nan 2.072 ba\u015fvuruya denk geliyor. Her ne kadar baz\u0131 \u00f6rt\u00fc\u015fmeler olsa da \u00fclke genelindeki t\u00fcm il, il\u00e7e ve k\u00f6ylere da\u011f\u0131t\u0131ld\u0131\u011f\u0131nda, ba\u015fvuru say\u0131s\u0131 \u00fclke genelindeki toplam il, il\u00e7e ve k\u00f6y say\u0131s\u0131n\u0131n &#039;ine denk gelmektedir. Bu, \u00fclkenin her yerinde \u00e7ok say\u0131da faaliyette yer alan meslekta\u015flar\u0131m\u0131z oldu\u011fu anlam\u0131na geliyor. Bu \u00f6d\u00fcl\u00fc sadece &#039;lik kesim alabilecek.<\/p>\n<p>Bu \u00f6d\u00fcllerin, ge\u00e7mi\u015fte oldu\u011fu gibi gelecekte de \u00f6zellikle \u00fcst\u00fcn ba\u015far\u0131l\u0131 insanlar aras\u0131nda daha fazla yatay ba\u011flant\u0131 kurulmas\u0131n\u0131 sa\u011flayaca\u011f\u0131n\u0131 umuyoruz.<\/p>\n<h4>S\u0131k\u0131 ve adil tarama<\/h4>\n<p>J\u00fcri komitesi, hi\u00e7bir \u015fekilde hararetli tart\u0131\u015fmalara veya kay\u0131rmac\u0131l\u0131\u011fa yer vermeden, titiz ve adil bir de\u011ferlendirme yapmaktad\u0131r.<\/p>\n<p>S\u0131nav\u0131n \u015fart\u0131 olarak;<\/p>\n<ol>\n<li><strong>Hizmet y\u0131l\u0131 say\u0131s\u0131<\/strong>(Faaliyetin herhangi bir nedenle sona ermesi durumunda i\u015fletmenin art\u0131k desteklenmemesi ihtimali vard\u0131r.)<\/li>\n<li><strong>Bir model olarak \u00e7ok y\u00f6nl\u00fcl\u00fc\u011fe vurgu<\/strong>(Ba\u015fka b\u00f6lgelerde de kullan\u0131labilir mi? Sosyal bir etkisi var m\u0131?)<\/li>\n<li><strong>Etkinin \u00f6nemi<\/strong>(Ekonomik etkiler, insan etkileri, beklenen etkiler)<\/li>\n<li><strong>Ba\u015far\u0131s\u0131z olsan\u0131z bile denemeye devam etme kararl\u0131l\u0131\u011f\u0131<\/strong>Vurgu \u00fczerine<\/li>\n<\/ol>\n<p>Elbette! Nippon&#039;a birden fazla ba\u015fvuruda bulunabilirsiniz. Hatta bunu be\u015f alt\u0131 kez deneyenler bile var. J\u00fcri, \u00e7abadaki en k\u00fc\u00e7\u00fck geli\u015fmeyi bile g\u00f6z ard\u0131 etmiyor ve b\u00f6ylesine olumlu bir tutumdan dolay\u0131 \u00e7ok mutlu ve minnettarlar.<\/p>\n<p>Se\u00e7ilmi\u015f olman\u0131n harika taraf\u0131, g\u00f6sterilen s\u00fcrekli \u00e7abalar\u0131 g\u00f6rmek. Ve bana bir g\u00fcvenlik duygusu veriyor. Bu gurur verici bir ba\u015far\u0131d\u0131r ve bunu gelecekte de s\u00fcrd\u00fcrmeyi umuyoruz! Bu bir Japon aktivitesidir.<\/p>\n<p>Bu, puanlama ve s\u0131ralama i\u00e7eren bir inceleme de\u011fildir. Her bir perspektiften tart\u0131\u015fmalar\u0131 derinle\u015ftiriyoruz ve ard\u0131ndan j\u00fcri \u00fcyelerinin deneyim, bilgi ve i\u00e7g\u00f6r\u00fclerine g\u00f6re etkinlikleri payla\u015f\u0131yor, de\u011ferlendiriyor ve se\u00e7iyoruz.<\/p>\n<p>Se\u00e7ilen etkinliklerin \u00e7ok be\u011fenilmesi, benzer etkinlikleri yapan di\u011fer ki\u015filere ilham verebilir.<\/p>\n<p>Yeni bir giri\u015fim \u00e7ok \u00e7al\u0131\u015fman\u0131n ard\u0131ndan sonu\u00e7 verdi\u011finde, bu giri\u015fime harcanan \u00e7abay\u0131 takdir etmek isteyebilirsiniz.<\/p>\n<h4>Shizuoka Sanat ve K\u00fclt\u00fcr \u00dcniversitesi&#039;nin Inasa Yeti\u015ftirme Ekibi&#039;nde g\u00f6r\u00fcld\u00fc\u011f\u00fc gibi, anlay\u0131\u015f\u0131n ve yay\u0131l\u0131m\u0131n nesiller aras\u0131nda yay\u0131lmas\u0131<\/h4>\n<p>Shizuoka Sanat ve K\u00fclt\u00fcr \u00dcniversitesi&#039;nden \u0130nasa \u00c7ift\u00e7ilik Ekibi&#039;ne bir g\u00f6z att\u0131k. \u00dcniversite y\u0131llar\u0131nda d\u00f6rt y\u0131ld\u0131r kul\u00fcpte yer ald\u0131\u011f\u0131n\u0131 s\u00f6yleyen oyuncu, az \u00f6nce yapt\u0131\u011f\u0131 a\u00e7\u0131klamada, \u00fc\u00e7 y\u0131l \u00f6nce \u00f6d\u00fcl verildi\u011finde kul\u00fcp \u00fcyelerinin de\u011fi\u015fti\u011fi i\u00e7in durumu pek anlayamad\u0131\u011f\u0131n\u0131 s\u00f6yledi.<\/p>\n<p>Bir an &quot;Acaba korktu\u011fum \u015fey ba\u015f\u0131ma m\u0131 geldi?&quot; diye d\u00fc\u015f\u00fcnd\u00fcm, ama sonra kat\u0131l\u0131mc\u0131 say\u0131s\u0131n\u0131n eskisine g\u00f6re artt\u0131\u011f\u0131n\u0131 ve etkinli\u011fin b\u00fcy\u00fcd\u00fc\u011f\u00fcn\u00fc duyunca &quot;Bu harika, bu muhte\u015fem!&quot; diye d\u00fc\u015f\u00fcnd\u00fcm. &quot;Ger\u00e7ekten \u00f6yle hissettim.&quot;<\/p>\n<p>O zamanlar \u00fcniversite birinci s\u0131n\u0131f \u00f6\u011frencisi olan \u00f6\u011frencilerimiz \u015fu an d\u00f6rd\u00fcnc\u00fc s\u0131n\u0131ftalar ve art\u0131k t\u00fcm s\u0131n\u0131flar\u0131n bu projeye kat\u0131lma f\u0131rsat\u0131 buldu\u011fu bir y\u0131la ula\u015ft\u0131k, yani her \u015fey yolunda! Tar\u0131m\u0131n anla\u015f\u0131lmas\u0131 ve nesiller aras\u0131 bilginin yayg\u0131nla\u015ft\u0131r\u0131lmas\u0131 ve tar\u0131m\u0131n gelece\u011finin hayal edilmesi a\u00e7\u0131s\u0131ndan bu hareketin Japonya&#039;da desteklenmesinin son derece anlaml\u0131 olaca\u011f\u0131na inan\u0131yorum. Umar\u0131m bu daha ayd\u0131nl\u0131k bir gelece\u011fe yol a\u00e7ar.<\/p>\n<p>Ayr\u0131ca, SDG&#039;ler olarak da bilinen Z Ku\u015fa\u011f\u0131 gen\u00e7lerinden de \u00e7e\u015fitli zorluklara g\u00f6\u011f\u00fcs geren ba\u015fvurular ald\u0131k, bu nedenle gelece\u011fin neler getirece\u011fini merakla bekliyoruz.<\/p>\n<h4>Kad\u0131nlar\u0131n, gen\u00e7lerin ve yabanc\u0131lar\u0131n rol\u00fcn\u00fcn geni\u015fletilmesi<\/h4>\n<p>Ayr\u0131ca genel olarak daha fazla kad\u0131n\u0131n aktif rol ald\u0131\u011f\u0131n\u0131 hissediyorum. Kad\u0131nlar\u0131n bu kadar proaktif roller \u00fcstlendi\u011fini, rahatl\u0131kla konu\u015fma yapt\u0131\u011f\u0131n\u0131 g\u00f6r\u00fcnce, zaman\u0131n de\u011fi\u015fti\u011fini hissettim. T\u00fcm kad\u0131nlar\u0131n katk\u0131lar\u0131n\u0131n il\u00e7eye canl\u0131l\u0131k kazand\u0131rmada \u00f6nemli bir etken olaca\u011f\u0131na inan\u0131yorum.<\/p>\n<p>K\u0131rsal kesimde faaliyet g\u00f6steren kesimler aras\u0131nda kad\u0131nlar, gen\u00e7ler ve yabanc\u0131lar olmak \u00fczere geni\u015f bir kesim yer almaktad\u0131r. Yabanc\u0131dan deneyimli i\u015f insanlar\u0131na kadar herkesin bir \u015fans\u0131 oldu\u011fu ve ekibin bir \u00fcyesi olarak s\u0131cak bir \u015fekilde kar\u015f\u0131land\u0131\u011f\u0131 g\u00f6r\u00fcl\u00fcyor.<\/p>\n<h4>\u00d6d\u00fcl alanlar \u00e7ocuklar\u0131n d\u00fcnyas\u0131na b\u00fcy\u00fck katk\u0131 sa\u011fl\u0131yor.<\/h4>\n<p>\u015eu anda Profes\u00f6r Yorobo ile birlikte \u00e7al\u0131\u015f\u0131yorum. Belki de Profes\u00f6r Yoro&#039;nun d\u00fc\u015f\u00fcnce tarz\u0131ndan etkilenerek b\u00f6ceklere ilgi duymaya ba\u015flad\u0131m.<\/p>\n<p>Koronavir\u00fcs salg\u0131n\u0131 nedeniyle insanlarla g\u00f6r\u00fc\u015fmenin zorla\u015ft\u0131\u011f\u0131 bir d\u00f6nemde Profes\u00f6r Yorobo video yay\u0131nc\u0131l\u0131\u011f\u0131 yap\u0131yor. Profes\u00f6r Yorobo&#039;nun dersleri harikayd\u0131 ve her biri y\u00fcre\u011fime dokundu.<\/p>\n<p>\u00c7abalar\u0131n\u0131z\u0131n canl\u0131 bir varl\u0131k gibi oldu\u011funu fark ettim. Bunun, onun gelecekteki \u00e7ocuklar\u0131n\u0131 yeti\u015ftirme yetene\u011fini ortaya koymas\u0131n\u0131 ve onlar\u0131n olumlu y\u00f6nde b\u00fcy\u00fcmelerine yard\u0131mc\u0131 olmas\u0131n\u0131 sa\u011flayaca\u011f\u0131na inan\u0131yorum.<\/p>\n<p>Sadece tar\u0131ma de\u011fil, ayn\u0131 zamanda insan kalbinin daha geni\u015f kavram\u0131na ve \u00e7ocuklar\u0131n d\u00fcnyas\u0131na da b\u00fcy\u00fck katk\u0131larda bulunabilece\u011finize inan\u0131yorum. Deste\u011finiz devam ederse, her \u015fey yoluna girecek! Japonya&#039;daki faaliyetlerimizin i\u00e7eri\u011fini zenginle\u015ftirebilmeyi umuyorum.<\/p>\n<p>L\u00fctfen \u00e7abalar\u0131n\u0131zda proaktif olmaya devam edin ve j\u00fcri komitesi ad\u0131na hepinizi tebrik ediyor ve te\u015fekk\u00fcr ediyorum.<\/p>\n<p>Kentler ile k\u0131rsal alanlar aras\u0131ndaki al\u0131\u015fveri\u015fi daha da art\u0131rmak i\u00e7in \u00e7al\u0131\u015fmaya devam edece\u011finizi umuyorum. Yorumlar\u0131m burada sona eriyor.<br \/>\nBug\u00fcn \u00f6d\u00fcl sahibi olarak buraya kadar geldi\u011finiz i\u00e7in \u00e7ok te\u015fekk\u00fcr ederim.&quot;<\/p>\n<figure class=\"wp-caption aligncenter\"><a href=\"https:\/\/photos.google.com\/share\/AF1QipPXv05SheZFm7Qq7nb6Mej4DF7jeB24G8xnqVBTv8bsw5f_92j_uEmks41ciamH7g\/photo\/AF1QipP-rC6k_lEXesTWbEPUcxQuhiF0U4q3ap5JT-g?key=UXVfWmxWVmxIWFdURFF6SFNCTjNKS0NUR01oRWlR\" target=\"_blank\" rel=\"noopener\"><img decoding=\"async\" src=\"https:\/\/lh3.googleusercontent.com\/pw\/AIL4fc9RIhuGDEuqjW86uuNrlezyB_Rawc3BesHWqMpmTiFQ5ZOwCAqzxItS_eduDbE1jpN9MNQOlIBQF-YopCkEcImc9zHBGwDWJLXMhyLj5NoFPKPuGna7RuJjXBTdmZJH_Av0VBU-zSQamTh9O6B3tB4h=w2000-h1500-s-no?authuser=0\" width=\"2000\" height=\"1500\" alt=\"Kat\u0131l\u0131mc\u0131lar\" class=\"size-full\" \/><\/a><figcaption class=\"wp-caption-text\">Kat\u0131l\u0131mc\u0131lar<\/figcaption><\/figure>\n<h2>B\u00f6l\u00fcm 3: Sosyal bulu\u015fma (\u00f6d\u00fcl kazananlar i\u00e7in) - Yakla\u015f\u0131k 70 ki\u015fi kat\u0131ld\u0131<\/h2>\n<h3>Sosyal toplant\u0131n\u0131n yap\u0131laca\u011f\u0131 mekana do\u011fru ilerleyin: Mekan &quot;Sandaime Torimero&quot;<\/h3>\n<figure class=\"wp-caption aligncenter\"><a href=\"https:\/\/photos.google.com\/share\/AF1QipPXv05SheZFm7Qq7nb6Mej4DF7jeB24G8xnqVBTv8bsw5f_92j_uEmks41ciamH7g\/photo\/AF1QipPucMlaoU-ZF28NwRsrKsQFi804R3kX33Ovgrc?key=UXVfWmxWVmxIWFdURFF6SFNCTjNKS0NUR01oRWlR\" target=\"_blank\" rel=\"noopener\"><img decoding=\"async\" src=\"https:\/\/lh3.googleusercontent.com\/pw\/AIL4fc9F1Btc2-GV6XlzMDipr58n3oqVEp8X7Ol2XeDxcXSq1Ljcu3L7-UBWNPIAHiwZxPNjOqPQheTp5aTIYuebzG8ACgcJ5uxIfMkbuQs8cJaw_jC5WZB2Cj7bSkoalD9CAzDWenj1Szl1aU0_vkobHTBL=w2000-h1500-s-no?authuser=0\" width=\"2000\" height=\"1500\" alt=\"Restoran 70 ki\u015fiye kadar kapasiteye sahip.\" class=\"size-full\" \/><\/a><figcaption class=\"wp-caption-text\">Restoran 70 ki\u015filik kapasiteye sahip - B\u00f6l\u00fcm 1<\/figcaption><\/figure>\n<figure class=\"wp-caption aligncenter\"><a href=\"https:\/\/photos.google.com\/share\/AF1QipPXv05SheZFm7Qq7nb6Mej4DF7jeB24G8xnqVBTv8bsw5f_92j_uEmks41ciamH7g\/photo\/AF1QipMpdl5SWrMX0S8PwTdNunqmZycewo5XNrS2sA4?key=UXVfWmxWVmxIWFdURFF6SFNCTjNKS0NUR01oRWlR\" target=\"_blank\" rel=\"noopener\"><img decoding=\"async\" src=\"https:\/\/lh3.googleusercontent.com\/pw\/AIL4fc_Zq2DK8n594hiNAJHw4Z7Zz1NXfuFH3jEGPUxYuqCad_WW66xwwTIbVRpgaaZdQ39Fpq3Vscilk-9gUuqBybbTv2s5mnccMWLRAw2Hwm_scpbUu8f45UVqmNbmXfEZYcbm0SXSRicjPlFChV0sXp3e=w2000-h1500-s-no?authuser=0\" width=\"2000\" height=\"1500\" alt=\"Restoran 70 ki\u015fiye kadar kapasiteye sahip.\" class=\"size-full\" \/><\/a><figcaption class=\"wp-caption-text\">Restoran 70 ki\u015filik kapasiteye sahip - B\u00f6l\u00fcm 2<\/figcaption><\/figure>\n<figure class=\"wp-caption aligncenter\"><a href=\"https:\/\/photos.google.com\/share\/AF1QipPXv05SheZFm7Qq7nb6Mej4DF7jeB24G8xnqVBTv8bsw5f_92j_uEmks41ciamH7g\/photo\/AF1QipNtq7_LHuNUnMVkPiKB08BOsxE45bmYDVPa6Qc?key=UXVfWmxWVmxIWFdURFF6SFNCTjNKS0NUR01oRWlR\" target=\"_blank\" rel=\"noopener\"><img decoding=\"async\" src=\"https:\/\/lh3.googleusercontent.com\/pw\/AIL4fc_WONDZ53ChoKRF1KkjvIeC5UwOKrjSLLBpog4bc-WSaaYFa9AOVSm8z0R03taUzY7fmFRjWo8TVRfYqDiqPLAy_X-ZY_PLaL8J-xVSvIRAduDZvHHADhRNiwb7AEkGbWQY6-O4RDmN8FofUQhEe2sd=w2000-h1500-s-no?authuser=0\" width=\"2000\" height=\"1500\" alt=\"Sekreterlikten Hiroaki Kayahara ve Reiko Narushima\" class=\"size-full\" \/><\/a><figcaption class=\"wp-caption-text\">Sekreterlikten Hiroaki Kayahara ve Reiko Narushima<\/figcaption><\/figure>\n<figure class=\"wp-caption aligncenter\"><a href=\"https:\/\/photos.google.com\/share\/AF1QipPXv05SheZFm7Qq7nb6Mej4DF7jeB24G8xnqVBTv8bsw5f_92j_uEmks41ciamH7g\/photo\/AF1QipM7yHKmr1ZGi88xhYftmss9tfPK5jCNgTSA5ZY?key=UXVfWmxWVmxIWFdURFF6SFNCTjNKS0NUR01oRWlR\" target=\"_blank\" rel=\"noopener\"><img decoding=\"async\" src=\"https:\/\/lh3.googleusercontent.com\/pw\/AIL4fc9SyCdTkykmSpNBiZoEjNgQSVJgNsfVTlTJ6szEearykukaxEJsPKSGDZbGeGTY88EjcCYwN5zAXIZv13BfdGPuSHJgEpz2XGOmUiYUHP-L6X6Ap54ry7pAti5e1RbgwFk-_omNGR37Ts6owLmHRI_m=w2000-h1500-s-no?authuser=0\" width=\"2000\" height=\"1500\" alt=\"\u015ferefe!\" class=\"size-full\" \/><\/a><figcaption class=\"wp-caption-text\">\u015ferefe!<\/figcaption><\/figure>\n<figure class=\"wp-caption aligncenter\"><a href=\"https:\/\/photos.google.com\/share\/AF1QipPXv05SheZFm7Qq7nb6Mej4DF7jeB24G8xnqVBTv8bsw5f_92j_uEmks41ciamH7g\/photo\/AF1QipMCSg953dPP0mkwGxwNUwBYYm2UrdTy2OeEwtQ?key=UXVfWmxWVmxIWFdURFF6SFNCTjNKS0NUR01oRWlR\" target=\"_blank\" rel=\"noopener\"><img decoding=\"async\" src=\"https:\/\/lh3.googleusercontent.com\/pw\/AIL4fc8Li84TtIc1PRDCLaVXWeDD8o_qgOs8wztL7QDs7pnybVyDEEs0f1rn85J9yTDFG5bkMaJFrExbRdG07W3sxShjbzHTFK5UT-6QMK3VFZe2g-FA1CUcSfLvTOS6SQu1COnVG2FlL_CNDiKVBQPP4cK1=w2000-h1500-s-no?authuser=0\" width=\"2000\" height=\"1500\" alt=\"Elbette! Nippon Konferans Sekreterli\u011fi&#039;nden Bay Hiroaki Kayahara ve Bayan Reiko Narushima&#039;ya d\u00fc\u015f\u00fcnceli davran\u0131\u015flar\u0131ndan dolay\u0131 i\u00e7ten \u015f\u00fckranlar\u0131m\u0131z\u0131 sunmak isteriz!\" class=\"size-full\" \/><\/a><figcaption class=\"wp-caption-text\">Elbette! Nippon Konferans Sekreterli\u011fi&#039;nden Bay Hiroaki Kayahara ve Bayan Reiko Narushima&#039;ya d\u00fc\u015f\u00fcnceli davran\u0131\u015flar\u0131ndan dolay\u0131 i\u00e7ten \u015f\u00fckranlar\u0131m\u0131z\u0131 sunmak isteriz!<\/figcaption><\/figure>\n<p>\u015eehirleri ve k\u0131rsal alanlar\u0131 canland\u0131racak ve Japonya&#039;ya canl\u0131l\u0131k katacak olan &quot;Tamam! Nippon&quot; B\u00fcy\u00fck \u00d6d\u00fcl\u00fc&#039;ne s\u0131n\u0131rs\u0131z sevgimizi, \u015f\u00fckranlar\u0131m\u0131z\u0131 ve dualar\u0131m\u0131z\u0131 g\u00f6nderiyoruz. . .<\/p>\n<figure class=\"wp-caption aligncenter\"><a href=\"https:\/\/photos.google.com\/share\/AF1QipPXv05SheZFm7Qq7nb6Mej4DF7jeB24G8xnqVBTv8bsw5f_92j_uEmks41ciamH7g\/photo\/AF1QipMCSg953dPP0mkwGxwNUwBYYm2UrdTy2OeEwtQ?key=UXVfWmxWVmxIWFdURFF6SFNCTjNKS0NUR01oRWlR\" target=\"_blank\" rel=\"noopener\"><img decoding=\"async\" src=\"https:\/\/lh3.googleusercontent.com\/pw\/AIL4fc9BD3_lziCE_WgopVVnRtynPdeYiwsBBXUSAJrkO_EmNU7tJoIHfLqoXk20SYswurheBpNG79ROu2pAe2v6J6jEqIe-2Kyu-w5WpZOCkw4CmTr7cUlhyBRi2ucF9Lb1MeHag81eCh-XUw56nN9bZivP=w2000-h1500-s-no?authuser=0\" width=\"2000\" height=\"1500\" alt=\"Japonya&#039;ya g\u00fc\u00e7 katacak olan &quot;All Right! Nippon&quot; B\u00fcy\u00fck \u00d6d\u00fcl\u00fc&#039;ne \u015f\u00fckranlar\u0131m\u0131z\u0131 sunmak isteriz. . .\" class=\"size-full\" \/><\/a><figcaption class=\"wp-caption-text\">Japonya&#039;ya g\u00fc\u00e7 katacak olan &quot;All Right! Nippon&quot; B\u00fcy\u00fck \u00d6d\u00fcl\u00fc&#039;ne \u015f\u00fckranlar\u0131m\u0131z\u0131 sunmak isteriz. . .<\/figcaption><\/figure>\n<h2>Di\u011fer foto\u011fraflar<\/h2>\n<div class=\"img-move\">\n<img decoding=\"async\" src=\"https:\/\/ehokkaido.net\/wp-content\/uploads\/2021\/12\/2021-12-06-11.41.12.png\" style=\"vertical-align:middle;\"> <a href=\"https:\/\/photos.app.goo.gl\/7HKXHf4sHr7Q2buQ7\" target=\"_blank\" rel=\"noopener noreferrer\">Japonya&#039;n\u0131n d\u00f6rt bir yan\u0131ndan 35 grup, &quot;19. Tamam! Nippon B\u00fcy\u00fck \u00d6d\u00fcl \u00d6d\u00fcl T\u00f6reni - 18. ve 17. \u00d6d\u00fcl Kazananlar\u0131n Bulu\u015fmas\u0131&quot;nda bir araya geldi - Hokkaido&#039;dan Hokuryu Kasabas\u0131 ve Shimokawa Kasabas\u0131 \u00f6d\u00fcllerini ald\u0131. Foto\u011fraflar (142 foto\u011fraf) burada &gt;&gt;<\/a><\/a><\/div>\n<h2>\u0130lgili Makaleler\/Siteler<\/h2>\n<h3>&quot;Tamam! Nippon Ana Sayfas\u0131<\/h3>\n<p>\u30fb<a href=\"https:\/\/www.kouryu.or.jp\/information\/19thohraiawards.html\" target=\"_blank\">https:\/\/www.kouryu.or.jp\/information\/19thohraiawards.html<\/a><br \/>\n\u30fb<a href=\"https:\/\/www.kouryu.or.jp\/service\/ohrai.html\" target=\"_blank\">https:\/\/www.kouryu.or.jp\/service\/ohrai.html<\/a><br \/>\n\u3000<\/p>\n<h3>&quot;18. All Right! Nippon B\u00fcy\u00fck \u00d6d\u00fcl\u00fc Ya\u015fam Tarz\u0131 \u00d6d\u00fcl\u00fc&quot;n\u00fcn sahibi<\/h3>\n\n\n\u3000\u3000<br \/>\n\n\n\n\u3000<\/p>\n<h3>K\u0131rsal K\u00f6y Hazinesini Ke\u015ffedin - Kurosengoku \u0130\u015f Kooperatifi Derne\u011fi 5. Ola\u011fan\u00fcst\u00fc Vaka \u00c7al\u0131\u015fmas\u0131 Olarak Se\u00e7ildi<\/h3>\n\n\n\u3000<\/p>\n<h3>Te\u015fekk\u00fcr ederim! 46. Japonya Tar\u0131m \u00d6d\u00fclleri&#039;nde B\u00fcy\u00fck \u00d6d\u00fcl&#039;\u00fcn sahibi (kolektif organizasyon)<\/h3>\n\n\n\n\u3000<br \/>\n\u3000<br \/>\n\u25c7 R\u00f6portaj ve metin: Ikuko Terauchi (foto\u011fraf\u00e7\u0131l\u0131k ve d\u00fczenleme asistan\u0131: Noboru Terauchi)<\/p>","protected":false},"excerpt":{"rendered":"<p>\uff12\uff10\uff12\uff13\u5e74\uff17\u6708\uff11\uff19\u65e5\uff08\u6c34\uff09 \u4ee4\u548c\uff15\u5e74\uff17\u6708\uff11\uff13\u65e5\uff08\u6728\uff09\u3001\u54c1\u5ddd\u30d5\u30ed\u30f3\u30c8\u30d3\u30eb\u4f1a\u8b70\u5ba4\u306b\u3066\u300c\u7b2c\uff11\uff19\u56de\u30aa\u30fc\u30e9\u30a4\uff01\u30cb\u30c3\u30dd\u30f3\u5927\u8cde\u8868\u5f70\u5f0f\u3001\u7b2c\uff11\uff18\u56de\u30fb\u7b2c\uff11\uff17\u56de\u53d7\u8cde\u8005\u306e\u96c6\u3044\u300d\u304c\u958b\u50ac\u3055\u308c\u307e\u3057\u305f\u3002\u5168\u56fd\u304b\u3089\u53d7\u8cde\u8005\uff13\uff15\u7d44\u7a0b\u3001\u95a2\u4fc2\u8005 [&hellip;]<\/p>\n","protected":false},"author":1,"featured_media":35169,"comment_status":"open","ping_status":"open","sticky":false,"template":"","format":"standard","meta":{"footnotes":""},"categories":[4,17],"tags":[],"class_list":["post-34948","post","type-post","status-publish","format-standard","has-post-thumbnail","hentry","category-cover-story","category-operations_report"],"_links":{"self":[{"href":"https:\/\/portal.hokuryu.info\/tr\/wp-json\/wp\/v2\/posts\/34948","targetHints":{"allow":["GET"]}}],"collection":[{"href":"https:\/\/portal.hokuryu.info\/tr\/wp-json\/wp\/v2\/posts"}],"about":[{"href":"https:\/\/portal.hokuryu.info\/tr\/wp-json\/wp\/v2\/types\/post"}],"author":[{"embeddable":true,"href":"https:\/\/portal.hokuryu.info\/tr\/wp-json\/wp\/v2\/users\/1"}],"replies":[{"embeddable":true,"href":"https:\/\/portal.hokuryu.info\/tr\/wp-json\/wp\/v2\/comments?post=34948"}],"version-history":[{"count":3,"href":"https:\/\/portal.hokuryu.info\/tr\/wp-json\/wp\/v2\/posts\/34948\/revisions"}],"predecessor-version":[{"id":68721,"href":"https:\/\/portal.hokuryu.info\/tr\/wp-json\/wp\/v2\/posts\/34948\/revisions\/68721"}],"wp:featuredmedia":[{"embeddable":true,"href":"https:\/\/portal.hokuryu.info\/tr\/wp-json\/wp\/v2\/media\/35169"}],"wp:attachment":[{"href":"https:\/\/portal.hokuryu.info\/tr\/wp-json\/wp\/v2\/media?parent=34948"}],"wp:term":[{"taxonomy":"category","embeddable":true,"href":"https:\/\/portal.hokuryu.info\/tr\/wp-json\/wp\/v2\/categories?post=34948"},{"taxonomy":"post_tag","embeddable":true,"href":"https:\/\/portal.hokuryu.info\/tr\/wp-json\/wp\/v2\/tags?post=34948"}],"curies":[{"name":"wp","href":"https:\/\/api.w.org\/{rel}","templated":true}]}}