{"id":34186,"date":"2023-07-03T09:45:06","date_gmt":"2023-07-03T00:45:06","guid":{"rendered":"https:\/\/portal.hokuryu.info\/?p=34186"},"modified":"2023-07-25T16:01:48","modified_gmt":"2023-07-25T07:01:48","slug":"hokuryu-itfaiye-tugayi-110-yil-donumu-anma-toreni-ve-kutlamasi","status":"publish","type":"post","link":"https:\/\/portal.hokuryu.info\/tr\/34186\/","title":{"rendered":"Tebrikler! Hokuryu \u0130tfaiye Tugay\u0131 110. Y\u0131l D\u00f6n\u00fcm\u00fc Anma T\u00f6reni ve Kutlamas\u0131 2023"},"content":{"rendered":"<p>Pazartesi, 3 Temmuz 2023<\/p>\n<p>29 Haziran Per\u015fembe g\u00fcn\u00fc saat 16:00&#039;da, yang\u0131n tatbikat\u0131n\u0131n ard\u0131ndan Hokuryu \u0130tfaiye Tugay\u0131&#039;n\u0131n kurulu\u015funun 110. y\u0131l d\u00f6n\u00fcm\u00fc an\u0131s\u0131na Hokuryu Kasaba Toplum Merkezi&#039;nin ikinci kat\u0131ndaki b\u00fcy\u00fck salonda bir t\u00f6ren ve kutlama d\u00fczenlendi.<\/p>\n<p>Tugay mensuplar\u0131 ve di\u011fer itfaiye personeli de dahil olmak \u00fczere 120&#039;den fazla ki\u015finin kat\u0131ld\u0131\u011f\u0131 etkinlik b\u00fcy\u00fck bir ba\u015far\u0131ya imza att\u0131.<\/p>\n<h2>Hokuryu \u0130tfaiye Tugay\u0131 110. Y\u0131l D\u00f6n\u00fcm\u00fc Anma T\u00f6reni ve Kutlamas\u0131<\/h2>\n<h3>Anma T\u00f6reni Program\u0131 ve \u00d6d\u00fcl Alanlar\u0131n Listesi<\/h3>\n<figure class=\"wp-caption aligncenter\"><a href=\"https:\/\/photos.google.com\/share\/AF1QipNAOZNqO5stEeHrdAMZAxL--oEFxSnYmDPJy47sd2cqWcS-bG1FLW9z7NoymWU4Jw\/photo\/AF1QipPZETwOkbHhxavEe6ntTGmGPAGTXqGnQnYjgnI?key=SU42OEp1Z2tDSmF4emZEaEFLNjNnUTJfMy1zT21R\" target=\"_blank\" rel=\"noopener\"><img decoding=\"async\" src=\"https:\/\/lh3.googleusercontent.com\/pw\/AJFCJaWJZ3h1HXt7fIfVKXpSpMfUiru-UFBE-uEdcm5UknJVv4D5jSWLPGtluPhqDpIe0dYbhnIGZ7Kf8NPbh3fWsKH_VGPUY2iJwnkEGUbFJTcQmv4e3Glz5blgmMx9E8Ez3UXKs3ch1Jp09E5JEI3vX9kE=w2000-h1378-s-no?authuser=0\" width=\"2000\" height=\"1378\" alt=\"Hokuryu \u0130tfaiye Tugay\u0131 110. Y\u0131l D\u00f6n\u00fcm\u00fc Anma T\u00f6reni ve Kutlamas\u0131\" class=\"size-full\" \/><\/a><figcaption class=\"wp-caption-text\">Hokuryu \u0130tfaiye Tugay\u0131 110. Y\u0131l D\u00f6n\u00fcm\u00fc Anma T\u00f6reni ve Kutlamas\u0131<\/figcaption><\/figure>\n<figure class=\"wp-caption aligncenter\"><a href=\"https:\/\/photos.google.com\/share\/AF1QipNAOZNqO5stEeHrdAMZAxL--oEFxSnYmDPJy47sd2cqWcS-bG1FLW9z7NoymWU4Jw\/photo\/AF1QipM4iuunf0BDdmybEsUd0QAd4GPhvai47oZxTQI?key=SU42OEp1Z2tDSmF4emZEaEFLNjNnUTJfMy1zT21R\" target=\"_blank\" rel=\"noopener\"><img decoding=\"async\" src=\"https:\/\/lh3.googleusercontent.com\/pw\/AJFCJaUtx3JgXKqTGgUnlD05ZzMhOdQ9mdXLgsczweH6Xy6UicGcMCpPhI6_nrR9O3jrkftwpeEUfqvicgIxU-bCQUeZLhMrWSvGbn1oDE7us3s7jE0ZCLMZYXFMxroSPn9JNLWvx8OuXJ63InADr8gR8eJM=w2000-h1481-s-no?authuser=0\" width=\"2000\" height=\"1378\" alt=\"Hokuryu \u0130tfaiye Tugay\u0131 110. Y\u0131l D\u00f6n\u00fcm\u00fc Anma T\u00f6reni Program\u0131 ve \u00d6d\u00fcl Alanlar\u0131n Listesi\" class=\"size-full\" \/><\/a><figcaption class=\"wp-caption-text\">Hokuryu \u0130tfaiye Tugay\u0131 110. Y\u0131l D\u00f6n\u00fcm\u00fc Anma T\u00f6reni Program\u0131 ve \u00d6d\u00fcl Alanlar\u0131n Listesi<\/figcaption><\/figure>\n<figure class=\"wp-caption aligncenter\"><a href=\"https:\/\/photos.google.com\/share\/AF1QipNAOZNqO5stEeHrdAMZAxL--oEFxSnYmDPJy47sd2cqWcS-bG1FLW9z7NoymWU4Jw\/photo\/AF1QipOgp8DWoWHQg8l5S3U04DL3KxJDetwSlPE7YI4?key=SU42OEp1Z2tDSmF4emZEaEFLNjNnUTJfMy1zT21R\" target=\"_blank\" rel=\"noopener\"><img decoding=\"async\" src=\"https:\/\/lh3.googleusercontent.com\/pw\/AJFCJaUeszqF2xVCp7RQJN3xe3Rkca1-KKcOnMt_qx6mp6RUuvFUHli_jDD2RZBCjkgKqeaqJCfZTNy5Brjl6JLuiUqxbutQrWMVs1Fw6O2Wu28j8WLw7AnBLVmqcPCLPkq-E0owOFKmuc7_KIqO2xkjIz75=w2000-h1333-s-no?authuser=0\" width=\"2000\" height=\"1333\" alt=\"Bayanlar ve baylar,\" class=\"size-full\" \/><\/a><figcaption class=\"wp-caption-text\">Bayanlar ve baylar,<\/figcaption><\/figure>\n<h3>Moderat\u00f6r: Mirai Ohira<\/h3>\n<p>Moderat\u00f6rl\u00fc\u011f\u00fcn\u00fc bu y\u0131l itfaiye te\u015fkilat\u0131na kat\u0131lan kad\u0131n \u00fcyelerden Ohira Mirai yapt\u0131.<\/p>\n<figure class=\"wp-caption aligncenter\"><a href=\"https:\/\/photos.google.com\/share\/AF1QipNAOZNqO5stEeHrdAMZAxL--oEFxSnYmDPJy47sd2cqWcS-bG1FLW9z7NoymWU4Jw\/photo\/AF1QipNfJ2xT_qLmjUNNCkTTHhiwEQM0uhLUhwjSm84?key=SU42OEp1Z2tDSmF4emZEaEFLNjNnUTJfMy1zT21R\" target=\"_blank\" rel=\"noopener\"><img decoding=\"async\" src=\"https:\/\/lh3.googleusercontent.com\/pw\/AJFCJaXxx3F8ZGI9PX75ndu350smJQcgRWaxaX_EeiS91lP2KdeeBFghpE5nwdo5VPxy-6yobgEsFbfwalTYQxuio9kj8PfdBJwVKddf-kVYAAnReNmYKTGtpe2rFhPVwrmsVVTnhJuNmPCnLFpC_ojy0NbL=w1254-h1882-s-no?authuser=0\" width=\"500\" alt=\"Genel MC&#039;yi kad\u0131n \u00fcye Ohira Mirai olu\u015fturdu.\" class=\"size-full\" \/><\/a><figcaption class=\"wp-caption-text\">Genel MC&#039;yi kad\u0131n \u00fcye Ohira Mirai olu\u015fturdu.<\/figcaption><\/figure>\n<p>T\u00f6ren, Belediye Ba\u015fkan\u0131 Yutaka Sano&#039;nun konu\u015fmas\u0131, takdirname ve onur belgelerinin takdimi, tebrik konu\u015fmalar\u0131, tebrik telgraflar\u0131n\u0131n okunmas\u0131 ve te\u015fekk\u00fcr s\u00f6zlerinin okunmas\u0131yla devam edecek.<\/p>\n<h2>A\u00e7\u0131l\u0131\u015f konu\u015fmas\u0131: Fukagawa \u0130tfaiye Departman\u0131 Kitatatsu \u015eubesi \u015eefi Bay Takayoshi Kazuma, Fukagawa B\u00f6lge \u0130tfaiye Departman\u0131 Derne\u011fi<\/h2>\n<figure class=\"wp-caption aligncenter\"><a href=\"https:\/\/photos.google.com\/share\/AF1QipNAOZNqO5stEeHrdAMZAxL--oEFxSnYmDPJy47sd2cqWcS-bG1FLW9z7NoymWU4Jw\/photo\/AF1QipNjBe5hQgynqDp1WeZQpMR_96rbt7Arnv-kYk0?key=SU42OEp1Z2tDSmF4emZEaEFLNjNnUTJfMy1zT21R\" target=\"_blank\" rel=\"noopener\"><img decoding=\"async\" src=\"https:\/\/lh3.googleusercontent.com\/pw\/AJFCJaWjOuJ9wVDg35YNRUFjYKwtCxk1AJylJ3YI5aGvG79wDinN3HAxi4tWlkAUM_0ZLhcD4sglPC2HZ_FOwDnzsf0BTlXRJlYb8NRuErclCD7M50sqvPFGKDkWW9oU27zBpri_aYjsLjzWZ6i3wq1P3lX1=w2000-h1333-s-no?authuser=0\" width=\"2000\" height=\"1333\" alt=\"A\u00e7\u0131l\u0131\u015f Konu\u015fmalar\u0131\" class=\"size-full\" \/><\/a><figcaption class=\"wp-caption-text\">A\u00e7\u0131l\u0131\u015f Konu\u015fmalar\u0131<\/figcaption><\/figure>\n<h2>Hokuryu Kasabas\u0131 Belediye Ba\u015fkan\u0131 Yutaka Sano&#039;nun Konu\u015fmas\u0131<\/h2>\n<figure class=\"wp-caption aligncenter\"><a href=\"https:\/\/photos.google.com\/share\/AF1QipNAOZNqO5stEeHrdAMZAxL--oEFxSnYmDPJy47sd2cqWcS-bG1FLW9z7NoymWU4Jw\/photo\/AF1QipOgr-eEkXByBxOwHBzWI6h-7inRqtV_DhDu-2c?key=SU42OEp1Z2tDSmF4emZEaEFLNjNnUTJfMy1zT21R\" target=\"_blank\" rel=\"noopener\"><img decoding=\"async\" src=\"https:\/\/lh3.googleusercontent.com\/pw\/AJFCJaXxpvmcVa4MUaCGkAktYWsgjZVy6nrFbyWOpzJaLeZt_6T9rLYhpWTKGN9KCeQcr69AeqCHsL_cSluDD8I8IXJaw6xRrlk3yjid94U0C-F51QrbwdS_FExiFUCWxNeGKt1ownCMBaWfH2v11GPK5ciy=w2000-h1333-s-no?authuser=0\" width=\"2000\" height=\"1333\" alt=\"Hokuryu Kasabas\u0131 Belediye Ba\u015fkan\u0131 Yutaka Sano&#039;nun Konu\u015fmas\u0131\" class=\"size-full\" \/><\/a><figcaption class=\"wp-caption-text\">Hokuryu Kasabas\u0131 Belediye Ba\u015fkan\u0131 Yutaka Sano&#039;nun Konu\u015fmas\u0131<\/figcaption><\/figure>\n<p>&quot;Hokuryu \u0130tfaiye Tugay\u0131&#039;n\u0131n bu y\u0131l 110. y\u0131l d\u00f6n\u00fcm\u00fcn\u00fc kutlamas\u0131ndan dolay\u0131 y\u00fcrekten tebriklerimi sunmak istiyorum. Bu, tarih ve gelenek \u00fczerine in\u015fa edilmi\u015f bir d\u00f6n\u00fcm noktas\u0131d\u0131r.<\/p>\n<p>Kitaryu \u0130tfaiye Tugay\u0131&#039;n\u0131n, bir grup g\u00f6n\u00fcll\u00fcn\u00fcn ba\u011f\u0131\u015f toplayarak ve tesisleri iyile\u015ftirerek \u00f6zel bir yang\u0131n koruma derne\u011fi kurdu\u011fu Nisan 1913&#039;te (Taisho 2) ba\u015flad\u0131\u011f\u0131 s\u00f6ylenmektedir. O d\u00f6nemdeki insanlar\u0131n asil ruhuna en i\u00e7ten \u015f\u00fckranlar\u0131m\u0131z\u0131 ve sayg\u0131lar\u0131m\u0131z\u0131 sunmak isteriz.<\/p>\n<p>O tarihten bu yana, te\u015fkilat y\u0131llar i\u00e7inde \u00e7ok say\u0131da zorlu\u011fun ve m\u00fccadelenin \u00fcstesinden gelerek \u00f6nce itfaiye te\u015fkilat\u0131, sonra sivil savunma te\u015fkilat\u0131 ve daha sonra 1947&#039;de itfaiye te\u015fkilat\u0131 haline gelmi\u015f ve itfaiyecilik kabiliyetlerini g\u00fc\u00e7lendirmek ve geni\u015fletmek i\u00e7in \u00e7ok \u00e7al\u0131\u015farak kayda de\u011fer bir ilerleme kaydetmi\u015f ve bug\u00fcn bildi\u011fimiz itfaiye te\u015fkilat\u0131na ula\u015fm\u0131\u015ft\u0131r.<\/p>\n<p>Bu s\u00fcre\u00e7te yang\u0131nlar ve do\u011fal afetler de dahil olmak \u00fczere pek \u00e7ok felaket ya\u015fand\u0131. B\u00f6yle zamanlarda kasaba halk\u0131, kendi tehlikelerini d\u00fc\u015f\u00fcnmeden, canlar\u0131n\u0131 tehlikeye atarak felaketlerle m\u00fccadele ederek, zarar\u0131 en aza indirmek i\u00e7in her zaman en \u00f6n saflarda yer alan kasaba halk\u0131n\u0131n itfaiyecilik ruhuna b\u00fcy\u00fck g\u00fcven ve beklenti i\u00e7inde olmu\u015ftur.<\/p>\n<p>Bu, atalar\u0131m\u0131z\u0131n memleketlerine olan derin sevgisinin ve kasaba halk\u0131n\u0131n can ve mal g\u00fcvenli\u011fini korumak i\u00e7in g\u00f6sterdikleri g\u00fc\u00e7l\u00fc itfaiyecilik ruhunun sonucudur ve yerel sakinler i\u00e7in g\u00fcvenli\u011fi ve d\u00fczeni sa\u011flamaya \u00e7al\u0131\u015fan kasabaya b\u00fcy\u00fck bir \u00f6vg\u00fcd\u00fcr. Bu g\u00fczel gelene\u011fin aktar\u0131lm\u0131\u015f olmas\u0131ndan dolay\u0131 en derin sayg\u0131lar\u0131m\u0131z\u0131 ve \u015f\u00fckranlar\u0131m\u0131z\u0131 sunar\u0131z.<\/p>\n<p>Son y\u0131llarda \u00e7evre ve sosyo-ekonomik durumdaki de\u011fi\u015fiklikler nedeniyle yang\u0131nlar da dahil olmak \u00fczere \u00e7e\u015fitli afetler daha karma\u015f\u0131k ve \u00e7e\u015fitli hale gelmi\u015f, itfaiye te\u015fkilat\u0131n\u0131n kasaba halk\u0131n\u0131n can ve mal g\u00fcvenli\u011fini koruma sorumlulu\u011fu giderek \u00f6nem kazanm\u0131\u015ft\u0131r.<\/p>\n<p>Toplumumuz ya\u015fland\u0131k\u00e7a afetlere kar\u015f\u0131 savunmas\u0131z olan insan say\u0131s\u0131 art\u0131yor. Bu y\u0131l yang\u0131n \u00f6nleme sistemimizi g\u00fc\u00e7lendirmek ve insanlar\u0131n g\u00fcvenli ve emniyetli bir \u015fekilde ya\u015fayabilmelerini sa\u011flamak amac\u0131yla kad\u0131n itfaiyecileri i\u015fe ald\u0131k. Gelecekteki ba\u015far\u0131n\u0131z\u0131 sab\u0131rs\u0131zl\u0131kla bekliyoruz.<\/p>\n<p>Yerel halk\u0131n ihtiya\u00e7lar\u0131n\u0131 kar\u015f\u0131lamak amac\u0131yla yerel halk ve yerel y\u00f6netim aras\u0131ndaki i\u015fbirli\u011fiyle kentsel kalk\u0131nma konusunda \u00e7al\u0131\u015fmaya devam etmeyi d\u00fc\u015f\u00fcn\u00fcyorum.<\/p>\n<p>\u0130tfaiye te\u015fkilat\u0131 \u00fcyelerinin, Kitaryu \u0130tfaiye Te\u015fkilat\u0131&#039;n\u0131n kurulu\u015funun 110. y\u0131l d\u00f6n\u00fcm\u00fcn\u00fc, iyi gelenekleri s\u00fcrd\u00fcrmek, moralleri daha da y\u00fckseltmek, kasaba halk\u0131n\u0131n emniyetini ve g\u00fcvenli\u011fini sa\u011flamak ve Himawari&#039;nin ayd\u0131nl\u0131k ve ya\u015fanabilir bir kasabas\u0131n\u0131n yarat\u0131lmas\u0131n\u0131 te\u015fvik etmek i\u00e7in daha da \u00e7ok \u00e7al\u0131\u015fmak i\u00e7in bir f\u0131rsat olarak de\u011ferlendireceklerini umuyoruz.<\/p>\n<p>Son olarak, Kitaryu \u0130tfaiye Te\u015fkilat\u0131n\u0131n b\u00fcy\u00fcmesinin devam\u0131 ve t\u00fcm personel ve \u00fcyelerinin ba\u015far\u0131s\u0131n\u0131n, sa\u011fl\u0131\u011f\u0131n\u0131n ve mutlulu\u011funun devam\u0131 i\u00e7in i\u00e7ten dualar\u0131m\u0131 sunmak istiyorum. Ayr\u0131ca itfaiyecilik konusunda t\u00fcm kasaba halk\u0131ndan derin anlay\u0131\u015f ve i\u015fbirli\u011finizi rica ediyorum.<\/p>\n<figure class=\"wp-caption aligncenter\"><a href=\"https:\/\/photos.google.com\/share\/AF1QipNAOZNqO5stEeHrdAMZAxL--oEFxSnYmDPJy47sd2cqWcS-bG1FLW9z7NoymWU4Jw\/photo\/AF1QipNDFygtbVrm8C4hcxmKNfx63rxGUPp89EM7ebA?key=SU42OEp1Z2tDSmF4emZEaEFLNjNnUTJfMy1zT21R\" target=\"_blank\" rel=\"noopener\"><img decoding=\"async\" src=\"https:\/\/lh3.googleusercontent.com\/pw\/AJFCJaUscCFTHmMKWz213aiL1iWK5Ew29rqJ7rGhDmWjyOYjAMxoZ8YU5Tduy44paiC70Sl5QPtKhbcDhl6XVLusklHOERXL4HY3R5YKMRdwjWFtDDawsid00Z_l0f-YHh8AvA9kCDVIa0CuwOWrw_FKTP7A=w2000-h1333-s-no?authuser=0\" width=\"2000\" height=\"1333\" alt=\"Bayanlar ve baylar,\" class=\"size-full\" \/><\/a><figcaption class=\"wp-caption-text\">Bayanlar ve baylar,<\/figcaption><\/figure>\n<h2>Takdir ve takdir belgesi<\/h2>\n<p><h3>Hokuryu Belediye Ba\u015fkan\u0131&#039;ndan takdir mektubu<\/h3><\/p>\n<ul>\n<li>Eski Liderler: 9. Lider Toshiaki Fujii<br \/>\n10. lider Osamu Kato<\/li>\n<li>Eski Ba\u015fkan Yard\u0131mc\u0131lar\u0131 10. Ba\u015fkan Yard\u0131mc\u0131s\u0131: Naoichi Nakamura<\/li>\n<li>Eski T\u00fcmen Komutanlar\u0131: 15. T\u00fcmen Komutan\u0131, 1. T\u00fcmen, Yasunori Takahashi<\/li>\n<li>20 y\u0131l\u0131 a\u015fk\u0131n hizmet deneyimi olan eski \u00fcye<br \/>\n1. T\u00fcmen Ba\u015fkan Yard\u0131mc\u0131s\u0131 Norio Sugimoto<br \/>\n\u0130kinci Lig Ba\u015fkan Yard\u0131mc\u0131s\u0131, Fuminori Kawashima<br \/>\nBirinci Lig \u015eefi Takashi Ishii<br \/>\n2. T\u00fcmen \u015eefi Naomi Kawashima<br \/>\n\u0130kinci B\u00f6l\u00fcm \u015eefi Kitajima Katsumi<br \/>\n2. T\u00fcmen \u015eefi Asao Morishima<br \/>\n\u0130kinci B\u00f6l\u00fcm \u015eefi Kazumi Hirabayashi<br \/>\nBirinci Lig Tak\u0131m Lideri Tomohiro Fukase<\/li>\n<li>Eski Taraftarlar Ba\u015fkan\u0131<br \/>\nSay\u0131n Ryoji Kikura, 1. B\u00f6l\u00fcm Destek Grubu Ba\u015fkan\u0131<br \/>\n1.Lig Taraftar Derne\u011fi Ba\u015fkan\u0131 Toshiaki Fujii<br \/>\n2. Lig Taraftar Derne\u011fi Ba\u015fkan\u0131 Masakazu Yoshio<br \/>\n2. Lig Taraftar Derne\u011fi Ba\u015fkan\u0131 Yuji Kamono<\/li>\n<p><\/ul><\/p>\n<figure class=\"wp-caption aligncenter\"><a href=\"https:\/\/photos.google.com\/share\/AF1QipNAOZNqO5stEeHrdAMZAxL--oEFxSnYmDPJy47sd2cqWcS-bG1FLW9z7NoymWU4Jw\/photo\/AF1QipMhVOjd5fkWAo1KQLZgitN3ZRwhicZnY_1Dk7w?key=SU42OEp1Z2tDSmF4emZEaEFLNjNnUTJfMy1zT21R\" target=\"_blank\" rel=\"noopener\"><img decoding=\"async\" src=\"https:\/\/lh3.googleusercontent.com\/pw\/AJFCJaVIa3snVot9IhCJup4QVc3JhYMTG2doAf671gYGGOQldUTI0yQCeHWTPDp18bhAkiES8v1wXFU9myq_PGfEy5pz9xawM7mYyCHnT43_bfepRdwnQGf41F2caeSqlrMBRMETivvECJFjJWgjsHuCA6vW=w2000-h1333-s-no?authuser=0\" width=\"2000\" height=\"1333\" alt=\"Takdir mektubu sunumu\" class=\"size-full\" \/><\/a><figcaption class=\"wp-caption-text\">Takdir mektubu sunumu<\/figcaption><\/figure>\n<figure class=\"wp-caption aligncenter\"><a href=\"https:\/\/photos.google.com\/share\/AF1QipNAOZNqO5stEeHrdAMZAxL--oEFxSnYmDPJy47sd2cqWcS-bG1FLW9z7NoymWU4Jw\/photo\/AF1QipNo1Vec9ZOao6PV7pHWTm6YV8x9q2e9Xr2P4cc?key=SU42OEp1Z2tDSmF4emZEaEFLNjNnUTJfMy1zT21R\" target=\"_blank\" rel=\"noopener\"><img decoding=\"async\" src=\"https:\/\/lh3.googleusercontent.com\/pw\/AJFCJaVDHn8qt4_Hsg9nU1EI3BpTbcqIRUGEuyT_4viCEQtQ-IelQ9N1EOapcCKTmwhXjIEok61TOnp7H3BFod0n8caAWq_cFGWYXwMH52rLbQWFgLeW6qAYJeKKXa0NL5a3fmhUQb6CHgV6wp0FAeDdvXp3=w2000-h1333-s-no?authuser=0\" width=\"2000\" height=\"1333\" alt=\"Takdir mektubu sunumu\" class=\"size-full\" \/><\/a><figcaption class=\"wp-caption-text\">Takdir mektubu sunumu<\/figcaption><\/figure>\n<figure class=\"wp-caption aligncenter\"><a href=\"https:\/\/photos.google.com\/share\/AF1QipNAOZNqO5stEeHrdAMZAxL--oEFxSnYmDPJy47sd2cqWcS-bG1FLW9z7NoymWU4Jw\/photo\/AF1QipPxLP6OlohT6OBkavl8ixFp6EVoLN98Q-mekrM?key=SU42OEp1Z2tDSmF4emZEaEFLNjNnUTJfMy1zT21R\" target=\"_blank\" rel=\"noopener\"><img decoding=\"async\" src=\"https:\/\/lh3.googleusercontent.com\/pw\/AJFCJaWbMTqawQDOpcMb6RCBBoda72aNnPq13D7qYLFBid3Ef3V--Krw8rRTNou8ZP1vrDE0zBFx37e4ZRpHqQ5_jRpR3Ypec5ZyUWOhC-qvcTmCFnefTgrABJ1QeIaIDRjCKs4c7tEd6M4w_G_Zeq0wRdex=w2000-h1333-s-no?authuser=0\" width=\"2000\" height=\"1333\" alt=\"Takdir mektubu sunumu\" class=\"size-full\" \/><\/a><figcaption class=\"wp-caption-text\">Takdir mektubu sunumu<\/figcaption><\/figure>\n<h3>Hokuryu Kasabas\u0131 Belediye Ba\u015fkan\u0131 \u00d6d\u00fcl\u00fc<\/h3>\n<ul>\n<li>Grubun Lideri, 30 y\u0131l\u0131 a\u015fk\u0131n hizmet deneyimine sahip Bay Shigeyuki Nakayama<br \/>\nBa\u015fkan Yard\u0131mc\u0131s\u0131 Takashi Ukai<br \/>\n1. T\u00fcmen \u015eefi Bay Hiroki Tsuzuki<\/li>\n<\/ul>\n<figure class=\"wp-caption aligncenter\"><a href=\"https:\/\/photos.google.com\/share\/AF1QipNAOZNqO5stEeHrdAMZAxL--oEFxSnYmDPJy47sd2cqWcS-bG1FLW9z7NoymWU4Jw\/photo\/AF1QipOGhfYDdqXnQYqnTLGgJMnJHI0uNh3QDFd5JTY?key=SU42OEp1Z2tDSmF4emZEaEFLNjNnUTJfMy1zT21R\" target=\"_blank\" rel=\"noopener\"><img decoding=\"async\" src=\"https:\/\/lh3.googleusercontent.com\/pw\/AJFCJaXNl2j0xJ_CGAO4KANZO_ONoFoLrMComvPDE9t6I8V5q_hoZo5WajmsRwKJT9v7WDKH69BM2n7Fj0AbaDuqkblRPyQIrD0RoEHAJTE6zGOklanNANkoV5wyp14NcHmTff3cnOqmHEM-UHivKhXptRMy=w2000-h1333-s-no?authuser=0\" width=\"2000\" height=\"1333\" alt=\"\u00d6d\u00fcl t\u00f6reni\" class=\"size-full\" \/><\/a><figcaption class=\"wp-caption-text\">\u00d6d\u00fcl t\u00f6reni<\/figcaption><\/figure>\n<h2>Tebrik konu\u015fmas\u0131<\/h2>\n<ul>\n<li>Hokuryu Kasaba Meclisi Ba\u015fkan\u0131 Say\u0131n Yasuhiro Sasaki (Ba\u015fkan Yard\u0131mc\u0131s\u0131 Say\u0131n Shoichi Nakamura taraf\u0131ndan okundu)<\/li>\n<li>Hokkaido \u0130tfaiyeciler Derne\u011fi Sorachi B\u00f6lge \u015eubesi \u015eefi Bay Katsunori Konishi (Numata \u0130tfaiye Tugay\u0131 \u015eefi)<\/li>\n<li>Bay Tadashi Kimoto, Fukagawa Polis Karakolu \u015eefi, Asahikawa B\u00f6lgesi, Hokkaido Valili\u011fi Polisi<\/li>\n<\/ul>\n<h3>Hokuryu Kasaba Meclisi Ba\u015fkan\u0131 Say\u0131n Yasuhiro Sasaki (Ba\u015fkan Yard\u0131mc\u0131s\u0131 Say\u0131n Shoichi Nakamura taraf\u0131ndan okundu)<\/h3>\n<figure class=\"wp-caption aligncenter\"><a href=\"https:\/\/photos.google.com\/share\/AF1QipNAOZNqO5stEeHrdAMZAxL--oEFxSnYmDPJy47sd2cqWcS-bG1FLW9z7NoymWU4Jw\/photo\/AF1QipNTuGKLVRQSf5jjqM9qlmiqc8Ug9MOvOv_44OE?key=SU42OEp1Z2tDSmF4emZEaEFLNjNnUTJfMy1zT21R\" target=\"_blank\" rel=\"noopener\"><img decoding=\"async\" src=\"https:\/\/lh3.googleusercontent.com\/pw\/AJFCJaVhQYITQ3xq39yI8DIbft7NL1fmULeFoZmpH9SwGHxXjSdFMVTOaMYpiG-VXehJM5frLNnB8n77egUm_NiRZk-fCDAzE9igaS96l-6P4UD1CTvTxfqyqWzv_MD3v9Bs259W-xuIAe06C-U0xgKCEnJG=w2000-h1333-s-no?authuser=0\" width=\"2000\" height=\"1333\" alt=\"Tebrik mesaj\u0131n\u0131 okuyan: Ba\u015fkan Yard\u0131mc\u0131s\u0131 Shoichi Nakamura\" class=\"size-full\" \/><\/a><figcaption class=\"wp-caption-text\">Tebrik mesaj\u0131n\u0131 okuyan: Ba\u015fkan Yard\u0131mc\u0131s\u0131 Shoichi Nakamura<\/figcaption><\/figure>\n<p>&quot;Hokuryu \u0130tfaiye Tugay\u0131&#039;n\u0131n kurulu\u015funun 110. y\u0131l d\u00f6n\u00fcm\u00fcn\u00fc anan bug\u00fcnk\u00fc Hokuryu Yang\u0131n Tatbikat\u0131, ya\u011fmur endi\u015felerine ra\u011fmen sorunsuz bir \u015fekilde ger\u00e7ekle\u015ftirildi. Ekibi t\u00fcm etkinli\u011fi sorunsuz bir \u015fekilde tamamlad\u0131klar\u0131 i\u00e7in tebrik etmek istiyorum. Ayr\u0131ca Belediye Ba\u015fkan\u0131 Sano&#039;dan bir takdir mektubu ald\u0131k. \u00c7ok te\u015fekk\u00fcr ederim.<\/p>\n<p>Ba\u015fkan Sasaki \u00e7e\u015fitli sebeplerden dolay\u0131 toplant\u0131ya kat\u0131lamad\u0131. Ba\u015fkan\u0131m\u0131zdan tebrik mesaj\u0131 ald\u0131m, onun ad\u0131na ben okuyaca\u011f\u0131m.<\/p>\n<h4>Tebrik konu\u015fmas\u0131: Hokuryu Kasaba Meclisi Ba\u015fkan\u0131 Yasuhiro Sasaki<\/h4>\n<p>Kitaryu \u0130tfaiye Tugay\u0131&#039;n\u0131n 110. kurulu\u015f y\u0131l d\u00f6n\u00fcm\u00fcn\u00fc en i\u00e7ten dileklerimizle kutluyoruz.<\/p>\n<p>Kitaryu \u0130tfaiye Tugay\u0131, bir anda can ve mal kayb\u0131na yol a\u00e7abilen yang\u0131nlara kar\u015f\u0131 kendini savunma arac\u0131 olarak Meiji 040 civar\u0131nda kurulmu\u015f, daha sonra Taisho 2 (1913) olarak \u00f6rg\u00fctlenmi\u015f ve g\u00fcn\u00fcm\u00fcze kadar varl\u0131\u011f\u0131n\u0131 s\u00fcrd\u00fcrm\u00fc\u015ft\u00fcr.<\/p>\n<p>\u0130tfaiye Kanunu 1947 y\u0131l\u0131nda \u00e7\u0131kar\u0131larak bug\u00fcnk\u00fc belediye itfaiye te\u015fkilat\u0131 kurulmu\u015ftur. Nisan 1972&#039;de, Fukagawa B\u00f6lge \u0130tfaiye Te\u015fkilat\u0131, Kita Sorachi&#039;deki bir \u015fehir ve be\u015f kasabay\u0131 kapsayan geni\u015f bir itfaiye te\u015fkilat\u0131 olarak kuruldu ve bunun, bug\u00fcn Kitary\u016b kasabas\u0131n\u0131n emniyet ve g\u00fcvenli\u011finin temellerinin at\u0131lmas\u0131na yard\u0131mc\u0131 oldu\u011funa inan\u0131yorum.<\/p>\n<p>Zaman Heisei&#039;den Reiwa&#039;ya do\u011fru de\u011fi\u015ftik\u00e7e, odak noktas\u0131 yang\u0131nlardan korunmak ve yang\u0131nlar\u0131 \u00f6nlemekten, \u00f6ng\u00f6r\u00fclemeyen depremler, tayfunlar, \u015fiddetli ya\u011fmurlar ve yo\u011fun kar ya\u011f\u0131\u015f\u0131 gibi s\u0131k s\u0131k meydana gelen y\u0131k\u0131c\u0131 felaketlere yan\u0131t vermeye kayd\u0131.<\/p>\n<p>G\u00fcnl\u00fck i\u015flerinin yan\u0131 s\u0131ra, yerel gururun asil ruhu ve g\u00fc\u00e7l\u00fc sorumluluk duygusuyla hareket eden itfaiye te\u015fkilat\u0131m\u0131z\u0131n t\u00fcm mensuplar\u0131na, \u00f6zverili \u00e7al\u0131\u015fmalar\u0131ndan dolay\u0131 en derin sayg\u0131lar\u0131m\u0131z\u0131 sunmak isteriz.<\/p>\n<p>Bu muhte\u015fem 110. y\u0131l d\u00f6n\u00fcm\u00fcn\u00fc, yerel halk\u0131n huzur ve d\u00fczenini korumak, toplumsal ve kamusal refah\u0131 te\u015fvik etmek i\u00e7in daha fazla \u00e7aba ve \u00e7al\u0131\u015fma f\u0131rsat\u0131 olarak de\u011ferlendirece\u011finizi umuyoruz. Bu y\u00f6ndeki \u00e7abalar\u0131n\u0131z\u0131n devam\u0131n\u0131 temenni ediyor, sizleri tebrik ediyoruz.<\/p>\n<p>Sonu\u00e7 olarak, itfaiyecilik fonksiyonlar\u0131m\u0131z\u0131 iyile\u015ftirmek, tesis ve ekipmanlar\u0131m\u0131z\u0131 yenilemek ve yang\u0131n s\u00f6nd\u00fcrme sistemimizi bug\u00fcn bildi\u011fimiz \u015fekilde modernize edip geli\u015ftirmek i\u00e7in \u00e7aba g\u00f6steren ilgili kurulu\u015flara ve t\u00fcm kasaba halk\u0131n\u0131n i\u015fbirli\u011fine en derin \u015f\u00fckranlar\u0131m\u0131 sunmak isterim. Tebrikler bug\u00fcn.<\/p>\n<p>29 Haziran 2023, Hokuryu Kasaba Meclisi Ba\u015fkan\u0131, Sasaki Yasuhiro.<\/p>\n<h3>Hokkaido \u0130tfaiyeciler Derne\u011fi Sorachi B\u00f6lge \u015eubesi \u015eefi Bay Katsunori Konishi (Numata \u0130tfaiye Tugay\u0131 \u015eefi)<\/h3>\n<figure class=\"wp-caption aligncenter\"><a href=\"https:\/\/photos.google.com\/share\/AF1QipNAOZNqO5stEeHrdAMZAxL--oEFxSnYmDPJy47sd2cqWcS-bG1FLW9z7NoymWU4Jw\/photo\/AF1QipMx2PR5cMAx9fN9OjId0F6JuJB6MfOZe4VSOeo?key=SU42OEp1Z2tDSmF4emZEaEFLNjNnUTJfMy1zT21R\" target=\"_blank\" rel=\"noopener\"><img decoding=\"async\" src=\"https:\/\/lh3.googleusercontent.com\/pw\/AJFCJaVaY5Vu0LjODNMGePduvP6RL-qf_ibd9u-bD3tiHeho-_HJohUXsdhL1Oc49eKIEhBYQZuJvNAK37XNpt9rq-Yyr-hiQMBJkRz_Jmon756Jyo-qapKOn1xlkynYSoMgjfQS9z3y7AxccXPcOc5Jk1Yb=w2000-h1333-s-no?authuser=0\" width=\"2000\" height=\"1333\" alt=\"Hokkaido \u0130tfaiyeciler Derne\u011fi Sorachi B\u00f6lge \u015eubesi Ba\u015fkan\u0131 Say\u0131n Katsunori Konishi (Numata \u0130tfaiye Tugay\u0131 \u015eefi)\" class=\"size-full\" \/><\/a><figcaption class=\"wp-caption-text\">Hokkaido \u0130tfaiyeciler Derne\u011fi Sorachi B\u00f6lge \u015eubesi Ba\u015fkan\u0131 Say\u0131n Katsunori Konishi (Numata \u0130tfaiye Tugay\u0131 \u015eefi)<\/figcaption><\/figure>\n<p>&quot;Fukagawa B\u00f6lge \u0130tfaiye Departman\u0131 Hokuryu \u0130tfaiye Tugay\u0131&#039;n\u0131 110. kurulu\u015f y\u0131ld\u00f6n\u00fcm\u00fc gibi \u00f6nemli bir d\u00f6n\u00fcm noktas\u0131na ula\u015ft\u0131klar\u0131 ve bu d\u00f6n\u00fcm noktas\u0131n\u0131 anmak \u00fczere bir anma t\u00f6reni d\u00fczenledikleri i\u00e7in y\u00fcrekten kutluyorum.<\/p>\n<p>Kitaryu \u0130tfaiye Tugay\u0131 1913 y\u0131l\u0131nda \u00f6zel bir yang\u0131n \u00f6nleme derne\u011fi olarak kuruldu\u011fundan beri, itfaiye tugay\u0131 \u015fefleri, \u00e7al\u0131\u015fanlar\u0131 ve destek \u00fcyeleri, itfaiye y\u00f6netimini \u00e7evreleyen ortam\u0131n zamanla de\u011fi\u015fmesi nedeniyle bir\u00e7ok zorlukla kar\u015f\u0131la\u015ft\u0131lar; ancak itfaiye tugay\u0131 organizasyonunu g\u00fc\u00e7lendirmek, yang\u0131n tesislerini iyile\u015ftirmek ve geni\u015fletmek, yang\u0131n \u00f6nleme fikirlerini yaymak ve kasaba halk\u0131n\u0131n emniyeti ve g\u00fcvenli\u011fi i\u00e7in e\u011fitim becerilerini geli\u015ftirmek amac\u0131yla bilgi ve \u00e7abalar\u0131n\u0131 birle\u015ftirerek say\u0131s\u0131z zorlu\u011fun \u00fcstesinden gelmeyi ba\u015fard\u0131lar. Bu \u00e7abalara derin sayg\u0131m\u0131z\u0131 ifade etmek istiyoruz.<\/p>\n<p>Bug\u00fcnk\u00fc anma tatbikat\u0131 disiplinli bir e\u011fitimle ba\u015flad\u0131, ard\u0131ndan koordineli pompa \u00e7al\u0131\u015ft\u0131rma e\u011fitimi, e\u015f zamanl\u0131 su p\u00fcsk\u00fcrtme ve muhte\u015fem bir formasyon y\u00fcr\u00fcy\u00fc\u015f\u00fc ile devam etti. Co\u015fkulu bir \u00e7al\u0131\u015fmayd\u0131 ve kapsaml\u0131 bir afet \u00f6nleme ve \u00f6nleme sistemi kurarak kasaba halk\u0131n\u0131n isteklerine tam anlam\u0131yla yan\u0131t verdi\u011fimizden ve bize olan g\u00fcvenlerini daha da derinle\u015ftirdi\u011fimizden eminim.<\/p>\n<p>Son y\u0131llarda rekor k\u0131ran kar ya\u011f\u0131\u015f\u0131 ve yo\u011fun ya\u011f\u0131\u015f gibi do\u011fal afetler bir\u00e7ok b\u00f6lgede daha s\u0131k ve \u015fiddetli ya\u015fanmaya ba\u015fland\u0131. Dolay\u0131s\u0131yla itfaiye te\u015fkilat\u0131m\u0131zdan beklentiler y\u00fcksek ve \u00fcstlendi\u011fimiz rol daha da \u00f6nemli hale geliyor.<\/p>\n<p>Bug\u00fcnk\u00fc 110. y\u0131l t\u00f6reninin sizler i\u00e7in itfaiyecilik geleneklerinize olan g\u00fcven ve gururla e\u011fitiminizde s\u0131k\u0131 \u00e7al\u0131\u015fmaya devam etmeniz ve gelecekte daha da s\u0131k\u0131 \u00e7al\u0131\u015fmaya devam etmeniz i\u00e7in bir f\u0131rsat olmas\u0131n\u0131 umuyoruz.<\/p>\n<p>Son olarak, Fukagawa B\u00f6lge \u0130tfaiye Te\u015fkilat\u0131 Kitaryu \u0130tfaiye Tugay\u0131&#039;n\u0131n ba\u015far\u0131s\u0131n\u0131n devam\u0131n\u0131 ve bug\u00fcn kat\u0131lan herkese sa\u011fl\u0131k ve mutluluk dileklerimi sunmak istiyorum. Konu\u015fmam burada sona eriyor.&quot;<\/p>\n<h3>Bay Tadashi Kimoto, Fukagawa Polis Karakolu \u015eefi, Asahikawa B\u00f6lgesi, Hokkaido Valili\u011fi Polisi<\/h3>\n<figure class=\"wp-caption aligncenter\"><a href=\"https:\/\/photos.google.com\/share\/AF1QipNAOZNqO5stEeHrdAMZAxL--oEFxSnYmDPJy47sd2cqWcS-bG1FLW9z7NoymWU4Jw\/photo\/AF1QipOyXO6NOLocLdAVfLuVTXWNtNI8_CozJYdetK8?key=SU42OEp1Z2tDSmF4emZEaEFLNjNnUTJfMy1zT21R\" target=\"_blank\" rel=\"noopener\"><img decoding=\"async\" src=\"https:\/\/lh3.googleusercontent.com\/pw\/AJFCJaVgppm9OapvEaldS7FoSNDA0pVPoYd1bjrBGTUZ9hJBfbWQn7h27pXKYKgGB00J-MIC8dI1LvePujmX7hzVQpRJgcROb5KvzD4ORliCRpDNv38MwKS9BzW-GDJECL9gJNoN-k-W8pDTyr7JrZMZHLbZ=w2000-h1333-s-no?authuser=0\" width=\"2000\" height=\"1333\" alt=\"Bay Tadashi Kimoto, Fukagawa Polis Karakolu \u015eefi, Asahikawa B\u00f6lgesi, Hokkaido Valili\u011fi Polisi\" class=\"size-full\" \/><\/a><figcaption class=\"wp-caption-text\">Bay Tadashi Kimoto, Fukagawa Polis Karakolu \u015eefi, Asahikawa B\u00f6lgesi, Hokkaido Valili\u011fi Polisi<\/figcaption><\/figure>\n<p>&quot;Hokuryu \u0130tfaiye Tugay\u0131&#039;n\u0131n kurulu\u015funun 110. y\u0131l d\u00f6n\u00fcm\u00fcn\u00fcn bug\u00fcn kutlanmas\u0131 dolay\u0131s\u0131yla en i\u00e7ten tebriklerimi sunmak istiyorum.<\/p>\n<p>Polis te\u015fkilat\u0131n\u0131n her alan\u0131nda g\u00f6sterdi\u011finiz anlay\u0131\u015f ve i\u015fbirli\u011finizden dolay\u0131 i\u00e7ten te\u015fekk\u00fcrlerimizi sunmak isteriz.<\/p>\n<p>Muhte\u015fem bir gelene\u011fe ve tarihe sahip olan Kitaryu \u0130tfaiye Tugay\u0131 \u00fcyeleri, yo\u011fun ana i\u015flerinin yan\u0131 s\u0131ra, yerel gurur ve sorumluluk duygusuyla, sakinlerin can ve mallar\u0131n\u0131 yang\u0131n ve afetlerden koruma gibi asil g\u00f6revleri i\u00e7in \u00e7ok \u00e7al\u0131\u015f\u0131yor ve s\u0131k\u0131 \u00e7al\u0131\u015fmalar\u0131na en derin sayg\u0131m\u0131z\u0131 sunuyoruz.<\/p>\n<p>Bug\u00fcn erken saatlerde komutan\u0131n\u0131z\u0131n komutas\u0131 alt\u0131nda birli\u011finizin y\u00fcr\u00fcy\u00fc\u015f\u00fcn\u00fc ve talimlerini izleme f\u0131rsat\u0131 buldum ve sizin y\u00fcksek moraliniz, vakar\u0131n\u0131z ve disiplinli g\u00f6r\u00fcn\u00fcm\u00fcn\u00fczden etkilendim, bu da bana hem g\u00fcvenilir hem de g\u00fc\u00e7l\u00fc oldu\u011funuz izlenimini verdi.<\/p>\n<p>Son y\u0131llarda \u00fclke genelinde b\u00fcy\u00fck \u00e7apl\u0131 do\u011fal afetler ve kazalar s\u0131kl\u0131kla ya\u015fan\u0131rken, Hokkaido&#039;da da anormal hava ko\u015fullar\u0131n\u0131n neden oldu\u011fu afet ve kazalar giderek art\u0131yor.<\/p>\n<p>Kitary\u016b Kasabas\u0131&#039;nda, herkesin \u00f6zverili \u00e7abalar\u0131 sayesinde huzurlu bir ya\u015fam s\u00fcrd\u00fcrebiliyoruz, ancak gelecekte yang\u0131n s\u00f6nd\u00fcrme, acil t\u0131bbi m\u00fcdahale, afet b\u00f6lgelerinde arama kurtarma \u00e7al\u0131\u015fmalar\u0131 gibi zorlu faaliyetleri y\u00fcr\u00fctmemizi gerektirecek durumlar\u0131n say\u0131s\u0131nda art\u0131\u015f olaca\u011f\u0131ndan endi\u015fe duyuyoruz.<\/p>\n<p>Kitaryu \u0130tfaiye Te\u015fkilat\u0131&#039;n\u0131n t\u00fcm \u00fcyelerinden y\u00fcksek fark\u0131ndal\u0131k seviyelerini korumaya, becerilerini daha da geli\u015ftirmeye \u00e7abalamalar\u0131n\u0131 ve kasaba halk\u0131n\u0131n kendilerine duydu\u011fu beklenti ve g\u00fcveni kar\u015f\u0131lamalar\u0131n\u0131 i\u00e7tenlikle rica ediyorum.<\/p>\n<p>Polis te\u015fkilat\u0131m\u0131z Hokuriku \u0130tfaiye Te\u015fkilat\u0131 ile ayn\u0131 misyonu payla\u015f\u0131yor, bu nedenle Hokuriku&#039;yu g\u00fcvenli ve emniyetli bir kasaba yapmak i\u00e7in ge\u00e7mi\u015fte yapt\u0131\u011f\u0131m\u0131z gibi sizinle birlikte \u00e7al\u0131\u015fmaya devam etmeyi ama\u00e7l\u0131yoruz.<\/p>\n<p>Sonu\u00e7 olarak, itfaiye te\u015fkilat\u0131m\u0131z\u0131n ve itfaiye te\u015fkilat\u0131 personelimizin tamam\u0131na ve bug\u00fcn burada bulunan herkese sa\u011fl\u0131k ve mutluluk dileklerimi sunmak istiyorum.&quot;<\/p>\n<figure class=\"wp-caption aligncenter\"><a href=\"https:\/\/photos.google.com\/share\/AF1QipNAOZNqO5stEeHrdAMZAxL--oEFxSnYmDPJy47sd2cqWcS-bG1FLW9z7NoymWU4Jw\/photo\/AF1QipMnANAPNPNR9FfC2mdksbnMl-NQoGjNEqvN3-k?key=SU42OEp1Z2tDSmF4emZEaEFLNjNnUTJfMy1zT21R\" target=\"_blank\" rel=\"noopener\"><img decoding=\"async\" src=\"https:\/\/lh3.googleusercontent.com\/pw\/AJFCJaU46hrzuRSrcsYpoDr8QtJu6u4IpzJcf1aO67FU5Q7CX1i5OixY4DyUXD0OgjoE2h9JPqk1hGIX-ow8z8fyCPkv7Vz_Nhwq0UP9gKsS6t35kLvppWtG1iaRUjjWhq6-LoVRviSRgkDlX_xqFMDM4X9V=w2000-h1333-s-no?authuser=0\" width=\"2000\" height=\"1333\" alt=\"\u00dcyeler aya\u011fa kalk\u0131yor\" class=\"size-full\" \/><\/a><figcaption class=\"wp-caption-text\">\u00dcyeler aya\u011fa kalk\u0131yor<\/figcaption><\/figure>\n<h2>Tebrik telgraf\u0131 sunumu<\/h2>\n<h3>Okuyan: Fukagawa \u0130tfaiye Departman\u0131 Kitatatsu \u015eubesi \u015eefi Takayoshi Kazuma, Fukagawa B\u00f6lge \u0130tfaiye Departman\u0131 Derne\u011fi<\/h3>\n<figure class=\"wp-caption aligncenter\"><a href=\"https:\/\/photos.google.com\/share\/AF1QipNAOZNqO5stEeHrdAMZAxL--oEFxSnYmDPJy47sd2cqWcS-bG1FLW9z7NoymWU4Jw\/photo\/AF1QipMsmYPNNapQZINsq_6-AieajYPzBj5dTR_Ir_Q?key=SU42OEp1Z2tDSmF4emZEaEFLNjNnUTJfMy1zT21R\" target=\"_blank\" rel=\"noopener\"><img decoding=\"async\" src=\"https:\/\/lh3.googleusercontent.com\/pw\/AJFCJaXRVasCY71T63ZFSYYQdnwoOeBVqJG1MIl_VVL5UrlmISxnZnxjD331adPNmKR_CQXs4lHsqU8Gups7q4k-04H9i3WLYQgkbCcLUDqwG4tL5muMlHprc1cNeXPEToJUKy1d-t40Fb062iL7P0s6KIAJ=w2000-h1333-s-no?authuser=0https:\/\/lh3.googleusercontent.com\/pw\/AJFCJaU46hrzuRSrcsYpoDr8QtJu6u4IpzJcf1aO67FU5Q7CX1i5OixY4DyUXD0OgjoE2h9JPqk1hGIX-ow8z8fyCPkv7Vz_Nhwq0UP9gKsS6t35kLvppWtG1iaRUjjWhq6-LoVRviSRgkDlX_xqFMDM4X9V=w2000-h1333-s-no?authuser=0\" width=\"2000\" height=\"1333\" alt=\"Tebrik telgraf\u0131n\u0131 okuyan: Fukagawa B\u00f6lge \u0130tfaiye Departman\u0131 Hokuryu \u015eube \u015eefi Kazuma Takayoshi\" class=\"size-full\" \/><\/a><figcaption class=\"wp-caption-text\">Tebrik telgraf\u0131 sunumu ve okunmas\u0131: Fukagawa B\u00f6lge \u0130tfaiye Departman\u0131 Hokuryu \u015eube \u015eefi Kazuma Takayoshi<\/figcaption><\/figure>\n<h4>Tebrik telgraf\u0131: Kenichi Suzuki, Sorachi B\u00f6lgesel Kalk\u0131nma B\u00fcrosu M\u00fcd\u00fcr\u00fc<\/h4>\n<p>Kitaryu \u0130tfaiye Tugay\u0131&#039;n\u0131n 110. kurulu\u015f y\u0131l d\u00f6n\u00fcm\u00fcne ula\u015fmas\u0131 ve d\u00fczenlenecek b\u00fcy\u00fck anma yang\u0131n tatbikat\u0131 nedeniyle y\u00fcrekten tebriklerimizi sunmak istiyoruz.<\/p>\n<p>Kitary\u016b \u0130tfaiye Tugay\u0131, Nisan 1913&#039;te \u00f6zel bir yang\u0131n \u00f6nleme derne\u011fi olu\u015fturan g\u00f6n\u00fcll\u00fcler taraf\u0131ndan kuruldu ve o tarihten bu yana Kitary\u016b kasabas\u0131 sakinlerinin g\u00fcvenli ve emniyetli ya\u015famlar\u0131n\u0131 destekleyerek \u00e7ok say\u0131da yang\u0131n ve felaketi \u00f6nledi.<\/p>\n<p>Bu gelene\u011fi bug\u00fcne kadar s\u00fcrd\u00fcren \u00f6nc\u00fclerimiz ba\u015fta olmak \u00fczere, uzun y\u0131llard\u0131r \u00f6zveriyle emek veren herkese en derin sayg\u0131lar\u0131m\u0131 sunmak istiyorum.<\/p>\n<p>Hepinizin kendi d\u00fczenli i\u015fleriniz varken, itfaiye te\u015fkilat\u0131m\u0131z\u0131n \u00fcyeleri, kendi toplumunuzu koruman\u0131n asil ruhuna dayal\u0131 olarak itfaiyecilik faaliyetlerinde s\u0131k\u0131 bir \u015fekilde \u00e7al\u0131\u015fmaktad\u0131r ve asil faaliyetleriniz i\u00e7in i\u00e7ten \u015f\u00fckranlar\u0131m\u0131z\u0131 sunmak istiyoruz. Ayr\u0131ca, kriz y\u00f6netimi a\u00e7\u0131s\u0131ndan itfaiyecili\u011fin giderek daha \u00f6nemli hale gelen rol\u00fcn\u00fc \u00fcstlenebilmek i\u00e7in kendinizi e\u011fitmeye devam edece\u011finizi ve toplumun emniyet ve g\u00fcvenli\u011finin koruyucular\u0131 olarak sakinlerin beklentilerini kar\u015f\u0131lamak i\u00e7in s\u0131k\u0131 bir \u015fekilde \u00e7al\u0131\u015fmaya devam edece\u011finizi umuyoruz.<\/p>\n<p>Sorachi Genel Kalk\u0131nma B\u00fcrosu, sakinlerin huzur i\u00e7inde ya\u015fayabilece\u011fi bir topluluk yaratmak i\u00e7in sizinle yak\u0131n bir \u015fekilde \u00e7al\u0131\u015fmaya devam edecek ve devam eden deste\u011finiz ve i\u015fbirli\u011finiz i\u00e7in te\u015fekk\u00fcr ederiz.<\/p>\n<p>Sonu\u00e7 olarak, bug\u00fcn burada toplanan herkesin sa\u011fl\u0131\u011f\u0131 ve Kitaryu \u0130tfaiye Tugay\u0131&#039;n\u0131n ba\u015far\u0131s\u0131n\u0131n devam\u0131 i\u00e7in en iyi dileklerimi sunmak istiyorum.<\/p>\n<p>29 Haziran 2023. Kenichi Suzuki, Sorachi B\u00f6lgesel Kalk\u0131nma B\u00fcrosu M\u00fcd\u00fcr\u00fc.<\/p>\n<h2>Hokuryu \u0130tfaiye Departman\u0131 110. Y\u0131l D\u00f6n\u00fcm\u00fc Anma Komitesi Ba\u015fkan\u0131 ve Hokuryu \u0130tfaiye Departman\u0131 \u015eefi, Fukagawa B\u00f6lge \u0130tfaiye Departman\u0131 Sendikas\u0131 Ba\u015fkan\u0131 Say\u0131n Shigeyuki Nakayama&#039;ya te\u015fekk\u00fcr ederiz<\/h2>\n<figure class=\"wp-caption aligncenter\"><a href=\"https:\/\/photos.google.com\/share\/AF1QipNAOZNqO5stEeHrdAMZAxL--oEFxSnYmDPJy47sd2cqWcS-bG1FLW9z7NoymWU4Jw\/photo\/AF1QipMcff0pRJHeM5bNJakHAVAzKAohhH8mPpJ-hQY?key=SU42OEp1Z2tDSmF4emZEaEFLNjNnUTJfMy1zT21R\" target=\"_blank\" rel=\"noopener\"><img decoding=\"async\" src=\"https:\/\/lh3.googleusercontent.com\/pw\/AJFCJaWGafMkoOclGjcF7B0mKPep0V1E2TauOme60HJ_naRAi1Ql4kWAPGxSQdUTwX6g1M-iLCDnYYj0-ZLUR7R-_DzIJ9OIhVl9-VWlA3TGTv_1Hqwz-Iz0AjpbGnLjCxTfHYCRiYvfukVwwNN2UaMczcdG=w2000-h1333-s-no?authuser=0\" width=\"2000\" height=\"1333\" alt=\"Hokuryu \u0130tfaiye Departman\u0131 110. Y\u0131l D\u00f6n\u00fcm\u00fc Anma Projesi Komitesi Ba\u015fkan\u0131 ve Fukagawa B\u00f6lgesi Hokuryu \u0130tfaiye Departman\u0131 \u015eefi Say\u0131n Shigeyuki Nakayama&#039;ya te\u015fekk\u00fcr ederiz\" class=\"size-full\" \/><\/a><figcaption class=\"wp-caption-text\">Hokuryu \u0130tfaiye Departman\u0131 110. Y\u0131l Anma Projesi Komitesi Ba\u015fkan\u0131&#039;na te\u015fekk\u00fcr ederiz<br \/>\nBay Shigeyuki Nakayama, Hokuryu \u0130tfaiyesi \u015eefi, Fukagawa B\u00f6lgesi \u0130tfaiye Te\u015fkilat\u0131<\/figcaption><\/figure>\n<p>&quot;Hokuryu \u0130tfaiye Tugay\u0131 mensuplar\u0131 olarak, itfaiye te\u015fkilat\u0131m\u0131z\u0131n kurulu\u015funun 110. y\u0131l d\u00f6n\u00fcm\u00fcn\u00fc anma tatbikat\u0131 ve t\u00f6reni d\u00fczenlemekten b\u00fcy\u00fck mutluluk duyuyoruz.<\/p>\n<p>\u0130lgili t\u00fcm taraflara anlay\u0131\u015f ve i\u015f birli\u011fi i\u00e7in en i\u00e7ten te\u015fekk\u00fcrlerimizi sunar\u0131z.<\/p>\n<p>Bu y\u0131l ayn\u0131 zamanda Hokuryu Kasabas\u0131&#039;n\u0131n kurulu\u015funun 130. y\u0131ld\u00f6n\u00fcm\u00fc, \u00e7\u00fcnk\u00fc 1893 y\u0131l\u0131nda Chiba Eyaletinden gelen ilk yerle\u015fimciler k\u00fcre\u011fi buraya getirmi\u015fti.<\/p>\n<p>\u00d6nc\u00fc g\u00fcnlerde, s\u0131k s\u0131k ya\u015fanan do\u011fal afetler ve \u00e7\u0131kan orman yang\u0131nlar\u0131, b\u00f6lge sakinlerini bir itfaiye te\u015fkilat\u0131na duyulan ihtiya\u00e7 konusunda bilin\u00e7lendirdi ve Chiba grubunun b\u00f6lgeye yerle\u015fmesinden on iki y\u0131l sonra Wa Yang\u0131n \u00d6nleme Derne\u011fi kuruldu.<\/p>\n<p>Daha sonra 1913 y\u0131l\u0131nda \u00d6zel Shinryu Yang\u0131n \u00d6nleme Derne\u011fi olarak yeniden d\u00fczenlendi ve bu y\u0131l Kitaryu \u0130tfaiye Tugay\u0131&#039;n\u0131n k\u00f6keni olarak kabul edilir.<\/p>\n<p>Y\u0131llar i\u00e7inde \u00f6zel itfaiye te\u015fkilat\u0131na, daha sonra kamu itfaiye te\u015fkilat\u0131na, en son da sivil savunma te\u015fkilat\u0131na d\u00f6n\u00fc\u015fen te\u015fkilat, 1947&#039;de sava\u015f\u0131n sona ermesinin ard\u0131ndan belediye itfaiye te\u015fkilat\u0131na d\u00f6n\u00fc\u015ft\u00fcr\u00fcld\u00fc ve Kitary\u016b K\u00f6y\u00fc \u0130tfaiye Te\u015fkilat\u0131 kuruldu.<\/p>\n<p>Ayr\u0131ca itfaiye te\u015fkilat\u0131n\u0131 g\u00fc\u00e7lendirmek ve tesisleri modernize etmek amac\u0131yla 1972 y\u0131l\u0131nda Sorachi B\u00f6lge \u0130tfaiye Te\u015fkilat\u0131 Derne\u011fi geni\u015f alan itfaiye te\u015fkilat\u0131 olarak kurulmu\u015f ve ilgili \u015fehir ve kasabalar\u0131n i\u015fbirli\u011fiyle \u00f6zel itfaiyecili\u011fin g\u00fc\u00e7lendirilmesi y\u00f6n\u00fcnde \u00e7al\u0131\u015fmalar yap\u0131lm\u0131\u015ft\u0131r.<\/p>\n<p>Bu uzun tarih boyunca, yerel gurur duygusuyla, yorulmadan itfaiyeci olarak \u00e7al\u0131\u015fmaya devam eden seleflerimize en derin sayg\u0131lar\u0131m\u0131z\u0131 sunmak istiyoruz.<\/p>\n<p>Geleneksel Kitaryu \u0130tfaiye Te\u015fkilat\u0131 \u00f6nemli 110. y\u0131l d\u00f6n\u00fcm\u00fcn\u00fc kutlarken, y\u0131llar boyunca geli\u015ftirilen Kitaryu itfaiye ruhunu korumaya, de\u011fi\u015fen zamanlar\u0131 ve toplumsal d\u00f6n\u00fc\u015f\u00fcmleri do\u011fru bir \u015fekilde kavramaya ve felaketlerle kar\u015f\u0131 kar\u015f\u0131ya kald\u0131\u011f\u0131nda sakinlerin beklentilerini kar\u015f\u0131lamak i\u00e7in daha da \u00e7ok \u00e7al\u0131\u015fmaya kararl\u0131d\u0131r.<\/p>\n<p>Hokuryu \u0130tfaiye Departman\u0131na verdi\u011finiz s\u00fcrekli rehberlik, te\u015fvik ve destek i\u00e7in hepinize \u015f\u00fckranlar\u0131m\u0131z\u0131 sunmak istiyoruz. &quot;<\/p>\n<h2>Bayram<\/h2>\n<p>Kutlama ama\u00e7l\u0131 k\u0131rm\u0131z\u0131 pilav\u0131n da dahil oldu\u011fu muhte\u015fem bir yemek (Sunflower Park Hokuryu Onsen&#039;den) servis edildi ve Soba Shokuraku Kul\u00fcb\u00fc Hokuryu \u00fcyeleri (Temsilci: Nakamura Naoichi) i\u00e7ten el yap\u0131m\u0131 soba eri\u015fteleri sundular.<\/p>\n<figure class=\"wp-caption aligncenter\"><a href=\"https:\/\/photos.google.com\/share\/AF1QipNAOZNqO5stEeHrdAMZAxL--oEFxSnYmDPJy47sd2cqWcS-bG1FLW9z7NoymWU4Jw\/photo\/AF1QipPsGASq1QM5m-hfSwzPY5_-Q0GX4_H9ymdhI-0?key=SU42OEp1Z2tDSmF4emZEaEFLNjNnUTJfMy1zT21R\" target=\"_blank\" rel=\"noopener\"><img decoding=\"async\" src=\"https:\/\/lh3.googleusercontent.com\/pw\/AJFCJaUqUpVRydfUw6UxvPQnqw9EAeXXQ2bwmVAUKelY2Ifcw4Dhgqkp6-ABL1yPONkv8lA-SK0NdnHCeMoyczTKWROg24MrtTWxT-WXpwX9WG6iuSdCaBnhZAtzFMPjCTVnYx9MQMoVw-HRn23gN5Wrnr8Z=w2000-h1500-s-no?authuser=0\" width=\"2000\" height=\"1500\" alt=\"Kutlama bento ve k\u0131rm\u0131z\u0131 pirin\u00e7\" class=\"size-full\" \/><\/a><figcaption class=\"wp-caption-text\">Kutlama bento ve k\u0131rm\u0131z\u0131 pirin\u00e7<\/figcaption><\/figure>\n<figure class=\"wp-caption aligncenter\"><a href=\"https:\/\/photos.google.com\/share\/AF1QipNAOZNqO5stEeHrdAMZAxL--oEFxSnYmDPJy47sd2cqWcS-bG1FLW9z7NoymWU4Jw\/photo\/AF1QipNyehdHZHGwgbTOPAegJfJV-FnYs01wm3Tjig4?key=SU42OEp1Z2tDSmF4emZEaEFLNjNnUTJfMy1zT21R\" target=\"_blank\" rel=\"noopener\"><img decoding=\"async\" src=\"https:\/\/lh3.googleusercontent.com\/pw\/AJFCJaWFCxhI9_h2jL44j0eogDmkqlwbip5vIvjKM08yZSXDnuy_42xiSvF1eXuEozjjPrjo4Dv19NRmFzk63ymg3i-l8o_ZwhAe4gk_yfiyXg6eaYqurne8_NlLu5A_naBfZPv9fm7x_B4a6SMrCEUpwwoP=w2000-h1500-s-no?authuser=0\" width=\"2000\" height=\"1500\" alt=\"L\u00fcks mutfak (Sunflower Park Hokuryu Onsen)\" class=\"size-full\" \/><\/a><figcaption class=\"wp-caption-text\">L\u00fcks mutfak (Sunflower Park Hokuryu Onsen)<\/figcaption><\/figure>\n<figure class=\"wp-caption aligncenter\"><a href=\"https:\/\/photos.google.com\/share\/AF1QipNAOZNqO5stEeHrdAMZAxL--oEFxSnYmDPJy47sd2cqWcS-bG1FLW9z7NoymWU4Jw\/photo\/AF1QipOllhD9G6pyH8tDO_4tECFMFTaLh1FiW2pWDk4?key=SU42OEp1Z2tDSmF4emZEaEFLNjNnUTJfMy1zT21R\" target=\"_blank\" rel=\"noopener\"><img decoding=\"async\" src=\"https:\/\/lh3.googleusercontent.com\/pw\/AJFCJaXVriMktCMsWY77h5IhF8V5-gWF2FaHI0zKYG5E8nz7MJikHw5l_scLPefqXHQE61JPCWYaCC8AIaig6o_C6AtvxXY2jXo5xXWAYJNcJQ4rcEovlU4xX2oND-9bSk3wC_VtQ2ia42NaA1E0rskEoOZ1=w2000-h1333-s-no?authuser=0\" width=\"2000\" height=\"1333\" alt=\"&quot;Soba Shokurakubu Hokuryu (Temsilci: Naoichi Nakamura)&quot; taraf\u0131ndan el yap\u0131m\u0131 soba noodle&#039;lar\u0131\" class=\"size-full\" \/><\/a><figcaption class=\"wp-caption-text\">&quot;Soba Shokurakubu Hokuryu (Temsilci: Naoichi Nakamura)&quot; taraf\u0131ndan el yap\u0131m\u0131 soba noodle&#039;lar\u0131<\/figcaption><\/figure>\n<figure class=\"wp-caption aligncenter\"><a href=\"https:\/\/photos.google.com\/share\/AF1QipNAOZNqO5stEeHrdAMZAxL--oEFxSnYmDPJy47sd2cqWcS-bG1FLW9z7NoymWU4Jw\/photo\/AF1QipMBFCAUlWK2chG9vZmY9MwQnGRnIogDYmFqIc0?key=SU42OEp1Z2tDSmF4emZEaEFLNjNnUTJfMy1zT21R\" target=\"_blank\" rel=\"noopener\"><img decoding=\"async\" src=\"https:\/\/lh3.googleusercontent.com\/pw\/AJFCJaVEMvQ3xMmr9tp-oS3Zmk7L-TCfIi0--pqsqbDzghcM-jseg-bRALsVx7-vAqMdTR8S0oC0pHJy0m_AAupmw6xFSCc5EVtlDwpMBeN_LG0OZA0siblyXoHHJTRXlKM0Wi_x2Z3RneNhawdK8WfYqfPg=w2000-h1333-s-no?authuser=0\" width=\"2000\" height=\"1333\" alt=\"Sevgiyle yap\u0131lm\u0131\u015f el yap\u0131m\u0131 soba eri\u015ftesi g\u00f6sterisi!\" class=\"size-full\" \/><\/a><figcaption class=\"wp-caption-text\">Sevgiyle yap\u0131lm\u0131\u015f el yap\u0131m\u0131 soba eri\u015ftesi g\u00f6sterisi!<\/figcaption><\/figure>\n<h3>A\u00e7\u0131l\u0131\u015f konu\u015fmas\u0131: Hokuryu \u0130tfaiye Tugay\u0131 Derne\u011fi Destek Grubu Ba\u015fkan\u0131 Say\u0131n Satoshi Joja<\/h3>\n<figure class=\"wp-caption aligncenter\"><a href=\"https:\/\/photos.google.com\/share\/AF1QipNAOZNqO5stEeHrdAMZAxL--oEFxSnYmDPJy47sd2cqWcS-bG1FLW9z7NoymWU4Jw\/photo\/AF1QipNx5ArrkhHqJev6ry_DinlrzRiagZRP1qFiS4w?key=SU42OEp1Z2tDSmF4emZEaEFLNjNnUTJfMy1zT21R\" target=\"_blank\" rel=\"noopener\"><img decoding=\"async\" src=\"https:\/\/lh3.googleusercontent.com\/pw\/AJFCJaUEz46GLi_ruya9kKiCBeBj1r6iYD2QByeNa-FEjp3raWe3UhPTQ5FYcwVtmWxbQWwdcEGViu7944cJGG0OdCzKAw__QaTYLFn80uk4dTah2uxbfAbJ5mdti5zBDs7MRV2R8DGH9v8Pr9T21M836GKH=w2000-h1333-s-no?authuser=0\" width=\"2000\" height=\"1333\" alt=\"Hokuryu \u0130tfaiye Tugay\u0131 Derne\u011fi Destek Grubu Ba\u015fkan\u0131 Bay Satoshi Joja\" class=\"size-full\" \/><\/a><figcaption class=\"wp-caption-text\">Hokuryu \u0130tfaiye Tugay\u0131 Derne\u011fi Destek Grubu Ba\u015fkan\u0131 Bay Satoshi Joja<\/figcaption><\/figure>\n<p>&quot;Y\u0131l\u0131n bu zaman\u0131ndaki yo\u011fun programlar\u0131n\u0131za ra\u011fmen Hokuryu \u0130tfaiye Tugay\u0131&#039;n\u0131n 110. y\u0131l kutlamalar\u0131na kat\u0131ld\u0131\u011f\u0131n\u0131z i\u00e7in \u00e7ok te\u015fekk\u00fcr ederim.<\/p>\n<p>Yerel afet \u00f6nleme savunucular\u0131 olarak uzun vadeli hizmetleri nedeniyle bug\u00fcn takdir belgeleri ve \u00f6d\u00fclleri alan ki\u015filere bir kez daha en i\u00e7ten sayg\u0131lar\u0131m\u0131z\u0131 ve \u015f\u00fckranlar\u0131m\u0131z\u0131 sunmak istiyoruz.<\/p>\n<p>Anma tatbikat\u0131nda, 110 y\u0131ld\u0131r s\u00fcrd\u00fcr\u00fclen disiplin ve manevra e\u011fitimleri, e\u011fitimin geleneksel y\u00fcksek kalitesini ortaya koyarken, e\u011fitime duyulan yo\u011fun tutkuyu bir kez daha hissettik.<\/p>\n<p>Sonu\u00e7 olarak, bu y\u0131l yang\u0131n olmamas\u0131n\u0131 umuyorum ve Kitaryu \u0130tfaiye Tugay\u0131&#039;na ba\u015far\u0131lar\u0131n\u0131n devam\u0131n\u0131 ve kat\u0131lan herkese sa\u011fl\u0131kl\u0131 g\u00fcnler diliyorum. Bug\u00fcnk\u00fc s\u0131k\u0131 \u00e7al\u0131\u015fman\u0131z i\u00e7in te\u015fekk\u00fcr ederim.&quot;<\/p>\n<h3>Tost: Onursal \u0130tfaiyeci Hiroaki Ito<\/h3>\n<p>&quot;Hokuryu \u0130tfaiye Tugay\u0131&#039;n\u0131n kurulu\u015funun 110. y\u0131l d\u00f6n\u00fcm\u00fcn\u00fc kutluyorum. \u00d6d\u00fcl ve takdir mektuplar\u0131 alan hepinize, uzun vadeli faaliyetleriniz i\u00e7in sayg\u0131 ve \u015f\u00fckranlar\u0131m\u0131 sunmak istiyorum.<\/p>\n<p>Ayr\u0131ca itfaiye te\u015fkilat\u0131m\u0131za 3 kad\u0131n \u00fcyemiz daha kat\u0131ld\u0131, onlar\u0131n da katk\u0131 sa\u011flamas\u0131n\u0131 sab\u0131rs\u0131zl\u0131kla bekliyoruz. &quot;Hokuryu \u0130tfaiye Departman\u0131&#039;na kadeh kald\u0131ral\u0131m.&quot;<\/p>\n<p><b style=\"font-size:18pt;\">\u015ferefe!<\/b>Herkes ba\u011f\u0131rarak ayn\u0131 anda sake i\u00e7ti.<\/p>\n<figure class=\"wp-caption aligncenter\"><a href=\"https:\/\/photos.google.com\/share\/AF1QipNAOZNqO5stEeHrdAMZAxL--oEFxSnYmDPJy47sd2cqWcS-bG1FLW9z7NoymWU4Jw\/photo\/AF1QipO3XsbTMVk5lqlPX1tWbXx84JTEeFON0j0ToOI?key=SU42OEp1Z2tDSmF4emZEaEFLNjNnUTJfMy1zT21R\" target=\"_blank\" rel=\"noopener\"><img decoding=\"async\" src=\"https:\/\/lh3.googleusercontent.com\/pw\/AJFCJaVRV7KYrJ2SkwGRcjvuXVW1qcUIXF1KtExYZxfsjikW6QCsqRMvg0BVQH2ysJmfWmWuYTr5oSvfkd6YFHd_e26Y8Rl_tPtpyeSxQ3RTgn3GvsVaOsQVWL542zke8vy0-Y_ahkKbvr9haMBNSXwHFvWB=w2000-h1333-s-no?authuser=0\" width=\"2000\" height=\"1333\" alt=\"\u015ferefe!\" class=\"size-full\" \/><\/a><figcaption class=\"wp-caption-text\">\u015ferefe!<\/figcaption><\/figure>\n<h3>Rahatlat\u0131c\u0131 bir ziyafet<\/h3>\n<figure class=\"wp-caption aligncenter\"><a href=\"https:\/\/photos.google.com\/share\/AF1QipNAOZNqO5stEeHrdAMZAxL--oEFxSnYmDPJy47sd2cqWcS-bG1FLW9z7NoymWU4Jw\/photo\/AF1QipOf0HPBQ5V988ecQaFQzc_PCentr5EDj09790E?key=SU42OEp1Z2tDSmF4emZEaEFLNjNnUTJfMy1zT21R\" target=\"_blank\" rel=\"noopener\"><img decoding=\"async\" src=\"https:\/\/lh3.googleusercontent.com\/pw\/AJFCJaVKs5wN9AwjUufuLPGC0OjbBklKieGPbm2vw-Ffghke68qgg5P9oBSuAnOBu7Hd6XfbhISGMGsVmByhO1ZCtm3dAAAYYGfUPmKZ9Qh1Xtp4G84gJbNf14v4IkPorVGZV1bpr63JLg5Ul6JoD9rkBKkB=w2000-h1333-s-no?authuser=0\" width=\"2000\" height=\"1333\" alt=\"L\u00fcks mutfa\u011f\u0131n tad\u0131n\u0131 \u00e7\u0131kar\u0131n!\" class=\"size-full\" \/><\/a><figcaption class=\"wp-caption-text\">L\u00fcks mutfa\u011f\u0131n tad\u0131n\u0131 \u00e7\u0131kar\u0131n!<\/figcaption><\/figure>\n<figure class=\"wp-caption aligncenter\"><a href=\"https:\/\/photos.google.com\/share\/AF1QipNAOZNqO5stEeHrdAMZAxL--oEFxSnYmDPJy47sd2cqWcS-bG1FLW9z7NoymWU4Jw\/photo\/AF1QipO8ztaA1Z_G_vn_wVx4HXc263xEmsGl4TYcIbM?key=SU42OEp1Z2tDSmF4emZEaEFLNjNnUTJfMy1zT21R\" target=\"_blank\" rel=\"noopener\"><img decoding=\"async\" src=\"https:\/\/lh3.googleusercontent.com\/pw\/AJFCJaWC5m7NxCzmIXgggw3o2jeTZcIpYOZZiL9ejR83FxRe704PK2gYEXmaKlndYAJuKG-Pju36cfjMaRYpg__f5v4IxOfe5TliDnFNFxQHlHBksRf21xhvarkUpZwytV1ZQaY_OxFQPgqe_mUw5F5Uz1q1=w2000-h1333-s-no?authuser=0\" width=\"2000\" height=\"1333\" alt=\"Grup \u00fcyeleri\" class=\"size-full\" \/><\/a><figcaption class=\"wp-caption-text\">Grup \u00fcyeleri<\/figcaption><\/figure>\n<figure class=\"wp-caption aligncenter\"><a href=\"https:\/\/photos.google.com\/share\/AF1QipNAOZNqO5stEeHrdAMZAxL--oEFxSnYmDPJy47sd2cqWcS-bG1FLW9z7NoymWU4Jw\/photo\/AF1QipPvAQHPOFHZwX0uTaDHNDrv1Wf8z7dR0OshFPA?key=SU42OEp1Z2tDSmF4emZEaEFLNjNnUTJfMy1zT21R\" target=\"_blank\" rel=\"noopener\"><img decoding=\"async\" src=\"https:\/\/lh3.googleusercontent.com\/pw\/AJFCJaVEvXEIO11eKHVlEgbEWTnEexwwPg9ts33qf0c5Ay9Mp-5o6yPlvuQ_ofvTfxTxl032m_2lcJf9eHhWKrGdzu8Vihw9NwIlSITgi0PmMquwMznlf1MDdYotxl5X9SYaY4scfE9MilF8VcpJCwtUubWp=w2000-h1333-s-no?authuser=0https:\/\/lh3.googleusercontent.com\/pw\/AJFCJaWC5m7NxCzmIXgggw3o2jeTZcIpYOZZiL9ejR83FxRe704PK2gYEXmaKlndYAJuKG-Pju36cfjMaRYpg__f5v4IxOfe5TliDnFNFxQHlHBksRf21xhvarkUpZwytV1ZQaY_OxFQPgqe_mUw5F5Uz1q1=w2000-h1333-s-no?authuser=0\" width=\"2000\" height=\"1333\" alt=\"Belediye Ba\u015fkan\u0131 Sano ile yap\u0131lan s\u00f6yle\u015fiyi de i\u00e7eriyor. . .\" class=\"size-full\" \/><\/a><figcaption class=\"wp-caption-text\">Belediye Ba\u015fkan\u0131 Sano ile yap\u0131lan s\u00f6yle\u015fiyi de i\u00e7eriyor. . .<\/figcaption><\/figure>\n<h3>Nostaljik itfaiyecilik faaliyetlerinin video g\u00f6sterimi: 8. \u015fube \u015fefi Hiroyuki Takimoto<\/h3>\n<figure class=\"wp-caption aligncenter\"><a href=\"https:\/\/photos.google.com\/share\/AF1QipNAOZNqO5stEeHrdAMZAxL--oEFxSnYmDPJy47sd2cqWcS-bG1FLW9z7NoymWU4Jw\/photo\/AF1QipPQnU5xyala4JclkzjrzPNjZ8bJk59mmk_oNeA?key=SU42OEp1Z2tDSmF4emZEaEFLNjNnUTJfMy1zT21R\" target=\"_blank\" rel=\"noopener\"><img decoding=\"async\" src=\"https:\/\/lh3.googleusercontent.com\/pw\/AJFCJaXMDtLtiC_jWz3gswnwqa9SrHkj61Fzr0B2N96OZVPNOR3vb2m6tu0f1GMNvSOg-dg8-BleK2M2z0dtT4FtU1S93shnSTRb5mpLE358GGV7BJpraV-hujUnCzMajAy8kfJlnwhu3SfPyb79rz7h0AQu=w2000-h1333-s-no?authuser=0\" width=\"2000\" height=\"1333\" alt=\"Nostaljik itfaiyecilik faaliyetlerini g\u00f6steren bir video. . .\" class=\"size-full\" \/><\/a><figcaption class=\"wp-caption-text\">Nostaljik itfaiyecilik faaliyetlerini g\u00f6steren bir video. . .<\/figcaption><\/figure>\n<figure class=\"wp-caption aligncenter\"><a href=\"https:\/\/photos.google.com\/share\/AF1QipNAOZNqO5stEeHrdAMZAxL--oEFxSnYmDPJy47sd2cqWcS-bG1FLW9z7NoymWU4Jw\/photo\/AF1QipOEZIhJoeWgcpVra2rzsGDjtJTqnwTErsKF5QI?key=SU42OEp1Z2tDSmF4emZEaEFLNjNnUTJfMy1zT21R\" target=\"_blank\" rel=\"noopener\"><img decoding=\"async\" src=\"https:\/\/lh3.googleusercontent.com\/pw\/AJFCJaUL1moLiqnU5-gevc3IrKexGWyHRsY0s1kkUaF8Pp-2mm8umyVd2sCqzklGMC58z_C4nTT858qPGtJElCz7-VmNtwqbmgyiRzf7BbNmJdDrGc-8sQ_4_1axBqe0a_6Y_RsTjd3CfUeZM7QFA2rb4UWd=w2000-h1333-s-no?authuser=0\" width=\"2000\" height=\"1333\" alt=\"Bay Hiroyuki Takimoto&#039;nun (Hokuryu \u015eube Ofisi 8. \u015eefi) A\u00e7\u0131klamas\u0131\" class=\"size-full\" \/><\/a><figcaption class=\"wp-caption-text\">Bay Hiroyuki Takimoto&#039;nun (Hokuryu \u015eube Ofisi 8. \u015eefi) A\u00e7\u0131klamas\u0131<\/figcaption><\/figure>\n<h2>Uzun \u00f6m\u00fcr i\u00e7in \u00fc\u00e7 alk\u0131\u015f<\/h2>\n<p>Etkinlik, Fukagawa B\u00f6lge \u0130tfaiye Departman\u0131 fahri \u00fcyesi Masatoshi Yamagishi&#039;nin \u00fc\u00e7 tezah\u00fcrat\u0131yla sona erdi!<\/p>\n<figure class=\"wp-caption aligncenter\"><a href=\"https:\/\/photos.google.com\/share\/AF1QipNAOZNqO5stEeHrdAMZAxL--oEFxSnYmDPJy47sd2cqWcS-bG1FLW9z7NoymWU4Jw\/photo\/AF1QipN4KUYNavijJ3XN1q-mk3erh9Y1f8r7bWyI648?key=SU42OEp1Z2tDSmF4emZEaEFLNjNnUTJfMy1zT21R\" target=\"_blank\" rel=\"noopener\"><img decoding=\"async\" src=\"https:\/\/lh3.googleusercontent.com\/pw\/AJFCJaVOzBjT9Q1yXfsLJEE1YzvkGCZGXHRePxEB4uXu-3G2y9iJh3AEhfD0bEh43OvC15um79NLHNky9woP6ZfxhdtaeXnBO2Xr0c9yT3A1WIo4EOSzAE9z9Qg4JRRl7AyZ-tQAxIWGpycQ-DpjpUG2k7rK=w2000-h1128-s-no?authuser=0\" width=\"2000\" height=\"1128\" alt=\"\u00dc\u00e7 kere alk\u0131\u015f! ! !\" class=\"size-full\" \/><\/a><figcaption class=\"wp-caption-text\">\u00dc\u00e7 kere alk\u0131\u015f! ! !<\/figcaption><\/figure>\n<p>Etkinlik, Fukagawa B\u00f6lge \u0130tfaiye Departman\u0131 fahri \u00fcyesi Yamagishi Masatoshi&#039;nin \u00fc\u00e7 tezah\u00fcrat\u0131yla sona erdi!<\/p>\n<p>&quot;\u00c7ok nostaljik olan filmi izlerken, son 110 y\u0131l\u0131n bir b\u00f6l\u00fcm\u00fcn\u00fc hat\u0131rlad\u0131m.<\/p>\n<p>1913\u2019ten bu yana 110 y\u0131l ge\u00e7ti (Taisho 2). 1947 y\u0131l\u0131nda belediye itfaiye te\u015fkilat\u0131 haline getirildi.<\/p>\n<p>1969 y\u0131l\u0131nda itfaiyeye kat\u0131ld\u0131m ve \u015fimdi geriye d\u00f6n\u00fcp bakt\u0131\u011f\u0131mda, o b\u00fcy\u00fck de\u011fi\u015fimler s\u0131ras\u0131nda minnettar oldu\u011fum \u015feylerden birinin itfaiye binas\u0131n\u0131n in\u015fas\u0131 ve kal\u0131c\u0131 itfaiye sistemimizin g\u00fc\u00e7lendirilmesi ile birlikte personel say\u0131s\u0131n\u0131n art\u0131r\u0131lmas\u0131 oldu\u011funu g\u00f6r\u00fcyorum.<\/p>\n<p>Bir di\u011fer husus ise tanker ara\u00e7lar\u0131n\u0131n yang\u0131nla ilk a\u015famada m\u00fccadelede b\u00fcy\u00fck etkisi oldu.<\/p>\n<p>Ama her \u015feyden \u00f6nce \u00f6nemli olan insand\u0131r. Daha \u00f6nce \u00f6d\u00fcl alan ki\u015filerde oldu\u011fu gibi gen\u00e7lerin de memleketlerini koruma iste\u011fi birbirine ba\u011fl\u0131 olup, ger\u00e7ek itfaiyecilik faaliyetleri m\u00fcmk\u00fcn olabilmektedir. Bu konuda destek gruplar\u0131n\u0131n faaliyetleri ve onlar\u0131 anlayan bir itfaiye te\u015fkilat\u0131 arac\u0131l\u0131\u011f\u0131yla destek sa\u011flanabilece\u011fine inan\u0131yorum.<\/p>\n<p>Bu y\u0131l may\u0131s ay\u0131nda iki tayfun ya\u015fand\u0131. Bu y\u0131l Pasifik ve Hint Okyanusu&#039;nda deniz seviyesindeki art\u0131\u015f\u0131n 2015&#039;tekine benzer olaca\u011f\u0131 s\u00f6yleniyor.<\/p>\n<p>Sekiz y\u0131l \u00f6nce Nagano ve Kumamoto eyaletleri b\u00fcy\u00fck sel felaketiyle kar\u015f\u0131 kar\u015f\u0131ya kalm\u0131\u015ft\u0131. \u0130tfaiye te\u015fkilat\u0131n\u0131n t\u00fcm mensuplar\u0131n\u0131n uyan\u0131k olmaya devam etmelerini ve e\u011fitimlerini s\u00fcrd\u00fcr\u00fcp becerilerini geli\u015ftirmelerini umuyorum.<\/p>\n<p>Bug\u00fcn burada bulunan itfaiye te\u015fkilat\u0131n\u0131n t\u00fcm \u00fcyelerine en i\u00e7ten \u015f\u00fckranlar\u0131m\u0131 sunmak istiyorum ve 110. y\u0131l d\u00f6n\u00fcm\u00fcn\u00fc Hokuryu \u0130tfaiye Te\u015fkilat\u0131&#039;n\u0131n geli\u015fiminin devam\u0131, yang\u0131n veya felaket olmamas\u0131 ve bug\u00fcn burada bulunan herkesin sa\u011fl\u0131\u011f\u0131 i\u00e7in dua etme f\u0131rsat\u0131 olarak kullanmak istiyorum. Ayr\u0131ca 110. y\u0131l d\u00f6n\u00fcm\u00fcn\u00fc anmak i\u00e7in \u00fc\u00e7 kez &quot;Banzai&quot; diye ba\u011f\u0131rmak istiyorum.<\/p>\n<p><b style=\"font-size:18pt\">Hokuryu \u0130tfaiye Tugay\u0131&#039;n\u0131n 110. y\u0131l d\u00f6n\u00fcm\u00fc kutlu olsun! Ya\u015fas\u0131n! Ya\u015fas\u0131n!<\/b><\/p>\n<figure class=\"wp-caption aligncenter\"><a href=\"https:\/\/photos.google.com\/share\/AF1QipNAOZNqO5stEeHrdAMZAxL--oEFxSnYmDPJy47sd2cqWcS-bG1FLW9z7NoymWU4Jw\/photo\/AF1QipPpezz_ASODuGd44OTg8wwkJwBCvZhv8cu0G60?key=SU42OEp1Z2tDSmF4emZEaEFLNjNnUTJfMy1zT21R\" target=\"_blank\" rel=\"noopener\"><img decoding=\"async\" src=\"https:\/\/lh3.googleusercontent.com\/pw\/AJFCJaXnbYoQ0et1Rr6bQ6ayROI6lgjPq-veKs9lJQfSGVaTs-oANOQoRnrSq6u6daJhJfwfdjKUA68zJALxwuHaIATKE8_-2pN8_FrVoIf4WEvAV_bHofRoG1ie7uqZqkEev02dhSoxAYpks5ZnRJrm5DPz=w1272-h1882-s-no?authuser=0\" width=\"1272\" height=\"1882\" alt=\"Hokuryu Kasabas\u0131 Amblemi, Fukagawa B\u00f6lge \u0130tfaiye Departman\u0131 Amblemi, Hokuryu \u0130tfaiye Tugay\u0131 Bayra\u011f\u0131 (110. Y\u0131l D\u00f6n\u00fcm\u00fc Anma Dergisi&#039;nden)\" class=\"size-full\" \/><\/a><figcaption class=\"wp-caption-text\">Hokuryu Kasabas\u0131 Amblemi, Fukagawa B\u00f6lge \u0130tfaiye Departman\u0131 Amblemi, Hokuryu \u0130tfaiye Tugay\u0131 Bayra\u011f\u0131 (110. Y\u0131l D\u00f6n\u00fcm\u00fc Anma Dergisi&#039;nden)<\/figcaption><\/figure>\n<figure class=\"wp-caption aligncenter\"><a href=\"https:\/\/photos.google.com\/share\/AF1QipNAOZNqO5stEeHrdAMZAxL--oEFxSnYmDPJy47sd2cqWcS-bG1FLW9z7NoymWU4Jw\/photo\/AF1QipOis-Bsn0fCrcNZ0ncdcSLUpdHMvXje7dab8MQ?key=SU42OEp1Z2tDSmF4emZEaEFLNjNnUTJfMy1zT21R\" target=\"_blank\" rel=\"noopener\"><img decoding=\"async\" src=\"https:\/\/lh3.googleusercontent.com\/pw\/AJFCJaXIcBUZKLzOWVMps-kIpUXvyibgetf52nH2DgonrrImMztPj7Ril10zlepEUiVaV-BoBdsj9QzSf7YzAL6x0kjh4ZNx_m7SOWDCptg60BAs5ih2lNBza_i5s2asLA7Y0nM_W6ULY5pBJKuOk0Yw7Zsv=w1282-h1882-s-no?authuser=0\" width=\"1282\" height=\"1882\" alt=\"Hokuryu \u0130tfaiye Binas\u0131 (110. y\u0131l d\u00f6n\u00fcm\u00fc an\u0131 dergisinden)\" class=\"size-full\" \/><\/a><figcaption class=\"wp-caption-text\">Hokuryu \u0130tfaiye Binas\u0131 (110. y\u0131l d\u00f6n\u00fcm\u00fc an\u0131 dergisinden)<\/figcaption><\/figure>\n<figure class=\"wp-caption aligncenter\"><a href=\"https:\/\/photos.google.com\/share\/AF1QipNAOZNqO5stEeHrdAMZAxL--oEFxSnYmDPJy47sd2cqWcS-bG1FLW9z7NoymWU4Jw\/photo\/AF1QipMjbPlaQxozxf7qx2eIWRJm-uWWLoXueS6STls?key=SU42OEp1Z2tDSmF4emZEaEFLNjNnUTJfMy1zT21R\" target=\"_blank\" rel=\"noopener\"><img decoding=\"async\" src=\"https:\/\/lh3.googleusercontent.com\/pw\/AJFCJaVSH4DLmApB8z-knz76ofzDNackc0EX2zBPo6MNFPfUJs-F5YfHbaiirgtFEWym2J1xHwYROEFEu81x0s_LyYpj1jPPmx-geH5r1RF4B32j1qD4W-WLtf5bXIGLf7T370SWEcE_WavXOddP4MWnMdBZ=w1292-h1882-s-no?authuser=0\" width=\"1292\" height=\"1882\" alt=\"\u00d6d\u00fcl bayra\u011f\u0131 ve sertifikas\u0131 (110. y\u0131l anma dergisinden)\" class=\"size-full\" \/><\/a><figcaption class=\"wp-caption-text\">\u00d6d\u00fcl bayra\u011f\u0131 ve sertifikas\u0131 (110. y\u0131l anma dergisinden)<\/figcaption><\/figure>\n<figure class=\"wp-caption aligncenter\"><a href=\"https:\/\/photos.google.com\/share\/AF1QipNAOZNqO5stEeHrdAMZAxL--oEFxSnYmDPJy47sd2cqWcS-bG1FLW9z7NoymWU4Jw\/photo\/AF1QipMLm5OIfSP2aDB0YGWBq-J4-uGId1H1gJm4C1E?key=SU42OEp1Z2tDSmF4emZEaEFLNjNnUTJfMy1zT21R\" target=\"_blank\" rel=\"noopener\"><img decoding=\"async\" src=\"https:\/\/lh3.googleusercontent.com\/pw\/AJFCJaWvN1r3AurJqCoBsEWsdEmqrrz9VFWZ3NFRzphcAo3o5UG6D33QJrpWULs7BBpQEJZjOQNPzyyN953zWCO5VWRRPpLclg4mHeGSe_m2rqUhBvo5mLIzqyaBoK9xMoyKS1dubtslL16zP9jn2SmkaHSp=w1242-h1882-s-no?authuser=0\" width=\"1242\" height=\"1882\" alt=\"Kalkan ve sertifika (110. y\u0131l anma dergisinden)\" class=\"size-full\" \/><\/a><figcaption class=\"wp-caption-text\">Kalkan ve sertifika (110. y\u0131l anma dergisinden)<\/figcaption><\/figure>\n<p>S\u0131n\u0131rs\u0131z sevgimiz, \u015f\u00fckran\u0131m\u0131z ve dualar\u0131m\u0131z, Hokuryu halk\u0131n\u0131n g\u00fcvenli ve emniyetli ya\u015famlar\u0131n\u0131 yerel gururun onurlu ruhu ve gururlu g\u00fcven ve sorumluluk duygusuyla koruyan 110 y\u0131ll\u0131k bir gelenek olan Hokuryu \u0130tfaiye Tugay\u0131&#039;na gidiyor. . .<\/p>\n<h2>Youtube videolar\u0131<\/h2>\n<div class=\"youtube\"><iframe title=\"Tebrikler! Hokuryu \u0130tfaiye Tugay\u0131 110. Y\u0131l D\u00f6n\u00fcm\u00fc Anma T\u00f6reni ve Kutlamas\u0131 2023\" src=\"https:\/\/www.youtube.com\/embed\/fvkiH7wQcG8?feature=oembed\" frameborder=\"0\" allow=\"accelerometer; autoplay; clipboard-write; encrypted-media; gyroscope; picture-in-picture; web-share\" allowfullscreen><\/iframe><\/div>\n<h2>Di\u011fer foto\u011fraflar<\/h2>\n<div class=\"img-move\">\n<img decoding=\"async\" src=\"https:\/\/ehokkaido.net\/wp-content\/uploads\/2021\/12\/2021-12-06-11.41.12.png\" style=\"vertical-align:middle;\"> <a href=\"https:\/\/photos.app.goo.gl\/k1Couzkv55CayAS6A\" target=\"_blank\" rel=\"noopener noreferrer\">Hokuryu Kasaba \u0130tfaiye Departman\u0131&#039;n\u0131n 110. Y\u0131l D\u00f6n\u00fcm\u00fc Anma Etkinli\u011fi 2023&#039;ten foto\u011fraflar (243 foto\u011fraf) burada &gt;&gt;<\/a><\/a><\/div>\n<h2>\u0130lgili makaleler<\/h2>\n\n        <div class=\"site-blogcard-premium\">\n            <div class=\"bc-label-custom\">\u0130lgili makaleler<\/div>\n            <div class=\"bc-flex-container\">\n                <div class=\"bc-main-text\">\n                    <div class=\"bc-title-link-box\">\n                        <a href=\"https:\/\/portal.hokuryu.info\/tr\/34183\/\" target=\"_blank\">https:\/\/portal.hokuryu.info\/34183<\/a>\n                    <\/div>\n                    <div class=\"bc-excerpt-box\">Sayfa bilgileri al\u0131namad\u0131.<\/div>\n                <\/div>\n                <div class=\"bc-thumbnail-box\">\n                    <a href=\"https:\/\/portal.hokuryu.info\/tr\/34183\/\" target=\"_blank\">\n                        <div class=\"bc-img-zoom-wrap\">\n                            <img decoding=\"async\" src=\"https:\/\/portal.hokuryu.info\/wp\/wp-content\/uploads\/2026\/02\/20230802DSC06445_1.jpg\" alt=\"https:\/\/portal.hokuryu.info\/34183\">\n                        <\/div>\n                    <\/a>\n                <\/div>\n            <\/div>\n        <\/div>\n\u3000<br \/>\n\n        <div class=\"site-blogcard-premium\">\n            <div class=\"bc-label-custom\">\u0130lgili makaleler<\/div>\n            <div class=\"bc-flex-container\">\n                <div class=\"bc-main-text\">\n                    <div class=\"bc-title-link-box\">\n                        <a href=\"https:\/\/portal.hokuryu.info\/tr\/topics\/culture\/20190723.html\/\" target=\"_blank\">71. Kita Sorachi Yang\u0131n S\u00f6nd\u00fcrme Tatbikat\u0131, Hokuryu Kasabas\u0131&#039;n\u0131n Himawari no Sato - Hokuryu Kasabas\u0131 Portal\u0131 (Hokkaido) - Japonya&#039;n\u0131n 1 Numaral\u0131 Ay\u00e7i\u00e7e\u011fi K\u00f6y\u00fc otopark\u0131nda ger\u00e7ekle\u015ftirilecek<\/a>\n                    <\/div>\n                    <div class=\"bc-excerpt-box\">71. Kita-Sorachi Ortak \u0130tfaiye Tatbikat\u0131, 5 Temmuz 2019 Cuma g\u00fcn\u00fc saat 13:00&#039;te Hokuryu Kasabas\u0131&#039;ndaki Himawari-no-Sato otopark\u0131nda ger\u00e7ekle\u015ftirildi...<\/div>\n                <\/div>\n                <div class=\"bc-thumbnail-box\">\n                    <a href=\"https:\/\/portal.hokuryu.info\/tr\/topics\/culture\/20190723.html\/\" target=\"_blank\">\n                        <div class=\"bc-img-zoom-wrap\">\n                            <img decoding=\"async\" src=\"https:\/\/lh3.googleusercontent.com\/a-7dFJ9m5Qqrt1a53WvKplpJp3P2Ne8HEQWWHBW3uxkhmGkeQ6H98wf03w-ekJ39r_SRQ3QYEKnaY5xqgSJqXN-vWEw5jST5WVpE6ba3ybQjW2Xjln_ytL_tO6veemzQkgsZGROh5v5n9WDn-DoSUqfcGPro5J_ZPVxhn3oNN4sWjfaSB_NIVd373QspmYZ84zt5o0cB-PZKfD2F70gzAYOFVvOq2LzUL2BJ0W5rPhzSyI1EtDjZ3eaCPcdNgHxYt2CbmHJ8DFUSAT11ZAOH0jv2wIJhkySvVpBfEudGFaXODlp288tj26wq6J0cQ4H5kpx_7O-eYlK4a_9ArD0jzJc9LNxQmfkUY9w3JXpjfQftYDetTk3HX7Gauuf9yqVjNyV2AAKa6umeewVaICTGSgDxe9Nz9JAD2r2GAomIn1b9YHPn9qszrDIr7_Bo_OhH1gTipJRZLs23-Ux0zhktPSoiEM6f-xxQu9QoN8I9-akQ2Xge4L4vkhmSOElr1IbUxk3IvTYVBiF7lXshHn19MWLWcmvA5AwF43kMiGXEnxmLnVjCJlCwHy7hQQvnlfK0EJlW9dO_AHsMGSC7V7faFU9soDqdpxurJTxOMJHF61O4ZWZGrBWyNPGppCcm_BjC18eRM-Tha2mN4LoCBjb6-8l2bxmjpOjcAgwv5HQk8B6G7wyCuNLDzmGo1aRVJLflvEtfOK6FeMBkBLZkcTJxNMoU=w1346-h897-no\" alt=\"71. Kita Sorachi Yang\u0131n S\u00f6nd\u00fcrme Tatbikat\u0131, Hokuryu Kasabas\u0131&#039;n\u0131n Himawari no Sato - Hokuryu Kasabas\u0131 Portal\u0131 (Hokkaido) - Japonya&#039;n\u0131n 1 Numaral\u0131 Ay\u00e7i\u00e7e\u011fi K\u00f6y\u00fc otopark\u0131nda ger\u00e7ekle\u015ftirilecek\">\n                        <\/div>\n                    <\/a>\n                <\/div>\n            <\/div>\n        <\/div>\n\n        <div class=\"site-blogcard-premium\">\n            <div class=\"bc-label-custom\">\u0130lgili makaleler<\/div>\n            <div class=\"bc-flex-container\">\n                <div class=\"bc-main-text\">\n                    <div class=\"bc-title-link-box\">\n                        <a href=\"https:\/\/portal.hokuryu.info\/tr\/topics\/culture\/20171031.html\/\" target=\"_blank\">Hokkaido \u0130l Polisi Asahikawa B\u00f6lge Karargah\u0131 ve Hokuryu Kasabas\u0131 Ortak Afet G\u00fcvenlik E\u011fitimi (\u015eiddetli Ya\u011fmur, Ta\u015fk\u0131n ve Heyelan Tahliye E\u011fitimi ve Afet G\u00fcvenlik E\u011fitimi) - Hokuryu Kasaba Portal\u0131 (Hokkaido) - Japonya&#039;n\u0131n 1 Numaral\u0131 Ay\u00e7i\u00e7e\u011fi K\u00f6y\u00fc<\/a>\n                    <\/div>\n                    <div class=\"bc-excerpt-box\">30 Ekim Pazartesi g\u00fcn\u00fc, saat 09:30&#039;dan itibaren, Hokkaido Eyalet Polisi Asahikawa B\u00f6lge Merkezi ve Hokuryu Kasabas\u0131, ortak bir afet yard\u0131m tatbikat\u0131 (\u015fiddetli ya\u011fmur, sel, toprak kaymas\u0131 vb.) ger\u00e7ekle\u015ftirecektir.<\/div>\n                <\/div>\n                <div class=\"bc-thumbnail-box\">\n                    <a href=\"https:\/\/portal.hokuryu.info\/tr\/topics\/culture\/20171031.html\/\" target=\"_blank\">\n                        <div class=\"bc-img-zoom-wrap\">\n                            <img decoding=\"async\" src=\"https:\/\/lh3.googleusercontent.com\/LnCbybPuYQ8kykA3o6RDrd6EjrOb5oNT9oMliHJN2VbVSHgMYSod3kg6D3JH1Acm_pnvNQW25GBV94QqGb3jcC10sT0PHpD8M0mEHf-tc4FHZB6mPl7OgZKdPhinRt-1dHA2GDTtwqCClqg1XOMI-RWkh96tEvzhanTKb3MAKwM_9c2k7l2rGW5Djr6fmBo4GWwqfFLBZ7PlM1opOWueuId35tAzRFP_8e2qUPz8LzzQUuV9aCt1eZzoEg4oYLRNUPnW-k_ewzEW2EmIbMFY_IbHkq7WjXm33bneptCy2DNpLjfx-fFB9hnKBqtj7kNz02_oYVechihwUtzH2i1BkwSFfRriFzD3oARmFq1LCzJ6a6KQBQNH_SRU1zi4tVqO759FzYMSSls0NG2XWAWBS2qqGusdyuG0vrPFVDoiB-Vjk7CIRCI0hPCvBOvwOxqt7kYI9GfC85bvRFbo2yuSM5dkeqeb5t7FjV-Wu2d_1voKSrx6zvrf-57L6lSWsPKEtuWspWFPKLuq98iNnAaYqo0YJzPBAxdPtP4KISQw0b6KCYkiD8jTFFUDfNSHZksBZR7ten8zuThkxUaCCFcQislyi5LL-pyjIHies-rpkkU9PMX_R7B0KGsOsukYOkiY4ixNOOVN4b0jOWBBKizjWoPyxPovOPgBtSY=w1370-h914-no\" alt=\"Hokkaido \u0130l Polisi Asahikawa B\u00f6lge Karargah\u0131 ve Hokuryu Kasabas\u0131 Ortak Afet G\u00fcvenlik E\u011fitimi (\u015eiddetli Ya\u011fmur, Ta\u015fk\u0131n ve Heyelan Tahliye E\u011fitimi ve Afet G\u00fcvenlik E\u011fitimi) - Hokuryu Kasaba Portal\u0131 (Hokkaido) - Japonya&#039;n\u0131n 1 Numaral\u0131 Ay\u00e7i\u00e7e\u011fi K\u00f6y\u00fc\">\n                        <\/div>\n                    <\/a>\n                <\/div>\n            <\/div>\n        <\/div>\n\n        <div class=\"site-blogcard-premium\">\n            <div class=\"bc-label-custom\">\u0130lgili makaleler<\/div>\n            <div class=\"bc-flex-container\">\n                <div class=\"bc-main-text\">\n                    <div class=\"bc-title-link-box\">\n                        <a href=\"https:\/\/portal.hokuryu.info\/tr\/topics\/culture\/20130830.html\/\" target=\"_blank\">\u0130lgili kurulu\u015flar kapsaml\u0131 afet g\u00fcvenli\u011fi e\u011fitimini ortakla\u015fa uygulad\u0131 (Hokkaido \u0130l Polis Merkezi, Asahikawa \u0130l\u00e7e Merkezi, Fukagawa \u0130l\u00e7e \u0130tfaiye Derne\u011fi, Hokuryu Kasabas\u0131, Numata Kasabas\u0131) - Hokuryu Kasaba Portal\u0131 (Hokkaido) - Japonya&#039;n\u0131n 1 Numaral\u0131 Ay\u00e7i\u00e7e\u011fi K\u00f6y\u00fc<\/a>\n                    <\/div>\n                    <div class=\"bc-excerpt-box\">2.100 n\u00fcfuslu ve 401.300 ki\u015filik ya\u015flanma oran\u0131na sahip, canl\u0131 bir kasaban\u0131n &quot;bug\u00fcnk\u00fc&quot; halini sizlere sunuyoruz. Ay\u00e7i\u00e7ekleri gibi, aileler uyum i\u00e7inde ya\u015f\u0131yor...<\/div>\n                <\/div>\n                <div class=\"bc-thumbnail-box\">\n                    <a href=\"https:\/\/portal.hokuryu.info\/tr\/topics\/culture\/20130830.html\/\" target=\"_blank\">\n                        <div class=\"bc-img-zoom-wrap\">\n                            <img decoding=\"async\" src=\"https:\/\/lh4.googleusercontent.com\/-sSjyYwrWZ8o\/Uh_AFDGVFnI\/AAAAAAAAx20\/u6A8o3kNT3g\/w433-h378-no\/kunren.jpg\" alt=\"\u0130lgili kurulu\u015flar kapsaml\u0131 afet g\u00fcvenli\u011fi e\u011fitimini ortakla\u015fa uygulad\u0131 (Hokkaido \u0130l Polis Merkezi, Asahikawa \u0130l\u00e7e Merkezi, Fukagawa \u0130l\u00e7e \u0130tfaiye Derne\u011fi, Hokuryu Kasabas\u0131, Numata Kasabas\u0131) - Hokuryu Kasaba Portal\u0131 (Hokkaido) - Japonya&#039;n\u0131n 1 Numaral\u0131 Ay\u00e7i\u00e7e\u011fi K\u00f6y\u00fc\">\n                        <\/div>\n                    <\/a>\n                <\/div>\n            <\/div>\n        <\/div>\n\n        <div class=\"site-blogcard-premium\">\n            <div class=\"bc-label-custom\">\u0130lgili makaleler<\/div>\n            <div class=\"bc-flex-container\">\n                <div class=\"bc-main-text\">\n                    <div class=\"bc-title-link-box\">\n                        <a href=\"https:\/\/portal.hokuryu.info\/tr\/topics\/culture\/20130709.html\/\" target=\"_blank\">Hokuryu \u0130tfaiye Tugay\u0131 100. Y\u0131l D\u00f6n\u00fcm\u00fc Anma T\u00f6reni ve \u00d6d\u00fclleri 2013 - Hokuryu Kasaba Portal\u0131 (Hokkaido) - Japonya&#039;n\u0131n 1 Numaral\u0131 Ay\u00e7i\u00e7e\u011fi K\u00f6y\u00fc<\/a>\n                    <\/div>\n                    <div class=\"bc-excerpt-box\">2.100 n\u00fcfuslu ve 401.300 ki\u015filik ya\u015flanma oran\u0131na sahip, canl\u0131 bir kasaban\u0131n &quot;bug\u00fcnk\u00fc&quot; halini sizlere sunuyoruz. Ay\u00e7i\u00e7ekleri gibi, aileler uyum i\u00e7inde ya\u015f\u0131yor...<\/div>\n                <\/div>\n                <div class=\"bc-thumbnail-box\">\n                    <a href=\"https:\/\/portal.hokuryu.info\/tr\/topics\/culture\/20130709.html\/\" target=\"_blank\">\n                        <div class=\"bc-img-zoom-wrap\">\n                            <img decoding=\"async\" src=\"https:\/\/lh5.googleusercontent.com\/-FpVozKeIc9w\/UdPvbAvHb0I\/AAAAAAAAtcM\/tbSIaNsP9Io\/w1046-h693-no\/K5+10608\" alt=\"Hokuryu \u0130tfaiye Tugay\u0131 100. Y\u0131l D\u00f6n\u00fcm\u00fc Anma T\u00f6reni ve \u00d6d\u00fclleri 2013 - Hokuryu Kasaba Portal\u0131 (Hokkaido) - Japonya&#039;n\u0131n 1 Numaral\u0131 Ay\u00e7i\u00e7e\u011fi K\u00f6y\u00fc\">\n                        <\/div>\n                    <\/a>\n                <\/div>\n            <\/div>\n        <\/div>\n\n        <div class=\"site-blogcard-premium\">\n            <div class=\"bc-label-custom\">\u0130lgili makaleler<\/div>\n            <div class=\"bc-flex-container\">\n                <div class=\"bc-main-text\">\n                    <div class=\"bc-title-link-box\">\n                        <a href=\"https:\/\/portal.hokuryu.info\/tr\/topics\/culture\/20130708.html\/\" target=\"_blank\">Hokuryu \u0130tfaiye Tugay\u0131 100. Y\u0131l T\u00f6reni ve Tatbikat\u0131 2013 - Hokuryu Kasaba Portal\u0131 (Hokkaido) - Japonya&#039;n\u0131n 1 Numaral\u0131 Ay\u00e7i\u00e7e\u011fi K\u00f6y\u00fc<\/a>\n                    <\/div>\n                    <div class=\"bc-excerpt-box\">2.100 n\u00fcfuslu ve 401.300 ki\u015filik ya\u015flanma oran\u0131na sahip, canl\u0131 bir kasaban\u0131n &quot;bug\u00fcnk\u00fc&quot; halini sizlere sunuyoruz. Ay\u00e7i\u00e7ekleri gibi, aileler uyum i\u00e7inde ya\u015f\u0131yor...<\/div>\n                <\/div>\n                <div class=\"bc-thumbnail-box\">\n                    <a href=\"https:\/\/portal.hokuryu.info\/tr\/topics\/culture\/20130708.html\/\" target=\"_blank\">\n                        <div class=\"bc-img-zoom-wrap\">\n                            <img decoding=\"async\" src=\"https:\/\/lh6.googleusercontent.com\/-rHol1cSBURE\/UdO8_ujtHeI\/AAAAAAAAr8k\/5nDozCTAZbw\/w1024-h678-no\/K5+10063\" alt=\"Hokuryu \u0130tfaiye Tugay\u0131 100. Y\u0131l T\u00f6reni ve Tatbikat\u0131 2013 - Hokuryu Kasaba Portal\u0131 (Hokkaido) - Japonya&#039;n\u0131n 1 Numaral\u0131 Ay\u00e7i\u00e7e\u011fi K\u00f6y\u00fc\">\n                        <\/div>\n                    <\/a>\n                <\/div>\n            <\/div>\n        <\/div>\n\u3000\u3000<br \/>\n\n        <div class=\"site-blogcard-premium\">\n            <div class=\"bc-label-custom\">\u0130lgili makaleler<\/div>\n            <div class=\"bc-flex-container\">\n                <div class=\"bc-main-text\">\n                    <div class=\"bc-title-link-box\">\n                        <a href=\"http:\/\/www.town.hokuryu.hokkaido.jp\/shobo\/main.html\" target=\"_blank\">Hokuryu \u0130tfaiye Departman\u0131na Ho\u015f Geldiniz<\/a>\n                    <\/div>\n                    <div class=\"bc-excerpt-box\">Hokuryu \u0130tfaiye Departman\u0131 Ana Sayfas\u0131<\/div>\n                <\/div>\n                <div class=\"bc-thumbnail-box\">\n                    <a href=\"http:\/\/www.town.hokuryu.hokkaido.jp\/shobo\/main.html\" target=\"_blank\">\n                        <div class=\"bc-img-zoom-wrap\">\n                            <img decoding=\"async\" src=\"http:\/\/www.town.hokuryu.hokkaido.jp\/shobo\/get_adobe_reader1.png\" alt=\"Hokuryu \u0130tfaiye Departman\u0131na Ho\u015f Geldiniz\">\n                        <\/div>\n                    <\/a>\n                <\/div>\n            <\/div>\n        <\/div>\n\u3000<\/p>\n<p>\u25c7 R\u00f6portaj ve metin: Ikuko Terauchi (foto\u011fraf\u00e7\u0131l\u0131k ve d\u00fczenleme asistan\u0131: Noboru Terauchi)<\/p>","protected":false},"excerpt":{"rendered":"<p>\uff12\uff10\uff12\uff13\u5e74\uff17\u6708\uff13\u65e5\uff08\u6708\uff09 \uff16\u6708\uff12\uff19\u65e5\uff08\u6728\uff09\uff11\uff16\uff1a\uff10\uff10\u301c\u3001\u6d88\u9632\u6f14\u7fd2\u306b\u5f15\u304d\u7d9a\u304d\u3001\u5317\u7adc\u6d88\u9632\u56e3\u5275\u7acb\uff11\uff11\uff10\u5468\u5e74\u8a18\u5ff5\u5f0f\u5178\u4e26\u3073\u306b\u795d\u8cc0\u4f1a\u304c\u3001\u5317\u7adc\u753a\u516c\u6c11\u9928\uff12\u968e\u5927\u30db\u30fc\u30eb\u306b\u3066\u884c\u308f\u308c\u307e\u3057\u305f\u3002 \u56e3\u54e1\u3092\u542b\u3081\u6d88\u9632\u95a2\u4fc2\u8005\u306e\u65b9\u3005\u7dcf\u52e2\u7d04 [&hellip;]<\/p>\n","protected":false},"author":1,"featured_media":34304,"comment_status":"open","ping_status":"open","sticky":false,"template":"","format":"standard","meta":{"footnotes":""},"categories":[4,29],"tags":[],"class_list":["post-34186","post","type-post","status-publish","format-standard","has-post-thumbnail","hentry","category-cover-story","category-firestation"],"_links":{"self":[{"href":"https:\/\/portal.hokuryu.info\/tr\/wp-json\/wp\/v2\/posts\/34186","targetHints":{"allow":["GET"]}}],"collection":[{"href":"https:\/\/portal.hokuryu.info\/tr\/wp-json\/wp\/v2\/posts"}],"about":[{"href":"https:\/\/portal.hokuryu.info\/tr\/wp-json\/wp\/v2\/types\/post"}],"author":[{"embeddable":true,"href":"https:\/\/portal.hokuryu.info\/tr\/wp-json\/wp\/v2\/users\/1"}],"replies":[{"embeddable":true,"href":"https:\/\/portal.hokuryu.info\/tr\/wp-json\/wp\/v2\/comments?post=34186"}],"version-history":[{"count":0,"href":"https:\/\/portal.hokuryu.info\/tr\/wp-json\/wp\/v2\/posts\/34186\/revisions"}],"wp:featuredmedia":[{"embeddable":true,"href":"https:\/\/portal.hokuryu.info\/tr\/wp-json\/wp\/v2\/media\/34304"}],"wp:attachment":[{"href":"https:\/\/portal.hokuryu.info\/tr\/wp-json\/wp\/v2\/media?parent=34186"}],"wp:term":[{"taxonomy":"category","embeddable":true,"href":"https:\/\/portal.hokuryu.info\/tr\/wp-json\/wp\/v2\/categories?post=34186"},{"taxonomy":"post_tag","embeddable":true,"href":"https:\/\/portal.hokuryu.info\/tr\/wp-json\/wp\/v2\/tags?post=34186"}],"curies":[{"name":"wp","href":"https:\/\/api.w.org\/{rel}","templated":true}]}}