{"id":3412,"date":"2020-07-06T07:02:23","date_gmt":"2020-07-05T22:02:23","guid":{"rendered":"https:\/\/portal.hokuryu.info\/?p=3412"},"modified":"2023-01-27T08:44:31","modified_gmt":"2023-01-26T23:44:31","slug":"3412-mesaj","status":"publish","type":"post","link":"https:\/\/portal.hokuryu.info\/tr\/3412\/","title":{"rendered":"Isao Hoshiba (Hokuryu, Hokkaido&#039;dan): Erken ba\u015flang\u0131\u00e7l\u0131 bunama hastalar\u0131na adanm\u0131\u015f bir hayat"},"content":{"rendered":"<p>Pazartesi, 6 Temmuz 2020<\/p>\n<p>Sal\u0131 g\u00fcn\u00fc, 30 Haziran&#039;da, Hokuryu Kasabas\u0131&#039;nda yerel canland\u0131rma i\u015fbirli\u011fi g\u00f6n\u00fcll\u00fcs\u00fc olarak aktif olan Isao Hoshiba (81 ya\u015f\u0131nda), \u00fc\u00e7 y\u0131ll\u0131k g\u00f6revini tamamlad\u0131. Kendisiyle erken ba\u015flang\u0131\u00e7l\u0131 demans aile derne\u011findeki faaliyetleri ve di\u011fer faaliyetleri hakk\u0131nda konu\u015ftuk.<\/p>\n<h2>B\u00f6lgesel canland\u0131rma faaliyetleri\/ulusal faaliyetler<\/h2>\n<h3>Yerel toplumu canland\u0131rmak i\u00e7in \u00e7e\u015fitli etkinlikler<\/h3>\n<p>Isao Hoshiba, 2017&#039;den 2020&#039;ye kadar Kitary\u016b Kasabas\u0131&#039;nda demans toplulu\u011fu tan\u0131t\u0131mc\u0131s\u0131, Akarui Nohhou Sivil Toplum \u00d6rg\u00fct\u00fc&#039;n\u00fcn y\u00f6neticisi, Toplum Destek Merkezi&#039;ne destek ve engelli insanlara istihdam deste\u011fi sa\u011flamak da dahil olmak \u00fczere \u00e7e\u015fitli rollerde \u00e7ok \u00e7al\u0131\u015ft\u0131.<\/p>\n<p>B\u00f6lgesel Canland\u0131rma G\u00f6n\u00fcll\u00fcs\u00fc olarak g\u00f6rev s\u00fcresi Temmuz 2020&#039;de sona erdi\u011finden beri g\u00f6n\u00fcll\u00fc olarak \u00e7al\u0131\u015fmaya devam etti, Kitary\u016b kasabas\u0131nda ya\u015fam destek koordinat\u00f6r\u00fc olarak g\u00f6rev yapt\u0131, Akarui \u00c7ift\u00e7ilik Sivil Toplum \u00d6rg\u00fct\u00fc&#039;n\u00fcn m\u00fcd\u00fcr\u00fc oldu, Toplum Destek Merkezi&#039;ne destek oldu ve engelli ki\u015filere istihdam deste\u011fi sa\u011flad\u0131.<\/p>\n<h3>Erken ba\u015flang\u0131\u00e7l\u0131 bunama ile ilgili \u00fclke \u00e7ap\u0131ndaki faaliyetler<\/h3>\n<p>Ayr\u0131ca, \u015fu anda Tokyo&#039;da Hoshinokai Erken Ba\u015flang\u0131\u00e7l\u0131 Demansl\u0131 Aileler Derne\u011fi&#039;nin (merkez: Tokyo) dan\u0131\u015fman\u0131, NPO Gen\u00e7 Demans Destek Merkezi&#039;nin (merkez: Tokyo) m\u00fcd\u00fcr\u00fc ve NPO \u0130kiiki Refah A\u011f\u0131 Merkezi&#039;nin (merkez: Tokyo) m\u00fcd\u00fcr\u00fc gibi \u00e7e\u015fitli g\u00f6revlerde bulunmaktad\u0131r. Ayr\u0131ca derslerde \u00f6\u011fretim g\u00f6revlisi olarak g\u00f6rev yapm\u0131\u015f ve \u00fclke \u00e7ap\u0131nda seyahat etmi\u015ftir.<\/p>\n<p>*&quot;Ikiki*Gakudai&quot;, erken ba\u015flang\u0131\u00e7l\u0131 bunama ve y\u00fcksek beyin i\u015flev bozuklu\u011fu konusunda uzmanla\u015fm\u0131\u015f Japonya&#039;daki ilk destek tesisidir ve NPO Ikiki Refah A\u011f\u0131 Merkezi taraf\u0131ndan y\u00f6netilir. Bili\u015fsel rehabilitasyon konusunda uzmanla\u015fm\u0131\u015f personel taraf\u0131ndan sa\u011flanan, gen\u00e7lere \u00f6zel programlar sunar.<\/p>\n<h2>Isao Hoshiba&#039;n\u0131n Hayat\u0131<\/h2>\n<p>Isao Hoshiba, e\u015fi Yoshiko&#039;ya 60 ya\u015f\u0131nda Pigg Hastal\u0131\u011f\u0131 te\u015fhisi kondu\u011funda Erken Ba\u015flang\u0131\u00e7l\u0131 Demans Aile Derne\u011fi ile tan\u0131\u015ft\u0131. 2006 y\u0131l\u0131nda Erken Ba\u015flang\u0131\u00e7l\u0131 Demans Aile Derne\u011fi&#039;nin temsilcisi Saisei-no-Kai&#039;den bu yana, demans hastalar\u0131 ve aileleriyle ba\u011flant\u0131 kurarken demans destek faaliyetlerine devam etti. Ayr\u0131ca Tokyo&#039;daki \u00e7e\u015fitli kurulu\u015flar\u0131n y\u00f6neticisi olarak g\u00f6rev yaparken, erken ba\u015flang\u0131\u00e7l\u0131 demans hastalar\u0131n\u0131 ve ailelerini Hokuryu Kasabas\u0131&#039;na ta\u015f\u0131nmaya kabul etme ve istihdam deste\u011fi sa\u011flama konusunda da yer ald\u0131.<\/p>\n<p><center><figure class=\"wp-caption aligncenter\"><a href=\"https:\/\/photos.google.com\/share\/AF1QipOn4ZktycaRv2TILNIWSmy8nx9pfs6_Ahw9jIMQbB69RVK0geViU41GquS2O8a96Q\/photo\/AF1QipMyBMbBSi1BHi39nWUTmvnA6QdyXhxQ_GTOBk8?key=TFY3NWMtX19WSXA5MjBiR2dITXVjWDFqR01SSXlR\" target=\"_blank\" rel=\"noopener noreferrer\"><img decoding=\"async\" src=\"https:\/\/lh3.googleusercontent.com\/pw\/ACtC-3djUHI52LXizNZ0BxSS3Q1sjtVIJvTXhdJC2wX5gI5MOMQUUhXjn90gav8hThuqZ6ZOeRAorLPPfoPZJ8b2dI_8zw8i9oeixvtQlMvIkPKhgOKUKXQ8ttxLZXMKfk1IAbC5LyzP7dHl_RpRBsmBkKPk=w2000-h1332-no?authuser=0\" width=\"1998\" height=\"1332\" alt=\"\u0130sao Ho\u015fiba (81 ya\u015f\u0131nda)\" class=\"size-medium\" \/><\/a><figcaption class=\"wp-caption-text\">\u0130sao Ho\u015fiba (81 ya\u015f\u0131nda)<\/figcaption><\/figure><\/center><\/p>\n<h3>\u00e7ocuk\/ergen<\/h3>\n<p>Isao Hoshiba, 81 ya\u015f\u0131nda, 1939 do\u011fumlu (Showa 14). Hokuryu Kasabas\u0131nda do\u011fdu ve Shinryu \u0130lkokulu, Hokuryu Ortaokulu ve Fukagawa Higashi Lisesine gitti. Lise y\u0131llar\u0131nda Fukagawa \u015eehri&#039;ndeki bir yurtta ya\u015fad\u0131.<\/p>\n<h4>Ailemin bir tofu d\u00fckkan\u0131 var.<\/h4>\n<p>Babas\u0131 Rinzo Hoshiba ve annesi Matsue ile birlikte dokuz karde\u015fin (alt\u0131 erkek ve \u00fc\u00e7 k\u0131z) d\u00f6rd\u00fcnc\u00fc o\u011flu olarak b\u00fcy\u00fcd\u00fc. Ailesi Hokuryu Kasabas\u0131&#039;nda bir tofu d\u00fckkan\u0131 i\u015fletiyor ve ayr\u0131ca bir Hokkai Times sat\u0131\u015f noktas\u0131 da var. Babas\u0131 bir JNR \u00e7al\u0131\u015fan\u0131 (yol bak\u0131m g\u00f6revlisi) olarak \u00e7al\u0131\u015ft\u0131 ve daha sonra bir k\u00f6m\u00fcr otob\u00fcs\u00fc i\u015finde \u00e7al\u0131\u015ft\u0131. Hoshiba, babas\u0131n\u0131n harikal\u0131\u011f\u0131ndan bahsederken &quot;Hayat zordu ama karde\u015flerimden hi\u00e7birinin, k\u00fc\u00e7\u00fckken bile, ebeveynlerimiz taraf\u0131ndan azarland\u0131\u011f\u0131n\u0131 hat\u0131rlam\u0131yorum&quot; diyor.<\/p>\n<h4>\u0130lkokul, ortaokul ve lise y\u0131llar\u0131<\/h4>\n<p>\u0130lkokulda alt\u0131 y\u0131l boyunca gazete da\u011f\u0131t\u0131c\u0131l\u0131\u011f\u0131 yapt\u0131m, ortaokulda basketbol oynad\u0131m ve lisedeyken yak\u0131ndaki bir paten pistinde paten kayman\u0131n keyfini \u00e7\u0131kard\u0131m.<\/p>\n<p>Liseyi bitirdikten sonra Tokyo&#039;daki Ikebukuro&#039;daki Ulusal Demiryolu Teknik Koleji&#039;ne girmesi planlan\u0131yordu ancak apandisit ge\u00e7irdi ve lise mezuniyet t\u00f6reninden \u00f6nce ameliyat oldu. Mezuniyet t\u00f6renine kat\u0131lamad\u0131 ve \u00e7e\u015fitli sebeplerden dolay\u0131 koleje girmekten vazge\u00e7ti.<\/p>\n<h3>Kimono toptanc\u0131 d\u00f6nemi (Tokyo)<\/h3>\n<h4>Kimono toptanc\u0131s\u0131nda \u00e7\u0131rak<\/h4>\n<p>1957&#039;de (Showa 32), 18 ya\u015f\u0131ndayken Tokyo&#039;ya ta\u015f\u0131nd\u0131. Abisinin arkada\u015f\u0131n\u0131n babas\u0131n\u0131n sava\u015f arkada\u015f\u0131 Tokyo&#039;da bir kimono toptanc\u0131s\u0131 i\u015fletiyordu ve onun tan\u0131t\u0131m\u0131yla Tokyo&#039;nun Nihonbashi Mitsukoshi yak\u0131nlar\u0131ndaki Kofunecho, Nihonbashi&#039;de bulunan bir kimono toptanc\u0131s\u0131 olan Ishikawa Shoten Co., Ltd.&#039;de canl\u0131 \u00e7\u0131rakl\u0131k ald\u0131. Ne yaz\u0131k ki \u015firket bir y\u0131l i\u00e7inde iflas etti. Birka\u00e7 g\u00fcnl\u00fc\u011f\u00fcne memleketine d\u00f6nd\u00fc ama k\u0131sa s\u00fcre sonra Tokyo&#039;ya geri d\u00f6nd\u00fc.<\/p>\n<p>Babas\u0131 ona her zaman, &quot;Sab\u0131rl\u0131 olmal\u0131s\u0131n ve bir i\u015fte \u00fc\u00e7 g\u00fcn, \u00fc\u00e7 ay, sonra \u00fc\u00e7 y\u0131l \u00e7al\u0131\u015fmal\u0131s\u0131n,&quot; derdi; o da babas\u0131n\u0131n tavsiyesine sad\u0131k kalarak Tokyo&#039;ya geri d\u00f6nmeye ve kimono toptanc\u0131s\u0131nda \u00e7al\u0131\u015fmaya devam etmeye karar verdi.<\/p>\n<h4>Kimono toptanc\u0131s\u0131nda on y\u0131l<\/h4>\n<p>\u015eirket anonim \u015firketten limited \u015firkete d\u00f6n\u00fc\u015ft\u00fc ve \u00e7al\u0131\u015fan say\u0131s\u0131 10&#039;a d\u00fc\u015f\u00fcr\u00fcld\u00fc, ancak varl\u0131\u011f\u0131n\u0131 s\u00fcrd\u00fcrd\u00fc. Kuma\u015f rulolar\u0131n\u0131 scooter&#039;\u0131ma y\u00fckledim, Yokohama ve Kita-Senju&#039;daki d\u00fczenli m\u00fc\u015fterilerime gittim ve kuma\u015f rulolar\u0131n\u0131 kendim satt\u0131m. Bu sayede i\u015fi \u00e7abucak \u00f6\u011frenebildim ve m\u00fc\u015fteriler taraf\u0131ndan 10 y\u0131l boyunca sevildim.<\/p>\n<h4>Meiko ile evli<\/h4>\n<p>1960&#039;ta 21 ya\u015f\u0131ndayken (Showa 35), ayn\u0131 i\u015fyerinde k\u0131demli bir meslekta\u015f\u0131m olan Yoshiko ile evlendim. Evlili\u011fimize Tsurumi \u015eehri&#039;nde bizi aile gibi g\u00f6ren bir m\u00fc\u015fterimizin sahibi oldu\u011fu bir apartmanda alt\u0131 tatamilik bir odada ba\u015flad\u0131k. Yoshiko, tek bir \u015fikayet s\u00f6zc\u00fc\u011f\u00fc olmadan aileye bakt\u0131. 1962&#039;de (Showa 37), ilk k\u0131z\u0131m\u0131z do\u011fdu ve 1967&#039;de (Showa 42), ikinci k\u0131z\u0131m\u0131z do\u011fdu.<\/p>\n<p><center><figure class=\"wp-caption aligncenter\"><a href=\"https:\/\/photos.google.com\/share\/AF1QipOn4ZktycaRv2TILNIWSmy8nx9pfs6_Ahw9jIMQbB69RVK0geViU41GquS2O8a96Q\/photo\/AF1QipMcTNQ88vATp72gfScdiCq2u3W_bGA1H-Paiyw?key=TFY3NWMtX19WSXA5MjBiR2dITXVjWDFqR01SSXlR\"><img decoding=\"async\" src=\"https:\/\/lh3.googleusercontent.com\/pw\/ACtC-3cMh6SHVVA_sTCge4rTZU56eHFlxwkvGrsIXEIpqIfPJ95rS1hKmGbyr5O2pmcSWpfVGHSm3i6gppDCPa9qSUAsJu9UzDYUqWuqzpGUy9Nd4DxF_oUXA2zpU8kYwr0n0XK81ujxrkAvv2q9FU2hx8tC=w2000-h1332-no?authuser=0\" width=\"1998\" height=\"1332\" alt=\"\u00c7ift gen\u00e7liklerinde\" class=\"size-medium\" \/><\/a><figcaption class=\"wp-caption-text\">Gen\u00e7ken \u00e7ift (Foto\u011fraf: Isao Hoshiba)<\/figcaption><\/figure><\/center><\/p>\n<p><center><figure class=\"wp-caption aligncenter\"><a href=\"https:\/\/photos.google.com\/share\/AF1QipOn4ZktycaRv2TILNIWSmy8nx9pfs6_Ahw9jIMQbB69RVK0geViU41GquS2O8a96Q\/photo\/AF1QipNjTaCE-Gw_6zc16YIY7UvTW67LslQ2TXdFc6s?key=TFY3NWMtX19WSXA5MjBiR2dITXVjWDFqR01SSXlR\"><img decoding=\"async\" src=\"https:\/\/lh3.googleusercontent.com\/pw\/ACtC-3fYsk6fVWSTj-DsTKiCRD6V6_-dcxj4RMBEGm_e8WLqPyNXqFOVedeM3hU7azVgO24PUKyAQ2nmO4Buqwg4zmGNhMXLo2cTGAiexKb3kh1dOGaKMoYWm9Y_TdVrOefE15oYWrbX11DfZypWDb3t5FG4=w2000-h1332-no?authuser=0\" width=\"1998\" height=\"1332\" alt=\"\u0130kinizin nostaljik an\u0131lar\u0131\" class=\"size-medium\" \/><\/a><figcaption class=\"wp-caption-text\">\u0130kinizin nostaljik an\u0131lar\u0131<\/figcaption><\/figure><\/center><\/p>\n<p><center><figure class=\"wp-caption aligncenter\"><a href=\"https:\/\/photos.google.com\/share\/AF1QipOn4ZktycaRv2TILNIWSmy8nx9pfs6_Ahw9jIMQbB69RVK0geViU41GquS2O8a96Q\/photo\/AF1QipNzGrsrvFMSiYF5N4I_dH04zw7P-718QySiors?key=TFY3NWMtX19WSXA5MjBiR2dITXVjWDFqR01SSXlR\"><img decoding=\"async\" src=\"https:\/\/lh3.googleusercontent.com\/pw\/ACtC-3dpWDMPYXV8TBcKcGOWleUqWefFcquqlWcCWVzGwJsQ9JpaptVRWiIZpEWklx_aw69s3L9RdhGJOi-11QHthvZZBHyPXp4h4fRMe1yjs55vAFiXQoQ-xrV4WHTBUm1DXoa98Y4jKtH_nY9BuWliA6s1=w2000-h1332-no?authuser=0\" width=\"1998\" height=\"1332\" alt=\"Torunlar\u0131n\u0131z ve ailenizle!\" class=\"size-medium\" \/><\/a><figcaption class=\"wp-caption-text\">Torunu ve ailesiyle! (Foto\u011fraf: Isao Hoshiba)<\/figcaption><\/figure><\/center><\/p>\n<h3>Ba\u011f\u0131ms\u0131z ve k\u00f6kl\u00fc Asahi San-ei Co., Ltd.<\/h3>\n<p>1967&#039;de (Showa 42), 28 ya\u015f\u0131ndayken ba\u011f\u0131ms\u0131z oldu ve 1968&#039;de (Showa 43), Asahi San-ei Co., Ltd.&#039;yi (Asahioka, Nerima Ward) kurdu ve ba\u015fkan\u0131 oldu. \u00d6nemli bir m\u00fc\u015fteriden istisnai bir kredi alabildi ve hatta m\u00fc\u015fterinin dairesinin birinci kat\u0131n\u0131 ofisi olarak kullanmas\u0131na izin verildi.<\/p>\n<p>\u0130lk ba\u015flad\u0131\u011f\u0131mda, Chiba Eyaletinin Kashiwa \u015eehri&#039;ndeki Toyoshikidai kamu konut kompleksinde ya\u015f\u0131yordum. Oradan Nerima Mahallesi&#039;ne gidip geliyordum.<\/p>\n<h4>Kimono Galerisi Yawara a\u00e7\u0131l\u0131yor<\/h4>\n<p>1990 y\u0131l\u0131nda Nerima Ward&#039;da Kimono Gallery Yawara a\u00e7\u0131ld\u0131. \u00dc\u00e7 katl\u0131 bir bina kiraland\u0131, ikinci kat Asahi San-ei Co., Ltd. i\u00e7in ofis olarak, \u00fc\u00e7\u00fcnc\u00fc kat toptanc\u0131 alan\u0131 olarak ve birinci kat sosyal alan ve Kimono Gallery Yawara olarak kullan\u0131ld\u0131. \u015eirket ba\u015fka birine devredildi ve bug\u00fcn hala faaliyette.<\/p>\n<p><center><figure class=\"wp-caption aligncenter\"><a href=\"https:\/\/photos.google.com\/share\/AF1QipOn4ZktycaRv2TILNIWSmy8nx9pfs6_Ahw9jIMQbB69RVK0geViU41GquS2O8a96Q\/photo\/AF1QipPPsGHE-EY-Cmh0fEQy8tbBko5zPF6CVao1Kw8?key=TFY3NWMtX19WSXA5MjBiR2dITXVjWDFqR01SSXlR\" target=\"_blank\" rel=\"noopener noreferrer\"><img decoding=\"async\" src=\"https:\/\/lh3.googleusercontent.com\/pw\/ACtC-3e1EIMXWypVctf6TUex1bZ-EXuxcRVgX1JN1pp8GW2k_gmUVoWlEcX-v-lD1hXwRGtGlndVbIfXzOGYGG-9IBW_88bqMj9Mq0zmF_QUK0RsgS-G2DceefRwpODrVux-JikPfiBP3t9endz8cGR_ptuD=w1249-h874-no?authuser=0\" width=\"1998\" height=\"1332\" alt=\"Kimono Galerisi Yawara\" class=\"size-medium\" \/><\/a><figcaption class=\"wp-caption-text\">Kimono Galerisi Yawara (Foto\u011fraf: Google Haritas\u0131)<\/figcaption><\/figure><\/center><\/p>\n<h4>Usta Boyama ve Dokuma El Sanatlar\u0131 Sergisi<\/h4>\n<p>Aral\u0131k 1996&#039;da Nerima Sanat M\u00fczesi, usta boyama ve dokuma ustalar\u0131n\u0131n eserlerinden olu\u015fan bir sergi d\u00fczenledi. Sergide, Ya\u015fayan Ulusal Hazine Shimura Fukumi&#039;nin &quot;\u015eafak&quot; adl\u0131 eseri de dahil olmak \u00fczere usta boyama ve dokuma ustalar\u0131n\u0131n 60 eseri yer ald\u0131. Sergilenen t\u00fcm eserler Isao Hoshiba&#039;n\u0131n koleksiyonundand\u0131.<\/p>\n<p><center><figure class=\"wp-caption aligncenter\"><a href=\"https:\/\/photos.google.com\/share\/AF1QipOn4ZktycaRv2TILNIWSmy8nx9pfs6_Ahw9jIMQbB69RVK0geViU41GquS2O8a96Q\/photo\/AF1QipPGT-1xyHwZsDV_xo9kMSDBKJKeJCZ9Fyqgi7M?key=TFY3NWMtX19WSXA5MjBiR2dITXVjWDFqR01SSXlR\" target=\"_blank\" rel=\"noopener noreferrer\"><img decoding=\"async\" src=\"https:\/\/lh3.googleusercontent.com\/pw\/ACtC-3fkhh5A05ca3gpsoernAHFc-g52khHB8_q5XxfJvF0XDI5g2uYuIwNr__Exn2vbb126MYGsqtgTeUJ9WTYf5xHjHVO2IiUwcCirxWRQ6Yp56wDEyXV_jScdXOaSo2Foz4p8igumN-0lTCucOw3opP0K=w598-h897-no?authuser=0\" width=\"414\" alt=\"Renk ve Tekstil Ba\u015fyap\u0131tlar\u0131 Sergisi\" class=\"size-medium\" \/><\/a><figcaption class=\"wp-caption-text\">Renk ve Tekstil Ba\u015fyap\u0131tlar\u0131 Sergisi<\/figcaption><\/figure><\/center><\/p>\n<h3>Morita Terapisi ile kar\u015f\u0131la\u015fmam &quot;Oldu\u011fu Gibi&quot;<\/h3>\n<p>Isao Hoshiba, 50&#039;li ya\u015flar\u0131ndan bu yana a\u015f\u0131r\u0131 \u00e7al\u0131\u015fmaktan kaynaklanan stres kaynakl\u0131 n\u00f6rolojik kalp rahats\u0131zl\u0131\u011f\u0131 \u00e7ekiyor ve bir y\u0131ld\u0131r Tokyo&#039;daki bir t\u0131p \u00fcniversitesi hastanesini ziyaret ediyor.<\/p>\n<p>Bu s\u0131rada bir arkada\u015f\u0131m Morita Therapy &quot;Living as it is as&quot; adl\u0131 do\u011fal terapi hakk\u0131nda bir kitap \u00f6nerdi ve bu terapiyi denedi\u011fimde semptomlar\u0131m d\u00fczeldi. Ondan sonra bile, kalbimde aniden a\u011fr\u0131 hissetti\u011fimde, tekrar tekrar yava\u015f, derin nefesler al\u0131rd\u0131m (kar\u0131n solunumu) ve a\u011fr\u0131 do\u011fal olarak azal\u0131r ve semptomlar\u0131m hafifler ve sakinle\u015firdi.<\/p>\n<p>Morita terapisinin &quot;oldu\u011fu gibi&quot; yakla\u015f\u0131m\u0131, kayg\u0131y\u0131 ve semptomlar\u0131 ortadan kald\u0131rmaya \u00e7al\u0131\u015fmay\u0131 b\u0131rak\u0131p, her \u015feyi oldu\u011fu gibi b\u0131rakma tutumunu geli\u015ftirmek anlam\u0131na gelir. As\u0131l ama\u00e7, &quot;oldu\u011fu gibi&quot; bir zihin geli\u015ftirerek nevrozun (kayg\u0131 bozukluklar\u0131) \u00fcstesinden gelmektir. (Mental Health Okamoto Memorial Foundation, Public Interest Incorporated Foundation)<a href=\"https:\/\/www.mental-health.org\/morita.html\" rel=\"noopener noreferrer\" target=\"_blank\">Web sitesinden al\u0131nt\u0131lanm\u0131\u015ft\u0131r<\/a>)<\/p>\n<p>Nichii Corporation&#039;\u0131n ba\u015fkan yard\u0131mc\u0131s\u0131 Tsuneo Okamoto, nevrozdan muzdaripti ancak Morita terapisiyle bunun \u00fcstesinden geldi. 1988&#039;de (Showa 63), kamu yarar\u0131na bir t\u00fczel ki\u015filik olan Mental Okamoto Memorial Foundation&#039;\u0131 kurdu ve ba\u015fkan\u0131 oldu.<\/p>\n<p>Tsuneo Okamoto, &quot;Seikatsu no Hakkenkai (Ya\u015fam\u0131n Ke\u015ffi)&quot; adl\u0131 \u00fclke \u00e7ap\u0131nda bir \u00f6rg\u00fct kurmak i\u00e7in kendi fonlar\u0131n\u0131 yat\u0131rd\u0131. Morita psikoterapi teorisine dayal\u0131 ruh sa\u011fl\u0131\u011f\u0131 i\u00e7in kar\u015f\u0131l\u0131kl\u0131 destek faaliyetleri \u00fclke \u00e7ap\u0131nda y\u00fcr\u00fct\u00fcl\u00fcyor.<a href=\"https:\/\/www.mental-health.org\/news_14.html\" rel=\"noopener noreferrer\" target=\"_blank\">Referans sayfas\u0131 burada &gt;&gt;<\/a>)<\/p>\n<p><center><figure class=\"wp-caption aligncenter\"><a href=\"https:\/\/photos.google.com\/share\/AF1QipOn4ZktycaRv2TILNIWSmy8nx9pfs6_Ahw9jIMQbB69RVK0geViU41GquS2O8a96Q\/photo\/AF1QipP7oKh6-20etSzrZwF2UqdCcTSg1_ok3CCsEgM?key=TFY3NWMtX19WSXA5MjBiR2dITXVjWDFqR01SSXlR\" target=\"_blank\" rel=\"noopener noreferrer\"><img decoding=\"async\" src=\"https:\/\/lh3.googleusercontent.com\/pw\/ACtC-3f2NkkVLuxNIyZ5HDwpojpepgXz459OaY8yIFW_l2S1hCofb8RgZVYF7SdPUJzEzy6h4TvfmXktL8F8yFmDIOKxEdYlC1pkqrG_LMqWKp1ndZ3paYncIchUje2WFMs0tDW5JL74nzyMFr3LTFXzTgCT=w2000-h1332-no?authuser=0\" width=\"1998\" height=\"1332\" alt=\"Bay Hoshiba, demans hastas\u0131 ailelerle i\u00e7tenlikle etkile\u015fim kuruyor\" class=\"size-medium\" \/><\/a><figcaption class=\"wp-caption-text\">Bay Hoshiba, demans hastas\u0131 ailelerle samimi bir \u015fekilde etkile\u015fim kuruyor (Bay Isao Hoshiba taraf\u0131ndan sa\u011flanan foto\u011fraf)<\/figcaption><\/figure><\/center><\/p>\n<p>Kar\u0131s\u0131 Yoshiko, 1996 y\u0131l\u0131nda hastalanana kadar kimono toptanc\u0131s\u0131nda \u00e7al\u0131\u015fmaya devam etti (Heisei 8).<\/p>\n<h2>Isao Hoshiba: Erken ba\u015flang\u0131\u00e7l\u0131 bunama hastalar\u0131na destek<\/h2>\n<h3>Kar\u0131s\u0131 Yoshiko, Pick hastal\u0131\u011f\u0131na yakalan\u0131yor<\/h3>\n<p>1937&#039;de (Showa 12) Ibaraki Eyaleti, Ryugasaki \u015eehrinde do\u011fdu.<br \/>\nAral\u0131k 1996 (Heisei 8), 59 ya\u015f\u0131nda, konu\u015fma bozuklu\u011fu geli\u015fti<br \/>\nOcak 1997&#039;de bir m\u00fc\u015fteri i\u015fyerinde kaba dilini fark etti ve hastaneye gitti. O zamandan Aral\u0131k 1999&#039;a kadar, konu\u015fma rehabilitasyonu i\u00e7in haftada bir kez hastaneyi ziyaret etti. Ayr\u0131ca ayda bir kez di\u011fer t\u0131p \u00fcniversitesi hastanelerini de ziyaret etti.<\/p>\n<p>&quot;Pick hastal\u0131\u011f\u0131 te\u015fhisi konana kadar ge\u00e7en \u00fc\u00e7 y\u0131l boyunca, kar\u0131m\u0131 s\u00fcrekli azarlay\u0131p, &#039;Bunu neden yapam\u0131yorsun?&#039; diyordum ve bu beni \u00e7ok \u00fczd\u00fc. Bu ac\u0131 verici ve zor deneyim, temas kurdu\u011fum insanlarla empati kurmama ve sonraki faaliyetlerimde onlara nazik davranmama yard\u0131mc\u0131 oldu,&quot; diyor Hoshiba.<\/p>\n<p>O d\u00f6nemde NHK ile erken ba\u015flang\u0131\u00e7l\u0131 bunama konusunda r\u00f6portaj yapm\u0131\u015flard\u0131 ve Asahi Shimbun, \u00e7iftin o d\u00f6nemde annelerine nas\u0131l bakt\u0131\u011f\u0131n\u0131 anlatan bir haftal\u0131k bir dizi makale yay\u0131nlad\u0131.<\/p>\n<p><center><figure class=\"wp-caption aligncenter\"><a href=\"https:\/\/photos.google.com\/share\/AF1QipOn4ZktycaRv2TILNIWSmy8nx9pfs6_Ahw9jIMQbB69RVK0geViU41GquS2O8a96Q\/photo\/AF1QipMqtAWmSwtS-_KkhRB19o5qt67El-XJN4uSVo8?key=TFY3NWMtX19WSXA5MjBiR2dITXVjWDFqR01SSXlR\" target=\"_blank\" rel=\"noopener noreferrer\"><img decoding=\"async\" src=\"https:\/\/lh3.googleusercontent.com\/pw\/ACtC-3elRzIp7MzyhI5F4BAAvttHt_Ig3CdgnQXFxUdvvwo_AvrBUDwQqI2q5QC2J6n4zOwP41JaJWM7mGvYcMlrj9vL3kPedVaRWQB24K6r1euQ-BN7rr3HEm_eH_QnTRzVydkCqjb1Zt4y9Cg6_r--tK_3=w888-h1332-no?authuser=0\" width=\"414\" height=\"1332\" alt=\"Yoshiko&#039;yla ilgilenen Bay Hoshiba, Josei Seven, A\u011fustos 2005\" class=\"size-medium\" \/><\/a><figcaption class=\"wp-caption-text\">Yoshiko&#039;yla ilgilenen Bay Hoshiba, Josei Seven, A\u011fustos 2005<\/figcaption><\/figure><\/center><\/p>\n<p>Aral\u0131k 1999&#039;da Pick hastal\u0131\u011f\u0131 te\u015fhisi kondu. Frontal ve temporal loblar\u0131 k\u00fc\u00e7\u00fclm\u00fc\u015ft\u00fc ve afazi hastas\u0131yd\u0131. Bir sosyal hizmet g\u00f6revlisi, esas olarak psikiyatri konusunda uzmanla\u015fm\u0131\u015f bir hastaneye nakledilmesini \u00f6nerdi.<\/p>\n<p>\u015eubat 2000&#039;de v\u00fccudundaki sertlik nedeniyle sokakta yere y\u0131\u011f\u0131ld\u0131 ve ertesi g\u00fcn hastaneye kald\u0131r\u0131ld\u0131. Hastaneden taburcu olduktan sonra, onu hastaneye yat\u0131rmak i\u00e7in bir\u00e7ok tesisi denedi, ancak onlara Pick hastal\u0131\u011f\u0131 oldu\u011funu s\u00f6yledi\u011finde, onu kabul etmediler. Ayn\u0131 y\u0131l\u0131n May\u0131s ay\u0131nda, sonunda Musashinoen Huzurevi&#039;ne (Saitama B\u00f6lgesi) girebildi.<\/p>\n<p>&quot;Bu tesisteki herkes bize kar\u015f\u0131 \u00e7ok nazikti. Musashinoen&#039;de ge\u00e7irdi\u011fi g\u00fcnler muhtemelen hayat\u0131n\u0131n en g\u00fczel d\u00f6nemiydi,&quot; dedi Hoshiba, Musashinoen personelinin samimi tepkisi i\u00e7in minnettarl\u0131\u011f\u0131n\u0131 dile getirerek.<\/p>\n<p>Musashinoen&#039;de \u00fc\u00e7 ay ge\u00e7irdikten sonra 2001 y\u0131l\u0131nda Nerima Ward Oizumi Ya\u015fl\u0131lar \u00d6zel Bak\u0131mevi&#039;ne ta\u015f\u0131nd\u0131. O zamandan beri bak\u0131mevine ve sa\u011fl\u0131k merkezine birka\u00e7 kez girip \u00e7\u0131kt\u0131.<\/p>\n<p><center><figure class=\"wp-caption aligncenter\"><a href=\"https:\/\/photos.google.com\/share\/AF1QipOn4ZktycaRv2TILNIWSmy8nx9pfs6_Ahw9jIMQbB69RVK0geViU41GquS2O8a96Q\/photo\/AF1QipMMT8KAiFv6JKJupeLelnqXGluOA_vTVj6GXaA?key=TFY3NWMtX19WSXA5MjBiR2dITXVjWDFqR01SSXlR\"><img decoding=\"async\" src=\"https:\/\/lh3.googleusercontent.com\/pw\/ACtC-3eOC4tGnKNewJN9L2bK3Tf5rMJULZOoPPPuH3l_XI9w1vLND63969boOeXaPzycUAjpi9SIxkmdTWA4u6cEKAko5Edd977jIKwh-uueE-PXySblpKSmdQs4dyM65jx02d1HDXpxgx-Kldc4owPFMFWA=w2000-h1332-no?authuser=0\" width=\"1998\" height=\"1332\" alt=\"Bay Hoshiba, Yoshiko&#039;nun bak\u0131m\u0131n\u0131 yaparken onun elini tutuyor\" class=\"size-medium\" \/><\/a><figcaption class=\"wp-caption-text\">Bay Hoshiba, Yoshiko&#039;ya bakarken onun elini tutuyor (Foto\u011fraf: Bay Isao Hoshiba)<\/figcaption><\/figure><\/center><\/p>\n<p><center><figure class=\"wp-caption aligncenter\"><a href=\"https:\/\/photos.google.com\/share\/AF1QipOn4ZktycaRv2TILNIWSmy8nx9pfs6_Ahw9jIMQbB69RVK0geViU41GquS2O8a96Q\/photo\/AF1QipMLlR8iBweEY0-ucv5_JrDGMQFE3grMJtjWFMQ?key=TFY3NWMtX19WSXA5MjBiR2dITXVjWDFqR01SSXlR\"><img decoding=\"async\" src=\"https:\/\/lh3.googleusercontent.com\/pw\/ACtC-3cpWt_JMsE1OQ8DRfT-E9hdwySxmZAwCk1MOQhndWBJAOiQHqFIl8SYb-p7nSusF-hsccDUujStAf1IT1bja9VLwcW8nwvTd66O0xuFx7eQ3i7LbL1cM8QGmY3YL_uMFUirLOs7S1w-7H9wK9ovZD1H=w2000-h1332-no?authuser=0\" width=\"1998\" height=\"1332\" alt=\"Torununuzu kucaklay\u0131n!\" class=\"size-medium\" \/><\/a><figcaption class=\"wp-caption-text\">Torununuzu kuca\u011f\u0131n\u0131zda tutun! (Foto\u011fraf: Isao Hoshiba)<\/figcaption><\/figure><\/center><\/p>\n<p>Yoshiko 28 Aral\u0131k 2006&#039;da huzur i\u00e7inde hayata veda etti ve uykusunda cennete gitti.<\/p>\n<p>O zamanlar doktorlar bunaman\u0131n sadece otopsiyle te\u015fhis edilebilen bir hastal\u0131k oldu\u011funa inan\u0131yorlard\u0131. Bu y\u00fczden Bay Hoshiba, Yoshiko&#039;nun bedenini (beynini) bir ara\u015ft\u0131rma konusu olarak t\u0131bbi merkeze ba\u011f\u0131\u015flad\u0131. Sadece beyin \u00e7\u0131kar\u0131laca\u011f\u0131 i\u00e7in Yoshiko o ak\u015fam sakin ve g\u00fczel bir y\u00fczle evine d\u00f6nd\u00fc.<\/p>\n<h3>Erken ba\u015flang\u0131\u00e7l\u0131 bunama hastalar\u0131na y\u00f6nelik bir aile derne\u011fi olan Hoshinokai&#039;nin faaliyetleri<\/h3>\n<p>Hoshiba Isao, kar\u0131s\u0131 Yoshiko&#039;ya Pick hastal\u0131\u011f\u0131 te\u015fhisi konulduktan sonra erken ba\u015flang\u0131\u00e7l\u0131 bunama hastalar\u0131n\u0131n aileleri i\u00e7in bir grup olan Saisei-no-Kai ile tan\u0131\u015ft\u0131.<\/p>\n<p>&quot;Toplant\u0131ya kat\u0131ld\u0131\u011f\u0131mda yaln\u0131z olmad\u0131\u011f\u0131m\u0131 fark ettim ve a\u011flamaktan kendimi alamad\u0131m. Ayn\u0131 deneyimi ya\u015fam\u0131\u015f ailelerle tan\u0131\u015ft\u0131\u011f\u0131mda g\u00f6zlerimin kocaman a\u00e7\u0131ld\u0131\u011f\u0131n\u0131 fark ettim. Bu toplant\u0131 sayesinde di\u011fer ailelerle etkile\u015fime girme ve \u00e7e\u015fitli duygular\u0131m\u0131 di\u011fer ailelerle payla\u015fma f\u0131rsat\u0131 buldum, bu benim i\u00e7in b\u00fcy\u00fck bir te\u015fvik oldu,&quot; dedi Hoshiba.<\/p>\n<p><center><figure class=\"wp-caption alignnone\"><a href=\"https:\/\/photos.google.com\/share\/AF1QipOn4ZktycaRv2TILNIWSmy8nx9pfs6_Ahw9jIMQbB69RVK0geViU41GquS2O8a96Q\/photo\/AF1QipPurUViuyxTRDqL8nibsKFTnff1sE73nkDaTu8?key=TFY3NWMtX19WSXA5MjBiR2dITXVjWDFqR01SSXlR\" target=\"_blank\" rel=\"noopener noreferrer\"><img decoding=\"async\" src=\"https:\/\/lh3.googleusercontent.com\/pw\/ACtC-3cfLdP5HzVnhdmOJGNFmLDraDyMPr2nW03O06EXLOxL___oWRh_g364RiqZx09mR28QnEURYJKWzvkTRo2G58Evd0Kvfd4aVwEeFGwgxGTY37T5IYUPoUFgCV__gkznMqD8AEv3S4oX9U_yo8CBLsdY=w1038-h1332-no?authuser=0\" width=\"414\" alt=\"Gen\u00e7li\u011finde Hoshiba Bey, &quot;Kruvasan, Mart 2004&quot;\" class=\"size-medium\" \/><\/a><figcaption class=\"wp-caption-text\">Gen\u00e7li\u011finde Hoshiba Bey, &quot;Kruvasan, Mart 2004&quot;<\/figcaption><\/figure><\/center><\/p>\n<p>Demansl\u0131 Ki\u015filerin Aileleri Derne\u011fi (eski ad\u0131yla Demansl\u0131 Ki\u015filerin Aileleri Derne\u011fi), Eyl\u00fcl 2001&#039;de Gunma Eyalet Ruh Sa\u011fl\u0131\u011f\u0131 Merkezi M\u00fcd\u00fcr\u00fc Kazuo Miyanaga taraf\u0131ndan kuruldu. &quot;Aisei no Kai&quot; ismi, &quot;yeniden do\u011fu\u015f&quot; anlam\u0131na gelen &quot;rebirth&quot; (saisei) karakterinin, &quot;renkli y\u0131ld\u0131zlar&quot; anlam\u0131na gelen &quot;saisei&quot; olarak de\u011fi\u015ftirilmesiyle olu\u015fturuldu ve bu, renk dolu bir y\u0131ld\u0131z anlam\u0131n\u0131 ima etti.<\/p>\n<p>2004 y\u0131l\u0131nda, Direkt\u00f6r Fumiko Makino ve ekibinin i\u015fbirli\u011fiyle NPO Caregiver Support Network Center Aladdin (merkez: Roppongi) i\u00e7inde bir ofis a\u00e7\u0131ld\u0131. Tek say\u0131l\u0131 aylarda Pazar g\u00fcnleri d\u00fczenli toplant\u0131lar, mini konferanslar, aile toplant\u0131lar\u0131 ve i\u00e7ki partileri gibi \u00e7e\u015fitli etkinlikler d\u00fczenlendi.<br \/>\n\u3000<\/p>\n<h4>Gen\u00e7 ya\u015fta bunama hastal\u0131\u011f\u0131 olan ailelere y\u00f6nelik bir dernek olan Saisei-no-Kai&#039;nin temsilcisi olarak atand\u0131<\/h4>\n<p>Ocak 2006&#039;da Isao Hoshiba, erken ba\u015flang\u0131\u00e7l\u0131 demans hastalar\u0131n\u0131n aileleri i\u00e7in bir dernek olan Saisei-no-Kai&#039;nin temsilcisi oldu. \u00c7e\u015fitli komitelerde yer ald\u0131 ve medyayla ilgili t\u00fcm konularla ilgilenmekten sorumluydu ve r\u00f6portajlara yan\u0131t verdi.<\/p>\n<h4>&quot;Yar\u0131n\u0131n An\u0131lar\u0131&quot; filminin \u00f6n g\u00f6steriminde Ken Watanabe ile bir s\u00f6yle\u015fi<\/h4>\n<p>May\u0131s 2006&#039;da Saisei-no-Kai \u00fcyeleri &quot;Memories of Tomorrow&quot; filminin \u00f6n g\u00f6sterimine davet edildi ve akt\u00f6r Ken Watanabe ile yapt\u0131klar\u0131 tart\u0131\u015fma televizyonda yay\u0131nland\u0131. Bundan sonra televizyon, gazete ve dergilerde yer ald\u0131lar ve medyada geni\u015f yer buldular.<\/p>\n<figure class=\"wp-caption aligncenter\"><a href=\"https:\/\/photos.google.com\/share\/AF1QipOn4ZktycaRv2TILNIWSmy8nx9pfs6_Ahw9jIMQbB69RVK0geViU41GquS2O8a96Q\/photo\/AF1QipPrOTfNieMmSRPy8KfnKSJbBxZmh-OzI1kO590?key=TFY3NWMtX19WSXA5MjBiR2dITXVjWDFqR01SSXlR\"><img decoding=\"async\" src=\"https:\/\/lh3.googleusercontent.com\/pw\/ACtC-3fE9ZOoTcRCxexoY4OfNj1TONRH8gJf9RRbTg66owcCgwB0sljBWmMj4e3MVL8LELbjeZsGsb02db69-Xh7KYX6wN3Mo6dj3KDu0M02jhWGr4eZVvRpScN_McZKIpvgiao0zFhj1EnwZG1ADBzoQW48=w2000-h1332-no?authuser=0\" width=\"1998\" height=\"1332\" alt=\"Ken Watanabe ve Kazokukai \u00fcyeleriyle birlikte!!!\" class=\"size-medium\" \/><\/a><figcaption class=\"wp-caption-text\">Ken Watanabe ve Aile Derne\u011fi \u00fcyeleriyle birlikte!!! (Foto\u011fraf Isao Hoshiba taraf\u0131ndan sa\u011flanm\u0131\u015ft\u0131r)<\/figcaption><\/figure>\n<p><center><iframe width=\"560\" height=\"315\" src=\"https:\/\/www.youtube.com\/embed\/5PjjGy9caww\" frameborder=\"0\" allow=\"accelerometer; autoplay; encrypted-media; gyroscope; picture-in-picture\" allowfullscreen><\/iframe><a href=\"https:\/\/youtu.be\/5PjjGy9caww\" rel=\"noopener noreferrer\" target=\"_blank\"><br \/>\nYar\u0131n\u0131n Haf\u0131zas\u0131 (\u00d6nizleme) \u2013 YouTube<\/a><\/center><br \/>\n\u3000<br \/>\nMart 2006&#039;da Sa\u011fl\u0131k, \u00c7al\u0131\u015fma ve Refah Bakanl\u0131\u011f\u0131&#039;n\u0131n erken ba\u015flang\u0131\u00e7l\u0131 bunaman\u0131n mevcut durumu ve bir m\u00fcdahale altyap\u0131s\u0131n\u0131n kurulmas\u0131 \u00fczerine ara\u015ft\u0131rma komitesinde \u00fcye oldu.<br \/>\n2008 y\u0131l\u0131nda Tokyo Metropolitan Demans \u00d6nleme Tan\u0131t\u0131m Konseyi&#039;nin Erken Ba\u015flang\u0131\u00e7l\u0131 Demans Destek Alt Komitesi&#039;ne \u00fcye oldu.<\/p>\n<h3>NPO Gen\u00e7 Demans Destek Merkezi&#039;nin Kurulmas\u0131<\/h3>\n<p>Mart 2007&#039;de NPO Gen\u00e7 Demans Destek Merkezi&#039;ni kurdu ve m\u00fcd\u00fcr\u00fc oldu. Sa\u011fl\u0131k, \u00c7al\u0131\u015fma ve Refah Bakanl\u0131\u011f\u0131&#039;ndan ald\u0131\u011f\u0131 destekle, sosyal kat\u0131l\u0131m destek merkezi i\u015flevini ekledi ve ayn\u0131 y\u0131l\u0131n Eyl\u00fcl ay\u0131nda faaliyete ge\u00e7ti.<\/p>\n<h4>\u00dclke \u00e7ap\u0131nda Erken Ba\u015flang\u0131\u00e7l\u0131 Demans Aile Derne\u011fi<\/h4>\n<p>Erken ba\u015flang\u0131\u00e7l\u0131 demans hastalar\u0131 i\u00e7in \u00fclke \u00e7ap\u0131nda aile dernekleri kurulmu\u015ftur. Bunlar aras\u0131nda Suzaku Derne\u011fi (Nara \u015eehri, Nara \u0130li), Aito (Sanat) Derne\u011fi (Osaka \u015eehri, Osaka \u0130li), Hokkaido Himawari Derne\u011fi (Sapporo \u015eehri, Hokkaido), Gunma Erken Ba\u015flang\u0131\u00e7l\u0131 Demans Aile Derne\u011fi (Maebashi \u015eehri, Gunma \u0130li) ve Saisei Derne\u011fi (Shinjuku B\u00f6lgesi, Tokyo) yer almaktad\u0131r.<\/p>\n<h2>Erken ba\u015flang\u0131\u00e7l\u0131 bunama hastas\u0131 bir ailenin Tokyo&#039;dan Hokuryu kasabas\u0131na ta\u015f\u0131nmas\u0131<\/h2>\n<h3>Sunagawa Belediye Hastanesinde Dr. Kumiko Utsumi ile Toplant\u0131<\/h3>\n<p>2004 y\u0131l\u0131nda Dr. Kumiko Utsumi ba\u015fkanl\u0131\u011f\u0131nda Sunagawa \u015eehir Hastanesi&#039;nde, psikiyatri, n\u00f6roloji ve beyin cerrahisi olmak \u00fczere \u00fc\u00e7 b\u00f6l\u00fcm\u00fcn ortakla\u015fa t\u0131bbi bak\u0131m sa\u011flad\u0131\u011f\u0131 \u00f6zel bir haf\u0131za bak\u0131m klini\u011fi a\u00e7\u0131ld\u0131.<\/p>\n<p><center><figure class=\"wp-caption aligncenter\"><a href=\"https:\/\/portal.hokuryu.info\/tr\/topics\/culture\/20150818\/\" target=\"_blank\" rel=\"noopener noreferrer\"><img decoding=\"async\" src=\"https:\/\/lh3.googleusercontent.com\/pw\/ACtC-3dku7GRSu0r1omGKBfzlnEINGqeSelLynJz_4HHarl_lKU7vtbKgZTJ13bIMTd-kTAx2RCOiXttYthvSQ8MLNaCpbJtHndWEbxX-xt5lfPt4Em0gS-23143UUjhwfPGgpfdEQ6YvG8Wt2s3dTw6lQdU=w2000-h1332-no?authuser=0\" width=\"1998\" height=\"1332\" alt=\"[Hokuryu Kasabas\u0131 Portal\u0131 \u00d6zellik Makalesi] Dr. Kumiko Utsumi\" class=\"size-medium\" style=\"border:solid 1px blue\"\/><figcaption class=\"wp-caption-text\">[Hokuryu Kasabas\u0131 Portal\u0131 \u00d6zellik Makalesi] Dr. Kumiko Utsumi<\/a><\/figcaption><\/figure><\/center><\/p>\n<p>Bay Hoshiba, Dr. Utsumi ile ilk kez Sapporo&#039;da bir konferansta tan\u0131\u015ft\u0131. Burada Ulusal Gen\u00e7 Demans Aileleri ve Destek\u00e7ileri Derne\u011fi ba\u015fkan\u0131 Miyanaga Kazuo ile birlikte konferans veriyordu. Konferansta Dr. Asada Takashi (Tsukuba \u00dcniversitesi&#039;nde Emeritus Profes\u00f6r, demans \u00f6nleme ve tedavisinde \u00f6nde gelen bir uzman) erken ba\u015flang\u0131\u00e7l\u0131 demansla ilgili \u00e7e\u015fitli anket sonu\u00e7lar\u0131 hakk\u0131nda bir sunum yapt\u0131.<a href=\"https:\/\/www.egaotokokoro.jp\/visit\/00\/id_005.html\" rel=\"noopener noreferrer\" target=\"_blank\">Referans makaleyi buradan inceleyin &gt;&gt;<\/a>)<\/p>\n<p><center><figure class=\"wp-caption aligncenter\"><a href=\"https:\/\/photos.google.com\/share\/AF1QipOn4ZktycaRv2TILNIWSmy8nx9pfs6_Ahw9jIMQbB69RVK0geViU41GquS2O8a96Q\/photo\/AF1QipMXJdT2Y83VNZyBuVIwK8p3EpkabaDSFiIM6F8?key=TFY3NWMtX19WSXA5MjBiR2dITXVjWDFqR01SSXlR\" target=\"_blank\" rel=\"noopener noreferrer\"><img decoding=\"async\" src=\"https:\/\/lh3.googleusercontent.com\/pw\/ACtC-3eUeU06FDaRAgpz-_X1ohVFuUQG-gNQlFx2KCdgVNdXq06TaGalRGMpVWsqRDEPkg2JeiNttO5AEyiKtbIKmhvVdhj0UL8OOLdQn6SAKsxeLM9kW034-EoxHdKcmMbPV4vWOpZdKxjpJS4s5W7YApdv=w2000-h1332-no?authuser=0\" width=\"1998\" height=\"1332\" alt=\"Profes\u00f6r Kazuo Miyanaga ile bir konferansta\" class=\"size-medium\" \/><\/a><figcaption class=\"wp-caption-text\">Profes\u00f6r Kazuo Miyanaga ile bir konferansta (Foto\u011fraf: Isao Hoshiba)<\/figcaption><\/figure><\/center><\/p>\n<p><center><figure class=\"wp-caption aligncenter\"><a href=\"https:\/\/portal.hokuryu.info\/tr\/topics\/culture\/20150818\/\" target=\"_blank\" rel=\"noopener noreferrer\"><img decoding=\"async\" src=\"https:\/\/lh3.googleusercontent.com\/pw\/ACtC-3fYz5VJOnmlYrxkCd52Ga2XVYBJavam0nvILf0wHGbFFhUAVLKYvVG1gRDLzQBET9mRetXDb5y77UhGxGzggvgd9dwVfTgItRx9ralPAOI7iGA4zfoUZk-NZPbrqXcncWDj4ucoDk9iC6ww9Q2EXhkS=w2000-h1332-no?authuser=0\" width=\"1998\" height=\"1332\" alt=\"[Hokuryu Kasabas\u0131 Portal\u0131 \u00d6zel Makalesi] \u00d6\u011fretim g\u00f6revlisi Bay Hoshiba\" class=\"size-medium\" style=\"border:solid 1px blue\" \/><figcaption class=\"wp-caption-text\">[Hokuryu Kasabas\u0131 Portal\u0131 \u00d6zel Makalesi] \u00d6\u011fretim g\u00f6revlisi Bay Hoshiba<\/a><\/figcaption><\/figure><\/center><\/p>\n<h3>Shinji Nakamura ile tan\u0131\u015fma ve vedala\u015fma<\/h3>\n<h4>rastlamak<\/h4>\n<p>Tokyo Aile Derne\u011fi Saisei no Kai \u00fcyesi olan Bay ve Bayan Nakamura, o d\u00f6nemdeki aile derne\u011finin temsilcisi taraf\u0131ndan &quot;Nakamura ailesine l\u00fctfen iyi bak\u0131n, \u00e7\u00fcnk\u00fc zor bir durumdalar.&quot; denildi. Nakamura&#039;larla yap\u0131lan birka\u00e7 g\u00f6r\u00fc\u015fmeden sonra, Bay ve Bayan Nakamura, \u00e7evrelerini de\u011fi\u015ftirmenin bir yolu olarak Hokkaido&#039;daki Hokuryu Kasabas\u0131&#039;na ta\u015f\u0131nmaya te\u015fvik edildi ve Nakamura&#039;lar ta\u015f\u0131nmaya karar verdi.<\/p>\n<h4>Ailesiyle birlikte Hokuryu Kasabas\u0131na ta\u015f\u0131nd\u0131<\/h4>\n<p>A\u011fustos 2007&#039;de (Heisei 19), Osaka do\u011fumlu Nakamura Shinji (o zaman 58 ya\u015f\u0131ndayd\u0131) ve e\u015fi Hiroko (o zaman 45 ya\u015f\u0131ndayd\u0131), aileleriyle birlikte Hokkaido&#039;daki Hokuryu kasabas\u0131na ta\u015f\u0131nd\u0131.<\/p>\n<p><center><figure class=\"wp-caption aligncenter\"><a href=\"https:\/\/blog.canpan.info\/sohimawari\/monthly\/201005\/2\" target=\"_blank\" rel=\"noopener noreferrer\"><img decoding=\"async\" src=\"https:\/\/lh3.googleusercontent.com\/pw\/ACtC-3dl6zgSD6da97V1HFn_2otrc_grhWpBwvqwhdqcoIZCtsCT1_nLNClS1GZBBo3RAuI0AHMa0rwtHKClAbsjdybqobjhFoV_REF4C2jxxTl-JaCic7Hwj0d7fNF9OQNBgE80eeQ3R4P3THfoj5HC0n8J=w964-h883-no?authuser=0\" width=\"964\" height=\"883\" alt=\"[Sorachi Ay\u00e7i\u00e7e\u011fi Blogu] Sorachi Ay\u00e7i\u00e7e\u011fi B\u00fclteni No. 4 Temmuz 2009&#039;da Yay\u0131mland\u0131\" class=\"size-medium\" style=\"border:solid 1px blue\"\/><figcaption class=\"wp-caption-text\">[Sorachi Ay\u00e7i\u00e7e\u011fi Blogu] Sorachi Ay\u00e7i\u00e7e\u011fi B\u00fclteni No. 4 Temmuz 2009&#039;da Yay\u0131mland\u0131<\/a><\/figcaption><\/figure><\/center><\/p>\n<p>Hokuryu Kasabas\u0131&#039;ndaki resepsiyona haz\u0131rlanmak yakla\u015f\u0131k bir y\u0131l s\u00fcrd\u00fc. Ayn\u0131 y\u0131l\u0131n Kas\u0131m ay\u0131nda, Sorachi Himawari Erken Ba\u015flang\u0131\u00e7l\u0131 Demans Aile Derne\u011fi&#039;nin kurulu\u015f genel toplant\u0131s\u0131 yap\u0131ld\u0131 ve Erken Ba\u015flang\u0131\u00e7l\u0131 Demans Aile Derne\u011fi Hokuryu Kasabas\u0131&#039;nda a\u00e7\u0131ld\u0131.<\/p>\n<p>Hokkaido&#039;ya geldikten sonra, Dr. Utsumi taraf\u0131ndan Sunagawa Belediye Hastanesi&#039;nde tedavi edildi ve ald\u0131\u011f\u0131 ila\u00e7 miktar\u0131 kademeli olarak azalt\u0131ld\u0131, sonunda s\u0131f\u0131ra indi. Semptomlar\u0131 da kademeli olarak iyile\u015fti. Dahas\u0131, Sorachi Himawari Young Dementia Family Association \u00fcyelerinin \u00f6zverili ve s\u0131cak dikkatli bak\u0131m\u0131 sayesinde Dr. Utsumi, &quot;hastal\u0131\u011f\u0131n mucizevi bir \u015fekilde yava\u015f ilerledi\u011fini&quot; s\u00f6yledi.<\/p>\n<p>Sorachi Himawari&#039;nin ana aktiviteleri haftada bir veya iki kez d\u00fczenlenen y\u00fcr\u00fcy\u00fc\u015f, masa tenisi, park golf\u00fc, \u00e7\u00f6mlek\u00e7ilik ve kapl\u0131ca banyosu gibi destek programlar\u0131d\u0131r. \u00dcyeler destek\u00e7i olarak kat\u0131l\u0131mlar\u0131n\u0131 ve Shinji ile vakit ge\u00e7irmelerini s\u0131rayla ger\u00e7ekle\u015ftirdiler. Sorachi Himawari&#039;nin bu aktiviteleri dokuz y\u0131l boyunca her g\u00fcn bir blogda yay\u0131nland\u0131.<\/p>\n<h4>Veda<\/h4>\n<p>13 Kas\u0131m 2016&#039;da Nobu Nakamura vefat etti ve cennete gitti. 23 y\u0131l \u00f6nce erken ba\u015flang\u0131\u00e7l\u0131 Alzheimer hastal\u0131\u011f\u0131 te\u015fhisi kondu ve Hokuryu Kasabas\u0131&#039;na ta\u015f\u0131nd\u0131. Sorachi Himawari \u00fcyeleri taraf\u0131ndan bak\u0131ld\u0131 ve orada dokuz y\u0131l\u0131n\u0131 bir mucize gibi ge\u00e7irdi. Nobu&#039;nun nazik g\u00fcl\u00fcmsemesini hala g\u00f6z\u00fcm\u00fcn \u00f6n\u00fcnde canland\u0131rabiliyorum.<\/p>\n<p><center><figure class=\"wp-caption aligncenter\"><a href=\"https:\/\/blog.canpan.info\/sohimawari\/daily\/201611\/15\" target=\"_blank\" rel=\"noopener noreferrer\"><img decoding=\"async\" src=\"https:\/\/lh3.googleusercontent.com\/pw\/ACtC-3dr8JFCmPBjPQhj6FBQuM2Xb2eI2BBa-gwzZMhA7oz9P0-d5BG0KnZn-iK6JBIDrSALhMyGGtDlotmxJBEAE12xvhKu1msyTnfN8npfUER0DUU3L-JwVdSpQ9A0f17v9GPu0gHKSid9pSck4fFiIKqC=w664-h897-no?authuser=0\" width=\"964\" height=\"883\" alt=\"[Sorachi Ay\u00e7i\u00e7e\u011fi Blogu] Sorachi&#039;den Bay Shinji Nakamura vefat etti\" class=\"size-medium\" style=\"border:solid 1px blue\"\/><figcaption class=\"wp-caption-text\">[Sorachi Ay\u00e7i\u00e7e\u011fi Blogu] Bay Shinji Nakamura vefat etti<\/a><\/figcaption><\/figure><\/center><\/p>\n<h2>Isao Hoshiba&#039;n\u0131n erken ba\u015flang\u0131\u00e7l\u0131 bunama hastalar\u0131na bak\u0131m yakla\u015f\u0131m\u0131<\/h2>\n<h3>Aile derneklerinin rol\u00fc, g\u00fcvenlik ve g\u00fcven duygusu<\/h3>\n<p>&quot;Dan\u0131\u015fmanl\u0131k al\u0131rken en \u00f6nemli \u015fey, \u00f6ncelikle ailenin kar\u015f\u0131la\u015ft\u0131\u011f\u0131 zorluklar\u0131 tam olarak kabul etmektir. S\u00f6yledikleri, s\u00f6ylediklerinden biraz farkl\u0131 olsa bile, bunu do\u011frudan reddetmeyiz, bunun yerine &#039;Bu do\u011fru&#039; diyerek kabul ederiz ve ard\u0131ndan \u00e7e\u015fitli ger\u00e7ek ya\u015fam \u00f6rnekleri hakk\u0131nda konu\u015furuz. Bu, ailenin kendini g\u00fcvende hissetmesini ve onlara g\u00fcvenmesini sa\u011flar. Dan\u0131\u015fmanl\u0131k alan ki\u015finin, di\u011fer ki\u015finin s\u00f6ylediklerini dikkatlice dinlemesi ve \u00f6nce bunu kabul edebilmesi zordur,&quot; diyor Hoshiba.<\/p>\n<h4>Kendi kendine bak\u0131m ve aile bak\u0131m\u0131 \/<\/h4>\n<p>&quot;Erken ba\u015flang\u0131\u00e7l\u0131 bunamayla u\u011fra\u015f\u0131rken, ba\u015flang\u0131\u00e7ta hastan\u0131n kendisine bakmaya odakland\u0131k. Ancak, \u00e7e\u015fitli aile \u00fcyeleriyle yapt\u0131\u011f\u0131m\u0131z konu\u015fmalar ve konu\u015fmalar sayesinde, aileye bakman\u0131n da \u00f6nemli oldu\u011funu fark ettik. O zamandan beri, hasta ve ailesine y\u00f6nelik bak\u0131m oran\u0131 50\/50&#039;ye de\u011fi\u015fti,&quot; diyor Hoshiba.<\/p>\n<h3>Erken ba\u015flang\u0131\u00e7l\u0131 bunama hastal\u0131\u011f\u0131 olan ailelerin kar\u015f\u0131la\u015ft\u0131\u011f\u0131 sorunlar<\/h3>\n<p>Erken ba\u015flang\u0131\u00e7l\u0131 demans hastas\u0131 olan ki\u015filerin aileleri, sevdiklerine nas\u0131l haber verecekleri, hastal\u0131\u011f\u0131n ba\u015flang\u0131c\u0131ndan sonra ortaya \u00e7\u0131kan mali sorunlar, bireyin istihdam sorunlar\u0131, ailenin \u00fczerindeki artan y\u00fck nedeniyle ortaya \u00e7\u0131kan istismar sorunlar\u0131, t\u0131bbi sorunlar ve bak\u0131c\u0131 yorgunlu\u011fu gibi bir dizi sorunla kar\u015f\u0131 kar\u015f\u0131ya kalmaktad\u0131r.<\/p>\n<h4>A\u011f\u0131r engelli olarak sertifika alman\u0131n zorluklar\u0131<\/h4>\n<p>&quot;En zor konu ipotek \u00f6demek. Hayat sigortas\u0131 poli\u00e7elerinde a\u011f\u0131r engellilik i\u00e7in \u00f6zel bir madde kullanmak gibi ipotek \u00f6demelerinden muafiyet elde etmek i\u00e7in \u00e7e\u015fitli yollar denedik, ancak bunu ger\u00e7e\u011fe d\u00f6n\u00fc\u015ft\u00fcrmeden \u00f6nce a\u015fmam\u0131z gereken bir s\u00fcr\u00fc zorlu engel var,&quot; diyor Hoshiba, erken ba\u015flang\u0131\u00e7l\u0131 bunaman\u0131n a\u011f\u0131r bir engellilik olarak tan\u0131nmas\u0131n\u0131n zorlu\u011fundan bahsederken.<\/p>\n<h4>Erken ba\u015flang\u0131\u00e7l\u0131 bunaman\u0131n te\u015fhisinde zorluk<\/h4>\n<p>Semptomlar\u0131 h\u0131zla ilerleyen hastalar tan\u0131dan yakla\u015f\u0131k 10 y\u0131l sonra \u00f6l\u00fcrler. Baz\u0131 hastalar\u0131n semptomlar\u0131 yava\u015f ilerlerken, baz\u0131lar\u0131n\u0131n kar\u0131\u015f\u0131k psikiyatrik bozukluklar\u0131 vard\u0131r. Her hastan\u0131n semptomlar\u0131 farkl\u0131 oldu\u011fundan, tan\u0131 koyman\u0131n zor oldu\u011fu s\u00f6ylenir.<\/p>\n<p>Ayr\u0131ca, baz\u0131 i\u015fyerleri insanlar\u0131 izin almaya veya istifa etmeye zorlayabilir ve gelir kayb\u0131 ailelerin da\u011f\u0131lmas\u0131na neden olabilir. \u00c7evre de\u011fi\u015fikli\u011fi ve iyile\u015ftirmeler yoluyla istikrarl\u0131 bir ya\u015fam aray\u0131\u015f\u0131nda olduklar\u0131 i\u00e7in Hokkaido&#039;ya ta\u015f\u0131nmay\u0131 \u00f6nerdiler. Yerel sakinleri dahil etmek ve b\u00fcy\u00fcmek i\u00e7in b\u00f6lgesel bir i\u015f birli\u011fi etkinli\u011fi ba\u015flat\u0131ld\u0131.<\/p>\n<h4>Erken ba\u015flang\u0131\u00e7l\u0131 bunama hastal\u0131\u011f\u0131 olan ki\u015filere istihdam deste\u011fi (Sa\u011fl\u0131k, \u00c7al\u0131\u015fma ve Refah Bakanl\u0131\u011f\u0131)<\/h4>\n<p>Erken ba\u015flang\u0131\u00e7l\u0131 demans\u0131n belirtileri ve seyri ki\u015fiden ki\u015fiye de\u011fi\u015fti\u011fi i\u00e7in belirtilere g\u00f6re i\u015f i\u00e7eri\u011fi, i\u015f de\u011fi\u015fikli\u011fi, yard\u0131mc\u0131 i\u015f gibi giri\u015fimlerle istihdam destek projeleri uygulanmaktad\u0131r.<\/p>\n<p>Aileleri olan gen\u00e7 hastalar i\u00e7in kredi ve ya\u015fam masraflar\u0131na ihtiya\u00e7 vard\u0131r, bu nedenle demans te\u015fhisi konulursa ve hemen i\u015ften ayr\u0131lmak ve gelirlerini kaybetmek zorunda kal\u0131rlarsa, ailelerini ge\u00e7indirmeleri zor olacakt\u0131r. Demans hastalar\u0131n\u0131n semptomlar\u0131na uygun hafif i\u015f gereklidir.<\/p>\n<p>Ayr\u0131ca, bunama belirtileri zihinsel belirtilerle birlikte g\u00f6r\u00fcl\u00fcr, bu nedenle bir ki\u015fi \u00e7al\u0131\u015fabilecek gibi g\u00f6r\u00fcnse bile, devam etmekte veya k\u0131sa bir s\u00fcre sonra b\u0131rakmakta zorluk \u00e7ekebilir. \u0130\u015fin i\u00e7eri\u011fini anlasalar bile, aniden anlayamaz hale gelebilir veya duygusalla\u015fabilir, \u00f6fkelenebilir veya \u00e7al\u0131\u015fmay\u0131 b\u0131rakabilirler.<\/p>\n<p>Hoshiba, &quot;\u0130\u015fe uyum sa\u011flama noktas\u0131nda, etraf\u0131ndakilerin o ki\u015fiyi &#039;bunu yapamayacak&#039; \u015feklinde yarg\u0131lamas\u0131 \u00f6nemlidir, aksine, o ki\u015fiye destek olanlar\u0131n, ki\u015finin \u00e7e\u015fitli deneyimlerle &#039;bir dereceye kadar bunu yapamayaca\u011f\u0131n\u0131&#039; anlamas\u0131n\u0131 sab\u0131rla &#039;beklemesi&#039; \u00f6nemlidir&quot; dedi.<\/p>\n<h2>Bay Hoshiba&#039;n\u0131n g\u00fcnl\u00fck sa\u011fl\u0131k bak\u0131m\u0131<\/h2>\n<p>Isao Hoshiba&#039;ya egzersiz ve uzun y\u0131llard\u0131r akl\u0131nda tuttu\u011fu hobileri arac\u0131l\u0131\u011f\u0131yla sa\u011fl\u0131k bak\u0131m\u0131 hakk\u0131nda sorular sorduk. Park golf\u00fc egzersiz olarak, \u015fiir okumak ve k\u0131l\u0131\u00e7 dans\u0131 ise hobi olarak ho\u015funa gidiyor.<\/p>\n<h3>sa\u011fl\u0131k hukuku<\/h3>\n<p>\u30fbY\u00fcr\u00fcy\u00fc\u015f: Her sabah 30 dakika, ard\u0131ndan Hokuryu Kasabas\u0131 taraf\u0131ndan d\u00fczenlenen radyo tatbikatlar\u0131na kat\u0131l\u0131n<br \/>\n\u30fbIs\u0131 terapisi: Hokuryu Onsen&#039;e her gitti\u011fimde s\u0131cak bir du\u015f al\u0131p dizlerime, omuzlar\u0131ma, alt s\u0131rt\u0131ma, kollar\u0131ma ve A\u015fil tendonlar\u0131ma uyguluyorum, ard\u0131ndan cildi s\u0131k\u0131la\u015ft\u0131rmak i\u00e7in \u00fczerlerine so\u011fuk su d\u00f6kerek sonland\u0131r\u0131yorum.<br \/>\n\u30fb\u00c7ift nefes: Yatmadan 10 dakika \u00f6nce, uyand\u0131ktan 10 dakika sonra<\/p>\n<h3>Ruhsal bak\u0131m\u0131n temelleri ve hayata bak\u0131\u015f a\u00e7\u0131s\u0131<\/h3>\n<p>Morita terapisinin &quot;oldu\u011fu gibi&quot; yakla\u015f\u0131m\u0131n\u0131 uygular.<br \/>\n&quot;Di\u011fer ki\u015fiyi ele\u015ftirmeyin, ancak ger\u00e7e\u011fi oldu\u011fu gibi kabul edin. O zaman, di\u011fer ki\u015finin fikrinin de\u011ferlerini g\u00f6rmeye ba\u015flayacaks\u0131n\u0131z. Ve tart\u0131\u015f\u0131rken bile, asla an\u0131nda bir sonuca varmay\u0131n. Bir sonuca varman\u0131z gerekiyorsa, bunu ertesi g\u00fcn yap\u0131n. Bunu bir gece boyunca dikkatlice d\u00fc\u015f\u00fcnmek \u00f6nemlidir.<\/p>\n<p>&quot;Kimden bahsediliyor olursa olsun, \u00f6ncelikle dikkatlice dinleriz ve endi\u015felerini kabul ederiz. &#039;Bu do\u011fru de\u011fil&#039; diyerek onlar\u0131 asla reddetmeyiz, bunun yerine sorun hakk\u0131nda d\u00fc\u015f\u00fcnmenin ve onunla ba\u015fa \u00e7\u0131kman\u0131n \u00e7e\u015fitli yollar\u0131 oldu\u011funu ileri s\u00fcreriz. Dinleyen bir g\u00f6n\u00fcll\u00fcn\u00fcn tutumu \u00e7ok \u00f6nemlidir. Di\u011fer ki\u015finin s\u00f6yleyeceklerini dikkatlice dinleyerek, kabul edildi\u011finden emin olabilirler,&quot; dedi samimiyeti yans\u0131tan Hoshiba.<\/p>\n<p><center><figure class=\"wp-caption aligncenter\"><a href=\"https:\/\/photos.google.com\/share\/AF1QipOn4ZktycaRv2TILNIWSmy8nx9pfs6_Ahw9jIMQbB69RVK0geViU41GquS2O8a96Q\/photo\/AF1QipPR1PhA8wNeXQ4UCn6UdTe2ie4R1kWmgrFnMzw?key=TFY3NWMtX19WSXA5MjBiR2dITXVjWDFqR01SSXlR\" target=\"_blank\" rel=\"noopener noreferrer\"><img decoding=\"async\" src=\"https:\/\/lh3.googleusercontent.com\/pw\/ACtC-3dklB3d2skm7qI05veRzrKgMuIEXM4ve226x5j19LPPuueq8nLkrLDVTb63UQHVZnUlAazx_EzYCrIctY6MJemUYfWlASJgpUuWwhWZrUClR5lViAGOssaS9sCia2A512qyHqW7NamCRZleZl2QwBhk=w2000-h1332-no?authuser=0\" width=\"1998\" height=\"1332\" alt=\"Erken Ba\u015flang\u0131\u00e7l\u0131 Demans Aile Derne\u011fi \u00fcyeleriyle \u015fefkat dolu bir ya\u015fam\" class=\"size-medium\" \/><\/a><figcaption class=\"wp-caption-text\">Erken Ba\u015flang\u0131\u00e7l\u0131 Demans Aile Derne\u011fi \u00fcyeleriyle \u015fefkat dolu bir ya\u015fam<\/figcaption><\/figure><\/center><\/p>\n<p>E\u015fi Yoshiko&#039;nun erken ba\u015flang\u0131\u00e7l\u0131 bunama hastal\u0131\u011f\u0131yla ya\u015fad\u0131\u011f\u0131 ac\u0131 dolu deneyimden yararlanan Hoshiba Isao, yakla\u015f\u0131k 20 y\u0131ld\u0131r t\u00fcm kalbi ve ruhuyla bireylere ve ailelerine \u015fefkatli destek sa\u011fl\u0131yor.<\/p>\n<p>Bug\u00fcn Hokuryu Kasabas\u0131nda olmam\u0131z\u0131n sebebi Erken Ba\u015flang\u0131\u00e7l\u0131 Demans Aile Derne\u011fi&#039;ndeki Bay Isao Hoshiba ile olan \u015fansl\u0131 ba\u011flant\u0131m\u0131zd\u0131r.<a href=\"https:\/\/ehokkaido.net\/archives\/1234\" rel=\"noopener noreferrer\" target=\"_blank\">Can kurtaran\u0131m\u0131z<\/a>O kadar minnettar\u0131m ki kelimelerle ifade edemiyorum. \u00c7ok te\u015fekk\u00fcr ederim!!!<\/p>\n<p>Isao Hoshiba&#039;n\u0131n b\u00fcy\u00fck ba\u015far\u0131lar\u0131 ve \u00e7abalar\u0131 i\u00e7in s\u0131n\u0131rs\u0131z sevgi, \u015f\u00fckran ve dualar\u0131m\u0131zla.<br \/>\n\u3000<\/p>\n<h2>\u0130lgili makaleler<\/h2>\n\n        <div class=\"site-blogcard-premium\">\n            <div class=\"bc-label-custom\">\u0130lgili makaleler<\/div>\n            <div class=\"bc-flex-container\">\n                <div class=\"bc-main-text\">\n                    <div class=\"bc-title-link-box\">\n                        <a href=\"https:\/\/portal.hokuryu.info\/tr\/28867\/\" target=\"_blank\">https:\/\/portal.hokuryu.info\/28867<\/a>\n                    <\/div>\n                    <div class=\"bc-excerpt-box\">Sayfa bilgileri al\u0131namad\u0131.<\/div>\n                <\/div>\n                <div class=\"bc-thumbnail-box\">\n                    <a href=\"https:\/\/portal.hokuryu.info\/tr\/28867\/\" target=\"_blank\">\n                        <div class=\"bc-img-zoom-wrap\">\n                            <img decoding=\"async\" src=\"https:\/\/portal.hokuryu.info\/wp\/wp-content\/uploads\/2026\/02\/20230802DSC06445_1.jpg\" alt=\"https:\/\/portal.hokuryu.info\/28867\">\n                        <\/div>\n                    <\/a>\n                <\/div>\n            <\/div>\n        <\/div>\n\n        <div class=\"site-blogcard-premium\">\n            <div class=\"bc-label-custom\">\u0130lgili makaleler<\/div>\n            <div class=\"bc-flex-container\">\n                <div class=\"bc-main-text\">\n                    <div class=\"bc-title-link-box\">\n                        <a href=\"https:\/\/portal.hokuryu.info\/tr\/topics\/culture\/20170727.html\/\" target=\"_blank\">Erken Ba\u015flang\u0131\u00e7l\u0131 Demans Aile Derne\u011fi Sorachi Ay\u00e7i\u00e7e\u011fi 10. Y\u0131l D\u00f6n\u00fcm\u00fc Etkinli\u011fi &quot;Hokuryu&#039;da Demans Forumu&quot; D\u00fczenlendi - Hokuryu Town Portal (Hokkaido) Japonya&#039;n\u0131n 1 Numaral\u0131 Ay\u00e7i\u00e7e\u011fi K\u00f6y\u00fc<\/a>\n                    <\/div>\n                    <div class=\"bc-excerpt-box\">22 Temmuz Cumartesi g\u00fcn\u00fc, Gen\u00e7 Ya\u015fta Ba\u015flayan Demansl\u0131 Aileler i\u00e7in Sorachi Himawari Derne\u011fi&#039;nin 10. y\u0131l d\u00f6n\u00fcm\u00fc kutlamalar\u0131 kapsam\u0131nda &quot;Ho&#039;da Demans Forumu...&quot; d\u00fczenlenecektir.<\/div>\n                <\/div>\n                <div class=\"bc-thumbnail-box\">\n                    <a href=\"https:\/\/portal.hokuryu.info\/tr\/topics\/culture\/20170727.html\/\" target=\"_blank\">\n                        <div class=\"bc-img-zoom-wrap\">\n                            <img decoding=\"async\" src=\"https:\/\/lh3.googleusercontent.com\/rb2UR5BmS7BRd5KgCh71vqSwPTWl9YokOEicuC7mP6xZGh3hKKPuvlk-1QUGeDpeQ-ks8swaqLgwqvK1ndhyu00L4mBgCpK_jxvMTcL_wZ0aUZjrTOZQEWaM2V-HyWUTbtQc3ITx1pr-Vx7qgOb7DP2wNDour1FWGhb5JxkiPlHW8BT1Ds41uHr6AsFK0W8tbE4-PUC-73sdaVQ0_YRxXv4RRVvqIaQnH6uMTAYtg5AD6IJgIFiuFAqey7hXdMpMSuIfZrNpCZdZaUVs_JqeEi47t_mpgK08YZu-b__7MRWOYICOaccYjlxTxUijGCfJsQjaaJx4uXDGRNfWa0AkXaJXlkrSQ7ekw4_S13Vr-XJDGn9cMWa875fEvZYITdQaqwxSajExbW5e2gjvX1-8ysvZfrV5uFGZkmAFzPV6KwresfrO24HwbGg7BHqhK_lD9FW9WY-NvpZ61ltkGmau1RzXrc1OvEW2IDFQADo8XyVioOXmOxfQAz96xt_fBSosYW-8LaruL9ZayLZHQnQmmrpOPmww4tDMNJtWqLn49yjmevv9QIHLr6H_MngpM3ktd81pZ8rk93cv4hpl1hWvO09I3KmfdW-lS5UPARnNSWWOD6YKgIXx2P9fu7zEOIqyMDBZ9pWwVOjUwKO4t-uW8MODPA-yADAMo_upr6LWgNx7Qw=w1441-h960-no\" alt=\"Erken Ba\u015flang\u0131\u00e7l\u0131 Demans Aile Derne\u011fi Sorachi Ay\u00e7i\u00e7e\u011fi 10. Y\u0131l D\u00f6n\u00fcm\u00fc Etkinli\u011fi &quot;Hokuryu&#039;da Demans Forumu&quot; D\u00fczenlendi - Hokuryu Town Portal (Hokkaido) Japonya&#039;n\u0131n 1 Numaral\u0131 Ay\u00e7i\u00e7e\u011fi K\u00f6y\u00fc\">\n                        <\/div>\n                    <\/a>\n                <\/div>\n            <\/div>\n        <\/div>\n\n        <div class=\"site-blogcard-premium\">\n            <div class=\"bc-label-custom\">\u0130lgili makaleler<\/div>\n            <div class=\"bc-flex-container\">\n                <div class=\"bc-main-text\">\n                    <div class=\"bc-title-link-box\">\n                        <a href=\"https:\/\/portal.hokuryu.info\/tr\/topics\/culture\/20150818.html\/\" target=\"_blank\">Hokuryu 2015 Demans Forumu (Hokuryu Kasabas\u0131) Kasaba geli\u015fimi i\u00e7in kar\u015f\u0131l\u0131kl\u0131 destek - Hokuryu Kasaba Portal\u0131 (Hokkaido) Japonya&#039;n\u0131n 1 numaral\u0131 ay\u00e7i\u00e7e\u011fi k\u00f6y\u00fc<\/a>\n                    <\/div>\n                    <div class=\"bc-excerpt-box\">Nefes kesen bir Japon manzaras\u0131: Hokkaido&#039;nun Hokuryu kasabas\u0131ndaki &quot;Ay\u00e7i\u00e7e\u011fi K\u00f6y\u00fc&quot;. Hokkaido&#039;da pop\u00fcler bir turistik yer. L\u00fctfen en az bir kez ziyaret edin. (Pirin\u00e7 Sommelier&#039;i...).<\/div>\n                <\/div>\n                <div class=\"bc-thumbnail-box\">\n                    <a href=\"https:\/\/portal.hokuryu.info\/tr\/topics\/culture\/20150818.html\/\" target=\"_blank\">\n                        <div class=\"bc-img-zoom-wrap\">\n                            <img decoding=\"async\" src=\"https:\/\/lh6.googleusercontent.com\/-Ouy07yqS-lc\/VcwMETMu7vI\/AAAAAAAB-Pg\/v9vDN80WeIs\/w1275-h850-no\/20150808_DSC8586.jpg\" alt=\"Hokuryu 2015 Demans Forumu (Hokuryu Kasabas\u0131) Kasaba geli\u015fimi i\u00e7in kar\u015f\u0131l\u0131kl\u0131 destek - Hokuryu Kasaba Portal\u0131 (Hokkaido) Japonya&#039;n\u0131n 1 numaral\u0131 ay\u00e7i\u00e7e\u011fi k\u00f6y\u00fc\">\n                        <\/div>\n                    <\/a>\n                <\/div>\n            <\/div>\n        <\/div>\n\n        <div class=\"site-blogcard-premium\">\n            <div class=\"bc-label-custom\">\u0130lgili makaleler<\/div>\n            <div class=\"bc-flex-container\">\n                <div class=\"bc-main-text\">\n                    <div class=\"bc-title-link-box\">\n                        <a href=\"https:\/\/portal.hokuryu.info\/tr\/informations\/20150224.html\/\" target=\"_blank\">(Duyuru) 24 \u015eubat Sal\u0131 g\u00fcn\u00fc, saat 20:00&#039;de, Bay Isao Hoshiba (Sorachi Ay\u00e7i\u00e7e\u011fi Derne\u011fi&#039;nin temsilcisi, Demansl\u0131 Gen\u00e7ler) BS Fuji LIVE Prime News&#039;de canl\u0131 yay\u0131nda olacak! - Hokuryu Town Portal (Hokkaido) - Japonya&#039;n\u0131n 1 Numaral\u0131 Ay\u00e7i\u00e7e\u011fi K\u00f6y\u00fc<\/a>\n                    <\/div>\n                    <div class=\"bc-excerpt-box\">2.100 n\u00fcfuslu ve 401.300 ki\u015filik ya\u015flanma oran\u0131na sahip, canl\u0131 bir kasaban\u0131n &quot;bug\u00fcnk\u00fc&quot; halini sizlere sunuyoruz. Ay\u00e7i\u00e7ekleri gibi, aileler uyum i\u00e7inde ya\u015f\u0131yor...<\/div>\n                <\/div>\n                <div class=\"bc-thumbnail-box\">\n                    <a href=\"https:\/\/portal.hokuryu.info\/tr\/informations\/20150224.html\/\" target=\"_blank\">\n                        <div class=\"bc-img-zoom-wrap\">\n                            <img decoding=\"async\" src=\"https:\/\/lh3.googleusercontent.com\/q7AbC9gpNh6e0ijR1dTTcOn4XanrynZzt3T4n2N9Gas=w341-h219-p-no\" alt=\"(Duyuru) 24 \u015eubat Sal\u0131 g\u00fcn\u00fc, saat 20:00&#039;de, Bay Isao Hoshiba (Sorachi Ay\u00e7i\u00e7e\u011fi Derne\u011fi&#039;nin temsilcisi, Demansl\u0131 Gen\u00e7ler) BS Fuji LIVE Prime News&#039;de canl\u0131 yay\u0131nda olacak! - Hokuryu Town Portal (Hokkaido) - Japonya&#039;n\u0131n 1 Numaral\u0131 Ay\u00e7i\u00e7e\u011fi K\u00f6y\u00fc\">\n                        <\/div>\n                    <\/a>\n                <\/div>\n            <\/div>\n        <\/div>\n\n        <div class=\"site-blogcard-premium\">\n            <div class=\"bc-label-custom\">\u0130lgili makaleler<\/div>\n            <div class=\"bc-flex-container\">\n                <div class=\"bc-main-text\">\n                    <div class=\"bc-title-link-box\">\n                        <a href=\"https:\/\/ehokkaido.net\/archives\/1234\" target=\"_blank\">https:\/\/ehokkaido.net\/archives\/1234<\/a>\n                    <\/div>\n                    <div class=\"bc-excerpt-box\">Sayfa bilgileri al\u0131namad\u0131.<\/div>\n                <\/div>\n                <div class=\"bc-thumbnail-box\">\n                    <a href=\"https:\/\/ehokkaido.net\/archives\/1234\" target=\"_blank\">\n                        <div class=\"bc-img-zoom-wrap\">\n                            <img decoding=\"async\" src=\"https:\/\/portal.hokuryu.info\/wp\/wp-content\/uploads\/2026\/02\/20230802DSC06445_1.jpg\" alt=\"https:\/\/ehokkaido.net\/archives\/1234\">\n                        <\/div>\n                    <\/a>\n                <\/div>\n            <\/div>\n        <\/div>\n\u3000<\/p>\n<p>\u25c7 \u00c7ekim ve kurgu: Noboru Terauchi R\u00f6portaj ve metin: Ikuko Terauchi<\/p>","protected":false},"excerpt":{"rendered":"<p>\uff12\uff10\uff12\uff10\u5e74\uff17\u6708\uff16\u65e5\uff08\u6708\uff09 \uff16\u6708\uff13\uff10\u65e5\uff08\u706b\uff09\u3001\u5317\u7adc\u753a\u306e\u5730\u57df\u304a\u3053\u3057\u5354\u529b\u968a\u54e1\u3068\u3057\u3066\u3054\u6d3b\u8e8d\u3055\u308c\u305f\u5e72\u5834\u529f\u6c0f\uff08\u307b\u3057\u3070 \u3044\u3055\u304a\u30fb\uff18\uff11\u6b73\uff09\u306e\uff13\u5e74\u9593\u306e\u4efb\u52d9\u304c\u7d42\u4e86\u3057\u307e\u3057\u305f\u3002\u3053\u308c\u307e\u3067\u306e\u82e5\u5e74\u6027\u8a8d\u77e5\u75c7\u5bb6\u65cf\u4f1a\u7b49\u306e\u6d3b\u52d5\u306b\u3064\u3044\u3066\u306e\u304a [&hellip;]<\/p>\n","protected":false},"author":1,"featured_media":3413,"comment_status":"open","ping_status":"open","sticky":false,"template":"","format":"standard","meta":{"footnotes":""},"categories":[4],"tags":[],"class_list":["post-3412","post","type-post","status-publish","format-standard","has-post-thumbnail","hentry","category-cover-story"],"_links":{"self":[{"href":"https:\/\/portal.hokuryu.info\/tr\/wp-json\/wp\/v2\/posts\/3412","targetHints":{"allow":["GET"]}}],"collection":[{"href":"https:\/\/portal.hokuryu.info\/tr\/wp-json\/wp\/v2\/posts"}],"about":[{"href":"https:\/\/portal.hokuryu.info\/tr\/wp-json\/wp\/v2\/types\/post"}],"author":[{"embeddable":true,"href":"https:\/\/portal.hokuryu.info\/tr\/wp-json\/wp\/v2\/users\/1"}],"replies":[{"embeddable":true,"href":"https:\/\/portal.hokuryu.info\/tr\/wp-json\/wp\/v2\/comments?post=3412"}],"version-history":[{"count":0,"href":"https:\/\/portal.hokuryu.info\/tr\/wp-json\/wp\/v2\/posts\/3412\/revisions"}],"wp:featuredmedia":[{"embeddable":true,"href":"https:\/\/portal.hokuryu.info\/tr\/wp-json\/wp\/v2\/media\/3413"}],"wp:attachment":[{"href":"https:\/\/portal.hokuryu.info\/tr\/wp-json\/wp\/v2\/media?parent=3412"}],"wp:term":[{"taxonomy":"category","embeddable":true,"href":"https:\/\/portal.hokuryu.info\/tr\/wp-json\/wp\/v2\/categories?post=3412"},{"taxonomy":"post_tag","embeddable":true,"href":"https:\/\/portal.hokuryu.info\/tr\/wp-json\/wp\/v2\/tags?post=3412"}],"curies":[{"name":"wp","href":"https:\/\/api.w.org\/{rel}","templated":true}]}}