{"id":3277,"date":"2020-06-25T13:32:06","date_gmt":"2020-06-25T04:32:06","guid":{"rendered":"https:\/\/portal.hokuryu.info\/?p=3277"},"modified":"2023-05-16T20:22:03","modified_gmt":"2023-05-16T11:22:03","slug":"3277-mesaj","status":"publish","type":"post","link":"https:\/\/portal.hokuryu.info\/tr\/3277\/","title":{"rendered":"Eski Tar\u0131m, Ormanc\u0131l\u0131k ve Bal\u0131k\u00e7\u0131l\u0131k Bakan\u0131 Masahiko Yamada ve film y\u00f6netmeni Masaki Haramura, &quot;Tohumlar Kimin?&quot; filmi i\u00e7in Hokuryu Kasabas\u0131n\u0131 ziyaret etti. &amp; belgesel film prod\u00fcksiyonu ve Kurosengoku \u0130\u015f Kooperatifi Derne\u011fi i\u00e7in mekan \u00e7ekimi"},"content":{"rendered":"<p>Per\u015fembe, 25 Haziran 2020<\/p>\n<p>Belgesel filmin \u00e7ekimleri, 21 Haziran Pazar ve 22 Haziran Pazartesi olmak \u00fczere iki g\u00fcn boyunca Hokuryu Kasabas\u0131&#039;nda Yamada Masahiko (Eski Tar\u0131m, Ormanc\u0131l\u0131k ve Bal\u0131k\u00e7\u0131l\u0131k Bakan\u0131, avukat ve Japonya Tohumlar\u0131n\u0131 Koruma Derne\u011fi dan\u0131\u015fman\u0131) ve film y\u00f6netmeni Haramura Masaki&#039;nin kat\u0131l\u0131m\u0131yla ger\u00e7ekle\u015ftirildi. Bu sefer haz\u0131rlanan film &quot;tohum ve g\u0131da g\u00fcvenli\u011fi&quot; konulu bir belgesel.<\/p>\n<p>Bay Yamada, Direkt\u00f6r Haramura ve ekibi 19 Haziran Cuma g\u00fcn\u00fc Hokkaido&#039;ya vard\u0131 ve Samani Kasabas\u0131&#039;nda serbest gezen s\u0131\u011f\u0131r yeti\u015ftiren bir \u00e7iftlik olan Jibeef&#039;i ve Toma Kasabas\u0131&#039;nda b\u00fcy\u00fck \u00f6l\u00e7ekli organik bir \u00e7iftlik i\u015fleten bir tar\u0131msal \u00fcretim \u015firketi olan Toma Green Life Co., Ltd.&#039;yi ziyaret etti ve son g\u00fcnlerinde Hokuryu Kasabas\u0131&#039;n\u0131 ziyaret etti. 21 Haziran Pazar g\u00fcn\u00fc &quot;Tohumlar ve Fidanlar&quot; konulu bir tart\u0131\u015fma toplant\u0131s\u0131 yap\u0131lacak ve ertesi g\u00fcn, 22 Haziran Pazartesi sabah\u0131n\u0131n erken saatlerinde Kurosengoku soya tarlas\u0131nda bir r\u00f6portaj \u00e7ekimi yap\u0131lacak.<\/p>\n<h2>Tohum Yasas\u0131 ve Fide Yasas\u0131 Hakk\u0131nda<\/h2>\n<h3>tohum y\u00f6ntemi<\/h3>\n<p>Tohum Yasas\u0131 (B\u00fcy\u00fck Tar\u0131m \u00dcr\u00fcnleri Tohum Yasas\u0131), 1 May\u0131s 1952&#039;de y\u00fcr\u00fcrl\u00fc\u011fe giren bir Japon yasas\u0131d\u0131r (Yasa No. 131) (Showa 27). Bu yasan\u0131n amac\u0131, h\u00fck\u00fcmetin ba\u015fl\u0131ca tar\u0131msal \u00fcr\u00fcnler (pirin\u00e7, soya fasulyesi, bu\u011fday vb.) i\u00e7in tohum \u00fcretimini y\u00f6netmesini ve tarla denetimleri ile di\u011fer tedbirleri y\u00fcr\u00fctmesini sa\u011flamakt\u0131r.<\/p>\n<h3>Tohum Yasas\u0131n\u0131n Kald\u0131r\u0131lmas\u0131<\/h3>\n<p>Tohum Yasas\u0131 1 Nisan 2018&#039;de kald\u0131r\u0131lacak. \u0130llere y\u00f6nelik tek tip ulusal rehberlik sistemi kald\u0131r\u0131lacak ve \u00f6nerilen \u00e7e\u015fitler \u00fczerindeki yetki \u015fehir veya kasaba gibi her yerel y\u00f6netime devredilecek. Tar\u0131m\u0131n rekabet g\u00fcc\u00fcn\u00fcn \u00f6zel sekt\u00f6r kat\u0131l\u0131m\u0131yla g\u00fc\u00e7lendirilmesi hedefi do\u011frultusunda kanunun y\u00fcr\u00fcrl\u00fckten kald\u0131r\u0131lmas\u0131na karar verildi.<\/p>\n<p>B\u00f6lgesel ortak bir de\u011fer olan tohum \u00fcretiminin \u00f6zel sekt\u00f6re devredilecek olmas\u0131, \u00e7okuluslu \u015firketler ve di\u011fer benzer kurulu\u015flar\u0131n tohum tekeline yol a\u00e7arak fiyat art\u0131\u015flar\u0131na ve Japonya tohum pazar\u0131n\u0131n \u00f6zel \u015firketler taraf\u0131ndan domine edilmesine yol a\u00e7abilece\u011fi endi\u015felerini do\u011furuyor.<\/p>\n<h3>Tohum y\u00f6ntemi<\/h3>\n<p>Tohum ve Fide Kanunu, yeni bitki \u00e7e\u015fitlerinin yarat\u0131lmas\u0131na ili\u015fkin haklar\u0131n korunmas\u0131n\u0131 sa\u011flayan, 29 May\u0131s 1998 tarihinde y\u00fcr\u00fcrl\u00fc\u011fe giren bir Japonya yasas\u0131d\u0131r. Yeni bir bitki \u00e7e\u015fidi yaratan ki\u015finin, yeni \u00e7e\u015fidi tescil ettirerek, yeni bitki \u00e7e\u015fidini \u0131slah etme konusunda m\u00fcnhas\u0131r hak elde edebilece\u011fi \u00f6ng\u00f6r\u00fclm\u00fc\u015ft\u00fcr.<\/p>\n<h3>Tohum ve Fidan Yasas\u0131&#039;nda \u00f6nerilen de\u011fi\u015fiklikler: \u0130ki ana nokta<\/h3>\n<p>1. Tohumlar\u0131n yurtd\u0131\u015f\u0131na ihracat\u0131n\u0131n k\u0131s\u0131tlanmas\u0131 ve belirtilen alanlar d\u0131\u015f\u0131nda ekim yap\u0131lmas\u0131n\u0131n k\u0131s\u0131tlanmas\u0131<br \/>\n2. Tescilli \u00e7e\u015fitlerin kendi kendine \u00e7o\u011falt\u0131lmas\u0131 izin sistemine tabi olacakt\u0131r.<\/p>\n<p>Ayr\u0131ca, yaln\u0131zca kay\u0131tl\u0131 \u00e7e\u015fitler i\u00e7in kendi kendine \u00e7o\u011faltma iznine tabidir; Yerli t\u00fcrler, yayg\u0131n \u00e7e\u015fitler ve kay\u0131t d\u0131\u015f\u0131 \u00e7e\u015fitler i\u00e7in izin ba\u015fvurusuna gerek yoktur ve kendi kendine \u00e7o\u011falma konusunda herhangi bir k\u0131s\u0131tlama yoktur.<br \/>\n(Referanslar:<a href=\"https:\/\/www.maff.go.jp\/j\/shokusan\/shubyoho.html\" target=\"_blank\" rel=\"noopener noreferrer\">Tar\u0131m, Orman ve Bal\u0131k\u00e7\u0131l\u0131k Bakanl\u0131\u011f\u0131 web sitesi: Tohum ve Fidan Kanunu&#039;nda de\u011fi\u015fiklik yap\u0131lmas\u0131na dair yasa tasar\u0131s\u0131<\/a>)<\/p>\n<h4>Tohum ve Fidanl\u0131k Yasas\u0131 de\u011fi\u015fiklik tasar\u0131s\u0131n\u0131n ertelenmesi bekleniyor (Japan Agricultural News, 21 May\u0131s 2020)<\/h4>\n<p>Tohum ve Fidanl\u0131k Yasas\u0131&#039;nda de\u011fi\u015fiklik yap\u0131lmas\u0131na ili\u015fkin yasa tasar\u0131s\u0131n\u0131n mevcut Meclis oturumunda kabul edilmesinin beklenmedi\u011fi belirtiliyor.<br \/>\n(Referanslar:<a href=\"https:\/\/www.agrinews.co.jp\/p50846.html\" target=\"_blank\" rel=\"noopener noreferrer\">Japonya Tar\u0131m Haberleri: Tohum ve Fidan Kanunu de\u011fi\u015fikli\u011fi ertelendi; \u00c7ift\u00e7ilerin \u00e7\u0131karlar\u0131 her \u015feyden \u00f6nce tutulacak<\/a>)<\/p>\n<h2>konferans<\/h2>\n<p>21 Haziran Pazar ak\u015fam\u0131, Bay Yamada, K\u00f6y Amiri Hara ve di\u011fer ilgili taraflar\u0131n yan\u0131 s\u0131ra Belediye Ba\u015fkan\u0131 Sano Yutaka, JA Kitasorachi Kitaryu \u015eube M\u00fcd\u00fcr\u00fc, Kurosengoku \u0130\u015f Kooperatifi m\u00fcd\u00fcrleri ve di\u011fer Kitaryu kasaba yetkililerinin kat\u0131l\u0131m\u0131yla Sunflower Park Kitaryu Onsen&#039;de bir tart\u0131\u015fma toplant\u0131s\u0131 d\u00fczenlendi.<\/p>\n<figure class=\"wp-caption aligncenter\"><a href=\"https:\/\/photos.google.com\/share\/AF1QipMbTD3bknYfxG30wntrgaoLYZpMqZYv6hbGv0HhC6hSRdEnRzYk0YNB5UibQ2oQ_A\/photo\/AF1QipO04etJZtRHFLe7lBP8XkYGPxzzKNB0oU_cDnY?key=dUhLWEFzSDktX3g5dHpGMGNrTGtqc3pWeDVNUUpn\" target=\"_blank\" rel=\"noopener noreferrer\"><img decoding=\"async\" class=\"size-medium\" src=\"https:\/\/lh3.googleusercontent.com\/pw\/ACtC-3eJ2KNNtrKF8btzr5jMAAXczloGWq4lZikSzPHXHZfNLfR5gKUicjZ-HtdMHT7pxQVgsdBVNilfwv5SaZc5eZwsyw26FE-9J0p04DqdW9dcYyRxVlYc1_AM22MIe7_rkilq1rq9O5nEitRzK_Xuj92Q=w2000-h1332-no?authuser=0\" alt=\"Masahiko Yamada (Eski Tar\u0131m, Ormanc\u0131l\u0131k ve Bal\u0131k\u00e7\u0131l\u0131k Bakan\u0131) ve film y\u00f6netmeni Masaki Haramura ile bir s\u00f6yle\u015fi\" width=\"1998\" height=\"1332\" \/><\/a><figcaption class=\"wp-caption-text\">Masahiko Yamada (Eski Tar\u0131m, Ormanc\u0131l\u0131k ve Bal\u0131k\u00e7\u0131l\u0131k Bakan\u0131) ve film y\u00f6netmeni Masaki Haramura ile bir tart\u0131\u015fma toplant\u0131s\u0131<\/figcaption><\/figure>\n<p>\ufffc<\/p>\n<figure class=\"wp-caption aligncenter\"><a href=\"https:\/\/photos.google.com\/share\/AF1QipMbTD3bknYfxG30wntrgaoLYZpMqZYv6hbGv0HhC6hSRdEnRzYk0YNB5UibQ2oQ_A\/photo\/AF1QipMMjxMQGh1AFROzav41XWtORNGVl2bI-J0P7qc?key=dUhLWEFzSDktX3g5dHpGMGNrTGtqc3pWeDVNUUpn\" target=\"_blank\" rel=\"noopener noreferrer\"><img decoding=\"async\" class=\"size-medium\" src=\"https:\/\/lh3.googleusercontent.com\/pw\/ACtC-3cK2hIQxqoRTfy7A6WTet_bOM7peHvhQ4LozoKzWXbgGg799aThrgS3yZAYO-_hj1spGFH7yuG4A03jcCiLFMKxoNdiUzXDCpQ7cyiGd6sJIEuugvshtzQk9Kr68irZQDqSzlKrhYM_j8UTw73lbfvi=w2000-h1332-no?authuser=0\" alt=\"Toplant\u0131dan bir sahne\" width=\"1998\" height=\"1332\" \/><\/a><figcaption class=\"wp-caption-text\">Toplant\u0131dan bir sahne<\/figcaption><\/figure>\n<h3>Bay Yamada ve Bay Haramura<\/h3>\n<p>-Masahiko Yamada (Eski Tar\u0131m, Ormanc\u0131l\u0131k ve Bal\u0131k\u00e7\u0131l\u0131k Bakan\u0131, Japon Tohumlar\u0131n\u0131 Koruma Derne\u011fi dan\u0131\u015fman\u0131, avukat), Masaki Haramura (belgesel film y\u00f6netmeni), Namie Endo (Yamada&#039;n\u0131n sekreteri), Mamoru Segawa (Tar\u0131msal \u00fcretim \u015firketi Toma Green Life LLC&#039;nin CEO&#039;su), Masayuki Nagasaka (organik \u00e7ift\u00e7i), Yoshimi Takashima (toplum ileti\u015fimcisi)<\/p>\n<figure class=\"wp-caption aligncenter\"><a href=\"https:\/\/photos.google.com\/share\/AF1QipMbTD3bknYfxG30wntrgaoLYZpMqZYv6hbGv0HhC6hSRdEnRzYk0YNB5UibQ2oQ_A\/photo\/AF1QipOZmsUq7rvSep-1HdVu2J8iCNNeS_3SZ0T9_xY?key=dUhLWEFzSDktX3g5dHpGMGNrTGtqc3pWeDVNUUpn\" target=\"_blank\" rel=\"noopener noreferrer\"><img decoding=\"async\" class=\"size-medium\" src=\"https:\/\/lh3.googleusercontent.com\/pw\/ACtC-3egF2d8sba1Q4dsBaa9iQASaC3xFskB8SAhJc481qhktwrlpVsaN09Q2-bEZnrJm1FcyPj3NqyddE8Xsk_MMu8FOxT47hAk71uyxWo2m2OsEqG05gdbWxrjUKXhS48CsHdHk9ZvnnX4xtWiwyD4ljR9=w2000-h1332-no?authuser=0\" alt=\"De\u011ferli kat\u0131l\u0131mc\u0131lar,\" width=\"1998\" height=\"1332\" \/><\/a><figcaption class=\"wp-caption-text\">De\u011ferli kat\u0131l\u0131mc\u0131lar,<\/figcaption><\/figure>\n<h4>Masahiko Yamada (Eski Tar\u0131m, Ormanc\u0131l\u0131k ve Bal\u0131k\u00e7\u0131l\u0131k Bakan\u0131, Japon Tohumlar\u0131n\u0131 Koruma Derne\u011fi dan\u0131\u015fman\u0131 ve avukat)<\/h4>\n<figure class=\"wp-caption aligncenter\"><a href=\"https:\/\/photos.google.com\/share\/AF1QipMbTD3bknYfxG30wntrgaoLYZpMqZYv6hbGv0HhC6hSRdEnRzYk0YNB5UibQ2oQ_A\/photo\/AF1QipNAZpt_ur3aR_kKdRlaZLHkhd3RJDfXOHLKXGA?key=dUhLWEFzSDktX3g5dHpGMGNrTGtqc3pWeDVNUUpn\" target=\"_blank\" rel=\"noopener noreferrer\"><img decoding=\"async\" class=\"size-medium\" src=\"https:\/\/lh3.googleusercontent.com\/pw\/ACtC-3dZIPlpeBQN1w1hBQ0CBetJ-J9NF4Sq-3xl6aXK0j-3gAvEO5-P9WKRZY1N_ZeGuNNA7DsjCykod_0ptffQpesUd-K4WMF0xN4_utvFxELr9mL7vlL-z-J9sSjTY05-0m5Crjhy7HsFQ8ltCNpyaeWq=w2000-h1332-no?authuser=0\" alt=\"Bay Masahiko Yamada\" width=\"1998\" height=\"1332\" \/><\/a><figcaption class=\"wp-caption-text\">Bay Masahiko Yamada<\/figcaption><\/figure>\n<h4>Masaki Haramura (Belgesel film y\u00f6netmeni)<\/h4>\n<figure class=\"wp-caption aligncenter\"><a href=\"https:\/\/photos.google.com\/share\/AF1QipMbTD3bknYfxG30wntrgaoLYZpMqZYv6hbGv0HhC6hSRdEnRzYk0YNB5UibQ2oQ_A\/photo\/AF1QipNlRcoZawr0SlhDYtSyZ69sxZLQXwG0Rf4A-RI?key=dUhLWEFzSDktX3g5dHpGMGNrTGtqc3pWeDVNUUpn\" target=\"_blank\" rel=\"noopener noreferrer\"><img decoding=\"async\" class=\"size-medium\" src=\"https:\/\/lh3.googleusercontent.com\/pw\/ACtC-3d6elGpJrXLA5aLUeHLWw0oj3tjFWG7BuEBJQfsiDV0Plsq0FpEhPdgBHsltky-ZOgZIxGk15MVI9ErOsd0NOT5obq72WCAIu2B97bgAQ0aEf6yBA1BTIS-HKZ_5Leunue9aRwovfTDVmqFJYECVfv3=w2000-h1332-no?authuser=0\" alt=\"Bay Masaki Haramura\" width=\"1998\" height=\"1332\" \/><\/a><figcaption class=\"wp-caption-text\">Bay Masaki Haramura<\/figcaption><\/figure>\n<h4>Namie Endo (Yamada&#039;n\u0131n sekreteri)<\/h4>\n<p>\ufffc<\/p>\n<figure class=\"wp-caption aligncenter\"><a href=\"https:\/\/photos.google.com\/share\/AF1QipMbTD3bknYfxG30wntrgaoLYZpMqZYv6hbGv0HhC6hSRdEnRzYk0YNB5UibQ2oQ_A\/photo\/AF1QipMtElW0p-BZHNI3IRgWDamS559CxJ15AMT50CU?key=dUhLWEFzSDktX3g5dHpGMGNrTGtqc3pWeDVNUUpn\" target=\"_blank\" rel=\"noopener noreferrer\"><img decoding=\"async\" class=\"size-medium\" src=\"https:\/\/lh3.googleusercontent.com\/pw\/ACtC-3fGvodqi4Clc3h4uXIg2exGhHzbF8RPxSPwIBF-R50HA0pQqpe6uG4TRnjfv8ctmnGTaBI8IBz_ZQ08q3s7G8FkoZEQh6hA5TQP7PWk4X5Mjctljb07MHutKy7eH3MqDz4MFUUy0MDiiz40SmuE6k1o=w2000-h1332-no?authuser=0\" alt=\"Bayan Namie Endo\" width=\"1998\" height=\"1332\" \/><\/a><figcaption class=\"wp-caption-text\">Bayan Namie Endo<\/figcaption><\/figure>\n<h4>Say\u0131n Mamoru Segawa (Tar\u0131msal \u00fcretim \u015firketi Toma Green Life&#039;\u0131n CEO&#039;su)<\/h4>\n<figure class=\"wp-caption aligncenter\"><a href=\"https:\/\/photos.google.com\/share\/AF1QipMbTD3bknYfxG30wntrgaoLYZpMqZYv6hbGv0HhC6hSRdEnRzYk0YNB5UibQ2oQ_A\/photo\/AF1QipO7IPSle4Er7rsVOJL9lN9-_cgB6GJhL8EibHU?key=dUhLWEFzSDktX3g5dHpGMGNrTGtqc3pWeDVNUUpn\" target=\"_blank\" rel=\"noopener noreferrer\"><img decoding=\"async\" class=\"size-medium\" src=\"https:\/\/lh3.googleusercontent.com\/pw\/ACtC-3cfZPIt6JAJvzkXoJbEfNspGpO3wgindKg8qhSk5DzatvFOouSVHwUYDsJC7hCPakjIOyJhrlcwa-zVhaW2ZMlweHxX2AqdKyIxUbKratBaHce_N0bZWOraNujKpUoUZj_FHV9WmbVORu_FWCdzgJQe=w2000-h1332-no?authuser=0\" alt=\"Bay Mamoru Segawa\" width=\"1998\" height=\"1332\" \/><\/a><figcaption class=\"wp-caption-text\">Bay Mamoru Segawa<\/figcaption><\/figure>\n<h4>Masayuki Nagasaka (organik \u00e7ift\u00e7i)<\/h4>\n<p>\ufffc<\/p>\n<figure class=\"wp-caption aligncenter\"><a href=\"https:\/\/photos.google.com\/share\/AF1QipMbTD3bknYfxG30wntrgaoLYZpMqZYv6hbGv0HhC6hSRdEnRzYk0YNB5UibQ2oQ_A\/photo\/AF1QipPiUdsYFa_SA_O8kz0dPBkIjDOHM9ETmA5pQlc?key=dUhLWEFzSDktX3g5dHpGMGNrTGtqc3pWeDVNUUpn\" target=\"_blank\" rel=\"noopener noreferrer\"><img decoding=\"async\" class=\"size-medium\" src=\"https:\/\/lh3.googleusercontent.com\/pw\/ACtC-3c41Pcl1xw3TNxkyKMMTEpCJr5WGgQbS0rhrlA7qjfd6g8FfnX5IMiPqtaW1aQSaxD6aLaS4P_4KhYXCl7FbpSuxtRerVNL_5ztLBj0vnLZ5zsL_oam9Jhe6bj_nvwQoz2dhscHrGO3NVtObpF4P3dm=w2000-h1332-no?authuser=0\" alt=\"Masayuki Nagasaka\" width=\"1998\" height=\"1332\" \/><\/a><figcaption class=\"wp-caption-text\">Masayuki Nagasaka<\/figcaption><\/figure>\n<h4>Yoshimi Takashima (Topluluk \u0130leti\u015fimcisi)<\/h4>\n<p>\ufffc<\/p>\n<figure class=\"wp-caption aligncenter\"><a href=\"https:\/\/photos.google.com\/share\/AF1QipMbTD3bknYfxG30wntrgaoLYZpMqZYv6hbGv0HhC6hSRdEnRzYk0YNB5UibQ2oQ_A\/photo\/AF1QipMCdWbBx4eFAisY0oD6cGXcmyaw8XSPNJ13KME?key=dUhLWEFzSDktX3g5dHpGMGNrTGtqc3pWeDVNUUpn\" target=\"_blank\" rel=\"noopener noreferrer\"><img decoding=\"async\" class=\"size-medium\" src=\"https:\/\/lh3.googleusercontent.com\/pw\/ACtC-3c9jP2hDmfaNLIQM1JzsFACHzdUvLQibgsXRXhWIcyuI0QmemvLZZgkN1PO0A-NwsWnRoU4yo0VsN4pseDblkxCP8VQJwomoTZwhGzM3SW96y3ljHapLrYP8Lvb6xW7sbZZWJafdLxVFlmZXSoNXgSz=w2000-h1332-no?authuser=0\" alt=\"Bayan Yoshimi Takashima\" width=\"1998\" height=\"1332\" \/><\/a><figcaption class=\"wp-caption-text\">Bayan Yoshimi Takashima<\/figcaption><\/figure>\n<h3>Hokuryu Kasabas\u0131ndan kat\u0131l\u0131mc\u0131lar<\/h3>\n<p>- Belediye Ba\u015fkan\u0131 Sano Yutaka, Hokuryu Belediye Meclisi \u00fcyesi Ozaki Keiko, JA Kitasorachi Hokuryu \u015eube M\u00fcd\u00fcr\u00fc Hoshino Tadao, Kurosengoku \u0130\u015f Kooperatifi Derne\u011fi Ba\u015fkan\u0131 Takada Yukio, \u0130cra Direkt\u00f6r\u00fc Tsuji Masaaki, Direkt\u00f6r Kimura Kazuo, Hokuryu Ticari Kooperatif Birli\u011fi Direkt\u00f6r\u00fc Kikura Ryoji, eski Temsilci Direkt\u00f6r ve JA Kitasorachi Ba\u015fkan\u0131, Hokuryu Kasabas\u0131 K\u00f6y Destek\u00e7ileri Terauchi Noboru ve Ikuko. Hepsi Hokkaido Tohum Derne\u011fi \u00fcyesidir (Ba\u015fkan: Tokuji Hisada).<br \/>\n\ufffc<\/p>\n<figure class=\"wp-caption aligncenter\"><a href=\"https:\/\/photos.google.com\/share\/AF1QipMbTD3bknYfxG30wntrgaoLYZpMqZYv6hbGv0HhC6hSRdEnRzYk0YNB5UibQ2oQ_A\/photo\/AF1QipPo3JCmHCDHgy9UYS3fRgz_hE2drTgZd71xb74?key=dUhLWEFzSDktX3g5dHpGMGNrTGtqc3pWeDVNUUpn\" target=\"_blank\" rel=\"noopener noreferrer\"><img decoding=\"async\" class=\"size-medium\" src=\"https:\/\/lh3.googleusercontent.com\/pw\/ACtC-3eawp8LeYqoRUUnrV2m4EMTs9DDtfVmvRwG5YymwdsXqhI15o08mmVzqUIuoZAPxbWyRfr3sMCACcmiuhRX9Om-7B7SXO8rr3XHSC9WEMwgAMK-Vk9cH-G3CmopyJwFUYluq6n6LhELMhfdoTHgf3_v=w2000-h1332-no?authuser=0\" alt=\"Belediye Ba\u015fkan\u0131 Sano ve di\u011fer ilgili taraflar\" width=\"1998\" height=\"1332\" \/><\/a><figcaption class=\"wp-caption-text\">Belediye Ba\u015fkan\u0131 Sano ve di\u011fer ilgili taraflar<\/figcaption><\/figure>\n<h3>Ana Sunucu: Ryoji Kikura<\/h3>\n<p>\ufffc<\/p>\n<figure class=\"wp-caption aligncenter\"><a href=\"https:\/\/photos.google.com\/share\/AF1QipMbTD3bknYfxG30wntrgaoLYZpMqZYv6hbGv0HhC6hSRdEnRzYk0YNB5UibQ2oQ_A\/photo\/AF1QipML8kv-AOKo6ttRHcNFtrRnR-VDr8ca6Omkl_Q?key=dUhLWEFzSDktX3g5dHpGMGNrTGtqc3pWeDVNUUpn\" target=\"_blank\" rel=\"noopener noreferrer\"><img decoding=\"async\" class=\"size-medium\" src=\"https:\/\/lh3.googleusercontent.com\/pw\/ACtC-3fHtJS4zWHRPWQqq9dgEPTj18RX6sMCUCpgmOTMh6yYPElwZklwUK7r4IO2qydsKY2bpp0MT1cr5itZUGTRQ3FrHMsGN4tkvsP3r0Pso5vyIgzBMB7V4dEINU_OXJGrahrKofLTcmLXcZDEYRK8iZ4o=w2000-h1332-no?authuser=0\" alt=\"Bay Ryoji Kikura\" width=\"1998\" height=\"1332\" \/><\/a><figcaption class=\"wp-caption-text\">Bay Ryoji Kikura<\/figcaption><\/figure>\n<h3>Belediye Ba\u015fkan\u0131 Yutaka Sano&#039;dan selamlar<\/h3>\n<p>\ufffc<\/p>\n<figure class=\"wp-caption aligncenter\"><a href=\"https:\/\/photos.google.com\/share\/AF1QipMbTD3bknYfxG30wntrgaoLYZpMqZYv6hbGv0HhC6hSRdEnRzYk0YNB5UibQ2oQ_A\/photo\/AF1QipPz1botULaGAL23Y16BuAuZ8YyhQ86qP-0-A5A?key=dUhLWEFzSDktX3g5dHpGMGNrTGtqc3pWeDVNUUpn\" target=\"_blank\" rel=\"noopener noreferrer\"><img decoding=\"async\" class=\"size-medium\" src=\"https:\/\/lh3.googleusercontent.com\/pw\/ACtC-3eYaLPfYL6jYAtZCQqO2CIGYqTaLd4rMQeHH4q6HPmAjcCPZG9-Qe5ofZ4LmTg_wgBB-DWuRgpG7QO8TGeZHSAN1cQA1mXxzjEHUBEoFllAJbC9ylc7_P33fmgSIvf3fMlCxlxiGg3hpfIYI6EuRIfP=w2000-h1332-no?authuser=0\" alt=\"Belediye Ba\u015fkan\u0131 Yutaka Sano\" width=\"1998\" height=\"1332\" \/><\/a><figcaption class=\"wp-caption-text\">Belediye Ba\u015fkan\u0131 Yutaka Sano<\/figcaption><\/figure>\n<p>&quot;Y\u00f6netmen Haramura aslen Chiba vilayetindendir, ancak Hokuryu kasabas\u0131 1893 y\u0131l\u0131nda Chiba vilayetindeki Motonomura k\u00f6y\u00fcnden (\u015fimdiki Inzai \u015fehri) gelen bir grup \u00f6nc\u00fc g\u00f6\u00e7men taraf\u0131ndan kurulmu\u015ftur. Bu y\u0131l bunun 128. y\u0131ld\u00f6n\u00fcm\u00fcd\u00fcr.<\/p>\n<p>1 Haziran 2020 tarihi itibariyle n\u00fcfusu 1.778&#039;dir ve bu da onu Hokkaido standartlar\u0131na g\u00f6re bile k\u00fc\u00e7\u00fck bir kasaba yapmaktad\u0131r. N\u00fcfus 1960 y\u0131l\u0131nda 6.317 ile zirveye ula\u015fm\u0131\u015ft\u0131r. Yakla\u015f\u0131k 60 y\u0131l i\u00e7inde orijinal b\u00fcy\u00fckl\u00fc\u011f\u00fcn\u00fcn \u00fc\u00e7te ikisinden daha az\u0131na k\u00fc\u00e7\u00fclen, n\u00fcfusu azalm\u0131\u015f bir kasabad\u0131r. N\u00fcfus hala azal\u0131yor, ancak son zamanlarda bu oran biraz yava\u015flad\u0131. Sorun her il\u00e7ede ayn\u0131 ama n\u00fcfus azalmas\u0131 en b\u00fcy\u00fck sorun.<\/p>\n<p>Bu y\u0131l Ay\u00e7i\u00e7e\u011fi Festivali COVID-19&#039;un etkileri nedeniyle iptal edildi. Ay\u00e7i\u00e7e\u011fi K\u00f6y\u00fc&#039;nde ay\u00e7i\u00e7e\u011fi \u00e7i\u00e7ek a\u00e7mayacak ama Ay\u00e7i\u00e7e\u011fi K\u00f6y\u00fc&#039;n\u00fcn topra\u011f\u0131n\u0131 haz\u0131rlayaca\u011f\u0131z. Yulaf ekmeyi, tarlay\u0131 s\u00fcrmeyi, sonra biraz daha yulaf ekmeyi, tarlay\u0131 s\u00fcrmeyi ve en sonunda da sonbahar bu\u011fday\u0131 ekmeyi planl\u0131yoruz. Gelecek y\u0131l kar eridikten sonra kompost ekleyerek topra\u011f\u0131 iyile\u015ftirmeye devam edece\u011fiz.<\/p>\n<p>Himawari no Sato, 34 y\u0131ld\u0131r hi\u00e7bir zaman bo\u015f b\u0131rak\u0131lmad\u0131. Bu y\u0131l bu krizi f\u0131rsata \u00e7evirip ay\u00e7i\u00e7e\u011fi i\u00e7in toprak olu\u015fturmaya odaklanaca\u011f\u0131z ki, 10-20 y\u0131l sonras\u0131na bakarak iyi ay\u00e7i\u00e7e\u011fi \u00e7i\u00e7eklensin.<\/p>\n<p>Hokuryu Kasabas\u0131 tar\u0131m ve ay\u00e7i\u00e7e\u011fi kasabas\u0131d\u0131r. 1990 y\u0131l\u0131nda eski birlik ba\u015fkan\u0131 Kikura, kasaban\u0131n &quot;halk\u0131n ya\u015fam\u0131n\u0131 ve sa\u011fl\u0131\u011f\u0131n\u0131 koruyan, g\u0131da \u00fcreten bir kasaba&quot; olma ilan\u0131n\u0131 duyurmu\u015f ve o g\u00fcnden bu yana yakla\u015f\u0131k 30 y\u0131l ge\u00e7mi\u015ftir. Biz, bu g\u00fcvenli ve lezzetli g\u0131day\u0131 t\u00fcketicilere ula\u015ft\u0131rma misyonuyla tar\u0131mla u\u011fra\u015f\u0131yoruz, pirin\u00e7 yeti\u015ftiriyoruz.<\/p>\n<p>Mart 2017&#039;de Hokuryu Ay\u00e7i\u00e7e\u011fi \u00dcreticileri Derne\u011fi Japonya Tar\u0131m \u00d6d\u00fcl\u00fc B\u00fcy\u00fck \u00d6d\u00fcl\u00fc&#039;ne lay\u0131k g\u00f6r\u00fcld\u00fc. O s\u0131rada \u015eibuya&#039;daki NHK Salonu&#039;nda \u00f6d\u00fcl t\u00f6reni d\u00fczenlendi ve \u00f6d\u00fcl sertifikas\u0131 Tar\u0131m, Ormanc\u0131l\u0131k ve Bal\u0131k\u00e7\u0131l\u0131k Bakan\u0131 Yuji Yamamoto ile NHK Ba\u015fkan\u0131 Ryoichi Ueda taraf\u0131ndan takdim edildi.<\/p>\n<p>Ayr\u0131ca, Kas\u0131m 2018&#039;de Kurosengoku soya fasulyesi, Tar\u0131m, Orman ve Bal\u0131k\u00e7\u0131l\u0131k Bakanl\u0131\u011f\u0131&#039;n\u0131n 5. K\u0131rsal Alanlar\u0131n Hazinelerini Ke\u015ffetme \u00d6d\u00fcl\u00fc&#039;nde m\u00fckemmellik \u00f6rne\u011fi olarak se\u00e7ilmi\u015f ve Ba\u015fbakanl\u0131k Ofisi&#039;nden \u00f6d\u00fcl alm\u0131\u015ft\u0131r. O d\u00f6nem Tar\u0131m, Ormanc\u0131l\u0131k ve Bal\u0131k\u00e7\u0131l\u0131k eski Bakan\u0131 Yoshikawa Takamori idi, ancak bug\u00fcn Tar\u0131m, Ormanc\u0131l\u0131k ve Bal\u0131k\u00e7\u0131l\u0131k eski Bakan\u0131 Yamada Masahiko&#039;yu aram\u0131zda g\u00f6rmekten mutluluk duyuyoruz ve bu f\u0131rsattan dolay\u0131 \u00e7ok m\u00fcte\u015fekkiriz.<\/p>\n<p>\u0130zin verilen zaman i\u00e7erisinde, bu ak\u015fam siz \u00f6\u011fretmenler ve y\u00f6neticilerle uzun zamand\u0131r beklenen sohbeti yapmak ve s\u00f6yleyecekleriniz hakk\u0131nda bilgi vermek istiyorum. Belediye Ba\u015fkan\u0131 Sano, &quot;\u0130\u015fbirli\u011finiz i\u00e7in \u00e7ok te\u015fekk\u00fcr ederim&quot; dedi.<\/p>\n<h3>Masahiko Yamada&#039;dan selamlar<\/h3>\n<p>\ufffc<\/p>\n<figure class=\"wp-caption aligncenter\"><a href=\"https:\/\/photos.google.com\/share\/AF1QipMbTD3bknYfxG30wntrgaoLYZpMqZYv6hbGv0HhC6hSRdEnRzYk0YNB5UibQ2oQ_A\/photo\/AF1QipM2i026JghvrdHg134jQgHkfvNx7NEcgg-O4Z4?key=dUhLWEFzSDktX3g5dHpGMGNrTGtqc3pWeDVNUUpn\" target=\"_blank\" rel=\"noopener noreferrer\"><img decoding=\"async\" class=\"size-medium\" src=\"https:\/\/lh3.googleusercontent.com\/pw\/ACtC-3fbrsSlVhB9vVD_WsJkNC9xZvilrCw1a-gGfNILzLFSM5CxPI43TOhmWKCu4k_8xM_mvrKcxYLsocZWHhEmj-44mqosT8fB3_TAm_H5thuKG4B3WOJ3Hv8xuiACtXzmamXqwch_r9OLVW21BrEaECe7=w2000-h1332-no?authuser=0\" alt=\"Bay Masahiko Yamada\" width=\"1998\" height=\"1332\" \/><\/a><figcaption class=\"wp-caption-text\">Bay Masahiko Yamada<\/figcaption><\/figure>\n<blockquote><p>Bay Masahiko Yamada<\/p>\n<p>1942 y\u0131l\u0131nda Nagasaki Eyaletinde do\u011fdu (Showa 17). avukat. Waseda \u00dcniversitesi Hukuk Fak\u00fcltesi&#039;nden mezun oldu. Baro s\u0131nav\u0131n\u0131 ge\u00e7tikten sonra memleketi Goto&#039;da bir \u00e7iftlik a\u00e7t\u0131. Petrol krizi nedeniyle \u00e7iftlik i\u015fletmesini kapat\u0131p avukatl\u0131k mesle\u011fine y\u00f6neldi. Daha sonra Temsilciler Meclisi&#039;ne aday oldu ve Haziran 2010&#039;da Tar\u0131m, Ormanc\u0131l\u0131k ve Bal\u0131k\u00e7\u0131l\u0131k Bakan\u0131 oldu. Daha sonra Temsilciler Meclisi&#039;nde be\u015f d\u00f6nem \u00fcye olarak g\u00f6rev yapt\u0131.<br \/>\nAvukatl\u0131k mesle\u011finin yan\u0131 s\u0131ra, TPP ve Tohum Yasas\u0131&#039;n\u0131n kald\u0131r\u0131lmas\u0131 gibi konularda \u00e7al\u0131\u015fmalar y\u00fcr\u00fct\u00fcyor, \u00fclkenin \u00e7e\u015fitli yerlerinde konferanslar ve \u00e7al\u0131\u015fma oturumlar\u0131 veriyor.<\/p><\/blockquote>\n<p>\ufffc<\/p>\n<figure class=\"wp-caption aligncenter\"><a href=\"https:\/\/photos.google.com\/share\/AF1QipMbTD3bknYfxG30wntrgaoLYZpMqZYv6hbGv0HhC6hSRdEnRzYk0YNB5UibQ2oQ_A\/photo\/AF1QipN5W_YdCMef48b7SfTA8NjJOVx2ES6f58PU6g4?key=dUhLWEFzSDktX3g5dHpGMGNrTGtqc3pWeDVNUUpn\" target=\"_blank\" rel=\"noopener noreferrer\"><img decoding=\"async\" class=\"size-medium\" src=\"https:\/\/lh3.googleusercontent.com\/pw\/ACtC-3cI7tJYNvgxBy-LWeGq4t15-lCpEE3bnvxU1Sls7LmXaFFbyfD33BazVwb988YeKIDrooC3BUVcO3nUs1jP84jpohbicBRyYsP51CeF-AbONi15wpJym1wD8AkSbjbMqNoegftr81XhLxeRIWaGa7MQ=w2000-h1332-no?authuser=0\" alt=\"Tohum ve Fidan Yasas\u0131 Hakk\u0131nda\" width=\"1998\" height=\"1332\" \/><\/a><figcaption class=\"wp-caption-text\">Tohum ve Fidan Yasas\u0131 Hakk\u0131nda<\/figcaption><\/figure>\n<p>&quot;Bu sefer, uzun bir aradan sonra ilk kez Hokkaido&#039;ya geldim. Hokkaido&#039;ya 19 Haziran Cuma g\u00fcn\u00fc girdim ve Samani Kasabas\u0131&#039;nda serbest gezen yabani s\u0131\u011f\u0131r yeti\u015ftiren bir \u00e7iftli\u011fi ziyaret ettim. Ger\u00e7ekten harika bir yerdi ve bunun bir \u00e7iftli\u011fin ger\u00e7ek hali olmas\u0131 gerekti\u011fini ve bunun ancak Hokkaido&#039;da ger\u00e7ekle\u015ftirilebilece\u011fini fark ettim.<\/p>\n<p>Nitekim Tar\u0131m, Orman ve Bal\u0131k\u00e7\u0131l\u0131k Bakanl\u0131\u011f\u0131 a\u00e7\u0131k alanda otlatmay\u0131 (s\u0131\u011f\u0131r, koyun ve domuz) yasaklayan bir y\u00f6netmelik \u00e7\u0131karm\u0131\u015ft\u0131r. Ancak al\u0131\u015f\u0131lmad\u0131k bir hamleyle, &quot;otlatma yok&quot; yaz\u0131s\u0131 12 Haziran Cuma g\u00fcn\u00fc silindi.<br \/>\n\ufffc<\/p>\n<figure class=\"wp-caption aligncenter\"><a href=\"https:\/\/photos.google.com\/share\/AF1QipMbTD3bknYfxG30wntrgaoLYZpMqZYv6hbGv0HhC6hSRdEnRzYk0YNB5UibQ2oQ_A\/photo\/AF1QipPjLDujSQocVFRJwlCuLl1x8CE2N1UfEUVrbz8?key=dUhLWEFzSDktX3g5dHpGMGNrTGtqc3pWeDVNUUpn\" target=\"_blank\" rel=\"noopener noreferrer\"><img decoding=\"async\" class=\"size-medium\" src=\"https:\/\/lh3.googleusercontent.com\/pw\/ACtC-3dtAFmE__hiNbnAyGdyYH71MPA5yEAAoJBkB-MNFfhIMjf6EnGq4V9OwPH5h-Uxeb3t51eDdSswZmjG6nJlOTlr9u56w8knEelJ_hNXcQ2AL726nCNLr9lHmRAQOm8C2j5tn9yc3Z1afgI5uTI8tQWy=w2000-h1332-no?authuser=0\" alt=\"Bay Yamada nazik bir \u015fekilde konu\u015fuyor\" width=\"1998\" height=\"1332\" \/><\/a><figcaption class=\"wp-caption-text\">Bay Yamada nazik bir \u015fekilde konu\u015fuyor<\/figcaption><\/figure>\n<h4>Tohum ve Fide Yasas\u0131&#039;n\u0131n revizyonu: Kendi kendine tohumlaman\u0131n yasaklanmas\u0131 ana odak noktas\u0131d\u0131r<\/h4>\n<p>\u00d6ncelikle Tohum ve Fidan Kanunu\u2019nun revizyonundan bahsetmek istiyorum. Soya fasulyesi, pirin\u00e7, bu\u011fday vb. \u00fcr\u00fcnler Japonya&#039;da temel g\u0131da maddeleridir; ancak ulusal h\u00fck\u00fcmetin bunlar\u0131 y\u00f6netmesine, illerin \u00fcst\u00fcn \u00e7e\u015fitler geli\u015ftirmesine ve bunlar\u0131n \u00e7ift\u00e7ilere istikrarl\u0131 bir \u015fekilde tedarik edilmesini sa\u011flamas\u0131na izin veren yasa kald\u0131r\u0131lacak.<\/p>\n<p>O zaman h\u00fck\u00fcmet, &#039;Yerel y\u00f6netim olarak, \u00fclke olarak kamunun rol\u00fc art\u0131k sona erdi&#039; demi\u015fti. &#039;Bundan sonra \u00f6zel sekt\u00f6r\u00fc devreye sokaca\u011f\u0131z ve t\u00fcm tohum y\u00f6netimini \u00f6zel \u015firketlere yapt\u0131raca\u011f\u0131z.&#039;<\/p>\n<p>Ziraat, Ormanc\u0131l\u0131k ve Bal\u0131k\u00e7\u0131l\u0131k Bakanl\u0131\u011f\u0131, Mitsui Chemicals Agro Inc. taraf\u0131ndan geli\u015ftirilen, \u00f6zel olarak geli\u015ftirilen bir pirin\u00e7 \u00e7e\u015fidi olan &quot;Mitsuhikari&quot;yi te\u015fvik ediyor. Mitsuhikari bir F1 \u00e7e\u015fididir (melez \u00e7e\u015fit) ve fiyat\u0131 Koshihikari&#039;nin 10 kat\u0131d\u0131r. Gelece\u011fin F1 \u00e7e\u015fitlerinin \u00e7a\u011f\u0131 olaca\u011f\u0131n\u0131 s\u00f6yledi.<\/p>\n<p>Ayn\u0131 zamanda Tar\u0131msal Rekabet G\u00fcc\u00fcn\u00fcn Art\u0131r\u0131lmas\u0131n\u0131n Desteklenmesi Hakk\u0131nda Kanun (Kanun No: 35\/2017) y\u00fcr\u00fcrl\u00fc\u011fe girdi. Ulusal Tar\u0131m ve G\u0131da Ara\u015ft\u0131rma \u00d6rg\u00fct\u00fc (NARO) taraf\u0131ndan geli\u015ftirilen m\u00fckemmel yeti\u015ftirme bilgisinin ve her vilayetten \u00f6zel sekt\u00f6re m\u00fckemmel yeti\u015ftirme bilgisinin sa\u011flanmas\u0131n\u0131 te\u015fvik etmek i\u00e7in bir yasa \u00e7\u0131kard\u0131k. Bunlar bildirilmedi.<\/p>\n<p>Hokkaido ayr\u0131ca, prefekt\u00f6rl\u00fc\u011f\u00fcn tohum \u00fcretmeye ve bunlar\u0131 \u00e7ift\u00e7ilere sa\u011flamaya devam edebilece\u011fini, ancak bu arada t\u00fcm yararl\u0131 bilginin \u00f6zel sekt\u00f6re sunulmas\u0131 gerekti\u011fini belirten bir bildiri yay\u0131nlad\u0131. \u015eirket, Japon pirin\u00e7 \u00e7e\u015fidi &quot;Yumepirika&quot;y\u0131 Monsanto Japan Ltd.&#039;ye devretti ve son 10 y\u0131ld\u0131r sat\u0131\u015f\u0131n\u0131 yapt\u0131\u011f\u0131 &quot;Tone no Megumi&quot; adl\u0131 yeni \u00e7e\u015fidi geli\u015ftirdi.<\/p>\n<p>As\u0131l ama\u00e7lar\u0131, \u00f6ncelikle mevcut kamu tohum yasas\u0131n\u0131 kald\u0131rmak, ard\u0131ndan her vilayetteki m\u00fckemmel bilgi birikimini \u00f6zel ve b\u00fcy\u00fck \u015firketlere aktarmak, en sonunda da kendi kendine tohum ekimini yasaklamakt\u0131.<br \/>\n\ufffc<\/p>\n<figure class=\"wp-caption aligncenter\"><a href=\"https:\/\/photos.google.com\/share\/AF1QipMbTD3bknYfxG30wntrgaoLYZpMqZYv6hbGv0HhC6hSRdEnRzYk0YNB5UibQ2oQ_A\/photo\/AF1QipMDDb71hgzVmaq1iQfwQa-ONxOPmwcYisH8BOo?key=dUhLWEFzSDktX3g5dHpGMGNrTGtqc3pWeDVNUUpn\" target=\"_blank\" rel=\"noopener noreferrer\"><img decoding=\"async\" class=\"size-medium\" src=\"https:\/\/lh3.googleusercontent.com\/pw\/ACtC-3eShgUka9zabMpfdNsbHTA4LKOMAtVvAwzKwpnh_Ip8yDTeQDpzZOmqIxt1SDYneC4lRtL_aRhlD0h1yCLugnUd7t1rMfkjRhiMBEQchjjCG3lXxawxSW46aeJBwCArvN8iLSo3s9ZX_JYd2e2EVnvp=w2000-h1332-no?authuser=0\" alt=\"Y\u00f6netmen Haramura ile tan\u0131\u015fma hakk\u0131nda\" width=\"1998\" height=\"1332\" \/><\/a><figcaption class=\"wp-caption-text\">Y\u00f6netmen Haramura ile tan\u0131\u015fma hakk\u0131nda<\/figcaption><\/figure>\n<h4>Y\u00f6netmen Masaki Haramura&#039;dan &quot;Tohumlar ve Fidanlar&quot; hakk\u0131nda bir film yapmas\u0131n\u0131 istedik<\/h4>\n<p>Y\u00f6netmen Haramura&#039;yla iki y\u0131l \u00f6nce tan\u0131\u015ft\u0131m. Tohum ve fide \u00e7ift\u00e7ilerin can damar\u0131d\u0131r. &quot;Evde tohum toplama yasa\u011f\u0131&quot;na ili\u015fkin bilgi medyada hi\u00e7bir \u015fekilde yer alm\u0131yor. Bu nedenle, Tohum Yasas\u0131 Revizyonunu m\u00fcmk\u00fcn oldu\u011funca \u00e7ok say\u0131da insana duyurma arzusuyla, Y\u00f6netmen Haramura&#039;ya &quot;Tohumlar ve Fidanlar&quot; hakk\u0131nda bir film yap\u0131p yapamayaca\u011f\u0131n\u0131 sordum.<\/p>\n<p>Hokkaido&#039;da Hokkaido Tohum Derne\u011fi, Say\u0131n Tokuji Hisada (Hokkaido Tohum Derne\u011fi Ba\u015fkan\u0131, Hokkaido \u00dcniversitesi&#039;nde konuk profes\u00f6r, Hokkaido Shimbun Press&#039;in eski yay\u0131n kurulu \u00fcyesi) ve Say\u0131n Ryoji Kikura ile birlikte yo\u011fun bir \u015fekilde \u00e7al\u0131\u015f\u0131yor. Say\u0131n Kikura ile G\u0131da ve Tar\u0131m Canland\u0131rma Konseyi&#039;ni 10 y\u0131l \u00f6nce kurdu\u011fumuzdan ve kendisi daimi y\u00f6neticimiz oldu\u011fundan beri tan\u0131\u015f\u0131yoruz.<\/p>\n<p>Tohum Yasas\u0131 ile ilgili herkesle temas halindeyiz ve g\u00f6r\u00fc\u015fmelerimiz s\u00fcr\u00fcyor. Bu filmin \u00e7ekimleri s\u0131ras\u0131nda, kendi pirincini yeti\u015ftiren Mamoru Segawa&#039;n\u0131n i\u015fletti\u011fi Toma Green Life&#039;\u0131 ve kendi bu\u011fday ve soya fasulyesini yeti\u015ftiren Kazuhisa Ito&#039;nun Tokachi&#039;de i\u015fletti\u011fi Hotaru \u00c7iftli\u011fi&#039;ni ziyaret ettik.<\/p>\n<p>Tar\u0131m, Orman ve Bal\u0131k\u00e7\u0131l\u0131k Bakanl\u0131\u011f\u0131&#039;n\u0131n tavsiye etti\u011fi \u00fcst\u00fcn kaliteli siyah soya \u00e7e\u015fidi olan Kurosengoku soya fasulyesiyle tan\u0131\u015ft\u0131\u011f\u0131m i\u00e7in \u00e7ok mutluyum.<\/p>\n<h4>B\u00f6lge de\u011fi\u015fince \u00fclke de de\u011fi\u015fir.<\/h4>\n<p>Tohum ve Fidan Yasas\u0131&#039;n\u0131n kald\u0131r\u0131lmas\u0131n\u0131n ard\u0131ndan 19 il kendi tohum y\u00f6netmeliklerini y\u00fcr\u00fcrl\u00fc\u011fe koydu ve uygulamaya koyuyor. Ayr\u0131ca 27 vali a\u00e7\u0131klama yapt\u0131 ve her vilayetin kendine \u00f6zg\u00fc tohumlar\u0131n\u0131 koruma hareketleri yayg\u0131nla\u015f\u0131yor. E\u011fer b\u00f6yle devam ederse 32 ilde destek bulabilece\u011fiz.<\/p>\n<p>Tar\u0131m, Orman ve Su \u00dcr\u00fcnleri Bakanl\u0131\u011f\u0131, Tohum Y\u00f6netmeli\u011fi&#039;ne ba\u015flang\u0131\u00e7ta kar\u015f\u0131 \u00e7\u0131km\u0131\u015ft\u0131 ancak son d\u00f6nemde tavr\u0131n\u0131 de\u011fi\u015ftirerek olumlu kar\u015f\u0131lad\u0131. Mecliste Liberal Demokrat Parti, muhalefet partilerinin sundu\u011fu &quot;Tohum Yasas\u0131n\u0131n Kald\u0131r\u0131lmas\u0131 ve Canland\u0131r\u0131lmas\u0131 Yasa Tasar\u0131s\u0131&quot;n\u0131 da g\u00f6r\u00fc\u015f\u00fcyor.<\/p>\n<p>TPP anla\u015fmas\u0131 \u00e7okuluslu \u015firketlerin tohum ve tar\u0131m \u00fczerinde kontrol sahibi olmas\u0131na yol a\u00e7t\u0131. Yerel d\u00fczeyde buna kar\u015f\u0131 koyarsak Japonya&#039;n\u0131n tar\u0131m politikalar\u0131n\u0131 koruyabilece\u011fimize inan\u0131yorum. Hepinizin yan\u0131nda sava\u015fmak isterim. Te\u015fekk\u00fcrler.<\/p>\n<p>Yar\u0131n Kurosengoku soya tarlas\u0131n\u0131 g\u00f6rmeyi sab\u0131rs\u0131zl\u0131kla bekliyorum. &quot;Bug\u00fcn i\u00e7in \u00e7ok te\u015fekk\u00fcr ederim,&quot; dedi Yamada nazik\u00e7e.<\/p>\n<figure class=\"wp-caption aligncenter\"><a href=\"https:\/\/photos.google.com\/share\/AF1QipMbTD3bknYfxG30wntrgaoLYZpMqZYv6hbGv0HhC6hSRdEnRzYk0YNB5UibQ2oQ_A\/photo\/AF1QipMNWvO5QsQmlE4WZ_7gNqU2vQTluf_DHH0QdOc?key=dUhLWEFzSDktX3g5dHpGMGNrTGtqc3pWeDVNUUpn\" target=\"_blank\" rel=\"noopener noreferrer\"><img decoding=\"async\" class=\"size-medium\" src=\"https:\/\/lh3.googleusercontent.com\/pw\/ACtC-3dU-VpH4o3KqL9SBClSAk8bdNROOC7-r4GhowsE5jJl-U0YElr30ggX8w8SdJOLJNuxHZWH9t8M0EBj2KJy1nMkGhJUfi019YLKUxVM-00w30wERejL7wGfSvHmYotk6G8kgwCN0ieIOiltVzh-d6dK=w2000-h1332-no?authuser=0\" alt=\"Hepinizle tan\u0131\u015ft\u0131\u011f\u0131n\u0131z i\u00e7in te\u015fekk\u00fcr ederim!\" width=\"1998\" height=\"1332\" \/><\/a><figcaption class=\"wp-caption-text\">Hepinizle tan\u0131\u015ft\u0131\u011f\u0131n\u0131z i\u00e7in te\u015fekk\u00fcr ederim!<\/figcaption><\/figure>\n<h3>Y\u00f6netmen Masaki Haramura&#039;n\u0131n yorumu<\/h3>\n<p>\ufffc<\/p>\n<figure class=\"wp-caption aligncenter\"><a href=\"https:\/\/photos.google.com\/share\/AF1QipMbTD3bknYfxG30wntrgaoLYZpMqZYv6hbGv0HhC6hSRdEnRzYk0YNB5UibQ2oQ_A\/photo\/AF1QipPCDepCLPzzdYEsCwdxQ5U3W69S7ra1cQ3Bl9U?key=dUhLWEFzSDktX3g5dHpGMGNrTGtqc3pWeDVNUUpn\" target=\"_blank\" rel=\"noopener noreferrer\"><img decoding=\"async\" class=\"size-medium\" src=\"https:\/\/lh3.googleusercontent.com\/pw\/ACtC-3cMvzkxEFtsWgQV7AYFFh5jJ44stiUOQHsurVWnsFCuMyzWVQONjQBZ5W48dFCrUp2wycFei-WgW2N9KaE4FOZIA9S15lGoshTkEr4Kno0OFwseyq1rPqnFqJU-joDCGU3xLcUUcx1cJCpkF-BjBefJ=w2000-h1332-no?authuser=0\" alt=\"Y\u00f6netmen Masaki Haramura\" width=\"1998\" height=\"1332\" \/><\/a><figcaption class=\"wp-caption-text\">Y\u00f6netmen Masaki Haramura<\/figcaption><\/figure>\n<blockquote><p>Y\u00f6netmen Masaki Haramura<\/p>\n<p>1957 y\u0131l\u0131nda Chiba ilinde do\u011fdu (Showa 32). Sofya \u00dcniversitesi&#039;nden mezun olduktan sonra belgesel filmlerde ve televizyon programlar\u0131nda serbest y\u00f6netmen yard\u0131mc\u0131s\u0131 olarak \u00e7al\u0131\u015ft\u0131. 1985&#039;te Sakura Eigasha&#039;ya kat\u0131ld\u0131 (Showa 60). Bug\u00fcne kadarki ba\u015fl\u0131ca eserleri aras\u0131nda &quot;Dal\u0131\u015f\u00e7\u0131 Kad\u0131n Liang-san (2004),&quot; &quot;Hayat\u0131 Yeti\u015ftiren \u0130nsanlar (2006),&quot; &quot;K\u00f6y\u00fcn \u00c7ocuklar\u0131 (2008),&quot; NHK ETV \u00f6zel program\u0131 &quot;N\u00fckleer Kazayla Y\u00fczle\u015fen Pirin\u00e7 \u00c7ift\u00e7ileri (2011),&quot; NHK E\u011fitim TV&#039;sinin &quot;Japonlar Neyi Ama\u00e7l\u0131yor? B\u00f6l\u00fcm 8: Takahata, Yamagata, Japonya&#039;n\u0131n En \u0130yi Pirin\u00e7 \u00c7ift\u00e7isi Olmay\u0131 Hedefliyor&quot; program\u0131, BS Premium&#039;un &quot;Yeni Japonya Topografyas\u0131 (2014)&quot; ve belgesel film &quot;Musashino (2018)&quot; yer almaktad\u0131r.<\/p><\/blockquote>\n<figure class=\"wp-caption aligncenter\"><a href=\"https:\/\/photos.google.com\/share\/AF1QipMbTD3bknYfxG30wntrgaoLYZpMqZYv6hbGv0HhC6hSRdEnRzYk0YNB5UibQ2oQ_A\/photo\/AF1QipPiaCRsSitPWdreaTp4UzmCOYGnMQad55zdK5A?key=dUhLWEFzSDktX3g5dHpGMGNrTGtqc3pWeDVNUUpn\" target=\"_blank\" rel=\"noopener noreferrer\"><img decoding=\"async\" class=\"size-medium\" src=\"https:\/\/lh3.googleusercontent.com\/pw\/ACtC-3fEoQTQ4J9WSh-s3aGTTQU009nnGeflVwvtNx71luhS-lw-OdAwuSrhj02ow3E1VNp8zOgJQFiXJDmqhoPvZUrkbyP5usVadsGjBrIBtPqa93d9pBEk9hlTQi3B6l9E27TFA5lxusuSGgnVs6crmvC9=w2000-h1332-no?authuser=0\" alt=\"Tar\u0131m belgesellerinin cazibesi\" width=\"1998\" height=\"1332\" \/><\/a><figcaption class=\"wp-caption-text\">Tar\u0131m belgesellerinin cazibesi<\/figcaption><\/figure>\n<p>&quot;Tar\u0131ma dayal\u0131 belgesel filmler yap\u0131yorum. Tar\u0131m hakk\u0131nda \u00e7ok az \u015fey bilmeme ra\u011fmen, ergenli\u011fimden beri y\u0131llard\u0131r \u00e7e\u015fitli k\u00f6yleri filme al\u0131yorum. \u00c7ift\u00e7ilerin duygular\u0131yla temas etme f\u0131rsat\u0131m oldu, bu y\u00fczden bu konuda biraz anlay\u0131\u015fa sahip oldu\u011fuma inan\u0131yorum.<\/p>\n<h4>\u0130nsanlar\u0131n suya, havaya ve yiyece\u011fe ihtiyac\u0131 vard\u0131r<\/h4>\n<p>Tar\u0131mla u\u011fra\u015fmam\u0131z\u0131n sebebi insanlar\u0131n ya\u015fayabilmek i\u00e7in suya, havaya ve g\u0131daya ihtiya\u00e7 duymas\u0131d\u0131r.<\/p>\n<p>Ben \u00e7ocuklu\u011fumdan beri, ekonomik b\u00fcy\u00fcmenin h\u0131zl\u0131 oldu\u011fu bir d\u00f6nemde, Japonya&#039;n\u0131n tar\u0131ma kar\u015f\u0131 mesafeli oldu\u011funu d\u00fc\u015f\u00fcn\u00fcrd\u00fcm. Ve k\u00f6ylerde \u00e7ekim yaparken, \u00e7ift\u00e7ilerle \u015fehirlilerin aras\u0131ndaki konu\u015fmalarda d\u00fcnyaya farkl\u0131 bak\u0131\u015f a\u00e7\u0131lar\u0131na sahip olmalar\u0131n\u0131 ve birbirlerini anlayamamalar\u0131n\u0131 garip buldum.<\/p>\n<h4>Son derece manevi bir \u00e7ift\u00e7i<\/h4>\n<p>Tar\u0131mla ciddi \u015fekilde u\u011fra\u015fan insanlarla olan uzun vadeli ili\u015fkilerimde, \u00e7ok say\u0131da maneviyat\u0131 y\u00fcksek insanla kar\u015f\u0131la\u015ft\u0131m.<\/p>\n<p>Yapt\u0131\u011f\u0131m g\u00f6r\u00fc\u015fmelerde bu insanlar\u0131n s\u00f6yledi\u011fi s\u00f6zlerin \u00e7ok anlaml\u0131 oldu\u011funu fark ettim. Mesela, ortaokul mezunu olup da alim olabilecek kadar zeki olan \u00e7ok insan var. S\u00f6zleri \u00e7ok incelikli, kimisi \u015fair gibi, kimisi filozof gibi.<\/p>\n<p>B\u00f6ylesine harika insanlarla tan\u0131\u015fmak benim i\u00e7in b\u00fcy\u00fck bir mutluluk ve huzur kayna\u011f\u0131 oldu. R\u00f6portaj yaparken bile \u00e7ok e\u011flenceli ve heyecanl\u0131 buluyorum. Bir kez daha, bu kadar harika d\u00fc\u015f\u00fcnce tarz\u0131na sahip ve i\u015flerini bu kadar g\u00fczel yapan insanlarla tan\u0131\u015ft\u0131\u011f\u0131m i\u00e7in etkilendim.<\/p>\n<p>Film \u00e7ekmeye devam ediyorum \u00e7\u00fcnk\u00fc m\u00fcmk\u00fcn oldu\u011funca \u00e7ok say\u0131da insana bu \u00e7ift\u00e7ilerin ne kadar muhte\u015fem ve harika insanlar oldu\u011funu anlatmak istiyorum.<\/p>\n<figure class=\"wp-caption aligncenter\"><a href=\"https:\/\/photos.google.com\/share\/AF1QipMbTD3bknYfxG30wntrgaoLYZpMqZYv6hbGv0HhC6hSRdEnRzYk0YNB5UibQ2oQ_A\/photo\/AF1QipNcf-XObaJBuSg-C6ucIGQCoXTS5LnJChgI5LA?key=dUhLWEFzSDktX3g5dHpGMGNrTGtqc3pWeDVNUUpn\" target=\"_blank\" rel=\"noopener noreferrer\"><img decoding=\"async\" class=\"size-medium\" src=\"https:\/\/lh3.googleusercontent.com\/pw\/ACtC-3c7o3CNxjBqL6hgr2FSxr0KoDYQ7llZ2FLFKgT_7QSmGr5urqo6gfpyZssvpZHVerm6sbce3pGd6_vmIJNrehj8NbiAM071dHtMd22cvisUoOBfNlbA3PJiH12R4v2KABUC-taXzL9Mu59i6GUTihHk=w2000-h1332-no?authuser=0\" alt=\"G\u00fcl\u00fcmseyerek!\" width=\"1998\" height=\"1332\" \/><\/a><figcaption class=\"wp-caption-text\">G\u00fcl\u00fcmseyerek!<\/figcaption><\/figure>\n<h4>&quot;Tohum ve G\u0131da G\u00fcvenli\u011fi&quot; temal\u0131 bir film<\/h4>\n<p>Bu filmin konusu &quot;Tohumlar ve G\u0131da G\u00fcvenli\u011fi&quot;dir. G\u0131da g\u00fcvenli\u011fine gelince, \u00f6\u011frendik\u00e7e Japon halk\u0131n\u0131n hayatta kalmas\u0131 i\u00e7in temel g\u0131da kayna\u011f\u0131 olan tar\u0131m\u0131n \u00f6nemine daha \u00e7ok ikna oluyorum. Ge\u00e7ti\u011fimiz y\u0131l\u0131n \u015eubat ay\u0131nda \u00e7ekimlere ba\u015flad\u0131m ve \u00e7ekim yapt\u0131k\u00e7a daha da derinle\u015ftim.<\/p>\n<h4>Profes\u00f6r Yamada&#039;n\u0131n sars\u0131lmaz iradesi ve ruhu, ve onun iyi kalpli y\u00fcre\u011fi<\/h4>\n<p>Bir gazetecilik yar\u0131\u015fmas\u0131n\u0131n \u00f6d\u00fcl t\u00f6reninde j\u00fcri \u00fcyesi olarak g\u00f6rev yapt\u0131\u011f\u0131m s\u0131rada Profes\u00f6r Yamada ile tan\u0131\u015ft\u0131m. Daha sonra Yamada Hoca ile bir g\u00f6r\u00fc\u015fmem oldu ve benden bir film yapmam\u0131 istedi.<\/p>\n<p>Uzun y\u0131llard\u0131r bir k\u00f6yde ara\u015ft\u0131rma yap\u0131yorum, her b\u00f6lgede en az bir y\u0131l, \u00e7o\u011funlukla iki-\u00fc\u00e7 y\u0131l, baz\u0131 durumlarda da 20 y\u0131la kadar zaman ge\u00e7iriyorum. Dolay\u0131s\u0131yla Tohum Yasas\u0131 hakk\u0131ndaki bu film, daha \u00f6nce yapt\u0131klar\u0131mdan farkl\u0131 bir \u015fekilde politik ve toplumsal meselelere odaklan\u0131yor ve \u00fcst d\u00fczey, son derece zor bir meydan okumay\u0131 ele al\u0131yor, bu y\u00fczden bunu yap\u0131p yapamayaca\u011f\u0131m konusunda endi\u015feliydim.<\/p>\n<p>Ancak Profes\u00f6r Yamada&#039;n\u0131n konu\u015fmas\u0131n\u0131 dinleyip daha fazla bilgi edindik\u00e7e bunun tar\u0131mda \u00e7ok b\u00fcy\u00fck bir sorun oldu\u011funu fark ettim ve b\u00fcy\u00fclendim.<\/p>\n<p>Profes\u00f6r Yamada, g\u00fc\u00e7l\u00fc ve sars\u0131lmaz inan\u00e7lar\u0131n\u0131n yan\u0131 s\u0131ra, zengin bir bilgi birikimine ve bize \u00f6\u011fretece\u011fi \u00e7ok \u015feye sahip. Bug\u00fcne kadar bir\u00e7ok tar\u0131m filmi yapt\u0131m ve her zaman ortak hissetti\u011fim \u015fey \u00e7ift\u00e7ilerin sars\u0131lmaz iradesi ve ruhudur. Ben bu t\u00fcr &quot;sars\u0131lmaz ruhu&quot; seviyorum, \u00e7\u00fcnk\u00fc kendim sars\u0131lmaz bir ruha sahip olma yetene\u011fine sahip de\u011filim.<\/p>\n<p>Bu \u00e7ekim s\u0131ras\u0131nda bile Profes\u00f6r Yamada&#039;n\u0131n \u00e7ift\u00e7ilerin anlatt\u0131klar\u0131n\u0131 dikkatle dinleyip, onlar\u0131n kalplerine empati kurarak, s\u0131cak bir aura yayd\u0131\u011f\u0131n\u0131 g\u00f6rebiliyorduk. Dr. Yamada&#039;n\u0131n ac\u0131 ve \u0131zd\u0131rap i\u00e7inde olanlara kar\u015f\u0131 nazik bir \u015fekilde sempati duymas\u0131 ve onlar\u0131 kendi insan\u0131 olarak kabul etmesi beni \u00e7ok etkiledi.<br \/>\n\ufffc<br \/>\nBu film toplumsal sorunlara ve zorluklara odaklanma e\u011filiminde ama ayn\u0131 zamanda Yamada-sensei&#039;nin sergiledi\u011fi insanl\u0131\u011f\u0131 ve sahneleri de yakalamak istiyorum. Profes\u00f6r Yamada&#039;n\u0131n insanl\u0131\u011f\u0131n\u0131n, zor durumlarla inan\u00e7 ve kararl\u0131l\u0131kla y\u00fczle\u015fme yetene\u011fi ve ba\u015fkalar\u0131yla insani bir \u015fekilde empati kurma yetene\u011fi gibi insani duygularla dolu oldu\u011funu d\u00fc\u015f\u00fcn\u00fcyorum.<\/p>\n<figure class=\"wp-caption aligncenter\"><a href=\"https:\/\/photos.google.com\/share\/AF1QipMbTD3bknYfxG30wntrgaoLYZpMqZYv6hbGv0HhC6hSRdEnRzYk0YNB5UibQ2oQ_A\/photo\/AF1QipMC9A4a214nsu8Xi-BTrYRk-p6I_vmfKipt4nU?key=dUhLWEFzSDktX3g5dHpGMGNrTGtqc3pWeDVNUUpn\" target=\"_blank\" rel=\"noopener noreferrer\"><img decoding=\"async\" class=\"size-medium\" src=\"https:\/\/lh3.googleusercontent.com\/pw\/ACtC-3fvH2qELDrRCIdfS86Q3yvxMwUtFMverq_6yvrxjMhP-WdwOeEd0RJd8Lr-dmBLJbJxNCt_x1cnN-qQQcNOiiRZ9WC116q7JSdvAa_WvKH-bfwIoWwoUahLhyOxO5VeNxRkHRarunsDSyvfbThzC1nA=w2000-h1332-no?authuser=0\" alt=\"&quot;Tohum ve G\u0131da G\u00fcvenli\u011fi&quot; temal\u0131 bir film\" width=\"1998\" height=\"1332\" \/><\/a><figcaption class=\"wp-caption-text\">&quot;Tohum ve G\u0131da G\u00fcvenli\u011fi&quot; temal\u0131 bir film<\/figcaption><\/figure>\n<h4>Kar\u015f\u0131t fikirleri ifade etmek istiyorum<\/h4>\n<p>Tohum Yasas\u0131 ve pestisitler konusunda a\u015f\u0131r\u0131 d\u00fc\u015f\u00fcnce ve g\u00f6r\u00fc\u015fler var. Sadece bir taraf\u0131n fikrini zorla kabul ettirmek yerine, insanlar\u0131n farkl\u0131 g\u00f6r\u00fc\u015fleri olsa bile, onlar\u0131n ne s\u00f6yledi\u011fini dinlemek istedi\u011fimi d\u00fc\u015f\u00fcnd\u00fcren bir film yapmak istedim.<\/p>\n<h4>\u00c7okuluslu y\u00f6netim<\/h4>\n<p>Tohum ve Fidan Kanunu&#039;na ili\u015fkin \u00e7e\u015fitli g\u00f6r\u00fc\u015fler aras\u0131nda, k\u00fcreselle\u015fme ba\u011flam\u0131nda b\u00fcy\u00fck \u015firketlerin tohumlar\u0131 tekeline almas\u0131 gibi temel sorunlar da yer al\u0131yor. Bu dehalar\u0131n varl\u0131\u011f\u0131 pek bilinmiyor ve medyada nadiren yer al\u0131yor. \u00c7ift\u00e7iler aras\u0131nda bile bu karanl\u0131k taraf konusunda fark\u0131ndal\u0131k eksikli\u011fi oldu\u011funu d\u00fc\u015f\u00fcn\u00fcyorum.<\/p>\n<p>B\u00fcy\u00fck \u00f6l\u00e7\u00fcde gizli kalm\u0131\u015f bu y\u00f6n\u00fc y\u00fczeye \u00e7\u0131kararak, farkl\u0131 g\u00f6r\u00fc\u015flere sahip insanlar\u0131n birbirlerini anlamalar\u0131n\u0131 ve birbirlerinin \u00f6z\u00fcn\u00fc aramalar\u0131n\u0131 sa\u011flayacak, ayn\u0131 zamanda daha fazla insan\u0131n durumun ger\u00e7ekli\u011finin fark\u0131na varmas\u0131na yard\u0131mc\u0131 olacak bir film yaratmay\u0131 umuyorum.<\/p>\n<p>Bu son derece zor bir g\u00f6rev olmas\u0131na ra\u011fmen, bu sefer Hokkaido&#039;ya yapt\u0131\u011f\u0131m ziyaret bana onun \u00f6nemini daha da hissettirdi.<\/p>\n<h4>Diyalo\u011fun \u00f6nemi<\/h4>\n<p>Ben birinin do\u011fru, di\u011ferinin do\u011fru oldu\u011funu d\u00fc\u015f\u00fcnm\u00fcyorum; ikisinin de iyi ve k\u00f6t\u00fc yanlar\u0131 var ve 0 do\u011fru olan tek bir \u015fey yok. D\u00fc\u015f\u00fcnce farkl\u0131l\u0131klar\u0131ndan kaynaklanan anla\u015fmazl\u0131klar\u0131n devam etmesinden ziyade, insanlar\u0131n bir araya gelip konu\u015fmas\u0131n\u0131n, kar\u015f\u0131l\u0131kl\u0131 diyalog kurmas\u0131n\u0131n daha iyi olaca\u011f\u0131n\u0131 d\u00fc\u015f\u00fcn\u00fcyorum.<\/p>\n<h4>Japon tar\u0131m\u0131n\u0131n harikalar\u0131n\u0131 foto\u011fraflamak ve aktarmak istiyorum<\/h4>\n<p>Tan\u0131\u015ft\u0131\u011f\u0131m \u00e7ift\u00e7ilerin hepsi \u00e7ok sevimli insanlard\u0131. Hem s\u00f6zleriyle hem de davran\u0131\u015flar\u0131yla ikna edicidir.<\/p>\n<p>\u015eehir sakinlerinin b\u00fcy\u00fck \u00e7o\u011funlu\u011fu k\u0131rsal alanlar\u0131n, tar\u0131m\u0131n ve \u00e7ift\u00e7ilerin ger\u00e7ekleri hakk\u0131nda somut bir bilgiye veya anlay\u0131\u015fa sahip de\u011fil. \u0130nsanlar\u0131n ya\u015famlar\u0131n\u0131 destekleyen \u00e7ift\u00e7ilere y\u00fcrekten bir &quot;Te\u015fekk\u00fcr&quot; etmek istiyorum. \u0130nsanlar\u0131n ``Herkese minnettar\u0131m&#039;&#039; duygusunu ve hissini geli\u015ftirmelerine yard\u0131mc\u0131 olman\u0131n son derece \u00f6nemli oldu\u011funu d\u00fc\u015f\u00fcn\u00fcyorum.<\/p>\n<p>Manzara tamamen do\u011fa taraf\u0131ndan yarat\u0131lmam\u0131\u015ft\u0131r; Bir\u00e7ok bak\u0131mdan \u00e7ift\u00e7ilerin \u00e7abalar\u0131n\u0131n sonucudur. Bu \u00e7ift\u00e7ilerin ger\u00e7ek durumunu aktarmak konusunda g\u00fc\u00e7l\u00fc bir iste\u011fim var. Y\u00f6netmen Haramura, &quot;Y\u00fcr\u00fcyebildi\u011fim s\u00fcrece Japonya&#039;n\u0131n k\u0131rsal b\u00f6lgelerini dola\u015f\u0131p Japon tar\u0131m\u0131n\u0131n ne kadar b\u00fcy\u00fck oldu\u011funu herkese duyurmak istiyorum&quot; dedi.<\/p>\n<figure class=\"wp-caption aligncenter\"><a href=\"https:\/\/photos.google.com\/share\/AF1QipMbTD3bknYfxG30wntrgaoLYZpMqZYv6hbGv0HhC6hSRdEnRzYk0YNB5UibQ2oQ_A\/photo\/AF1QipNNCfSwS5jciRP2Gr8aOo4SnSzPEdZu3pSVxk0?key=dUhLWEFzSDktX3g5dHpGMGNrTGtqc3pWeDVNUUpn\" target=\"_blank\" rel=\"noopener noreferrer\"><img decoding=\"async\" class=\"size-medium\" src=\"https:\/\/lh3.googleusercontent.com\/pw\/ACtC-3cjFC3eEjzxYpzwCgqaFhl5SW1Wyn9hOeSpTpZJrYD0lXLUS9MK6dcKE6K5QcXfEtgHZ0r6kvzZN5oldzmQ-fZfbETy5OJUPoVHzdYHr1x7u61Xl3XsxrQeH-MgOAwrtSa4654abrYl_nyNByDKW_hr=w2000-h1332-no?authuser=0\" alt=\"Sohbet \u00e7ok keyifliydi!\" width=\"1998\" height=\"1332\" \/><\/a><figcaption class=\"wp-caption-text\">Sohbet \u00e7ok keyifliydi!<\/figcaption><\/figure>\n<h3>Mamoru Segawa&#039;n\u0131n hikayesi<\/h3>\n<p>\ufffc<\/p>\n<figure class=\"wp-caption aligncenter\"><a href=\"https:\/\/photos.google.com\/share\/AF1QipMbTD3bknYfxG30wntrgaoLYZpMqZYv6hbGv0HhC6hSRdEnRzYk0YNB5UibQ2oQ_A\/photo\/AF1QipPd-tK0w84j1k2lRWGCq6KNihc8p6xulC3EE-A?key=dUhLWEFzSDktX3g5dHpGMGNrTGtqc3pWeDVNUUpn\" target=\"_blank\" rel=\"noopener noreferrer\"><img decoding=\"async\" class=\"size-medium\" src=\"https:\/\/lh3.googleusercontent.com\/pw\/ACtC-3culQdPMgznylvOMb4ZpEdHLGmykkAzdvRwMhiIgncDRzjQck1kdv2M7GaOB5aIO1mtarTtEjnpzQFhrNtWGzxVSPTDYFkG4ZZazEHPE8A-AVsbVD2OKyKqdNUUmp78Rd7A0kabMpxmFT7fgbwKf1_m=w2000-h1332-no?authuser=0\" alt=\"Bay Mamoru Segawa\" width=\"1998\" height=\"1332\" \/><\/a><figcaption class=\"wp-caption-text\">Bay Mamoru Segawa<\/figcaption><\/figure>\n<blockquote><p>Bay Mamoru Segawa<\/p>\n<p>Toma Town&#039;\u0131n &quot;Densuke Karpuzu&quot;nun yarat\u0131c\u0131s\u0131. Halen 100&#039;den fazla il\u00e7ede organik tar\u0131m yap\u0131l\u0131yor. Toma Ye\u015fil Ya\u015fam Ara\u015ft\u0131rma Grubu 1990 y\u0131l\u0131nda kuruldu (Heisei 2). \u00d6zel yeti\u015ftirilmi\u015f pirin\u00e7 \u00fcreten \u015firket, 1998 y\u0131l\u0131nda (Toma Green Life Tar\u0131msal \u00dcretim Anonim \u015eirketi) kurulmu\u015f olup, halen aktif olarak organik tar\u0131m yapmaktad\u0131r.<\/p><\/blockquote>\n<p>&quot;Bu etkinli\u011fin kurulumu, Hokkaido Tohum Derne\u011fi Ba\u015fkan\u0131 Tokuji Hisada&#039;n\u0131n &#039;tohum hasad\u0131 yapan \u00e7ift\u00e7ileri tan\u0131tma&#039; emriyle ba\u015flad\u0131.<\/p>\n<h4>Tar\u0131msal \u00dcretim \u015eirketi Toma Green Life Limited (Toma Kasabas\u0131)<\/h4>\n<p>Kurulu\u015fumuz 10 hektarl\u0131k \u00e7eltik tarlas\u0131nda organik tar\u0131m yapmakta olup, t\u00fcm sebze, tarla bitkileri ve serac\u0131l\u0131k \u00fcr\u00fcnlerimiz organik olup, 117 hektarl\u0131k tarlam\u0131zda 10 y\u0131ld\u0131r hi\u00e7bir kimyasal g\u00fcbre kullanm\u0131yoruz.<\/p>\n<h4>Tanr\u0131&#039;n\u0131n sesi: &quot;D\u00fcnyay\u0131 de\u011fi\u015ftir&quot;<\/h4>\n<p>G\u00fcn\u00fcm\u00fczde a\u011flar o kadar ilerledi ki, d\u0131\u015far\u0131ya ad\u0131m atarak d\u00fcnyadaki durumu anlayabiliyor, Japonya&#039;daki g\u00fcncel durum hakk\u0131nda her g\u00fcn net bilgiler edinebiliyoruz. Buna ra\u011fmen Japonya&#039;daki durumun neden pek de\u011fi\u015fmedi\u011fini merak edenler vard\u0131r eminim.<\/p>\n<p>Ancak, pestisit ve tohum sorunlar\u0131 gibi birbiriyle \u00f6rt\u00fc\u015fen \u00e7e\u015fitli sorunlarla kar\u015f\u0131 kar\u015f\u0131ya oldu\u011fumuz \u015fu anki durum g\u00f6z \u00f6n\u00fcne al\u0131nd\u0131\u011f\u0131nda, Tanr\u0131&#039;n\u0131n bize &quot;D\u00fcnyay\u0131 de\u011fi\u015ftirme zaman\u0131&quot; dedi\u011fini ve b\u00fcy\u00fck bir de\u011fi\u015fim zaman\u0131nda oldu\u011fumuzu hissediyorum.<\/p>\n<p>Bunlara ili\u015fkin t\u00fcm bilgiler internette mevcuttur. Bunun nedenlerinden biri de kullan\u0131lan pestisit miktar\u0131 ile \u00e7ocuklarda geli\u015fimsel bozukluklar\u0131n g\u00f6r\u00fclme s\u0131kl\u0131\u011f\u0131 aras\u0131nda \u00e7arp\u0131c\u0131 bir ili\u015fki oldu\u011funu g\u00f6steren verilerdir. Bu verileri g\u00f6rd\u00fc\u011f\u00fcmde, biz \u00e7ift\u00e7ilerin, tar\u0131msal \u00fcreticiler olarak, \u00e7ift\u00e7ilik \u015feklimizi de\u011fi\u015ftirmemiz gerekti\u011fini d\u00fc\u015f\u00fcnd\u00fcm.<\/p>\n<p>Abartmadan s\u00f6yl\u00fcyorum, \u00e7ift\u00e7ilik \u015feklimizi de\u011fi\u015ftirmedi\u011fimiz takdirde hastal\u0131k yaratan su\u00e7lular haline gelebilece\u011fimizi d\u00fc\u015f\u00fcn\u00fcyorum. \u00c7ift\u00e7ilerin tar\u0131m denilen &quot;\u00fcretim&quot;e bu bilin\u00e7le yakla\u015fmalar\u0131 gerekti\u011fini bir kez daha anlad\u0131m.<\/p>\n<h4>Ya\u015fam\u0131 s\u00fcrd\u00fcren yiyecek<\/h4>\n<p>\u00c7ift\u00e7ilerin &quot;hayat\u0131 s\u00fcrd\u00fcrmek i\u00e7in en \u00f6nemli \u015feyin g\u0131da oldu\u011fu&quot; fikrini ciddiye almalar\u0131 ve zihniyetlerini bir kez daha de\u011fi\u015ftirmeleri i\u00e7in \u015fimdi b\u00fcy\u00fck bir f\u0131rsat oldu\u011funa inan\u0131yorum. Japonya&#039;da tar\u0131m\u0131 de\u011fi\u015ftirmek i\u00e7in k\u0131rsal kesimdeki \u00e7ift\u00e7ilerin sesini y\u00fckseltmesinin zaman\u0131 geldi\u011fine inan\u0131yorum. Organik \u00e7ift\u00e7i Mamoru Segawa, &quot;Deste\u011finizin devam\u0131n\u0131 bekliyoruz&quot; dedi.<br \/>\n\ufffc<\/p>\n<figure class=\"wp-caption aligncenter\"><a href=\"https:\/\/photos.google.com\/share\/AF1QipMbTD3bknYfxG30wntrgaoLYZpMqZYv6hbGv0HhC6hSRdEnRzYk0YNB5UibQ2oQ_A\/photo\/AF1QipP2GYrW0fHfHYQwTjBkgCCag6QU1WJ5MbaMuYs?key=dUhLWEFzSDktX3g5dHpGMGNrTGtqc3pWeDVNUUpn\" target=\"_blank\" rel=\"noopener noreferrer\"><img decoding=\"async\" class=\"size-medium\" src=\"https:\/\/lh3.googleusercontent.com\/pw\/ACtC-3f6lRuKzHYJo-h8MJFZvJNunIJgdiBcX9wVbuSA-X226GJNlRcRiw2jyvyyV2i_YZ3aEay1UPqL2Rw8mm5y-A_8r-CqHAewfSZBySdUpXFIj_HuFjU34HNzVus6qeZycmi_8zNqvWWrDHvPhRtIKBMo=w2000-h1332-no?authuser=0\" alt=\"&quot;Hayat\u0131 s\u00fcrd\u00fcren besin&quot;!\" width=\"1998\" height=\"1332\" \/><\/a><figcaption class=\"wp-caption-text\">&quot;Hayat\u0131 s\u00fcrd\u00fcren besin&quot;!<\/figcaption><\/figure>\n<h3>g\u00f6r\u00fc\u015f al\u0131\u015fveri\u015fi<\/h3>\n<p>Kat\u0131l\u0131mc\u0131lar aras\u0131nda Yamada Bey ve M\u00fcd\u00fcr Haramura ba\u015fkanl\u0131\u011f\u0131nda g\u00f6r\u00fc\u015f al\u0131\u015fveri\u015finde bulunuldu.<br \/>\n\ufffc<\/p>\n<figure class=\"wp-caption aligncenter\"><a href=\"https:\/\/photos.google.com\/share\/AF1QipMbTD3bknYfxG30wntrgaoLYZpMqZYv6hbGv0HhC6hSRdEnRzYk0YNB5UibQ2oQ_A\/photo\/AF1QipMk2rDeBBHD6cShHaOfVsxd8K80naDDoDz5E_E?key=dUhLWEFzSDktX3g5dHpGMGNrTGtqc3pWeDVNUUpn\" target=\"_blank\" rel=\"noopener noreferrer\"><img decoding=\"async\" class=\"size-medium\" src=\"https:\/\/lh3.googleusercontent.com\/pw\/ACtC-3cKz2sdWU1VBU1MpJ0uLO5Czq5kW-FQcp1JdpCvVW-zQsspLCiPxzA9aOH3zNWbS60LMPyioH2caORGQvOM7MjeUYlXbs2w2x5Sk-Np_gD8IrU4xv9FDfiLLBIJiwYtbJR8ZXfC1TkyxU8uZjcze0i0=w2000-h1332-no?authuser=0\" alt=\"Ba\u015fkan Takada&#039;n\u0131n konu\u015fmas\u0131\" width=\"1998\" height=\"1332\" \/><\/a><figcaption class=\"wp-caption-text\">Ba\u015fkan Takada&#039;n\u0131n konu\u015fmas\u0131<\/figcaption><\/figure>\n<p>\ufffc<\/p>\n<figure class=\"wp-caption aligncenter\"><a href=\"https:\/\/photos.google.com\/share\/AF1QipMbTD3bknYfxG30wntrgaoLYZpMqZYv6hbGv0HhC6hSRdEnRzYk0YNB5UibQ2oQ_A\/photo\/AF1QipMDThQLpcabw0_BuANOFi9M1wd-JXT9isZwQMw?key=dUhLWEFzSDktX3g5dHpGMGNrTGtqc3pWeDVNUUpn\" target=\"_blank\" rel=\"noopener noreferrer\"><img decoding=\"async\" class=\"size-medium\" src=\"https:\/\/lh3.googleusercontent.com\/pw\/ACtC-3cv9RI7mCwHbNZpHLz1Ugiu4Y-5Ct8yqAsEafgbl9NoxBffFgphNzGKrbnLQt9HrqKfYuspguRKa1IF9-wokaAPbsh4Hr3Xgn6k31iVy149atuo9uIxmb8-Ak2Lrz473BGgDcAcNw0GJ_8T-vS5wUR4=w2000-h1332-no?authuser=0\" alt=\"Kazuo Kimura&#039;n\u0131n bir hikayesi\" width=\"1998\" height=\"1332\" \/><\/a><figcaption class=\"wp-caption-text\">Kazuo Kimura&#039;n\u0131n bir hikayesi<\/figcaption><\/figure>\n<h2>A\u011f Olu\u015fturma Etkinli\u011fi<\/h2>\n<p>Sosyal bulu\u015fma ba\u015fka bir mekanda ger\u00e7ekle\u015ftirildi. Konuklar, Sunflower Park Kitaryu Onsen&#039;in birbirinden lezzetli yemeklerinin sunuldu\u011fu uyumlu bir atmosferde \u00e7e\u015fitli i\u00e7eceklerin tad\u0131n\u0131 \u00e7\u0131kar\u0131rken, ba\u011flar\u0131n\u0131 da derinle\u015ftirdiler.<br \/>\n\ufffc<\/p>\n<figure class=\"wp-caption aligncenter\"><a href=\"https:\/\/photos.google.com\/share\/AF1QipMbTD3bknYfxG30wntrgaoLYZpMqZYv6hbGv0HhC6hSRdEnRzYk0YNB5UibQ2oQ_A\/photo\/AF1QipPflYdE_lER26aQ8VP--z8QS0LjeR3pnilA9hQ?key=dUhLWEFzSDktX3g5dHpGMGNrTGtqc3pWeDVNUUpn\" target=\"_blank\" rel=\"noopener noreferrer\"><img decoding=\"async\" class=\"size-medium\" src=\"https:\/\/lh3.googleusercontent.com\/pw\/ACtC-3fCajQFg1OqgPwuZUww1ceKTJi_KkT8f3zb5rNx_MsN9WFdVugUQtjGpFWQr-lz-RTj6xXC5ldH3bybYJgTHxElUuZmKG0KiaH8pKUhJkmVxJpP1F1iDBJl0vy0lMeN6ALkci4CkPmsCJXyAokmlicN=w2000-h1332-no?authuser=0\" alt=\"\u015ferefe! ! !\" width=\"1998\" height=\"1332\" \/><\/a><figcaption class=\"wp-caption-text\">\u015ferefe! ! !<\/figcaption><\/figure>\n<figure class=\"wp-caption aligncenter\"><a href=\"https:\/\/photos.google.com\/share\/AF1QipMbTD3bknYfxG30wntrgaoLYZpMqZYv6hbGv0HhC6hSRdEnRzYk0YNB5UibQ2oQ_A\/photo\/AF1QipPs0QLUEYB_1xv9h9o0oEKZDTRy0_bliLjq4_M?key=dUhLWEFzSDktX3g5dHpGMGNrTGtqc3pWeDVNUUpn\" target=\"_blank\" rel=\"noopener noreferrer\"><img decoding=\"async\" class=\"size-medium\" src=\"https:\/\/lh3.googleusercontent.com\/pw\/ACtC-3fdyqlJDzYbL7gr5TR-eYYsUitNK1OfXPEb6dqiiay5DSj7TxCmmD3DNh4rEQxBFuyTa5qmbRu8IwkcA2o5H_WYbzjFK37nNgGDD77W7oXTzpJ3NvKdBwopTM2qXd7EvE8Y2-DIy14I1um6dq3PvvWQ=w2000-h1332-no?authuser=0\" alt=\"Misafirperverlik ruhu!\" width=\"1998\" height=\"1332\" \/><\/a><figcaption class=\"wp-caption-text\">Misafirperverlik ruhu!<\/figcaption><\/figure>\n<figure class=\"wp-caption aligncenter\"><a href=\"https:\/\/photos.google.com\/share\/AF1QipMbTD3bknYfxG30wntrgaoLYZpMqZYv6hbGv0HhC6hSRdEnRzYk0YNB5UibQ2oQ_A\/photo\/AF1QipP7GB4NaSg8b7kslptUDV1eocT1W1y2W3IHdaU?key=dUhLWEFzSDktX3g5dHpGMGNrTGtqc3pWeDVNUUpn\" target=\"_blank\" rel=\"noopener noreferrer\"><img decoding=\"async\" class=\"size-medium\" src=\"https:\/\/lh3.googleusercontent.com\/pw\/ACtC-3e_QsG1wF4D-hFV-GBXFyp7g1LSYYC8ZMUfld9l-pMr8sfNYEKTqYv8JNG2cWTe6YbCJrlcZBZSFVuC7GPadIDv3hsPZERLw_UIzctZ-vLv1Pk4cY0WNhvSLDSX8Iwf-8V9JO1U_BB6nQJrt5D5RelD=w1402-h935-no?authuser=0\" alt=\"Bu harika f\u0131rsat i\u00e7in te\u015fekk\u00fcr ederim! ! !\" width=\"1998\" height=\"1332\" \/><\/a><figcaption class=\"wp-caption-text\">Bu harika f\u0131rsat i\u00e7in te\u015fekk\u00fcr ederim! ! !<\/figcaption><\/figure>\n<h2>Ertesi g\u00fcn, Kurosengoku soya fasulyesi tarlas\u0131nda raporu \u00e7ekmek \u00fczere \u00e7ekim alan\u0131na gittik.<\/h2>\n<p>Ertesi sabah, Yamada ile Kurosengoku soya tarlalar\u0131nda Kurosengoku Ticaret Kooperatifi Derne\u011fi \u00fcyeleri aras\u0131nda ge\u00e7en konu\u015fman\u0131n videosu kaydedildi.<\/p>\n<p>Bay Yamada yap\u0131mc\u0131lar\u0131n d\u00fcr\u00fcst s\u00f6zlerini dikkatle dinledi ve ciddiye ald\u0131.<br \/>\n\ufffc<\/p>\n<figure class=\"wp-caption alignnone\"><a href=\"https:\/\/photos.google.com\/share\/AF1QipMbTD3bknYfxG30wntrgaoLYZpMqZYv6hbGv0HhC6hSRdEnRzYk0YNB5UibQ2oQ_A\/photo\/AF1QipPGFVcYigVhct_efiI9xmGrs_5f6mMZg_QK_AU?key=dUhLWEFzSDktX3g5dHpGMGNrTGtqc3pWeDVNUUpn\" target=\"_blank\" rel=\"noopener noreferrer\"><img decoding=\"async\" class=\"size-medium\" src=\"https:\/\/lh3.googleusercontent.com\/pw\/ACtC-3edu8N-yrUPjsh7mPTV5elfqnNObhtrNr1VKymD7AtEFVkApwVbreNdtTmNQRsMD20q12b9_MOLogNKqEkuEgb0muHvP7bKZstoMtmsTmZBN03ZkhbNQkptKlJo7P7HaORY51gZRM0gAjM6QyzSbii1=w1920-h1080-no?authuser=0\" alt=\"Kurosengoku soya tarlas\u0131nda!\" width=\"1920\" height=\"1080\" \/><\/a><figcaption class=\"wp-caption-text\">Kurosengoku soya tarlas\u0131nda!<\/figcaption><\/figure>\n<figure class=\"wp-caption aligncenter\"><a href=\"https:\/\/photos.google.com\/share\/AF1QipMbTD3bknYfxG30wntrgaoLYZpMqZYv6hbGv0HhC6hSRdEnRzYk0YNB5UibQ2oQ_A\/photo\/AF1QipOj0wPKDE9og8977GpoSPoJXlpz2Qxqfv6zLEE?key=dUhLWEFzSDktX3g5dHpGMGNrTGtqc3pWeDVNUUpn\" target=\"_blank\" rel=\"noopener noreferrer\"><img decoding=\"async\" class=\"size-medium\" src=\"https:\/\/lh3.googleusercontent.com\/pw\/ACtC-3fVVueTLbzbSBPtWDcIKeLsj5DH3kg_m1_VXGW75pVLzZmgRpbQW60xAa-Mgvf2QfMe7JMH2-qh1K7-Ud5hJ2bHx5UJ-mradeRCamuwR1Ddj5WaHbSJ-1Ee97_k4kh2lZYykM5E8Xm-iigmplI9aszJ=w1920-h1080-no?authuser=0\" alt=\"\u00dcreticilerin g\u00f6nl\u00fcne yak\u0131n olmak. . .\" width=\"1920\" height=\"1080\" \/><\/a><figcaption class=\"wp-caption-text\">\u00dcreticilerin g\u00f6nl\u00fcne yak\u0131n olmak. . .<\/figcaption><\/figure>\n<p>Tohum ve Fidan Yasas\u0131&#039;nda ve bilinmeyen d\u00fcnyada gizlenen \u00e7e\u015fitli sorunlar\u0131n fark\u0131na vard\u0131k\u00e7a Japon tar\u0131m\u0131 de\u011fi\u015fiyor. . .<\/p>\n<p>S\u00fcrekli de\u011fi\u015fen tar\u0131m d\u00fcnyas\u0131na \u0131\u015f\u0131k tutmak i\u00e7in dikkatli ve \u00f6zenli ad\u0131mlar atma konusundaki kararl\u0131l\u0131\u011f\u0131n\u0131zdan etkilendim ve kurdu\u011fumuz harika ili\u015fki i\u00e7in ger\u00e7ekten minnettar\u0131m. \u00e7ok te\u015fekk\u00fcr ederim! ! !<\/p>\n<p>Ya\u015fam bar\u0131nd\u0131ran tohumlar\u0131 koruyan ve ya\u015fam\u0131 s\u00fcrd\u00fcren g\u0131dalar\u0131 yeti\u015ftiren \u00e7ift\u00e7ilerin y\u00fcce ruhlar\u0131na s\u0131n\u0131rs\u0131z sevgi, \u015f\u00fckran ve dualar\u0131m\u0131zla. . .<\/p>\n<figure class=\"wp-caption aligncenter\"><a href=\"https:\/\/photos.google.com\/share\/AF1QipMbTD3bknYfxG30wntrgaoLYZpMqZYv6hbGv0HhC6hSRdEnRzYk0YNB5UibQ2oQ_A\/photo\/AF1QipMJPlwkAoF0x8a07d3tTf_zHTmTByeaIQy21ZQ?key=dUhLWEFzSDktX3g5dHpGMGNrTGtqc3pWeDVNUUpn\" target=\"_blank\" rel=\"noopener noreferrer\"><img decoding=\"async\" class=\"size-medium\" src=\"https:\/\/lh3.googleusercontent.com\/pw\/ACtC-3dmX3pFE62uujB1PrsoKVPB365YDOaH7fVaew2mefTYvoDEz2oHjb38lQmIHEMI7cpToaBV-JSkU7egZQ7IaSBYPTZW4PIe7yRZffvvOVxinmPe-9zhZ3TibDmPXB1vr04MwFG1f_RGhc5HCSxE3Bxv=w2000-h1332-no?authuser=0\" alt=\"Ya\u015fam\u0131 besleyen topra\u011fa y\u00fcrekten \u015f\u00fckranla. . .\" width=\"1998\" height=\"1332\" \/><\/a><figcaption class=\"wp-caption-text\">Ya\u015fam\u0131 besleyen topra\u011fa y\u00fcrekten \u015f\u00fckranla. . .<\/figcaption><\/figure>\n\u3000<\/p>\n<h2>Ek: &quot;Tohum Kimin?&quot;in resmi web sitesi art\u0131k a\u00e7\u0131k! Ba\u011f\u0131ms\u0131z g\u00f6sterimler i\u00e7in ba\u015fvurular\u0131 kabul etmeye ba\u015flad\u0131k (Shindo Fuji Corporation)<\/h2>\n<p><center><iframe width=\"560\" height=\"315\" src=\"https:\/\/www.youtube.com\/embed\/7Fbpgdg6EB0\" frameborder=\"0\" allow=\"accelerometer; autoplay; clipboard-write; encrypted-media; gyroscope; picture-in-picture\" allowfullscreen><\/iframe><\/center><\/p>\n<p><strong><span style=\"color: #ff9900;\">\u25b6<\/span><a href=\"https:\/\/kiroku-bito.com\/tanedare\/\" target=\"_blank\" rel=\"noopener noreferrer\"><span style=\"font-size: 18px;\"> Daha fazla bilgi i\u00e7in l\u00fctfen General Incorporated Association Shindo Fuji&#039;nin (Temsilci: Masahiko Yamada) web sitesini ziyaret edin &gt;&gt;<\/span><\/a><\/strong><\/p>\n<figure class=\"wp-caption aligncenter\"><a href=\"https:\/\/kiroku-bito.com\/tanedare\/\" target=\"_blank\" rel=\"noopener noreferrer\"><img decoding=\"async\" class=\"size-full wp-image-5194 aligncenter\" style=\"border: solid 1px blue;\" src=\"https:\/\/portal.hokuryu.info\/wp\/wp-content\/uploads\/2020\/06\/tanedare_chirashi_omote_1004_v2.jpg\" alt=\"&quot;Bu Tohum Kimin?&quot; Resmi Web Sitesi\" width=\"400\" \/><figcaption class=\"wp-caption-text\">&quot;Bu Tohum Kimin?&quot; Resmi Web Sitesi<\/a><\/figcaption><\/figure>\n\u3000\u3000<\/p>\n<h2>Di\u011fer foto\u011fraflar<\/h2>\n<p>\u30fb<a href=\"https:\/\/photos.google.com\/share\/AF1QipMbTD3bknYfxG30wntrgaoLYZpMqZYv6hbGv0HhC6hSRdEnRzYk0YNB5UibQ2oQ_A?key=dUhLWEFzSDktX3g5dHpGMGNrTGtqc3pWeDVNUUpn\" target=\"_blank\" rel=\"noopener noreferrer\">Eski Tar\u0131m, Ormanc\u0131l\u0131k ve Bal\u0131k\u00e7\u0131l\u0131k Bakan\u0131 Masahiko Yamada ve film y\u00f6netmeni Masaki Haramura&#039;n\u0131n Hokuryu Kasabas\u0131 ziyareti (122 foto\u011fraf) burada bulunabilir &gt;&gt;<\/a><br \/>\n\u3000<\/p>\n<h2>\u0130lgili Makaleler\/Siteler<\/h2>\n\n        <div class=\"site-blogcard-premium\">\n            <div class=\"bc-label-custom\">\u0130lgili makaleler<\/div>\n            <div class=\"bc-flex-container\">\n                <div class=\"bc-main-text\">\n                    <div class=\"bc-title-link-box\">\n                        <a href=\"https:\/\/portal.hokuryu.info\/tr\/4836\/\" target=\"_blank\">https:\/\/portal.hokuryu.info\/4836<\/a>\n                    <\/div>\n                    <div class=\"bc-excerpt-box\">Sayfa bilgileri al\u0131namad\u0131.<\/div>\n                <\/div>\n                <div class=\"bc-thumbnail-box\">\n                    <a href=\"https:\/\/portal.hokuryu.info\/tr\/4836\/\" target=\"_blank\">\n                        <div class=\"bc-img-zoom-wrap\">\n                            <img decoding=\"async\" src=\"https:\/\/portal.hokuryu.info\/wp\/wp-content\/uploads\/2026\/02\/20230802DSC06445_1.jpg\" alt=\"https:\/\/portal.hokuryu.info\/4836\">\n                        <\/div>\n                    <\/a>\n                <\/div>\n            <\/div>\n        <\/div>\n\n        <div class=\"site-blogcard-premium\">\n            <div class=\"bc-label-custom\">\u0130lgili makaleler<\/div>\n            <div class=\"bc-flex-container\">\n                <div class=\"bc-main-text\">\n                    <div class=\"bc-title-link-box\">\n                        <a href=\"https:\/\/portal.hokuryu.info\/tr\/4841\/\" target=\"_blank\">https:\/\/portal.hokuryu.info\/4841<\/a>\n                    <\/div>\n                    <div class=\"bc-excerpt-box\">Sayfa bilgileri al\u0131namad\u0131.<\/div>\n                <\/div>\n                <div class=\"bc-thumbnail-box\">\n                    <a href=\"https:\/\/portal.hokuryu.info\/tr\/4841\/\" target=\"_blank\">\n                        <div class=\"bc-img-zoom-wrap\">\n                            <img decoding=\"async\" src=\"https:\/\/portal.hokuryu.info\/wp\/wp-content\/uploads\/2026\/02\/20230802DSC06445_1.jpg\" alt=\"https:\/\/portal.hokuryu.info\/4841\">\n                        <\/div>\n                    <\/a>\n                <\/div>\n            <\/div>\n        <\/div>\n<h3>Bay Masahiko Yamada<\/h3>\n<p>Masahiko Yamada: Tohum ve Fidan Yasas\u0131 revizyonunun \u00fclkenin 100 y\u0131ll\u0131k planlar\u0131n\u0131 mahvetmesine izin vermeyin<\/p>\n<p><center><iframe src=\"https:\/\/www.youtube.com\/embed\/wouYXFQDrWw\" width=\"560\" height=\"315\" frameborder=\"0\" allowfullscreen=\"allowfullscreen\"><\/iframe><\/center><\/p>\n<h3>Y\u00f6netmen Masaki Haramura<\/h3>\n<p>\u30fb&quot;\u00c7ift\u00e7i Olmak \u0130stiyorum&quot; filminin sinema fragman\u0131<\/p>\n<p><center><iframe src=\"https:\/\/www.youtube.com\/embed\/P4PAa11WfiY\" width=\"560\" height=\"315\" frameborder=\"0\" allowfullscreen=\"allowfullscreen\"><\/iframe><\/center><\/p>\n<figure class=\"wp-caption aligncenter\"><a href=\"https:\/\/www.kiroku-bito.com\/ohyakusho-san\/?fbclid=IwAR1nf50IgRx-AifOzxEMFEFjFOj2aw3z1GxMdTexb94otV8MgBXmQZga_e8#top\" target=\"_blank\" rel=\"noopener noreferrer\"><img decoding=\"async\" class=\"size-medium\" style=\"border: solid 1px blue;\" src=\"https:\/\/lh3.googleusercontent.com\/pw\/ACtC-3fFCmBa--3IEt2qbZRD5CCaHoNbfBWFKBBWxkwZKvH1sj-AevBRg7gBBUomDIstk04S8qO5qhUP68cWVMs-uxoDy3cmqX0rF_XZqAO7UFufZlf9LIfYr4NK4ax0qI7TFSBWXtUCS3n01eh5FnLvNU0u=w1402-h741-no?authuser=0\" alt=\"&quot;\u00c7ift\u00e7i Olmak \u0130stiyorum&quot; filminin web sitesi\" width=\"1402\" height=\"741\" \/><\/a><figcaption class=\"wp-caption-text\">&quot;\u00c7ift\u00e7i Olmak \u0130stiyorum&quot; filminin web sitesi<\/figcaption><\/figure>\n<p>&nbsp;<\/p>\n<h3>Bay Mamoru Segawa<\/h3>\n<p>\u30fbGelecek i\u00e7in &quot;Tohumlar sizindir&quot; Mamoru Segawa ve Ryoji Kikura, Hokkaido Organik Tar\u0131m Ara\u015ft\u0131rma Derne\u011fi<\/p>\n<p><center><iframe src=\"https:\/\/www.youtube.com\/embed\/v0xB1ZO8iGM\" width=\"560\" height=\"315\" frameborder=\"0\" allowfullscreen=\"allowfullscreen\"><\/iframe><\/center><\/p>\n<h3>Bay Ryoji Kikura<\/h3>\n<p>Gelecek i\u00e7in: Hokkaido&#039;da organik tar\u0131m\u0131n \u00f6nc\u00fcs\u00fc Ryoji Okura<\/p>\n<p><center><iframe src=\"https:\/\/www.youtube.com\/embed\/G6AUo4fHCPQ\" width=\"560\" height=\"315\" frameborder=\"0\" allowfullscreen=\"allowfullscreen\"><\/iframe><\/center><\/p>\n<p>\u25c7 \u00c7ekim ve kurgu: Noboru Terauchi R\u00f6portaj ve metin: Ikuko Terauchi<\/p>","protected":false},"excerpt":{"rendered":"<p>\uff12\uff10\uff12\uff10\u5e74\uff16\u6708\uff12\uff15\u65e5\uff08\u6728\uff09 \uff16\u6708\uff12\uff11\u65e5\uff08\u65e5\uff09\u30fb\uff12\uff12\u65e5\uff08\u6708\uff09\u306e\uff12\u65e5\u9593\u306b\u4e98\u308a\u3001\u5317\u7adc\u753a\u306b\u3066\u3001\u5c71\u7530\u6b63\u5f66 \u6c0f(\u5143\u8fb2\u6797\u6c34\u7523\u5927\u81e3\u30fb\u5f01\u8b77\u58eb\u30fb\u65e5\u672c\u306e\u7a2e\u5b50\uff08\u305f\u306d\uff09\u3092\u5b88\u308b\u4f1a\u9867\u554f\uff09\u3001\u539f\u6751\u653f\u6a39 \u6620\u753b\u76e3\u7763\u306b\u3088\u308b\u3001\u30c9\u30ad\u30e5\u30e1\u30f3\u30bf\u30ea\u30fc [&hellip;]<\/p>\n","protected":false},"author":1,"featured_media":3311,"comment_status":"open","ping_status":"open","sticky":false,"template":"","format":"standard","meta":{"footnotes":""},"categories":[4],"tags":[],"class_list":["post-3277","post","type-post","status-publish","format-standard","has-post-thumbnail","hentry","category-cover-story"],"_links":{"self":[{"href":"https:\/\/portal.hokuryu.info\/tr\/wp-json\/wp\/v2\/posts\/3277","targetHints":{"allow":["GET"]}}],"collection":[{"href":"https:\/\/portal.hokuryu.info\/tr\/wp-json\/wp\/v2\/posts"}],"about":[{"href":"https:\/\/portal.hokuryu.info\/tr\/wp-json\/wp\/v2\/types\/post"}],"author":[{"embeddable":true,"href":"https:\/\/portal.hokuryu.info\/tr\/wp-json\/wp\/v2\/users\/1"}],"replies":[{"embeddable":true,"href":"https:\/\/portal.hokuryu.info\/tr\/wp-json\/wp\/v2\/comments?post=3277"}],"version-history":[{"count":0,"href":"https:\/\/portal.hokuryu.info\/tr\/wp-json\/wp\/v2\/posts\/3277\/revisions"}],"wp:featuredmedia":[{"embeddable":true,"href":"https:\/\/portal.hokuryu.info\/tr\/wp-json\/wp\/v2\/media\/3311"}],"wp:attachment":[{"href":"https:\/\/portal.hokuryu.info\/tr\/wp-json\/wp\/v2\/media?parent=3277"}],"wp:term":[{"taxonomy":"category","embeddable":true,"href":"https:\/\/portal.hokuryu.info\/tr\/wp-json\/wp\/v2\/categories?post=3277"},{"taxonomy":"post_tag","embeddable":true,"href":"https:\/\/portal.hokuryu.info\/tr\/wp-json\/wp\/v2\/tags?post=3277"}],"curies":[{"name":"wp","href":"https:\/\/api.w.org\/{rel}","templated":true}]}}