{"id":31020,"date":"2023-03-28T06:39:55","date_gmt":"2023-03-27T21:39:55","guid":{"rendered":"https:\/\/portal.hokuryu.info\/?p=31020"},"modified":"2024-12-30T14:45:29","modified_gmt":"2024-12-30T05:45:29","slug":"hokuryu-kasabasi-fahri-vatandasi-secilen-ryoji-kikura-icin-kutlama-yapildi","status":"publish","type":"post","link":"https:\/\/portal.hokuryu.info\/tr\/31020\/","title":{"rendered":"Hokuryu Kasabas\u0131&#039;n\u0131n fahri vatanda\u015f\u0131 olan Ryoji Kikura i\u00e7in kutlama yap\u0131ld\u0131. 31 y\u0131l i\u00e7inde bu onura lay\u0131k g\u00f6r\u00fclen be\u015finci ki\u015fi oldu."},"content":{"rendered":"<p>Sal\u0131, 28 Mart 2023<\/p>\n<p>Bay Ryoji Kikura i\u00e7in fahri vatanda\u015f kutlamas\u0131, 25 Mart 2023 Cumartesi g\u00fcn\u00fc saat 16:00&#039;da Sunflower Park Kitaryu Onsen&#039;de d\u00fczenlendi. Etkinli\u011fe toplam 116 kasabal\u0131 kat\u0131ld\u0131, g\u00f6rkemli bir \u015fekilde kutlama yap\u0131ld\u0131 ve Bay Huangkura onurland\u0131r\u0131ld\u0131.<\/p>\n<p>Ryoji Kikura, Hokuryu Kasabas\u0131&#039;n\u0131n be\u015finci fahri vatanda\u015f\u0131 ve 31 y\u0131l sonra ilk fahri vatanda\u015f\u0131 olacak. \u015eu ana kadar d\u00f6rt ki\u015fi Hokuryu Kasabas\u0131&#039;n\u0131n fahri vatanda\u015f\u0131 se\u00e7ildi: Miohachi Goto Bey, Asao Murakami Bey, Sakuzo Matsuura Bey ve Shoichi Mori Bey.<\/p>\n<h2>Tebrikler! Ryoji Kikura&#039;n\u0131n Hokuryu Kasabas\u0131n\u0131n fahri vatanda\u015f\u0131 olarak kutlanmas\u0131<\/h2>\n<h3>Kurucu<span style=\"font-size:11pt\">(Ba\u015fl\u0131klar atlanm\u0131\u015ft\u0131r)<\/span><\/h3>\n<ul>\n<li>Hokuryu Kasabas\u0131 Belediye Ba\u015fkan\u0131, Yutaka Sano<\/li>\n<li>Hokuryu Kasaba Konseyi Ba\u015fkan\u0131 Yasuhiro Sasaki<\/li>\n<li>Kitasorachi Tar\u0131m Kooperatifi Birli\u011fi Kitakiyohirokuni<br \/>\nHokuryu B\u00f6lge Temsilcisi M\u00fcd\u00fcr\u00fc<\/li>\n<li>Hokuryu Kasaba Ticaret Odas\u0131 Ba\u015fkan\u0131 Masahito Fujii<\/li>\n<li>Shigeki Mizutani, Hokuryu Kasabas\u0131 Tar\u0131m Komitesi Ba\u015fkan\u0131<\/li>\n<li>Hokuryu Toprak Geli\u015ftirme B\u00f6lgesi Ba\u015fkan\u0131 Junichi Fukase<\/li>\n<\/ul>\n<figure class=\"wp-caption aligncenter\"><a href=\"https:\/\/photos.google.com\/share\/AF1QipO0QTyQbBI3JTbooy4oforY6aDgqkBobBYCCS4sAoLgO9K3ehXzLzR0Fi0UWksJeA\/photo\/AF1QipN2EMn6OhT7W7bm0KWBIFxNLieRgieQ-hJuuRk?key=emNwZjFGMDBfd3pFdVctbEFGM012QlNXbUt5Z29B\" target=\"_blank\" rel=\"noopener\"><img decoding=\"async\" class=\"size-full\" src=\"https:\/\/lh3.googleusercontent.com\/pw\/AMWts8Crj8PI8pkEPYWCXGRWEMA-d4lkPwvhcwDoPz197454Uhz5F7tJFQGoQxWwnA93zpVjzWLGE-ysOOHj3s-ZM-F7kSepQGTWeGhhWOOf5_NWcDZQZwf1rFw_1DH1EWWgR2W1MxhVdGqJyl8ba9yfMqth=w2000-h1500-s-no?authuser=0\" alt=\"Tebrikler! Ryoji Kikura&#039;n\u0131n Hokuryu Kasabas\u0131n\u0131n fahri vatanda\u015f\u0131 olarak kutlanmas\u0131\" width=\"2000\" height=\"1500\" \/><\/a><figcaption class=\"wp-caption-text\">Tebrikler! Ryoji Kikura&#039;n\u0131n Hokuryu Kasabas\u0131n\u0131n fahri vatanda\u015f\u0131 olarak kutlanmas\u0131<\/figcaption><\/figure>\n<figure class=\"wp-caption aligncenter\"><a href=\"https:\/\/photos.google.com\/share\/AF1QipO0QTyQbBI3JTbooy4oforY6aDgqkBobBYCCS4sAoLgO9K3ehXzLzR0Fi0UWksJeA\/photo\/AF1QipM3dB8X7SCTT8soGcFBpDEQOrGccBD_Ngi0PHg?key=emNwZjFGMDBfd3pFdVctbEFGM012QlNXbUt5Z29B\" target=\"_blank\" rel=\"noopener\"><img decoding=\"async\" class=\"size-full\" src=\"https:\/\/lh3.googleusercontent.com\/pw\/AMWts8Cj5MJYO_zObkVLrLP_W2K1xI69vYHe0BAs7AyUAorEpQHcmQdP3Pqp6d-tfjXzcCTy8V0_UN74NTqsAfhZ7j3ZkCTzs99u-ZhKEnszFUcCNztw0lY6QhJjMFiJbnvQRPzXsSkfZrjFfqobf7qBUdq0=w2000-h1500-s-no?authuser=0\" alt=\"Fahri Vatanda\u015fl\u0131k Belgesi\" width=\"2000\" height=\"1500\" \/><\/a><figcaption class=\"wp-caption-text\">Fahri Vatanda\u015fl\u0131k Belgesi<\/figcaption><\/figure>\n<figure class=\"wp-caption aligncenter\"><a href=\"https:\/\/photos.google.com\/share\/AF1QipO0QTyQbBI3JTbooy4oforY6aDgqkBobBYCCS4sAoLgO9K3ehXzLzR0Fi0UWksJeA\/photo\/AF1QipPc_e5AcMVKIR9udoDLxBvdKHPHKoWeqw_jnlw?key=emNwZjFGMDBfd3pFdVctbEFGM012QlNXbUt5Z29B\" target=\"_blank\" rel=\"noopener\"><img decoding=\"async\" class=\"size-full\" src=\"https:\/\/lh3.googleusercontent.com\/pw\/AMWts8AgoFuggmjJTIGkih39dUj1KMsOU4WhSpza_GJjBmAUJPCGmAew5HwMtVTKYZe9BntKDzHrJ0CsqixdmO6hRZ7P3utZ5KJwLMyQsDw_W2XCEEN2fJjj8DDVwncY0FEmS8emL5H8y663cYZlsxBZZtxH=w2000-h1333-s-no?authuser=0\" alt=\"Mekan 10 masada 116 ki\u015fiyle doldu.\" width=\"2000\" height=\"1333\" \/><\/a><figcaption class=\"wp-caption-text\">Mekan 10 masada 116 ki\u015fiyle doldu.<\/figcaption><\/figure>\n<p>Etkinli\u011fin genel sunucusu ve moderat\u00f6r\u00fc Hokuryu Belediye Binas\u0131 Genel \u0130\u015fler B\u00f6l\u00fcm \u015eefi Hajime Minami olacak.<\/p>\n<h2>Hokuryu Kasabas\u0131 Belediye Ba\u015fkan\u0131 Yutaka Sano&#039;dan selamlar<\/h2>\n<figure class=\"wp-caption aligncenter\"><a href=\"https:\/\/photos.google.com\/share\/AF1QipO0QTyQbBI3JTbooy4oforY6aDgqkBobBYCCS4sAoLgO9K3ehXzLzR0Fi0UWksJeA\/photo\/AF1QipMXHNY_PE-yZU9jE9kyivVzoHPuZvoeu7-6UQo?key=emNwZjFGMDBfd3pFdVctbEFGM012QlNXbUt5Z29B\" target=\"_blank\" rel=\"noopener\"><img decoding=\"async\" class=\"size-full\" src=\"https:\/\/lh3.googleusercontent.com\/pw\/AMWts8CM7aRu3IYeiOGE1z0pPYrnJHOtguszOA9v4p-JaRzmhVENpw7--n10o_UOxJNiZzmPsTfZCkd87Ua-ST1EIqlBYPY76cgX8fNRCzbefrm9J3o-_XdfJFMru0-MIE_VE5UM7ZHHEFBuIsr0fbe_fGbw=w2000-h1333-s-no?authuser=0\" alt=\"Belediye Ba\u015fkan\u0131 Yutaka Sano&#039;dan selamlar\" width=\"2000\" height=\"1333\" \/><\/a><figcaption class=\"wp-caption-text\">Belediye Ba\u015fkan\u0131 Yutaka Sano&#039;dan selamlar<\/figcaption><\/figure>\n<p>Mali y\u0131l sonunda yap\u0131lacak bahar \u00e7al\u0131\u015fmalar\u0131 nedeniyle k\u00f6t\u00fc hava ko\u015fullar\u0131 ve yo\u011fun programlara ra\u011fmen Ryoji Kikura kutlamalar\u0131na kat\u0131lmak i\u00e7in zaman ay\u0131ran t\u00fcm kat\u0131l\u0131mc\u0131lara te\u015fekk\u00fcr etmek istiyoruz.<\/p>\n<p>Etkinli\u011fin asl\u0131nda ge\u00e7en y\u0131l\u0131n kas\u0131m ay\u0131nda yap\u0131lmas\u0131 planlanm\u0131\u015ft\u0131 ancak COVID-19 salg\u0131n\u0131yla ilgili endi\u015feler nedeniyle ertelenmi\u015fti. \u00c7ok \u00fczg\u00fcn\u00fcz.<\/p>\n<p>Tar\u0131m kooperatifinin \u00f6nerisi ve her bir tar\u0131m \u00f6rg\u00fct\u00fcn\u00fcn ba\u015fkanlar\u0131n\u0131n nezaketiyle, 2022 y\u0131l\u0131ndaki kasaba meclisinin \u00fc\u00e7\u00fcnc\u00fc ola\u011fan oturumunda (Reiwa 4) Ryoji Kikura&#039;y\u0131 fahri kasaba sakini olarak atad\u0131k. Meclis \u00fcyelerinin kabinesinin anlay\u0131\u015f\u0131 ve anlay\u0131\u015f\u0131yla, bu oy birli\u011fiyle onayland\u0131.<\/p>\n<p>\u015eu ana kadar Hokuryu Kasabas\u0131&#039;n\u0131n fahri hem\u015fehrisi olan d\u00f6rt ki\u015fi oldu. Ekim 1971&#039;de Goto Sanohachi, Murakami Asao ve Matsuwara Sakuzo fahri vatanda\u015f yap\u0131ld\u0131 ve Haziran 1991&#039;de Mori Shoichi fahri vatanda\u015f yap\u0131ld\u0131 ve Bay Kikura bu onura lay\u0131k g\u00f6r\u00fclen be\u015finci ki\u015fi oldu.<\/p>\n<p>Ryoji Kikura liseden mezun olduktan sonra \u00e7ift\u00e7ilik yaparak aile i\u015finde \u00e7al\u0131\u015fmaya ba\u015flad\u0131. Ayn\u0131 zamanda yerel itfaiye te\u015fkilat\u0131nda ve gen\u00e7lik grubunda g\u00f6n\u00fcll\u00fc olarak \u00e7al\u0131\u015fmak ve atletizm yoluyla beden e\u011fitimini te\u015fvik etmek gibi \u00e7ok \u00e7e\u015fitli faaliyetlerde bulundu. Bu faaliyetleri sayesinde yerel toplumun g\u00fcvenini kazand\u0131 ve gen\u00e7 bir lider olarak 1971 y\u0131l\u0131nda, hen\u00fcz 30 ya\u015f\u0131ndayken Hokuryu Kasaba \u00d6d\u00fclleri T\u00fcz\u00fc\u011f\u00fc kapsam\u0131nda \u00f6d\u00fcl alan ilk ki\u015fi oldu.<\/p>\n<p>1973 y\u0131l\u0131nda Hokuryu Kasaba Tar\u0131m Kooperatifi&#039;nin m\u00fcd\u00fcr\u00fc oldu. Do\u011fal tar\u0131ma kendini adam\u0131\u015ft\u0131r; yani zararl\u0131 b\u00f6cek kontrol\u00fcnde hi\u00e7bir herbisit, kimyasal g\u00fcbre veya pestisit kullan\u0131lmamaktad\u0131r ve kasabada temiz tar\u0131m konusunda \u00f6nc\u00fc bir isim olarak, bunu yayg\u0131nla\u015ft\u0131rmak ve yerel tar\u0131m\u0131 geli\u015ftirmek i\u00e7in \u00e7al\u0131\u015fm\u0131\u015ft\u0131r. 1991 y\u0131l\u0131nda Hokuryu Kasaba Tar\u0131m Kooperatifi&#039;nin temsilci direkt\u00f6r\u00fc ve ba\u015fkan\u0131 olarak atanm\u0131\u015ft\u0131r.<\/p>\n<p>Bay Kikura&#039;n\u0131n tar\u0131msal \u00e7abalar\u0131 gen\u00e7 tar\u0131m i\u015f\u00e7ilerine ilham verdi ve 1988 y\u0131l\u0131nda, tar\u0131m kooperatifi gen\u00e7lik b\u00f6l\u00fcm\u00fcn\u00fcn \u00f6nerisiyle, &quot;Ulusun Ya\u015fam\u0131n\u0131 ve Sa\u011fl\u0131\u011f\u0131n\u0131 Korumak \u0130\u00e7in G\u00fcvenli G\u0131da \u00dcretimi Bildirgesi&quot; yay\u0131nland\u0131 ve 1990 y\u0131l\u0131nda, kasaba, iyile\u015ftirme b\u00f6lgesi ve tar\u0131m komitesi bildirgeler yay\u0131nlad\u0131.<\/p>\n<p>O tarihten bu yana, &quot;yemek hayatt\u0131r&quot; felsefesinden yola \u00e7\u0131karak, tar\u0131m ve tar\u0131m kooperatif\u00e7ili\u011fi hareketiyle hem bedeni hem de zihni zenginle\u015ftirmeyi hedefleyen tar\u0131m\u0131n ve k\u0131rsal alanlar\u0131n geli\u015ftirilmesi i\u00e7in \u00e7al\u0131\u015fmaktad\u0131r. Bu uygulamalar kooperatif \u00fcyelerine de sirayet etmi\u015f, temiz tar\u0131m \u00fcretimin temel ta\u015f\u0131 haline gelmi\u015ftir. Kooperatif, \u00fcretim alan\u0131n\u0131n de\u011ferlendirilmesini iyile\u015ftirmek i\u00e7in \u00e7al\u0131\u015fmalar y\u00fcr\u00fctm\u00fc\u015f, &quot;Kitary\u016b Kasabas\u0131nda Yeti\u015ftirilen Kirara 397 Pirinci&quot; alan\u0131n\u0131 \u00d6zel A alan\u0131 olarak belirlemi\u015f ve kooperatif, t\u00fcm Hokkaido ilinde birim ba\u015f\u0131na en y\u00fcksek toplama kapasitesine ve verime ula\u015fm\u0131\u015ft\u0131r.<\/p>\n<p>Kasaba ayr\u0131ca t\u00fcketici etkile\u015fiminde aktif olarak yer ald\u0131 ve Kitary\u016b Kasabas\u0131&#039;nda \u00fcretilen pirincin 0 men\u015fe b\u00f6lgesi belirlemesi de dahil olmak \u00fczere sat\u0131\u015f\u0131n\u0131 ger\u00e7ekle\u015ftirdi.<\/p>\n<p>Bu \u00e7abalar, g\u00fcn\u00fcm\u00fczdeki Hokuryu Ay\u00e7i\u00e7e\u011fi Pirincinin temellerini olu\u015fturdu ve \u015firket, 2017 y\u0131l\u0131nda 46. Japonya Tar\u0131m \u00d6d\u00fclleri&#039;nde Kolektif \u00d6rg\u00fctlenme Kategorisi&#039;nde B\u00fcy\u00fck \u00d6d\u00fcl&#039;e lay\u0131k g\u00f6r\u00fcld\u00fc. &quot;Hokuryu Ay\u00e7i\u00e7e\u011fi Pirinci&quot;, hem Hokkaido&#039;da hem de d\u0131\u015f\u0131nda b\u00fcy\u00fck be\u011feni toplayan, ayn\u0131 zamanda memleket vergi ba\u011f\u0131\u015flar\u0131 kar\u015f\u0131l\u0131\u011f\u0131nda hediye olarak da pop\u00fcler olan \u00f6zg\u00fcn bir pirin\u00e7 t\u00fcr\u00fcd\u00fcr.<\/p>\n<p>Bay Kikura, ba\u015fkan oldu\u011fu g\u00fcnden itibaren b\u00fcy\u00fck \u00f6l\u00e7ekli birle\u015fmelerin gereklili\u011fini savundu ve bunun sonucunda \u015eubat 2000&#039;de Kita Sorachi&#039;deki sekiz tar\u0131m kooperatifi taraf\u0131ndan Kita Sorachi Tar\u0131m Kooperatifi kuruldu ve kendisi de kooperatifin temsilci genel m\u00fcd\u00fcr\u00fc oldu. Haziran 2002&#039;den itibaren sendikan\u0131n temsilci m\u00fcd\u00fcr\u00fc ve ba\u015fkan\u0131 olarak yeteneklerini sergiledi ve Nisan 2007&#039;de emekli oldu.<\/p>\n<p>Halen tar\u0131m kooperatifindeki y\u00f6neticilik g\u00f6revinden emekli olduktan sonra da \u00e7ift\u00e7i olarak aktif rol oynamaya devam ediyor ve Hokkaido Organik Tar\u0131m Ara\u015ft\u0131rma Derne\u011fi&#039;nde denet\u00e7i olarak g\u00f6rev yap\u0131yor.<\/p>\n<p>Bundan sonra biraz rahatlaman\u0131z\u0131 istiyor, sizin ve e\u015finizin sa\u011fl\u0131kl\u0131 kalman\u0131z\u0131 ve bize yol g\u00f6stermeye devam etmenizi umuyoruz. Kat\u0131l\u0131mc\u0131lara sa\u011fl\u0131k ve mutluluklar diliyorum ve organizat\u00f6rler ad\u0131na a\u00e7\u0131l\u0131\u015f konu\u015fmam\u0131 burada sonland\u0131r\u0131yorum. Tebrikler bug\u00fcn!<\/p>\n<figure class=\"wp-caption aligncenter\"><a href=\"https:\/\/photos.google.com\/share\/AF1QipO0QTyQbBI3JTbooy4oforY6aDgqkBobBYCCS4sAoLgO9K3ehXzLzR0Fi0UWksJeA\/photo\/AF1QipMBoPSZG_V-Omi53ESVaODsH9-12bcOIcVQdPk?key=emNwZjFGMDBfd3pFdVctbEFGM012QlNXbUt5Z29B\" target=\"_blank\" rel=\"noopener\"><img decoding=\"async\" class=\"size-full\" src=\"https:\/\/lh3.googleusercontent.com\/pw\/AMWts8CJeS6S6S_9r6n0jhyflUUiuJj9AD13rpz4Z5uIkFXgzX3Mf__eQcc2WfcmHrWwzrhnLO_lICkMvJhTM4FuHEB9M_kecYF5l0b8Ps9a2GCv8dnwZTqZG1RU-jc0Q6ycn76YCdZBxivMVAjqkZ7EQjYh=w2000-h1333-s-no?authuser=0\" alt=\"\u00c7ok say\u0131da \u00f6vg\u00fc s\u00f6zc\u00fc\u011f\u00fc\" width=\"2000\" height=\"1333\" \/><\/a><figcaption class=\"wp-caption-text\">\u00c7ok say\u0131da \u00f6vg\u00fc s\u00f6zc\u00fc\u011f\u00fc<\/figcaption><\/figure>\n<h2>Tebrik konu\u015fmas\u0131: Hokuryu Kasaba Meclisi Ba\u015fkan\u0131 Yasuhiro Sasaki<\/h2>\n<figure class=\"wp-caption aligncenter\"><a href=\"https:\/\/photos.google.com\/share\/AF1QipO0QTyQbBI3JTbooy4oforY6aDgqkBobBYCCS4sAoLgO9K3ehXzLzR0Fi0UWksJeA\/photo\/AF1QipPteIrR8VtMUIyBAergLLuH8AKKMMj6fB9AR0s?key=emNwZjFGMDBfd3pFdVctbEFGM012QlNXbUt5Z29B\" target=\"_blank\" rel=\"noopener\"><img decoding=\"async\" class=\"size-full\" src=\"https:\/\/lh3.googleusercontent.com\/pw\/AMWts8CXjieuuLHp_1TXEa8gsxMv1GkvS8YJ09VqX4ghpR6CsDcGC5Rle4Ay2Rj6L_c5BeHWAAjYmq5pgSwKkfvEzea1aMhjaZo56fDzelt7g8zQb6eS2hx_VT4qxQcoempNbdDb5k3Pd0v7CiqBRNcgLsBF=w2000-h1333-s-no?authuser=0\" alt=\"Hokuryu Belediye Meclisi Ba\u015fkan\u0131 Yasuhiro Sasaki&#039;nin tebrik konu\u015fmas\u0131\" width=\"2000\" height=\"1333\" \/><\/a><figcaption class=\"wp-caption-text\">Hokuryu Belediye Meclisi Ba\u015fkan\u0131 Yasuhiro Sasaki&#039;nin tebrik konu\u015fmas\u0131<\/figcaption><\/figure>\n<p>Bu sefer, ge\u00e7en y\u0131l\u0131n eyl\u00fcl ay\u0131nda yapt\u0131\u011f\u0131m\u0131z ola\u011fan toplant\u0131da, belediye meclisi, tar\u0131m kooperatifi, ticaret odas\u0131 ve arazi iyile\u015ftirme b\u00f6lgesinin \u00f6nerileri do\u011frultusunda, oylama gerektiren son derece \u00f6nemli bir konu olan birini fahri kasaba vatanda\u015f\u0131 olarak aday g\u00f6stermeye karar verdik. Kutlaman\u0131n zaman\u0131n\u0131 belirlerken asl\u0131nda y\u0131l i\u00e7erisinde yapmay\u0131 planlam\u0131\u015ft\u0131k ancak koronavir\u00fcs salg\u0131n\u0131 nedeniyle ya\u015fanan g\u00fcncel durumdan dolay\u0131 bug\u00fcn yapmaya karar verdik.<\/p>\n<p>Babamla Bay Huangkura&#039;n\u0131n 60 veya 70 y\u0131ll\u0131k uzun bir ili\u015fkisi vard\u0131.<\/p>\n<p>Bay Kikura&#039;n\u0131n gen\u00e7li\u011finde bir bayrak tak\u0131m\u0131 kurdu\u011fu ve Sasaki tak\u0131m\u0131n\u0131n bir par\u00e7as\u0131 olarak Kita Sorachi bayrak yar\u0131\u015f\u0131na kat\u0131ld\u0131\u011f\u0131 ve \u00fc\u00e7\u00fcnc\u00fcl\u00fck kazand\u0131\u011f\u0131na dair bir kay\u0131t bulunmaktad\u0131r.<\/p>\n<p>Babam Ticaret ve Sanayi Odas\u0131 ba\u015fkan\u0131yd\u0131 ve Bay Okura Kitaryu Tar\u0131m Kooperatifi ba\u015fkan\u0131yken, babam Bay Okura&#039;ya ba\u015fkan\u0131n Ticaret ve Sanayi Odas\u0131 genel kuruluna kat\u0131l\u0131p kat\u0131lamayaca\u011f\u0131n\u0131 sordu ve o da memnuniyetle kabul etti. O tarihten itibaren ticaret odas\u0131 ba\u015fkan\u0131, ticaret odas\u0131n\u0131n y\u0131ll\u0131k y\u0131lba\u015f\u0131 toplant\u0131s\u0131na kat\u0131lmaya ba\u015flad\u0131. Bu durum g\u00fcn\u00fcm\u00fcze kadar devam etti.<\/p>\n<p>O d\u00f6nemde bir tar\u0131m kooperatifi ba\u015fkan\u0131n\u0131n Ticaret Odas\u0131 (Ticaret Odas\u0131) genel kuruluna kat\u0131lmas\u0131 d\u00fc\u015f\u00fcn\u00fclemezdi. Sorachi Ortaokulu ve Hokkaido Ortaokulu i\u00e7in \u015fok edici bir haber oldu\u011funu hat\u0131rl\u0131yorum. Bu kadar \u00e7ok engeli a\u015ft\u0131\u011f\u0131m i\u00e7in minnettar\u0131m.<\/p>\n<p>D\u00fcnyan\u0131n en \u00fcnl\u00fc romanlar\u0131ndan biri Tolstoy&#039;un &quot;Sava\u015f ve Bar\u0131\u015f&quot; adl\u0131 eseridir. Fransa&#039;n\u0131n Rusya&#039;y\u0131 i\u015fgal edip sava\u015f a\u00e7mas\u0131n\u0131 konu alan bir romand\u0131r. Rusya&#039;n\u0131n sava\u015f\u0131n sald\u0131r\u0131lar\u0131na kar\u015f\u0131 kendini savunabilmesinin, k\u00f6yl\u00fclerin topraklar\u0131n\u0131 koruma konusundaki g\u00fc\u00e7l\u00fc iradesi sayesinde oldu\u011funu duydum.<\/p>\n<p>Bay Kikura, kendisini yaln\u0131zca &quot;kasaban\u0131n fahri vatanda\u015f\u0131&quot; olarak de\u011fil, ayn\u0131 zamanda &quot;Japonya&#039;n\u0131n fahri \u00e7ift\u00e7isi&quot; olarak da g\u00f6r\u00fcyor. \u00c7e\u015fitli yerlerde d\u00fcnya bar\u0131\u015f\u0131na y\u00f6nelik s\u00f6zlerin s\u00f6ylendi\u011fini duydum.<\/p>\n<p>Sadece Hokuryu&#039;dan Bay Kikura olman\u0131z\u0131 de\u011fil, &quot;Hokkaido&#039;dan Bay Kikura, Japonya&#039;dan Bay Kikura ve d\u00fcnyaya bar\u0131\u015ftan bahseden Bay Kikura&quot; olman\u0131z\u0131 isterim.<\/p>\n<p>Bug\u00fcn\u00fc umuyordum. En i\u00e7ten tebriklerimizi sunar\u0131z. Tebrikler!<\/p>\n<figure class=\"wp-caption aligncenter\"><a href=\"https:\/\/photos.google.com\/share\/AF1QipO0QTyQbBI3JTbooy4oforY6aDgqkBobBYCCS4sAoLgO9K3ehXzLzR0Fi0UWksJeA\/photo\/AF1QipPwx5uMTkNuCsTpoogAriCcTCM906JZYet3n-Y?key=emNwZjFGMDBfd3pFdVctbEFGM012QlNXbUt5Z29B\" target=\"_blank\" rel=\"noopener\"><img decoding=\"async\" class=\"size-full\" src=\"https:\/\/lh3.googleusercontent.com\/pw\/AMWts8Cfg0M6shS53_LWAcLuKLO8kEv0WDGvMM21ZYhNpt51Zcl0qmOkkhur4LxhPAPrY1HNFCqJAB-Cu-JUoblfggjCZPpDM9WQASwrZtUen0Qz0joxMVQJLfPmYBGihKMiwNwKvgkdoW4fIJ6Nde5yEbSP=w2000-h1333-s-no?authuser=0\" alt=\"De\u011ferli bir fahri \u00e7ift\u00e7i olan Ryoji Kikura&#039;n\u0131n hayat\u0131\" width=\"2000\" height=\"1333\" \/><\/a><figcaption class=\"wp-caption-text\">De\u011ferli bir fahri \u00e7ift\u00e7i olan Ryoji Kikura&#039;n\u0131n hayat\u0131<\/figcaption><\/figure>\n<h2>Tebrik konu\u015fmas\u0131: Kitasorachi Tar\u0131m Kooperatifi Birli\u011fi Hokuryu B\u00f6lge Temsilcisi Direkt\u00f6r, Kitakiyo Hirokuni<\/h2>\n<figure class=\"wp-caption aligncenter\"><a href=\"https:\/\/photos.google.com\/share\/AF1QipO0QTyQbBI3JTbooy4oforY6aDgqkBobBYCCS4sAoLgO9K3ehXzLzR0Fi0UWksJeA\/photo\/AF1QipNVZ6dWO0sQ0Khn_lgibBY_0ab9RkBz0Uaum04?key=emNwZjFGMDBfd3pFdVctbEFGM012QlNXbUt5Z29B\" target=\"_blank\" rel=\"noopener\"><img decoding=\"async\" class=\"size-full\" src=\"https:\/\/lh3.googleusercontent.com\/pw\/AMWts8DfmfbF_-9R13ir_Ve2Yd5EpyfE9omV40zmuKLs6SfUdrzN1-5s9D1dvicK1LujCj3A3VMarNQ2yPlbpIedtBIjxm9Jt-IHNM4oGflou3LO_pL2fB0UyuyRX1g3ZVSXgbXkBTGThJHzC8hmhdRJvIG2=w2000-h1333-s-no?authuser=0\" alt=\"Hokuryu B\u00f6lgesi Kitasorachi Tar\u0131m Kooperatifi Birli\u011fi Temsilci Direkt\u00f6r\u00fc Hirokuni Kitakiyo&#039;nun kutlama konu\u015fmas\u0131\" width=\"2000\" height=\"1333\" \/><\/a><figcaption class=\"wp-caption-text\">Hokuryu B\u00f6lgesi Kitasorachi Tar\u0131m Kooperatifi Birli\u011fi Temsilci Direkt\u00f6r\u00fc Hirokuni Kitakiyo&#039;nun kutlama konu\u015fmas\u0131<\/figcaption><\/figure>\n<p>Say\u0131n Huangkura&#039;y\u0131 kasaban\u0131n fahri vatanda\u015f\u0131 olmas\u0131ndan dolay\u0131 tebrik ederiz. En i\u00e7ten tebriklerimizi sunar\u0131z.<\/p>\n<p>Bay Kikura, 34 y\u0131l boyunca tar\u0131m kooperatifinin m\u00fcd\u00fcr\u00fc olarak g\u00f6rev yapt\u0131. Bu y\u0131llardan 17 y\u0131l\u0131n\u0131 Kitaryu Tar\u0131m Kooperatifinde tam zamanl\u0131 olarak, birle\u015fmeden sonra da 17 y\u0131l\u0131n\u0131 Kitasorachi Tar\u0131m Kooperatifinde tam zamanl\u0131 olarak \u00e7al\u0131\u015ft\u0131. Emekleriniz i\u00e7in \u00e7ok te\u015fekk\u00fcr ederim.<\/p>\n<p>Gen\u00e7li\u011fimizde Bay Huangkura&#039;n\u0131n neler yapt\u0131\u011f\u0131ndan biraz bahsetmek istiyorum.<\/p>\n<p>Bug\u00fcn Say\u0131n Kikura&#039;n\u0131n haz\u0131rlad\u0131\u011f\u0131 materyallerde her \u015fey yaz\u0131l\u0131d\u0131r, ancak ben haf\u0131zam elverdi\u011fince konu\u015faca\u011f\u0131m.<\/p>\n<p>Bu hikaye yakla\u015f\u0131k 30 y\u0131l \u00f6nce, ben 30&#039;lu ya\u015flardayken ve gen\u00e7lik grubundayken ya\u015fand\u0131. Say\u0131n Kikura, Kitary\u016b Kasabas\u0131 Tar\u0131m Kooperatifi&#039;nin tam zamanl\u0131 \u00e7al\u0131\u015fan\u0131 olarak bizimle konu\u015ftu. Her seferinde anlat\u0131lan ve &quot;Huangcang Al\u0131nt\u0131lar\u0131&quot; ad\u0131n\u0131 verdi\u011fim hikayenin k\u00fc\u00e7\u00fck bir b\u00f6l\u00fcm\u00fcn\u00fc tan\u0131tmak istiyorum.<\/p>\n<p>&quot;Yiyecek hayatt\u0131r&quot;, &quot;Bu da\u011flar\u0131, bu a\u011fa\u00e7lar\u0131, bu ye\u015filli\u011fi ve onlar\u0131 destekleyen bol suyu korumam\u0131z ve g\u00fcvenli, ya\u015fam\u0131 ve sa\u011fl\u0131\u011f\u0131 koruyan yiyecekler \u00fcretmek i\u00e7in t\u00fcm ellerimizi, becerilerimizi ve kalbimizi kullanarak bir aile olarak birlikte \u00e7al\u0131\u015fmam\u0131z gerekiyor&quot;, gen\u00e7li\u011fimden beri bir\u00e7ok kez duydu\u011fum bir hikayedir.<\/p>\n<p>\u0130lk ba\u015fta ne dedi\u011fini anlamad\u0131m ama Kikura Bey anlatt\u0131ktan ve \u00f6\u011frettikten sonra anlamaya ba\u015flad\u0131m ve gen\u00e7lik kolu olarak g\u00fcvenli ve sa\u011flam pirin\u00e7 \u00fcretmek i\u00e7in \u00e7ok \u00e7al\u0131\u015fmaya ba\u015flad\u0131k.<\/p>\n<p>Bay Huangkura, m\u00fc\u015fterilerle toplant\u0131lar ve sosyal etkinlikler de dahil olmak \u00fczere geni\u015f bir ileti\u015fim a\u011f\u0131na sahip olup \u00e7e\u015fitli etkile\u015fim f\u0131rsatlar\u0131 yaratm\u0131\u015ft\u0131r. Konuklar\u0131m\u0131z aras\u0131nda Tokyo&#039;daki Makoto Co., Ltd.&#039;nin ba\u015fkan\u0131 Mineko Yamazaki, Yokohama t\u00fcketici kooperatifi Natural Coop&#039;un genel m\u00fcd\u00fcr\u00fc Mitsuo Toyoda ve bizi JA Okinawa ile tan\u0131\u015ft\u0131ran Mizue Takai vard\u0131. \u015eu anda ay\u00e7i\u00e7e\u011fi pirinci i\u00e7in do\u011frudan sat\u0131\u015f m\u00fc\u015fterisi olarak kendileriyle ili\u015fkimiz devam ediyor.<\/p>\n<p>Ayr\u0131ca d\u00f6rt y\u0131l \u00f6nce, 2019&#039;da, hen\u00fcz Kitary\u016b Tar\u0131m Kooperatifi iken, Aichi Eyaletinde JA Himawari ile karde\u015f ortakl\u0131k kurduk. Birle\u015fmenin 30. y\u0131l d\u00f6n\u00fcm\u00fc dolay\u0131s\u0131yla bir anma etkinli\u011fi d\u00fczenlendi ve etkinli\u011fe Say\u0131n Kokura da davet edildi.<\/p>\n<p>Ben de ona \u00e7anta ta\u015f\u0131y\u0131c\u0131s\u0131 olarak e\u015flik ettim. Tren yolculu\u011fu s\u0131ras\u0131nda g\u00f6zl\u00fck takmadan kitap okuyordu. Sallanan trende dikkatle kitap okuyordu. Ger\u00e7ekten \u00e7ok \u015fa\u015f\u0131rd\u0131m.<\/p>\n<p>30. y\u0131l kutlamas\u0131n\u0131n ard\u0131ndan Ba\u015fkan Gonda, t\u00fcm \u00f6nceki ba\u015fkanlar, personel ve Bay Kikura taraf\u0131ndan bize yemek ikram edildi. Konu\u015fma bir saatten biraz fazla s\u00fcrd\u00fc, ancak Bay Kikura ba\u015f\u0131ndan sonuna kadar tar\u0131msal kooperatif hareketinin nas\u0131l olmas\u0131 gerekti\u011fi konusunda tutkuyla konu\u015ftu. Tutkular\u0131ndan ve enerjilerinden etkilendi\u011fimi hat\u0131rl\u0131yorum. Bay Huang Cang konu\u015fma boyunca b\u00fcy\u00fck bir tutkuyla konu\u015ftu.<\/p>\n<p>K\u00fc\u00e7\u00fck bir not olarak, belediye ba\u015fkan\u0131n\u0131n daha \u00f6nce de belirtti\u011fi gibi, Bay Kikura&#039;n\u0131n ak\u0131l hocas\u0131 olarak g\u00f6rd\u00fc\u011f\u00fc Bay Goto Sanohachi, 1971 y\u0131l\u0131nda kasaban\u0131n fahri vatanda\u015f\u0131 olarak atanm\u0131\u015ft\u0131 ve daha sonra Bay Kikura da Reiwa d\u00f6neminde kasaban\u0131n fahri vatanda\u015f\u0131 olarak atanm\u0131\u015ft\u0131, bu y\u00fczden ikisi aras\u0131nda g\u00fc\u00e7l\u00fc bir ba\u011f oldu\u011funu d\u00fc\u015f\u00fcn\u00fcyorum. Bir\u00e7o\u011fumuzun Bay Goto&#039;nun \u00f6\u011fretilerini s\u0131k\u0131 s\u0131k\u0131ya takip ederek onun gibi bir hayat ya\u015famas\u0131n\u0131n \u00e7ok zor oldu\u011funa ger\u00e7ekten inan\u0131yorum.<\/p>\n<p>Say\u0131n Kikura&#039;ya gelince, kendisi art\u0131k 80 ya\u015f\u0131n\u0131 ge\u00e7ti, bu y\u00fczden sa\u011fl\u0131\u011f\u0131na iyi bakaca\u011f\u0131n\u0131 ve bize tutkulu ve co\u015fkulu konu\u015fmalar yapmaya devam edece\u011fini umuyorum.<\/p>\n<p>Kokura ailesine ve eme\u011fi ge\u00e7en herkese tebriklerimi ve ba\u015far\u0131lar diliyorum. Bay Huang Cang&#039;\u0131 tebrik ederiz.<\/p>\n<figure class=\"wp-caption aligncenter\"><a href=\"https:\/\/photos.google.com\/share\/AF1QipO0QTyQbBI3JTbooy4oforY6aDgqkBobBYCCS4sAoLgO9K3ehXzLzR0Fi0UWksJeA\/photo\/AF1QipOAax2dGGtLjfsrlk3ZRRcV09qHA22M8a4NPyI?key=emNwZjFGMDBfd3pFdVctbEFGM012QlNXbUt5Z29B\" target=\"_blank\" rel=\"noopener\"><img decoding=\"async\" class=\"size-full\" src=\"https:\/\/lh3.googleusercontent.com\/pw\/AMWts8B4jxkEqk62OS1EVlrqCdm4Nc-_kzC4esy4EWX8w6k04lMm4Q70yIVpyg-VJ3558i1Sbc_wwxUWnJMkKsKhxA0Ng4-Q1HMAEbPclI2qvoz2Qi7wWSYqTDEwGIo1cvZ8As55VBWFGTzKuXEnNVn9ep9p=w2000-h1333-s-no?authuser=0\" alt=\"Hokuryu Tar\u0131m Kooperatifi Gen\u00e7lik B\u00f6l\u00fcm\u00fc, Ryoji Kikura&#039;n\u0131n \u00f6\u011fretilerini uygulamaya koymak i\u00e7in \u00e7ok \u00e7al\u0131\u015f\u0131yor\" width=\"2000\" height=\"1333\" \/><\/a><figcaption class=\"wp-caption-text\">Hokuryu Tar\u0131m Kooperatifi Gen\u00e7lik B\u00f6l\u00fcm\u00fc, Ryoji Kikura&#039;n\u0131n \u00f6\u011fretilerini uygulamaya koymak i\u00e7in \u00e7ok \u00e7al\u0131\u015f\u0131yor<\/figcaption><\/figure>\n<h2>Te\u015fekk\u00fcr: Ryoji Kikura<\/h2>\n<figure class=\"wp-caption aligncenter\"><a href=\"https:\/\/photos.google.com\/share\/AF1QipO0QTyQbBI3JTbooy4oforY6aDgqkBobBYCCS4sAoLgO9K3ehXzLzR0Fi0UWksJeA\/photo\/AF1QipPHLsU1AV_NJBaB4AR0WfcAFOAwDbsRbPg8lsQ?key=emNwZjFGMDBfd3pFdVctbEFGM012QlNXbUt5Z29B\" target=\"_blank\" rel=\"noopener\"><img decoding=\"async\" class=\"size-full\" src=\"https:\/\/lh3.googleusercontent.com\/pw\/AMWts8CEVpopu5gkqM0HOBk76Y7Dtro_MOh4WXk7WcI1Br4kQGJE2-m-rG4HkwBpB86wRhYYKBzatKflCX-wB1tNnHBm0ZOF9hH8IJZ_0LGteDI3wbkFY_KaE5EVF98soUJOfephQBLwqIRDAA5qGRfs1fTJ=w2000-h1333-s-no?authuser=0\" alt=\"Ryoji Kikura&#039;dan te\u015fekk\u00fcr\" width=\"2000\" height=\"1333\" \/><\/a><figcaption class=\"wp-caption-text\">Ryoji Kikura&#039;dan te\u015fekk\u00fcr<\/figcaption><\/figure>\n<p>12 g\u00fcnd\u00fcr konu\u015famamama neden olan bir hastal\u0131kla m\u00fccadele ediyordum, ancak bug\u00fcn Fukagawa \u015eehri&#039;ndeki klinikteki doktor tekrar konu\u015fabilmem i\u00e7in elinden geleni yapt\u0131. Te\u015fekk\u00fcrler. Bunu duyman\u0131n zor oldu\u011funu biliyorum ama minnettarl\u0131\u011f\u0131m\u0131 ifade etmek istiyorum.<\/p>\n<p>2007 y\u0131l\u0131nda Kitasorachi Tar\u0131m Kooperatifi&#039;nden ayr\u0131ld\u0131\u011f\u0131mda, yeni ba\u015fkan Hayasaki Yumi bana fahri \u00fcyelerin izinden gitti\u011fimi s\u00f6yledi, ancak ben bir tar\u0131m kooperatifindeki as\u0131l akt\u00f6rlerin biz y\u00f6neticiler ve personel de\u011fil, \u00fcyeler oldu\u011funu s\u00f6yleyerek bu teklifi reddettim.<\/p>\n<p>Belediye Ba\u015fkan\u0131 Sano da benden birka\u00e7 kez fahri hem\u015fehri olmam\u0131 istedi. Ancak ben hayat\u0131m\u0131 her zaman Goto Mitsuohachi&#039;nin \u00f6\u011fretilerine g\u00f6re ya\u015fad\u0131m ve &quot;stat\u00fc, \u015feref ve para pe\u015finde ko\u015fmamak&quot; \u00f6\u011fretisini \u00f6l\u00fcnceye kadar s\u00fcrd\u00fcrmek istedi\u011fimi s\u00f6yleyerek teklifi reddettim.<\/p>\n<p>Ancak bir g\u00fcn, B\u00f6lge Temsilcisi Kitakiyo Hirokuni ve Tar\u0131m Komitesi Ba\u015fkan\u0131 Mizutani Shigeki oradayd\u0131 ve Ba\u015fkan Mizutani bana, &quot;Bay Kikura, &#039;yemek hayatt\u0131r&#039; ve &#039;\u00e7ift\u00e7ilik ya\u015fayan insanlar\u0131n hayatlar\u0131n\u0131 korur&#039; dediniz ve biz bunun \u00fczerinde \u00e7ok \u00e7al\u0131\u015ft\u0131k. &#039;Sanayi ve ticaret aras\u0131nda bir ya\u015fam k\u00f6pr\u00fcs\u00fc kurmak ve ticaret ve sanayi aras\u0131nda ya\u015fam ba\u011flar\u0131 yaratmak&#039; i\u00e7in savunuculuk yapt\u0131n\u0131z ve bunu uygulamaya koyanlar biziz. L\u00fctfen bunu bizim i\u00e7in kabul edin.&quot; dedi.<\/p>\n<p>Onlara Gen\u00e7 Kitasei ve Gen\u00e7 Mizutani deniyordu ve ne kadar b\u00fcy\u00fcd\u00fcklerini g\u00f6r\u00fcnce \u00e7ok duyguland\u0131m. Art\u0131k ben de b\u00fcy\u00fcd\u00fcm ve babam\u0131n yolundan gidip \u00f6d\u00fcl\u00fc kabul edece\u011fim.<\/p>\n<p>Ge\u00e7ti\u011fimiz g\u00fcnlerde 9 Mart&#039;ta Say\u0131n Terauchi bana hayat hikayesini \u00f6zetleyip \u00f6zetleyemeyece\u011fimi sordu ve evinde d\u00f6rt bu\u00e7uk saat boyunca aral\u0131ks\u0131z konu\u015ftuk. Terauchi-san bunu bir kitap\u00e7\u0131kta derledi ve bu benim i\u00e7in de\u011ferli bir an\u0131 oldu. \u00e7ok te\u015fekk\u00fcr ederim.<\/p>\n<p>\u0130lkokul birinci s\u0131n\u0131ftayken v\u00fccudum bu \u015fekilde e\u011filmi\u015fti. Annem beni do\u011furdu ve s\u00fct \u00fcretemiyor. \u0130lkokul birinci s\u0131n\u0131fa ba\u015flad\u0131\u011f\u0131nda yetersiz beslenmeye ba\u011fl\u0131 olarak ortaya \u00e7\u0131kan ra\u015fitizm hastal\u0131\u011f\u0131na yakaland\u0131. Bu resmi hi\u00e7 \u00e7ocuklar\u0131ma g\u00f6stermedim.<\/p>\n<p>Dedem bize ya\u015fl\u0131 bir inek verdi. Onlara pirin\u00e7 tarlalar\u0131ndan toplad\u0131\u011f\u0131 otlarla yem veriyor, s\u00fctlerini sa\u011f\u0131yor, onlar\u0131 b\u00fcy\u00fct\u00fcyor ve alt\u0131 \u00e7ocu\u011funun ve karde\u015finin hayat\u0131n\u0131 koruyordu. Ailelerine ve \u00e7ocuklar\u0131na ger\u00e7ekten de\u011fer veren atalar\u0131m\u0131z\u0131n y\u00fcreklerindeki tutkuyu yeniden canland\u0131rd\u0131.<\/p>\n<p>1954 y\u0131l\u0131nda Lucky Dragon No. 5, Bikini Atol\u00fc&#039;nde yap\u0131lan bir ABD hidrojen bombas\u0131 denemesinden kaynaklanan radyasyona maruz kald\u0131 ve Kuboyama \u00f6ld\u00fc. Eyl\u00fcl ay\u0131nda Toya Maru tayfunu meydana gelerek b\u00fcy\u00fck hasara yol a\u00e7t\u0131. Benim i\u00e7in as\u0131l d\u00f6n\u00fcm noktas\u0131 Aral\u0131k ay\u0131nda ya\u015fand\u0131.<\/p>\n<p>Aral\u0131k ay\u0131nda tar\u0131m kooperatifinden \u00e7ift\u00e7ili\u011fi b\u0131rakmam y\u00f6n\u00fcnde tavsiye ald\u0131m. &quot;Huang Cang, kefilimize daha fazla sorun \u00e7\u0131karamay\u0131z, l\u00fctfen durun.&quot;<\/p>\n<p>Huang Cang ailesi, sa\u011fl\u0131k durumu iyi olmayan amcam da dahil olmak \u00fczere 12 ki\u015fiden olu\u015fuyordu. Abim, &quot;Benim hayat\u0131m \u00e7ift\u00e7ilik de\u011fil&quot; diyerek hemen evden ayr\u0131ld\u0131. O g\u00fcnden sonra her gece annemle babam nas\u0131l hayatta kalacaklar\u0131n\u0131 konu\u015fuyorlard\u0131, annem ise &quot;Tek se\u00e7enek \u00f6lmek.&quot; diyordu. Tek bir shoji ekran\u0131n\u0131n oldu\u011fu bir evde, her konu\u015fma a\u00e7\u0131k\u00e7a duyulabiliyordu.<\/p>\n<p>Bir g\u00fcn Goto Sanohachi evimizi ziyaret etti ve anneme babama, &quot;Ryoji&#039;yi saklay\u0131n! Ben amonyum s\u00fclfat, kaolin ve tuzu garanti ediyorum.&quot; dedi. Atlara yulaf verilmezse beriberi hastal\u0131\u011f\u0131ndan \u00f6l\u00fcrler. Bunu \u00f6\u011frenen me\u015fru bir at t\u00fcccar\u0131 olan Sugimoto Kiyomatsu, bir teneke kutuyu dilimler halinde kesip, ikisini ah\u0131r\u0131na g\u00f6m\u00fcp, biraz saman kesip, i\u00e7ine s\u0131cak suda eritilmi\u015f karb\u00fcr (kire\u00e7) ekleyip, dilimleri bir g\u00fcn beklettikten sonra at\u0131na yedirirse, at\u0131n kilo almayaca\u011f\u0131n\u0131 ama beriberi hastal\u0131\u011f\u0131na da yakalanmayaca\u011f\u0131n\u0131 s\u00f6yledi.<\/p>\n<p>Bu iki adam\u0131n yard\u0131m\u0131yla bor\u00e7lar\u0131n\u0131 \u00f6deyebilmek i\u00e7in \u00e7ift\u00e7ilik yapmaya ba\u015flad\u0131.<\/p>\n<p>Hi\u00e7bir zaman kendimi \u00fczg\u00fcn veya ac\u0131nas\u0131 hissetmedim. Bay Goto, Ryoji ile her kar\u015f\u0131la\u015ft\u0131klar\u0131nda ona, &quot;\u00c7al\u0131\u015f ve sab\u0131rl\u0131 ol. Fakir olmakta utan\u0131lacak bir \u015fey yok. \u00c7ok \u00e7al\u0131\u015f\u0131rsan, bir\u00e7ok insan seni kesinlikle fark edecektir. Sana yard\u0131m edeceklerdir. \u0130yi insanlar seninle ilgilenecektir.&quot; derdi.<\/p>\n<p>Goto Miohachi&#039;ye hayranl\u0131k ve sayg\u0131 duyuyorum ve onun her bir s\u00f6z\u00fcn\u00fc hazine gibi saklamaya devam ediyorum.<\/p>\n<p>2 Kas\u0131m 1972&#039;de Goto Mitsuo Hachio taraf\u0131ndan \u00e7a\u011fr\u0131ld\u0131m. O\u011flu Toru yan\u0131nda otururken, &quot;Gelecek y\u0131l 11 Mart&#039;ta genel toplant\u0131da emekli olaca\u011f\u0131m. Nakamura Toshihiro&#039;yu onun yerine aday etmek istiyorum.&quot; Dedi.<\/p>\n<p>Nakamura, borcu olmadan 2-8 tan arazide \u00e7ift\u00e7ilik yap\u0131yor. 26 ya\u015f\u0131ndayken, &quot;Karda kaz\u0131yorum, toprakta kaz\u0131yorum, ba\u015f\u0131m\u0131 bile g\u00f6remiyorum&quot; adl\u0131 tarihi haikuyu okudu. O d\u00f6nemde Kumeya ve Kikura&#039;n\u0131n tar\u0131m kooperatifine y\u00f6netici olarak atanmas\u0131 y\u00f6n\u00fcnde \u00e7a\u011fr\u0131lar da vard\u0131.<\/p>\n<p>Goto, &quot;Aday oldu\u011funuzu duydum. Kar\u015f\u0131 de\u011filim. G\u00f6revli olarak se\u00e7ilirseniz, size s\u00f6yledi\u011fim \u00fc\u00e7 \u015feyi hat\u0131rlad\u0131\u011f\u0131n\u0131zdan ve bunlar\u0131 a\u00e7\u0131k\u00e7a g\u00f6sterdi\u011finizden emin olun.&quot; dedi.<\/p>\n<p>Ortaokulun yakla\u015f\u0131k &#039;\u0131na, Hokuryu Lisesi&#039;nin ise sadece &#039;sine gittim. &quot;Okula gitmiyorsun, o y\u00fczden alkol alma, pachinko oynama, etrafta dolanma ve e\u011fer biraz bile para biriktirebilirsen bir kitap al. Bir kitap oku. Kesinlikle senin etinden ve kan\u0131ndan bir par\u00e7an olacak.&quot;<\/p>\n<p>O d\u00f6nemde pirin\u00e7 fazlal\u0131\u011f\u0131 vard\u0131 ve halk ba\u015fka \u00fcr\u00fcnlere y\u00f6nelmeye ba\u015flad\u0131. &quot;Yak\u0131nda Japon toplumunda yiyecek s\u0131k\u0131nt\u0131s\u0131 ya\u015fanacak. Bunu kendiniz d\u00fc\u015f\u00fcn\u00fcn, uygulamaya koyun, sendika komitesi \u00fcyelerinin takdirini kazan\u0131n ve bunu tar\u0131m kooperatifinin talebine yans\u0131tmak i\u00e7in \u00e7aba g\u00f6sterin.<\/p>\n<p>Tar\u0131m kooperatifi y\u00f6neticileri &quot;stat\u00fc, \u015feref ve para&quot; pe\u015finde ko\u015fmamal\u0131d\u0131r. E\u011fer bunu fark ederseniz, tar\u0131m kooperatifi y\u00f6neticili\u011fi g\u00f6revinizden istifa etmelisiniz.&quot;<\/p>\n<p>Goto, o\u011flu Toru&#039;ya, &quot;Ryoji evde i\u00e7ki i\u00e7emez, o y\u00fczden bir i\u00e7ki i\u00e7ip eve gitsin.&quot; dedi. Goto hikayesini bitirdi\u011finde Toru ona mutlaka bir i\u00e7ki ikram ederdi ve biz i\u00e7erken bana &quot;babam\u0131n Ryo-chan&#039;a hikayeyi anlat\u0131rken ne d\u00fc\u015f\u00fcnd\u00fc\u011f\u00fcn\u00fc&quot; anlat\u0131rd\u0131.<\/p>\n<p>Nisan 1973&#039;ten beri tar\u0131m kooperatifinin yar\u0131 zamanl\u0131 g\u00f6revlisi olarak y\u00f6netim kurulu toplant\u0131lar\u0131na kat\u0131lan Bay Goto&#039;yu ziyaret ederek y\u00f6netim kurulu toplant\u0131lar\u0131n\u0131n i\u00e7erikleri hakk\u0131nda rapor verdim. Goto-san tek kelime etmiyor. Rapor bittikten sonra &quot;Toru, Ryoji&#039;yi bir i\u00e7kiye g\u00f6t\u00fcr ve eve git&quot; \u015feklindeki konu\u015fma Goto-san yere d\u00fc\u015fene kadar devam etti.<\/p>\n<p>1973 bahar\u0131nda Toru, &quot;Babam\u0131n demek istedi\u011fi, Japonya&#039;n\u0131n h\u0131zl\u0131 ekonomik b\u00fcy\u00fcmesini s\u00fcrd\u00fcrd\u00fc\u011f\u00fc s\u00fcrece art\u0131k insanlar i\u00e7in ger\u00e7ek g\u0131da \u00fcretemeyece\u011fiydi. Ryo-chan, birlikte do\u011fal tar\u0131m\u0131 deneyelim.&quot; dedi.<\/p>\n<p>Toru babas\u0131n\u0131n duygular\u0131n\u0131 anlatt\u0131. Toru, Goto&#039;ya \u015fu konularda endi\u015fe duydu\u011funu s\u00f6ylemi\u015fti: &quot;Hokuryu&#039;da \u00e7ok say\u0131da fakir \u00fcye var. Tar\u0131m kooperatifi tar\u0131m y\u00fck\u00fcn\u00fcn alt\u0131ndan kalkmalar\u0131na nas\u0131l yard\u0131mc\u0131 olabilir?&quot;, &quot;Hokuryu&#039;nun pirin\u00e7 \u00fcretim alan\u0131 olarak d\u00fc\u015f\u00fck bir derecesi var. Bu dereceyi nas\u0131l y\u00fckseltebiliriz?&quot; ve &quot;Projeyi Hokkaido ad\u0131na bir modernizasyon projesinin par\u00e7as\u0131 olarak y\u00fcr\u00fct\u00fcyoruz. Bu nedenle, y\u00fckleniciler ve \u00e7al\u0131\u015fanlar aras\u0131nda kesinlikle hi\u00e7bir i\u015fbirli\u011fi olmamal\u0131d\u0131r.&quot;<\/p>\n<p>O d\u00f6nemde Hokuryu, Hokkaido pirin\u00e7 \u00fcretim derecelendirme \u00f6l\u00e7e\u011finde d\u00f6rt \u00fczerinden &quot;C&quot; olarak derecelendirilmi\u015fti. Fukagawa, Imoseushi ve Chishibetsu &quot;A&quot;d\u0131r. Hokkaido&#039;daki pirin\u00e7 \u00fcretim alanlar\u0131n\u0131n de\u011ferlendirilmesi \u00e7ok s\u0131k\u0131d\u0131r ve Hokkaido pirin\u00e7 \u00fcretim alan\u0131 olarak belirlenme kriterleri, birinci s\u0131n\u0131f pirin\u00e7 piyasa fiyatlar\u0131na sahip \u00e7ift\u00e7iler, d\u00fc\u015f\u00fck verim kapan\u0131\u015flar\u0131 ve d\u00fc\u015f\u00fck so\u011fuk hasar\u0131 seviyeleridir. \u00c7ok \u00e7al\u0131\u015fmalar\u0131na ra\u011fmen, Kitary\u016b Kasabas\u0131&#039;n\u0131n \u00e7etin vadilerinde \u00e7ift\u00e7ilik yapman\u0131n ko\u015fullar\u0131 zordu.<\/p>\n<p>Fukagawa Kenti&#039;nde &quot;Yukara&quot; pirin\u00e7 \u00e7e\u015fidi onayland\u0131, ancak Hokuryu Kenti &quot;Yukara&quot; yeti\u015ftirmek i\u00e7in uygun olmayan bir alan olarak belirlendi. Gen\u00e7lik kolu \u00fcyeleri Hiroshi Tomii ve Masanori Yamamoto, &quot;\u015eaka m\u0131 yap\u0131yorsunuz? Biz \u00e7ift\u00e7iyiz. Neden &#039;Yukar&#039; yapam\u0131yoruz?&quot; dediler.<\/p>\n<p>Hokuryu&#039;nun g\u00fcvenli pirincinin daha da bolla\u015fmas\u0131 i\u00e7in \u00e7abalar\u0131n burada ba\u015flad\u0131\u011f\u0131na inan\u0131yorum. \u0130kisi birlikte &quot;Fide Yeti\u015ftirme Hareketi&quot; \u00fczerinde \u00e7al\u0131\u015ft\u0131lar. Yap\u0131lan \u00e7al\u0131\u015fma fidelerin tekrar dikilmesi ve biriken s\u0131cakl\u0131klar\u0131n biriktirilmesidir. Ba\u015far\u0131l\u0131 olamasak da, &quot;Olmaz, ben \u00e7ift\u00e7iyim, Fukagawa&#039;ya kaybetmem!&quot; diyen Tomii ve Yamamoto&#039;nun tutkulu ruhunun, bug\u00fcn oldu\u011fu gibi Kitaryu&#039;nun \u00e7\u0131k\u0131\u015f noktas\u0131 oldu\u011funa inan\u0131yorum. Ger\u00e7ekten minnettar\u0131m.<\/p>\n<p>Ben hala Goto ve Toru&#039;yu takip ediyorum. \u00dc\u00e7, d\u00f6rt, hatta be\u015f tur gerideyiz. Ama san\u0131r\u0131m \u00f6l\u00fcnceye kadar devam edece\u011fim.<\/p>\n<p>Bu y\u0131l\u0131n 27 Ocak&#039;\u0131nda Obihiro Kawanishi Tar\u0131m Kooperatifi&#039;ne (JA Obihiro Kawanishi) davet edildim. Hokkaido&#039;da tar\u0131m\u0131 kontrol etti\u011fi s\u00f6ylenen Kawanishi Tar\u0131m Kooperatifi Ba\u015fkan\u0131 Toshiyoshi Arizuka, \u00fc\u00e7 y\u0131l \u00f6nce &quot;Kawanishi Tar\u0131m, \u00fclkede organik tar\u0131m\u0131 benimseyen ilk genel tar\u0131m kooperatifidir&quot; demi\u015fti.<\/p>\n<p>Ancak organik tar\u0131ma nas\u0131l ba\u015flayaca\u011f\u0131m\u0131 bilmiyordum. Bu nedenle, \u00e7al\u0131\u015fanlar\u0131m\u0131zdan ikisi \u00fc\u00e7 ay boyunca \u00fclke genelindeki ileri b\u00f6lgeleri inceledi. Kawanishi Tar\u0131m Kooperatifi, yapt\u0131\u011f\u0131 incelemeler sonucunda Kitaryu Tar\u0131m Kooperatifinin \u00e7abalar\u0131ndan ders \u00e7\u0131karmaya karar verdi.<\/p>\n<p>Hokkaido&#039;nun tar\u0131m sekt\u00f6r\u00fcn\u00fcn \u00f6nde gelen isimlerinden olan Ba\u015fkan Arizuka Toshiyoshi, Hokuren, Shinren, Hokkaido Tar\u0131m Kooperatifleri Federasyonu ve Sa\u011fl\u0131k ve Refah Federasyonu da dahil olmak \u00fczere t\u00fcm kurulu\u015flar\u0131n \u00fcst d\u00fczey y\u00f6neticilerinin ve tam zamanl\u0131 personelinin kararlar\u0131 \u00fczerinde g\u00fc\u00e7l\u00fc bir etkiye sahiptir. Ben g\u00f6revdeyken Say\u0131n Arizuka, &quot;Hama-naka Kasabas\u0131&#039;ndan Ishibashi Hideki ve Hokuryu Kasabas\u0131&#039;ndan Kikura Ryoji, Hokuren, Merkez Birli\u011fi veya Shinren&#039;in hi\u00e7bir zaman y\u00f6netici \u00fcyesi olamayacaklar&quot; demi\u015fti.<\/p>\n<p>Daha sonra Kawanishi Tar\u0131m Kooperatifi&#039;nden iki \u00e7al\u0131\u015fan Kitary\u016b&#039;daki bir kapl\u0131cada konaklayarak, &quot;Say\u0131n Okura&#039;dan bir iyilik isteyece\u011fiz.&quot; dediler. Sendika lideri Arizuka bana, &quot;Kokura&#039;n\u0131n ne dedi\u011fi umurumda de\u011fil, onu ara!&quot; dedi.<\/p>\n<p>Hokkaido&#039;lu organik \u00e7ift\u00e7i Mamoru Segawa ile gitmeyi planlam\u0131\u015ft\u0131m ama kendisi 8 Ocak&#039;ta 72 ya\u015f\u0131nda vefat etti. Oraya tek ba\u015f\u0131ma gittim ve gen\u00e7lik grubu ve gen\u00e7 \u00e7al\u0131\u015fanlarla iki saat konu\u015ftum.<\/p>\n<p>Sendika lideri Arizuka \u00f6n s\u0131radan dinliyordu. Konferans\u0131n ard\u0131ndan s\u0131cak bir kar\u015f\u0131lamayla kar\u015f\u0131la\u015ft\u0131k ve gen\u00e7ler after-party&#039;de Bay Kokura ile sohbet edip bir \u015feyler i\u00e7mek istediklerini s\u00f6ylediler. Saat 12:30&#039;a kadar sohbetimiz devam etti.<\/p>\n<p>Bug\u00fcn sizlere da\u011f\u0131tt\u0131\u011f\u0131m &quot;522 Dersin Amac\u0131&quot; bir kez bile de\u011fi\u015fmedi.<\/p>\n<p>Bug\u00fcn sizlere da\u011f\u0131tt\u0131\u011f\u0131m zarflar\u0131n arkas\u0131nda yazan s\u00f6zler Goto Mitsuohachi ve Toru&#039;nun \u00f6\u011fretilerinin bir derlemesidir.<\/p>\n<p>Devam edebildi\u011fim s\u00fcrece Goto Miohachi ve Toru&#039;nun \u00f6\u011fretilerini ve \u00f6rneklerini takip etmeye devam edece\u011fim.<\/p>\n<figure class=\"wp-caption aligncenter\"><a href=\"https:\/\/photos.google.com\/share\/AF1QipO0QTyQbBI3JTbooy4oforY6aDgqkBobBYCCS4sAoLgO9K3ehXzLzR0Fi0UWksJeA\/photo\/AF1QipOR3YtSCrFNOuzMccaelAA3RXRAfjYL3Gs3NzI?key=emNwZjFGMDBfd3pFdVctbEFGM012QlNXbUt5Z29B\" target=\"_blank\" rel=\"noopener\"><img decoding=\"async\" class=\"size-full\" src=\"https:\/\/lh3.googleusercontent.com\/pw\/AMWts8C92W2a3qsyLAVizzRMezhr9rgMEEuyL16JUM8jU7OXzEJgH8Ef8vYPrsk_hpEDPDrH3MNQqmbaNJHuGS6U8_7FTJqdczW4nxnSRDq4p0U3Lhw2PcNMWr8GNWVa353PQY8yDEkhWESocfWdl3lQ9XX8=w2000-h1333-s-no?authuser=0\" alt=\"Tutku ve co\u015fkuyla dolu olan Bay Kikura, d\u00fc\u015f\u00fcncelerini g\u00fc\u00e7l\u00fc bir \u015fekilde dile getiriyor.\" width=\"2000\" height=\"1333\" \/><\/a><figcaption class=\"wp-caption-text\">Tutku ve co\u015fkuyla dolu olan Bay Kikura, d\u00fc\u015f\u00fcncelerini g\u00fc\u00e7l\u00fc bir \u015fekilde dile getiriyor.<\/figcaption><\/figure>\n<h2>Kutlama ziyafeti ve kadeh kald\u0131rma: Hokuryu Kasaba Ticaret ve Sanayi Odas\u0131 Ba\u015fkan\u0131, Masahito Fujii<\/h2>\n<figure class=\"wp-caption aligncenter\"><a href=\"https:\/\/photos.google.com\/share\/AF1QipO0QTyQbBI3JTbooy4oforY6aDgqkBobBYCCS4sAoLgO9K3ehXzLzR0Fi0UWksJeA\/photo\/AF1QipP7Edqe8s25dARKflPuTMXRZArI9YK770oi54k?key=emNwZjFGMDBfd3pFdVctbEFGM012QlNXbUt5Z29B\"><img decoding=\"async\" class=\"size-full\" src=\"https:\/\/lh3.googleusercontent.com\/pw\/AMWts8CFwqKLFot6AILC3LA9Qwe4K3lnXpMN_FYooyAJ75OKSndXn5vs_b-gi5BnbBZHtrpjyh9P1u6-W-YwRCk2VPZdZhilFyJtioX7pVmeFKbXUYbINQ9_4RvA8IAqJ7dzcCZOGNBlrGSJqpmUqVu04fGL=w2000-h1125-s-no?authuser=0\" alt=\"Hokuryu Ticaret Odas\u0131 Ba\u015fkan\u0131 Masahito Fujii&#039;den bir kadeh kald\u0131rma!\" width=\"2000\" height=\"1125\" \/><\/a><figcaption class=\"wp-caption-text\">Hokuryu Ticaret Odas\u0131 Ba\u015fkan\u0131 Masahito Fujii&#039;den bir kadeh kald\u0131rma!<\/figcaption><\/figure>\n<p>Ryoji Kikura&#039;y\u0131 kasaban\u0131n fahri vatanda\u015f\u0131 olarak atanmas\u0131ndan dolay\u0131 tebrik ediyoruz. Bay Kikura&#039;n\u0131n pirin\u00e7 \u00e7ift\u00e7ili\u011fine olan tutkusu nesilden nesile aktar\u0131larak yerel \u00e7ift\u00e7iler i\u00e7in iyi bir \u00f6rnek te\u015fkil ediyor.<\/p>\n<p>Ayr\u0131ca, tar\u0131m kooperatifi gen\u00e7lik b\u00f6l\u00fcm\u00fc ile ticaret ve sanayi gen\u00e7lik b\u00f6l\u00fcm\u00fc pirin\u00e7 satmak ve Team AgriFighter North Dragon faaliyetlerine kat\u0131lmak i\u00e7in birlikte \u00e7al\u0131\u015facak ve Kitary\u016b Kasabas\u0131nda tar\u0131m\u0131 te\u015fvik etmek i\u00e7in tar\u0131m ve ticarette birlikte \u00e7al\u0131\u015fmaya devam etmeyi umuyoruz.<\/p>\n<p>Say\u0131n Ryoji Kikura&#039;n\u0131n ve bug\u00fcn kat\u0131lan herkesin s\u00fcrekli iyi sa\u011fl\u0131klar\u0131na kadeh kald\u0131rmak istiyorum. \u015ferefe!<\/p>\n<figure class=\"wp-caption aligncenter\"><a href=\"https:\/\/photos.google.com\/share\/AF1QipO0QTyQbBI3JTbooy4oforY6aDgqkBobBYCCS4sAoLgO9K3ehXzLzR0Fi0UWksJeA\/photo\/AF1QipNr_N2KJvsTLr-H49m3SMs_nzUEHjglC_5mJjI?key=emNwZjFGMDBfd3pFdVctbEFGM012QlNXbUt5Z29B\" target=\"_blank\" rel=\"noopener\"><img decoding=\"async\" class=\"size-full\" src=\"https:\/\/lh3.googleusercontent.com\/pw\/AMWts8C-UT2AimZcQMZnuv1-tOdoMbgOYl7_XCdLLtPzpP_q2OYpo5H1eNrP4BhgVNvAXLq-ZzGBA9KCaZrjSfBcN9uVIP4YXBUWS327jrTIXQmHXEtdOwRD8vs1zWA9mLL0itIV3Gv7DbLRnF1jIhXTmrbx=w2000-h1125-s-no?authuser=0\" alt=\"\u015ferefe! ! !\" width=\"2000\" height=\"1125\" \/><\/a><figcaption class=\"wp-caption-text\">\u015ferefe! ! !<\/figcaption><\/figure>\n<h2>Bayram<\/h2>\n<figure class=\"wp-caption aligncenter\"><a href=\"https:\/\/photos.google.com\/share\/AF1QipO0QTyQbBI3JTbooy4oforY6aDgqkBobBYCCS4sAoLgO9K3ehXzLzR0Fi0UWksJeA\/photo\/AF1QipOyuQRif7Gjix_p-ny72pKJ9ZVZ9rOJOd6NAzo?key=emNwZjFGMDBfd3pFdVctbEFGM012QlNXbUt5Z29B\" target=\"_blank\" rel=\"noopener\"><img decoding=\"async\" class=\"size-full\" src=\"https:\/\/lh3.googleusercontent.com\/pw\/AMWts8AMB_ztzk7T-2g65Wy7svJQUQYWsXW-8uETKHBobOWp4Ch-hkv1dEptW6nafKV7d14GFbFSDRywgMBbxhAb25nUdo9LEFLAfjz61ViFX_bbRIdxbG-jzWbUSMzaGD8WXueAG8P-jF4w8zERHJRPEuMy=w2000-h1333-s-no?authuser=0\" alt=\"\u00c7e\u015fitli sashimi\" width=\"2000\" height=\"1333\" \/><\/a><figcaption class=\"wp-caption-text\">\u00c7e\u015fitli sashimi<\/figcaption><\/figure>\n<figure class=\"wp-caption aligncenter\"><a href=\"https:\/\/photos.google.com\/share\/AF1QipO0QTyQbBI3JTbooy4oforY6aDgqkBobBYCCS4sAoLgO9K3ehXzLzR0Fi0UWksJeA\/photo\/AF1QipN_BYPGjxw1aXrJE3ucIY-0HlJPLX97wPdL_Z8?key=emNwZjFGMDBfd3pFdVctbEFGM012QlNXbUt5Z29B\" target=\"_blank\" rel=\"noopener\"><img decoding=\"async\" class=\"size-full\" src=\"https:\/\/lh3.googleusercontent.com\/pw\/AMWts8DtiKT9Rm70oMwdbYZJ748LtsS1_O01PCRRMInwMtmWErIC1xfF1Q7c0C9osTZavQ6eWYBIMxLqfJuD1LA3-c31UnbLkrpYvHc1rK5y-E0ZIw7LclLPkCE-QbwPqdXYnp4-AtNY0QThvcI-cHL7touD=w2000-h1333-s-no?authuser=0\" alt=\"Mezeler\" width=\"2000\" height=\"1333\" \/><\/a><figcaption class=\"wp-caption-text\">Mezeler<\/figcaption><\/figure>\n<figure class=\"wp-caption aligncenter\"><a href=\"https:\/\/photos.google.com\/share\/AF1QipO0QTyQbBI3JTbooy4oforY6aDgqkBobBYCCS4sAoLgO9K3ehXzLzR0Fi0UWksJeA\/photo\/AF1QipPFIrtn0QrBKQwNynMfLYJWAeyie51cp-Q6Cck?key=emNwZjFGMDBfd3pFdVctbEFGM012QlNXbUt5Z29B\" target=\"_blank\" rel=\"noopener\"><img decoding=\"async\" class=\"size-full\" src=\"https:\/\/lh3.googleusercontent.com\/pw\/AMWts8ACV8-_TZmbz_9WGemHg0HslRcbgcEIeVT5yHXyX6xPkqeRJUxaVeIpnXOrWe8DJIodQLH4Vjp8RFeV_3UwlSqfTbQ1GHgj3e8AO42LrJfSZdUPfEBAfnGmP_qlRz5SnsudhSX8x6XWp39Ugju0OoCr=w2000-h1333-s-no?authuser=0\" alt=\"karides mayonez\" width=\"2000\" height=\"1333\" \/><\/a><figcaption class=\"wp-caption-text\">karides mayonez<\/figcaption><\/figure>\n<figure class=\"wp-caption aligncenter\"><a href=\"https:\/\/photos.google.com\/share\/AF1QipO0QTyQbBI3JTbooy4oforY6aDgqkBobBYCCS4sAoLgO9K3ehXzLzR0Fi0UWksJeA\/photo\/AF1QipMAEI4BZqLEzz2yeS2L3jD09bYX0kqHY-ncUSA?key=emNwZjFGMDBfd3pFdVctbEFGM012QlNXbUt5Z29B\" target=\"_blank\" rel=\"noopener\"><img decoding=\"async\" class=\"size-full\" src=\"https:\/\/lh3.googleusercontent.com\/pw\/AMWts8AjSo2w0MGZbWtXmQMkhrdGm56_j40TAG9aENK3L2agjZPFS4w3c1qd_DNTFiycM7e3dHL6itXgLnLrRueRFBQ0wjWQGVx7S7JnjFVQsBp50s4j1Q-UDv_aBopU8JRqzg09a-FSmie-vxMkTsUP9JRh=w2000-h1333-s-no?authuser=0\" alt=\"Et biftek ve \u0131zgara bal\u0131k\" width=\"2000\" height=\"1333\" \/><\/a><figcaption class=\"wp-caption-text\">Et biftek ve \u0131zgara bal\u0131k<\/figcaption><\/figure>\n<figure class=\"wp-caption aligncenter\"><a href=\"https:\/\/photos.google.com\/share\/AF1QipO0QTyQbBI3JTbooy4oforY6aDgqkBobBYCCS4sAoLgO9K3ehXzLzR0Fi0UWksJeA\/photo\/AF1QipMW6iYiNwi8iZpUnPDyGo_lu-8SeB4oVP5WlVw?key=emNwZjFGMDBfd3pFdVctbEFGM012QlNXbUt5Z29B\" target=\"_blank\" rel=\"noopener\"><img decoding=\"async\" class=\"size-full\" src=\"https:\/\/lh3.googleusercontent.com\/pw\/AMWts8D0SRceK5jhW2Pr4mcWl4xAD8dNhEYJgdMGKLa4-92vFoJOj2WlkiU_PRmSNLvn_5c3hXoxQiAgACKsViTW3VDWD5ahvE_uTDVLHdxI26zChWDIuGUbX9eb145IvHtVSF0TNWhlNw-sCfCEFNbR6EzL=w2000-h1333-s-no?authuser=0\" alt=\"Karides su\u015fi\" width=\"2000\" height=\"1333\" \/><\/a><figcaption class=\"wp-caption-text\">Karides su\u015fi<\/figcaption><\/figure>\n<figure class=\"wp-caption aligncenter\"><a href=\"https:\/\/photos.google.com\/share\/AF1QipO0QTyQbBI3JTbooy4oforY6aDgqkBobBYCCS4sAoLgO9K3ehXzLzR0Fi0UWksJeA\/photo\/AF1QipO88YVdRfw9FzmptFDlC8YoB_coFK9vMnRm7GU?key=emNwZjFGMDBfd3pFdVctbEFGM012QlNXbUt5Z29B\" target=\"_blank\" rel=\"noopener\"><img decoding=\"async\" class=\"size-full\" src=\"https:\/\/lh3.googleusercontent.com\/pw\/AMWts8BQlPts_4eQGmjpA_RRJVarn9BgjrqO-PDyvModQjALrPU53bgqDigtrzLXzvGOiMGRCGq71OP_ZIZ2S12vEwUuovldVauwqgqPDTUH0SceE7XfErIbU9KtNFFFSOZ7QMXsB8Rl_y_7BZH_wTC8Itgp=w2000-h1333-s-no?authuser=0\" alt=\"\u00c7e\u015fitli kekler\" width=\"2000\" height=\"1333\" \/><\/a><figcaption class=\"wp-caption-text\">\u00c7e\u015fitli kekler<\/figcaption><\/figure>\n<figure class=\"wp-caption aligncenter\"><a href=\"https:\/\/photos.google.com\/share\/AF1QipO0QTyQbBI3JTbooy4oforY6aDgqkBobBYCCS4sAoLgO9K3ehXzLzR0Fi0UWksJeA\/photo\/AF1QipN9XyZApRdqEdVAE99_AuL2Oiu5fCh4qac8ijA?key=emNwZjFGMDBfd3pFdVctbEFGM012QlNXbUt5Z29B\" target=\"_blank\" rel=\"noopener\"><img decoding=\"async\" class=\"size-full\" src=\"https:\/\/lh3.googleusercontent.com\/pw\/AMWts8BtBoy8TnMHUNltqIZbAfHM1f3KBNpU4YEkVaxNSg9OVKn20XXMB2cIZ6xH_wS3ruRxJ1MoYeChmcXl3tM0N61Wg75_o7K_w2v9_NogBe1SsguHwXMu_JFAYiPTMsLQByuwsJuSNeFfoA0bgSoV0uij=w2000-h1333-s-no?authuser=0\" alt=\"Samimi bir ortam. . .\" width=\"2000\" height=\"1333\" \/><\/a><figcaption class=\"wp-caption-text\">Samimi bir ortam. . .<\/figcaption><\/figure>\n<figure class=\"wp-caption aligncenter\"><a href=\"https:\/\/photos.google.com\/share\/AF1QipO0QTyQbBI3JTbooy4oforY6aDgqkBobBYCCS4sAoLgO9K3ehXzLzR0Fi0UWksJeA\/photo\/AF1QipOsRx2KIa8uzOzrLB33Inhj78Po5hE0h4POx0g?key=emNwZjFGMDBfd3pFdVctbEFGM012QlNXbUt5Z29B\" target=\"_blank\" rel=\"noopener\"><img decoding=\"async\" class=\"size-full\" src=\"https:\/\/lh3.googleusercontent.com\/pw\/AMWts8AQLW1bWffg65KGqBUG_YM5uxMmO2XVN2hzgXMoTaOrvJkIEWxvb7vMnS8veRN_HR8fVBmAc_gqjKbCWvxwAv7h4MoQmy3ZUiquY6kswWyANQYhJlhEb3-QeYK5moNt5ZhX6EGhZyVo25fWl3XRbarV=w2000-h1333-s-no?authuser=0\" alt=\"Hadi g\u00fczel bir sohbet edelim!\" width=\"2000\" height=\"1333\" \/><\/a><figcaption class=\"wp-caption-text\">Hadi g\u00fczel bir sohbet edelim!<\/figcaption><\/figure>\n<figure class=\"wp-caption aligncenter\"><a href=\"https:\/\/photos.google.com\/share\/AF1QipO0QTyQbBI3JTbooy4oforY6aDgqkBobBYCCS4sAoLgO9K3ehXzLzR0Fi0UWksJeA\/photo\/AF1QipNYN-nYXxTT391G6m8zpaGAbR8BzWJk55N95hc?key=emNwZjFGMDBfd3pFdVctbEFGM012QlNXbUt5Z29B\" target=\"_blank\" rel=\"noopener\"><img decoding=\"async\" class=\"size-full\" src=\"https:\/\/lh3.googleusercontent.com\/pw\/AMWts8DaxOTwdE0y5sl_8eWTX__G-gcVlq7Y-cdjc3XuXVefusq3svVGLDyntzeKrXgteTLQDms_EYRVU6MPmen2MzIuwesFEk3I2qnkFM_ycAlvjuK4wjGyDTcJFNGi8hTjt9ZAhVCGu-mAMUfLwzlyEDxO=w2000-h1333-s-no?authuser=0\" alt=\"E\u015fi Masako-san da onu selamlad\u0131.\" width=\"2000\" height=\"1333\" \/><\/a><figcaption class=\"wp-caption-text\">E\u015fi Masako-san da onu selamlad\u0131.<\/figcaption><\/figure>\n<figure class=\"wp-caption aligncenter\"><a href=\"https:\/\/photos.google.com\/share\/AF1QipO0QTyQbBI3JTbooy4oforY6aDgqkBobBYCCS4sAoLgO9K3ehXzLzR0Fi0UWksJeA\/photo\/AF1QipPZNLtGklPJLcYzpMFOZLXBg6if1g4tZX3d0pk?key=emNwZjFGMDBfd3pFdVctbEFGM012QlNXbUt5Z29B\" target=\"_blank\" rel=\"noopener\"><img decoding=\"async\" class=\"size-full\" src=\"https:\/\/lh3.googleusercontent.com\/pw\/AMWts8BDSUbTaLC82s1nazaUy_txJ4lyjrWN_7SWiCnpaFCx-bFamE92pCSUvnvKbg7GXWaSjOqT7TpfLhQJBrVe8NLRZkxPZbMNMYRQiXMPHoORD48zioGVGQUXrj17-5Gc3etQ19I9dPYGbzPW_6s13YIR=w2000-h1333-s-no?authuser=0\" alt=\"G\u00fcl\u00fcmsemelerle dolu. . .\" width=\"2000\" height=\"1333\" \/><\/a><figcaption class=\"wp-caption-text\">G\u00fcl\u00fcmsemelerle dolu. . .<\/figcaption><\/figure>\n<figure class=\"wp-caption aligncenter\"><a href=\"https:\/\/photos.google.com\/share\/AF1QipO0QTyQbBI3JTbooy4oforY6aDgqkBobBYCCS4sAoLgO9K3ehXzLzR0Fi0UWksJeA\/photo\/AF1QipM4Wa_azBEQg8RolG9VRBl_jqSXIrSFUQjDYoI?key=emNwZjFGMDBfd3pFdVctbEFGM012QlNXbUt5Z29B\" target=\"_blank\" rel=\"noopener\"><img decoding=\"async\" class=\"size-full\" src=\"https:\/\/lh3.googleusercontent.com\/pw\/AMWts8Cz_J0Z2F3iBcF1-_bBTnHR5CKCKFL6GcTvalwZ6KNxvB4lWV6lfRWzI0hRLLGKoWHwLzkaqTjEmNN-RTNk4zoYUok3b3Pq-GtGPaTZwbJfewSQIB8Gh6BR-FrXAXyKOy4PvYft1kfXej2kHvQzHw3B=w2000-h1333-s-no?authuser=0\" alt=\"Nostalji dolu. . .\" width=\"2000\" height=\"1333\" \/><\/a><figcaption class=\"wp-caption-text\">Nostalji dolu. . .<\/figcaption><\/figure>\n<figure class=\"wp-caption aligncenter\"><a href=\"https:\/\/photos.google.com\/share\/AF1QipO0QTyQbBI3JTbooy4oforY6aDgqkBobBYCCS4sAoLgO9K3ehXzLzR0Fi0UWksJeA\/photo\/AF1QipPwj1upLhwxPme96HTkIIAyuVXgt-MNctPL3PY?key=emNwZjFGMDBfd3pFdVctbEFGM012QlNXbUt5Z29B\" target=\"_blank\" rel=\"noopener\"><img decoding=\"async\" class=\"size-full\" src=\"https:\/\/lh3.googleusercontent.com\/pw\/AMWts8AsVxqFNlY72Ah8UbFpjsMNeMnHm9BtQ-5FerjJE6TAFeMr4f2MCpveQ30Vawb8e8r1FLzn4XCztqrlTE7owOsm9q_V1LXFWT1JRVq3kiBUOxFEBLBbOIzd1AypqHvuCC9WtC_LG6xwUYvxAL-zZgTM=w2000-h1333-s-no?authuser=0\" alt=\"Gelece\u011fi gen\u00e7lere b\u0131rak\u0131n!\" width=\"2000\" height=\"1333\" \/><\/a><figcaption class=\"wp-caption-text\">Gelece\u011fi gen\u00e7lere b\u0131rak\u0131n!<\/figcaption><\/figure>\n<figure class=\"wp-caption aligncenter\"><a href=\"https:\/\/photos.google.com\/share\/AF1QipO0QTyQbBI3JTbooy4oforY6aDgqkBobBYCCS4sAoLgO9K3ehXzLzR0Fi0UWksJeA\/photo\/AF1QipNZenkEWCsiH-tSZdoi2NpbEMFuf9eSOoH-WZY?key=emNwZjFGMDBfd3pFdVctbEFGM012QlNXbUt5Z29B\" target=\"_blank\" rel=\"noopener\"><img decoding=\"async\" class=\"size-full\" src=\"https:\/\/lh3.googleusercontent.com\/pw\/AMWts8Be1ccdFIphgsD_mvsxyH-DUWLm_uWJp58YkTsrpQg0rxz7DVXJPgzmORlzloRZF8msBYipIt3j7TV6eddR2BHxhx9npeYWvuYsvi305htAUiNXL8HzOpu1Do4SVp1Af978cdWb-nR0PVTV-LiuXvZF=w2000-h1500-s-no?authuser=0\" alt=\"O\u011fullar\u0131 Masayasu ve Toshimasa\" width=\"2000\" height=\"1500\" \/><\/a><figcaption class=\"wp-caption-text\">O\u011fullar\u0131 Masayasu ve Toshimasa<\/figcaption><\/figure>\n<figure class=\"wp-caption aligncenter\"><a href=\"https:\/\/www.facebook.com\/permalink.php?story_fbid=241435591590302&#038;id=100071715884260\" target=\"_blank\" rel=\"noopener\"><img decoding=\"async\" class=\"size-full\" src=\"https:\/\/lh3.googleusercontent.com\/pw\/AMWts8CLk_VFFPkm0r-e-cDi992_cWLrk-K1fUoYe3-nmQapIYGPsltSHXc5zdDt-J3jET1PRHX_cCF-MFmdp4BHLVAPerOkMZnhwjkO4midkx6PpgQMtn6Cwe7toUchRsOj7C60RY1PQZDDduBCgvRkVEwt=w1237-h861-s-no?authuser=0\" alt=\"Belediye Ba\u015fkan\u0131 Sano&#039;ya kadeh kald\u0131r\u0131n!\" width=\"2000\" height=\"1500\" \/><figcaption class=\"wp-caption-text\">Belediye Ba\u015fkan\u0131 Sano&#039;ya kadeh kald\u0131r\u0131n! (Foto\u011fraf Belediye Ba\u015fkan\u0131 Yutaka Sano&#039;nun Facebook sayfas\u0131 taraf\u0131ndan sa\u011flanm\u0131\u015ft\u0131r)<\/a><\/figcaption><\/figure>\n<figure class=\"wp-caption aligncenter\"><a href=\"https:\/\/photos.google.com\/share\/AF1QipPm1CRKNvkMgB4rYP7TGWdPEp4qNOdYdOlVPb4tMV8XmGqBZs-VmN-dtU-wE1RUrg?key=ejhWRUxZb2phbUVfc21MdDZDRFNUcDhLeXhrY0pn\" target=\"_blank\" rel=\"noopener\"><img decoding=\"async\" class=\"size-full\" src=\"https:\/\/lh3.googleusercontent.com\/pw\/AMWts8C9YKPMDZqRSvTErz3E9EEevd1VkQGblsi44scYEJt06xsx-s4EQgjdW9hZ4JhwWgKn8UwJhos-UCUTra0p683vO3Yhz4XKMl926wSKYC9-lgFcoi_eCQxbBwKpPTJhnUA607PS3RDqwUt7xKn57dXd=w2000-h1500-s-no?authuser=0\" alt=\"Hi\u00e7 bitmeyen bir konu\u015fmalar dizisi. . .\" width=\"2000\" height=\"1500\" \/><\/a><figcaption class=\"wp-caption-text\">Hi\u00e7 bitmeyen bir konu\u015fmalar dizisi. . .<\/figcaption><\/figure>\n<figure class=\"wp-caption aligncenter\"><a href=\"https:\/\/photos.google.com\/share\/AF1QipO0QTyQbBI3JTbooy4oforY6aDgqkBobBYCCS4sAoLgO9K3ehXzLzR0Fi0UWksJeA\/photo\/AF1QipNqaYAxkCZlZk4M4CYWjshZHZt6kDJrCaX7EuM?key=emNwZjFGMDBfd3pFdVctbEFGM012QlNXbUt5Z29B\" target=\"_blank\" rel=\"noopener\"><img decoding=\"async\" class=\"size-full\" src=\"https:\/\/lh3.googleusercontent.com\/pw\/AMWts8AzgYxuoS590KrxZsClUu9dDkYQ88EcQRJ2weCz_NrcilTj6rVUt7ywpq01x9LUG8qgEXE4F1RQGvE0Dr0D-FQ28QinOoZykjCGbdNuoLETjhrxDgyb0SCK8SB8uvNjtb4CGZIMUFneqLweZ_aJIDp4=w2000-h1500-s-no?authuser=0\" alt=\"Kitary\u016b Belediye Meclisi \u00dcyesi Ozaki Keiko ile el s\u0131k\u0131\u015f\u0131rken. . .\" width=\"2000\" height=\"1500\" \/><\/a><figcaption class=\"wp-caption-text\">Kitary\u016b Belediye Meclisi \u00dcyesi Ozaki Keiko ile el s\u0131k\u0131\u015f\u0131rken. . .<\/figcaption><\/figure>\n<figure class=\"wp-caption aligncenter\"><a href=\"https:\/\/photos.google.com\/share\/AF1QipO0QTyQbBI3JTbooy4oforY6aDgqkBobBYCCS4sAoLgO9K3ehXzLzR0Fi0UWksJeA\/photo\/AF1QipNn_ncklS5xWxBTqEE4aMBTK5fUDuHnVgLM48s?key=emNwZjFGMDBfd3pFdVctbEFGM012QlNXbUt5Z29B\" target=\"_blank\" rel=\"noopener\"><img decoding=\"async\" class=\"size-full\" src=\"https:\/\/lh3.googleusercontent.com\/pw\/AMWts8DC5qX-9iwEHm82ti9-BI7BNrDqfAtlvVtJxCjaLdzSseYbVsxsNysDmLn46Xlt_v2r0sjiQGG3NL-8SlWJAP8xA1HHBFgc9SXUuFW9CdyivrpBNKHzgUN6nbGKf47nhYoIKtRu2fdGY_HZNotyhlyY=w2000-h1500-s-no?authuser=0\" alt=\"Parti t\u00fcm h\u0131z\u0131yla devam ediyor. . .\" width=\"2000\" height=\"1500\" \/><\/a><figcaption class=\"wp-caption-text\">Parti t\u00fcm h\u0131z\u0131yla devam ediyor. . .<\/figcaption><\/figure>\n<h2>\u00dc\u00e7 alk\u0131\u015f: Hokuryu Kasaba Tar\u0131m Komitesi Ba\u015fkan\u0131 Shigeki Mizutani<\/h2>\n<ul>\n<li><strong>Ba\u015fkan Mizutani:<\/strong>Tebrikler! Hep birlikte co\u015fkuyla \u00fc\u00e7 kez &quot;Banzai&quot; diye ba\u011f\u0131ral\u0131m!<\/li>\n<li><strong>mekan :<\/strong>resim! Bu kadar m\u0131? (Y\u00dcKSEK SESLE G\u00dcLMEK!)<\/li>\n<li><strong>Ba\u015fkan Mizutani:<\/strong>\u00c7ok fazla konu\u015fmayaca\u011f\u0131m!<\/li>\n<li><strong>Ba\u015fkan Mizutani:<\/strong>Ya\u015fas\u0131n Okura Ryoji! Ya\u015fas\u0131n! Ya\u015fas\u0131n! Ya\u015fas\u0131n g\u00f6kler, ya\u015fas\u0131n yer ve ya\u015fas\u0131n su! Ya\u015fas\u0131n! Ya\u015fas\u0131n!<\/li>\n<\/ul>\n<h2>Veda etmek<\/h2>\n<p>Kutlama g\u00f6rkemli bir \u015fekilde sona erdi ve sonunda Huang Cang ailesi herkesi otel giri\u015finde u\u011furlad\u0131.<\/p>\n<figure class=\"wp-caption aligncenter\"><a href=\"https:\/\/photos.google.com\/share\/AF1QipO0QTyQbBI3JTbooy4oforY6aDgqkBobBYCCS4sAoLgO9K3ehXzLzR0Fi0UWksJeA\/photo\/AF1QipNNNXGWhF6g66sk5Umjy2n2hyLBgBM_2yco8SI?key=emNwZjFGMDBfd3pFdVctbEFGM012QlNXbUt5Z29B\" target=\"_blank\" rel=\"noopener\"><img decoding=\"async\" class=\"size-full\" src=\"https:\/\/lh3.googleusercontent.com\/pw\/AMWts8BSnBRlzL6rOt46BQhvaOru2YivaFG1Cozvs9WAfssGCkDWdYJ5asT33bZZyD5Ad-HqimgKnRGDFAGo5brQlBkHpMcsMFdj249B7PrlvT1Bldwn9L-4ejHdXVFmi8H6SEML7a5WpevcKXGFbHethTWJ=w2000-h1125-s-no?authuser=0\" alt=\"Hepinizi u\u011furluyorum!\" width=\"2000\" height=\"1125\" \/><\/a><figcaption class=\"wp-caption-text\">Hepinizi u\u011furluyorum!<\/figcaption><\/figure>\n<figure class=\"wp-caption aligncenter\"><a href=\"https:\/\/photos.google.com\/share\/AF1QipO0QTyQbBI3JTbooy4oforY6aDgqkBobBYCCS4sAoLgO9K3ehXzLzR0Fi0UWksJeA\/photo\/AF1QipPJsGljyIsxuapiCSY6ug9D4uc7hIlxr_emruQ?key=emNwZjFGMDBfd3pFdVctbEFGM012QlNXbUt5Z29B\" target=\"_blank\" rel=\"noopener\"><img decoding=\"async\" class=\"size-full\" src=\"https:\/\/lh3.googleusercontent.com\/pw\/AMWts8DsnAtHmXLGT7P6Idbz37FNcFFBltiWsIujooBi6K5fvyMUCOMohG-pObDYaIauwQ07cWsNSD3L6RelCuajjebYy2N3GQ3vC2BLcTF-RcluF-MYB5KxrRxt6uBFV_lSspEbYZSfYJP8gxzDRhZDKys8=w2000-h1333-s-no?authuser=0\" alt=\"Anma aile foto\u011fraf\u0131\" width=\"2000\" height=\"1333\" \/><\/a><figcaption class=\"wp-caption-text\">Anma aile foto\u011fraf\u0131<\/figcaption><\/figure>\n<figure class=\"wp-caption aligncenter\"><a href=\"https:\/\/photos.google.com\/share\/AF1QipO0QTyQbBI3JTbooy4oforY6aDgqkBobBYCCS4sAoLgO9K3ehXzLzR0Fi0UWksJeA\/photo\/AF1QipNOT4suFlKJSukNhvbVtNNe63FpvJmiEwJcXtc?key=emNwZjFGMDBfd3pFdVctbEFGM012QlNXbUt5Z29B\" target=\"_blank\" rel=\"noopener\"><img decoding=\"async\" class=\"size-full\" src=\"https:\/\/lh3.googleusercontent.com\/pw\/AMWts8CL015-ixnBC4vZwF232cdCWX99bMHpKqmZO-SOkVMisk8X1tYi6_AZP2-d1xX34WYsKcfxl3jk5hrJ2Db7_yDWcQVPnqTkf3_IqUQk8_Ph4gpsfWA6mX8xr3AAg3NPOXvoJnFtZaaDLBMJNJfqMk2k=w2000-h1500-s-no?authuser=0\" alt=\"&quot;Yemek hayatt\u0131r&quot; s\u00f6z\u00fcn\u00fcn y\u00fcce ruhunu temsil eden fahri ikamet eden Kikura Ryoji&#039;ye y\u00fcrekten \u015f\u00fckranlar\u0131m\u0131zla!\" width=\"2000\" height=\"1500\" \/><\/a><figcaption class=\"wp-caption-text\">&quot;Yemek hayatt\u0131r&quot; s\u00f6z\u00fcn\u00fcn y\u00fcce ruhunu temsil eden fahri ikamet eden Kikura Ryoji&#039;ye y\u00fcrekten \u015f\u00fckranlar\u0131m\u0131zla!<\/figcaption><\/figure>\n<h2>Hat\u0131ra E\u015fyalar\u0131<\/h2>\n<figure class=\"wp-caption aligncenter\"><a href=\"https:\/\/photos.google.com\/share\/AF1QipO0QTyQbBI3JTbooy4oforY6aDgqkBobBYCCS4sAoLgO9K3ehXzLzR0Fi0UWksJeA\/photo\/AF1QipMbwoU5GDpzLKV0PueWpL4_lhFK4OueMQNqJgE?key=emNwZjFGMDBfd3pFdVctbEFGM012QlNXbUt5Z29B\" target=\"_blank\" rel=\"noopener\"><img decoding=\"async\" class=\"size-full\" src=\"https:\/\/lh3.googleusercontent.com\/pw\/AMWts8BURgDQqUJiHJMo852JlQzEJbBWBKOYwGgr0xnG-61IhAkLZkV9zOuw4g9LdvhnycU1_MnO9fuyD8NdIaAZVpeJg0rqXPZzmrytEBFaWyARUMUwGaCWdFpbehISRHD5cust1FgcJXxCumXKHdQRctl3=w2000-h1500-s-no?authuser=0\" alt=\"Hat\u0131ra: Ay\u00e7i\u00e7ek ya\u011f\u0131 ve Kurosengoku soya fasulyesi seti\" width=\"2000\" height=\"1500\" \/><\/a><figcaption class=\"wp-caption-text\">Hat\u0131ra: Ay\u00e7i\u00e7ek ya\u011f\u0131 ve Kurosengoku soya fasulyesi seti<\/figcaption><\/figure>\n<p>Hokuryu Kasabas\u0131 fahri vatanda\u015f\u0131 olan ve &quot;yemek hayatt\u0131r&quot; ruhunu aktarmaya devam eden Say\u0131n Ryoji Kikura&#039;n\u0131n yorulmak bilmeyen \u00e7abalar\u0131 ve parlak onuru i\u00e7in s\u0131n\u0131rs\u0131z sevgi, \u015f\u00fckran ve dualar\u0131m\u0131zla. . .<\/p>\n<h2>Di\u011fer foto\u011fraflar<\/h2>\n<div class=\"img-move\"><img decoding=\"async\" style=\"vertical-align: middle;\" src=\"https:\/\/ehokkaido.net\/wp-content\/uploads\/2021\/12\/2021-12-06-11.41.12.png\" \/> <a href=\"https:\/\/photos.app.goo.gl\/7CdAv5DYjTakSb6u7\" target=\"_blank\" rel=\"noopener noreferrer\">Ryoji Kikura&#039;n\u0131n Hokuryu Kasabas\u0131 fahri vatanda\u015f\u0131 olmas\u0131 kutlamas\u0131ndan foto\u011fraflar (145 foto\u011fraf) burada mevcuttur &gt;&gt;<\/a><\/div>\n<h3>522 devam eden de\u011fi\u015fimin (derslerin) konusu<\/h3>\n<div class=\"column column-255\">\n<div class=\"column__item\"><a href=\"https:\/\/photos.google.com\/share\/AF1QipO0QTyQbBI3JTbooy4oforY6aDgqkBobBYCCS4sAoLgO9K3ehXzLzR0Fi0UWksJeA\/photo\/AF1QipP_Wy8NjifosuaABijzWUrP99yyUOa9yVUCg98?key=emNwZjFGMDBfd3pFdVctbEFGM012QlNXbUt5Z29B\" target=\"_blank\" rel=\"noopener\"><img decoding=\"async\" src=\"https:\/\/lh3.googleusercontent.com\/pw\/AMWts8AJQN2hhJK2vXZAgpwuvXwcPJ7YKJJd3HQWOpDNcLyC_QtwTQqGe8Xms7JD8SsBJxlLRrEqIZJuIuWVxpJbYGEjHyUs-ZbZQKD1I0fXnxS2VJdGc6U9KKdQOrn2XtkZVL0NILM2ogdwFALLQdcsRhVB=w2000-h1500-s-no?authuser=0\" alt=\"Yemek hayatt\u0131r\" style=\"border:solid 1px blue\" width=\"300\"\/><\/a><\/div>\n<div class=\"column__item\"><a href=\"https:\/\/photos.google.com\/share\/AF1QipO0QTyQbBI3JTbooy4oforY6aDgqkBobBYCCS4sAoLgO9K3ehXzLzR0Fi0UWksJeA\/photo\/AF1QipP3z6xOKWSuI6VvuMnkzwG20MttEgG0OCp5TII?key=emNwZjFGMDBfd3pFdVctbEFGM012QlNXbUt5Z29B\" target=\"_blank\" rel=\"noopener\"><img decoding=\"async\" src=\"https:\/\/lh3.googleusercontent.com\/pw\/AMWts8CSjPolLKOyeGfoo8w7Zena0SvixnKLgKRapqeUtJk2JDMQKjt4KzL2T94LoDQOJixwYnoshEbAI0--0RXHckMPteP0TtzYrWenqAFNry2afoXhU0dmohDCDHEfqOkI5L85-A8_2iU7ZvFDzmn3vh9h=w2000-h1500-s-no?authuser=0\" alt=\"Say\u0131n Ryoji Kikura&#039;n\u0131n fahri vatanda\u015f olarak kutlanmas\u0131\" style=\"border:solid 1px blue\" width=\"300\"\/><\/a><\/div>\n<\/div>\n<p>\u00dcretici-t\u00fcketici ortakl\u0131\u011f\u0131, t\u00fcketici ortakl\u0131\u011f\u0131, bir ya\u015fam k\u00f6pr\u00fcs\u00fc, bir ya\u015fam ba\u011f\u0131<br \/>\nGeni\u015f tabanl\u0131, kal\u0131c\u0131 ve her alanda<br \/>\nTarih ve nesiller aras\u0131nda etkile\u015fim<\/p>\n<ol>\n<li>Bu d\u00fcnyada en \u00f6nemli \u015fey hayatt\u0131r.<\/li>\n<li>Hayat\u0131 koruyan ve besleyen bir \u015fey<\/li>\n<li>Tar\u0131m Nedir?<\/li>\n<li>S\u00fcrd\u00fcr\u00fclebilir kalk\u0131nmay\u0131 hedefleyen \u00f6neriler ve bildirgeler<\/li>\n<li>Ger\u00e7ek olan nedir?<\/li>\n<li>Hokuryu Kasabas\u0131 &quot;koruma odakl\u0131 bir tar\u0131m ortam\u0131&quot; elde etmeyi hedefliyor<\/li>\n<li>G\u00fcvenli g\u0131da \u00fcretimini s\u00fcrd\u00fcren kalite kontrol\u00fc i\u00e7in Tanr\u0131&#039;ya \u015f\u00fck\u00fcrler olsun<br \/>\n- Da\u011flar\u0131, a\u011fa\u00e7lar\u0131 ve ye\u015filli\u011fi korumak, g\u00fc\u00e7l\u00fc ve bol su temin etmek<br \/>\n- Nesilden nesile gurur duyabilece\u011fimiz topraklar\u0131 devretmek<br \/>\n-\u00c7ift\u00e7ilerin becerilerini ve ruhunu geli\u015ftirmeye devam etmek<br \/>\n\u30fb\u0130nsanlar\u0131 rol\u00fc \u00fcstlenmeye motive etmek<\/li>\n<li>Ger\u00e7ek zenginli\u011fi ve mutlulu\u011fu hedefliyoruz<br \/>\n\u30fbA\u00e7l\u0131\u011f\u0131n \u00fcstesinden gelmek (zihinsel, fiziksel ve sosyal a\u00e7l\u0131k)<br \/>\n\u30fbSa\u011fl\u0131\u011f\u0131n iyile\u015ftirilmesi (zihinsel, fiziksel ve sosyal sa\u011fl\u0131k)<br \/>\n- G\u00fcvenli bir toplum in\u015fa etmek (zihinsel, fiziksel ve sosyal g\u00fcvenlik)<br \/>\n- Sava\u015f ve felaketlerden uzak, ailelerin \u00e7al\u0131\u015f\u0131p sa\u011fl\u0131kl\u0131 bir hayat s\u00fcrd\u00fcrebildi\u011fi k\u00f6y, kasaba ve \u015fehirlerde ya\u015famak ve bu faaliyetlerle insanlara, topluma ve topluma katk\u0131da bulunmak.<\/li>\n<\/ol>\n<div class=\"img-move\">\n<span style=\"font-size:18pt\"><strong>\u2742 <a href=\"https:\/\/photos.app.goo.gl\/XaZgRrk4fjYvEBge9\" rel=\"noopener\" target=\"_blank\">Ryoji Kikura&#039;n\u0131n bro\u015f\u00fcrlerine buradan ula\u015fabilirsiniz &gt;&gt;<\/strong><\/a><\/span><\/div>\n<h3>Ay\u00e7i\u00e7eklerinde bar\u0131\u015f i\u00e7in dua ediyoruz<br \/>\n<span style=\"font-size:11pt\">Hokkaido Shimbun &quot;Okuyucular\u0131n G\u00f6r\u00fc\u015fleri&quot; (sabah bask\u0131s\u0131, 13 A\u011fustos 2022)<\/span><\/h3>\n<div class=\"column column-255\">\n<div class=\"column__item\"><a href=\"https:\/\/photos.google.com\/share\/AF1QipO0QTyQbBI3JTbooy4oforY6aDgqkBobBYCCS4sAoLgO9K3ehXzLzR0Fi0UWksJeA\/photo\/AF1QipPO-8605bmeaIfhOEp4_JAashLB2RjBkTES26M?key=emNwZjFGMDBfd3pFdVctbEFGM012QlNXbUt5Z29B\" target=\"_blank\" rel=\"noopener\"><img decoding=\"async\" src=\"https:\/\/lh3.googleusercontent.com\/pw\/AMWts8BxpT3ckd2lN4B99ciRnyHwdj5RNSRcQJnU5GEQOPkOehk7k7s4aImFXEwKCc5-DQAyv2YEORYM6t2i0gNRzfWGAxEFDGSDBdS6qTHAI3aJSd6MGIOFIKJcluIhvs3viFe59I-WW03nQzJvKvZ5xDQG=w2000-h1500-s-no?authuser=0\" alt=\"Bay Ryoji Kikura&#039;ya Onursal Vatanda\u015f Madalyas\u0131\" style=\"border:solid 1px blue\" width=\"300\"\/><\/a><\/div>\n<div class=\"column__item\"><a href=\"https:\/\/photos.google.com\/share\/AF1QipO0QTyQbBI3JTbooy4oforY6aDgqkBobBYCCS4sAoLgO9K3ehXzLzR0Fi0UWksJeA\/photo\/AF1QipO3AwoEKIPVQWgXss-L1vohHHK8sF5uUeqY6ho?key=emNwZjFGMDBfd3pFdVctbEFGM012QlNXbUt5Z29B\" target=\"_blank\" rel=\"noopener\"><img decoding=\"async\" src=\"https:\/\/lh3.googleusercontent.com\/pw\/AMWts8B1EEW7Tr1_fiO6SXDw_SBoVIaM1V6oclhjJmyZYcB8VtnPfZboD9MbkjU4KOqUlGGFdwwbhZwBPbjLDnA00hN_NU-DnNLxZgrmAkWY-K1Np9Bn_mPs3Zq1yFx0b_DcH1xPPBhQUkguL40WGo9ytM06=w2000-h1500-s-no?authuser=0\" alt=\"Ryoji Kikura&#039;n\u0131n \u00f6zge\u00e7mi\u015fi\" style=\"border:solid 1px blue\" width=\"300\"\/><\/a><\/div>\n<\/div>\n\n        <div class=\"site-blogcard-premium\">\n            <div class=\"bc-label-custom\">\u0130lgili makaleler<\/div>\n            <div class=\"bc-flex-container\">\n                <div class=\"bc-main-text\">\n                    <div class=\"bc-title-link-box\">\n                        <a href=\"https:\/\/portal.hokuryu.info\/tr\/22374\/\" target=\"_blank\">https:\/\/portal.hokuryu.info\/22374<\/a>\n                    <\/div>\n                    <div class=\"bc-excerpt-box\">Sayfa bilgileri al\u0131namad\u0131.<\/div>\n                <\/div>\n                <div class=\"bc-thumbnail-box\">\n                    <a href=\"https:\/\/portal.hokuryu.info\/tr\/22374\/\" target=\"_blank\">\n                        <div class=\"bc-img-zoom-wrap\">\n                            <img decoding=\"async\" src=\"https:\/\/portal.hokuryu.info\/wp\/wp-content\/uploads\/2026\/02\/20230802DSC06445_1.jpg\" alt=\"https:\/\/portal.hokuryu.info\/22374\">\n                        <\/div>\n                    <\/a>\n                <\/div>\n            <\/div>\n        <\/div>\n<h2>\u0130lgili Makaleler\/Siteler<\/h2>\n\n        <div class=\"site-blogcard-premium\">\n            <div class=\"bc-label-custom\">\u0130lgili makaleler<\/div>\n            <div class=\"bc-flex-container\">\n                <div class=\"bc-main-text\">\n                    <div class=\"bc-title-link-box\">\n                        <a href=\"https:\/\/portal.hokuryu.info\/tr\/31230\/\" target=\"_blank\">https:\/\/portal.hokuryu.info\/31230<\/a>\n                    <\/div>\n                    <div class=\"bc-excerpt-box\">Sayfa bilgileri al\u0131namad\u0131.<\/div>\n                <\/div>\n                <div class=\"bc-thumbnail-box\">\n                    <a href=\"https:\/\/portal.hokuryu.info\/tr\/31230\/\" target=\"_blank\">\n                        <div class=\"bc-img-zoom-wrap\">\n                            <img decoding=\"async\" src=\"https:\/\/portal.hokuryu.info\/wp\/wp-content\/uploads\/2026\/02\/20230802DSC06445_1.jpg\" alt=\"https:\/\/portal.hokuryu.info\/31230\">\n                        <\/div>\n                    <\/a>\n                <\/div>\n            <\/div>\n        <\/div>\n\n        <div class=\"site-blogcard-premium\">\n            <div class=\"bc-label-custom\">\u0130lgili makaleler<\/div>\n            <div class=\"bc-flex-container\">\n                <div class=\"bc-main-text\">\n                    <div class=\"bc-title-link-box\">\n                        <a href=\"https:\/\/portal.hokuryu.info\/tr\/27092\/\" target=\"_blank\">https:\/\/portal.hokuryu.info\/27092<\/a>\n                    <\/div>\n                    <div class=\"bc-excerpt-box\">Sayfa bilgileri al\u0131namad\u0131.<\/div>\n                <\/div>\n                <div class=\"bc-thumbnail-box\">\n                    <a href=\"https:\/\/portal.hokuryu.info\/tr\/27092\/\" target=\"_blank\">\n                        <div class=\"bc-img-zoom-wrap\">\n                            <img decoding=\"async\" src=\"https:\/\/portal.hokuryu.info\/wp\/wp-content\/uploads\/2026\/02\/20230802DSC06445_1.jpg\" alt=\"https:\/\/portal.hokuryu.info\/27092\">\n                        <\/div>\n                    <\/a>\n                <\/div>\n            <\/div>\n        <\/div>\n<p>\u25c7 \u00c7ekim ve kurgu: Noboru Terauchi R\u00f6portaj ve metin: Ikuko Terauchi<\/p>","protected":false},"excerpt":{"rendered":"<p>\uff12\uff10\uff12\uff13\u5e74\uff13\u6708\uff12\uff18\u65e5\uff08\u706b\uff09 \u4ee4\u548c\uff15\u5e74\uff13\u6708\uff12\uff15\u65e5\uff08\u571f\uff09\u5348\u5f8c\uff14\u6642\u3001\u9ec4\u5009\u826f\u4e8c\u6c0f\u540d\u8a89\u753a\u6c11\u795d\u8cc0\u4f1a\u304c\u3001\u30b5\u30f3\u30d5\u30e9\u30ef\u30fc\u30d1\u30fc\u30af\u5317\u7adc\u6e29\u6cc9\u306b\u3066\u958b\u50ac\u3055\u308c\u307e\u3057\u305f\u3002\u753a\u6c11\uff11\uff11\uff16\u4eba\u306e\u65b9\u3005\u304c\u53c2\u52a0\u3057\u3001\u76db\u5927\u306b\u304a\u795d\u3044\u3057\u9ec4\u5009\u6c0f\u306e\u6804\u8a89\u3092\u8b83\u3048\u307e\u3057 [&hellip;]<\/p>\n","protected":false},"author":1,"featured_media":31122,"comment_status":"open","ping_status":"open","sticky":false,"template":"","format":"standard","meta":{"footnotes":""},"categories":[4,91],"tags":[],"class_list":["post-31020","post","type-post","status-publish","format-standard","has-post-thumbnail","hentry","category-cover-story","category-91"],"_links":{"self":[{"href":"https:\/\/portal.hokuryu.info\/tr\/wp-json\/wp\/v2\/posts\/31020","targetHints":{"allow":["GET"]}}],"collection":[{"href":"https:\/\/portal.hokuryu.info\/tr\/wp-json\/wp\/v2\/posts"}],"about":[{"href":"https:\/\/portal.hokuryu.info\/tr\/wp-json\/wp\/v2\/types\/post"}],"author":[{"embeddable":true,"href":"https:\/\/portal.hokuryu.info\/tr\/wp-json\/wp\/v2\/users\/1"}],"replies":[{"embeddable":true,"href":"https:\/\/portal.hokuryu.info\/tr\/wp-json\/wp\/v2\/comments?post=31020"}],"version-history":[{"count":0,"href":"https:\/\/portal.hokuryu.info\/tr\/wp-json\/wp\/v2\/posts\/31020\/revisions"}],"wp:featuredmedia":[{"embeddable":true,"href":"https:\/\/portal.hokuryu.info\/tr\/wp-json\/wp\/v2\/media\/31122"}],"wp:attachment":[{"href":"https:\/\/portal.hokuryu.info\/tr\/wp-json\/wp\/v2\/media?parent=31020"}],"wp:term":[{"taxonomy":"category","embeddable":true,"href":"https:\/\/portal.hokuryu.info\/tr\/wp-json\/wp\/v2\/categories?post=31020"},{"taxonomy":"post_tag","embeddable":true,"href":"https:\/\/portal.hokuryu.info\/tr\/wp-json\/wp\/v2\/tags?post=31020"}],"curies":[{"name":"wp","href":"https:\/\/api.w.org\/{rel}","templated":true}]}}