{"id":30234,"date":"2023-03-01T06:39:13","date_gmt":"2023-02-28T21:39:13","guid":{"rendered":"https:\/\/portal.hokuryu.info\/?p=30234"},"modified":"2023-03-01T07:42:50","modified_gmt":"2023-02-28T22:42:50","slug":"uryu-numata-ve-hokuryu-kasabalarinda-yerel-ciftcilere-yonelik-egitim-semineri-duzenlendi","status":"publish","type":"post","link":"https:\/\/portal.hokuryu.info\/tr\/30234\/","title":{"rendered":"\u00dc\u00e7 kasabada (Uryu, Numata ve Hokuryu) yerel \u00e7ift\u00e7iler i\u00e7in bir e\u011fitim oturumu d\u00fczenlendi: &quot;Terukazu Tateshita: 2023 hasad\u0131 i\u00e7in pirin\u00e7 tarlas\u0131 \u00e7ift\u00e7ili\u011fine y\u00f6nelik politika hakk\u0131nda&quot; &quot;Saki Takeuchi: Yerel \u00e7ift\u00e7ileri g\u00fcvence alt\u0131na alma y\u00f6ntemleri ve onlar\u0131 nas\u0131l kabul edece\u011fimiz hakk\u0131nda&quot;"},"content":{"rendered":"<p>\u00c7ar\u015famba, 1 Mart 2023<\/p>\n<p>27 \u015eubat Pazartesi g\u00fcn\u00fc saat 14:00&#039;te, \u00dc\u00e7 Kent (Amuryu, Numata, Hokuryu) Tar\u0131msal Geli\u015ftirme Tan\u0131t\u0131m Konseyi Ba\u015fkan\u0131 Yutaka Sano (Hokuryu Belediye Ba\u015fkan\u0131) taraf\u0131ndan desteklenen Yerel \u00c7ift\u00e7iler E\u011fitim Semineri, Kitasorachi Tar\u0131m Kooperatifi Derne\u011fi&#039;nin Hokuryu \u015eube Ofisinde (ikinci kattaki e\u011fitim odas\u0131) d\u00fczenlendi. Etkinli\u011fe \u00fc\u00e7 beldeden 50&#039;yi a\u015fk\u0131n \u00e7ift\u00e7i ve \u00f6rg\u00fct temsilcisi kat\u0131ld\u0131 ve dikkatle dinlediler.<\/p>\n<h2>\u00dc\u00e7 kasabadaki (Uryu, Numata, Hokuryu) yerel \u00e7ift\u00e7ilere y\u00f6nelik e\u011fitim semineri<\/h2>\n<figure class=\"wp-caption aligncenter\"><a href=\"https:\/\/photos.google.com\/share\/AF1QipMKe1qL0cYS__nad6gnp2V506bE5TTz-XbCB1iMnc9gSUleSbIU_raJS_3v4hIrfQ\/photo\/AF1QipPVL29ngBhk7msDIl_6oF40DfG2TP55727aP9k?key=ZXY2YnVJVEExQkJRX3Q4QmUxa0h0QjJRbHIyU0RB\" target=\"_blank\" rel=\"noopener\"><img decoding=\"async\" src=\"https:\/\/lh3.googleusercontent.com\/pw\/AMWts8ATwxLTby96SGd9NfTpvYWdgXTh4Ad1sDvZPNSMaeHPyxclhQuWRVyOn3yD8rPGuGALfGlZkmaMT-ph3PM0rAfCdAi9lVwEki5M49bGGDtFiOhpcviivG-VhbcNzwsUtxROAGPDMPIqmf7o0Kt3yrW6=w2000-h1333-no?authuser=0\" width=\"2000\" height=\"1333\" alt=\"\u00dc\u00e7 kasabadaki (Uryu, Numata, Hokuryu) yerel \u00e7ift\u00e7ilere y\u00f6nelik e\u011fitim semineri\" class=\"size-full\" \/><\/a><figcaption class=\"wp-caption-text\">\u00dc\u00e7 kasabadaki (Uryu, Numata, Hokuryu) yerel \u00e7ift\u00e7ilere y\u00f6nelik e\u011fitim semineri<\/figcaption><\/figure>\n<ul>\n<li><strong>Organizat\u00f6r:<\/strong>Yutaka Sano, \u00dc\u00e7 Kasaban\u0131n (Uryu, Numata, Hokuryu) Tar\u0131msal Y\u00f6netim \u0130yile\u015ftirme Te\u015fvik Konseyi Ba\u015fkan\u0131 (Hokuryu Belediye Ba\u015fkan\u0131)<\/li>\n<li><strong>Tarih ve Saat:<\/strong>Pazartesi, 27 \u015eubat 2020, 14:00-16:00<\/li>\n<li><strong>yer:<\/strong>Kitasorachi Tar\u0131m Kooperatifi Derne\u011fi Hokuryu \u015eubesi, 2. kat e\u011fitim odas\u0131<\/li>\n<\/ul>\n<figure class=\"wp-caption aligncenter\"><a href=\"https:\/\/photos.google.com\/share\/AF1QipMKe1qL0cYS__nad6gnp2V506bE5TTz-XbCB1iMnc9gSUleSbIU_raJS_3v4hIrfQ\/photo\/AF1QipOfRUeDGOgDm7Pv4M7Plv_1Zk3KWc86ej-H0Uk?key=ZXY2YnVJVEExQkJRX3Q4QmUxa0h0QjJRbHIyU0RB\" target=\"_blank\" rel=\"noopener\"><img decoding=\"async\" src=\"https:\/\/lh3.googleusercontent.com\/pw\/AMWts8CDgHgEvj5s7fcnhtagtY7WKwge9WJyqs9vuzQmTP4c4kx6ytoWO2ZrCXjlR1aozVfbcO3J7u9vwLmDs_ZQjug76G6uWFFAgwk2RCXYO87lt5JJjwq1tmWkd_0mz9z926kZdXoqGsXSNKRk8a1thyoN=w2000-h1333-no?authuser=0\" width=\"2000\" height=\"1333\" alt=\"At\u00f6lye Bro\u015f\u00fcr\u00fc\" class=\"size-full\" \/><\/a><figcaption class=\"wp-caption-text\">At\u00f6lye Bro\u015f\u00fcr\u00fc<\/figcaption><\/figure>\n<p>B\u00f6lgenin temel \u00fcr\u00fcn\u00fc olan pirincin \u00fcretim kalitesini ve rekabet g\u00fcc\u00fcn\u00fc art\u0131rmaya \u00e7al\u0131\u015f\u0131rken, tar\u0131m\u0131 \u00e7evreleyen ortam b\u00fcy\u00fck de\u011fi\u015fimler ge\u00e7iriyor.<\/p>\n<p>Bu e\u011fitim oturumunun amac\u0131, \u00e7ift\u00e7ili\u011fin mevcut durumu ve haleflerin nas\u0131l g\u00fcvence alt\u0131na al\u0131naca\u011f\u0131 konusunda anlay\u0131\u015f\u0131 derinle\u015ftirmek ve \u00e7ift\u00e7i say\u0131s\u0131ndaki azalman\u0131n ve halef sorununun yerel alanlar\u0131 ve \u00e7ift\u00e7ilik operasyonlar\u0131n\u0131 etkilemeye ba\u015flad\u0131\u011f\u0131 bir zamanda yerel tar\u0131m\u0131n te\u015fvikine katk\u0131da bulunmakt\u0131r.<\/p>\n<p>E\u011fitim oturumunda iki konu\u015fmac\u0131 yer ald\u0131: Tar\u0131m, Ormanc\u0131l\u0131k ve Bal\u0131k\u00e7\u0131l\u0131k Bakanl\u0131\u011f\u0131, Hokkaido Tar\u0131m Politikas\u0131 Ofisi Asahikawa B\u00f6lge Ofisi Tar\u0131m Politikas\u0131 Tan\u0131t\u0131m Sorumlusu Terukazu Tateshita ve Mynavi Inc., Tar\u0131m, Ormanc\u0131l\u0131k ve Bal\u0131k\u00e7\u0131l\u0131k Jobas \u0130\u015f Birimi, Hokkaido Sat\u0131\u015f B\u00f6l\u00fcm\u00fc B\u00f6l\u00fcm M\u00fcd\u00fcr\u00fc Saki Takeuchi.<\/p>\n<h2>Ana MC: Keiko Tsuzuki, End\u00fcstri B\u00f6l\u00fcm\u00fc Direkt\u00f6r\u00fc, Hokuryu Belediye Binas\u0131<\/h2>\n<figure class=\"wp-caption aligncenter\"><a href=\"https:\/\/photos.google.com\/share\/AF1QipMKe1qL0cYS__nad6gnp2V506bE5TTz-XbCB1iMnc9gSUleSbIU_raJS_3v4hIrfQ\/photo\/AF1QipOzkJedkXzdsS1sTZj9OwCd9vNcv8AANbHI0yI?key=ZXY2YnVJVEExQkJRX3Q4QmUxa0h0QjJRbHIyU0RB\" target=\"_blank\" rel=\"noopener\"><img decoding=\"async\" src=\"https:\/\/lh3.googleusercontent.com\/pw\/AMWts8ACE9U2R_ufO4xYOIoNy8ityHX4E0CD0pXxvRXQH2U8UfZFUZHyJn6Xk6Aa0ceqXdRzPcx00tRkpcziWU0Di0Zm7xw0YR-ZGfvTWtyDTgxt_YXq9gYj2efeKkvtJUvtH6RseRFM3zMJx7IjU74Alk_u=w2000-h1333-no?authuser=0\" width=\"2000\" height=\"1333\" alt=\"Oturumun moderat\u00f6r\u00fc Hokuryu Kasaba Ofisi Sanayi B\u00f6l\u00fcm\u00fc M\u00fcd\u00fcr\u00fc Keiko Tsuzuki idi.\" class=\"size-full\" \/><\/a><figcaption class=\"wp-caption-text\">Oturumun moderat\u00f6r\u00fc Hokuryu Kasaba Ofisi Sanayi B\u00f6l\u00fcm\u00fc M\u00fcd\u00fcr\u00fc Keiko Tsuzuki idi.<\/figcaption><\/figure>\n<h2>Selamlar: \u00dc\u00e7 Kent Tar\u0131msal Geli\u015ftirme Tan\u0131t\u0131m Konseyi Ba\u015fkan Yard\u0131mc\u0131s\u0131 Say\u0131n Hirokuni Kitakiyo (Kitasorachi Tar\u0131m Kooperatifi Derne\u011fi Temsilci M\u00fcd\u00fcr\u00fc, Hokuryu B\u00f6lgesi)<\/h2>\n<figure class=\"wp-caption aligncenter\"><a href=\"https:\/\/photos.google.com\/share\/AF1QipMKe1qL0cYS__nad6gnp2V506bE5TTz-XbCB1iMnc9gSUleSbIU_raJS_3v4hIrfQ\/photo\/AF1QipOOZiFoulxSxC6SMwR5-ibABuTCWH5LWT8PmE8?key=ZXY2YnVJVEExQkJRX3Q4QmUxa0h0QjJRbHIyU0RB\" target=\"_blank\" rel=\"noopener\"><img decoding=\"async\" src=\"https:\/\/lh3.googleusercontent.com\/pw\/AMWts8DxvBOHu1FYqJF-pmTkV5ULH_J_hfWOP90yEj4oRFGUehNpkml9nIddRsWdsepOpbQ_TgUmj6fRPDV8Lwm7aALpH7zwCTlXZEz4UpHCQSlwX1WrVgP0eay0qIuv_-VfsL9rMrXYqQYaFoX47XL0QTUI=w2000-h1333-no?authuser=0\" width=\"2000\" height=\"1333\" alt=\"Tar\u0131msal Kalk\u0131nmay\u0131 Te\u015fvik Konseyi Ba\u015fkan Yard\u0131mc\u0131s\u0131 Sn. Hirokuni Kitakiyo\" class=\"size-full\" \/><\/a><figcaption class=\"wp-caption-text\">Tar\u0131msal Y\u00f6netim Geli\u015ftirme Tan\u0131t\u0131m Konseyi Ba\u015fkan Yard\u0131mc\u0131s\u0131 Say\u0131n Hirokuni Kitakiyo<\/figcaption><\/figure>\n<p>&quot;Bug\u00fcn, Three Towns Tar\u0131m Geli\u015ftirme Tan\u0131t\u0131m Konseyi taraf\u0131ndan d\u00fczenlenen B\u00f6lgesel Tar\u0131m E\u011fitim Seminerine bu kadar \u00e7ok say\u0131da ki\u015finin kat\u0131lmas\u0131ndan mutluluk duyuyoruz. Hepinize i\u00e7ten \u015f\u00fckranlar\u0131m\u0131 sunmak istiyorum.<\/p>\n<p>Bug\u00fcn aram\u0131zda pirin\u00e7 tarlalar\u0131n\u0131n de\u011ferlendirilmesi i\u00e7in gerekenler hakk\u0131nda konu\u015facak iki konu\u015fmac\u0131m\u0131z var ve ayr\u0131ca Mynavi Co., Ltd. M\u00fcd\u00fcr\u00fc Takeuchi&#039;den yeni \u00e7ift\u00e7ileri ve tar\u0131m\u0131 kabul etme sistemi hakk\u0131nda bilgi alaca\u011f\u0131z.<\/p>\n<p>Kitary\u016b kasabas\u0131nda 172 hektarl\u0131k alan\u0131 kapsayan arazilerini tar\u0131m arazisine d\u00f6n\u00fc\u015ft\u00fcrmek i\u00e7in \u00e7al\u0131\u015fan 41 \u00e7ift\u00e7i bulunuyor. Bu uygulama ile yakla\u015f\u0131k 170 hektarl\u0131k alan tar\u0131m alan\u0131na d\u00f6n\u00fc\u015ft\u00fcr\u00fclecek ve bu konuda ilerleme sa\u011flan\u0131yor.<\/p>\n<p>\u0130l\u00e7eyi bir b\u00fct\u00fcn olarak d\u00fc\u015f\u00fcnd\u00fc\u011f\u00fcm\u00fczde, d\u00fcr\u00fcst olmak gerekirse d\u00fcz alanlar\u0131n m\u00fcmk\u00fcn oldu\u011funca tar\u0131m arazisine d\u00f6n\u00fc\u015ft\u00fcr\u00fclmesini tercih etmeyiz. Bu alan a\u011f\u0131rl\u0131kl\u0131 olarak \u0131slah projeleri ve pirin\u00e7 ekimi i\u00e7in kullan\u0131l\u0131yor, dolay\u0131s\u0131yla ortada bir tarla olmas\u0131n\u0131n i\u015fleri biraz zorla\u015ft\u0131rabilece\u011fini d\u00fc\u015f\u00fcn\u00fcyoruz. Her t\u00fcrl\u00fc i\u015fletmenin d\u00fczg\u00fcn y\u00f6netilebilmesinin iyi olaca\u011f\u0131n\u0131 d\u00fc\u015f\u00fcn\u00fcyorum.<\/p>\n<p>\u015eu anda \u00e7ok \u00f6nemli bir sorunla kar\u015f\u0131 kar\u015f\u0131yay\u0131z: \u00c7ift\u00e7i n\u00fcfusu h\u0131zla azal\u0131yor. Kar\u015f\u0131la\u015f\u0131lan en b\u00fcy\u00fck zorluklardan biri de yeni \u00e7ift\u00e7ilerin, tar\u0131m kursiyerlerinin ve tar\u0131mla u\u011fra\u015fan di\u011fer insanlar\u0131n nas\u0131l \u00e7ekilece\u011fidir.<\/p>\n<p>Bu nedenle bug\u00fcnk\u00fc e\u011fitimimizi dikkatle dinleyip Uryu, Numata ve Hokuryu kasabalar\u0131ndaki tar\u0131m\u0131n ilerlemesine bir \u015fekilde katk\u0131da bulunabilece\u011finizi umuyorum.<\/p>\n<p>Daha sonra sorular\u0131n\u0131z i\u00e7in zaman olacak, bu nedenle konu\u015fma konusunda proaktif olman\u0131z\u0131 ve bunun de\u011ferli bir deneyim olmas\u0131n\u0131 umuyorum. A\u00e7\u0131l\u0131\u015f konu\u015fmam\u0131 burada tamamlamak istiyorum. Bug\u00fcn bir araya geldi\u011finiz i\u00e7in te\u015fekk\u00fcr ederim&quot; dedi Ba\u015fkan Yard\u0131mc\u0131s\u0131 Kitakiyo.<\/p>\n<figure class=\"wp-caption aligncenter\"><a href=\"https:\/\/photos.google.com\/share\/AF1QipMKe1qL0cYS__nad6gnp2V506bE5TTz-XbCB1iMnc9gSUleSbIU_raJS_3v4hIrfQ\/photo\/AF1QipNGHKpD5-RbOISeORFq4PATxSksaPQBzDthdF8?key=ZXY2YnVJVEExQkJRX3Q4QmUxa0h0QjJRbHIyU0RB\" target=\"_blank\" rel=\"noopener\"><img decoding=\"async\" src=\"https:\/\/lh3.googleusercontent.com\/pw\/AMWts8CEvfm4VrakMKafTz20erMtzjk2KyTLhEN9Tc9inJWnLgwjlDUmfnw3y_oGwbklThIoy-1e1eTWlfWs7G4ddhR7CU-Q6swn5k-NOzeumaaShEfscnntjkIVWnuUwrsncP97qN50fFf-LuUlJ1jiq-D-=w2000-h1333-no?authuser=0\" width=\"2000\" height=\"1333\" alt=\"\u00dc\u00e7 Kasaba Tar\u0131msal \u0130yile\u015ftirme Tan\u0131t\u0131m Konseyi \u00dcyeleri\" class=\"size-full\" \/><\/a><figcaption class=\"wp-caption-text\">\u00dc\u00e7 Kasaba Tar\u0131msal \u0130yile\u015ftirme Tan\u0131t\u0131m Konseyi \u00dcyeleri<\/figcaption><\/figure>\n<h2>B\u00f6l\u00fcm 1 Ders: 2023 hasad\u0131 i\u00e7in pirin\u00e7 tarlas\u0131 tar\u0131m\u0131na y\u00f6nelik politika hakk\u0131nda<\/h2>\n<ul>\n<li><strong>Konu\u015fmac\u0131: Bay Terukazu Tateshita, Tar\u0131m Politikas\u0131 Tan\u0131t\u0131m Sorumlusu, Asahikawa B\u00f6lge Ofisi, Hokkaido Tar\u0131m Politikas\u0131 Ofisi, Tar\u0131m, Ormanc\u0131l\u0131k ve Bal\u0131k\u00e7\u0131l\u0131k Bakanl\u0131\u011f\u0131<\/strong><\/li>\n<\/ul>\n<figure class=\"wp-caption aligncenter\"><a href=\"https:\/\/photos.google.com\/share\/AF1QipMKe1qL0cYS__nad6gnp2V506bE5TTz-XbCB1iMnc9gSUleSbIU_raJS_3v4hIrfQ\/photo\/AF1QipMbgEYypJAhwHLv-LXhy8G8PMtOCzWxovgaC6k?key=ZXY2YnVJVEExQkJRX3Q4QmUxa0h0QjJRbHIyU0RB\" target=\"_blank\" rel=\"noopener\"><img decoding=\"async\" src=\"https:\/\/lh3.googleusercontent.com\/pw\/AMWts8CwP-eQm_W0k7tRWJ7fGHF3TSdRq7I7O_rqYZ-RjQw9UbW07rLrVnOm93BvQ_1YT6U1u9XNOQXTNZIoCFrvQNwBf7lqgXVypU37Y3uJv9NF458H3-6Xsi2lajSDAkh5vAh50xhVZmn1ecL5CAb4Lcf4=w2000-h1333-no?authuser=0\" width=\"2000\" height=\"1333\" alt=\"Say\u0131n Terukazu Tateshita, Tar\u0131m Politikas\u0131 Tan\u0131t\u0131m Sorumlusu\" class=\"size-full\" \/><\/a><figcaption class=\"wp-caption-text\">Say\u0131n Terukazu Tateshita, Tar\u0131m Politikas\u0131 Tan\u0131t\u0131m Sorumlusu<\/figcaption><\/figure>\n<h3>Teruichi Tateshita&#039;n\u0131n Profili<\/h3>\n<ul>\n<li>1988 y\u0131l\u0131nda Hirosaki \u00dcniversitesi Ziraat Fak\u00fcltesi&#039;nden mezun oldu<\/li>\n<li>Tar\u0131m, Ormanc\u0131l\u0131k ve Bal\u0131k\u00e7\u0131l\u0131k Bakanl\u0131\u011f\u0131&#039;na ba\u011fl\u0131 Hokkaido G\u0131da Ofisi&#039;ne kat\u0131ld\u0131 ve burada tar\u0131msal \u00fcr\u00fcn denetimi, h\u00fck\u00fcmetin pirin\u00e7 depolamas\u0131 ve y\u00f6netimi, g\u0131da etiketleme ve i\u015fletme gelirini istikrara kavu\u015fturmaya y\u00f6nelik \u00f6nlemler gibi g\u00f6revlerde bulundu.<br \/>\n2021 y\u0131l\u0131ndan bu yana yerel tar\u0131m\u0131 te\u015fvik etmek ve \u00e7ift\u00e7ileri desteklemek amac\u0131yla Tar\u0131m Politikalar\u0131 Tan\u0131t\u0131m Sorumlusu olarak g\u00f6rev yapmaktad\u0131r.<\/li>\n<\/ul>\n<h3>Dersler<\/h3>\n<p>Ayr\u0131nt\u0131l\u0131 materyallere dayal\u0131 olarak ger\u00e7ekle\u015ftirilen konferansta, \u00e7eltik tarla kullan\u0131m \u00f6deneklerinin \u00f6denmesi ve tar\u0131m arazisi tan\u0131t\u0131m projesine ili\u015fkin b\u00fct\u00e7eler gibi konular ele al\u0131nd\u0131.<\/p>\n<ul>\n<li>4\/5 ve 5\/6 mali y\u0131llar\u0131 i\u00e7in temel pirin\u00e7 vb. i\u00e7in arz ve talep tahmini<\/li>\n<li>2021 ve 2022 hasatlar\u0131 i\u00e7in \u00fcr\u00fcn d\u00f6n\u00fc\u015f\u00fcm durumu hakk\u0131nda<\/li>\n<li>2023 hasad\u0131 i\u00e7in pirin\u00e7 tarlas\u0131 \u00e7ift\u00e7ili\u011fine y\u00f6nelik politika hakk\u0131nda (bu\u011fday, soya fasulyesi, sebze ve unluk pirin\u00e7 i\u00e7in giri\u015fimler dikkate al\u0131narak)<\/li>\n<li>Pirin\u00e7 tarlalar\u0131n\u0131n do\u011frudan \u00f6deme s\u00fcbvansiyonlar\u0131na uygun olarak pirin\u00e7 tarlalar\u0131n\u0131n incelenmesi<\/li>\n<li>Pirin\u00e7 tarlalar\u0131n\u0131n do\u011frudan pirin\u00e7 tarlas\u0131 kullan\u0131m\u0131na y\u00f6nelik \u00f6deme s\u00fcbvansiyonlar\u0131na uygunlu\u011fu hakk\u0131nda (be\u015f y\u0131ll\u0131k su doldurma kural\u0131n\u0131n belirlenmesi)<\/li>\n<li>Pirin\u00e7 ekimi d\u0131\u015f\u0131ndaki ama\u00e7lar i\u00e7in &quot;belirli bir s\u00fcre&quot; sulama kavram\u0131na ili\u015fkin (s\u00fcrekli ekimden kaynaklanan zarar\u0131 azaltma a\u00e7\u0131s\u0131ndan)<\/li>\n<li>2023 pirin\u00e7 tarlas\u0131 kullan\u0131m b\u00fct\u00e7esinin genel g\u00f6r\u00fcn\u00fcm\u00fc<\/li>\n<li>Tar\u0131m Arazisi Tan\u0131t\u0131m Projesi (Tar\u0131m Arazisi Tan\u0131t\u0131m Deste\u011fi, Kurulu\u015f Tan\u0131t\u0131m Deste\u011fi, \u00d6deme Deste\u011fi, Sistem Kurma Deste\u011fi)<\/li>\n<li>Tarla Bitkileri \u00dcretim Alan\u0131 Geli\u015ftirme Tan\u0131t\u0131m Projesi&#039;ne (eski ad\u0131yla \u00c7eltik Tarlas\u0131 Yenileme Projesi) Genel Bak\u0131\u015f (\u00dcreticilere Destek \u0130\u00e7eri\u011fi ve G\u00f6rseli)<\/li>\n<li>Pirin\u00e7 tarlalar\u0131n\u0131n kullan\u0131m\u0131na y\u00f6nelik do\u011frudan \u00f6deme s\u00fcbvansiyonlar\u0131 vb.<\/li>\n<li>Yeni pirin\u00e7 pazarlar\u0131n\u0131n geli\u015fimini te\u015fvik etme projesi<\/li>\n<li>Yemlik pirin\u00e7 i\u00e7in uygulama kalemlerinde de\u011fi\u015fiklikler<\/li>\n<\/ul>\n<p>Daha sonra soru-cevap b\u00f6l\u00fcm\u00fcne ge\u00e7ildi.<\/p>\n<figure class=\"wp-caption aligncenter\"><a href=\"https:\/\/photos.google.com\/share\/AF1QipMKe1qL0cYS__nad6gnp2V506bE5TTz-XbCB1iMnc9gSUleSbIU_raJS_3v4hIrfQ\/photo\/AF1QipNroXoDSCRpHug1rBIH5GxgDw6BjnbwonAHdZg?key=ZXY2YnVJVEExQkJRX3Q4QmUxa0h0QjJRbHIyU0RB\" target=\"_blank\" rel=\"noopener\"><img decoding=\"async\" src=\"https:\/\/lh3.googleusercontent.com\/pw\/AMWts8DH5rKzfFp5BRR-y3YU7JNXPgkMOkCfp9VQyXN_e-wtZosFlICvVYZW_JZ8ozfRaJxtdYhnQN7rjHpUvJ26Ge1dnOPNfqbgPTeH7VXo8_L_mMHCqbzO23qSk7PeW-Bx6fxyhkl5SBaK5L3qGo5qzTd6=w2000-h1333-no?authuser=0\" width=\"2000\" height=\"1333\" alt=\"Soru &amp; Cevap\" class=\"size-full\" \/><\/a><figcaption class=\"wp-caption-text\">Soru &amp; Cevap<\/figcaption><\/figure>\n<h2>B\u00f6l\u00fcm 2 Ders: &quot;Yerel liderleri g\u00fcvence alt\u0131na alma y\u00f6ntemleri ve onlar\u0131 nas\u0131l kabul edece\u011fiz&quot;<\/h2>\n<ul>\n<li><strong>Konu\u015fmac\u0131: Saki Takeuchi, Hokkaido Sat\u0131\u015f B\u00f6l\u00fcm\u00fc M\u00fcd\u00fcr\u00fc, Mynavi Tar\u0131m, Ormanc\u0131l\u0131k ve Bal\u0131k\u00e7\u0131l\u0131k Jobus \u0130\u015f B\u00f6l\u00fcm\u00fc<\/strong><\/li>\n<\/ul>\n<figure class=\"wp-caption aligncenter\"><a href=\"https:\/\/photos.google.com\/share\/AF1QipMKe1qL0cYS__nad6gnp2V506bE5TTz-XbCB1iMnc9gSUleSbIU_raJS_3v4hIrfQ\/photo\/AF1QipPPNKSUuYc44d5e3gYBay6mZYNKpSbtoV63Ons?key=ZXY2YnVJVEExQkJRX3Q4QmUxa0h0QjJRbHIyU0RB\" target=\"_blank\" rel=\"noopener\"><img decoding=\"async\" src=\"https:\/\/lh3.googleusercontent.com\/pw\/AMWts8Bsj1Uuf_5n2NmF2jj9-nb0ARgUzBYptOI9mPALfTULyw0VtRyVY4Cua7fDrXLXCr8n2PMRtBHlyXNonxhFFU4ytCfL0nbEQXDrd0TzXJ8WKK9QziQuVNfvlXmqsfJy79ko947QUbYd0qwznVMZBOwN=w2000-h1333-no?authuser=0\" width=\"2000\" height=\"1333\" alt=\"Saki Takeuchi, M\u00fcd\u00fcr, Mynavi Co., Ltd.\" class=\"size-full\" \/><\/a><figcaption class=\"wp-caption-text\">Saki Takeuchi, M\u00fcd\u00fcr, Mynavi Co., Ltd.<\/figcaption><\/figure>\n<h3>Saki Takeuchi&#039;nin Profili<\/h3>\n<ul>\n<li>Nagoya&#039;da do\u011fdu. 2005 y\u0131l\u0131nda Mynavi Co., Ltd.&#039;ye kat\u0131ld\u0131<\/li>\n<li>2018~ 6 y\u0131ld\u0131r Hokkaido&#039;da ya\u015f\u0131yorum<\/li>\n<li>\u0130\u015fe al\u0131m dan\u0131\u015fman\u0131 olarak \u00e7al\u0131\u015fmakta ve 1.000&#039;den fazla \u015firkete i\u015fe al\u0131m deste\u011fi sa\u011flam\u0131\u015ft\u0131r. 2015 y\u0131l\u0131ndan bu yana tar\u0131m sekt\u00f6r\u00fcnde \u00e7al\u0131\u015fmakta, tar\u0131msal \u00fcreticilere ve yerel y\u00f6netim \u00e7al\u0131\u015fanlar\u0131na destek vermektedir. Yeni \u00e7ift\u00e7ilere y\u00f6nelik etkinlikler ve tar\u0131msal i\u015f fuarlar\u0131 planlaman\u0131n yan\u0131 s\u0131ra, &quot;\u0130\u015fe al\u0131m becerilerinin geli\u015ftirilmesine y\u00f6nelik e\u011fitim&quot; ve &quot;Haleflerin i\u015fe al\u0131nmas\u0131nda halkla ili\u015fkiler teknikleri&quot; gibi \u00e7e\u015fitli e\u011fitim kurslar\u0131nda \u00f6\u011fretim g\u00f6revlisi olarak da \u00e7al\u0131\u015fmaktad\u0131r.<br \/>\nAyr\u0131ca \u015firket, ana sanayi i\u015f ilan sitesi &quot;Mynavi Tar\u0131m Ormanc\u0131l\u0131k ve Bal\u0131k\u00e7\u0131l\u0131k Job Us&quot; ve ana sanayiye y\u00f6nelik staj bilgi sitesi &quot;Job Us Internship&quot;i i\u015fletmektedir.<\/li>\n<\/ul>\n<h3>Dersler<\/h3>\n<p>&quot;\u0130stihdam sa\u011flama y\u00f6ntemlerinden ve ba\u015far\u0131 hikayelerinden bahsedece\u011fim. Umar\u0131m bu, kasabam\u0131za insanlar\u0131 nas\u0131l \u00e7ekece\u011fimizi d\u00fc\u015f\u00fcn\u00fcrken faydal\u0131 olur.<\/p>\n<p>\u00d6ncelikle tar\u0131mda i\u015f\u00e7i bulmak i\u00e7in halk\u0131n\u0131z\u0131 tan\u0131man\u0131z (ta\u015f\u0131nmak veya \u00e7ift\u00e7i olmak isteyenlerin e\u011filimlerini ve de\u011ferlerini \u00f6\u011frenmeniz), kendinizi yans\u0131tman\u0131z (b\u00f6lgesel \u00f6zellikler ve giri\u015fimler) ve ba\u015fkalar\u0131ndan ders \u00e7\u0131karman\u0131z (ba\u015far\u0131 hikayeleri) \u00f6nemlidir.<\/p>\n<h4>1. Hedef kitlenizi tan\u0131y\u0131n: Gen\u00e7lerin i\u015f arama s\u00fcrecindeki de\u011ferlerini ve e\u011filimlerini anlay\u0131n ve tar\u0131m\u0131n cazibesini iletin.<\/h4>\n<ul>\n<li>Gen\u00e7lerin \u00e7al\u0131\u015fma tarz\u0131na ili\u015fkin de\u011ferleri: &quot;s\u0131f\u0131r fazla mesai&quot;, &quot;i\u015fte e\u011flence&quot; ve &quot;ayd\u0131nl\u0131k bir i\u015fyeri&quot;<\/li>\n<li>Tar\u0131m sekt\u00f6r\u00fc hakk\u0131nda fikir edinin (ilgi ve kayg\u0131)<\/li>\n<li>Bir i\u015fte ne arad\u0131\u011f\u0131n\u0131z\u0131 anlay\u0131n (b\u00fcy\u00fcmenize ve topluma katk\u0131da bulunman\u0131za olanak tan\u0131yan bir i\u015fin \u00f6nemi)<\/li>\n<li>Dijital ileti\u015fim ufkunuzu geni\u015fletir<\/li>\n<li>Bilgi iletim y\u00f6ntemini d\u00fczenleyin (Ak\u0131ll\u0131 telefon \u00fczerinden uygulama yap\u0131lmas\u0131na izin veren bir fonksiyon ekleyin)<\/li>\n<li>Tar\u0131m\u0131n cazibesini yaratmak ve iletmek (bilgiyi a\u00e7\u0131k\u00e7a organize etmek ve a\u00e7\u0131klamak ve do\u011fru hedeflere yaymak)<\/li>\n<li>Ta\u015f\u0131nmay\u0131 veya \u00e7ift\u00e7i olmay\u0131 d\u00fc\u015f\u00fcnen insanlar\u0131n e\u011filimlerini ve de\u011ferlerini \u00f6\u011frenin (istihdam, i\u015fler, gelir, ya\u015fam tarz\u0131, ula\u015f\u0131m)<\/li>\n<\/ul>\n<h4>2. Kendinizi yans\u0131tma: Hokkaido&#039;nun \u00f6zelliklerini, avantajlar\u0131n\u0131 ve g\u00fcncel giri\u015fimlerini iletme<\/h4>\n<ul>\n<li>Ustal\u0131\u011fa giden yol: Piramit \u00e7al\u0131\u015fma sayfalar\u0131n\u0131n faydalar\u0131n\u0131 deneyimleyin<\/li>\n<li>\u00c7evrimi\u00e7i bilgi toplama, dan\u0131\u015fmanl\u0131k ve etkinliklere kat\u0131lma, yerel turlar, e\u011fitim ve \u00e7ift\u00e7ilik<\/li>\n<\/ul>\n<h4>3. Ba\u015fkalar\u0131ndan \u00f6\u011frenin: \u00c7e\u015fitli \u00e7ift\u00e7ilik ba\u015far\u0131 \u00f6yk\u00fclerinden \u00f6\u011frenin (bilgiyi iletmenin yollar\u0131n\u0131 geli\u015ftirin)<\/h4>\n<ul>\n<li>&quot;\u0130nsanlar\u0131n cazibesini&quot; aktarman\u0131n ve b\u00f6lgenin kayg\u0131lar\u0131n\u0131, endi\u015felerini ve isteklerini anlayan, farkl\u0131 ihtiya\u00e7lara kar\u015f\u0131 anlay\u0131\u015fl\u0131 ve empatik bir vizyon sergilemenin \u00f6nemi.<\/li>\n<li>Bilgi nas\u0131l iletilir, sunulur ve iletilir?<\/li>\n<li>Planlama ve sistem inovasyonu<\/li>\n<li>&quot;\u0130nsanlar\u0131n \u00e7ekicili\u011fini&quot; iletmek \u00f6nemlidir<\/li>\n<\/ul>\n<h4>(1) Nagano B\u00f6lgesi vaka \u00e7al\u0131\u015fmas\u0131 (\u00f6zel web sitesi sa\u011flanm\u0131\u015ft\u0131r)<\/h4>\n<ul>\n<li>K\u0131demli \u00e7ift\u00e7ilerin canl\u0131 g\u00f6r\u00fcnt\u00fcleri (r\u00f6portaj makaleleri), e\u011fitmenlerin tan\u0131t\u0131m\u0131, ya\u015fam tarz\u0131 bilgileri, \u00e7evrimi\u00e7i dan\u0131\u015fmanl\u0131klar, anten ma\u011fazas\u0131<\/li>\n<li>Dan\u0131\u015fma kat\u0131l\u0131mc\u0131lar\u0131n\u0131n bilgileri ve listesi (ilerleme, devam ve sonland\u0131rma onay\u0131) bulutta payla\u015f\u0131l\u0131r<\/li>\n<li>Tar\u0131mla ilgilenen ki\u015filer i\u00e7in bilgileri kolay anla\u015f\u0131l\u0131r bir \u015fekilde d\u00fczenleyin<\/li>\n<\/ul>\n<h4>(2) Nasu-Shiobara \u015eehri taraf\u0131ndan sa\u011flanan tar\u0131msal giri\u015fim deste\u011fine ili\u015fkin vaka \u00e7al\u0131\u015fmas\u0131<\/h4>\n<ul>\n<li>Ba\u015fl\u0131ca \u00f6zellikleri, \u00e7e\u015fitli e\u011fitim i\u00e7erikleri (size uygun be\u015f kurstan birini se\u00e7ebilirsiniz) ve yo\u011fun destektir (h\u00fck\u00fcmet ve yerel \u00e7ift\u00e7ilerin c\u00f6mert deste\u011fi).<\/li>\n<\/ul>\n<h4>(3) Kuriyama Tar\u0131msal Tan\u0131t\u0131m \u015eirketinin kurulu\u015funa ili\u015fkin vaka \u00e7al\u0131\u015fmas\u0131<\/h4>\n<ul>\n<li>Halkla ili\u015fkiler bilgileri ve sistem yenilikleri (serbest \u00e7ift\u00e7ilik, yerel \u00e7ift\u00e7ilerden kapsaml\u0131 destek)<\/li>\n<\/ul>\n<h3>Ba\u015far\u0131 hikayelerinden ortaya \u00e7\u0131kan temel ilkeler<\/h3>\n<ul>\n<li>&quot;\u0130nsanlar\u0131n \u00e7ekicili\u011fi ve ki\u015fili\u011fi&quot;, &quot;\u0130nsanlarla tan\u0131\u015fmak&quot;, &quot;Ya\u015fam tarz\u0131m\u0131 ger\u00e7ekle\u015ftirebilece\u011fim ve ba\u015fkalar\u0131yla empati kurabilece\u011fim bir b\u00f6lge&quot; ve &quot;Ba\u015fkalar\u0131n\u0131n s\u00f6ylediklerini dikkatle dinlemek&quot;<\/li>\n<\/ul>\n<figure class=\"wp-caption aligncenter\"><a href=\"https:\/\/photos.google.com\/share\/AF1QipMKe1qL0cYS__nad6gnp2V506bE5TTz-XbCB1iMnc9gSUleSbIU_raJS_3v4hIrfQ\/photo\/AF1QipPgiXQNSwaS7JxrCp97EXRdCdl7_T0kScot1RI?key=ZXY2YnVJVEExQkJRX3Q4QmUxa0h0QjJRbHIyU0RB\" target=\"_blank\" rel=\"noopener\"><img decoding=\"async\" src=\"https:\/\/lh3.googleusercontent.com\/pw\/AMWts8DgM8T_NzsxKZR7YCfhYBb6oHTEBLldyNdudiw903O97xbBwUzWmUNlfRY5Tjy9ueeqhb2uC5UMu8DI5Gd-F5jeoAjbMB2x9N7fAfK_tBmjEasqKK09q-leOtNIHZmVCQXU1tGjbnATYIbLKNgMkChP=w2000-h1333-no?authuser=0\" width=\"2000\" height=\"1333\" alt=\"Yerel i\u015f\u00e7ileri g\u00fcvence alt\u0131na alma y\u00f6ntemleri ve onlar\u0131 nas\u0131l kabul edece\u011finiz hakk\u0131nda bir konu\u015fma\" class=\"size-full\" \/><\/a><figcaption class=\"wp-caption-text\">Yerel i\u015f\u00e7ileri g\u00fcvence alt\u0131na alma y\u00f6ntemleri ve onlar\u0131 nas\u0131l kabul edece\u011finiz hakk\u0131nda bir konu\u015fma<\/figcaption><\/figure>\n<p>Daha sonra soru-cevap b\u00f6l\u00fcm\u00fcne ge\u00e7ildi. \u00c7ift\u00e7ili\u011fe ba\u015flad\u0131ktan sonraki durum ve bak\u0131mla ilgili sorular soruldu.<\/p>\n<figure class=\"wp-caption aligncenter\"><a href=\"https:\/\/photos.google.com\/share\/AF1QipMKe1qL0cYS__nad6gnp2V506bE5TTz-XbCB1iMnc9gSUleSbIU_raJS_3v4hIrfQ\/photo\/AF1QipOhc_fWivED0S3EG8H3U2xaEaSMzpH5BJPMoDE?key=ZXY2YnVJVEExQkJRX3Q4QmUxa0h0QjJRbHIyU0RB\" target=\"_blank\" rel=\"noopener\"><img decoding=\"async\" src=\"https:\/\/lh3.googleusercontent.com\/pw\/AMWts8DeRoOMlY-v0oPr6ejSVmTRwfrvgYDqzpCEuQqPFSDpocGr677MycKBkR7Fe_QbA_cnuywed7TzgUFwcLmqOeDzzlEXCkw3uB4BZ_dJD_fSNXx7bq78fl1nHKp-ivR8N0NAs0AAH5FviqsvG6oKKx3o=w2000-h1333-no?authuser=0\" width=\"2000\" height=\"1333\" alt=\"Yerel tar\u0131m\u0131n tan\u0131t\u0131m\u0131na ve geli\u015ftirilmesine \u00f6nc\u00fcl\u00fck edecek olan b\u00f6lgesel tar\u0131m e\u011fitim seminerine te\u015fekk\u00fcr ediyoruz. . .\" class=\"size-full\" \/><\/a><figcaption class=\"wp-caption-text\">Yerel tar\u0131m\u0131n tan\u0131t\u0131m\u0131na ve geli\u015ftirilmesine \u00f6nc\u00fcl\u00fck edecek olan b\u00f6lgesel tar\u0131m e\u011fitim seminerine te\u015fekk\u00fcr ediyoruz. . .<\/figcaption><\/figure>\n<p>S\u0131n\u0131rs\u0131z sevgi, \u015f\u00fckran ve dualarla, bu b\u00f6lgesel tar\u0131m e\u011fitim semineri, tar\u0131m\u0131n mevcut durumunu anlamak, mevcut \u00e7ift\u00e7ilerin d\u00fc\u015f\u00fcncelerini dinleyerek anlay\u0131\u015f\u0131 derinle\u015ftirmek, yerel giri\u015fimlerin ve insanlar\u0131n cazibesini iletmek ve gelecekte b\u00f6lgesel tar\u0131m\u0131n te\u015fvik edilmesine ve geli\u015ftirilmesine \u00f6nc\u00fcl\u00fck etmeyi ama\u00e7lamaktad\u0131r. . .<\/p>\n<figure class=\"wp-caption aligncenter\"><a href=\"https:\/\/photos.google.com\/share\/AF1QipMKe1qL0cYS__nad6gnp2V506bE5TTz-XbCB1iMnc9gSUleSbIU_raJS_3v4hIrfQ\/photo\/AF1QipPDMjhjYSAhVoIF1cuF9yunLaNFiPZepYvwfXs?key=ZXY2YnVJVEExQkJRX3Q4QmUxa0h0QjJRbHIyU0RB\" target=\"_blank\" rel=\"noopener\"><img decoding=\"async\" src=\"https:\/\/lh3.googleusercontent.com\/pw\/AMWts8ANRCoYjiCQu_jBuxntUE91X86VeQU0HgwS_I2xMfwqJwQ_EjLph-XhCwJuBYF_WTFnJrhn5FYGDybPJmfwGbiCh0oJYhcB8ObYYHkRpMWIkIRgxShGBHhRVM4uemP-5JyyUO1U8S0OQ1LNatJBhJpm=w2000-h1333-no?authuser=0\" width=\"2000\" height=\"1333\" alt=\"Cennet, D\u00fcnya, Su ve \u00c7ift\u00e7ilerin Kalpleri\" class=\"size-full\" \/><\/a><figcaption class=\"wp-caption-text\">G\u00f6k, yer, su ve \u00e7ift\u00e7ilerin kalpleri (ruhlar\u0131)<\/figcaption><\/figure>\n<h2>Di\u011fer foto\u011fraflar<\/h2>\n<div class=\"img-move\">\n<img decoding=\"async\" src=\"https:\/\/ehokkaido.net\/wp-content\/uploads\/2021\/12\/2021-12-06-11.41.12.png\" style=\"vertical-align:middle;\"> <a href=\"https:\/\/photos.app.goo.gl\/y7hc4Z2rzu3nxg63A\" target=\"_blank\" rel=\"noopener noreferrer\">\u00dc\u00e7 kasabaya (Uryu, Numata ve Hokuryu) y\u00f6nelik yerel tar\u0131m e\u011fitim seminerinden foto\u011fraflar (38 foto\u011fraf) burada mevcuttur &gt;&gt;<\/a><\/a><\/div>\n<h2>\u0130lgili Makaleler\/Siteler<\/h2>\n\n        <div class=\"site-blogcard-premium\">\n            <div class=\"bc-label-custom\">\u0130lgili makaleler<\/div>\n            <div class=\"bc-flex-container\">\n                <div class=\"bc-main-text\">\n                    <div class=\"bc-title-link-box\">\n                        <a href=\"https:\/\/portal.hokuryu.info\/tr\/16461\/\" target=\"_blank\">https:\/\/portal.hokuryu.info\/16461<\/a>\n                    <\/div>\n                    <div class=\"bc-excerpt-box\">Sayfa bilgileri al\u0131namad\u0131.<\/div>\n                <\/div>\n                <div class=\"bc-thumbnail-box\">\n                    <a href=\"https:\/\/portal.hokuryu.info\/tr\/16461\/\" target=\"_blank\">\n                        <div class=\"bc-img-zoom-wrap\">\n                            <img decoding=\"async\" src=\"https:\/\/portal.hokuryu.info\/wp\/wp-content\/uploads\/2026\/02\/20230802DSC06445_1.jpg\" alt=\"https:\/\/portal.hokuryu.info\/16461\">\n                        <\/div>\n                    <\/a>\n                <\/div>\n            <\/div>\n        <\/div>\n\n        <div class=\"site-blogcard-premium\">\n            <div class=\"bc-label-custom\">\u0130lgili makaleler<\/div>\n            <div class=\"bc-flex-container\">\n                <div class=\"bc-main-text\">\n                    <div class=\"bc-title-link-box\">\n                        <a href=\"https:\/\/portal.hokuryu.info\/tr\/14470\/\" target=\"_blank\">https:\/\/portal.hokuryu.info\/14470<\/a>\n                    <\/div>\n                    <div class=\"bc-excerpt-box\">Sayfa bilgileri al\u0131namad\u0131.<\/div>\n                <\/div>\n                <div class=\"bc-thumbnail-box\">\n                    <a href=\"https:\/\/portal.hokuryu.info\/tr\/14470\/\" target=\"_blank\">\n                        <div class=\"bc-img-zoom-wrap\">\n                            <img decoding=\"async\" src=\"https:\/\/portal.hokuryu.info\/wp\/wp-content\/uploads\/2026\/02\/20230802DSC06445_1.jpg\" alt=\"https:\/\/portal.hokuryu.info\/14470\">\n                        <\/div>\n                    <\/a>\n                <\/div>\n            <\/div>\n        <\/div>\n\u3000<br \/>\n\n        <div class=\"site-blogcard-premium\">\n            <div class=\"bc-label-custom\">\u0130lgili makaleler<\/div>\n            <div class=\"bc-flex-container\">\n                <div class=\"bc-main-text\">\n                    <div class=\"bc-title-link-box\">\n                        <a href=\"https:\/\/www.maff.go.jp\/hokkaido\/asahikawa\/index.html\" target=\"_blank\">Asahikawa B\u00f6lgesel \u00dcss\u00fc: Hokkaido \u0130l Tar\u0131m \u0130daresi Ofisi<\/a>\n                    <\/div>\n                    <div class=\"bc-excerpt-box\">Hokkaido Tar\u0131m \u0130daresi Ofisi Ana Sayfas\u0131<\/div>\n                <\/div>\n                <div class=\"bc-thumbnail-box\">\n                    <a href=\"https:\/\/www.maff.go.jp\/hokkaido\/asahikawa\/index.html\" target=\"_blank\">\n                        <div class=\"bc-img-zoom-wrap\">\n                            <img decoding=\"async\" src=\"https:\/\/www.maff.go.jp\/hokkaido\/asahikawa\/..\/obihiro\/attach\/img\/index-8.png\" alt=\"Asahikawa B\u00f6lgesel \u00dcss\u00fc: Hokkaido \u0130l Tar\u0131m \u0130daresi Ofisi\">\n                        <\/div>\n                    <\/a>\n                <\/div>\n            <\/div>\n        <\/div>\n\n        <div class=\"site-blogcard-premium\">\n            <div class=\"bc-label-custom\">\u0130lgili makaleler<\/div>\n            <div class=\"bc-flex-container\">\n                <div class=\"bc-main-text\">\n                    <div class=\"bc-title-link-box\">\n                        <a href=\"https:\/\/agri.mynavi.jp\" target=\"_blank\">Mynavi Tar\u0131m - \u00c7ift\u00e7ilik, tar\u0131m haberleri vb. konularda bilgi toplayan kapsaml\u0131 bir tar\u0131m bilgi sitesi.<\/a>\n                    <\/div>\n                    <div class=\"bc-excerpt-box\">&quot;Mynavi Agriculture&quot;, tar\u0131mla ilgili bilgileri \u00e7e\u015fitli bak\u0131\u015f a\u00e7\u0131lar\u0131ndan yayan kapsaml\u0131 bir tar\u0131m bilgi medya kurulu\u015fudur.<\/div>\n                <\/div>\n                <div class=\"bc-thumbnail-box\">\n                    <a href=\"https:\/\/agri.mynavi.jp\" target=\"_blank\">\n                        <div class=\"bc-img-zoom-wrap\">\n                            <img decoding=\"async\" src=\"https:\/\/agri.mynavi.jp\/wp-content\/uploads\/2017\/08\/mynavi_ogp.jpg\" alt=\"Mynavi Tar\u0131m - \u00c7ift\u00e7ilik, tar\u0131m haberleri vb. konularda bilgi toplayan kapsaml\u0131 bir tar\u0131m bilgi sitesi.\">\n                        <\/div>\n                    <\/a>\n                <\/div>\n            <\/div>\n        <\/div>\n\u3000<\/p>\n<p>\u25c7 \u00c7ekim ve kurgu: Noboru Terauchi R\u00f6portaj ve metin: Ikuko Terauchi<\/p>","protected":false},"excerpt":{"rendered":"<p>\uff12\uff10\uff12\uff13\u5e74\uff13\u6708\uff11\u65e5\uff08\u6c34\uff09 \uff12\u6708\uff12\uff17\u65e5\uff08\u6708\uff09\uff11\uff14\u6642\u3088\u308a\u3001\u300c\uff13\u753a\uff08\u96e8\u7adc\u30fb\u6cbc\u7530\u30fb\u5317\u7adc\uff09\u55b6\u8fb2\u6539\u5584\u63a8\u9032\u5354\u8b70\u4f1a\u30fb\u4f50\u91ce\u8c4a \u4f1a\u9577\uff08\u5317\u7adc\u753a\u9577\uff09\u300d\u4e3b\u50ac\u306b\u3088\u308b\u300c\u5730\u57df\u8fb2\u696d\u8005\u7814\u4fee\u4f1a\u300d\u304c\u3001\u304d\u305f\u305d\u3089\u3061\u8fb2\u696d\u5354\u540c\u7d44\u5408\u5317\u7adc\u652f\u6240\uff08\uff12\u968e\u7814\u4fee [&hellip;]<\/p>\n","protected":false},"author":1,"featured_media":30283,"comment_status":"open","ping_status":"open","sticky":false,"template":"","format":"standard","meta":{"footnotes":""},"categories":[4],"tags":[],"class_list":["post-30234","post","type-post","status-publish","format-standard","has-post-thumbnail","hentry","category-cover-story"],"_links":{"self":[{"href":"https:\/\/portal.hokuryu.info\/tr\/wp-json\/wp\/v2\/posts\/30234","targetHints":{"allow":["GET"]}}],"collection":[{"href":"https:\/\/portal.hokuryu.info\/tr\/wp-json\/wp\/v2\/posts"}],"about":[{"href":"https:\/\/portal.hokuryu.info\/tr\/wp-json\/wp\/v2\/types\/post"}],"author":[{"embeddable":true,"href":"https:\/\/portal.hokuryu.info\/tr\/wp-json\/wp\/v2\/users\/1"}],"replies":[{"embeddable":true,"href":"https:\/\/portal.hokuryu.info\/tr\/wp-json\/wp\/v2\/comments?post=30234"}],"version-history":[{"count":0,"href":"https:\/\/portal.hokuryu.info\/tr\/wp-json\/wp\/v2\/posts\/30234\/revisions"}],"wp:featuredmedia":[{"embeddable":true,"href":"https:\/\/portal.hokuryu.info\/tr\/wp-json\/wp\/v2\/media\/30283"}],"wp:attachment":[{"href":"https:\/\/portal.hokuryu.info\/tr\/wp-json\/wp\/v2\/media?parent=30234"}],"wp:term":[{"taxonomy":"category","embeddable":true,"href":"https:\/\/portal.hokuryu.info\/tr\/wp-json\/wp\/v2\/categories?post=30234"},{"taxonomy":"post_tag","embeddable":true,"href":"https:\/\/portal.hokuryu.info\/tr\/wp-json\/wp\/v2\/tags?post=30234"}],"curies":[{"name":"wp","href":"https:\/\/api.w.org\/{rel}","templated":true}]}}