{"id":2923,"date":"2020-06-05T17:00:30","date_gmt":"2020-06-05T08:00:30","guid":{"rendered":"https:\/\/portal.hokuryu.info\/?p=2923"},"modified":"2023-02-16T18:59:22","modified_gmt":"2023-02-16T09:59:22","slug":"2923-mesaj","status":"publish","type":"post","link":"https:\/\/portal.hokuryu.info\/tr\/2923\/","title":{"rendered":"M\u00fcd\u00fcr Yard\u0131mc\u0131s\u0131 Yasuhito Noshirogawa, B\u00f6l\u00fcm \u015eefi Masakazu Tamura ve Rescue Heroes, Hokuryu Kasabas\u0131 Ay\u00e7i\u00e7ek Ya\u011f\u0131 Yenileme Projesi&#039;ne olan tutkular\u0131ndan bahsediyor!"},"content":{"rendered":"<p>Cuma, 5 Haziran 2020<\/p>\n<p>Bu y\u0131l COVID-19 salg\u0131n\u0131n\u0131n etkisiyle Ay\u00e7i\u00e7e\u011fi Festivali iptal edildi ve maalesef Ay\u00e7i\u00e7e\u011fi K\u00f6y\u00fc&#039;nde ay\u00e7i\u00e7ekleri \u00e7i\u00e7ek a\u00e7mayacak.<\/p>\n<h2>2020&#039;de Hokuryu Kasabas\u0131ndaki Ay\u00e7i\u00e7ekleri<\/h2>\n<h3>34. Ay\u00e7i\u00e7e\u011fi Festivali iptal edildi.<\/h3>\n<p>Hokuryu Kasabas\u0131 Ay\u00e7i\u00e7e\u011fi Festivali 1987 y\u0131l\u0131nda (Showa 62) ba\u015flad\u0131 ve 33 y\u0131ld\u0131r aral\u0131ks\u0131z d\u00fczenleniyor. Bu y\u0131l, Kovid-19&#039;un yay\u0131lmas\u0131n\u0131 \u00f6nlemek amac\u0131yla ay\u00e7i\u00e7eklerinin ara verece\u011fi ilk y\u0131l olacak. Gelecek y\u0131l ay\u00e7i\u00e7eklerinin \u00e7i\u00e7ek a\u00e7mas\u0131 i\u00e7in topra\u011f\u0131 haz\u0131rlamak ve topra\u011fa \u00f6zenle bakmak i\u00e7in zaman ay\u0131raca\u011f\u0131z.<\/p>\n<h3>Her evde a\u00e7an ay\u00e7i\u00e7e\u011fi<\/h3>\n<p>Her y\u0131l kasaba halk\u0131na ay\u00e7i\u00e7e\u011fi \u00e7ekirde\u011fi da\u011f\u0131t\u0131l\u0131yor ve kasabadaki her evin bah\u00e7esine ekiliyor. Hokuryu kasabas\u0131n\u0131n halk\u0131n\u0131n sevgiyle ekti\u011fi ay\u00e7i\u00e7ekleri, ay\u00e7i\u00e7eklerinin \u0131\u015f\u0131\u011f\u0131n\u0131n hi\u00e7 s\u00f6nmemesi i\u00e7in ne\u015fesiyle kasabay\u0131 ayd\u0131nlat\u0131yor.<\/p>\n<h3>Ya\u011f \u00fcretimi i\u00e7in ay\u00e7i\u00e7e\u011fi ekimine ba\u015fland\u0131<\/h3>\n<p>Ayr\u0131ca Hokuryu Kasabas\u0131&#039;nda ay\u00e7i\u00e7e\u011fi ya\u011f\u0131 \u00fcretimi i\u00e7in ay\u00e7i\u00e7e\u011fi ekimi iyi bir ba\u015flang\u0131\u00e7 yapt\u0131. Bu y\u0131l 9 May\u0131s Cumartesi g\u00fcn\u00fc ay\u00e7i\u00e7e\u011fi ya\u011f\u0131 i\u00e7in ay\u00e7i\u00e7e\u011fi tohumu ekiminin yap\u0131lmas\u0131n\u0131n \u00fczerinden yakla\u015f\u0131k bir ay ge\u00e7ti.<\/p>\n<p>Bu y\u0131l Kitary\u016b Kasabas\u0131&#039;ndaki \u00fc\u00e7 \u00fcretici alt\u0131 hektar alana ay\u00e7i\u00e7e\u011fi ya\u011f\u0131 ekiyor. Ay\u00e7i\u00e7e\u011fi ya\u011f\u0131 i\u00e7in yeti\u015ftirilen ay\u00e7i\u00e7ekleri ekimden yakla\u015f\u0131k 10 g\u00fcn sonra filizlendi ve iyi bir \u015fekilde b\u00fcy\u00fcyor, yaprak say\u0131lar\u0131 h\u0131zla artarak ikiden d\u00f6rde \u00e7\u0131k\u0131yor.<\/p>\n<h2>Ay\u00e7i\u00e7ek Ya\u011f\u0131 Yenileme Projesi<\/h2>\n<p>2016 y\u0131l\u0131nda ba\u015flat\u0131lan Ay\u00e7i\u00e7ek Ya\u011f\u0131 Geri Kazan\u0131m Projesi be\u015finci y\u0131l\u0131na girdi.<\/p>\n<p>Ge\u00e7ti\u011fimiz g\u00fcnlerde Hokuryu Belediye Binas\u0131 Ay\u00e7i\u00e7e\u011fi Projesi Tan\u0131t\u0131m Ofisi M\u00fcd\u00fcr Yard\u0131mc\u0131s\u0131 Yasuhito Noshirogawa (\u015fu anda Hokkaido \u0130l H\u00fck\u00fcmeti&#039;nden \u00f6d\u00fcn\u00e7 al\u0131nm\u0131\u015ft\u0131r) ve B\u00f6l\u00fcm \u015eefi Masakazu Tamura ile ay\u00e7i\u00e7e\u011fi ya\u011f\u0131 projesi faaliyetleri hakk\u0131nda g\u00f6r\u00fc\u015ft\u00fck.<br \/>\n\ufffc<br \/>\n<figure class=\"wp-caption aligncenter\"><a href=\"https:\/\/photos.google.com\/share\/AF1QipPgwpg_6jOGW7ntsA7KzwOTwS9SMV3cuQMwDDqnoTjgnfgQUiIBH1b2G2Hm5C5SEQ\/photo\/AF1QipOpIfuiRE1I9D-h-32Pwqe0ZakuBbTQXqMlk4I?key=RldyYkRwanpFQ2wwQk5hQUlLdGJ5ZlVja1FtNFJ3\" target=\"_blank\" rel=\"noopener noreferrer\"><img decoding=\"async\" src=\"https:\/\/lh3.googleusercontent.com\/pw\/ACtC-3dAP_1XKU_4AH4FaibQSMdbAtLixLGi5Drutn4xKVsIXvbXLVxiUL-t11yQEf98q78kx5FmyPfFpJA08CeZLrNEJ1uLNJsi7jlBE0SN2qJBqY-_GHTUWdQM0E03_ycLQhPLjgC0OecJwIHh6agx5RnF=w1852-h1234-no?authuser=0\" width=\"1852\" height=\"1234\" alt=\"Hokuryu Belediye Ofisi Ay\u00e7i\u00e7e\u011fi Projesi Tan\u0131t\u0131m Ofisi, M\u00fcd\u00fcr Yard\u0131mc\u0131s\u0131 Yasuhito Noshirogawa ve B\u00f6l\u00fcm \u015eefi Masakazu Tamura\" class=\"size-medium\" \/><\/a><figcaption class=\"wp-caption-text\">Hokuryu Belediye Ofisi Ay\u00e7i\u00e7e\u011fi Projesi Tan\u0131t\u0131m Ofisi, M\u00fcd\u00fcr Yard\u0131mc\u0131s\u0131 Yasuhito Noshirogawa (solda) ve B\u00f6l\u00fcm \u015eefi Masakazu Tamura (sa\u011fda)<\/figcaption><\/figure>\n<h3>M\u00fcd\u00fcr Yard\u0131mc\u0131s\u0131 Yasuhito Noshirogawa&#039;n\u0131n konu\u015fmas\u0131<\/h3>\n<p>\ufffc<br \/>\n<figure class=\"wp-caption aligncenter\"><a href=\"https:\/\/photos.google.com\/share\/AF1QipPgwpg_6jOGW7ntsA7KzwOTwS9SMV3cuQMwDDqnoTjgnfgQUiIBH1b2G2Hm5C5SEQ\/photo\/AF1QipNXzc--C-ai4aA6zPKW3hnubOFRjxsFOANUjQA?key=RldyYkRwanpFQ2wwQk5hQUlLdGJ5ZlVja1FtNFJ3\" target=\"_blank\" rel=\"noopener noreferrer\"><img decoding=\"async\" src=\"https:\/\/lh3.googleusercontent.com\/pw\/ACtC-3ePIZUXR4CXbDHaa7CrpBQgyK4nautEn-VdTQCZC_MbiY1KCxUdcMA_V0C8W4z8PsGPsgGRL-oAx8qp4QUmO0ZYVEs5FEfSaz4VU5Gall_lp6kHr2jcJO01LVUB81zp2UXVueQLAHjDFEY1R7XOX5XG=w1852-h1234-no?authuser=0\" width=\"1852\" height=\"1234\" alt=\"M\u00fcd\u00fcr Yard\u0131mc\u0131s\u0131 Yasuhito Noshirogawa\" class=\"size-medium\" \/><\/a><figcaption class=\"wp-caption-text\">M\u00fcd\u00fcr Yard\u0131mc\u0131s\u0131 Yasuhito Noshirogawa<\/figcaption><\/figure>\n<h4>Bu y\u0131l ay\u00e7i\u00e7e\u011fi tarlalar\u0131 6 hektara dikildi.<\/h4>\n<p>Proje 2016 y\u0131l\u0131nda (Heisei 28) 6 hektar alanda ay\u00e7i\u00e7e\u011fi ekimi ile ba\u015flam\u0131\u015ft\u0131r. Tarla alan\u0131 her y\u0131l yakla\u015f\u0131k 2 hektar art\u0131r\u0131l\u0131yor, ge\u00e7en y\u0131l 12 hektar, bu y\u0131l ise 6 hektar art\u0131r\u0131ld\u0131. Hokuryu Kasabas\u0131&#039;nda \u00fc\u00e7 \u00fcretici taraf\u0131ndan yeti\u015ftirilmektedir.<\/p>\n<p>Faaliyet b\u00fct\u00e7esine gelince, Yerel Canland\u0131rma Te\u015fvik Hibe Program\u0131 (Kasaba, Halk ve \u0130\u015f Yaratma Hibe Program\u0131) ge\u00e7en y\u0131l sona erdi, dolay\u0131s\u0131yla bu y\u0131l kasaba projeyi kendi politikas\u0131 olarak uyguluyor.<\/p>\n<h4>Yeti\u015ftirme ve \u00dcretim<\/h4>\n<p>Tarla alanlar\u0131 azalsa da \u00fcreticilerin becerilerinin artmas\u0131yla tohum hasad\u0131 giderek art\u0131yor.<\/p>\n<p>2016 y\u0131l\u0131nda 6 ton (6 ha) ay\u00e7i\u00e7e\u011fi tohumu hasad\u0131 yap\u0131l\u0131rken, 2019 y\u0131l\u0131nda 15 ton (12 ha) ay\u00e7i\u00e7e\u011fi tohumu hasad\u0131 yap\u0131lm\u0131\u015f olup, bu y\u0131l 9 ton olarak planlanmaktad\u0131r. Tohum hasad\u0131n\u0131n ilk y\u0131la g\u00f6re yakla\u015f\u0131k 1,5 kat olmas\u0131 bekleniyor.<\/p>\n<h4>Pestisit kullan\u0131lmadan yeti\u015ftirildi<\/h4>\n<p>&quot;Kobalt II&quot; ay\u00e7i\u00e7e\u011fi ya\u011f\u0131 \u00e7e\u015fidi, Hokuryu Kasabas\u0131&#039;ndaki s\u00f6zle\u015fmeli \u00e7ift\u00e7iler taraf\u0131ndan pestisit kullan\u0131lmadan yeti\u015ftiriliyor ve ya\u011f, Nayoro \u015eehri&#039;ndeki bir tesiste presleme y\u00f6ntemi kullan\u0131larak \u00e7\u0131kar\u0131l\u0131yor.<\/p>\n<h4>Ya\u011f hacmi<\/h4>\n<p>Bu y\u0131l 9 ton hasat bekliyoruz, hasat sonras\u0131 ya\u011f veriminin y\u00fczde 30 civar\u0131nda olaca\u011f\u0131n\u0131 varsayarsak bu da 2,7 ton civar\u0131nda olacak.<\/p>\n<h4>Ay\u00e7i\u00e7ek Ya\u011f\u0131n\u0131n \u00d6zellikleri<\/h4>\n<p>-Oleik asit a\u00e7\u0131s\u0131ndan zengindir: Kandaki k\u00f6t\u00fc kolesterol\u00fcn d\u00fc\u015f\u00fcr\u00fclmesine yard\u0131mc\u0131 olur. Kan\u0131 inceltir ve damar sertli\u011fini \u00f6nler<\/p>\n<p>- E Vitamini A\u00e7\u0131s\u0131ndan Zengindir: V\u00fccuttaki aktif oksijeni uzakla\u015ft\u0131ran g\u00fc\u00e7l\u00fc bir antioksidan olan alfa-tokoferol i\u00e7erir, bu da ya\u015flanmay\u0131 \u00f6nlemede etkilidir. Kan dola\u015f\u0131m\u0131n\u0131 h\u0131zland\u0131rmada, ciltteki p\u00fcr\u00fczleri, dola\u015f\u0131m bozukluklar\u0131n\u0131 ve omuzlardaki tutulmalar\u0131 iyile\u015ftirmede etkili oldu\u011fu s\u00f6ylenmektedir.<\/p>\n<p><center><figure class=\"wp-caption aligncenter\"><a href=\"https:\/\/photos.google.com\/share\/AF1QipPgwpg_6jOGW7ntsA7KzwOTwS9SMV3cuQMwDDqnoTjgnfgQUiIBH1b2G2Hm5C5SEQ\/photo\/AF1QipNmqsuQUX_tpRMFcXNCxm-WwPMUOlTTBxFK2-Y?key=RldyYkRwanpFQ2wwQk5hQUlLdGJ5ZlVja1FtNFJ3\" target=\"_blank\" rel=\"noopener\"><img decoding=\"async\" src=\"https:\/\/lh3.googleusercontent.com\/pw\/ACtC-3emweyYgw1btdBS_k0WKw9CjWqQfKJrmkS4inoSiB2mrsHbbQ-1Ux3Y1jQeGs9ZH_cyw6OtMGsOumamBqE9U15RN18ibM7o4xoi4GRjAbF0VZ7-zNeq_zuwjXVhrTv0USwwDcNRh_cVyOADmRxihanL=w635-h897-no?authuser=0\" width=\"634\" height=\"897\" alt=\"Ay\u00e7i\u00e7ek Ya\u011f\u0131n\u0131n \u00d6zellikleri\" class=\"size-medium\" style=\"border:solid 1px blue\"\/><figcaption class=\"wp-caption-text\">Ay\u00e7i\u00e7ek Ya\u011f\u0131n\u0131n \u00d6zellikleri<\/a><\/figcaption><\/figure><\/center><\/p>\n<h4>Her t\u00fcrl\u00fc yeme\u011fe uygundur<\/h4>\n<p>Ay\u00e7i\u00e7ek ya\u011f\u0131 oksidasyona dayan\u0131kl\u0131 oldu\u011fundan oda s\u0131cakl\u0131\u011f\u0131nda, \u00f6rne\u011fin ekmek veya pilav \u00fczerine d\u00f6k\u00fclerek veya salata sosu olarak kullan\u0131labilir. Ayn\u0131 zamanda \u0131s\u0131yla pi\u015firmeye de uygun bir ya\u011fd\u0131r. Her t\u00fcrl\u00fc yemekte sonsuz say\u0131da \u015fekilde kullan\u0131labilir. Herkese denemesini tavsiye edece\u011fim bir ya\u011fd\u0131r.<\/p>\n<h4>Ay\u00e7i\u00e7ek ya\u011f\u0131 ile ilgili \u00fcr\u00fcnleri satan ma\u011fazalar<\/h4>\n<p>Kas\u0131m 2018&#039;de Hokuryu Kasabas\u0131na atand\u0131\u011f\u0131mda, \u00fcr\u00fcn\u00fc satan ma\u011faza say\u0131s\u0131 hala s\u0131n\u0131rl\u0131yd\u0131.<\/p>\n<p>O zamanlar Sansan Ay\u00e7i\u00e7ek Ya\u011f\u0131, Kitaryu Kasabas\u0131&#039;ndaki Sunflower Park Kitaryu Onsen&#039;in i\u00e7indeki bir d\u00fckkanda bulunuyordu. Ayr\u0131ca Sunagawa Highway Oasis&#039;te kavrulmu\u015f ay\u00e7i\u00e7ek ya\u011f\u0131m\u0131z da sat\u0131lmaktad\u0131r.<\/p>\n<p>O tarihten bu yana Sapporo \u015fehrinde sat\u0131\u015f kanal\u0131 tan\u0131t\u0131m faaliyetleri y\u00fcr\u00fct\u00fcyoruz ve \u00fcr\u00fcnlerimizin Hokkaido genelinde, kom\u015fu \u015fehir ve kasabalar da dahil olmak \u00fczere ma\u011fazalarda bulunmas\u0131 i\u00e7in \u00e7al\u0131\u015f\u0131yoruz.<\/p>\n<p>Ay\u00e7i\u00e7ek ya\u011f\u0131 pahal\u0131 bir \u00fcr\u00fcn oldu\u011fundan b\u00fcy\u00fck perakendecilerin onu normal raflarda satmas\u0131 zor.<\/p>\n<p>Ay\u00e7i\u00e7ek ya\u011f\u0131n\u0131n faydalar\u0131n\u0131 olabildi\u011fince \u00e7ok insana ula\u015ft\u0131rabilece\u011fimden eminim, bu y\u00fczden ay\u00e7i\u00e7ek ya\u011f\u0131n\u0131 olabildi\u011fince \u00e7ok ma\u011fazada bulundurmak i\u00e7in \u00e7ok \u00e7al\u0131\u015f\u0131yorum.<\/p>\n<p>Son d\u00f6nemde COVID-19 salg\u0131n\u0131n\u0131n etkisiyle gelirler d\u00fc\u015ft\u00fc ve t\u00fcketiciler tasarruf tedbirlerine daha fazla a\u011f\u0131rl\u0131k vererek y\u00fcksek fiyatl\u0131 \u00fcr\u00fcnleri sat\u0131n almalar\u0131n\u0131 zorla\u015ft\u0131r\u0131yor.<\/p>\n<p>Coop Sapporo Fukagawa Ma\u011fazas\u0131&#039;nda (Fukagawa \u015eehri) \u015fu anda yaln\u0131zca bir t\u00fcr ay\u00e7i\u00e7ek ya\u011f\u0131 bulunmaktad\u0131r. Gelecekte kavrulmu\u015f ay\u00e7i\u00e7ek ya\u011f\u0131 ve Kurosengoku ay\u00e7i\u00e7ek ya\u011f\u0131 sosu gibi sundu\u011fumuz \u00fcr\u00fcn \u00e7e\u015fitlili\u011fini art\u0131rmay\u0131 umuyoruz.<\/p>\n<p><center><figure class=\"wp-caption aligncenter\"><a href=\"https:\/\/photos.google.com\/share\/AF1QipPgwpg_6jOGW7ntsA7KzwOTwS9SMV3cuQMwDDqnoTjgnfgQUiIBH1b2G2Hm5C5SEQ\/photo\/AF1QipPovO865tunamXin2dWnCftg-LSSuUKbTu6wWQ?key=RldyYkRwanpFQ2wwQk5hQUlLdGJ5ZlVja1FtNFJ3\" target=\"_blank\" rel=\"noopener noreferrer\"><img decoding=\"async\" src=\"https:\/\/lh3.googleusercontent.com\/pw\/ACtC-3en2akDz_g6Fv-PnOGSIVm55H25CEu1N5TnFPxpk3_4N4xq4Ra5Dp0CSPJEGlUpWOYzGZAKFe1iuleTqvcCvScomgV6_vN4qSHDvnUbnDUQs_WtsIVKtUGCEftb8YTNeqeHDu3pjES9dWVmyblQvkXl=w1269-h897-no?authuser=0\" width=\"1269\" height=\"897\" alt=\"Ay\u00e7i\u00e7ek ya\u011f\u0131 ile ilgili \u00fcr\u00fcnleri satan ma\u011fazalar\u0131n listesi\" class=\"size-medium\" style=\"border:solid 1px blue\"\/><figcaption class=\"wp-caption-text\">Ay\u00e7i\u00e7ek ya\u011f\u0131 ile ilgili \u00fcr\u00fcnleri satan ma\u011fazalar\u0131n listesi<\/a><\/figcaption><\/figure><\/center><\/p>\n<h4>T\u00fcketici tercihi: Ay\u00e7i\u00e7ek ya\u011f\u0131 ve kavrulmu\u015f ay\u00e7i\u00e7ek ya\u011f\u0131<\/h4>\n<p>Kentsel alanlarda \u00e7ok say\u0131da insan g\u00fcnl\u00fck hayatta zeytinya\u011f\u0131 kulland\u0131\u011f\u0131ndan, ya\u011f\u0131n kendisinde farkl\u0131 tatlar arama e\u011filimi vard\u0131r. Ay\u00e7i\u00e7e\u011fine benzer bir tada sahip olan &quot;kavrulmu\u015f ay\u00e7i\u00e7ek ya\u011f\u0131&quot;n\u0131n olduk\u00e7a pop\u00fcler oldu\u011fu g\u00f6r\u00fcl\u00fcyor.<\/p>\n<p>Hokkaido&#039;daki yerel kasabalarda t\u00fcketicilerin petrol konusundaki tercihleri e\u015fit olarak da\u011f\u0131lm\u0131\u015f durumda. \u015eeffaf ya\u011f\u0131n uzun zamand\u0131r var oldu\u011fu herkes taraf\u0131ndan biliniyor gibi g\u00f6r\u00fcn\u00fcyor. Sansan ay\u00e7i\u00e7ek ya\u011f\u0131 berrakt\u0131r ve kendine has bir tad\u0131 yoktur, bu nedenle her t\u00fcrl\u00fc yemek pi\u015firmede kullan\u0131labilir, bu y\u00fczden de \u00e7ok pop\u00fclerdir.<\/p>\n<p>Her iki ya\u011f\u0131 da yeme\u011finizin lezzetine g\u00f6re kullanarak sofralar\u0131n\u0131zda keyif alaca\u011f\u0131n\u0131z\u0131 umuyoruz.<\/p>\n<h4>Gelecek g\u00f6r\u00fcn\u00fcm\u00fc<\/h4>\n<p>Yeti\u015ftiricilikte ise verim her ge\u00e7en y\u0131l giderek art\u0131yor, kalite ise daha istikrarl\u0131 hale geliyor. Gelecekteki zorlu\u011fun, Hokkaido&#039;nun hem i\u00e7inde hem d\u0131\u015f\u0131nda olabildi\u011fince \u00e7ok say\u0131da insan\u0131 ay\u00e7i\u00e7ek ya\u011f\u0131n\u0131n varl\u0131\u011f\u0131ndan haberdar etmek oldu\u011funu d\u00fc\u015f\u00fcn\u00fcyorum.<\/p>\n<p>\u00c7e\u015fitli faaliyetlerimizde Hokuryu kasabas\u0131n\u0131 ve \u00fcr\u00fcnlerimizin varl\u0131\u011f\u0131n\u0131 tan\u0131tma arzusuyla \u00e7al\u0131\u015f\u0131yoruz.<\/p>\n<p>\ufffc<figure class=\"wp-caption aligncenter\"><a href=\"https:\/\/photos.google.com\/share\/AF1QipPgwpg_6jOGW7ntsA7KzwOTwS9SMV3cuQMwDDqnoTjgnfgQUiIBH1b2G2Hm5C5SEQ\/photo\/AF1QipOA6sEia1Fr6U35YHQrnIY_mNGyDrnxy0TqVfQ?key=RldyYkRwanpFQ2wwQk5hQUlLdGJ5ZlVja1FtNFJ3\" target=\"_blank\" rel=\"noopener noreferrer\"><img decoding=\"async\" src=\"https:\/\/lh3.googleusercontent.com\/pw\/ACtC-3cECA12lw1pDgUPXhhGzN98vD-iUlYBH3k_Y3A1mEl5qUmQY14t4AxzuUTaejVSmNTrKFrf7L8_mvdWHBBNFz04ztqPH-8QsZD8NhFYhFbHeBOcUkJua1B4ejVkvgop-NRgzbx44ceERmz5yl7fm8Mi=w1852-h1234-no?authuser=0\" width=\"1852\" height=\"1234\" alt=\"Gelecek g\u00f6r\u00fcn\u00fcm\u00fc\" class=\"size-medium\" \/><\/a><figcaption class=\"wp-caption-text\">Gelecek g\u00f6r\u00fcn\u00fcm\u00fc<\/figcaption><\/figure>\n<h4>Sat\u0131\u015f kanallar\u0131n\u0131n geni\u015fletilmesine ili\u015fkin d\u00fc\u015f\u00fcnceler<\/h4>\n<p>\u015eu ana kadar sat\u0131\u015f promosyon faaliyetlerimiz so\u011fuk arama tarz\u0131 faaliyetlerden olu\u015fuyordu. Konu\u015ftu\u011fumuz her projeyi i\u015fletmelerin samimiyetle dinleyip anlamalar\u0131 beni \u00e7ok memnun etti.<\/p>\n<p>Mitsui Outlet Park Sapporo Kitahiroshima&#039;daki (Kitahiroshima \u015eehri) etkinli\u011fe kat\u0131l\u0131mla ilgili olarak, randevu almadan park\u0131 ziyaret ettik ve park personeliyle do\u011frudan g\u00f6r\u00fc\u015fme f\u0131rsat\u0131 bulduk. Tart\u0131\u015fmay\u0131, kasaban\u0131n halkla ili\u015fkiler k\u00f6\u015fesinde bir stant a\u00e7ma noktas\u0131na kadar ta\u015f\u0131yabildik. Ayn\u0131 g\u00fcn Hokuren Kururu no Mori&#039;de (Kitahiroshima) stand a\u00e7\u0131lmas\u0131 konusunda da g\u00f6r\u00fc\u015fmeler sonu\u00e7land\u0131.<\/p>\n<p>Kar\u015f\u0131 taraf\u0131n, Hokuryu Kasabas\u0131&#039;n\u0131n \u00f6zel \u00fcr\u00fcnlerini bir \u015fekilde tan\u0131tma konusundaki g\u00fc\u00e7l\u00fc iste\u011fimizi tam olarak anlamas\u0131 bizim i\u00e7in hem dokunakl\u0131 hem de mutlu bir and\u0131.<\/p>\n<p>Etkinlikte her ma\u011faza \u00fcr\u00fcnlerini y\u00fcz y\u00fcze satarak ziyaret\u00e7ilere Kitary\u016b Kasabas\u0131 hakk\u0131nda bilgi edinme ve Ay\u00e7i\u00e7e\u011fi Festivali&#039;nin yan\u0131 s\u0131ra \u00fcr\u00fcnleri (kasaban\u0131n spesiyaliteleri: ay\u00e7i\u00e7ek ya\u011f\u0131, Kurosengoku ve ay\u00e7i\u00e7e\u011fi pirinci) tan\u0131tma f\u0131rsat\u0131 verdi. Kitary\u016b Kasabas\u0131&#039;n\u0131n \u00f6zel \u00fcr\u00fcnleriyle ilgilenen ki\u015filerle birlikte sat\u0131\u015f faaliyetleri y\u00fcr\u00fctt\u00fck ve birlik ve beraberlik duygusunun hissedildi\u011fi bir etkinlik ger\u00e7ekle\u015ftirdik.<\/p>\n<p>B\u00f6ylesine g\u00fczel ili\u015fkiler kurdu\u011fumuz i\u015fletmelerle bir \u015fekilde ileti\u015fimimizi s\u00fcrd\u00fcr\u00fcyoruz. \u00dcr\u00fcnlerimizi sadece kom\u015fu b\u00f6lgelerde de\u011fil, geni\u015f bir alanda Sapporo ve di\u011fer b\u00f6lgelerdeki m\u00fc\u015fterilerimize tan\u0131tmaya devam etmenin bizim i\u00e7in \u00f6nemli olmaya devam edece\u011fini d\u00fc\u015f\u00fcn\u00fcyorum.<\/p>\n<p>Ay\u00e7i\u00e7ek ya\u011f\u0131 ile \u00fcr\u00fcn kombinasyonu geli\u015ftirmek isteyen i\u015fletmelerden \u00e7ok say\u0131da ba\u015fvuru ald\u0131k.<\/p>\n<p>\u00d6rne\u011fin, &quot;miso x kavrulmu\u015f ay\u00e7i\u00e7ek ya\u011f\u0131&quot;, &quot;sar\u0131msak x ay\u00e7i\u00e7ek ya\u011f\u0131&quot;, &quot;deniz yosunu x ay\u00e7i\u00e7ek ya\u011f\u0131&quot; ve &quot;ekmek x ay\u00e7i\u00e7ek ya\u011f\u0131&quot; gibi \u00e7ok \u00e7e\u015fitli kombinasyonlar mevcuttur. Ay\u00e7i\u00e7e\u011fi pirinci ve Kurosengoku soya fasulyesi ile olan ba\u011flant\u0131lar\u0131m\u0131z\u0131, \u00f6zellikle ay\u00e7i\u00e7e\u011fi ya\u011f\u0131na odaklanarak geni\u015fletmeyi umuyoruz.<\/p>\n<p>Ge\u00e7mi\u015fte i\u015f toplant\u0131lar\u0131 ve di\u011fer etkinliklerde birlikte yer ald\u0131\u011f\u0131m insanlarla yak\u0131n ili\u015fkiler kurmaya devam etmeyi umuyorum.<\/p>\n<h4>Ay\u00e7i\u00e7e\u011fi ya\u011f\u0131na ili\u015fkin \u00e7e\u015fitli geli\u015fmeler<\/h4>\n<p>Bir \u015feye farkl\u0131 a\u00e7\u0131lardan yakla\u015fmak, bir\u00e7ok farkl\u0131 insanla ba\u011flant\u0131 kurmak ve beklenmedik hareketlerin ortaya \u00e7\u0131kmas\u0131n\u0131 g\u00f6rmek ilgin\u00e7 bir deneyimdi.<\/p>\n<p>Bu sefer f\u0131r\u0131n, soba d\u00fckk\u00e2n\u0131 gibi restoranlarda da kullan\u0131larak sat\u0131\u015f kanallar\u0131m\u0131z\u0131 geni\u015fletiyoruz.<\/p>\n<p>Sat\u0131\u015f kanallar\u0131m\u0131z\u0131 birer birer geni\u015fleterek, t\u0131pk\u0131 ay\u00e7i\u00e7eklerinin filizlenmesi gibi farkl\u0131 il\u00e7elerle, farkl\u0131 i\u015fletmelerle ba\u011flant\u0131 kurma imk\u00e2n\u0131 sa\u011flayan bu \u00e7al\u0131\u015fmalar\u0131 \u00f6nemsiyoruz. Noshirogawa, &quot;O zamandan bu yana geli\u015fen a\u011f\u0131 de\u011ferli tutmak ve gelecekte de geli\u015ftirmeye devam etmek istiyorum&quot; dedi.<\/p>\n<h3>B\u00f6l\u00fcm \u015fefi Masakazu Tamura&#039;n\u0131n hikayesi<\/h3>\n<figure class=\"wp-caption aligncenter\"><a href=\"https:\/\/photos.google.com\/share\/AF1QipPgwpg_6jOGW7ntsA7KzwOTwS9SMV3cuQMwDDqnoTjgnfgQUiIBH1b2G2Hm5C5SEQ\/photo\/AF1QipPvdgkQtS7_QJZbMKepaFyhx7Hee1QWLwzcTfw?key=RldyYkRwanpFQ2wwQk5hQUlLdGJ5ZlVja1FtNFJ3\" target=\"_blank\" rel=\"noopener noreferrer\"><img decoding=\"async\" src=\"https:\/\/lh3.googleusercontent.com\/pw\/ACtC-3fQLU3K2qb5nIMfYP6TJVEyp6G6D_ByLDU9mKdVS9BH8-E-yMqir5L_7PgE8BYdrTIQwHY737SRRCffWZ630pL3pTnrZni200hhw3-Lctk_mUIggz9qJRPBGt2QT_Ssd2FSM-suHcPvvB2q9OTp2vaE=w1852-h1234-no?authuser=0\" width=\"1852\" height=\"1234\" alt=\"Masakazu Tamura B\u00f6l\u00fcm \u015eefi\" class=\"size-medium\" \/><\/a><figcaption class=\"wp-caption-text\">Masakazu Tamura B\u00f6l\u00fcm \u015eefi<\/figcaption><\/figure>\n<h4>Ay\u00e7i\u00e7e\u011fi ya\u011f\u0131 i\u00e7in ay\u00e7i\u00e7e\u011fi yeti\u015ftiricili\u011fi<\/h4>\n<p>Ay\u00e7i\u00e7ek ya\u011f\u0131 projesinde \u00fc\u00e7\u00fcnc\u00fc y\u0131l\u0131m. Hamada ve Togo o d\u00f6nem ba\u015f\u0131ndan beri ay\u00e7i\u00e7e\u011fi ya\u011f\u0131 yeti\u015ftirme ve \u00fcr\u00fcn\u00fc geli\u015ftirme \u00fczerinde \u00e7al\u0131\u015f\u0131yorlard\u0131, yani iki y\u0131ld\u0131r bunun temellerini at\u0131yorlard\u0131.<\/p>\n<p>Ben ise a\u011f\u0131rl\u0131kl\u0131 olarak ay\u00e7i\u00e7e\u011fi ya\u011f\u0131 \u00fcretimiyle ilgileniyorum. Devlet desteklerinin \u00f6deme prosed\u00fcrlerinden de sorumluydum.<\/p>\n<p>Daha \u00f6nce Hokuryu Belediye Binas\u0131&#039;n\u0131n Sanayi B\u00f6l\u00fcm\u00fc&#039;nde yakla\u015f\u0131k alt\u0131 y\u0131l tar\u0131m alan\u0131nda \u00e7al\u0131\u015ft\u0131m ve bu s\u00fcre zarf\u0131nda \u00e7ift\u00e7ilerle g\u00fc\u00e7l\u00fc ili\u015fkiler geli\u015ftirdim. \u00c7ift\u00e7iler a\u00e7\u0131s\u0131ndan ay\u00e7i\u00e7e\u011fini ya\u011fl\u0131k olarak yeti\u015ftirmek, di\u011fer bitkilere g\u00f6re daha fazla emek gerektiren, daha zor bir i\u015f olup, fazla gelir getirmiyordu.<\/p>\n<p>Bu durumda s\u00fcrekli tarlalar\u0131 ziyaret ederek, \u00e7ift\u00e7ilerle yak\u0131n ili\u015fkiler kurarak ay\u00e7i\u00e7e\u011fi yeti\u015ftiricili\u011fi ile \u00e7ift\u00e7iler aras\u0131nda k\u00f6pr\u00fc g\u00f6revi g\u00f6rmeye \u00e7al\u0131\u015f\u0131yorum.<\/p>\n<h4>Ay\u00e7i\u00e7ek ya\u011f\u0131n\u0131n asit de\u011feri<\/h4>\n<p>Yeti\u015ftiricilikte kar\u015f\u0131la\u015f\u0131lan en b\u00fcy\u00fck zorluklardan biri ay\u00e7i\u00e7e\u011fi ya\u011f\u0131n\u0131n asit de\u011ferinin kontrol edilmesidir.<\/p>\n<p>Ay\u00e7i\u00e7e\u011fi tohumlar\u0131 ekimden itibaren 150 g\u00fcn i\u00e7inde hasat edilmezse asitlik artar. Hasat \u00e7ok olsa bile, asit de\u011feri standart de\u011ferin \u00fcst\u00fcnde olan hi\u00e7bir \u00fcr\u00fcn\u00fcn sat\u0131lamamas\u0131 sorunu vard\u0131.<\/p>\n<p>Y\u0131lda bir kez do\u011frulama yapabilmemize ra\u011fmen, \u015fu ana kadar \u00e7imlenmeden 145 g\u00fcn sonra hasat edilen tohumlar\u0131n asit de\u011ferlerinin d\u00fc\u015f\u00fck ve stabil oldu\u011funu tespit ettik.<\/p>\n<p>Ay\u00e7i\u00e7ekleri tam \u00e7i\u00e7ek a\u00e7t\u0131ktan sonra solmaya ba\u015flar ve ya\u011f birikir. \u00c7ok erken hasat edilirse ya\u011f\u0131 az olur. \u0130\u015flem yava\u015f yap\u0131l\u0131rsa ya\u011f oran\u0131 artacakt\u0131r, ancak asit de\u011ferinin \u00e7ok y\u00fcksek olma riski vard\u0131r. En iyi ya\u011f kalitesini ararken hasat i\u00e7in en iyi zaman\u0131n belirlenmesi gerekir.<\/p>\n<p>Meyvenin kuru ve sert oldu\u011fu 3-4 g\u00fcnl\u00fck g\u00fcne\u015fli g\u00fcnlerden sonra hasat edilmesi en iyisidir. Ekim ay\u0131nda hava ya\u011f\u0131\u015fl\u0131 olur ve s\u0131cakl\u0131klar d\u00fc\u015fer, bu nedenle ay\u00e7i\u00e7e\u011fi \u00e7ekirdekleri daha fazla nem i\u00e7erir ve kurumas\u0131 daha uzun s\u00fcrer. Ekimden yakla\u015f\u0131k 130 g\u00fcn sonra hava durumunu takip etmeye ba\u015fl\u0131yoruz ve yakla\u015f\u0131k 140 g\u00fcn sonra hasad\u0131 planl\u0131yoruz.<\/p>\n<p>Tohumlar\u0131n ekildi\u011fi tarlalar birbirinden farkl\u0131d\u0131r ve b\u00f6lgeden b\u00f6lgeye hava s\u0131cakl\u0131\u011f\u0131, toprak s\u0131cakl\u0131\u011f\u0131, tarla \u015fartlar\u0131 de\u011fi\u015fmektedir. \u00c7imlenme i\u00e7in gereken g\u00fcn say\u0131s\u0131 da tarlaya g\u00f6re de\u011fi\u015fti\u011fi i\u00e7in zorlay\u0131c\u0131 olabiliyor.<\/p>\n<p>Daha \u00f6nce b\u00f6yle bir durum ya\u015fanmad\u0131\u011f\u0131 i\u00e7in her seferinde deneme-yan\u0131lma s\u00fcrecinden ge\u00e7mek durumunda kal\u0131yoruz. Her y\u0131l bir m\u00fccadeledir! Her seferinde heyecanla ele al\u0131yorum.<\/p>\n<h4>Sclerotinia sclerotinia ile ba\u015f etmek<\/h4>\n<p>Ay\u00e7i\u00e7ekleri g\u00f6vde \u00e7\u00fcr\u00fcmesine kar\u015f\u0131 hassast\u0131r.<br \/>\n\ufffc<br \/>\n<figure class=\"wp-caption alignnone\"><a href=\"https:\/\/photos.google.com\/share\/AF1QipPgwpg_6jOGW7ntsA7KzwOTwS9SMV3cuQMwDDqnoTjgnfgQUiIBH1b2G2Hm5C5SEQ\/photo\/AF1QipPUECbVnx01o-NGWT0X4b7RQ7c4IsZAiZcrT2o?key=RldyYkRwanpFQ2wwQk5hQUlLdGJ5ZlVja1FtNFJ3\" target=\"_blank\" rel=\"noopener noreferrer\"><img decoding=\"async\" src=\"https:\/\/lh3.googleusercontent.com\/pw\/ACtC-3f8LALwAP7J8-ITKwJycPxxR-ijhxvjeeWPZcttvDnk4ojwD3I3tSL2BoJhxScCojwc3HUdL32YfgxizO5qiIfQKJOmPm_PCbLqwcEUuvtFIZ4I-uR7cI-80NShV-PrbSlbJ0Kj82X3kd43pQ__7wk5=w1852-h1234-no?authuser=0\" width=\"1852\" height=\"1234\" alt=\"Sclerotinia \u00e7\u00fcr\u00fcmesinin olu\u015fumu hakk\u0131nda\" class=\"size-medium\" \/><\/a><figcaption class=\"wp-caption-text\">Sclerotinia \u00e7\u00fcr\u00fcmesinin olu\u015fumu hakk\u0131nda<\/figcaption><\/figure>\n<p>Sclerotinia \u00e7\u00fcr\u00fckl\u00fc\u011f\u00fc, ay\u00e7i\u00e7e\u011finin yaprak, k\u00f6k, talasso ve g\u00f6vde k\u0131s\u0131mlar\u0131n\u0131 istila ederek hastal\u0131\u011fa neden olan bir k\u00fcf t\u00fcr\u00fcd\u00fcr. Hastal\u0131k, ay\u00e7i\u00e7e\u011fi \u00e7i\u00e7ek a\u00e7t\u0131ktan sonra ortaya \u00e7\u0131kar ve \u00e7i\u00e7ek ba\u015flar\u0131n\u0131n alt taraflar\u0131n\u0131n \u00e7\u00fcr\u00fcmesi gibi \u00e7e\u015fitli belirtiler g\u00f6sterir. Hastal\u0131k ortaya \u00e7\u0131kt\u0131\u011f\u0131nda bakteri 300 metreye kadar yay\u0131labilir. Hastal\u0131\u011f\u0131n hava s\u0131cakl\u0131\u011f\u0131n\u0131n 27\u00b0C ve nemin y\u00fcksek oldu\u011fu durumlarda ortaya \u00e7\u0131kt\u0131\u011f\u0131 belirtiliyor.<\/p>\n<p>Sclerotinia sclerotinia \u00e7o\u011fu tarlada mevcuttur, ancak hastal\u0131k genellikle ila\u00e7lama ile kontrol alt\u0131na al\u0131n\u0131r.<\/p>\n<p>Hokuryu Kasabas\u0131&#039;ndaki ay\u00e7i\u00e7ekleri ise g\u0131da ama\u00e7l\u0131 yeti\u015ftirildi\u011fi i\u00e7in pestisit kullan\u0131lmadan yeti\u015ftiriliyor, dolay\u0131s\u0131yla \u00fczerlerine pestisit s\u0131k\u0131lmas\u0131 m\u00fcmk\u00fcn de\u011fil. Bitkinin sclerotinia ile enfekte olmas\u0131 durumunda tohumlar incelir ve verim etkilenir.<\/p>\n<p>Hastal\u0131\u011f\u0131n tarlan\u0131n tamam\u0131n\u0131 etkilemesi, tarlan\u0131n sadece yar\u0131s\u0131n\u0131 etkilemesi, kom\u015fu tarlalarda ise hi\u00e7 hastal\u0131k g\u00f6r\u00fclmemesi gibi \u00e7e\u015fitli durumlar s\u00f6z konusudur. Sorunla ba\u015fa \u00e7\u0131kman\u0131n yollar\u0131 konusunda S\u00fct \u00c7iftli\u011fi Akademisi&#039;ndeki insanlarla isti\u015fare ediyoruz ve ara\u015ft\u0131rma ve analizlerimizi s\u00fcrd\u00fcr\u00fcyoruz.<\/p>\n<h4>Sat\u0131\u015f faaliyetlerine proaktif yakla\u015f\u0131m<\/h4>\n<p>&quot;Belediye \u00e7al\u0131\u015fanlar\u0131n\u0131n \u00fcr\u00fcnlerini tan\u0131tmak i\u00e7in i\u015f toplant\u0131lar\u0131na kat\u0131lmalar\u0131 pek olas\u0131 de\u011fildir. Tar\u0131m kooperatifi, ilgili etkinliklerde \u00fcr\u00fcn satarak kasabay\u0131 tan\u0131tacakt\u0131r ancak sat\u0131\u015f faaliyetlerinde bulunmayacakt\u0131r.<\/p>\n<p>Ancak Noshirogawa&#039;n\u0131n rehberli\u011fi sayesinde, belediye \u00e7al\u0131\u015fanlar\u0131n\u0131n daha \u00f6nce hi\u00e7 deneyimlemedi\u011fi sat\u0131\u015f kanal\u0131 geni\u015fletme faaliyetleri arac\u0131l\u0131\u011f\u0131yla \u00e7e\u015fitli i\u015fletme sahipleriyle ileti\u015fim kurma ve ili\u015fki kurma gibi de\u011ferli deneyimler kazanabildik.<\/p>\n<p>Tamura, &quot;Her durumda, ancak harekete ge\u00e7ti\u011finizde gitmeniz gereken y\u00f6n\u00fc g\u00f6rebilirsiniz, bu y\u00fczden olumlu eylemde bulunabilme yetene\u011fine sahip olman\u0131n ne kadar \u00f6nemli oldu\u011funu fark ettim&quot; diyor.<\/p>\n<h4>Hokuryu Kasabas\u0131&#039;n\u0131n simgesi: ay\u00e7i\u00e7e\u011fi<\/h4>\n<p>\ufffc<br \/>\n<center><figure class=\"wp-caption aligncenter\"><a href=\"https:\/\/photos.google.com\/share\/AF1QipPgwpg_6jOGW7ntsA7KzwOTwS9SMV3cuQMwDDqnoTjgnfgQUiIBH1b2G2Hm5C5SEQ\/photo\/AF1QipOvz0LHUfjWCh-uTUgFloHXbnKEftEcMDkdCzo?key=RldyYkRwanpFQ2wwQk5hQUlLdGJ5ZlVja1FtNFJ3\"><img decoding=\"async\" src=\"https:\/\/lh3.googleusercontent.com\/pw\/ACtC-3c398Ln55E69sbBwysCaVNUbSiyvRplPVuCjEYPA2fgreDmcV9qFpHViknUbtr8CJf4vQNf3eh3TNXWkRCNAEkUSH1nNo38844F8G_W-NTRTRV8nVfahdLVDOjcRKhhDmjV7csl3tTMFZQzt42WCU40=w1346-h897-no?authuser=0\" width=\"1346\" height=\"897\" alt=\"Masakazu Tamura B\u00f6l\u00fcm \u015eefi\" class=\"size-medium\" \/><\/a><figcaption class=\"wp-caption-text\">Masakazu Tamura B\u00f6l\u00fcm \u015eefi<\/figcaption><\/figure><\/center><\/p>\n<p>&quot;Ay\u00e7i\u00e7ekleri Hokuryu Kasabas\u0131&#039;n\u0131n simgesidir ve yerel bir spesiyalite olarak ay\u00e7i\u00e7ek ya\u011f\u0131 \u00fcretmeye devam etmenin \u00f6nemli oldu\u011funu d\u00fc\u015f\u00fcn\u00fcyorum. Herhangi bir yeme\u011fe iyi giden ay\u00e7i\u00e7ek ya\u011f\u0131n\u0131 daha fazla insan\u0131n bilmesini istiyorum ve lezzetini iletmek i\u00e7in \u00e7abalar\u0131m\u0131 s\u00fcrd\u00fcrmek istiyorum. Ay\u00e7i\u00e7ek ya\u011f\u0131n\u0131, g\u00fcvenli ve sa\u011fl\u0131kl\u0131 bir yerel i\u00e7erik olarak, g\u00fcvenle ve gururla daha fazla tan\u0131tmak istiyorum.<\/p>\n<p>\u015eimdiye kadar yerel \u00e7ift\u00e7ilerden, &quot;Kasaba bunu \u00f6zel bir \u00fcr\u00fcn haline getirmek i\u00e7in \u00e7ok \u00e7al\u0131\u015f\u0131yor, bu nedenle kar elde edemesek bile elimizden gelenin en iyisini yaparak i\u015fbirli\u011fi yapaca\u011f\u0131z.&quot; \u015feklinde g\u00fczel s\u00f6zler duyduk. Tamura, &quot;Bu \u00e7ift\u00e7ilerle olan ili\u015fkilerimize de\u011fer veriyoruz ve gelecekte de elimizden gelenin en iyisini yaparak s\u0131k\u0131 \u00e7al\u0131\u015fmaya devam edece\u011fiz&quot; dedi.<br \/>\n\ufffc<br \/>\n<figure class=\"wp-caption aligncenter\"><a href=\"https:\/\/photos.google.com\/share\/AF1QipPgwpg_6jOGW7ntsA7KzwOTwS9SMV3cuQMwDDqnoTjgnfgQUiIBH1b2G2Hm5C5SEQ\/photo\/AF1QipP4AsB9aGSRARj9C_-Mm2cNcHNYe2Me61bHonk?key=RldyYkRwanpFQ2wwQk5hQUlLdGJ5ZlVja1FtNFJ3\" target=\"_blank\" rel=\"noopener noreferrer\"><img decoding=\"async\" src=\"https:\/\/lh3.googleusercontent.com\/pw\/ACtC-3cobFc-UgfzfbhAzsBCilkQ0iUCNLsr282omqPrKpcYoAS__c2Gw3_lW2bSa7qQjvM9z8mJ5L71FVb7_q9u28hLKb6kCdNFfAPq0Bq6XFmdhquOsjWMfe1jW-gp3ckiA2wf18UZCtLRDWDb4s2w00Cu=w1852-h1234-no?authuser=0\" width=\"1852\" height=\"1234\" alt=\"Ay\u00e7i\u00e7e\u011fi ya\u011f\u0131na \u015f\u00fckranla, Hokuryu Kasabas\u0131&#039;n\u0131n canl\u0131l\u0131\u011f\u0131!\" class=\"size-medium\" \/><\/a><figcaption class=\"wp-caption-text\">Ay\u00e7i\u00e7e\u011fi ya\u011f\u0131na \u015f\u00fckranla, Hokuryu Kasabas\u0131&#039;n\u0131n canl\u0131l\u0131\u011f\u0131!<br \/>\nHokuryu Belediye Ofisi Ay\u00e7i\u00e7e\u011fi Projesi Tan\u0131t\u0131m Ofisi, M\u00fcd\u00fcr Yard\u0131mc\u0131s\u0131 Yasuhito Noshirogawa (solda) ve B\u00f6l\u00fcm \u015eefi Masakazu Tamura (sa\u011fda)<\/figcaption><\/figure>\n<p>Hokuryu Kasabas\u0131&#039;n\u0131n hayat dolu asil ruhu, Hokuryu Kasabas\u0131&#039;n\u0131n simgesi olan ay\u00e7i\u00e7eklerinin parlak ve ne\u015feli sesleriyle birlikte yay\u0131l\u0131yor. . .<\/p>\n<p>Derin sevgi ve samimiyetle haz\u0131rlanm\u0131\u015f ay\u00e7i\u00e7ek ya\u011f\u0131. . .<br \/>\n\u0130nsanlar\u0131 farkl\u0131 bak\u0131\u015f a\u00e7\u0131lar\u0131ndan birbirine ba\u011flayan, ay\u00e7i\u00e7ek ya\u011f\u0131n\u0131n yer ald\u0131\u011f\u0131 bu muhte\u015fem i\u015f birli\u011fi i\u00e7in b\u00fcy\u00fck sevgi, \u015f\u00fckran ve duayla. . .<\/p>\n<figure class=\"wp-caption aligncenter\"><a href=\"https:\/\/photos.google.com\/share\/AF1QipPcTTqLuwx40KIPelG1OWgazmcrPi1w47NYTzo37pPE7ia4eYo3RfylUt4y9bumPw\/photo\/AF1QipNET6SuqlNkKoWq3GFA-VUyTVlTnzIC702Cd2U?key=NkNlcllFRzBJeEdldEs4VndiMlN0cXpqSWVNajV3\" target=\"_blank\" rel=\"noopener noreferrer\"><img decoding=\"async\" src=\"https:\/\/lh3.googleusercontent.com\/pw\/ACtC-3fmhBwhtcCdFhVG9EB0Ra4OMYG99YIYWVn1GK31UtT-CctkP2L-7z2_Ht3LmurXy3FpDIr3Mk1k8og2nudnWoiP_h7d9kUQCCu-6GarKghKB2eEWZh1amhB1IptQNSnA959VxBPLjZ571umKucI_v3r=w1852-h1234-no?authuser=0\" width=\"1852\" height=\"1234\" alt=\"Ay\u00e7i\u00e7e\u011fi K\u00f6y\u00fc: Topra\u011f\u0131 iyile\u015ftirmek i\u00e7in \u00e7ok \u00e7al\u0131\u015f\u0131yoruz\" class=\"size-medium\" \/><\/a><figcaption class=\"wp-caption-text\">Ay\u00e7i\u00e7e\u011fi K\u00f6y\u00fc: Topra\u011f\u0131 iyile\u015ftirmek i\u00e7in \u00e7ok \u00e7al\u0131\u015f\u0131yoruz<\/figcaption><\/figure>\n<h2>&quot;Kurtarma kahraman\u0131&quot; Kitary\u016b Kasabas\u0131&#039;n\u0131n yard\u0131m\u0131na geliyor [Yahoo! haberler\u3011<\/h2>\n<p>4 Haziran Per\u015fembe g\u00fcn\u00fc, kurtarma kahraman\u0131 faaliyetlerinde bulunan J1 Ligi Sapporo orta saha oyuncusu Takuma Aranya ve defans oyuncusu Naoki Ishikawa, web konferans sistemi &quot;Zoom&quot; arac\u0131l\u0131\u011f\u0131yla Hokuriku Kasabas\u0131 Ay\u00e7i\u00e7e\u011fi Projesi Tan\u0131t\u0131m Ofisi ile bir araya gelerek Hokuriku Kasabas\u0131 &quot;ay\u00e7i\u00e7ek ya\u011f\u0131&quot; kurtarma \u00e7al\u0131\u015fmalar\u0131na ba\u015flamaya karar verdiler!<\/p>\n<p>Bundan sonra oyuncular Takuma Aranya ve Naoki Ishikawa, Kitary\u016b Kasabas\u0131&#039;ndaki \u00e7ocuklarla etkile\u015fimleri planlamada \u00f6nc\u00fcl\u00fck edecek ve yeni stratejiler geli\u015ftirecek! ! !<\/p>\n<figure class=\"wp-caption aligncenter\"><a href=\"https:\/\/news.yahoo.co.jp\/articles\/064694e7ef022c0381020ccb5bb442192ca79dc0\" target=\"_blank\" rel=\"noopener noreferrer\"><img decoding=\"async\" src=\"https:\/\/lh3.googleusercontent.com\/pw\/ACtC-3dDIAMAoi8mp3WmPdW6rd8DcKeliDGYJwlmNWhiNpAASnEKTK0CIubYbdg6HMHZDudk2Fc1h7at4zTU4y9dIMLoxPAAp0r6EbbGU8xQN1Pfn3KiyKukm1QODSitcgY7zjrMbJUP-cnGbTOmAgqQJwq1=w1207-h897-no?authuser=0\" width=\"1207\" height=\"897\" alt=\"[Yahoo!] Haberler: Orta saha oyuncusu Takuma Ayano, defans oyuncusu Naoki Ishikawa ve di\u011fer &quot;kurtarma kahramanlar\u0131&quot; Hokuryu Kasabas\u0131&#039;n\u0131n yard\u0131m\u0131na yeti\u015fti\" class=\"size-medium\" style=\"border:solid 1px blue\"\/><figcaption class=\"wp-caption-text\">[Yahoo!] Haberler: Orta saha oyuncusu Takuma Ayano, defans oyuncusu Naoki Ishikawa ve di\u011fer &quot;kurtarma kahramanlar\u0131&quot; Hokuryu Kasabas\u0131&#039;n\u0131n yard\u0131m\u0131na yeti\u015fti<\/a><\/figcaption><\/figure>\n<figure class=\"wp-caption aligncenter\"><a href=\"https:\/\/www.rescuehero.net\/\" target=\"_blank\" rel=\"noopener noreferrer\"><img decoding=\"async\" src=\"https:\/\/lh3.googleusercontent.com\/pw\/ACtC-3fvws8UEXZT-JAkHkFk6oa6gXjS4HMwxN0339_red6eECPiB5wmym-jpzQY9-Ve16VS1gC46H-GbujbAhqD9zkS7j9NjoYlHAvd1ylNgVsMMPHozYyEOE6dwHNwobEEaRmHvVNnBmfORaG6Lx7VqRhb=w1200-h827-no?authuser=0\" width=\"1207\" height=\"897\" alt=\"Kurtarma Kahraman\u0131 \u00d6zel Sitesi\" class=\"size-medium\" style=\"border:solid 1px blue\"\/><figcaption class=\"wp-caption-text\">Kurtarma Kahraman\u0131 \u00d6zel Sitesi<\/a><\/figcaption><\/figure>\n<p>Rescue Hero \u00f6zel internet sitesinde &quot;Ay\u00e7i\u00e7ek ya\u011f\u0131&quot; sat\u0131\u015f\u0131 yap\u0131lacak.<\/p>\n<figure class=\"wp-caption aligncenter\"><a href=\"https:\/\/rescuehero.net\/collections\/all\/products\/%E5%8C%97%E6%B5%B7%E9%81%93-%E5%8C%97%E7%AB%9C%E7%94%BA%E3%81%B2%E3%81%BE%E3%82%8F%E3%82%8A%E6%B2%B9-3%E6%9C%AC%E3%82%BB%E3%83%83%E3%83%88_rh32\" target=\"_blank\" rel=\"noopener noreferrer\"><img decoding=\"async\" src=\"https:\/\/lh3.googleusercontent.com\/pw\/ACtC-3fWY_xZdIuGWyoZAiVThC7LtlzTnefcIpvAxCP8uWZ4BR5q3jUdWm_zrJVaXhQfwa9187wftuEhhJrLTGDJHl8je_55ltssYzc7iEAbGAA4BWA79pgxoPI8qvSCB2NEpE9SkXh15o9PA2G5dzbXmjrp=w1138-h840-no?authuser=0\" width=\"1207\" height=\"897\" alt=\"RESCUE HERO SHOP [Hokkaido] Hokuryu Town Ay\u00e7i\u00e7ek Ya\u011f\u0131 3&#039;l\u00fc Paket\" class=\"size-medium\" style=\"border:solid 1px blue\"\/><figcaption class=\"wp-caption-text\">RESCUE HERO SHOP [Hokkaido] Hokuryu Town Ay\u00e7i\u00e7ek Ya\u011f\u0131 3&#039;l\u00fc Paket<\/a><\/figcaption><\/figure>\n<h2>\u0130lgili makaleler<\/h2>\n\n\n<h4>2020<\/h4>\n<p>\u30fb<a href=\"https:\/\/portal.hokuryu.info\/tr\/5814\/\" rel=\"noopener noreferrer\" target=\"_blank\">Hokuryu Kasabas\u0131&#039;n\u0131n &quot;Ay\u00e7i\u00e7e\u011fi Turizmi ve \u00dcr\u00fcnleri Fuar\u0131&quot; 2020, Hokuryu&#039;nun tamam\u0131n\u0131n i\u015fbirli\u011fiyle kasaban\u0131n tan\u0131t\u0131m\u0131n\u0131 yapmak \u00fczere Chikaho&#039;da d\u00fczenlenecek!<\/a>(5 Kas\u0131m 2020)<br \/>\n\u30fb<a href=\"https:\/\/portal.hokuryu.info\/tr\/5451\/\" rel=\"noopener noreferrer\" target=\"_blank\">Hokuryu Kasabas\u0131&#039;n\u0131n \u00f6zel \u00fcr\u00fcnlerinin y\u00fcz y\u00fcze sat\u0131\u015f\u0131 @ Sorachi Fuar\u0131 2020 (Hokkaido Dosanko Plaza Sapporo ma\u011fazas\u0131)<\/a>(19 Ekim 2020)<br \/>\n\u30fb<a href=\"https:\/\/portal.hokuryu.info\/tr\/2365\/\" rel=\"noopener noreferrer\" target=\"_blank\">Hokuryu Kasabas\u0131&#039;n\u0131n spesiyaliteleri olan &quot;Ay\u00e7i\u00e7ek ya\u011f\u0131, tarladan toplanan pirin\u00e7 krakerleri, karabu\u011fday gevre\u011fi ve Kurosengoku don&quot; art\u0131k Hokkaido Destek Todoku&#039;sunda (Coop Sapporo) mevcut!<\/a>(8 May\u0131s 2020)<\/p>\n<h4>2019<\/h4>\n<p>\u3000<br \/>\n\u30fb<a href=\"https:\/\/portal.hokuryu.info\/tr\/topics\/culture\/20191205\/\" rel=\"noopener noreferrer\" target=\"_blank\">&quot;Kurosengoku soya fasulyesi ve Sansan ay\u00e7i\u00e7ek ya\u011f\u0131 ve sosu&quot; hediye seti [Hokuryu Kasabas\u0131&#039;n\u0131n lezzetli yiyeceklerini tan\u0131t\u0131yoruz! No.02\u3011<\/a>(5 Aral\u0131k 2019)<br \/>\n\u30fb<a href=\"https:\/\/portal.hokuryu.info\/tr\/topics\/agri\/20190729-1\/\" rel=\"noopener noreferrer\" target=\"_blank\">&quot;Hokuryu Ay\u00e7i\u00e7e\u011fi Balsam\u0131&quot; sat\u0131\u015fta! Hokuryu Kasabas\u0131&#039;ndan gelen ay\u00e7i\u00e7ek ya\u011f\u0131 ile \u00fcretilmi\u015ftir, kimyasal katk\u0131 maddesi i\u00e7ermez<\/a>(29 Temmuz 2019)<br \/>\n\u30fb<a href=\"https:\/\/portal.hokuryu.info\/tr\/topics\/culture\/20190720\/\" rel=\"noopener noreferrer\" target=\"_blank\">Himawari taze ekme\u011fimizin yeni versiyonu! Hokuryu Kasabas\u0131ndan kavrulmu\u015f ay\u00e7i\u00e7ek ya\u011f\u0131 kullan\u0131r<\/a>(20 Temmuz 2019)<br \/>\n\u30fb<a href=\"https:\/\/portal.hokuryu.info\/tr\/topics\/agri\/20190701\/\" rel=\"noopener noreferrer\" target=\"_blank\">Hokuryu Kasabas\u0131&#039;n\u0131n \u00f6zel \u00fcr\u00fcnleri &quot;Ay\u00e7i\u00e7ek ya\u011f\u0131&quot;, &quot;Ay\u00e7i\u00e7ek pirinci&quot; ve &quot;Kurosengoku soya fasulyesi&quot; i\u00e7in sat\u0131\u015f fuar\u0131 @Mitsui Outlet Park Kitahiroshima<\/a>(1 Temmuz 2019)<\/p>\n<h4>2018<\/h4>\n<p>\u30fb<a href=\"https:\/\/portal.hokuryu.info\/tr\/topics\/agri\/20180719-2\/\" rel=\"noopener noreferrer\" target=\"_blank\">Ajidokoro Hachihachi&#039;nin orijinal &quot;Kurosengoku ve Ay\u00e7i\u00e7ek Ya\u011f\u0131 Sosu&quot; kullan\u0131larak haz\u0131rlanan yeni &quot;Ramen Salatas\u0131&quot;n\u0131n tan\u0131t\u0131m\u0131 (Himawari Turist Merkezi)<\/a>(19 Temmuz 2018)<br \/>\n\u30fb<a href=\"https:\/\/portal.hokuryu.info\/tr\/topics\/agri\/20180714-2\/\" rel=\"noopener noreferrer\" target=\"_blank\">Yeni \u00e7\u0131kan Kurosengoku soya fasulyesi ay\u00e7i\u00e7ek ya\u011f\u0131 sosu!<\/a>(14 Temmuz 2018)<br \/>\n\u30fb<a href=\"https:\/\/portal.hokuryu.info\/tr\/topics\/agri\/20180711\/\" rel=\"noopener noreferrer\" target=\"_blank\">Petit Marche @ Farm Aid Ginza 2018 Yaz, Hokuryu Town Ay\u00e7i\u00e7e\u011fi Pirinci ve Sansan Ay\u00e7i\u00e7e\u011fi Ya\u011f\u0131n\u0131n tan\u0131t\u0131m\u0131<\/a>(11 Temmuz 2018)<br \/>\n\u30fb<a href=\"https:\/\/portal.hokuryu.info\/tr\/topics\/agri\/20180410\/\" rel=\"noopener noreferrer\" target=\"_blank\">Ay\u00e7i\u00e7e\u011fi pirinci ve ay\u00e7i\u00e7ek ya\u011f\u0131 sat\u0131\u015f promosyon etkinli\u011fi &quot;Oyna. Ya\u015fa. B\u00fcy\u00fc. SATOYAMA &amp; SATOUMI 2018&#039;e gidelim&quot; @ Pacifico Yokohama (Yokohama \u015eehri)<\/a>(10 Nisan 2018)<br \/>\n\u30fb<a href=\"https:\/\/portal.hokuryu.info\/tr\/topics\/culture\/20180309-1\/\" rel=\"noopener noreferrer\" target=\"_blank\">&quot;Taze s\u0131k\u0131lm\u0131\u015f ay\u00e7i\u00e7ek ya\u011f\u0131&quot; aray\u0131\u015f\u0131nda @Rakuno Gakuen \u00dcniversitesi G\u0131da Planlama ve Geli\u015ftirme Laboratuvar\u0131 Ara\u015ft\u0131rma Sunumu<\/a>(9 Mart 2018)<br \/>\n\u30fb<a href=\"https:\/\/portal.hokuryu.info\/tr\/topics\/culture\/20180219\/\" rel=\"noopener noreferrer\" target=\"_blank\">Ay\u00e7i\u00e7ek ya\u011f\u0131 hakk\u0131nda bilgi edinmek i\u00e7in d\u00fczenlenen seminere ve ay\u00e7i\u00e7ek ya\u011f\u0131n\u0131n tad\u0131na bak\u0131lan tad\u0131m yeme\u011fine (Sapporo \u015eehri) 200&#039;den fazla ki\u015fi kat\u0131ld\u0131.<\/a>(19 \u015eubat 2018)<br \/>\n\u30fb<a href=\"https:\/\/portal.hokuryu.info\/tr\/topics\/culture\/20180213-1\/\" rel=\"noopener noreferrer\" target=\"_blank\">Hokuryu Kasabas\u0131&#039;nda yeti\u015ftirilen 0 ay\u00e7i\u00e7e\u011fi \u00e7ekirdeklerinden yap\u0131lan &quot;Kavrulmu\u015f Ay\u00e7i\u00e7ek Ya\u011f\u0131&quot; art\u0131k Sunflower Park Hokuryu Onsen&#039;de!<\/a>(13 \u015eubat 2018)<\/p>\n<h4>2017<\/h4>\n<p>\u30fb<a href=\"https:\/\/portal.hokuryu.info\/tr\/topics\/agri\/20171211\/\" rel=\"noopener noreferrer\" target=\"_blank\">Tayvan&#039;\u0131n Taichung \u015fehrinde Yumoya&#039;da &quot;pirin\u00e7, Kurosenkoku soya fasulyesi ve ay\u00e7i\u00e7e\u011fi ya\u011f\u0131&quot;n\u0131n yer ald\u0131\u011f\u0131 Hokuryu Kasabas\u0131 \u00fcr\u00fcn sergisi d\u00fczenlendi.<\/a>(11 Aral\u0131k 2017)<br \/>\n\u30fb<a href=\"https:\/\/portal.hokuryu.info\/tr\/informations\/20170712\/\" rel=\"noopener noreferrer\" target=\"_blank\">Ay\u00e7i\u00e7e\u011fi ya\u011f\u0131 geri d\u00f6n\u00fc\u015f\u00fcm projesi Hokkaido Yarat\u0131l\u0131\u015f Dergisi &quot;Tsukuru&quot;da yer ald\u0131<\/a>(12 Temmuz 2017)<br \/>\n\u30fb<a href=\"https:\/\/portal.hokuryu.info\/tr\/topics\/culture\/20170223\/\" rel=\"noopener noreferrer\" target=\"_blank\">Belediye Ba\u015fkan\u0131 Yutaka Sano, Hidaka Goro Show&#039;da (STV Radyo) &quot;Ay\u00e7i\u00e7ek Ya\u011f\u0131&quot;n\u0131n ticarile\u015ftirilmesi hakk\u0131nda bilgi veriyor<\/a>(23 \u015eubat 2017)<br \/>\n\u30fb<a href=\"https:\/\/portal.hokuryu.info\/tr\/topics\/culture\/20170217\/\" rel=\"noopener noreferrer\" target=\"_blank\">Sansan Ay\u00e7i\u00e7ek Ya\u011f\u0131 (Hokuryu Town x Nisshin Oillio Group) \u00fcr\u00fcn lansman\u0131<\/a>(17 \u015eubat 2017)<br \/>\n\u30fb<a href=\"https:\/\/portal.hokuryu.info\/tr\/topics\/culture\/20170128\/\" rel=\"noopener noreferrer\" target=\"_blank\">Ay\u00e7i\u00e7ek ya\u011f\u0131 geri kazan\u0131m projesi bilgilendirme oturumu ve tad\u0131m oturumu (tariflerle)<\/a>(28 Ocak 2017)<\/p>\n<p>\u30fb<a href=\"https:\/\/portal.hokuryu.info\/tr\/topics\/agri\/20170928\/\" rel=\"noopener noreferrer\" target=\"_blank\">Ya\u011fl\u0131k ay\u00e7i\u00e7e\u011fi hasad\u0131 ve kurutma i\u015flemi ba\u015flad\u0131<\/a>(28 Eyl\u00fcl 2017)<br \/>\n\u30fb<a href=\"https:\/\/portal.hokuryu.info\/tr\/topics\/agri\/20170615\/\" rel=\"noopener noreferrer\" target=\"_blank\">Honoka Tar\u0131m Kooperatifi Birli\u011fi [No.21] Ay\u00e7i\u00e7e\u011fi ya\u011f\u0131 tarlas\u0131ndaki ot temizli\u011finin havadan foto\u011fraf\u0131<\/a>(15 Haziran 2017)<br \/>\n\u30fb<a href=\"https:\/\/portal.hokuryu.info\/tr\/topics\/agri\/20160929\/\" rel=\"noopener noreferrer\" target=\"_blank\">Honoka Tar\u0131m Kooperatifi [No.15] Ay\u00e7i\u00e7e\u011fi ya\u011f\u0131 i\u00e7in ay\u00e7i\u00e7e\u011fi tohumlar\u0131n\u0131n hasad\u0131<\/a>(29 Eyl\u00fcl 2016)<\/p>\n<h4>2016<\/h4>\n<p>\u30fb<a href=\"https:\/\/portal.hokuryu.info\/tr\/oil.html\/\" rel=\"noopener noreferrer\" target=\"_blank\">Togo&#039;nun petrol hikayesi<\/a>(May\u0131s 2016 - Aral\u0131k 2016)<\/p>\n<p>\u25c7 \u00c7ekim ve kurgu: Noboru Terauchi R\u00f6portaj ve metin: Ikuko Terauchi<\/p>","protected":false},"excerpt":{"rendered":"<p>\uff12\uff10\uff12\uff10\u5e74\uff16\u6708\uff15\u65e5\uff08\u91d1\uff09 \u4eca\u5e74\u306f\u3001\u65b0\u578b\u30b3\u30ed\u30ca\u30a6\u30a4\u30eb\u30b9\u306e\u5f71\u97ff\u3067\u3072\u307e\u308f\u308a\u307e\u3064\u308a\u304c\u4e2d\u6b62\u3068\u306a\u308a\u3001\u6b8b\u5ff5\u306a\u304c\u3089\u3001\u3072\u307e\u308f\u308a\u306e\u91cc\u306b\u306f\u3072\u307e\u308f\u308a\u306e\u82b1\u306f\u54b2\u304d\u307e\u305b\u3093\u3002 \uff12\uff10\uff12\uff10\u5e74\u306e\u5317\u7adc\u753a\u306e\u3072\u307e\u308f\u308a \u7b2c\uff13\uff14\u56de\u3072\u307e\u308f\u308a\u307e\u3064\u308a\u306f\u4e2d [&hellip;]<\/p>\n","protected":false},"author":1,"featured_media":2962,"comment_status":"open","ping_status":"open","sticky":false,"template":"","format":"standard","meta":{"footnotes":""},"categories":[4,38],"tags":[],"class_list":["post-2923","post","type-post","status-publish","format-standard","has-post-thumbnail","hentry","category-cover-story","category-sfoil"],"_links":{"self":[{"href":"https:\/\/portal.hokuryu.info\/tr\/wp-json\/wp\/v2\/posts\/2923","targetHints":{"allow":["GET"]}}],"collection":[{"href":"https:\/\/portal.hokuryu.info\/tr\/wp-json\/wp\/v2\/posts"}],"about":[{"href":"https:\/\/portal.hokuryu.info\/tr\/wp-json\/wp\/v2\/types\/post"}],"author":[{"embeddable":true,"href":"https:\/\/portal.hokuryu.info\/tr\/wp-json\/wp\/v2\/users\/1"}],"replies":[{"embeddable":true,"href":"https:\/\/portal.hokuryu.info\/tr\/wp-json\/wp\/v2\/comments?post=2923"}],"version-history":[{"count":0,"href":"https:\/\/portal.hokuryu.info\/tr\/wp-json\/wp\/v2\/posts\/2923\/revisions"}],"wp:featuredmedia":[{"embeddable":true,"href":"https:\/\/portal.hokuryu.info\/tr\/wp-json\/wp\/v2\/media\/2962"}],"wp:attachment":[{"href":"https:\/\/portal.hokuryu.info\/tr\/wp-json\/wp\/v2\/media?parent=2923"}],"wp:term":[{"taxonomy":"category","embeddable":true,"href":"https:\/\/portal.hokuryu.info\/tr\/wp-json\/wp\/v2\/categories?post=2923"},{"taxonomy":"post_tag","embeddable":true,"href":"https:\/\/portal.hokuryu.info\/tr\/wp-json\/wp\/v2\/tags?post=2923"}],"curies":[{"name":"wp","href":"https:\/\/api.w.org\/{rel}","templated":true}]}}