{"id":25797,"date":"2022-11-02T15:02:20","date_gmt":"2022-11-02T06:02:20","guid":{"rendered":"https:\/\/portal.hokuryu.info\/?p=25797"},"modified":"2022-11-02T16:34:00","modified_gmt":"2022-11-02T07:34:00","slug":"kumiai-festivali-chikaho-2022-hokkaido-kucuk-ve-orta-olcekli-isletmeler-dernegi","status":"publish","type":"post","link":"https:\/\/portal.hokuryu.info\/tr\/25797\/","title":{"rendered":"Kurosengoku \u0130\u015fletme Kooperatifi (Hokuryu Kasabas\u0131, Hokkaido) Kumiai Festivali @ Chikaho 2022&#039;ye kat\u0131lacak (Hokkaido K\u00fc\u00e7\u00fck ve Orta \u00d6l\u00e7ekli \u0130\u015fletmeler Dernekleri Federasyonu taraf\u0131ndan desteklenmektedir)!"},"content":{"rendered":"<p>\u00c7ar\u015famba, 2 Kas\u0131m 2022<\/p>\n<p>Hokkaido K\u00fc\u00e7\u00fck ve Orta \u00d6l\u00e7ekli \u0130\u015fletmeler Federasyonu&#039;nun sponsorlu\u011funda d\u00fczenlenen Kumiai Festivali, 29 Ekim (Cumartesi) ve 30 Ekim (Pazar) tarihlerinde Sapporo \u0130stasyonu&#039;nun \u00f6n\u00fcndeki yer alt\u0131 yaya alan\u0131ndaki Chikaho Kita 3-jo kav\u015fa\u011f\u0131 meydan\u0131nda iki g\u00fcn boyunca d\u00fczenlendi.<\/p>\n<h2>Kumiai Festivali (Hokkaido K\u00fc\u00e7\u00fck ve Orta \u00d6l\u00e7ekli \u0130\u015fletme Dernekleri Federasyonu) nedir?<\/h2>\n<figure class=\"wp-caption aligncenter\"><a href=\"https:\/\/photos.google.com\/share\/AF1QipO3FvUPvE0NpfT7opFBQN9YYu3GBjFv0HAoHZsqMY4sOGratv59zFnYabJK2LI3pA\/photo\/AF1QipOzxenC22QKcIXCmcXgjVNfiUQ0gEJa0WNnFu8?key=RUpnV0Q3RGhXeGs4dTRLTW1takpwalNuc2lUcVdB\" target=\"_blank\" rel=\"noopener\"><img decoding=\"async\" src=\"https:\/\/lh3.googleusercontent.com\/pw\/AL9nZEVNISlrgHJTJmBOzZ-pVrRQeVPRFm3XR2avDiT9FGQ1udvfIxnwdxZjANarT-3cE50oyAL7yxQisQcxtkP6hNV-zoYlWXDq6mE08A0P5iQL9LOW8x7udPTTA3c8-cS_1wTIwRKbfFKoPQwHvzT_95GW=w1232-h1742-no?authuser=0\" width=\"1232\" height=\"1742\" alt=\"Kumiai Festivali (Hokkaido K\u00fc\u00e7\u00fck ve Orta \u00d6l\u00e7ekli \u0130\u015fletme Dernekleri Federasyonu)\" class=\"size-full\" \/><\/a><figcaption class=\"wp-caption-text\">Kumiai Festivali (Hokkaido K\u00fc\u00e7\u00fck ve Orta \u00d6l\u00e7ekli \u0130\u015fletme Dernekleri Federasyonu)<\/figcaption><\/figure>\n<p>Hokkaido genelinde faaliyet g\u00f6steren Hokkaido K\u00fc\u00e7\u00fck ve Orta \u00d6l\u00e7ekli \u0130\u015fletmeler Dernekleri Federasyonu&#039;na ba\u011fl\u0131 on d\u00f6rt kooperatif kat\u0131lacak ve faaliyetlerini ve \u00fcr\u00fcnlerini co\u015fkuyla tan\u0131tacak!<\/p>\n<p>Her stantta, faaliyetlerin anlat\u0131mlar\u0131, sat\u0131\u015fa sunulan \u00e7e\u015fitli \u00fcr\u00fcnlerin te\u015fhirleri, pul rallisi \u00e7ekili\u015fi, Mini 4WD deneyimi, \u00e7i\u00e7ek d\u00fczenleme ve yeti\u015ftirme deneyimleri yer ald\u0131.<\/p>\n<ul>\n<li><strong>Organizat\u00f6r:<\/strong>Hokkaido K\u00fc\u00e7\u00fck ve Orta \u00d6l\u00e7ekli \u0130\u015fletmeler Dernekleri Federasyonu<\/li>\n<li><strong>Sponsor:<\/strong>Ekonomi, Ticaret ve Sanayi Bakanl\u0131\u011f\u0131, Hokkaido Ekonomi, Ticaret ve Sanayi B\u00fcrosu, Hokkaido \u0130li, Sapporo \u015eehri, Hakodate \u015eehri, Asahikawa \u015eehri, Obihiro \u015eehri, Kushiro \u015eehri, Abashiri \u015eehri, Kitami \u015eehri, Muroran \u015eehri, Tomakomai \u015eehri, Iwamizawa \u015eehri, Wakkanai \u015eehri, Otaru \u015eehri<\/li>\n<\/ul>\n<h3>Miai Festivali&#039;ne kat\u0131lan gruplar<\/h3>\n<ol>\n<div class=\"img-move\">\n<ol>\n<li>Kurosengoku \u0130\u015f Kooperatifi Birli\u011fi (Hokuryu Kasabas\u0131)<a href=\"https:\/\/kurosengoku.or.jp\/\" rel=\"noopener\" target=\"_blank\">Ana sayfa<\/a><\/li>\n<li>Asahikawa Mobilya End\u00fcstrisi Kooperatif Derne\u011fi (Asahikawa \u015eehri)<a href=\"https:\/\/www.asahikawa-kagu.or.jp\/\" rel=\"noopener\" target=\"_blank\">Ana sayfa<\/a><\/li>\n<li>Obihiro \u0130\u00e7ki Sat\u0131\u015f Kooperatifi (Obihiro \u015eehri)<a href=\"https:\/\/houjin.jp\/c\/9460105000262\" rel=\"noopener\" target=\"_blank\">Referans sayfas\u0131<\/a><\/li>\n<li>Tokachi-Shintoku Taze Yerel Tavuk \u0130\u015fletme Kooperatifi Derne\u011fi (Shintoku Kasabas\u0131)<a href=\"https:\/\/shintokuzidori.jimdofree.com\/\" rel=\"noopener\" target=\"_blank\">Ana sayfa<\/a><\/li>\n<li>Sapporo S\u0131va End\u00fcstrisi Kooperatif Derne\u011fi (Sapporo \u015eehri)<a href=\"https:\/\/www.kensenren.or.jp\/museum\/jirei\/04_sapporo_sakan.html\" rel=\"noopener\" target=\"_blank\">Referans sayfas\u0131<\/a><\/li>\n<li>Sapporo Otomobil \u0130\u015fletme Kooperatifi Derne\u011fi (Sapporo \u015eehri)<a href=\"https:\/\/founded-today.com\/2015\/8430005002164\/\" rel=\"noopener\" target=\"_blank\">Ana sayfa<\/a><\/li>\n<li>Hokkaido Kullan\u0131lm\u0131\u015f Araba Bayileri Derne\u011fi (Sapporo \u015eehri)<a href=\"https:\/\/xn--zcklx7evic7044c1qeqrozh7c.com\/companies\/5430005002910\" rel=\"noopener\" target=\"_blank\">Referans sayfas\u0131<\/a><\/li>\n<li>Chienowa \u0130\u015f Kooperatifi Derne\u011fi (Bekkai Kasabas\u0131)<a href=\"https:\/\/chienowa.jp\/\" rel=\"noopener\" target=\"_blank\">Ana sayfa<\/a><\/li>\n<li>Shiraoi Turizm \u0130\u015fletmeleri Derne\u011fi (Shiraoi Kasabas\u0131)<a href=\"http:\/\/shiraoi-tourism-and-commerce-co-op.com\/\" rel=\"noopener\" target=\"_blank\">Ana sayfa<\/a><\/li>\n<li>Hakodate \u0130stasyonu \u0130\u015fletme Derne\u011fi (Hakodate \u015eehri)<a href=\"https:\/\/asaichi-ekini.com\/union\/\" rel=\"noopener\" target=\"_blank\">Ana sayfa<\/a><\/li>\n<li>Refah Grubu \u0130\u015fletme Derne\u011fi (Kushiro \u015eehri)<a href=\"https:\/\/kusirowannko.wixsite.com\/walfaregroup\" rel=\"noopener\" target=\"_blank\">Ana sayfa<\/a><\/li>\n<li>Sapporo \u015eehri S\u0131hhi Tesisat End\u00fcstrisi Kooperatif Derne\u011fi (Sapporo \u015eehri)<a href=\"https:\/\/www.sakkankyo.or.jp\/\" rel=\"noopener\" target=\"_blank\">Ana sayfa<\/a><\/li>\n<li>Hokkaido \u00c7i\u00e7ek Bayileri Kooperatifi Derne\u011fi (Sapporo \u015eehri)<a href=\"https:\/\/www.houjinbank.com\/corporations\/detail\/0742005000347\" rel=\"noopener\" target=\"_blank\">Referans sayfas\u0131<\/a><\/li>\n<li>Hokkaido Etkinlik Tan\u0131t\u0131m Derne\u011fi (Sapporo)<a href=\"http:\/\/hepc.or.jp\/\" rel=\"noopener\" target=\"_blank\">Ana sayfa<\/a><\/li>\n<\/ol>\n<ul>\n<li>TAM\u0130YA<a href=\"https:\/\/www.tamiya.com\/japan\/mini4wd\/index.html\" rel=\"noopener\" target=\"_blank\">Ana sayfa<\/a><\/li>\n<\/ul>\n<\/div>\n<figure class=\"wp-caption aligncenter\"><a href=\"https:\/\/photos.google.com\/share\/AF1QipO3FvUPvE0NpfT7opFBQN9YYu3GBjFv0HAoHZsqMY4sOGratv59zFnYabJK2LI3pA\/photo\/AF1QipM2tER1v3LsqE3eO1Dl20nf2MENuPcwwFtuHKE?key=RUpnV0Q3RGhXeGs4dTRLTW1takpwalNuc2lUcVdB\" target=\"_blank\" rel=\"noopener\"><img decoding=\"async\" src=\"https:\/\/lh3.googleusercontent.com\/pw\/AL9nZEW0COpGpNzk35QKKkSxYCTYNzcJXFc4cJYty8u9LbpEGn4Pdjj0QXIIbqVMABE4I2J-HYd_gA1cO7W-Y1vlTmtBeFdBoIhMyewrA-Ii9kuBbIZWmlE-TCO3jS5zD2welgcWu6AFIJfwoBlduUQZ8nob=w1232-h1742-no?authuser=0\" width=\"1232\" height=\"1742\" alt=\"Kat\u0131l\u0131mc\u0131 kurulu\u015flar\" class=\"size-full\" \/><\/a><figcaption class=\"wp-caption-text\">Kat\u0131l\u0131mc\u0131 kurulu\u015flar<\/figcaption><\/figure>\n<h2>Sahnede PR Sunumu<\/h2>\n<p>Her grup merkez sahnede bir PR sunumu yapt\u0131. Sunum MC&#039;nin yumu\u015fak bir tan\u0131t\u0131m\u0131yla ba\u015flad\u0131!<\/p>\n<figure class=\"wp-caption aligncenter\"><a href=\"https:\/\/photos.google.com\/share\/AF1QipO3FvUPvE0NpfT7opFBQN9YYu3GBjFv0HAoHZsqMY4sOGratv59zFnYabJK2LI3pA\/photo\/AF1QipMMXzDmgklMxTc6mKmmS1Q6HB-udG93rpYG6eY?key=RUpnV0Q3RGhXeGs4dTRLTW1takpwalNuc2lUcVdB\" target=\"_blank\" rel=\"noopener\"><img decoding=\"async\" src=\"https:\/\/lh3.googleusercontent.com\/pw\/AL9nZEU2mDKfHTEBM0xT5ZydFzcHR7HyPQbFokYfheeJBZcq_4Po1BYoMpE9OGj1jeq9XKJjH6NyFiAigDJVhDomkKG26vpaD4m8ixCyp5VR74AbIxENq54kDDlG31Q4TEEHYlov5zQrmGlBIYWYgR6i94uO=w2000-h1500-no?authuser=0\" width=\"2000\" height=\"1500\" alt=\"MC&#039;nin ak\u0131c\u0131 sunumu\" class=\"size-full\" \/><\/a><figcaption class=\"wp-caption-text\">MC&#039;nin ak\u0131c\u0131 sunumu<\/figcaption><\/figure>\n<p>&quot;Sapporo&#039;nun yer alt\u0131 yaya alan\u0131nda iki g\u00fcnl\u00fck bir etkinlik olan Hokkaido K\u00fc\u00e7\u00fck ve Orta \u00d6l\u00e7ekli \u0130\u015fletmeler Ortakl\u0131k Festivali d\u00fczenlendi ve 14 \u015firket ve dernek bir araya geldi.<\/p>\n<p>COVID-19 salg\u0131n\u0131 nedeniyle iki y\u0131l s\u00fcren faaliyet k\u0131s\u0131tlamalar\u0131n\u0131n ard\u0131ndan i\u015fletmelerin canl\u0131l\u0131klar\u0131n\u0131 yeniden kazanmalar\u0131 zaman alacakt\u0131r. Bu ortamda, dijitalle\u015fme ve topluluklar\u0131n payla\u015f\u0131m\u0131 gibi yeni yard\u0131m faaliyetleri kademeli olarak talep edilmektedir.<\/p>\n<p>\u00c7e\u015fitli dernek t\u00fcrleri gelecekte giderek daha \u00f6nemli bir rol oynama potansiyeline sahiptir. Bu potansiyele sahip 14 dernek ve kurulu\u015f bu mekanda bir araya geldi. Her derne\u011fin olanaklar\u0131n\u0131 herkese tan\u0131tmak istiyoruz ve iki g\u00fcnl\u00fck &quot;Kumiai Festivali&quot; arac\u0131l\u0131\u011f\u0131yla k\u00fc\u00e7\u00fck ve orta \u00f6l\u00e7ekli i\u015fletme derneklerinin rol\u00fcne biraz daha yak\u0131n hissedece\u011finizi umuyoruz. L\u00fctfen u\u011fray\u0131n.<\/p>\n<p>Bu sefer bir anket formu haz\u0131rlad\u0131k. Anket formuna, kaybetmeyen biletler i\u00e7eren \u00f6d\u00fcllerin yer alaca\u011f\u0131 bir pul rallisi piyangosu e\u015flik ediyor.<br \/>\nKazan\u0131lacak muhte\u015fem \u00f6d\u00fcller aras\u0131nda Chateraise&#039;de konaklama, 5.000 yenlik \u00e7i\u00e7ek hediye \u00e7eki ve dorayaki yer al\u0131yor. L\u00fctfen gelin ve keyfini \u00e7\u0131kar\u0131n. Ayr\u0131ca, \u00e7ocuklar aras\u0131nda pop\u00fcler olan Mini 4WD&#039;yi deneyebilece\u011finiz mekan\u0131n i\u00e7inde bir k\u00f6\u015fe kurulacak, bu y\u00fczden bu f\u0131rsat\u0131 de\u011ferlendirip kat\u0131lman\u0131z\u0131 umuyoruz.&quot;<\/p>\n<h3>Kurosengoku \u0130\u015f Kooperatifi Birli\u011fi (Hokuryu Kasabas\u0131)<a href=\"https:\/\/kurosengoku.or.jp\/\" rel=\"noopener\" target=\"_blank\"><span style=\"color:blue; font-size:14pt; \">Ana sayfa<\/span><\/a><\/h3>\n<p>\u0130lk konu\u015fmac\u0131 Hokuryu Kasabas\u0131 Kurosengoku \u0130\u015fletme Kooperatifleri Derne\u011fi Ba\u015fkan\u0131 Takada Yukio&#039;ydu!<\/p>\n<figure class=\"wp-caption aligncenter\"><a href=\"https:\/\/photos.google.com\/share\/AF1QipO3FvUPvE0NpfT7opFBQN9YYu3GBjFv0HAoHZsqMY4sOGratv59zFnYabJK2LI3pA\/photo\/AF1QipOO0U50OESKe3U6QWhcO3SpRQ5pp3Uo9L_9atg?key=RUpnV0Q3RGhXeGs4dTRLTW1takpwalNuc2lUcVdB\" target=\"_blank\" rel=\"noopener\"><img decoding=\"async\" src=\"https:\/\/lh3.googleusercontent.com\/pw\/AL9nZEVIGZ3Ft64N3Gvb-8aSPy2fkJBp2dJ1mrkvto-NH8jyxJp9FO1KeUHQxqm7w0ftoV-gCkuh2JMq-jRVc6x9INWMk1ZoQMtO0IvPCiTCyA54dFGEGWdsgq0cmEZQK0AFZsFLtpJGLnVJqzUSmJMknAZ3=w2000-h924-no?authuser=0\" width=\"2000\" height=\"924\" alt=\"Kurosengoku \u0130\u015f Kooperatifleri Birli\u011fi, Ba\u015fkan Yukio Takada\" class=\"size-full\" \/><\/a><figcaption class=\"wp-caption-text\">Kurosengoku \u0130\u015f Kooperatifleri Birli\u011fi, Ba\u015fkan Yukio Takada<\/figcaption><\/figure>\n<p>&quot;Benim kasabam Hokuryu, Sorachi b\u00f6lgesinin kuzeyinde yer almaktad\u0131r. N\u00fcfusu sadece 1.600 olan k\u00fc\u00e7\u00fck bir kasabad\u0131r, ancak harika bir ay\u00e7i\u00e7e\u011fi kasabas\u0131d\u0131r. Bu yaz bir ay boyunca (temmuz ortas\u0131ndan a\u011fustos ortas\u0131na kadar) d\u00fczenlenen Ay\u00e7i\u00e7e\u011fi Festivali, 280.000&#039;e yak\u0131n turisti kendine \u00e7ekti.<\/p>\n<p>G\u00fcne\u015fli Hokuryu kasabas\u0131nda yeti\u015ftirilen &quot;Kurosengoku soya fasulyesi&quot;, siyah tohum kabuklar\u0131na sahip ancak i\u00e7lerinde ye\u015fil taneler bulunan minik siyah soya fasulyesidir.<\/p>\n<p>&quot;Hayalet Kurosengoku&quot; olarak da bilinen Kurosengoku soya fasulyeleri, bir zamanlar (1935&#039;ten 1975&#039;e kadar) Sorachi b\u00f6lgesinde atlar ve s\u0131\u011f\u0131rlar i\u00e7in g\u00fcbre olarak ve Tokachi b\u00f6lgesinde ye\u015fil g\u00fcbre olarak kullan\u0131lm\u0131\u015ft\u0131r. Heisei d\u00f6neminde, bir tar\u0131m ara\u015ft\u0131rmac\u0131s\u0131 Kurosengoku&#039;nun orijinal tohumlar\u0131n\u0131 ke\u015ffetti ve onlar\u0131 \u00e7imlendirdi. Daha sonra ge\u00e7ici olarak Iwate Eyaletine transfer edildiler, ancak Hokkaido&#039;daki memleketlerine geri g\u00f6nderildiler ve ekime tekrar ba\u015fland\u0131.<\/p>\n<p>G\u00fczel ye\u015fil i\u00e7 k\u0131sm\u0131na sahip olan Kurosengoku, \u00e7ok fazla g\u00fcne\u015f \u0131\u015f\u0131\u011f\u0131na ihtiya\u00e7 duyan ve b\u00fcy\u00fck s\u0131cakl\u0131k farklar\u0131n\u0131n oldu\u011fu Hokkaido&#039;nun zorlu ortam\u0131nda geli\u015fen \u00e7ok narin bir fasulyedir.<\/p>\n<p>\u00c7i\u011f fasulyenin yan\u0131 s\u0131ra natto, kinako, \u00e7ay ve Kurosengoku eti gibi \u00e7e\u015fitli \u00fcr\u00fcnlere i\u015flenip geli\u015ftiriliyor.<\/p>\n<p>Hi\u00e7bir \u00fcr\u00fcn katk\u0131 maddesi i\u00e7ermiyor ve her sabah yo\u011furdumun \u00fczerine kinako serpiyorum. Yedi ay sonra 80 olaca\u011f\u0131m ve enerjimin kayna\u011f\u0131 Kurosengoku soya fasulyesi. Do\u011fal besinler yiyerek sa\u011fl\u0131kl\u0131 kalabildi\u011fim i\u00e7in her g\u00fcn minnettar\u0131m.<\/p>\n<p>Bu sefer getirdi\u011fim &quot;\u00e7i\u011f siyah soya fasulyeleri&quot; bu y\u0131l\u0131n ekim ay\u0131n\u0131n sonunda hasat edilen en yenileri. Bunlar\u0131 olabildi\u011fince \u00e7abuk haz\u0131rlad\u0131m ve bug\u00fcnk\u00fc etkinli\u011fe yeti\u015ftirmeyi ba\u015fard\u0131m.<\/p>\n<p>&quot;Fasulye Pilav\u0131&quot; seti, fasulye pilav\u0131 yapmak i\u00e7in hepsi bir arada kar\u0131\u015ft\u0131r\u0131l\u0131p pi\u015firilen Kurosengokudon, \u00e7imlendirilmi\u015f kahverengi pirin\u00e7, pirin\u00e7, tuz, yosun vb. i\u00e7erir.<\/p>\n<p>Ve geli\u015ftirilmesi \u00e7ok zor olan Kurosengoku Soya Eti&#039;nin Hokkaido&#039;da bir \u00fcretim tesisi yoktu, bu y\u00fczden sonunda \u00fcrettirmek i\u00e7in Gifu Eyaletine kadar gitmek zorunda kald\u0131k.<\/p>\n<p>&quot;Kurosengoku Soya Eti&quot;, Kurosengoku soya fasulyelerinden ya\u011f \u00e7\u0131kar\u0131larak, daha sonra \u0131s\u0131t\u0131larak, bas\u0131n\u00e7land\u0131r\u0131larak ve y\u00fcksek s\u0131cakl\u0131klarda kurutularak yap\u0131l\u0131r. Et benzeri bir tada ve dokuya sahiptir, protein a\u00e7\u0131s\u0131ndan zengindir ve sa\u011fl\u0131k bilincine sahip ki\u015filer i\u00e7in tan\u0131d\u0131k bir g\u0131da bile\u015fenidir.<\/p>\n<p>G\u00fcn\u00fcm\u00fczde Kurosengoku eti, Kita Sorachi&#039;deki okul \u00f6\u011fle yemeklerinde de yer al\u0131yor.<\/p>\n<p>&quot;Umar\u0131m bu do\u011fal &quot;Kurosengoku Soya Fasulyesi&quot;nden bol bol yersiniz ve sa\u011fl\u0131kl\u0131 ve aktif kal\u0131rs\u0131n\u0131z!!! \u00c7ok te\u015fekk\u00fcr ederim!&quot; Ba\u015fkan Takada&#039;n\u0131n g\u00fc\u00e7l\u00fc a\u00e7\u0131klamas\u0131yd\u0131.<\/p>\n<figure class=\"wp-caption aligncenter\"><a href=\"https:\/\/photos.google.com\/share\/AF1QipO3FvUPvE0NpfT7opFBQN9YYu3GBjFv0HAoHZsqMY4sOGratv59zFnYabJK2LI3pA\/photo\/AF1QipOuHKOLYrtT_dg2GL4v4MLGsr9Jp9O0r4k8ee4?key=RUpnV0Q3RGhXeGs4dTRLTW1takpwalNuc2lUcVdB\" target=\"_blank\" rel=\"noopener\"><img decoding=\"async\" src=\"https:\/\/lh3.googleusercontent.com\/pw\/AL9nZEU2ndJAjVTSktOS4ZazSTsq16o6R_-GnNGGN0tV-9oHBBtf0J8xznSuXneZHAPgrXzRIKAEo1QBmdeEZHPnxGWMjJOZp4RoYOWrn7ou8Tl0xIOVijyC9x9vyCE2hOAQFOuSt1_3-LbGTkZU-Gh1BrVI=w2000-h1500-no?authuser=0\" width=\"2000\" height=\"1500\" alt=\"Y\u00f6netim Kurulu Ba\u015fkan\u0131 Takada ve personel \u00fcyesi Hitomi Asaki, &quot;Elimizden gelenin en iyisini yapal\u0131m!&quot; diyor.\" class=\"size-full\" \/><\/a><figcaption class=\"wp-caption-text\">Y\u00f6netim Kurulu Ba\u015fkan\u0131 Takada ve personel \u00fcyesi Hitomi Asaki, &quot;Elimizden gelenin en iyisini yapal\u0131m!&quot; diyor.<\/figcaption><\/figure>\n<figure class=\"wp-caption aligncenter\"><a href=\"https:\/\/photos.google.com\/share\/AF1QipO3FvUPvE0NpfT7opFBQN9YYu3GBjFv0HAoHZsqMY4sOGratv59zFnYabJK2LI3pA\/photo\/AF1QipNQte3GXrw3_15Y1F0Il84BHokp53s69lUcj7s?key=RUpnV0Q3RGhXeGs4dTRLTW1takpwalNuc2lUcVdB\" target=\"_blank\" rel=\"noopener\"><img decoding=\"async\" src=\"https:\/\/lh3.googleusercontent.com\/pw\/AL9nZEWRyNnei_uUa6Aybk8Tn4_eh9sqWm5LE1QjfvlGbQWTk8i0LhEL1UFbFFUTYLsl_0ONeZHz6krxbNf2jQg2IC3_y7LIuMmdPJ78Py677zRg3q7JG6kIExd2CLRQmpdFrs-D3nmdVw106hyl0mb5TTgi=w2000-h1500-no?authuser=0\" width=\"2000\" height=\"1500\" alt=\"Kurosengoku \u0130\u015f Kooperatifi Derne\u011fi Stand\u0131\" class=\"size-full\" \/><\/a><figcaption class=\"wp-caption-text\">Kurosengoku \u0130\u015f Kooperatifi Derne\u011fi Stand\u0131<\/figcaption><\/figure>\n<figure class=\"wp-caption aligncenter\"><a href=\"https:\/\/photos.google.com\/share\/AF1QipO3FvUPvE0NpfT7opFBQN9YYu3GBjFv0HAoHZsqMY4sOGratv59zFnYabJK2LI3pA\/photo\/AF1QipO_Q__sMfXz38UmvA4n1mamFRwwz51saRB3RWo?key=RUpnV0Q3RGhXeGs4dTRLTW1takpwalNuc2lUcVdB\" target=\"_blank\" rel=\"noopener\"><img decoding=\"async\" src=\"https:\/\/lh3.googleusercontent.com\/pw\/AL9nZEW7pHV5gBearU7FFEQ5utuIZVOItumJptV4BmOS-xadyxaLqFXrhrfefayJnA_ZSK0wE3nC2sF7VEJvRU1Ha6kZzkLxTn5gu56J-u8dOiyKzXkDq8U8ARBZhK3a8CSkisy0J7kgRxYNf2PEtuv4X_vA=w2000-h1500-no?authuser=0\" width=\"2000\" height=\"1500\" alt=\"Kurosengoku soya fasulyesi ve ay\u00e7i\u00e7ek ya\u011f\u0131n\u0131n cazibesini art\u0131r\u0131yoruz!\" class=\"size-full\" \/><\/a><figcaption class=\"wp-caption-text\">Kurosengoku soya fasulyesi ve ay\u00e7i\u00e7ek ya\u011f\u0131n\u0131n cazibesini art\u0131r\u0131yoruz!<\/figcaption><\/figure>\n<figure class=\"wp-caption aligncenter\"><a href=\"https:\/\/photos.google.com\/share\/AF1QipO3FvUPvE0NpfT7opFBQN9YYu3GBjFv0HAoHZsqMY4sOGratv59zFnYabJK2LI3pA\/photo\/AF1QipOS53zdnReb_LCMy3UbhMXaFJDqG4Z5S2jX4h0?key=RUpnV0Q3RGhXeGs4dTRLTW1takpwalNuc2lUcVdB\" target=\"_blank\" rel=\"noopener\"><img decoding=\"async\" src=\"https:\/\/lh3.googleusercontent.com\/pw\/AL9nZEUXlyWtyGycxG6NaQQzHqT31Mh-UzwBaDNSPGIcIJzMcpOR9jKVXel0pY9gnxkvcIOFsG2FlusxiBTLmAxRfbtXPBiyhd0GbGSECtq7wewwLsoIANl5ZR_bEScSFYdXsXasrZtS7J3d93zc693xVbXX=w2000-h1500-no?authuser=0\" width=\"2000\" height=\"1500\" alt=\"Kurosengoku hayranlar\u0131 gelmeye devam ediyor!\" class=\"size-full\" \/><\/a><figcaption class=\"wp-caption-text\">Kurosengoku hayranlar\u0131 gelmeye devam ediyor!<\/figcaption><\/figure>\n<h3>Shiraoi Turizm \u0130\u015fletmeleri Derne\u011fi (Shiraoi Kasabas\u0131)<a href=\"http:\/\/shiraoi-tourism-and-commerce-co-op.com\/\" rel=\"noopener\" target=\"_blank\"><span style=\"color:blue; font-size:14pt; \">Ana sayfa<\/span><\/a><\/h3>\n<p>Shiraoi&#039;ye \u00f6zg\u00fc Ainu el sanatlar\u0131, Ainu desenlerinin \u00f6zellikleri ve gizli anlamlar\u0131 hakk\u0131nda bir konu\u015fma yap\u0131lacak ve ard\u0131ndan bir g\u00f6steri yap\u0131lacak!<\/p>\n<figure class=\"wp-caption aligncenter\"><a href=\"https:\/\/photos.google.com\/share\/AF1QipO3FvUPvE0NpfT7opFBQN9YYu3GBjFv0HAoHZsqMY4sOGratv59zFnYabJK2LI3pA\/photo\/AF1QipPK8KPKi2O8B6T10q0yRzKQ4ZSOxGFDm-XGJns?key=RUpnV0Q3RGhXeGs4dTRLTW1takpwalNuc2lUcVdB\" target=\"_blank\" rel=\"noopener\"><img decoding=\"async\" src=\"https:\/\/lh3.googleusercontent.com\/pw\/AL9nZEW-_EgYuj2ZT6CeJUOWlsh6HStPaKWSWKUkJIBWavYvxqSLuFd6zaiBDSfHgIpZO-Z0SSZFKdK1p152n7rP9kxMScN8lzsHHveaTo8k3Sa_Le4HfhRJOweP4t94f0kJ7nOmanMzzwMlJmr3HJ_MFEPl=w1444-h1083-no?authuser=0\" width=\"1439\" height=\"1079\" alt=\"Mukkuri&#039;nin nas\u0131l \u00e7al\u0131naca\u011f\u0131na dair talimatlar\" class=\"size-full\" \/><\/a><figcaption class=\"wp-caption-text\">Mukkuri&#039;nin nas\u0131l \u00e7al\u0131naca\u011f\u0131na dair talimatlar<\/figcaption><\/figure>\n<figure class=\"wp-caption aligncenter\"><a href=\"https:\/\/photos.google.com\/share\/AF1QipO3FvUPvE0NpfT7opFBQN9YYu3GBjFv0HAoHZsqMY4sOGratv59zFnYabJK2LI3pA\/photo\/AF1QipNA7TCkmtZ7xw5qmgRWBF9v21qVY6uV3WLWxnY?key=RUpnV0Q3RGhXeGs4dTRLTW1takpwalNuc2lUcVdB\" target=\"_blank\" rel=\"noopener\"><img decoding=\"async\" src=\"https:\/\/lh3.googleusercontent.com\/pw\/AL9nZEXlZtSbERmtbmwcLN9_0nounc-druPsXWlVVyyUO3FTWa0RuEdHBbw4QuYUTOVhU5q838sU2uUl1rsj3WhC7N_CbuBRTD5pWswrKsMr6ZcEEir5lEe70Vw69AyzH5QQROtd9ZcaSwom0W2hw0YC0RGx=w1439-h1079-no?authuser=0\" width=\"1439\" height=\"1079\" alt=\"Mukkuri g\u00f6sterisi\" class=\"size-full\" \/><\/a><figcaption class=\"wp-caption-text\">Mukkuri g\u00f6sterisi<\/figcaption><\/figure>\n<figure class=\"wp-caption aligncenter\"><a href=\"https:\/\/photos.google.com\/share\/AF1QipO3FvUPvE0NpfT7opFBQN9YYu3GBjFv0HAoHZsqMY4sOGratv59zFnYabJK2LI3pA\/photo\/AF1QipMnLKWpuFhbgV3RJXQSiq-U02jHT0C2_e9O3mM?key=RUpnV0Q3RGhXeGs4dTRLTW1takpwalNuc2lUcVdB\" target=\"_blank\" rel=\"noopener\"><img decoding=\"async\" src=\"https:\/\/lh3.googleusercontent.com\/pw\/AL9nZEWvLAoufkg7D3i8Ace0rS21X5Bj0MPsrmoo57qiH-JOLmV1mfN_27D_yrSgmoAuEz_fOkU1cWfOkyxHi7k01yF24AFTdM3mf5bhumb4VazGXo_VDiUWsR_k3VTGKEGW0diHBaKXjane30eIeKbRbI2j=w2000-h1500-no?authuser=0\" width=\"2000\" height=\"1500\" alt=\"Shiraoi Turizm \u0130\u015fletmeleri Derne\u011fi\" class=\"size-full\" \/><\/a><figcaption class=\"wp-caption-text\">Shiraoi Turizm \u0130\u015fletmeleri Derne\u011fi<\/figcaption><\/figure>\n<figure class=\"wp-caption aligncenter\"><a href=\"https:\/\/photos.google.com\/share\/AF1QipO3FvUPvE0NpfT7opFBQN9YYu3GBjFv0HAoHZsqMY4sOGratv59zFnYabJK2LI3pA\/photo\/AF1QipPeRZXQohaQQvJWW1bQ2_sCClAeDoUUqcdRKkg?key=RUpnV0Q3RGhXeGs4dTRLTW1takpwalNuc2lUcVdB\" target=\"_blank\" rel=\"noopener\"><img decoding=\"async\" src=\"https:\/\/lh3.googleusercontent.com\/pw\/AL9nZEXI_Cw7ctlsHet7iA20_r4dMd8g6L8utUVGvbTZPAM0eRfA50_ocQya60AR2tPnq-4_oLacQfZH3KDsNl34e6uuxxEwIqLpSHRRePG8m2SpoPegIpVBeh0mkYDRchqMA39pB8UWInSsiYDrtlK1tJus=w2000-h1500-no?authuser=0\" width=\"2000\" height=\"1500\" alt=\"\u00c7e\u015fitli Ainu el sanatlar\u0131\" class=\"size-full\" \/><\/a><figcaption class=\"wp-caption-text\">\u00c7e\u015fitli Ainu el sanatlar\u0131<\/figcaption><\/figure>\n<h3>Chienowa \u0130\u015f Kooperatifi Derne\u011fi (Bekkai Kasabas\u0131)<a href=\"https:\/\/chienowa.jp\/\" rel=\"noopener\" target=\"_blank\"><span style=\"color:blue; font-size:14pt; \">Ana sayfa<\/span><\/a><\/h3>\n<p>NOWA&#039;n\u0131n orijinal \u00fcr\u00fcn serisi olan kap dondurman\u0131n \u00fc\u00e7 \u00e7e\u015fidinin, &quot;\u00c7ilekli Kek&quot;, &quot;Ekstra S\u00fct&quot; ve &quot;F\u0131st\u0131kl\u0131&quot;n\u0131n \u00f6zelliklerinin a\u00e7\u0131klamas\u0131!<\/p>\n<figure class=\"wp-caption aligncenter\"><a href=\"https:\/\/photos.google.com\/share\/AF1QipO3FvUPvE0NpfT7opFBQN9YYu3GBjFv0HAoHZsqMY4sOGratv59zFnYabJK2LI3pA\/photo\/AF1QipPQILWHgWaaoPWPRJMTAUv0bLPOCWj5M3nJTIA?key=RUpnV0Q3RGhXeGs4dTRLTW1takpwalNuc2lUcVdB\" target=\"_blank\" rel=\"noopener\"><img decoding=\"async\" src=\"https:\/\/lh3.googleusercontent.com\/pw\/AL9nZEVETiXOYRGOXLBgrIcHgGT1l9J5zJSMJB6wjaz4nIRVGDXPFzsbIkYXvMsd0_9ifmsKOi9Y6Ob_dSjS-6JJ1w9an30YPDF6S6BKTQSsbGqSzA2q9jRq3uToe6nmYfrU16lV_9NiKNYeJZfYFe_J1irq=w2000-h1500-no?authuser=0\" width=\"2000\" height=\"1500\" alt=\"Chienowa \u0130\u015f Kooperatifi Derne\u011fi\" class=\"size-full\" \/><\/a><figcaption class=\"wp-caption-text\">Chienowa \u0130\u015f Kooperatifi Derne\u011fi<\/figcaption><\/figure>\n<figure class=\"wp-caption alignnone\"><a href=\"https:\/\/photos.google.com\/share\/AF1QipO3FvUPvE0NpfT7opFBQN9YYu3GBjFv0HAoHZsqMY4sOGratv59zFnYabJK2LI3pA\/photo\/AF1QipMMEOqeQHKnw63SZXQgqyf6EKXrV4n5hhQ8EBw?key=RUpnV0Q3RGhXeGs4dTRLTW1takpwalNuc2lUcVdB\" target=\"_blank\" rel=\"noopener\"><img decoding=\"async\" src=\"https:\/\/lh3.googleusercontent.com\/pw\/AL9nZEXj8F71iAb-rfmoy7CH1U6-uKFUbKNT9o0JKe6wOrfWr6DAv3rl929KeLl7Sm8WOQfGMy9asPI5y2NDRrQsquJVc_yMLpRs4IeF09VXRSVxQXyvdIpBrYglwAP--Ju5R9-E-Yk46s360mbhQCcMhrxz=w2000-h1500-no?authuser=0\" width=\"2000\" height=\"1500\" alt=\"NOWA&#039;n\u0131n kendi markal\u0131 dondurmas\u0131\" class=\"size-full\" \/><\/a><figcaption class=\"wp-caption-text\">NOWA&#039;n\u0131n kendi markal\u0131 dondurmas\u0131<\/figcaption><\/figure>\n<figure class=\"wp-caption aligncenter\"><a href=\"https:\/\/photos.google.com\/share\/AF1QipO3FvUPvE0NpfT7opFBQN9YYu3GBjFv0HAoHZsqMY4sOGratv59zFnYabJK2LI3pA\/photo\/AF1QipO0gXyxrD63jQoAzroJ9rCUEfXE6gBS5-4W710?key=RUpnV0Q3RGhXeGs4dTRLTW1takpwalNuc2lUcVdB\" target=\"_blank\" rel=\"noopener\"><img decoding=\"async\" src=\"https:\/\/lh3.googleusercontent.com\/pw\/AL9nZEWoengBYu7IuhFlfl0nBwm3m1c2zhsFvF6Y_D3_MHdE9aAGVjehrRFdGwYKTRns0jjzjgth0UKDodX539NktT-jGtK39Z9IazdT-XphJB6M0ADlcLLQidq2k6jm_Z3CAUkgovkWUt_ckTx4_KVSm6vb=w2000-h1500-no?authuser=0\" width=\"2000\" height=\"1500\" alt=\"Maruyama S\u00fct Ma\u011fazas\u0131n\u0131n Pudingi\" class=\"size-full\" \/><\/a><figcaption class=\"wp-caption-text\">Maruyama S\u00fct Ma\u011fazas\u0131n\u0131n Pudingi<\/figcaption><\/figure>\n<h3>Hokkaido \u00c7i\u00e7ek Bayileri Kooperatifi Derne\u011fi (Sapporo \u015eehri)<a href=\"https:\/\/www.houjinbank.com\/corporations\/detail\/0742005000347\" rel=\"noopener\" target=\"_blank\"><span style=\"color:blue; font-size:14pt; \">Referans sayfas\u0131<\/span><\/a><\/h3>\n<p>\u00c7i\u00e7ek okulu &quot;Bosc&quot;un \u00e7ocuklar\u0131 Cad\u0131lar Bayram\u0131 kost\u00fcmleriyle sahneye \u00e7\u0131kt\u0131lar ve \u00e7i\u00e7eklerin isimlerini \u0130ngilizce olarak tan\u0131tt\u0131lar.<\/p>\n<figure class=\"wp-caption aligncenter\"><a href=\"https:\/\/photos.google.com\/share\/AF1QipO3FvUPvE0NpfT7opFBQN9YYu3GBjFv0HAoHZsqMY4sOGratv59zFnYabJK2LI3pA\/photo\/AF1QipMzvP-yUDFaXg95gVvWkH1-RjU6kOkd8zivC6w?key=RUpnV0Q3RGhXeGs4dTRLTW1takpwalNuc2lUcVdB\" target=\"_blank\" rel=\"noopener\"><img decoding=\"async\" src=\"https:\/\/lh3.googleusercontent.com\/pw\/AL9nZEXBuhA6oj4Hze5K84ZEXkckmuA1WbPd672CUtJF9enn5u7-MQMo5DWWUcO0SPgvAVwpoaKunzCJYpxJWs2scxdhTxTG3v-ITF_zDSk-xesXAWCh1KR9ZpDcF_2Klc4WhCzRKhg_efZDODya1GV0RrTC=w2000-h1500-no?authuser=0\" width=\"2000\" height=\"1500\" alt=\"&quot;Bosc&quot; \u00c7i\u00e7ek Okulu&#039;ndaki \u00e7ocuklar\" class=\"size-full\" \/><\/a><figcaption class=\"wp-caption-text\">&quot;Bosc&quot; \u00c7i\u00e7ek Okulu&#039;ndaki \u00e7ocuklar<\/figcaption><\/figure>\n<p>&quot;Mevsimlik \u00e7i\u00e7ekler kullan\u0131yoruz ve &#039;\u00e7i\u00e7ek e\u011fitimi&#039; ad\u0131 verilen, yapraklar\u0131 kopar\u0131p kokular\u0131n\u0131 hissederek be\u015f duyuyu uyaran bir giri\u015fim y\u00fcr\u00fct\u00fcyoruz. Farkl\u0131 k\u00fclt\u00fcrlerden insanlarla al\u0131\u015fveri\u015fe de\u011fer veriyoruz,&quot; dedi temsilci.<\/p>\n<figure class=\"wp-caption aligncenter\"><a href=\"https:\/\/photos.google.com\/share\/AF1QipO3FvUPvE0NpfT7opFBQN9YYu3GBjFv0HAoHZsqMY4sOGratv59zFnYabJK2LI3pA\/photo\/AF1QipO872nce7ryW3Hqiec4FmxVLZPrMyLYup__ck0?key=RUpnV0Q3RGhXeGs4dTRLTW1takpwalNuc2lUcVdB\" target=\"_blank\" rel=\"noopener\"><img decoding=\"async\" src=\"https:\/\/lh3.googleusercontent.com\/pw\/AL9nZEXL5aS1VthtxWMwX4LoVu07kDtdoDgFye4CoI68quIkK13pU7ZrwZwH5hSj7UEVK7nCNAw54AQ19I8tDdKUUV1c1Jt1ESO0E6FvtxFChkueV0UMfiszfoaidF77yFCgX84N8ffE-NCodkqpQgdhgQcv=w2000-h1500-no?authuser=0\" width=\"2000\" height=\"1500\" alt=\"\u00c7i\u00e7ek d\u00fczenleme deneyimi\" class=\"size-full\" \/><\/a><figcaption class=\"wp-caption-text\">\u00c7i\u00e7ek d\u00fczenleme deneyimi<\/figcaption><\/figure>\n<figure class=\"wp-caption aligncenter\"><a href=\"https:\/\/photos.google.com\/share\/AF1QipO3FvUPvE0NpfT7opFBQN9YYu3GBjFv0HAoHZsqMY4sOGratv59zFnYabJK2LI3pA\/photo\/AF1QipPxtAzP9SKnhxPNgAvdgFcPxe_Bv2dAjBa0x7E?key=RUpnV0Q3RGhXeGs4dTRLTW1takpwalNuc2lUcVdB\" target=\"_blank\" rel=\"noopener\"><img decoding=\"async\" src=\"https:\/\/lh3.googleusercontent.com\/pw\/AL9nZEWFSdUSvmMW5D5SO7HJhbxYj6WI9XKBIc0R3QrrK3IjYx3lGXvp1XZWrN_eeBMk6CqkZWyz3i5V32TmRKeSvENaoUlHbgZ1h-pYLnwS65uhlLYQX9XoG_LususfOYbiofs2EugUwSx-7sM9GPikHQnH=w2000-h1500-no?authuser=0\" width=\"2000\" height=\"1500\" alt=\"Birbirinden g\u00fczel buketler!\" class=\"size-full\" \/><\/a><figcaption class=\"wp-caption-text\">Birbirinden g\u00fczel buketler!<\/figcaption><\/figure>\n<h3>Hakodate \u0130stasyonu \u0130\u015fletme Derne\u011fi (Hakodate \u015eehri)<a href=\"https:\/\/asaichi-ekini.com\/union\/\" rel=\"noopener\" target=\"_blank\"><span style=\"color:blue; font-size:14pt; \">Ana sayfa<\/span><\/a><\/h3>\n<p>Sadece Hakodate Sabah Pazar\u0131&#039;nda sat\u0131lan &quot;Noshi kalamar&quot;, &quot;Kombu kelp sto\u011fu&quot; ve &quot;Hakodate Jujiya kahve kar\u0131\u015f\u0131m\u0131 \u00e7ekirdekleri&quot;ni tan\u0131t\u0131yoruz!<\/p>\n<figure class=\"wp-caption aligncenter\"><a href=\"https:\/\/photos.google.com\/share\/AF1QipO3FvUPvE0NpfT7opFBQN9YYu3GBjFv0HAoHZsqMY4sOGratv59zFnYabJK2LI3pA\/photo\/AF1QipOM4EL9HcIsvk254TxUtfX6TQ6lBPZXoIZXP6c?key=RUpnV0Q3RGhXeGs4dTRLTW1takpwalNuc2lUcVdB\" target=\"_blank\" rel=\"noopener\"><img decoding=\"async\" src=\"https:\/\/lh3.googleusercontent.com\/pw\/AL9nZEWDPl2up5_QCgZ_7mlACWeJHuaujIA213YeAQijnsORXU65OXCojd34g_kSGZrqtHAKHR_grCFlA77zOU_P3oZ_N_n0nJQ9a9N-hhKrYT-VaXLnOaIy7tb2yyrpg1xzyYN2eKtgzCEM0LHbj3gX6dRV=w2000-h1500-no?authuser=0\" width=\"2000\" height=\"1500\" alt=\"Nekombu&#039;nun Hakodate leh\u00e7esindeki atmosferik \u00f6zelliklerini \u00f6\u011frenin!\" class=\"size-full\" \/><\/a><figcaption class=\"wp-caption-text\">Nekombu&#039;nun Hakodate leh\u00e7esindeki atmosferik \u00f6zelliklerini \u00f6\u011frenin!<\/figcaption><\/figure>\n<figure class=\"wp-caption aligncenter\"><a href=\"https:\/\/photos.google.com\/share\/AF1QipO3FvUPvE0NpfT7opFBQN9YYu3GBjFv0HAoHZsqMY4sOGratv59zFnYabJK2LI3pA\/photo\/AF1QipN87tnaAaUncwK1Ryqs5f0fSxjrPsgKUgBJvec?key=RUpnV0Q3RGhXeGs4dTRLTW1takpwalNuc2lUcVdB\" target=\"_blank\" rel=\"noopener\"><img decoding=\"async\" src=\"https:\/\/lh3.googleusercontent.com\/pw\/AL9nZEUJfpWmxv5YwVa41_xqITv452RHcTwm-2XFAxR8SBtGT61PaJEA4Q7wZ3j__gCiyt8WAmqlaknahxaDTUBr747mevV94QmLv_JGfehpbAX44YGtG4fbJ7uqexf7_PxaAl0Jz64by9G5vASI8PdsFoCw=w2000-h1500-no?authuser=0\" width=\"2000\" height=\"1500\" alt=\"Alt\u0131n kalamar\" class=\"size-full\" \/><\/a><figcaption class=\"wp-caption-text\">Alt\u0131n kalamar<\/figcaption><\/figure>\n<figure class=\"wp-caption aligncenter\"><a href=\"https:\/\/photos.google.com\/share\/AF1QipO3FvUPvE0NpfT7opFBQN9YYu3GBjFv0HAoHZsqMY4sOGratv59zFnYabJK2LI3pA\/photo\/AF1QipMGCTMMKwHStWq3RRckQw8Bn6oWl7a4s5ix6ss?key=RUpnV0Q3RGhXeGs4dTRLTW1takpwalNuc2lUcVdB\" target=\"_blank\" rel=\"noopener\"><img decoding=\"async\" src=\"https:\/\/lh3.googleusercontent.com\/pw\/AL9nZEW1U8eTTVqlGoZwSyqLHfADKY41vC84L_b2vKCS3RPzHuE2hsi9gLx2NEGOh56uaIgj2ZS5lUodEidyw8HM4aW00m5TJMBSVZBr2lCRc5VrYIHJovbYISUMnjHLtDeovvDnkhspgSXin0g4rdKzWWsr=w2000-h1500-no?authuser=0\" width=\"2000\" height=\"1500\" alt=\"Kedi yosunu sto\u011fu\" class=\"size-full\" \/><\/a><figcaption class=\"wp-caption-text\">Kedi yosunu sto\u011fu<\/figcaption><\/figure>\n<h3>Refah Grubu \u0130\u015fletme Derne\u011fi (Kushiro \u015eehri)<a href=\"https:\/\/kusirowannko.wixsite.com\/walfaregroup\" rel=\"noopener\" target=\"_blank\"><span style=\"color:blue; font-size:14pt; \">Ana sayfa<\/span><\/a><\/h3>\n<p>Refah Grubu&#039;nun y\u00f6netti\u011fi ve Kushiro \u015eehri&#039;nde A Tipi istihdam destek tesisi i\u015fleten bir i\u015f birli\u011fi olan Kushiro Pan-ya&#039;n\u0131n el yap\u0131m\u0131 ekmek ve unlu mamullerinin yan\u0131 s\u0131ra, k\u00f6pek kafesi ve kuaf\u00f6r salonu Kushiro Wanko&#039;nun k\u00f6pek k\u0131yafetlerini de sataca\u011f\u0131z!<\/p>\n<p>&quot;Genellikle &#039;balkaba\u011f\u0131 ekme\u011fimiz&#039; pop\u00fclerdir, ancak bu etkinlikte &#039;k\u00f6pek k\u0131yafetlerimiz&#039; ger\u00e7ekten pop\u00fclerdi! Her \u015feyin b\u00f6lgeye ba\u011fl\u0131 oldu\u011funu \u00f6\u011frendik,&quot; dedi temsilci.<\/p>\n<figure class=\"wp-caption aligncenter\"><a href=\"https:\/\/photos.google.com\/share\/AF1QipO3FvUPvE0NpfT7opFBQN9YYu3GBjFv0HAoHZsqMY4sOGratv59zFnYabJK2LI3pA\/photo\/AF1QipOQePsyiuvU7C6E4_klWcO7jLhBkIwUq-vYuk4?key=RUpnV0Q3RGhXeGs4dTRLTW1takpwalNuc2lUcVdB\" target=\"_blank\" rel=\"noopener\"><img decoding=\"async\" src=\"https:\/\/lh3.googleusercontent.com\/pw\/AL9nZEUq2BYMGPM8U6Nz_k_I26DVy4mhYmaX2p3VDsNAOFhINfSgeeybhxZBV0nCDmzCPrMqnfYfG90b4QYRaX4GNUVTX93FRaz5GaANBsYwmoiJAAIaUVInMCpQNaQ3M4voajINtS6QtASP0t__g_Fadk5R=w2000-h1500-no?authuser=0\" width=\"2000\" height=\"1500\" alt=\"K\u00f6pek k\u0131yafetleri pop\u00fcler!\" class=\"size-full\" \/><\/a><figcaption class=\"wp-caption-text\">K\u00f6pek k\u0131yafetleri pop\u00fcler!<\/figcaption><\/figure>\n<figure class=\"wp-caption aligncenter\"><a href=\"https:\/\/photos.google.com\/share\/AF1QipO3FvUPvE0NpfT7opFBQN9YYu3GBjFv0HAoHZsqMY4sOGratv59zFnYabJK2LI3pA\/photo\/AF1QipPbGwr75KXMZi_TddK5SE-kbjhdD6fgEQgwa10?key=RUpnV0Q3RGhXeGs4dTRLTW1takpwalNuc2lUcVdB\" target=\"_blank\" rel=\"noopener\"><img decoding=\"async\" src=\"https:\/\/lh3.googleusercontent.com\/pw\/AL9nZEXqQV3Qg5MRpH2XtBqxCFmLZhhTSrpH6fUSBPU3Dv27oWho2KMo2HZd-6V4P8U3sZkbdIRPDnfPRqL80cijgMLKMqbUvAMKuKIDptGjoc26mMs2duiYJ0QLMwdBp-HxFzdy558zB47R-fS1Ook18Yq_=w2000-h1500-no?authuser=0\" width=\"2000\" height=\"1500\" alt=\"Refah Grubu\" class=\"size-full\" \/><\/a><figcaption class=\"wp-caption-text\">Refah Grubu<\/figcaption><\/figure>\n<figure class=\"wp-caption aligncenter\"><a href=\"https:\/\/photos.google.com\/share\/AF1QipO3FvUPvE0NpfT7opFBQN9YYu3GBjFv0HAoHZsqMY4sOGratv59zFnYabJK2LI3pA\/photo\/AF1QipOWs0eNNXTeJw-MFuUMdMOhtF1FWu_N2tdjywo?key=RUpnV0Q3RGhXeGs4dTRLTW1takpwalNuc2lUcVdB\" target=\"_blank\" rel=\"noopener\"><img decoding=\"async\" src=\"https:\/\/lh3.googleusercontent.com\/pw\/AL9nZEXjK1EBx06evu9tbtGDigHYUHo5a5tIGvC17LKJawkYrzTNo-hTst0HfnodCqifsPSpLpO3pFJPiwX4v8R3FeoBXXhoEPQvMafoMj-x6uxD6bVExHWp3mKjTEdOVXjs2YpuZmqhdeEYIaLcFW0ePPbc=w2000-h1500-no?authuser=0\" width=\"2000\" height=\"1500\" alt=\"Pop\u00fcler kabak ekme\u011fi\" class=\"size-full\" \/><\/a><figcaption class=\"wp-caption-text\">Pop\u00fcler kabak ekme\u011fi<\/figcaption><\/figure>\n<h3>Tokachi-Shintoku Taze Yerel Tavuk \u0130\u015fletme Kooperatifi Derne\u011fi (Shintoku Kasabas\u0131)<a href=\"https:\/\/shintokuzidori.jimdofree.com\/\" rel=\"noopener\" target=\"_blank\"><span style=\"color:blue; font-size:14pt; \">Ana sayfa<\/span><\/a><\/h3>\n<p>Shintoku Kasabas\u0131&#039;n\u0131n yeni spesiyalitesi olan k\u00f6m\u00fcr ate\u015finde pi\u015firilmi\u015f Shintoku Jidori tavu\u011funun yan\u0131 s\u0131ra tavuk kanatlar\u0131 ve tavuk kanad\u0131 char siu&#039;yu sunuyoruz!<\/p>\n<figure class=\"wp-caption aligncenter\"><a href=\"https:\/\/photos.google.com\/share\/AF1QipO3FvUPvE0NpfT7opFBQN9YYu3GBjFv0HAoHZsqMY4sOGratv59zFnYabJK2LI3pA\/photo\/AF1QipPlA6R3SizT3MNegXERE2iC7PXOmNurmSiDtdM?key=RUpnV0Q3RGhXeGs4dTRLTW1takpwalNuc2lUcVdB\" target=\"_blank\" rel=\"noopener\"><img decoding=\"async\" src=\"https:\/\/lh3.googleusercontent.com\/pw\/AL9nZEVw4-sI21NDcKDb7ziPINf0x23ex5L-iKoo02jf5yHj52UZM1PyIHUP22YFDKqEe5W5QgU2OFLLkJzNyQheTOZOu9S_BPumQ063FhEAToXUPZ4rKRTGE4pMjDlbk0Fo9Ma_KIMyy25jhJGrJBxdZVtD=w2000-h1500-no?authuser=0\" width=\"2000\" height=\"1500\" alt=\"Tokachi-Shintoku Taze Yerel Tavuk \u0130\u015fletme Kooperatifi Derne\u011fi\" class=\"size-full\" \/><\/a><figcaption class=\"wp-caption-text\">Tokachi-Shintoku Taze Yerel Tavuk \u0130\u015fletme Kooperatifi Derne\u011fi<\/figcaption><\/figure>\n<p>Temsilci, &quot;\u00dclkenin d\u00f6rt bir yan\u0131ndaki insanlar\u0131n, Japonya&#039;daki \u00fc\u00e7 b\u00fcy\u00fck jidori tavu\u011funa benzeyen Shintoku Jidori&#039;nin kalitesini ve lezzetini bilmesini istiyoruz. Japon jidori tavu\u011fu d\u00fc\u015f\u00fcn\u00fcld\u00fc\u011f\u00fcnde akla gelen ilk \u015feyin Shintoku Jidori olmas\u0131 i\u00e7in \u00e7al\u0131\u015fmak istiyoruz&quot; dedi.<\/p>\n<figure class=\"wp-caption aligncenter\"><a href=\"https:\/\/photos.google.com\/share\/AF1QipO3FvUPvE0NpfT7opFBQN9YYu3GBjFv0HAoHZsqMY4sOGratv59zFnYabJK2LI3pA\/photo\/AF1QipN-ndsdjcy5pU-4mzlXBvw8hY7UThg0R-diaSg?key=RUpnV0Q3RGhXeGs4dTRLTW1takpwalNuc2lUcVdB\" target=\"_blank\" rel=\"noopener\"><img decoding=\"async\" src=\"https:\/\/lh3.googleusercontent.com\/pw\/AL9nZEWwBpjNoAEFsSnUD4V07HvI_VOSy1mZDjZ9ps_vyqNLtZyGRuU7YBsX0QWcE2_M72SLBzV_lOD5TDaGyKL5iC3HO7aCiDaGZ46U_WTfesMp_NH_vVTnLeUoTr8yFeEx6hQMo42s1ZuwDGWLeexSg4m_=w2000-h1500-no?authuser=0\" width=\"2000\" height=\"1500\" alt=\"K\u00f6zlenmi\u015f Shintoku Jidori Tavu\u011fu\" class=\"size-full\" \/><\/a><figcaption class=\"wp-caption-text\">K\u00f6zlenmi\u015f Shintoku Jidori Tavu\u011fu<\/figcaption><\/figure>\n<h3>Sapporo Otomobil \u0130\u015fletme Kooperatifi Derne\u011fi (Sapporo \u015eehri)<a href=\"https:\/\/founded-today.com\/2015\/8430005002164\/\" rel=\"noopener\" target=\"_blank\"><span style=\"color:blue; font-size:14pt; \">Ana sayfa<\/span><\/a><\/h3>\n<figure class=\"wp-caption aligncenter\"><a href=\"https:\/\/photos.google.com\/share\/AF1QipO3FvUPvE0NpfT7opFBQN9YYu3GBjFv0HAoHZsqMY4sOGratv59zFnYabJK2LI3pA\/photo\/AF1QipM49nB4j51PcHGqODLb4S5aUHwJh75uf4ktRSY?key=RUpnV0Q3RGhXeGs4dTRLTW1takpwalNuc2lUcVdB\" target=\"_blank\" rel=\"noopener\"><img decoding=\"async\" src=\"https:\/\/lh3.googleusercontent.com\/pw\/AL9nZEXH8O6MDcKocmkJLqwUuU1wCAmQsDxNd9Ezt1phq4b49y_nQ3ugqjKvXhdm0brl8qBFWF19V-youbT29Rwt2JVASC_dmR6AVLuF707i3KMC1JjJNTaOZQhRg_lBhuk9UfwSrAdmQF0LncghJ3elnlkC=w2000-h1500-no?authuser=0\" width=\"2000\" height=\"1500\" alt=\"Sapporo Seishin Otomobil \u0130\u015fletme Kooperatifi Derne\u011fi\" class=\"size-full\" \/><\/a><figcaption class=\"wp-caption-text\">Sapporo Seishin Otomobil \u0130\u015fletme Kooperatifi Derne\u011fi<\/figcaption><\/figure>\n<p>Sapporo&#039;daki otomobil bak\u0131m i\u015fletmesiyle ilgili bir hikaye.<br \/>\n&quot;Ara\u00e7 muayenesi ve bak\u0131m\u0131yla erken tespit yoluyla kazalar\u0131 \u00f6nlemek \u00f6nemlidir. Kazalar\u0131n meydana gelmesini \u00f6nlemek i\u00e7in d\u00fczenli muayeneler ve bak\u0131mlar ger\u00e7ekle\u015ftiriyoruz. Gelecekte, ara\u00e7 muayene sertifikalar\u0131 dijitalle\u015ftik\u00e7e ve \u00e7e\u015fitli par\u00e7alar ve di\u011fer \u00fcr\u00fcnler her g\u00fcn evrimle\u015ftik\u00e7e, bu evrimlere ayak uydurabilecek bak\u0131m sa\u011flamak i\u00e7in \u00e7aba g\u00f6stermeye devam edece\u011fiz,&quot; dedi temsilci.<\/p>\n<figure class=\"wp-caption aligncenter\"><a href=\"https:\/\/photos.google.com\/share\/AF1QipO3FvUPvE0NpfT7opFBQN9YYu3GBjFv0HAoHZsqMY4sOGratv59zFnYabJK2LI3pA\/photo\/AF1QipOovs63mLUyQCGOMp7mc5OVrZP6GI0XeGGI1c8?key=RUpnV0Q3RGhXeGs4dTRLTW1takpwalNuc2lUcVdB\" target=\"_blank\" rel=\"noopener\"><img decoding=\"async\" src=\"https:\/\/lh3.googleusercontent.com\/pw\/AL9nZEXRONcbCX37OAks4LFwgwqwfTEhURGRDH1ww1EJDX8_ctKDnx7v8qrIXTM5XHW_PzdIHXCXZqMWQ4n8QS-DI-K-0BML2FK3MLMfWOd5M6EbQcRA0Bpx5pRKILwglqWCTwNizxOECOOsKXYRaGsEm6Fk=w2000-h1500-no?authuser=0\" width=\"2000\" height=\"1500\" alt=\"Sapporo Otomobil Bak\u0131m \u0130\u015fletmesi\" class=\"size-full\" \/><\/a><figcaption class=\"wp-caption-text\">Sapporo Otomobil Bak\u0131m \u0130\u015fletmesi<\/figcaption><\/figure>\n<h3>Hokkaido K\u00fc\u00e7\u00fck \u0130\u015fletme Dernekleri Federasyonu (Sapporo)<a href=\"https:\/\/www.h-chuokai.or.jp\/\" rel=\"noopener\" target=\"_blank\"><span style=\"color:blue; font-size:14pt; \">Ana sayfa<\/span><\/a><\/h3>\n<p>Hokkaido K\u00fc\u00e7\u00fck ve Orta \u00d6l\u00e7ekli \u0130\u015fletmeler Dernekleri Federasyonu \u0130\u015fbirli\u011fi Destek Departman\u0131 B\u00f6l\u00fcm Ba\u015fkan\u0131 Yoshihide Nakajo, kat\u0131l\u0131mc\u0131 sendikalar\u0131 tan\u0131tt\u0131.<\/p>\n<figure class=\"wp-caption aligncenter\"><a href=\"https:\/\/photos.google.com\/share\/AF1QipO3FvUPvE0NpfT7opFBQN9YYu3GBjFv0HAoHZsqMY4sOGratv59zFnYabJK2LI3pA\/photo\/AF1QipNc4FkRaj-dh-6B3ykwzZJdkZGypCe3NSQMdI8?key=RUpnV0Q3RGhXeGs4dTRLTW1takpwalNuc2lUcVdB\" target=\"_blank\" rel=\"noopener\"><img decoding=\"async\" src=\"https:\/\/lh3.googleusercontent.com\/pw\/AL9nZEWYd8DiXM2ZMsivwcFDd8qe1a29iuYbh7SLCSWweYMmi6S-t_3F7gHQFoO33sgzNlEBfn541ViCGocU4ZhvvZqxPRbjK4d5NYRxyjIpIQ1PoHvnmrwD1v_w9J9JR8UiMrOcnmB-GA38r9dz2HvhO2aP=w2000-h1500-no?authuser=0\" width=\"2000\" height=\"1500\" alt=\"Hokkaido K\u00fc\u00e7\u00fck ve Orta \u00d6l\u00e7ekli \u0130\u015fletmeler Dernekleri Federasyonu\" class=\"size-full\" \/><\/a><figcaption class=\"wp-caption-text\">Hokkaido K\u00fc\u00e7\u00fck ve Orta \u00d6l\u00e7ekli \u0130\u015fletmeler Dernekleri Federasyonu<\/figcaption><\/figure>\n<p>&quot;Hokkaido K\u00fc\u00e7\u00fck \u0130\u015fletme Dernekleri Federasyonu&#039;nun Hokkaido genelinde yakla\u015f\u0131k 1.300 \u00fcye derne\u011fi bulunmaktad\u0131r. Bir dernek, d\u00f6rt veya daha fazla \u015firket veya k\u00fc\u00e7\u00fck i\u015fletme sahibinden olu\u015fur. Bu y\u0131lki Kumiai Festivali, 14 \u015firket ve derne\u011fin i\u015fbirli\u011fiyle d\u00fczenlendi.<\/p>\n<p>Hokkaido K\u00fc\u00e7\u00fck \u0130\u015fletme Dernekleri Federasyonu, sendika y\u00f6netimi, insan kaynaklar\u0131 geli\u015ftirme, ara\u015ft\u0131rma ve \u00e7al\u0131\u015fmalar, bilgi toplama ve s\u00fcbvansiyon programlar\u0131 gibi \u00e7ok \u00e7e\u015fitli faaliyetler y\u00fcr\u00fcterek k\u00fc\u00e7\u00fck ve orta \u00f6l\u00e7ekli i\u015fletmelerin geli\u015fimini destekleyen kar amac\u0131 g\u00fctmeyen bir kurulu\u015ftur. Merkezi Sapporo&#039;dad\u0131r ve prefekt\u00f6rl\u00fckte dokuz \u015fubesi vard\u0131r ve yerel toplulu\u011fa \u00e7ok \u00e7e\u015fitli destek sa\u011flar.<\/p>\n<p>Yerel halk\u0131 ve toplumda faaliyet g\u00f6steren k\u00fc\u00e7\u00fck ve orta \u00f6l\u00e7ekli i\u015fletmeleri tan\u0131man\u0131z\u0131 istiyoruz ve bu dernekleri tan\u0131rken Ulusal K\u00fc\u00e7\u00fck \u0130\u015fletme Dernekleri Federasyonu&#039;nu da hat\u0131rlaman\u0131z\u0131 istiyoruz.<\/p>\n<p>Bunun sadece t\u00fcketiciler aras\u0131nda de\u011fil, sendikalar aras\u0131nda da etkile\u015fimi te\u015fvik edece\u011fini, i\u015f birli\u011fini ve sendikal faaliyetlerin canlanmas\u0131n\u0131 sa\u011flayaca\u011f\u0131n\u0131 umuyoruz.<\/p>\n<p>Bu etkinli\u011fe kat\u0131lan ve i\u015fbirli\u011fi yapan sendikalara i\u00e7ten \u015f\u00fckranlar\u0131m\u0131z\u0131 sunmak istiyoruz. Kat\u0131l\u0131mc\u0131 sendikalar\u0131 tan\u0131tmak istiyoruz.<\/p>\n<h4>Kurosengoku \u0130\u015f Kooperatifi Birli\u011fi (Hokuryu Kasabas\u0131)<a href=\"https:\/\/kurosengoku.or.jp\/\" rel=\"noopener\" target=\"_blank\"><span style=\"color:blue; font-size:14pt; \">Ana sayfa<\/span><\/a><\/h4>\n<p>Yerel olarak yeti\u015ftirilen Kurosengoku soya fasulyesini m\u00fcmk\u00fcn oldu\u011funca \u00e7ok say\u0131da insana tan\u0131tmak i\u00e7in yo\u011fun bir \u015fekilde \u00e7al\u0131\u015f\u0131yorlar.<br \/>\nBa\u015fkan Takada&#039;ya bakarsan\u0131z, \u00e7ok sa\u011fl\u0131kl\u0131 oldu\u011funu ve gen\u00e7 g\u00f6r\u00fcnd\u00fc\u011f\u00fcn\u00fc g\u00f6rebilirsiniz, bu da 80 ya\u015f\u0131nda oldu\u011funa inanmay\u0131 zorla\u015ft\u0131r\u0131yor. Bunun, Kurosengoku soya fasulyesinin onun iyi sa\u011fl\u0131\u011f\u0131n\u0131n kayna\u011f\u0131 oldu\u011funun kan\u0131t\u0131 oldu\u011funa inan\u0131yorum.<\/p>\n<figure class=\"wp-caption aligncenter\"><a href=\"https:\/\/photos.google.com\/share\/AF1QipO3FvUPvE0NpfT7opFBQN9YYu3GBjFv0HAoHZsqMY4sOGratv59zFnYabJK2LI3pA\/photo\/AF1QipNStsPKYL_u8S4Y1p0hipWjU3mZc3qB0E2YgiE?key=RUpnV0Q3RGhXeGs4dTRLTW1takpwalNuc2lUcVdB\" target=\"_blank\" rel=\"noopener\"><img decoding=\"async\" src=\"https:\/\/lh3.googleusercontent.com\/pw\/AL9nZEVT6zZsG6UdNtF28c4sYYDwMJ7ONT2NcRuj74pAXpVRN1OuAhB8iYhoOqz17edPGNiLXJ92ir7WIV-_gCnk6abSLlUVJHL5MXYxq11M5Dh0D2dOyhfFgK8tvMVL7B9WELDS55lPqkwmu1Y6gk3BlQlz=w2000-h1500-no?authuser=0\" width=\"2000\" height=\"1500\" alt=\"Kurosengoku soya fasulyesi: enerji kayna\u011f\u0131\" class=\"size-full\" \/><\/a><figcaption class=\"wp-caption-text\">Kurosengoku soya fasulyesi: enerji kayna\u011f\u0131<\/figcaption><\/figure>\n<figure class=\"wp-caption aligncenter\"><a href=\"https:\/\/photos.google.com\/share\/AF1QipO3FvUPvE0NpfT7opFBQN9YYu3GBjFv0HAoHZsqMY4sOGratv59zFnYabJK2LI3pA\/photo\/AF1QipPGTZq7qxezDYiITy4O1lKuVv8V9Zk8QHVP2_M?key=RUpnV0Q3RGhXeGs4dTRLTW1takpwalNuc2lUcVdB\" target=\"_blank\" rel=\"noopener\"><img decoding=\"async\" src=\"https:\/\/lh3.googleusercontent.com\/pw\/AL9nZEU_fvVSDyytqF20WlPu_gorEBkgM3sJ_a1Db1DVsa-TZYrsy7qYEknttsOZRyuMzHQPT0XIniochA45p54_4DeRIXbnxT3RbV-SQdZTlv6W2rpBStqZohE_jL1xujx0HRNHsRcDEOgya_auo0_BDE2V=w2000-h1500-no?authuser=0\" width=\"2000\" height=\"1500\" alt=\"Kurosengoku i\u015flenmi\u015f \u00fcr\u00fcnler ve ay\u00e7i\u00e7ek ya\u011f\u0131\" class=\"size-full\" \/><\/a><figcaption class=\"wp-caption-text\">Kurosengoku i\u015flenmi\u015f \u00fcr\u00fcnler ve ay\u00e7i\u00e7ek ya\u011f\u0131<\/figcaption><\/figure>\n<h4>Asahikawa Mobilya End\u00fcstrisi Kooperatif Derne\u011fi (Asahikawa \u015eehri)<a href=\"https:\/\/www.asahikawa-kagu.or.jp\/\" rel=\"noopener\" target=\"_blank\"><span style=\"color:blue; font-size:14pt; \">Ana sayfa<\/span><\/a><\/h4>\n<p>Bu, d\u00fcnya \u00e7ap\u0131nda gurur duyulabilecek yerel markalarla mobilya \u00fcreten k\u00fc\u00e7\u00fck ve orta \u00f6l\u00e7ekli i\u015fletmelerin bir birli\u011fidir. Ah\u015fab\u0131n s\u0131cakl\u0131\u011f\u0131n\u0131 ve harika tasar\u0131mlar\u0131 deneyimlemek i\u00e7in l\u00fctfen Asahikawa&#039;daki showroom&#039;umuzu ziyaret edin.<\/p>\n<figure class=\"wp-caption aligncenter\"><a href=\"https:\/\/photos.google.com\/share\/AF1QipO3FvUPvE0NpfT7opFBQN9YYu3GBjFv0HAoHZsqMY4sOGratv59zFnYabJK2LI3pA\/photo\/AF1QipPTxQ-LNj8JiQ6ffx6mpTcZXppJbuyN7_i-Wb0?key=RUpnV0Q3RGhXeGs4dTRLTW1takpwalNuc2lUcVdB\" target=\"_blank\" rel=\"noopener\"><img decoding=\"async\" src=\"https:\/\/lh3.googleusercontent.com\/pw\/AL9nZEUnHwamxFUWnyLqVc4v5FFlbmBqRKLl1ZGQgnCq1UC_f182py9Mrj5SSqlQvrO1-Kwe3FqkLjWp2UElhxb3c2qCvV2GMDjjqmp9WKAR7pPv2wZot2LN-BRuw986as9uP0xkk2IbENW2m1MATI9AC-CH=w2000-h1500-no?authuser=0\" width=\"2000\" height=\"1500\" alt=\"Asahikawa Mobilya End\u00fcstrisi Kooperatif Derne\u011fi\" class=\"size-full\" \/><\/a><figcaption class=\"wp-caption-text\">Asahikawa Mobilya End\u00fcstrisi Kooperatif Derne\u011fi<\/figcaption><\/figure>\n<figure class=\"wp-caption aligncenter\"><a href=\"https:\/\/photos.google.com\/share\/AF1QipO3FvUPvE0NpfT7opFBQN9YYu3GBjFv0HAoHZsqMY4sOGratv59zFnYabJK2LI3pA\/photo\/AF1QipNEj3DZuO1FEHmVw5GhdukuBmISvKahT44qD4A?key=RUpnV0Q3RGhXeGs4dTRLTW1takpwalNuc2lUcVdB\" target=\"_blank\" rel=\"noopener\"><img decoding=\"async\" src=\"https:\/\/lh3.googleusercontent.com\/pw\/AL9nZEWZfAsd_kptsPzC4E5dD5Yr4Q63_IYIYPhXjkQ55xMqE6T1oPRCPE2JJXSBH9neHg1MH7zZmbkJ6uBZ4u6C3QOGFIvNmNc-aNKP_-1YbT0wglgpMmctZkKhsVGVifIlLU6CYNNqLpwhHaM-O84zhtef=w2000-h1500-no?authuser=0\" width=\"2000\" height=\"1500\" alt=\"El yap\u0131m\u0131 sandalye\" class=\"size-full\" \/><\/a><figcaption class=\"wp-caption-text\">El yap\u0131m\u0131 sandalye<\/figcaption><\/figure>\n<h4>Obihiro \u0130\u00e7ki Sat\u0131\u015f Kooperatifi (Obihiro \u015eehri)<a href=\"https:\/\/houjin.jp\/c\/9460105000262\" rel=\"noopener\" target=\"_blank\"><span style=\"color:blue; font-size:14pt; \">Referans sayfas\u0131<\/span><\/a><\/h4>\n<p>Obihiro \u0130\u00e7ki Perakendecileri Kooperatifi, Hokkaido&#039;nun her yerinden yerel sake&#039;lerin yan\u0131 s\u0131ra, genellikle bulunmayan &quot;Tokachi Hare&quot; ve &quot;Kamikawa Daisetsu&quot; gibi yerel Tokachi sake&#039;leri de sat\u0131yor.<\/p>\n<figure class=\"wp-caption aligncenter\"><a href=\"https:\/\/photos.google.com\/share\/AF1QipO3FvUPvE0NpfT7opFBQN9YYu3GBjFv0HAoHZsqMY4sOGratv59zFnYabJK2LI3pA\/photo\/AF1QipOZygRuhdcKPhnQIm22VFhfSLVCPvi3beqfxb4?key=RUpnV0Q3RGhXeGs4dTRLTW1takpwalNuc2lUcVdB\" target=\"_blank\" rel=\"noopener\"><img decoding=\"async\" src=\"https:\/\/lh3.googleusercontent.com\/pw\/AL9nZEXqPhee6GTDneRNCrvKuWvGV9pZoYcBRAor3USoiwz9ncbT1NHFqwIbudme85Tnlx1iVM-Hn_-A5BrGWJm4d6wWMt-lCobFUcT1AwWirZUydft7gADI2S-4bMg90nxORdjdeETEy_awKYFwnnttVluY=w2000-h1500-no?authuser=0\" width=\"2000\" height=\"1500\" alt=\"Obihiro \u0130\u00e7ki Sat\u0131\u015f Kooperatifi\" class=\"size-full\" \/><\/a><figcaption class=\"wp-caption-text\">Obihiro \u0130\u00e7ki Sat\u0131\u015f Kooperatifi<\/figcaption><\/figure>\n<figure class=\"wp-caption aligncenter\"><a href=\"https:\/\/photos.google.com\/share\/AF1QipO3FvUPvE0NpfT7opFBQN9YYu3GBjFv0HAoHZsqMY4sOGratv59zFnYabJK2LI3pA\/photo\/AF1QipNSN_LEQemLLaNwfgU6WqoKw89kRGfo3BFLUg0?key=RUpnV0Q3RGhXeGs4dTRLTW1takpwalNuc2lUcVdB\" target=\"_blank\" rel=\"noopener\"><img decoding=\"async\" src=\"https:\/\/lh3.googleusercontent.com\/pw\/AL9nZEX3T1ysi830sF_6WCaIge1GzwL0i-CsFtDpKhQphVgaw7VicwOILJr-mH5Zi3y20tj0Tu1GavwKKbSF9UWU-PoTdWBSWBOK3RupSJczZqkYqsd-J1vPgq43lSi9wir8LmZQ7LdBf38qXTMw5gjJYxm9=w2000-h1500-no?authuser=0\" width=\"2000\" height=\"1500\" alt=\"Obihiro \u0130\u00e7ki Sat\u0131\u015f Kooperatifi\" class=\"size-full\" \/><\/a><figcaption class=\"wp-caption-text\">Obihiro \u0130\u00e7ki Sat\u0131\u015f Kooperatifi<\/figcaption><\/figure>\n<figure class=\"wp-caption aligncenter\"><a href=\"https:\/\/photos.google.com\/share\/AF1QipO3FvUPvE0NpfT7opFBQN9YYu3GBjFv0HAoHZsqMY4sOGratv59zFnYabJK2LI3pA\/photo\/AF1QipMAIHDYmy7LEcM2yZziCc7drULi_2RlpGWCSvk?key=RUpnV0Q3RGhXeGs4dTRLTW1takpwalNuc2lUcVdB\" target=\"_blank\" rel=\"noopener\"><img decoding=\"async\" src=\"https:\/\/lh3.googleusercontent.com\/pw\/AL9nZEVYyZEtZjJXvbo9x9ajAJVh3CLvvqIIhg6lau9BE4ncLGIMEFNy-64YhWm-0VgRHCmGze7PdbLgOWFEiNQ7IJBU4kvKverG8NxgJJGjZnW8925o2hMow4EUqg0RI_MRnqB4DlmWCue__QToUJUJHJpD=w2000-h1500-no?authuser=0\" width=\"2000\" height=\"1500\" alt=\"Saf pirin\u00e7 ginjo sake &quot;Tokachibare&quot;\" class=\"size-full\" \/><\/a><figcaption class=\"wp-caption-text\">Saf pirin\u00e7 ginjo sake &quot;Tokachibare&quot;<\/figcaption><\/figure>\n<h4>Tokachi-Shintoku Taze Yerel Tavuk \u0130\u015fletme Kooperatifi Derne\u011fi (Shintoku Kasabas\u0131)<a href=\"https:\/\/shintokuzidori.jimdofree.com\/\" rel=\"noopener\" target=\"_blank\"><span style=\"color:blue; font-size:14pt; \">Ana sayfa<\/span><\/a><\/h4>\n<p>Ma\u011faza, k\u00f6m\u00fcrde \u0131zgara edilmi\u015f ve t\u00fcts\u00fclenmi\u015f Shintoku Jidori tavu\u011fu gibi \u00fcr\u00fcnlerle dolu. Bu, ba\u015fkan\u0131n herkesin &quot;Shintoku Jidori tavu\u011funu \u00f6\u011frenmek i\u00e7in bu f\u0131rsat\u0131 de\u011ferlendirmesi&quot; y\u00f6n\u00fcndeki tutkulu arzusunu yans\u0131t\u0131yor.<\/p>\n<figure class=\"wp-caption aligncenter\"><a href=\"https:\/\/photos.google.com\/share\/AF1QipO3FvUPvE0NpfT7opFBQN9YYu3GBjFv0HAoHZsqMY4sOGratv59zFnYabJK2LI3pA\/photo\/AF1QipMzLh-uDjMIcekjmCR_wtJ9-9kw_nAy-YkmDEc?key=RUpnV0Q3RGhXeGs4dTRLTW1takpwalNuc2lUcVdB\" target=\"_blank\" rel=\"noopener\"><img decoding=\"async\" src=\"https:\/\/lh3.googleusercontent.com\/pw\/AL9nZEXDGJWEMsbJHC1WizY2hpZOtOPACsBRr7pJ4YE9L57y2yLdZhtE9x1G8pqTAow1pBPKdSAAveziN5Jyzw5lfWwkMig0Q2gHV8R3q9628bY5tEBB2qIOuUzgbrLL8z2bYdQaU_3TzhPFopQc9GXPPYR3=w2000-h1500-no?authuser=0\" width=\"2000\" height=\"1500\" alt=\"Tokachi-Shintoku Taze Yerel Tavuk \u0130\u015fletme Kooperatifi Derne\u011fi\" class=\"size-full\" \/><\/a><figcaption class=\"wp-caption-text\">Tokachi-Shintoku Taze Yerel Tavuk \u0130\u015fletme Kooperatifi Derne\u011fi<\/figcaption><\/figure>\n<h4>Sapporo S\u0131va End\u00fcstrisi Kooperatif Derne\u011fi (Sapporo \u015eehri)<a href=\"https:\/\/www.kensenren.or.jp\/museum\/jirei\/04_sapporo_sakan.html\" rel=\"noopener\" target=\"_blank\"><span style=\"color:blue; font-size:14pt; \">Referans sayfas\u0131<\/span><\/a><\/h4>\n<p>S\u0131va, tatami ve in\u015faat sekt\u00f6r\u00fc dernekleri \u015fu anda zor bir durumda olsa da, el eme\u011finin zanaatkarl\u0131\u011f\u0131 de\u011ferlidir ve gelecekte de yok olmayacakt\u0131r, bu nedenle bunlar de\u011fer g\u00f6rmeye devam edecek sekt\u00f6rlerdir. Bu zanaatkarlar\u0131n hikayelerini dinlemekten ve i\u015flerinden biraz olsun deneyimleme f\u0131rsat\u0131 bulmaktan mutluluk duyar\u0131m.<\/p>\n<figure class=\"wp-caption aligncenter\"><a href=\"https:\/\/photos.google.com\/share\/AF1QipO3FvUPvE0NpfT7opFBQN9YYu3GBjFv0HAoHZsqMY4sOGratv59zFnYabJK2LI3pA\/photo\/AF1QipOJjTG_WcVk6Przzxah8p7qAcgAB1rOzwZ7UCA?key=RUpnV0Q3RGhXeGs4dTRLTW1takpwalNuc2lUcVdB\" target=\"_blank\" rel=\"noopener\"><img decoding=\"async\" src=\"https:\/\/lh3.googleusercontent.com\/pw\/AL9nZEUI1XDkwSO99SKusew7VjXyy5i4cRF5wBGmAODVE0i7mHNQA45pCMzSdnXtaw3_oaBdr5IM80qOCsuYeKFmpiSKNjQhDvBdlr1EpsYBMl4mVw95I6PR3tL1106ZH487BqFgd97ZPwMru_sS4LbvzZ9h=w2000-h1500-no?authuser=0\" width=\"2000\" height=\"1500\" alt=\"Sapporo S\u0131va End\u00fcstrisi Kooperatif Derne\u011fi\" class=\"size-full\" \/><\/a><figcaption class=\"wp-caption-text\">Sapporo S\u0131va End\u00fcstrisi Kooperatif Derne\u011fi<\/figcaption><\/figure>\n<h4>Sapporo Otomobil \u0130\u015fletme Kooperatifi Derne\u011fi (Sapporo \u015eehri)<a href=\"https:\/\/founded-today.com\/2015\/8430005002164\/\" rel=\"noopener\" target=\"_blank\"><span style=\"color:blue; font-size:14pt; \">Ana sayfa<\/span><\/a><\/h4>\n<p>Her b\u00f6lgedeki otomobil tamir dernekleri, b\u00fcy\u00fck otomobil \u00fcreticilerinin s\u00fcrekli olarak geli\u015ftirdi\u011fi yeni teknolojilere ayak uydurmak i\u00e7in her g\u00fcn s\u0131k\u0131 bir \u015fekilde e\u011fitim al\u0131rlar. Yerel tamir at\u00f6lyeleri, yerel sakinlerin g\u00fcvenli bir \u015fekilde ara\u00e7 kullanmalar\u0131na ve ara\u00e7 hayatlar\u0131n\u0131n tad\u0131n\u0131 \u00e7\u0131karmalar\u0131na yard\u0131mc\u0131 olma amac\u0131yla y\u00fcz y\u00fcze tavsiye alabilece\u011finiz yerlerdir.<\/p>\n<figure class=\"wp-caption aligncenter\"><a href=\"https:\/\/photos.google.com\/share\/AF1QipO3FvUPvE0NpfT7opFBQN9YYu3GBjFv0HAoHZsqMY4sOGratv59zFnYabJK2LI3pA\/photo\/AF1QipO4LzMzGTTUDKvl72cSuK0QmNN__v3AKsjb2fI?key=RUpnV0Q3RGhXeGs4dTRLTW1takpwalNuc2lUcVdB\" target=\"_blank\" rel=\"noopener\"><img decoding=\"async\" src=\"https:\/\/lh3.googleusercontent.com\/pw\/AL9nZEWDbPa_cwTljzAaloALLGz3C-mUi6i1g2JTzW7SCzqa6BNI_LQxZ7ErghIedf3_BiqGqHfmSEE8M_X8GyiMXuirDcGmVwhl32xOMCcpdOAxUiM_ceQpiqU3XcsYrwdbAA9c0RvLsTdkKnEmDoVEIQVD=w2000-h1500-no?authuser=0\" width=\"2000\" height=\"1500\" alt=\"Sapporo Seishin Otomobil \u0130\u015fletme Kooperatifi Derne\u011fi\" class=\"size-full\" \/><\/a><figcaption class=\"wp-caption-text\">Sapporo Seishin Otomobil \u0130\u015fletme Kooperatifi Derne\u011fi<\/figcaption><\/figure>\n<h4>Hokkaido Kullan\u0131lm\u0131\u015f Araba Bayileri Derne\u011fi (Sapporo \u015eehri)<a href=\"https:\/\/xn--zcklx7evic7044c1qeqrozh7c.com\/companies\/5430005002910\" rel=\"noopener\" target=\"_blank\"><span style=\"color:blue; font-size:14pt; \">Referans sayfas\u0131<\/span><\/a><\/h4>\n<p>Kullan\u0131lm\u0131\u015f bir araba sat\u0131n almay\u0131 d\u00fc\u015f\u00fcnenlere bilgi ve beceri sa\u011flarlar ve kullan\u0131lm\u0131\u015f arabalar\u0131 m\u00fc\u015fteriler i\u00e7in daha g\u00fcven verici hale getirmek i\u00e7in \u00e7abalarlar. Umar\u0131m &quot;JU&quot;yu hat\u0131rlars\u0131n\u0131z.<\/p>\n<figure class=\"wp-caption aligncenter\"><a href=\"https:\/\/photos.google.com\/share\/AF1QipO3FvUPvE0NpfT7opFBQN9YYu3GBjFv0HAoHZsqMY4sOGratv59zFnYabJK2LI3pA\/photo\/AF1QipMWelXhZtf3RfJYev6BYpvFUduR3BOuB6MXhqE?key=RUpnV0Q3RGhXeGs4dTRLTW1takpwalNuc2lUcVdB\" target=\"_blank\" rel=\"noopener\"><img decoding=\"async\" src=\"https:\/\/lh3.googleusercontent.com\/pw\/AL9nZEWbeLF67qKFRAn8DhrslFY4iAwWggQZy6CzWkMdZvdGL44sPf6PtoNDLy8iJIdxoy-QecvG-FATyVQMKFX99Zwptm4GdWa9msSe-nvc9bm0ZT-XmIaAxREUQAjM3QICrXnYELr0ruVT9tR2tHJ3WJi-=w1545-h1159-no?authuser=0\" width=\"2000\" height=\"1500\" alt=\"Hokkaido Kullan\u0131lm\u0131\u015f Araba Sat\u0131\u015f Derne\u011fi\" class=\"size-full\" \/><\/a><figcaption class=\"wp-caption-text\">Hokkaido Kullan\u0131lm\u0131\u015f Araba Sat\u0131\u015f Derne\u011fi<\/figcaption><\/figure>\n<h4>Chienowa \u0130\u015f Kooperatifi Derne\u011fi (Bekkai Kasabas\u0131)<a href=\"https:\/\/chienowa.jp\/\" rel=\"noopener\" target=\"_blank\"><span style=\"color:blue; font-size:14pt; \">Ana sayfa<\/span><\/a><\/h4>\n<p>Biz esas olarak Betsukai Kasabas\u0131&#039;nda bulunan bir s\u00fct \u00e7ift\u00e7isiyiz. L\u00fctfen lezzetli pudinglerimizi ve dondurmalar\u0131m\u0131z\u0131 deneyin. Her g\u00fcn en sevdi\u011finiz s\u00fct\u00fc i\u00e7erek s\u00fct \u00e7ift\u00e7ili\u011fini desteklemenizi umuyoruz.<\/p>\n<figure class=\"wp-caption aligncenter\"><a href=\"https:\/\/photos.google.com\/share\/AF1QipO3FvUPvE0NpfT7opFBQN9YYu3GBjFv0HAoHZsqMY4sOGratv59zFnYabJK2LI3pA\/photo\/AF1QipO0cxuDETXYne7ErAxxTXddNC4KTVpkM28TiCI?key=RUpnV0Q3RGhXeGs4dTRLTW1takpwalNuc2lUcVdB\" target=\"_blank\" rel=\"noopener\"><img decoding=\"async\" src=\"https:\/\/lh3.googleusercontent.com\/pw\/AL9nZEW1V-dYYT_EqE6UL194J4pot3eQR8t2hrZWgVMLzEgCr4cj2_EsglL8UruvBcwGLpaNFJsQIS3ERKIxGIJBWnj161AJaSQPRjlBa50hc-PDo0c4sBSOZp8u8qtixJHF6tMnKxNIFLbLMvT2p-QJrvUl=w2000-h1500-no?authuser=0\" width=\"2000\" height=\"1500\" alt=\"Chienowa \u0130\u015f Kooperatifi Derne\u011fi\" class=\"size-full\" \/><\/a><figcaption class=\"wp-caption-text\">Chienowa \u0130\u015f Kooperatifi Derne\u011fi<\/figcaption><\/figure>\n<h4>Shiraoi Turizm \u0130\u015fletmeleri Derne\u011fi (Shiraoi Kasabas\u0131)<a href=\"http:\/\/shiraoi-tourism-and-commerce-co-op.com\/\" rel=\"noopener\" target=\"_blank\"><span style=\"color:blue; font-size:14pt; \">Ana sayfa<\/span><\/a><\/h4>\n<p>\u0130\u015fletmeleri Shiraoi Mintara adl\u0131 bir tesiste bulunuyordu ancak 2020 y\u0131l\u0131nda Shiraoi Upopoy&#039;un (Etnik Reform i\u00e7in Sembolik Alan) a\u00e7\u0131lmas\u0131yla ayn\u0131 tesiste bir kafe ve d\u00fckkan kurarak i\u015f hayat\u0131na at\u0131ld\u0131lar.<\/p>\n<p>Sergide \u00e7ok \u00e7e\u015fitli Aynu el sanatlar\u0131 \u00fcr\u00fcnleri yer alacak; bu \u00fcr\u00fcnleri incelemekten ve Aynu tarihi ve k\u00fclt\u00fcr\u00fc hakk\u0131nda bilgi edinmekten keyif alaca\u011f\u0131n\u0131z\u0131 umuyoruz.<\/p>\n<figure class=\"wp-caption aligncenter\"><a href=\"https:\/\/photos.google.com\/share\/AF1QipO3FvUPvE0NpfT7opFBQN9YYu3GBjFv0HAoHZsqMY4sOGratv59zFnYabJK2LI3pA\/photo\/AF1QipPeqCxRvpD5RrKTlFvyc9Tvauj6I6nX72U026k?key=RUpnV0Q3RGhXeGs4dTRLTW1takpwalNuc2lUcVdB\" target=\"_blank\" rel=\"noopener\"><img decoding=\"async\" src=\"https:\/\/lh3.googleusercontent.com\/pw\/AL9nZEXGam0OtRgHLaALzkIRzr2__fbqW3dkZlctaNfFk2OiaQwcLUqEaXqYZnPRF7znJdmRBxTAxb49H4gqW5P1qY6JReMHCIkNXB3H0H0dHD_OCmSbiv3scMJqmmVBXfWdC8LUqWOFhlT5LExg-UyAfkry=w2000-h1500-no?authuser=0\" width=\"2000\" height=\"1500\" alt=\"Shiraoi Turizm \u0130\u015fletmeleri Derne\u011fi\" class=\"size-full\" \/><\/a><figcaption class=\"wp-caption-text\">Shiraoi Turizm \u0130\u015fletmeleri Derne\u011fi<\/figcaption><\/figure>\n<h4>Hakodate \u0130stasyonu \u0130\u015fletme Derne\u011fi (Hakodate \u015eehri)<a href=\"https:\/\/asaichi-ekini.com\/union\/\" rel=\"noopener\" target=\"_blank\"><span style=\"color:blue; font-size:14pt; \">Ana sayfa<\/span><\/a><\/h4>\n<p>Hakodate deniz \u00fcr\u00fcnleri a\u00e7\u0131s\u0131ndan zengindir ve Hakodate Sabah Pazar\u0131 \u00fcnl\u00fcd\u00fcr. D\u00fckkan sahiplerinin \u00e7o\u011fu yerel toplulukla yak\u0131n ba\u011flar\u0131 olan ki\u015filerdir, bu y\u00fczden l\u00fctfen u\u011fray\u0131p y\u00fczlerini g\u00f6r\u00fcn ve baz\u0131 \u00fcr\u00fcnleri al\u0131rken yerel b\u00f6lgeyle ilgili hikayelerini dinleyin.<\/p>\n<figure class=\"wp-caption aligncenter\"><a href=\"https:\/\/photos.google.com\/share\/AF1QipO3FvUPvE0NpfT7opFBQN9YYu3GBjFv0HAoHZsqMY4sOGratv59zFnYabJK2LI3pA\/photo\/AF1QipOdyE43zk580jtV1SwkbAseg6JWQ5U9434-05s?key=RUpnV0Q3RGhXeGs4dTRLTW1takpwalNuc2lUcVdB\" target=\"_blank\" rel=\"noopener\"><img decoding=\"async\" src=\"https:\/\/lh3.googleusercontent.com\/pw\/AL9nZEWi-tAgXQCcEuYItaFL1xREnRZGVvMDzwAtPm-L45b4gEa-nmO1mhcKmZQfNKSqa9HrX5IPFuM4QKIcjHut-WDrFC4YhygWVwQCZvM3rbBy_bWdQrVttukVQICgFw1NLncBbDp87NX-KX_k-iyuMnKt=w2000-h1500-no?authuser=0\" width=\"2000\" height=\"1500\" alt=\"Hakodate \u0130stasyonu \u0130\u015fletme Derne\u011fi\" class=\"size-full\" \/><\/a><figcaption class=\"wp-caption-text\">Hakodate \u0130stasyonu \u0130\u015fletme Derne\u011fi<\/figcaption><\/figure>\n<h4>Refah Grubu \u0130\u015fletme Derne\u011fi (Kushiro \u015eehri)<a href=\"https:\/\/kusirowannko.wixsite.com\/walfaregroup\" rel=\"noopener\" target=\"_blank\"><span style=\"color:blue; font-size:14pt; \">Ana sayfa<\/span><\/a><\/h4>\n<p>Kushiro \u015eehri&#039;nde, fiziksel engelli insanlara i\u015f sa\u011flayan bir dernek kurdular ve el yap\u0131m\u0131 \u00fcr\u00fcnler \u00fcretip sat\u0131yorlar. Topluma katk\u0131da bulunan insanlard\u0131r. Umar\u0131m bir \u00fcr\u00fcn\u00fc, onu \u00fcreten insanlar\u0131 d\u00fc\u015f\u00fcnerek al\u0131rs\u0131n\u0131z.<\/p>\n<figure class=\"wp-caption aligncenter\"><a href=\"https:\/\/photos.google.com\/share\/AF1QipO3FvUPvE0NpfT7opFBQN9YYu3GBjFv0HAoHZsqMY4sOGratv59zFnYabJK2LI3pA\/photo\/AF1QipOhtRBAxg0LApZIm73zRw5_kxTdzyWlAWtgvZA?key=RUpnV0Q3RGhXeGs4dTRLTW1takpwalNuc2lUcVdB\" target=\"_blank\" rel=\"noopener\"><img decoding=\"async\" src=\"https:\/\/lh3.googleusercontent.com\/pw\/AL9nZEUhSNiNYp--dbGsrt9i29V-MLyZkFoLORZEK2I1-R_8A_ymtfcD6UgoVttBupPl3uCWvLsDc9g1ekN1pjs-68C6ta_hDYlSku4IqHO3_8MIvX-S2az7ASDg6PRJ3uMi-zRKBk45tLbKrvBejAnNTOj5=w2000-h1500-no?authuser=0\" width=\"2000\" height=\"1500\" alt=\"Refah Grubu\" class=\"size-full\" \/><\/a><figcaption class=\"wp-caption-text\">Refah Grubu<\/figcaption><\/figure>\n<h4>Sapporo \u015eehri S\u0131hhi Tesisat End\u00fcstrisi Kooperatif Derne\u011fi (Sapporo \u015eehri)<a href=\"https:\/\/www.sakkankyo.or.jp\/\" rel=\"noopener\" target=\"_blank\"><span style=\"color:blue; font-size:14pt; \">Ana sayfa<\/span><\/a><\/h4>\n<p>G\u00fcnl\u00fck ya\u015fam\u0131n can damar\u0131 olan su tesisat\u0131 i\u015finde yer al\u0131yoruz. G\u00fcnl\u00fck ya\u015fam\u0131m\u0131z\u0131 korumak i\u00e7in \u00e7al\u0131\u015f\u0131yoruz. Ayr\u0131ca, bir felaket durumunda acil su tedariklerine ve yo\u011fun kar ya\u011f\u0131\u015f\u0131 felaketlerine yan\u0131t vermek i\u00e7in de haz\u0131rl\u0131k yap\u0131yoruz. Afet s\u0131ras\u0131nda i\u015f birli\u011fi hakk\u0131nda bilgiler de dahil olmak \u00fczere g\u00fcnl\u00fck ya\u015fam i\u00e7in \u00f6nemli bilgiler duyman\u0131z\u0131 umuyoruz.<\/p>\n<figure class=\"wp-caption aligncenter\"><a href=\"https:\/\/photos.google.com\/share\/AF1QipO3FvUPvE0NpfT7opFBQN9YYu3GBjFv0HAoHZsqMY4sOGratv59zFnYabJK2LI3pA\/photo\/AF1QipMOlEvILOlBkYK5hP42W3sI8oKaWBI9wAQc8gU?key=RUpnV0Q3RGhXeGs4dTRLTW1takpwalNuc2lUcVdB\" target=\"_blank\" rel=\"noopener\"><img decoding=\"async\" src=\"https:\/\/lh3.googleusercontent.com\/pw\/AL9nZEWo3JThxtFXj6SpDpMNeUfz8GdZdkplTJDYBkeEh-mIUS5cdgKn1I2ObmhzJ-jBWe8C8M684ddy9hph2vBSj5RMqblNal-YO6mrOZMmSz08gk-m4D0-xw8AZjcK0n3A1JA5q5ZkDIDrE-gQVhwW0lWF=w2000-h1500-no?authuser=0\" width=\"2000\" height=\"1500\" alt=\"Sapporo \u015eehri S\u0131hhi Tesisat End\u00fcstrisi Kooperatif Birli\u011fi\" class=\"size-full\" \/><\/a><figcaption class=\"wp-caption-text\">Sapporo \u015eehri S\u0131hhi Tesisat End\u00fcstrisi Kooperatif Birli\u011fi<\/figcaption><\/figure>\n<h4>Hokkaido \u00c7i\u00e7ek Bayileri Kooperatifi Derne\u011fi (Sapporo \u015eehri)<a href=\"https:\/\/www.houjinbank.com\/corporations\/detail\/0742005000347\" rel=\"noopener\" target=\"_blank\"><span style=\"color:blue; font-size:14pt; \">Referans sayfas\u0131<\/span><\/a><\/h4>\n<p>G\u00fcnl\u00fck hayat\u0131n\u0131zda \u00e7i\u00e7eklere yer vererek g\u00fcnl\u00fck hayat\u0131n\u0131z\u0131n tad\u0131n\u0131 daha zengin bir \u015fekilde \u00e7\u0131karabilece\u011finizi umuyoruz. \u00c7i\u00e7ekler ne kadar g\u00fczelse, yarat\u0131mlar\u0131 o kadar emek gerektirir. Bu g\u00fczel \u00e7i\u00e7eklerin zarafetini takdir ederken, ayn\u0131 zamanda t\u00fcm bu \u00e7aban\u0131n birikimini hissedebilece\u011finizi umuyoruz.<\/p>\n<figure class=\"wp-caption aligncenter\"><a href=\"https:\/\/photos.google.com\/share\/AF1QipO3FvUPvE0NpfT7opFBQN9YYu3GBjFv0HAoHZsqMY4sOGratv59zFnYabJK2LI3pA\/photo\/AF1QipPDZ07gZy6IHyNoqX7ohhAjTwiWbKFlj1Ky3RY?key=RUpnV0Q3RGhXeGs4dTRLTW1takpwalNuc2lUcVdB\" target=\"_blank\" rel=\"noopener\"><img decoding=\"async\" src=\"https:\/\/lh3.googleusercontent.com\/pw\/AL9nZEXs124ODzjLgLo0HA1GAbniem9-FVY8MPCe-NZ_sK3k_nvjsU0zTw3QtR-Z1TyfeIwdu6SSVaepFcGftqI0GtgwDbgXx8a50EtGoBpjShcM7Cc0bWPmuhARI_J594KItVAvyIGVj3cDgeF4Wb4DPDIN=w2000-h1500-no?authuser=0\" width=\"2000\" height=\"1500\" alt=\"Hokkaido \u00c7i\u00e7ek Bayileri Kooperatif Derne\u011fi\" class=\"size-full\" \/><\/a><figcaption class=\"wp-caption-text\">Hokkaido \u00c7i\u00e7ek Bayileri Kooperatif Derne\u011fi<\/figcaption><\/figure>\n<h4>Hokkaido Etkinlik Tan\u0131t\u0131m Derne\u011fi (Sapporo \u015eehri)<a href=\"http:\/\/hepc.or.jp\/\" rel=\"noopener\" target=\"_blank\"><span style=\"color:blue; font-size:14pt; \">Ana sayfa<\/span><\/a><\/h4>\n<figure class=\"wp-caption aligncenter\"><a href=\"https:\/\/photos.google.com\/share\/AF1QipO3FvUPvE0NpfT7opFBQN9YYu3GBjFv0HAoHZsqMY4sOGratv59zFnYabJK2LI3pA\/photo\/AF1QipNW793nM23qc-QSGeIDS7_RW08LMO5ax9JGUAk?key=RUpnV0Q3RGhXeGs4dTRLTW1takpwalNuc2lUcVdB\" target=\"_blank\" rel=\"noopener\"><img decoding=\"async\" src=\"https:\/\/lh3.googleusercontent.com\/pw\/AL9nZEXxWRV7Q-Cg9X-Yl2BEtHPlZ_LUlJIvuAat37lGq9dhEDi4Er0_5l5P3p7MMRYqKGFc6JF2gJJPbiNZ7zKm7-F4tSz-jg9SqeoWI0Kk11fOGBP_erWgM1x212t12D7o53QY6zCAp8M404Op1YAmlVQy=w2000-h1500-no?authuser=0\" width=\"2000\" height=\"1500\" alt=\"Hokkaido Etkinlik Tan\u0131t\u0131m Derne\u011fi\" class=\"size-full\" \/><\/a><figcaption class=\"wp-caption-text\">Hokkaido Etkinlik Tan\u0131t\u0131m Derne\u011fi<\/figcaption><\/figure>\n<p>Bu ilk etkinli\u011fe ev sahipli\u011fi yaparken, Etkinlik Tan\u0131t\u0131m Derne\u011fi&#039;nin bilgi birikimini kullanarak rehberlik ve destek ald\u0131k. Gelecekte \u00e7e\u015fitli etkinlikler \u00fcstlenmeye devam edece\u011fiz, bu nedenle devam eden deste\u011finiz i\u00e7in te\u015fekk\u00fcr ederiz.<\/p>\n<p>Kat\u0131l\u0131mc\u0131 14 dernek, yerel vatanda\u015flar\u0131n hayatlar\u0131n\u0131 korumak i\u00e7in her g\u00fcn toplum temelli faaliyetlerde s\u0131k\u0131 bir \u015fekilde \u00e7al\u0131\u015f\u0131yor, bu nedenle deste\u011finizi s\u00fcrd\u00fcrmenizi rica ediyoruz. L\u00fctfen sohbetin tad\u0131n\u0131 \u00e7\u0131karmak i\u00e7in kalan zaman\u0131n\u0131z\u0131 ay\u0131r\u0131n!&#039; dedi Nakajo.<\/p>\n<h4>Merkez Dernek personeli taraf\u0131ndan piyango k\u00f6\u015fesi<\/h4>\n<figure class=\"wp-caption aligncenter\"><a href=\"https:\/\/photos.google.com\/share\/AF1QipO3FvUPvE0NpfT7opFBQN9YYu3GBjFv0HAoHZsqMY4sOGratv59zFnYabJK2LI3pA\/photo\/AF1QipPh-_41JXMR5oReD15a6OHKjRQz5XUyn3zAZHY?key=RUpnV0Q3RGhXeGs4dTRLTW1takpwalNuc2lUcVdB\" target=\"_blank\" rel=\"noopener\"><img decoding=\"async\" src=\"https:\/\/lh3.googleusercontent.com\/pw\/AL9nZEXXV96TDQB-Vv6ucI5OmwnfNvPK5jEDDZe1hg2F2KsVgAU4BIOtCjzioVzjqhcbNe5UoUk2WMi_20IU1dH6oFIXypIX1-AKM6VLCdMa6d-rRFzK3CbzNxdYenw2SeGTw1zYCdLgf81XGPpGqMlFBkg5=w2000-h1500-no?authuser=0\" width=\"2000\" height=\"1500\" alt=\"Anket\" class=\"size-full\" \/><\/a><figcaption class=\"wp-caption-text\">Anket<\/figcaption><\/figure>\n<figure class=\"wp-caption aligncenter\"><a href=\"https:\/\/photos.google.com\/share\/AF1QipO3FvUPvE0NpfT7opFBQN9YYu3GBjFv0HAoHZsqMY4sOGratv59zFnYabJK2LI3pA\/photo\/AF1QipMHR90GBURz4h9Cxht9AZ5WfnHpRuQ6Qq01sb8?key=RUpnV0Q3RGhXeGs4dTRLTW1takpwalNuc2lUcVdB\" target=\"_blank\" rel=\"noopener\"><img decoding=\"async\" src=\"https:\/\/lh3.googleusercontent.com\/pw\/AL9nZEUbF05Eyh8WD38QMqMzQEqYttCbtW7Im60CAxQ-1r0v3LtImOGm4i9ehQWkAZLPHj4uwIZ7Hw1gdwMAAri661AxSrcyMTC865Zu77Db3EAZnREBJCGXNsVXm9oY92BanmoyB3DTf82jeHjwVjBxa5FO=w2000-h1500-no?authuser=0\" width=\"2000\" height=\"1500\" alt=\"Merkez Dernek personeli taraf\u0131ndan piyango k\u00f6\u015fesi\" class=\"size-full\" \/><\/a><figcaption class=\"wp-caption-text\">Merkez Dernek personeli taraf\u0131ndan piyango k\u00f6\u015fesi<\/figcaption><\/figure>\n<figure class=\"wp-caption aligncenter\"><a href=\"https:\/\/photos.google.com\/share\/AF1QipO3FvUPvE0NpfT7opFBQN9YYu3GBjFv0HAoHZsqMY4sOGratv59zFnYabJK2LI3pA\/photo\/AF1QipN-v0T74anMH1Q0zqeDheWXxwNFrzNeEgTtKzg?key=RUpnV0Q3RGhXeGs4dTRLTW1takpwalNuc2lUcVdB\" target=\"_blank\" rel=\"noopener\"><img decoding=\"async\" src=\"https:\/\/lh3.googleusercontent.com\/pw\/AL9nZEVYKtMKxuUT1CRk_nzGExUHdx1cDWgNJBVhWWOeYc-6m-xABYcYgW7gAmNGQEtU_yTulS5jXZXeXkLdYpNgCtho6T9QKW6Umvb3d84bbD18D0XUwAukNYZGsjwm7RjPez5_FJYkLHHNaIXk_8LbIFBS=w2000-h1500-no?authuser=0\" width=\"2000\" height=\"1500\" alt=\"Bir Dorayaki kazan\u0131n!\" class=\"size-full\" \/><\/a><figcaption class=\"wp-caption-text\">Bir Dorayaki kazan\u0131n!<\/figcaption><\/figure>\n<h2>Kapan\u0131\u015f konu\u015fmas\u0131: Hokkaido K\u00fc\u00e7\u00fck \u0130\u015fletme Dernekleri Federasyonu Genel Sekreteri Makoto Karame<\/h2>\n<figure class=\"wp-caption aligncenter\"><a href=\"https:\/\/photos.google.com\/share\/AF1QipO3FvUPvE0NpfT7opFBQN9YYu3GBjFv0HAoHZsqMY4sOGratv59zFnYabJK2LI3pA\/photo\/AF1QipMR9y9ddtcEF_gS_cSGBi40I1DdA21uvAPR6OY?key=RUpnV0Q3RGhXeGs4dTRLTW1takpwalNuc2lUcVdB\" target=\"_blank\" rel=\"noopener\"><img decoding=\"async\" src=\"https:\/\/lh3.googleusercontent.com\/pw\/AL9nZEUhNYtteDSScjFgzUfXRFB6Er7iyPz-2PwbcKgmF4LPF3NMsuGdagmwdDDBfjAunmBG5K9RBYcp9_-Vs7yKrwGw8lKu9kNkvNHa6bqyIuYBDdjXHQoEw0BpRBb_bKGtXZR0BRhGbwe4dyLuKq6mVD0y=w2000-h1500-no?authuser=0\" width=\"2000\" height=\"1500\" alt=\"Kapan\u0131\u015f Toplant\u0131s\u0131\" class=\"size-full\" \/><\/a><figcaption class=\"wp-caption-text\">Kapan\u0131\u015f Toplant\u0131s\u0131<\/figcaption><\/figure>\n<figure class=\"wp-caption aligncenter\"><a href=\"https:\/\/photos.google.com\/share\/AF1QipO3FvUPvE0NpfT7opFBQN9YYu3GBjFv0HAoHZsqMY4sOGratv59zFnYabJK2LI3pA\/photo\/AF1QipNunSJthm4-Xa9hEBpXa7646E_MFHh2KEIUwfg?key=RUpnV0Q3RGhXeGs4dTRLTW1takpwalNuc2lUcVdB\" target=\"_blank\" rel=\"noopener\"><img decoding=\"async\" src=\"https:\/\/lh3.googleusercontent.com\/pw\/AL9nZEUP8sYBccK6LawnCGQvonyfSzbOiYWBq__25swYijNBbztSnRygqVnWekK1G1VXJrkuv_1ZNgY79n3egMT9oSaISH_JZt2LPdCgQwZ9cWt2aP-gzUcHMolDiI_KaGATmRMOan4A3FTnFQiczEIuJVJx=w1712-h1284-no?authuser=0\" width=\"1712\" height=\"1284\" alt=\"Makoto Karame, Genel Sekreter, Hokkaido K\u00fc\u00e7\u00fck \u0130\u015fletme Dernekleri Federasyonu\" class=\"size-full\" \/><\/a><figcaption class=\"wp-caption-text\">Makoto Karame, Genel Sekreter, Hokkaido K\u00fc\u00e7\u00fck \u0130\u015fletme Dernekleri Federasyonu<\/figcaption><\/figure>\n<p>&quot;S\u0131k\u0131 \u00e7al\u0131\u015fman\u0131z i\u00e7in te\u015fekk\u00fcr ederiz! \u0130ki g\u00fcn boyunca bekledi\u011fimizden \u00e7ok daha fazla insan geldi. Herkesin i\u015fbirli\u011fi sayesinde harika bir etkinlik d\u00fczenleyebildik. \u00c7ok te\u015fekk\u00fcr ederiz.<\/p>\n<p>Etkinlik s\u0131ras\u0131nda iki g\u00fcn boyunca y\u00fcr\u00fct\u00fclen pul mitingi anketine 570 yan\u0131t toplad\u0131k. Yan\u0131tlardan baz\u0131lar\u0131n\u0131 tan\u0131tmak istiyoruz.<br \/>\n\u3000<\/p>\n<ul>\n<li>\u00c7e\u015fitli \u00fcr\u00fcnler sat\u0131n alabildi\u011fim i\u00e7in mutluydum.<\/li>\n<li>\u00d6\u011frenirken e\u011flendim<\/li>\n<li>Her stantta g\u00f6revli personelin verdi\u011fi a\u00e7\u0131klamalar detayl\u0131 ve faydal\u0131yd\u0131.<\/li>\n<li>Bilmedi\u011fim bir grup hakk\u0131nda bilgi edinmek iyi oldu.<\/li>\n<li>Bir dahaki sefere tekrar kat\u0131lmak istiyorum<\/li>\n<li>Deneyimlemek e\u011flenceliydi<\/li>\n<li>Uzaklardan edinemedi\u011fim bilgiye ula\u015fabildi\u011fim i\u00e7in mutluyum.<\/li>\n<\/ul>\n<p>\u00c7e\u015fitli g\u00f6r\u00fc\u015fler ald\u0131k, \u00f6rne\u011fin:<\/p>\n<p>Bu etkinli\u011fin amac\u0131, yerel topluluklarda k\u00f6k salm\u0131\u015f ve Hokkaido genelinde enerjik bir \u015fekilde \u00e7al\u0131\u015fan kooperatifler hakk\u0131nda bilgileri yayg\u0131n bir \u015fekilde yaymakt\u0131. \u0130lk hedefimize ula\u015ft\u0131\u011f\u0131m\u0131za inan\u0131yorum.<\/p>\n<p>Ancak bu ilk denememiz oldu\u011fu i\u00e7in bir\u00e7ok olumsuzluk oldu\u011funu anl\u0131yoruz. Bu deneyime dayanarak, gelecek y\u0131lki ikinci etkinli\u011fin planlamas\u0131na devam etmek istiyoruz. Doyurucu bir etkinlik i\u00e7in haz\u0131rl\u0131klar\u0131m\u0131za devam edece\u011fiz, bu nedenle art arda etkinliklere kat\u0131lman\u0131z\u0131 umuyoruz.<\/p>\n<p>Son olarak sendikan\u0131z\u0131n ba\u015far\u0131lar\u0131n\u0131n devam\u0131n\u0131 ve t\u00fcm \u00e7al\u0131\u015fanlar\u0131na sa\u011fl\u0131k diliyorum.<\/p>\n<p>Genel Sekreter Karame, ``Son iki g\u00fcn boyunca eme\u011fi ge\u00e7en herkese \u00e7ok te\u015fekk\u00fcr ederim!&#039;&#039; diyerek te\u015fekk\u00fcrlerini iletti.<\/p>\n<figure class=\"wp-caption aligncenter\"><a href=\"https:\/\/photos.google.com\/share\/AF1QipO3FvUPvE0NpfT7opFBQN9YYu3GBjFv0HAoHZsqMY4sOGratv59zFnYabJK2LI3pA\/photo\/AF1QipMt5o3HFG_XViWfdCZgw1bdiKJ1DGQXAiu9sPE?key=RUpnV0Q3RGhXeGs4dTRLTW1takpwalNuc2lUcVdB\" target=\"_blank\" rel=\"noopener\"><img decoding=\"async\" src=\"https:\/\/lh3.googleusercontent.com\/pw\/AL9nZEVgM1PmhdYhmYeL8KBY9OoHRm1y8Rsar4MpGr8twDzvKTYDNdRHYVG0mFLw88NsOZ5hPWFF7DLRyRGpDUBaY2tGPxKYIduuYuwfFEET8iMV1QowCT48_9M6bnY6pdXERSd9ji8SbW-sMH0mnP8R1iGX=w2000-h1500-no?authuser=0\/\" width=\"2000\" height=\"1500\" alt=\"Kumiai Festivali&#039;ne \u015f\u00fckranla!\" class=\"size-full\" \/><\/a><figcaption class=\"wp-caption-text\">Kumiai Festivali&#039;ne \u015f\u00fckranla!<\/figcaption><\/figure>\n<p>Hokkaido&#039;daki k\u00fc\u00e7\u00fck ve orta \u00f6l\u00e7ekli i\u015fletmelerin her g\u00fcn s\u0131k\u0131 bir \u015fekilde \u00e7al\u0131\u015farak, topluma ba\u011fl\u0131 kalarak ve yerel halkla yak\u0131n ba\u011flar\u0131n\u0131 koruyarak g\u00f6sterdikleri tutkuyu ve g\u00fc\u00e7l\u00fc enerjiyi hissedebildi\u011fimiz harika iki g\u00fcn ge\u00e7irdik.<\/p>\n<p>Her \u015firketin ve kurulu\u015fun harika faaliyetlerini \u00f6\u011frenmek, heyecanlar\u0131n\u0131 ve sevin\u00e7lerini payla\u015fmak ve bu harika ba\u011flant\u0131y\u0131 kurma f\u0131rsat\u0131na sahip olmak i\u00e7in ger\u00e7ekten minnettar\u0131m! \u00c7ok te\u015fekk\u00fcr ederim!<br \/>\n\u3000<br \/>\n&quot;Kumiai Festivali&quot; Hokkaido&#039;daki k\u00fc\u00e7\u00fck ve orta \u00f6l\u00e7ekli i\u015fletme derneklerini bir araya getiriyor ve onlar\u0131n tutkulu enerjilerini \u00e7e\u015fitli i\u015fletmelerini tan\u0131tmak i\u00e7in kullan\u0131yor!!!<br \/>\nHer birinin cazibesini g\u00f6rebilece\u011finiz, duyabilece\u011finiz, etkile\u015fimde bulunabilece\u011finiz ve tam anlam\u0131yla takdir edebilece\u011finiz harika bir mekand\u0131!<br \/>\nS\u0131n\u0131rs\u0131z sevgi, \u015f\u00fckran ve dualar\u0131m\u0131zla Kumiai Festivali&#039;nin \u015firketler ve insanlar aras\u0131nda harika ba\u011flant\u0131lar kuran bir g\u00f6kku\u015fa\u011f\u0131 k\u00f6pr\u00fcs\u00fc olmas\u0131n\u0131 diliyoruz.<br \/>\n\u3000<br \/>\n<figure class=\"wp-caption aligncenter\"><a href=\"https:\/\/photos.google.com\/share\/AF1QipO3FvUPvE0NpfT7opFBQN9YYu3GBjFv0HAoHZsqMY4sOGratv59zFnYabJK2LI3pA\/photo\/AF1QipP1H-ZKCj33tQf37XoGYtyyD3MRvj6MxLekaFM?key=RUpnV0Q3RGhXeGs4dTRLTW1takpwalNuc2lUcVdB\" target=\"_blank\" rel=\"noopener\"><img decoding=\"async\" src=\"https:\/\/lh3.googleusercontent.com\/pw\/AL9nZEXxKorGSYxooGUThzVfYUsQRX8Y-vUzon0BN4IONfBo-zA7PF3YN2lBfCfn7Gp13vy5erK9XeUDzbgKqiL9W3UNXqJkBcCZ-8Dlz_w1F88GzN5_ykvXrX4S0wzmr9SXnTrSNgAqTqMf2Dt3tRv1-hEe=w2000-h1500-no?authuser=0\" width=\"2000\" height=\"1500\" alt=\"Sapporo&#039;daki Kita 3-jo Meydan\u0131&#039;nda (Akapla) sonbahar manzaras\u0131\" class=\"size-full\" \/><\/a><figcaption class=\"wp-caption-text\">Sapporo&#039;daki Kita 3-jo Meydan\u0131&#039;nda (Akapla) sonbahar manzaras\u0131<\/figcaption><\/figure>\n<h2>Devam eden etkinlikler hakk\u0131nda bilgi: Facebook sayfas\u0131 &quot;Hokuryu Kasabas\u0131 Hazineleri&quot;<\/h2>\n<p><center><iframe src=\"https:\/\/www.facebook.com\/plugins\/post.php?href=https%3A%2F%2Fwww.facebook.com%2Fhokuryunow%2Fposts%2Fpfbid02zP11VgCZDkEkFAtExVsgzqqUyT3EFMoiwE1QaFzeaHhntGMs1Q4dKFodVmZDtMgbl&#038;show_text=true&#038;width=650\" width=\"650\" height=\"930\" style=\"border:none;overflow:hidden\" scrolling=\"no\" frameborder=\"0\" allowfullscreen=\"true\" allow=\"autoplay; clipboard-write; encrypted-media; picture-in-picture; web-share\"><\/iframe><\/center><\/p>\n<p><center><iframe src=\"https:\/\/www.facebook.com\/plugins\/post.php?href=https%3A%2F%2Fwww.facebook.com%2Fhokuryunow%2Fposts%2Fpfbid0Qvmv4JUhEqj6ozfinNyNp2TyWdATPVv7P1SbdrC4VA94fKQV7mp9Bkwgx5jT7onjl&#038;show_text=true&#038;width=650\" width=\"650\" height=\"956\" style=\"border:none;overflow:hidden\" scrolling=\"no\" frameborder=\"0\" allowfullscreen=\"true\" allow=\"autoplay; clipboard-write; encrypted-media; picture-in-picture; web-share\"><\/iframe><\/center><\/p>\n<p><center><iframe src=\"https:\/\/www.facebook.com\/plugins\/post.php?href=https%3A%2F%2Fwww.facebook.com%2Fhokuryunow%2Fposts%2Fpfbid07cb5AmgzsxRrg8ynPTjegaSG4kAow2PxKk28bov3cuWivcse3X86KxuQeh8LYwuZl&#038;show_text=true&#038;width=650\" width=\"650\" height=\"930\" style=\"border:none;overflow:hidden\" scrolling=\"no\" frameborder=\"0\" allowfullscreen=\"true\" allow=\"autoplay; clipboard-write; encrypted-media; picture-in-picture; web-share\"><\/iframe><\/center><\/p>\n<h2>Di\u011fer foto\u011fraflar<\/h2>\n<div class=\"img-move\">\n<img decoding=\"async\" src=\"https:\/\/ehokkaido.net\/wp-content\/uploads\/2021\/12\/2021-12-06-11.41.12.png\" style=\"vertical-align:middle;\"> <a href=\"https:\/\/photos.app.goo.gl\/BbwGoq1CCCa5qncV7\" target=\"_blank\" rel=\"noopener noreferrer\">Kumiai Festivali @ Chikaho 2022&#039;den (Hokkaido K\u00fc\u00e7\u00fck ve Orta \u00d6l\u00e7ekli \u0130\u015fletme Dernekleri Federasyonu taraf\u0131ndan d\u00fczenlenmektedir) foto\u011fraflar (150 foto\u011fraf) burada &gt;&gt;<\/a><\/div>\n<h2>Youtube videolar\u0131<\/h2>\n<div class=\"youtube\"><iframe title=\"Kurosengoku \u0130\u015fletme Kooperatifi (Hokuryu Kasabas\u0131, Hokkaido) Kumiai Festivali @ Chikaho 2022&#039;ye kat\u0131lacak (Hokkaido K\u00fc\u00e7\u00fck ve Orta \u00d6l\u00e7ekli \u0130\u015fletmeler Dernekleri Federasyonu taraf\u0131ndan desteklenmektedir)!\" src=\"https:\/\/www.youtube.com\/embed\/q194zQGGKdQ?feature=oembed\" frameborder=\"0\" allow=\"accelerometer; autoplay; clipboard-write; encrypted-media; gyroscope; picture-in-picture\" allowfullscreen><\/iframe><\/div>\n<h2>\u0130lgili Makaleler\/Siteler<\/h2>\n\n        <div class=\"site-blogcard-premium\">\n            <div class=\"bc-label-custom\">\u0130lgili makaleler<\/div>\n            <div class=\"bc-flex-container\">\n                <div class=\"bc-main-text\">\n                    <div class=\"bc-title-link-box\">\n                        <a href=\"https:\/\/portal.hokuryu.info\/tr\/25429\/\" target=\"_blank\">https:\/\/portal.hokuryu.info\/25429<\/a>\n                    <\/div>\n                    <div class=\"bc-excerpt-box\">Sayfa bilgileri al\u0131namad\u0131.<\/div>\n                <\/div>\n                <div class=\"bc-thumbnail-box\">\n                    <a href=\"https:\/\/portal.hokuryu.info\/tr\/25429\/\" target=\"_blank\">\n                        <div class=\"bc-img-zoom-wrap\">\n                            <img decoding=\"async\" src=\"https:\/\/portal.hokuryu.info\/wp\/wp-content\/uploads\/2026\/02\/20230802DSC06445_1.jpg\" alt=\"https:\/\/portal.hokuryu.info\/25429\">\n                        <\/div>\n                    <\/a>\n                <\/div>\n            <\/div>\n        <\/div>\n<div class=\"img-move\">\n<div class=\"sitecard\">\n<div class=\"sitecard__subtitle\"> Kurosengoku \u0130\u015f Kooperatifi Derne\u011fi<\/div>\n<div class=\"column column-273\">\n<div class=\"column__item\"><span style=\"font-size:medium\">Kurosengoku soya fasulyesi tatl\u0131 ve zengin bir tada sahiptir ve siyah kabuklar\u0131na ra\u011fmen ye\u015fil ete sahip olmalar\u0131yla karakterize edilir. K\u00fc\u00e7\u00fck, besin de\u011feri dengeli bir s\u00fcper besin! ! !<\/span><br \/>\n<span style=\"color: #ff9900\">\u25b6<\/span> <a href=\"https:\/\/kurosengoku.or.jp\/\" target=\"_blank\" rel=\"noopener\"><b style=\"font-size:large\">Kurosengoku \u0130\u015f Kooperatifleri Birli\u011fi Do\u011frudan \u00c7evrimi\u00e7i Ma\u011faza &gt;&gt;<\/b><\/div>\n<div class=\"column__item\"><img decoding=\"async\" src=\"https:\/\/lh3.googleusercontent.com\/pw\/AM-JKLWNWJFImAmp1PfKwfI58vH_sLgmN8vbY-5K81_DP6Xx1z43KsaIhYalSkj00KRHHCX0P9g69a7fX48J-2WzJBy-pPG5DkIHYkDILY8I4eOL-HGXiW8twsF91oVVPPW_kRFu2FRKL4Plfohni5Y52bLIeQ=w438-h382-no?authuser=0\" alt=\"Kurosengoku \u0130\u015f Kooperatifi Derne\u011fi\" \/><\/a><\/div>\n<\/div>\n<\/div>\n<\/div>\n\n\n        <div class=\"site-blogcard-premium\">\n            <div class=\"bc-label-custom\">\u0130lgili makaleler<\/div>\n            <div class=\"bc-flex-container\">\n                <div class=\"bc-main-text\">\n                    <div class=\"bc-title-link-box\">\n                        <a href=\"https:\/\/www.h-chuokai.or.jp\" target=\"_blank\">Hokkaido K\u00fc\u00e7\u00fck ve Orta \u00d6l\u00e7ekli \u0130\u015fletmeler Dernekleri Federasyonu<\/a>\n                    <\/div>\n                    <div class=\"bc-excerpt-box\"><\/div>\n                <\/div>\n                <div class=\"bc-thumbnail-box\">\n                    <a href=\"https:\/\/www.h-chuokai.or.jp\" target=\"_blank\">\n                        <div class=\"bc-img-zoom-wrap\">\n                            <img decoding=\"async\" src=\"https:\/\/h-chuokai.or.jp\/wp-content\/uploads\/2023\/02\/\u5317\u6d77\u9053\u4e2d\u5c0f\u4f01\u696d-3-e1677038725129.png\" alt=\"Hokkaido K\u00fc\u00e7\u00fck ve Orta \u00d6l\u00e7ekli \u0130\u015fletmeler Dernekleri Federasyonu\">\n                        <\/div>\n                    <\/a>\n                <\/div>\n            <\/div>\n        <\/div>\n<p>\u25c7 \u00c7ekim ve kurgu: Noboru Terauchi R\u00f6portaj ve metin: Ikuko Terauchi<\/p>","protected":false},"excerpt":{"rendered":"<p>\uff12\uff10\uff12\uff12\u5e74\uff11\uff11\u6708\uff12\u65e5\uff08\u6c34\uff09 \uff11\uff10\u6708\uff12\uff19\u65e5\uff08\u571f\uff09\u30fb\uff13\uff10\u65e5\uff08\u65e5\uff09\u306e\uff12\u65e5\u9593\u3001\u672d\u5e4c\u99c5\u524d\u5730\u4e0b\u6b69\u884c\u7a7a\u9593\u30fb\u30c1\u30ab\u30db\u5317\uff13\u6761\u4ea4\u5dee\u70b9\u5e83\u5834\u306b\u3066\u3001\u5317\u6d77\u9053\u4e2d\u5c0f\u4f01\u696d\u56e3\u4f53\u4e2d\u592e\u4f1a\u304c\u4e3b\u50ac\u3059\u308b\u300c\u304f\u307f\u3042\u3044\u796d\u308a\u300d\u304c\u958b\u50ac\u3055\u308c\u307e\u3057\u305f\u3002 \u304f\u307f\u3042\u3044\u796d [&hellip;]<\/p>\n","protected":false},"author":1,"featured_media":25809,"comment_status":"open","ping_status":"open","sticky":false,"template":"","format":"standard","meta":{"footnotes":""},"categories":[4,9],"tags":[],"class_list":["post-25797","post","type-post","status-publish","format-standard","has-post-thumbnail","hentry","category-cover-story","category-kurosengoku"],"_links":{"self":[{"href":"https:\/\/portal.hokuryu.info\/tr\/wp-json\/wp\/v2\/posts\/25797","targetHints":{"allow":["GET"]}}],"collection":[{"href":"https:\/\/portal.hokuryu.info\/tr\/wp-json\/wp\/v2\/posts"}],"about":[{"href":"https:\/\/portal.hokuryu.info\/tr\/wp-json\/wp\/v2\/types\/post"}],"author":[{"embeddable":true,"href":"https:\/\/portal.hokuryu.info\/tr\/wp-json\/wp\/v2\/users\/1"}],"replies":[{"embeddable":true,"href":"https:\/\/portal.hokuryu.info\/tr\/wp-json\/wp\/v2\/comments?post=25797"}],"version-history":[{"count":0,"href":"https:\/\/portal.hokuryu.info\/tr\/wp-json\/wp\/v2\/posts\/25797\/revisions"}],"wp:featuredmedia":[{"embeddable":true,"href":"https:\/\/portal.hokuryu.info\/tr\/wp-json\/wp\/v2\/media\/25809"}],"wp:attachment":[{"href":"https:\/\/portal.hokuryu.info\/tr\/wp-json\/wp\/v2\/media?parent=25797"}],"wp:term":[{"taxonomy":"category","embeddable":true,"href":"https:\/\/portal.hokuryu.info\/tr\/wp-json\/wp\/v2\/categories?post=25797"},{"taxonomy":"post_tag","embeddable":true,"href":"https:\/\/portal.hokuryu.info\/tr\/wp-json\/wp\/v2\/tags?post=25797"}],"curies":[{"name":"wp","href":"https:\/\/api.w.org\/{rel}","templated":true}]}}