{"id":24676,"date":"2022-10-04T14:03:49","date_gmt":"2022-10-04T05:03:49","guid":{"rendered":"https:\/\/portal.hokuryu.info\/?p=24676"},"modified":"2022-10-11T08:31:49","modified_gmt":"2022-10-10T23:31:49","slug":"sapporo-sonbahar-festivali-2022-hokuryu-kasaba-standi-8-blok","status":"publish","type":"post","link":"https:\/\/portal.hokuryu.info\/tr\/24676\/","title":{"rendered":"Sapporo Sonbahar Festivali 2022, Hokuryucho Stand\u0131&#039;na (8. Chome Mekan\u0131) kat\u0131lan herkese te\u015fekk\u00fcr ederiz!"},"content":{"rendered":"<p>Sal\u0131, 4 Ekim 2022<\/p>\n<p>Odori Park&#039;ta (Sapporo \u015eehri) d\u00fczenlenen bir Hokkaido yemek etkinli\u011fi olan Sapporo Sonbahar Festivali, COVID-19 salg\u0131n\u0131n\u0131n etkisi nedeniyle bu y\u0131l \u00fc\u00e7 y\u0131l aradan sonra ilk kez d\u00fczenlendi (2020-2021 y\u0131llar\u0131 aras\u0131nda \u00e7evrimi\u00e7i olarak d\u00fczenlenecek).<\/p>\n<h2>Sapporo Sonbahar Festivali<\/h2>\n<p>Sapporo Sonbahar Festivali 2008 y\u0131l\u0131nda (Heisei 20) ba\u015flad\u0131. Bu y\u0131l, 2022 (Reiwa 4), Sapporo-M\u00fcnih karde\u015f \u015fehir ili\u015fkisinin 50. y\u0131l d\u00f6n\u00fcm\u00fcn\u00fc kutluyor.<br \/>\n\ufffc<br \/>\n<figure class=\"wp-caption aligncenter\"><a href=\"https:\/\/photos.google.com\/share\/AF1QipMb1m3f1F0yPF3O3CClGYcjaWWUh-ifI5LhgBmuZaqjb_4N9ipbD8lLjNM3EbiFLw\/photo\/AF1QipOzBtUOHLl3dk9tKtgZO7lXyCmyc31jDeYGCyk?key=TWFBVTJFNVJtNE5NeVU5SFdJam1XX1NsaXBYTGln\" target=\"_blank\" rel=\"noopener\"><img decoding=\"async\" src=\"https:\/\/lh3.googleusercontent.com\/pw\/AL9nZEXpSdcciRKVJdrs4l84LRcO9Z9wNq01Yhs7Bnyp9JFZxU4Y-xtoL3Yy1i6rDhfy6i2BwXJPSSvRTcrPszVvC2fBtV0nBC7rXlYMi-77QUUBRfN3Z1vAogltQeOUWITtbxUlqkc1hVDmdNOsgVmwKXDm=w1134-h1600-no?authuser=0\" width=\"400\" alt=\"Sapporo Sonbahar Festivali 2022\" class=\"size-full\" style=\"border:solid 1px blue\"\/><\/a><figcaption class=\"wp-caption-text\">Sapporo Sonbahar Festivali 2022<\/figcaption><\/figure>\n\n        <div class=\"site-blogcard-premium\">\n            <div class=\"bc-label-custom\">\u0130lgili makaleler<\/div>\n            <div class=\"bc-flex-container\">\n                <div class=\"bc-main-text\">\n                    <div class=\"bc-title-link-box\">\n                        <a href=\"https:\/\/www.sapporo-autumnfest.jp\" target=\"_blank\">https:\/\/www.sapporo-autumnfest.jp<\/a>\n                    <\/div>\n                    <div class=\"bc-excerpt-box\">Sayfa bilgileri al\u0131namad\u0131.<\/div>\n                <\/div>\n                <div class=\"bc-thumbnail-box\">\n                    <a href=\"https:\/\/www.sapporo-autumnfest.jp\" target=\"_blank\">\n                        <div class=\"bc-img-zoom-wrap\">\n                            <img decoding=\"async\" src=\"https:\/\/portal.hokuryu.info\/wp\/wp-content\/uploads\/2026\/02\/20230802DSC06445_1.jpg\" alt=\"https:\/\/www.sapporo-autumnfest.jp\">\n                        <\/div>\n                    <\/a>\n                <\/div>\n            <\/div>\n        <\/div>\n<h3>T\u00fcm 8 mekan<\/h3>\n<p>Sapporo&#039;da sonbaharda d\u00fczenlenecek olan bu b\u00fcy\u00fck etkinlik, 9 Eyl\u00fcl Cuma g\u00fcn\u00fcnden 1 Ekim Cumartesi g\u00fcn\u00fcne kadar 23 g\u00fcn boyunca Odori Park&#039;taki 4. chome mekan\u0131ndan 11. chome mekan\u0131na ve \u00f6zel mekana kadar sekiz farkl\u0131 mekanda d\u00fczenlenecek.<br \/>\n\u3000<\/p>\n<ul>\n<li><strong>4. Chome Mekan\u0131:<\/strong>Sapporo Welcome Park: Misafirperverlik ve bilgi yay\u0131l\u0131m\u0131<\/li>\n<li><strong>5. Chome Mekan\u0131:<\/strong>HOKKAIDO Ramen Festivali 2022, Sapporo ve Kuidaore Hiroba&#039;da<\/li>\n<li><strong>6. Chome Mekan\u0131:<\/strong>Mavi G\u00f6ky\u00fcz\u00fc x Y\u0131ld\u0131zl\u0131 G\u00f6ky\u00fcz\u00fc Hasat Festivali 6. Sokak Hasat Pazar\u0131<\/li>\n<li><strong>7. Chome Mekan\u0131:<\/strong>Odori Park 7. Sokak BAR<\/li>\n<li><strong>8. Sokak:<\/strong>Sapporo Odori Hokkaido Meydan\u0131<\/li>\n<li><strong>10. Chome mekan\u0131:<\/strong>AH! R\u00fcya \u00c7iftli\u011fi &quot;Et 10. Sokak&quot;<\/li>\n<li><strong>11. Sokak Mekan\u0131:<\/strong>Sonbahar = Yiyecek Talebi A\u015famas\u0131 =<\/li>\n<li><strong>\u00d6zel Mekan (Soseigawa Tanuki Nijo Meydan\u0131):<\/strong>= \u0130\u00e7me ve yeme festivali =<\/li>\n<\/ul>\n<figure class=\"wp-caption aligncenter\"><a href=\"https:\/\/photos.google.com\/share\/AF1QipMb1m3f1F0yPF3O3CClGYcjaWWUh-ifI5LhgBmuZaqjb_4N9ipbD8lLjNM3EbiFLw\/photo\/AF1QipNsmkZq6IxDbPi8ML-lYhPJQkhtu_LMUMSGcOI?key=TWFBVTJFNVJtNE5NeVU5SFdJam1XX1NsaXBYTGln\" target=\"_blank\" rel=\"noopener\"><img decoding=\"async\" src=\"https:\/\/lh3.googleusercontent.com\/pw\/AL9nZEVRXFlKNU-vuS3teElLjAXUcOPerc3IpxpVbSzZAD6Tk3bn3YVGuGpOhExZ1pVwndspQDgxDVAAUR-CZOqB5kIucNnL4kMA40gsnNytp_mrIhMb7FfjRn6KL6SfaAfBe4aFuLjV7nQIZENj1Jn93D2v=w1332-h1272-no?authuser=0\" width=\"1332\" height=\"1272\" alt=\"Sapporo \u015fehir merkezi haritas\u0131\" class=\"size-full\" style=\"border:solid 1px blue\" \/><\/a><figcaption class=\"wp-caption-text\">Sapporo \u015fehir merkezi haritas\u0131<\/figcaption><\/figure>\n<h3>Hokuryu Kasabas\u0131 4. periyotta 8. blok mekan\u0131nda ma\u011faza a\u00e7acak.<\/h3>\n<p>8. bloktaki &quot;Sapporo Odori Hokkaido Plaza&quot; alan\u0131nda, etkinlik boyunca Hokkaido&#039;nun d\u00f6rt bir yan\u0131ndan belediyeler ve kurulu\u015flar taraf\u0131ndan yakla\u015f\u0131k 60 stant kurulacak ve yerel spesiyaliteler sat\u0131larak kasaba ve \u015fehirlerin tan\u0131t\u0131m\u0131 yap\u0131lacak.<\/p>\n<p>Her \u015fehir, kasaba ve k\u00f6y d\u00f6rt d\u00f6nemde tezgah a\u00e7acak, Kitary\u016b Kasabas\u0131 ise d\u00f6rd\u00fcnc\u00fc d\u00f6nemde \u00fc\u00e7 g\u00fcn boyunca bir tezgah a\u00e7acak: 29 Eyl\u00fcl Per\u015fembe&#039;den 1 Ekim Cumartesi&#039;ye.<\/p>\n<figure class=\"wp-caption aligncenter\"><a href=\"https:\/\/photos.google.com\/share\/AF1QipMb1m3f1F0yPF3O3CClGYcjaWWUh-ifI5LhgBmuZaqjb_4N9ipbD8lLjNM3EbiFLw\/photo\/AF1QipNnqdGzZwiJQBXZP-pBuH9biZt5m_GTOuVBtDk?key=TWFBVTJFNVJtNE5NeVU5SFdJam1XX1NsaXBYTGln\" target=\"_blank\" rel=\"noopener\"><img decoding=\"async\" src=\"https:\/\/lh3.googleusercontent.com\/pw\/AL9nZEVBOml8iTKde9TtWGYoToXFDh1nsufmK4aGA_9de6bf3UvIAMShzw08PBDxhSIVCimLgd5QDONev2G-3W67Rfuz_w903UVztVhg01iyTOT3YnILAVowkM-GetkjlDIJeKb7E6Tnhx57R59zuhWtFpUF=w2560-h1178-no?authuser=0\" width=\"2560\" height=\"1178\" alt=\"8. Cadde Mekan: Hokkaido Meydan\u0131\" class=\"size-full\" style=\"border:solid 1px blue\" \/><\/a><figcaption class=\"wp-caption-text\">8. Cadde Mekan: Hokkaido Meydan\u0131<\/figcaption><\/figure>\n<h3>T\u00fcm Hokuryu Plus<\/h3>\n<p>Hokuryu kasabas\u0131ndan kat\u0131l\u0131m Hokuryu Belediye Binas\u0131, JA Kitasorachi Hokuryu \u015eubesi, Hokuryu Kasaba Tan\u0131t\u0131m \u015eirketi, Kurosengoku \u0130\u015fletme Kooperatifi, Hokuryu Kenseikai (Hokuryu kasabas\u0131ndaki in\u015faat sekt\u00f6r\u00fcnde \u00e7al\u0131\u015fan gen\u00e7ler ve orta ya\u015fl\u0131 erkekler i\u00e7in bir dernek) ve Rakuno Gakuen \u00dcniversitesi \u00f6\u011frencileri de dahil olmak \u00fczere All Hokuryu Plus taraf\u0131ndan ger\u00e7ekle\u015ftirildi.<\/p>\n<p>Belediye Ba\u015fkan\u0131 Yutaka Sano tak\u0131m\u0131 desteklemek i\u00e7in etkinli\u011fe gelirken, Kitary\u016b kasabas\u0131n\u0131n maskotu Himawari Saki-chan da tak\u0131m\u0131 desteklemek i\u00e7in geldi ve harika bir performans sergilediler!<\/p>\n<p>Kitary\u016b Kasabas\u0131 stand\u0131nda, bu y\u0131lki taze hasat edilmi\u015f, yeni \u00f6\u011f\u00fct\u00fclm\u00fc\u015f, k\u00f6p\u00fckl\u00fc yeni pirin\u00e7, ay\u00e7i\u00e7e\u011fi pirinci, ay\u00e7i\u00e7e\u011fi ya\u011f\u0131 ve Kurosengoku soya fasulyesi de dahil olmak \u00fczere \u00e7e\u015fitli \u00fcr\u00fcnler sat\u0131\u015fa sunulacak.<\/p>\n<p>Etkinli\u011fe \u00fc\u00e7 g\u00fcn boyunca g\u00fczel hava ko\u015fullar\u0131 e\u015flik etti ve yaz ortas\u0131 g\u00fcne\u015fi alt\u0131nda etkinlik alan\u0131 aileler ve turistlerle doldu; her g\u00fcn b\u00fcy\u00fck bir ba\u015far\u0131 elde edildi! ! !<\/p>\n<p>Sat\u0131\u015f elemanlar\u0131, al\u0131nlar\u0131ndaki teri silerek, s\u00fcrekli gelen m\u00fc\u015fterilere hitap ediyor, kasabay\u0131 ve y\u00f6resel lezzetleri tan\u0131t\u0131yorlard\u0131.<\/p>\n<figure class=\"wp-caption aligncenter\"><a href=\"https:\/\/photos.google.com\/share\/AF1QipMb1m3f1F0yPF3O3CClGYcjaWWUh-ifI5LhgBmuZaqjb_4N9ipbD8lLjNM3EbiFLw\/photo\/AF1QipO8x2czTKgZlaKnJyGzxQyn_TZ-slzCMz0vIAQ?key=TWFBVTJFNVJtNE5NeVU5SFdJam1XX1NsaXBYTGln\" target=\"_blank\" rel=\"noopener\"><img decoding=\"async\" src=\"https:\/\/lh3.googleusercontent.com\/pw\/AL9nZEWWpHvOvqVLOKo0ibYvQCOMPGjasJyEi6wtroNQfRh-OP-YkJ7D4ncTr34qrylYQwBaQ6nQ-Q9IKL3weNFysViPuwEzg5R_d_8IAyd93NkXRsv0mX0me4HpjbbeOQUPzvHTd6dr4_f1OG_o9l6JyJlC=w2000-h1500-no?authuser=0\" width=\"2000\" height=\"1500\" alt=\"Sapporo Odori Hokkaido Pazar\u0131\" class=\"size-full\" \/><\/a><figcaption class=\"wp-caption-text\">Sapporo Odori Hokkaido Pazar\u0131<\/figcaption><\/figure>\n<h2>Birinci g\u00fcn: 1. g\u00fcn (Per\u015fembe, 29 Eyl\u00fcl)<\/h2>\n<ul>\n<li>Yeni pirin\u00e7 toplama etkinli\u011fimiz \u015fimdiden olduk\u00e7a pop\u00fcler oldu! M\u00fc\u015fteriler s\u00fcrekli ma\u011fazaya geliyor!<\/li>\n<li>Kitaryu-kai&#039;den gelen herkes ilk g\u00fcnden itibaren bizi desteklemeye geldi ve \u00e7ok minnettar\u0131z! Te\u015fekk\u00fcrler!<\/li>\n<li>Rakuno Gakuen \u00dcniversitesi \u00f6\u011frencileri \u00fc\u00e7 g\u00fcn boyunca s\u0131rayla mini pirin\u00e7 toplar\u0131 servis ettiler!<\/li>\n<\/ul>\n<h3>\u0130lk g\u00fcn\u00fcn ba\u015flang\u0131c\u0131!<\/h3>\n<figure class=\"wp-caption aligncenter\"><a href=\"https:\/\/photos.google.com\/share\/AF1QipMb1m3f1F0yPF3O3CClGYcjaWWUh-ifI5LhgBmuZaqjb_4N9ipbD8lLjNM3EbiFLw\/photo\/AF1QipOCM2VlEX99dgPaSu0egHJyQDWWcE4UoYjZAO8?key=TWFBVTJFNVJtNE5NeVU5SFdJam1XX1NsaXBYTGln\" target=\"_blank\" rel=\"noopener\"><img decoding=\"async\" src=\"https:\/\/lh3.googleusercontent.com\/pw\/AL9nZEXegm55H_KSkZDl7FwM07vQwuSSmuIFlLdtiIGz7U0K6MwtYkqAbd9C0fVD3mRNKBAROVlDcZTZjMCjp1DrqrcoggwjK_xKXF5jdopUYFfEIzmxrZ9Z1XdfB__kOzEn0NzhOIaCTKiwfbF2hfUHqsvK=w2000-h1500-no?authuser=0\" width=\"2000\" height=\"1500\" alt=\"1. G\u00fcn ba\u015fl\u0131yor!\" class=\"size-full\" \/><\/a><figcaption class=\"wp-caption-text\">1. G\u00fcn ba\u015fl\u0131yor!<\/figcaption><\/figure>\n<h3>Hokuryu Kasabas\u0131n\u0131n Spesiyaliteleri<\/h3>\n<h4>Hokuryu Kasabas\u0131ndan &quot;Nanatsuboshi&quot; kep\u00e7eyle al\u0131nan yeni pirin\u00e7, yeni pirin\u00e7 &quot;Yumepirika, Oborozuki, Nanatsuboshi&quot;, yap\u0131\u015fkan pirin\u00e7 &quot;Kaze no Ko&quot;, \u00e7imlenmi\u015f kahverengi pirin\u00e7<\/h4>\n<figure class=\"wp-caption aligncenter\"><a href=\"https:\/\/photos.google.com\/share\/AF1QipMb1m3f1F0yPF3O3CClGYcjaWWUh-ifI5LhgBmuZaqjb_4N9ipbD8lLjNM3EbiFLw\/photo\/AF1QipPu0dfU4xWtQI05qKOUOrwEPdm39F49j36EVDA?key=TWFBVTJFNVJtNE5NeVU5SFdJam1XX1NsaXBYTGln\" target=\"_blank\" rel=\"noopener\"><img decoding=\"async\" src=\"https:\/\/lh3.googleusercontent.com\/pw\/AL9nZEXcK4YgbOG1Syn2VR6rKxwLdChzO4bfiww91d9TaSq_SlltjXaFRr4eZbKv0o8pWM1MyAGdUs4KHS2bSXabm_U-F-sm670Qux3dHkl00i4fYz2LYSKfoNL6r2puZWvo-XRXjH4jQHsblh3ec0k1SrPo=w2000-h1500-no?authuser=0\" width=\"2000\" height=\"1500\" alt=\"\u00c7e\u015fitli Hokuryuu Kasabas\u0131 Yeni Pirin\u00e7\" class=\"size-full\" \/><\/a><figcaption class=\"wp-caption-text\">\u00c7e\u015fitli Hokuryuu Kasabas\u0131 Yeni Pirin\u00e7<\/figcaption><\/figure>\n<h4>Kurosengoku soya fasulyesi, Kurosengoku soya fasulyesi unu, Kurosengoku gevre\u011fi, Kurosengoku fasulyesi pirin\u00e7 seti, Kurochandon, Kurosengoku \u00e7ay\u0131<\/h4>\n<figure class=\"wp-caption aligncenter\"><a href=\"https:\/\/photos.google.com\/share\/AF1QipMb1m3f1F0yPF3O3CClGYcjaWWUh-ifI5LhgBmuZaqjb_4N9ipbD8lLjNM3EbiFLw\/photo\/AF1QipM6e4nAgRYxSWQlq6jHef2p0hWJ7ilTBk6xB2U?key=TWFBVTJFNVJtNE5NeVU5SFdJam1XX1NsaXBYTGln\" target=\"_blank\" rel=\"noopener\"><img decoding=\"async\" src=\"https:\/\/lh3.googleusercontent.com\/pw\/AL9nZEU-B9fkLmXlzCXjv_HSs99adcsejtKFpK1Q7lRRaPwhCu_hYZJdgcSTUYTD1Kk-Zs-SpIY5GkuhAihe0VrASDvXOdCeZg9N84dVzqaVsQo46EWxGv0ZevWMo7htvLcpK4c_A8FFN6Y2mz-uKr5jzRTY=w2000-h1500-no?authuser=0\" width=\"2000\" height=\"1500\" alt=\"Kurosengoku soya fasulyesi \u00fcr\u00fcnleri\" class=\"size-full\" \/><\/a><figcaption class=\"wp-caption-text\">Kurosengoku soya fasulyesi \u00fcr\u00fcnleri<\/figcaption><\/figure>\n<h4>\u0130lk preslenmi\u015f ay\u00e7i\u00e7ek ya\u011f\u0131, Sunny ay\u00e7i\u00e7ek ya\u011f\u0131, Kurosengoku soya fasulyesi ay\u00e7i\u00e7ek ya\u011f\u0131 sosu, ay\u00e7i\u00e7e\u011fi kurabiyeleri, tarladan pirin\u00e7 krakerleri, Hokuryu ay\u00e7i\u00e7e\u011fi balsam\u0131<\/h4>\n<figure class=\"wp-caption aligncenter\"><a href=\"https:\/\/photos.google.com\/share\/AF1QipMb1m3f1F0yPF3O3CClGYcjaWWUh-ifI5LhgBmuZaqjb_4N9ipbD8lLjNM3EbiFLw\/photo\/AF1QipMWRxN7Zr2HEGt5KZQTLPaqqhS5neJlq-AkEi8?key=TWFBVTJFNVJtNE5NeVU5SFdJam1XX1NsaXBYTGln\" target=\"_blank\" rel=\"noopener\"><img decoding=\"async\" src=\"https:\/\/lh3.googleusercontent.com\/pw\/AL9nZEU0QjCq6VjvoJNAkT_KCbia7FmhQE69L4Am-kSJWM-XiPfpkRuZvLE2qVo5NlN_op1ndK4fvXnd8KQu_RlIEvJ7lJHI62ZINOGlPkYkGcWMaOpO6mAaCtXq2FhesiAOjO2Zeku17YSbCMQiuXtNQ4J_=w2000-h1500-no?authuser=0\" width=\"2000\" height=\"1500\" alt=\"Ay\u00e7i\u00e7ek ya\u011f\u0131 sosu\" class=\"size-full\" \/><\/a><figcaption class=\"wp-caption-text\">Ay\u00e7i\u00e7ek ya\u011f\u0131 sosu<\/figcaption><\/figure>\n<h3>Yeni Pirin\u00e7 Toplama &quot;Nanatsuboshi&quot;<\/h3>\n<figure class=\"wp-caption aligncenter\"><a href=\"https:\/\/photos.google.com\/share\/AF1QipMb1m3f1F0yPF3O3CClGYcjaWWUh-ifI5LhgBmuZaqjb_4N9ipbD8lLjNM3EbiFLw\/photo\/AF1QipNlTnOlfV076t3OGWoMf1JW9NXikiQdYfKavJ4?key=TWFBVTJFNVJtNE5NeVU5SFdJam1XX1NsaXBYTGln\" target=\"_blank\" rel=\"noopener\"><img decoding=\"async\" src=\"https:\/\/lh3.googleusercontent.com\/pw\/AL9nZEVzU-z9ss_FeNPjZvMGxzE-VSz4e8_zFwiIPfwn1pZT64nfIPh5sviTZfkMAODsqZ5wM1oJQnBsBr_Pi6c_LZ-U3jyxajsTBqmh84nuJUCcOUSwahy6FIDenHtQPgjnlD6JxUWogwXwhzAVeVlJAwjV=w2000-h1500-no?authuser=0\" width=\"2000\" height=\"1500\" alt=\"Yeni Pirin\u00e7 Kep\u00e7eleme\" class=\"size-full\" \/><\/a><figcaption class=\"wp-caption-text\">Yeni Pirin\u00e7 Kep\u00e7eleme<\/figcaption><\/figure>\n<h3>Rakuno Gakuen \u00dcniversitesi \u00f6\u011frencileri tad\u0131m i\u00e7in mini pirin\u00e7 toplar\u0131 da\u011f\u0131t\u0131yor<\/h3>\n<figure class=\"wp-caption aligncenter\"><a href=\"https:\/\/photos.google.com\/share\/AF1QipMb1m3f1F0yPF3O3CClGYcjaWWUh-ifI5LhgBmuZaqjb_4N9ipbD8lLjNM3EbiFLw\/photo\/AF1QipOD5brJZ9K1CYoBwDBvkg8Vu33MoCfnMON2E1A?key=TWFBVTJFNVJtNE5NeVU5SFdJam1XX1NsaXBYTGln\" target=\"_blank\" rel=\"noopener\"><img decoding=\"async\" src=\"https:\/\/lh3.googleusercontent.com\/pw\/AL9nZEUrkfix9Od9TqIRYfwcok5EVqs7RlU3LKRu4V_oND5vMvHvLQle5SYe-c91ZAdlbGUuCbnYhYincw9Vyb8fuc-lCcmTD6Flc76OugTyY54h0TMI6kCQUzNhsPv5bh9WuAV-rNLtvQ2HFORWEJjMAefn=w2000-h1500-no?authuser=0\" width=\"2000\" height=\"1500\" alt=\"Rakuno Gakuen \u00dcniversitesi \u00f6\u011frencileri taraf\u0131ndan tad\u0131m i\u00e7in mini pirin\u00e7 toplar\u0131 da\u011f\u0131t\u0131m\u0131\" class=\"size-full\" \/><\/a><figcaption class=\"wp-caption-text\">Rakuno Gakuen \u00dcniversitesi \u00f6\u011frencileri taraf\u0131ndan tad\u0131m i\u00e7in mini pirin\u00e7 toplar\u0131 da\u011f\u0131t\u0131m\u0131<\/figcaption><\/figure>\n<h3>Kurosengoku Soya Fasulyesi \u0130\u015fletme Kooperatifi Derne\u011fi Ba\u015fkan\u0131 Say\u0131n Yukio Takada&#039;dan bir mesaj<\/h3>\n<p>&quot;Kurosengoku Kinako, v\u00fccudunuz i\u00e7in o kadar iyi olan katk\u0131 maddesi i\u00e7ermeyen bir yiyecek ki ya\u015f\u0131n\u0131z\u0131 unutuyorsunuz! Gelecek y\u0131l 80 olaca\u011f\u0131m,&quot; dedi gen\u00e7 Ba\u015fkan Takada ve m\u00fc\u015fteriler \u015fa\u015fk\u0131nl\u0131kla birbirlerine bakt\u0131lar.<\/p>\n<p>&quot;Ay\u00e7i\u00e7ek ya\u011f\u0131 ger\u00e7ek ya\u011fd\u0131r. Hi\u00e7bir katk\u0131 maddesi i\u00e7ermeyen ay\u00e7i\u00e7e\u011fi \u00e7ekirdeklerinin ilk preslenmesidir! \u0130\u00e7inde \u00e7ok fazla safs\u0131zl\u0131k bulunan bir\u00e7ok ya\u011f vard\u0131r, ancak bu ay\u00e7i\u00e7e\u011fi ya\u011f\u0131 ger\u00e7ek olan\u0131d\u0131r,&quot; diye devam etti ve m\u00fc\u015fterileri End\u00fcstri B\u00f6l\u00fcm\u00fc Yard\u0131mc\u0131 M\u00fcd\u00fcr\u00fc Tamura Masakazu ile tan\u0131\u015ft\u0131rd\u0131. &quot;Bu adam ger\u00e7ek bir i\u015f (uzman)! Bu adama ger\u00e7ek petrol hakk\u0131nda soru sorun.&quot; M\u00fc\u015fteri o kadar etkilendi ki ikna oldu ve hatta Kurosengoku Soya Ay\u00e7i\u00e7ek Ya\u011f\u0131 Sosu&#039;nu sat\u0131n ald\u0131.<\/p>\n<h3>Hokuryu Kasabas\u0131 Sanayi B\u00f6l\u00fcm\u00fc yard\u0131mc\u0131 b\u00f6l\u00fcm \u015fefi Masakazu Tamura, &quot;ay\u00e7i\u00e7ek ya\u011f\u0131&quot; hakk\u0131nda ayr\u0131nt\u0131l\u0131 bir a\u00e7\u0131klama yap\u0131yor<\/h3>\n<figure class=\"wp-caption aligncenter\"><a href=\"https:\/\/photos.google.com\/share\/AF1QipMb1m3f1F0yPF3O3CClGYcjaWWUh-ifI5LhgBmuZaqjb_4N9ipbD8lLjNM3EbiFLw\/photo\/AF1QipMjzYiBEWYdWM_-ooWQO4pwQsImHppwQ_rKKpQ?key=TWFBVTJFNVJtNE5NeVU5SFdJam1XX1NsaXBYTGln\" target=\"_blank\" rel=\"noopener\"><img decoding=\"async\" src=\"https:\/\/lh3.googleusercontent.com\/pw\/AL9nZEVmFLYliLOZ2njxEkigh_YDPreZ4W---kLIjxUeLXDku1DOsxjHkQTp8hcI3YWKySE_a_G0Fpl6gwJehjTWGlURWXXtYavJzpUUM3i97LOpMiVjdSz1ZDf_DlMv_HMIZ-pZG_IXZvdlovMllA9YoRwR=w2000-h1500-no?authuser=0\" width=\"2000\" height=\"1500\" alt=\"Hokuryu Kasabas\u0131 Sanayi B\u00f6l\u00fcm\u00fc yard\u0131mc\u0131 b\u00f6l\u00fcm \u015fefi Masakazu Tamura, &quot;ay\u00e7i\u00e7ek ya\u011f\u0131&quot; hakk\u0131nda ayr\u0131nt\u0131l\u0131 bir a\u00e7\u0131klama yap\u0131yor\" class=\"size-full\" \/><\/a><figcaption class=\"wp-caption-text\">Hokuryu Kasabas\u0131 Sanayi B\u00f6l\u00fcm\u00fc yard\u0131mc\u0131 b\u00f6l\u00fcm \u015fefi Masakazu Tamura, &quot;ay\u00e7i\u00e7ek ya\u011f\u0131&quot; hakk\u0131nda ayr\u0131nt\u0131l\u0131 bir a\u00e7\u0131klama yap\u0131yor<\/figcaption><\/figure>\n<h3>Bizi desteklemeye gelen Hokuryu-kai&#039;den herkese te\u015fekk\u00fcr ederiz!<\/h3>\n<figure class=\"wp-caption aligncenter\"><a href=\"https:\/\/photos.google.com\/share\/AF1QipMb1m3f1F0yPF3O3CClGYcjaWWUh-ifI5LhgBmuZaqjb_4N9ipbD8lLjNM3EbiFLw\/photo\/AF1QipMrqt24bDT8Ka9rXOSVaiQFBZPU_5HmXa7JtVA?key=TWFBVTJFNVJtNE5NeVU5SFdJam1XX1NsaXBYTGln\" target=\"_blank\" rel=\"noopener\"><img decoding=\"async\" src=\"https:\/\/lh3.googleusercontent.com\/pw\/AL9nZEV58x4K1ctqh3e3IDY1DSO_NDkXNT567RsXFks5dUI8qa5KBXwntZD1b8Vi7cOAyMFI9TEhjVt5fEvjaUhTH_ShqVnmmQvUbJND6iOBsWp2cK0jAWD9z-EGrf1c9pL7RTEpkWfwHr9EOpDt_oPF6MCN=w2000-h1500-no?authuser=0\" width=\"2000\" height=\"1500\" alt=\"\u0130lk g\u00fcnden itibaren bizi desteklemeye gelen Hokuryu-kai&#039;den herkese te\u015fekk\u00fcr ederiz!\" class=\"size-full\" \/><\/a><figcaption class=\"wp-caption-text\">\u0130lk g\u00fcnden itibaren bizi desteklemeye gelen Hokuryu-kai&#039;den herkese te\u015fekk\u00fcr ederiz!<\/figcaption><\/figure>\n<h3>Nostaljik eski Hokuryu Kasabas\u0131 ay\u00e7i\u00e7ek ya\u011f\u0131 geri d\u00f6n\u00fc\u015f\u00fcm uzman\u0131 Hiroyuki Togo da bize destek olmaya geldi!<\/h3>\n<figure class=\"wp-caption aligncenter\"><a href=\"https:\/\/photos.google.com\/share\/AF1QipMb1m3f1F0yPF3O3CClGYcjaWWUh-ifI5LhgBmuZaqjb_4N9ipbD8lLjNM3EbiFLw\/photo\/AF1QipO6PQwugGK-_KHth5KoKhsPuBu4qY1LMqH0osg?key=TWFBVTJFNVJtNE5NeVU5SFdJam1XX1NsaXBYTGln\" target=\"_blank\" rel=\"noopener\"><img decoding=\"async\" src=\"https:\/\/lh3.googleusercontent.com\/pw\/AL9nZEWS6Sj9aiV8Op6nv65znFhd7xUuQuXh0CxlFTMZ3iQq3yXN9Duzlepnf5Wok-DZk6iwfEJhrNt9ldUWgfrdBB4JoIpx6SyWoWbB9ZHwPEiiQbSz-FhyWIF1oZaX4ivEuxP_gvqhLSIqWi6Ao5jlWxNw=w2000-h1500-no?authuser=0\" width=\"2000\" height=\"1500\" alt=\"Nostaljik eski Hokuryu Kasabas\u0131 ay\u00e7i\u00e7ek ya\u011f\u0131 geri d\u00f6n\u00fc\u015f\u00fcm uzman\u0131 Hiroyuki Togo da bize destek olmaya geldi!\" class=\"size-full\" \/><\/a><figcaption class=\"wp-caption-text\">Nostaljik eski Hokuryu Kasabas\u0131 ay\u00e7i\u00e7ek ya\u011f\u0131 geri d\u00f6n\u00fc\u015f\u00fcm uzman\u0131 Hiroyuki Togo da bize destek olmaya geldi!<\/figcaption><\/figure>\n<h3>&quot;Seni seviyorum Himawari Saki!&quot; gibi yorumlarla olduk\u00e7a pop\u00fcler.<\/h3>\n<figure class=\"wp-caption aligncenter\"><a href=\"https:\/\/photos.google.com\/share\/AF1QipMb1m3f1F0yPF3O3CClGYcjaWWUh-ifI5LhgBmuZaqjb_4N9ipbD8lLjNM3EbiFLw\/photo\/AF1QipNIG5JsDSsaFRjo27QlfhQLauavYg90MOj_EUw?key=TWFBVTJFNVJtNE5NeVU5SFdJam1XX1NsaXBYTGln\" target=\"_blank\" rel=\"noopener\"><img decoding=\"async\" src=\"https:\/\/lh3.googleusercontent.com\/pw\/AL9nZEWZ7-Qj7kpFH9bkz_8KNoRly2VQj2veSUrqS6csH9H2OYi83JF14f268yVEzyiLkTpA_adCZGNxLCbISa5o1-IeCmeqPpTvXPL5we-IuZan3540o7HAG0g63gNoOOvMVHaaSN5B3Je-P7eXaYyQHYFa=w2000-h1500-no?authuser=0\" width=\"2000\" height=\"1500\" alt=\"&quot;Seni seviyorum Himawari Saki!&quot; gibi yorumlarla olduk\u00e7a pop\u00fcler.\" class=\"size-full\" \/><\/a><figcaption class=\"wp-caption-text\">&quot;Seni seviyorum Himawari Saki!&quot; gibi yorumlarla olduk\u00e7a pop\u00fcler.<\/figcaption><\/figure>\n<h2>2. G\u00fcn (Cuma, 30 Eyl\u00fcl)<\/h2>\n<p>\u00d6\u011fleden sonra Belediye Ba\u015fkan\u0131 Yutaka Sano, yo\u011fun program\u0131na ra\u011fmen etkinli\u011fe kat\u0131larak misafirlere mini pirin\u00e7 toplar\u0131 ikram etti! Ayr\u0131ca t\u00fcm \u00e7al\u0131\u015fkan personele verilen harika hediye i\u00e7in de minnettar\u0131z.<\/p>\n<h3>Hadi bug\u00fcn de elimizden gelenin en iyisini yapal\u0131m! ! !<\/h3>\n<figure class=\"wp-caption aligncenter\"><a href=\"https:\/\/photos.google.com\/share\/AF1QipMb1m3f1F0yPF3O3CClGYcjaWWUh-ifI5LhgBmuZaqjb_4N9ipbD8lLjNM3EbiFLw\/photo\/AF1QipN831PA9Eti2LrcyZj-hdC__rtF24RN3qZuYSI?key=TWFBVTJFNVJtNE5NeVU5SFdJam1XX1NsaXBYTGln\" target=\"_blank\" rel=\"noopener\"><img decoding=\"async\" src=\"https:\/\/lh3.googleusercontent.com\/pw\/AL9nZEWoftAVwScoFSpdaBFpW4_xzCdam4uBCIpxW0hZKyVG6z0QC7aNzUdnoF91xlOjvtaWi1UkP_0Yjgj7Jrmf9woZ-kSZ97l0s3PgQ-gOv3e9BEfRgJ_GJ-I8UbxST6TZk4Rb0W54x9e9bCsqbXUc_8bM=w2000-h1500-no?authuser=0\" width=\"2000\" height=\"1500\" alt=\"\u0130kinci g\u00fcnde de elimizden gelenin en iyisini yapal\u0131m! ! !\" class=\"size-full\" \/><\/a><figcaption class=\"wp-caption-text\">\u0130kinci g\u00fcnde de elimizden gelenin en iyisini yapal\u0131m! ! !<\/figcaption><\/figure>\n<h3>\u00dccretsiz kocaman bir kep\u00e7e bal\u0131k! ! !<\/h3>\n<figure class=\"wp-caption aligncenter\"><a href=\"https:\/\/photos.google.com\/share\/AF1QipMb1m3f1F0yPF3O3CClGYcjaWWUh-ifI5LhgBmuZaqjb_4N9ipbD8lLjNM3EbiFLw\/photo\/AF1QipPKSJS5L-aSogtT8HqBMlXmTub2BRSoKoKTRqU?key=TWFBVTJFNVJtNE5NeVU5SFdJam1XX1NsaXBYTGln\" target=\"_blank\" rel=\"noopener\"><img decoding=\"async\" src=\"https:\/\/lh3.googleusercontent.com\/pw\/AL9nZEW3Yz-lIVkjio0U3-ZHRXQ_Es1Y5FWHF4gzU1xTZtniui-HvFISNoNJfP1CVoqqqbCeP034ZzKqmvsdCosoGb-_Ko64Y6larBi9s7exUhTwLjAC2Fjn8cpyxWb2m9j0Y6BV6Js0KrQMFsbReq3DZIJE=w2000-h1500-no?authuser=0\" width=\"2000\" height=\"1500\" alt=\"Ekstra b\u00fcy\u00fck porsiyonlar! ! !\" class=\"size-full\" \/><\/a><figcaption class=\"wp-caption-text\">Ekstra b\u00fcy\u00fck porsiyonlar! ! !<\/figcaption><\/figure>\n<h3>Belediye Ba\u015fkan\u0131 Yutaka Sano cesaretlendirmek i\u00e7in geldi!<\/h3>\n<figure class=\"wp-caption aligncenter\"><a href=\"https:\/\/photos.google.com\/share\/AF1QipMb1m3f1F0yPF3O3CClGYcjaWWUh-ifI5LhgBmuZaqjb_4N9ipbD8lLjNM3EbiFLw\/photo\/AF1QipOngT15G8THDebYra4azCLOXSHTa0Uo0mO8oLg?key=TWFBVTJFNVJtNE5NeVU5SFdJam1XX1NsaXBYTGln\" target=\"_blank\" rel=\"noopener\"><img decoding=\"async\" src=\"https:\/\/lh3.googleusercontent.com\/pw\/AL9nZEW9vkHqPT6gQ_434Q11Os7vf0dK13GQ2uui2CZy_cH6s66XFJkKIdzex4_ycm-evyydIYmggHzDqJPwKc6UVqynLa_Mmm6nMz0HL4tLpgrzhPa_JUnEa7vJVvums29A6wbkDcRgbEXK4Sge4tgwQdbN=w2000-h1500-no?authuser=0\" width=\"2000\" height=\"1500\" alt=\"Belediye Ba\u015fkan\u0131 Yutaka Sano da cesaret vermeye geldi!\" class=\"size-full\" \/><\/a><figcaption class=\"wp-caption-text\">Belediye Ba\u015fkan\u0131 Yutaka Sano da cesaret vermeye geldi!<\/figcaption><\/figure>\n<h3>Belediye Ba\u015fkan\u0131 Sano, yeni pirinci mini pirin\u00e7 toplar\u0131yla bizzat tan\u0131t\u0131yor!<\/h3>\n<figure class=\"wp-caption aligncenter\"><a href=\"https:\/\/photos.google.com\/share\/AF1QipMb1m3f1F0yPF3O3CClGYcjaWWUh-ifI5LhgBmuZaqjb_4N9ipbD8lLjNM3EbiFLw\/photo\/AF1QipPURg2H2yVyX7QIuysnXWzLUi-vadTjM2lL5oI?key=TWFBVTJFNVJtNE5NeVU5SFdJam1XX1NsaXBYTGln\" target=\"_blank\" rel=\"noopener\"><img decoding=\"async\" src=\"https:\/\/lh3.googleusercontent.com\/pw\/AL9nZEWKKI6oC3_nf-jVwMRB7MIta7YhnP9ThVuzwJOKMquQbmIkeQ65JVOnypCXXuzyeYsS5og0uFb0BmIBBZvaQitKZGRk5J8njkgezbDXf6iwxhlLgFiUHVIEZe2uXW0D5DL5sMAjVnRvYt87MAYcb1Ts=w2000-h1500-no?authuser=0\" width=\"2000\" height=\"1500\" alt=\"Belediye Ba\u015fkan\u0131 Sano, yeni pirin\u00e7 mini pirin\u00e7 toplar\u0131n\u0131 bizzat kendisi tan\u0131t\u0131yor!\" class=\"size-full\" \/><\/a><figcaption class=\"wp-caption-text\">Belediye Ba\u015fkan\u0131 Sano, yeni pirin\u00e7 mini pirin\u00e7 toplar\u0131n\u0131 bizzat kendisi tan\u0131t\u0131yor!<\/figcaption><\/figure>\n<h3>Himawari Saki ile birlikte!<\/h3>\n<figure class=\"wp-caption aligncenter\"><a href=\"https:\/\/photos.google.com\/share\/AF1QipMb1m3f1F0yPF3O3CClGYcjaWWUh-ifI5LhgBmuZaqjb_4N9ipbD8lLjNM3EbiFLw\/photo\/AF1QipOh6q9MT5-hns3K8B9rGLNJzeRKkdtXqCV32a4?key=TWFBVTJFNVJtNE5NeVU5SFdJam1XX1NsaXBYTGln\" target=\"_blank\" rel=\"noopener\"><img decoding=\"async\" src=\"https:\/\/lh3.googleusercontent.com\/pw\/AL9nZEXjfTyGS5oyIaE9MZCx9z4XofJrQPB2jRsXgmRnK8-JTIOf2J6AoELCyPwgiJND3fESky153XK_ZRz7nOmMsTwnW-yyikTUouIcVmpTV_VxOojkIXvK8xlpCGhlp1h98-crc9VN1YhDz_xHca_8JtDV=w2000-h1500-no?authuser=0\" width=\"2000\" height=\"1500\" alt=\"Himawari Saki ile birlikte!\" class=\"size-full\" \/><\/a><figcaption class=\"wp-caption-text\">Himawari Saki ile birlikte!<\/figcaption><\/figure>\n<h3>Sapporo Hokuryu-kai&#039;den herkesle birlikte!<\/h3>\n<figure class=\"wp-caption aligncenter\"><a href=\"https:\/\/photos.google.com\/share\/AF1QipMb1m3f1F0yPF3O3CClGYcjaWWUh-ifI5LhgBmuZaqjb_4N9ipbD8lLjNM3EbiFLw\/photo\/AF1QipP_ozWaJzrec_XZExnVJGbHkE1UjTlm4hE4FQY?key=TWFBVTJFNVJtNE5NeVU5SFdJam1XX1NsaXBYTGln\" target=\"_blank\" rel=\"noopener\"><img decoding=\"async\" src=\"https:\/\/lh3.googleusercontent.com\/pw\/AL9nZEXkxZPzgNq9XhfaSA3aAvmmaRWEvDt4qKiKiB2U2t9B_H2g4pPKwydAs7E3OpzvxCZPqBaY7eI3Rp-Lo7U5Fq74SUHWKhic6nJ44YTXMN41ShiwuRq_hw3MtmBing7wLXIYvUT5jSwQQiJ_gFvi6QcG=w2000-h1500-no?authuser=0\" width=\"2000\" height=\"1500\" alt=\"Hokuryu-kai&#039;den herkesle birlikte!\" class=\"size-full\" \/><\/a><figcaption class=\"wp-caption-text\">Hokuryu-kai&#039;den herkesle birlikte!<\/figcaption><\/figure>\n<h3>Himawari Saki ile foto\u011fraf \u00e7ekimi i\u00e7in talepler pe\u015f pe\u015fe geldi! ! !<\/h3>\n<figure class=\"wp-caption aligncenter\"><a href=\"https:\/\/photos.google.com\/share\/AF1QipMb1m3f1F0yPF3O3CClGYcjaWWUh-ifI5LhgBmuZaqjb_4N9ipbD8lLjNM3EbiFLw\/photo\/AF1QipODXpZdBH3mE9mVW80k9uVtiW_ao6Xx3BO9ZTE?key=TWFBVTJFNVJtNE5NeVU5SFdJam1XX1NsaXBYTGln\" target=\"_blank\" rel=\"noopener\"><img decoding=\"async\" src=\"https:\/\/lh3.googleusercontent.com\/pw\/AL9nZEVGav7eyLtGjUBRijG7Cc5u2dDSM4xF0UFoJtPWd9ddGBTtEDK-tEtGhnWtCQNOs-F6oAQPvgpg_MgDnebRQmFzueY8t0Hi5_RN0xAeausPmKqrlJ3MPnKeun_gebNIejfU06ukfV0FYUb48Izuu35J=w2000-h1500-no?authuser=0\" width=\"2000\" height=\"1500\" alt=\"Himawari Saki ile foto\u011fraf \u00e7ekimi talebi!\" class=\"size-full\" \/><\/a><figcaption class=\"wp-caption-text\">Himawari Saki ile foto\u011fraf \u00e7ekimi talebi!<\/figcaption><\/figure>\n<h3>Aileler birbiri ard\u0131na geliyor!<\/h3>\n<figure class=\"wp-caption aligncenter\"><a href=\"https:\/\/photos.google.com\/share\/AF1QipMb1m3f1F0yPF3O3CClGYcjaWWUh-ifI5LhgBmuZaqjb_4N9ipbD8lLjNM3EbiFLw\/photo\/AF1QipPZhOdxrBHq3gP2gJzdF0ruUfKMVz37mf6iLeQ?key=TWFBVTJFNVJtNE5NeVU5SFdJam1XX1NsaXBYTGln\" target=\"_blank\" rel=\"noopener\"><img decoding=\"async\" src=\"https:\/\/lh3.googleusercontent.com\/pw\/AL9nZEXeeNk1uazKTaAvTfHpmyB8tuN3wxwHOzYFrWMHwbsS6-EEUyS0zSuzw7bTi321sZDsbDvzttK1gw2ZylXGn4IKfcpll5I1z7TS5e334jhI58wjBju5RyjOXapimkmalrvIf0_9PRry32VsMIHyw_jU=w2000-h1500-no?authuser=0\" width=\"2000\" height=\"1500\" alt=\"Aileler birbiri ard\u0131na geliyor!\" class=\"size-full\" \/><\/a><figcaption class=\"wp-caption-text\">Aileler birbiri ard\u0131na geliyor!<\/figcaption><\/figure>\n<figure class=\"wp-caption aligncenter\"><a href=\"https:\/\/photos.google.com\/share\/AF1QipMb1m3f1F0yPF3O3CClGYcjaWWUh-ifI5LhgBmuZaqjb_4N9ipbD8lLjNM3EbiFLw\/photo\/AF1QipMxe9RV15tZqLuXyLp5sc3cm2aBsmdbA3gVlys?key=TWFBVTJFNVJtNE5NeVU5SFdJam1XX1NsaXBYTGln\" target=\"_blank\" rel=\"noopener\"><img decoding=\"async\" src=\"https:\/\/lh3.googleusercontent.com\/pw\/AL9nZEUya2vqtkXsO6JCakIhiwsUy8pPRlY4HsC2EK9FV2LJo9yvQeHu5dm969XHxHf7e8OemKiZLBAWbewfUYNQh0ZItkCFgICFprtREJI7Pf_Vd7vP_-CoV0zLVbVEZ48Kb9oqK5Ph4JyHyN2ie3LZM7cg=w2000-h1500-no?authuser=0\" width=\"2000\" height=\"1500\" alt=\"Gece mekan\" class=\"size-full\" \/><\/a><figcaption class=\"wp-caption-text\">Gece mekan<\/figcaption><\/figure>\n<h2>Son g\u00fcn: 3. G\u00fcn (Cumartesi, 1 Ekim)<\/h2>\n<p>Kitaryu Kensei-kai \u00fcyeleri sabah\u0131n erken saatlerinden itibaren ter d\u00f6kerek, sat\u0131\u015flar\u0131 art\u0131rarak \u00e7al\u0131\u015ft\u0131lar! Stantta y\u00fcksek ve g\u00fc\u00e7l\u00fc hayk\u0131r\u0131\u015flar durmadan devam ediyordu. Ay\u00e7i\u00e7e\u011fi \u00c7i\u00e7eklenmesi de iyi gidiyor! Son derece pop\u00fcler, benzersiz ve heyecan verici bir hareket!<\/p>\n<h3>G\u00fcvenilir destekleri i\u00e7in Kitaryu Kenseikai&#039;deki herkese minnettar\u0131z! ! !<\/h3>\n<figure class=\"wp-caption aligncenter\"><a href=\"https:\/\/photos.google.com\/share\/AF1QipMb1m3f1F0yPF3O3CClGYcjaWWUh-ifI5LhgBmuZaqjb_4N9ipbD8lLjNM3EbiFLw\/photo\/AF1QipMjuCCFzS6mxhBrrjMOitHasHnga1GIkM4RK3Q?key=TWFBVTJFNVJtNE5NeVU5SFdJam1XX1NsaXBYTGln\" target=\"_blank\" rel=\"noopener\"><img decoding=\"async\" src=\"https:\/\/lh3.googleusercontent.com\/pw\/AL9nZEVyV0wQCzrGFsFwjk1gFtqv4ORnA79yHehstkHD2fB3wK5Fzcg2hfaBre7qNF6wh91S_l5TwHx1TntKBDIsSimG_5cK85Zyu-qU7RSHi5WnjuwyZTcuznxV9Pv1ym-WpWWZIviEu2Kz6wRfJsCrSBqk=w2000-h1500-no?authuser=0\" width=\"2000\" height=\"1500\" alt=\"G\u00fcvenilir deste\u011finiz i\u00e7in Kenseikai&#039;deki herkese te\u015fekk\u00fcr ederiz! ! !\" class=\"size-full\" \/><\/a><figcaption class=\"wp-caption-text\">G\u00fcvenilir deste\u011finiz i\u00e7in Kenseikai&#039;deki herkese te\u015fekk\u00fcr ederiz! ! !<\/figcaption><\/figure>\n<h4>Hokuryu Kenseikai&#039;den (Hokuko \u0130n\u015faat) Kiyohiko Fujinobu&#039;dan bir mesaj<\/h4>\n<p>&quot;Hokuryu Kasabas\u0131&#039;n\u0131n lezzetli yeni pirinci ay sonunda hasat edilir ve tam bu g\u00fcne yeti\u015fecek \u015fekilde parlat\u0131l\u0131r. Bu y\u0131lki sonbahar hasad\u0131 m\u00fckemmeldi ve tad\u0131 da \u00e7ok lezzetliydi.<\/p>\n<p>Bu, Hokuryu Kasabas\u0131&#039;ndan yeni pirin\u00e7 olan Nanatsuboshi&#039;nin kep\u00e7elenmesi. Arka bah\u00e7emizde 500 kg&#039;dan fazla pirin\u00e7 haz\u0131rlad\u0131k, l\u00fctfen gelip istedi\u011finiz kadar\u0131n\u0131 al\u0131n.<\/p>\n<p>400 yen kar\u015f\u0131l\u0131\u011f\u0131nda 5 \u00f6l\u00e7ek pirin\u00e7 alabilirsiniz, bu da yakla\u015f\u0131k 8 \u00f6l\u00e7ek yeni hasat edilmi\u015f pirin\u00e7 al\u0131r, ancak size hizmet olarak 8 \u00f6l\u00e7ek pirin\u00e7ten fazlas\u0131n\u0131 verece\u011fiz.<\/p>\n<p>Neyse ki tar\u0131m kooperatifinin ileri gelenleri hen\u00fcz gelmemi\u015f, onlar\u0131 i\u00e7eri alabiliyoruz.<br \/>\nGenellikle \u00e7ok fazla \u015fey yaparsam azarlan\u0131r\u0131m ama bug\u00fcn de ayn\u0131s\u0131n\u0131 yapmakta bir sak\u0131nca yok!<br \/>\nT\u00fcm personelimiz gen\u00e7 oldu\u011fu i\u00e7in i\u015flerimizi h\u0131zl\u0131 bir \u015fekilde halledebiliyoruz! Daha fazlas\u0131n\u0131 eklemeye devam edin.<\/p>\n<p>&quot;Hepinizin u\u011framas\u0131n\u0131 umuyoruz&quot; slogan\u0131 hi\u00e7 durmadan devam etti! ! !<\/p>\n<h3>Sevimli Himawari Saki&#039;nin cazibesine kap\u0131ld\u0131m. . .<\/h3>\n<figure class=\"wp-caption aligncenter\"><a href=\"https:\/\/photos.google.com\/share\/AF1QipMb1m3f1F0yPF3O3CClGYcjaWWUh-ifI5LhgBmuZaqjb_4N9ipbD8lLjNM3EbiFLw\/photo\/AF1QipOPjTt9lMYtreOFUuqhtpZUfzxbEv5xRt8T0A0?key=TWFBVTJFNVJtNE5NeVU5SFdJam1XX1NsaXBYTGln\" target=\"_blank\" rel=\"noopener\"><img decoding=\"async\" src=\"https:\/\/lh3.googleusercontent.com\/pw\/AL9nZEWzvL6bnfvqf5HubXvHtP-KT_0xFI8trUJ--7_Z4PYe-jidZAr4oX3F4f18qE2FjKY2RD_ACGXvvHsAYOAM3CuciFHZ3uk5O1QsmTSzi9HksOCFu9LhQ5a6chTS5g03-Ii0J5U-AwWfVw-CM47_04bq=w2000-h1500-no?authuser=0\" width=\"2000\" height=\"1500\" alt=\"Sevimli Himawari Saki&#039;nin cazibesine kap\u0131ld\u0131m. . .\" class=\"size-full\" \/><\/a><figcaption class=\"wp-caption-text\">Sevimli Himawari Saki&#039;nin cazibesine kap\u0131ld\u0131m. . .<\/figcaption><\/figure>\n<h3>S\u00fcrekli yeni pirin\u00e7 toplama ak\u0131\u015f\u0131<\/h3>\n<figure class=\"wp-caption aligncenter\"><a href=\"https:\/\/photos.google.com\/share\/AF1QipMb1m3f1F0yPF3O3CClGYcjaWWUh-ifI5LhgBmuZaqjb_4N9ipbD8lLjNM3EbiFLw\/photo\/AF1QipPVu_2EGFg9nELBPQc-Yq9GLytflqz_Yop_DXk?key=TWFBVTJFNVJtNE5NeVU5SFdJam1XX1NsaXBYTGln\" target=\"_blank\" rel=\"noopener\"><img decoding=\"async\" src=\"https:\/\/lh3.googleusercontent.com\/pw\/AL9nZEWcXQ69B0NK7Sbh5Bo6MCroZ7zh5jWHUjJyOyt-i5wB1oAq09iDzpIcps3y5KBDt-NHlYoXC_ppeGEcsLxvjnW8bF4h2uDBDbJ1uGVmE_57tAUuWU_E_2Q6Kt-SBurqONpKHUUcCkcVxFEtntvUwb7B=w2000-h1500-no?authuser=0\" width=\"2000\" height=\"1500\" alt=\"S\u00fcrekli yeni pirin\u00e7 toplama ak\u0131\u015f\u0131\" class=\"size-full\" \/><\/a><figcaption class=\"wp-caption-text\">S\u00fcrekli yeni pirin\u00e7 toplama ak\u0131\u015f\u0131<\/figcaption><\/figure>\n<h3>&quot;Bu y\u0131lba\u015f\u0131 pilav\u0131 \u00e7ok tatl\u0131 ve lezzetli!&quot; Bir m\u00fc\u015fteri mini pirin\u00e7 topunu yerken ba\u011f\u0131rd\u0131.<\/h3>\n<figure class=\"wp-caption aligncenter\"><a href=\"https:\/\/photos.google.com\/share\/AF1QipMb1m3f1F0yPF3O3CClGYcjaWWUh-ifI5LhgBmuZaqjb_4N9ipbD8lLjNM3EbiFLw\/photo\/AF1QipMHFpiUsLrXcNtQt-blJYrlyB4z01TSeCUgifY?key=TWFBVTJFNVJtNE5NeVU5SFdJam1XX1NsaXBYTGln\" target=\"_blank\" rel=\"noopener\"><img decoding=\"async\" src=\"https:\/\/lh3.googleusercontent.com\/pw\/AL9nZEVg7F_4Wwf1y6FTEBnJ28YflAFznbEdt5vTd_aPezmJgJcGJIL21zd4lwwl1kQtnDk0APKlbO_vNFmohNzskmbQtZXlyjdqxXR-zGGlDw60gi81oaMb8uoOu-MFvLN2tb5nu7rjKmoDcHf_z7L4P5ZP=w2000-h1500-no?authuser=0\" width=\"2000\" height=\"1500\" alt=\"&quot;Bu y\u0131lba\u015f\u0131 pilav\u0131 \u00e7ok tatl\u0131 ve lezzetli!&quot; Bir m\u00fc\u015fteri mini pirin\u00e7 topunu yerken ba\u011f\u0131rd\u0131.\" class=\"size-full\" \/><\/a><figcaption class=\"wp-caption-text\">&quot;Bu y\u0131lba\u015f\u0131 pilav\u0131 \u00e7ok tatl\u0131 ve lezzetli!&quot; Bir m\u00fc\u015fteri mini pirin\u00e7 topunu yerken ba\u011f\u0131rd\u0131.<\/figcaption><\/figure>\n<h3>Hokuryu Kasabas\u0131 stand\u0131 \u00e7ok ilgi g\u00f6rd\u00fc! ! !<\/h3>\n<figure class=\"wp-caption aligncenter\"><a href=\"https:\/\/photos.google.com\/share\/AF1QipMb1m3f1F0yPF3O3CClGYcjaWWUh-ifI5LhgBmuZaqjb_4N9ipbD8lLjNM3EbiFLw\/photo\/AF1QipMx0RewD19v5Fzd8cSjU0wTai2eTuYeyqC6GDU?key=TWFBVTJFNVJtNE5NeVU5SFdJam1XX1NsaXBYTGln\" target=\"_blank\" rel=\"noopener\"><img decoding=\"async\" src=\"https:\/\/lh3.googleusercontent.com\/pw\/AL9nZEVyJXg2ozzVKzGQvgM1M1TvSAwKSDbgEuiUA31gsvLBfG14HNeyGU8klsFPdiVpyiIfIrfN8uZMMd6Mcob7fk7ned2ipVGhucHZv0EoaQN1YSoe6iq0JMXSu09_8qthnqPcrdi_xnJ1cviV-nyzovkA=w2000-h1500-no?authuser=0\" width=\"2000\" height=\"1500\" alt=\"Hokuryu Kasabas\u0131 stand\u0131 \u00e7ok ilgi g\u00f6rd\u00fc! ! !\" class=\"size-full\" \/><\/a><figcaption class=\"wp-caption-text\">Hokuryu Kasabas\u0131 stand\u0131 \u00e7ok ilgi g\u00f6rd\u00fc! ! !<\/figcaption><\/figure>\n<p>M\u00fc\u015fterileri olan bir\u00e7ok aile vard\u0131 ve k\u00fc\u00e7\u00fck bir k\u0131z \u00e7ocu\u011fu merdivene t\u0131rman\u0131p b\u00fcy\u00fck vinil eldivenler takt\u0131, t\u00fcm g\u00fcc\u00fcyle yeni pirinci kep\u00e7eledi ve &quot;Have-ho! Have-ho!&quot; diye ba\u011f\u0131rd\u0131, mutlu g\u00f6r\u00fcn\u00fcyordu ve ne\u015feyle parl\u0131yordu!<\/p>\n<p>M\u00fc\u015fterilere son dakikaya kadar yeni pirin\u00e7 almaya gelen m\u00fc\u015fterilere ellerinden geleni yapan ve onlara \u00f6zenli ve samimi bir misafirperverlik g\u00f6steren personelin tutumundan \u00e7ok etkilendik!<\/p>\n<h3>Odori Park\u0131ndaki Fuji Da\u011f\u0131<\/h3>\n<p>Uzakta bir televizyon kulesi g\u00f6r\u00fcn\u00fcyor, \u00fc\u00e7gen \u00e7at\u0131l\u0131 beyaz \u00e7ad\u0131r ise Fuji Da\u011f\u0131&#039;n\u0131 and\u0131r\u0131yor. . .<\/p>\n<figure class=\"wp-caption aligncenter\"><a href=\"https:\/\/photos.google.com\/share\/AF1QipMb1m3f1F0yPF3O3CClGYcjaWWUh-ifI5LhgBmuZaqjb_4N9ipbD8lLjNM3EbiFLw\/photo\/AF1QipO94N0gtDBs8rQIUFfkf0ZzDoI8CbG3cWizfxk?key=TWFBVTJFNVJtNE5NeVU5SFdJam1XX1NsaXBYTGln\" target=\"_blank\" rel=\"noopener\"><img decoding=\"async\" src=\"https:\/\/lh3.googleusercontent.com\/pw\/AL9nZEUhTvS7CVuSDr90tVFSUJoSLBGs0XNxh6ML8M3fEs3vNKEl1JOHeKhZyA83riYg9gCfiyBeTng8E2Zaol0wpC6J2vTsO-lY1P6mvFMywVXKz3L-Xa0mTZltSXFaV1vpmanMmgNiIDarIckUU5O91VwZ=w2000-h1500-no?authuser=0\" width=\"2000\" height=\"1500\" alt=\"Uzaktaki televizyon kulesinin g\u00f6r\u00fcn\u00fcm\u00fc\" class=\"size-full\" \/><\/a><figcaption class=\"wp-caption-text\">Uzaktaki televizyon kulesinin g\u00f6r\u00fcn\u00fcm\u00fc<\/figcaption><\/figure>\n<h3>G\u00fcne\u015f batarken \u0131\u015f\u0131klar yand\u0131 ve Hokuryu kasabas\u0131n\u0131n stand\u0131 ayd\u0131nland\u0131!<\/h3>\n<figure class=\"wp-caption aligncenter\"><a href=\"https:\/\/photos.google.com\/share\/AF1QipMb1m3f1F0yPF3O3CClGYcjaWWUh-ifI5LhgBmuZaqjb_4N9ipbD8lLjNM3EbiFLw\/photo\/AF1QipPDOLxA6qKKlP-vYP16ZZXpUaq5T1GniIIZJao?key=TWFBVTJFNVJtNE5NeVU5SFdJam1XX1NsaXBYTGln\" target=\"_blank\" rel=\"noopener\"><img decoding=\"async\" src=\"https:\/\/lh3.googleusercontent.com\/pw\/AL9nZEUX-sDKBFQeFdke4OUuqXwVrE5RFSLTFGwNniJlTwrBnih8ikAILe2WcN6OlmeGJ2P58fbnxOEEo14ttkkbmCHPLtt_7FryQrdRNRu1WCqJr879dr6X4i2TEZPFZJrAkpSN1gSdzcFh6JjYVm4eyspi=w2000-h1500-no?authuser=0\" width=\"2000\" height=\"1500\" alt=\"Hokuryu Kasabas\u0131 stand\u0131 t\u00fcm \u0131\u015f\u0131klarla \u0131\u015f\u0131l \u0131\u015f\u0131ld\u0131!\" class=\"size-full\" \/><\/a><figcaption class=\"wp-caption-text\">Hokuryu Kasabas\u0131 stand\u0131 t\u00fcm \u0131\u015f\u0131klarla \u0131\u015f\u0131l \u0131\u015f\u0131ld\u0131!<\/figcaption><\/figure>\n<h3>Yeni pirin\u00e7 toplama etkinli\u011finin son m\u00fc\u015fterisi<\/h3>\n<figure class=\"wp-caption aligncenter\"><a href=\"https:\/\/photos.google.com\/share\/AF1QipMb1m3f1F0yPF3O3CClGYcjaWWUh-ifI5LhgBmuZaqjb_4N9ipbD8lLjNM3EbiFLw\/photo\/AF1QipP8SkUl9nHQWAlQi70R-kBGNdY9h6w8rcZ6y6g?key=TWFBVTJFNVJtNE5NeVU5SFdJam1XX1NsaXBYTGln\" target=\"_blank\" rel=\"noopener\"><img decoding=\"async\" src=\"https:\/\/lh3.googleusercontent.com\/pw\/AL9nZEVFKP7Rl-DraL32gac1al89m54MDwLNA9pm4TOAHyxydVp0UpoaoBbgLHGvZm9BHgFR8EkSDBjKMrhnTVrqs2KVNi8PPStCo7nSlnKFOlmCP_6AM4QExf9LuwBovuiNljkzeSBnVJxSPMyFGLGGwwJu=w2000-h1500-no?authuser=0\" width=\"2000\" height=\"1500\" alt=\"Yeni pirin\u00e7 toplama etkinli\u011finin son m\u00fc\u015fterisi\" class=\"size-full\" \/><\/a><figcaption class=\"wp-caption-text\">Yeni pirin\u00e7 toplama etkinli\u011finin son m\u00fc\u015fterisi<\/figcaption><\/figure>\n<h3>Personel son temizli\u011fi tamamlamak i\u00e7in t\u00fcm g\u00fcc\u00fcn\u00fc toplad\u0131!<\/h3>\n<figure class=\"wp-caption aligncenter\"><a href=\"https:\/\/photos.google.com\/share\/AF1QipMb1m3f1F0yPF3O3CClGYcjaWWUh-ifI5LhgBmuZaqjb_4N9ipbD8lLjNM3EbiFLw\/photo\/AF1QipOPzGJ1z6gNa4sXk7Xq-T2OT2dGvFcY231wNq4?key=TWFBVTJFNVJtNE5NeVU5SFdJam1XX1NsaXBYTGln\" target=\"_blank\" rel=\"noopener\"><img decoding=\"async\" src=\"https:\/\/lh3.googleusercontent.com\/pw\/AL9nZEXLXuFHsRQn-VDQaMvAWsk8RqvFiFmntxSoLS-wnGPhWG_qt1A-cH-Z5LSRr6uYgICsMTtOW9KOy5vnQviDi0z9V3w7_-ZoTyqHxoX-LRHJABxg6fIkdgmbAlafStJjY7s3EcsLWy6SqB9vw5UpCJun=w2000-h1500-no?authuser=0\" width=\"2000\" height=\"1500\" alt=\"Personel son temizli\u011fi tamamlamak i\u00e7in t\u00fcm g\u00fcc\u00fcn\u00fc toplad\u0131!\" class=\"size-full\" \/><\/a><figcaption class=\"wp-caption-text\">Personel son temizli\u011fi tamamlamak i\u00e7in t\u00fcm g\u00fcc\u00fcn\u00fc toplad\u0131!<\/figcaption><\/figure>\n<h2>Emekleriniz i\u00e7in te\u015fekk\u00fcr ederim! Ve \u00e7ok te\u015fekk\u00fcr ederim!<\/h2>\n<p>\u00dc\u00e7 g\u00fcn boyunca a\u00e7\u0131l\u0131\u015f haz\u0131rl\u0131klar\u0131ndan son g\u00fcne kadar, \u00e7al\u0131\u015fanlar d\u00f6n\u00fc\u015f\u00fcml\u00fc olarak birlikte \u00e7al\u0131\u015ft\u0131lar. Harika bir ekip \u00e7al\u0131\u015fmas\u0131yla Kitary\u016b Kasabas\u0131&#039;n\u0131n tan\u0131t\u0131m\u0131na t\u00fcm enerjilerini verdiler! Emekleriniz i\u00e7in \u00e7ok te\u015fekk\u00fcr ederim.<\/p>\n<p>T\u00fcm personelimize, bizi desteklemeye gelen herkese ve Kitary\u016b Kasabas\u0131 stand\u0131n\u0131 ziyaret eden herkese en i\u00e7ten \u015f\u00fckranlar\u0131m\u0131z\u0131 sunmak istiyoruz. \u00e7ok te\u015fekk\u00fcr ederim.<\/p>\n<p>Yak\u0131c\u0131 bir tutkunun alevlendi\u011fi Sapporo Sonbahar Festivali 2022&#039;ye y\u00fcrekten \u015f\u00fckranlar\u0131m\u0131zla. . .<\/p>\n<figure class=\"wp-caption aligncenter\"><a href=\"https:\/\/photos.google.com\/share\/AF1QipMb1m3f1F0yPF3O3CClGYcjaWWUh-ifI5LhgBmuZaqjb_4N9ipbD8lLjNM3EbiFLw\/photo\/AF1QipNnLtC88QSd3gLW5fNqiBfIYYl0Ul0VIF963Hg?key=TWFBVTJFNVJtNE5NeVU5SFdJam1XX1NsaXBYTGln\" target=\"_blank\" rel=\"noopener\"><img decoding=\"async\" src=\"https:\/\/lh3.googleusercontent.com\/pw\/AL9nZEU0kNxkuY3KNdr14z2p3Ph1NtjQNnnT-pHz9sk0G7Pp6tEk1zYMNlNRe92YWvZWiuDd7z7fwzgr4cb5iHUeew6qIRcT4e7INKFsqv5OTbrdgZS1v0xX59LTIqvfls3PFCK0T8wU7wnOpZ0yVjFFD0kW=w2000-h1500-no?authuser=0\" width=\"2000\" height=\"1500\" alt=\"Yak\u0131c\u0131 bir tutkunun alevlendi\u011fi Sapporo Sonbahar Festivali 2022&#039;ye y\u00fcrekten \u015f\u00fckranlar\u0131m\u0131zla. . .\" class=\"size-full\" \/><\/a><figcaption class=\"wp-caption-text\">Yak\u0131c\u0131 bir tutkunun alevlendi\u011fi Sapporo Sonbahar Festivali 2022&#039;ye y\u00fcrekten \u015f\u00fckranlar\u0131m\u0131zla. . .<\/figcaption><\/figure>\n<p>Hokkaido&#039;nun enfes lezzetlerinin bir araya geldi\u011fi muhte\u015fem bir sonbahar festivali.<br \/>\n2022 Sapporo Sonbahar Festivali, Hokkaido&#039;yu sevenlerin tutkusunu ate\u015fleyecek.<br \/>\n\u00c7ok\u00e7a sevgi, \u015f\u00fckran ve dualar\u0131mla. . .<\/p>\n<h2>Youtube videolar\u0131<\/h2>\n<div class=\"youtube\"><iframe title=\"Sapporo Sonbahar Festivali 2022, Hokuryu Kasabas\u0131 A\u00e7\u0131l\u0131\u015f\u0131\u2757\ufe0fTe\u015fekk\u00fcrler\u2757\ufe0f\" src=\"https:\/\/www.youtube.com\/embed\/a7tbRJVVr8M?feature=oembed\" frameborder=\"0\" allow=\"accelerometer; autoplay; clipboard-write; encrypted-media; gyroscope; picture-in-picture\" allowfullscreen><\/iframe><\/div>\n<h2>Di\u011fer foto\u011fraflar<\/h2>\n<div class=\"img-move\">\n<img decoding=\"async\" src=\"https:\/\/ehokkaido.net\/wp-content\/uploads\/2021\/12\/2021-12-06-11.41.12.png\" style=\"vertical-align:middle;\"> <a href=\"https:\/\/photos.google.com\/share\/AF1QipMb1m3f1F0yPF3O3CClGYcjaWWUh-ifI5LhgBmuZaqjb_4N9ipbD8lLjNM3EbiFLw?key=TWFBVTJFNVJtNE5NeVU5SFdJam1XX1NsaXBYTGln\" target=\"_blank\" rel=\"noopener noreferrer\">Sapporo Sonbahar Festivali 2022&#039;deki Hokuryu Kasabas\u0131 stand\u0131n\u0131n foto\u011fraflar\u0131 (248 foto\u011fraf) burada &gt;&gt;<\/a><\/p>\n<h2>\u0130lgili makaleler<\/h2>\n<h4>2022<\/h4>\n<p>\u30fb<a href=\"https:\/\/portal.hokuryu.info\/tr\/24653\/\" target=\"_blank\" rel=\"noopener\"> Sapporo Sonbahar Festivali 2022&#039;nin son g\u00fcn\u00fc: Son hamle\u2757\ufe0f<\/a>(3 Ekim 2022)<br \/>\n\u30fb<a href=\"https:\/\/portal.hokuryu.info\/tr\/24649\/\" target=\"_blank\" rel=\"noopener\"> 2. G\u00fcn: Sapporo Sonbahar Festivali 2022 - Belediye Ba\u015fkan\u0131 Yutaka Sano cesaretlendirici s\u00f6zler s\u00f6yl\u00fcyor\u2757\ufe0f<\/a>(3 Ekim 2022)<br \/>\n\u30fb<a href=\"https:\/\/portal.hokuryu.info\/tr\/24544\/\" target=\"_blank\" rel=\"noopener\"> Sapporo Sonbahar Festivali 2022&#039;nin ilk g\u00fcn\u00fc - Yeni pirin\u00e7 &quot;Himawari Pirinci&quot; teslim ediliyor<\/a>(3 Ekim 2022)<\/p>\n<h4>2018<\/h4>\n<p>\u30fb<a href=\"https:\/\/portal.hokuryu.info\/tr\/topics\/agri\/20181009.html\/\" target=\"_blank\" rel=\"noopener\"> Sapporo Sonbahar Festivali 2018 (Sapporo \u015eehri) T\u00fcm Hokuryu&#039;nun Hokuryu Kasabas\u0131 Stand\u0131 b\u00fcy\u00fck bir ba\u015far\u0131yd\u0131<\/a>(9 Ekim 2018)<\/p>\n<h4>2017<\/h4>\n<p>\u30fb<a href=\"https:\/\/portal.hokuryu.info\/tr\/topics\/agri\/20171004.html\/\" target=\"_blank\" rel=\"noopener\"> Sapporo Sonbahar Festivali 2017: Hokuryu Kasabas\u0131n\u0131n Yeni Ay\u00e7i\u00e7e\u011fi Pirin\u00e7 Toplama Etkinli\u011fi B\u00fcy\u00fck Bir Ba\u015far\u0131yd\u0131<\/a>(4 Ekim 2017)<\/p>\n<h4>2016<\/h4>\n<p>\u30fb<a href=\"https:\/\/portal.hokuryu.info\/tr\/hazine\/20161001-5.html\/\" target=\"_blank\" rel=\"noopener\"> Son g\u00fcn: Son [Hokuryu Kasaba Stand\u0131 @ Sapporo Sonbahar Festivali 2016]<\/a>(1 Ekim 2016)<br \/>\n\u30fb<a href=\"https:\/\/portal.hokuryu.info\/tr\/hazine\/20161001-4.html\/\" target=\"_blank\" rel=\"noopener\"> Final G\u00fcn\u00fc 4 [Hokuryu Kasaba Stand\u0131 @ Sapporo Sonbahar Festivali 2016]<\/a>(1 Ekim 2016)<br \/>\n\u30fb<a href=\"https:\/\/portal.hokuryu.info\/tr\/hazine\/20161001-3.html\/\" target=\"_blank\" rel=\"noopener\"> Final G\u00fcn\u00fc 3 [Hokuryu Kasaba Stand\u0131 @ Sapporo Sonbahar Festivali 2016]<\/a>(1 Ekim 2016)<br \/>\n\u30fb<a href=\"https:\/\/portal.hokuryu.info\/tr\/hazine\/20161001-2.html\/\" target=\"_blank\" rel=\"noopener\"> Final G\u00fcn\u00fc 2 [Hokuryu Kasaba Stand\u0131 @ Sapporo Sonbahar Festivali 2016]<\/a>(1 Ekim 2016)<br \/>\n\u30fb<a href=\"https:\/\/portal.hokuryu.info\/tr\/hazine\/20161001-1.html\/\" target=\"_blank\" rel=\"noopener\"> Final G\u00fcn\u00fc 1 [Hokuryu Kasaba Stand\u0131 @ Sapporo Sonbahar Festivali 2016]<\/a>(1 Ekim 2016)<br \/>\n\u30fb<a href=\"https:\/\/portal.hokuryu.info\/tr\/hazine\/20160930-2.html\/\" target=\"_blank\" rel=\"noopener\"> 2. G\u00fcn, 2. B\u00f6l\u00fcm [Hokuryu Kasaba Stand\u0131 @ Sapporo Sonbahar Festivali 2016]<\/a>(30 Eyl\u00fcl 2016)<br \/>\n\u30fb<a href=\"https:\/\/portal.hokuryu.info\/tr\/hazine\/20160930-1.html\/\" target=\"_blank\" rel=\"noopener\"> 2. G\u00fcn, 1. B\u00f6l\u00fcm [Hokuryu Kasaba Stand\u0131 @ Sapporo Sonbahar Festivali 2016]<\/a>(30 Eyl\u00fcl 2016)<br \/>\n\u30fb<a href=\"https:\/\/portal.hokuryu.info\/tr\/hazine\/20160929-2.html\/\" target=\"_blank\" rel=\"noopener\"> 1. G\u00fcn: 2. B\u00f6l\u00fcm [Hokuryu Kasaba Stand\u0131 @ Sapporo Sonbahar Festivali 2016]<\/a>(29 Eyl\u00fcl 2016)<br \/>\n\u30fb<a href=\"https:\/\/portal.hokuryu.info\/tr\/hazine\/20160929-1.html\/\" target=\"_blank\" rel=\"noopener\"> 1. G\u00fcn: Hokuryu Kasaba Stand\u0131 @ Sapporo Sonbahar Festivali 2016<\/a>(29 Eyl\u00fcl 2016)<\/p>\n<h4>2015<\/h4>\n<p>\u30fb<a href=\"https:\/\/portal.hokuryu.info\/tr\/topics\/agri\/20151004.html\/\" target=\"_blank\" rel=\"noopener\"> Sapporo Sonbahar Festivali&#039;nin son g\u00fcn\u00fc, Hokuryu Kasaba Stand\u0131, t\u00fcm deste\u011finiz i\u00e7in te\u015fekk\u00fcr ederiz<\/a>(4 Ekim 2015)<br \/>\n\u30fb<a href=\"https:\/\/portal.hokuryu.info\/tr\/topics\/agri\/20151003.html\/\" target=\"_blank\" rel=\"noopener\"> 3. G\u00fcn: Sapporo Sonbahar Festivali 2015, Hokuryu Kasaba Stand\u0131, Uzun kuyruklar, personelin harika \u00e7al\u0131\u015fmas\u0131<\/a>(3 Ekim 2015)<br \/>\n\u30fb<a href=\"https:\/\/portal.hokuryu.info\/tr\/topics\/agri\/20151002.html\/\" target=\"_blank\" rel=\"noopener\"> 2. G\u00fcn, Sapporo Sonbahar Festivali 2015, Hokuryu Kasaba Stand\u0131, Nazik yorumlar\u0131n\u0131z i\u00e7in te\u015fekk\u00fcr ederiz.<\/a>(2 Ekim 2015)<br \/>\n\u30fb<a href=\"https:\/\/portal.hokuryu.info\/tr\/topics\/agri\/20151001.html\/\" target=\"_blank\" rel=\"noopener\"> Sapporo Sonbahar Festivali 2015&#039;in ilk g\u00fcn\u00fcnde, Hokuryu Kasabas\u0131 stand\u0131nda, Kuroryu Curry Ramen b\u00fcy\u00fck ilgi g\u00f6rd\u00fc!<\/a>(1 Ekim 2015)<\/p>\n<h4>2014<\/h4>\n<p>\u30fb<a href=\"https:\/\/portal.hokuryu.info\/tr\/topics\/agri\/20141002.html\/\" target=\"_blank\" rel=\"noopener\">Sapporo Sonbahar Festivali 2014 - Hokuryu Kasabas\u0131 stand\u0131n\u0131n son g\u00fcn\u00fc - Te\u015fekk\u00fcrler!<\/a>(2 Ekim 2014)<br \/>\n\u30fb<a href=\"https:\/\/portal.hokuryu.info\/tr\/topics\/agri\/20140926.html\/\" target=\"_blank\" rel=\"noopener\"> Sapporo Sonbahar Festivali 2014 - Hokuryu Kasabas\u0131 Booth&#039;un ilk g\u00fcn\u00fc: &quot;Siyah K\u00f6ri&quot; sat\u0131\u015fta!<\/a>(26 Eyl\u00fcl 2014)<br \/>\n\u30fb<a href=\"https:\/\/portal.hokuryu.info\/tr\/topics\/agri\/20140918.html\/\" target=\"_blank\" rel=\"noopener\"> Kurosengoku pirinciyle yap\u0131lan orijinal bir k\u00f6ri olan &quot;Siyah K\u00f6ri&quot;, 3. Hokuryu Kasaba Sonbahar Festivali 2014&#039;te sergilenecek!<\/a>(18 Eyl\u00fcl 2014)<\/p>\n<h4>2013<\/h4>\n<p>\u30fb<a href=\"https:\/\/portal.hokuryu.info\/tr\/topics\/agri\/20131003.html\/\" target=\"_blank\" rel=\"noopener\"> Sapporo Sonbahar Festivali 2013 - Hokuryu Kasabas\u0131 stand\u0131n\u0131n son g\u00fcn\u00fc - Te\u015fekk\u00fcrler!<\/a>(3 Ekim 2013)<br \/>\n\u30fb<a href=\"https:\/\/portal.hokuryu.info\/tr\/topics\/agri\/20130929.html\/\" target=\"_blank\" rel=\"noopener\"> Sapporo Sonbahar Festivali 2013, Hokuryu Kasabas\u0131 Stand\u0131, 2. G\u00fcn<\/a>(29 Eyl\u00fcl 2013)<br \/>\n\u30fb<a href=\"https:\/\/portal.hokuryu.info\/tr\/topics\/agri\/20130927.html\/\" target=\"_blank\" rel=\"noopener\"> Sonbahar Festivali 2013&#039;\u00fcn ilk g\u00fcn\u00fc: Yeni pirin\u00e7 Oborozuki, Nanatsuboshi, Kurosengoku ve Kuroryu Miso eri\u015fteleri b\u00fcy\u00fck ilgi g\u00f6r\u00fcyor!<\/a>(27 Eyl\u00fcl 2013)<br \/>\n\u30fb<a href=\"https:\/\/portal.hokuryu.info\/tr\/topics\/agri\/20130918.html\/\" target=\"_blank\" rel=\"noopener\"> Kuroryu Miso Eri\u015fteleri (Hokuryu Kasabas\u0131) 2013 Sonbahar Festivali&#039;nde bol miktarda Kurosengoku ile birlikte yer alacak<\/a>(18 Eyl\u00fcl 2013)<\/p>\n<h4>2012<\/h4>\n<p>\u30fb<a href=\"https:\/\/portal.hokuryu.info\/tr\/topics\/agri\/20121004.html\/\" target=\"_blank\" rel=\"noopener\"> Sapporo Sonbahar Festivali 2012&#039;de Hokuryu Kasabas\u0131 stand\u0131n\u0131n muhte\u015fem \u00e7abalar\u0131!<\/a>(4 Ekim 2012)<br \/>\n\u30fb<a href=\"https:\/\/portal.hokuryu.info\/tr\/topics\/agri\/20120929.html\/\" target=\"_blank\" rel=\"noopener\"> Kurosengoku miso ile yap\u0131lan ve iki y\u0131l dinlendirilen &quot;Kokuryu Miso Ramen&quot;, 2012 Sonbahar Festivali&#039;nde s\u0131n\u0131rl\u0131 say\u0131da \u00fcretildi ve b\u00fcy\u00fck ilgi g\u00f6rd\u00fc!<\/a>(29 Eyl\u00fcl 2012)<\/p>\n<h4>2010<\/h4>\n<p>\u30fb<a href=\"https:\/\/portal.hokuryu.info\/tr\/topics\/agri\/20101001.html\/\" target=\"_blank\" rel=\"noopener\"> Sapporo Sonbahar Festivali 2010 Youtube<\/a>(1 Ekim 2010)<br \/>\n\u30fb<a href=\"https:\/\/portal.hokuryu.info\/tr\/topics\/agri\/20101002.html\/\" target=\"_blank\" rel=\"noopener\"> Sapporo Sonbahar Festivali 2010 (Sapporo, Hokkaido) - B\u00f6l\u00fcm 2 -<\/a>(2 Ekim 2010)<br \/>\n\u30fb<a href=\"https:\/\/portal.hokuryu.info\/tr\/topics\/agri\/20101001-1.html\/\" target=\"_blank\" rel=\"noopener\"> Sapporo Sonbahar Festivali 2010 (Sapporo, Hokkaido) - B\u00f6l\u00fcm 1 -<\/a>(1 Ekim 2010)<br \/>\n\u3000<\/p>\n<p>\u25c7 \u00c7ekim ve kurgu: Noboru Terauchi R\u00f6portaj ve metin: Ikuko Terauchi<\/p><\/div>","protected":false},"excerpt":{"rendered":"<p>\uff12\uff10\uff12\uff12\u5e74\uff11\uff10\u6708\uff14\u65e5\uff08\u706b\uff09 \u5927\u901a\u516c\u5712\uff08\u672d\u5e4c\u5e02\uff09\u3067\u958b\u50ac\u3055\u308c\u308b\u5317\u6d77\u9053\u306e\u98df\u306e\u30a4\u30d9\u30f3\u30c8\u300c\u3055\u3063\u307d\u308d\u30aa\u30fc\u30bf\u30e0\u30d5\u30a7\u30b9\u30c8\u300d\u306f\u3001\u65b0\u578b\u30b3\u30ed\u30ca\u30a6\u30a3\u30eb\u30b9\u306e\u5f71\u97ff\u306b\u3088\u308a\u3001\u4eca\u5e74\uff13\u5e74\u3076\u308a\u306e\u958b\u50ac\u3068\u306a\u308a\u307e\u3057\u305f\uff08\u203b 2020\u5e74\uff5e2021\u5e74 [&hellip;]<\/p>\n","protected":false},"author":1,"featured_media":24694,"comment_status":"open","ping_status":"open","sticky":false,"template":"","format":"standard","meta":{"footnotes":""},"categories":[4],"tags":[],"class_list":["post-24676","post","type-post","status-publish","format-standard","has-post-thumbnail","hentry","category-cover-story"],"_links":{"self":[{"href":"https:\/\/portal.hokuryu.info\/tr\/wp-json\/wp\/v2\/posts\/24676","targetHints":{"allow":["GET"]}}],"collection":[{"href":"https:\/\/portal.hokuryu.info\/tr\/wp-json\/wp\/v2\/posts"}],"about":[{"href":"https:\/\/portal.hokuryu.info\/tr\/wp-json\/wp\/v2\/types\/post"}],"author":[{"embeddable":true,"href":"https:\/\/portal.hokuryu.info\/tr\/wp-json\/wp\/v2\/users\/1"}],"replies":[{"embeddable":true,"href":"https:\/\/portal.hokuryu.info\/tr\/wp-json\/wp\/v2\/comments?post=24676"}],"version-history":[{"count":0,"href":"https:\/\/portal.hokuryu.info\/tr\/wp-json\/wp\/v2\/posts\/24676\/revisions"}],"wp:featuredmedia":[{"embeddable":true,"href":"https:\/\/portal.hokuryu.info\/tr\/wp-json\/wp\/v2\/media\/24694"}],"wp:attachment":[{"href":"https:\/\/portal.hokuryu.info\/tr\/wp-json\/wp\/v2\/media?parent=24676"}],"wp:term":[{"taxonomy":"category","embeddable":true,"href":"https:\/\/portal.hokuryu.info\/tr\/wp-json\/wp\/v2\/categories?post=24676"},{"taxonomy":"post_tag","embeddable":true,"href":"https:\/\/portal.hokuryu.info\/tr\/wp-json\/wp\/v2\/tags?post=24676"}],"curies":[{"name":"wp","href":"https:\/\/api.w.org\/{rel}","templated":true}]}}