{"id":24052,"date":"2022-09-20T06:39:27","date_gmt":"2022-09-19T21:39:27","guid":{"rendered":"https:\/\/portal.hokuryu.info\/?p=24052"},"modified":"2022-09-20T08:22:05","modified_gmt":"2022-09-19T23:22:05","slug":"northern-blessings-gida-pazari-2022-istasyon-pazari-asahikawa-sehri","status":"publish","type":"post","link":"https:\/\/portal.hokuryu.info\/tr\/24052\/","title":{"rendered":"Kurosengoku \u0130\u015f Kooperatifi (Ba\u015fkan Takada Yukio, Hokuryu Kasabas\u0131) Northern Blessings G\u0131da Pazar\u0131 2022\/Eki Pazar\u0131&#039;nda (Asahikawa \u015eehri) bir stand a\u00e7acak!"},"content":{"rendered":"<p>Sal\u0131, 20 Eyl\u00fcl 2022<\/p>\n<p>&quot;Northern Blessings Tabe Marche 2022&quot; Asahikawa \u015fehrinde d\u00fczenlenecek bir sonbahar gurme festivalidir.<\/p>\n<p>Bu y\u0131l etkinli\u011fin 11. y\u0131l\u0131 ve \u00fc\u00e7 y\u0131l aradan sonra ilk kez 17 Eyl\u00fcl (Cumartesi) ile 19 Eyl\u00fcl (Pazartesi, ulusal tatil) aras\u0131nda \u00fc\u00e7 g\u00fcn boyunca d\u00fczenlenecek. \u015eehir merkezinde 1,7 km uzanan mekanda yakla\u015f\u0131k 300 ma\u011faza bir araya gelecek!<\/p>\n<ul>\n<li><strong>mekan:<\/strong>Asahikawa \u015eehir Merkezi (Asahikawa \u0130stasyon Meydan\u0131, Heiwadori Al\u0131\u015fveri\u015f Park\u0131, Shichijo Greenway)<\/li>\n<li><strong>Organizat\u00f6r:<\/strong>Northern Blessings G\u0131da Y\u00fcr\u00fcy\u00fc\u015f\u00fc Y\u00fcr\u00fctme Kurulu<\/li>\n<li><strong>Ortak D\u00fczenleyen:<\/strong>Hokkaido Shimbun Asahikawa \u015eubesi<\/li>\n<\/ul>\n<h2>G\u0131da Pazar\u0131\/\u0130stasyon Meydan\u0131 (\u0130stasyon Meydan\u0131)<\/h2>\n<p>Heiwadori Al\u0131\u015fveri\u015f Park\u0131&#039;nda s\u0131ralanan kat\u0131l\u0131mc\u0131 stantlar (Asahikawa \u0130stasyonu platformunda foto\u011frafland\u0131).<\/p>\n<figure class=\"wp-caption aligncenter\"><a href=\"https:\/\/photos.google.com\/share\/AF1QipPkS9p0GW8IFHEst3BhUoOcemwpnID2DKveq_HA1PpsisDntPZjU80nKUGsr3kSaw\/photo\/AF1QipM5hmTRQO01hr3j0PjX_UI2v-Ml1L5L2oaWlZA?key=c1RfeEZWRTVsU200OGFlVmZibGNZX2ZoWTBJSTJn\" target=\"_blank\" rel=\"noopener\"><img decoding=\"async\" src=\"https:\/\/lh3.googleusercontent.com\/pw\/AL9nZEVsgBiZOebwLRTJWqsV8qcB8hBNkxeeXqYEsJX2m0ys8tIHrGTqoCRgNYW3-DzBaGYAte4i9ZbeGNS6krwnt9FgOqM1Ai5p5h__Hs0taeaTsQi1bJDB5MjFplXuPrmLGMvyaoROvxu8TDftgz9ikTkP=w2000-h1500-no?authuser=0\" width=\"2000\" height=\"1500\" alt=\"Heiwadori Al\u0131\u015fveri\u015f Park\u0131&#039;nda kat\u0131l\u0131mc\u0131 stantlar s\u0131raland\u0131\" class=\"size-full\" \/><\/a><figcaption class=\"wp-caption-text\">Heiwadori Al\u0131\u015fveri\u015f Park\u0131&#039;nda kat\u0131l\u0131mc\u0131 stantlar s\u0131raland\u0131<\/figcaption><\/figure>\n<figure class=\"wp-caption aligncenter\"><a href=\"https:\/\/photos.google.com\/share\/AF1QipPkS9p0GW8IFHEst3BhUoOcemwpnID2DKveq_HA1PpsisDntPZjU80nKUGsr3kSaw\/photo\/AF1QipOZiqKiQdjfgCFW_jcyoSmgYk7vmmGeU76NDX4?key=c1RfeEZWRTVsU200OGFlVmZibGNZX2ZoWTBJSTJn\" target=\"_blank\" rel=\"noopener\"><img decoding=\"async\" src=\"https:\/\/lh3.googleusercontent.com\/pw\/AL9nZEVFFOqS40RvX4HZnEh38CxxwJR9qy62haE6fAx-92xw3xo1khldB20p_lFCYohPUV3haCftBWl7fei2289MGL_ILDcZ9-6WkNZq6xvMYTrxvsJthro4jcZzrkqrM-P1PBaTWUY-kp803vZb_gn-qZHm=w2000-h1500-no?authuser=0\" width=\"2000\" height=\"1500\" alt=\"Kat\u0131l\u0131mc\u0131 stantlar Asahikawa \u0130stasyonu \u00f6n\u00fcnde s\u0131raland\u0131\" class=\"size-full\" \/><\/a><figcaption class=\"wp-caption-text\">Kat\u0131l\u0131mc\u0131 stantlar Asahikawa \u0130stasyonu \u00f6n\u00fcnde s\u0131raland\u0131<\/figcaption><\/figure>\n<h2>Asahikawa \u0130stasyonu&#039;nun i\u00e7inde bir ma\u011faza a\u00e7\u0131ld\u0131<\/h2>\n<p>Hokuryu Kasabas\u0131&#039;ndan Kurosengoku Ticaret Kooperatifi Derne\u011fi (Ba\u015fkan Takada Yukio), Asahikawa \u0130stasyonu&#039;nun i\u00e7indeki etkinlik alan\u0131nda bir stant kuracak!<\/p>\n<p>Stand\u0131m\u0131z Asahikawa \u0130stasyonu&#039;nun g\u00fcney hol\u00fcnde 62 numaral\u0131 stantta yer alacakt\u0131r.<\/p>\n<figure class=\"wp-caption aligncenter\"><a href=\"https:\/\/photos.google.com\/share\/AF1QipPkS9p0GW8IFHEst3BhUoOcemwpnID2DKveq_HA1PpsisDntPZjU80nKUGsr3kSaw\/photo\/AF1QipMCid0_R6NHC-xfN1Y8MtgWbpXsZoKjHGMLHJ8?key=c1RfeEZWRTVsU200OGFlVmZibGNZX2ZoWTBJSTJn\" target=\"_blank\" rel=\"noopener\"><img decoding=\"async\" src=\"https:\/\/lh3.googleusercontent.com\/pw\/AL9nZEUW09npdJSAb5ZB7m7D4voyEEGonVdT_L7TUqceYefFNRS0NbNhLvLMJfuYOQWrhr8wRFDKmq6zvyWq-mAKanWOH_riruw9el-h1oEsDYwWrSzw4VxDadVuHEsjA06NZV8iI9r-Myx0xMeWV1Doh5TK=w2000-h1500-no?authuser=0\" width=\"2000\" height=\"1500\" alt=\"Asahikawa \u0130stasyonu Rehberi Haritas\u0131\" class=\"size-full\" \/><\/a><figcaption class=\"wp-caption-text\">Asahikawa \u0130stasyonu Rehber Haritas\u0131 (1)<\/figcaption><\/figure>\n<figure class=\"wp-caption aligncenter\"><a href=\"https:\/\/photos.google.com\/share\/AF1QipPkS9p0GW8IFHEst3BhUoOcemwpnID2DKveq_HA1PpsisDntPZjU80nKUGsr3kSaw\/photo\/AF1QipPfYk4rvhjoDTn9zdnrPeu1ItXayDMZv8I-2cI?key=c1RfeEZWRTVsU200OGFlVmZibGNZX2ZoWTBJSTJn\" target=\"_blank\" rel=\"noopener\"><img decoding=\"async\" src=\"https:\/\/lh3.googleusercontent.com\/pw\/AL9nZEVepyiqSdHOWtpmu0OM4mwHDbPd_ptfCenv04kMUHCpEVbif_U4kaW0K_qFQIagCCOq2L6TOJ-aHNvPqGiY0cB4H6BfMnqtpUALh0rs9ktlVIh8-h9tZJBnV4Cr1sN51v9M57Y8_CtSZgaD2tpBi5_7=w2000-h1500-no?authuser=0\" width=\"2000\" height=\"1500\" alt=\"Asahikawa \u0130stasyonu Rehberi Haritas\u0131\" class=\"size-full\" \/><\/a><figcaption class=\"wp-caption-text\">Asahikawa \u0130stasyonu Rehber Haritas\u0131 (2)<\/figcaption><\/figure>\n<h2>Kurosengoku \u0130\u015f Kooperatifi Derne\u011fi<\/h2>\n<figure class=\"wp-caption aligncenter\"><a href=\"https:\/\/photos.google.com\/share\/AF1QipPkS9p0GW8IFHEst3BhUoOcemwpnID2DKveq_HA1PpsisDntPZjU80nKUGsr3kSaw\/photo\/AF1QipNHFCGFnKtE2lq9kpttQm1jndMtw3WBjWOUQbQ?key=c1RfeEZWRTVsU200OGFlVmZibGNZX2ZoWTBJSTJn\" target=\"_blank\" rel=\"noopener\"><img decoding=\"async\" src=\"https:\/\/lh3.googleusercontent.com\/pw\/AL9nZEU-t2n1DLS1VdocZg6eOCUS23GwjZxGqc_C3slA38J5fSJ41TEZdW2K8_wE6f-iYVqQe1Lsg_u7_SJ1FOpau1fC5oYbbJ63cUoUKbtzoS2WFZf5GWMW6T4dsi9YvJtifweN2scrnxRM19168IMFhgwV=w2000-h1500-no?authuser=0\" width=\"2000\" height=\"1500\" alt=\"Kurosengoku \u0130\u015f Kooperatifi Derne\u011fi stand\u0131nda\" class=\"size-full\" \/><\/a><figcaption class=\"wp-caption-text\">Kurosengoku \u0130\u015f Kooperatifi Derne\u011fi stand\u0131nda<\/figcaption><\/figure>\n<p>&quot;Bu, \u00fc\u00e7 y\u0131ld\u0131r ilk istasyon y\u00fcr\u00fcy\u00fc\u015f\u00fc. L\u00fctfen gelin ve bol miktarda besleyici ve lezzetli Kurosengoku&#039;nun tad\u0131n\u0131 \u00e7\u0131kar\u0131n. Sizi g\u00f6rmeyi d\u00f6rt g\u00f6zle bekliyoruz,&quot; dedi g\u00fcl\u00fcmseyen Ba\u015fkan Takada Yukio.<\/p>\n<h3>\u00c7e\u015fitli Kurosengoku soya fasulyesi \u00fcr\u00fcnleri<\/h3>\n<p>Stantta Kurosengoku soya fasulyesi, Kurosengoku kinako (kavrulmu\u015f soya fasulyesi unu), Kurosengoku don, Kurosengoku gevre\u011fi, Kurosengoku soya eti, Kurosengoku \u00e7ay\u0131, Kurosengoku fasulye pirin\u00e7 setleri, Kurosengoku sosu, ay\u00e7i\u00e7ek ya\u011f\u0131 ve daha fazlas\u0131 dahil olmak \u00fczere geni\u015f bir \u00fcr\u00fcn yelpazesi yer alacak.<\/p>\n<figure class=\"wp-caption aligncenter\"><a href=\"https:\/\/photos.google.com\/share\/AF1QipPkS9p0GW8IFHEst3BhUoOcemwpnID2DKveq_HA1PpsisDntPZjU80nKUGsr3kSaw\/photo\/AF1QipNi89FSK07pfi5zpdxjAF1eeaB6osS6UHU9JF4?key=c1RfeEZWRTVsU200OGFlVmZibGNZX2ZoWTBJSTJn\" target=\"_blank\" rel=\"noopener\"><img decoding=\"async\" src=\"https:\/\/lh3.googleusercontent.com\/pw\/AL9nZEWOD44wsHI1NhfItmtGAfgST2ilDz__WgYyLowa-Loroev0xkUUPb5DNo6hamj2MUBnGBHL6YspBB5UDWsTeHEDF-CsvKBWjcF99bz6UxyYOWyiHg6brT1a3yjlmgR9zMmc4pi7MlBALOyIwDW9zDyy=w2000-h1500-no?authuser=0\" width=\"2000\" height=\"1500\" alt=\"Kurosengoku soya fasulyesinin \u00e7e\u015fitli t\u00fcrleri\" class=\"size-full\" \/><\/a><figcaption class=\"wp-caption-text\">Kurosengoku soya fasulyesinin \u00e7e\u015fitli t\u00fcrleri<\/figcaption><\/figure>\n<h3>Ay\u00e7i\u00e7ek ya\u011f\u0131, sos vb.<\/h3>\n<figure class=\"wp-caption aligncenter\"><a href=\"https:\/\/photos.google.com\/share\/AF1QipPkS9p0GW8IFHEst3BhUoOcemwpnID2DKveq_HA1PpsisDntPZjU80nKUGsr3kSaw\/photo\/AF1QipPY2EzSHCSd0REflz9VE8rb_lK3bhCB0f2gDDs?key=c1RfeEZWRTVsU200OGFlVmZibGNZX2ZoWTBJSTJn\" target=\"_blank\" rel=\"noopener\"><img decoding=\"async\" src=\"https:\/\/lh3.googleusercontent.com\/pw\/AL9nZEVkLOPKgN_uf1_L7LzqRGTTaUQ4laaS9wbX-MkyoafczGSjY9y4_T6rnv4YWG3QKQuajxP4WSPqb3n6JtoNCJf2wUNga_i7FJXnhNGP9kkdtItAlmDRq285g4QtXbCmgdci22GsHPCl0VfIEqSQm2Fx=w2000-h1500-no?authuser=0\" width=\"2000\" height=\"1500\" alt=\"Ay\u00e7i\u00e7ek ya\u011f\u0131, sos vb.\" class=\"size-full\" \/><\/a><figcaption class=\"wp-caption-text\">Ay\u00e7i\u00e7ek ya\u011f\u0131, sos vb.<\/figcaption><\/figure>\n<h3>Kurosengoku soya eti<\/h3>\n<p>Kurosengoku soya fasulyesi eti (Kurosengoku soya fasulyelerinden ya\u011f\u0131n s\u0131k\u0131lmas\u0131, ard\u0131ndan \u0131s\u0131t\u0131lmas\u0131, bas\u0131n\u00e7land\u0131r\u0131lmas\u0131 ve y\u00fcksek s\u0131cakl\u0131kta kurutulmas\u0131yla yap\u0131l\u0131r). Sergide, ayr\u0131nt\u0131l\u0131 ev yap\u0131m\u0131 talimatlar\u0131n yan\u0131 s\u0131ra Kurosengoku soya fasulyelerinin nas\u0131l haz\u0131rlanaca\u011f\u0131na dair bilgiler ve orijinal tarifler i\u00e7eren posterler bulunmaktad\u0131r.<\/p>\n<figure class=\"wp-caption aligncenter\"><a href=\"https:\/\/photos.google.com\/share\/AF1QipPkS9p0GW8IFHEst3BhUoOcemwpnID2DKveq_HA1PpsisDntPZjU80nKUGsr3kSaw\/photo\/AF1QipOpigJvDM1Wa7M6DzzfVGLEO_HxpaeYQJGuZtM?key=c1RfeEZWRTVsU200OGFlVmZibGNZX2ZoWTBJSTJn\" target=\"_blank\" rel=\"noopener\"><img decoding=\"async\" src=\"https:\/\/lh3.googleusercontent.com\/pw\/AL9nZEVlSBTSHoAEJONYH06oY8E15bW7lHoSTWigtdXm6-MoYSGddY8lvtrGLM8fkrKWgLD7m_fAx7AO0oVrMSz0iSnmXg4Mib97P-O4V119ej2--OqaIaB50QFbC3d5DCEPznwjn4MalKPGZlcJcF6Y94cX=w2000-h1500-no?authuser=0\" width=\"2000\" height=\"1500\" alt=\"Kurosengoku soya fasulyesi eti (Kurosengoku soya fasulyesinden \u00e7\u0131kar\u0131lan ya\u011f, \u0131s\u0131t\u0131l\u0131p bas\u0131n\u00e7land\u0131r\u0131l\u0131r, ard\u0131ndan y\u00fcksek s\u0131cakl\u0131kta kurutulur)\" class=\"size-full\" \/><\/a><figcaption class=\"wp-caption-text\">Kurosengoku soya fasulyesi eti (Kurosengoku soya fasulyesinden \u00e7\u0131kar\u0131lan ya\u011f, \u0131s\u0131t\u0131l\u0131p bas\u0131n\u00e7land\u0131r\u0131l\u0131r, ard\u0131ndan y\u00fcksek s\u0131cakl\u0131kta kurutulur)<\/figcaption><\/figure>\n<h4>Kurosengoku soya eti tarifi (haz\u0131rlanma ve pi\u015firme \u00f6rne\u011fi)<\/h4>\n<figure class=\"wp-caption aligncenter\"><a href=\"https:\/\/photos.google.com\/share\/AF1QipPkS9p0GW8IFHEst3BhUoOcemwpnID2DKveq_HA1PpsisDntPZjU80nKUGsr3kSaw\/photo\/AF1QipOHDTyGhgemC_qSI-EOgL9PbzRUETL0NpEbNT8?key=c1RfeEZWRTVsU200OGFlVmZibGNZX2ZoWTBJSTJn\" target=\"_blank\" rel=\"noopener\"><img decoding=\"async\" src=\"https:\/\/lh3.googleusercontent.com\/pw\/AL9nZEXwAZSXXR91PBokm0bbDzWa9bVpJdD3nbB4e9RD1lpRuzwOb63kczHe9s_u6lPDiEfNU8C4mMQ3Et8Fr8vJP8uyYSvAZuiaDxkrURuBKy9_qkOiINTkbxlYeJ_gAX4yO269vrAYA1DydkkoMBjxV1yH=w2000-h1500-no?authuser=0\" width=\"2000\" height=\"1500\" alt=\"Kurosengoku soya etinin haz\u0131rlanmas\u0131 ve pi\u015firilmesi \u00f6rnekleri\" class=\"size-full\" \/><\/a><figcaption class=\"wp-caption-text\">Kurosengoku soya etinin haz\u0131rlanmas\u0131 ve pi\u015firilmesi \u00f6rnekleri<\/figcaption><\/figure>\n<h3>Ay\u00e7i\u00e7ek ya\u011f\u0131 soslu Kurosengoku soya fasulyesi, ay\u00e7i\u00e7ek ya\u011f\u0131<\/h3>\n<p>Kurosengoku soya fasulyesi ay\u00e7i\u00e7ek ya\u011f\u0131 sosu, ilk s\u0131k\u0131m ay\u00e7i\u00e7ek ya\u011f\u0131 ve Sansan ay\u00e7i\u00e7ek ya\u011f\u0131n\u0131n \u00f6zellikleri, kullan\u0131mlar\u0131 ve nas\u0131l t\u00fcketilir!<\/p>\n<figure class=\"wp-caption aligncenter\"><a href=\"https:\/\/photos.google.com\/share\/AF1QipPkS9p0GW8IFHEst3BhUoOcemwpnID2DKveq_HA1PpsisDntPZjU80nKUGsr3kSaw\/photo\/AF1QipOAWcZyARf9wJTCCqyDE8BOVvGYivkc3oRntb4?key=c1RfeEZWRTVsU200OGFlVmZibGNZX2ZoWTBJSTJn\" target=\"_blank\" rel=\"noopener\"><img decoding=\"async\" src=\"https:\/\/lh3.googleusercontent.com\/pw\/AL9nZEXZ6s3s-lOg22a2ezi-Uad3eZ4KuYXkxgUHl-TBgGaT5--XHRgTuPdJcbXDn2DT48huWGK8C0UBGmXCm6qyxYU6ggxzQxtMeGHvvX9hGk15Jj6CjxA9tMEVTQZKapk28hKXtyzb9kMzEYtb0sddqlMR=w2000-h1500-no?authuser=0\" width=\"2000\" height=\"1500\" alt=\"\u00c7e\u015fitli ay\u00e7i\u00e7ek ya\u011flar\u0131\" class=\"size-full\" \/><\/a><figcaption class=\"wp-caption-text\">\u00c7e\u015fitli ay\u00e7i\u00e7ek ya\u011flar\u0131<\/figcaption><\/figure>\n<h2>Kita Sorachi Shinkin Bank personeliyle<\/h2>\n<figure class=\"wp-caption aligncenter\"><a href=\"https:\/\/photos.google.com\/share\/AF1QipPkS9p0GW8IFHEst3BhUoOcemwpnID2DKveq_HA1PpsisDntPZjU80nKUGsr3kSaw\/photo\/AF1QipOqShpvfEq3JIeAB8j9GtG_H5kJAqz35UtUuhU?key=c1RfeEZWRTVsU200OGFlVmZibGNZX2ZoWTBJSTJn\" target=\"_blank\" rel=\"noopener\"><img decoding=\"async\" src=\"https:\/\/lh3.googleusercontent.com\/pw\/AL9nZEVE-qLKJHABFxrTZKZD1O7yJ9aN9C8Q27xREfwkADxFOTfZ82tuGpB9kMlBgXj_XNWYqrZyjuc19ysw7luua11x2CeH1Er_9e-HmpnazhqwcMov8MPGX_CMoWxidqdi8CV7p9dsw7FvqSv-O5xhwVoT=w2000-h1500-no?authuser=0\" width=\"2000\" height=\"1500\" alt=\"Kita Sorachi Shinkin Bank personeliyle\" class=\"size-full\" \/><\/a><figcaption class=\"wp-caption-text\">Kita Sorachi Shinkin Bank personeliyle<\/figcaption><\/figure>\n<p>Ba\u015fkan Takada ve di\u011fer personel \u00fcyeleri y\u00fczlerinde g\u00fcl\u00fcmsemeyle yan\u0131m\u0131zdayd\u0131!<br \/>\nBesleyici ve lezzetli Kurosengoku soya fasulyesiyle ya\u015fad\u0131\u011f\u0131m bu harika kar\u015f\u0131la\u015fma i\u00e7in \u00e7ok minnettar\u0131m!!!<\/p>\n<h2>Ba\u015fkan Yukio Takada, m\u00fc\u015fterilere Kurosengoku soya fasulyesinin cazibesi hakk\u0131nda konu\u015fuyor<\/h2>\n<figure class=\"wp-caption aligncenter\"><a href=\"https:\/\/photos.google.com\/share\/AF1QipPkS9p0GW8IFHEst3BhUoOcemwpnID2DKveq_HA1PpsisDntPZjU80nKUGsr3kSaw\/photo\/AF1QipNj1dDiuviWsaFrY2sNr3RadapS1klTE2RlbNU?key=c1RfeEZWRTVsU200OGFlVmZibGNZX2ZoWTBJSTJn\" target=\"_blank\" rel=\"noopener\"><img decoding=\"async\" src=\"https:\/\/lh3.googleusercontent.com\/pw\/AL9nZEWwahEKnjdI3x2dFW1WlkSx4-CTEUT3_WOrLbYJNfKpfX4_A4fEhEpTyHermKuHNyz3iPi7gi_r5wgDsMt_salHhxtCdGUySlMik3LxaVNwL3pRg5Ge-HIBea7d_NS2SF3V1QlnoGeHxn3t-gnqJeJV=w2000-h1500-no?authuser=0\" width=\"2000\" height=\"1500\" alt=\"Ba\u015fkan Takada, Kurosengoku soya fasulyesinin cazibesini a\u00e7\u0131kl\u0131yor\" class=\"size-full\" \/><\/a><figcaption class=\"wp-caption-text\">Ba\u015fkan Takada, Kurosengoku soya fasulyesinin cazibesini a\u00e7\u0131kl\u0131yor<\/figcaption><\/figure>\n<h3>Kurosengoku stand\u0131na do\u011fru \u00e7ekildim...<\/h3>\n<figure class=\"wp-caption aligncenter\"><a href=\"https:\/\/photos.google.com\/share\/AF1QipPkS9p0GW8IFHEst3BhUoOcemwpnID2DKveq_HA1PpsisDntPZjU80nKUGsr3kSaw\/photo\/AF1QipNPEQnB3EJXaJebtgXqhK-IC302U-d8-pFp358?key=c1RfeEZWRTVsU200OGFlVmZibGNZX2ZoWTBJSTJn\" target=\"_blank\" rel=\"noopener\"><img decoding=\"async\" src=\"https:\/\/lh3.googleusercontent.com\/pw\/AL9nZEWm1DSRJMlA_KiylTQr2dpCfQcF0S2Ry4G2vt7IQWSBqIPahF48o5PO27frQFoDVWrwbrNLexwDVKRIFBwPRHiII9la0s8EiPxOovwF73dlGbU-t4u91lvVLKcYSWGee4GVYUxaA-U3VnCIkHjE6tqW=w2000-h1500-no?authuser=0\" width=\"2000\" height=\"1500\" alt=\"Kurosengoku stand\u0131na do\u011fru \u00e7ekildim...\" class=\"size-full\" \/><\/a><figcaption class=\"wp-caption-text\">Kurosengoku stand\u0131na do\u011fru \u00e7ekildim...<\/figcaption><\/figure>\n<h2>\u0130stasyon pazar\u0131nda b\u00fcy\u00fck bir kalabal\u0131k toplan\u0131yor<\/h2>\n<figure class=\"wp-caption aligncenter\"><a href=\"https:\/\/photos.google.com\/share\/AF1QipPkS9p0GW8IFHEst3BhUoOcemwpnID2DKveq_HA1PpsisDntPZjU80nKUGsr3kSaw\/photo\/AF1QipM4qAnXaGdqg72AAtUv6VCjY4DeGYeEVawE2HM?key=c1RfeEZWRTVsU200OGFlVmZibGNZX2ZoWTBJSTJn\" target=\"_blank\" rel=\"noopener\"><img decoding=\"async\" src=\"https:\/\/lh3.googleusercontent.com\/pw\/AL9nZEWpDQx16L8FfxEUkuYpG3gso3rqRIvIVrNn5NBzKZljGOb-IeaNyDdIH9V_wXfhK-ggTie5pGLfGgjDmUIjphdQJrz5aJvFrgmqfk9_62qWkkQ-fb8oHT7HN7AWPraiSxaf3BKMCnRGH4oNDUDLqCaE=w2000-h1500-no?authuser=0\" width=\"2000\" height=\"1500\" alt=\"\u0130stasyon pazar\u0131nda b\u00fcy\u00fck bir kalabal\u0131k toplan\u0131yor\" class=\"size-full\" \/><\/a><figcaption class=\"wp-caption-text\">\u0130stasyon pazar\u0131nda b\u00fcy\u00fck bir kalabal\u0131k toplan\u0131yor<\/figcaption><\/figure>\n<p>S\u0131n\u0131rs\u0131z sevgi, \u015f\u00fckran ve dualar\u0131m\u0131zla, yerel yemeklerin cazibesini ke\u015ffedece\u011finiz, yeni yemeklerle tan\u0131\u015faca\u011f\u0131n\u0131z ve \u00fcreticilerin tutkusuyla ba\u011flant\u0131 kuraca\u011f\u0131n\u0131z bir yemek festivali olan &quot;Northern Blessings Food Marche 2022&quot;yi sizlere dileriz.<\/p>\n<figure class=\"wp-caption aligncenter\"><a href=\"https:\/\/photos.google.com\/share\/AF1QipPkS9p0GW8IFHEst3BhUoOcemwpnID2DKveq_HA1PpsisDntPZjU80nKUGsr3kSaw\/photo\/AF1QipOBBK1OzRfylNTNDd4YFiszZHnLfXVBW0xEjBw?key=c1RfeEZWRTVsU200OGFlVmZibGNZX2ZoWTBJSTJn\" target=\"_blank\" rel=\"noopener\"><img decoding=\"async\" src=\"https:\/\/lh3.googleusercontent.com\/pw\/AL9nZEXAa-iBSoTZkZtghcfpbsD0COEthTevEK-ao2myblVGyuqe6u5UYRn73pKr3jd7xo-j7FpWEshMcWPZsxQSYMiZ1nHb_l_CXIgufleTEDS68gzIx0Ml4-gQfTdbMvZX4JhqIJ3Z3fvakIeIaIwrmBtJ=w2000-h1500-no?authuser=0\" width=\"2000\" height=\"1500\" alt=\"&quot;Tabe Marche 2022&quot; yemek festivaline y\u00fcrekten \u015f\u00fckranlar\u0131m\u0131zla...\" class=\"size-full\" \/><\/a><figcaption class=\"wp-caption-text\">&quot;Tabe Marche 2022&quot; yemek festivaline y\u00fcrekten \u015f\u00fckranlar\u0131m\u0131zla...<\/figcaption><\/figure>\n<h2>Youtube videolar\u0131<\/h2>\n<div class=\"youtube\"><iframe title=\"Kurosengoku \u0130\u015f Kooperatifi Derne\u011fi, Northern Blessings Food Marche \u0130stasyonu&#039;nda 2022&#039;de bir tezgah a\u00e7acak\" src=\"https:\/\/www.youtube.com\/embed\/QA5CoCUvCr4?feature=oembed\" frameborder=\"0\" allow=\"accelerometer; autoplay; clipboard-write; encrypted-media; gyroscope; picture-in-picture\" allowfullscreen><\/iframe><\/div>\n<h2>Di\u011fer foto\u011fraflar<\/h2>\n<div class=\"img-move\">\n<img decoding=\"async\" src=\"https:\/\/ehokkaido.net\/wp-content\/uploads\/2021\/12\/2021-12-06-11.41.12.png\" style=\"vertical-align:middle;\"> <a href=\"https:\/\/photos.google.com\/share\/AF1QipPkS9p0GW8IFHEst3BhUoOcemwpnID2DKveq_HA1PpsisDntPZjU80nKUGsr3kSaw?key=c1RfeEZWRTVsU200OGFlVmZibGNZX2ZoWTBJSTJn\" target=\"_blank\" rel=\"noopener noreferrer\">Kurosengoku \u0130\u015f Kooperatifi Derne\u011fi&#039;nin Northern Blessings G\u0131da Pazar\u0131 2022\/Eki Pazar\u0131&#039;ndaki (Asahikawa \u015eehri) stand\u0131n\u0131n foto\u011fraflar\u0131 (32 foto\u011fraf) burada &gt;&gt;<\/a><\/div>\n<h2>\u0130lgili makaleler<\/h2>\n<p><center><iframe src=\"https:\/\/www.facebook.com\/plugins\/post.php?href=https%3A%2F%2Fwww.facebook.com%2Fhokuryunow%2Fposts%2Fpfbid0LeJCwbMaW9DDQs3t1KUe6S9bpg5fAwWEwkUYtErCrDFaVM35e1F5Ft2TZrZDV6Cil&#038;show_text=true&#038;width=500\" width=\"500\" height=\"729\" style=\"border:none;overflow:hidden\" scrolling=\"no\" frameborder=\"0\" allowfullscreen=\"true\" allow=\"autoplay; clipboard-write; encrypted-media; picture-in-picture; web-share\"><\/iframe><\/center><\/p>\n\n        <div class=\"site-blogcard-premium\">\n            <div class=\"bc-label-custom\">\u0130lgili makaleler<\/div>\n            <div class=\"bc-flex-container\">\n                <div class=\"bc-main-text\">\n                    <div class=\"bc-title-link-box\">\n                        <a href=\"https:\/\/portal.hokuryu.info\/tr\/topics\/agri\/20140916.html\/\" target=\"_blank\">Kurosengoku \u0130\u015f Kooperatifi Derne\u011fi, Eki Marche 2014&#039;te (Asahikawa \u015eehri) bir stant a\u00e7acak - Hokuryu Town Portal (Hokkaido) Japonya&#039;n\u0131n 1 Numaral\u0131 Ay\u00e7i\u00e7e\u011fi K\u00f6y\u00fc<\/a>\n                    <\/div>\n                    <div class=\"bc-excerpt-box\">2.100 n\u00fcfuslu ve 401.300 ki\u015filik ya\u015flanma oran\u0131na sahip, canl\u0131 bir kasaban\u0131n &quot;bug\u00fcnk\u00fc&quot; halini sizlere sunuyoruz. Ay\u00e7i\u00e7ekleri gibi, aileler uyum i\u00e7inde ya\u015f\u0131yor...<\/div>\n                <\/div>\n                <div class=\"bc-thumbnail-box\">\n                    <a href=\"https:\/\/portal.hokuryu.info\/tr\/topics\/agri\/20140916.html\/\" target=\"_blank\">\n                        <div class=\"bc-img-zoom-wrap\">\n                            <img decoding=\"async\" src=\"https:\/\/lh4.googleusercontent.com\/-NDHJkDLr5qk\/VBVvG_8TTwI\/AAAAAAABc4E\/Jgf4XsDD4lc\/w1306-h865-no\/K5%2B63139\" alt=\"Kurosengoku \u0130\u015f Kooperatifi Derne\u011fi, Eki Marche 2014&#039;te (Asahikawa \u015eehri) bir stant a\u00e7acak - Hokuryu Town Portal (Hokkaido) Japonya&#039;n\u0131n 1 Numaral\u0131 Ay\u00e7i\u00e7e\u011fi K\u00f6y\u00fc\">\n                        <\/div>\n                    <\/a>\n                <\/div>\n            <\/div>\n        <\/div>\n<p>\u25c7 \u00c7ekim ve kurgu: Noboru Terauchi R\u00f6portaj ve metin: Ikuko Terauchi<\/p>","protected":false},"excerpt":{"rendered":"<p>\uff12\uff10\uff12\uff12\u5e74\uff19\u6708\uff12\uff10\u65e5\uff08\u706b\uff09 \u65ed\u5ddd\u5e02\u3067\u958b\u50ac\u3055\u308c\u308b\u79cb\u306e\u30b0\u30eb\u30e1\u30d5\u30a7\u30b9\u30c6\u30a3\u30d0\u30eb\u300c\u5317\u306e\u6075\u307f \u98df\u3079\u30de\u30eb\u30b7\u30a7 2022\u300d\u3002 \u958b\u50ac\uff11\uff11\u5e74\u76ee\u3068\u306a\u308b\u4eca\u5e74\u306f\u3001\uff19\u6708\uff11\uff17\u65e5\uff08\u571f\uff09\u301c\uff19\u6708\uff11\uff19\u65e5\uff08\u6708\u30fb\u795d\uff09\u306e\uff13\u65e5\u9593\u3001\uff13\u5e74\u3076\u308a\u306e\u958b\u50ac\u3068 [&hellip;]<\/p>\n","protected":false},"author":1,"featured_media":24054,"comment_status":"open","ping_status":"open","sticky":false,"template":"","format":"standard","meta":{"footnotes":""},"categories":[4,9],"tags":[],"class_list":["post-24052","post","type-post","status-publish","format-standard","has-post-thumbnail","hentry","category-cover-story","category-kurosengoku"],"_links":{"self":[{"href":"https:\/\/portal.hokuryu.info\/tr\/wp-json\/wp\/v2\/posts\/24052","targetHints":{"allow":["GET"]}}],"collection":[{"href":"https:\/\/portal.hokuryu.info\/tr\/wp-json\/wp\/v2\/posts"}],"about":[{"href":"https:\/\/portal.hokuryu.info\/tr\/wp-json\/wp\/v2\/types\/post"}],"author":[{"embeddable":true,"href":"https:\/\/portal.hokuryu.info\/tr\/wp-json\/wp\/v2\/users\/1"}],"replies":[{"embeddable":true,"href":"https:\/\/portal.hokuryu.info\/tr\/wp-json\/wp\/v2\/comments?post=24052"}],"version-history":[{"count":0,"href":"https:\/\/portal.hokuryu.info\/tr\/wp-json\/wp\/v2\/posts\/24052\/revisions"}],"wp:featuredmedia":[{"embeddable":true,"href":"https:\/\/portal.hokuryu.info\/tr\/wp-json\/wp\/v2\/media\/24054"}],"wp:attachment":[{"href":"https:\/\/portal.hokuryu.info\/tr\/wp-json\/wp\/v2\/media?parent=24052"}],"wp:term":[{"taxonomy":"category","embeddable":true,"href":"https:\/\/portal.hokuryu.info\/tr\/wp-json\/wp\/v2\/categories?post=24052"},{"taxonomy":"post_tag","embeddable":true,"href":"https:\/\/portal.hokuryu.info\/tr\/wp-json\/wp\/v2\/tags?post=24052"}],"curies":[{"name":"wp","href":"https:\/\/api.w.org\/{rel}","templated":true}]}}