{"id":23602,"date":"2022-09-07T14:03:26","date_gmt":"2022-09-07T05:03:26","guid":{"rendered":"https:\/\/portal.hokuryu.info\/?p=23602"},"modified":"2022-09-08T07:02:28","modified_gmt":"2022-09-07T22:02:28","slug":"tebrikler-reiwa-4-hokuryu-kasabasi-yaslilara-saygi-gunu-hokuryu-kasabasi-yasli-refah-merkezi","status":"publish","type":"post","link":"https:\/\/portal.hokuryu.info\/tr\/23602\/","title":{"rendered":"Tebrikler! Hokuryu Kasabas\u0131 Ya\u015fl\u0131lara Sayg\u0131 G\u00fcn\u00fc 2022 (Hokuryu Kasabas\u0131 Ya\u015fl\u0131 Vatanda\u015flar Refah Merkezi)"},"content":{"rendered":"<p>\u00c7ar\u015famba, 7 Eyl\u00fcl 2022<\/p>\n<p>Eyl\u00fcl ay\u0131 geldi, alt\u0131n pirin\u00e7 ba\u015faklar\u0131n\u0131n hasat haz\u0131rl\u0131\u011f\u0131 i\u00e7in r\u00fczgarda salland\u0131\u011f\u0131 mevsim geldi. 6 Eyl\u00fcl Sal\u0131 g\u00fcn\u00fc saat 10:30&#039;da, Hokuryu Kasabas\u0131 Ya\u015fl\u0131lara Sayg\u0131 G\u00fcn\u00fc 2022 etkinli\u011fi \u00fc\u00e7 y\u0131l aradan sonra ilk kez Hokuryu Kasabas\u0131 Ya\u015fl\u0131 Vatanda\u015flar Refah Merkezi&#039;nde ger\u00e7ekle\u015ftirildi.<\/p>\n<h2>Hokuryu Kasabas\u0131 Ya\u015fl\u0131lara Sayg\u0131 G\u00fcn\u00fc 2022 (Hokuryu Kasabas\u0131 Ya\u015fl\u0131 Vatanda\u015flar Refah Merkezi)<\/h2>\n<figure class=\"wp-caption aligncenter\"><a href=\"https:\/\/photos.google.com\/share\/AF1QipO8eH0Wa296b0VcRX2zfPuTdSKGMXwqBv6wiWLOPeNnCrREpOKqj4MCxeuaeMwgRw\/photo\/AF1QipPrBT7VHVk1wUMv615yCYmshWdBNao6FveJ-nE?key=VmtWazVaMjg1UHN2cWxqYmtOekkxV0ZaaXZ5M3ln\" target=\"_blank\" rel=\"noopener\"><img decoding=\"async\" src=\"https:\/\/lh3.googleusercontent.com\/pw\/AL9nZEXE-EnYaXd7t_AP3sB5twM8YipzzJpH9lAKUYLQT7bjltFo8t7ow6ChDCR_Uxq1waTvBbM9qw1HSFubR17s7ksmTsGHCB030g8iMBcCcrK0tQjya2u0gzjB0RWvAku9KlvYm5YAbTgRHqFAzkPBmLr0=w1909-h1257-no?authuser=0\" width=\"2000\" height=\"1333\" alt=\"Hokuryu Kasabas\u0131 Ya\u015fl\u0131 Vatanda\u015flar Refah Merkezi\" class=\"size-full\" \/><\/a><figcaption class=\"wp-caption-text\">Hokuryu Kasabas\u0131 Ya\u015fl\u0131 Vatanda\u015flar Refah Merkezi<\/figcaption><\/figure>\n<h2>88. do\u011fum g\u00fcn\u00fc kutlama paras\u0131, daimi ikametgah liyakat \u00f6d\u00fclleri, vb.<\/h2>\n<p>Ya\u015fl\u0131lara Sayg\u0131 G\u00fcn\u00fc etkinli\u011fi, Hokuryu Kasabas\u0131nda ya\u015fayan 75 ya\u015f ve \u00fczeri ki\u015filer i\u00e7in d\u00fczenlenen bir kutlamad\u0131r.<br \/>\n\ufffc<br \/>\n<figure class=\"wp-caption aligncenter\"><a href=\"https:\/\/photos.google.com\/share\/AF1QipO8eH0Wa296b0VcRX2zfPuTdSKGMXwqBv6wiWLOPeNnCrREpOKqj4MCxeuaeMwgRw\/photo\/AF1QipMZ01xrfCOZ4JkP7LRGp1ufk8g3ouMllT-Mm6Q?key=VmtWazVaMjg1UHN2cWxqYmtOekkxV0ZaaXZ5M3ln\" target=\"_blank\" rel=\"noopener\"><img decoding=\"async\" src=\"https:\/\/lh3.googleusercontent.com\/pw\/AL9nZEVkkzw5GHjJfGob3fNzquycDTgpZ-Z3S7DSOst1xwBktvCjTMUnOBsb1XbFNK-Nyd6AZarxYF4-y48OIq4itR2WzlqagrBYgCD-hAIKXRYl7mX02U6mETFQUx4alQ_FkY4Sm2kGi2mpjarX2-EfqPb8=w1384-h1896-no?authuser=0\" width=\"400\" alt=\"Reiwa 4 Hokuryu Kasabas\u0131 Ya\u015fl\u0131 Toplumuna Sayg\u0131\" class=\"size-full\" \/><\/a><figcaption class=\"wp-caption-text\">Reiwa 4 Hokuryu Kasabas\u0131 Ya\u015fl\u0131 Toplumuna Sayg\u0131<\/figcaption><\/figure>\n<p>Kitary\u016b Kasabas\u0131nda 448 ki\u015fi (Eirakuen sakinleri hari\u00e7) programa kat\u0131lmaya uygun olarak belirlendi, bunlardan 17&#039;si 88 ya\u015f\u0131na ula\u015ft\u0131 (2 Eyl\u00fcl 1933 ile 1 Eyl\u00fcl 1934 aras\u0131nda do\u011fanlar).<\/p>\n<p>Ayr\u0131ca, kasabada ola\u011fan\u00fcst\u00fc katk\u0131larda bulunan 32 daimi ikamet eden ki\u015fi bulunmaktad\u0131r (1 Eyl\u00fcl 2022 tarihi itibariyle 80 ya\u015f ve \u00fczeri olanlar ve 60 y\u0131ldan uzun s\u00fcredir Kitary\u016b Kasabas\u0131nda ya\u015fayanlar).<\/p>\n<p>Bug\u00fcnk\u00fc etkinli\u011fe 128 ki\u015fi kat\u0131ld\u0131 (88. ya\u015f g\u00fcn\u00fcn\u00fc kutlayan alt\u0131 ki\u015fi ve \u00f6nemli katk\u0131larda bulunan 15 daimi ikamet sahibi ki\u015fi dahil).<\/p>\n<p>Hepinize, canl\u0131l\u0131k ve enerji dolu olman\u0131z dile\u011fiyle en i\u00e7ten tebriklerimizi sunuyoruz.<\/p>\n<figure class=\"wp-caption aligncenter\"><a href=\"https:\/\/photos.google.com\/share\/AF1QipO8eH0Wa296b0VcRX2zfPuTdSKGMXwqBv6wiWLOPeNnCrREpOKqj4MCxeuaeMwgRw\/photo\/AF1QipOApCHbd65QS9jwpmGXJkBJM02lZEPG5atSXzQ?key=VmtWazVaMjg1UHN2cWxqYmtOekkxV0ZaaXZ5M3ln\" target=\"_blank\" rel=\"noopener\"><img decoding=\"async\" src=\"https:\/\/lh3.googleusercontent.com\/pw\/AL9nZEV0k-9Ox49tyTACe1-v8PBXDHzUDAc8ZVJBPyjS5E2rrUfMfHU4zNbCSvSMospmEUFE-cPrvKNnsB1Zbw7pUz6qxF-6egxqqUH2OazriMxC2EPMAra10EceZLs-WTWTQygMe8b1sBdmvve0ZH_9cI2F=w2000-h1333-no?authuser=0\" width=\"2000\" height=\"1333\" alt=\"Bayanlar ve baylar,\" class=\"size-full\" \/><\/a><figcaption class=\"wp-caption-text\">Bayanlar ve baylar,<\/figcaption><\/figure>\n<h3>ev sahibi<\/h3>\n<p>Genel moderat\u00f6rl\u00fc\u011f\u00fcn\u00fc Hokuryu Kasabas\u0131 Sakinleri \u0130\u015fleri B\u00f6l\u00fcm Ba\u015fkan\u0131 Naohiro Hosokawa yapt\u0131. \u00d6d\u00fcl t\u00f6reninin sunuculu\u011funu Genel \u0130\u015fler B\u00f6l\u00fcm M\u00fcd\u00fcr\u00fc Hajime Minami yapt\u0131.<\/p>\n<figure class=\"wp-caption aligncenter\"><a href=\"https:\/\/photos.google.com\/share\/AF1QipO8eH0Wa296b0VcRX2zfPuTdSKGMXwqBv6wiWLOPeNnCrREpOKqj4MCxeuaeMwgRw\/photo\/AF1QipMgB2-qdCBowzgcTMsa5lmqhNQljqMru81heNo?key=VmtWazVaMjg1UHN2cWxqYmtOekkxV0ZaaXZ5M3ln\" target=\"_blank\" rel=\"noopener\"><img decoding=\"async\" src=\"https:\/\/lh3.googleusercontent.com\/pw\/AL9nZEUeofWgQ3qnkaPRJBQVI_p_E0bxg-yi15cifIO1pLncU9BEfpKIialXcRt1Bam75rHeHVXthUtePwOhVnmcPSgi6znjsM602KvdCOmvKorzfEnEcMVayFl44WFhcNNVa_qRogyIZJ4jqMZjFN1eTUZd=w2000-h1333-no?authuser=0\" width=\"2000\" height=\"1333\" alt=\"Hokuryu Kasabas\u0131 Sakin \u0130\u015fleri B\u00f6l\u00fcm\u00fc \u015eefi Naohiro Hosokawa\" class=\"size-full\" \/><\/a><figcaption class=\"wp-caption-text\">Naohiro Hosokawa, Konut Sakinleri \u0130\u015fleri B\u00f6l\u00fcm Ba\u015fkan\u0131<\/figcaption><\/figure>\n<figure class=\"wp-caption aligncenter\"><a href=\"https:\/\/photos.google.com\/share\/AF1QipO8eH0Wa296b0VcRX2zfPuTdSKGMXwqBv6wiWLOPeNnCrREpOKqj4MCxeuaeMwgRw\/photo\/AF1QipOx7mIjC6MzBscdOEevKiNRIFqtuq4rMCuUdBY?key=VmtWazVaMjg1UHN2cWxqYmtOekkxV0ZaaXZ5M3ln\" target=\"_blank\" rel=\"noopener\"><img decoding=\"async\" src=\"https:\/\/lh3.googleusercontent.com\/pw\/AL9nZEWb7_JPgSjjxHzpHAPcmku23fAfx6TIZ0pFHZ4Hb4vVISSCF-GW0myHlTcALF8cX3UofwRoYmcn8RtZ3ZPp0K8wChW8KjI14wICj97CSTN6WRimac4WaRYXfhjNoiRw5-8kluU-2m5OPrDi8lYMVV_A=w2000-h1333-no?authuser=0\" width=\"2000\" height=\"1333\" alt=\"Hajime Nanba, Genel \u0130\u015fler B\u00f6l\u00fcm \u015eefi, Hokuryu Kasabas\u0131\" class=\"size-full\" \/><\/a><figcaption class=\"wp-caption-text\">Hajime Nanba, Genel \u0130\u015fler B\u00f6l\u00fcm M\u00fcd\u00fcr\u00fc<\/figcaption><\/figure>\n<h3>A\u00e7\u0131l\u0131\u015f konu\u015fmas\u0131: Hokuryu Kasabas\u0131 Belediye Ba\u015fkan\u0131 Yutaka Sano<\/h3>\n<figure class=\"wp-caption aligncenter\"><a href=\"https:\/\/photos.google.com\/share\/AF1QipO8eH0Wa296b0VcRX2zfPuTdSKGMXwqBv6wiWLOPeNnCrREpOKqj4MCxeuaeMwgRw\/photo\/AF1QipPK_IXH2u4uZB585eOJIMmb69SzNJFt7cWIq44?key=VmtWazVaMjg1UHN2cWxqYmtOekkxV0ZaaXZ5M3ln\" target=\"_blank\" rel=\"noopener\"><img decoding=\"async\" src=\"https:\/\/lh3.googleusercontent.com\/pw\/AL9nZEWHzfUT_PTv8FvFUOwLj6FkZKKDYbytbrP_45kPtZcd9wIUjhfcCVOnzpkYyvrUth993Cjdpyg1hj0AZch1Gcr0zLvCTehdze-uKkL07eGMG4HvtUDyvYFUTGPuDVsibo5sxq8qDrXmiu8k2AeZWBn1=w2000-h1333-no?authuser=0\" width=\"2000\" height=\"1333\" alt=\"Belediye Ba\u015fkan\u0131 Yutaka Sano\" class=\"size-full\" \/><\/a><figcaption class=\"wp-caption-text\">Belediye Ba\u015fkan\u0131 Yutaka Sano<\/figcaption><\/figure>\n<p>&quot;Bu kadar \u00e7ok say\u0131da ki\u015finin kat\u0131l\u0131m\u0131ndan ve Ya\u015fl\u0131lara Sayg\u0131 G\u00fcn\u00fc etkinli\u011finin \u00fc\u00e7 y\u0131l aradan sonra ilk kez bu kadar b\u00fcy\u00fck \u00f6l\u00e7ekte d\u00fczenlenmesinden dolay\u0131 i\u00e7ten tebriklerimi ve mutlulu\u011fumu sunmak istiyorum.<\/p>\n<p>Hepinizin sa\u011fl\u0131kl\u0131 ve canl\u0131 y\u00fczlerle kar\u015f\u0131m\u0131za \u00e7\u0131kt\u0131\u011f\u0131n\u0131 g\u00f6rmek beni \u00e7ok mutlu ediyor.<\/p>\n<p>Bu y\u0131l, b\u00f6lgenin 1893 y\u0131l\u0131nda Chiba Eyaletinden gelen insanlar taraf\u0131ndan geli\u015ftirilip yerle\u015filmesinin 130. y\u0131l d\u00f6n\u00fcm\u00fc. Ge\u00e7ti\u011fimiz g\u00fcnlerde 3&#039;\u00fcnde burada bir anma t\u00f6reni d\u00fczenledik.<\/p>\n<p>Bunu tamamen sizlerin y\u0131llard\u0131r g\u00f6sterdi\u011finiz yorulmak bilmez \u00e7abalar\u0131n\u0131za bor\u00e7luyum ve bu f\u0131rsattan yararlanarak hepinize en i\u00e7ten \u015f\u00fckranlar\u0131m\u0131 sunmak istiyorum.<\/p>\n<p>Kitary\u016b kasabas\u0131n\u0131n \u015fu anki n\u00fcfusu 1.700&#039;\u00fcn hemen alt\u0131nda olup, bunlardan 765&#039;i 65 ya\u015f ve \u00fcst\u00fcd\u00fcr, bu da ya\u015flanma oran\u0131n\u0131 ,2&#039;ye \u00e7\u0131kar\u0131r. Ayr\u0131ca, Eirakuen&#039;de ya\u015fayanlar da dahil olmak \u00fczere 475 ki\u015fi 75 ya\u015f ve \u00fczeri olup toplam\u0131n ,1&#039;ini olu\u015fturmaktad\u0131r.<\/p>\n<p>En ya\u015fl\u0131 sakin ise hala Eirakuen&#039;de mutlu bir \u015fekilde ya\u015fayan Itaya mahalle derne\u011finden Bay Kiyoshi Kumeya&#039;d\u0131r (107 ya\u015f\u0131nda).<\/p>\n<p>Bug\u00fcnk\u00fc Ya\u015fl\u0131lara Sayg\u0131 G\u00fcn\u00fc etkinli\u011fimize kat\u0131lan 144 ki\u015fiye (o g\u00fcn kat\u0131lan 128 ki\u015fi) te\u015fekk\u00fcr ederiz.<\/p>\n<p>Hokuryu Kasabas\u0131&#039;n\u0131n tar\u0131m\u0131, g\u00fcvenli ve lezzetli ay\u00e7i\u00e7e\u011fi pirinci etraf\u0131nda \u015fekillenerek Japonya&#039;n\u0131n en iyisi olarak kabul ediliyor. Sizlerin sayesinde, \u00e7o\u011funlu\u011fu ay\u00e7i\u00e7e\u011fi pirinci olmak \u00fczere, memleket vergileri yoluyla, yedinci y\u0131l \u00fcst \u00fcste 300 milyon yen&#039;in \u00fczerinde, 2020&#039;de 600 milyon yen ve ge\u00e7en y\u0131l (2021) 400 milyon yen olmak \u00fczere, b\u00fcy\u00fck miktarda ba\u011f\u0131\u015f ald\u0131k. Kitary\u016b kasabas\u0131 \u00fclke \u00e7ap\u0131nda b\u00fcy\u00fck beklentiler i\u00e7inde.<\/p>\n<p>Ge\u00e7ti\u011fimiz g\u00fcn sona eren 36. Ay\u00e7i\u00e7e\u011fi Festivali&#039;nde birbirinden g\u00fczel ay\u00e7i\u00e7ekleri sergilendi. Festival s\u00fcresince hava g\u00fczeldi.<\/p>\n<p>Bu, bug\u00fcne kadarki en y\u00fcksek \u00fc\u00e7\u00fcnc\u00fc ziyaret\u00e7i say\u0131s\u0131 oldu ve Himawari no Sato&#039;yu sadece bir ayda 280.000 turist ziyaret ederek park\u0131n b\u00fcy\u00fck bir ba\u015far\u0131ya ula\u015fmas\u0131n\u0131 sa\u011flad\u0131. Bu y\u0131l, COVID-19 kaynakl\u0131 nedenlerden dolay\u0131 turist otob\u00fcsleri neredeyse hi\u00e7 \u00e7al\u0131\u015fmad\u0131 ve gelen turistler Hokkaido&#039;ya geri d\u00f6nmedi. Bu da \u015fimdiye kadarki en d\u00fc\u015f\u00fck \u00fc\u00e7\u00fcnc\u00fc ziyaret say\u0131s\u0131na neden oldu.<\/p>\n<p>G\u00fczel ay\u00e7i\u00e7eklerinin yeti\u015ftirilmesine yard\u0131mc\u0131 olmak i\u00e7in yap\u0131lan ba\u011f\u0131\u015flara gelince, inan\u0131lmaz miktarda ba\u011f\u0131\u015f ald\u0131k - 3.837.000 yen, \u015fimdiye kadarki en y\u00fcksek miktar. T\u00fcm g\u00f6n\u00fcll\u00fclerimize emeklerinden dolay\u0131 en i\u00e7ten \u015f\u00fckranlar\u0131m\u0131z\u0131 sunmak isteriz.<\/p>\n<p>Sonbahar mevsimindeyiz, hasat bereketli, bu y\u0131l da pirin\u00e7 tarlalar\u0131 yine \u00e7ok g\u00fczel. Mochimai pirin\u00e7 tesisinde bug\u00fcn, 6&#039;s\u0131nda pirin\u00e7 hasad\u0131 ba\u015flad\u0131.<\/p>\n<p>Endi\u015fe yaratan 11 numaral\u0131 tayfun da \u00f6nemli \u00f6l\u00e7\u00fcde sola y\u00f6neldi. Kendimi biraz rahatlam\u0131\u015f hissediyorum, ancak bu gece ve yar\u0131n sabah kuvvetli r\u00fczgar tahmini var, bu nedenle l\u00fctfen dikkatli olun.<\/p>\n<p>\u015eenli\u011fin ard\u0131ndan kasabada pirin\u00e7 hasad\u0131 ba\u015fl\u0131yor ve g\u00fcnler olduk\u00e7a yo\u011fun ge\u00e7iyor. Bol ve lezzetli pirin\u00e7 hasad\u0131 yapmay\u0131 umuyorum.<\/p>\n<p>Bug\u00fcn Ya\u015fl\u0131lara Sayg\u0131 G\u00fcn\u00fc etkinli\u011fi var, ancak etkinlik alan\u0131nda yemek ve i\u00e7ecek t\u00fcketimi yasak olacak. Anlay\u0131\u015f\u0131n\u0131z i\u00e7in te\u015fekk\u00fcr ederiz.<\/p>\n<p>Bu y\u0131l 17 ki\u015fi 88. ya\u015f g\u00fcn\u00fcn\u00fc kutlad\u0131. Kitary\u016b Kasabas\u0131&#039;nda 60 y\u0131ldan fazla s\u00fcredir daimi ikamet eden 32 ki\u015fi bulunmaktad\u0131r. Tebrikler! En i\u00e7ten tebriklerimizi sunar\u0131z.<\/p>\n<p>Her ne kadar ge\u00e7 kalm\u0131\u015f olsam da, Ya\u015fl\u0131lara Sayg\u0131 G\u00fcn\u00fc etkinli\u011finin sabah\u0131n erken saatlerinden itibaren haz\u0131rl\u0131klar\u0131na yard\u0131m eden Kitary\u016b Kasabas\u0131 K\u0131z\u0131lha\u00e7 G\u00f6n\u00fcll\u00fc Kolordusu&#039;ndaki herkese te\u015fekk\u00fcr etmek istiyorum.<\/p>\n<p>Hepinize sa\u011fl\u0131k ve mutluluklar diliyor, Ya\u015fl\u0131lara Sayg\u0131 G\u00fcn\u00fc vesilesiyle selamlar\u0131m\u0131 sunuyorum. &quot;Herkesi tebrik ediyorum.&quot;<\/p>\n<figure class=\"wp-caption aligncenter\"><a href=\"https:\/\/photos.google.com\/share\/AF1QipO8eH0Wa296b0VcRX2zfPuTdSKGMXwqBv6wiWLOPeNnCrREpOKqj4MCxeuaeMwgRw\/photo\/AF1QipNaZbfQsMxyn8_sIizqQS8k_OfnBxW8ZMi63yo?key=VmtWazVaMjg1UHN2cWxqYmtOekkxV0ZaaXZ5M3ln\" target=\"_blank\" rel=\"noopener\"><img decoding=\"async\" src=\"https:\/\/lh3.googleusercontent.com\/pw\/AL9nZEV29QEMvR9SAx8rmUqWrhgPxrZAzfUVYPCkvPwlD7X1Nvz0-qbehSsCpprE9k98dUXTj7LmJ7fpVj7m7C4lTP4N-_r6N8T_wpn9CZZLYIO-B8IshCIx1yRRK1lpOADqFwQAx1idAzgk_LKFzexoAPKW=w2000-h1333-no?authuser=0\" width=\"2000\" height=\"1333\" alt=\"De\u011ferli kat\u0131l\u0131mc\u0131lar,\" class=\"size-full\" \/><\/a><figcaption class=\"wp-caption-text\">De\u011ferli kat\u0131l\u0131mc\u0131lar,<\/figcaption><\/figure>\n<h3>Tebrik konu\u015fmas\u0131: Hokuryu Kasaba Meclisi Ba\u015fkan\u0131 Yasuhiro Sasaki<\/h3>\n<figure class=\"wp-caption aligncenter\"><a href=\"https:\/\/photos.google.com\/share\/AF1QipO8eH0Wa296b0VcRX2zfPuTdSKGMXwqBv6wiWLOPeNnCrREpOKqj4MCxeuaeMwgRw\/photo\/AF1QipMig4AU5dz7MXrQizguaNKgVWkxEjbaRWthi8Y?key=VmtWazVaMjg1UHN2cWxqYmtOekkxV0ZaaXZ5M3ln\" target=\"_blank\" rel=\"noopener\"><img decoding=\"async\" src=\"https:\/\/lh3.googleusercontent.com\/pw\/AL9nZEXZNhUjKZnB7lYaCgxhbSx5fwsyoaBis9ne9DADmqkAyRvIDqF59waP5j-jie8vIxLjs4j2LOMsSC_XtXSx_pk82RcseauOvUGf65CCn7PKceGXR306G5cZwCRQPkE1banhlj6A1uhR_TlQxPxPTqhv=w2000-h1333-no?authuser=0\" width=\"2000\" height=\"1333\" alt=\"Ba\u015fkan Yasuhiro Sasaki\" class=\"size-full\" \/><\/a><figcaption class=\"wp-caption-text\">Ba\u015fkan Yasuhiro Sasaki<\/figcaption><\/figure>\n<p>&quot;COVID-19 salg\u0131n\u0131n\u0131n ya\u015fand\u0131\u011f\u0131 bir d\u00f6nemde bug\u00fcn bir araya gelerek Ya\u015fl\u0131lara Sayg\u0131 G\u00fcn\u00fc etkinli\u011fini d\u00fczenleyebildi\u011fimiz i\u00e7in minnettar\u0131m.<\/p>\n<p>Japonya&#039;n\u0131n en iyi ay\u00e7i\u00e7e\u011fi k\u00f6y\u00fcn\u00fcn ve Japonya&#039;n\u0131n en iyi ay\u00e7i\u00e7e\u011fi pirincinin \u015f\u00fcphesiz herkesin eme\u011finin sonucu oldu\u011funa inan\u0131yorum. Tekrar te\u015fekk\u00fcr ederim.<\/p>\n<p>Bu sabah televizyonda, \u0130buri Do\u011fu Depremi&#039;nin \u00fczerinden d\u00f6rt y\u0131l ge\u00e7ti\u011fine dair bir haber vard\u0131. Bunlar aras\u0131nda Atsuma kasabas\u0131n\u0131n sakinleri, &quot;Toplulu\u011fumuz ortadan kayboldu. ``Art\u0131k en \u00f6nemli toplant\u0131lar\u0131m\u0131z\u0131 (Ya\u015fl\u0131lara Sayg\u0131 G\u00fcn\u00fc etkinlikleri gibi) yapamad\u0131\u011f\u0131m\u0131z i\u00e7in ba\u015f\u0131m\u0131z dertte&#039;&#039; dedi. Binalar\u0131n ve di\u011fer sert altyap\u0131n\u0131n restorasyonunun y\u00fczde 90&#039;\u0131ndan fazlas\u0131 tamamland\u0131, ancak insanlar\u0131n kalplerinin iyile\u015fmesi hala geride kald\u0131.<\/p>\n<p>Bug\u00fcn sizlere paket servis bento kutular\u0131 ve di\u011fer yiyecekler sunaca\u011f\u0131z, ancak yine de hepinizle tan\u0131\u015f\u0131p konu\u015fma f\u0131rsat\u0131 buldu\u011fumuz i\u00e7in minnettar\u0131z.<\/p>\n<p>\u015eu anda fiyatlar y\u00fcksek, in\u015faat malzemeleri de pahal\u0131, bu da durumu fazlas\u0131yla zorla\u015ft\u0131r\u0131yor. \u00d6ncelikle herkese kasabada al\u0131\u015fveri\u015fte kullan\u0131lmak \u00fczere 10.000 yen de\u011ferinde yerel promosyon \u00e7eki verildi. Belediye ba\u015fkan\u0131m\u0131z da bu konunun gelecekte de devam edebilmesi i\u00e7in titizlikle de\u011ferlendiriyor. \u00d6rne\u011fin, pirin\u00e7 hasad\u0131ndan sonra pirin\u00e7 toplama s\u0131ras\u0131nda kullan\u0131labilecek, dost canl\u0131s\u0131 yerel topluluklar\u0131n geli\u015fmesine yard\u0131mc\u0131 olabilecek &quot;yuvarlama kuponu&quot; benzeri bir \u015fey yaratmak istiyorum.<\/p>\n<p>Bug\u00fcn, t\u00f6rene 144 ki\u015fi (o g\u00fcn 128 ki\u015fi kat\u0131l\u0131yordu) kat\u0131ld\u0131. Bunlar\u0131n aras\u0131nda 88. ya\u015f g\u00fcn\u00fcn\u00fc kutlayan 17 ki\u015fi ve daimi ikamet eden olarak toplumlar\u0131na \u00fcst\u00fcn hizmette bulunan 32 ki\u015fi vard\u0131. Hepsini tebrik ediyorum.<\/p>\n<p>Sadece bug\u00fcn de\u011fil, her g\u00fcn \u015fehri dola\u015f\u0131rken, \u00e7e\u015fitli yerlerde sizlerle sohbet edebilece\u011fim bir ortam\u0131n olu\u015fmas\u0131n\u0131 umuyorum. Hepinizi bug\u00fcn kutluyorum.&quot;<\/p>\n<figure class=\"wp-caption aligncenter\"><a href=\"https:\/\/photos.google.com\/share\/AF1QipO8eH0Wa296b0VcRX2zfPuTdSKGMXwqBv6wiWLOPeNnCrREpOKqj4MCxeuaeMwgRw\/photo\/AF1QipPFz-rXNRB_9B_v9r_QROnmET95ib312RDLfuY?key=VmtWazVaMjg1UHN2cWxqYmtOekkxV0ZaaXZ5M3ln\" target=\"_blank\" rel=\"noopener\"><img decoding=\"async\" src=\"https:\/\/lh3.googleusercontent.com\/pw\/AL9nZEVF8fBAAh3SF2SXc35y4t7pXslKQJXMWAINfORHP8D55TXnyRk53CQY8kSMpbvAZivxcCd5sZh1X2heKSo7YBBILXh2nIgroCDRrkFMP6QprOZgCASHw1HbwcNABTWF9Q6TEhv6agW43vDWKtDThrqw=w2000-h1333-no?authuser=0\" width=\"2000\" height=\"1333\" alt=\"Huzurlu bir ortamda. . .\" class=\"size-full\" \/><\/a><figcaption class=\"wp-caption-text\">Huzurlu bir ortamda. . .<\/figcaption><\/figure>\n<h3>Konuklar\u0131 tan\u0131tmak<\/h3>\n<p>Bay Yasuhiro Sasaki (Hokuryu Kasabas\u0131 Belediye Meclisi Ba\u015fkan\u0131), Bay Takeshi Yamamoto (Hokuryu Kasabas\u0131 Sosyal Refah Konseyi Ba\u015fkan\u0131), Bay Hirokuni Kitakiyo (JA Kitasorachi Hokuryu B\u00f6lgesi Temsilcisi), Bay Junichi Fukase (Hokuryu Kasabas\u0131 Arazi \u0130yile\u015ftirme B\u00f6lgesi Ba\u015fkan\u0131), Bay Kenji Sazaki (Hokuryu Kasabas\u0131 Ticaret ve Sanayi Odas\u0131 Ba\u015fkan Yard\u0131mc\u0131s\u0131), Bay Koji Kawada (Hokuryu Kasabas\u0131 Ay\u00e7i\u00e7e\u011fi Uzun \u00d6m\u00fcr Derne\u011fi Ba\u015fkan\u0131), Bay Yoshiharu Yamashita (Hokuryu Kasabas\u0131 Ay\u00e7i\u00e7e\u011fi Uzun \u00d6m\u00fcr Derne\u011fi Ba\u015fkan Yard\u0131mc\u0131s\u0131), Bay Katsuhiro Nagai (Hokuryu Kasabas\u0131 Ay\u00e7i\u00e7e\u011fi Uzun \u00d6m\u00fcr Derne\u011fi Ba\u015fkan Yard\u0131mc\u0131s\u0131), Bayan Etsuko Aoki (Hokuryu Kasabas\u0131 Ay\u00e7i\u00e7e\u011fi Uzun \u00d6m\u00fcr Derne\u011fi Ba\u015fkan Yard\u0131mc\u0131s\u0131)<\/p>\n<figure class=\"wp-caption aligncenter\"><a href=\"https:\/\/photos.google.com\/share\/AF1QipO8eH0Wa296b0VcRX2zfPuTdSKGMXwqBv6wiWLOPeNnCrREpOKqj4MCxeuaeMwgRw\/photo\/AF1QipMLsrSNuX3fndfib28grsxhMJFg9Nk8khqTm2g?key=VmtWazVaMjg1UHN2cWxqYmtOekkxV0ZaaXZ5M3ln\" target=\"_blank\" rel=\"noopener\"><img decoding=\"async\" src=\"https:\/\/lh3.googleusercontent.com\/pw\/AL9nZEWT2gVXSncTT_Xj1po5xxDKYKCF-loBYkBY8dKGCQKEiVYeSw6R1r7cIFR2BJR7iKdqY7HTX5tiTFHugThFTs5X9Z7OAHkIpKduTDaJs-zwrs_tAJZvt-Zfcjvvm3PyxhHbPdoAl2cHd3XGk5npRs4a=w2000-h1333-no?authuser=0\" width=\"2000\" height=\"1333\" alt=\"Misafirler\" class=\"size-full\" \/><\/a><figcaption class=\"wp-caption-text\">Misafirler<\/figcaption><\/figure>\n<h3>88. do\u011fum g\u00fcn\u00fc hediyesi<\/h3>\n<p>*88. do\u011fum g\u00fcn\u00fc: 2 Eyl\u00fcl 1933 (Showa 8) ile 1 Eyl\u00fcl 1934 (Showa 9) aras\u0131nda do\u011fanlar (liste 1 Eyl\u00fcl 2022 itibar\u0131yla d\u00fczenlenmi\u015ftir)<\/p>\n<figure class=\"wp-caption aligncenter\"><a href=\"https:\/\/photos.google.com\/share\/AF1QipO8eH0Wa296b0VcRX2zfPuTdSKGMXwqBv6wiWLOPeNnCrREpOKqj4MCxeuaeMwgRw\/photo\/AF1QipNE15NwrPLs3CtlGNO-Ul-EkDiNUn1rCZ4d41c?key=VmtWazVaMjg1UHN2cWxqYmtOekkxV0ZaaXZ5M3ln\" target=\"_blank\" rel=\"noopener\"><img decoding=\"async\" src=\"https:\/\/lh3.googleusercontent.com\/pw\/AL9nZEVIjHDpSHkgsLQ8epP1LDoqf9CwTUE7950Sg413rqntRp3GqYfuSGJSshKiHFr_xeQhMZIazlLL_Pl-SDXqjLR8xeXMXfEAEtEP5VTwD2kgyhkw2l5U0tik2NX0iHTpMsITmwkaPU3WwnqAKHSGLYig=w2000-h1333-no?authuser=0\" width=\"2000\" height=\"1333\" alt=\"88. do\u011fum g\u00fcn\u00fc hediyesi\" class=\"size-full\" \/><\/a><figcaption class=\"wp-caption-text\">88. do\u011fum g\u00fcn\u00fc hediyesi<\/figcaption><\/figure>\n<h3>Daimi \u0130kamet Liyakat \u00d6d\u00fcl\u00fc (temsilci al\u0131c\u0131)<\/h3>\n<p>* 60 y\u0131l ve \u00fczeri ikamet eden. 1 Eyl\u00fcl 2022 itibar\u0131yla 80 ya\u015f ve \u00fczeri (1 Eyl\u00fcl 2022 itibar\u0131yla liste ayarlamas\u0131)<\/p>\n<figure class=\"wp-caption aligncenter\"><a href=\"https:\/\/photos.google.com\/share\/AF1QipO8eH0Wa296b0VcRX2zfPuTdSKGMXwqBv6wiWLOPeNnCrREpOKqj4MCxeuaeMwgRw\/photo\/AF1QipOy-F5NCh8nCE8eWSkrSRC6A99ZROrz-S6ARXw?key=VmtWazVaMjg1UHN2cWxqYmtOekkxV0ZaaXZ5M3ln\" target=\"_blank\" rel=\"noopener\"><img decoding=\"async\" src=\"https:\/\/lh3.googleusercontent.com\/pw\/AL9nZEVxXfVPEnj91GzpOeVOGW9S6_F_VSdgD8fIPlS6odQK96efMjhqD8ky7empJlohCyv3rU5ai45WU7OzyksBSOjpd-3y5JuN0xEupCEfrxHWez3D96EmQesGip-Bj0mwJ_eSj4YeCHyRr13uS4JreiL5=w2000-h1333-no?authuser=0\" width=\"2000\" height=\"1333\" alt=\"Daimi \u0130kamet Liyakat \u00d6d\u00fcl\u00fc\" class=\"size-full\" \/><\/a><figcaption class=\"wp-caption-text\">Daimi \u0130kamet Liyakat \u00d6d\u00fcl\u00fc<\/figcaption><\/figure>\n<h2>Gezilecek Yerler<\/h2>\n<h3>Sakurashinryu K\u0131l\u0131\u00e7 \u015eiir Dans Derne\u011fi<\/h3>\n<h4>Fl\u00fcts\u00fcz Aoba: Isao Hoshiba<\/h4>\n<figure class=\"wp-caption aligncenter\"><a href=\"https:\/\/photos.google.com\/share\/AF1QipO8eH0Wa296b0VcRX2zfPuTdSKGMXwqBv6wiWLOPeNnCrREpOKqj4MCxeuaeMwgRw\/photo\/AF1QipMQNI30xejG0IEDDpVjmlqDaSOqR3tGkc8jM04?key=VmtWazVaMjg1UHN2cWxqYmtOekkxV0ZaaXZ5M3ln\" target=\"_blank\" rel=\"noopener\"><img decoding=\"async\" src=\"https:\/\/lh3.googleusercontent.com\/pw\/AL9nZEUdZaSxV0pzVIWN6PGJYkHOQRbB_mloqfl79b1xrMK7nip1LkMJYLgCBFbW5YP1k0vIdqrexKLqWt4rl5AgfHffDILihQaO1ETBGXSnGu_nJLaU-pERH_yj0KiFWGSH19pj8PYaBTSHIbpYib2xSkLV=w2000-h1333-no?authuser=0\" width=\"2000\" height=\"1333\" alt=\"&quot;Ye\u015fil Yapraklar\u0131n Fl\u00fct\u00fc&quot; Isao Hoshiba\" class=\"size-full\" \/><\/a><figcaption class=\"wp-caption-text\">&quot;Ye\u015fil Yapraklar\u0131n Fl\u00fct\u00fc&quot; Isao Hoshiba<\/figcaption><\/figure>\n<figure class=\"wp-caption aligncenter\"><a href=\"https:\/\/photos.google.com\/share\/AF1QipO8eH0Wa296b0VcRX2zfPuTdSKGMXwqBv6wiWLOPeNnCrREpOKqj4MCxeuaeMwgRw\/photo\/AF1QipO1xRG2avEUjpm6pcNIk21tht0JaknNKPKv2iE?key=VmtWazVaMjg1UHN2cWxqYmtOekkxV0ZaaXZ5M3ln\" target=\"_blank\" rel=\"noopener\"><img decoding=\"async\" src=\"https:\/\/lh3.googleusercontent.com\/pw\/AL9nZEW-1cEnatI9y6Cil7CNhm0pYfdQJTyt1JAVXdQhGyX_RJz6SPDtAFrDWVnJ1y3h24MNr7WVopRMhSK_Lp2XtE50qUMtTQ-b0SBGYGD28XamZSrlj9l2XDqo72xJXaKVdj996-lL8Zcd2Aqd0fKHw_RQ=w2000-h1333-no?authuser=0\" width=\"2000\" height=\"1333\" alt=\"&quot;Ye\u015fil Yapraklar\u0131n Fl\u00fct\u00fc&quot; Isao Hoshiba\" class=\"size-full\" \/><\/a><figcaption class=\"wp-caption-text\">&quot;Ye\u015fil Yapraklar\u0131n Fl\u00fct\u00fc&quot; Isao Hoshiba<\/figcaption><\/figure>\n<h4>G\u00f6zler: Kazuko Nishiyama ve Hideko Kawada<\/h4>\n<figure class=\"wp-caption aligncenter\"><a href=\"https:\/\/photos.google.com\/share\/AF1QipO8eH0Wa296b0VcRX2zfPuTdSKGMXwqBv6wiWLOPeNnCrREpOKqj4MCxeuaeMwgRw\/photo\/AF1QipNOjUq7HhJFWhyFSJkHKOKtb0KabJ2J27hIVX0?key=VmtWazVaMjg1UHN2cWxqYmtOekkxV0ZaaXZ5M3ln\" target=\"_blank\" rel=\"noopener\"><img decoding=\"async\" src=\"https:\/\/lh3.googleusercontent.com\/pw\/AL9nZEX4ZCHYHLyUGSBk4qptOZN8LAlsXvUwarI7kEzZt_E-nUDuC9D91CQxAUbQ6jS2xKInuEEIvlp7o54Y93pPswUVnGih--vGg_b6rBLAmovNUiCTVGAkLBJWJdBt9-2LuLsJ7Qb2hmgI_nf7tSQFgNvt=w2000-h1333-no?authuser=0\" width=\"2000\" height=\"1333\" alt=\"Kazuko Nishiyama&#039;dan &quot;Manajiri&quot;\" class=\"size-full\" \/><\/a><figcaption class=\"wp-caption-text\">Kazuko Nishiyama&#039;dan &quot;Manajiri&quot;<\/figcaption><\/figure>\n<figure class=\"wp-caption aligncenter\"><a href=\"https:\/\/photos.google.com\/share\/AF1QipO8eH0Wa296b0VcRX2zfPuTdSKGMXwqBv6wiWLOPeNnCrREpOKqj4MCxeuaeMwgRw\/photo\/AF1QipPR6wbbCIBEcAiVQYLbpvFJ8VIrR-j8aEyzfkk?key=VmtWazVaMjg1UHN2cWxqYmtOekkxV0ZaaXZ5M3ln\" target=\"_blank\" rel=\"noopener\"><img decoding=\"async\" src=\"https:\/\/lh3.googleusercontent.com\/pw\/AL9nZEXV3CVBsKiEva6ZRBhEDktkoc4wCwwXkQrIh-f8XEcT_TKga7gnq2ZR7bB8qXglLHFALGl8X9EwyTeHGOcYzfSjCXQOm7K2RyiyW8FnDBk7cO-tRYivJRe7fV56_FYYQU2zU4wGL300S7VTsw8iCQo3=w2000-h1333-no?authuser=0\" width=\"2000\" height=\"1333\" alt=\"Kazuko Nishiyama&#039;dan &quot;Manajiri&quot;\" class=\"size-full\" \/><\/a><figcaption class=\"wp-caption-text\">Kazuko Nishiyama&#039;dan &quot;Manajiri&quot;<\/figcaption><\/figure>\n<figure class=\"wp-caption aligncenter\"><a href=\"https:\/\/photos.google.com\/share\/AF1QipO8eH0Wa296b0VcRX2zfPuTdSKGMXwqBv6wiWLOPeNnCrREpOKqj4MCxeuaeMwgRw\/photo\/AF1QipMFkj2yaLIEL6VXoKGaOwS8JDW26wdohhwaIew?key=VmtWazVaMjg1UHN2cWxqYmtOekkxV0ZaaXZ5M3ln\" target=\"_blank\" rel=\"noopener\"><img decoding=\"async\" src=\"https:\/\/lh3.googleusercontent.com\/pw\/AL9nZEWda5_7PB9KUHoUrBoZ4JBsUMqJpPVTH53cKRbVEYsbjpaQcZUZ3ZO4hxXQEdC0qGqBBRkxmwn7_QTECk-AX7tNhPycIVrc_OxgiEKkDW2IHAua_ACNm6NPSR8wc0qaC6-JHUvzNMnE7xhMO7mgF3Ji=w2000-h1333-no?authuser=0\" width=\"2000\" height=\"1333\" alt=\"Hideko Kawada&#039;dan &quot;Manajiri&quot;\" class=\"size-full\" \/><\/a><figcaption class=\"wp-caption-text\">Hideko Kawada&#039;dan &quot;Manajiri&quot;<\/figcaption><\/figure>\n<h3>Hokuryu Taiko<\/h3>\n<ul>\n<li><strong>\u0130crac\u0131:<\/strong>Hiroyo Nakamura, Chihiro Itagaki, Toshiki Okabe<\/li>\n<li><strong>\u0130cra edilen \u015fark\u0131lar:<\/strong>&quot;\u00d6teki Taraf&quot;, &quot;Havai Fi\u015fekler&quot; ve &quot;Da\u011f\u0131n Yank\u0131s\u0131&quot;<\/li>\n<\/ul>\n<figure class=\"wp-caption aligncenter\"><a href=\"https:\/\/photos.google.com\/share\/AF1QipO8eH0Wa296b0VcRX2zfPuTdSKGMXwqBv6wiWLOPeNnCrREpOKqj4MCxeuaeMwgRw\/photo\/AF1QipP5C0B4crzwPBLXFsY4VI3mT1GnysNJcX2I9Rc?key=VmtWazVaMjg1UHN2cWxqYmtOekkxV0ZaaXZ5M3ln\" target=\"_blank\" rel=\"noopener\"><img decoding=\"async\" src=\"https:\/\/lh3.googleusercontent.com\/pw\/AL9nZEWAXPteZyVMyTssvf2lJ2Aok3vg1lSWOMxaba8-0-d2v9zQgkBKyh-mQaLr3mfLcmORxYl-ONb91XWMrWVHk_i0PJgppUokfFg4o2rw9Ca3RbqA9LHgh0Uwe2JyO7-sDShuZHiZmiD5c1YeDndmHlxV=w2000-h1333-no?authuser=0\" width=\"2000\" height=\"1333\" alt=\"Hokuryu Taiko Davul Performans\u0131\" class=\"size-full\" \/><\/a><figcaption class=\"wp-caption-text\">Hokuryu Taiko Davul Performans\u0131<\/figcaption><\/figure>\n<h4>Temsilci Hiroyo Nakamura&#039;dan selamlar<\/h4>\n<figure class=\"wp-caption aligncenter\"><a href=\"https:\/\/photos.google.com\/share\/AF1QipO8eH0Wa296b0VcRX2zfPuTdSKGMXwqBv6wiWLOPeNnCrREpOKqj4MCxeuaeMwgRw\/photo\/AF1QipOG7b56WSw7-vIDVlZoxQBOBRBWL7ewnY5gdGs?key=VmtWazVaMjg1UHN2cWxqYmtOekkxV0ZaaXZ5M3ln\" target=\"_blank\" rel=\"noopener\"><img decoding=\"async\" src=\"https:\/\/lh3.googleusercontent.com\/pw\/AL9nZEVw2rEBw0zAyMR5XmsbWIsH8txmFgKGUPamIzHiKzbQ983x4mClazymtiAQvqxY1PjztYcOLUXWQ9f_Tg5AeIVDkVZJAWwJwgO_9FQ_ovLFXIWGf8roc6pTjyELF8BJS-9a-4PPoYN9o46FU7Yll0Qy=w2000-h1333-no?authuser=0\" width=\"2000\" height=\"1333\" alt=\"Hiroyo Nakamura&#039;dan selamlar\" class=\"size-full\" \/><\/a><figcaption class=\"wp-caption-text\">Hiroyo Nakamura&#039;dan selamlar<\/figcaption><\/figure>\n<p>&quot;Bu \u00f6zel kutlama etkinli\u011finde bu d\u00f6nemde yemek veremedi\u011fimiz i\u00e7in \u00fczg\u00fcn\u00fcz, ancak Hokuryu Taiko&#039;yu \u00e7almak i\u00e7in elimizden geleni yapaca\u011f\u0131z, bu y\u00fczden keyif alaca\u011f\u0131n\u0131z\u0131 umuyoruz.<\/p>\n<p>\u0130kinci \u015fark\u0131 ise &quot;Fireworks&quot; adl\u0131 performans par\u00e7as\u0131yd\u0131. Hokuryu Kasabas\u0131&#039;nda alt\u0131 adet &quot;Omuzlu F\u0131\u00e7\u0131 Davulu&quot; bulunmaktad\u0131r. Umar\u0131m hepiniz bundan keyif al\u0131rs\u0131n\u0131z.<\/p>\n<p>Eminim ki aran\u0131zda davul \u00e7almay\u0131 denemek isteyenler vard\u0131r. Biliyorum ki bu d\u00f6nemde zor oluyor ama vir\u00fcs\u00fcn giderek zay\u0131flad\u0131\u011f\u0131 hissine kap\u0131l\u0131yorum.<\/p>\n<p>E\u011fer isterseniz, hep birlikte topland\u0131\u011f\u0131m\u0131zda \u0131s\u0131nmak i\u00e7in Japon davulu \u00e7alabilirseniz \u00e7ok mutlu olurum.<\/p>\n<p>Birine \u00e7arpsa \u015fik\u00e2yet edecekler, bir yere \u00e7arpsa k\u0131r\u0131lacak, dolay\u0131s\u0131yla temizlemesi \u00e7ok zahmetli bir i\u015f. Ancak davula ne kadar sert vurursan\u0131z vurun, k\u0131r\u0131lmaz. G\u00fcnl\u00fck s\u0131k\u0131nt\u0131lar\u0131n\u0131z\u0131 d\u0131\u015far\u0131 vurarak oyun oynarsan\u0131z, oynad\u0131\u011f\u0131n\u0131z\u0131 bile unutursunuz.<\/p>\n<p>Onu yan\u0131n\u0131zda ve yak\u0131n\u0131n\u0131zda tutman\u0131z\u0131 dileriz. Umar\u0131m kalbinizin bir k\u00f6\u015fesinde bir g\u00fcn bunu deneme iste\u011fi duyars\u0131n\u0131z.<\/p>\n<p>Son \u015fark\u0131m\u0131z olan &quot;Yamabiko&quot; ise, Muroran K\u00f6pr\u00fcs\u00fc&#039;n\u00fcn in\u015fa edildi\u011fi 2001-2002 y\u0131llar\u0131nda, k\u00f6pr\u00fcye &quot;Sennin Taiko&quot; ad\u0131n\u0131 vererek Guinness Rekorlar Kitab\u0131&#039;na girmesini sa\u011flamak amac\u0131yla seleflerimiz taraf\u0131ndan yaz\u0131lm\u0131\u015ft\u0131. Art\u0131k \u00fclke \u00e7ap\u0131nda oynan\u0131yor.<\/p>\n<p>Kitary\u016b Kasabas\u0131nda 7 A\u011fustos&#039;ta Himawari no Sato&#039;da sahne ald\u0131k ve ayr\u0131ca kasaban\u0131n kurulu\u015funun 130. y\u0131l d\u00f6n\u00fcm\u00fc t\u00f6reninde de sahne ald\u0131k. Kas\u0131m ay\u0131ndaki k\u00fclt\u00fcr festivalinde hepinizi g\u00f6rmekten mutluluk duyar\u0131z. \u015eimdi son \u015fark\u0131 olan &quot;Yamabiko&quot;yu dinleyin l\u00fctfen.<\/p>\n<figure class=\"wp-caption aligncenter\"><a href=\"https:\/\/photos.google.com\/share\/AF1QipO8eH0Wa296b0VcRX2zfPuTdSKGMXwqBv6wiWLOPeNnCrREpOKqj4MCxeuaeMwgRw\/photo\/AF1QipOtEPBJYL0ZnlBzYIxWLV1Dr071DWDSWqQYGCQ?key=VmtWazVaMjg1UHN2cWxqYmtOekkxV0ZaaXZ5M3ln\" target=\"_blank\" rel=\"noopener\"><img decoding=\"async\" src=\"https:\/\/lh3.googleusercontent.com\/pw\/AL9nZEVDgp-jbrN38LcWPoXZ7ino4Qtq3uwc0BnKP5aVeqN86sCIsTHLVuB_jqTIMxVmyMhG6BSBwm8fDRBknekYwRtNPcHNyZLyV0ZdR0XOySfO6S6mjrVQsQc9o0Waj15m6kIXatEfU7IZNs1jKUBrQp0q=w2000-h1333-no?authuser=0\" width=\"2000\" height=\"1333\" alt=\"Canl\u0131 ve dinamik bir taiko davul performans\u0131\" class=\"size-full\" \/><\/a><figcaption class=\"wp-caption-text\">Canl\u0131 ve dinamik bir taiko davul performans\u0131<\/figcaption><\/figure>\n<figure class=\"wp-caption aligncenter\"><a href=\"https:\/\/photos.google.com\/share\/AF1QipO8eH0Wa296b0VcRX2zfPuTdSKGMXwqBv6wiWLOPeNnCrREpOKqj4MCxeuaeMwgRw\/photo\/AF1QipOCBgaChJbPbpGWLqQE4TG7PVBDxqSqYDKLuoU?key=VmtWazVaMjg1UHN2cWxqYmtOekkxV0ZaaXZ5M3ln\" target=\"_blank\" rel=\"noopener\"><img decoding=\"async\" src=\"https:\/\/lh3.googleusercontent.com\/pw\/AL9nZEXiciqR7Pl3uN_LBITrkM1EZRo8v_WpyxIrxV6ccPOELB1fTqiUVDo76wk4HQL6b3XnZO6avzu0VmyT5prjFMKNmm7RVDIMIk9b6G_-C5NtQH9z014Krz0EyNYVyBop0dCVgFLLIObXf3umyZ2FnLhp=w2000-h1333-no?authuser=0\" width=\"2000\" height=\"1333\" alt=\"Varil davullar\u0131 kullan\u0131larak performans\" class=\"size-full\" \/><\/a><figcaption class=\"wp-caption-text\">Varil davullar\u0131 kullan\u0131larak performans<\/figcaption><\/figure>\n<figure class=\"wp-caption aligncenter\"><a href=\"https:\/\/photos.google.com\/share\/AF1QipO8eH0Wa296b0VcRX2zfPuTdSKGMXwqBv6wiWLOPeNnCrREpOKqj4MCxeuaeMwgRw\/photo\/AF1QipPGeZDUmHVCtCHAf25dbALvsIm60Xtn2im2i10?key=VmtWazVaMjg1UHN2cWxqYmtOekkxV0ZaaXZ5M3ln\" target=\"_blank\" rel=\"noopener\"><img decoding=\"async\" src=\"https:\/\/lh3.googleusercontent.com\/pw\/AL9nZEWyi0Qf4NiBEqifosIDP1b_S1ocltVTuPAJV29mFHMg0ITXRr2DnhWP-H3TWg-ogD7-rWavAEVQotejU1jyheUVvUQMhMdQzftE8Sln26DMsWm72Z6GUTBsHwF63CB1I1R7z77l3IbJpmNiF4vND5b5=w2000-h1333-no?authuser=0\" width=\"2000\" height=\"1333\" alt=\"Ba\u011f\u0131r\u0131\u015flar cesurcayd\u0131!\" class=\"size-full\" \/><\/a><figcaption class=\"wp-caption-text\">Ba\u011f\u0131r\u0131\u015flar cesurcayd\u0131!<\/figcaption><\/figure>\n<h2>\u00dc\u00e7 alk\u0131\u015f: Hokuryu Kasabas\u0131 Sosyal Refah Konseyi Ba\u015fkan\u0131 Yamamoto Takeshi<\/h2>\n<figure class=\"wp-caption aligncenter\"><a href=\"https:\/\/photos.google.com\/share\/AF1QipO8eH0Wa296b0VcRX2zfPuTdSKGMXwqBv6wiWLOPeNnCrREpOKqj4MCxeuaeMwgRw\/photo\/AF1QipOgmLklhSUkzQxJgYSImHWwpL6Hevjx3vB9RpY?key=VmtWazVaMjg1UHN2cWxqYmtOekkxV0ZaaXZ5M3ln\" target=\"_blank\" rel=\"noopener\"><img decoding=\"async\" src=\"https:\/\/lh3.googleusercontent.com\/pw\/AL9nZEVyEEVu2hVuFO2uJPV6ukfST47YcVt7opx2i42Hrk8-owmy4PWc0Fv7TflsgiNMe96JWHp5D9w1xWXoNJAfXhIAFAeglCVjwKMQdm6yYJHsw_eRTYemZ3NR4HxJBCMwUl6G51Q0WZUusiiFScq2Z0yv=w2000-h1333-no?authuser=0\" width=\"2000\" height=\"1333\" alt=\"Hokuryu Kasabas\u0131 Sosyal Refah Konseyi Ba\u015fkan\u0131 Say\u0131n Takeshi Yamamoto\" class=\"size-full\" \/><\/a><figcaption class=\"wp-caption-text\">Hokuryu Kasabas\u0131 Sosyal Refah Konseyi Ba\u015fkan\u0131 Say\u0131n Takeshi Yamamoto<\/figcaption><\/figure>\n<p>&quot;Bug\u00fcnk\u00fc Hokuryu Kasabas\u0131 Ya\u015fl\u0131lara Sayg\u0131 G\u00fcn\u00fc Etkinli\u011fine kat\u0131lan herkesi tebrik ediyorum!<br \/>\nHokuryu Kasabas\u0131 bu y\u0131l kurulu\u015funun 130. y\u0131l d\u00f6n\u00fcm\u00fcn\u00fc kutluyor. Hokuryu Kasabas\u0131&#039;n\u0131 bug\u00fcn oldu\u011fu noktaya getiren yorulmak bilmez \u00e7abalar\u0131, s\u0131k\u0131 \u00e7al\u0131\u015fmalar\u0131 ve y\u0131lmaz ruhlar\u0131 i\u00e7in seleflerimize en i\u00e7ten \u015f\u00fckranlar\u0131m\u0131z\u0131 sunmak istiyoruz.<\/p>\n<p>T\u00fcm kat\u0131l\u0131mc\u0131lara sa\u011fl\u0131k ve mutluluklar diliyor, gelecek y\u0131l sizleri yine sa\u011fl\u0131kl\u0131 bir \u015fekilde aram\u0131zda g\u00f6rmeyi umuyoruz. Kitary\u016b Kasabas\u0131&#039;n\u0131n s\u0131n\u0131rs\u0131z geli\u015fiminin devam\u0131 i\u00e7in dua etmek istiyoruz ve etkinli\u011fimizi \u00fc\u00e7 tezah\u00fcratla kapataca\u011f\u0131z.<\/p>\n<p><span style=\"font-size: 16pt;\">&quot;Ya\u015fas\u0131n!&quot; Ya\u015fas\u0131n! Ya\u015fas\u0131n! &quot;<\/span><\/p>\n<p>\u00e7ok te\u015fekk\u00fcr ederim! ! ! &quot;<\/p>\n<figure class=\"wp-caption aligncenter\"><a href=\"https:\/\/photos.google.com\/share\/AF1QipO8eH0Wa296b0VcRX2zfPuTdSKGMXwqBv6wiWLOPeNnCrREpOKqj4MCxeuaeMwgRw\/photo\/AF1QipPJel3OKHi9O3ImYUpxpnqR6vS46GJHnN2zXIs?key=VmtWazVaMjg1UHN2cWxqYmtOekkxV0ZaaXZ5M3ln\" target=\"_blank\" rel=\"noopener\"><img decoding=\"async\" src=\"https:\/\/lh3.googleusercontent.com\/pw\/AL9nZEXGCfT2U9Ry6yVrj95xVR9NLMdKNiVb-Dxa-xKw67GgqkmdNCYKYnRLatNPMa0se63RqmjPHzSjoz6n4_aOvvDeSCr3qzH5gFpkoxK6l8omIBpPgteNdBTBnkoFUA4eWQXzOmUM6bT5YJ1ic2tWi5A7=w2000-h1333-no?authuser=0\" width=\"2000\" height=\"1333\" alt=\"\u00dc\u00e7 kere alk\u0131\u015f!\" class=\"size-full\" \/><\/a><figcaption class=\"wp-caption-text\">\u00dc\u00e7 kere alk\u0131\u015f!<\/figcaption><\/figure>\n<figure class=\"wp-caption aligncenter\"><a href=\"https:\/\/photos.google.com\/share\/AF1QipO8eH0Wa296b0VcRX2zfPuTdSKGMXwqBv6wiWLOPeNnCrREpOKqj4MCxeuaeMwgRw\/photo\/AF1QipMhIjVljjigrvfc-jylzdJQYchxed9hcTpTkJg?key=VmtWazVaMjg1UHN2cWxqYmtOekkxV0ZaaXZ5M3ln\" target=\"_blank\" rel=\"noopener\"><img decoding=\"async\" src=\"https:\/\/lh3.googleusercontent.com\/pw\/AL9nZEWf9S-pHFGLgQiqK6BGHQHFswIM7zzguadQwEjrajCdIEtyVYXeyFblN49s3D3Jrt-nsU_nZjFiW5oA7es8eF3ZCh6b4O4rULvx9rzF6ON8vAtOwd7l_7uvCgAHEXDrOjBylK2IYo6Biy00-bNm-GjY=w2000-h1333-no?authuser=0\" width=\"2000\" height=\"1333\" alt=\"Hepinize sa\u011fl\u0131k ve mutluluk dolu g\u00fcnler dileriz! Ya\u015fas\u0131n!\" class=\"size-full\" \/><\/a><figcaption class=\"wp-caption-text\">Hepinize sa\u011fl\u0131k ve mutluluk dolu g\u00fcnler dileriz! Ya\u015fas\u0131n!<\/figcaption><\/figure>\n<h2>Veda etmek<\/h2>\n<p>Belediye Ba\u015fkan\u0131 Yutaka Sano, Belediye Ba\u015fkan Yard\u0131mc\u0131s\u0131 Toshimasa Takahashi ve E\u011fitim M\u00fcfetti\u015fi Kazushi Arima herkesi u\u011furlad\u0131.<\/p>\n<figure class=\"wp-caption aligncenter\"><a href=\"https:\/\/photos.google.com\/share\/AF1QipO8eH0Wa296b0VcRX2zfPuTdSKGMXwqBv6wiWLOPeNnCrREpOKqj4MCxeuaeMwgRw\/photo\/AF1QipNQK4AmkDe9hfHq_kZwU1OHsJiOnWtErbsYcYY?key=VmtWazVaMjg1UHN2cWxqYmtOekkxV0ZaaXZ5M3ln\" target=\"_blank\" rel=\"noopener\"><img decoding=\"async\" src=\"https:\/\/lh3.googleusercontent.com\/pw\/AL9nZEVNUHeZSuo3gxLgOpZ4FLI5V_zu_TwE8fikq0Bu67jW9U5yfqFbDSA8QOba3akcqYnMP-1Lx1JtIfeIyUOGkuir041aC21LdauNoZLRcn-0WIgfEisIh9Lpm9poSsmRAig8QNgGg-ayS7joknDyVJTf=w2000-h1500-no?authuser=0\" width=\"2000\" height=\"1500\" alt=\"Belediye Ba\u015fkan\u0131 Sano, Ba\u015fkan Yard\u0131mc\u0131s\u0131 Takahashi ve E\u011fitim M\u00fcd\u00fcr\u00fc Arima herkesi u\u011furlad\u0131.\" class=\"size-full\" \/><\/a><figcaption class=\"wp-caption-text\">Belediye Ba\u015fkan\u0131 Sano, Ba\u015fkan Yard\u0131mc\u0131s\u0131 Takahashi ve E\u011fitim M\u00fcd\u00fcr\u00fc Arima herkesi u\u011furlad\u0131.<\/figcaption><\/figure>\n<p>\u00d6zellikle belediye binas\u0131ndaki Kitary\u016b Kasabas\u0131 K\u0131z\u0131lha\u00e7 G\u00f6n\u00fcll\u00fc Kolordusu \u00fcyeleri, o g\u00fcn yiyecek haz\u0131rl\u0131klar\u0131na ve di\u011fer faaliyetlere yard\u0131m etmek i\u00e7in g\u00f6n\u00fcll\u00fc oldular!<\/p>\n<figure class=\"wp-caption aligncenter\"><a href=\"https:\/\/photos.google.com\/share\/AF1QipO8eH0Wa296b0VcRX2zfPuTdSKGMXwqBv6wiWLOPeNnCrREpOKqj4MCxeuaeMwgRw\/photo\/AF1QipOyyyY3LKkfDcENp6ZAuZcoxTl4Q8y8sUbjyMU?key=VmtWazVaMjg1UHN2cWxqYmtOekkxV0ZaaXZ5M3ln\" target=\"_blank\" rel=\"noopener\"><img decoding=\"async\" src=\"https:\/\/lh3.googleusercontent.com\/pw\/AL9nZEWSWudFbprX4BoycLRTulWildFfJjCAaV-sqI4UVCOAWh76uxXsjg1nJNC6F5kykBsp8GKFGW_n3gRdTllI4maDNEmIFVjXTiT-dsOhDHgBAyZQV3BHQT6QEo_AkVfmjHCC7ZQEpr6e-ohSi3Rm6R6T=w2000-h1500-no?authuser=0\" width=\"2000\" height=\"1500\" alt=\"Eve g\u00f6t\u00fcr\u00fclecek hediyelerin da\u011f\u0131t\u0131m\u0131\" class=\"size-full\" \/><\/a><figcaption class=\"wp-caption-text\">Eve g\u00f6t\u00fcr\u00fclecek hediyelerin da\u011f\u0131t\u0131m\u0131<\/figcaption><\/figure>\n<h2>\u00c7e\u015fitli kutlama \u00fcr\u00fcnleri<\/h2>\n<figure class=\"wp-caption aligncenter\"><a href=\"https:\/\/photos.google.com\/share\/AF1QipO8eH0Wa296b0VcRX2zfPuTdSKGMXwqBv6wiWLOPeNnCrREpOKqj4MCxeuaeMwgRw\/photo\/AF1QipMyJ3mPeovvGLTm8oZe1KzecTyqdmjuYrGhiW0?key=VmtWazVaMjg1UHN2cWxqYmtOekkxV0ZaaXZ5M3ln\" target=\"_blank\" rel=\"noopener\"><img decoding=\"async\" src=\"https:\/\/lh3.googleusercontent.com\/pw\/AL9nZEXotHuxHmA-qFYpl71HZ_G-hydXWbwEssOYvFezR-JTFtHiXQxTrTQavNXwO6X6igaCdAT_gDvrxUKLEDyClIgXUxRQ8iUxBpilfhCZc6mH-gcIR2xrolIXzGjM7wNEmsNUZJCpdaLKVZsgyO91kqO8=w2000-h1500-no?authuser=0\" width=\"2000\" height=\"1500\" alt=\"Kutlama hediyeleri\" class=\"size-full\" \/><\/a><figcaption class=\"wp-caption-text\">Kutlama hediyeleri<\/figcaption><\/figure>\n<p>Bento kutular\u0131, k\u0131rm\u0131z\u0131 ve beyaz manju, bira, \u00e7ay ve hediyelik e\u015fyalar (havlu) gibi bir\u00e7ok kutlama malzemesi vard\u0131.<\/p>\n<figure class=\"wp-caption aligncenter\"><a href=\"https:\/\/photos.google.com\/share\/AF1QipO8eH0Wa296b0VcRX2zfPuTdSKGMXwqBv6wiWLOPeNnCrREpOKqj4MCxeuaeMwgRw\/photo\/AF1QipPEdpb_bg-N640g7BK3Iq-IyJMuJvwBZdSIj0A?key=VmtWazVaMjg1UHN2cWxqYmtOekkxV0ZaaXZ5M3ln\" target=\"_blank\" rel=\"noopener\"><img decoding=\"async\" src=\"https:\/\/lh3.googleusercontent.com\/pw\/AL9nZEXk4TpsNybh0docZRH1PNMO5T5RyLnIOrS3O_3vIrDGVLXDyIW9lVe2Ye-WQTfF8mnGMnQEfPyLtFqDd3s-oMTuAtnZRFgFT5BV4grhtGgQgyG2MgZhRvKnDX_QqrGI1K5gJ6cgS1qDwqgBvkdFJWDZ=w2000-h1500-no?authuser=0\" width=\"2000\" height=\"1500\" alt=\"Hediyeler i\u00e7in te\u015fekk\u00fcr ederim!\" class=\"size-full\" \/><\/a><figcaption class=\"wp-caption-text\">Hediyeler i\u00e7in te\u015fekk\u00fcr ederim!<\/figcaption><\/figure>\n<p>Bu zor zamanlar\u0131 atlatm\u0131\u015f ve parlak bir \u015fekilde parlamaya devam eden t\u00fcm sa\u011fl\u0131kl\u0131 ya\u015fl\u0131lar\u0131m\u0131za sonsuz sevgimi, \u015f\u00fckranlar\u0131m\u0131 ve dualar\u0131m\u0131 iletiyorum. . .<\/p>\n<figure class=\"wp-caption aligncenter\"><a href=\"https:\/\/photos.google.com\/share\/AF1QipMamRlCkKpFBXtd6x57DNs3Fsamr-Ba0P6_jKl3HyFp_yI477bvtAAKgQuiC2cIVQ\/photo\/AF1QipOY4DGXf9cNCxDIlNJjaDMgYc-UxjSQiscVicQ?key=QjFoNi1jUVRnUl9BWlQ3MERfc0VtaDNGNWtndFZn\" target=\"_blank\" rel=\"noopener\"><img decoding=\"async\" src=\"https:\/\/lh3.googleusercontent.com\/pw\/AL9nZEVR-U13zdbwFEYgo244gRaJmkGLriIk_0htniWXAVkPP1Y2jHaLWlJSIj1Kkge2BXMYcyCEjZ2zFP_it9GsZ0VY-0i7x1K9THgPrUBSrPOm6bHjAF3zdZlxXykEDWSScM07R75qk2gSRujNaqHurEFV=w2000-h1500-no?authuser=1\" width=\"2000\" height=\"1500\" alt=\"Alt\u0131n pirin\u00e7 ko\u00e7anlar\u0131na \u015f\u00fckranla. . .\" class=\"size-full\" \/><\/a><figcaption class=\"wp-caption-text\">Alt\u0131n pirin\u00e7 ko\u00e7anlar\u0131na \u015f\u00fckranla. . .<\/figcaption><\/figure>\n<h2>Youtube videolar\u0131<\/h2>\n<div class=\"youtube\"><iframe title=\"Tebrikler! Hokuryu Kasabas\u0131 Ya\u015fl\u0131lara Sayg\u0131 G\u00fcn\u00fc 2022 (Hokuryu Kasabas\u0131 Ya\u015fl\u0131 Vatanda\u015flar Refah Merkezi)\" src=\"https:\/\/www.youtube.com\/embed\/OrDcCSwkUJ0?feature=oembed\" frameborder=\"0\" allow=\"accelerometer; autoplay; clipboard-write; encrypted-media; gyroscope; picture-in-picture\" allowfullscreen><\/iframe><\/div>\n<div class=\"youtube\"><iframe title=\"Sakurashinryu K\u0131l\u0131\u00e7 Dans\u0131 Derne\u011fi (Hokuryu Kasabas\u0131 Ya\u015fl\u0131lara Sayg\u0131 G\u00fcn\u00fc Derne\u011fi)\" src=\"https:\/\/www.youtube.com\/embed\/dLHW_Sf3N4A?feature=oembed\" frameborder=\"0\" allow=\"accelerometer; autoplay; clipboard-write; encrypted-media; gyroscope; picture-in-picture\" allowfullscreen><\/iframe><\/div>\n<div class=\"youtube\"><iframe title=\"Hokuryu Taiko @ Hokuryu Kasabas\u0131 Ya\u015fl\u0131lara Sayg\u0131 G\u00fcn\u00fc (Hokuryu Kasabas\u0131, Hokkaido)\" src=\"https:\/\/www.youtube.com\/embed\/EWslP8kM0HU?feature=oembed\" frameborder=\"0\" allow=\"accelerometer; autoplay; clipboard-write; encrypted-media; gyroscope; picture-in-picture\" allowfullscreen><\/iframe><\/div>\n<h2>Di\u011fer foto\u011fraflar<\/h2>\n<div class=\"img-move\">\n<img decoding=\"async\" src=\"https:\/\/ehokkaido.net\/wp-content\/uploads\/2021\/12\/2021-12-06-11.41.12.png\" style=\"vertical-align:middle;\"> <a href=\"\/tr\/xxx\/\" target=\"_blank\" rel=\"noopener noreferrer\">Tebrikler! 2022&#039;deki Hokuryu Kasabas\u0131 Ya\u015fl\u0131lara Sayg\u0131 G\u00fcn\u00fc etkinli\u011finden foto\u011fraflar (82 foto\u011fraf) burada &gt;&gt;<\/a><\/div>\n<h2>\u0130lgili makaleler<\/h2>\n\n        <div class=\"site-blogcard-premium\">\n            <div class=\"bc-label-custom\">\u0130lgili makaleler<\/div>\n            <div class=\"bc-flex-container\">\n                <div class=\"bc-main-text\">\n                    <div class=\"bc-title-link-box\">\n                        <a href=\"https:\/\/portal.hokuryu.info\/tr\/topics\/culture\/20120907.html\/\" target=\"_blank\">2012 Hokuryu Kasabas\u0131 &quot;Ya\u015fl\u0131lara Sayg\u0131 G\u00fcn\u00fc&quot;ne 75 ya\u015f ve \u00fczeri yakla\u015f\u0131k 250 ki\u015fi kat\u0131ld\u0131 - Hokuryu Kasabas\u0131 Portal\u0131 (Hokkaido) Japonya&#039;n\u0131n 1 Numaral\u0131 Ay\u00e7i\u00e7e\u011fi K\u00f6y\u00fc<\/a>\n                    <\/div>\n                    <div class=\"bc-excerpt-box\">2.100 n\u00fcfuslu ve 401.300 ki\u015filik ya\u015flanma oran\u0131na sahip, canl\u0131 bir kasaban\u0131n &quot;bug\u00fcnk\u00fc&quot; halini sizlere sunuyoruz. Ay\u00e7i\u00e7ekleri gibi, aileler uyum i\u00e7inde ya\u015f\u0131yor...<\/div>\n                <\/div>\n                <div class=\"bc-thumbnail-box\">\n                    <a href=\"https:\/\/portal.hokuryu.info\/tr\/topics\/culture\/20120907.html\/\" target=\"_blank\">\n                        <div class=\"bc-img-zoom-wrap\">\n                            <img decoding=\"async\" src=\"https:\/\/lh4.googleusercontent.com\/-p_wa2qbFxRA\/UElPhhHQNcI\/AAAAAAAAdWQ\/Y_NOfSUjySE\/s576\/IMGP8499.JPG\" alt=\"2012 Hokuryu Kasabas\u0131 &quot;Ya\u015fl\u0131lara Sayg\u0131 G\u00fcn\u00fc&quot;ne 75 ya\u015f ve \u00fczeri yakla\u015f\u0131k 250 ki\u015fi kat\u0131ld\u0131 - Hokuryu Kasabas\u0131 Portal\u0131 (Hokkaido) Japonya&#039;n\u0131n 1 Numaral\u0131 Ay\u00e7i\u00e7e\u011fi K\u00f6y\u00fc\">\n                        <\/div>\n                    <\/a>\n                <\/div>\n            <\/div>\n        <\/div>\n\n        <div class=\"site-blogcard-premium\">\n            <div class=\"bc-label-custom\">\u0130lgili makaleler<\/div>\n            <div class=\"bc-flex-container\">\n                <div class=\"bc-main-text\">\n                    <div class=\"bc-title-link-box\">\n                        <a href=\"https:\/\/portal.hokuryu.info\/tr\/csw.html\/\" target=\"_blank\">https:\/\/portal.hokuryu.info\/csw.html<\/a>\n                    <\/div>\n                    <div class=\"bc-excerpt-box\">Sayfa bilgileri al\u0131namad\u0131.<\/div>\n                <\/div>\n                <div class=\"bc-thumbnail-box\">\n                    <a href=\"https:\/\/portal.hokuryu.info\/tr\/csw.html\/\" target=\"_blank\">\n                        <div class=\"bc-img-zoom-wrap\">\n                            <img decoding=\"async\" src=\"https:\/\/portal.hokuryu.info\/wp\/wp-content\/uploads\/2026\/02\/20230802DSC06445_1.jpg\" alt=\"https:\/\/portal.hokuryu.info\/csw.html\">\n                        <\/div>\n                    <\/a>\n                <\/div>\n            <\/div>\n        <\/div>\n<p>\u25c7 \u00c7ekim ve kurgu: Noboru Terauchi R\u00f6portaj ve metin: Ikuko Terauchi<\/p>","protected":false},"excerpt":{"rendered":"<p>\uff12\uff10\uff12\uff12\u5e74\uff19\u6708\uff17\u65e5\uff08\u6c34\uff09 \uff19\u6708\u306b\u5165\u308a\u3001\u53ce\u7a6b\u3092\u524d\u306b\u3001\u9ec4\u91d1\u306e\u7a32\u7a42\u304c\u98a8\u306b\u63fa\u308c\u308b\u5b63\u7bc0\u3092\u8fce\u3048\u3066\u3044\u307e\u3059\u3002\uff19\u6708\uff16\u65e5\uff08\u706b\uff09\uff11\uff10\uff1a\uff13\uff10\u301c\u3001\uff13\u5e74\u3076\u308a\u306b\u4ee4\u548c\uff14\u5e74\u5ea6\u5317\u7adc\u753a\u656c\u8001\u4f1a\u304c\u3001\u5317\u7adc\u753a\u8001\u4eba\u798f\u7949\u30bb\u30f3\u30bf\u30fc\u306b\u3066\u958b\u50ac\u3055\u308c\u307e\u3057\u305f\u3002  [&hellip;]<\/p>\n","protected":false},"author":1,"featured_media":23603,"comment_status":"open","ping_status":"open","sticky":false,"template":"","format":"standard","meta":{"footnotes":""},"categories":[4,14,22],"tags":[],"class_list":["post-23602","post","type-post","status-publish","format-standard","has-post-thumbnail","hentry","category-cover-story","category-hokuryu-town","category-csw"],"_links":{"self":[{"href":"https:\/\/portal.hokuryu.info\/tr\/wp-json\/wp\/v2\/posts\/23602","targetHints":{"allow":["GET"]}}],"collection":[{"href":"https:\/\/portal.hokuryu.info\/tr\/wp-json\/wp\/v2\/posts"}],"about":[{"href":"https:\/\/portal.hokuryu.info\/tr\/wp-json\/wp\/v2\/types\/post"}],"author":[{"embeddable":true,"href":"https:\/\/portal.hokuryu.info\/tr\/wp-json\/wp\/v2\/users\/1"}],"replies":[{"embeddable":true,"href":"https:\/\/portal.hokuryu.info\/tr\/wp-json\/wp\/v2\/comments?post=23602"}],"version-history":[{"count":0,"href":"https:\/\/portal.hokuryu.info\/tr\/wp-json\/wp\/v2\/posts\/23602\/revisions"}],"wp:featuredmedia":[{"embeddable":true,"href":"https:\/\/portal.hokuryu.info\/tr\/wp-json\/wp\/v2\/media\/23603"}],"wp:attachment":[{"href":"https:\/\/portal.hokuryu.info\/tr\/wp-json\/wp\/v2\/media?parent=23602"}],"wp:term":[{"taxonomy":"category","embeddable":true,"href":"https:\/\/portal.hokuryu.info\/tr\/wp-json\/wp\/v2\/categories?post=23602"},{"taxonomy":"post_tag","embeddable":true,"href":"https:\/\/portal.hokuryu.info\/tr\/wp-json\/wp\/v2\/tags?post=23602"}],"curies":[{"name":"wp","href":"https:\/\/api.w.org\/{rel}","templated":true}]}}