{"id":23377,"date":"2022-09-05T06:39:06","date_gmt":"2022-09-04T21:39:06","guid":{"rendered":"https:\/\/portal.hokuryu.info\/?p=23377"},"modified":"2024-12-30T14:45:59","modified_gmt":"2024-12-30T05:45:59","slug":"tebrikler-hokuryu-kasabasi-130-yil-donumu-anma-toreni","status":"publish","type":"post","link":"https:\/\/portal.hokuryu.info\/tr\/23377\/","title":{"rendered":"Tebrikler! Hokuryu Kasabas\u0131 130. Y\u0131l D\u00f6n\u00fcm\u00fc Anma T\u00f6reni"},"content":{"rendered":"<p>Pazartesi, 5 Eyl\u00fcl 2022<\/p>\n<p>Hokuryu Kasabas\u0131&#039;n\u0131n kurulu\u015funun 130. y\u0131l d\u00f6n\u00fcm\u00fc anma t\u00f6reni, 3 Eyl\u00fcl 2022 Cumartesi g\u00fcn\u00fc saat 10:00&#039;da Hokuryu Kasaba Toplum Merkezi B\u00fcy\u00fck Salonu&#039;nda d\u00fczenlendi.<\/p>\n<p>Kitary\u016b Kasabas\u0131&#039;n\u0131n kurulu\u015funun 130. y\u0131l d\u00f6n\u00fcm\u00fcn\u00fc kutlamak ve kasaban\u0131n geli\u015fimine yapt\u0131klar\u0131 b\u00fcy\u00fck katk\u0131lar\u0131 takdir etmek amac\u0131yla 65 kasaba halk\u0131na te\u015fekk\u00fcr mektubu takdim edildi. En i\u00e7ten tebriklerimizi sunar\u0131z.<\/p>\n<h2>Hokuryu Kasabas\u0131 130. Y\u0131l D\u00f6n\u00fcm\u00fc T\u00f6reni ve Mekan\u0131<\/h2>\n<h3>Hokuryu Kasabas\u0131 Toplum Merkezi<\/h3>\n<figure class=\"wp-caption aligncenter\"><a href=\"https:\/\/photos.google.com\/share\/AF1QipNU1Tuhn9Ovwt-oSJZuuwPsbSIUkTSCSDJdiMVO4rYl49n-UDQyDFfz6IVqewlXtg\/photo\/AF1QipNQtKyLhCx8IKJGN51qQ36LOd8s7Yt0Ipn54Iw?key=WGg3Y0cyUk0yWUIyTTZkeEhWUFZQTkFxeUdTdW9B\" target=\"_blank\" rel=\"noopener\"><img decoding=\"async\" class=\"size-full\" src=\"https:\/\/lh3.googleusercontent.com\/pw\/AL9nZEUFXVslQ9nUHX_f3kO7TRePO31B51RY8YEcj4I9w4r3oo2SMwNraeQWkUfX0nF4Tr76RjRZIKOE2Ysg5JUJH5DmhOT23t_nWQxM2cOwqZVV9qrgnE8ZLZri1XpN1F17LcssGxiosboYrFwK0G2xxdif=w2528-h1896-no?authuser=1\" alt=\"Hokuryu Kasaba Toplum Merkezi&#039;nde d\u00fczenlendi\" width=\"2528\" height=\"1896\" \/><\/a><figcaption class=\"wp-caption-text\">Hokuryu Kasaba Toplum Merkezi&#039;nde d\u00fczenlendi<\/figcaption><\/figure>\n<figure class=\"wp-caption aligncenter\"><a href=\"https:\/\/photos.google.com\/share\/AF1QipNU1Tuhn9Ovwt-oSJZuuwPsbSIUkTSCSDJdiMVO4rYl49n-UDQyDFfz6IVqewlXtg\/photo\/AF1QipOv6H5IpPiHGQwsQrwjydaWoMs80MLsdS_THk8?key=WGg3Y0cyUk0yWUIyTTZkeEhWUFZQTkFxeUdTdW9B\" target=\"_blank\" rel=\"noopener\"><img decoding=\"async\" class=\"size-full\" src=\"https:\/\/lh3.googleusercontent.com\/pw\/AL9nZEV1so9WY4eYvG-6NzsoRIXgbnbh77SyfR1WqO3d5F5kq6NUkZbdALjImGTPFAvLngd_QyGDH_FyI-NdFeCR9x1KTIDXcXd826eR8SzvGyFbi-yCezY2C-zxE6EHEcuVPleJuVDEtVCmcY-DJLhTZIPd=w2844-h1896-no?authuser=0\" alt=\"Hokuryu Kasabas\u0131 130. Y\u0131l D\u00f6n\u00fcm\u00fc Anma T\u00f6reni\" width=\"2844\" height=\"1896\" \/><\/a><figcaption class=\"wp-caption-text\">Hokuryu Kasabas\u0131 130. Y\u0131l D\u00f6n\u00fcm\u00fc Anma T\u00f6reni<\/figcaption><\/figure>\n<h2>Hokuryu Kasabas\u0131 130. Y\u0131l D\u00f6n\u00fcm\u00fc Anma T\u00f6reni<\/h2>\n<h3>T\u00f6ren<\/h3>\n<figure class=\"wp-caption aligncenter\"><a href=\"https:\/\/photos.google.com\/share\/AF1QipNU1Tuhn9Ovwt-oSJZuuwPsbSIUkTSCSDJdiMVO4rYl49n-UDQyDFfz6IVqewlXtg\/photo\/AF1QipNjVQHtDzaW_buEmAzX-Ik1Sd8GXncvq1_Qqm8?key=WGg3Y0cyUk0yWUIyTTZkeEhWUFZQTkFxeUdTdW9B\" target=\"_blank\" rel=\"noopener\"><img decoding=\"async\" class=\"size-full\" src=\"https:\/\/lh3.googleusercontent.com\/pw\/AL9nZEXd25ASYG8RoyoYkz0_MJdVNYIY7J0lGzfwmT4xXrdPBVZJK7H7g7n7XnFOoWe9FAO89YuOEZAEUpcItjvS4mJY1RiNoqi2oTIQZrHTOIeEjV_6IuX0bYpxGc5Ydk6OZJoeDeSTh54TWQjAEOTwCZnd=w2844-h1896-no?authuser=0\" alt=\"Anma T\u00f6reni\" width=\"2844\" height=\"1896\" \/><\/a><figcaption class=\"wp-caption-text\">Anma T\u00f6reni<\/figcaption><\/figure>\n<h3>Moderat\u00f6r: Hajime Nanba, Genel \u0130\u015fler B\u00f6l\u00fcm M\u00fcd\u00fcr\u00fc<\/h3>\n<p>Etkinlik, Kitary\u016b Kasabas\u0131 Genel \u0130\u015fler B\u00f6l\u00fcm \u015eefi Hajime Minami&#039;nin a\u00e7\u0131l\u0131\u015f konu\u015fmas\u0131yla ciddi ama sorunsuz bir \u015fekilde ba\u015flad\u0131.<\/p>\n<figure class=\"wp-caption aligncenter\"><a href=\"https:\/\/photos.google.com\/share\/AF1QipNU1Tuhn9Ovwt-oSJZuuwPsbSIUkTSCSDJdiMVO4rYl49n-UDQyDFfz6IVqewlXtg\/photo\/AF1QipOCr3R2YE5NAz1JY8cG7kPIKURdQ6fT-nvgTpQ?key=WGg3Y0cyUk0yWUIyTTZkeEhWUFZQTkFxeUdTdW9B\" target=\"_blank\" rel=\"noopener\"><img decoding=\"async\" class=\"size-full\" src=\"https:\/\/lh3.googleusercontent.com\/pw\/AL9nZEVnyfZWr8XT5k8W0YhThIAhz3k4xsVLcOoADvaOAp3Ja0xpLDrgvucTLu24_HPohScaVbf9XnzzVjNiAh_iI8vKlp2MmPCgLUCiXMpyKSztdLab4ypoomjxaQYPCayiqeLZ6FUxEN7KG3D7K4dS5HKn=w2844-h1896-no?authuser=0\" alt=\"Genel moderat\u00f6r: Hokuryu Kasabas\u0131 Planlama ve Tan\u0131t\u0131m B\u00f6l\u00fcm\u00fc M\u00fcd\u00fcr\u00fc Hajime Nanba\" width=\"2844\" height=\"1896\" \/><\/a><figcaption class=\"wp-caption-text\">Genel moderat\u00f6r: Hokuryu Kasabas\u0131 Planlama ve Tan\u0131t\u0131m B\u00f6l\u00fcm\u00fc M\u00fcd\u00fcr\u00fc Hajime Nanba<\/figcaption><\/figure>\n<h3>Milli mar\u015f\u0131n s\u00f6ylenmesi<\/h3>\n<p>Koronavir\u00fcs enfeksiyonuna kar\u015f\u0131 \u00f6nlem ama\u00e7l\u0131 sessiz tezah\u00fcrat.<\/p>\n<h3>sessiz dua<\/h3>\n<p>Merhum atalar\u0131m\u0131za en derin \u015f\u00fckranlar\u0131m\u0131z\u0131 sunmak, ruhlar\u0131n\u0131n \u015fad olmas\u0131n\u0131 niyaz ediyor ve bir dakikal\u0131k sayg\u0131 duru\u015funda bulunuyoruz. Herkes bir an sayg\u0131 duru\u015funda bulundu.<\/p>\n<figure class=\"wp-caption aligncenter\"><a href=\"https:\/\/photos.google.com\/share\/AF1QipNU1Tuhn9Ovwt-oSJZuuwPsbSIUkTSCSDJdiMVO4rYl49n-UDQyDFfz6IVqewlXtg\/photo\/AF1QipMO2sRCobCJN359ND2Km-cIrWFewqOszNf_wqg?key=WGg3Y0cyUk0yWUIyTTZkeEhWUFZQTkFxeUdTdW9B\" target=\"_blank\" rel=\"noopener\"><img decoding=\"async\" class=\"size-full\" src=\"https:\/\/lh3.googleusercontent.com\/pw\/AL9nZEUur8g97VBFX0HTyzP2ym3JzgWq2IwByjVhC52d3f95-hbYEqJvwnFypFU6ruiQ79C86JYrpNhYwkG3Nmme9pEVaA9j4yFylnU4nyo1EuSmy_Rt_PeprT1DLBHVutVLi6cDIFenDgUox63vkhb_za9g=w2844-h1896-no?authuser=0\" alt=\"Milli mar\u015f ve sayg\u0131 duru\u015fu\" width=\"2844\" height=\"1896\" \/><\/a><figcaption class=\"wp-caption-text\">Milli mar\u015f ve sayg\u0131 duru\u015fu<\/figcaption><\/figure>\n<h3>Hokuryu Kasabas\u0131 Belediye Ba\u015fkan\u0131 Yutaka Sano&#039;nun Konu\u015fmas\u0131<\/h3>\n<figure class=\"wp-caption aligncenter\"><a href=\"https:\/\/photos.google.com\/share\/AF1QipNU1Tuhn9Ovwt-oSJZuuwPsbSIUkTSCSDJdiMVO4rYl49n-UDQyDFfz6IVqewlXtg\/photo\/AF1QipPhT06L0QpkppqDkRqWxylSMguwyICxJYwuH9A?key=WGg3Y0cyUk0yWUIyTTZkeEhWUFZQTkFxeUdTdW9B\" target=\"_blank\" rel=\"noopener\"><img decoding=\"async\" class=\"size-full\" src=\"https:\/\/lh3.googleusercontent.com\/pw\/AL9nZEUcHjLoMADcucgHvYCnVS5JUnjmYwQoY1LQl6RV3gpRG1l4KZIK-0DEMoJ3ItSPvvKQw_-cAbrx2kHjr6R5YUCjETHfsMU4RFCBev-tLyNmtjTzR1E9avpCRw3sHhHHu21rDVPOd6yHnF14WYD0dgA9=w2844-h1896-no?authuser=0\" alt=\"Belediye Ba\u015fkan\u0131 Yutaka Sano&#039;nun konu\u015fmas\u0131\" width=\"2844\" height=\"1896\" \/><\/a><figcaption class=\"wp-caption-text\">Belediye Ba\u015fkan\u0131 Yutaka Sano&#039;nun konu\u015fmas\u0131<\/figcaption><\/figure>\n<p>&quot;Hem kamusal hem de \u00f6zel yo\u011fun programlar\u0131n\u0131zdan vakit ay\u0131r\u0131p Hokuryu Kasabas\u0131&#039;n\u0131n kurulu\u015funun 130. y\u0131l d\u00f6n\u00fcm\u00fcn\u00fc anmak i\u00e7in d\u00fczenlenen bu t\u00f6rene kat\u0131ld\u0131\u011f\u0131n\u0131z i\u00e7in hepinize en i\u00e7ten \u015f\u00fckranlar\u0131m\u0131 sunmak istiyorum.<\/p>\n<p>Bu \u00f6nemli y\u0131l, \u00f6nc\u00fclerimizin 1893 y\u0131l\u0131nda bu ayak bas\u0131lmam\u0131\u015f topraklarda iz b\u0131rakmas\u0131n\u0131n \u00fczerinden 130 y\u0131l ge\u00e7iyor. Bunu t\u00fcm kasaba halk\u0131yla birlikte kutlayabildi\u011fim i\u00e7in \u00e7ok mutluyum.<\/p>\n<p>Geriye d\u00f6n\u00fcp bakt\u0131\u011f\u0131m\u0131zda \u00f6nc\u00fc \u00e7al\u0131\u015fmalar\u0131n Chiba \u0130li&#039;ndeki Motono K\u00f6y\u00fc&#039;nden g\u00f6\u00e7 eden bir grup insanla ba\u015flad\u0131\u011f\u0131n\u0131 g\u00f6r\u00fcyoruz. Vah\u015fi kadim ormanlarda balta ve \u00e7apalarla dola\u015ft\u0131lar, \u00e7etin do\u011fa \u015fartlar\u0131na g\u00f6\u011f\u00fcs gerdiler, say\u0131s\u0131z do\u011fal afetle, a\u00e7l\u0131kla, hastal\u0131klarla m\u00fccadele ettiler ama yine de y\u0131lmaz bir ruhla b\u00f6lgeyi geli\u015ftirmeye devam ettiler.<\/p>\n<p>Daha sonra Akita, Ehime, Toyama, Ishikawa ve di\u011fer illerden bir dizi insan g\u00f6\u00e7 etti ve bu da kasaban\u0131n geli\u015fmesine ve g\u00fcn\u00fcm\u00fczdeki Hokuryu kasabas\u0131n\u0131n temellerinin at\u0131lmas\u0131na yol a\u00e7t\u0131. B\u00fcy\u00fck ba\u015far\u0131lar\u0131ndan dolay\u0131 seleflerimize en i\u00e7ten sayg\u0131 ve \u015f\u00fckranlar\u0131m\u0131z\u0131 sunmak isteriz.<\/p>\n<p>Kentin temel end\u00fcstrisi olan tar\u0131m, Uryu Nehri, Etaibetsu Nehri, Mibaushi Nehri ve Azusawa Nehri havzalar\u0131ndaki verimli topraklar ve sularla kutsanm\u0131\u015ft\u0131r ve seleflerimiz, tar\u0131msal altyap\u0131 ve tesisleri istikrarl\u0131 bir \u015fekilde geli\u015ftirmek i\u00e7in erken bir a\u015famadan itibaren say\u0131s\u0131z zorlu\u011fun \u00fcstesinden gelmi\u015flerdir.<\/p>\n<p>\u00c7eltik alan\u0131nda Hokuryu Ay\u00e7i\u00e7e\u011fi Pirinci, 2017 y\u0131l\u0131nda Japonya Tar\u0131m \u00d6d\u00fcl\u00fc&#039;n\u00fcn Toplu \u00d6rg\u00fctlenme Kategorisi&#039;nde B\u00fcy\u00fck \u00d6d\u00fcl&#039;\u00fc kazand\u0131.<\/p>\n<p>\u00dcreticilerimizin gayretleri sayesinde di\u011fer tar\u0131m \u00fcr\u00fcnlerimiz de her kesimden b\u00fcy\u00fck be\u011feni toplarken, halk\u0131m\u0131z\u0131n can ve sa\u011fl\u0131\u011f\u0131n\u0131 koruyan g\u00fcvenli g\u0131da \u00fcretim \u00fcss\u00fc olarak \u00f6nemli bir g\u00f6revi yerine getiriyoruz.<\/p>\n<p>Tar\u0131msal verimlili\u011fin daha da art\u0131r\u0131lmas\u0131 ve tar\u0131msal \u00fcr\u00fcnlere katma de\u011fer kazand\u0131r\u0131lmas\u0131 amac\u0131yla \u00e7al\u0131\u015fmalar s\u00fcrd\u00fcr\u00fclmektedir.<\/p>\n<p>Ayr\u0131ca, kasabam\u0131z\u0131n tan\u0131t\u0131m\u0131 ve kalk\u0131nmas\u0131 a\u00e7\u0131s\u0131ndan tar\u0131m\u0131n modernizasyonu, toprak ve suyun korunmas\u0131, yol ve k\u00f6pr\u00fc yap\u0131m\u0131n\u0131n iyile\u015ftirilmesi, e\u011fitim ve sosyal tesislerin iyile\u015ftirilmesi, turizmin te\u015fvik edilmesi, dolay\u0131s\u0131yla sakinlerimizin refah\u0131n\u0131n art\u0131r\u0131lmas\u0131 ve sanayinin te\u015fvik edilmesi konular\u0131nda \u00e7al\u0131\u015fmalar y\u00fcr\u00fct\u00fcyoruz.<\/p>\n<p>Bug\u00fcn toplant\u0131ya kat\u0131lan yerel y\u00f6netim ve sanayi kurulu\u015flar\u0131na katk\u0131lar\u0131ndan dolay\u0131 bir te\u015fekk\u00fcr mektubu sunmak istiyoruz. Benden \u00f6ncekiler de \u015fehrimizin tan\u0131t\u0131m\u0131 ve kalk\u0131nmas\u0131 i\u00e7in \u00e7aba sarf ettiler, g\u00f6sterdikleri \u00e7aba ve ba\u015far\u0131lardan dolay\u0131 kendilerine en i\u00e7ten \u015f\u00fckranlar\u0131m\u0131 ve sayg\u0131lar\u0131m\u0131 sunmak istiyorum.<\/p>\n<p>Hokuryu Kasabas\u0131, daha fazla geli\u015fme ve ileriye s\u0131\u00e7rama amac\u0131yla \u015fu anda Ay\u00e7i\u00e7e\u011fi K\u00f6y\u00fc Temel Plan\u0131 ve Hokuryu Kasabas\u0131 Kamu Tesisi Ta\u015f\u0131ma Plan\u0131&#039;n\u0131 form\u00fcle ediyor ve Ay\u00e7i\u00e7e\u011fi K\u00f6y\u00fc&#039;n\u00fcn bir turizm merkezi olarak geli\u015fmesini te\u015fvik etmenin yan\u0131 s\u0131ra kasaba halk\u0131 i\u00e7in g\u00fcvenli ve emniyetli bir ya\u015fam sa\u011fl\u0131yor ve m\u00fcreffeh bir kasaba yarat\u0131yor.<\/p>\n<p>Mevcut toplumsal durum, COVID-19&#039;un k\u00fcresel yay\u0131l\u0131m\u0131 ve siyasi istikrars\u0131zl\u0131k nedeniyle \u00e7alkant\u0131l\u0131d\u0131r.<\/p>\n<p>Tar\u0131m sekt\u00f6r\u00fc de pirin\u00e7 t\u00fcketimindeki d\u00fc\u015f\u00fc\u015f, artan malzeme maliyetleri ve i\u015f\u00e7i s\u0131k\u0131nt\u0131s\u0131 gibi sorunlarla zor zamanlar ge\u00e7iriyor.<\/p>\n<p>Kasabam\u0131z\u0131n temel end\u00fcstrilerini kurmak ve ay\u00e7i\u00e7e\u011fi turizmini geli\u015ftirmek i\u00e7in \u00e7al\u0131\u015fmaya devam edece\u011fiz ve buray\u0131 g\u00fczel bir ay\u00e7i\u00e7e\u011fi kasabas\u0131, insanlar\u0131n ya\u015famaya devam etmek isteyece\u011fi ve bunu gelecek nesillere aktarmak isteyece\u011fi bir kasaba haline getirmek i\u00e7in daha da b\u00fcy\u00fck ad\u0131mlar atma sorumlulu\u011fumuzu hissediyoruz.<\/p>\n<p>Ayd\u0131nl\u0131k, ya\u015fanabilir ve m\u00fcreffeh bir Hokuryu kasabas\u0131 in\u015fa etme \u00e7abalar\u0131m\u0131z\u0131 s\u00fcrd\u00fcrmeye kararl\u0131y\u0131z ve bug\u00fcne kadar sa\u011flad\u0131\u011f\u0131n\u0131z rehberli\u011finizin ve i\u015fbirli\u011finizin devam\u0131n\u0131 i\u00e7tenlikle rica ediyoruz.<\/p>\n<p>Seleflerimizin emekleri i\u00e7in bir kez daha \u015f\u00fckranlar\u0131m\u0131 sunmak istiyorum ve konu\u015fmam\u0131, bug\u00fcn burada bulunan herkese ve kasaba halk\u0131na sa\u011fl\u0131k ve mutluluk duas\u0131yla tamamlamak istiyorum.<\/p>\n<p>3 Eyl\u00fcl 2022 Hokuryu Kasabas\u0131 Belediye Ba\u015fkan\u0131, Yutaka Sano<\/p>\n<figure class=\"wp-caption aligncenter\"><a href=\"https:\/\/photos.google.com\/share\/AF1QipNU1Tuhn9Ovwt-oSJZuuwPsbSIUkTSCSDJdiMVO4rYl49n-UDQyDFfz6IVqewlXtg\/photo\/AF1QipPT1KX8X5SE21U_xf-GrGSftk8oqmRsbNQTy-c?key=WGg3Y0cyUk0yWUIyTTZkeEhWUFZQTkFxeUdTdW9B\" target=\"_blank\" rel=\"noopener\"><img decoding=\"async\" class=\"size-full\" src=\"https:\/\/lh3.googleusercontent.com\/pw\/AL9nZEU9GS1Y36udNjAw7cjw0PLaMn0wAxm93YLKfAu5gbptPP3ORpSY12PNGXYR4EAmHygzIbK4G4MtYzT3jV-luKTqlNWDbKObGXtQDXKYj_VVfSaMNxQlMipAyEQ89XzQVBpVneUuOW5Ez9brQWEStA6Q=w2844-h1896-no?authuser=0\" alt=\"Kat\u0131l\u0131mc\u0131lar\" width=\"2844\" height=\"1896\" \/><\/a><figcaption class=\"wp-caption-text\">Kat\u0131l\u0131mc\u0131lar<\/figcaption><\/figure>\n<h3>Takdir mektubu sunumu<\/h3>\n<p>Ba\u011f\u0131\u015f\u00e7\u0131lar ad\u0131na sertifikay\u0131 \u00fc\u00e7 ki\u015fi teslim ald\u0131.<\/p>\n<h4>B\u00fcy\u00fck ba\u011f\u0131\u015f\u00e7\u0131: Hisao Shinoda<\/h4>\n<figure class=\"wp-caption aligncenter\"><a href=\"https:\/\/photos.google.com\/share\/AF1QipNU1Tuhn9Ovwt-oSJZuuwPsbSIUkTSCSDJdiMVO4rYl49n-UDQyDFfz6IVqewlXtg\/photo\/AF1QipOIfEa5xGOxwug9jN_UZVtA8KhDuXC2F1N6_6M?key=WGg3Y0cyUk0yWUIyTTZkeEhWUFZQTkFxeUdTdW9B\" target=\"_blank\" rel=\"noopener\"><img decoding=\"async\" class=\"size-full\" src=\"https:\/\/lh3.googleusercontent.com\/pw\/AL9nZEXpDOsVwzRBgUnKIPMav2XnlDEv3TAT4mb8O4UpGsOYLz2K9gFAzUlPqQa_GjtU0FkYBfiocGofr-ZaO8eEKQfFzuHxrSmNYFxiWmSmC6Ts0KhNWV3Mf4KbI7g2h9g3R-Nm75nGd16L1oNOmgLKOJw2=w2844-h1896-no?authuser=0\" alt=\"B\u00fcy\u00fck ba\u011f\u0131\u015f\u00e7\u0131: Hisao Shinoda\" width=\"2844\" height=\"1896\" \/><\/a><figcaption class=\"wp-caption-text\">B\u00fcy\u00fck ba\u011f\u0131\u015f\u00e7\u0131: Hisao Shinoda<\/figcaption><\/figure>\n<figure class=\"wp-caption aligncenter\"><a href=\"https:\/\/photos.google.com\/share\/AF1QipNU1Tuhn9Ovwt-oSJZuuwPsbSIUkTSCSDJdiMVO4rYl49n-UDQyDFfz6IVqewlXtg\/photo\/AF1QipMJoRF6U3M1nESI7DYIWzDcDTsoMbuOwt9xPpY?key=WGg3Y0cyUk0yWUIyTTZkeEhWUFZQTkFxeUdTdW9B\" target=\"_blank\" rel=\"noopener\"><img decoding=\"async\" class=\"size-full\" src=\"https:\/\/lh3.googleusercontent.com\/pw\/AL9nZEXXiYH_YiY2MEv6K1OP0zT_VdvCRCPiw6ahwgKSYmb_akn7YtU1KehgXin-Ee66aLaugbxE4pMVfe4EtBvN8PeChrDY97FGf0wSXYFHOiNA5KhrtFGlj3jTL640DIbocR71ApYhWXlpMPPEDyW2--Gw=w2844-h1896-no?authuser=0\" alt=\"Takdir Belgesi alanlar\" width=\"2844\" height=\"1896\" \/><\/a><figcaption class=\"wp-caption-text\">Takdir Belgesi alanlar<\/figcaption><\/figure>\n<figure class=\"wp-caption aligncenter\"><a href=\"https:\/\/photos.google.com\/share\/AF1QipNU1Tuhn9Ovwt-oSJZuuwPsbSIUkTSCSDJdiMVO4rYl49n-UDQyDFfz6IVqewlXtg\/photo\/AF1QipPQ4ezmcNCoqDdQETfxmQBimNrJGJbUweZqa2E?key=WGg3Y0cyUk0yWUIyTTZkeEhWUFZQTkFxeUdTdW9B\" target=\"_blank\" rel=\"noopener\"><img decoding=\"async\" class=\"size-full\" src=\"https:\/\/lh3.googleusercontent.com\/pw\/AL9nZEUwCtVB_4dS-I-bdS1NrpBduYdavZjtAsGNBVMg1xHN-Ud1grw7cl-zQq8fN_ZE33Sdq8W_mONxbf657gYfwKTkHmSt4pB9ICbsa_g2SumaF-D_7qwGLGZiWJQfLbHjN6VOA6S2kK7R8_DuWdspCCdQ=w2844-h1896-no?authuser=0\" alt=\"T\u00f6rene kat\u0131lanlar\" width=\"2844\" height=\"1896\" \/><\/a><figcaption class=\"wp-caption-text\">T\u00f6rene kat\u0131lanlar<\/figcaption><\/figure>\n<h4>Belediye Liyakat \u00d6d\u00fcl\u00fc: Meclis \u00dcyesi (\u0130ki d\u00f6nem meclis \u00fcyeli\u011fi, sekiz y\u0131ldan fazla g\u00f6rev yapm\u0131\u015f ve \u00f6d\u00fcl almam\u0131\u015f olanlar)<br \/>\nBay Masami Komatsu<\/h4>\n<figure class=\"wp-caption aligncenter\"><a href=\"https:\/\/photos.google.com\/share\/AF1QipNU1Tuhn9Ovwt-oSJZuuwPsbSIUkTSCSDJdiMVO4rYl49n-UDQyDFfz6IVqewlXtg\/photo\/AF1QipN2fV5JQWtoxa_EIhS9EZKLhEHZ3XDjRg5i_4Q?key=WGg3Y0cyUk0yWUIyTTZkeEhWUFZQTkFxeUdTdW9B\" target=\"_blank\" rel=\"noopener\"><img decoding=\"async\" class=\"size-full\" src=\"https:\/\/lh3.googleusercontent.com\/pw\/AL9nZEUV-EDiISKIDwkAmO4Q9KvM5mD0mlnqIYUQS8oWnSx7jQeQGIkjfuIDlNpIldAfE9sCirqa8zvHHOj2ies7sAwIIH8gNxOPQ30lrqziH3ALFACVC7_rWQvWlkhP1QEA8TTvXJoJHpRXDqjKseVlAfhW=w2844-h1896-no?authuser=0\" alt=\"Yerel Y\u00f6netim \u00dcst\u00fcn Hizmet \u00d6d\u00fcl\u00fc Temsilcisi Say\u0131n Masami Komatsu\" width=\"2844\" height=\"1896\" \/><\/a><figcaption class=\"wp-caption-text\">Yerel Y\u00f6netim \u00dcst\u00fcn Hizmet \u00d6d\u00fcl\u00fc Temsilcisi Say\u0131n Masami Komatsu<\/figcaption><\/figure>\n<h4>Sanayi Liyakat \u00d6d\u00fcl\u00fc: Tar\u0131m Kooperatifi Y\u00f6neticisi (15 y\u0131l veya daha uzun s\u00fcre tar\u0131msal kooperatif y\u00f6neticisi olarak g\u00f6rev yapm\u0131\u015f ancak \u00f6d\u00fcl almayan ki\u015fi)<br \/>\nBay Masakazu Yoshio<\/h4>\n<figure class=\"wp-caption aligncenter\"><a href=\"https:\/\/photos.google.com\/share\/AF1QipNU1Tuhn9Ovwt-oSJZuuwPsbSIUkTSCSDJdiMVO4rYl49n-UDQyDFfz6IVqewlXtg\/photo\/AF1QipMvm0zi_T5oKnOfPZy2yESPh08BuIJoEO6aDTE?key=WGg3Y0cyUk0yWUIyTTZkeEhWUFZQTkFxeUdTdW9B\" target=\"_blank\" rel=\"noopener\"><img decoding=\"async\" class=\"size-full\" src=\"https:\/\/lh3.googleusercontent.com\/pw\/AL9nZEVvftd-X3sXv0PuTQAGMytu3Qtv76_0fIJ6o8S2fxjlGLFZo6cBhtc98REW4IPbpCGA4S99vAYyaD1bfPpKQRV-FOuejgJQdaV67YQWKQDBSeuvUK_Dgu10fkBZOgXt93Ei4uTLn5QEtoGifbuS25tc=w2844-h1896-no?authuser=0\" alt=\"Sekt\u00f6r Liyakat \u00d6d\u00fcl\u00fc Sahiplerinin Temsilcisi: Masakazu Yoshio\" width=\"2844\" height=\"1896\" \/><\/a><figcaption class=\"wp-caption-text\">Sekt\u00f6r Liyakat \u00d6d\u00fcl\u00fc Sahiplerinin Temsilcisi: Masakazu Yoshio<\/figcaption><\/figure>\n<h2>Te\u015fekk\u00fcr mektubunun al\u0131c\u0131s\u0131n\u0131n ad\u0131 (unvanlar \u00e7\u0131kar\u0131lm\u0131\u015ft\u0131r)<\/h2>\n<h3>B\u00fcy\u00fck ba\u011f\u0131\u015f\u00e7\u0131lar<\/h3>\n<p>\u30fbHisao Shinoda<\/p>\n<h3>Belediye Liyakat \u00d6d\u00fcl\u00fc<\/h3>\n<h4>Meclis \u00dcyesi (Meclis \u00fcyesi olarak 2 d\u00f6nem, 8 y\u0131l veya daha fazla hizmet ve \u00f6d\u00fcl sahibi olmam\u0131\u015f)<\/h4>\n<p>\u30fbMasami Komatsu<\/p>\n<h4>Tar\u0131m Komiseri (Tar\u0131m komiserli\u011fi g\u00f6revini d\u00f6rt d\u00f6nem, 12 y\u0131ldan fazla s\u00fcreyle y\u00fcr\u00fctm\u00fc\u015f ve bu \u00f6d\u00fcl\u00fc almam\u0131\u015ft\u0131r)<\/h4>\n<p>Shigeki Mizutani ve Hirokuni Kitakiyo<\/p>\n<h4>\u00d6zel \u00e7al\u0131\u015fan (Halen \u00f6zel belediye \u00e7al\u0131\u015fan\u0131 olarak \u00e7al\u0131\u015fan ve \u00f6d\u00fcl almam\u0131\u015f olanlar)<\/h4>\n<p>Hiroyuki Honke, Kazushi Honda, Noriyuki Takeuchi<\/p>\n<h4>E\u011fitim Kurulu \u00fcyeleri (12 y\u0131l veya daha fazla s\u00fcredir kurul \u00fcyesi olarak g\u00f6rev yapm\u0131\u015f ve \u00f6d\u00fcl almam\u0131\u015f olanlar)<\/h4>\n<p>Reiko Yamamoto, Toshiyuki Takada, Yoshiko Hayashi, Nobuyuki Takebayashi ve Kimimasa Mikami<\/p>\n<h4>Ulusal Sa\u011fl\u0131k Sigortas\u0131 Komitesi \u00dcyesi (20 y\u0131ldan fazla s\u00fcredir Ulusal Sa\u011fl\u0131k Sigortas\u0131 Komitesi \u00fcyesi olarak g\u00f6rev yapan, ancak yard\u0131m almayan ki\u015fi)<\/h4>\n<p>Yukihiko Uramoto, Hisayuki Shinohara, Takashi Watanabe<\/p>\n<h4>Refah Komiseri (12 y\u0131l veya daha uzun s\u00fcre refah komiserli\u011fi yapm\u0131\u015f ve bu \u00f6d\u00fcl\u00fc almam\u0131\u015f olanlar)<\/h4>\n<p>\u30fbYutaka Nakamura<\/p>\n<h4>G\u00f6n\u00fcll\u00fc denetim g\u00f6revlisi (15 y\u0131l veya daha fazla g\u00f6n\u00fcll\u00fc denetim g\u00f6revlisi olarak \u00e7al\u0131\u015fm\u0131\u015f ve \u00f6d\u00fcl almam\u0131\u015f olanlar)<\/h4>\n<p>\u30fbKatsuhiro Nagai<\/p>\n<h4>Se\u00e7im Komiseri (Se\u00e7im komiseri olarak 12 y\u0131l veya daha fazla deneyime sahip \u00f6d\u00fcl almayan ki\u015fi)<\/h4>\n<p>\u30fbShoichi Nakamura, Yasushi Takahashi ve Yuji Ishibashi<\/p>\n<h4>Sabit Varl\u0131klar De\u011ferleme Komitesi \u00dcyesi (12 y\u0131l veya daha uzun s\u00fcre Sabit Varl\u0131klar De\u011ferleme Komitesi \u00fcyesi olarak g\u00f6rev yapm\u0131\u015f ancak \u00f6d\u00fcl almayan ki\u015fi)<\/h4>\n<p>Yukio Takada<\/p>\n<h4>Adalet Komitesi \u00dcyesi (Adalet Komitesinde 12 y\u0131l veya daha fazla s\u00fcre \u00fcye olarak g\u00f6rev yapm\u0131\u015f ve \u00f6d\u00fcl almam\u0131\u015f ki\u015fi)<\/h4>\n<p>Seiichi Eda, Nobuyoshi Teragaki ve Yasunori Watanabe<\/p>\n<h4>\u0130tfaiye g\u00f6n\u00fcll\u00fcs\u00fc (itfaiye tugay\u0131nda 30 y\u0131ldan fazla s\u00fcre \u00fcye veya g\u00f6revli olarak g\u00f6rev yapm\u0131\u015f ve \u00f6d\u00fcl almam\u0131\u015f ki\u015fi)<\/h4>\n<p>\u30fbNakayama Shigeyuki ve Ukai Takashi<\/p>\n<h4>Trafik E\u011fitmeni (15 y\u0131l ve \u00fczeri trafik e\u011fitmenli\u011fi yapm\u0131\u015f ve bu unvan\u0131 almam\u0131\u015f olanlar)<\/h4>\n<p>Koichi Ohshima, Tsuyoshi Michishita, Masayoshi Misaki, Takao Yamada, Akio Fujii, Toshiaki Tachikawa, Junichi Fukase, Tsuyoshi Kobayashi, Masatoshi Kagami ve Naoki Shiraoka<\/p>\n<h4>Spor organizat\u00f6r\u00fc (15 y\u0131l ve \u00fczeri spor organizat\u00f6r\u00fc olarak \u00e7al\u0131\u015fm\u0131\u015f ve bu \u00f6d\u00fcl\u00fc almam\u0131\u015f olanlar)<\/h4>\n<p>Eriko Ohya, Takashi Hatada ve Misuzu Nanba<\/p>\n<h4>Vatanda\u015f (35 y\u0131l veya daha fazla hizmeti olan ve daha \u00f6nce \u00f6d\u00fcl\u00fc olmayan Belediye \u00e7al\u0131\u015fan\u0131)<\/h4>\n<p>\u30fbMasanobu Fujinami, Takashi Inoue, Hideki Yamada, Yoshiyuki Ohya, Takeshi Otomo, Nobuhiro Yamada, Yumiko Minami, Michihito Nakamura, Yasuhiro Sugiyama, Hideyuki Minami, Hiroyuki Takimoto, Yoshinori Mori, Keiko Tsuzuki, Hiroe Kitakiyo ve Kumi Yamamoto<\/p>\n<h3>end\u00fcstride liyakat sahibi ki\u015fi<\/h3>\n<h4>Tar\u0131m kooperatifi y\u00f6neticisi (Tar\u0131m kooperatifi y\u00f6neticisi olarak 15 y\u0131l ve \u00fczeri \u00e7al\u0131\u015fm\u0131\u015f olup \u00f6d\u00fcl almam\u0131\u015f olanlar)<\/h4>\n<p>Masakazu Yoshio ve Katsuzo Ito<\/p>\n<h4>Arazi \u0130yile\u015ftirme B\u00f6lge G\u00f6revlisi (15 y\u0131l veya daha fazla s\u00fcre arazi iyile\u015ftirme b\u00f6lge g\u00f6revlisi olarak g\u00f6rev yapm\u0131\u015f ve bu \u00f6d\u00fcl\u00fc almam\u0131\u015f olanlar)<\/h4>\n<p>\u30fbHironobu Omi ve Akira Kono<\/p>\n<h4>Ticaret Odas\u0131 G\u00f6revlisi (Ticaret Odas\u0131 G\u00f6revlisi olarak 15 y\u0131l ve \u00fczeri \u00e7al\u0131\u015fm\u0131\u015f olup bu unvan\u0131 almam\u0131\u015f olanlar)<\/h4>\n<p>Akio Okino, Hajime Futagami, Masahito Fujii, Kenji Sazaki ve Katsutoshi Yamamoto<\/p>\n<h4>Tar\u0131m kooperatifi \u00e7al\u0131\u015fanlar\u0131 (Hokuryu Tar\u0131m Kooperatifinde 35 y\u0131l veya daha fazla \u00e7al\u0131\u015fm\u0131\u015f ve y\u00f6netici veya daha y\u00fcksek pozisyonlarda bulunanlar)<\/h4>\n<p>Kenichi Sakuraba ve Kazuaki Takigami<\/p>\n<figure class=\"wp-caption aligncenter\"><a href=\"https:\/\/photos.google.com\/share\/AF1QipNU1Tuhn9Ovwt-oSJZuuwPsbSIUkTSCSDJdiMVO4rYl49n-UDQyDFfz6IVqewlXtg\/photo\/AF1QipM538-yOTUpC7m_p5tFWmS1So0peysmONeQA4M?key=WGg3Y0cyUk0yWUIyTTZkeEhWUFZQTkFxeUdTdW9B\" target=\"_blank\" rel=\"noopener\"><img decoding=\"async\" class=\"size-full\" src=\"https:\/\/lh3.googleusercontent.com\/pw\/AL9nZEVejZltuj9riZpNaYQA99C5knR1TZuru46K5UIoYuNPK5ixkJWkSeU2P94pCPLVwLbLhn-iPXl8b0y_qxhp9GELGaE56-HZ-SZR_I2QBruXZgViPb6ggeeJ41AD7ezgNV1BSP08yqOyTU4LmdPqvIpq=w2844-h1896-no?authuser=0\" alt=\"B\u00fcy\u00fck ba\u015far\u0131n\u0131zdan dolay\u0131 te\u015fekk\u00fcr ederiz. . .\" width=\"2844\" height=\"1896\" \/><\/a><figcaption class=\"wp-caption-text\">B\u00fcy\u00fck ba\u015far\u0131n\u0131zdan dolay\u0131 te\u015fekk\u00fcr ederiz. . .<\/figcaption><\/figure>\n<h3>Tebrik konu\u015fmas\u0131: Hokuryu Kasaba Meclisi Ba\u015fkan\u0131 Yasuhiro Sasaki<\/h3>\n<figure class=\"wp-caption aligncenter\"><a href=\"https:\/\/photos.google.com\/share\/AF1QipNU1Tuhn9Ovwt-oSJZuuwPsbSIUkTSCSDJdiMVO4rYl49n-UDQyDFfz6IVqewlXtg\/photo\/AF1QipNRqcSuLIbykXtmGdLXQQcebXo5oiSZFZU70tQ?key=WGg3Y0cyUk0yWUIyTTZkeEhWUFZQTkFxeUdTdW9B\" target=\"_blank\" rel=\"noopener\"><img decoding=\"async\" class=\"size-full\" src=\"https:\/\/lh3.googleusercontent.com\/pw\/AL9nZEWRVo2TG1PhrqvzJhZEITOrZIG4J44uViBg6Kamp-MpRrhRu_uv3kFWD64Gy60pfm3ve8pU5HRJdnje6XcjsTNCIbVOrcbqGobPaPgpuM15AuDpOdTcLaSpO7FeOq6SskkCcQNK6duxWxGjmCqx8vNF=w2844-h1896-no?authuser=0\" alt=\"Hokuryu Kasaba Konseyi Ba\u015fkan\u0131 Bay Yasuhiro Sasaki\" width=\"2844\" height=\"1896\" \/><\/a><figcaption class=\"wp-caption-text\">Hokuryu Kasaba Konseyi Ba\u015fkan\u0131 Bay Yasuhiro Sasaki<\/figcaption><\/figure>\n<p>&quot;Bug\u00fcn Hokuryu Kasabas\u0131&#039;n\u0131n kurulu\u015funun 130. y\u0131l d\u00f6n\u00fcm\u00fc ve kasaban\u0131n bir sakini olarak, b\u00fcy\u00fck bir gurur ve kasabam\u0131za duydu\u011fum derin sevgiyle tebriklerimi sunuyorum.<\/p>\n<p>B\u00f6yle b\u00fcy\u00fck bir ba\u011f\u0131\u015fta bulunan Bay Shinoda Hisao, Numata Belediye Meclisi&#039;nin eski ba\u015fkan\u0131 ve Numata&#039;n\u0131n eski belediye ba\u015fkan\u0131d\u0131r ve kendisinin Sorachi \u0130li yerel y\u00f6netimine b\u00fcy\u00fck katk\u0131larda bulundu\u011funa inan\u0131yorum. Yard\u0131m\u0131n\u0131z i\u00e7in \u00e7ok te\u015fekk\u00fcr ederim. Bug\u00fcn tekrar te\u015fekk\u00fcr ederim.<\/p>\n<p>Mahalledeki her bir insan\u0131n y\u00fcz\u00fcn\u00fc g\u00f6rd\u00fc\u011f\u00fcmde, onlar\u0131n ya\u015fad\u0131klar\u0131 s\u0131k\u0131nt\u0131lar akl\u0131ma geliyor ve g\u00f6zlerim doluyor. \u00c7ok te\u015fekk\u00fcr ederim. Kendinize iyi bakmaya ve belediyenin talimatlar\u0131na uymaya devam etmenizi rica ediyoruz.<\/p>\n<p>Bug\u00fcn t\u00f6renin yap\u0131ld\u0131\u011f\u0131 toplum merkezine girerken, otoparkta Kokugakuin \u00dcniversitesi atletizm tak\u0131m\u0131ndan sporcular\u0131 g\u00f6rd\u00fcm.<\/p>\n<p>&quot;Bug\u00fcn bir \u015fey mi var?&quot; Oyuncular bana, &quot;Hokuryu Kasabas\u0131&#039;n\u0131n tarihi nedir?&quot; diye sorduklar\u0131nda &quot;Kasaban\u0131n kurulu\u015fundan bu yana 130 y\u0131l ge\u00e7ti. Anma t\u00f6reni yap\u0131lacak.&quot; diye cevaplad\u0131m. Daha sonra t\u00fcm atletizm tak\u0131m\u0131 \u00fcyeleri bir araya toplanarak, &#039;Kitary\u016b Kasabas\u0131&#039;n\u0131n kurulu\u015funun 130. y\u0131l d\u00f6n\u00fcm\u00fc kutlu olsun!&#039; diye ba\u011f\u0131rd\u0131lar. &quot;Beni \u015f\u00f6yle selamlad\u0131: &quot;<\/p>\n<p>Kitaryu&#039;ya bu kadar nazik sporcular\u0131n gelebilmesinin sebebinin, \u015fehrin \u00e7ok geli\u015fmi\u015f olmas\u0131 oldu\u011funu ger\u00e7ekten hissettim.<\/p>\n<p>G\u00fcn\u00fcm\u00fczde &quot;Japonya&quot; \u00fclkesinin \u015fekli de\u011fi\u015fmek \u00fczeredir. Japonya&#039;n\u0131n Hokkaido ve Hokuryu Kasabas\u0131&#039;n\u0131 \u00e7evreleyen \u00e7evre, n\u00fcfusun azalmas\u0131, ya\u015flanan toplum, iklim de\u011fi\u015fikli\u011finin neden oldu\u011fu s\u0131k s\u0131k ya\u015fanan felaketler, COVID-19&#039;un beklenmedik \u015fekilde yay\u0131lmas\u0131 ve Rusya&#039;n\u0131n Ukrayna&#039;y\u0131 i\u015fgali gibi uluslararas\u0131 sorunlar nedeniyle kasvetli bir hal ald\u0131. Gelecek kayg\u0131s\u0131 ta\u015f\u0131yoruz.<\/p>\n<p>Bu kasaba 130 y\u0131l \u00f6nce Chiba \u0130li&#039;ndeki Motono K\u00f6y\u00fc&#039;nden buraya g\u00f6\u00e7 eden insanlar taraf\u0131ndan kuruldu. Tarih boyunca toprak \u0131slah\u0131ndan kalk\u0131nmaya kadar pek \u00e7ok zorlu\u011fa g\u00f6\u011f\u00fcs geren Hokuryu Kasabas\u0131&#039;n\u0131n bar\u0131\u015f\u00e7\u0131l ya\u015fam\u0131, her a\u015famada atalar\u0131n\u0131n \u00e7ekti\u011fi zorluklar\u0131n temelleri \u00fczerine in\u015fa edilmi\u015ftir.<\/p>\n<p>Art\u0131k \u00f6zg\u00fcr ve bar\u0131\u015f\u00e7\u0131l bir \u00fclkede ya\u015f\u0131yoruz. Ancak bu \u00f6zg\u00fcrl\u00fc\u011f\u00fc ve demokrasiyi kendi ellerimizle korumam\u0131z gerekiyor. De\u011ferli de\u011ferlerimize ve ideallerimize sahip \u00e7\u0131kmak, vatan\u0131m\u0131z\u0131 korumak demektir; bu da \u00e7ok sevdi\u011fimiz ailelerimizi korumak demektir. Bunun art\u0131k bize d\u00fc\u015fen \u00f6nemli bir sorumluluk oldu\u011funa inan\u0131yorum.<\/p>\n<p>Ekilen tohumlar\u0131 bir sonraki nesillere aktarman\u0131n bizim g\u00f6revimiz oldu\u011funa inan\u0131yorum.<\/p>\n<p>Kasaban\u0131n kurulu\u015funun 100. y\u0131l d\u00f6n\u00fcm\u00fcn\u00fc kutlamak i\u00e7in 30 y\u0131l \u00f6nce \u00e7ocuklar, amiral gemisi kulesinin yan\u0131na bir &quot;zaman kaps\u00fcl\u00fc&quot; g\u00f6md\u00fcler. Bunu bir 20 y\u0131l daha g\u00f6remeyece\u011fiz ama \u00e7ocuklar\u0131n 30 y\u0131l \u00f6nce Hokuriku Kasabas\u0131 i\u00e7in parlak bir gelecek hayal ederken ne d\u00fc\u015f\u00fcnd\u00fcklerini merak ediyorum.<\/p>\n<p>Kasaba t\u00fcz\u00fc\u011f\u00fcnde belirtildi\u011fi gibi, \u00e7ocuklar\u0131m\u0131z i\u00e7in parlak bir gelece\u011fe sahip bir Kitaryu yaratmak hakk\u0131nda \u015fark\u0131 s\u00f6yl\u00fcyoruz. Daha ayd\u0131nl\u0131k bir Hokuryu kasabas\u0131 yaratmak i\u00e7in birlikte \u00e7al\u0131\u015fmak istiyoruz.<\/p>\n<p>Bundan 10, 50 veya 100 y\u0131l sonra Hokuryu Kasabas\u0131&#039;n\u0131n k\u00fc\u00e7\u00fck boyutuna ra\u011fmen parlakl\u0131\u011f\u0131n\u0131 s\u00fcrd\u00fcrece\u011fini ve b\u00fcy\u00fck bir ay\u00e7i\u00e7e\u011fi gibi b\u00fcy\u00fck potansiyeli olan bir kasaba olarak \u00e7i\u00e7ek a\u00e7maya devam edece\u011fini kutlamak ve dua etmek istiyoruz.<\/p>\n<p>3 Eyl\u00fcl 2022 Hokuryu Belediye Meclisi Ba\u015fkan\u0131 Yasuhiro Sasaki<\/p>\n<figure class=\"wp-caption aligncenter\"><a href=\"https:\/\/photos.google.com\/share\/AF1QipNU1Tuhn9Ovwt-oSJZuuwPsbSIUkTSCSDJdiMVO4rYl49n-UDQyDFfz6IVqewlXtg\/photo\/AF1QipPoEihkNx8b_UoP2K3JOLYlZm3Dy7b8YgEeRLc?key=WGg3Y0cyUk0yWUIyTTZkeEhWUFZQTkFxeUdTdW9B\" target=\"_blank\" rel=\"noopener\"><img decoding=\"async\" class=\"size-full\" src=\"https:\/\/lh3.googleusercontent.com\/pw\/AL9nZEU1b-jDS6BKXOCqI9HaZEmbiT30ZBLgwD9yXxdoOYOyrM6S-vilD_zcdH1ewukMiaYGi_DyXKia2KXMlKwdYb6USLVa1SxnuaAcBhQz60bb_AGk-Sre8e34-s5osRHCc6LNJGxQSkyYvdZi9MkMJF5j=w2844-h1896-no?authuser=0\" alt=\"Hokuryu Kasabas\u0131&#039;n\u0131n geli\u015fiminin devam\u0131 i\u00e7in dua ediyorum. . .\" width=\"2844\" height=\"1896\" \/><\/a><figcaption class=\"wp-caption-text\">Hokuryu Kasabas\u0131&#039;n\u0131n geli\u015fiminin devam\u0131 i\u00e7in dua ediyorum. . .<\/figcaption><\/figure>\n<h2>Gezilecek Yerler<\/h2>\n<p>Kitaryu Taiko \u00fcyeleri &quot;Hayabusa&quot;, &quot;Ya\u011fl\u0131 Hasat Kutlamas\u0131 Taiko&quot; ve &quot;Yamabiko&quot; performanslar\u0131n\u0131 sergiledi.<br \/>\nHokuryu Taiko davullar\u0131n\u0131n g\u00f6rkemli sesinin kalp at\u0131\u015flar\u0131yla yank\u0131lan\u0131p, y\u00fcksek sesle yank\u0131lanmas\u0131 ve b\u00fcy\u00fck bir duygu dalgas\u0131 yaratmas\u0131 muhte\u015fem bir and\u0131r. . .<\/p>\n<h3>Hokuryu Taiko grubunun \u00fcyelerinin dinamik performans\u0131<\/h3>\n<figure class=\"wp-caption aligncenter\"><a href=\"https:\/\/photos.google.com\/share\/AF1QipNU1Tuhn9Ovwt-oSJZuuwPsbSIUkTSCSDJdiMVO4rYl49n-UDQyDFfz6IVqewlXtg\/photo\/AF1QipN8NS0AnGxnHk0iW_b3i6aoElkwMdL-2DbrRBo?key=WGg3Y0cyUk0yWUIyTTZkeEhWUFZQTkFxeUdTdW9B\" target=\"_blank\" rel=\"noopener\"><img decoding=\"async\" class=\"size-full\" src=\"https:\/\/lh3.googleusercontent.com\/pw\/AL9nZEU9i6RImtf2pzjNfD6y3ESd5nLpBpwuHyVJaPGAoychN7YAPmTjR2-SbR1or80ExwT1AYyD9AgM5SbRCflPMu10fSp5m6hdoCfmONR_f0obhkoEtV099yDVe-qpHpsarpUOg8lHHDuTGd8Uzqocli7j=w2844-h1896-no?authuser=0\" alt=\"Hokuryu Taiko grubunun \u00fcyelerinin dinamik performans\u0131\" width=\"2844\" height=\"1896\" \/><\/a><figcaption class=\"wp-caption-text\">Hokuryu Taiko grubunun \u00fcyelerinin dinamik performans\u0131<\/figcaption><\/figure>\n<h3>G\u00fc\u00e7l\u00fc darbeler dizisi<\/h3>\n<figure class=\"wp-caption aligncenter\"><a href=\"https:\/\/photos.google.com\/share\/AF1QipNU1Tuhn9Ovwt-oSJZuuwPsbSIUkTSCSDJdiMVO4rYl49n-UDQyDFfz6IVqewlXtg\/photo\/AF1QipMWRmR2JkJfD2m7GENGjQ3c0oOkCcb2Rz8s6uk?key=WGg3Y0cyUk0yWUIyTTZkeEhWUFZQTkFxeUdTdW9B\" target=\"_blank\" rel=\"noopener\"><img decoding=\"async\" class=\"size-full\" src=\"https:\/\/lh3.googleusercontent.com\/pw\/AL9nZEXfcwYvVw9DC-5yd9cUZuyN58ZqqiHj7suOKjuUThMtGPDXtIXJxrU97s-nBupvVnjPrGyLEfZeGTGwXC14-kMhgQ6QK-ZQGtEdoyk8gN72T5E7j9n0bfV3Z2FmvS63mOJFo24BmHx6wtt4HST7YNca=w2844-h1896-no?authuser=0\" alt=\"G\u00fc\u00e7l\u00fc darbeler dizisi\" width=\"2844\" height=\"1896\" \/><\/a><figcaption class=\"wp-caption-text\">G\u00fc\u00e7l\u00fc darbeler dizisi<\/figcaption><\/figure>\n<h3>Japon davullar\u0131n\u0131n g\u00fc\u00e7l\u00fc sesi<\/h3>\n<figure class=\"wp-caption aligncenter\"><a href=\"https:\/\/photos.google.com\/share\/AF1QipNU1Tuhn9Ovwt-oSJZuuwPsbSIUkTSCSDJdiMVO4rYl49n-UDQyDFfz6IVqewlXtg\/photo\/AF1QipMfdmtG9tTenW2Eo7WezcAGOp2urgr7PF6kzts?key=WGg3Y0cyUk0yWUIyTTZkeEhWUFZQTkFxeUdTdW9B\" target=\"_blank\" rel=\"noopener\"><img decoding=\"async\" class=\"size-full\" src=\"https:\/\/lh3.googleusercontent.com\/pw\/AL9nZEUtTIxFA67g_H6zNRCvsCwPaCxs_EmhRIEHukeuQGheikLglvoyE4XfkNGgK4FWHPGIMtNh6b01_Mf8WKDfkiYJlfg_h-4uDtPtK3cs7I-h6eFTEV1IzZOlGIP-wbsq4cC-p0uhbQEDwmiFapN2_6q0=w2844-h1896-no?authuser=0\" alt=\"Japon davullar\u0131n\u0131n g\u00fc\u00e7l\u00fc sesi\" width=\"2844\" height=\"1896\" \/><\/a><figcaption class=\"wp-caption-text\">Japon davullar\u0131n\u0131n g\u00fc\u00e7l\u00fc sesi<\/figcaption><\/figure>\n<h3>Duygu dolu bir alk\u0131\u015f!<\/h3>\n<figure class=\"wp-caption aligncenter\"><a href=\"https:\/\/photos.google.com\/share\/AF1QipNU1Tuhn9Ovwt-oSJZuuwPsbSIUkTSCSDJdiMVO4rYl49n-UDQyDFfz6IVqewlXtg\/photo\/AF1QipPRHN85m75azdoeqGm_VRZwYi9gwWGAWWCnD0Y?key=WGg3Y0cyUk0yWUIyTTZkeEhWUFZQTkFxeUdTdW9B\" target=\"_blank\" rel=\"noopener\"><img decoding=\"async\" class=\"size-full\" src=\"https:\/\/lh3.googleusercontent.com\/pw\/AL9nZEU-hmTRwj0LR5sm2Tic6zRQzuDnvYxwQ59qULV3J02m-FUKhPzUIBiitO3MnF8_9fk1kEGKALDx2D_qz7Kl6HAb2xuGZJLI2BqsfjptCw3GKAtIgGw9bCe99xoaCfcWClSM8wCbMFOPOCFLmUg3N5hL=w2844-h1896-no?authuser=0\" alt=\"Co\u015fkulu bir alk\u0131\u015f tufan\u0131!\" width=\"2844\" height=\"1896\" \/><\/a><figcaption class=\"wp-caption-text\">Co\u015fkulu bir alk\u0131\u015f tufan\u0131!<\/figcaption><\/figure>\n<p>B\u00fcy\u00fck kasaba halk\u0131n\u0131n ruhu 130 y\u0131ld\u0131r aktar\u0131l\u0131yor ve korunuyor. . .<\/p>\n<p>Bu zorlu ve s\u00fcrekli de\u011fi\u015fen ortamda bile, y\u00fcreklerinde parlak bir gelecekle \u00e7al\u0131\u015fmaya devam eden Hokuryu Kasabas\u0131&#039;n\u0131n de\u011ferli ruhlar\u0131na s\u0131n\u0131rs\u0131z sevgi, \u015f\u00fckran ve dualar\u0131m\u0131zla. . .<br \/>\n\u3000<br \/>\n<figure class=\"wp-caption aligncenter\"><a href=\"https:\/\/photos.google.com\/share\/AF1QipNU1Tuhn9Ovwt-oSJZuuwPsbSIUkTSCSDJdiMVO4rYl49n-UDQyDFfz6IVqewlXtg\/photo\/AF1QipOOtGU62f-UW1w1cK6ygDP1_j1eENYAvSH3Yzc?key=WGg3Y0cyUk0yWUIyTTZkeEhWUFZQTkFxeUdTdW9B\" target=\"_blank\" rel=\"noopener\"><img decoding=\"async\" class=\"size-full\" src=\"https:\/\/lh3.googleusercontent.com\/pw\/AL9nZEXaT41Is7bbGItBZ94RzW5bIgXSZeXzUXGnWJIF2DV27kulwlMRF4uKaf_Jlwe9CCRumesW-xAKQOvPgrslu3-tgW29pXyRlZLXv6OygXoHIOjV1ykk3MB_H7z5-jStnI7nlPGcHwPab2krs79-ybR2=w2844-h1896-no?authuser=0\" alt=\"Hokuryu Kasabas\u0131ndan aktar\u0131lan b\u00fcy\u00fck ruha \u015f\u00fckranla. . .\" width=\"2844\" height=\"1896\" \/><\/a><figcaption class=\"wp-caption-text\">Hokuryu Kasabas\u0131ndan aktar\u0131lan b\u00fcy\u00fck ruha \u015f\u00fckranla. . .<\/figcaption><\/figure>\n<h2>Kita Sorachi Gazetesi<\/h2>\n<figure class=\"wp-caption aligncenter\"><a href=\"https:\/\/photos.google.com\/share\/AF1QipNU1Tuhn9Ovwt-oSJZuuwPsbSIUkTSCSDJdiMVO4rYl49n-UDQyDFfz6IVqewlXtg\/photo\/AF1QipNUeMpTjFKOQuWmkq9ctAQD3dFnwybk-I2TfDQ?key=WGg3Y0cyUk0yWUIyTTZkeEhWUFZQTkFxeUdTdW9B\" target=\"_blank\" rel=\"noopener\"><img decoding=\"async\" src=\"https:\/\/lh3.googleusercontent.com\/pw\/AL9nZEV17FLkIrc_FhXcPj0ANadKKwd7Msp4OQdb7ferO2zbcpLcFE5szdjGfEx1y5pRwYqKuuwabSgEZaoC7xb_F12RbLTbnAKcXJvcK0hF1m5ZasGVGIq-ieWpRuRi9s94p3Lgr1wng5Ki_9h1KcAAIwQz=w1433-h1868-no?authuser=0\" width=\"1432\" height=\"1868\" alt=\"Hokuryu Kasabas\u0131n\u0131n Kurulu\u015funun 130. Y\u0131ld\u00f6n\u00fcm\u00fc [Kita Sorachi Shimbun]\" class=\"size-full\" \/><\/a><figcaption class=\"wp-caption-text\">Hokuryu Kasabas\u0131n\u0131n Kurulu\u015funun 130. Y\u0131ld\u00f6n\u00fcm\u00fc [Kita Sorachi Shimbun]<\/figcaption><\/figure>\n<h2>Youtube videolar\u0131<\/h2>\n<h3>Anma T\u00f6reni<\/h3>\n<div class=\"youtube\"><iframe title=\"Hokuryu Kasabas\u0131 130. Y\u0131l D\u00f6n\u00fcm\u00fc Anma T\u00f6reni 2022\" src=\"https:\/\/www.youtube.com\/embed\/pRGf2-oJxLE?feature=oembed\" frameborder=\"0\" allow=\"accelerometer; autoplay; clipboard-write; encrypted-media; gyroscope; picture-in-picture\" allowfullscreen><\/iframe><\/div>\n<h3>Hokuryu Taiko (tam versiyon)<\/h3>\n<div class=\"youtube\"><iframe title=\"Hokuryu Taiko @ Hokuryu Kasabas\u0131 130. Y\u0131ld\u00f6n\u00fcm\u00fc Anma T\u00f6reni (Hokuryu Kasabas\u0131, Hokkaido)\" src=\"https:\/\/www.youtube.com\/embed\/MBs9jIAPoKc?feature=oembed\" frameborder=\"0\" allow=\"accelerometer; autoplay; clipboard-write; encrypted-media; gyroscope; picture-in-picture\" allowfullscreen><\/iframe><\/div>\n\n        <div class=\"site-blogcard-premium\">\n            <div class=\"bc-label-custom\">\u0130lgili makaleler<\/div>\n            <div class=\"bc-flex-container\">\n                <div class=\"bc-main-text\">\n                    <div class=\"bc-title-link-box\">\n                        <a href=\"https:\/\/portal.hokuryu.info\/tr\/topics\/culture\/20140219\/\" target=\"_blank\">https:\/\/portal.hokuryu.info\/topics\/culture\/20140219<\/a>\n                    <\/div>\n                    <div class=\"bc-excerpt-box\">Sayfa bilgileri al\u0131namad\u0131.<\/div>\n                <\/div>\n                <div class=\"bc-thumbnail-box\">\n                    <a href=\"https:\/\/portal.hokuryu.info\/tr\/topics\/culture\/20140219\/\" target=\"_blank\">\n                        <div class=\"bc-img-zoom-wrap\">\n                            <img decoding=\"async\" src=\"https:\/\/portal.hokuryu.info\/wp\/wp-content\/uploads\/2026\/02\/20230802DSC06445_1.jpg\" alt=\"https:\/\/portal.hokuryu.info\/topics\/culture\/20140219\">\n                        <\/div>\n                    <\/a>\n                <\/div>\n            <\/div>\n        <\/div>\n<p>\u3000<\/p>\n<h2>Di\u011fer foto\u011fraflar<\/h2>\n<div class=\"img-move\">\n<img decoding=\"async\" src=\"https:\/\/ehokkaido.net\/wp-content\/uploads\/2021\/12\/2021-12-06-11.41.12.png\" style=\"vertical-align:middle;\"> <a href=\"https:\/\/photos.app.goo.gl\/enz3zz14Fe7PfWm78\" target=\"_blank\" rel=\"noopener noreferrer\">Hokuryu Kasabas\u0131 130. Y\u0131l D\u00f6n\u00fcm\u00fc T\u00f6reni 2022&#039;den foto\u011fraflar (86 foto\u011fraf) burada &gt;&gt;<\/a><\/div>\n<h2>\u0130lgili makaleler<\/h2>\n\n        <div class=\"site-blogcard-premium\">\n            <div class=\"bc-label-custom\">\u0130lgili makaleler<\/div>\n            <div class=\"bc-flex-container\">\n                <div class=\"bc-main-text\">\n                    <div class=\"bc-title-link-box\">\n                        <a href=\"https:\/\/portal.hokuryu.info\/tr\/22149\/\" target=\"_blank\">https:\/\/portal.hokuryu.info\/22149<\/a>\n                    <\/div>\n                    <div class=\"bc-excerpt-box\">Sayfa bilgileri al\u0131namad\u0131.<\/div>\n                <\/div>\n                <div class=\"bc-thumbnail-box\">\n                    <a href=\"https:\/\/portal.hokuryu.info\/tr\/22149\/\" target=\"_blank\">\n                        <div class=\"bc-img-zoom-wrap\">\n                            <img decoding=\"async\" src=\"https:\/\/portal.hokuryu.info\/wp\/wp-content\/uploads\/2026\/02\/20230802DSC06445_1.jpg\" alt=\"https:\/\/portal.hokuryu.info\/22149\">\n                        <\/div>\n                    <\/a>\n                <\/div>\n            <\/div>\n        <\/div>\n\u3000<br \/>\n\n        <div class=\"site-blogcard-premium\">\n            <div class=\"bc-label-custom\">\u0130lgili makaleler<\/div>\n            <div class=\"bc-flex-container\">\n                <div class=\"bc-main-text\">\n                    <div class=\"bc-title-link-box\">\n                        <a href=\"https:\/\/portal.hokuryu.info\/tr\/topics\/culture\/20120902.html\/\" target=\"_blank\">Hokuryu Kasabas\u0131 120. Y\u0131l D\u00f6n\u00fcm\u00fc Anma T\u00f6reni - Hokuryu Kasabas\u0131 Portal\u0131 (Hokkaido) Japonya&#039;n\u0131n 1 Numaral\u0131 Ay\u00e7i\u00e7e\u011fi K\u00f6y\u00fc<\/a>\n                    <\/div>\n                    <div class=\"bc-excerpt-box\">2.100 n\u00fcfuslu ve 401.300 ki\u015filik ya\u015flanma oran\u0131na sahip, canl\u0131 bir kasaban\u0131n &quot;bug\u00fcnk\u00fc&quot; halini sizlere sunuyoruz. Ay\u00e7i\u00e7ekleri gibi, aileler uyum i\u00e7inde ya\u015f\u0131yor...<\/div>\n                <\/div>\n                <div class=\"bc-thumbnail-box\">\n                    <a href=\"https:\/\/portal.hokuryu.info\/tr\/topics\/culture\/20120902.html\/\" target=\"_blank\">\n                        <div class=\"bc-img-zoom-wrap\">\n                            <img decoding=\"async\" src=\"https:\/\/lh3.googleusercontent.com\/-N9-WvFclqcY\/UEHvTfKoQrI\/AAAAAAAAdAE\/aDP3lDqX8x4\/s720\/IMGP8262.JPG\" alt=\"Hokuryu Kasabas\u0131 120. Y\u0131l D\u00f6n\u00fcm\u00fc Anma T\u00f6reni - Hokuryu Kasabas\u0131 Portal\u0131 (Hokkaido) Japonya&#039;n\u0131n 1 Numaral\u0131 Ay\u00e7i\u00e7e\u011fi K\u00f6y\u00fc\">\n                        <\/div>\n                    <\/a>\n                <\/div>\n            <\/div>\n        <\/div>\n\n        <div class=\"site-blogcard-premium\">\n            <div class=\"bc-label-custom\">\u0130lgili makaleler<\/div>\n            <div class=\"bc-flex-container\">\n                <div class=\"bc-main-text\">\n                    <div class=\"bc-title-link-box\">\n                        <a href=\"https:\/\/portal.hokuryu.info\/tr\/hokuryu-kasabasi\/120anniversary.html\/\" target=\"_blank\">Kasaban\u0131n Kurulu\u015funun 120. Y\u0131ld\u00f6n\u00fcm\u00fc ve \u0130lgili Etkinlikler (2012) - Hokuryu Kasaba Portal\u0131 (Hokkaido) - Japonya&#039;n\u0131n 1 Numaral\u0131 Ay\u00e7i\u00e7e\u011fi K\u00f6y\u00fc<\/a>\n                    <\/div>\n                    <div class=\"bc-excerpt-box\">Nefes kesen bir Japon manzaras\u0131: Hokkaido&#039;nun Hokuryu kasabas\u0131ndaki &quot;Ay\u00e7i\u00e7e\u011fi K\u00f6y\u00fc&quot;. Hokkaido&#039;da pop\u00fcler bir turistik yer. L\u00fctfen en az bir kez ziyaret edin. (Pirin\u00e7 Sommelier&#039;i...).<\/div>\n                <\/div>\n                <div class=\"bc-thumbnail-box\">\n                    <a href=\"https:\/\/portal.hokuryu.info\/tr\/hokuryu-kasabasi\/120anniversary.html\/\" target=\"_blank\">\n                        <div class=\"bc-img-zoom-wrap\">\n                            <img decoding=\"async\" src=\"https:\/\/lh4.googleusercontent.com\/-fAsssRA5rn8\/T8bn53J22QI\/AAAAAAAATwQ\/vaxjWMLumaY\/s720\/_IGP2854.JPG\" alt=\"Kasaban\u0131n Kurulu\u015funun 120. Y\u0131ld\u00f6n\u00fcm\u00fc ve \u0130lgili Etkinlikler (2012) - Hokuryu Kasaba Portal\u0131 (Hokkaido) - Japonya&#039;n\u0131n 1 Numaral\u0131 Ay\u00e7i\u00e7e\u011fi K\u00f6y\u00fc\">\n                        <\/div>\n                    <\/a>\n                <\/div>\n            <\/div>\n        <\/div>\n<p>\u25c7 \u00c7ekim ve kurgu: Noboru Terauchi R\u00f6portaj ve metin: Ikuko Terauchi<\/p>","protected":false},"excerpt":{"rendered":"<p>\uff12\uff10\uff12\uff12\u5e74\uff19\u6708\uff15\u65e5\uff08\u6708\uff09 \uff12\uff10\uff12\uff12\u5e74\uff19\u6708\uff13\u65e5\uff08\u571f\uff09\uff11\uff10\uff1a\uff10\uff10\u301c\u3001\u5317\u7adc\u753a\u958b\u753a\uff11\uff13\uff10\u5e74\u8a18\u5ff5\u5f0f\u5178\u304c\u5317\u7adc\u753a\u516c\u6c11\u9928\u5927\u30db\u30fc\u30eb\u306b\u3066\u884c\u306a\u308f\u308c\u307e\u3057\u305f\u3002 \u5317\u7adc\u753a\u958b\u753a\uff11\uff13\uff10\u5e74\u3092\u304a\u795d\u3044\u3059\u308b\u3068\u3068\u3082\u306b\u3001\u3053\u308c\u307e\u3067\u753a\u306e\u767a\u5c55\u306b\u5bc4\u4e0e\u3055\u308c [&hellip;]<\/p>\n","protected":false},"author":1,"featured_media":23378,"comment_status":"open","ping_status":"open","sticky":false,"template":"","format":"standard","meta":{"footnotes":""},"categories":[4,14,91],"tags":[],"class_list":["post-23377","post","type-post","status-publish","format-standard","has-post-thumbnail","hentry","category-cover-story","category-hokuryu-town","category-91"],"_links":{"self":[{"href":"https:\/\/portal.hokuryu.info\/tr\/wp-json\/wp\/v2\/posts\/23377","targetHints":{"allow":["GET"]}}],"collection":[{"href":"https:\/\/portal.hokuryu.info\/tr\/wp-json\/wp\/v2\/posts"}],"about":[{"href":"https:\/\/portal.hokuryu.info\/tr\/wp-json\/wp\/v2\/types\/post"}],"author":[{"embeddable":true,"href":"https:\/\/portal.hokuryu.info\/tr\/wp-json\/wp\/v2\/users\/1"}],"replies":[{"embeddable":true,"href":"https:\/\/portal.hokuryu.info\/tr\/wp-json\/wp\/v2\/comments?post=23377"}],"version-history":[{"count":0,"href":"https:\/\/portal.hokuryu.info\/tr\/wp-json\/wp\/v2\/posts\/23377\/revisions"}],"wp:featuredmedia":[{"embeddable":true,"href":"https:\/\/portal.hokuryu.info\/tr\/wp-json\/wp\/v2\/media\/23378"}],"wp:attachment":[{"href":"https:\/\/portal.hokuryu.info\/tr\/wp-json\/wp\/v2\/media?parent=23377"}],"wp:term":[{"taxonomy":"category","embeddable":true,"href":"https:\/\/portal.hokuryu.info\/tr\/wp-json\/wp\/v2\/categories?post=23377"},{"taxonomy":"post_tag","embeddable":true,"href":"https:\/\/portal.hokuryu.info\/tr\/wp-json\/wp\/v2\/tags?post=23377"}],"curies":[{"name":"wp","href":"https:\/\/api.w.org\/{rel}","templated":true}]}}