{"id":20069,"date":"2022-07-11T09:25:30","date_gmt":"2022-07-11T00:25:30","guid":{"rendered":"https:\/\/portal.hokuryu.info\/?p=20069"},"modified":"2022-07-11T20:46:36","modified_gmt":"2022-07-11T11:46:36","slug":"japonya-genelinde-1-000-kisiye-2022-yazinda-ziyaret-etmek-istedikleri-yazlik-yerleri-sorduk","status":"publish","type":"post","link":"https:\/\/portal.hokuryu.info\/tr\/20069\/","title":{"rendered":"Japonya genelinde 2022 yaz\u0131nda 1.000 ki\u015finin ziyaret etmek istedi\u011fi &quot;ay\u00e7i\u00e7e\u011fi tarlalar\u0131&quot; s\u0131ralamas\u0131nda Hokkaido&#039;nun muhte\u015fem &quot;Hokuryu Kasabas\u0131 Ay\u00e7i\u00e7e\u011fi K\u00f6y\u00fc (Hokuryu Kasabas\u0131, Hokkaido)&quot; ilk s\u0131rada yer al\u0131yor"},"content":{"rendered":"<p>Pazartesi, 11 Temmuz 2022<\/p>\n<p>Sompo Himawari Life Insurance Co., Ltd. taraf\u0131ndan ger\u00e7ekle\u015ftirilen &quot;2022 Yaz\u0131nda Ziyaret Etmek \u0130stedi\u011finiz Ay\u00e7i\u00e7e\u011fi Tarlalar\u0131&quot; anketinin sonu\u00e7lar\u0131 PR TIMES web sitesinde, bas\u0131n b\u00fclteninde ve haber b\u00fclteni da\u011f\u0131t\u0131m hizmetinde yay\u0131nland\u0131.<\/p>\n<p>Anket sonu\u00e7lar\u0131na g\u00f6re Hokuryu Kasabas\u0131 Ay\u00e7i\u00e7e\u011fi K\u00f6y\u00fc, 2022 yaz\u0131nda insanlar\u0131n en \u00e7ok ziyaret etmek istedi\u011fi ay\u00e7i\u00e7e\u011fi tarlas\u0131 olarak ilk s\u0131rada yer al\u0131yor, bu y\u00fczden buray\u0131 sizlere tan\u0131tmak istiyoruz.<\/p>\n<p>Sompo Himawari Life Insurance Co., Ltd. taraf\u0131ndan y\u00fcr\u00fct\u00fclen bu anket, \u00e7evrimi\u00e7i olarak ger\u00e7ekle\u015ftirildi ve 2022 yaz\u0131nda d\u0131\u015far\u0131 \u00e7\u0131kmak isteyen Japonya genelindeki 1.000 ki\u015fiye ula\u015farak, 2022 yaz\u0131nda hangi &quot;ay\u00e7i\u00e7e\u011fi tarlalar\u0131n\u0131&quot; ziyaret etmek istediklerini sordu.<\/p>\n<p><center>\u2742 \u301c \u2742 \u301c \u2742 \u301c \u2742 \u301c \u2742 \u301c \u2742 \u301c \u2742 \u301c \u2742<\/center><\/p>\n<h2>2022 yaz\u0131nda Japonya genelinde 1.000 ki\u015finin ziyaret etmek istedi\u011fi yaz gelene\u011fi &quot;Ay\u00e7i\u00e7e\u011fi tarlalar\u0131&quot; s\u0131ralamas\u0131<\/h2>\n<p>7 Temmuz 2022<br \/>\nSompo Himawari Hayat Sigortas\u0131 Co., Ltd.<\/p>\n<p>Sompo Himawari Life Insurance Co., Ltd. (Ba\u015fkan ve CEO: Yasuhiro Oba, bundan sonra &quot;\u015eirket&quot; olarak an\u0131lacakt\u0131r) \u015firketin ad\u0131nda da yer alan &quot;ay\u00e7i\u00e7e\u011fi&quot;ne odakland\u0131 ve ay\u00e7i\u00e7eklerinin tam \u00e7i\u00e7ek a\u00e7t\u0131\u011f\u0131 Temmuz-A\u011fustos aylar\u0131 aras\u0131nda d\u0131\u015far\u0131 \u00e7\u0131kmay\u0131 d\u00fc\u015f\u00fcnen Japonya genelinde 1.000 ki\u015fiyle bir anket ger\u00e7ekle\u015ftirerek 2022 yaz\u0131nda hangi &quot;ay\u00e7i\u00e7e\u011fi tarlalar\u0131n\u0131&quot; ziyaret etmek istediklerini sordu. Bu ara\u015ft\u0131rman\u0131n sonu\u00e7lar\u0131n\u0131 kamuoyuyla payla\u015faca\u011f\u0131z.<\/p>\n<h3>1. 2022 yaz\u0131nda ziyaret edilebilecek en pop\u00fcler ay\u00e7i\u00e7e\u011fi tarlas\u0131 &quot;Hokuryu Kasabas\u0131 Ay\u00e7i\u00e7e\u011fi K\u00f6y\u00fc (Hokuryu Kasabas\u0131, Hokkaido)&quot;<\/h3>\n<figure id=\"attachment_20085\" class=\"wp-caption aligncenter\"><a href=\"https:\/\/portal.hokuryu.info\/wp\/wp-content\/uploads\/2022\/07\/51296-50-d2f21a492b2cf571c2a774ebf54764b4-3702x2499-1.webp\"><img decoding=\"async\" class=\"size-full wp-image-20085\" src=\"https:\/\/portal.hokuryu.info\/wp\/wp-content\/uploads\/2022\/07\/51296-50-d2f21a492b2cf571c2a774ebf54764b4-3702x2499-1.webp\" alt=\"Japonya genelinde 2022 yaz\u0131nda 1.000 ki\u015finin ziyaret etmek istedi\u011fi &quot;ay\u00e7i\u00e7e\u011fi tarlalar\u0131&quot; s\u0131ralamas\u0131nda Hokkaido&#039;nun muhte\u015fem &quot;Hokuryu Kasabas\u0131 Ay\u00e7i\u00e7e\u011fi K\u00f6y\u00fc (Hokuryu Kasabas\u0131, Hokkaido)&quot; ilk s\u0131rada yer al\u0131yor\" width=\"1950\" height=\"1316\" \/><\/a><figcaption class=\"wp-caption-text\">2022 yaz\u0131nda Japonya genelinde 1.000 ki\u015finin ziyaret etmek istedi\u011fi yaz gelene\u011fi &quot;Ay\u00e7i\u00e7e\u011fi tarlalar\u0131&quot; s\u0131ralamas\u0131<br \/>&quot;Hokuryu Kasabas\u0131 Ay\u00e7i\u00e7e\u011fi K\u00f6y\u00fc (Hokuryu Kasabas\u0131, Hokkaido)&quot;nun muhte\u015fem Hokkaido manzaras\u0131 birinci s\u0131rada yer ald\u0131<\/figcaption><\/figure>\n<p>*Bu anketin sonu\u00e7lar\u0131n\u0131 kullanman\u0131z durumunda l\u00fctfen &quot;Sompo Himawari Hayat Sigortas\u0131 Ara\u015ft\u0131rmas\u0131&quot; ifadesini de ekleyin.<\/p>\n<h4>[1. s\u0131ra] Hokuryu Kasabas\u0131 Ay\u00e7i\u00e7e\u011fi K\u00f6y\u00fc (Hokuryu Kasabas\u0131, Hokkaido)<\/h4>\n<p>2022 yaz\u0131nda insanlar\u0131n en \u00e7ok ziyaret etmek istedi\u011fi ay\u00e7i\u00e7e\u011fi tarlas\u0131 Hokuryu Kasabas\u0131 Ay\u00e7i\u00e7e\u011fi K\u00f6y\u00fc (255 oy) oldu. Hokuryu Ay\u00e7i\u00e7e\u011fi Tarlas\u0131, yakla\u015f\u0131k 23 hektarl\u0131k geni\u015f bir alanda \u00e7i\u00e7ek a\u00e7an 2 milyon ay\u00e7i\u00e7e\u011fiyle Japonya&#039;n\u0131n en b\u00fcy\u00fcklerinden biridir.<\/p>\n<p>Bir numara olarak se\u00e7ilmesinin nedenleri aras\u0131nda &quot;\u00f6l\u00e7e\u011fi (di\u011fer ay\u00e7i\u00e7e\u011fi tarlalar\u0131yla kar\u015f\u0131la\u015ft\u0131r\u0131ld\u0131\u011f\u0131nda) k\u0131yaslanamaz&quot; ve &quot;Japonya&#039;daki en b\u00fcy\u00fck ay\u00e7i\u00e7e\u011fi tarlalar\u0131ndan birini g\u00f6rmek istiyorum&quot; yer ald\u0131. Sadece yaz aylar\u0131nda g\u00f6r\u00fclebilen muhte\u015fem manzaralar\u0131 deneyimlemek isteyen bir\u00e7ok ki\u015fi buray\u0131 ilk s\u0131raya ta\u015f\u0131d\u0131.<\/p>\n<p>Hokkaido&#039;nun yaz s\u0131cakl\u0131klar\u0131 nispeten d\u00fc\u015f\u00fck ve rahatt\u0131r, bu nedenle bir\u00e7ok ki\u015fi oraya seyahat etmek ister (Kaynak Materyalleri b\u00f6l\u00fcm\u00fcnde Kaynak 3&#039;e bak\u0131n), muhtemelen bu y\u00fczden ilk s\u0131rada yer alm\u0131\u015ft\u0131r.<\/p>\n\n<h4>[\u0130kincilik] Yamanaka G\u00f6l\u00fc \u00c7i\u00e7ek \u015eehir Park\u0131 (Minamitsuru B\u00f6lgesi, Yamanashi Eyaleti)<\/h4>\n<p>\u0130kinci s\u0131rada Yamanaka G\u00f6l\u00fc \u00c7i\u00e7ek \u015eehir Park\u0131 (183 oy) yer ald\u0131. Arka planda Fuji Da\u011f\u0131&#039;n\u0131n yer ald\u0131\u011f\u0131 bu ay\u00e7i\u00e7e\u011fi tarlas\u0131nda yakla\u015f\u0131k 160.000 ay\u00e7i\u00e7e\u011fi yeti\u015fiyor.<\/p>\n<p>&quot;Ayn\u0131 anda Fuji Da\u011f\u0131&#039;n\u0131n ve ay\u00e7i\u00e7e\u011fi tarlalar\u0131n\u0131n tad\u0131n\u0131 \u00e7\u0131karabilirsiniz&quot; ve &quot;Arka planda ay\u00e7i\u00e7e\u011fi tarlalar\u0131n\u0131n bulundu\u011fu Fuji Da\u011f\u0131 ile harika foto\u011fraflar \u00e7ekebilirsiniz&quot; gibi nedenler s\u0131raland\u0131. Y\u0131l\u0131n bu zaman\u0131nda g\u00f6r\u00fclebilen ay\u00e7i\u00e7e\u011fi tarlalar\u0131 ve Fuji Da\u011f\u0131&#039;n\u0131n muhte\u015fem manzaras\u0131n\u0131 g\u00f6rmek isteyen \u00e7ok say\u0131da ki\u015fi oldu\u011fu i\u00e7in ikinci s\u0131raya yerle\u015fti.<\/p>\n<p>Ayr\u0131ca bu ay\u00e7i\u00e7e\u011fi tarlas\u0131 Kanto b\u00f6lgesinde ya\u015fayan insanlardan 30, Koshinetsu b\u00f6lgesinde ya\u015fayan insanlardan ise 44 oy ald\u0131 (bkz. [Referans Materyalleri]&#039;ndeki Referans 2). &quot;T\u00fcm aileyle rahatl\u0131kla gidilebilir&quot; veya &quot;G\u00fcn\u00fcbirlik bile e\u011flenceli olabilir&quot; gibi ifadeler kullanan \u00e7ok say\u0131da kat\u0131l\u0131mc\u0131, buran\u0131n k\u0131sa s\u00fcreli aile gezileri i\u00e7in pop\u00fcler bir yer oldu\u011funu a\u00e7\u0131k\u00e7a ortaya koyuyor.<\/p>\n<p>\u2742 <a href=\"http:\/\/www.hananomiyakokouen.jp\/\" target=\"_blank\" rel=\"noopener\">Yamanaka G\u00f6l\u00fc Hananomiyako Park\u0131&#039;n\u0131n (Minamitsuru B\u00f6lgesi, Yamanashi \u0130li) web sitesi i\u00e7in buraya t\u0131klay\u0131n &gt;&gt;<\/a><\/p>\n<h4>[3. S\u0131ra] Nakayama Ay\u00e7i\u00e7e\u011fi Kompleksi (Nakata B\u00f6lgesi, Kagawa Eyaleti)<\/h4>\n<p>\u00dc\u00e7\u00fcnc\u00fc s\u0131rada ise Nakayama Himawari Danchi (96 oy) yer ald\u0131. 310.000&#039;den fazla ay\u00e7i\u00e7e\u011fine ev sahipli\u011fi yapan bu ay\u00e7i\u00e7e\u011fi tarlas\u0131ndan Asan da\u011flar\u0131n\u0131n manzaras\u0131 g\u00f6r\u00fclebiliyor. &quot;Yak\u0131nlarda oturuyorum ama haberim yoktu, o y\u00fczden gitmek istiyorum&quot; ifadesi \u00fc\u00e7\u00fcnc\u00fc s\u0131rada yer ald\u0131.<\/p>\n<p>\u2742 <a href=\"https:\/\/www.town.manno.lg.jp\/kanko\/\" target=\"_blank\" rel=\"noopener\">Nakayama Ay\u00e7i\u00e7e\u011fi Kompleksi (Mannou Kasabas\u0131, Nakatado B\u00f6lgesi, Kagawa Eyaleti) web sitesi &gt;&gt;<\/a><\/p>\n<h3>2. \u0130nsanlar 2022 yaz\u0131nda ay\u00e7i\u00e7e\u011fi tarlas\u0131na gidecek olsalard\u0131, kat\u0131l\u0131mc\u0131lar\u0131n b\u00fcy\u00fck \u00e7o\u011funlu\u011fu aileleriyle birlikte muhte\u015fem yaz manzaras\u0131n\u0131n tad\u0131n\u0131 \u00e7\u0131karmak isterlerdi.<\/h3>\n<p>S\u0131ralamayla birlikte insanlar\u0131n ay\u00e7i\u00e7e\u011fi tarlalar\u0131na y\u00f6nelik tutumlar\u0131n\u0131 da ara\u015ft\u0131rd\u0131k. \u00d6ncelikle 2022 yaz\u0131nda ay\u00e7i\u00e7e\u011fi tarlas\u0131na gidecek olsan\u0131z kiminle gitmek isterdiniz diye sorduk ve en \u00e7ok oy alan ki\u015fi aile oldu (623 oy).<\/p>\n<p>&quot;\u00c7ocuklar\u0131m keyif al\u0131r&quot; veya &quot;\u00c7ocuklar\u0131ma g\u00f6stermek istiyorum&quot; gibi gerek\u00e7eler \u00f6ne s\u00fcr\u00fclerek, herkesin yaz aylar\u0131nda keyifle yapabilece\u011fi ay\u00e7i\u00e7e\u011fi tarlalar\u0131n\u0131n tad\u0131n\u0131 aileleriyle birlikte \u00e7\u0131karmak istedi\u011fi belirtiliyor.<\/p>\n<p>\u0130lk s\u0131raya yerle\u015fmesinin bir di\u011fer nedeni de uzun bir aradan sonra ilk defa ailesiyle d\u0131\u015far\u0131 \u00e7\u0131kmak isteyenler i\u00e7in keyifli olmas\u0131 olabilir, \u00f6rne\u011fin, &quot;COVID-19 nedeniyle ailecek d\u0131\u015far\u0131 \u00e7\u0131kam\u0131yoruz.&quot;<\/p>\n<h4>Soru: Ay\u00e7i\u00e7e\u011fi tarlas\u0131na gidecek olsayd\u0131n kiminle giderdin? (Bir cevap) * n=1000<\/h4>\n<figure id=\"attachment_20084\" class=\"wp-caption aligncenter\"><a href=\"https:\/\/portal.hokuryu.info\/wp\/wp-content\/uploads\/2022\/07\/51296-50-ade97d65be843b45eca2fac1be2d1d9c-1666x1037-1.webp\"><img decoding=\"async\" class=\"size-full wp-image-20084\" src=\"https:\/\/portal.hokuryu.info\/wp\/wp-content\/uploads\/2022\/07\/51296-50-ade97d65be843b45eca2fac1be2d1d9c-1666x1037-1.webp\" alt=\"Ay\u00e7i\u00e7e\u011fi tarlas\u0131na gidecek olsayd\u0131n kiminle giderdin?\" width=\"1666\" height=\"1037\" \/><\/a><figcaption class=\"wp-caption-text\">Ay\u00e7i\u00e7e\u011fi tarlas\u0131na gidecek olsayd\u0131n kiminle giderdin?<\/figcaption><\/figure>\n<p>Kat\u0131l\u0131mc\u0131lara daha sonra 2022 yaz\u0131nda bir ay\u00e7i\u00e7e\u011fi tarlas\u0131na gitmeleri durumunda ne yapmak istedikleri soruldu. Foto\u011fraf \u00e7ekmek 430 oyla birinci oldu. Mavi yaz g\u00f6\u011f\u00fcnde a\u00e7an ay\u00e7i\u00e7e\u011finin muhte\u015fem manzaras\u0131n\u0131 foto\u011fraflamak isteyen \u00e7ok say\u0131da ki\u015finin oldu\u011fu ortaya \u00e7\u0131kt\u0131.<\/p>\n<h4>Soru: Ay\u00e7i\u00e7e\u011fi tarlas\u0131na gitti\u011finizde en \u00e7ok ne yapmak istersiniz? (Bir cevap) * n=1000<\/h4>\n<figure id=\"attachment_20082\" class=\"wp-caption aligncenter\"><a href=\"https:\/\/portal.hokuryu.info\/wp\/wp-content\/uploads\/2022\/07\/51296-50-5713335587f8650254a67e53283f4d8a-1665x1023-1.webp\"><img decoding=\"async\" class=\"size-full wp-image-20082\" src=\"https:\/\/portal.hokuryu.info\/wp\/wp-content\/uploads\/2022\/07\/51296-50-5713335587f8650254a67e53283f4d8a-1665x1023-1.webp\" alt=\"Ay\u00e7i\u00e7e\u011fi tarlas\u0131na gitti\u011finizde en \u00e7ok ne yapmak istersiniz?\" width=\"1665\" height=\"1023\" \/><\/a><figcaption class=\"wp-caption-text\">Ay\u00e7i\u00e7e\u011fi tarlas\u0131na gitti\u011finizde en \u00e7ok ne yapmak istersiniz?<\/figcaption><\/figure>\n<h3>3. Anket Genel Bak\u0131\u015f\u0131<\/h3>\n<ul>\n<li><strong>Ara\u015ft\u0131rma metodolojisi:<\/strong>\u00c7evrimi\u00e7i Anket<\/li>\n<li><strong>Anket d\u00f6nemi:<\/strong>\u00c7ar\u015famba, 15 Haziran 2022 - Cuma, 17 Haziran 2022<\/li>\n<li><strong>Anket alan\u0131:<\/strong>Japonya&#039;n\u0131n her yerinde<\/li>\n<li><strong>Ankete kat\u0131lanlar:<\/strong>2022 yaz\u0131nda d\u0131\u015far\u0131 \u00e7\u0131kmak isteyen 1.000 ki\u015fi<br \/>\n(Hokkaido\/Tohoku\/Kanto\/Koshinetsu\/Tokai\/Hokuriku\/Kinki\/Chugoku\/Shikoku\/Kyushu ve Okinawa&#039;dan 100 ki\u015fi)<\/li>\n<li><strong>Ge\u00e7erli yan\u0131t say\u0131s\u0131:<\/strong>1,000<\/li>\n<li><strong>\u0130ncelenen ay\u00e7i\u00e7e\u011fi tarlalar\u0131:<\/strong><br \/>\nAnket yap\u0131lan ay\u00e7i\u00e7e\u011fi tarlalar\u0131 sekreterlik taraf\u0131ndan b\u00fcy\u00fckl\u00fck ve \u00fcn gibi fakt\u00f6rlere g\u00f6re Hokkaido, Tohoku, Kanto, Koshinetsu, Tokai, Hokuriku, Kinki, Chugoku, Shikoku, Kyushu ve Okinawa olmak \u00fczere 10 b\u00f6lgeden se\u00e7ildi. Hokuryu Kasabas\u0131 Ay\u00e7i\u00e7e\u011fi K\u00f6y\u00fc (Hokuryu Kasabas\u0131, Hokkaido), Kemuriyama Ay\u00e7i\u00e7e\u011fi Park\u0131 (Shiwa B\u00f6lgesi, Iwate Eyaleti), Zama Ay\u00e7i\u00e7e\u011fi Tarlalar\u0131 (Zama \u015eehri, Kanagawa Eyaleti), Yamanaka G\u00f6l\u00fc \u00c7i\u00e7ek \u015eehir Park\u0131 (Minamitsuru B\u00f6lgesi, Yamanashi Eyaleti), Hana Hiroba Turist \u00c7iftli\u011fi (Chita B\u00f6lgesi, Aichi Eyaleti), Kahokugata Islah Edilen Arazi Ay\u00e7i\u00e7e\u011fi K\u00f6y\u00fc (Kahoku B\u00f6lgesi, Ishikawa Eyaleti), Nankou Ay\u00e7i\u00e7e\u011fi Tarlalar\u0131 (Sayo B\u00f6lgesi, Hyogo Eyaleti), Kimida Ay\u00e7i\u00e7e\u011fi Tarlalar\u0131 (Miyoshi \u015eehri, Hiro\u015fima Eyaleti), Nakayama Ay\u00e7i\u00e7e\u011fi Kompleksi (Nakata B\u00f6lgesi, Kagawa Eyaleti), Hakidai Ay\u00e7i\u00e7e\u011fi Bah\u00e7esi (Asakura \u015eehri, Fukuoka Eyaleti)<\/li>\n<\/ul>\n<p>*Bu anketin sonu\u00e7lar\u0131n\u0131 kullanman\u0131z durumunda l\u00fctfen &quot;Sompo Himawari Hayat Sigortas\u0131 Ara\u015ft\u0131rmas\u0131&quot; ifadesini de ekleyin.<br \/>\n*Et\u00fcd yap\u0131lan ay\u00e7i\u00e7e\u011fi tarlalar\u0131na ait bilgiler 15 Haziran \u00c7ar\u015famba g\u00fcn\u00fc itibariyle g\u00fcnceldir.<br \/>\n*Her ay\u00e7i\u00e7e\u011fi tarlas\u0131n\u0131n \u00e7i\u00e7eklenme durumu gibi detayl\u0131 bilgi i\u00e7in l\u00fctfen ilgili tarlan\u0131n resmi web sitesini inceleyiniz.<\/p>\n<h3>4. &quot;SOMPO Himawari Ya\u015fam Sa\u011fl\u0131\u011f\u0131 Deste\u011fi&quot; Hediye Kampanyas\u0131<\/h3>\n<p>Per\u015fembe, 7 Temmuz 2022&#039;den Pazar, 24 Temmuz 2022&#039;ye kadar, Sompo Himawari Life Insurance Co., Ltd. resmi Twitter hesab\u0131n\u0131 (@sompo_himawari) takip eden ve uygun g\u00f6nderileri retweet eden 100 ki\u015finin rastgele se\u00e7ilece\u011fi bir kampanya d\u00fczenleyece\u011fiz. Bu ki\u015filer, \u015firketin Kapsaml\u0131 \u0130\u015f Birli\u011fi Anla\u015fmas\u0131 imzalad\u0131\u011f\u0131 Kagawa \u0130li, Mannou Kasabas\u0131&#039;ndan bir Ay\u00e7i\u00e7ek Ya\u011f\u0131 ve Sos Seti kazanacak.<\/p>\n<p>[Referans]<a href=\"https:\/\/www.himawari-life.co.jp\/-\/media\/himawari\/files\/company\/topics\/2022\/a-03-2022-05-20.pdf?la=ja-JP\" target=\"_blank\" rel=\"nofollow ugc noopener\">Kagawa \u0130li, Nakatado B\u00f6lgesi, Mannou Kasabas\u0131 ile kapsaml\u0131 bir ortakl\u0131k anla\u015fmas\u0131n\u0131n imzalanmas\u0131<\/a><\/p>\n<figure id=\"attachment_20086\" class=\"wp-caption aligncenter\"><a href=\"https:\/\/portal.hokuryu.info\/wp\/wp-content\/uploads\/2022\/07\/d51296-50-b0b174686caeb202b302-3.jpg\"><img decoding=\"async\" class=\"size-full wp-image-20086\" src=\"https:\/\/portal.hokuryu.info\/wp\/wp-content\/uploads\/2022\/07\/d51296-50-b0b174686caeb202b302-3.jpg\" alt=\"&quot;SOMPO Himawari Ya\u015fam Sa\u011fl\u0131\u011f\u0131 Deste\u011fi&quot; Hediye Kampanyas\u0131\" width=\"650\" height=\"598\" \/><\/a><figcaption class=\"wp-caption-text\">&quot;SOMPO Himawari Ya\u015fam Sa\u011fl\u0131\u011f\u0131 Deste\u011fi&quot; Hediye Kampanyas\u0131<\/figcaption><\/figure>\n<ul>\n<li><strong>Ba\u015fl\u0131k :<\/strong>&quot;SOMPO Himawari Ya\u015fam Sa\u011fl\u0131\u011f\u0131 Deste\u011fi&quot; Hediye Kampanyas\u0131<\/li>\n<li><strong>D\u00f6nem:<\/strong>Per\u015fembe, 7 Temmuz 2022 - Pazar, 24 Temmuz 2022<\/li>\n<li><strong>Ba\u015fvuru nas\u0131l yap\u0131l\u0131r:<\/strong><br \/>\n1. Resmi Sompo Himawari Life Twitter hesab\u0131n\u0131 (@sompo_himawari) takip edin<br \/>\n2. Hedef g\u00f6nderiyi retweet edin<br \/>\n3. Ba\u015fvuru tamamland\u0131<br \/>\n\u30fbKazanan say\u0131s\u0131: 100<br \/>\n\u00d6d\u00fcl: Kagawa Eyaleti, Mannou Kasabas\u0131ndan bir set &quot;Ay\u00e7i\u00e7ek Ya\u011f\u0131 ve Sos&quot;<br \/>\n\u30fb\u00d6d\u00fcl resmi web sitesi:<a href=\"https:\/\/manno-himawarioil.com\/\" target=\"_blank\" rel=\"nofollow ugc noopener\">https:\/\/manno-himawarioil.com\/<\/a><br \/>\n\u30fbBa\u015fvuru ko\u015fullar\u0131: Ba\u015fvuru ile ilgili ayr\u0131nt\u0131lar i\u00e7in l\u00fctfen Sompo Himawari Life Insurance Co., Ltd. \u015firketinin (@sompo_himawari) resmi Twitter hesab\u0131n\u0131 kontrol edin. A\u015fa\u011f\u0131daki QR kodunu kullanarak da kontrol edebilirsiniz.<\/li>\n<\/ul>\n<p><center><img decoding=\"async\" class=\"aovr\" style=\"width: 86px; height: auto; opacity: 1;\" title=\"\" src=\"https:\/\/prtimes.jp\/i\/51296\/50\/resize\/d51296-50-f77960c49f36fc19a596-4.png\" alt=\"\" data-caption=\"iframe-image-caption-5777-8\" data-nheight=\"86\" data-nwidth=\"86\" data-width=\"100\" \/><\/center><\/p>\n<h3>5. \u015eirket Profili<\/h3>\n<p>Sompo Himawari Hayat Sigorta&#039;n\u0131n vizyonu, m\u00fc\u015fterilerimizin g\u00fcnl\u00fck sa\u011fl\u0131klar\u0131n\u0131n yan\u0131 s\u0131ra acil durumlarda da destek sa\u011flayan bir &quot;sa\u011fl\u0131k destek \u015firketi&quot; olmakt\u0131r. Sigortan\u0131n orijinal i\u015flevi olan Sigortac\u0131l\u0131k ile sa\u011fl\u0131\u011f\u0131 destekleme i\u015flevini (Sa\u011fl\u0131k Hizmetleri) birle\u015ftiren &quot;Insurhealth(R)&quot; arac\u0131l\u0131\u011f\u0131yla yeni bir de\u011fer sunarak, m\u00fc\u015fterilerimizin hayatlar\u0131n\u0131 zenginle\u015ftirmelerine ve hayallerini ger\u00e7ekle\u015ftirmelerine yard\u0131mc\u0131 olabilen bir varl\u0131k olmay\u0131 hedefliyoruz.<\/p>\n<ul>\n<li>\u015eirket ad\u0131: Sompo Himawari Hayat Sigorta A.\u015e.<\/li>\n<li>Kurulu\u015f: Temmuz 1981 (Showa 56)<\/li>\n<li>Sermaye: 17.25 milyar yen<\/li>\n<li>Merkez ofis adresi: Shinjuku Central Park Binas\u0131, 6-13-1 Nishi-Shinjuku, Shinjuku-ku, Tokyo 163-8626<\/li>\n<li>Resmi web sitesi :<a href=\"https:\/\/www.himawari-life.co.jp\/\" target=\"_blank\" rel=\"nofollow ugc noopener\">https:\/\/www.himawari-life.co.jp\/<\/a><\/li>\n<li>Temsilci Direkt\u00f6r ve CEO: Yasuhiro Oba<\/li>\n<\/ul>\n<h2>[Referans materyalleri]<\/h2>\n<h3>(Referans 1) 2022 yaz\u0131nda Japonya genelinde 1.000 ki\u015finin ziyaret etmek istedi\u011fi bir yaz gelene\u011fi olan &quot;ay\u00e7i\u00e7e\u011fi tarlalar\u0131n\u0131n&quot; s\u0131ralamas\u0131<\/h3>\n<figure id=\"attachment_20085\" class=\"wp-caption aligncenter\"><img decoding=\"async\" class=\"size-full wp-image-20085\" src=\"https:\/\/portal.hokuryu.info\/wp\/wp-content\/uploads\/2022\/07\/51296-50-d2f21a492b2cf571c2a774ebf54764b4-3702x2499-1.webp\" alt=\"Japonya genelinde 2022 yaz\u0131nda 1.000 ki\u015finin ziyaret etmek istedi\u011fi &quot;ay\u00e7i\u00e7e\u011fi tarlalar\u0131&quot; s\u0131ralamas\u0131nda Hokkaido&#039;nun muhte\u015fem &quot;Hokuryu Kasabas\u0131 Ay\u00e7i\u00e7e\u011fi K\u00f6y\u00fc (Hokuryu Kasabas\u0131, Hokkaido)&quot; ilk s\u0131rada yer al\u0131yor\" width=\"1950\" height=\"1316\" \/><figcaption class=\"wp-caption-text\">2022 yaz\u0131nda Japonya genelinde 1.000 ki\u015finin ziyaret etmek istedi\u011fi yaz gelene\u011fi &quot;Ay\u00e7i\u00e7e\u011fi tarlalar\u0131&quot; s\u0131ralamas\u0131<br \/>&quot;Hokuryu Kasabas\u0131 Ay\u00e7i\u00e7e\u011fi K\u00f6y\u00fc (Hokuryu Kasabas\u0131, Hokkaido)&quot;nun muhte\u015fem Hokkaido manzaras\u0131 birinci s\u0131rada yer ald\u0131<\/figcaption><\/figure>\n<h3>(Referans 2) [B\u00f6lgeye g\u00f6re] 2022 yaz\u0131nda ziyaret etmek istedi\u011finiz yerlerin s\u0131ralamas\u0131: Mevsimsel bir yaz manzaras\u0131 olan &quot;Ay\u00e7i\u00e7e\u011fi tarlalar\u0131&quot;<\/h3>\n<p>B\u00f6lgelere g\u00f6re sonu\u00e7lara bak\u0131ld\u0131\u011f\u0131nda, en \u00e7ok oyu yak\u0131n \u00e7evredeki ay\u00e7i\u00e7e\u011fi tarlalar\u0131n\u0131n ald\u0131\u011f\u0131, her b\u00f6lgedeki ay\u00e7i\u00e7e\u011fi tarlalar\u0131n\u0131n ilk s\u0131rada yer ald\u0131\u011f\u0131 g\u00f6r\u00fcl\u00fcyor. Ba\u015fka bir deyi\u015fle, yak\u0131n \u00e7evredeki ay\u00e7i\u00e7e\u011fi tarlalar\u0131n\u0131n her b\u00f6lgede pop\u00fcler bir g\u00fcnl\u00fck gezi noktas\u0131 oldu\u011fu anla\u015f\u0131l\u0131yor.<\/p>\n<p>\u00d6te yandan Kanto b\u00f6lgesinde ya\u015fayanlar en \u00e7ok Hokuryu Ay\u00e7i\u00e7e\u011fi K\u00f6y\u00fc (Hokuryu Kasabas\u0131, Hokkaido) ve Yamanaka G\u00f6l\u00fc \u00c7i\u00e7ek \u015eehri Park\u0131&#039;n\u0131n (Minamitsuru B\u00f6lgesi, Yamanashi \u0130li) pop\u00fcler oldu\u011funu, Kanto b\u00f6lgesindeki Zama Ay\u00e7i\u00e7e\u011fi Tarlalar\u0131&#039;n\u0131n (Zama \u015eehri, Kanagawa \u0130li) \u00fc\u00e7\u00fcnc\u00fc s\u0131rada geldi\u011fini s\u00f6yledi.<\/p>\n<p>Ayr\u0131ca, b\u00f6lgesel s\u0131ralamalara bak\u0131ld\u0131\u011f\u0131nda, Hokuryu Town Ay\u00e7i\u00e7e\u011fi K\u00f6y\u00fc (Hokuryu Town, Hokkaido) ve Lake Yamanaka \u00c7i\u00e7ek \u015eehri Park\u0131 (Minamitsuru B\u00f6lgesi, Yamanashi \u0130li) genellikle en \u00fcst s\u0131ralarda yer al\u0131yor; bu muhtemelen ilk iki lokasyonun \u00fc\u00e7\u00fcnc\u00fc s\u0131raya g\u00f6re 80&#039;den fazla oyluk bir \u00fcst\u00fcnl\u00fc\u011fe sahip olmas\u0131n\u0131n nedenidir.<\/p>\n<figure id=\"attachment_20078\" class=\"wp-caption aligncenter\"><img decoding=\"async\" class=\"size-full wp-image-20078\" src=\"https:\/\/portal.hokuryu.info\/wp\/wp-content\/uploads\/2022\/07\/51296-50-44e9a15aedd3939bad1cc675bbc2de80-3900x1253-1.webp\" alt=\"[Hokkaido\/Tohoku] 2022 yaz\u0131nda ziyaret etmek isteyece\u011finiz yerler!! Mevsimlik yaz manzaras\u0131 olan &quot;ay\u00e7i\u00e7e\u011fi tarlalar\u0131n\u0131n&quot; s\u0131ralamas\u0131\" width=\"1950\" height=\"627\" \/><figcaption class=\"wp-caption-text\">[Hokkaido\/Tohoku] 2022 yaz\u0131nda ziyaret etmek isteyece\u011finiz yerler!! Mevsimlik yaz manzaras\u0131 olan &quot;ay\u00e7i\u00e7e\u011fi tarlalar\u0131n\u0131n&quot; s\u0131ralamas\u0131<\/figcaption><\/figure>\n<figure id=\"attachment_20083\" class=\"wp-caption aligncenter\"><img decoding=\"async\" class=\"size-full wp-image-20083\" src=\"https:\/\/portal.hokuryu.info\/wp\/wp-content\/uploads\/2022\/07\/51296-50-a66d420b1f8db961b61a3c84697cab6d-3900x1253-1.webp\" alt=\"[Kanto\/Koshinetsu] 2022 yaz\u0131nda ziyaret etmek isteyece\u011finiz yerler!! Mevsimlik yaz manzaras\u0131 olan &quot;ay\u00e7i\u00e7e\u011fi tarlalar\u0131n\u0131n&quot; s\u0131ralamas\u0131\" width=\"1950\" height=\"627\" \/><figcaption class=\"wp-caption-text\">[Kanto\/Koshinetsu] 2022 yaz\u0131nda ziyaret etmek isteyece\u011finiz yerler!! Mevsimlik yaz manzaras\u0131 olan &quot;ay\u00e7i\u00e7e\u011fi tarlalar\u0131n\u0131n&quot; s\u0131ralamas\u0131<\/figcaption><\/figure>\n<figure id=\"attachment_20081\" class=\"wp-caption aligncenter\"><img decoding=\"async\" class=\"size-full wp-image-20081\" src=\"https:\/\/portal.hokuryu.info\/wp\/wp-content\/uploads\/2022\/07\/51296-50-6630e5e4340152607c56ddbeeac5c536-3900x1253-1.webp\" alt=\"[Hokuriku\/Tokai] 2022 yaz\u0131nda gezmek isteyece\u011finiz yerler!! Mevsimlik yaz manzaras\u0131 olan &quot;ay\u00e7i\u00e7e\u011fi tarlalar\u0131n\u0131n&quot; s\u0131ralamas\u0131\" width=\"1950\" height=\"627\" \/><figcaption class=\"wp-caption-text\">[Hokuriku\/Tokai] 2022 yaz\u0131nda gezmek isteyece\u011finiz yerler!! Mevsimlik yaz manzaras\u0131 olan &quot;ay\u00e7i\u00e7e\u011fi tarlalar\u0131n\u0131n&quot; s\u0131ralamas\u0131<\/figcaption><\/figure>\n<figure id=\"attachment_20080\" class=\"wp-caption aligncenter\"><img decoding=\"async\" class=\"size-full wp-image-20080\" src=\"https:\/\/portal.hokuryu.info\/wp\/wp-content\/uploads\/2022\/07\/51296-50-1766f300d98523d6d95ea5892295d704-3900x1253-1.webp\" alt=\"[Kinki\/Chugoku] 2022 yaz\u0131nda gezmek isteyece\u011finiz yerler!! Mevsimlik yaz manzaras\u0131 olan &quot;ay\u00e7i\u00e7e\u011fi tarlalar\u0131n\u0131n&quot; s\u0131ralamas\u0131\" width=\"1950\" height=\"627\" \/><figcaption class=\"wp-caption-text\">[Kinki\/Chugoku] 2022 yaz\u0131nda gezmek isteyece\u011finiz yerler!! Mevsimlik yaz manzaras\u0131 olan &quot;ay\u00e7i\u00e7e\u011fi tarlalar\u0131n\u0131n&quot; s\u0131ralamas\u0131<\/figcaption><\/figure>\n<figure id=\"attachment_20079\" class=\"wp-caption aligncenter\"><img decoding=\"async\" class=\"size-full wp-image-20079\" src=\"https:\/\/portal.hokuryu.info\/wp\/wp-content\/uploads\/2022\/07\/51296-50-780ea81f9204d8d5a49cbfc976864f92-3900x1253-1.webp\" alt=\"[Shikoku, Kyushu, Okinawa] 2022 yaz\u0131nda ziyaret etmek isteyece\u011finiz yerler!! Mevsimlik yaz manzaras\u0131 olan &quot;ay\u00e7i\u00e7e\u011fi tarlalar\u0131n\u0131n&quot; s\u0131ralamas\u0131\" width=\"1950\" height=\"627\" \/><figcaption class=\"wp-caption-text\">[Shikoku, Kyushu, Okinawa] 2022 yaz\u0131nda ziyaret etmek isteyece\u011finiz yerler!! Mevsimlik yaz manzaras\u0131 olan &quot;ay\u00e7i\u00e7e\u011fi tarlalar\u0131n\u0131n&quot; s\u0131ralamas\u0131<\/figcaption><\/figure>\n<h3>(Referans 3) Bu yaz en \u00e7ok nereyi ziyaret etmek istersiniz? (Bir cevap) *n=1000<\/h3>\n<figure id=\"attachment_20088\" class=\"wp-caption aligncenter\"><img decoding=\"async\" class=\"size-full wp-image-20088\" src=\"https:\/\/portal.hokuryu.info\/wp\/wp-content\/uploads\/2022\/07\/51296-50-f45b523df2fa904790f3fb3fa1e33266-1666x1051-1.webp\" alt=\"Bu yaz en \u00e7ok nereyi ziyaret etmek isterdiniz?\" width=\"1666\" height=\"1051\" \/><figcaption class=\"wp-caption-text\">Bu yaz en \u00e7ok nereyi ziyaret etmek isterdiniz?<\/figcaption><\/figure>\n<h3>(Referans 4) Ay\u00e7i\u00e7ekleri s\u00f6z konusu oldu\u011funda akl\u0131n\u0131zda en g\u00fc\u00e7l\u00fc imaj hangisidir? (Bir cevap) *n=1000<\/h3>\n<figure id=\"attachment_20089\" class=\"wp-caption aligncenter\"><img decoding=\"async\" class=\"size-full wp-image-20089\" src=\"https:\/\/portal.hokuryu.info\/wp\/wp-content\/uploads\/2022\/07\/51296-50-3a8251a7eb210aca2bd28651965ae6c8-1667x1020-1.webp\" alt=\"Ay\u00e7i\u00e7e\u011fi dendi\u011finde akl\u0131n\u0131zda en \u00e7ok hangi g\u00f6r\u00fcnt\u00fc canlan\u0131yor?\" width=\"1667\" height=\"1020\" \/><figcaption class=\"wp-caption-text\">Ay\u00e7i\u00e7e\u011fi dendi\u011finde akl\u0131n\u0131zda en \u00e7ok hangi g\u00f6r\u00fcnt\u00fc canlan\u0131yor?<\/figcaption><\/figure>\n\u3000<br \/>\n<center>\u2742 \u301c \u2742 \u301c \u2742 \u301c \u2742 \u301c \u2742 \u301c \u2742 \u301c \u2742 \u301c \u2742<\/center><\/p>\n<p><a href=\"https:\/\/prtimes.jp\/main\/html\/rd\/p\/000000050.000051296.html\" target=\"_blank\" rel=\"noopener\">\u015eirket bas\u0131n b\u00fclteninin ayr\u0131nt\u0131lar\u0131 burada &gt;&gt;<\/a>\u00a0(2022\/07\/07-14:21)<\/p>\n<p>Bu k\u00f6\u015fenin i\u00e7eri\u011fi veya yay\u0131mlanmas\u0131yla ilgili sorular\u0131n\u0131z i\u00e7in l\u00fctfen PR TIMES Inc. ile ileti\u015fime ge\u00e7in. \u00dcr\u00fcnler, hizmetler vb. ile ilgili sorular\u0131n\u0131z i\u00e7in l\u00fctfen ilgili duyuruyu yapan \u015firketlere veya kurulu\u015flara ba\u015fvurun.<\/p>\n<p>\u25c7<\/p>","protected":false},"excerpt":{"rendered":"<p>\uff12\uff10\uff12\uff12\u5e74\uff17\u6708\uff11\uff11\u65e5\uff08\u6708\uff09 \u300c\uff33\uff2f\uff2d\uff30\uff2f\u3072\u307e\u308f\u308a\u751f\u547d\u4fdd\u967a\u682a\u5f0f\u4f1a\u793e\u300d\u69d8\u306b\u3088\u308b\u300c2022\u5e74\u590f\u306b\u884c\u304d\u305f\u3044\u300e\u3072\u307e\u308f\u308a\u7551\u300f\u300d\u8abf\u67fb\u7d50\u679c\u304c\u3001\u30d7\u30ec\u30b9\u30ea\u30ea\u30fc\u30b9\u30fb\u30cb\u30e5\u30fc\u30b9\u30ea\u30ea\u30fc\u30b9\u914d\u4fe1\u30b5\u30fc\u30d3\u30b9\u300ePR TIMES\u300f\u30b5\u30a4\u30c8\u306b\u3066 [&hellip;]<\/p>\n","protected":false},"author":1,"featured_media":20085,"comment_status":"open","ping_status":"open","sticky":false,"template":"","format":"standard","meta":{"footnotes":""},"categories":[49,25],"tags":[],"class_list":["post-20069","post","type-post","status-publish","format-standard","has-post-thumbnail","hentry","category-bloom2022","category-related-to-hokuryu"],"_links":{"self":[{"href":"https:\/\/portal.hokuryu.info\/tr\/wp-json\/wp\/v2\/posts\/20069","targetHints":{"allow":["GET"]}}],"collection":[{"href":"https:\/\/portal.hokuryu.info\/tr\/wp-json\/wp\/v2\/posts"}],"about":[{"href":"https:\/\/portal.hokuryu.info\/tr\/wp-json\/wp\/v2\/types\/post"}],"author":[{"embeddable":true,"href":"https:\/\/portal.hokuryu.info\/tr\/wp-json\/wp\/v2\/users\/1"}],"replies":[{"embeddable":true,"href":"https:\/\/portal.hokuryu.info\/tr\/wp-json\/wp\/v2\/comments?post=20069"}],"version-history":[{"count":0,"href":"https:\/\/portal.hokuryu.info\/tr\/wp-json\/wp\/v2\/posts\/20069\/revisions"}],"wp:featuredmedia":[{"embeddable":true,"href":"https:\/\/portal.hokuryu.info\/tr\/wp-json\/wp\/v2\/media\/20085"}],"wp:attachment":[{"href":"https:\/\/portal.hokuryu.info\/tr\/wp-json\/wp\/v2\/media?parent=20069"}],"wp:term":[{"taxonomy":"category","embeddable":true,"href":"https:\/\/portal.hokuryu.info\/tr\/wp-json\/wp\/v2\/categories?post=20069"},{"taxonomy":"post_tag","embeddable":true,"href":"https:\/\/portal.hokuryu.info\/tr\/wp-json\/wp\/v2\/tags?post=20069"}],"curies":[{"name":"wp","href":"https:\/\/api.w.org\/{rel}","templated":true}]}}