{"id":18661,"date":"2022-05-24T06:38:14","date_gmt":"2022-05-23T21:38:14","guid":{"rendered":"https:\/\/portal.hokuryu.info\/?p=18661"},"modified":"2022-05-24T07:35:19","modified_gmt":"2022-05-23T22:35:19","slug":"hokuryu-kasabasi-belediye-baskani-yutaka-sano-faaliyet-raporu-23-mayis-pzt-belediye-baskanligi-ofisi","status":"publish","type":"post","link":"https:\/\/portal.hokuryu.info\/tr\/18661\/","title":{"rendered":"Hokuryu Kasabas\u0131 Belediye Ba\u015fkan\u0131 Yutaka Sano&#039;nun faaliyet raporu: Belediye ba\u015fkan\u0131n\u0131n b\u00f6l\u00fcm ba\u015fkanlar\u0131yla toplant\u0131s\u0131, Sorachi B\u00f6lgesel Kapsaml\u0131 Kalk\u0131nma Derne\u011fi ba\u015fkan\u0131 ve ba\u015fkan yard\u0131mc\u0131s\u0131 toplant\u0131s\u0131 (Hokuryu Kasabas\u0131), B&amp;G Deniz Merkezi \u0130rtibat Konseyi genel toplant\u0131s\u0131 (Sunagawa \u015eehri) 23 May\u0131s Pazartesi"},"content":{"rendered":"<p>Sal\u0131, 24 May\u0131s 2022<\/p>\n<p><center><iframe src=\"https:\/\/www.facebook.com\/plugins\/post.php?href=https%3A%2F%2Fwww.facebook.com%2Fpermalink.php%3Fstory_fbid%3D5535712349806665%26id%3D1127218337322777&#038;show_text=true&#038;width=500\" width=\"500\" height=\"709\" style=\"border:none;overflow:hidden\" scrolling=\"no\" frameborder=\"0\" allowfullscreen=\"true\" allow=\"autoplay; clipboard-write; encrypted-media; picture-in-picture; web-share\"><\/iframe><\/center><\/p>\n<h2>Takdir belgesi: &quot;2021 y\u0131l\u0131nda deniz merkezi n\u00fcfus oran\u0131 ve kullan\u0131c\u0131 oran\u0131 bak\u0131m\u0131ndan ulusal d\u00fczeyde 5. s\u0131rada&quot;<\/h2>\n<figure id=\"attachment_18647\" class=\"wp-caption aligncenter\"><a href=\"https:\/\/www.facebook.com\/permalink.php?story_fbid=5535712349806665&amp;id=1127218337322777\"><img decoding=\"async\" src=\"https:\/\/portal.hokuryu.info\/wp\/wp-content\/uploads\/2022\/05\/283711659_5535712776473289_1570160359339656211_n.jpg\" alt=\"Takdir belgesi: &quot;2021 y\u0131l\u0131nda deniz merkezi n\u00fcfus oran\u0131 ve kullan\u0131c\u0131 oran\u0131 bak\u0131m\u0131ndan ulusal d\u00fczeyde 5. s\u0131rada&quot;\" width=\"1515\" height=\"2048\" class=\"size-full wp-image-18647\" \/><figcaption class=\"wp-caption-text\">Takdir belgesi: &quot;2021 y\u0131l\u0131nda deniz merkezi n\u00fcfus oran\u0131 ve kullan\u0131c\u0131 oran\u0131 bak\u0131m\u0131ndan ulusal d\u00fczeyde 5. s\u0131rada&quot;<\/a><\/figcaption><\/figure>\n<p><strong>2021 Deniz Merkezi N\u00fcfus Oran\u0131<\/strong><br \/>\n<strong>&quot;Kapal\u0131 a\u00e7\u0131k havuz kategorisinde \u00fclke genelinde 5.lik&quot;<\/strong><\/p>\n<p>B&amp;G Deniz Merkezi, Hokuryu Kasabas\u0131, Hokkaido<\/p>\n<p>B&amp;G Plan\u0131n\u0131n amac\u0131na uygun olarak Deniz Merkeziniz &quot;spor, sa\u011fl\u0131k ve insan geli\u015fimi&quot; i\u00e7in bir \u00fcs olarak kullan\u0131lacak ve 2021 mali y\u0131l\u0131 kullan\u0131c\u0131 kayd\u0131 \u00fclke \u00e7ap\u0131ndaki deniz merkezleri i\u00e7in bir model olacakt\u0131r.<br \/>\nBu nedenle kendisinin ba\u015far\u0131lar\u0131n\u0131 takdir ve takdir etmek istiyoruz.<\/p>\n<p>25 Nisan 2022<br \/>\nMavi Deniz ve Ye\u015fil Toprak Vakf\u0131<br \/>\nBa\u015fkan: Yasuyoshi Maeda<\/p>","protected":false},"excerpt":{"rendered":"<p>\uff12\uff10\uff12\uff12\u5e74\uff15\u6708\uff12\uff14\u65e5\uff08\u706b\uff09 \u8868\u5f70\u72b6\u300c2021\u5e74\u5ea6 \u6d77\u6d0b\u30bb\u30f3\u30bf\u30fc\u4eba\u53e3\u6bd4\u7387\u30fb\u5229\u7528\u8005\u6bd4\u7387\u5168\u56fd\uff15\u4f4d\u300d 2021\u5e74\u5ea6\u3000\u6d77\u6d0b\u30bb\u30f3\u30bf\u30fc\u4eba\u53e3\u6bd4\u7387 \u300c\u4e0a\u5c4b\u4ed8\u30fb\u5c4b\u5916\u30d7\u30fc\u30eb\u306e\u90e8\u3000\u5168\u56fd\u7b2c\uff15\u4f4d\u300d \u5317\u6d77\u9053\u3000\u5317\u7adc\u753a\uff22\uff06\uff27\u6d77\u6d0b\u30bb\u30f3\u30bf [&hellip;]<\/p>\n","protected":false},"author":1,"featured_media":18672,"comment_status":"open","ping_status":"open","sticky":false,"template":"","format":"standard","meta":{"footnotes":""},"categories":[5],"tags":[],"class_list":["post-18661","post","type-post","status-publish","format-standard","has-post-thumbnail","hentry","category-sano-yutaka-formermayor"],"_links":{"self":[{"href":"https:\/\/portal.hokuryu.info\/tr\/wp-json\/wp\/v2\/posts\/18661","targetHints":{"allow":["GET"]}}],"collection":[{"href":"https:\/\/portal.hokuryu.info\/tr\/wp-json\/wp\/v2\/posts"}],"about":[{"href":"https:\/\/portal.hokuryu.info\/tr\/wp-json\/wp\/v2\/types\/post"}],"author":[{"embeddable":true,"href":"https:\/\/portal.hokuryu.info\/tr\/wp-json\/wp\/v2\/users\/1"}],"replies":[{"embeddable":true,"href":"https:\/\/portal.hokuryu.info\/tr\/wp-json\/wp\/v2\/comments?post=18661"}],"version-history":[{"count":0,"href":"https:\/\/portal.hokuryu.info\/tr\/wp-json\/wp\/v2\/posts\/18661\/revisions"}],"wp:featuredmedia":[{"embeddable":true,"href":"https:\/\/portal.hokuryu.info\/tr\/wp-json\/wp\/v2\/media\/18672"}],"wp:attachment":[{"href":"https:\/\/portal.hokuryu.info\/tr\/wp-json\/wp\/v2\/media?parent=18661"}],"wp:term":[{"taxonomy":"category","embeddable":true,"href":"https:\/\/portal.hokuryu.info\/tr\/wp-json\/wp\/v2\/categories?post=18661"},{"taxonomy":"post_tag","embeddable":true,"href":"https:\/\/portal.hokuryu.info\/tr\/wp-json\/wp\/v2\/tags?post=18661"}],"curies":[{"name":"wp","href":"https:\/\/api.w.org\/{rel}","templated":true}]}}