{"id":18508,"date":"2022-05-19T06:47:19","date_gmt":"2022-05-18T21:47:19","guid":{"rendered":"https:\/\/portal.hokuryu.info\/?p=18508"},"modified":"2022-05-19T06:05:42","modified_gmt":"2022-05-18T21:05:42","slug":"hokuryu-kasabasi-aycicegi-koyunde-2022de-toprak-hazirligi","status":"publish","type":"post","link":"https:\/\/portal.hokuryu.info\/tr\/18508\/","title":{"rendered":"Hokuryu Kasabas\u0131 Ay\u00e7i\u00e7e\u011fi K\u00f6y\u00fc&#039;nde 2022&#039;de toprak haz\u0131rl\u0131\u011f\u0131"},"content":{"rendered":"<p>Per\u015fembe, 19 May\u0131s 2022<\/p>\n<p>Mevsim yaz ba\u015f\u0131ndan \u015eoman ba\u015f\u0131na d\u00f6nerken, pirin\u00e7 ekimi t\u00fcm h\u0131z\u0131yla devam ediyor. . .<br \/>\nG\u00fcne\u015fin s\u0131cak \u0131\u015f\u0131nlar\u0131 alt\u0131nda, her \u015feyin canl\u0131l\u0131kla dolup ta\u015ft\u0131\u011f\u0131, h\u0131zla b\u00fcy\u00fcd\u00fc\u011f\u00fc bir mevsimdeyiz art\u0131k.<\/p>\n<p>Karlar eridikten sonra Ay\u00e7i\u00e7e\u011fi K\u00f6y\u00fc&#039;nde verimli toprak olu\u015fturma \u00e7al\u0131\u015fmalar\u0131, kompost yayma, ye\u015fil g\u00fcbreleme ve s\u00fcrme gibi \u00e7al\u0131\u015fmalarla istikrarl\u0131 bir \u015fekilde ilerliyor!<\/p>\n<p>[2022 mali y\u0131l\u0131ndan itibaren Himawari no Sato&#039;nun y\u00f6netimi Nekonote Co., Ltd. (Itaya, Hokuryu Kasabas\u0131, Temsilci Direkt\u00f6r: Yoshinori Omae) taraf\u0131ndan y\u00fcr\u00fct\u00fclecektir]<\/p>\n<h2>Ay\u00e7i\u00e7e\u011fi K\u00f6y\u00fc Toprak Haz\u0131rl\u0131\u011f\u0131 2022<\/h2>\n<p>Mart sonu ile May\u0131s ba\u015f\u0131 aras\u0131nda Ay\u00e7i\u00e7e\u011fi K\u00f6y\u00fc&#039;nde yap\u0131lan toprak haz\u0131rl\u0131\u011f\u0131 \u00e7al\u0131\u015fmalar\u0131n\u0131 sizlerle bulu\u015fturaca\u011f\u0131z.<\/p>\n<h3>29 Mart Sal\u0131 g\u00fcn\u00fc Himawari K\u00f6y\u00fc&#039;ne kar eritici maddeler p\u00fcsk\u00fcrt\u00fcld\u00fc ve bahar havas\u0131 ya\u015fand\u0131.<\/h3>\n<figure class=\"wp-caption aligncenter\"><a href=\"https:\/\/photos.google.com\/share\/AF1QipMuy-I0zWUpnqus3NpHx6kKWUzsQFtVLLf1qH8XSJ3fquGBTqrHuJwtIplFU0mARg\/photo\/AF1QipNXjhdZy_pLaw7FkA2afVn-CP1QXna11uxq668?key=ZVFxVXJzaW9NS2hZcFFvNTZTenhkaGdqbHlXZXFR\" target=\"_blank\" rel=\"noopener\"><img decoding=\"async\" src=\"https:\/\/lh3.googleusercontent.com\/pw\/AM-JKLXPyQBODKu_vhDAiB9P7L2dUQXeoy8G7A3sR6lBtR1TsJaN2IEEJcouOXp3uZggOaEnAVhIqhny4PmK7pTJavzgjwMnYNvxUQxLeQ_VAk4HQAFD81W2PzkvKxitXiXUtU514gAlYYIv7Q94Uj-vPaNs=w2000-h1333-no?authuser=0\" width=\"2000\" height=\"1333\" alt=\"Himawari K\u00f6y\u00fc&#039;ne kar eritici madde p\u00fcsk\u00fcrt\u00fclerek bahar havas\u0131 yarat\u0131ld\u0131\" class=\"size-full\" \/><\/a><figcaption class=\"wp-caption-text\">Himawari K\u00f6y\u00fc&#039;ne kar eritici madde p\u00fcsk\u00fcrt\u00fclerek bahar havas\u0131 yarat\u0131ld\u0131<\/figcaption><\/figure>\n<h3>29 Nisan (Cuma) Karlar eridi ve ay\u00e7i\u00e7e\u011fi k\u00f6y\u00fc ye\u015fil g\u00fcbre i\u00e7in yulaf ve bu\u011fdaydan olu\u015fan ye\u015fil bir hal\u0131yla kapland\u0131.<\/h3>\n<figure class=\"wp-caption aligncenter\"><a href=\"https:\/\/photos.google.com\/share\/AF1QipMuy-I0zWUpnqus3NpHx6kKWUzsQFtVLLf1qH8XSJ3fquGBTqrHuJwtIplFU0mARg\/photo\/AF1QipPYYNesqdBSHLks5Ial-4RzWpf-yhDV7A5SUAc?key=ZVFxVXJzaW9NS2hZcFFvNTZTenhkaGdqbHlXZXFR\" target=\"_blank\" rel=\"noopener\"><img decoding=\"async\" src=\"https:\/\/lh3.googleusercontent.com\/pw\/AM-JKLWQ5x1CePQsH6Y5-cE8DsqkWS1DO9T2QJHVAZvcBXKRjQMpQM65Mj_iFCh9Jqe1ujCI-ba4PbB3ZddpdzeB9GpgwHDGpQ98r1gTZnF3o01QOHBox720n9O_E_1ft-NqxP-dcFHWSjEXRbQPynNZACAQ=w2000-h1333-no?authuser=0\" width=\"2000\" height=\"1333\" alt=\"Karlar eridi ve ay\u00e7i\u00e7e\u011fi tarlalar\u0131n\u0131n \u00fczerine ye\u015fil g\u00fcbre yulaf ve bu\u011fdaydan olu\u015fan bir hal\u0131 yay\u0131ld\u0131.\" class=\"size-full\" \/><\/a><figcaption class=\"wp-caption-text\">Karlar eridi ve ay\u00e7i\u00e7e\u011fi tarlalar\u0131n\u0131n \u00fczerine ye\u015fil g\u00fcbre yulaf ve bu\u011fdaydan olu\u015fan bir hal\u0131 yay\u0131ld\u0131.<\/figcaption><\/figure>\n<h4>Kompost yay\u0131l\u0131m\u0131 devam ediyor!<\/h4>\n<figure class=\"wp-caption aligncenter\"><a href=\"https:\/\/photos.google.com\/share\/AF1QipMuy-I0zWUpnqus3NpHx6kKWUzsQFtVLLf1qH8XSJ3fquGBTqrHuJwtIplFU0mARg\/photo\/AF1QipN53_TpZlEC2EVhpIWL8VimAkFR6saUXVc3CHw?key=ZVFxVXJzaW9NS2hZcFFvNTZTenhkaGdqbHlXZXFR\" target=\"_blank\" rel=\"noopener\"><img decoding=\"async\" src=\"https:\/\/lh3.googleusercontent.com\/pw\/AM-JKLWQPrQnRjMdKHIenlyxImW6gl-M_thUwmBHwTzZEuA2W4TYRRsbHxroRV5b_dSIawWQh3oiyjMpTV1aOiCTGoXP_t7dlyCR_N8Ly_W4b5QGJS9Dc1VhQtRu0YyHcbtztgBdv6hQ59FyDajNAomsMIFZ=w2000-h1333-no?authuser=0\" width=\"2000\" height=\"1333\" alt=\"kompost yayma\" class=\"size-full\" \/><\/a><figcaption class=\"wp-caption-text\">kompost yayma<\/figcaption><\/figure>\n<h4>\u00c7evrede u\u00e7u\u015fan kompostlu verimli toprak<\/h4>\n<figure class=\"wp-caption aligncenter\"><a href=\"https:\/\/photos.google.com\/share\/AF1QipMuy-I0zWUpnqus3NpHx6kKWUzsQFtVLLf1qH8XSJ3fquGBTqrHuJwtIplFU0mARg\/photo\/AF1QipO0PRYXhnSXB_5WjNwLIroM2a9cImBeuY-G8ms?key=ZVFxVXJzaW9NS2hZcFFvNTZTenhkaGdqbHlXZXFR\" target=\"_blank\" rel=\"noopener\"><img decoding=\"async\" src=\"https:\/\/lh3.googleusercontent.com\/pw\/AM-JKLUi3WXCLJskvK9FQVC3NMEHQ3blAuYubV-KFOSrq-zxJfmaZ5lHCxIZ56ssh9JMv4KMcfYsZALnKwCJiakPBdzP3qwjbZ2PM6novuwyx5qu7HwVxnbVoxCliyBZcWNHZGjSe59IYxi4xUt7xbvT1shq=w2000-h1333-no?authuser=0\" width=\"2000\" height=\"1333\" alt=\"\u00c7evrede u\u00e7u\u015fan kompostlu verimli toprak\" class=\"size-full\" \/><\/a><figcaption class=\"wp-caption-text\">\u00c7evrede u\u00e7u\u015fan kompostlu verimli toprak<\/figcaption><\/figure>\n<h4>Parlayan ye\u015fil \u00e7ay\u0131rlar<\/h4>\n<figure class=\"wp-caption aligncenter\"><a href=\"https:\/\/photos.google.com\/share\/AF1QipMuy-I0zWUpnqus3NpHx6kKWUzsQFtVLLf1qH8XSJ3fquGBTqrHuJwtIplFU0mARg\/photo\/AF1QipMtbvbKbmFSW6U6jAslPATAYx5t6kfEXzETOkg?key=ZVFxVXJzaW9NS2hZcFFvNTZTenhkaGdqbHlXZXFR\" target=\"_blank\" rel=\"noopener\"><img decoding=\"async\" src=\"https:\/\/lh3.googleusercontent.com\/pw\/AM-JKLWc70yAOrPAY3tfadQD822ImL2Rm9qYP7E9du7GeA8FrQMZyJJqY6T0CBblA4wzAscac-tfGd0T-aCSIALIxOSjS3emmkjIZ9pTMJ0y04GzQfdNTe90QDucPJdc41cJDzadUxWQxfX4e2NxqBQAFy05=w2000-h1333-no?authuser=0\" width=\"2000\" height=\"1333\" alt=\"Parlayan ye\u015fil \u00e7ay\u0131rlar\" class=\"size-full\" \/><\/a><figcaption class=\"wp-caption-text\">Parlayan ye\u015fil \u00e7ay\u0131rlar<\/figcaption><\/figure>\n<h3>Cumartesi, 30 Nisan: G\u00fcne\u015fin tad\u0131n\u0131 \u00e7\u0131kar\u0131yoruz. . .<\/h3>\n<figure class=\"wp-caption aligncenter\"><a href=\"https:\/\/photos.google.com\/share\/AF1QipMuy-I0zWUpnqus3NpHx6kKWUzsQFtVLLf1qH8XSJ3fquGBTqrHuJwtIplFU0mARg\/photo\/AF1QipNnLN7mT6p5uzbGOPjXSFITqtNW4klGOJJCfAk?key=ZVFxVXJzaW9NS2hZcFFvNTZTenhkaGdqbHlXZXFR\" target=\"_blank\" rel=\"noopener\"><img decoding=\"async\" src=\"https:\/\/lh3.googleusercontent.com\/pw\/AM-JKLXp6P7JxD8DpyoGB6pqZcbSH8xnyeEumbGBGYjJAht9_XxxMlY4vWnf0x63Uo7Sx4FsuuilyXoAhM2_n6_VM3oeuEr3gZhTL9fTaA7m0B7q0-ZH18XFoLRF61ne2llJXeRv8ADGKTT-PDzneUZqkJyn=w1260-h1888-no?authuser=0\" width=\"1258\" height=\"1888\" alt=\"G\u00fcne\u015f \u0131\u015f\u0131\u011f\u0131n\u0131n damlalar\u0131yla y\u0131kanm\u0131\u015f\" class=\"size-full\" \/><\/a><figcaption class=\"wp-caption-text\">G\u00fcne\u015f \u0131\u015f\u0131\u011f\u0131n\u0131n damlalar\u0131yla y\u0131kanm\u0131\u015f<\/figcaption><\/figure>\n<h4>Ye\u015fil g\u00fcbre at\u0131l\u0131yor.<\/h4>\n<figure class=\"wp-caption aligncenter\"><a href=\"https:\/\/photos.google.com\/share\/AF1QipMuy-I0zWUpnqus3NpHx6kKWUzsQFtVLLf1qH8XSJ3fquGBTqrHuJwtIplFU0mARg\/photo\/AF1QipOqz2SYpNWsFpU9YuAMt2uVcELrtsgO2ai-27Q?key=ZVFxVXJzaW9NS2hZcFFvNTZTenhkaGdqbHlXZXFR\" target=\"_blank\" rel=\"noopener\"><img decoding=\"async\" src=\"https:\/\/lh3.googleusercontent.com\/pw\/AM-JKLWAcdH7W2uIJuilzVOhWPVA0hLJTP4Zm5USXqKmnF3E4Q2FCbnvwAWG4BENk4hXtAOUPgmHOtqZ2T-G69y57YVULmdH8zQ2apABGVlscyRS1xA-jLSA9owqDaG-ElhkP49Se1EELJq6ctn24X-UG-N1=w2000-h1333-no?authuser=0\" width=\"2000\" height=\"1333\" alt=\"Ye\u015fil g\u00fcbre s\u00fcrmek\" class=\"size-full\" \/><\/a><figcaption class=\"wp-caption-text\">Ye\u015fil g\u00fcbre s\u00fcrmek<\/figcaption><\/figure>\n<h3>2 May\u0131s (Pazartesi) Topra\u011f\u0131n zenginle\u015ftirilmesi, yeralt\u0131 mikroorganizmalar\u0131n\u0131n harekete ge\u00e7irilmesi ve zararl\u0131 b\u00f6ceklerin bask\u0131lanmas\u0131 amac\u0131yla toprak haz\u0131rl\u0131\u011f\u0131 \u00e7al\u0131\u015fmalar\u0131 h\u0131zla s\u00fcrd\u00fcr\u00fcl\u00fcyor.<\/h3>\n<figure class=\"wp-caption aligncenter\"><a href=\"https:\/\/photos.google.com\/share\/AF1QipMuy-I0zWUpnqus3NpHx6kKWUzsQFtVLLf1qH8XSJ3fquGBTqrHuJwtIplFU0mARg\/photo\/AF1QipPE_VHjGLKVtU29HBOjZ9PXWyoXBFFgQbvmsQM?key=ZVFxVXJzaW9NS2hZcFFvNTZTenhkaGdqbHlXZXFR\" target=\"_blank\" rel=\"noopener\"><img decoding=\"async\" src=\"https:\/\/lh3.googleusercontent.com\/pw\/AM-JKLXpd8YiGdIvDAD4uCekQscp7v0azT4g3egQytyNZtoUDghiFj5Mokvq_K56duvlwRs3BIelPxISk3KsgfXEtImOhThN8QRNSY9xgZWP5RnFU15Qqr_l8pPLoqSJYUGOha-ttL9wg430YJPNPlG45bfB=w2000-h1333-no?authuser=0\" width=\"2000\" height=\"1333\" alt=\"Toprak haz\u0131rl\u0131\u011f\u0131 istikrarl\u0131 bir \u015fekilde ilerliyor\" class=\"size-full\" \/><\/a><figcaption class=\"wp-caption-text\">Toprak haz\u0131rl\u0131\u011f\u0131 istikrarl\u0131 bir \u015fekilde ilerliyor<\/figcaption><\/figure>\n<h4>Tarlalar\u0131 s\u00fcrmek<\/h4>\n<figure class=\"wp-caption aligncenter\"><a href=\"https:\/\/photos.google.com\/share\/AF1QipMuy-I0zWUpnqus3NpHx6kKWUzsQFtVLLf1qH8XSJ3fquGBTqrHuJwtIplFU0mARg\/photo\/AF1QipN86oVtrYXh2k-Xnbt1IGd3YO7ZL3nVsnKrTmk?key=ZVFxVXJzaW9NS2hZcFFvNTZTenhkaGdqbHlXZXFR\" target=\"_blank\" rel=\"noopener\"><img decoding=\"async\" src=\"https:\/\/lh3.googleusercontent.com\/pw\/AM-JKLUqhrv9Lr_mygtiFZ3_meGsarbTvfNZQPm8a_dra578m4j1QMJc52GcGE6Y4FdIK978nRNiNI1GKt6jWDDx_TP4kRBkMMZtfENCYyNc5Gy4M_U5BNTkSQ7UM4ONQ8QsNtCNfqJnr6pzcqrcCj_H2o08=w2000-h1333-no?authuser=0\" width=\"2000\" height=\"1333\" alt=\"Tarlalar\u0131 s\u00fcrmek\" class=\"size-full\" \/><\/a><figcaption class=\"wp-caption-text\">Tarlalar\u0131 s\u00fcrmek<\/figcaption><\/figure>\n<h3>8 May\u0131s (Pazar) Toprak haz\u0131rl\u0131\u011f\u0131 yap\u0131ld\u0131ktan sonra ay\u00e7i\u00e7e\u011fi k\u00f6y\u00fc ekime haz\u0131r hale gelir.<\/h3>\n<figure class=\"wp-caption aligncenter\"><a href=\"https:\/\/photos.google.com\/share\/AF1QipMuy-I0zWUpnqus3NpHx6kKWUzsQFtVLLf1qH8XSJ3fquGBTqrHuJwtIplFU0mARg\/photo\/AF1QipMKUtGy5EMHEMesrwDJD11-uIZgdjlOIE9AKDE?key=ZVFxVXJzaW9NS2hZcFFvNTZTenhkaGdqbHlXZXFR\" target=\"_blank\" rel=\"noopener\"><img decoding=\"async\" src=\"https:\/\/lh3.googleusercontent.com\/pw\/AM-JKLV9Pk_-UE6Jcejk0dn1KdrR1wOR1n7gkmEE7SCJozlKmHY6XRMHQ-lFuhp9Cec5Uzwq-qda5yYpV2F_lPJasXTiWnkVeiQItNO3I-MEstyaYCs0kaKJm2cBddVgF9Ae2BxLo55azz6FyepR1wl2O_iQ=w2000-h1333-no?authuser=0\" width=\"2000\" height=\"1333\" alt=\"Ekilmeyi bekleyen ay\u00e7i\u00e7e\u011fi k\u00f6y\u00fc\" class=\"size-full\" \/><\/a><figcaption class=\"wp-caption-text\">Ekilmeyi bekleyen ay\u00e7i\u00e7e\u011fi k\u00f6y\u00fc<\/figcaption><\/figure>\n<h4>Tarlalarda sessizlik yay\u0131l\u0131yor Pazar, 8 May\u0131s<\/h4>\n<figure class=\"wp-caption aligncenter\"><a href=\"https:\/\/photos.google.com\/share\/AF1QipMuy-I0zWUpnqus3NpHx6kKWUzsQFtVLLf1qH8XSJ3fquGBTqrHuJwtIplFU0mARg\/photo\/AF1QipO_BqKCMe6aVn8BS4H0vwttprckGYiA52lo3Lc?key=ZVFxVXJzaW9NS2hZcFFvNTZTenhkaGdqbHlXZXFR\" target=\"_blank\" rel=\"noopener\"><img decoding=\"async\" src=\"https:\/\/lh3.googleusercontent.com\/pw\/AM-JKLVKCpzmHH_k9XK3er2cr5-V_U9TmVp7V5PjwF-x1NLGg1PPoFqgX2New5JWw1aziNYXRzG_h3ZzPl3Gj5zN4Np172l90oyRjB4-p805MCPYkyAz37eLaVo-BUZ03jftVGXIDCggw573t83QmSan7K5U=w2000-h1333-no?authuser=0\" width=\"2000\" height=\"1333\" alt=\"Sessizlik alan\u0131\" class=\"size-full\" \/><\/a><figcaption class=\"wp-caption-text\">Sessizlik alan\u0131<\/figcaption><\/figure>\n<h4>Mavi g\u00f6ky\u00fcz\u00fc ve beyaz bulutlar\u0131n g\u00f6zetiminde. . .<\/h4>\n<figure class=\"wp-caption aligncenter\"><a href=\"https:\/\/photos.google.com\/share\/AF1QipMuy-I0zWUpnqus3NpHx6kKWUzsQFtVLLf1qH8XSJ3fquGBTqrHuJwtIplFU0mARg\/photo\/AF1QipMXxL0Ax1z15vUahJcYJ--UBpkqbTsxZ3iCHj8?key=ZVFxVXJzaW9NS2hZcFFvNTZTenhkaGdqbHlXZXFR\" target=\"_blank\" rel=\"noopener\"><img decoding=\"async\" src=\"https:\/\/lh3.googleusercontent.com\/pw\/AM-JKLUvqjekMJ3PKIoJ3wZO7q6q5zYfMd_BNzMS0LUQD6FC1v0gjvc-yYShvkAI-3CjsA89W-FUIJ_B1t6to_mwgJ8Awx7mbur6aymmdhmKkeGtxzATWjeiksqb9IGfSBOlfdEVLWMGnkFo-Rat2NOA-zsJ=w2000-h1333-no?authuser=0\" width=\"2000\" height=\"1333\" alt=\"Mavi g\u00f6ky\u00fcz\u00fc ve beyaz bulutlar taraf\u0131ndan izleniyor\" class=\"size-full\" \/><\/a><figcaption class=\"wp-caption-text\">Mavi g\u00f6ky\u00fcz\u00fc ve beyaz bulutlar taraf\u0131ndan izleniyor<\/figcaption><\/figure>\n<h4>Yaz\u0131n g\u00fczel ay\u00e7i\u00e7ekleriyle tan\u0131\u015fmay\u0131 hayal ediyorum. . .<\/h4>\n<figure class=\"wp-caption aligncenter\"><a href=\"https:\/\/photos.google.com\/share\/AF1QipMuy-I0zWUpnqus3NpHx6kKWUzsQFtVLLf1qH8XSJ3fquGBTqrHuJwtIplFU0mARg\/photo\/AF1QipMjJx3NOaNfgGzY-I-ko5hBlUNq4h5M7gklM4c?key=ZVFxVXJzaW9NS2hZcFFvNTZTenhkaGdqbHlXZXFR\" target=\"_blank\" rel=\"noopener\"><img decoding=\"async\" src=\"https:\/\/lh3.googleusercontent.com\/pw\/AM-JKLXd5xDZoziGGpOTBaJ7K_6LESDBeXZhqwazclU1eVuTMP9iSXe2VKQqqH3dYLw-g3WJtfmC96GPPl9WlH5FKnDuK-bIhMtvntvmxlEjDvcnifuNFirU28_ycKxlND0TmV5blKpagYB32bIMKPcPKuyv=w2000-h1333-no?authuser=0\" width=\"2000\" height=\"1333\" alt=\"Yaz mevsimini iple \u00e7ekiyorum, g\u00fczel ay\u00e7i\u00e7ekleriyle tan\u0131\u015fmay\u0131 hayal ediyorum. . .\" class=\"size-full\" \/><\/a><figcaption class=\"wp-caption-text\">Yaz mevsimini iple \u00e7ekiyorum, g\u00fczel ay\u00e7i\u00e7ekleriyle tan\u0131\u015fmay\u0131 hayal ediyorum. . .<\/figcaption><\/figure>\n<p>Daha sonra ekim i\u015flemine ge\u00e7ilir. Yaz mevsimine do\u011fru ilerlerken ay\u00e7i\u00e7eklerinin sa\u011fl\u0131kl\u0131 bir \u015fekilde b\u00fcy\u00fcmesini i\u00e7tenlikle diliyorum.<\/p>\n<h2>\u0130lgili sayfalar<\/h2>\n<div class=\"img-move\">\n<div class=\"sitecard\">\n<div class=\"sitecard__subtitle\"> Hokuryu Kasabas\u0131 Portal\u0131<\/div>\n<div class=\"column column-273\">\n<div class=\"column__item\"><a href=\"https:\/\/portal.hokuryu.info\/tr\/aycicegi\/\" target=\"_blank\" rel=\"noopener\"><b style=\"font-size:large\">Hokuryu Kasabas\u0131 Ay\u00e7i\u00e7e\u011fi K\u00f6y\u00fc<\/b><\/a><br \/>\nDo\u011fuya bakan bir yama\u00e7ta, iki milyon ay\u00e7i\u00e7e\u011fi do\u011fuya do\u011fru a\u00e7maktad\u0131r. Ay\u00e7i\u00e7ekleri turistler i\u00e7in a\u00e7\u0131yor. A\u011fustos ay\u0131n\u0131n ba\u015flar\u0131nda \u00e7i\u00e7ekler tam a\u00e7t\u0131\u011f\u0131nda, &quot;Harika!&quot; nidalar\u0131 duyulur. k\u00f6y\u00fcn her yan\u0131nda yank\u0131lan\u0131yordu.<br \/>\n<span style=\"color: #ff9900;\">\u25b6<\/span> <a href=\"https:\/\/portal.hokuryu.info\/tr\/aycicegi\/\" target=\"_blank\" rel=\"noopener\"><b style=\"font-size:large\">Hokuryu Kasabas\u0131 Ay\u00e7i\u00e7e\u011fi K\u00f6y\u00fc i\u00e7in buraya t\u0131klay\u0131n &gt;&gt;<\/b><\/div>\n<div class=\"column__item\"><img decoding=\"async\" src=\"https:\/\/portal.hokuryu.info\/wp\/wp-content\/uploads\/2022\/05\/20150806_DSC8328-768x512-1.jpg\" alt=\"Hokuryu Kasabas\u0131 Ay\u00e7i\u00e7e\u011fi K\u00f6y\u00fc\" style=\"border:solid 1px blue\" height=\"180\"\/><\/a><\/div>\n<\/div>\n<\/div>\n<\/div>\n<p>\u3000<br \/>\n\u25c7 \u00c7ekim ve kurgu: Noboru Terauchi R\u00f6portaj ve metin: Ikuko Terauchi<\/p>","protected":false},"excerpt":{"rendered":"<p>\uff12\uff10\uff12\uff12\u5e74\uff15\u6708\uff11\uff19\u65e5\uff08\u6728\uff09 \u5b63\u7bc0\u306f\u3001\u300c\u7acb\u590f\u300d\u304b\u3089\u300c\u5c0f\u6e80\u300d\u3078\u3068\u79fb\u308a\u5909\u308f\u308a\u3001\u7530\u690d\u3048\u304c\u771f\u3063\u76db\u308a\u3002\u3002\u3002 \u6e29\u304b\u306a\u592a\u967d\u306e\u5149\u3092\u3044\u3063\u3071\u3044\u306b\u6d74\u3073\u3066\u3001\u4e07\u7269\u304c\u751f\u547d\u529b\u306b\u6ea2\u308c\u3001\u3059\u304f\u3059\u304f\u3068\u6210\u9577\u3057\u3066\u3044\u304f\u5b63\u7bc0\u3092\u8fce\u3048\u3066\u3044\u307e\u3059\u3002 \u3072\u307e\u308f [&hellip;]<\/p>\n","protected":false},"author":1,"featured_media":18509,"comment_status":"open","ping_status":"open","sticky":false,"template":"","format":"standard","meta":{"footnotes":""},"categories":[4,49],"tags":[],"class_list":["post-18508","post","type-post","status-publish","format-standard","has-post-thumbnail","hentry","category-cover-story","category-bloom2022"],"_links":{"self":[{"href":"https:\/\/portal.hokuryu.info\/tr\/wp-json\/wp\/v2\/posts\/18508","targetHints":{"allow":["GET"]}}],"collection":[{"href":"https:\/\/portal.hokuryu.info\/tr\/wp-json\/wp\/v2\/posts"}],"about":[{"href":"https:\/\/portal.hokuryu.info\/tr\/wp-json\/wp\/v2\/types\/post"}],"author":[{"embeddable":true,"href":"https:\/\/portal.hokuryu.info\/tr\/wp-json\/wp\/v2\/users\/1"}],"replies":[{"embeddable":true,"href":"https:\/\/portal.hokuryu.info\/tr\/wp-json\/wp\/v2\/comments?post=18508"}],"version-history":[{"count":0,"href":"https:\/\/portal.hokuryu.info\/tr\/wp-json\/wp\/v2\/posts\/18508\/revisions"}],"wp:featuredmedia":[{"embeddable":true,"href":"https:\/\/portal.hokuryu.info\/tr\/wp-json\/wp\/v2\/media\/18509"}],"wp:attachment":[{"href":"https:\/\/portal.hokuryu.info\/tr\/wp-json\/wp\/v2\/media?parent=18508"}],"wp:term":[{"taxonomy":"category","embeddable":true,"href":"https:\/\/portal.hokuryu.info\/tr\/wp-json\/wp\/v2\/categories?post=18508"},{"taxonomy":"post_tag","embeddable":true,"href":"https:\/\/portal.hokuryu.info\/tr\/wp-json\/wp\/v2\/tags?post=18508"}],"curies":[{"name":"wp","href":"https:\/\/api.w.org\/{rel}","templated":true}]}}