{"id":1838,"date":"2020-04-02T06:40:21","date_gmt":"2020-04-01T21:40:21","guid":{"rendered":"https:\/\/portal.hokuryu.info\/?p=1838"},"modified":"2020-04-02T08:52:20","modified_gmt":"2020-04-01T23:52:20","slug":"1838-sonrasi","status":"publish","type":"post","link":"https:\/\/portal.hokuryu.info\/tr\/1838\/","title":{"rendered":"Belediye Ba\u015fkan\u0131 Yutaka Sano&#039;nun 2020 mali y\u0131l\u0131n\u0131n ba\u015flang\u0131c\u0131ndaki konu\u015fmas\u0131: &quot;Sakinlerinin mutlulu\u011funu en b\u00fcy\u00fck \u00f6nceli\u011fimiz olarak benimseyerek, ruhu zengin ve parlayan bir kasaba in\u015fa etmek&quot;"},"content":{"rendered":"<p>Per\u015fembe, 2 Nisan 2020<\/p>\n<p>2020 mali y\u0131l\u0131n\u0131n ba\u015flang\u0131c\u0131nda, \u00c7ar\u015famba g\u00fcn\u00fc, 1 Nisan&#039;da, Kitary\u016b Belediye Meclis Salonu&#039;nda 30 ve 20 y\u0131l hizmeti olan \u00e7al\u0131\u015fanlar i\u00e7in bir \u00f6d\u00fcl t\u00f6reni d\u00fczenlendi, bir atama t\u00f6reni d\u00fczenlendi ve Belediye Ba\u015fkan\u0131 bir konu\u015fma yapt\u0131.<\/p>\n<h2>Belediye Ba\u015fkan\u0131 Yutaka Sano&#039;nun konu\u015fmas\u0131<\/h2>\n<figure class=\"wp-caption aligncenter\"><a href=\"https:\/\/photos.google.com\/share\/AF1QipOv2wCDGcB_w-mHUuJ9IOu4lCqsQgoHyQ5mRyAkuiiSZL0EIwNTmOxaWrULSn-sNw\/photo\/AF1QipNJ8TrjPU1WiUcnDsnCuKFfE1ErRqUDJC5sg2Y?key=MnBLZ25NMGhRUl9BRzdqR2xiSXJfaDU5cjF5cld3\" target=\"_blank\" rel=\"noopener noreferrer\"><img decoding=\"async\" src=\"https:\/\/lh3.googleusercontent.com\/3fOtMx9cp9rdXrY0AYmGwlE4wKL-pyVhOGSvxV3GC0ZCXYFIVW_WuBwIokmKs7RwJ-bL_5HNW2J8vjqXmm0T_b_PWtftM9a8wFymLB-HH4QNk1pljhzf-WYVO3b9gm3RrGoirjthNDhoEX9lyORWIpdPHIafT6PIW7ZWlHgeNDvpJI9tlLKswIVTETdJYLg4JX1oZizZ-NahrwdAwFHdTGlGIuxvd6dX5E5QSBlWM8m-d9oqdwrNFyMxgnWqETpGfgWNs33jf_J8jzQjD0iVanznYt6qXjtFl5JbL1gi9NJOaqg_mV7nWETHtJDtlnGGUdMvg8BCTslL_3N8doYS53UA4Zgo4imG8TD6OhJJJOavdopeQzJOt_Q309zTzji9hKvzEsjd_6spEYL269fsDHvsrRx6zPym9ZE-iq95T0uMN3ZeY_W-hDXlLTrsuAkEx1c8dpLmmrwH4fQWrC9D0Bjia79TxAalkVyWcVbtQYan_nUozx9kmdzBC_dm2DS2I0xUIR3Ry2NuVp8xKd9vw7qzs-ZjCM8AqsHmxwGLM4out_u7miVkDxNMz13jgXECqyuEjkvuNj8RSaDR_3pHJCuirO69fxR9DB7HWK1Cr0m2p5OYNrU3WdAgWyESiTBbQRxsTi5xeHIMQOYEY8T6xGjbbI_Oby952p1lQLDEEM6HWPtOdTwxXUg0eHIvMRb8V-6-eZRhuvKfBniU9Uikw1914kzm82CQw62axrhQLgXp2DHeTJe2A-E=w2000-h1332-no\" width=\"1998\" height=\"1332\" alt=\"Belediye Ba\u015fkan\u0131 Yutaka Sano&#039;nun Reiwa mali y\u0131l\u0131 ba\u015f\u0131nda yapt\u0131\u011f\u0131 konu\u015fma\" class=\"size-medium\" \/><\/a><figcaption class=\"wp-caption-text\">Belediye Ba\u015fkan\u0131 Yutaka Sano&#039;nun Reiwa mali y\u0131l\u0131 ba\u015f\u0131nda yapt\u0131\u011f\u0131 konu\u015fma<\/figcaption><\/figure>\n<p>&quot;Biz belediye \u00e7al\u0131\u015fanlar\u0131 i\u00e7in bug\u00fcn 2020 mali y\u0131l\u0131n\u0131n ba\u015flang\u0131c\u0131.<\/p>\n<h3>\u00c7al\u0131\u015fana uzun hizmet \u00f6d\u00fcl\u00fc<\/h3>\n<p>\u00c7al\u0131\u015fan \u00f6d\u00fcl y\u00f6netmeli\u011fine g\u00f6re uzun d\u00f6nemli hizmet i\u00e7in bir \u00f6d\u00fcl t\u00f6reni d\u00fczenledik. Yayoi Kawamoto 30 y\u0131ld\u0131r \u00e7al\u0131\u015f\u0131yor, Katsuyoshi Takahashi, Keiko Banda, Masakazu Tamura, Ryoko Kuratani ve Rie Oikawa ise 20 y\u0131ld\u0131r \u00e7al\u0131\u015f\u0131yor.<\/p>\n<p>Ger\u00e7ekten uzun bir s\u00fcredir, bir kasaba \u00e7al\u0131\u015fan\u0131 olarak gayretle \u00e7al\u0131\u015ft\u0131n\u0131z ve size en derin sayg\u0131lar\u0131m\u0131z\u0131 ve minnettarl\u0131\u011f\u0131m\u0131z\u0131 ifade etmek istiyoruz. Gelecekteki \u00e7abalar\u0131n\u0131z\u0131n devam\u0131n\u0131 d\u00f6rt g\u00f6zle bekliyoruz.<\/p>\n<h3>Randevu<\/h3>\n<p>Ayr\u0131ca 1 Nisan&#039;da transfer edilenlere, terfi edenlere, Hokuriku Kasabas\u0131&#039;na yeni \u00e7al\u0131\u015fanlara ve mali y\u0131lda atanan \u00e7al\u0131\u015fanlara atama mektuplar\u0131 g\u00f6nderdik.<\/p>\n<p>Hokuryu Kasabas\u0131 \u00e7al\u0131\u015fanlar\u0131 olarak, hepinizin sorumluluk ve fark\u0131ndal\u0131k duygusuna sahip olman\u0131z\u0131 ve kasaba halk\u0131n\u0131n ana akt\u00f6rler oldu\u011fu bir kasaba in\u015fa etmek i\u00e7in s\u0131k\u0131 \u00e7al\u0131\u015fman\u0131z\u0131 umuyorum. \u00d6zellikle yeni i\u015fe al\u0131nanlar\u0131n hepsinin m\u00fcmk\u00fcn oldu\u011funca \u00e7abuk i\u015flerine al\u0131\u015fmalar\u0131n\u0131 ve kasaba halk\u0131 taraf\u0131ndan sevilen ve g\u00fcvenilen \u00e7al\u0131\u015fanlar olmak i\u00e7in s\u0131k\u0131 \u00e7al\u0131\u015fman\u0131z\u0131 umuyorum.<\/p>\n<p>Hokkaido \u0130l H\u00fck\u00fcmeti&#039;nden g\u00f6nderilen Bay Noshirogawa, esas olarak ay\u00e7i\u00e7ek ya\u011f\u0131yla destek sa\u011flayacak. K\u00f6y destek\u00e7ileri olan Bay ve Bayan Terauchi, bu y\u0131l 11. kez Hokuryu Kasabas\u0131&#039;nda \u00e7al\u0131\u015facak. Eski bir JA \u00e7al\u0131\u015fan\u0131 ve ayn\u0131 zamanda bir k\u00f6y destek\u00e7isi olan Bay Sakuraba, tar\u0131m i\u015f\u00e7ilerinin tutulmas\u0131 i\u00e7in \u00f6nlemlere yard\u0131mc\u0131 olacak. Ayr\u0131ca, Bay Hoshiba, yerel canland\u0131rma i\u015fbirli\u011fi ekibinin bir \u00fcyesi olarak Hokuryu Kasabas\u0131&#039;n\u0131n geli\u015fimine b\u00fcy\u00fck destek sa\u011flayacak. Onlarla \u00e7al\u0131\u015fmay\u0131 d\u00f6rt g\u00f6zle bekliyoruz.<\/p>\n<figure class=\"wp-caption aligncenter\"><a href=\"https:\/\/photos.google.com\/share\/AF1QipOv2wCDGcB_w-mHUuJ9IOu4lCqsQgoHyQ5mRyAkuiiSZL0EIwNTmOxaWrULSn-sNw\/photo\/AF1QipM65He9H8hqJVn3zfUaE4NNmwgFvLhDKn4t8JY?key=MnBLZ25NMGhRUl9BRzdqR2xiSXJfaDU5cjF5cld3\" target=\"_blank\" rel=\"noopener noreferrer\"><img decoding=\"async\" src=\"https:\/\/lh3.googleusercontent.com\/yKXATyKlsFK7GD84XBX0k4A9q3lNZti5Y0IaA_wn9w99Nq-VOplWVPmmy4WviFdMFiJVkrna-nEsNd3Dwc2L5lda5yEznO2eh-GxLeQoOMDS4bysrULIBOJbwhWS7-bH5Pfnkq1WoKneqjQHYljoqBP8EoT48oEt6Jq70fckA0jxrqncMgW_3jYIBoRbvEqBULvAzwXA2uHilOCImA0ylInPByupTQjdM5ffMkwEynJriBrq775S4IFJjsdD76_IjXcpa13ZGzc-Iiu0D7L39_qQvO_GpssjgJY2zqjgX6R3zwmKA3VyEeAdtlkVDQOhfUnfK-LvR4fy0nLxoAHKq6ijHvdo21716tJzd_EJpig-hBP2r-eMIMIN7sCNduZBME53q8UKwyl48i8xeg2Xved1G7OjhQJXQ1aiPeJF2udazdRnmzyG4adMua2kOEA7X4Ak8WxqrVFjya4lh_Od4m3_IuDPZPH_CSuzoWfLg5PO3MQDAFPQIlXm-8rGpk5x_l_nsN2pqZyZFVcDV7NsFnPMfuTiAYOXT09NBgIigc8X8x25Xq4TFG8uUv8e2_VdqKbOw3DijIHe0q5wD-JMZ4z_w5mE_dX4sLFjVU_794jazv8whlRGSnqi1H15Ms4uVlsUU-lovbLO8Jst2IoneEiy5uXwydlBckFTFRHvtRl6jp5qJRLp2YPKSVY5Fr0D_NKgQ0Tn9OZ1hri0TPfrfHKf8J0DWl9n1x2sj6_P7oSlHgXVzjAFdVc=w563-h375-no\" width=\"563\" height=\"375\" alt=\"Sano Belediye Ba\u015fkan\u0131&#039;n\u0131n konu\u015fmas\u0131\" class=\"size-medium\" \/><\/a><figcaption class=\"wp-caption-text\">Sano Belediye Ba\u015fkan\u0131&#039;n\u0131n konu\u015fmas\u0131<\/figcaption><\/figure>\n<h3>Memleket Vergisi<\/h3>\n<p>Bu y\u0131lki yerel vergi ba\u011f\u0131\u015flar\u0131 40.500 ba\u011f\u0131\u015fla toplam 550 milyon yen&#039;e ula\u015ft\u0131. \u00dclkenin her yerinden \u00e7ok say\u0131da yerel vergi ba\u011f\u0131\u015f\u0131 al\u0131yoruz. Bizi en mutlu eden \u015fey, &quot;Hokuryu Kasabas\u0131&#039;n\u0131n ay\u00e7i\u00e7e\u011fi pirinci \u00e7ok lezzetli! Bir kez denedi\u011finizde, vazge\u00e7emeyeceksiniz!&quot; gibi kartpostallarda ve e-postalarda ald\u0131\u011f\u0131m\u0131z bir\u00e7ok g\u00fczel s\u00f6z.<\/p>\n<p>Ge\u00e7ti\u011fimiz y\u0131l y\u00fcr\u00fcrl\u00fc\u011fe giren yeni memleket vergisi sistemi kapsam\u0131nda, iade ba\u011f\u0131\u015f oran\u0131n\u0131n veya daha az olmas\u0131 yasal hale getirildi. \u0130ade ba\u011f\u0131\u015f oran\u0131 &#039;den &#039;a d\u00fc\u015f\u00fcr\u00fclm\u00fc\u015f olsa da, her zamankinden daha fazla insandan daha fazla destek al\u0131yoruz.<\/p>\n<p>Bunun her \u015feyden \u00f6nce Hokuryu Kasabas\u0131&#039;ndaki \u00fcreticilerin, y\u0131llard\u0131r g\u00fcvenli, g\u00fcvenilir ve lezzetli pirin\u00e7 \u00fcretme \u00e7abalar\u0131 sayesinde ger\u00e7ekle\u015fti\u011fine inan\u0131yorum.<\/p>\n<h3>5.000 g\u00fcnde s\u0131f\u0131r trafik kazas\u0131<\/h3>\n<p>Bug\u00fcn itibariyle 4.717 g\u00fcnd\u00fcr s\u0131f\u0131r trafik kazas\u0131 ya\u015fad\u0131k. Hedefimiz gelecek y\u0131l\u0131n 9 Ocak&#039;\u0131nda 5.000 g\u00fcne ula\u015fmak. O g\u00fcn\u00fc herkesle birlikte kar\u015f\u0131lamay\u0131 d\u00f6rt g\u00f6zle bekliyoruz. Ayr\u0131ca t\u00fcm personelden yol g\u00fcvenli\u011fini te\u015fvik etme \u00e7abalar\u0131n\u0131 s\u00fcrd\u00fcrmelerini rica ediyoruz. \u015eimdiden te\u015fekk\u00fcr ederiz.<\/p>\n<figure class=\"wp-caption aligncenter\"><a href=\"https:\/\/photos.google.com\/share\/AF1QipOv2wCDGcB_w-mHUuJ9IOu4lCqsQgoHyQ5mRyAkuiiSZL0EIwNTmOxaWrULSn-sNw\/photo\/AF1QipME_hBlSUDw9sWWUPM68VpuDG8TUMa7pm5gzBI?key=MnBLZ25NMGhRUl9BRzdqR2xiSXJfaDU5cjF5cld3\"><img decoding=\"async\" src=\"https:\/\/lh3.googleusercontent.com\/aSK29hCZGtQ7EBVDQnmUNCkoxhTgFTkiBMPeMrxDV5OIxocbV6NNmb7MBFVJtfKe0qCOhFUWbsQA4eTrZ92RJhKdnsa6UKqCa7F4P5nuYc4NpMxN3L_EG_HG8BY4gXfynvWCapcqJtMM8mBvzhyE-qK1O0EZjh2-a8WZWl8qRSh5eKsw_YQRdS1TWfRAO-bBGgbccgc6aAJsBu7h3J5ZX9SS1tzTrK9gWwrMDywP_jsXIoNRTixcICQQEcRffy-EAlssqAAEFqTOQCqHspL4uNfXS30fbKJoskBRSp2vtZuw2oa6m-Hebb6kqhx34hSWHSHX_wt_lz71Y_sV0ElIIDQieT6hVHa8pkDJjXbNIdTERY_O9SQHIhFTkF5DZB4uJ6-SBYfXfX4Lz5MART17i3EZBJGa0TIBD_Wyk2UVB69neJ72h42xAwtLh0rFyJETYsW13tfdlgPo_1RSUyivOjmezG56ppmDYht9X5l2VcBw16uqWCr8Gx0BpkB25xcWJba68VSNFEGO2NahhDNrdMvKqInOGBp4VeMMUsn2UDxrGrBeH1PbGINSkhxXfQhUAW98OvwnpCPl7xij5vOhBNhC8nFpPd_qW07a7ozkNZ2DZKN4rFDySTjKpmyWL37MTM1Ljf2RT8PotZ35Sm6NGUOcHhhnsPuD7bVS9pDzqGdXE3k9BDAptAv-71e-tjW0mSfwCr47AgEryng7wG_ubx7Ipd3-zs5dX92EitN-tRfA2ciXJ6G1LoU=w2000-h1332-no\" width=\"1998\" height=\"1332\" alt=\"Ruhsal a\u00e7\u0131dan zengin ve parlak bir kasaba yaratmak i\u00e7in elimizden geleni yapal\u0131m!!!\" class=\"size-medium\" \/><\/a><figcaption class=\"wp-caption-text\">Ruhsal a\u00e7\u0131dan zengin ve parlak bir kasaba yaratmak i\u00e7in elimizden geleni yapal\u0131m!!!<\/figcaption><\/figure>\n<h3>COVID-19<\/h3>\n<p>Yeni koronavir\u00fcsle ilgili olarak, enfeksiyon d\u00fcnya \u00e7ap\u0131nda yay\u0131lmaya devam ediyor. Tokyo Olimpiyatlar\u0131 ve Paralimpik Oyunlar\u0131 gelecek y\u0131la ertelendi. Vir\u00fcs\u00fcn yay\u0131lmas\u0131 insanlar\u0131n ve mallar\u0131n s\u0131n\u0131rlar\u0131 ge\u00e7mesini engelledi ve durumun ne kadar ciddile\u015fti\u011fine tan\u0131k oluyoruz. \u0130nsanlar seyahat edemiyor, i\u015f seyahatlerine \u00e7\u0131kam\u0131yor, evden uzakta \u00e7al\u0131\u015fam\u0131yor veya yurtd\u0131\u015f\u0131nda e\u011fitim g\u00f6remiyor. Yabanc\u0131 \u00fcr\u00fcnlerin sipari\u015f edildi\u011finde gelmedi\u011fi, par\u00e7alar\u0131n tedarik edilemedi\u011fi ve kalifiye personel bulman\u0131n zor oldu\u011fu bir durumday\u0131z. Ne t\u00fcr bir d\u00f6neme girdi\u011fimiz konusunda \u00e7ok endi\u015feliyiz, ancak bunun m\u00fcmk\u00fcn olan en k\u0131sa s\u00fcrede sona ermesini umuyoruz.<\/p>\n<h3>Ruhsal a\u00e7\u0131dan zengin ve parlak bir kasaba yaratmak<\/h3>\n<p>Hokuryu Kasabas\u0131 \u015fu anda vatanda\u015flar\u0131n\u0131n hayatlar\u0131n\u0131 ve sa\u011fl\u0131klar\u0131n\u0131 koruyan bir ay\u00e7i\u00e7e\u011fi kasabas\u0131 olarak \u00fclkenin her yerinden ilgi g\u00f6r\u00fcyor. N\u00fcfusu az olsa da, orada ya\u015fayan insanlar\u0131n canl\u0131l\u0131k dolu, ruhen zengin ve \u0131\u015f\u0131ldayan oldu\u011fu bir kasaba geli\u015ftirmek gerekiyor. Bunu ba\u015farmak i\u00e7in, kasabay\u0131 geli\u015ftirmek i\u00e7in t\u00fcm personelimle \u00e7al\u0131\u015fmak istiyorum.<\/p>\n<h3>Kasaba halk\u0131n\u0131n mutlulu\u011funu \u00f6n planda tutuyoruz<\/h3>\n<p>&quot;Bu yeni bir mali y\u0131l\u0131n ve belediye ba\u015fkan\u0131 olarak \u00fc\u00e7\u00fcnc\u00fc d\u00f6nemimin ba\u015flang\u0131c\u0131. Kasaba halk\u0131n\u0131n mutlulu\u011funu bir numaral\u0131 \u00f6nceli\u011fim olarak g\u00f6rerek kasabay\u0131 y\u00f6netmeye devam edece\u011fim. Ayr\u0131ca t\u00fcm personelden sa\u011fl\u0131klar\u0131na iyi bakmalar\u0131n\u0131, i\u015f yerinde ki\u015fileraras\u0131 ili\u015fkilere de\u011fer vermelerini ve bir olarak birlikte \u00e7al\u0131\u015fmalar\u0131n\u0131 rica ediyorum. Hepinizle \u00e7al\u0131\u015fmay\u0131 d\u00f6rt g\u00f6zle bekliyorum,&quot; dedi Belediye Ba\u015fkan\u0131 Sano g\u00fc\u00e7l\u00fc bir sesle.<\/p>\n<figure class=\"wp-caption aligncenter\"><a href=\"https:\/\/photos.google.com\/share\/AF1QipPJHjgKuZ4mcIVhLcOqD8HjMVaWC6u9uwnS5zyc9gdMvbQM1IR8TST1xcrPUPZi6g\/photo\/AF1QipNjg0DlIa3JwOpbw1oXThqdfJbYMaqCeUNClj0?key=XzFBSzJaalFuWkFrNk55TVdjSU9QTTRYZW1adi13\"><img decoding=\"async\" src=\"https:\/\/lh3.googleusercontent.com\/m6Ka3rNJL94CRpYTDwJbTN4v8-_BTR6Vw78klM6IZZh9JyUlQFYag8bN2XsSKy0-K4IsaAK5VfWPEVktWyOyVyWHLTeTTr_N_TWgbo3CDl1cGxQvBhy1SeqgDumBFG2W0MdSakGDQTPG9zfqf9oCqGIbfPDx7KCu6OAUAsc2mOyd5oiQaNwnvRjKCFLBCq4Paebof6uT8x9YkJPAp2J7gR7tPheUBqdXp_wvr7jGRxxj0fZcWBV62y-JbhRO7m8IH16e6mA6o6Bllwtf3KFODiytdULJuyPQZUNJB8y6cxhgEDrfBIIo-sgVxCH-cwvjFHngnY9qjR1eGLMqazUgko1zhH85MDKcOUBXTBExkBChU0rVUCRbG1NmBiQcnMIjz-LL0oS8jHqByxT7hwFWagdfk-EOjffsNkgQMVUDYD_YDgsbeR1FUy-nlI6I07IHScKAkPACsH9Luxw2RN1ur35JOo7JoMIUnr388LMBhotpxovNMrVaE1Gd89emVHqXrlyi0E6HUkMCpKptPwV9j37WI-Wlu7IEGPzTmTVb_KkzP2F0l7GflnLu8_tGnrx_7xuWmTUd_skltvtY1dXWNV1N8y_H_GPR9KLB2Ptig4q0_mSC3Mi8VTg5ZOGhb-JV1nq4j9rcn0F55Xm6BUQ3cxojIqCiUAyDwkPcAW5kVS9rOd-lD6xE8KzQcejNSR9FK-wkTSTxm8KKPX6r4_dU-Q16RTxuqhSrbuaEMJ3BsR1vexrlaQ=w2000-h1332-no\" width=\"1998\" height=\"1332\" alt=\"Hokuryu Kasabas\u0131: Vatanda\u015flar\u0131n\u0131n hayatlar\u0131n\u0131 ve sa\u011fl\u0131klar\u0131n\u0131 koruyan ay\u00e7i\u00e7e\u011fi kasabas\u0131\" class=\"size-medium\" \/><\/a><figcaption class=\"wp-caption-text\">Hokuryu Kasabas\u0131: Vatanda\u015flar\u0131n\u0131n hayatlar\u0131n\u0131 ve sa\u011fl\u0131klar\u0131n\u0131 koruyan ay\u00e7i\u00e7e\u011fi kasabas\u0131<\/figcaption><\/figure>\n<p>Reiwa 2&#039;nin yeni mali y\u0131l\u0131na ba\u015flarken, Hokuryu kasabas\u0131n\u0131n tamam\u0131 s\u0131n\u0131rs\u0131z sevgi, \u015f\u00fckran ve dua ile canl\u0131l\u0131k dolu, ruhu zengin ve ne\u015feyle parlayan bir kasaba yaratmak i\u00e7in birlikte \u00e7al\u0131\u015fmaya geliyor.<\/p>\n<p>\u25c7 \u00c7ekim ve kurgu: Noboru Terauchi R\u00f6portaj ve metin: Ikuko Terauchi<\/p>","protected":false},"excerpt":{"rendered":"<p>\uff12\uff10\uff12\uff10\u5e74\uff14\u6708\uff12\u65e5\uff08\u6728\uff09 \uff14\u6708\uff11\u65e5\uff08\u6c34\uff09\u4ee4\u548c\u4e8c\u5e74\u5ea6\u59cb\u3081\u306b\u3042\u305f\u308a\u3001\u5317\u7adc\u753a\u8b70\u5834\u306b\u3066\u3001\u8077\u54e1\u6c38\u5e74\u52e4\u7d9a\uff13\uff10\u5e74\u30fb\uff12\uff10\u5e74\u8868\u5f70\u3001\u8f9e\u4ee4\u4ea4\u4ed8\u3001\u305d\u3057\u3066\u753a\u9577\u8a13\u793a\u304c\u884c\u308f\u308c\u307e\u3057\u305f\u3002 \u4f50\u91ce\u8c4a\u753a\u9577\u306e\u8a13\u793a \u300c\u79c1\u9054\u753a\u8077\u54e1\u306b\u3068\u308a\u307e\u3057\u3066\u3001\u4eca [&hellip;]<\/p>\n","protected":false},"author":1,"featured_media":1877,"comment_status":"open","ping_status":"open","sticky":false,"template":"","format":"standard","meta":{"footnotes":""},"categories":[4],"tags":[],"class_list":["post-1838","post","type-post","status-publish","format-standard","has-post-thumbnail","hentry","category-cover-story"],"_links":{"self":[{"href":"https:\/\/portal.hokuryu.info\/tr\/wp-json\/wp\/v2\/posts\/1838","targetHints":{"allow":["GET"]}}],"collection":[{"href":"https:\/\/portal.hokuryu.info\/tr\/wp-json\/wp\/v2\/posts"}],"about":[{"href":"https:\/\/portal.hokuryu.info\/tr\/wp-json\/wp\/v2\/types\/post"}],"author":[{"embeddable":true,"href":"https:\/\/portal.hokuryu.info\/tr\/wp-json\/wp\/v2\/users\/1"}],"replies":[{"embeddable":true,"href":"https:\/\/portal.hokuryu.info\/tr\/wp-json\/wp\/v2\/comments?post=1838"}],"version-history":[{"count":0,"href":"https:\/\/portal.hokuryu.info\/tr\/wp-json\/wp\/v2\/posts\/1838\/revisions"}],"wp:featuredmedia":[{"embeddable":true,"href":"https:\/\/portal.hokuryu.info\/tr\/wp-json\/wp\/v2\/media\/1877"}],"wp:attachment":[{"href":"https:\/\/portal.hokuryu.info\/tr\/wp-json\/wp\/v2\/media?parent=1838"}],"wp:term":[{"taxonomy":"category","embeddable":true,"href":"https:\/\/portal.hokuryu.info\/tr\/wp-json\/wp\/v2\/categories?post=1838"},{"taxonomy":"post_tag","embeddable":true,"href":"https:\/\/portal.hokuryu.info\/tr\/wp-json\/wp\/v2\/tags?post=1838"}],"curies":[{"name":"wp","href":"https:\/\/api.w.org\/{rel}","templated":true}]}}