{"id":18320,"date":"2022-05-16T06:39:10","date_gmt":"2022-05-15T21:39:10","guid":{"rendered":"https:\/\/portal.hokuryu.info\/?p=18320"},"modified":"2026-03-19T17:27:58","modified_gmt":"2026-03-19T08:27:58","slug":"konpira-parktaki-kiraz-cicekleri","status":"publish","type":"post","link":"https:\/\/portal.hokuryu.info\/tr\/18320\/","title":{"rendered":"Konpira Park&#039;taki kiraz \u00e7i\u00e7ekleri"},"content":{"rendered":"<p>Pazartesi, 16 May\u0131s 2022<\/p>\n<p>\u015eehrin her yerinde zarif kiraz \u00e7i\u00e7ekleri a\u00e7m\u0131\u015f durumda.<br \/>\nHafif serin esen r\u00fczgar ve kiraz \u00e7i\u00e7eklerinin yumu\u015fak d\u00fc\u015f\u00fc\u015f\u00fcyle i\u00e7 \u0131s\u0131tan bir manzara.<\/p>\n<figure class=\"wp-caption aligncenter\"><a href=\"https:\/\/photos.google.com\/share\/AF1QipM8V0pW6whwL9IAFtjT8ECXYSAobEgt1foWA0aRKW8DKDDbdio-tJCbsK6PwdqRlA\/photo\/AF1QipNLJrRBXukOJcfvsZVyIZDkN9yQrlPwojHFRfQ?key=OG91bThhLWdzN3cwSDF5ZldOSGtjNEVQb3FBcXd3\" target=\"_blank\" rel=\"noopener\"><img decoding=\"async\" src=\"https:\/\/lh3.googleusercontent.com\/pw\/AM-JKLWJyzq6VwP0ZnRayoa9bRgpU5hxyVv5hm7CadlWTIHB60fkoEDwMzjB2mujlS1TOPldIZOUv7ZBdkG6jxLTrZE7YTn2_YuGBSceURjV0pufJAOjHxbe8940Uk9o07oho90XdlXX-PdKBXLqkKfSOTAv=w2000-h1500-no?authuser=0\" width=\"2000\" height=\"1500\" alt=\"Konpira Park&#039;taki kiraz \u00e7i\u00e7ekleri\" class=\"size-full\" \/><\/a><figcaption class=\"wp-caption-text\">Konpira Park&#039;taki kiraz \u00e7i\u00e7ekleri<\/figcaption><\/figure>\n<figure class=\"wp-caption aligncenter\"><a href=\"https:\/\/photos.google.com\/share\/AF1QipM8V0pW6whwL9IAFtjT8ECXYSAobEgt1foWA0aRKW8DKDDbdio-tJCbsK6PwdqRlA\/photo\/AF1QipPCVHVovgqJN87ygO8_GTg22mAU1akeoPlvOQE?key=OG91bThhLWdzN3cwSDF5ZldOSGtjNEVQb3FBcXd3\" target=\"_blank\" rel=\"noopener\"><img decoding=\"async\" src=\"https:\/\/lh3.googleusercontent.com\/pw\/AM-JKLW5kEHyxdHMY_bNHFtQBlALKHbJzQHgOZYtRCTVxeSg47RIicuRX77QR5xtvQNjO1qpgEOWG6g14WRAUhzrhEZgMMb33dXrEyLqhZFMpP_bQ7DGf09eqJvyZQZFeOU-wIt1CQ0o0ddWzdwSb0netXS5=w2000-h1500-no?authuser=0\" width=\"2000\" height=\"1500\" alt=\"Mavi g\u00f6ky\u00fcz\u00fcne kar\u015f\u0131...\" class=\"size-full\" \/><\/a><figcaption class=\"wp-caption-text\">Mavi g\u00f6ky\u00fcz\u00fcne kar\u015f\u0131...<\/figcaption><\/figure>\n<figure class=\"wp-caption aligncenter\"><a href=\"https:\/\/photos.google.com\/share\/AF1QipM8V0pW6whwL9IAFtjT8ECXYSAobEgt1foWA0aRKW8DKDDbdio-tJCbsK6PwdqRlA\/photo\/AF1QipNYGFLhlr5Sz4UaNJESCxG2X0D8OdLBiNQN17E?key=OG91bThhLWdzN3cwSDF5ZldOSGtjNEVQb3FBcXd3\" target=\"_blank\" rel=\"noopener\"><img decoding=\"async\" src=\"https:\/\/lh3.googleusercontent.com\/pw\/AM-JKLW2w2FxB1tcL4q2nho8qw0QAds_0U_YKclFPmPBpHaMeguoQlTy_g3nJ6icHxTxu_47Ku3QXdx6yL2pBKORjvIk-rv1t9nsRDpSmGK5UNUsawtDMR4w8JjyTXDnjHPkaXybYmzb-GfzPhEglkwnvFld=w2000-h1500-no?authuser=0\" width=\"2000\" height=\"1500\" alt=\"Yumu\u015fak ve zarif bir \u015fekilde \u00e7i\u00e7ek a\u00e7ar.\" class=\"size-full\" \/><\/a><figcaption class=\"wp-caption-text\">Yumu\u015fak ve zarif bir \u015fekilde \u00e7i\u00e7ek a\u00e7ar.<br \/><\/figcaption><\/figure>\n<figure class=\"wp-caption aligncenter\"><a href=\"https:\/\/photos.google.com\/share\/AF1QipM8V0pW6whwL9IAFtjT8ECXYSAobEgt1foWA0aRKW8DKDDbdio-tJCbsK6PwdqRlA\/photo\/AF1QipOvRAiKh70_OFNnC0ASgklbVOWB3n9Tt2Nd-Yw?key=OG91bThhLWdzN3cwSDF5ZldOSGtjNEVQb3FBcXd3\" target=\"_blank\" rel=\"noopener\"><img decoding=\"async\" src=\"https:\/\/lh3.googleusercontent.com\/pw\/AM-JKLUiiLLX86vcvRmE_nNVxhGt4gO-Yk9Svfo7us_RbAXH1eAj6DhTRNhUsJOtZgrZ0qoPQTpv55YFar8ZDSR7HBoMj-8xly2_G-6-ouKmekrWhWfSrpVH5rbSbWulypDZpY1DjTDd7Yq8zSdqShXtNQpw=w2000-h1500-no?authuser=0\" width=\"2000\" height=\"1500\" alt=\"G\u00fcne\u015fin tad\u0131n\u0131 \u00e7\u0131karmak...\" class=\"size-full\" \/><\/a><figcaption class=\"wp-caption-text\">G\u00fcne\u015fin tad\u0131n\u0131 \u00e7\u0131karmak...<\/figcaption><\/figure>\n<p>\u25c7 noboru ve ikuko<\/p>","protected":false},"excerpt":{"rendered":"<p>16 May\u0131s 2022 Pazartesi \u015eehrin her yerinde saf kiraz \u00e7i\u00e7ekleri t\u00fcm ihti\u015fam\u0131yla a\u00e7\u0131yor. . . Hafif serin esen r\u00fczgar ve kiraz \u00e7i\u00e7eklerinin yumu\u015fak d\u00fc\u015f\u00fc\u015f\u00fcyle i\u00e7 \u0131s\u0131tan bir manzara. \u25c7 noboru ve ikuko<\/p>","protected":false},"author":1,"featured_media":18321,"comment_status":"open","ping_status":"open","sticky":false,"template":"","format":"standard","meta":{"footnotes":""},"categories":[119],"tags":[],"class_list":["post-18320","post","type-post","status-publish","format-standard","has-post-thumbnail","hentry","category-scene"],"_links":{"self":[{"href":"https:\/\/portal.hokuryu.info\/tr\/wp-json\/wp\/v2\/posts\/18320","targetHints":{"allow":["GET"]}}],"collection":[{"href":"https:\/\/portal.hokuryu.info\/tr\/wp-json\/wp\/v2\/posts"}],"about":[{"href":"https:\/\/portal.hokuryu.info\/tr\/wp-json\/wp\/v2\/types\/post"}],"author":[{"embeddable":true,"href":"https:\/\/portal.hokuryu.info\/tr\/wp-json\/wp\/v2\/users\/1"}],"replies":[{"embeddable":true,"href":"https:\/\/portal.hokuryu.info\/tr\/wp-json\/wp\/v2\/comments?post=18320"}],"version-history":[{"count":1,"href":"https:\/\/portal.hokuryu.info\/tr\/wp-json\/wp\/v2\/posts\/18320\/revisions"}],"predecessor-version":[{"id":71258,"href":"https:\/\/portal.hokuryu.info\/tr\/wp-json\/wp\/v2\/posts\/18320\/revisions\/71258"}],"wp:featuredmedia":[{"embeddable":true,"href":"https:\/\/portal.hokuryu.info\/tr\/wp-json\/wp\/v2\/media\/18321"}],"wp:attachment":[{"href":"https:\/\/portal.hokuryu.info\/tr\/wp-json\/wp\/v2\/media?parent=18320"}],"wp:term":[{"taxonomy":"category","embeddable":true,"href":"https:\/\/portal.hokuryu.info\/tr\/wp-json\/wp\/v2\/categories?post=18320"},{"taxonomy":"post_tag","embeddable":true,"href":"https:\/\/portal.hokuryu.info\/tr\/wp-json\/wp\/v2\/tags?post=18320"}],"curies":[{"name":"wp","href":"https:\/\/api.w.org\/{rel}","templated":true}]}}