{"id":17454,"date":"2022-04-04T06:47:25","date_gmt":"2022-04-03T21:47:25","guid":{"rendered":"https:\/\/portal.hokuryu.info\/?p=17454"},"modified":"2022-04-04T09:24:22","modified_gmt":"2022-04-04T00:24:22","slug":"toshiaki-fujiinin-matsumae-domain-residenceta-matsumae-kasabasi-yaptigi-fener","status":"publish","type":"post","link":"https:\/\/portal.hokuryu.info\/tr\/17454\/","title":{"rendered":"Toshiaki Fujii&#039;nin &quot;Fener&quot;i, Matsumae Domain Residence&#039;daki (Matsumae Kasabas\u0131) feneri model alarak s\u0131f\u0131rdan el yap\u0131m\u0131 olarak yap\u0131lm\u0131\u015ft\u0131r"},"content":{"rendered":"<p>Per\u015fembe, 31 Mart 2022<\/p>\n<p>Hokuryu Kasabas\u0131 sakinlerinden Toshiaki Fujii (71 ya\u015f\u0131nda), Mart ay\u0131 sonlar\u0131nda kendi elleriyle b\u00fcy\u00fck bir ah\u015fap fener yaparak bah\u00e7esine yerle\u015ftirdi.<\/p>\n<h2>Toshiaki Fujii ve fenerler<\/h2>\n<figure class=\"wp-caption aligncenter\"><a href=\"https:\/\/photos.google.com\/share\/AF1QipOePBOExzhe5zNmxD1iIMyNMqw05B-WktsYQ063Sr-giEAl1tw8YMudOv6mbE2W1A\/photo\/AF1QipPF4IxVtFVyVpni7lEgeQLf7jMJLNN04N0Z5fc?key=dWwyMHJKSlo1V0VUQWdnbjhabGVfeVc5amFfRVV3\" target=\"_blank\" rel=\"noopener\"><img decoding=\"async\" src=\"https:\/\/lh3.googleusercontent.com\/pw\/AM-JKLVDGBZlUBeADRMjZS-aWx9LUfOFOJF1eWIddE-Ok88TUimOizz67OgI8obXFTgZLO5zuZexNR83dJVtSERHskYHQAwOwxMGwx5uIRZiFp6PUciNmsnFPbgz8VXw0o_E6Bdk00AC1Lwr2-66Ob946DV1=w2000-h1333-no?authuser=0\" width=\"2000\" height=\"1333\" alt=\"Toshiaki Fujii (71 ya\u015f\u0131nda)\" class=\"size-full\" \/><\/a><figcaption class=\"wp-caption-text\">Toshiaki Fujii (71 ya\u015f\u0131nda)<\/figcaption><\/figure>\n<h3>B\u00fcy\u00fck fener<\/h3>\n<p>Fener yakla\u015f\u0131k 1,8 metre boyunda b\u00fcy\u00fck bir ah\u015fap fenerdir.<\/p>\n<figure class=\"wp-caption aligncenter\"><a href=\"https:\/\/photos.google.com\/share\/AF1QipOePBOExzhe5zNmxD1iIMyNMqw05B-WktsYQ063Sr-giEAl1tw8YMudOv6mbE2W1A\/photo\/AF1QipMM3aCahYMKbZzrVU4oSeBPISfVuHDusdYKwo4?key=dWwyMHJKSlo1V0VUQWdnbjhabGVfeVc5amFfRVV3\" target=\"_blank\" rel=\"noopener\"><img decoding=\"async\" src=\"https:\/\/lh3.googleusercontent.com\/pw\/AM-JKLU8ZgBs3O63_JrqmyQdgqCfnSzzW2l6Yy7_M22U7CxbDrNmNz7346QwoF9arOCb2ouu9N8NweVAJas_j3ADWPUR08wE1t6WXcQg9B89vER8hKxD7uMgsxHhdgl5pcEqJHFEj9PtebE7cSxnBXp38jLK=w2000-h1333-no?authuser=0\" width=\"2000\" height=\"1333\" alt=\"Toshiaki Fujii taraf\u0131ndan el yap\u0131m\u0131 ah\u015fap fenerler\" class=\"size-full\" \/><\/a><figcaption class=\"wp-caption-text\">Toshiaki Fujii taraf\u0131ndan el yap\u0131m\u0131 ah\u015fap fenerler<\/figcaption><\/figure>\n<h3>Bay Fujii a\u011fa\u00e7lar\u0131 ve a\u011fa\u00e7 i\u015f\u00e7ili\u011fini seviyor<\/h3>\n<p>Bay Fujii a\u011fa\u00e7lar\u0131 \u00e7ok seviyor ve bah\u00e7e i\u00e7in a\u011fa\u00e7 se\u00e7imine d\u00fczenli olarak kat\u0131l\u0131yor. Bak\u0131ml\u0131 bah\u00e7e, \u00e7ok say\u0131da g\u00fczel a\u011fa\u00e7la dolu olup, sahibinin kendi yapt\u0131\u011f\u0131 &quot;davul k\u00f6pr\u00fcs\u00fc&quot; ve &quot;su \u00e7ark\u0131&quot; gibi ah\u015fap eserlere ev sahipli\u011fi yap\u0131yor.<\/p>\n<figure class=\"wp-caption aligncenter\"><a href=\"https:\/\/photos.google.com\/share\/AF1QipOePBOExzhe5zNmxD1iIMyNMqw05B-WktsYQ063Sr-giEAl1tw8YMudOv6mbE2W1A\/photo\/AF1QipMinpnGmHklw-4hqUWr9JxzOvzw77DhfkuIwgY?key=dWwyMHJKSlo1V0VUQWdnbjhabGVfeVc5amFfRVV3\" target=\"_blank\" rel=\"noopener\"><img decoding=\"async\" src=\"https:\/\/lh3.googleusercontent.com\/pw\/AM-JKLX2_n84gg8uShs1s5k4kKneKqViWjvK0sBwF55y-Qy-FO9o8qDVXfcDRo36fFMMUtX34uAkj4IXfdYRQ4hyKtdZzBV7JB8WfQd4_Ysk07uGcY_tMUj4PJrfA-IJ-KOqNnR9YmFBKtfscCGxpNZJ6dyq=w2000-h1333-no?authuser=0\" width=\"2000\" height=\"1333\" alt=\"Toshiaki Fujii (25 Ocak 2022&#039;de ziyaret edildi)\" class=\"size-full\" \/><\/a><figcaption class=\"wp-caption-text\">Toshiaki Fujii (25 Ocak 2022&#039;de ziyaret edildi)<\/figcaption><\/figure>\n<h2>Fener yap\u0131m\u0131<\/h2>\n<h3>Matsumae klan\u0131n\u0131n ikametgah\u0131ndaki fenerlerin b\u00fcy\u00fcs\u00fcne kap\u0131l\u0131n<\/h3>\n<p>Ayr\u0131ca Fujii, \u00e7ocuklu\u011fundan beri el sanatlar\u0131na merakl\u0131 oldu\u011funu ve uzun zamand\u0131r fenerlere ilgi duydu\u011funu s\u00f6yledi. \u0130nternette \u00e7e\u015fitli fenerler ararken akl\u0131mdaki m\u00fckemmel fenerin foto\u011fraf\u0131na rastlad\u0131m. Yap\u0131lan incelemede, resmin Matsumae klan\u0131n\u0131n ikametgah\u0131na ait bir fener oldu\u011fu ortaya \u00e7\u0131kt\u0131. Yarat\u0131c\u0131l\u0131\u011f\u0131m\u0131 ate\u015fledi.<\/p>\n<p>Ben de aileme &quot;Ger\u00e7ek olan\u0131 g\u00f6rmeyi \u00e7ok isterim!&quot; dedim. ve Matsumae&#039;deki Matsumae klan\u0131n\u0131n ikametgah\u0131n\u0131 ziyaret ettik. Olay\u0131n asl\u0131na iyice bakt\u0131m.<\/p>\n<div class=\"img-move\">\n<figure class=\"wp-caption aligncenter\"><a href=\"https:\/\/fineestate-hakodate.co.jp\/contents\/1484#id-e716f2a02ce73c170e005abb7fe5cb50b818fb46\" target=\"_blank\" rel=\"noopener\"><img decoding=\"async\" src=\"https:\/\/portal.hokuryu.info\/wp\/wp-content\/uploads\/2022\/04\/z6dmthodzn.jpg\" width=\"2000\" height=\"1333\" alt=\"Matsumae Domain Kona\u011f\u0131, Ana Kap\u0131 (G\u00f6rsel kayna\u011f\u0131: Fine Estate Co., Ltd. web sitesi)\" class=\"size-full\" \/><figcaption class=\"wp-caption-text\">Matsumae Domain Kona\u011f\u0131, Ana Kap\u0131 (G\u00f6rsel kayna\u011f\u0131: Fine Estate Co., Ltd. web sitesi)<\/a><\/figcaption><\/figure>\n<figure class=\"wp-caption aligncenter\"><a href=\"https:\/\/fineestate-hakodate.co.jp\/contents\/1484#id-3a0a25cb710cda79a575dd2925f02110ac366490\" target=\"_blank\" rel=\"noopener\"><img decoding=\"async\" src=\"https:\/\/portal.hokuryu.info\/wp\/wp-content\/uploads\/2022\/04\/aattnoi14m.jpg\" width=\"2000\" height=\"1333\" alt=\"Matsumae Domain Residence - Y\u00fczen Ortanca (G\u00f6rsel kayna\u011f\u0131: Fine Estate Co., Ltd. web sitesi)\" class=\"size-full\" \/><figcaption class=\"wp-caption-text\">Matsumae Domain Residence - Y\u00fczen Ortanca (G\u00f6rsel kayna\u011f\u0131: Fine Estate Co., Ltd. web sitesi)<\/a><\/figcaption><\/figure><\/div>\n<h3>Da\u011flardan kesilen a\u011fa\u00e7lar\u0131n planlar\u0131n\u0131n \u00e7izilmesi ve kullan\u0131lmas\u0131<\/h3>\n<p>Fenerler, foto\u011fraf ve \u00f6l\u00e7\u00fcmler kullan\u0131larak s\u0131f\u0131rdan tasarland\u0131. Kullan\u0131lan odunlar, sat\u0131n al\u0131nan odunlar\u0131n ve sahibinin da\u011flardan motorlu testereyle kesti\u011fi odunlar\u0131n kar\u0131\u015f\u0131m\u0131d\u0131r.<\/p>\n<p>Milimetrik olarak kesmeme ra\u011fmen istedi\u011fim \u00f6l\u00e7\u00fcy\u00fc elde edemedim, bu y\u00fczden deneme yan\u0131lma yoluyla bir yol izledim. \u00dcretime ge\u00e7en y\u0131l\u0131n (2021) Kas\u0131m ay\u0131 sonunda ba\u015flanm\u0131\u015f ve yakla\u015f\u0131k \u00fc\u00e7 ayda tamamlanm\u0131\u015ft\u0131r.<\/p>\n<p>&quot;G\u00fcnde yakla\u015f\u0131k alt\u0131 saat \u00e7al\u0131\u015ft\u0131m ve onu geli\u015ftirmek i\u00e7in \u00e7ok zaman harcad\u0131m.<br \/>\nFujii-san g\u00fcl\u00fcmseyerek, &quot;Ya\u011fmur bar\u0131na\u011f\u0131n\u0131n yap\u0131s\u0131 d\u00fcz olmayan kavisli k\u0131s\u0131mlara sahip oldu\u011fundan, ah\u015fab\u0131n kavisli y\u00fczeylerini t\u0131ra\u015flamak i\u00e7in bir &#039;ters d\u00fczleme&#039; aramak zorunda kald\u0131k ve bunu Hokkaido d\u0131\u015f\u0131ndan sipari\u015f ettik&quot; dedi.<\/p>\n<h3>Kar ya\u011f\u0131\u015f\u0131 s\u0131ras\u0131nda bile ah\u0131rda \u00fcretim<\/h3>\n<figure class=\"wp-caption aligncenter\"><a href=\"https:\/\/photos.google.com\/share\/AF1QipOePBOExzhe5zNmxD1iIMyNMqw05B-WktsYQ063Sr-giEAl1tw8YMudOv6mbE2W1A\/photo\/AF1QipOPwP_v-h9r6huOsKYO-4nwra_yaGrX59GUPz0?key=dWwyMHJKSlo1V0VUQWdnbjhabGVfeVc5amFfRVV3\" target=\"_blank\" rel=\"noopener\"><img decoding=\"async\" src=\"https:\/\/lh3.googleusercontent.com\/pw\/AM-JKLX3LLltY74XZRVFPhll5LI8vzclzN0R5OM6LItg0Y6AWHJzYbsyichDtO_LFlhglJ_YsG0iPAOl-NFbnP1qwEpKh6MY2Y6H6lLmjBy_EBhzli2Cdu10aoVI0XPaj2EPvGAms0PQHP_0wWjvgmLm1xfE=w2000-h1333-no?authuser=0\" width=\"2000\" height=\"1333\" alt=\"B\u00fcy\u00fck ah\u0131r (depo)\" class=\"size-full\" \/><\/a><figcaption class=\"wp-caption-text\">B\u00fcy\u00fck ah\u0131r (depo)<\/figcaption><\/figure>\n<figure class=\"wp-caption aligncenter\"><a href=\"https:\/\/photos.google.com\/share\/AF1QipOePBOExzhe5zNmxD1iIMyNMqw05B-WktsYQ063Sr-giEAl1tw8YMudOv6mbE2W1A\/photo\/AF1QipMEAGzlUjB9o8AtVvxxdRsVVTSVxlApKJVPgZo?key=dWwyMHJKSlo1V0VUQWdnbjhabGVfeVc5amFfRVV3\" target=\"_blank\" rel=\"noopener\"><img decoding=\"async\" src=\"https:\/\/lh3.googleusercontent.com\/pw\/AM-JKLUFWYvJBgAShCdauw9BE4AYoGs0hotXwSaFSxk8rsalNgisoNU2q-shQwYJvJIhT7hKpE1R0Pg5EYiAvr1fXTjOmryczPiM8tqDvglaZpWHtbZWkMOSxkxDOS22p0kSE7-Mw9Wqz8kxXMTR4LrWapoA=w2000-h1333-no?authuser=0\" width=\"2000\" height=\"1333\" alt=\"Ah\u0131r giri\u015fi\" class=\"size-full\" \/><\/a><figcaption class=\"wp-caption-text\">Ah\u0131r giri\u015fi<\/figcaption><\/figure>\n<h3>\u00c7ok zor bir i\u015f<\/h3>\n<figure class=\"wp-caption aligncenter\"><a href=\"https:\/\/photos.google.com\/share\/AF1QipOePBOExzhe5zNmxD1iIMyNMqw05B-WktsYQ063Sr-giEAl1tw8YMudOv6mbE2W1A\/photo\/AF1QipO3xqIcnf9VjsJVveoKmyzzMAPl8NfXIZFnLBs?key=dWwyMHJKSlo1V0VUQWdnbjhabGVfeVc5amFfRVV3\" target=\"_blank\" rel=\"noopener\"><img decoding=\"async\" src=\"https:\/\/lh3.googleusercontent.com\/pw\/AM-JKLWcbgSIFFDYeDZjIXpH7XO5MidOzqhU1ADw03bZUstiCjujkqzJusCXyILJDo0tRdO9kHIAq3S77Y8-kFlOmeGnxHH0VwtOdpc7xqhsFY53wuepoTuFK_0ui3qb-gB55grqBAY7vtQt6y3NNdNDM34k=w2000-h1500-no?authuser=0\" width=\"2000\" height=\"1500\" alt=\"Ah\u0131rda \u00fcretim\" class=\"size-full\" \/><\/a><figcaption class=\"wp-caption-text\">Ah\u0131rda \u00fcretim<\/figcaption><\/figure>\n<figure class=\"wp-caption aligncenter\"><a href=\"https:\/\/photos.google.com\/share\/AF1QipOePBOExzhe5zNmxD1iIMyNMqw05B-WktsYQ063Sr-giEAl1tw8YMudOv6mbE2W1A\/photo\/AF1QipPpoifz6UcVtJ49HigL3iuzm2kIifEfcDSx64k?key=dWwyMHJKSlo1V0VUQWdnbjhabGVfeVc5amFfRVV3\" target=\"_blank\" rel=\"noopener\"><img decoding=\"async\" src=\"https:\/\/lh3.googleusercontent.com\/pw\/AM-JKLUcFMZr7VnUZ15XnnkRdYtRxdgQJSH5ecKsTjzHUeShEox9n6mOTE0lyRdXb0arN2I5yD5cSBaeINpOQEKTq61rCGDAFHFTTAvbFv2p75cMXh417XcbCgh4t04Ztmke_qvbwjvchrbPwPtz67TrIn7o=w2000-h1500-no?authuser=0\" width=\"2000\" height=\"1500\" alt=\"Kavisli y\u00fczey zordur\" class=\"size-full\" \/><\/a><figcaption class=\"wp-caption-text\">Kavisli y\u00fczey zordur<\/figcaption><\/figure>\n<h3>Ba\u015fka bir ah\u0131r at\u00f6lyesi<\/h3>\n<figure class=\"wp-caption aligncenter\"><a href=\"https:\/\/photos.google.com\/share\/AF1QipOePBOExzhe5zNmxD1iIMyNMqw05B-WktsYQ063Sr-giEAl1tw8YMudOv6mbE2W1A\/photo\/AF1QipNco2XmfPKI64AFYWRr4W0zlTG1VWQzNp6Q-Gw?key=dWwyMHJKSlo1V0VUQWdnbjhabGVfeVc5amFfRVV3\" target=\"_blank\" rel=\"noopener\"><img decoding=\"async\" src=\"https:\/\/lh3.googleusercontent.com\/pw\/AM-JKLXcH3w4eXD-xZH5h5yjASaHcq1v4l2LCeoRl0TfXHkFyznozzKjj5hF4m2ErFErpn9pauPvch3lluapbxgGNmTx3fvMLHRXtn6wNEvvNn2mB5tp59KaNQoHvvIQzxQI04NfWIaRUWVEYB6Qb4HNQvl8=w2000-h1500-no?authuser=0\" width=\"2000\" height=\"1500\" alt=\"Ah\u0131r At\u00f6lyesi\" class=\"size-full\" \/><\/a><figcaption class=\"wp-caption-text\">Ah\u0131r At\u00f6lyesi<\/figcaption><\/figure>\n<h2>Fujii ailesinin Hokuryu Kasabas\u0131na yerle\u015ftikten sonraki nadir foto\u011fraf\u0131<\/h2>\n<p>Bay Fujii&#039;nin atalar\u0131 Gifu B\u00f6lgesi&#039;nin \u00f6nde gelen ve zengin \u00e7ift\u00e7ileriydi. G\u00f6r\u00fcn\u00fc\u015fe g\u00f6re isimlerini ve imzalar\u0131n\u0131 kullanmalar\u0131na izin verilmi\u015f. M\u00fczede ayr\u0131ca Hokuryu Kasabas\u0131&#039;n\u0131n yerle\u015fti\u011fi zamandan kalma de\u011ferli foto\u011fraflar da korunuyor.<\/p>\n<h3>Fujii ailesinin 1921&#039;deki cenaze t\u00f6reni (Taisho 10)<\/h3>\n<p>Fujii ailesinin 1921 y\u0131l\u0131nda d\u00fczenlenen cenaze t\u00f6renine Hokuryu kasabas\u0131n\u0131n b\u00fct\u00fcn ba\u015f rahipleri kat\u0131ld\u0131. Bunlar\u0131n aras\u0131nda Numata Hokuryu&#039;nun ba\u015f rahibi de vard\u0131. Yuvarlak tabutu ta\u015f\u0131yan bir &quot;koshi&quot; (tahtaver) vard\u0131 ve kad\u0131nlar beyaz yas k\u0131yafetleri giymi\u015flerdi.<\/p>\n<p>A\u015fa\u011f\u0131daki g\u00f6r\u00fcnt\u00fc, o d\u00f6nemdeki siyah beyaz g\u00f6r\u00fcnt\u00fcden &quot;renkli olarak yeniden \u00fcretilmi\u015ftir&quot;.<\/p>\n<figure class=\"wp-caption aligncenter\"><a href=\"https:\/\/photos.google.com\/share\/AF1QipOePBOExzhe5zNmxD1iIMyNMqw05B-WktsYQ063Sr-giEAl1tw8YMudOv6mbE2W1A\/photo\/AF1QipMBBfwwJhpQb4lQUZPYAI2n3SMwj4kqppAeh3o?key=dWwyMHJKSlo1V0VUQWdnbjhabGVfeVc5amFfRVV3\" target=\"_blank\" rel=\"noopener\"><img decoding=\"async\" src=\"https:\/\/lh3.googleusercontent.com\/pw\/AM-JKLVlfMmesKEub8Otk5x_po4kgh4Hs5FJO5i02HaelmJg4MTWXNNFAu06hpN5y9-rsxwCaS_PXgLt1XrKzGDNjLR1YYmTlyZdGWZ5XOkuPCAnTFUVmvNXfZDAQh9ZDU8275voAWBdE_KMaEM2KA9N6omo=w2000-h1333-no?authuser=0\" width=\"2000\" height=\"1333\" alt=\"1921&#039;de Fujii ailesinin cenaze t\u00f6reninin foto\u011fraf\u0131 (Taisho 10)\" class=\"size-full\" \/><\/a><figcaption class=\"wp-caption-text\">1921&#039;de Fujii ailesinin cenaze t\u00f6reninin foto\u011fraf\u0131 (Taisho 10)<\/figcaption><\/figure>\n<figure class=\"wp-caption aligncenter\"><a href=\"https:\/\/photos.google.com\/share\/AF1QipOePBOExzhe5zNmxD1iIMyNMqw05B-WktsYQ063Sr-giEAl1tw8YMudOv6mbE2W1A\/photo\/AF1QipOaMTaFiLWRlcqFc8KhhM0CMFjzLNpH-KZB_TU?key=dWwyMHJKSlo1V0VUQWdnbjhabGVfeVc5amFfRVV3\" target=\"_blank\" rel=\"noopener\"><img decoding=\"async\" src=\"https:\/\/lh3.googleusercontent.com\/pw\/AM-JKLV1ccYzH-bNmqDujeO-6pc2g_5OWogCxqkmpGRs3GKey71yDAj6xu16gE2QPNbOMzRpMWcQDCvCEHjJUqpNarkYH-rVzX-vBbbsqZq9ZGfNLePJpYSJblIsYxu4xwAKIrQcAjvasLVXySJkg0nqZewD=w2000-h1333-no?authuser=0\" width=\"2000\" height=\"1333\" alt=\"O zamandan kalma de\u011ferli foto\u011fraflar\" class=\"size-full\" \/><\/a><figcaption class=\"wp-caption-text\">O zamandan kalma de\u011ferli foto\u011fraflar<\/figcaption><\/figure>\n<figure class=\"wp-caption aligncenter\"><a href=\"https:\/\/photos.google.com\/share\/AF1QipOePBOExzhe5zNmxD1iIMyNMqw05B-WktsYQ063Sr-giEAl1tw8YMudOv6mbE2W1A\/photo\/AF1QipNHXxXgCnpYVrOvEphJRjGfROaqqr_3Td0VBIs?key=dWwyMHJKSlo1V0VUQWdnbjhabGVfeVc5amFfRVV3\" target=\"_blank\" rel=\"noopener\"><img decoding=\"async\" src=\"https:\/\/lh3.googleusercontent.com\/pw\/AM-JKLWAAGjlZhlc7JuQR6b8qzy_GIsMjg2o3ttDBXfPsVHq9I6P6NN8oK8aUKugptEzTSRNHG5uzReFyqFTKZC2FXSdOKVrr6aOMxrvktwwRme9CuI528MTmj6Ypco2Mlp-Dq4uD9CziRbco381JJZEpSqB=w2000-h1333-no?authuser=0\" width=\"2000\" height=\"1333\" alt=\"O zamandan kalma de\u011ferli foto\u011fraflar\" class=\"size-full\" \/><\/a><figcaption class=\"wp-caption-text\">O zamandan kalma de\u011ferli foto\u011fraflar<\/figcaption><\/figure>\n<h3>Kendi isim plakam: Fujii aile m\u00fchr\u00fc<\/h3>\n<figure class=\"wp-caption aligncenter\"><a href=\"https:\/\/photos.google.com\/share\/AF1QipOePBOExzhe5zNmxD1iIMyNMqw05B-WktsYQ063Sr-giEAl1tw8YMudOv6mbE2W1A\/photo\/AF1QipPEb6BV1WgUrU5kf9eOrL6qfiqRxaH2HiZB4Ic?key=dWwyMHJKSlo1V0VUQWdnbjhabGVfeVc5amFfRVV3\" target=\"_blank\" rel=\"noopener\"><img decoding=\"async\" src=\"https:\/\/lh3.googleusercontent.com\/pw\/AM-JKLWGTZsKr8ukANbJTfpXN7XnIEcWaWvjNK1VkKWRXbAC7M-Nq4PtZROhLnlIz_6ksFkh5sJbanZVxdPCJY0y_hxWGOnSNcwZveaDAa03piHciW6NFA-UkMHLcDzEhjrhygB9plqG_w01r358S4N-qWtm=w2000-h1333-no?authuser=0\" width=\"2000\" height=\"1333\" alt=\"Kendi isim plakam: Fujii aile m\u00fchr\u00fc\" class=\"size-full\" \/><\/a><figcaption class=\"wp-caption-text\">Kendi isim plakam: Fujii aile m\u00fchr\u00fc<\/figcaption><\/figure>\n<figure class=\"wp-caption aligncenter\"><a href=\"https:\/\/photos.google.com\/share\/AF1QipOePBOExzhe5zNmxD1iIMyNMqw05B-WktsYQ063Sr-giEAl1tw8YMudOv6mbE2W1A\/photo\/AF1QipNNTHZkNxY5ZKJggTRXnQXKR8W2miNjVpzZOs0?key=dWwyMHJKSlo1V0VUQWdnbjhabGVfeVc5amFfRVV3\" target=\"_blank\" rel=\"noopener\"><img decoding=\"async\" src=\"https:\/\/lh3.googleusercontent.com\/pw\/AM-JKLWxrRWPKrXfBGrcTyYvvvo19t5JjvcrEh8nkfzY39tfI4qORZUBfTTqA3J_uJp9gmwv-l4L9pT6yJqPqNg4O70-uzFDnI_vN7ynVYGSZcJKQZZP3bfWTBNxGmJWyEBaixp2HNBRRNXBGAqY-WnYWeJz=w2000-h1333-no?authuser=0\" width=\"2000\" height=\"1333\" alt=\"Kendi isim plakam: Fujii aile m\u00fchr\u00fc\" class=\"size-full\" \/><\/a><figcaption class=\"wp-caption-text\">Kendi isim plakam: Fujii aile m\u00fchr\u00fc<\/figcaption><\/figure>\n<figure class=\"wp-caption aligncenter\"><a href=\"https:\/\/photos.google.com\/share\/AF1QipOePBOExzhe5zNmxD1iIMyNMqw05B-WktsYQ063Sr-giEAl1tw8YMudOv6mbE2W1A\/photo\/AF1QipPScHgfXRXwfLG5FuF2WJyPzNGOTjEh2bDlWlY?key=dWwyMHJKSlo1V0VUQWdnbjhabGVfeVc5amFfRVV3\" target=\"_blank\" rel=\"noopener\"><img decoding=\"async\" src=\"https:\/\/lh3.googleusercontent.com\/pw\/AM-JKLWdAjYZ1ZL4K1ew1GmC8ix4QiUFyXH7WmspGUc2yKajXJB2IJnUuYWaW5G1NaBcojuko1LAHpKSG-MYvgm6RaTiQH0aywOiRoMH93f1n6oyShutPl49yW_yz_M9mWhJtkmAdARvHFGkLgfPzD9wVNqb=w2000-h1333-no?authuser=0\" width=\"2000\" height=\"1333\" alt=\"Bah\u00e7ede a\u00e7an \u00e7i\u00e7ekler bahar\u0131n geli\u015fini m\u00fcjdeliyor. . .\" class=\"size-full\" \/><\/a><figcaption class=\"wp-caption-text\">Bah\u00e7ede a\u00e7an \u00e7i\u00e7ekler bahar\u0131n geli\u015fini m\u00fcjdeliyor. . .<\/figcaption><\/figure>\n\u3000<br \/>\nFujii Toshiaki taraf\u0131ndan \u00f6zenle ve sevgiyle haz\u0131rlanan bu muhte\u015fem fenerlere sonsuz sevgimiz, \u015f\u00fckran\u0131m\u0131z ve dualar\u0131m\u0131z d\u00f6k\u00fcl\u00fcyor. . .<\/p>\n<h2>Di\u011fer foto\u011fraflar<\/h2>\n<div class=\"img-move\">\n<img decoding=\"async\" src=\"https:\/\/ehokkaido.net\/wp-content\/uploads\/2021\/12\/2021-12-06-11.41.12.png\" style=\"vertical-align:middle;\"> <a href=\"https:\/\/photos.google.com\/share\/AF1QipOePBOExzhe5zNmxD1iIMyNMqw05B-WktsYQ063Sr-giEAl1tw8YMudOv6mbE2W1A?key=dWwyMHJKSlo1V0VUQWdnbjhabGVfeVc5amFfRVV3\" target=\"_blank\" rel=\"noopener noreferrer\">Toshiaki Fujii&#039;den &quot;Fenerler&quot;. Matsumae Domain Residence&#039;daki (Matsumae Kasabas\u0131) fenerler model al\u0131narak s\u0131f\u0131rdan el yap\u0131m\u0131 olarak \u00fcretilmi\u015ftir. Foto\u011fraflar (59 foto\u011fraf) burada &gt;&gt;<\/a><\/p>\n<p><img decoding=\"async\" src=\"https:\/\/ehokkaido.net\/wp-content\/uploads\/2021\/12\/2021-12-06-11.41.12.png\" style=\"vertical-align:middle;\"> <a href=\"https:\/\/photos.google.com\/share\/AF1QipOePBOExzhe5zNmxD1iIMyNMqw05B-WktsYQ063Sr-giEAl1tw8YMudOv6mbE2W1A?key=dWwyMHJKSlo1V0VUQWdnbjhabGVfeVc5amFfRVV3\" target=\"_blank\" rel=\"noopener noreferrer\">Toshiaki Fujii taraf\u0131ndan korunan antik belgelerin foto\u011fraflar\u0131na (24 foto\u011fraf) buradan ula\u015fabilirsiniz &gt;&gt;<\/a><\/div>\n<h2>\u0130lgili makaleler<\/h2>\n\n        <div class=\"site-blogcard-premium\">\n            <div class=\"bc-label-custom\">\u0130lgili makaleler<\/div>\n            <div class=\"bc-flex-container\">\n                <div class=\"bc-main-text\">\n                    <div class=\"bc-title-link-box\">\n                        <a href=\"https:\/\/portal.hokuryu.info\/tr\/shiningpeople\/people\/20151220\/\" target=\"_blank\">https:\/\/portal.hokuryu.info\/shiningpeople\/people\/20151220<\/a>\n                    <\/div>\n                    <div class=\"bc-excerpt-box\">Sayfa bilgileri al\u0131namad\u0131.<\/div>\n                <\/div>\n                <div class=\"bc-thumbnail-box\">\n                    <a href=\"https:\/\/portal.hokuryu.info\/tr\/shiningpeople\/people\/20151220\/\" target=\"_blank\">\n                        <div class=\"bc-img-zoom-wrap\">\n                            <img decoding=\"async\" src=\"https:\/\/portal.hokuryu.info\/wp\/wp-content\/uploads\/2026\/02\/20230802DSC06445_1.jpg\" alt=\"https:\/\/portal.hokuryu.info\/shiningpeople\/people\/20151220\">\n                        <\/div>\n                    <\/a>\n                <\/div>\n            <\/div>\n        <\/div>\n\n        <div class=\"site-blogcard-premium\">\n            <div class=\"bc-label-custom\">\u0130lgili makaleler<\/div>\n            <div class=\"bc-flex-container\">\n                <div class=\"bc-main-text\">\n                    <div class=\"bc-title-link-box\">\n                        <a href=\"https:\/\/portal.hokuryu.info\/tr\/topics\/culture\/20200104\/\" target=\"_blank\">https:\/\/portal.hokuryu.info\/topics\/culture\/20200104<\/a>\n                    <\/div>\n                    <div class=\"bc-excerpt-box\">Sayfa bilgileri al\u0131namad\u0131.<\/div>\n                <\/div>\n                <div class=\"bc-thumbnail-box\">\n                    <a href=\"https:\/\/portal.hokuryu.info\/tr\/topics\/culture\/20200104\/\" target=\"_blank\">\n                        <div class=\"bc-img-zoom-wrap\">\n                            <img decoding=\"async\" src=\"https:\/\/portal.hokuryu.info\/wp\/wp-content\/uploads\/2026\/02\/20230802DSC06445_1.jpg\" alt=\"https:\/\/portal.hokuryu.info\/topics\/culture\/20200104\">\n                        <\/div>\n                    <\/a>\n                <\/div>\n            <\/div>\n        <\/div>\n\n        <div class=\"site-blogcard-premium\">\n            <div class=\"bc-label-custom\">\u0130lgili makaleler<\/div>\n            <div class=\"bc-flex-container\">\n                <div class=\"bc-main-text\">\n                    <div class=\"bc-title-link-box\">\n                        <a href=\"https:\/\/portal.hokuryu.info\/tr\/topics\/culture\/20130708\/\" target=\"_blank\">https:\/\/portal.hokuryu.info\/topics\/culture\/20130708<\/a>\n                    <\/div>\n                    <div class=\"bc-excerpt-box\">Sayfa bilgileri al\u0131namad\u0131.<\/div>\n                <\/div>\n                <div class=\"bc-thumbnail-box\">\n                    <a href=\"https:\/\/portal.hokuryu.info\/tr\/topics\/culture\/20130708\/\" target=\"_blank\">\n                        <div class=\"bc-img-zoom-wrap\">\n                            <img decoding=\"async\" src=\"https:\/\/portal.hokuryu.info\/wp\/wp-content\/uploads\/2026\/02\/20230802DSC06445_1.jpg\" alt=\"https:\/\/portal.hokuryu.info\/topics\/culture\/20130708\">\n                        <\/div>\n                    <\/a>\n                <\/div>\n            <\/div>\n        <\/div>\n<p>\u25c7 \u00c7ekim ve kurgu: Noboru Terauchi R\u00f6portaj ve metin: Ikuko Terauchi<\/p>","protected":false},"excerpt":{"rendered":"<p>\uff12\uff10\uff12\uff12\u5e74\uff13\u6708\uff13\uff11\u65e5\uff08\u6728\uff09 \u5317\u7adc\u753a\u5728\u4f4f\u306e\u85e4\u4e95\u5229\u662d\u3055\u3093\uff08\uff17\uff11\u6b73\uff09\u304c\u3001\u81ea\u4f5c\u3067\u6728\u88fd\u306e\u5927\u304d\u306a\u706f\u7c60\u3092\u5236\u4f5c\u3057\u3001\uff13\u6708\u4e0b\u65ec\u3001\u81ea\u5b85\u5ead\u306b\u8a2d\u7f6e\u3055\u308c\u307e\u3057\u305f\u3002 \u85e4\u4e95\u5229\u662d\u3055\u3093\u3068\u706f\u7c60 \u5927\u304d\u306a\u706f\u7c60 \u706f\u7c60\u306f\u9ad8\u3055\uff11.\uff18m\u307b\u3069\u306e\u6728\u88fd\u306e\u5927\u304d [&hellip;]<\/p>\n","protected":false},"author":1,"featured_media":17533,"comment_status":"open","ping_status":"open","sticky":false,"template":"","format":"standard","meta":{"footnotes":""},"categories":[4,15],"tags":[],"class_list":["post-17454","post","type-post","status-publish","format-standard","has-post-thumbnail","hentry","category-cover-story","category-hokuryu-townsman"],"_links":{"self":[{"href":"https:\/\/portal.hokuryu.info\/tr\/wp-json\/wp\/v2\/posts\/17454","targetHints":{"allow":["GET"]}}],"collection":[{"href":"https:\/\/portal.hokuryu.info\/tr\/wp-json\/wp\/v2\/posts"}],"about":[{"href":"https:\/\/portal.hokuryu.info\/tr\/wp-json\/wp\/v2\/types\/post"}],"author":[{"embeddable":true,"href":"https:\/\/portal.hokuryu.info\/tr\/wp-json\/wp\/v2\/users\/1"}],"replies":[{"embeddable":true,"href":"https:\/\/portal.hokuryu.info\/tr\/wp-json\/wp\/v2\/comments?post=17454"}],"version-history":[{"count":0,"href":"https:\/\/portal.hokuryu.info\/tr\/wp-json\/wp\/v2\/posts\/17454\/revisions"}],"wp:featuredmedia":[{"embeddable":true,"href":"https:\/\/portal.hokuryu.info\/tr\/wp-json\/wp\/v2\/media\/17533"}],"wp:attachment":[{"href":"https:\/\/portal.hokuryu.info\/tr\/wp-json\/wp\/v2\/media?parent=17454"}],"wp:term":[{"taxonomy":"category","embeddable":true,"href":"https:\/\/portal.hokuryu.info\/tr\/wp-json\/wp\/v2\/categories?post=17454"},{"taxonomy":"post_tag","embeddable":true,"href":"https:\/\/portal.hokuryu.info\/tr\/wp-json\/wp\/v2\/tags?post=17454"}],"curies":[{"name":"wp","href":"https:\/\/api.w.org\/{rel}","templated":true}]}}