{"id":17315,"date":"2022-03-22T06:39:55","date_gmt":"2022-03-21T21:39:55","guid":{"rendered":"https:\/\/portal.hokuryu.info\/?p=17315"},"modified":"2022-03-23T06:41:44","modified_gmt":"2022-03-22T21:41:44","slug":"hokuryu-kasabasi-shinryu-ilkokulu-122-mezuniyet-toreni","status":"publish","type":"post","link":"https:\/\/portal.hokuryu.info\/tr\/17315\/","title":{"rendered":"Hokuryu Town Shinryu \u0130lkokulu 122. Mezuniyet T\u00f6reni: Mezunlar okuldan g\u00f6zlerinde b\u00fcy\u00fck hayaller ve umutlarla ayr\u0131l\u0131yor"},"content":{"rendered":"<p>Sal\u0131, 22 Mart 2022<\/p>\n<p>Kitary\u016b Kasabas\u0131 Shinryu \u0130lkokulu&#039;nun 122. mezuniyet t\u00f6reni 18 Mart Cuma g\u00fcn\u00fc saat 10:00&#039;da ger\u00e7ekle\u015ftirildi.<\/p>\n<h2>Hokuryu Kasabas\u0131 Shinryu \u0130lkokulu<\/h2>\n<figure class=\"wp-caption aligncenter\"><a href=\"https:\/\/photos.google.com\/share\/AF1QipMcIHkmEH-VLsUzs4F3Y21j8kQeNbWfTMAUfTOD3T7mzc2NzF8EcpaZmkiEbYqO5A\/photo\/AF1QipMaQadmRZalF0A4yzf5y1gvyL5jbY2pTMJrb5w?key=OG5SSmMzaUxMeDBScHJOaDZER1Q0QkFkVjVzM2ZB\" target=\"_blank\" rel=\"noopener\"><img decoding=\"async\" src=\"https:\/\/lh3.googleusercontent.com\/pw\/AM-JKLUzlGRyBj-uwNRV0fQMcJkqNCka0gSj_5ovAS1Mn747Bh_khKL5wCLcmVtPEDyqGKaBmsVpp3L17wJOvB38EJUeaQtozDKmLzjmca2oNHiW1akXPeELhMJIDTkXxGAm9T6z4HMxLbtH06UPou0IyB1I=w2000-h1333-no?authuser=0\" width=\"2000\" height=\"1333\" alt=\"Hokuryu Kasabas\u0131 Shinryu \u0130lkokulu&#039;nun ana kap\u0131s\u0131\" class=\"size-full\" \/><\/a><figcaption class=\"wp-caption-text\">Hokuryu Kasabas\u0131 Shinryu \u0130lkokulu&#039;nun ana kap\u0131s\u0131<\/figcaption><\/figure>\n<figure class=\"wp-caption aligncenter\"><a href=\"https:\/\/photos.google.com\/share\/AF1QipMcIHkmEH-VLsUzs4F3Y21j8kQeNbWfTMAUfTOD3T7mzc2NzF8EcpaZmkiEbYqO5A\/photo\/AF1QipO8-B8KWs-pz9lfrQLG0HGAVndMPP0LQ1yJ35c?key=OG5SSmMzaUxMeDBScHJOaDZER1Q0QkFkVjVzM2ZB\" target=\"_blank\" rel=\"noopener\"><img decoding=\"async\" src=\"https:\/\/lh3.googleusercontent.com\/pw\/AM-JKLUvatQoNqPuQ4qDM6A_qpPDdTRo2klQrOLgkwD0om2oww1xMRD-nbPWK8qdXTIXX3dmhy5wGnEmbegsU6RbQGWmV1tufxTtyilsbxqHhb_6Y3w0vC8jYbveackBlZyJmLyvI9OPQp_dz6lCIeZpcjRR=w2000-h1333-no?authuser=0\" width=\"2000\" height=\"1333\" alt=\"Hokuryu Kasabas\u0131 Shinryu \u0130lkokulu, Giri\u015f\" class=\"size-full\" \/><\/a><figcaption class=\"wp-caption-text\">Hokuryu Kasabas\u0131 Shinryu \u0130lkokulu, Giri\u015f<\/figcaption><\/figure>\n<h2>Mezuniyet t\u00f6reni mekan\u0131 (spor salonu)<\/h2>\n<p>Bu y\u0131l, COVID-19&#039;un yay\u0131lmas\u0131n\u0131 \u00f6nleme \u00f6nlemleri kapsam\u0131nda etkinlik k\u00fc\u00e7\u00fclt\u00fcld\u00fc ve saatleri k\u0131salt\u0131ld\u0131, ancak yeni ortaokul \u00fcniformalar\u0131n\u0131 giyen 19 mezun, y\u00fcreklerinde parlayan umutla tan\u0131d\u0131k okullar\u0131na veda etti.<\/p>\n<p>T\u00f6renle ilgili olarak, Hokkaido E\u011fitim Kurulu ve Hokuryu Kasaba E\u011fitim Kurulu&#039;ndan gelen bildirimlere g\u00f6re, t\u00f6rene her haneden iki ki\u015fi kat\u0131lacak ve mevcut \u00f6\u011frenciler sadece be\u015finci s\u0131n\u0131f \u00f6\u011frencileri ve sunuculuk yapacak bir d\u00f6rd\u00fcnc\u00fc s\u0131n\u0131f \u00f6\u011frencisi ile s\u0131n\u0131rl\u0131 olacak.<\/p>\n<p>T\u00f6ren program\u0131nda akademik rapor, Kitary\u016b Belediye Ba\u015fkan\u0131&#039;n\u0131n kutlama konu\u015fmas\u0131, Milli E\u011fitim Kurulu&#039;nun konu\u015fmas\u0131 ve PTA Ba\u015fkan\u0131&#039;n\u0131n kutlama konu\u015fmas\u0131 yer ald\u0131; bunlar\u0131n hepsi yaz\u0131l\u0131 olarak yay\u0131nland\u0131 ve kutlama telgraflar\u0131 as\u0131ld\u0131. CD&#039;den milli mar\u015f \u00e7al\u0131nd\u0131, okul mar\u015f\u0131 da maskelerin ard\u0131ndan hep bir a\u011f\u0131zdan s\u00f6ylendi.<\/p>\n<h3>Anma foto\u011fraf\u0131<\/h3>\n<p>T\u00f6ren ba\u015flamadan \u00f6nce t\u00fcm kat\u0131l\u0131mc\u0131larla hat\u0131ra foto\u011fraf\u0131 \u00e7ekildi.<\/p>\n<figure class=\"wp-caption aligncenter\"><a href=\"https:\/\/photos.google.com\/share\/AF1QipMcIHkmEH-VLsUzs4F3Y21j8kQeNbWfTMAUfTOD3T7mzc2NzF8EcpaZmkiEbYqO5A\/photo\/AF1QipMCRcXEVpnG92nw1Duq01AleAibkj_c_lhS7IE?key=OG5SSmMzaUxMeDBScHJOaDZER1Q0QkFkVjVzM2ZB\" target=\"_blank\" rel=\"noopener\"><img decoding=\"async\" src=\"https:\/\/lh3.googleusercontent.com\/pw\/AM-JKLXaKx1LREYwdE1VFiTozWakFlVpWqk_X16ujEVLpf0bNv3SoRtIMLllXNlIw102ailP1eT8_cvov4haj6lBeZcJbCdd29kF-qt7V8iVtF5KcIwlT2UlrZ4uFx3XTFJ24ZvYi0-vpzPlg2Wrt5SlV0lj=w2000-h1333-no?authuser=0\" width=\"2000\" height=\"1333\" alt=\"Grup foto\u011fraf \u00e7ekimi\" class=\"size-full\" \/><\/a><figcaption class=\"wp-caption-text\">Grup foto\u011fraf \u00e7ekimi<\/figcaption><\/figure>\n<h3>T\u00f6renin canl\u0131 yay\u0131n\u0131<\/h3>\n<p>T\u00f6rene kat\u0131lamayan \u00f6\u011frenciler ve ilgililer i\u00e7in t\u00f6ren Bluetooth arac\u0131l\u0131\u011f\u0131yla canl\u0131 olarak yay\u0131nland\u0131.<\/p>\n<figure class=\"wp-caption aligncenter\"><a href=\"https:\/\/photos.google.com\/share\/AF1QipMcIHkmEH-VLsUzs4F3Y21j8kQeNbWfTMAUfTOD3T7mzc2NzF8EcpaZmkiEbYqO5A\/photo\/AF1QipO10nAe7ESQ4SK5uoBBnI_LMYMxBTVb_zd5bTQ?key=OG5SSmMzaUxMeDBScHJOaDZER1Q0QkFkVjVzM2ZB\" target=\"_blank\" rel=\"noopener\"><img decoding=\"async\" src=\"https:\/\/lh3.googleusercontent.com\/pw\/AM-JKLWYIPXgYilwqp4jaQsEyG7lMhHvd7LXTkj-tfCStfIIbjrzLUkW-IyKQlgcdE9izyJXykkcDqrUxcon_pgfOmfNKxcPorAcyXs4L-HSgcRVq7vcooxJ31s_nIYoFOiVjLwF8kl_ajyRPN_5fYdZFhyL=w2000-h1333-no?authuser=0\" width=\"2000\" height=\"1333\" alt=\"Bluetooth ba\u011flant\u0131s\u0131yla canl\u0131 yay\u0131n\" class=\"size-full\" \/><\/a><figcaption class=\"wp-caption-text\">Bluetooth ba\u011flant\u0131s\u0131yla canl\u0131 yay\u0131n<\/figcaption><\/figure>\n<h3>Etkinlik, mevcut bir \u00f6\u011frencinin (4. s\u0131n\u0131f) genel MC&#039;siyle ba\u015flad\u0131.<\/h3>\n<figure class=\"wp-caption aligncenter\"><a href=\"https:\/\/photos.google.com\/share\/AF1QipMcIHkmEH-VLsUzs4F3Y21j8kQeNbWfTMAUfTOD3T7mzc2NzF8EcpaZmkiEbYqO5A\/photo\/AF1QipOj9jQcgyH_gSHEXlIeOnlhL5gqDw0mWacDWJY?key=OG5SSmMzaUxMeDBScHJOaDZER1Q0QkFkVjVzM2ZB\" target=\"_blank\" rel=\"noopener\"><img decoding=\"async\" src=\"https:\/\/lh3.googleusercontent.com\/pw\/AM-JKLWb6ujHT2RjJDADdejTqfpowhSnM2SL9m9zCyQXQSb4f6k92Vs1gR2Ji9G6kipyn-GXiHlJNLOJ-YMtheZUqu19mqsXQHjh9EqUyY7h6zLyiTLk3lWQMD0-GHo0V_CCg2HqNIuTx-A8-YWzYpdjwOgT=w2000-h1333-no?authuser=0\" width=\"2000\" height=\"1333\" alt=\"Genel MC: D\u00f6rd\u00fcnc\u00fc s\u0131n\u0131f \u00f6\u011frencileri\" class=\"size-full\" \/><\/a><figcaption class=\"wp-caption-text\">Genel MC: D\u00f6rd\u00fcnc\u00fc s\u0131n\u0131f \u00f6\u011frencileri<\/figcaption><\/figure>\n<figure class=\"wp-caption aligncenter\"><a href=\"https:\/\/photos.google.com\/share\/AF1QipMcIHkmEH-VLsUzs4F3Y21j8kQeNbWfTMAUfTOD3T7mzc2NzF8EcpaZmkiEbYqO5A\/photo\/AF1QipPe9ccauwdP_qmdA8MZAl5HaFPlEhZEWHK5n8w?key=OG5SSmMzaUxMeDBScHJOaDZER1Q0QkFkVjVzM2ZB\" target=\"_blank\" rel=\"noopener\"><img decoding=\"async\" src=\"https:\/\/lh3.googleusercontent.com\/pw\/AM-JKLWwKkWLfZg9RJN5xRk_HZyUqdXQtewh1CQIZbqFZS0-sIXdGGTvTeTI8ZLmm176z7q91x7r_zMtENOPkpMdQRMm1URkw_hFaK-EmH7W3lqAU1KzHiq-2DkPdhtMZNbdWLkBl1uqn6XwBBtEWd9kp5aC=w2000-h1333-no?authuser=0\" width=\"2000\" height=\"1333\" alt=\"Ev sahipli\u011fi g\u00f6revleri iki ki\u015fi aras\u0131nda payla\u015f\u0131l\u0131r\" class=\"size-full\" \/><\/a><figcaption class=\"wp-caption-text\">Ev sahipli\u011fi g\u00f6revleri iki ki\u015fi aras\u0131nda payla\u015f\u0131l\u0131r<\/figcaption><\/figure>\n<h3>Mezunlar\u0131n kabul\u00fc<\/h3>\n<figure class=\"wp-caption aligncenter\"><a href=\"https:\/\/photos.google.com\/share\/AF1QipMcIHkmEH-VLsUzs4F3Y21j8kQeNbWfTMAUfTOD3T7mzc2NzF8EcpaZmkiEbYqO5A\/photo\/AF1QipPPmXCkVQBCXd_-ZP_eQKDUfKlnjNM5Kgd5Um4?key=OG5SSmMzaUxMeDBScHJOaDZER1Q0QkFkVjVzM2ZB\" target=\"_blank\" rel=\"noopener\"><img decoding=\"async\" src=\"https:\/\/lh3.googleusercontent.com\/pw\/AM-JKLXmGwIAbk1kdbq_vnMT25-o9-HlIKmYygT22ZmBUTW6gj0xpg6Udj47dFojKUjw38KvMwQo7mdKgqQamfaCh8EyRSMibR00qKjjWrlyLgnE1DFOqusgMd0v0_KbJN6Vswj43Shn4Ase9m4VmGHwD-Lt=w2000-h1333-no?authuser=0\" width=\"2000\" height=\"1333\" alt=\"Mezunlar\u0131n kabul\u00fc\" class=\"size-full\" \/><\/a><figcaption class=\"wp-caption-text\">Mezunlar\u0131n kabul\u00fc<\/figcaption><\/figure>\n<figure class=\"wp-caption aligncenter\"><a href=\"https:\/\/photos.google.com\/share\/AF1QipMcIHkmEH-VLsUzs4F3Y21j8kQeNbWfTMAUfTOD3T7mzc2NzF8EcpaZmkiEbYqO5A\/photo\/AF1QipNz6lylw29zDwtw1oE-hEpB-vmkXfc3ey5emXU?key=OG5SSmMzaUxMeDBScHJOaDZER1Q0QkFkVjVzM2ZB\" target=\"_blank\" rel=\"noopener\"><img decoding=\"async\" src=\"https:\/\/lh3.googleusercontent.com\/pw\/AM-JKLVm6m1OVezO9-Eq87pJ6Cz0JZXbqXOLy_5WJXFERyeLqp3Ce4pQk7tLSIEBTLsCtXi-OsYL25prMHZLFGuIx5GoihIhXaUHqQzRvs6-TIvqC-CItlbQCID2xbWPgwXpOAMsfdDI_qpM_z6hNdNAOU_G=w2000-h1333-no?authuser=0\" width=\"2000\" height=\"1333\" alt=\"De\u011ferli Mezunlar\u0131m\u0131z ve Velilerimiz,\" class=\"size-full\" \/><\/a><figcaption class=\"wp-caption-text\">De\u011ferli Mezunlar\u0131m\u0131z ve Velilerimiz,<\/figcaption><\/figure>\n<h3>A\u00e7\u0131l\u0131\u015f konu\u015fmas\u0131<\/h3>\n<p>A\u00e7\u0131l\u0131\u015f konu\u015fmas\u0131n\u0131 M\u00fcd\u00fcr Yard\u0131mc\u0131s\u0131 Shiro Tsujiwaki yapt\u0131.<\/p>\n<figure class=\"wp-caption aligncenter\"><a href=\"https:\/\/photos.google.com\/share\/AF1QipMcIHkmEH-VLsUzs4F3Y21j8kQeNbWfTMAUfTOD3T7mzc2NzF8EcpaZmkiEbYqO5A\/photo\/AF1QipPRkX7c_hOYLk_PLNFQTIJbirsMjJJOVlUJ3kI?key=OG5SSmMzaUxMeDBScHJOaDZER1Q0QkFkVjVzM2ZB\" target=\"_blank\" rel=\"noopener\"><img decoding=\"async\" src=\"https:\/\/lh3.googleusercontent.com\/pw\/AM-JKLXTo0IQEX98DSb-4XmvwRgaMw_cCejJCagtCv5Km29NdPTUIh57MvKgrbPiT2JByDwQahW8nqea6ThdWveiykna1LjEjPq5m0K0G_uOa0B4JB4HcYizBbHwFOdO3Dz2AroazX5XP0US-sFZD4sxc5bV=w2000-h1333-no?authuser=0\" width=\"2000\" height=\"1333\" alt=\"A\u00e7\u0131l\u0131\u015f konu\u015fmas\u0131\" class=\"size-full\" \/><\/a><figcaption class=\"wp-caption-text\">A\u00e7\u0131l\u0131\u015f konu\u015fmas\u0131<\/figcaption><\/figure>\n<h3>CD&#039;den milli mar\u015f \u00e7al\u0131nd\u0131, okul mar\u015f\u0131 da maskelerin ard\u0131ndan hep bir a\u011f\u0131zdan s\u00f6ylendi.<\/h3>\n<figure class=\"wp-caption aligncenter\"><a href=\"https:\/\/photos.google.com\/share\/AF1QipMcIHkmEH-VLsUzs4F3Y21j8kQeNbWfTMAUfTOD3T7mzc2NzF8EcpaZmkiEbYqO5A\/photo\/AF1QipMOXU3yNJF_MgQh5hpoOPsB-xn78TjnyaCBfjM?key=OG5SSmMzaUxMeDBScHJOaDZER1Q0QkFkVjVzM2ZB\" target=\"_blank\" rel=\"noopener\"><img decoding=\"async\" src=\"https:\/\/lh3.googleusercontent.com\/pw\/AM-JKLVErJORsUoYdJx-bEe6B-Na6rg29xsk2JcBC1CiiiKFlrnZzBmNYBs-qw5_0JgLKtjz7PTVnTmjPQCORMIV7LWevPkQOnEoxOn3tGbU3r_lGDEvrlgFg5ECctADdVpI-OT62A4otId3u8XqEU1FQs1V=w2000-h1500-no?authuser=0\" width=\"2000\" height=\"1500\" alt=\"Milli mar\u015f ve okul \u015fark\u0131s\u0131 birlikte s\u00f6ylendi\" class=\"size-full\" \/><\/a><figcaption class=\"wp-caption-text\">Milli mar\u015f ve okul \u015fark\u0131s\u0131 birlikte s\u00f6ylendi<\/figcaption><\/figure>\n<h4>Mevcut \u00f6\u011frencilerin piyano performans\u0131<\/h4>\n<figure class=\"wp-caption aligncenter\"><a href=\"https:\/\/photos.google.com\/share\/AF1QipMcIHkmEH-VLsUzs4F3Y21j8kQeNbWfTMAUfTOD3T7mzc2NzF8EcpaZmkiEbYqO5A\/photo\/AF1QipO3OtbHgP8bqNzT7OtPqW5LWeD8wcY8W8yXVwI?key=OG5SSmMzaUxMeDBScHJOaDZER1Q0QkFkVjVzM2ZB\" target=\"_blank\" rel=\"noopener\"><img decoding=\"async\" src=\"https:\/\/lh3.googleusercontent.com\/pw\/AM-JKLV6mzwbOmdHb9yf8dQg7HduhiXKVqXupkRH84xAl0v-qGxS_AipczucLIzVzDiHgYRz3AlUJEtWP1V959Q12B7Dyk3H-FHcWENPuRCv1jXwRnfhV_C4NZA-83zqPUFoUofbJtwhDL8fzi2_x4Lv2_hM=w2000-h1333-no?authuser=0\" width=\"2000\" height=\"1333\" alt=\"Mevcut \u00f6\u011frencilerin piyano performans\u0131\" class=\"size-full\" \/><\/a><figcaption class=\"wp-caption-text\">Mevcut \u00f6\u011frencilerin piyano performans\u0131<\/figcaption><\/figure>\n<h3>Akademik raporlar ve tebrik telgraflar\u0131: yay\u0131nland\u0131 ve g\u00f6nderildi<\/h3>\n<figure class=\"wp-caption aligncenter\"><a href=\"https:\/\/photos.google.com\/share\/AF1QipMcIHkmEH-VLsUzs4F3Y21j8kQeNbWfTMAUfTOD3T7mzc2NzF8EcpaZmkiEbYqO5A\/photo\/AF1QipMMhAdjGlMaTe-3E97yaL9gELUIMbBRzdA_AVE?key=OG5SSmMzaUxMeDBScHJOaDZER1Q0QkFkVjVzM2ZB\" target=\"_blank\" rel=\"noopener\"><img decoding=\"async\" src=\"https:\/\/lh3.googleusercontent.com\/pw\/AM-JKLVrUX7xEQI0rGUdjSTOfXRbZATreU8SjK56hmbidgwFSNZbFZ0EWHIG4GXiWL8KKhkG6eYm11WeJF3trTQv5fdV2GREPKxmfyUPhTIgnJhlUqOrXoU47gLYxfkuPFC1UWUL64O2O9EIXpfLmfmmlsG7=w2000-h1500-no?authuser=0\" width=\"2000\" height=\"1333\" alt=\"akademik rapor\" class=\"size-full\" \/><\/a><figcaption class=\"wp-caption-text\">akademik rapor<\/figcaption><\/figure>\n<figure class=\"wp-caption aligncenter\"><a href=\"https:\/\/photos.google.com\/share\/AF1QipMcIHkmEH-VLsUzs4F3Y21j8kQeNbWfTMAUfTOD3T7mzc2NzF8EcpaZmkiEbYqO5A\/photo\/AF1QipMYMBOuRTMbFTYxC1zMSga3dPZAZastX2xF0jM?key=OG5SSmMzaUxMeDBScHJOaDZER1Q0QkFkVjVzM2ZB\" target=\"_blank\" rel=\"noopener\"><img decoding=\"async\" src=\"https:\/\/lh3.googleusercontent.com\/pw\/AM-JKLUYb-AIuNg0xMpXG6IcuFLXlwej8SKrYJpZ1Rbw1UkNpAJ0lNRKi9Pthg8IqclXAVyck40q-ub5EK_Rpvs3LkCqD56GILi94ziB51oP65PBHaKHQE2WjJV6R1bFzkx6S9QhyORxfGfsPWYo7NATR2iY=w2000-h1333-no?authuser=0\" width=\"2000\" height=\"1333\" alt=\"Tebrik Mesaj\u0131\" class=\"size-full\" \/><\/a><figcaption class=\"wp-caption-text\">Tebrik Mesaj\u0131<\/figcaption><\/figure>\n<h3>Mezuniyet t\u00f6reni<\/h3>\n<p>19 mezun yava\u015f\u00e7a sahneye do\u011fru y\u00fcr\u00fcd\u00fc ve M\u00fcd\u00fcr Yoshimichi Matsunawa&#039;dan diplomalar\u0131n\u0131 ald\u0131.<\/p>\n<figure class=\"wp-caption aligncenter\"><a href=\"https:\/\/photos.google.com\/share\/AF1QipMcIHkmEH-VLsUzs4F3Y21j8kQeNbWfTMAUfTOD3T7mzc2NzF8EcpaZmkiEbYqO5A\/photo\/AF1QipN08Wdto-U9Y7YC8pzhcgqDuL5wPekRjgVvkJ4?key=OG5SSmMzaUxMeDBScHJOaDZER1Q0QkFkVjVzM2ZB\" target=\"_blank\" rel=\"noopener\"><img decoding=\"async\" src=\"https:\/\/lh3.googleusercontent.com\/pw\/AM-JKLV0EhdZZulk_khWDFd2FRpgC-8NuGzs_8WTfMjoQ7hl0hgpRUDCb2VF8u3KUF6wy3l5aD0gxpBFLglgzsVziMOxP2Q0M4bjb3vF8BXrlSXOWNSv6OaQWiCevXxIBZbhAVx5qq44pwxxjdm_pSyHFLGA=w2000-h1333-no?authuser=0\" width=\"2000\" height=\"1333\" alt=\"Mezuniyet t\u00f6reni\" class=\"size-full\" \/><\/a><figcaption class=\"wp-caption-text\">Mezuniyet t\u00f6reni<\/figcaption><\/figure>\n<h3>Gelece\u011fe dair hayalim<\/h3>\n<p>Mezunlar diplomalar\u0131n\u0131 ald\u0131ktan sonra sahneye \u00e7\u0131kt\u0131 ve her biri &quot;gelece\u011fe dair hayallerini&quot; kendinden emin ve y\u00fcksek sesle anlatt\u0131.<\/p>\n<figure class=\"wp-caption aligncenter\"><a href=\"https:\/\/photos.google.com\/share\/AF1QipMcIHkmEH-VLsUzs4F3Y21j8kQeNbWfTMAUfTOD3T7mzc2NzF8EcpaZmkiEbYqO5A\/photo\/AF1QipMssiZns1mRm7VSW2_Ylb3Q14QmMMXfCWB0QGA?key=OG5SSmMzaUxMeDBScHJOaDZER1Q0QkFkVjVzM2ZB\" target=\"_blank\" rel=\"noopener\"><img decoding=\"async\" src=\"https:\/\/lh3.googleusercontent.com\/pw\/AM-JKLUH3HyS7LP3l0Qmgn_w2ONehEE2DQoLoh3KFwmHbMqP3TcqRwvPcsBXWpqqmNJhj73K3qludPcRqtbHMAXnvl-gdss91SybPK4IVuCVeH6LOEPB-1MaFsc8LrUJlRHey9ejacVb_cR1sIFx2VriCPTA=w2000-h1333-no?authuser=0\" width=\"2000\" height=\"1333\" alt=\"Mezunlar gelecekteki kariyerleri ve hayalleri hakk\u0131nda konu\u015fuyor\" class=\"size-full\" \/><\/a><figcaption class=\"wp-caption-text\">Mezunlar gelecekteki kariyerleri ve hayalleri hakk\u0131nda konu\u015fuyor<\/figcaption><\/figure>\n<p>Mezunlar, gelecekte sahip olmak istedikleri kariyerler ve hayaller hakk\u0131nda gururla ve b\u00fcy\u00fck bir co\u015fkuyla konu\u015ftular. Bunlar aras\u0131nda &quot;kamyon \u015fof\u00f6r\u00fc&quot;, &quot;ev veya araba tasar\u0131m\u0131 gibi \u00fcretimle ilgili bir i\u015f (insanlarla ileti\u015fim kurabilece\u011fim bir i\u015f),&quot; &quot;beyzbol oyuncusu&quot;, &quot;voleybol oyuncusu&quot;, &quot;tam zamanl\u0131 ev han\u0131m\u0131 (kendime \u00f6zg\u00fc bir aile kurmak istiyorum),&quot; &quot;doktor&quot;, &quot;bir\u00e7ok insan\u0131 g\u00fcl\u00fcmsetebilecek bir i\u015f (insanlara faydal\u0131 olmak istiyorum, her \u015feyi denemek istiyorum),&quot; &quot;tap\u0131nak rahibi&quot;, &quot;ill\u00fcstrat\u00f6r&quot;, &quot;hem\u015fire&quot;, &quot;hayvanlarla \u00e7al\u0131\u015fma i\u015fi,&quot; &quot;komedyen (insanlar\u0131 e\u011flendirmeyi seviyorum),&quot; &quot;iyi bir sanat\u00e7\u0131 olmak (sanatta \u00e7ok \u00e7al\u0131\u015fmak ve sevdi\u011fim \u015feylerin bir\u00e7ok resmini \u00e7izmek istiyorum),&quot; &quot;zanaatkar (bir \u015feyler yapmay\u0131 seviyorum, bir \u015feyde ustala\u015fmay\u0131 seviyorum, bir\u00e7ok farkl\u0131 \u015feyi denemek istiyorum),&quot; &quot;istikrarl\u0131 bir i\u015f bulmak istiyorum,&quot; &quot;foto\u011fraf\u00e7\u0131&quot; ve &quot;bir \u00e7iftli\u011fi devralmak&quot; vard\u0131.<\/p>\n<p>Daha sonra anne ve babas\u0131na olan minnettarl\u0131\u011f\u0131n\u0131 dile getirerek, &quot;Baba ve anne, beni bug\u00fcne kadar destekledi\u011finiz ve b\u00fcy\u00fctt\u00fc\u011f\u00fcn\u00fcz i\u00e7in te\u015fekk\u00fcr ederim. Size \u00e7ok fazla sorun ve endi\u015fe ya\u015fatmaya devam edece\u011fimi biliyorum, ancak deste\u011finizin devam etmesini istiyorum.&quot; dedi.<\/p>\n<figure class=\"wp-caption aligncenter\"><a href=\"https:\/\/photos.google.com\/share\/AF1QipMcIHkmEH-VLsUzs4F3Y21j8kQeNbWfTMAUfTOD3T7mzc2NzF8EcpaZmkiEbYqO5A\/photo\/AF1QipP3IGDLmowKNfVJptXRnlfAZ9hi4u-7qp86WPc?key=OG5SSmMzaUxMeDBScHJOaDZER1Q0QkFkVjVzM2ZB\" target=\"_blank\" rel=\"noopener\"><img decoding=\"async\" src=\"https:\/\/lh3.googleusercontent.com\/pw\/AM-JKLUU0DI04KerHyPsSgRX3Lq5U6q2xwdAs9nONoa8y_F5carVDFSjwAAd-63uiNxJEWjQEvQeg8YNLiK9dRyTh7tpdUplRoqetVKOHGfUgOB-sKanwpB63Uv1g_FGjM4rHUoBDGGXgIL-CPngosvJ7sEL=w2000-h1333-no?authuser=0\" width=\"2000\" height=\"1333\" alt=\"Etkinli\u011fi izleyen veliler ve \u00f6\u011frenciler\" class=\"size-full\" \/><\/a><figcaption class=\"wp-caption-text\">Etkinli\u011fi izleyen veliler ve \u00f6\u011frenciler<\/figcaption><\/figure>\n<h3>Okul M\u00fcd\u00fcr\u00fc Konu\u015fmas\u0131: M\u00fcd\u00fcr Yoshimichi Matsunawa<\/h3>\n<figure class=\"wp-caption aligncenter\"><a href=\"https:\/\/photos.google.com\/share\/AF1QipMcIHkmEH-VLsUzs4F3Y21j8kQeNbWfTMAUfTOD3T7mzc2NzF8EcpaZmkiEbYqO5A\/photo\/AF1QipM4rDR1g4GERNNhD_SupeKPvbHf4x6RFFpDumQ?key=OG5SSmMzaUxMeDBScHJOaDZER1Q0QkFkVjVzM2ZB\" target=\"_blank\" rel=\"noopener\"><img decoding=\"async\" src=\"https:\/\/lh3.googleusercontent.com\/pw\/AM-JKLUc_0-a21nHVDf7GbBvLVD8XOo2WJq_RjtJdg0BygLSaD-bSjfTUKa4c3Pl6vzJM0M9RfJNtjdoY87skVrUXIJUnD3IZwf0hCjQ44Jxsv4z1adAWsazy_xKQbWMDWKnNg2CAdvQvJ3-VKMD4OqMbx2q=w2000-h1333-no?authuser=0\" width=\"2000\" height=\"1333\" alt=\"M\u00fcd\u00fcr Yoshimichi Matsunawa&#039;n\u0131n a\u00e7\u0131l\u0131\u015f konu\u015fmas\u0131\" class=\"size-full\" \/><\/a><figcaption class=\"wp-caption-text\">M\u00fcd\u00fcr Yoshimichi Matsunawa&#039;n\u0131n a\u00e7\u0131l\u0131\u015f konu\u015fmas\u0131<\/figcaption><\/figure>\n<p>&quot;Bu k\u0131\u015f \u00e7ok so\u011fuktu, ancak Mart ay\u0131 geldi\u011finde, s\u0131cak g\u00fcne\u015f \u0131\u015f\u0131\u011f\u0131 i\u00e7eri ak\u0131yor ve yakla\u015fan bahar\u0131n ayak seslerini duyabiliyoruz. Bu harika g\u00fcnde Hokuryu Town Shinryu \u0130lkokulu&#039;nun 122. Mezuniyet T\u00f6reni&#039;ne kat\u0131labilen t\u00fcm ebeveynlere ve ailelere i\u00e7ten \u015f\u00fckranlar\u0131m\u0131 sunmak istiyorum.<\/p>\n<p>19 mezunumuzu tebrik ediyoruz. Shinryu \u0130lkokulunda ge\u00e7irdi\u011finiz son alt\u0131 y\u0131l boyunca hepiniz \u00e7ok \u00e7al\u0131\u015ft\u0131n\u0131z, e\u011flendiniz ve arkada\u015flar\u0131n\u0131zla i\u015fbirli\u011fi yapt\u0131n\u0131z ve her biriniz bug\u00fcn bulundu\u011funuz noktaya gelmek i\u00e7in zihinsel ve bedensel olarak b\u00fcy\u00fck \u00f6l\u00e7\u00fcde geli\u015ftiniz.<\/p>\n<p>\u00d6zellikle son bir y\u0131lda elde etti\u011finiz ba\u015far\u0131lar takdire \u015fayan. Okul etkinliklerinde, \u00f6\u011frenci konseylerinde, komite faaliyetlerinde ve temizlik ekibi faaliyetlerinde \u00f6\u011frenciler b\u00fcy\u00fck bir liderlik g\u00f6sterdiler, okul hayat\u0131n\u0131 iyile\u015ftirmek i\u00e7in \u00e7ok \u00e7al\u0131\u015ft\u0131lar ve en b\u00fcy\u00fck \u00f6\u011frenciler olarak sorumluluklar\u0131n\u0131 yerine getirdiler, k\u00fc\u00e7\u00fck \u00f6\u011frencilere m\u00fckemmel bir \u015fekilde bakt\u0131lar ve rehberlik ettiler.<\/p>\n<p>Az \u00f6nce size verdi\u011fim diplomalar, ilkokulda ge\u00e7irdi\u011finiz alt\u0131 y\u0131l boyunca \u00f6\u011frendi\u011finiz ve geli\u015ftirdi\u011finiz her \u015feyi i\u00e7eriyor. \u0130lkokul m\u00fcfredat\u0131n\u0131z\u0131 ba\u015far\u0131yla tamamlad\u0131\u011f\u0131n\u0131z\u0131n kan\u0131t\u0131d\u0131r.<\/p>\n<p>L\u00fctfen bu diplomay\u0131 elinizde tutarak, son alt\u0131 y\u0131lda ya\u015fad\u0131\u011f\u0131n\u0131z t\u00fcm emek, \u00fcz\u00fcnt\u00fc, mutluluk ve daha bir\u00e7ok an\u0131y\u0131 ta\u015f\u0131yarak, gurur ve \u00f6zg\u00fcvenle ortaokula devam edin.<\/p>\n<p>Mezun olurken hepinize iki veda s\u00f6z\u00fc s\u00f6ylemek istiyorum.<\/p>\n<p>Birincisi, kendi kimli\u011finize g\u00fcvenmenizdir.<br \/>\nHer birinizin y\u00fcz\u00fc ve ki\u015fili\u011fi farkl\u0131 oldu\u011fu gibi, g\u00fc\u00e7l\u00fc y\u00f6nlerinizi ortaya koyabilece\u011finiz f\u0131rsatlar da farkl\u0131d\u0131r. \u00c7\u00fcnk\u00fc her biriniz e\u015fsiz ve benzersizsiniz. Kendinizi ba\u015fkalar\u0131yla kar\u015f\u0131la\u015ft\u0131rman\u0131n hi\u00e7bir anlam\u0131 yok. \u00d6ncelikle kendinize ve kim oldu\u011funuza g\u00fcvenin. Her \u00e7al\u0131\u015fan\u0131n bireyselli\u011fini ve yeteneklerini m\u00fcmk\u00fcn olan en \u00fcst d\u00fczeyde geli\u015ftirmesine yard\u0131mc\u0131 olaca\u011f\u0131z. \u00d6n\u00fcm\u00fczdeki uzun ya\u015fam\u0131n\u0131zda yeteneklerinizi ortaya koyman\u0131z\u0131 sa\u011flayacak sa\u011flam bir temel olu\u015fturman\u0131z\u0131 umuyorum. Kendinden asla vazge\u00e7me.<\/p>\n<p>\u0130kinci husus ise hedef belirlemektir.<br \/>\nSonsuz olas\u0131l\u0131klara sahipsiniz. Herkese e\u015fit miktarda zaman verilir. Size verilen zaman\u0131 nas\u0131l de\u011ferlendirdi\u011finiz hayat\u0131n\u0131z\u0131 de\u011fi\u015ftirecektir. Her g\u00fcn\u00fc dolu dolu ya\u015fay\u0131p her an\u0131n k\u0131ymetini bilmelisiniz. Hayalleriniz i\u00e7in \u00e7al\u0131\u015fmaya devam edin. Ancak hayaller her zaman ger\u00e7ek olmuyor.<\/p>\n<p>Hayalleriniz ger\u00e7ek olsun ya da olmas\u0131n, denemezseniz asla ger\u00e7ek olmayacaklard\u0131r. Her \u015fey yolunda gitmese bile pes etmeyin ve hayallerinizi ger\u00e7ekle\u015ftirmek i\u00e7in \u00e7al\u0131\u015fmaya devam edin. Kendi gelece\u011finizi \u015fekillendirirken bu iki \u015feyi akl\u0131n\u0131zda tutman\u0131z\u0131 umuyorum.<\/p>\n<p>B\u00fct\u00fcn velilere birka\u00e7 s\u00f6z s\u00f6ylemek istiyorum. \u00c7ocu\u011funuzun bug\u00fcn ba\u015far\u0131l\u0131 bir \u015fekilde mezun olmas\u0131n\u0131 kutlamak istiyoruz. \u00c7ocu\u011funuzun nas\u0131l b\u00fcy\u00fcd\u00fc\u011f\u00fcne bakt\u0131\u011f\u0131mda, ya\u015fad\u0131\u011f\u0131m\u0131z t\u00fcm zorluklar\u0131n b\u00fcy\u00fck bir sevince d\u00f6n\u00fc\u015ft\u00fc\u011f\u00fcn\u00fc g\u00f6r\u00fcyorum. \u00c7ocu\u011funuzun sa\u011fl\u0131kl\u0131 ve g\u00fc\u00e7l\u00fc bir \u015fekilde b\u00fcy\u00fcmesini dileriz.<\/p>\n<p>Okulumuzun e\u011fitim faaliyetlerine y\u0131llard\u0131r verdi\u011finiz destek ve i\u015fbirli\u011finizden dolay\u0131 en derin \u015f\u00fckranlar\u0131m\u0131z\u0131 sunmak isteriz.<br \/>\nSon olarak, 19 mezunumuzu parlak geleceklerinden dolay\u0131 tebrik ediyor, t\u00fcm kat\u0131l\u0131mc\u0131lara ve b\u00f6lge halk\u0131na mutluluk ve refah diliyorum.<\/p>\n<p>19 Mart 2020 Hokuryu Kasabas\u0131 Shinryu \u0130lk\u00f6\u011fretim Okulu M\u00fcd\u00fcr\u00fc Yoshimichi Matsunawa<\/p>\n<figure class=\"wp-caption aligncenter\"><a href=\"https:\/\/photos.google.com\/share\/AF1QipMcIHkmEH-VLsUzs4F3Y21j8kQeNbWfTMAUfTOD3T7mzc2NzF8EcpaZmkiEbYqO5A\/photo\/AF1QipPC0FGU9agmcJpisWkdkjYfhpHWEG-sn5mgM6M?key=OG5SSmMzaUxMeDBScHJOaDZER1Q0QkFkVjVzM2ZB\" target=\"_blank\" rel=\"noopener\"><img decoding=\"async\" src=\"https:\/\/lh3.googleusercontent.com\/pw\/AM-JKLWQgK1JG_-hNSJlEirUj0M8-LiVUos-Pshr0j8_FvTTxeVKvdfd1Lui7CWqYXCJv8tWioA9QX_MVleqhRfplkWftT4L4d750hvr_GM0egMAnd-PF3kfdeXK0ockfz3xuIqS-Fe-IJBfHa7TsJT9qCJL=w2000-h1333-no?authuser=0\" width=\"2000\" height=\"1333\" alt=\"&quot;Kendinize g\u00fcvenin&quot; ve &quot;Hedefler belirleyin&quot; mesajlar\u0131\" class=\"size-full\" \/><\/a><figcaption class=\"wp-caption-text\">&quot;Kendinize g\u00fcvenin&quot; ve &quot;Hedefler belirleyin&quot; mesajlar\u0131<\/figcaption><\/figure>\n<h3>Hokuryu Kasabas\u0131 Belediye Ba\u015fkan\u0131 Yutaka Sano&#039;nun tebrik konu\u015fmas\u0131<\/h3>\n<p>&quot;Bug\u00fcn Shinryu \u0130lkokulundan mezun olan 19 \u00f6\u011frenciyi tebrik ediyorum. Ayr\u0131ca \u00e7ocuklar\u0131n\u0131z\u0131n velilerine\/vasilerine mezuniyetlerinden dolay\u0131 i\u00e7ten tebriklerimi iletmek istiyorum.<\/p>\n<p>\u015eimdi sevgili mezunlar, sizler ilkokul hayat\u0131n\u0131zda &quot;dikkatli d\u00fc\u015f\u00fcnmeyi ve \u00e7ok \u00e7al\u0131\u015fmay\u0131&quot; \u00f6\u011frendiniz. Sadece derslerinizde de\u011fil, sporda, hobilerinizde, \u00e7evrenizde neler yapman\u0131z gerekti\u011fi konusunda da kafa yordu\u011funuzu ve cevab\u0131 bulmak i\u00e7in \u00e7ok \u00e7al\u0131\u015ft\u0131\u011f\u0131n\u0131z\u0131 d\u00fc\u015f\u00fcn\u00fcyorum.<\/p>\n<p>Nisan ay\u0131ndan itibaren hepiniz ortaokula ba\u015flayacaks\u0131n\u0131z. Ders \u00e7al\u0131\u015fmak biraz daha zorla\u015fabilir. Kul\u00fcp faaliyetleri de daha s\u0131k\u0131 hale gelebilir. Ama zor veya \u00e7etin diye asla vazge\u00e7meyin. Ba\u015far\u0131s\u0131zl\u0131ktan korkmay\u0131n ve tatmin olana kadar denemeye devam edin.<\/p>\n<p>Son olarak, son alt\u0131 y\u0131ld\u0131r bize yol g\u00f6steren m\u00fcd\u00fcr\u00fcm\u00fcze, t\u00fcm \u00f6\u011fretim g\u00f6revlilerine ve akademik kadroya, ayr\u0131ca \u00e7ok \u00e7al\u0131\u015farak ba\u015far\u0131m\u0131za b\u00fcy\u00fck katk\u0131 sa\u011flayan yerel topluluktaki t\u00fcm insanlara \u015f\u00fckranlar\u0131m\u0131 ve sayg\u0131lar\u0131m\u0131 sunmak istiyorum. Mesaj\u0131m\u0131, mezunlar\u0131m\u0131za hayatlar\u0131ndaki bundan sonraki ad\u0131mlar\u0131nda ba\u015far\u0131lar\u0131n\u0131n devam\u0131n\u0131 dileyerek tamamlamak istiyorum.<\/p>\n<p>18 Mart 2022 Hokuryu Kasabas\u0131 Belediye Ba\u015fkan\u0131, Yutaka Sano<\/p>\n<h3>Kitamachi E\u011fitim Kurulu Konu\u015fmas\u0131<\/h3>\n<p>&quot;B\u00fct\u00fcn mezunlar\u0131 tebrik ediyorum.<\/p>\n<p>Bu y\u0131l okuldaki son y\u0131l\u0131n\u0131z ve COVID-19 salg\u0131n\u0131ndan etkilenmemize ra\u011fmen spor g\u00fcn\u00fc, okul gezileri ve \u00f6\u011frenme sunumlar\u0131 gibi \u00f6nemli etkinlikleri ba\u015far\u0131yla ger\u00e7ekle\u015ftirebildik ve son alt\u0131 y\u0131ld\u0131r birlikte oldu\u011funuz harika arkada\u015flar\u0131n\u0131zla ba\u011flar\u0131n\u0131z\u0131 daha da derinle\u015ftirdi\u011finize inan\u0131yorum.<\/p>\n<p>Ayr\u0131ca \u00f6\u011frenci konseyi faaliyetleri s\u0131ras\u0131nda, en b\u00fcy\u00fck \u00f6\u011frenciler olarak hepinizin k\u00fc\u00e7\u00fck \u00f6\u011frencilere rol model olmak i\u00e7in \u00e7ok \u00e7al\u0131\u015ft\u0131\u011f\u0131n\u0131 g\u00f6rmek bana \u00e7ok g\u00fcven verdi ve ayn\u0131 zamanda b\u00fcy\u00fcd\u00fc\u011f\u00fcn\u00fcz\u00fc hissettirdi.<\/p>\n<p>Son alt\u0131 y\u0131ld\u0131r, yeri doldurulamaz dostlar\u0131n\u0131zla birlikte ya\u015fad\u0131\u011f\u0131n\u0131z \u00e7e\u015fitli deneyimler sonucunda, hem ruhsal hem de fiziksel olarak \u00e7ok geli\u015fti\u011finize inan\u0131yorum. Son alt\u0131 y\u0131ld\u0131r arkada\u015flar\u0131n\u0131zla kurdu\u011funuz ba\u011flar\u0131 s\u00fcrd\u00fcrmenizi umuyorum.<\/p>\n<p>Ortaokul hayat\u0131n\u0131z \u00e7ok farkl\u0131 bir ortam olacak, hem heyecanl\u0131 hem de kayg\u0131l\u0131 hissedebilirsiniz ama sizi koruyan ailenizin ve yerel toplulu\u011funuzun yan\u0131 s\u0131ra sizi destekleyecek arkada\u015flar\u0131n\u0131z\u0131n da oldu\u011funu asla unutmay\u0131n. B\u00fcy\u00fcmeye ve geli\u015fmeye devam etmenizi umuyorum.<\/p>\n<p>K\u00fc\u00e7\u00fck bedenleri ve b\u00fcy\u00fck s\u0131rt \u00e7antalar\u0131yla b\u00fcy\u00fcyen \u00e7ocuklar\u0131n\u0131n, bug\u00fcn zihnen ve bedenen b\u00fcy\u00fcd\u00fc\u011f\u00fcn\u00fc ve iyi birer gen\u00e7 yeti\u015fkin olduklar\u0131n\u0131 g\u00f6rmek, eminim anne babalar i\u00e7in y\u00fcrek \u0131s\u0131tan bir durumdur. Alt\u0131 y\u0131ll\u0131k ilkokul m\u00fcfredat\u0131n\u0131 ba\u015far\u0131yla tamamlad\u0131\u011f\u0131n\u0131z i\u00e7in sizi tebrik etmek istiyoruz.<\/p>\n<p>Son olarak, okul m\u00fcd\u00fcr\u00fcm\u00fcze, t\u00fcm \u00f6\u011fretmenlere, \u00f6\u011frencilere g\u00f6z kulak olan ve destek olan ailelere ve toplumdaki herkese en i\u00e7ten \u015f\u00fckranlar\u0131m\u0131 sunmak istiyorum. Kitary\u016b Kasaba E\u011fitim Kurulu ad\u0131na 122. Shinryu \u0130lkokulu mezuniyet t\u00f6reninde yapt\u0131\u011f\u0131m konu\u015fma burada sona eriyor.<\/p>\n<p>18 Mart 2020 Hokuryu Kasaba E\u011fitim Kurulu\u201d<\/p>\n<h3>Hokuryu Kasabas\u0131 Shinryu \u0130lkokulu PTA Ba\u015fkan\u0131 Say\u0131n Haruo Uematsu&#039;nun tebrik konu\u015fmas\u0131<\/h3>\n<p>&quot;\u0130lkokuldan mezun olan 19 \u00f6\u011frencimizi ve velilerimizi tebrik ediyorum.<\/p>\n<p>Alt\u0131 y\u0131l \u00f6nce nisan ay\u0131nda, ilk okul g\u00fcn\u00fcmde, s\u0131rt\u0131mda b\u00fcy\u00fck bir okul \u00e7antas\u0131yla, y\u00fcz\u00fcmde hafif tedirgin bir ifadeyle benden b\u00fcy\u00fck \u00f6\u011frenciler taraf\u0131ndan kar\u015f\u0131land\u0131m. Yeni ba\u015flayacak olan hayat i\u00e7in heyecanl\u0131 oldu\u011funuza eminim.<\/p>\n<p>Her y\u0131l \u00e7ok \u015fey \u00f6\u011frenmi\u015f olsan\u0131z da, ilkokul hayat\u0131n\u0131z\u0131n ikinci yar\u0131s\u0131n\u0131n COVID-19&#039;un etkileri nedeniyle b\u00fcy\u00fck \u00f6l\u00e7\u00fcde engellendi\u011fini tahmin ediyorum; bu bizim i\u00e7in de yeti\u015fkinler i\u00e7in yeni bir deneyim. G\u00f6r\u00fcnmez vir\u00fcs, her g\u00fcn maske takmak, ate\u015fimizi \u00f6l\u00e7mek ve sosyal mesafeyi korumak gibi ya\u015fam tarz\u0131m\u0131z\u0131 k\u00f6kten de\u011fi\u015ftirdi.<\/p>\n<p>Ancak bu deneyim (her ne kadar \u00e7ok rahats\u0131z edici olsa da) muhtemelen insanlar\u0131n \u00f6nceki hayatlar\u0131ndan ne kadar mutlu olduklar\u0131n\u0131, istedikleri yere k\u0131s\u0131tlama olmadan gitmek istediklerini, maskelerini takmadan arkada\u015flar\u0131yla konu\u015fabildiklerini, spor g\u00fcnlerine ve okul sunumlar\u0131na COVID-19 endi\u015fesi duymadan kat\u0131labildiklerini fark etmelerini sa\u011flam\u0131\u015ft\u0131r. Bak\u0131\u015f a\u00e7\u0131n\u0131z\u0131 de\u011fi\u015ftirdi\u011finizde, s\u0131radan g\u00fcnlerin asl\u0131nda ne kadar g\u00fczel oldu\u011funu fark edersiniz.<\/p>\n<p>&quot;Mutlulu\u011fun s\u0131rr\u0131n\u0131 y\u00fcre\u011finiz belirler&quot; diye bir s\u00f6z vard\u0131r. \u00d6n\u00fcn\u00fczde uzanan uzun ya\u015famda, hangi ortamda olursan\u0131z olun, ya\u015fad\u0131\u011f\u0131n\u0131z her s\u0131radan g\u00fcne \u015f\u00fckretmenizi ve hayat\u0131n\u0131z\u0131 mutlu hissederek ya\u015faman\u0131z\u0131 dilerim.<\/p>\n<p>Bir kez daha, bug\u00fcne kadar \u00e7ocuklar\u0131m\u0131za g\u00f6sterdi\u011finiz \u00f6zverili rehberlik i\u00e7in M\u00fcd\u00fcr Matsunawa&#039;ya ve t\u00fcm \u00f6\u011fretmen kadrosuna en i\u00e7ten \u015f\u00fckranlar\u0131m\u0131 sunmak istiyorum. Ayr\u0131ca t\u00fcm velilerimize, PTA&#039;ya verdikleri s\u00fcrekli destek ve i\u015fbirlikleri i\u00e7in te\u015fekk\u00fcr etmek istiyoruz. Bu vesileyle sizlere en i\u00e7ten \u015f\u00fckranlar\u0131m\u0131 sunmak isterim.<\/p>\n<p>Son olarak t\u00fcm mezunlar\u0131m\u0131z\u0131 tebrik ediyor, ba\u015far\u0131lar\u0131n\u0131n devam\u0131n\u0131 diliyorum.<\/p>\n<p>18 Mart 2022 Haruo Uematsu, PTA Ba\u015fkan\u0131, Shinryu \u0130lk\u00f6\u011fretim Okulu, Hokuryu Kasabas\u0131<\/p>\n<figure class=\"wp-caption aligncenter\"><a href=\"https:\/\/photos.google.com\/share\/AF1QipMcIHkmEH-VLsUzs4F3Y21j8kQeNbWfTMAUfTOD3T7mzc2NzF8EcpaZmkiEbYqO5A\/photo\/AF1QipNQTcC3XKg1Yonxd3DJ7BQ2nhUNi8zeRy9FWxo?key=OG5SSmMzaUxMeDBScHJOaDZER1Q0QkFkVjVzM2ZB\" target=\"_blank\" rel=\"noopener\"><img decoding=\"async\" src=\"https:\/\/lh3.googleusercontent.com\/pw\/AM-JKLWNolJkr5gyRqPiTiO90D3lVOcPIY9cgGGiWedFMSmX9qeUbpOx53PRodSwcMZsNx9axGedM7-j9OYPENXhrmkbJtrxHA6iy95DFSzwcbgD9U_56PODq9smjHG3_rhJDg0GATPNLs6-D2HH78dlUwIX=w2000-h1333-no?authuser=0\" width=\"2000\" height=\"1333\" alt=\"Personel \u00fcyeleri\" class=\"size-full\" \/><\/a><figcaption class=\"wp-caption-text\">Personel \u00fcyeleri<\/figcaption><\/figure>\n<h3>Veda \u015fark\u0131s\u0131: Koro par\u00e7as\u0131 &quot;Asla de\u011fi\u015fmeyen \u015feyler&quot;<\/h3>\n<p>Mezunlar\u0131n hepsi bir araya gelerek vedala\u015ft\u0131 ve maskeleriyle &quot;Things That Never Change&quot; adl\u0131 koro par\u00e7as\u0131n\u0131 s\u00f6yledi.<\/p>\n<figure class=\"wp-caption aligncenter\"><a href=\"https:\/\/photos.google.com\/share\/AF1QipMcIHkmEH-VLsUzs4F3Y21j8kQeNbWfTMAUfTOD3T7mzc2NzF8EcpaZmkiEbYqO5A\/photo\/AF1QipPjmQHhq2SW8CCDzsfx3kf5CXtTuWCjoz9ZgNs?key=OG5SSmMzaUxMeDBScHJOaDZER1Q0QkFkVjVzM2ZB\" target=\"_blank\" rel=\"noopener\"><img decoding=\"async\" src=\"https:\/\/lh3.googleusercontent.com\/pw\/AM-JKLX8QUq5DsythhqCrZ7WpP3TDDk9a61vkc4APaCWWernhsi6aC0ZkbAsAAGmVgf5qpFhk9qSwTcLQlL336GK5iLIBgeT1M1ZSl8NYAM0GnaSGjQDS2sTIFQVLzbv_Bt4_jm-SSCRaGuCt3aPFWzZJqwn=w2000-h1333-no?authuser=0\" width=\"2000\" height=\"1333\" alt=\"T\u00fcm mezunlar\u0131n payla\u015ft\u0131\u011f\u0131 veda s\u00f6zleri\" class=\"size-full\" \/><\/a><figcaption class=\"wp-caption-text\">T\u00fcm mezunlar\u0131n payla\u015ft\u0131\u011f\u0131 veda s\u00f6zleri<\/figcaption><\/figure>\n<p>&quot;Az \u00f6nce m\u00fcd\u00fcr\u00fcm\u00fczden mezuniyet belgelerimizi ald\u0131k. Bu belgeler, alt\u0131 y\u0131l boyunca ge\u00e7irdi\u011fimiz e\u011flenceli zamanlar\u0131n, mutlu zamanlar\u0131n, h\u00fcz\u00fcnl\u00fc zamanlar\u0131n ve \u00e7abalar\u0131n t\u00fcm an\u0131lar\u0131yla dolu.<\/p>\n<p>Alt\u0131 y\u0131l \u00f6nce nisan ay\u0131nda, k\u00fc\u00e7\u00fck \u00e7ocuklar olarak Shinryu \u0130lkokuluna girdik. Hi\u00e7bir \u015fey bilmesek bile, de\u011ferli b\u00fcy\u00fcklerimiz bize \u00e7ok \u015fey \u00f6\u011frettiler. Herkes \u00e7ok tatl\u0131yd\u0131 ve zaman zaman \u00e7ok yard\u0131mseverlerdi, bu y\u00fczden bana \u00e7ok yard\u0131mc\u0131 oldular.<\/p>\n<p>Harika son s\u0131n\u0131f \u00f6\u011frencileri ve gen\u00e7lerle \u00e7evrili, harika alt\u0131 y\u0131l ge\u00e7irme f\u0131rsat\u0131 buldum. Okul hayat\u0131m boyunca bir\u00e7ok \u015feye minnettar olmay\u0131 kendime meydan okumay\u0131 \u00f6\u011frendim. Son alt\u0131 y\u0131ld\u0131r ya\u015fad\u0131\u011f\u0131m\u0131z t\u00fcm duygularla, hedefler do\u011frultusunda \u00e7ok \u00e7al\u0131\u015fman\u0131n ve asla pes etmemenin \u00f6nemini, dostlar\u0131m\u0131z\u0131n \u00f6nemini ve harikal\u0131\u011f\u0131n\u0131 dile getirerek &quot;Asla De\u011fi\u015fmeyen \u015eeyler&quot; \u015fark\u0131s\u0131n\u0131 s\u00f6yleyece\u011fiz.<\/p>\n<figure class=\"wp-caption aligncenter\"><a href=\"https:\/\/photos.google.com\/share\/AF1QipMcIHkmEH-VLsUzs4F3Y21j8kQeNbWfTMAUfTOD3T7mzc2NzF8EcpaZmkiEbYqO5A\/photo\/AF1QipMZ8opdXBAXQdIKQQVYkuaenLVQGsyjgsyxUqk?key=OG5SSmMzaUxMeDBScHJOaDZER1Q0QkFkVjVzM2ZB\" target=\"_blank\" rel=\"noopener\"><img decoding=\"async\" src=\"https:\/\/lh3.googleusercontent.com\/pw\/AM-JKLVIoWnoYb9LNVa8iVqYz9BGOMK6R3c5vuMs6jzsZM6y09jXOhChaMl8ArbRuJgVKa0hm1Jqml6-tBLqVye82B5V5Sb_72PDi1lFEbgoDE_2fIWfPODim47Uj_KA_1_g6vBb0updzkhVTgkfgzL_hxSF=w2000-h1333-no?authuser=0\" width=\"2000\" height=\"1333\" alt=\"\u0130lham veren s\u00f6zlerle dolup ta\u015fan duygular. . .\" class=\"size-full\" \/><\/a><figcaption class=\"wp-caption-text\">\u0130lham veren s\u00f6zlerle dolup ta\u015fan duygular. . .<\/figcaption><\/figure>\n<h4>Mako Yamazaki&#039;nin besteledi\u011fi Mezun Koro \u015eark\u0131s\u0131 &quot;De\u011fi\u015fmeyen \u015eeyler&quot;<\/h4>\n<blockquote><p>\nSen buradas\u0131n, ben buraday\u0131m ve geriye bakt\u0131\u011f\u0131mda bir g\u00fcl\u00fcmseme var<br \/>\nKiraz \u00e7i\u00e7ekleri a\u00e7t\u0131, mevsimler de\u011fi\u015fti ve sen yine de oradayd\u0131n<\/p>\n<p>Uzak, \u00e7ok uzaklarda, tepeye do\u011fru y\u00fckselen s\u0131cak sis, manzara bir g\u00fcn de\u011fi\u015fse bile<br \/>\nKalbimde hi\u00e7 de\u011fi\u015fmeyen bir \u015fey var<\/p>\n<p>Tan\u0131\u015fm\u0131\u015f olman\u0131n mutlulu\u011funu ya\u015fayarak y\u00fcr\u00fcmeye devam edelim<br \/>\nBir y\u0131l sonra, 10 y\u0131l sonra ve sonsuza kadar<\/p>\n<p>\u00dczg\u00fcn, mutlu ya da ac\u0131 \u00e7ekti\u011fimde yan\u0131mdayd\u0131n<br \/>\n\u00c7ok do\u011fal g\u00f6r\u00fcnen manzaran\u0131n i\u00e7indeydin<\/p>\n<p>Sonsuza kadar hareketsiz duramam<br \/>\nBir g\u00fcn o eli b\u0131rakt\u0131\u011f\u0131nda, kendi gelece\u011fini yakala<\/p>\n<p>Sen orada oldu\u011fun i\u00e7in, elimden gelenin en iyisini yapabildim, birbirimizi destekleyebildim, payla\u015fabildim.<br \/>\nBana bu kadar \u00e7ok sevgi verdi\u011fin i\u00e7in te\u015fekk\u00fcr ederim<\/p>\n<p>Tan\u0131\u015fm\u0131\u015f olman\u0131n mutlulu\u011funu ya\u015fayarak y\u00fcr\u00fcmeye devam edelim<br \/>\nBir y\u0131l sonra, on y\u0131l sonra, bu duygular bundan sonra sonsuza dek de\u011fi\u015fmeden kalacak<\/p><\/blockquote>\n<figure class=\"wp-caption aligncenter\"><a href=\"https:\/\/photos.google.com\/share\/AF1QipMcIHkmEH-VLsUzs4F3Y21j8kQeNbWfTMAUfTOD3T7mzc2NzF8EcpaZmkiEbYqO5A\/photo\/AF1QipNKLtcF1o-tZ8WjcJ2-mWSS54_DBtZ4SzE403U?key=OG5SSmMzaUxMeDBScHJOaDZER1Q0QkFkVjVzM2ZB\" target=\"_blank\" rel=\"noopener\"><img decoding=\"async\" src=\"https:\/\/lh3.googleusercontent.com\/pw\/AM-JKLWqxtV7fSkyUGM-turs7Jw8ODJuREpaqIukdXZLgtvHWweRcFGVHE4IssadRn30JPwQcwssNNEymI9XOz40VuqzphKxJmVOeNbN5UyY9Sw1HT7TfRxg1gip3LdzuPH_dRxCvC3OquFaAr6q2mleKh14=w2000-h1333-no?authuser=0\" width=\"2000\" height=\"1333\" alt=\"Mako Yamazaki&#039;nin besteledi\u011fi &quot;Asla de\u011fi\u015fmeyen \u015feyler&quot; adl\u0131 koro par\u00e7as\u0131\" class=\"size-full\" \/><\/a><figcaption class=\"wp-caption-text\">Mako Yamazaki&#039;nin besteledi\u011fi &quot;Asla de\u011fi\u015fmeyen \u015feyler&quot; adl\u0131 koro par\u00e7as\u0131<\/figcaption><\/figure>\n<p>Bizi bazen kat\u0131 bir \u015fekilde yeti\u015ftiren \u00f6\u011fretmenlerimize, bize \u015fefkatle bakanlara, bize g\u00f6z kulak olan, bizi destekleyen ve her g\u00fcn bizi b\u00fcy\u00fcten babalar\u0131m\u0131za ve annelerimize te\u015fekk\u00fcr ederiz! \u00e7ok te\u015fekk\u00fcr ederim!<\/p>\n<p>Hep birlikte &quot;\u00c7ok te\u015fekk\u00fcr ederim!&quot; diye ba\u011f\u0131rd\u0131k.<\/p>\n<figure class=\"wp-caption aligncenter\"><a href=\"https:\/\/photos.google.com\/share\/AF1QipMcIHkmEH-VLsUzs4F3Y21j8kQeNbWfTMAUfTOD3T7mzc2NzF8EcpaZmkiEbYqO5A\/photo\/AF1QipMpQcy5I9eXVfpvreWit07_eFgeGVBr9DLm-dY?key=OG5SSmMzaUxMeDBScHJOaDZER1Q0QkFkVjVzM2ZB\" target=\"_blank\" rel=\"noopener\"><img decoding=\"async\" src=\"https:\/\/lh3.googleusercontent.com\/pw\/AM-JKLVfJMBLHb-Y5SmsG3K_vw7KHUhOqYl0XaXTlMyfkOa0Z6x0vGzIEis_NEmmxj6b2awFYZe9as3kwNRjjqlfcF4RB2Jns2ZliIsOWTq6qNB6W44Kk2o2ZkFq2p5cV7zjd6U2Dnay5qKxf9TzaD3ILZu9=w2000-h1333-no?authuser=0\" width=\"2000\" height=\"1333\" alt=\"G\u00fczel \u015fark\u0131 sesinizin yank\u0131lanmas\u0131na izin verin. . .\" class=\"size-full\" \/><\/a><figcaption class=\"wp-caption-text\">G\u00fczel \u015fark\u0131 sesinizin yank\u0131lanmas\u0131na izin verin. . .<\/figcaption><\/figure>\n<h3>Kapan\u0131\u015f konu\u015fmas\u0131<\/h3>\n<p>Kapan\u0131\u015f konu\u015fmas\u0131n\u0131 M\u00fcd\u00fcr Yard\u0131mc\u0131s\u0131 Shiro Tsujiwaki yapt\u0131.<\/p>\n<h3>Mezunlar ayr\u0131l\u0131yor<\/h3>\n<figure class=\"wp-caption aligncenter\"><a href=\"https:\/\/photos.google.com\/share\/AF1QipMcIHkmEH-VLsUzs4F3Y21j8kQeNbWfTMAUfTOD3T7mzc2NzF8EcpaZmkiEbYqO5A\/photo\/AF1QipPIhFclrsfoCwVvWUmulPivIvtHFrwRPngVLPU?key=OG5SSmMzaUxMeDBScHJOaDZER1Q0QkFkVjVzM2ZB\" target=\"_blank\" rel=\"noopener\"><img decoding=\"async\" src=\"https:\/\/lh3.googleusercontent.com\/pw\/AM-JKLUEb3hIP-tosucCW-FIpebO5b3pQhC65-ulW2zg-vmmFlUZHHCtBmvSa2itDghRY4t3gLqi9B99JBEEinC_6UV5mTSG8VeXwOxaPdwSyYlpKXf8yfYOFfujPt-fnMtTovX533qnbGyS0AbGx0myix4s=w2000-h1333-no?authuser=0\" width=\"2000\" height=\"1333\" alt=\"Mezunlar ayr\u0131l\u0131yor\" class=\"size-full\" \/><\/a><figcaption class=\"wp-caption-text\">Mezunlar ayr\u0131l\u0131yor<\/figcaption><\/figure>\n<figure class=\"wp-caption aligncenter\"><a href=\"https:\/\/photos.google.com\/share\/AF1QipMcIHkmEH-VLsUzs4F3Y21j8kQeNbWfTMAUfTOD3T7mzc2NzF8EcpaZmkiEbYqO5A\/photo\/AF1QipPX1aH3nGcAKyqFyc72EUZeQz6xR2ZyBEit9Uc?key=OG5SSmMzaUxMeDBScHJOaDZER1Q0QkFkVjVzM2ZB\" target=\"_blank\" rel=\"noopener\"><img decoding=\"async\" src=\"https:\/\/lh3.googleusercontent.com\/pw\/AM-JKLXsOD5BeFxMdeSU9zWkftVajAuWvc17ViW5IPg3gvAsu1h57FIhth5fH9hHaP1bSCCP3rYnHmVVi9FS2pLMcDJrxmHA_SG1W6ZHfahdXgnVJ9Hfhu_l1e4GIeOihutiCbbjUalZo_Xn29Y80oMt-5ra=w2000-h1333-no?authuser=0\" width=\"2000\" height=\"1333\" alt=\"Alk\u0131\u015flar aras\u0131nda yava\u015f\u00e7a sahneden iniyor.\" class=\"size-full\" \/><\/a><figcaption class=\"wp-caption-text\">Alk\u0131\u015flar aras\u0131nda yava\u015f\u00e7a sahneden iniyor.<\/figcaption><\/figure>\n<h2>Mezunlar\u0131 u\u011furlamak<\/h2>\n<p>Mezunlar ayr\u0131ld\u0131ktan sonra okul binas\u0131n\u0131n d\u0131\u015f\u0131na \u00e7\u0131k\u0131yoruz. Mezunlar okul giri\u015finden kap\u0131ya do\u011fru yakla\u015f\u0131rken, mevcut \u00f6\u011frenciler ve veliler s\u0131raya girerek onlar\u0131 alk\u0131\u015flayarak u\u011furlad\u0131lar.<\/p>\n<figure class=\"wp-caption aligncenter\"><a href=\"https:\/\/photos.google.com\/share\/AF1QipMcIHkmEH-VLsUzs4F3Y21j8kQeNbWfTMAUfTOD3T7mzc2NzF8EcpaZmkiEbYqO5A\/photo\/AF1QipNwuQOs1IdhMDtBZfX73DNFL9m92rjOYICI8FU?key=OG5SSmMzaUxMeDBScHJOaDZER1Q0QkFkVjVzM2ZB\" target=\"_blank\" rel=\"noopener\"><img decoding=\"async\" src=\"https:\/\/lh3.googleusercontent.com\/pw\/AM-JKLU57y40zv_0XQ37itd_BBY4RMWCdykjh0a_soS2cyTmyhI_GMV4kQDR_UuiqWJ_cJYJehgJWAtWMR-no-lQ-dPml5cwY4FSHzk6rU0Y3JSjCZSxrud3kJIVePIHSVa_0PF8ytUGded0-Hlpu7tqvVkw=w2000-h1333-no?authuser=0\" width=\"2000\" height=\"1333\" alt=\"Mevcut \u00f6\u011frencilerin u\u011furlan\u0131rken alk\u0131\u015flar\u0131\" class=\"size-full\" \/><\/a><figcaption class=\"wp-caption-text\">Mevcut \u00f6\u011frencilerin u\u011furlan\u0131rken alk\u0131\u015flar\u0131<\/figcaption><\/figure>\n<figure class=\"wp-caption aligncenter\"><a href=\"https:\/\/photos.google.com\/share\/AF1QipMcIHkmEH-VLsUzs4F3Y21j8kQeNbWfTMAUfTOD3T7mzc2NzF8EcpaZmkiEbYqO5A\/photo\/AF1QipPBY8VPs8qcu44U2aCE-bGOra1gT9wlu-1jOI4?key=OG5SSmMzaUxMeDBScHJOaDZER1Q0QkFkVjVzM2ZB\" target=\"_blank\" rel=\"noopener\"><img decoding=\"async\" src=\"https:\/\/lh3.googleusercontent.com\/pw\/AM-JKLVf6EpbC5bBbEwdFLcucuh6Ehzaaksty5slHW-1n7hjnQj92vg-3G_jW1FHhj6sNEZ-5Cj1BHyf36fL_BixCI0weY5vfecyDU0FdsRGAybissGKn5W1nDnI_8FfTcrl_BKW1incZDDYkmwXro8cuecR=w2000-h1333-no?authuser=0\" width=\"2000\" height=\"1333\" alt=\"Ebeveynler taraf\u0131ndan g\u00f6zetilmek. . .\" class=\"size-full\" \/><\/a><figcaption class=\"wp-caption-text\">Ebeveynler taraf\u0131ndan g\u00f6zetilmek. . .<\/figcaption><\/figure>\n<p>Kalplerinde de\u011ferli an\u0131lar, g\u00f6zlerinde b\u00fcy\u00fck hayaller ve umutlarla mezun olan, \u015fu anki \u00f6\u011frencilerin ve velilerinin derin sevgisiyle g\u00f6zetilen t\u00fcm mezunlar\u0131m\u0131za s\u0131n\u0131rs\u0131z sevgimizi, \u015f\u00fckranlar\u0131m\u0131z\u0131 ve dualar\u0131m\u0131z\u0131 g\u00f6nderiyoruz. . .<\/p>\n<figure class=\"wp-caption aligncenter\"><a href=\"https:\/\/photos.google.com\/share\/AF1QipMcIHkmEH-VLsUzs4F3Y21j8kQeNbWfTMAUfTOD3T7mzc2NzF8EcpaZmkiEbYqO5A\/photo\/AF1QipN2_eiZsOa4UEYQxuOOKKJfr5wZijpWMlN1ZIA?key=OG5SSmMzaUxMeDBScHJOaDZER1Q0QkFkVjVzM2ZB\" target=\"_blank\" rel=\"noopener\"><img decoding=\"async\" src=\"https:\/\/lh3.googleusercontent.com\/pw\/AM-JKLU-tyoxFwll81jA20Us4OrGQdQI95fXlGIo3-pxkmKkW4YrahDSmmlCqEUkaPnoV8qYH0Pn96oSdOlB3kiPzJITyBKu8gaE0mc462wC4OaEB11_TjjxrSw01Ty5IdFqFJtyZ9RA8zzRJy5annR5SNW9=w2000-h1333-no?authuser=0\" width=\"2000\" height=\"1333\" alt=\"Mevcut \u00f6\u011frencilerin mezuniyetini kutlayan harika bir mesaj panosu!\" class=\"size-full\" \/><\/a><figcaption class=\"wp-caption-text\">Mevcut \u00f6\u011frencilerin mezuniyetini kutlayan harika bir mesaj panosu!<\/figcaption><\/figure>\n<h2>Di\u011fer foto\u011fraflar<\/h2>\n<div class=\"img-move\">\n<img decoding=\"async\" src=\"https:\/\/ehokkaido.net\/wp-content\/uploads\/2021\/12\/2021-12-06-11.41.12.png\" style=\"vertical-align:middle;\"> <a href=\"https:\/\/photos.app.goo.gl\/d73JeZS25Aoior7PA\" target=\"_blank\" rel=\"noopener noreferrer\">Hokuryu Town Shinryu \u0130lkokulu&#039;nun 122. Mezuniyet T\u00f6reni&#039;nden foto\u011fraflar (119 foto\u011fraf) burada &gt;&gt;<\/a><\/div>\n<p>\u25c7 \u00c7ekim ve kurgu: Noboru Terauchi R\u00f6portaj ve metin: Ikuko Terauchi<\/p>","protected":false},"excerpt":{"rendered":"<p>\uff12\uff10\uff12\uff12\u5e74\uff13\u6708\uff12\uff12\u65e5\uff08\u706b\uff09 \uff13\u6708\uff11\uff18\u65e5\uff08\u91d1\uff09\uff11\uff10\uff1a\uff10\uff10\u301c\u3001\u5317\u7adc\u753a\u7acb\u771f\u7adc\u5c0f\u5b66\u6821\u7b2c\uff11\uff12\uff12\u56de\u5352\u696d\u8a3c\u66f8\u6388\u4e0e\u5f0f\u304c\u884c\u308f\u308c\u307e\u3057\u305f\u3002 \u5317\u7adc\u753a\u7acb \u771f\u7adc\u5c0f\u5b66\u6821 \u5352\u696d\u8a3c\u66f8\u6388\u4e0e\u5f0f\u4f1a\u5834\uff08\u4f53\u80b2\u9928\uff09 \u4eca\u5e74\u3082\u3001\u65b0\u578b\u30b3\u30ed\u30ca\u30a6\u30a4\u30eb\u611f\u67d3\u75c7 [&hellip;]<\/p>\n","protected":false},"author":1,"featured_media":17349,"comment_status":"open","ping_status":"open","sticky":false,"template":"","format":"standard","meta":{"footnotes":""},"categories":[4],"tags":[],"class_list":["post-17315","post","type-post","status-publish","format-standard","has-post-thumbnail","hentry","category-cover-story"],"_links":{"self":[{"href":"https:\/\/portal.hokuryu.info\/tr\/wp-json\/wp\/v2\/posts\/17315","targetHints":{"allow":["GET"]}}],"collection":[{"href":"https:\/\/portal.hokuryu.info\/tr\/wp-json\/wp\/v2\/posts"}],"about":[{"href":"https:\/\/portal.hokuryu.info\/tr\/wp-json\/wp\/v2\/types\/post"}],"author":[{"embeddable":true,"href":"https:\/\/portal.hokuryu.info\/tr\/wp-json\/wp\/v2\/users\/1"}],"replies":[{"embeddable":true,"href":"https:\/\/portal.hokuryu.info\/tr\/wp-json\/wp\/v2\/comments?post=17315"}],"version-history":[{"count":0,"href":"https:\/\/portal.hokuryu.info\/tr\/wp-json\/wp\/v2\/posts\/17315\/revisions"}],"wp:featuredmedia":[{"embeddable":true,"href":"https:\/\/portal.hokuryu.info\/tr\/wp-json\/wp\/v2\/media\/17349"}],"wp:attachment":[{"href":"https:\/\/portal.hokuryu.info\/tr\/wp-json\/wp\/v2\/media?parent=17315"}],"wp:term":[{"taxonomy":"category","embeddable":true,"href":"https:\/\/portal.hokuryu.info\/tr\/wp-json\/wp\/v2\/categories?post=17315"},{"taxonomy":"post_tag","embeddable":true,"href":"https:\/\/portal.hokuryu.info\/tr\/wp-json\/wp\/v2\/tags?post=17315"}],"curies":[{"name":"wp","href":"https:\/\/api.w.org\/{rel}","templated":true}]}}