{"id":17223,"date":"2022-03-15T13:40:56","date_gmt":"2022-03-15T04:40:56","guid":{"rendered":"https:\/\/portal.hokuryu.info\/?p=17223"},"modified":"2022-03-18T11:45:02","modified_gmt":"2022-03-18T02:45:02","slug":"hokuryu-kasabasi-hokuryu-ortaokulu-75-mezuniyet-toreni","status":"publish","type":"post","link":"https:\/\/portal.hokuryu.info\/tr\/17223\/","title":{"rendered":"Hokuryu Kasabas\u0131 Hokuryu Ortaokulu 75. Mezuniyet T\u00f6reni - Mozaik Sanat\u0131 Mezuniyeti Kutluyor"},"content":{"rendered":"<p>Sal\u0131, 15 Mart 2022<\/p>\n<p>Hokuryu Kasabas\u0131 Hokuryu Ortaokulu&#039;nun 75. mezuniyet t\u00f6reni 12 Mart Cumartesi g\u00fcn\u00fc saat 09:40&#039;ta ger\u00e7ekle\u015ftirildi.<\/p>\n<h2>Hokuryu Kasabas\u0131 Hokuryu Ortaokulu<\/h2>\n<figure class=\"wp-caption aligncenter\"><a href=\"https:\/\/photos.google.com\/share\/AF1QipMZfYJhXqWMgGA4TeVuWMd--AkdgOJdBIgauUvGSwRkJNFCW7HvmuafjiMoyY-nzw\/photo\/AF1QipNwaZGqeMb7iLFYinQ_ILwXetyMvh_PuyBQXGw?key=OXpBaTN4Nkc4RGFVc3NwQmo4dHhhRGxrdkhxWERR\" target=\"_blank\" rel=\"noopener\"><img decoding=\"async\" src=\"https:\/\/lh3.googleusercontent.com\/pw\/AM-JKLXD-nnweCHonXGnNkXTJKtJgHAoc8Pis3vF_jDaWK41XA6FMBxP34qkaDCx5UmyMmdxpfLErAqwF37h3s-46UmBOpOTh5NiLHOSGzz27z2PImC3wu1TD49twppnYtuGXSbGElTVrAIAISn92WgStnfI=w2000-h1333-no?authuser=0\" width=\"2000\" height=\"1333\" alt=\"Hokuryu Kasabas\u0131 Hokuryu Ortaokulu, ana kap\u0131\" class=\"size-full\" \/><\/a><figcaption class=\"wp-caption-text\">Hokuryu Kasabas\u0131 Hokuryu Ortaokulu, ana kap\u0131<\/figcaption><\/figure>\n<figure class=\"wp-caption aligncenter\"><a href=\"https:\/\/photos.google.com\/share\/AF1QipMZfYJhXqWMgGA4TeVuWMd--AkdgOJdBIgauUvGSwRkJNFCW7HvmuafjiMoyY-nzw\/photo\/AF1QipNb2wd4O-PB8XFUScRuGLzsZRWn671HmKKraoc?key=OXpBaTN4Nkc4RGFVc3NwQmo4dHhhRGxrdkhxWERR\" target=\"_blank\" rel=\"noopener\"><img decoding=\"async\" src=\"https:\/\/lh3.googleusercontent.com\/pw\/AM-JKLUUxG3_F7EAqtlb9HOH9wcnQbnsSGPiWNM0z3dphKovUrGjJb_P-fuGYbeeK_jVgYP1PsW9KHo0KjdJfPrwsjj63PmDWuxEV5T1X52Sa-l2Ce6N-uqwRyXMpXgfVKvNnBDzZI-GeH4zFe5Wa5HiFhbx=w2000-h1333-no?authuser=0\" width=\"2000\" height=\"1333\" alt=\"Hokuryu Kasabas\u0131 Hokuryu Ortaokulu Giri\u015fi\" class=\"size-full\" \/><\/a><figcaption class=\"wp-caption-text\">Hokuryu Kasabas\u0131 Hokuryu Ortaokulu Giri\u015fi<\/figcaption><\/figure>\n<h2>Mezuniyet t\u00f6reni mekan\u0131 (spor salonu)<\/h2>\n<p>Bu y\u0131l, COVID-19&#039;un yay\u0131lmas\u0131n\u0131 \u00f6nlemek amac\u0131yla program\u0131n kapsam\u0131 daralt\u0131l\u0131p saatleri k\u0131salt\u0131ld\u0131, ancak 13 mezun, de\u011ferli y\u0131llar\u0131n\u0131 ge\u00e7irdikleri okullar\u0131ndan, kalplerinde de\u011ferli an\u0131larla ayr\u0131ld\u0131.<\/p>\n<h3>Gelece\u011finiz ayd\u0131nl\u0131k olsun, Kita Ortaokulu dostlar\u0131!<\/h3>\n<figure class=\"wp-caption aligncenter\"><a href=\"https:\/\/photos.google.com\/share\/AF1QipMZfYJhXqWMgGA4TeVuWMd--AkdgOJdBIgauUvGSwRkJNFCW7HvmuafjiMoyY-nzw\/photo\/AF1QipMFefVcCDLpXUcFMgz-m-eotoeOXRo0SCs0254?key=OXpBaTN4Nkc4RGFVc3NwQmo4dHhhRGxrdkhxWERR\" target=\"_blank\" rel=\"noopener\"><img decoding=\"async\" src=\"https:\/\/lh3.googleusercontent.com\/pw\/AM-JKLWAT8IF90Fhz1lmyQCMSYUlxRtiIjEjSt4vfU_r5q2dlFz6rPleVXkXJyDlSpkdzzqOyHN3BF3DZG0HaEC7uqCfI5KW77TnM-U1tz8b0cWbNGlCSkTrMfnuzXoUpV7d9yKWN9lwIHcJT__JEkm25dbh=w2000-h1333-no?authuser=0\" width=\"2000\" height=\"1333\" alt=\"Gelece\u011finiz ayd\u0131nl\u0131k olsun, Kita Ortaokulu dostlar\u0131!\" class=\"size-full\" \/><\/a><figcaption class=\"wp-caption-text\">Gelece\u011finiz ayd\u0131nl\u0131k olsun, Kita Ortaokulu dostlar\u0131!<\/figcaption><\/figure>\n<h2>T\u00fcm \u00f6\u011frencilerin mozaik sanat\u0131<\/h2>\n<p>Etkinli\u011fin yap\u0131ld\u0131\u011f\u0131 spor salonu t\u00fcm \u00f6\u011frencilerin yapt\u0131\u011f\u0131 &quot;mozaik sanat\u0131&quot; ile dekore edildi. Mozaik sanat\u0131, k\u00fc\u00e7\u00fck par\u00e7alar\u0131 kesip yap\u0131\u015ft\u0131rarak tek bir resim olu\u015fturmakla yap\u0131lan bir sanat bi\u00e7imidir.<\/p>\n<p>Ziyarete gelen aileler, nefes kesici g\u00fczellikteki eserler kar\u015f\u0131s\u0131nda b\u00fcy\u00fclenip, bir s\u00fcre onlar\u0131 incelediler.<\/p>\n<figure class=\"wp-caption aligncenter\"><a href=\"https:\/\/photos.google.com\/share\/AF1QipMZfYJhXqWMgGA4TeVuWMd--AkdgOJdBIgauUvGSwRkJNFCW7HvmuafjiMoyY-nzw\/photo\/AF1QipOLld3JqTjcV8B2je7Px70ACMuKR3qKt0YhKnY?key=OXpBaTN4Nkc4RGFVc3NwQmo4dHhhRGxrdkhxWERR\" target=\"_blank\" rel=\"noopener\"><img decoding=\"async\" src=\"https:\/\/lh3.googleusercontent.com\/pw\/AM-JKLWIiwPymv0eW8emYeJGHB9IDO1brKAiOQD7hzqU5iqO_ch6ReQC4M7EnKbKLSTnGg2puJYz7dcYdIco9S7kMYx2TDGaziqkVxREaWELxPkbiSSYk9IPTb5h4nM79QqmYvPhxhxRfjdA0po86l7f9teX=w2000-h1333-no?authuser=0\" width=\"2000\" height=\"1333\" alt=\"Muhte\u015fem mozaik sanat\u0131\" class=\"size-full\" \/><\/a><figcaption class=\"wp-caption-text\">Muhte\u015fem mozaik sanat\u0131<\/figcaption><\/figure>\n<h3>\u0130mkans\u0131z durumlarda bile yeni \u00e7\u0131\u011f\u0131rlar a\u00e7mak<\/h3>\n<p>T\u00fcm okulun bir koro halinde \u015fark\u0131 s\u00f6ylemesi m\u00fcmk\u00fcn olmad\u0131\u011f\u0131ndan, bu fikir, \u00f6\u011fretmenlerin fikir al\u0131\u015fveri\u015finde bulundu\u011fu bir toplant\u0131da Bay Tomonori Matsuno taraf\u0131ndan, \u00f6\u011frencilerin &quot;m\u00fcmk\u00fcn olmad\u0131\u011f\u0131 durumlarda bile yeni ufuklar a\u00e7acak g\u00fcc\u00fc ve canl\u0131l\u0131\u011f\u0131&quot; geli\u015ftirmelerine yard\u0131mc\u0131 olmak amac\u0131yla ortaya at\u0131ld\u0131.<\/p>\n<h3>Okuldaki 32 \u00f6\u011frencinin hepsi bir eser yaratmak i\u00e7in canla ba\u015fla \u00e7al\u0131\u015ft\u0131lar.<\/h3>\n<p>Tasar\u0131mda mezunlar\u0131n sil\u00fcetleri, isimleri ve ay\u00e7i\u00e7ekleri yer al\u0131yor. Bu mozaik, okulda bulunan 32 \u00f6\u011frencinin tamam\u0131 (10 birinci s\u0131n\u0131f, 9 ikinci s\u0131n\u0131f ve 13 \u00fc\u00e7\u00fcnc\u00fc s\u0131n\u0131f) taraf\u0131ndan yarat\u0131ld\u0131.<\/p>\n<p>Her \u00f6\u011frenciye iki adet A3 ka\u011f\u0131t verildi, her birinde k\u00fc\u00e7\u00fck alanlara b\u00f6l\u00fcnm\u00fc\u015f bir kare ve her karenin rengi yaz\u0131yordu. \u00d6\u011frenciler her kareyi boyad\u0131lar (yedi renk: siyah, mor, mavi, a\u00e7\u0131k mavi, ye\u015fil, k\u0131rm\u0131z\u0131 ve sar\u0131, beyaz bo\u015f b\u0131rak\u0131ld\u0131).<br \/>\n\u3000<\/p>\n<div class=\"img-move\">\n<div class=\"column column-2\">\n<div class=\"column__item\"><a href=\"https:\/\/photos.google.com\/share\/AF1QipMZfYJhXqWMgGA4TeVuWMd--AkdgOJdBIgauUvGSwRkJNFCW7HvmuafjiMoyY-nzw\/photo\/AF1QipNi1ZxI7baawfKo9E8tjTsffZ04AfcJ7NG0OXY?key=OXpBaTN4Nkc4RGFVc3NwQmo4dHhhRGxrdkhxWERR\" target=\"_blank\" rel=\"noopener\"><img decoding=\"async\" src=\"https:\/\/lh3.googleusercontent.com\/pw\/AM-JKLVbBZp9psrXV45gc32_R5xv2uiQzniovzyNR9N6OacLhCunheiKI_T40h0KrS6gpOFlrXZc6IWxfGQ7sfuoRpZjqXY395cXW8ua_eQ5-tcLsLR26K6-66mQe86NJnsGxYLWVGfKvkgY91IiOj9Hdjrv=w2000-h1500-no?authuser=0\" alt=\"Orijinal Resim\" \/><br \/>\n<span style=\"font-size: 10pt\">Orijinal Resim<\/span><\/a><\/div>\n<div class=\"column__item\"><a href=\"https:\/\/photos.google.com\/share\/AF1QipMZfYJhXqWMgGA4TeVuWMd--AkdgOJdBIgauUvGSwRkJNFCW7HvmuafjiMoyY-nzw\/photo\/AF1QipMo-vbTWUkdzVd2OyP7dHBrqOODTxRsQREn94M?key=OXpBaTN4Nkc4RGFVc3NwQmo4dHhhRGxrdkhxWERR\" target=\"_blank\" rel=\"noopener\"><img decoding=\"async\" src=\"https:\/\/lh3.googleusercontent.com\/pw\/AM-JKLVuV52UE5c9-WQ2jBXG9oqPu-u3_4SLuNjgY94loOXwd-xXXDL4ooU3KyEuL2PIVlJLbpAx_Inh5gf-2auaBQUMLTNUkEy0HT5gnuhoEe2teqvJfzDcvpqtJIMkrwTexCJu35MfvO7L845TVpjzqfZh=w2000-h1500-no?authuser=0\" alt=\"Mozaik Resim\" \/><br \/>\n<span style=\"font-size: 10pt\">Mozaik Resim<\/span><\/a><\/div>\n<\/div>\n<\/div>\n<div class=\"img-move\">\n<div class=\"column column-2\">\n<div class=\"column__item\"><a href=\"https:\/\/photos.google.com\/share\/AF1QipMZfYJhXqWMgGA4TeVuWMd--AkdgOJdBIgauUvGSwRkJNFCW7HvmuafjiMoyY-nzw\/photo\/AF1QipNi45cTOavf3w1MGrfuuzt5uSqxbtHun4jddRs?key=OXpBaTN4Nkc4RGFVc3NwQmo4dHhhRGxrdkhxWERR\" target=\"_blank\" rel=\"noopener\"><img decoding=\"async\" src=\"https:\/\/lh3.googleusercontent.com\/pw\/AM-JKLXQe_uyWHt8TD_rkO-Y8RmVfC0HXMYhkeJjewnY1_EHDLWXlcbcXWQEpKBfwmlZv1JtiGehlkXzQqrJIPGO0W63Ko41als6OdgD9ok937YAHF65yuc_u5XlZHV7KjWFdOsn3dsf-MjKw8-_7Lkj0h78=w2000-h1500-no?authuser=0\" alt=\"Her kareyi renklendirin\" \/><br \/>\n<span style=\"font-size: 10pt\">Her kareyi renklendirin<\/span><\/a><\/div>\n<div class=\"column__item\"><a href=\"https:\/\/photos.google.com\/share\/AF1QipMZfYJhXqWMgGA4TeVuWMd--AkdgOJdBIgauUvGSwRkJNFCW7HvmuafjiMoyY-nzw\/photo\/AF1QipP7ggxm7Fa5aEyUy6_BQa_L-3UIXaACnqeSdXY?key=OXpBaTN4Nkc4RGFVc3NwQmo4dHhhRGxrdkhxWERR\" target=\"_blank\" rel=\"noopener\"><img decoding=\"async\" src=\"https:\/\/lh3.googleusercontent.com\/pw\/AM-JKLUPtadEP1iaGUydFM-pr9_Za8sePG2sLo2KOelc25Y_XobV_5_DYslUBJ5A7WxTRIu-HSB-08VX_qCoJBETZ8vjSoyCaZ4zb1sKinwJjm06c4qyHqOCyJJbjyKNWRPyU67xWiZ24Zkosj4qVAHYrf97=w2000-h1500-no?authuser=0\" alt=\"Resmin nas\u0131l g\u00f6r\u00fcnece\u011fini hayal edin\" \/><br \/>\n<span style=\"font-size: 10pt\">Resmin nas\u0131l g\u00f6r\u00fcnece\u011fini hayal edin<\/span><\/a><\/div>\n<\/div>\n<\/div>\n<h3>Mezunlar\u0131n co\u015fkulu sevin\u00e7, minnettarl\u0131k, umut ve kararl\u0131l\u0131k duygular\u0131<\/h3>\n<p>\u00d6\u011frencilere son \u00fcr\u00fcn hakk\u0131nda bilgi verilmedi ve yakla\u015f\u0131k iki hafta boyunca ka\u011f\u0131d\u0131 renklendirdiler. Daha sonra, 64 renkli ka\u011f\u0131d\u0131n tamam\u0131n\u0131 birle\u015ftirip bir destek ka\u011f\u0131d\u0131na yap\u0131\u015ft\u0131rarak harika bir sanat eseri yaratt\u0131lar!<\/p>\n<p>Eser, mezun olan \u00f6\u011frencilerin tebrik ve \u015f\u00fckran duygular\u0131n\u0131n yan\u0131 s\u0131ra, mezunlar\u0131n co\u015fkulu sevin\u00e7, minnettarl\u0131k, umut ve kararl\u0131l\u0131k duygular\u0131yla doludur.<\/p>\n<figure class=\"wp-caption aligncenter\"><a href=\"https:\/\/photos.google.com\/share\/AF1QipMZfYJhXqWMgGA4TeVuWMd--AkdgOJdBIgauUvGSwRkJNFCW7HvmuafjiMoyY-nzw\/photo\/AF1QipO6FUjnpN9uq3BTZWKKGuseNcQacQwVR7p7-_4?key=OXpBaTN4Nkc4RGFVc3NwQmo4dHhhRGxrdkhxWERR\" target=\"_blank\" rel=\"noopener\"><img decoding=\"async\" src=\"https:\/\/lh3.googleusercontent.com\/pw\/AM-JKLVI8gd4Qv00EWR-bRl_qXrRJs3yC3IQuDV0DhUkjFFK8doiQnQkV-nRtK66b47X-oTbKupdUZdtL5es0Q1xz-QV0ewuENt86u3rrvY78faXNj87Yoi4J2Qq6M0_oVvbIfs6kIencHdY97-OROo4NAB8=w2000-h1333-no?authuser=0\" width=\"2000\" height=\"1333\" alt=\"T\u00fcm \u00f6\u011frencilerin d\u00fc\u015f\u00fcnceleriyle dolu mozaik sanat\u0131\" class=\"size-full\" \/><\/a><figcaption class=\"wp-caption-text\">T\u00fcm \u00f6\u011frencilerin d\u00fc\u015f\u00fcnceleriyle dolu mozaik sanat\u0131<\/figcaption><\/figure>\n<h2>Mezuniyet \u00e7al\u0131\u015fmalar\u0131: &quot;Alkol Da\u011f\u0131t\u0131c\u0131s\u0131&quot; ve &quot;M\u00fch\u00fcr Oymac\u0131l\u0131\u011f\u0131&quot;<\/h2>\n<p>Ayr\u0131ca, &quot;Alkol makinesi&quot; ve &quot;M\u00fch\u00fcr oymac\u0131l\u0131\u011f\u0131 (Ta\u015fa isim kaz\u0131ma)&quot; gibi mezuniyet \u00e7al\u0131\u015fmalar\u0131 da sergilenecek.<\/p>\n<h3>Teknoloji s\u0131n\u0131f\u0131nda yap\u0131lm\u0131\u015f bir alkol da\u011f\u0131t\u0131c\u0131s\u0131<\/h3>\n<figure class=\"wp-caption aligncenter\"><a href=\"https:\/\/photos.google.com\/share\/AF1QipMZfYJhXqWMgGA4TeVuWMd--AkdgOJdBIgauUvGSwRkJNFCW7HvmuafjiMoyY-nzw\/photo\/AF1QipO98toPgPpTuVzGQcU1K-olxUafrOCrU6JyRes?key=OXpBaTN4Nkc4RGFVc3NwQmo4dHhhRGxrdkhxWERR\" target=\"_blank\" rel=\"noopener\"><img decoding=\"async\" src=\"https:\/\/lh3.googleusercontent.com\/pw\/AM-JKLW8Kf3v0_jK9rS-lqmfTey7OYGONGDd_STm3PYO_HHLqNa9qGFfSFoROSpjDSOsLwIr7fLaQMJMYGr09gJdPb6X2YJ-gP5OeF8C_NHKQxctr7XL0aWAzkXCPHbR7rWXQPBhzcCCdKd95P6nsoshr948=w2000-h1333-no?authuser=0\" width=\"2000\" height=\"1333\" alt=\"Alkoll\u00fc i\u00e7ecek da\u011f\u0131t\u0131c\u0131 \u00fcretimi\" class=\"size-full\" \/><\/a><figcaption class=\"wp-caption-text\">Alkoll\u00fc i\u00e7ecek da\u011f\u0131t\u0131c\u0131 \u00fcretimi<\/figcaption><\/figure>\n<h3>Mezuniyet An\u0131t\u0131 &quot;M\u00fch\u00fcr Oymac\u0131l\u0131\u011f\u0131&quot;<\/h3>\n<figure class=\"wp-caption aligncenter\"><a href=\"https:\/\/photos.google.com\/share\/AF1QipMZfYJhXqWMgGA4TeVuWMd--AkdgOJdBIgauUvGSwRkJNFCW7HvmuafjiMoyY-nzw\/photo\/AF1QipMLswvOQypHHHaYTBkxy0f7MFr3ntIDHN_HxSU?key=OXpBaTN4Nkc4RGFVc3NwQmo4dHhhRGxrdkhxWERR\" target=\"_blank\" rel=\"noopener\"><img decoding=\"async\" src=\"https:\/\/lh3.googleusercontent.com\/pw\/AM-JKLU9AIGZc-bpiz65kEPd4_scGd6SZ3a0fUzOdSZKVwiXKO6184tLi91SzQzw1yuFyNFW-KHRxndHM5JGtBe6ju8bh5wZ26Ug4Sl5luV6SmbDroSaYBAbBbt_iP1FbBnA04k2G4Ue_zmi300f8NvKNeJH=w2000-h1333-no?authuser=0\" width=\"2000\" height=\"1333\" alt=\"Mezuniyet An\u0131t\u0131 &quot;M\u00fch\u00fcr Oymac\u0131l\u0131\u011f\u0131&quot;\" class=\"size-full\" \/><\/a><figcaption class=\"wp-caption-text\">Mezuniyet An\u0131t\u0131 &quot;M\u00fch\u00fcr Oymac\u0131l\u0131\u011f\u0131&quot;<\/figcaption><\/figure>\n<figure class=\"wp-caption aligncenter\"><a href=\"https:\/\/photos.google.com\/share\/AF1QipMZfYJhXqWMgGA4TeVuWMd--AkdgOJdBIgauUvGSwRkJNFCW7HvmuafjiMoyY-nzw\/photo\/AF1QipNfWDSJTUPiOTBfL9Wa3XfQDrSQG2VYbLKdcC8?key=OXpBaTN4Nkc4RGFVc3NwQmo4dHhhRGxrdkhxWERR\" target=\"_blank\" rel=\"noopener\"><img decoding=\"async\" src=\"https:\/\/lh3.googleusercontent.com\/pw\/AM-JKLWqcbpfxUXKeiAtP4EmlZW3cLCrHNcdxHZnxI2rcC-j2F-zDIw4FiCKJ2fjJkK6RPqajvr6cWfrSDTT97b38EL0pAD4JsiuuzAqzvSVVUfTJZ9KONgqe0J3WUcWIVr1P--tJlJOs9oSD9bSS9h-nVKA=w2000-h1500-no?authuser=0\" width=\"2000\" height=\"1500\" alt=\"Mezunlar\u0131 bekleyen mevcut \u00f6\u011frenciler ve veliler\" class=\"size-full\" \/><\/a><figcaption class=\"wp-caption-text\">Mezunlar\u0131 bekleyen mevcut \u00f6\u011frenciler ve veliler<\/figcaption><\/figure>\n<h2>Hokuryu Kasabas\u0131 Hokuryu Ortaokulu 75. Mezuniyet T\u00f6reni<\/h2>\n<h3>Mezunlar\u0131n kabul\u00fc<\/h3>\n<figure class=\"wp-caption aligncenter\"><a href=\"https:\/\/photos.google.com\/share\/AF1QipMZfYJhXqWMgGA4TeVuWMd--AkdgOJdBIgauUvGSwRkJNFCW7HvmuafjiMoyY-nzw\/photo\/AF1QipMi07OnJtbkWGnVi945N1Uibp9N1wwvj4U2Lcc?key=OXpBaTN4Nkc4RGFVc3NwQmo4dHhhRGxrdkhxWERR\" target=\"_blank\" rel=\"noopener\"><img decoding=\"async\" src=\"https:\/\/lh3.googleusercontent.com\/pw\/AM-JKLX88R4AGeZ8zghrXGXJdF3ur5Hq7VN0IMGBnWZF9pdv1WpHC8m63XeawxdDADAOqSmT-0girKUvYeH_XTlRpXq7812ZQN80z4NFfLiJdW6eY92Pux6TW76HiBNZWSdknjz2FEFUsqSppHD_NYfL0d1b=w2000-h1333-no?authuser=0\" width=\"2000\" height=\"1333\" alt=\"Mezunlar\u0131n kabul\u00fc\" class=\"size-full\" \/><\/a><figcaption class=\"wp-caption-text\">Mezunlar\u0131n kabul\u00fc<\/figcaption><\/figure>\n<figure class=\"wp-caption aligncenter\"><a href=\"https:\/\/photos.google.com\/share\/AF1QipMZfYJhXqWMgGA4TeVuWMd--AkdgOJdBIgauUvGSwRkJNFCW7HvmuafjiMoyY-nzw\/photo\/AF1QipP_BChLYQK-28weKSj4T2n9yJDbrDsKm8s_K1M?key=OXpBaTN4Nkc4RGFVc3NwQmo4dHhhRGxrdkhxWERR\" target=\"_blank\" rel=\"noopener\"><img decoding=\"async\" src=\"https:\/\/lh3.googleusercontent.com\/pw\/AM-JKLX8HaY-Cr5OqRvOKBWz0jUbJgBrkJmO0ukOzPi9hoE7o27rUcflQesiRiKcDOwrbr3Ok84rQ35bFq69VA-5i47jHvZ2uUZQRS0yWjddz879MKoGywRV2MnZBoee-71gbHzpAXVqjyHhvlTKO-4Rymsv=w2000-h1333-no?authuser=0\" width=\"2000\" height=\"1333\" alt=\"De\u011ferli Mezunlar\u0131m\u0131z,\" class=\"size-full\" \/><\/a><figcaption class=\"wp-caption-text\">De\u011ferli Mezunlar\u0131m\u0131z,<\/figcaption><\/figure>\n<h3>A\u00e7\u0131l\u0131\u015f konu\u015fmas\u0131: M\u00fcd\u00fcr Yard\u0131mc\u0131s\u0131 Atsushi Sasaki<\/h3>\n<figure class=\"wp-caption aligncenter\"><a href=\"https:\/\/photos.google.com\/share\/AF1QipMZfYJhXqWMgGA4TeVuWMd--AkdgOJdBIgauUvGSwRkJNFCW7HvmuafjiMoyY-nzw\/photo\/AF1QipO3N5-So3gBAHC1JLtObZNOEmEoQ6T3KJHinks?key=OXpBaTN4Nkc4RGFVc3NwQmo4dHhhRGxrdkhxWERR\" target=\"_blank\" rel=\"noopener\"><img decoding=\"async\" src=\"https:\/\/lh3.googleusercontent.com\/pw\/AM-JKLVu0-48rExx-jb4Ker4tOOt1ux-Oca-XVrr0fwRP8dN1Pkc0NcN99BdfU0I75mC-It-Ji9NitSpW13AIOv_jKz0gEpznNkxqPxidyINfxmfgsgEvSp3TmD7lJGf4p934PyH7PsZ5lpgHh5Qffth2sN1=w2000-h1333-no?authuser=0\" width=\"2000\" height=\"1333\" alt=\"M\u00fcd\u00fcr Yard\u0131mc\u0131s\u0131 Atsushi Sasaki&#039;nin a\u00e7\u0131l\u0131\u015f konu\u015fmas\u0131\" class=\"size-full\" \/><\/a><figcaption class=\"wp-caption-text\">M\u00fcd\u00fcr Yard\u0131mc\u0131s\u0131 Atsushi Sasaki&#039;nin a\u00e7\u0131l\u0131\u015f konu\u015fmas\u0131<\/figcaption><\/figure>\n<figure class=\"wp-caption aligncenter\"><a href=\"https:\/\/photos.google.com\/share\/AF1QipMZfYJhXqWMgGA4TeVuWMd--AkdgOJdBIgauUvGSwRkJNFCW7HvmuafjiMoyY-nzw\/photo\/AF1QipNLjk_kNbod6wOZAhbzX0gvSWUD1vM4qp1O5H8?key=OXpBaTN4Nkc4RGFVc3NwQmo4dHhhRGxrdkhxWERR\" target=\"_blank\" rel=\"noopener\"><img decoding=\"async\" src=\"https:\/\/lh3.googleusercontent.com\/pw\/AM-JKLXgoPt-T5XUKwqAHEmKi3CFdb2jFBPQj21kg3H1oduLRC1XcZAIMp7lIfVNE3n3X3cYhsbeIZrvsd06mE9zx-Fu_mDy898pkjBHU2BJtqujQuGcY-wkVQJOg7J5xxY7hVobNTLvMhhQJg13_4i30OXk=w2000-h1333-no?authuser=0\" width=\"2000\" height=\"1333\" alt=\"T\u00f6ren\" class=\"size-full\" \/><\/a><figcaption class=\"wp-caption-text\">T\u00f6ren<\/figcaption><\/figure>\n<h3>Milli mar\u015f\/okul \u015fark\u0131s\u0131<\/h3>\n<p>\u0130stiklal mar\u015f\u0131 ve okul mar\u015f\u0131 hep birlikte s\u00f6ylenmiyor, \u00e7al\u0131n\u0131rken dinleniliyordu.<\/p>\n<figure class=\"wp-caption aligncenter\"><a href=\"https:\/\/photos.google.com\/share\/AF1QipMZfYJhXqWMgGA4TeVuWMd--AkdgOJdBIgauUvGSwRkJNFCW7HvmuafjiMoyY-nzw\/photo\/AF1QipPN-jvUFBOocuUGjW9FSYGJGxl0hK-IH1amztE?key=OXpBaTN4Nkc4RGFVc3NwQmo4dHhhRGxrdkhxWERR\" target=\"_blank\" rel=\"noopener\"><img decoding=\"async\" src=\"https:\/\/lh3.googleusercontent.com\/pw\/AM-JKLUA1I3l6df2Jd_LAWJ9MyOip9uiBgka1Xjt7LUhu0hKz_R7EKm9l5w3BS_l5kd8xp_11C1Hm2p1QA8CNSW-5IefyUavx7aIhzFHcigoVtt106TbGWI8MDSJUToACvEnmXd6nT883HQ0wgo2mW1QRrwf=w2000-h1500-no?authuser=0\" width=\"2000\" height=\"1500\" alt=\"Milli mar\u015f\/okul mar\u015f\u0131 performans\u0131\" class=\"size-full\" \/><\/a><figcaption class=\"wp-caption-text\">Milli mar\u015f\/okul mar\u015f\u0131 performans\u0131<\/figcaption><\/figure>\n<h3>akademik rapor<\/h3>\n<p>T\u00f6ren s\u00fcresinin k\u0131salt\u0131lmas\u0131 amac\u0131yla akademik raporlar, hediye takdimleri ve konuklar\u0131n tan\u0131t\u0131lmas\u0131 gibi t\u00fcm i\u015flemler yaz\u0131l\u0131 olarak ger\u00e7ekle\u015ftirildi.<\/p>\n<figure class=\"wp-caption aligncenter\"><a href=\"https:\/\/photos.google.com\/share\/AF1QipMZfYJhXqWMgGA4TeVuWMd--AkdgOJdBIgauUvGSwRkJNFCW7HvmuafjiMoyY-nzw\/photo\/AF1QipM8Lm8Wb1WPgmVDCwyfCCt6Q3G9D5ewTY631sA?key=OXpBaTN4Nkc4RGFVc3NwQmo4dHhhRGxrdkhxWERR\" target=\"_blank\" rel=\"noopener\"><img decoding=\"async\" src=\"https:\/\/lh3.googleusercontent.com\/pw\/AM-JKLXfOsy4abSycEfJzaN-8VgwcXhhfPUX5M-nC3mxYdCcNC93rMQ2HwOjHqKyRc5Fbhy5pgcCoRq-g0Fi9l6y-YdYR4_pHA792FRC_38K1WsIDGFJqcWh5nXTNcsVQ13RDXZV7tNSpXdz0rWH_BerE6NY=w2000-h1333-no?authuser=0\" width=\"2000\" height=\"1333\" alt=\"Akademik raporlar yaz\u0131l\u0131 olarak sunulmal\u0131d\u0131r.\" class=\"size-full\" \/><\/a><figcaption class=\"wp-caption-text\">Akademik raporlar yaz\u0131l\u0131 olarak sunulmal\u0131d\u0131r.<\/figcaption><\/figure>\n<h3>Tebrik telgraf\u0131 sunumu<\/h3>\n<p>Art\u0131k koridorlara as\u0131lm\u0131\u015f durumdalar.<\/p>\n<figure class=\"wp-caption aligncenter\"><a href=\"https:\/\/photos.google.com\/share\/AF1QipMZfYJhXqWMgGA4TeVuWMd--AkdgOJdBIgauUvGSwRkJNFCW7HvmuafjiMoyY-nzw\/photo\/AF1QipMPeF6daqgZCBvMkFrpePVR6ypWnZb9ICWC32M?key=OXpBaTN4Nkc4RGFVc3NwQmo4dHhhRGxrdkhxWERR\" target=\"_blank\" rel=\"noopener\"><img decoding=\"async\" src=\"https:\/\/lh3.googleusercontent.com\/pw\/AM-JKLWht-YHIYMdcNE4OK2eCE6cO6TDaa7DJ2gDR-k7-51Sde7KzPnQyTmbWqAbq0LJVAmqktfyIzvWxwdJkX05qkWV9_waysXFtzKdzmWYGwC1aWXjkUJ1HLPCQquEJgBi2lxjzzXBO4Cew5ME7RDVcHOu=w2000-h1333-no?authuser=0\" width=\"2000\" height=\"1333\" alt=\"\u00c7ok say\u0131da tebrik telgraf\u0131\" class=\"size-full\" \/><\/a><figcaption class=\"wp-caption-text\">\u00c7ok say\u0131da tebrik telgraf\u0131<\/figcaption><\/figure>\n<p>Tebrikler yaz\u0131l\u0131 olarak yap\u0131ld\u0131.<\/p>\n<h3>Hokuryu Kasabas\u0131 Belediye Ba\u015fkan\u0131 Yutaka Sano&#039;nun tebrik konu\u015fmas\u0131<\/h3>\n<p>&quot;B\u00fct\u00fcn mezunlar\u0131 tebrik ediyorum.<\/p>\n<p>T\u00fcm ebeveynlere, \u00e7ocuklar\u0131n\u0131z\u0131n mezuniyetini kutluyorum. \u00c7ocuklar\u0131n\u0131z\u0131n zorunlu e\u011fitimi tamamlama gibi \u00f6nemli bir d\u00f6n\u00fcm noktas\u0131na ula\u015f\u0131rken hem fiziksel hem de zihinsel olarak b\u00fcy\u00fcy\u00fcp g\u00fc\u00e7lendiklerini g\u00f6rmek \u00f6zellikle memnuniyet verici olmal\u0131. En i\u00e7ten tebriklerimi sunuyorum.<\/p>\n<p>Art\u0131k mezunlar, zorunlu e\u011fitiminizi tamamlad\u0131n\u0131z ve kendi yolunuzu \u00e7izmeye ve y\u00fcr\u00fcmeye ba\u015flayacaks\u0131n\u0131z.<\/p>\n<p>Bazen e\u011flenceli olabilir, bazen de zor olabilir. Kayboldu\u011funuzda, anne baban\u0131zdan veya arkada\u015flar\u0131n\u0131zdan yard\u0131m isteyebilirsiniz. L\u00fctfen yard\u0131m istemekten \u00e7ekinmeyin. Kesinlikle harika tavsiyeler alacaks\u0131n\u0131z.<\/p>\n<p>Hepimiz gelecekte b\u00fcy\u00fcmenizi g\u00f6rmek i\u00e7in sab\u0131rs\u0131zlan\u0131yoruz. \u0130yi \u015fanslar!<\/p>\n<p>Son olarak, okul m\u00fcd\u00fcr\u00fcm\u00fcze, personelimize ve yerel toplulu\u011fa emekleri ve \u00e7abalar\u0131 i\u00e7in \u015f\u00fckran ve sayg\u0131lar\u0131m\u0131 sunmak istiyorum ve mesaj\u0131m\u0131 t\u00fcm mezunlara hayatlar\u0131ndaki bir sonraki ad\u0131mlar\u0131nda daha fazla ba\u015far\u0131 dileyerek bitirmek istiyorum.<\/p>\n<p>12 Mart 2022 Hokuryu Kasabas\u0131 Belediye Ba\u015fkan\u0131, Yutaka Sano<\/p>\n<h3>Hokuryu Kasaba E\u011fitim Kurulu Konu\u015fmas\u0131<\/h3>\n<p>&quot;B\u00fct\u00fcn mezun \u00f6\u011frencileri tebrik ediyorum. Nisan 2019&#039;da Hokuryu Ortaokuluna girdi\u011finizden beri, \u00fc\u00e7 y\u0131l boyunca \u00e7al\u0131\u015fmalar\u0131n\u0131zda, \u00f6\u011frenci konseyi faaliyetlerinizde, kul\u00fcp faaliyetlerinizde, okul etkinliklerinizde vb. \u00e7ok \u00e7al\u0131\u015ft\u0131n\u0131z ve t\u00fcm e\u011fitim m\u00fcfredat\u0131n\u0131z\u0131 tamamlayabildiniz. Son \u00fc\u00e7 y\u0131ld\u0131r g\u00f6sterdi\u011finiz \u00e7abalar, bug\u00fcnk\u00fc muhte\u015fem g\u00f6r\u00fcn\u00fcm\u00fcn\u00fczde a\u00e7\u0131k\u00e7a g\u00f6r\u00fcl\u00fcyor.<\/p>\n<p>T\u00fcm ebeveynlere, \u00e7ocu\u011funuzun mezuniyetini kutluyorum. Son \u00fc\u00e7 y\u0131lda, \u00e7ocu\u011funuz b\u00fcy\u00fcd\u00fck\u00e7e ve \u00e7e\u015fitli deneyimler biriktirdik\u00e7e ini\u015fler ve \u00e7\u0131k\u0131\u015flar ya\u015fad\u0131\u011f\u0131n\u0131z\u0131 tahmin ediyorum. Bu b\u00fcy\u00fck zihinsel ve fiziksel \u00e7alkant\u0131 d\u00f6neminde, ebeveynlerin s\u0131cak deste\u011fi \u00e7ocuklar i\u00e7in en b\u00fcy\u00fck te\u015fvik olmu\u015f olmal\u0131. Umar\u0131m onlar\u0131n b\u00fcy\u00fcmesini izlemeye devam edersiniz.<\/p>\n<p>Mezunlar i\u00e7in bu y\u0131l ayn\u0131 zamanda d\u00fcnyan\u0131n d\u00f6rt bir yan\u0131nda yeti\u015ftirdikleri ay\u00e7i\u00e7eklerinin videolar\u0131n\u0131 y\u00fcklemek gibi yeni zorluklarla kar\u015f\u0131la\u015ft\u0131klar\u0131 bir y\u0131ld\u0131. Okul festivalinde, \u00fc\u00e7\u00fcnc\u00fc s\u0131n\u0131f \u00f6\u011frencileri koronavir\u00fcse ra\u011fmen e\u011flenceli bir atmosfer yaratmada \u00f6nc\u00fcl\u00fck ettiler ve t\u00fcm \u00f6\u011frencilerin festivali d\u00fczenlemek i\u00e7in birlikte \u00e7al\u0131\u015fmas\u0131 g\u00f6z kama\u015ft\u0131r\u0131c\u0131 bir g\u00f6r\u00fcnt\u00fcyd\u00fc. Ayr\u0131ca, Aomori Eyaleti ve Hakodate \u015eehri&#039;ne yap\u0131lan okul gezisi s\u0131ras\u0131nda tesisleri gezebildiler, el sanatlar\u0131n\u0131 deneyimlediler ve yeri doldurulamaz arkada\u015flar\u0131yla ba\u011f\u0131ms\u0131z \u00e7al\u0131\u015fmalar yapt\u0131lar; bunun ortaokul hayatlar\u0131n\u0131n de\u011ferli bir hat\u0131ras\u0131 olarak kalplerinde kalaca\u011f\u0131n\u0131 d\u00fc\u015f\u00fcn\u00fcyorum.<\/p>\n<p>Bug\u00fcn ortaokuldan mezun oluyorsunuz, ancak ba\u015flamak \u00fczere oldu\u011funuz yeni hayat her zamankinden daha fazla sorumluluk ve fark\u0131ndal\u0131k gerektirecek. \u00c7e\u015fitli denemeler ve zorluklarla da kar\u015f\u0131la\u015fabilirsiniz, ancak l\u00fctfen bug\u00fcne kadar geli\u015ftirdi\u011finiz g\u00fc\u00e7l\u00fc y\u00f6nlerinizi ve niteliklerinizi cesaretle ilerlemek i\u00e7in kullan\u0131n.<\/p>\n<p>Gelecekte hepinizin Hokuryu Kasabas\u0131, Japonya ve d\u00fcnya bar\u0131\u015f\u0131na ve kalk\u0131nmas\u0131na katk\u0131da bulunmak i\u00e7in \u00e7e\u015fitli kapasitelerde \u00f6nemli roller \u00fcstlenmenizi umuyorum.<\/p>\n<p>Son olarak, bize bu kadar nazik bir \u015fekilde e\u011fitim veren ve rehberlik eden t\u00fcm \u00f6\u011fretmenlerimize ve personelimize, okulumuzun e\u011fitimine b\u00fcy\u00fck destek ve i\u015fbirli\u011fi sa\u011flayan yerel topluluk \u00fcyelerine ve velilere en i\u00e7ten \u015f\u00fckranlar\u0131m\u0131 sunmak istiyorum ve Hokuriku Kasaba E\u011fitim Kurulu&#039;nda 75. Hokuriku Ortaokulu mezuniyet t\u00f6reninde yapt\u0131\u011f\u0131m konu\u015fmam\u0131 sonland\u0131r\u0131yorum.<\/p>\n<p>12 Mart 2020 Hokusei Kasaba E\u011fitim Kurulu\u201d<\/p>\n<h3>Hokuryu Ortaokulu PTA Ba\u015fkan\u0131 Say\u0131n Tsuyoshi Michishita&#039;n\u0131n tebrik konu\u015fmas\u0131<\/h3>\n<p>&quot;Bug\u00fcn, ac\u0131mas\u0131z so\u011fuk hava hafifledi ve bahar\u0131n geli\u015fini hissedebiliyoruz. Hokuryu Ortaokulu&#039;nun 75. mezuniyet t\u00f6renine kat\u0131lan \u00f6\u011frencilerin velileri ad\u0131na, birka\u00e7 tebrik s\u00f6zc\u00fc\u011f\u00fc sunmak istiyorum.<\/p>\n<p>T\u00fcm mezunlar\u0131 tebrik ederim. Ve velilere ve ailelere, \u00e7ocuklar\u0131n\u0131z\u0131n velilerine ve ailelerine mezuniyetleri dolay\u0131s\u0131yla tebrikler.<\/p>\n<p>PTA ba\u015fkan\u0131 ve bir veli olarak, hepinizin bu mezuniyet t\u00f6renine kat\u0131labilmesinden dolay\u0131 \u00e7ok mutluyum.<\/p>\n<p>Eminim ki son \u00fc\u00e7 y\u0131lda hepinizin ba\u015f\u0131na bir\u00e7ok \u015fey gelmi\u015ftir. E\u011flenceli etkinlikler i\u00e7in heyecanland\u0131\u011f\u0131n\u0131z g\u00fcnler ve depresyonda olup okula yava\u015f y\u00fcr\u00fcd\u00fc\u011f\u00fcn\u00fcz g\u00fcnler olmu\u015ftur. Atletizm m\u00fcsabakalar\u0131, okul festivalleri, gece antrenmanlar\u0131, Aomori&#039;ye okul gezisi (Okinawa&#039;ya gidemesek de), ortaokul atletizm birli\u011fi ve bando yar\u0131\u015fmas\u0131 ve arkada\u015flar\u0131n\u0131zla ge\u00e7irdi\u011finiz de\u011ferli zaman gibi bir\u00e7ok \u015feyi hat\u0131rlayabilirsiniz.<\/p>\n<p>Bir ebeveyn olarak bakt\u0131\u011f\u0131mda, son \u00fc\u00e7 y\u0131l\u0131n g\u00f6z a\u00e7\u0131p kapay\u0131ncaya kadar ge\u00e7ti\u011fini hissediyorum. \u00c7\u00fcnk\u00fc \u00e7ocuklar\u0131m daha ge\u00e7en g\u00fcn okula ba\u015flad\u0131, ancak bug\u00fcn mezun olma a\u015famas\u0131na geldiler.<\/p>\n<p>\u015eimdi, t\u00fcm mezunlara, yeni bir d\u00fcnyaya ve yeni bir topluma do\u011fru bir ad\u0131m daha atacaks\u0131n\u0131z. Gelecekteki hayat\u0131n\u0131z\u0131n kolay olmayaca\u011f\u0131na ve bir\u00e7ok zorlukla kar\u015f\u0131la\u015faca\u011f\u0131n\u0131za inan\u0131yorum. Sizi kayg\u0131land\u0131ran durumlarla kar\u015f\u0131la\u015fsan\u0131z bile, ba\u015f\u0131n\u0131z\u0131 dik tutman\u0131z\u0131 ve ortaokulda ya\u015fad\u0131\u011f\u0131n\u0131z \u00e7e\u015fitli deneyimlerle ve Hokuryu Ortaokulu mezunlar\u0131 olarak gurur duyarak g\u00fcvenle ilerlemenizi umuyorum.<\/p>\n<p>Son olarak, \u00e7ocuklar\u0131n bireyselli\u011fine sayg\u0131 g\u00f6steren ve onlara e\u011flenceli ve zaman zaman kat\u0131 bir \u015fekilde ders veren m\u00fcd\u00fcr\u00fcm\u00fcze ve t\u00fcm \u00f6\u011fretmenlere te\u015fekk\u00fcr etmek istiyorum.<\/p>\n<p>T\u00fcm mezunlar\u0131m\u0131z\u0131 en i\u00e7ten dileklerimle kutluyor, bundan sonraki hayatlar\u0131nda sa\u011fl\u0131k ve ba\u015far\u0131lar diliyorum.<\/p>\n<p>12 Mart 2022, Hokuryu Ortaokulu PTA Ba\u015fkan\u0131 Tsuyoshi Michishita<\/p>\n<figure class=\"wp-caption aligncenter\"><a href=\"https:\/\/photos.google.com\/share\/AF1QipMZfYJhXqWMgGA4TeVuWMd--AkdgOJdBIgauUvGSwRkJNFCW7HvmuafjiMoyY-nzw\/photo\/AF1QipNBD08x0mnkxjappjEL8_P2VreUIzGUhHIjIPM?key=OXpBaTN4Nkc4RGFVc3NwQmo4dHhhRGxrdkhxWERR\"><img decoding=\"async\" src=\"https:\/\/lh3.googleusercontent.com\/pw\/AM-JKLUY1s4nXonJpf5DWdR0roff_fYG5tgxagi67XMNktwsnqSwKembWHJUXDi-LShqjXdEhYHbiF7Mq7UHPMkIDfryWijwW5hYPTqsKF9gohhesnx-gzG31keKpzQ5GwJWVQBjHNmvraJtrv89Q4IMrWG2=w2000-h1333-no?authuser=0\" width=\"2000\" height=\"1333\" alt=\"T\u00f6reni s\u00fcsleyecek muhte\u015fem kutlama \u00e7i\u00e7ekleri\" class=\"size-full\" \/><\/a><figcaption class=\"wp-caption-text\">T\u00f6reni s\u00fcsleyecek muhte\u015fem kutlama \u00e7i\u00e7ekleri<\/figcaption><\/figure>\n<h3>Mezuniyet t\u00f6reni<\/h3>\n<p>Velilerin ve mevcut \u00f6\u011frencilerin bak\u0131\u015flar\u0131 alt\u0131nda 13 mezun teker teker sahneye gelerek M\u00fcd\u00fcr Tsuyoshi Kodama&#039;n\u0131n elinden diplomalar\u0131n\u0131 ald\u0131lar.<\/p>\n<figure class=\"wp-caption aligncenter\"><a href=\"https:\/\/photos.google.com\/share\/AF1QipMZfYJhXqWMgGA4TeVuWMd--AkdgOJdBIgauUvGSwRkJNFCW7HvmuafjiMoyY-nzw\/photo\/AF1QipOiaWtazhfRuWxMU3E8SKaYBMV6ttyPt1j1oZ0?key=OXpBaTN4Nkc4RGFVc3NwQmo4dHhhRGxrdkhxWERR\" target=\"_blank\" rel=\"noopener\"><img decoding=\"async\" src=\"https:\/\/lh3.googleusercontent.com\/pw\/AM-JKLW4xoy63dr7BGbb5Oc2a_SJrNm63vHc31ODUeDFKfFYzUMsmx_XOvuC87uQYh05z7BWStU8721UW-aNbvEqnukpJ2_Nh-2qqI0BBuw1p1p3eqOTyNu7svCe2ebSbSmcJ2n2b1BL4rPPiBFbPiUq68Im=w2000-h1333-no?authuser=0\" width=\"2000\" height=\"1333\" alt=\"Mezuniyet t\u00f6reni\" class=\"size-full\" \/><\/a><figcaption class=\"wp-caption-text\">Mezuniyet t\u00f6reni<\/figcaption><\/figure>\n<figure class=\"wp-caption aligncenter\"><a href=\"https:\/\/photos.google.com\/share\/AF1QipMZfYJhXqWMgGA4TeVuWMd--AkdgOJdBIgauUvGSwRkJNFCW7HvmuafjiMoyY-nzw\/photo\/AF1QipO0ZGkNhtPPZRE_B0Feiv2Z7Pi0EiG6WYsdj78?key=OXpBaTN4Nkc4RGFVc3NwQmo4dHhhRGxrdkhxWERR\" target=\"_blank\" rel=\"noopener\"><img decoding=\"async\" src=\"https:\/\/lh3.googleusercontent.com\/pw\/AM-JKLUgwtT-OIlVYoAv6z7mn-I7eXZJdrTiNnLpizcfDnwsbXpSXMPsfbEvnd6SrDWS-H6cvQfk9wXAwVtL8rRpafMiuJrkCXR1KwbLgbdymMdHO8XNGZ9Si7UNUaQSXSHyC2Sj2LYnxEKQ637oaHwiUn1O=w2000-h1333-no?authuser=0\" width=\"2000\" height=\"1333\" alt=\"M\u00fcd\u00fcr Tsuyoshi Kodama taraf\u0131ndan \u00f6d\u00fcllendirildi\" class=\"size-full\" \/><\/a><figcaption class=\"wp-caption-text\">M\u00fcd\u00fcr Tsuyoshi Kodama taraf\u0131ndan \u00f6d\u00fcllendirildi<\/figcaption><\/figure>\n<figure class=\"wp-caption aligncenter\"><a href=\"https:\/\/photos.google.com\/share\/AF1QipMZfYJhXqWMgGA4TeVuWMd--AkdgOJdBIgauUvGSwRkJNFCW7HvmuafjiMoyY-nzw\/photo\/AF1QipNd5AEju2QM5dH1yyWj8-ppfksXssfBbTC_M-M?key=OXpBaTN4Nkc4RGFVc3NwQmo4dHhhRGxrdkhxWERR\" target=\"_blank\" rel=\"noopener\"><img decoding=\"async\" src=\"https:\/\/lh3.googleusercontent.com\/pw\/AM-JKLXZ9ZjPQ7qfrCzrubS16vNYL8mygax9QpFsEj4Gcmt7TfmyHVT1r2xU7X1Kj_7LZjTwAmwvNcj4FgBvr0lleYd5genDCgU-DdWc5sjZTTCu_Tl4yzVG5BPslaC5HaFh3oL4F4JkeEa0Spo8XUsWCsCu=w2000-h1333-no?authuser=0\" width=\"2000\" height=\"1333\" alt=\"Her birimizin d\u00fc\u015f\u00fcnceleri akl\u0131m\u0131zda...\" class=\"size-full\" \/><\/a><figcaption class=\"wp-caption-text\">Her birimizin d\u00fc\u015f\u00fcnceleri akl\u0131m\u0131zda...<\/figcaption><\/figure>\n<figure class=\"wp-caption aligncenter\"><a href=\"https:\/\/photos.google.com\/share\/AF1QipMZfYJhXqWMgGA4TeVuWMd--AkdgOJdBIgauUvGSwRkJNFCW7HvmuafjiMoyY-nzw\/photo\/AF1QipMrUuEMgg7pa_wqPBiy6g7HY8TwiUbhMJkrYVs?key=OXpBaTN4Nkc4RGFVc3NwQmo4dHhhRGxrdkhxWERR\" target=\"_blank\" rel=\"noopener\"><img decoding=\"async\" src=\"https:\/\/lh3.googleusercontent.com\/pw\/AM-JKLVK4sd926jHojLjx0J6onrvwZ5ZHopnvWv4KWDOOX6JYof8fu0Swsz8NvEX5qoFk9kNSiBA9xLPcvOdCZmZ_Tfqs1dKfMCZzF4pguOQydCzFMm-SPgNQzOmoH-BcVZWwrWQT9PmRdqBGqjBzWmKoBXC=w2000-h1333-no?authuser=0\" width=\"2000\" height=\"1333\" alt=\"Diploman\u0131z\u0131 koruyun.\" class=\"size-full\" \/><\/a><figcaption class=\"wp-caption-text\">Diploman\u0131z\u0131 koruyun.<\/figcaption><\/figure>\n<h3>Okul M\u00fcd\u00fcr\u00fc Konu\u015fmas\u0131: M\u00fcd\u00fcr Tsuyoshi Kodama<\/h3>\n<figure class=\"wp-caption aligncenter\"><a href=\"https:\/\/photos.google.com\/share\/AF1QipMZfYJhXqWMgGA4TeVuWMd--AkdgOJdBIgauUvGSwRkJNFCW7HvmuafjiMoyY-nzw\/photo\/AF1QipMENjVXntKxK1vkDkWpc1bla7asQM8TWy7zO68?key=OXpBaTN4Nkc4RGFVc3NwQmo4dHhhRGxrdkhxWERR\" target=\"_blank\" rel=\"noopener\"><img decoding=\"async\" src=\"https:\/\/lh3.googleusercontent.com\/pw\/AM-JKLU6BsbAdc8hsX3MWELHlSsO5EHXa9SEJQlzYmcEvMKjyTPgzNXcDMcZNkfgK0uYMuz9W_IBbuNsJbgaKmRN8npA7dkzlIlEXqcB_9G11EqAm0uLJ0nQkhbYm6zdW4Xodd8x7H7GLz8ijz2c09Q8oKrr=w2000-h1333-no?authuser=0\" width=\"2000\" height=\"1333\" alt=\"Tsuyoshi Kodama M\u00fcd\u00fcr\u00fc\" class=\"size-full\" \/><\/a><figcaption class=\"wp-caption-text\">Tsuyoshi Kodama M\u00fcd\u00fcr\u00fc<\/figcaption><\/figure>\n<p>&quot;Sert k\u0131\u015f\u0131n sona erdi\u011fi ve so\u011fuk ya\u011fmurun bahar\u0131n geli\u015fini haber verdi\u011fi bu g\u00fczel g\u00fcnde, Hokuryu Kasabas\u0131 Ortaokulu&#039;ndan 75. mezun s\u0131n\u0131f\u0131 olarak mezun olan t\u00fcm \u00fc\u00e7\u00fcnc\u00fc s\u0131n\u0131f \u00f6\u011frencilerini tebrik ediyorum. En i\u00e7ten tebriklerimi sunuyorum.<\/p>\n<p>Normalde mezuniyet t\u00f6renleri koro taraf\u0131ndan y\u00fcrekten s\u00f6ylenen \u015fark\u0131larla dolu olurdu, ancak bu y\u0131lki t\u00f6renin de k\u00fc\u00e7\u00fclt\u00fclmesi gerekti. Bunun i\u00e7in \u00f6z\u00fcr dileriz. Tebriklerini payla\u015fmak isteyen bir\u00e7ok ki\u015fi ad\u0131na konu\u015fuyorum.<\/p>\n<p>\u015eu anda elinizde bulunan mezuniyet belgeniz, zorluklar\u0131n \u00fcstesinden geldi\u011finizin, \u00e7al\u0131\u015fmalar\u0131n\u0131z, kul\u00fcp faaliyetleriniz, \u00f6\u011frenci konseyi faaliyetleriniz vb. sayesinde geli\u015fti\u011finizin, zorunlu e\u011fitiminizin son \u00fc\u00e7 veya dokuz y\u0131l\u0131n\u0131 ba\u015far\u0131yla tamamlad\u0131\u011f\u0131n\u0131z\u0131n kan\u0131t\u0131d\u0131r.<\/p>\n<p>Ancak unutmamal\u0131y\u0131z ki, bu noktaya sadece kendi \u00e7abalar\u0131m\u0131zla gelemedik. Yerel toplulu\u011fun, \u00f6\u011fretmenlerin, ya\u015fl\u0131lar\u0131n, arkada\u015flar\u0131n ve dahil olan di\u011fer bir\u00e7ok ki\u015finin deste\u011fi ve her \u015feyden \u00f6nce velilerin ailelerinin derin sevgisi ve \u015fefkati sayesinde b\u00fcy\u00fcyebildik.<\/p>\n<p>Umar\u0131m bunun i\u00e7in minnettar olmay\u0131 hi\u00e7bir zaman unutmazs\u0131n\u0131z.<\/p>\n<p>Hepinizi hen\u00fcz k\u0131sa bir s\u00fcredir tan\u0131yor olmama ra\u011fmen, atalar\u0131n\u0131z\u0131n geleneklerini sa\u011flam bir \u015fekilde devral\u0131p, sakin ve keyifli bir okul in\u015fa etti\u011finiz i\u00e7in ger\u00e7ekten minnettar\u0131m.<\/p>\n<p>Bunun her zaman okulu y\u00f6neten \u00f6\u011frenci konseyine, g\u00fcnl\u00fck atletizm m\u00fcsabakalar\u0131nda ve okul festivali etkinliklerinde s\u0131k\u0131 \u00e7al\u0131\u015fan son s\u0131n\u0131f \u00f6\u011frencilerine ve hepinizin g\u00fcl\u00fcmseyerek \u00e7al\u0131\u015ft\u0131\u011f\u0131 ay\u00e7i\u00e7e\u011fi yeti\u015ftirme faaliyetlerine - her durumda g\u00fc\u00e7l\u00fc bir liderlik g\u00f6steren ve okulu daha iyi bir yer yapmak i\u00e7in s\u0131k\u0131 \u00e7al\u0131\u015fan t\u00fcm \u00fc\u00e7\u00fcnc\u00fc s\u0131n\u0131f \u00f6\u011frencilerine - te\u015fekk\u00fcrler. Ayr\u0131ca hepinize &quot;te\u015fekk\u00fcr ederim&quot; demek istiyorum.<\/p>\n<p>Hepinize, yolculu\u011funuza \u00e7\u0131kmadan \u00f6nce veda mesaj\u0131 olarak, sizlerle iki hik\u00e2ye payla\u015fmak istiyorum.<\/p>\n<p>Bunlardan biri de, &quot;Kar\u015f\u0131la\u015fmalar\u0131n\u0131z\u0131 de\u011ferli k\u0131lman\u0131z\u0131 istiyorum.&quot;<\/p>\n<p>Daha geni\u015f bir d\u00fcnyaya do\u011fru bir yolculu\u011fa \u00e7\u0131kmak \u00fczeresiniz. L\u00fctfen tan\u0131\u015faca\u011f\u0131n\u0131z bir\u00e7ok insan\u0131 takdir edin. Bunun nedeni, kendinize iyi bakman\u0131za yol a\u00e7acak olmas\u0131d\u0131r. Ba\u015fkalar\u0131na kar\u015f\u0131 nazik olmak, sonunda size yard\u0131m edecek insanlar\u0131n say\u0131s\u0131n\u0131 art\u0131racakt\u0131r.<\/p>\n<p>Bundan sonra daha \u00f6nce hi\u00e7 hissetmedi\u011finiz kayg\u0131 ve sinirlilik hissedebilirsiniz. B\u00f6yle zamanlarda etraf\u0131n\u0131zdaki insanlar size mutlaka destek olacakt\u0131r. Endi\u015felenmeyin! Sonu\u00e7ta aileniz var. L\u00fctfen g\u00f6n\u00fcl rahatl\u0131\u011f\u0131yla ilerleyin.<\/p>\n<p>\u0130kincisi, &quot;Gelece\u011fi yaratacak insanlar olman\u0131z\u0131 istiyorum.&quot;<\/p>\n<p>Koronavir\u00fcs ve yapay zekan\u0131n geli\u015fimi nedeniyle toplum dramatik bir \u015fekilde de\u011fi\u015fiyor. \u00d6zellikle b\u00f6yle zamanlarda, bize bir \u015feyin verilmesini bekleyemeyiz. Her birimizin kendimiz i\u00e7in d\u00fc\u015f\u00fcnmesini, akranlar\u0131m\u0131zla g\u00fc\u00e7lerimizi birle\u015ftirmemizi ve heyecan verici yeni bir gelecek in\u015fa etmemizi istiyorum.<\/p>\n<p>Bunu ba\u015farabilirsin, sana en iyisini diliyorum.<\/p>\n<p>Art\u0131k sona geldi\u011fimizde, bu programa sevgilerini ve \u00f6zverilerini katan, ayr\u0131ca bug\u00fcne kadar gelene kadar emek ve \u00e7aba harcayan t\u00fcm velilere en i\u00e7ten tebriklerimi iletmek istiyorum.<\/p>\n<p>&quot;Ayr\u0131ca, son \u00fc\u00e7 y\u0131ld\u0131r okulumuzun e\u011fitimine g\u00f6sterdi\u011finiz anlay\u0131\u015f ve i\u015fbirli\u011fi i\u00e7in i\u00e7ten \u015f\u00fckranlar\u0131m\u0131 sunmak istiyorum. Gelecekte de deste\u011finizin devam etmesini d\u00f6rt g\u00f6zle bekliyorum,&quot; dedi M\u00fcd\u00fcr Kodama de\u011ferli s\u00f6zleriyle.<\/p>\n<figure class=\"wp-caption aligncenter\"><a href=\"https:\/\/photos.google.com\/share\/AF1QipMZfYJhXqWMgGA4TeVuWMd--AkdgOJdBIgauUvGSwRkJNFCW7HvmuafjiMoyY-nzw\/photo\/AF1QipMzO8MRfnaJLf5TNPBX7HUyOTtwkezPEIb_qjM?key=OXpBaTN4Nkc4RGFVc3NwQmo4dHhhRGxrdkhxWERR\" target=\"_blank\" rel=\"noopener\"><img decoding=\"async\" src=\"https:\/\/lh3.googleusercontent.com\/pw\/AM-JKLVcQlOV-DimHbnceRbt1n0XPeLb4kosX6lEVeXGvAv9OikdOh2U5GTWz9jPQw0SPGf8r-CZAQeP-U63HxBtR8Hxey1t-6LLqXyhGKq7-fRx0Y0W-JyuivymY7Fva5Cg4qGLJollgLCnPL7_WbJvEDYB=w2000-h1333-no?authuser=0\" width=\"2000\" height=\"1333\" alt=\"M\u00fcd\u00fcr Tsuyoshi Kodama&#039;n\u0131n y\u00fcrek \u0131s\u0131tan s\u00f6zleri\" class=\"size-full\" \/><\/a><figcaption class=\"wp-caption-text\">M\u00fcd\u00fcr Tsuyoshi Kodama&#039;n\u0131n y\u00fcrek \u0131s\u0131tan s\u00f6zleri<\/figcaption><\/figure>\n<h3>Veda ve veda s\u00f6zleri<\/h3>\n<h4>Veda konu\u015fmas\u0131: Mevcut \u00f6\u011frencilerin temsilcisi Say\u0131n Anju Fujii<\/h4>\n<figure class=\"wp-caption aligncenter\"><a href=\"https:\/\/photos.google.com\/share\/AF1QipMZfYJhXqWMgGA4TeVuWMd--AkdgOJdBIgauUvGSwRkJNFCW7HvmuafjiMoyY-nzw?key=OXpBaTN4Nkc4RGFVc3NwQmo4dHhhRGxrdkhxWERR\" target=\"_blank\" rel=\"noopener\"><img decoding=\"async\" src=\"https:\/\/lh3.googleusercontent.com\/pw\/AM-JKLWpcLVdkMgcEHj4YQ4rMQRSFGAoYissXoB8rJRYdH54Qxgshux0nyB_Vvlz9h_n3KkiEhPZoMfoOeF2bfcwj7-_sXfSjgjyjDasAqsu3ch6OGsGoordNaRFzNm9_9eSwEleZNqiYqIsEMUAvsf3DxpN=w2000-h1333-no?authuser=0\" width=\"2000\" height=\"1333\" alt=\"Mevcut \u00f6\u011frenci temsilcisi Anju Fujii&#039;nin veda konu\u015fmas\u0131\" class=\"size-full\" \/><\/a><figcaption class=\"wp-caption-text\">Mevcut \u00f6\u011frenci temsilcisi Anju Fujii&#039;nin veda konu\u015fmas\u0131<\/figcaption><\/figure>\n<p>&quot;Ac\u0131 so\u011fuk hala devam etse de, bahar\u0131n geli\u015fi yava\u015f yava\u015f hissediliyor ve Hokuryu Kasabas\u0131&#039;nda yeni bir ad\u0131m atma mevsimi geldi. Bug\u00fcn, bu harika g\u00fcnde, ortaokul hayat\u0131n\u0131n \u00fc\u00e7 y\u0131l\u0131n\u0131 tamamlayarak mezun olan hepinizi tebrik ediyoruz. \u015eu anki okuldaki hepimiz i\u00e7ten tebriklerimizi sunuyoruz.<\/p>\n<p>\u00dc\u00e7 y\u0131l \u00f6nce hepiniz Hokuryu Ortaokuluna umut ve kayg\u0131 kar\u0131\u015f\u0131m\u0131yla girdiniz. Hava s\u0131cak, so\u011fuk veya karl\u0131 olsun, hepiniz her g\u00fcn bu okula geldiniz, ayn\u0131 rotalarda y\u00fcr\u00fcd\u00fcn\u00fcz ve sanki d\u00fcnyadaki en do\u011fal \u015feymi\u015f gibi ayn\u0131 manzaraya bakt\u0131n\u0131z.<\/p>\n<p>Ancak zaman \u00e7ok h\u0131zl\u0131 ge\u00e7ti ve \u015fimdi mezuniyet t\u00f6renindeyiz. Bug\u00fcn Hokuryu Ortaokulu&#039;nda bir \u00f6\u011frenci olarak son g\u00fcn\u00fcn\u00fcz. Eminim ki her biriniz \u015fu anda ortaokuldaki \u00fc\u00e7 y\u0131l\u0131n\u0131z\u0131n an\u0131lar\u0131n\u0131 hat\u0131rl\u0131yorsunuz.<\/p>\n<p>An\u0131lar\u0131ma bakt\u0131\u011f\u0131mda, her g\u00fcn y\u00fczlerinde bir g\u00fcl\u00fcmsemeyle, komite faaliyetleri, kul\u00fcp faaliyetleri gibi bir\u00e7ok aktivitede bize liderlik eden b\u00fcy\u00fcklerimi g\u00f6r\u00fcyorum.<\/p>\n<p>Birlikte \u00e7al\u0131\u015f\u0131rken, \u00f6rnek almam\u0131z gereken bir\u00e7ok \u015fey vard\u0131, \u00f6rne\u011fin ba\u015f\u0131m\u0131z dertte oldu\u011funda her zaman nazik\u00e7e cesaretlendirici s\u00f6zler s\u00f6ylemeleri ve talimat almadan kendi ba\u015flar\u0131na proaktif bir \u015fekilde harekete ge\u00e7meleri gibi. O yeri doldurulamaz g\u00fcnlerde k\u0131demlilerimizle birlikte \u00f6\u011frendi\u011fimiz \u015feyler, b\u00fcy\u00fck \u00f6l\u00e7\u00fcde b\u00fcy\u00fcmemize yard\u0131mc\u0131 oldu.<\/p>\n<p>Ge\u00e7ti\u011fimiz y\u0131l COVID-19 salg\u0131n\u0131 nedeniyle bir\u00e7ok etkinlik iptal edildi, ancak bu y\u0131l k\u0131s\u0131tlamalara ra\u011fmen bir\u00e7ok etkinlik d\u00fczenleyebildik. Atletizm m\u00fcsabakas\u0131ndaki bayrak yar\u0131\u015f\u0131nda herkes son etkinlikten yorgundu, ancak hepsi bayra\u011f\u0131 birbirlerine devretti ve sonuna kadar ko\u015ftu, bu da onlara bir ba\u015far\u0131 duygusu verdi.<\/p>\n<p>Ay\u00e7i\u00e7e\u011fi yeti\u015ftiricili\u011finde, grup liderleri olarak, deneyimi olmayan bizlere dikkatlice e\u011fitim verdiler. K\u0131demliler sayesinde i\u015f sorunsuz ilerledi ve g\u00fczel ay\u00e7i\u00e7ekleri \u00fcretebildik.<\/p>\n<p>Okul \u015fenli\u011finde klasik &quot;Hamlet&quot; oyununu sergilediler. Seyirci, ger\u00e7ek\u00e7i oyunculuklar\u0131 ve muhte\u015fem diyaloglar\u0131yla b\u00fcy\u00fclendi.<\/p>\n<p>Ertelenen koro resitali i\u00e7in ise, 3. s\u0131n\u0131f \u00f6\u011frencileri \u00f6nderlik etti ve az prova yapmalar\u0131na ra\u011fmen, performans boyunca dayan\u0131\u015fma i\u00e7inde kenetlenerek, spor salonunu dolduran muhte\u015fem bir koro ortaya koydular.<\/p>\n<p>Bundan sonra mevcut birinci s\u0131n\u0131f \u00f6\u011frencileri, ikinci s\u0131n\u0131f \u00f6\u011frencileri olarak yeni birinci s\u0131n\u0131f \u00f6\u011frencilerine rol model olmak i\u00e7in \u00e7ok \u00e7al\u0131\u015facaklar, ikinci s\u0131n\u0131f \u00f6\u011frencileri de okulu y\u00f6netecek en ya\u015fl\u0131 \u00f6\u011frenciler olarak \u00e7ok \u00e7al\u0131\u015facaklar ve t\u0131pk\u0131 b\u00fcy\u00fckleri gibi bir\u00e7ok ki\u015finin g\u00fcvendi\u011fi ki\u015filer olmak i\u00e7in ellerinden geleni yapacaklar.<\/p>\n<p>\u015eimdi, umut ve kayg\u0131yla, her biriniz hayallerinize do\u011fru u\u00e7mak \u00fczeresiniz. Zaman zaman zorluklar ve s\u0131k\u0131nt\u0131lar ya\u015fayabilirsiniz. Bu zamanlar geldi\u011finde, ortaokul g\u00fcnlerinizi hat\u0131rlay\u0131n, arkada\u015flar\u0131n\u0131za ve kendinize inan\u0131n ve ilerlemeye devam edin.<\/p>\n<p>Elveda deme zaman\u0131 h\u0131zla yakla\u015f\u0131yor. T\u00fcm mezunlara, l\u00fctfen mezun olduktan sonra ara s\u0131ra bu okula geri d\u00f6n\u00fcn. \u00c7ok be\u011fendi\u011fimiz k\u0131demlilerimiz, sizi tekrar g\u00f6rmeyi d\u00f6rt g\u00f6zle bekliyoruz.<\/p>\n<p>Son olarak, mevcut \u00f6\u011frenciler ad\u0131na, t\u00fcm mezunlara gelecekte de ba\u015far\u0131lar\u0131n\u0131n devam\u0131n\u0131 dilerim. \u00c7ok te\u015fekk\u00fcr ederim.<\/p>\n<p>12 Mart 2020 Mevcut \u00d6\u011frenci Temsilcisi Anju Fujii\u201d<\/p>\n<h4>Mezun s\u0131n\u0131f temsilcisi Aoi Kosuge&#039;nin veda konu\u015fmas\u0131na yan\u0131t<\/h4>\n<figure class=\"wp-caption aligncenter\"><a href=\"https:\/\/photos.google.com\/share\/AF1QipMZfYJhXqWMgGA4TeVuWMd--AkdgOJdBIgauUvGSwRkJNFCW7HvmuafjiMoyY-nzw\/photo\/AF1QipNw1FDNPouTRK3_yG_exUqlHTlxanGBCdSmHt4?key=OXpBaTN4Nkc4RGFVc3NwQmo4dHhhRGxrdkhxWERR\" target=\"_blank\" rel=\"noopener\"><img decoding=\"async\" src=\"https:\/\/lh3.googleusercontent.com\/pw\/AM-JKLUvX6kbzbV2Z-wNzx_F-zRDSMT4A6S94Fpe3pSNyUAm-l9UXBt64RR3MBaTff6UFOpAdUflx2V5TBMvfNMWTKwC01wXmxQepuVBuM3z1xO3qvtjFHZpFJoulXayR0ICxZo8rFEx69RNg-fIjAN9Pd8l=w2000-h1333-no?authuser=0\" width=\"2000\" height=\"1333\" alt=\"Mezun temsilcisi Aoi Kosuge&#039;den &quot;ayr\u0131lma s\u00f6zleri&quot;\" class=\"size-full\" \/><\/a><figcaption class=\"wp-caption-text\">Mezun temsilcisi Aoi Kosuge&#039;den &quot;ayr\u0131lma s\u00f6zleri&quot;<\/figcaption><\/figure>\n<p>&quot;Yumu\u015fak g\u00fcne\u015f \u0131\u015f\u0131\u011f\u0131n\u0131n a\u015fa\u011f\u0131 do\u011fru parlamas\u0131yla bahar\u0131n geli\u015fini hissedebiliyoruz. Bug\u00fcn bu \u015fartlar alt\u0131nda mezunlar i\u00e7in t\u00f6reni d\u00fczenledi\u011finiz i\u00e7in \u00e7ok te\u015fekk\u00fcr ederim.<\/p>\n<p>Fark\u0131na varmadan kay\u0131t yapt\u0131ral\u0131 \u00fc\u00e7 y\u0131l olmu\u015f, art\u0131k mezun oluyoruz. Zaman \u00e7ok \u00e7abuk ak\u0131p gidiyor.<\/p>\n<p>S\u0131n\u0131f\u0131m\u0131z, her \u00f6\u011frencinin bireyselli\u011finin parlad\u0131\u011f\u0131 canl\u0131 bir s\u0131n\u0131ft\u0131. Bu s\u0131n\u0131f\u0131n atmosferini ve g\u00fcndelik hayat\u0131m\u0131z\u0131 \u00e7ok sevdim. Oradaki herkesle ya\u015fad\u0131\u011f\u0131m ve \u00f6zellikle sevdi\u011fim an\u0131lar\u0131m okul festivali ve okul gezisidir.<\/p>\n<p>Okul festivali i\u00e7in t\u00fcm \u00fc\u00e7\u00fcnc\u00fc s\u0131n\u0131f \u00f6\u011frencileri &quot;Hamlet&quot; adl\u0131 bir oyun yaratt\u0131. Hepimiz i\u015fbirli\u011fi yapt\u0131k ve \u00e7ok \u00e7al\u0131\u015ft\u0131k, bu y\u00fczden b\u00fcy\u00fck bir ba\u015far\u0131 duygusu ya\u015fad\u0131k ve ba\u015frol\u00fc sonuna kadar oynayabildi\u011fim i\u00e7in ger\u00e7ekten mutluydum. Kendi tarz\u0131m\u0131za sad\u0131k bir performans sergileyebildik ve bu, y\u0131l sonuna uygun, \u015fimdiye kadarki en iyi okul festivaliydi.<\/p>\n<p>Okul gezimizde planlad\u0131\u011f\u0131m\u0131z gibi Okinawa&#039;ya gidememi\u015f olsak da Aomori ve Hakodate&#039;nin tad\u0131n\u0131 sonuna kadar \u00e7\u0131kard\u0131k. S\u0131k s\u0131k binmedi\u011fimiz u\u00e7aklara ve h\u0131zl\u0131 trenlere bindik, bol bol yemek yedik ve deneyimsel aktivitelere kat\u0131ld\u0131k, bunlar\u0131n hepsi de\u011ferli deneyimlerdi. Ayr\u0131ca Bay Hashimoto i\u00e7in bir s\u00fcrprizimiz vard\u0131, ba\u011f\u0131ms\u0131z \u00e7al\u0131\u015fmam\u0131z s\u0131ras\u0131nda \u00e7ok fazla dola\u015ft\u0131k, kendi ba\u015f\u0131m\u0131za hareket ettik ve e\u011flenirken \u00f6\u011frendik, bu y\u00fczden \u00e7ok doyurucu bir okul gezisiydi.<\/p>\n<p>Kul\u00fcp aktivitelerinden de \u00e7ok \u015fey kazand\u0131m ve geli\u015febildim. Voleybol oynad\u0131\u011f\u0131m \u00fc\u00e7 y\u0131l boyunca, i\u015flerin iyi gitmedi\u011fi, zihinsel olarak zay\u0131f oldu\u011fum ve \u00e7ok a\u011flad\u0131\u011f\u0131m zamanlar oldu. Ancak tak\u0131m arkada\u015flar\u0131m\u0131n te\u015fviki ve deste\u011fi sayesinde, fark\u0131na varmadan bunlar\u0131n \u00fcstesinden gelebildim ve zihniyetim yava\u015f yava\u015f g\u00fc\u00e7lendi.<\/p>\n<p>Tak\u0131mdaki herkes ayn\u0131 hedef i\u00e7in \u00e7al\u0131\u015ft\u0131, birlikte s\u0131k\u0131 \u00e7al\u0131\u015ft\u0131 ve insanlar olarak geli\u015febildi. Ayr\u0131ca kendime g\u00fcvenim geldi ve voleybolun ger\u00e7ekten e\u011flenceli oldu\u011funu hissettim. Kul\u00fcp aktiviteleri sayesinde hem fiziksel hem de zihinsel olarak geli\u015febildim ve sadece beceriler hakk\u0131nda de\u011fil, ayn\u0131 zamanda tak\u0131m arkada\u015flar\u0131n\u0131n \u00f6nemi, bir \u015feylerle ba\u015fa \u00e7\u0131kma tutumu ve \u00f6zg\u00fcven gibi bir ki\u015fi olarak \u00f6nemli \u015feyler de \u00f6\u011frendim.<\/p>\n<p>Bunun d\u0131\u015f\u0131nda \u00e7e\u015fitli etkinliklere, faaliyetlere kat\u0131ld\u0131k, yeni zorluklara g\u00f6\u011f\u00fcs gerdik, hem zor hem keyifli bir\u00e7ok an\u0131 biriktirdik ve birlikte b\u00fcy\u00fcme imk\u00e2n\u0131 bulduk.<\/p>\n<p>Ancak bunu tek ba\u015f\u0131m\u0131za yapamazd\u0131k. Derslerde ve kul\u00fcp aktivitelerinde bize rehberlik eden \u00f6\u011fretmenlerimizin ve her g\u00fcn bizi destekleyen ve g\u00f6zeten ebeveynlerimizin yard\u0131m\u0131 olmadan bunu yapamazd\u0131k. Ger\u00e7ekten minnettar\u0131m.<\/p>\n<p>Bu \u00fc\u00e7 y\u0131l boyunca, &quot;\u00f6nemsemedi\u011fimiz \u015feylerin asl\u0131nda \u00f6yle olmad\u0131\u011f\u0131n\u0131&quot; fark ettim ve en k\u00fc\u00e7\u00fck \u015feyler i\u00e7in bile minnettarl\u0131k duymaya karar verdim. Bir kez daha, t\u00fcm \u00f6\u011fretmenlere ve ebeveynlere yard\u0131mlar\u0131 i\u00e7in te\u015fekk\u00fcr etmek istiyorum.<\/p>\n<p>Ve t\u00fcm birinci ve ikinci s\u0131n\u0131f \u00f6\u011frencilerine, \u015fimdiye kadar yapt\u0131\u011f\u0131n\u0131z her \u015fey i\u00e7in te\u015fekk\u00fcr ederim. Bundan sonra, okulun son s\u0131n\u0131f \u00f6\u011frencileri ve en son s\u0131n\u0131f \u00f6\u011frencileri olarak, l\u00fctfen Hokuryu Kasabas\u0131&#039;n\u0131 ve Hokuryu Ortaokulu&#039;nu ba\u015far\u0131l\u0131 k\u0131l\u0131n. Bu ama\u00e7la, \u00e7al\u0131\u015fmalar\u0131n\u0131z, etkinlikleriniz ve kul\u00fcp aktiviteleriniz dahil olmak \u00fczere yapt\u0131\u011f\u0131n\u0131z her \u015feyde l\u00fctfen s\u0131k\u0131 \u00e7al\u0131\u015f\u0131n. Ve l\u00fctfen birlikte b\u00fcy\u00fcmeye devam edin ve okulumuzda harika bir atmosfer yarat\u0131n.<\/p>\n<p>Son olarak, anaokulundan beri benimle olan t\u00fcm \u00fc\u00e7\u00fcnc\u00fc s\u0131n\u0131f \u00f6\u011frencilerine. Bu s\u0131n\u0131ftaki her \u00f6\u011frenci ger\u00e7ekten parl\u0131yor ve birlikte olmak harika bir s\u0131n\u0131ft\u0131. \u0130nsanlar\u0131n ba\u015flar\u0131 dertte oldu\u011funda birbirlerine yard\u0131m edebildi\u011fi ve birbirlerine de\u011fer verdi\u011fi nazik bir s\u0131n\u0131f oldu\u011funu biliyorum.<\/p>\n<p>Bu s\u0131n\u0131f\u0131n bir \u00fcyesi olmaktan gurur duyuyorum ve hepimizin bu s\u0131n\u0131f\u0131n \u00fcyesi olmas\u0131ndan ger\u00e7ekten mutluyum. Bazen hatalar yapt\u0131k, ancak hepimiz g\u00fc\u00e7lerimizi birle\u015ftirdik ve bunlar\u0131 b\u00fcy\u00fck bir g\u00fcce d\u00f6n\u00fc\u015ft\u00fcrd\u00fck ve birlikte \u00fcstesinden geldik.<\/p>\n<p>Nisan ay\u0131ndan itibaren her birimiz yeni bir y\u00f6ne do\u011fru bir ad\u0131m ataca\u011f\u0131z ve ge\u00e7mi\u015fte yapt\u0131\u011f\u0131m\u0131z gibi 13 ki\u015filik bir grup olarak birlikte vakit ge\u00e7iremeyece\u011fiz. Birbirimizi \u00e7ok \u00f6zleyece\u011fiz, ancak bu en iyi arkada\u015f olmaya devam edece\u011fimiz ger\u00e7e\u011fini de\u011fi\u015ftirmeyecek. Farkl\u0131 yollardan gidecek olsak da, bug\u00fcne kadarki deneyimlerimize dayanarak gelece\u011fe bakarak ilerlemeye devam etmek istiyoruz.<\/p>\n<p>12 Mart 2022: 75. Mezuniyet S\u0131n\u0131f\u0131 Temsilcisi Aoi Kosuge<\/p>\n<h3>Kapan\u0131\u015f konu\u015fmas\u0131<\/h3>\n<h3>Mezunlar ayr\u0131l\u0131yor<\/h3>\n<figure class=\"wp-caption aligncenter\"><a href=\"https:\/\/photos.google.com\/share\/AF1QipMZfYJhXqWMgGA4TeVuWMd--AkdgOJdBIgauUvGSwRkJNFCW7HvmuafjiMoyY-nzw\/photo\/AF1QipMJm51kEc-VIYdaOKEHALq7EFsllzcsX89mAKM?key=OXpBaTN4Nkc4RGFVc3NwQmo4dHhhRGxrdkhxWERR\" target=\"_blank\" rel=\"noopener\"><img decoding=\"async\" src=\"https:\/\/lh3.googleusercontent.com\/pw\/AM-JKLWAEdEZBaBnm0ga0zSbA67K5-WPOTJ57EM35inmSalGDlUp3_jx_ty6D6QsdDBz3yhMbSPhJtUqnZ14PlIhWC-FkujaMzgtdf0Opf-ViZ5KHlcwidADY3eMoZyf3SYfkuFaEU5c149BYZI41_Cr9ODV=w2000-h1333-no?authuser=0\" width=\"2000\" height=\"1333\" alt=\"Mezunlar ayr\u0131l\u0131yor\" class=\"size-full\" \/><\/a><figcaption class=\"wp-caption-text\">Mezunlar ayr\u0131l\u0131yor<br \/><\/figcaption><\/figure>\n<figure class=\"wp-caption aligncenter\"><a href=\"https:\/\/photos.google.com\/share\/AF1QipMZfYJhXqWMgGA4TeVuWMd--AkdgOJdBIgauUvGSwRkJNFCW7HvmuafjiMoyY-nzw\/photo\/AF1QipOp6kKUGiUxv6HnirmO2GxoT1gPJ2YJaELcVZU?key=OXpBaTN4Nkc4RGFVc3NwQmo4dHhhRGxrdkhxWERR\" target=\"_blank\" rel=\"noopener\"><img decoding=\"async\" src=\"https:\/\/lh3.googleusercontent.com\/pw\/AM-JKLWvmepNq-B-x32ufPOChOTqBH9j--VCSnxR2o6-7Guz-a2n9E9RST1SgVyPLQxfQdu-B0Z8d9q2v8PVicS1Z0qZt54e8K_yeI3871xwvjG6uaVft4gEeLFVqV-hIYfMgz-FMHGSq2TzU8WX-H68h_IX=w2000-h1333-no?authuser=0\" width=\"2000\" height=\"1333\" alt=\"Mezuniyetiniz kutlu olsun!\" class=\"size-full\" \/><\/a><figcaption class=\"wp-caption-text\">Mezuniyetiniz kutlu olsun!<\/figcaption><\/figure>\n<figure class=\"wp-caption aligncenter\"><a href=\"https:\/\/photos.google.com\/share\/AF1QipMZfYJhXqWMgGA4TeVuWMd--AkdgOJdBIgauUvGSwRkJNFCW7HvmuafjiMoyY-nzw\/photo\/AF1QipMLwFz99iufNwrJEteaYvkXb3zx629sMvL-xGI?key=OXpBaTN4Nkc4RGFVc3NwQmo4dHhhRGxrdkhxWERR\" target=\"_blank\" rel=\"noopener\"><img decoding=\"async\" src=\"https:\/\/lh3.googleusercontent.com\/pw\/AM-JKLVnFabL9AbWaoC90u_NohsIjEQS2WWzbj4uPdOBZnmhPJ2QJrtmpammUjMb_yfEW79LYKHKaXu1d92KLjmzVtuncb65vgtlFTTGXws-GdOtrAtJHwx9fcei0aq0JTva4Iyb8iChFZbcJeLaASPviwUW=w2000-h1333-no?authuser=0\" width=\"2000\" height=\"1333\" alt=\"Ayr\u0131l\u0131\u015f g\u00fcn\u00fc!\" class=\"size-full\" \/><\/a><figcaption class=\"wp-caption-text\">Ayr\u0131l\u0131\u015f g\u00fcn\u00fc!<\/figcaption><\/figure>\n<h2>Koridorda sergilenen mezuniyet an\u0131 eseri &quot;Hokuryu Emaki&quot;<\/h2>\n<figure class=\"wp-caption aligncenter\"><a href=\"https:\/\/photos.google.com\/share\/AF1QipMZfYJhXqWMgGA4TeVuWMd--AkdgOJdBIgauUvGSwRkJNFCW7HvmuafjiMoyY-nzw\/photo\/AF1QipO-u10rVJW5p3TLAFjGhfjX8yOt5nALqEe5_yg?key=OXpBaTN4Nkc4RGFVc3NwQmo4dHhhRGxrdkhxWERR\" target=\"_blank\" rel=\"noopener\"><img decoding=\"async\" src=\"https:\/\/lh3.googleusercontent.com\/pw\/AM-JKLV3NUnaGOHhf34TGVPIP2vNc0JYTaWQUyUM9R4nMc-jSg2G1x_g9Y4hdHqF1vmsACcMIfcD7A_Toc2AX5X5oPljTYzi_DgHU-Anf3nwvTGdgzQB3J6bgGzez_BFbulZk2Izq_OWDh8ev2jzOl0QQTCF=w2000-h1333-no?authuser=0\" width=\"2000\" height=\"1333\" alt=\"Mezuniyet hat\u0131ra \u00e7al\u0131\u015fmas\u0131 &quot;Hokuryu Emaki&quot;\" class=\"size-full\" \/><\/a><figcaption class=\"wp-caption-text\">Mezuniyet hat\u0131ra \u00e7al\u0131\u015fmas\u0131 &quot;Hokuryu Emaki&quot;<\/figcaption><\/figure>\n<figure class=\"wp-caption aligncenter\"><a href=\"https:\/\/photos.google.com\/share\/AF1QipMZfYJhXqWMgGA4TeVuWMd--AkdgOJdBIgauUvGSwRkJNFCW7HvmuafjiMoyY-nzw\/photo\/AF1QipMsA4q6y_8sqmg-s79CB_GvMcM9VYIdHWSUGqo?key=OXpBaTN4Nkc4RGFVc3NwQmo4dHhhRGxrdkhxWERR\" target=\"_blank\" rel=\"noopener\"><img decoding=\"async\" src=\"https:\/\/lh3.googleusercontent.com\/pw\/AM-JKLWoe-4arhw5r2YZhefhF4cEFG3sNwTic6YoRL9JlEcQoU9bc2J0fLCJJ1AYAC6U5-iwMbRteNuXtD1TyALXHc_2N5Tr4OhtUkSZ90k6gAem4elQacUzhBqSWltDG7WShKGIJd9h3cgJd9LRwlOmIydi=w2000-h1333-no?authuser=0\" width=\"2000\" height=\"1333\" alt=\"Olu\u015fturmak i\u00e7in gruplara ayr\u0131ld\u0131\" class=\"size-full\" \/><\/a><figcaption class=\"wp-caption-text\">Olu\u015fturmak i\u00e7in gruplara ayr\u0131ld\u0131<\/figcaption><\/figure>\n\ufffc<br \/>\n<figure class=\"wp-caption aligncenter\"><a href=\"https:\/\/photos.google.com\/share\/AF1QipMZfYJhXqWMgGA4TeVuWMd--AkdgOJdBIgauUvGSwRkJNFCW7HvmuafjiMoyY-nzw\/photo\/AF1QipO4hq7ubjenA0oycnVf_BUERFqpU4YUlObMZ98?key=OXpBaTN4Nkc4RGFVc3NwQmo4dHhhRGxrdkhxWERR\" target=\"_blank\" rel=\"noopener\"><img decoding=\"async\" src=\"https:\/\/lh3.googleusercontent.com\/pw\/AM-JKLVsSEuXKzSWSbYd8AaYdMievRklP3ppY9qIdRqfJlMRvD0BBZDKKyGM0o1Yzp3xVO1NRMqqBjkdE6Yhm6K3LCM-zBcSgYUCe6B3vXDIeUKNjQGiaSO2sR_Rs6_Kja46_l-bQAmNSupwfzN8MYAk1AnG=w2000-h1333-no?authuser=0\" width=\"2000\" height=\"1333\" alt=\"Bir s\u00fcr\u00fc \u00e7i\u00e7ek\" class=\"size-full\" \/><\/a><figcaption class=\"wp-caption-text\">Bir s\u00fcr\u00fc \u00e7i\u00e7ek<\/figcaption><\/figure>\n<h2>&quot;Muhte\u015fem Yol&quot; sergileniyor<\/h2>\n<figure class=\"wp-caption aligncenter\"><a href=\"https:\/\/photos.google.com\/share\/AF1QipMZfYJhXqWMgGA4TeVuWMd--AkdgOJdBIgauUvGSwRkJNFCW7HvmuafjiMoyY-nzw\/photo\/AF1QipPS0VWHTUc19w2OCgSjEeIwp11LqoOJj3cNpBg?key=OXpBaTN4Nkc4RGFVc3NwQmo4dHhhRGxrdkhxWERR\" target=\"_blank\" rel=\"noopener\"><img decoding=\"async\" src=\"https:\/\/lh3.googleusercontent.com\/pw\/AM-JKLXzGTJNNBuDcIWmJUuxsHvns3tJ_1kv3SbCK-QP8MPl3GTj0u9vXp5k1wKMiV23TsmYswv8EW-fy2QUfQ67R9NDUegoqp4ELuzt8kjBW0ragbJEFjAenjTm7NLw6_uZz5m9g7Sp6rFt1IQD1fy-rd6N=w2000-h1500-no?authuser=0\" width=\"2000\" height=\"1500\" alt=\"\u015ean Yolu\" class=\"size-full\" \/><\/a><figcaption class=\"wp-caption-text\">\u015ean Yolu<\/figcaption><\/figure>\n\ufffc<br \/>\nBen Hokuryu&#039;da do\u011fdum ve b\u00fcy\u00fcd\u00fcm ve bunlar anaokulunda, ilkokulda ve ortaokulda zaman\u0131m\u0131 ge\u00e7irdi\u011fim de\u011ferli dostlar\u0131md\u0131r.<\/p>\n<p>Y\u00fcreklerinde 15 y\u0131l boyunca sevin\u00e7leri ve \u00fcz\u00fcnt\u00fcleri payla\u015farak, yard\u0131mla\u015farak ve destekleyerek derin bir \u015fekilde \u00f6r\u00fclm\u00fc\u015f de\u011ferli g\u00fcveni s\u0131k\u0131 s\u0131k\u0131ya tutarak yeni bir d\u00fcnyaya do\u011fru yola \u00e7\u0131kan t\u00fcm mezunlara, s\u0131n\u0131rs\u0131z sevgimi, \u015f\u00fckranlar\u0131m\u0131 ve dualar\u0131m\u0131 g\u00f6nderiyorum...<\/p>\n<h2>Di\u011fer foto\u011fraflar<\/h2>\n<div class=\"img-move\">\n<img decoding=\"async\" src=\"https:\/\/ehokkaido.net\/wp-content\/uploads\/2021\/12\/2021-12-06-11.41.12.png\" style=\"vertical-align:middle;\"> <a href=\"https:\/\/photos.app.goo.gl\/spqLt5ZMsnRvKRuo6\" target=\"_blank\" rel=\"noopener noreferrer\">Hokuryu Kasabas\u0131 Hokuryu Ortaokulu&#039;nun 2021&#039;deki 75. Mezuniyet T\u00f6reni&#039;nden foto\u011fraflar (94 foto\u011fraf) burada &gt;&gt;<\/a><\/div>\n<h2>\u0130lgili Siteler ve Makaleler<\/h2>\n<div class=\"img-move\">\n<div class=\"sitecard\">\n<div class=\"sitecard__subtitle\"> Hokuryu Kasabas\u0131 Hokuryu Ortaokulu<\/div>\n<div class=\"column column-273\">\n<div class=\"column__item\"><span style=\"font-size:medium\">Hokuryu Town Hokuryu Junior Lisesi. Bu Hokuryu Town Hokuryu Junior Lisesi&#039;nin ana sayfas\u0131d\u0131r. Men\u00fc: Son Haberler Okul Tan\u0131t\u0131m\u0131 D\u00fcnya Ay\u00e7i\u00e7ekleri (Ge\u00e7mi\u015f) D\u00fcnya Ay\u00e7i\u00e7ekleri<\/span><span style=\"color: #ff9900;\">\u25b6<\/span> <a href=\"http:\/\/hokuryu.sakura.ne.jp\/\" target=\"_blank\" rel=\"noopener\"><b style=\"font-size:large\">Detaylar i\u00e7in buraya t\u0131klay\u0131n &gt;&gt;<\/b><\/div>\n<div class=\"column__item\"><img decoding=\"async\" src=\"https:\/\/portal.hokuryu.info\/wp\/wp-content\/uploads\/2022\/03\/202203152022-03-15-11.56.44.jpg\" alt=\"Hokuryu Kasabas\u0131 Hokuryu Ortaokulu\" style=\"border:solid 1px blue\" \/><\/a><\/div>\n<\/div>\n<\/div>\n<\/div>\n\n        <div class=\"site-blogcard-premium\">\n            <div class=\"bc-label-custom\">\u0130lgili makaleler<\/div>\n            <div class=\"bc-flex-container\">\n                <div class=\"bc-main-text\">\n                    <div class=\"bc-title-link-box\">\n                        <a href=\"https:\/\/portal.hokuryu.info\/tr\/12064\/\" target=\"_blank\">https:\/\/portal.hokuryu.info\/12064<\/a>\n                    <\/div>\n                    <div class=\"bc-excerpt-box\">Sayfa bilgileri al\u0131namad\u0131.<\/div>\n                <\/div>\n                <div class=\"bc-thumbnail-box\">\n                    <a href=\"https:\/\/portal.hokuryu.info\/tr\/12064\/\" target=\"_blank\">\n                        <div class=\"bc-img-zoom-wrap\">\n                            <img decoding=\"async\" src=\"https:\/\/portal.hokuryu.info\/wp\/wp-content\/uploads\/2026\/02\/20230802DSC06445_1.jpg\" alt=\"https:\/\/portal.hokuryu.info\/12064\">\n                        <\/div>\n                    <\/a>\n                <\/div>\n            <\/div>\n        <\/div>\n<p>\u25c7 \u00c7ekim ve kurgu: Noboru Terauchi R\u00f6portaj ve metin: Ikuko Terauchi<\/p>","protected":false},"excerpt":{"rendered":"<p>\uff12\uff10\uff12\uff12\u5e74\uff13\u6708\uff11\uff15\u65e5\uff08\u706b\uff09 \uff13\u6708\uff11\uff12\u65e5\uff08\u571f\uff09\uff10\uff19\uff1a\uff14\uff10\u301c\u3001\u5317\u7adc\u753a\u7acb \u5317\u7adc\u4e2d\u5b66\u6821 \u7b2c\uff17\uff15\u56de\u5352\u696d\u8a3c\u66f8\u6388\u4e0e\u5f0f\u304c\u884c\u308f\u308c\u307e\u3057\u305f\u3002 \u5317\u7adc\u753a\u7acb \u5317\u7adc\u4e2d\u5b66\u6821 \u5352\u696d\u8a3c\u66f8\u6388\u4e0e\u5f0f\u4f1a\u5834\uff08\u4f53\u80b2\u9928\uff09 \u4eca\u5e74\u3082\u65b0\u578b\u30b3\u30ed\u30ca\u30a6\u30a4\u30eb\u611f\u67d3\u5bfe [&hellip;]<\/p>\n","protected":false},"author":1,"featured_media":17225,"comment_status":"open","ping_status":"open","sticky":false,"template":"","format":"standard","meta":{"footnotes":""},"categories":[4,42],"tags":[],"class_list":["post-17223","post","type-post","status-publish","format-standard","has-post-thumbnail","hentry","category-cover-story","category-42"],"_links":{"self":[{"href":"https:\/\/portal.hokuryu.info\/tr\/wp-json\/wp\/v2\/posts\/17223","targetHints":{"allow":["GET"]}}],"collection":[{"href":"https:\/\/portal.hokuryu.info\/tr\/wp-json\/wp\/v2\/posts"}],"about":[{"href":"https:\/\/portal.hokuryu.info\/tr\/wp-json\/wp\/v2\/types\/post"}],"author":[{"embeddable":true,"href":"https:\/\/portal.hokuryu.info\/tr\/wp-json\/wp\/v2\/users\/1"}],"replies":[{"embeddable":true,"href":"https:\/\/portal.hokuryu.info\/tr\/wp-json\/wp\/v2\/comments?post=17223"}],"version-history":[{"count":0,"href":"https:\/\/portal.hokuryu.info\/tr\/wp-json\/wp\/v2\/posts\/17223\/revisions"}],"wp:featuredmedia":[{"embeddable":true,"href":"https:\/\/portal.hokuryu.info\/tr\/wp-json\/wp\/v2\/media\/17225"}],"wp:attachment":[{"href":"https:\/\/portal.hokuryu.info\/tr\/wp-json\/wp\/v2\/media?parent=17223"}],"wp:term":[{"taxonomy":"category","embeddable":true,"href":"https:\/\/portal.hokuryu.info\/tr\/wp-json\/wp\/v2\/categories?post=17223"},{"taxonomy":"post_tag","embeddable":true,"href":"https:\/\/portal.hokuryu.info\/tr\/wp-json\/wp\/v2\/tags?post=17223"}],"curies":[{"name":"wp","href":"https:\/\/api.w.org\/{rel}","templated":true}]}}