{"id":16334,"date":"2022-02-01T10:17:31","date_gmt":"2022-02-01T01:17:31","guid":{"rendered":"https:\/\/portal.hokuryu.info\/?p=16334"},"modified":"2022-02-20T08:32:20","modified_gmt":"2022-02-19T23:32:20","slug":"kucuk-ve-orta-olcekli-isletmeler-ajansinin-2021-cirpinan-kucuk-ve-orta-olcekli-isletmeler","status":"publish","type":"post","link":"https:\/\/portal.hokuryu.info\/tr\/16334\/","title":{"rendered":"Kurosengoku \u0130\u015fletme Kooperatifi, Ekonomi, Ticaret ve Sanayi Bakanl\u0131\u011f\u0131&#039;n\u0131n 2021 y\u0131l\u0131 &quot;300 Y\u00fckselen KOB\u0130 ve K\u00fc\u00e7\u00fck \u00d6l\u00e7ekli \u0130\u015fletme&quot; ara\u015ft\u0131rmas\u0131nda talep toplama kategorisinde se\u00e7ilerek takdir belgesine lay\u0131k g\u00f6r\u00fcld\u00fc!"},"content":{"rendered":"<p>Sal\u0131, 1 \u015eubat 2022<\/p>\n<p>Kurosengoku \u0130\u015fletme Kooperatifi (Kitaryu Kasabas\u0131, Ba\u015fkan Takada Yukio), Ekonomi, Ticaret ve Sanayi Bakanl\u0131\u011f\u0131\/K\u00fc\u00e7\u00fck ve Orta \u00d6l\u00e7ekli \u0130\u015fletmeler Ajans\u0131&#039;n\u0131n 2021 &quot;300 Y\u00fckselen KOB\u0130 ve K\u00fc\u00e7\u00fck \u0130\u015fletme&quot; talep edinme kategorisinde se\u00e7ildi. Tebrikler! ! !<\/p>\n<p>Hokkaido&#039;nun Sorachi b\u00f6lgesinden, Iwamizawa \u015fehrinde \u015fekerleme \u00fcreticisi ve perakendecisi olan Jouvre Co., Ltd. firmas\u0131ndan bir hediye ald\u0131k.<a href=\"https:\/\/ehokkaido.net\/archives\/35162\" rel=\"noopener\" target=\"_blank\">Pastane Soraka<\/a>&quot;) ve Kitary\u016b Kasabas\u0131ndaki Kurosengoku Ticaret Kooperatifi Derne\u011fi se\u00e7ildi. Hokkaido&#039;dan toplam 15 kurulu\u015f se\u00e7ildi.<\/p>\n<h2>300 \u00c7\u0131rp\u0131nan K\u00fc\u00e7\u00fck ve Orta \u00d6l\u00e7ekli \u0130\u015fletmeler ve K\u00fc\u00e7\u00fck \u0130\u015fletmeler, 30 Al\u0131\u015fveri\u015f B\u00f6lgesi 2021<\/h2>\n<p>&quot;300 Ba\u015far\u0131l\u0131 K\u00fc\u00e7\u00fck ve Orta \u00d6l\u00e7ekli \u0130\u015fletme ve 30 Al\u0131\u015fveri\u015f B\u00f6lgesi&quot; \u00f6d\u00fcl\u00fc, K\u00fc\u00e7\u00fck ve Orta \u00d6l\u00e7ekli \u0130\u015fletmeler Ajans\u0131 taraf\u0131ndan yenilik\u00e7i \u00fcr\u00fcn ve hizmetler geli\u015ftirme, yerel ekonomiyi canland\u0131rma ve \u00e7e\u015fitli insan kaynaklar\u0131n\u0131 kullanma a\u00e7\u0131s\u0131ndan ola\u011fan\u00fcst\u00fc giri\u015fimlerde bulunan k\u00fc\u00e7\u00fck ve orta \u00f6l\u00e7ekli i\u015fletmelere, k\u00fc\u00e7\u00fck i\u015fletmelere ve ma\u011fazalara veriliyor.<\/p>\n<figure class=\"wp-caption aligncenter\"><a href=\"https:\/\/lh3.googleusercontent.com\/pw\/AM-JKLUtO36k7VTo2-2xlnRj5ijLC_LIrFSBpLNT55B6ZCUNJDEkIU7fGQI6J-FdZ_pC2zriT4wlsG3LT3bsqIMR6aurQ2Ebe54Bhi-88oEfmPyuu0h3T1R6A0M7uOOLt7ESzt9TlCp39YayJZS1eVIf7tj8=w2000-h1333-no?authuser=0\" target=\"_blank\" rel=\"noopener\"><img decoding=\"async\" src=\"https:\/\/lh3.googleusercontent.com\/pw\/AM-JKLUtO36k7VTo2-2xlnRj5ijLC_LIrFSBpLNT55B6ZCUNJDEkIU7fGQI6J-FdZ_pC2zriT4wlsG3LT3bsqIMR6aurQ2Ebe54Bhi-88oEfmPyuu0h3T1R6A0M7uOOLt7ESzt9TlCp39YayJZS1eVIf7tj8=w2000-h1333-no?authuser=1\" width=\"2000\" height=\"1333\" alt=\"Vaka \u00e7al\u0131\u015fmas\u0131 koleksiyonu: &quot;300 geli\u015fen KOB\u0130 ve k\u00fc\u00e7\u00fck i\u015fletme, 30 al\u0131\u015fveri\u015f b\u00f6lgesi i\u015fletmesi, 2021&quot;\" class=\"size-full\" \/><\/a><figcaption class=\"wp-caption-text\">Vaka \u00e7al\u0131\u015fmas\u0131 koleksiyonu: &quot;300 geli\u015fen KOB\u0130 ve k\u00fc\u00e7\u00fck i\u015fletme, 30 al\u0131\u015fveri\u015f b\u00f6lgesi, 2021&quot;<\/figcaption><\/figure>\n<h3>Kurosengoku \u0130\u015f Kooperatifleri Birli\u011fi, Ba\u015fkan Yukio Takada<\/h3>\n<figure class=\"wp-caption aligncenter\"><a href=\"https:\/\/photos.google.com\/share\/AF1QipP7bArCwerBSdrJmubalC0lcOm1eRRPnDjvSgZ0RNrbyhW4Bu2hD_xjG5SQIJhqHw\/photo\/AF1QipMhrSa2kFVW-3_T57ZIIhjMxzV67wyW0An4srI?key=S0FJX1FibjAtTkphbG5VbnRzWThOX3VUeVZGYUpn\" target=\"_blank\" rel=\"noopener\"><img decoding=\"async\" src=\"https:\/\/lh3.googleusercontent.com\/pw\/AM-JKLU-SsQxNiQS8Cd1KLfvpETBVjpOHXos8s7QFP4p4VUIgFFZMSxhu_H6gqB1GvUW_ji_QX_-bvGsmr8gURTxBne2K0Paz0Aic2tOicV892eBsnBnx-sjyKkzj3WvpTp2WIJe_HNPyJnocLTX5ANTgYR-=w2000-h1333-no?authuser=0\" width=\"2000\" height=\"1333\" alt=\"Kurosengoku \u0130\u015f Kooperatifleri Birli\u011fi, Ba\u015fkan Yukio Takada\" class=\"size-full\" \/><\/a><figcaption class=\"wp-caption-text\">Kurosengoku \u0130\u015f Kooperatifleri Birli\u011fi, Ba\u015fkan Yukio Takada<\/figcaption><\/figure>\n<figure class=\"wp-caption aligncenter\"><a href=\"https:\/\/photos.google.com\/share\/AF1QipP7bArCwerBSdrJmubalC0lcOm1eRRPnDjvSgZ0RNrbyhW4Bu2hD_xjG5SQIJhqHw\/photo\/AF1QipP0VooI4cy2AulMwnpZOSqTwMmFUf3MpCv7r3o?key=S0FJX1FibjAtTkphbG5VbnRzWThOX3VUeVZGYUpn\" target=\"_blank\" rel=\"noopener\"><img decoding=\"async\" src=\"https:\/\/lh3.googleusercontent.com\/pw\/AM-JKLUcP6weosIZfGdkGiyQvF5ijCPMlrVSzg8d8EY9UAPi-A7FgZQshBUG0RZ8gqw_QPrhmbhTCXprj9Tl5SDyVdTgaKMNOluHh4agX_9MPBQx5_wt-2qUkPWBRN9JbO509SRXcX-Lk7DS7vlISxv3v0Bi=w1258-h1774-no?authuser=0\" width=\"400\" alt=\"Kurosengoku \u0130\u015f Kooperatifleri Birli\u011fi (Ba\u015fkan: Yukio Takada)\" class=\"size-full\" style=\"border:solid 1px blue\"\/><figcaption class=\"wp-caption-text\">Kurosengoku \u0130\u015f Kooperatifleri Birli\u011fi, Ba\u015fkan Yukio Takada<\/a><\/figcaption><\/figure>\n<h2>\u00d6d\u00fcl\u00fc Belediye Ba\u015fkan\u0131 Yutaka Sano&#039;ya bildirmek<\/h2>\n<p>K\u00fc\u00e7\u00fck ve Orta \u00d6l\u00e7ekli \u0130\u015fletmeler Ajans\u0131, Kurosengoku \u0130\u015fletme Kooperatifi Derne\u011fi&#039;ne (Ba\u015fkan Takada Yukio) bir te\u015fekk\u00fcr mektubu, \u00f6rnek olaylar koleksiyonu, bir foto\u011fraf \u00e7er\u00e7evesi ve bir rozet g\u00f6ndererek hediye etti. Ba\u015fkan Takada Yukio \u00f6d\u00fcl\u00fc Belediye Ba\u015fkan\u0131 Sano&#039;ya bildirdi.<\/p>\n<figure class=\"wp-caption aligncenter\"><a href=\"https:\/\/photos.google.com\/share\/AF1QipP7bArCwerBSdrJmubalC0lcOm1eRRPnDjvSgZ0RNrbyhW4Bu2hD_xjG5SQIJhqHw\/photo\/AF1QipPVT0f4Z9U0xb-hQCYj80jLmA8uY33EoSBX06A?key=S0FJX1FibjAtTkphbG5VbnRzWThOX3VUeVZGYUpn\" target=\"_blank\" rel=\"noopener\"><img decoding=\"async\" src=\"https:\/\/lh3.googleusercontent.com\/pw\/AM-JKLV81t6PurrxYfp5BWpkSNfuOKAHNxuFj-mgV1q2Uj9f4rck8UKv8xUCMZDYPFcmlEmCrkeaCiG6ZSjpvkAJkA2ldhVc0jKv8btjvlkAkefhRelMviVc7t5ybnQCfKXxmX70wkhIPm-feijKNvTrTMk3=w2000-h1333-no?authuser=0\" width=\"2000\" height=\"1333\" alt=\"\u00d6d\u00fcl\u00fcn Belediye Ba\u015fkan\u0131 Sano&#039;ya bildirilmesi\" class=\"size-full\" \/><\/a><figcaption class=\"wp-caption-text\">\u00d6d\u00fcl\u00fcn Belediye Ba\u015fkan\u0131 Sano&#039;ya bildirilmesi<\/figcaption><\/figure>\n<h3>Kurosengoku \u0130\u015f Kooperatifi Derne\u011fi&#039;nin faaliyetleri yerel ekonominin canlanmas\u0131na katk\u0131da bulunuyor<\/h3>\n<p>Kurosengoku \u0130\u015fletme Kooperatifi, 2005 y\u0131l\u0131nda kurulu\u015funun 17. y\u0131l\u0131n\u0131 kutluyor (Heisei 17). \u015eu anda il genelinde 52 \u00e7iftlikte bu \u00fcr\u00fcn yeti\u015ftiriliyor.<\/p>\n<p>Natto ve di\u011fer \u00fcr\u00fcnleri b\u00fcy\u00fck \u00fcreticilere tedarik etmenin yan\u0131 s\u0131ra, kinako (kavrulmu\u015f soya unu), kuro-sengoku-don (Japon pirin\u00e7 krakeri) vb. gibi kendi \u00fcr\u00fcnlerimizi i\u015fliyoruz (temizleme, kurutma, renk ay\u0131rma makineleriyle yabanc\u0131 cisimleri tespit etme, paketleme vb.) ve bunlar\u0131 perakende olarak g\u00fcvenli ve kaliteli bir \u015fekilde sat\u0131yoruz.<\/p>\n<p>Sat\u0131\u015flar hem Hokkaido i\u00e7inde hem d\u0131\u015f\u0131nda, hatta deniza\u015f\u0131r\u0131 \u00fclkelerde de art\u0131yor. Ayr\u0131ca \u00fclke \u00e7ap\u0131nda d\u00fczenlenen \u00e7e\u015fitli etkinliklere aktif olarak kat\u0131l\u0131yor ve t\u00fcketicilerle etkile\u015fime \u00f6nem veriyoruz. Son birka\u00e7 y\u0131ld\u0131r Tayvan&#039;daki s\u00fcpermarketlerde ve di\u011fer sat\u0131\u015f noktalar\u0131nda sergiler d\u00fczenliyoruz ve son y\u0131llarda Amazon ve di\u011fer siteler arac\u0131l\u0131\u011f\u0131yla sat\u0131\u015f kanallar\u0131m\u0131z\u0131 ABD pazar\u0131na do\u011fru geni\u015fletiyoruz.<\/p>\n<p>Ayr\u0131ca, artan sa\u011fl\u0131k bilincine yan\u0131t olarak \u015firket, g\u00fcvenli ve emniyetli \u00fcr\u00fcnler geli\u015ftirmek i\u00e7in \u00e7al\u0131\u015fmalar y\u00fcr\u00fct\u00fcyor ve &quot;Kurosengoku Soya Eti&quot;ni geli\u015ftirmeye ve sat\u0131\u015f\u0131na ba\u015flad\u0131.<\/p>\n<p>Kurosengoku \u0130\u015fletme Kooperatifi&#039;nin bug\u00fcne kadarki geli\u015fimi, sa\u011flam y\u00f6netimi, yeni i\u015flenmi\u015f \u00fcr\u00fcnler geli\u015ftirmedeki proaktif \u00e7abalar\u0131 ve Temsilci Direkt\u00f6r Yukio Takada&#039;n\u0131n g\u00fc\u00e7l\u00fc liderli\u011fi alt\u0131nda yerel ekonominin canlanmas\u0131na \u00f6nemli katk\u0131larda bulunan di\u011fer bir\u00e7ok \u00f6zverili faaliyet nedeniyle b\u00fcy\u00fck \u00f6vg\u00fc ald\u0131.<\/p>\n<h3>Koichi Hagiuda, Ekonomi, Ticaret ve Sanayi Bakan\u0131&#039;ndan takdir mektubu ald\u0131<\/h3>\n<figure class=\"wp-caption aligncenter\"><a href=\"https:\/\/photos.google.com\/share\/AF1QipP7bArCwerBSdrJmubalC0lcOm1eRRPnDjvSgZ0RNrbyhW4Bu2hD_xjG5SQIJhqHw\/photo\/AF1QipMy_s3Ew_UGDq_XZU19dC1YITfoP9l4fcwXUJQ?key=S0FJX1FibjAtTkphbG5VbnRzWThOX3VUeVZGYUpn\" target=\"_blank\" rel=\"noopener\"><img decoding=\"async\" src=\"https:\/\/lh3.googleusercontent.com\/pw\/AM-JKLW2JbKen3r3gPGpna2xg0C4q4wvEMMo0GiweFdn7ejOvkrCza0FNW9G3eJP91B-OSaM6kLI80gG5xfEnZbOqpTtCv6cMX8QO0IxYqxLtg53X8lx7fJK-U5nPHmMg1GkpSuQJblTlkKTa8ddjVTqRMuO=w2000-h1333-no?authuser=0\" width=\"2000\" height=\"1333\" alt=\"Takdir Belgesi\" class=\"size-full\" \/><\/a><figcaption class=\"wp-caption-text\">Takdir Belgesi<\/figcaption><\/figure>\n<h3>Foto\u011fraf \u00c7er\u00e7evesi<\/h3>\n<figure class=\"wp-caption aligncenter\"><a href=\"https:\/\/photos.google.com\/share\/AF1QipP7bArCwerBSdrJmubalC0lcOm1eRRPnDjvSgZ0RNrbyhW4Bu2hD_xjG5SQIJhqHw\/photo\/AF1QipNmrzPfBEoPaZ4Cy34FNrGAYmhnmbdk96dPoa8?key=S0FJX1FibjAtTkphbG5VbnRzWThOX3VUeVZGYUpn\" target=\"_blank\" rel=\"noopener\"><img decoding=\"async\" src=\"https:\/\/lh3.googleusercontent.com\/pw\/AM-JKLUgacePxtEd8XQ8iCWmjCR3Naz5CWjKnhZQQHxsX0v26p9Ak1-dfwdlbj04Nqk0-1QAX3i8F2BSI7SqlFmIadyACiq_GyTd1L_udRpxuVBh35MtDyFPMNzHEMafy4k7W-rjXIz3vTnovzYqbWxut7zL=w2000-h1333-no?authuser=0\" width=\"2000\" height=\"1333\" alt=\"Foto\u011fraf \u00c7er\u00e7evesi\" class=\"size-full\" \/><\/a><figcaption class=\"wp-caption-text\">Foto\u011fraf \u00c7er\u00e7evesi<\/figcaption><\/figure>\n<h3>Pin Rozeti<\/h3>\n<figure class=\"wp-caption aligncenter\"><a href=\"https:\/\/photos.google.com\/share\/AF1QipP7bArCwerBSdrJmubalC0lcOm1eRRPnDjvSgZ0RNrbyhW4Bu2hD_xjG5SQIJhqHw\/photo\/AF1QipMfZeVnCOn8tqxyusmdbKFPOVF3nMEOk4BqtMI?key=S0FJX1FibjAtTkphbG5VbnRzWThOX3VUeVZGYUpn\" target=\"_blank\" rel=\"noopener\"><img decoding=\"async\" src=\"https:\/\/lh3.googleusercontent.com\/pw\/AM-JKLUwQ6pJHpGCqyS3K1XwYcVYq087MERpcfLeaon7Hqyol93zG5ZotpAzjnVi5sTTG0LXapl19eYqE7PiyS0BzhvXrZKMJ_Pouo96BwkbmZAqiVD1B9OeiirjMKqUUcU3AHcoHZefS9lDASIUftmjikoC=w1260-h1888-no?authuser=0\" width=\"400\" alt=\"Pin Rozeti\" class=\"size-full\" \/><\/a><figcaption class=\"wp-caption-text\">Pin Rozeti<\/figcaption><\/figure>\n<h3>Ba\u015fkan Yukio Takada&#039;dan \u015f\u00fckran s\u00f6zleri<\/h3>\n<p>&quot;B\u00f6yle bir \u00f6d\u00fcl almak \u00fcreticilerimiz i\u00e7in bir te\u015fviktir. Verimliliklerini art\u0131rmalar\u0131 i\u00e7in onlara b\u00fcy\u00fck bir motivasyon kayna\u011f\u0131 sa\u011flayacakt\u0131r, bu y\u00fczden son derece minnettar\u0131m. \u00c7ok te\u015fekk\u00fcr ederim,&quot; dedi Ba\u015fkan Takada s\u00f6zlerinde.<\/p>\n<figure class=\"wp-caption aligncenter\"><a href=\"https:\/\/photos.google.com\/share\/AF1QipP7bArCwerBSdrJmubalC0lcOm1eRRPnDjvSgZ0RNrbyhW4Bu2hD_xjG5SQIJhqHw\/photo\/AF1QipPWfgjddRKnPXbGwLSNHMOiytIo9xScKjSVZaI?key=S0FJX1FibjAtTkphbG5VbnRzWThOX3VUeVZGYUpn\" target=\"_blank\" rel=\"noopener\"><img decoding=\"async\" src=\"https:\/\/lh3.googleusercontent.com\/pw\/AM-JKLVZwn40Yua5BfXK7wMbzK0V_WLHGPzpl0RZqXadIOEo-g9LZ4CoNfuXotT3D66oc-f0qVK_JmcaWN4q-cw8YWkHew9kuMc5CyP-vH0JQUrirSXc7_Kma0xG6ZveT9jQu2GHDQ2W6dd42-AyyM0D3PCs=w2000-h1333-no?authuser=0\" width=\"2000\" height=\"1333\" alt=\"Ba\u015fkan Takada\" class=\"size-full\" \/><\/a><figcaption class=\"wp-caption-text\">Ba\u015fkan Takada<\/figcaption><\/figure>\n<h3>Belediye Ba\u015fkan\u0131 Yutaka Sano&#039;nun mesaj\u0131<\/h3>\n<figure class=\"wp-caption aligncenter\"><a href=\"https:\/\/photos.google.com\/share\/AF1QipP7bArCwerBSdrJmubalC0lcOm1eRRPnDjvSgZ0RNrbyhW4Bu2hD_xjG5SQIJhqHw\/photo\/AF1QipMg2Z8RCbOOZhJc-qyKuki_pswrJ12lF9OKc6M?key=S0FJX1FibjAtTkphbG5VbnRzWThOX3VUeVZGYUpn\" target=\"_blank\" rel=\"noopener\"><img decoding=\"async\" src=\"https:\/\/lh3.googleusercontent.com\/pw\/AM-JKLXuNdVNx6VWIPMNasJfZTuklhgXogjSkERTD2anXCt9rCESDdIVK4sz0BhHcPliCvgOVrS27FYMQaDQyzUF5Mxhsy7uf5j3dKvSedIUatvwDa52QNIP0nvEjIwzy4EMzH5W6TtadciGPdGBLi2aiWcP=w2000-h1333-no?authuser=0\" width=\"2000\" height=\"1333\" alt=\"Sano Belediye Ba\u015fkan\u0131\" class=\"size-full\" \/><\/a><figcaption class=\"wp-caption-text\">Sano Belediye Ba\u015fkan\u0131<\/figcaption><\/figure>\n<p>&quot;Uzun vadeli s\u0131k\u0131 \u00e7al\u0131\u015fman\u0131z\u0131n ve ba\u015far\u0131lar\u0131n\u0131z\u0131n \u00fclke \u00e7ap\u0131nda takdir edilmesinden \u00e7ok memnunum. Ayr\u0131ca, Kurosengoku soya fasulyesi sat\u0131\u015flar\u0131n\u0131n Amerika Birle\u015fik Devletleri&#039;nde ba\u015flamas\u0131yla, Hokuryu Kasabas\u0131&#039;n\u0131n g\u00fcvenli ve emniyetli tar\u0131msal \u00fcr\u00fcnlerinin ve \u00f6zel \u00fcr\u00fcnlerinin giderek daha yayg\u0131n hale gelmesinden gurur duyuyorum. L\u00fctfen harika \u00e7al\u0131\u015fman\u0131z\u0131 s\u00fcrd\u00fcr\u00fcn,&quot; diye cesaretlendirdi Belediye Ba\u015fkan\u0131 Sano kasabay\u0131.<\/p>\n<figure class=\"wp-caption aligncenter\"><a href=\"https:\/\/photos.google.com\/share\/AF1QipP7bArCwerBSdrJmubalC0lcOm1eRRPnDjvSgZ0RNrbyhW4Bu2hD_xjG5SQIJhqHw\/photo\/AF1QipMB0Rb1rSKTQ6RmgHPwCnd1cpf434mANjlluUk?key=S0FJX1FibjAtTkphbG5VbnRzWThOX3VUeVZGYUpn\" target=\"_blank\" rel=\"noopener\"><img decoding=\"async\" src=\"https:\/\/lh3.googleusercontent.com\/pw\/AM-JKLWleDDzNHENechQaeGLpwRbUbiyx9NEzOYyG7yo9Nu4Pe92YCkni2dMYvwVI5aVVQb55HV7Qk_MnLfdumpMlYqZH-llV3smqXe1wgsgPdmMCKcKMDBzvPBp3J6yJWsG8nE8YI0xreXLfISjWVOa4Cku=w2000-h1333-no?authuser=0\" width=\"2000\" height=\"1333\" alt=\"Keyifli bir sohbet!\" class=\"size-full\" \/><\/a><figcaption class=\"wp-caption-text\">Keyifli bir sohbet!<\/figcaption><\/figure>\n<figure class=\"wp-caption aligncenter\"><a href=\"https:\/\/photos.google.com\/share\/AF1QipP7bArCwerBSdrJmubalC0lcOm1eRRPnDjvSgZ0RNrbyhW4Bu2hD_xjG5SQIJhqHw\/photo\/AF1QipM8HRQukfCwV80DnY_Nl5vMoczvZ1eYHk3Of4I?key=S0FJX1FibjAtTkphbG5VbnRzWThOX3VUeVZGYUpn\" target=\"_blank\" rel=\"noopener\"><img decoding=\"async\" src=\"https:\/\/lh3.googleusercontent.com\/pw\/AM-JKLX0dapMiwbUFqe8q24xx1CA-iDabmuDdmN5lsEJXFOhzSN7_Kx4aB5zLammxi1joIfwmniDA5do7t6UWU1FE5HsKQ99TcS_5gcnpD7_v7zY41iYjJXYD0NE9cNTmwFSlTEw0W2v4Br47MewvcvShTrB=w2000-h1333-no?authuser=0\" width=\"2000\" height=\"1333\" alt=\"\u00c7abalar\u0131m\u0131z\u0131n ve ba\u015far\u0131lar\u0131m\u0131z\u0131n bu kadar takdir edilmesinden dolay\u0131 minnettar\u0131z!\" class=\"size-full\" \/><\/a><figcaption class=\"wp-caption-text\">\u00c7abalar\u0131m\u0131z\u0131n ve ba\u015far\u0131lar\u0131m\u0131z\u0131n bu kadar takdir edilmesinden dolay\u0131 minnettar\u0131z!<\/figcaption><\/figure>\n<p>Kurosengoku soya fasulyesi, Hokuryu Kasabas\u0131&#039;n\u0131n do\u011fal g\u00fczelliklerinin g\u00fcne\u015f \u0131\u015f\u0131\u011f\u0131 alt\u0131nda, b\u00fcy\u00fck bir sevgiyle yeti\u015ftiriliyor!<br \/>\nHokkaido, Japonya ve d\u00fcnyada geli\u015fmeye ve u\u00e7u\u015fa ge\u00e7meye devam edecek olan canl\u0131l\u0131k ve enerji dolu de\u011ferli Kurosengoku soya fasulyelerine s\u0131n\u0131rs\u0131z sevgi, \u015f\u00fckran ve dualar\u0131m\u0131zla. . .<\/p>\n<p><center><iframe width=\"560\" height=\"315\" src=\"https:\/\/www.youtube.com\/embed\/9uw8w8xvzx8\" title=\"YouTube video oynat\u0131c\u0131s\u0131\" frameborder=\"0\" allow=\"accelerometer; autoplay; clipboard-write; encrypted-media; gyroscope; picture-in-picture\" allowfullscreen><\/iframe><\/center><\/p>\n<h2>\u0130lgili makaleler<\/h2>\n\n<div class=\"sitecard\">\n<div class=\"sitecard__subtitle\"> K\u00fc\u00e7\u00fck ve Orta \u00d6l\u00e7ekli \u0130\u015fletmeler Ajans\u0131 web sitesi<\/div>\n<div class=\"column column-273\">\n<div class=\"column__item\"><span style=\"font-size:x-large\"><strong><a href=\"https:\/\/www.chusho.meti.go.jp\/keiei\/sapoin\/monozukuri300sha\/index2021.html\" target=\"_blank\" rel=\"noopener\">Geli\u015fen 300 KOB\u0130 ve k\u00fc\u00e7\u00fck i\u015fletme<\/a><\/strong><\/span><br \/>\nBu kitapta &quot;\u00e7e\u015fitli alanlarda faaliyet g\u00f6steren 300 KOB\u0130 ve k\u00fc\u00e7\u00fck i\u015fletmenin&quot; listesi yer al\u0131yor.<br \/>\nBunun, yenilik\u00e7i \u00fcr\u00fcn ve hizmet geli\u015ftirme \u00e7abalar\u0131na ivme kazand\u0131rmas\u0131, yerel ekonomileri canland\u0131rmas\u0131 ve uluslararas\u0131 rekabet g\u00fcc\u00fcn\u00fc art\u0131rmas\u0131 bekleniyor.<span style=\"color: #ff9900;\">\u25b6<\/span> <a href=\"https:\/\/www.chusho.meti.go.jp\/keiei\/sapoin\/monozukuri300sha\/index2021.html\" target=\"_blank\" rel=\"noopener\"><b style=\"font-size:large\">Detaylar i\u00e7in buraya t\u0131klay\u0131n &gt;&gt;<\/b><\/div>\n<div class=\"column__item\"><img decoding=\"async\" src=\"https:\/\/portal.hokuryu.info\/wp\/wp-content\/uploads\/2021\/12\/book2021.jpg\" alt=\"Geli\u015fen 300 KOB\u0130 ve k\u00fc\u00e7\u00fck i\u015fletme\" style=\"border:solid 1px blue\" \/><\/a><\/div>\n<\/div>\n<\/div>\n\n\n        <div class=\"site-blogcard-premium\">\n            <div class=\"bc-label-custom\">\u0130lgili makaleler<\/div>\n            <div class=\"bc-flex-container\">\n                <div class=\"bc-main-text\">\n                    <div class=\"bc-title-link-box\">\n                        <a href=\"https:\/\/ehokkaido.net\/archives\/35162\" target=\"_blank\">https:\/\/ehokkaido.net\/archives\/35162<\/a>\n                    <\/div>\n                    <div class=\"bc-excerpt-box\">Sayfa bilgileri al\u0131namad\u0131.<\/div>\n                <\/div>\n                <div class=\"bc-thumbnail-box\">\n                    <a href=\"https:\/\/ehokkaido.net\/archives\/35162\" target=\"_blank\">\n                        <div class=\"bc-img-zoom-wrap\">\n                            <img decoding=\"async\" src=\"https:\/\/portal.hokuryu.info\/wp\/wp-content\/uploads\/2026\/02\/20230802DSC06445_1.jpg\" alt=\"https:\/\/ehokkaido.net\/archives\/35162\">\n                        <\/div>\n                    <\/a>\n                <\/div>\n            <\/div>\n        <\/div>\n<p>\u25c7 \u00c7ekim ve kurgu: Noboru Terauchi R\u00f6portaj ve metin: Ikuko Terauchi<\/p>","protected":false},"excerpt":{"rendered":"<p>\uff12\uff10\uff12\uff12\u5e74\uff12\u6708\uff11\u65e5\uff08\u706b\uff09 \u7d4c\u6e08\u7523\u696d\u7701\u30fb\u4e2d\u5c0f\u4f01\u696d\u5e81\u306e\uff12\uff10\uff12\uff11\u5e74\u300c\u306f\u3070\u305f\u304f\u4e2d\u5c0f\u4f01\u696d\u30fb\u5c0f\u898f\u6a21\u4e8b\u696d\u8005300\u793e\u300d\u9700\u8981\u7372\u5f97\u90e8\u9580\u306b\u3001\u9ed2\u5343\u77f3\u4e8b\u696d\u5354\u540c\u7d44\u5408\uff08\u5317\u7adc\u753a\u30fb\u9ad8\u7530\u5e78\u7537 \u7406\u4e8b\u9577\uff09\u304c\u9078\u51fa\u3055\u308c\u307e\u3057\u305f\u3002\u304a\u3081\u3067\u3068\u3046\u3054\u3056\u3044\u307e [&hellip;]<\/p>\n","protected":false},"author":1,"featured_media":16340,"comment_status":"open","ping_status":"open","sticky":false,"template":"","format":"standard","meta":{"footnotes":""},"categories":[4,9],"tags":[],"class_list":["post-16334","post","type-post","status-publish","format-standard","has-post-thumbnail","hentry","category-cover-story","category-kurosengoku"],"_links":{"self":[{"href":"https:\/\/portal.hokuryu.info\/tr\/wp-json\/wp\/v2\/posts\/16334","targetHints":{"allow":["GET"]}}],"collection":[{"href":"https:\/\/portal.hokuryu.info\/tr\/wp-json\/wp\/v2\/posts"}],"about":[{"href":"https:\/\/portal.hokuryu.info\/tr\/wp-json\/wp\/v2\/types\/post"}],"author":[{"embeddable":true,"href":"https:\/\/portal.hokuryu.info\/tr\/wp-json\/wp\/v2\/users\/1"}],"replies":[{"embeddable":true,"href":"https:\/\/portal.hokuryu.info\/tr\/wp-json\/wp\/v2\/comments?post=16334"}],"version-history":[{"count":0,"href":"https:\/\/portal.hokuryu.info\/tr\/wp-json\/wp\/v2\/posts\/16334\/revisions"}],"wp:featuredmedia":[{"embeddable":true,"href":"https:\/\/portal.hokuryu.info\/tr\/wp-json\/wp\/v2\/media\/16340"}],"wp:attachment":[{"href":"https:\/\/portal.hokuryu.info\/tr\/wp-json\/wp\/v2\/media?parent=16334"}],"wp:term":[{"taxonomy":"category","embeddable":true,"href":"https:\/\/portal.hokuryu.info\/tr\/wp-json\/wp\/v2\/categories?post=16334"},{"taxonomy":"post_tag","embeddable":true,"href":"https:\/\/portal.hokuryu.info\/tr\/wp-json\/wp\/v2\/tags?post=16334"}],"curies":[{"name":"wp","href":"https:\/\/api.w.org\/{rel}","templated":true}]}}