{"id":13655,"date":"2021-10-25T06:41:18","date_gmt":"2021-10-24T21:41:18","guid":{"rendered":"https:\/\/portal.hokuryu.info\/?p=13655"},"modified":"2021-10-26T07:17:01","modified_gmt":"2021-10-25T22:17:01","slug":"shimokawa-kasabasi-ve-hokuryu-kasabasi-degisim-toplantisi-gorus-degisim-toplantisi-bolum-2","status":"publish","type":"post","link":"https:\/\/portal.hokuryu.info\/tr\/13655\/","title":{"rendered":"Shimokawa Kasabas\u0131 ve Hokuryu Kasabas\u0131 De\u011fi\u015fim Toplant\u0131s\u0131 (G\u00f6r\u00fc\u015f De\u011fi\u015fim Toplant\u0131s\u0131) B\u00f6l\u00fcm 2"},"content":{"rendered":"<p>Pazartesi, 25 Ekim 2021<\/p>\n<p>Saat 14:00&#039;te Shimokawa Belediye Binas\u0131 Politika Geli\u015ftirme B\u00f6l\u00fcm\u00fc \u015fefi Kameda Shinji ile bir araya geldik ve &quot;Komorebi&quot; kasaba canland\u0131rma merkezini ziyaret ettik.<\/p>\n<h2>Kent canland\u0131rma merkezi &quot;Komorebi&quot;<\/h2>\n<p>&quot;Komorebi&quot;, \u015feyleri, olaylar\u0131 ve insanlar\u0131 birbirine ba\u011flayan bir \u015fehir bilgi merkezidir.<\/p>\n<figure class=\"wp-caption aligncenter\"><a href=\"https:\/\/photos.google.com\/share\/AF1QipPBGl-8xkJZnHtVXvg0YYrv8yq6w-belMDEHSh7XnyIbBMnaLTOWkQC58y7lu5FZg\/photo\/AF1QipORuM0PYXX-urzYkwDF3cpa0LgNY79rZvLzw7E?key=cUFfZ1FaTmpJZVlneU0xSWVTOURYcGwzUFBLZGtB\" target=\"_blank\" rel=\"noopener\"><img decoding=\"async\" src=\"https:\/\/lh3.googleusercontent.com\/pw\/AM-JKLWcNE05RY_qvJuQvOyKyFgfWvuHnAwE_ys1YKKBhFBSODkH8_XBkm-qP0ZJOn19Vge9hf3ki53r_o8wE3xS-97zsvzi26n2WNO9t7lRXMIgzsEulHB5GhwizK8J6S_kXJsjSrbMLY0RlIZc4zBccyz5=w2000-h1333-no?authuser=0\" width=\"2000\" height=\"1333\" alt=\"Kent canland\u0131rma merkezi &quot;Komorebi&quot;\" class=\"size-medium\" \/><\/a><figcaption class=\"wp-caption-text\">Kent canland\u0131rma merkezi &quot;Komorebi&quot;<\/figcaption><\/figure>\n<h3>M\u00fcze rehberi haritas\u0131<\/h3>\n<p>Kirac\u0131 \u00f6rg\u00fctleri aras\u0131nda Shimokawa Furusato Kogyo Kooperatifi, Shimokawa Kasabas\u0131 End\u00fcstriyel Canland\u0131rma Destek \u00d6rg\u00fct\u00fc Kasaba Tan\u0131t\u0131m Departman\u0131, NPO Shimokawa Turizm Derne\u011fi ve JA Kitaharuka Shimokawa \u015eubesi (biti\u015fikte yer almaktad\u0131r) yer almaktad\u0131r.<\/p>\n<figure class=\"wp-caption aligncenter\"><a href=\"https:\/\/photos.google.com\/share\/AF1QipPBGl-8xkJZnHtVXvg0YYrv8yq6w-belMDEHSh7XnyIbBMnaLTOWkQC58y7lu5FZg\/photo\/AF1QipP5ACPfLfB5PUEFVdUFZr3kuyAoqQMdJQ718NE?key=cUFfZ1FaTmpJZVlneU0xSWVTOURYcGwzUFBLZGtB\" target=\"_blank\" rel=\"noopener\"><img decoding=\"async\" src=\"https:\/\/lh3.googleusercontent.com\/pw\/AM-JKLXQ1xwRyrQTx32cmFaSZibiNWd522h_1IefHBm4_bJJdMsEWn1K4SNNKp2EO_Qijaic54HOThiaMlwNw5SDt_pZwxqiYTolwAJFbwD7rLVnuU6s3LELZLz1P6JvAoYeJDg4KVQJTbEJ5Wv_NkTgZ6dN=w2000-h1333-no?authuser=0\" width=\"2000\" height=\"1333\" alt=\"M\u00fcze rehberi haritas\u0131\" class=\"size-medium\" \/><\/a><figcaption class=\"wp-caption-text\">M\u00fcze rehberi haritas\u0131<\/figcaption><\/figure>\n<h3>Turist Bilgi Merkezi<\/h3>\n<figure class=\"wp-caption aligncenter\"><a href=\"https:\/\/photos.google.com\/share\/AF1QipPBGl-8xkJZnHtVXvg0YYrv8yq6w-belMDEHSh7XnyIbBMnaLTOWkQC58y7lu5FZg\/photo\/AF1QipNBIRP1_pSUNogdeDPEhMyWzDGeqV9yq_S21k0?key=cUFfZ1FaTmpJZVlneU0xSWVTOURYcGwzUFBLZGtB\" target=\"_blank\" rel=\"noopener\"><img decoding=\"async\" src=\"https:\/\/lh3.googleusercontent.com\/pw\/AM-JKLXRpI5RHTpOBwWVuUkPeyQKFbEr-g4M4hh-fRjpi1E5IEHwLxJdLtK_fTHPEk8MQ3_nzu8xmo7RMh0JwyiYnspSyysf1e8m5OukkhqJ1hUgcMrRlFMr8mNkpbf_xYv6sAOnqFZPoBVkiocA3zH8n2dM=w2000-h1333-no?authuser=0\" width=\"2000\" height=\"1333\" alt=\"Turist Bilgi Merkezi\" class=\"size-medium\" \/><\/a><figcaption class=\"wp-caption-text\">Turist Bilgi Merkezi<\/figcaption><\/figure>\n<h4>Yerel spesiyalitelerin ve zanaatkarlar\u0131n eserlerinin sergilendi\u011fi bir sergi odas\u0131<\/h4>\n<figure class=\"wp-caption aligncenter\"><a href=\"https:\/\/photos.google.com\/share\/AF1QipPBGl-8xkJZnHtVXvg0YYrv8yq6w-belMDEHSh7XnyIbBMnaLTOWkQC58y7lu5FZg\/photo\/AF1QipMJMPXgvAGGJOxhuHb44bm8ztTo4ht3gYSyblE?key=cUFfZ1FaTmpJZVlneU0xSWVTOURYcGwzUFBLZGtB\" target=\"_blank\" rel=\"noopener\"><img decoding=\"async\" src=\"https:\/\/lh3.googleusercontent.com\/pw\/AM-JKLU9Ti1sXzBt-gFsX-y_bs4uECvM5F9YTZB2QiSrcY553SVSxtVX19dRlpoPIcdHBhex6Bt0rQdhSjT7--A1rFBRJ-LLAlqzg-4I8gZcrvDCcmADZBu-BNLvE0xf95Z1oA-zeleypvVHo5JMdecCYYiq=w2000-h1333-no?authuser=0\" width=\"2000\" height=\"1333\" alt=\"Sergi odas\u0131\" class=\"size-medium\" \/><\/a><figcaption class=\"wp-caption-text\">Sergi odas\u0131<\/figcaption><\/figure>\n<h2>Shimokawa Kasabas\u0131: S\u00fcrd\u00fcr\u00fclebilir bir yerel toplulu\u011fun ger\u00e7ekle\u015fmesine do\u011fru - Shimokawa, SDG&#039;lerin Gelece\u011fin \u015eehri<\/h2>\n<p>Komorebi Binas\u0131&#039;ndaki Planlama ve Kalk\u0131nma Ofisi&#039;nde, Politika Geli\u015ftirme B\u00f6l\u00fcm\u00fc S\u00fcrd\u00fcr\u00fclebilir Kalk\u0131nma Hedefleri Geli\u015ftirme Stratejisi Ofisi \u015eefi Bay Shinji Kameda, Shimokawa kasabas\u0131n\u0131n &quot;S\u00fcrd\u00fcr\u00fclebilir bir yerel toplulu\u011fun ger\u00e7ekle\u015fmesine do\u011fru - Shimokawa, S\u00fcrd\u00fcr\u00fclebilir Kalk\u0131nma Hedefleri&#039;nin Gelece\u011fin \u015eehri&quot; giri\u015fimi hakk\u0131nda bir sunum yapt\u0131. Toplant\u0131ya NPO Shimokawa Turizm Derne\u011fi&#039;nden Aya Kameda da kat\u0131ld\u0131.<\/p>\n<figure class=\"wp-caption aligncenter\"><a href=\"https:\/\/photos.google.com\/share\/AF1QipPBGl-8xkJZnHtVXvg0YYrv8yq6w-belMDEHSh7XnyIbBMnaLTOWkQC58y7lu5FZg\/photo\/AF1QipNT7OnvDdIhQotmH5CIrPU1FlfwM9w3XJO9Zno?key=cUFfZ1FaTmpJZVlneU0xSWVTOURYcGwzUFBLZGtB\" target=\"_blank\" rel=\"noopener\"><img decoding=\"async\" src=\"https:\/\/lh3.googleusercontent.com\/pw\/AM-JKLWvyNkfTO9_7yO0LU75_0PHCoynYmTOpZKVCiulqmJkbzj01y3wFcXNn6Zhh-wlp1H7KtwIlfUlyc_psIzHvvm9vqhkivrCUjAL0VpFFNjEpucfrG1Fg3-0qE6awGZ69fXWhAeCeW7lTLElWHTsThEu=w2000-h1333-no?authuser=0\" width=\"2000\" height=\"1333\" alt=\"Site Politikas\u0131 Tan\u0131t\u0131m B\u00f6l\u00fcm\u00fc Ba\u015fkan\u0131 Shinji Kameda ve NPO Shimokawa Turizm Derne\u011fi&#039;nden Aya Kameda\" class=\"size-medium\" \/><\/a><figcaption class=\"wp-caption-text\">Belediye Binas\u0131 Politika Tan\u0131t\u0131m B\u00f6l\u00fcm\u00fc \u015eefi Shinji Kameda ve Shimokawa Turizm Derne\u011fi Sivil Toplum \u00d6rg\u00fct\u00fc Aya Kameda<\/figcaption><\/figure>\n<ol>\n<li>Shimokawa nas\u0131l bir kasabad\u0131r?<\/li>\n<li>Ge\u00e7mi\u015f \u00e7abalar (2015&#039;e kadar)<\/li>\n<li>Gelecek giri\u015fimler (2016~)<\/li>\n<li>\u00c7e\u015fitli akt\u00f6rlerle ortakl\u0131klar<\/li>\n<li>S\u00fcrd\u00fcr\u00fclebilir Kalk\u0131nma Hedefleri\u2019ni neden dahil etmeliyiz?<\/li>\n<\/ol>\n<figure class=\"wp-caption aligncenter\"><a href=\"https:\/\/photos.google.com\/share\/AF1QipPBGl-8xkJZnHtVXvg0YYrv8yq6w-belMDEHSh7XnyIbBMnaLTOWkQC58y7lu5FZg\/photo\/AF1QipN6a4StOTcQMkMNWXJq9e81H1L5kNSazrVJ2jU?key=cUFfZ1FaTmpJZVlneU0xSWVTOURYcGwzUFBLZGtB\" target=\"_blank\" rel=\"noopener\"><img decoding=\"async\" src=\"https:\/\/lh3.googleusercontent.com\/pw\/AM-JKLWeU08OoUtffWrM0EeJACjfomEeqF8X4DMDuc5wYBPvlsQLDRYYXzRqztge-wM7VUxtZGYJD6xDHIETjU5q2q2L15cFs1UMAYsqRJABrZAr_UyiDRtiMjWUnpkNd_QyVtcWdYX-D5LYir5-999N9jUP=w2000-h1333-no?authuser=0\" width=\"2000\" height=\"1333\" alt=\"S\u00fcrd\u00fcr\u00fclebilir bir yerel toplulu\u011fun ger\u00e7ekle\u015fmesine do\u011fru\" class=\"size-medium\" \/><\/a><figcaption class=\"wp-caption-text\">S\u00fcrd\u00fcr\u00fclebilir bir yerel toplulu\u011fun ger\u00e7ekle\u015fmesine do\u011fru<\/figcaption><\/figure>\n<h3>Shimokawa nas\u0131l bir kasabad\u0131r?<\/h3>\n<h4>Shimokawa Kasabas\u0131na Genel Bak\u0131\u015f<\/h4>\n<ul>\n<li>&quot;Shimokawaism&quot; kriz ve zorluklarla m\u00fccadele etmeye devam ediyor<\/li>\n<li>S\u00fcrd\u00fcr\u00fclebilir bir yerel toplulu\u011fun ger\u00e7ekle\u015fmesine do\u011fru<\/li>\n<li>Geri d\u00f6n\u00fc\u015f\u00fcme dayal\u0131 orman y\u00f6netimi<\/li>\n<li>Orman\u0131n nimetlerinden en iyi \u015fekilde yararlanmak i\u00e7in orman kaynaklar\u0131n\u0131n kademeli olarak kullan\u0131lmas\u0131<\/li>\n<li>Orman simbiyoz toplumu Ekonomi, toplum ve \u00e7evrenin b\u00fct\u00fcnle\u015fik iyile\u015ftirilmesi<\/li>\n<li>Ichinohashi Biyo K\u00f6y Modeli \u00c7evre Dostu Gelece\u011fin \u015eehir Modeli:<br \/>\n\u3000<br \/>\nShimokawa Kasabas\u0131&#039;n\u0131n Ichinohashi b\u00f6lgesi, 2009 y\u0131l\u0131nda 95 ki\u015filik bir n\u00fcfusa sahip k\u00fc\u00e7\u00fck bir topluluktu (,6 ya\u015flanma oran\u0131). K\u00f6y\u00fcn canland\u0131r\u0131lmas\u0131 2010 y\u0131l\u0131nda ba\u015flat\u0131ld\u0131 ve ya\u015flanan n\u00fcfusa ev sahipli\u011fi yapmak amac\u0131yla enerji a\u00e7\u0131s\u0131ndan kendi kendine yetebilen bir yerle\u015fim alan\u0131 olu\u015fturuldu.<br \/>\n\u3000<br \/>\nKonut kompleksi (26 adet), \u0131s\u0131tma tesisi, mahalli restoran, toplum merkezi (postane, polis merkezi, sakinler i\u00e7in ortak alan, \u00f6zel orman \u00fcr\u00fcnleri yeti\u015ftirme ara\u015ft\u0131rma merkezi, kapta fidan yeti\u015ftiricili\u011fi, t\u0131bbi bitki fidan yeti\u015ftiricili\u011fi, vb.)<\/li>\n<\/ul>\n<figure class=\"wp-caption aligncenter\"><a href=\"https:\/\/photos.google.com\/share\/AF1QipPBGl-8xkJZnHtVXvg0YYrv8yq6w-belMDEHSh7XnyIbBMnaLTOWkQC58y7lu5FZg\/photo\/AF1QipNbpvtQqb9fDRHAhEtRpJsc_82SjyDfQr1L9cw?key=cUFfZ1FaTmpJZVlneU0xSWVTOURYcGwzUFBLZGtB\" target=\"_blank\" rel=\"noopener\"><img decoding=\"async\" src=\"https:\/\/lh3.googleusercontent.com\/pw\/AM-JKLVnAHswbPBEQyQYzmjllV5PGx8YN6s1BKHDKruM1Pb5Tl8bN2Rj1iCMIK5RjLMiOpVtFZUss0RRttKqFihgvhB3C8dyH5DntCmRmNwBCMjpzLz2dR--Kq67Vj6zValHwEjJtST_exeED-IUdSj99uiP=w2000-h1333-no?authuser=0\" width=\"2000\" height=\"1333\" alt=\"Ichinohashi Biyo K\u00f6y Modeli \u00c7evre Dostu Gelecek \u015eehir Modeli\" class=\"size-medium\" \/><\/a><figcaption class=\"wp-caption-text\">Ichinohashi Biyo K\u00f6y Modeli \u00c7evre Dostu Gelecek \u015eehir Modeli<\/figcaption><\/figure>\n<h3>Ge\u00e7mi\u015f \u00e7abalar (2015&#039;e kadar)<\/h3>\n<h4>S\u00fcrd\u00fcr\u00fclebilir topluluklar i\u00e7in yeni insan ak\u0131\u015flar\u0131 yaratmak<\/h4>\n<ul>\n<li>Marjinal topluluklar\u0131 canland\u0131rmak i\u00e7in &quot;B\u00f6lgesel Canland\u0131rma \u0130\u015fbirli\u011fi Ekibi&quot;ni tan\u0131t\u0131yoruz<\/li>\n<li>Faaliyetler: Terk edilmi\u015f binalar\u0131n y\u0131k\u0131m\u0131, B\u0130T izleme, ya\u015fam tarz\u0131 ve al\u0131\u015fveri\u015f deste\u011fi, kar temizleme, yerel restoranlar\u0131n i\u015fletilmesi, serac\u0131l\u0131k, ta\u015f f\u0131r\u0131nda pizza sat\u0131\u015f\u0131, \u00fcr\u00fcn geli\u015ftirme, i\u015flevsel bitki yeti\u015ftirme, \u00e7evre koruma, engelli destek tesislerine destek, toplum destek STK&#039;lar\u0131na destek, tesis y\u00f6netimi, su kayna\u011f\u0131 y\u00f6netimi, vb.\n<li>Son y\u0131llar: Bir marangoz 2016&#039;da buraya ta\u015f\u0131nd\u0131, eski bir yerel canland\u0131rma g\u00f6n\u00fcll\u00fcs\u00fc 2017&#039;de bir i\u015f kurdu ve Ezo geyi\u011fi i\u015fleme i\u015fi kurmay\u0131 uman bir ki\u015fi 2018&#039;de buraya ta\u015f\u0131nd\u0131.<\/li>\n<li>N\u00fcfus neredeyse ayn\u0131 kal\u0131yor, ancak \u00e7al\u0131\u015fma \u00e7a\u011f\u0131ndaki n\u00fcfus art\u0131yor. Ya\u015flanma oran\u0131 2009&#039;daki y\u00fczde 51,6&#039;dan 2021&#039;de y\u00fczde 25,6&#039;ya d\u00fc\u015fecek.<\/li>\n<\/ul>\n<h4>Son trendler<\/h4>\n<ul>\n<li>Aktif g\u00f6\u00e7menler: Hupu no Mori Co., Ltd., NPO Mori no Seikatsu, ormanc\u0131l\u0131k x testere sanat\u0131, a\u011fa\u00e7 i\u015f\u00e7ili\u011fi<\/li>\n<\/ul>\n<h4>Giri\u015fimler ve Sonu\u00e7lar<\/h4>\n<ul>\n<li>Shimokawa Kasabas\u0131 2017&#039;deki 1. Japonya S\u00fcrd\u00fcr\u00fclebilir Kalk\u0131nma Hedefleri \u00d6d\u00fclleri&#039;nde Ba\u015fbakan \u00d6d\u00fcl\u00fc&#039;n\u00fc Kazand\u0131<\/li>\n<\/ul>\n<h3>Gelecek giri\u015fimler (2016~)<\/h3>\n<h4>temel<\/h4>\n<ul>\n<li>Yerel kaynaklar\u0131 (orman kaynaklar\u0131 gibi) en \u00fcst d\u00fczeyde ve en verimli \u015fekilde de\u011ferlendirip geli\u015ftirerek s\u00fcrd\u00fcr\u00fclebilir bir &quot;\u015eimokava&quot; yaratmay\u0131 hedefliyoruz.<\/li>\n<\/ul>\n<h4>SDG&#039;leri i\u00e7eren b\u00f6lgesel kalk\u0131nma: Olumlu e\u011filimlerin yayg\u0131nla\u015ft\u0131r\u0131lmas\u0131 ve gelecekteki sorunlar\u0131n \u00e7\u00f6z\u00fcm\u00fc<\/h4>\n<ul>\n<li>Shimokawa Kasabas\u0131n\u0131n 2030 Shimokawa S\u00fcrd\u00fcr\u00fclebilir Kalk\u0131nma Hedefleri Vizyonu<\/li>\n<\/ul>\n<figure class=\"wp-caption aligncenter\"><a href=\"https:\/\/photos.google.com\/share\/AF1QipPBGl-8xkJZnHtVXvg0YYrv8yq6w-belMDEHSh7XnyIbBMnaLTOWkQC58y7lu5FZg\/photo\/AF1QipPg1AVFEFX901NXOKf7FAlpx8xzm4HDLscNGFY?key=cUFfZ1FaTmpJZVlneU0xSWVTOURYcGwzUFBLZGtB\" target=\"_blank\" rel=\"noopener\"><img decoding=\"async\" src=\"https:\/\/lh3.googleusercontent.com\/pw\/AM-JKLX4FNlAcHM5K01g0QKAGQYIDcjK0l0lPGlzU-Qi1-W--5H7XbOGIVZppeIABJCvOCQhKwruM-nF9BdXL3cvror6m48wHu-CDBlGgRr8omBZ2Dz00JtCKrVjzK884ZTfCZ0CQjeNFg0Aw_YnjXk8yQlc=w2000-h1333-no?authuser=0\" width=\"2000\" height=\"1333\" alt=\"Shimokawa Kasabas\u0131n\u0131n 2030 Shimokawa S\u00fcrd\u00fcr\u00fclebilir Kalk\u0131nma Hedefleri Vizyonu\" class=\"size-medium\" \/><\/a><figcaption class=\"wp-caption-text\">Shimokawa Kasabas\u0131n\u0131n 2030 Shimokawa S\u00fcrd\u00fcr\u00fclebilir Kalk\u0131nma Hedefleri Vizyonu<\/figcaption><\/figure>\n<h4>6. Shimokawa Kasabas\u0131 Kapsaml\u0131 Plan\u0131 (\u00dcst D\u00fczey Plan) 2030 Vizyon Uygulama Plan\u0131<\/h4>\n<ol>\n<li>Planlama ama\u00e7l\u0131 konumland\u0131rma<\/li>\n<li>2030 Vizyonunu gelecek olarak konumland\u0131rmak<\/li>\n<li>\u0130stenilen duruma y\u00f6nelik g\u00f6stergelerin ayarlanmas\u0131<\/li>\n<li>Her politika alan\u0131 i\u00e7in ilgili SDG hedeflerinin belirlenmesi<\/li>\n<li>Vizyonumuz<\/li>\n<li>Giri\u015fimler (i\u015f)<\/li>\n<\/ol>\n<h4>Shimokawa S\u00fcrd\u00fcr\u00fclebilir Kalk\u0131nma Hedefleri G\u00f6stergesi<\/h4>\n<ul>\n<li>Shimokawa Kasabas\u0131, Hosei \u00dcniversitesi ve K\u00fcresel \u00c7evre Stratejileri Enstit\u00fcs\u00fc (IGES) taraf\u0131ndan ortakla\u015fa geli\u015ftirildi<\/li>\n<\/ul>\n<figure class=\"wp-caption aligncenter\"><a href=\"https:\/\/photos.google.com\/share\/AF1QipPBGl-8xkJZnHtVXvg0YYrv8yq6w-belMDEHSh7XnyIbBMnaLTOWkQC58y7lu5FZg\/photo\/AF1QipN2twZsgnmXS16S7LY6_KhJf92IiA-_xPhCY1E?key=cUFfZ1FaTmpJZVlneU0xSWVTOURYcGwzUFBLZGtB\" target=\"_blank\" rel=\"noopener\"><img decoding=\"async\" src=\"https:\/\/lh3.googleusercontent.com\/pw\/AM-JKLVG31qB2Z46YW4PF4yWrslk8fpyLTI50FbdYRy7G406q0FKMlytiBo0eIt-G5x1vLiN2dnuvs9sPkQow65GQGPT3zurkqQsqKa09JrIJeTnNJ39RCpBwCXg1s_xUTGH7_1IqUhhM2zT5cu3V1ZRRd42=w2000-h1333-no?authuser=0\" width=\"2000\" height=\"1333\" alt=\"Shimokawa S\u00fcrd\u00fcr\u00fclebilir Kalk\u0131nma Hedefleri G\u00f6stergesi\" class=\"size-medium\" \/><\/a><figcaption class=\"wp-caption-text\">Shimokawa S\u00fcrd\u00fcr\u00fclebilir Kalk\u0131nma Hedefleri G\u00f6stergesi<\/figcaption><\/figure>\n<h4>Shimokawa&#039;n\u0131n S\u00fcrd\u00fcr\u00fclebilir Kalk\u0131nma Hedeflerine ula\u015fma \u00e7abalar\u0131<\/h4>\n<ul>\n<li>Ekonomi: Dairesel bir ekonomi yaratmak<\/li>\n<li>Toplum: S\u00fcrd\u00fcr\u00fclebilir \u015fehirler yaratmak<\/li>\n<li>\u00c7evre: Karbonsuz bir toplum yaratmak<\/li>\n<\/ul>\n<h3>\u00c7e\u015fitli akt\u00f6rlerle ortakl\u0131klar<\/h3>\n<h4>SDG&#039;lerin benimsenmesi nedeniyle hareket<\/h4>\n<figure class=\"wp-caption aligncenter\"><a href=\"https:\/\/photos.google.com\/share\/AF1QipPBGl-8xkJZnHtVXvg0YYrv8yq6w-belMDEHSh7XnyIbBMnaLTOWkQC58y7lu5FZg\/photo\/AF1QipMRafdYQk3X4BHaIyc4FaDWDvzvHHA1jxQ_sTo?key=cUFfZ1FaTmpJZVlneU0xSWVTOURYcGwzUFBLZGtB\" target=\"_blank\" rel=\"noopener\"><img decoding=\"async\" src=\"https:\/\/lh3.googleusercontent.com\/pw\/AM-JKLU6rvpaFEwQIIqYB_VjcT0R8llJUZ3dIs4N0ycLyLD8gBatGW62DDM1P0C7pxv-GEgXRyS3NWZo7nfDIZB9c81D6VD4lgtwtaEYfoJEaeUQNKpDUbHLFlXFxMX0z2EX4aLTcPtjIPip9-kUvQuAO22o=w2000-h1333-no?authuser=0\" width=\"2000\" height=\"1333\" alt=\"SDG&#039;lerin benimsenmesi nedeniyle hareket\" class=\"size-medium\" \/><\/a><figcaption class=\"wp-caption-text\">SDG&#039;lerin benimsenmesi nedeniyle hareket<\/figcaption><\/figure>\n<h4>B\u00f6lgesel Ortakl\u0131klar<\/h4>\n<ul>\n<li>\u0130deal durumlar\u0131n\u0131 nas\u0131l ger\u00e7ekle\u015ftireceklerini d\u00fc\u015f\u00fcnen bir grup g\u00f6n\u00fcll\u00fc sakin<\/li>\n<li>Shimokawa&#039;n\u0131n gelece\u011fini ele alan at\u00f6lye \u00e7al\u0131\u015fmas\u0131<\/li>\n<li>Shimokawa Ya\u015fam A\u011f\u0131 (kad\u0131nlar\u0131n g\u00fc\u00e7lendirilmesi ve destekleyici bir toplum)<\/li>\n<li>Shimokawa S\u00fcrd\u00fcr\u00fclebilir Kalk\u0131nma Hedefleri Harita Olu\u015fturma<\/li>\n<\/ul>\n<h4>B\u00f6lge D\u0131\u015f\u0131 Ortakl\u0131k<\/h4>\n<ul>\n<li>Kar\u015f\u0131l\u0131kl\u0131 tamamlay\u0131c\u0131 ve destekleyici bir ortak yaratma ili\u015fkisi<\/li>\n<li>Mitsui Fudosan, Yoshimoto Kogyo, BP Japonya, Unilever Japonya, Tokyo Tatemono, K\u00fcresel \u00c7evre Stratejileri Enstit\u00fcs\u00fc, Hosei \u00dcniversitesi, Yokohama \u015eehri ve Sapporo \u015eehri<\/li>\n<\/ul>\n<h4>Yoshimoto Kogyo Co., Ltd. SDG&#039;ler arac\u0131l\u0131\u011f\u0131yla ba\u011flant\u0131lar geli\u015ftiriyor<\/h4>\n<ul>\n<li>2017 1. Japonya S\u00fcrd\u00fcr\u00fclebilir Kalk\u0131nma Hedefleri \u00d6d\u00fclleri:<br \/>\nShimokawa Kasabas\u0131 Ba\u015fbakanl\u0131k \u00d6d\u00fcl\u00fc&#039;n\u00fc, Yoshimoto Kogyo Co., Ltd. ise Ortakl\u0131k \u00d6d\u00fcl\u00fc&#039;n\u00fc kazand\u0131! !<\/li>\n<p>\u3000<\/p>\n<li>&quot;Yerel sanatlar&quot; ve &quot;e\u011flence sanatlar\u0131&quot; arac\u0131l\u0131\u011f\u0131yla SDG&#039;ler i\u015fbirli\u011finin iyi bir \u00f6rne\u011fini yaratmak<\/li>\n<li>proje&quot;<a href=\"http:\/\/shimokawa-inc.com\/\" rel=\"noopener\" target=\"_blank\">Shimokawacho Co., Ltd.<\/a>&quot; kuruldu!<\/li>\n<li>G\u00fclmenin g\u00fcc\u00fcyle toplumu canland\u0131rarak, Shimokawa&#039;n\u0131n g\u00fcl\u00fcmsemelerini \u00e7o\u011faltt\u0131k ve t\u00fcm sakinlerin yaratt\u0131\u011f\u0131 &quot;Shimokawa Orman Komedisi&quot;ni (12 Ekim 2019&#039;da sahnelendi) \u00fcrettik ve sahneledik.<\/li>\n<li>Shimokawa&#039;n\u0131n cazibesini tan\u0131tmak i\u00e7in Hiroshi Shinagawa&#039;n\u0131n y\u00f6netti\u011fi &quot;Restart&quot; adl\u0131 film Shimokawa&#039;da \u00e7ekildi ve burada \u00e7ekildi (\u00fclke \u00e7ap\u0131nda 16 Temmuz 2021&#039;de g\u00f6sterime girecek).<\/li>\n<li>Akira Ishida&#039;n\u0131n d\u00f6rt kareli \u00e7izgi roman\u0131 &quot;Domates Manzai Sanat\u00e7\u0131s\u0131 Haruka Shimokawa Sekiz&quot;<\/li>\n<\/ul>\n<figure class=\"wp-caption aligncenter\"><a href=\"https:\/\/photos.google.com\/share\/AF1QipPBGl-8xkJZnHtVXvg0YYrv8yq6w-belMDEHSh7XnyIbBMnaLTOWkQC58y7lu5FZg\/photo\/AF1QipPraqWeg8huxY4Af2ULvvC4qHq-hTy4hxK-j74?key=cUFfZ1FaTmpJZVlneU0xSWVTOURYcGwzUFBLZGtB\" target=\"_blank\" rel=\"noopener\"><img decoding=\"async\" src=\"https:\/\/lh3.googleusercontent.com\/pw\/AM-JKLX8pU5HgL3zWjxbJhhSv5pQVjpff5giHzYLftXRfTC5dBMo7ShPH4L5Zq86FVPVU7S8imwDQ2Hdh1QO9kYU-D_gF6A2Z-vAG1E2pm_U8T590iRkTIirb6ZPDAJ38dm5Cz1lypWi-H-YhAtt8EXQWjy7=w2000-h1333-no?authuser=0\" width=\"2000\" height=\"1333\" alt=\"Yoshimoto Kogyo Co., Ltd. SDG&#039;ler arac\u0131l\u0131\u011f\u0131yla ba\u011flant\u0131lar geli\u015ftiriyor\" class=\"size-medium\" \/><\/a><figcaption class=\"wp-caption-text\">Yoshimoto Kogyo Co., Ltd. SDG&#039;ler arac\u0131l\u0131\u011f\u0131yla ba\u011flant\u0131lar geli\u015ftiriyor<\/figcaption><\/figure>\n<h3>S\u00fcrd\u00fcr\u00fclebilir Kalk\u0131nma Hedefleri\u2019ni neden dahil etmeliyiz?<\/h3>\n<ul>\n<li>S\u00fcrd\u00fcr\u00fclebilir bir Shimokawa&#039;y\u0131 ger\u00e7ekle\u015ftirmek i\u00e7in kentsel kalk\u0131nma ve b\u00f6lgesel canlanma arac\u0131 olarak SDG&#039;leri kullanmak<\/li>\n<li>Shimokawa&#039;n\u0131n vaka \u00e7al\u0131\u015fmalar\u0131n\u0131 ve modellerini hem yurt i\u00e7inde hem de yurt d\u0131\u015f\u0131nda yayg\u0131nla\u015ft\u0131rarak S\u00fcrd\u00fcr\u00fclebilir Kalk\u0131nma Hedeflerine ula\u015f\u0131lmas\u0131na katk\u0131da bulunmak.<\/li>\n<\/ul>\n<h4>Shimokawa&#039;y\u0131 s\u00fcrd\u00fcr\u00fclebilir bir kasaba haline getirmek i\u00e7in S\u00fcrd\u00fcr\u00fclebilir Kalk\u0131nma Hedeflerini benimsemek (2016-2021)<\/h4>\n<ol>\n<li><b>Kontrol listesi:<\/b>B\u00f6lgeye 17 hedef perspektifinden bakarak yeni konular\u0131 ke\u015ffedin ve yeni fark\u0131ndal\u0131klar kazan\u0131n<\/li>\n<li><b>Geriye d\u00f6n\u00fck tahmin:<\/b>Bug\u00fcne gelece\u011fin perspektifinden (gelecek vizyonu) bakaca\u011f\u0131z ve bu vizyonu hayata ge\u00e7irecek, kaliteli kentsel geli\u015fmeyi ger\u00e7ekle\u015ftirecek ad\u0131mlar\u0131 ataca\u011f\u0131z.<\/li>\n<li><b>Markala\u015fma:<\/b>S\u00fcrd\u00fcr\u00fclebilir Kalk\u0131nma Hedefleri \u00e7er\u00e7evesi arac\u0131l\u0131\u011f\u0131yla vizyonumuzu ve giri\u015fimlerimizi ileterek markala\u015fma ve sunumun iyile\u015ftirilmesine yol a\u00e7aca\u011f\u0131z.<\/li>\n<li><b>ortakl\u0131k:<\/b>\u00c7e\u015fitli insanlarla tan\u0131\u015fmak ve yeni fikirler geli\u015ftirmek i\u00e7in i\u015fbirli\u011fi yapmak<\/li>\n<\/ol>\n<p><b style=\"font-size:large\">&quot;Shimokawa Challenge&quot; insanlar\u0131 ve do\u011fay\u0131 Mii&#039;ye ba\u011fl\u0131yor<br \/>\nShimokawa: Yeni zorluklarla m\u00fccadele etmeye devam eden ve \u00e7e\u015fitli insanlarla ortak yarat\u0131m yoluyla hayata ge\u00e7irilen bir kasaba<\/b><\/p>\n<figure class=\"wp-caption aligncenter\"><a href=\"https:\/\/photos.google.com\/share\/AF1QipPBGl-8xkJZnHtVXvg0YYrv8yq6w-belMDEHSh7XnyIbBMnaLTOWkQC58y7lu5FZg\/photo\/AF1QipMRvPlxBOWEb2N6HS7Dc6_s9dM_yXK9ke6w6Nw?key=cUFfZ1FaTmpJZVlneU0xSWVTOURYcGwzUFBLZGtB\" target=\"_blank\" rel=\"noopener\"><img decoding=\"async\" src=\"https:\/\/lh3.googleusercontent.com\/pw\/AM-JKLWom9YE-KA0wmiTFA_d9UkW_ql3-3M9LQ6VBmRzG2QUBcBnEaFVFJLQHlkyjCJnPx5jPj7cmazHvVfl8eEysB7aQktnk76me2H16Bi_gOrn4esLPNSUc74KZkXVc_1ml3Zrw-IJa3rfm_gwe-Frmp-g=w2000-h1333-no?authuser=0\" width=\"2000\" height=\"1333\" alt=\"S\u00fcrd\u00fcr\u00fclebilir Kalk\u0131nma Hedefleri\u2019ni neden dahil etmeliyiz?\" class=\"size-medium\" \/><\/a><figcaption class=\"wp-caption-text\">S\u00fcrd\u00fcr\u00fclebilir Kalk\u0131nma Hedefleri\u2019ni neden dahil etmeliyiz?<\/figcaption><\/figure>\n<p>Shimokawa Kasabas\u0131&#039;n\u0131n s\u00fcrd\u00fcr\u00fclebilir bir yerel toplulu\u011fa do\u011fru ilerlemeye devam ederken tutkusunu hissetmemizi sa\u011flayan t\u00fcm harika hikayeler i\u00e7in te\u015fekk\u00fcr ederiz.<\/p>\n<figure class=\"wp-caption aligncenter\"><a href=\"https:\/\/photos.google.com\/share\/AF1QipPBGl-8xkJZnHtVXvg0YYrv8yq6w-belMDEHSh7XnyIbBMnaLTOWkQC58y7lu5FZg\/photo\/AF1QipN8GbZXa_If91SyDGM5lBusI3GgeFcfVo0hX5I?key=cUFfZ1FaTmpJZVlneU0xSWVTOURYcGwzUFBLZGtB\" target=\"_blank\" rel=\"noopener\"><img decoding=\"async\" src=\"https:\/\/lh3.googleusercontent.com\/pw\/AM-JKLVs56Ms4ySPH5C14Bb3cdRu8KCLtePtQUVaEWjfiRRJU4J_4xhgyVwTEp1Jpqij5yIAGZpilrR1_o2KsKkgzUM9irpHwr5nQ3t4qFEgNeVt3rh7rbnWf9URj_71TlsrdmZ4yBAumL2tVGYFVmgybiZJ=w960-h720-no?authuser=0\" width=\"960\" height=\"720\" alt=\"Shimokawa&#039;n\u0131n SDG&#039;ler Gelece\u011fin \u015eehri Giri\u015fimi Hakk\u0131nda!\" class=\"size-medium\" \/><\/a><figcaption class=\"wp-caption-text\">Shimokawa&#039;n\u0131n SDG&#039;ler Gelece\u011fin \u015eehri Giri\u015fimi Hakk\u0131nda!<\/figcaption><\/figure>\n<p>Kent hakk\u0131nda bilgi toplan\u0131p, ba\u011flant\u0131lar\u0131n sa\u011fland\u0131\u011f\u0131 bir tesis olan &quot;Komorebi&quot; kent kalk\u0131nma merkezinin avlusundan bir g\u00f6r\u00fcn\u00fcm. . .<\/p>\n<figure class=\"wp-caption aligncenter\"><a href=\"https:\/\/photos.google.com\/share\/AF1QipPBGl-8xkJZnHtVXvg0YYrv8yq6w-belMDEHSh7XnyIbBMnaLTOWkQC58y7lu5FZg\/photo\/AF1QipMngvoopmVD6mCB5PWOFYdmFFS9uIZ2lCQOZ9M?key=cUFfZ1FaTmpJZVlneU0xSWVTOURYcGwzUFBLZGtB\" target=\"_blank\" rel=\"noopener\"><img decoding=\"async\" src=\"https:\/\/lh3.googleusercontent.com\/pw\/AM-JKLUCmelgfM1mJ-7xbskPLjozWTE9gR_TJvVUTF_UN_-NGWgRz-GZICDnwPPAzqr7b5JhIs5FP8iDYow-x0CwtiItaZSEVVXhBFhOYOVdo2MQMQ1qUDvuUupSTlWiNnidACmLBRMV311VJIsUg-jay9wb=w2000-h1333-no?authuser=0\" width=\"2000\" height=\"1333\" alt=\"Komorebi kentsel geli\u015fim merkezinin avlusuna bak\u0131\u015f. . .\" class=\"size-medium\" \/><\/a><figcaption class=\"wp-caption-text\">Komorebi kentsel geli\u015fim merkezinin avlusuna bak\u0131\u015f. . .<\/figcaption><\/figure>\n<h2>Ichinohashi Biyo K\u00f6y\u00fc<\/h2>\n<p>Brifingin ard\u0131ndan Ichinohashi Bio K\u00f6y\u00fc&#039;ne ge\u00e7tik.<\/p>\n<h3>Ichinohashi Konut Kompleksi<\/h3>\n<p>Ichinohashi Biyo K\u00f6y\u00fc, toplumun h\u0131zla ya\u015flanmas\u0131na yan\u0131t veren, enerji a\u00e7\u0131s\u0131ndan kendi kendine yetebilen bir yerle\u015fim alan\u0131d\u0131r.<\/p>\n<p>Toplu konut kompleksi, s\u0131ra ev tarz\u0131 d\u0131\u015f koridorla birbirine ba\u011flanan 22 evden olu\u015fuyor. Daire fiyatlar\u0131 1LDK ile 3LDK aras\u0131nda de\u011fi\u015firken, konutlardaki t\u00fcm s\u0131cak su ve \u0131s\u0131tma odun biyok\u00fctle kazanlar\u0131yla sa\u011flan\u0131yor.<\/p>\n<h3>Ichinohashi Konut Merkezi <\/h3>\n<p>Ichinohashi Konut Merkezi binas\u0131nda bir postane, bir polis merkezi ve sakinler i\u00e7in ortak bir alan bulunuyor.<\/p>\n<figure class=\"wp-caption aligncenter\"><a href=\"https:\/\/photos.google.com\/share\/AF1QipPBGl-8xkJZnHtVXvg0YYrv8yq6w-belMDEHSh7XnyIbBMnaLTOWkQC58y7lu5FZg\/photo\/AF1QipOpLm04m3DYeJM5lOp6epyIeZLF_7PkRU4Lh-w?key=cUFfZ1FaTmpJZVlneU0xSWVTOURYcGwzUFBLZGtB\" target=\"_blank\" rel=\"noopener\"><img decoding=\"async\" src=\"https:\/\/lh3.googleusercontent.com\/pw\/AM-JKLU5TsWuESagLrbKu6Fy_8Cb3lzRb7MpRUiw9fi2Wdi_j9idIUQLWKysZgJVKUwk_9lAubH5xP4ueu61MQSKAebE9wQsHPcmxkAUD1PsoOxaK10inP2ZI4hrj2y1-ciHo09BNbtELkbxIdcaj4CKl-tx=w2000-h1333-no?authuser=0\" width=\"2000\" height=\"1333\" alt=\"Ichinohashi Konut Merkezi\" class=\"size-medium\" \/><\/a><figcaption class=\"wp-caption-text\">Ichinohashi Konut Merkezi<\/figcaption><\/figure>\n<p>Konut merkezinin i\u00e7inde M\u00fcd\u00fcr Kameda, kasaban\u0131n zirve d\u00f6nemindeki g\u00f6r\u00fcn\u00fcm\u00fcn\u00fc g\u00f6steren haritaya bakarak a\u00e7\u0131klama yap\u0131yor.<\/p>\n<figure class=\"wp-caption aligncenter\"><a href=\"https:\/\/photos.google.com\/share\/AF1QipPBGl-8xkJZnHtVXvg0YYrv8yq6w-belMDEHSh7XnyIbBMnaLTOWkQC58y7lu5FZg\/photo\/AF1QipOhTteWApTMmzXDkZQNJAzNgape1BkYTb-xdQg?key=cUFfZ1FaTmpJZVlneU0xSWVTOURYcGwzUFBLZGtB\" target=\"_blank\" rel=\"noopener\"><img decoding=\"async\" src=\"https:\/\/lh3.googleusercontent.com\/pw\/AM-JKLXZqWqQSlypxT29ZuVhOG3WGXSxFOs1opKpK9ikjeJuH0Xov74akwfoHF_n1nOw0ZHyVc5gLSlTBRwBhF8WiHlWZIg3vb1cATjua5tEv-_7XbyUXU6_-EfpjDrB8QTU9PJslZblivqIz1jVu_v8mMrW=w2000-h1333-no?authuser=0\" width=\"2000\" height=\"1333\" alt=\"\u015eef Kameda Konut Merkezi&#039;nde a\u00e7\u0131klama yap\u0131yor\" class=\"size-medium\" \/><\/a><figcaption class=\"wp-caption-text\">\u015eef Kameda Konut Merkezi&#039;nde a\u00e7\u0131klama yap\u0131yor<\/figcaption><\/figure>\n<h3>Ichinohashi yerle\u015fim alan\u0131<\/h3>\n<h4>Genel yerle\u015fim plan\u0131<\/h4>\n<figure class=\"wp-caption aligncenter\"><a href=\"https:\/\/photos.google.com\/share\/AF1QipPBGl-8xkJZnHtVXvg0YYrv8yq6w-belMDEHSh7XnyIbBMnaLTOWkQC58y7lu5FZg\/photo\/AF1QipN5a4VimWbljhc6qgRcEIm-YivscTshs_Mn1WI?key=cUFfZ1FaTmpJZVlneU0xSWVTOURYcGwzUFBLZGtB\" target=\"_blank\" rel=\"noopener\"><img decoding=\"async\" src=\"https:\/\/lh3.googleusercontent.com\/pw\/AM-JKLVVGVwm4BAKNuIfNJ5jZfitoqoCa_K3GyJUGQhjJUkysYmUqniLEnd7uS0wpQlCEPzWV9rh9SJhMa0C1vlTGNBAYDL-xaUB38wua2c94qYr6UOt20G5YcVyoLqv_OEPIk36aL-vcv9HsgMmxcU5HKVX=w2000-h1333-no?authuser=0\" width=\"2000\" height=\"1333\" alt=\"Ichinohashi yerle\u015fim alan\u0131n\u0131n genel yerle\u015fim plan\u0131\" class=\"size-medium\" \/><\/a><figcaption class=\"wp-caption-text\">Ichinohashi yerle\u015fim alan\u0131n\u0131n genel yerle\u015fim plan\u0131<\/figcaption><\/figure>\n<h4>Toplu konut d\u00fczeni<\/h4>\n<p>Konut merkezinden koridorla ba\u011flanan toplu konut kompleksinin yerle\u015fim plan\u0131.<\/p>\n<figure class=\"wp-caption aligncenter\"><a href=\"https:\/\/photos.google.com\/share\/AF1QipPBGl-8xkJZnHtVXvg0YYrv8yq6w-belMDEHSh7XnyIbBMnaLTOWkQC58y7lu5FZg\/photo\/AF1QipPT7yfM2BqEw_gIYH7Fxuz4Pmft2qWY_k6n970?key=cUFfZ1FaTmpJZVlneU0xSWVTOURYcGwzUFBLZGtB\" target=\"_blank\" rel=\"noopener\"><img decoding=\"async\" src=\"https:\/\/lh3.googleusercontent.com\/pw\/AM-JKLWQjVUhlzlQG0jswJcFQNeDb7PhuRbf9Ge6ppaTf2FDmw1KJlxKoAE0S4ULbHtjzSuTdDfnxqOagF9vY7awu5WN80Tc-wRTBpl4Zuw3OPczx52ZmPu4w5_zAaoosabn3pQEQP9ibfUnoXVTkyZDZNrN=w2000-h1333-no?authuser=0\" width=\"2000\" height=\"1333\" alt=\"Toplu konut d\u00fczeni\" class=\"size-medium\" \/><\/a><figcaption class=\"wp-caption-text\">Toplu konut d\u00fczeni<\/figcaption><\/figure>\n<h4>Konut i\u00e7 ve d\u0131\u015f koridorlar\u0131<\/h4>\n<figure class=\"wp-caption aligncenter\"><a href=\"https:\/\/photos.google.com\/share\/AF1QipPBGl-8xkJZnHtVXvg0YYrv8yq6w-belMDEHSh7XnyIbBMnaLTOWkQC58y7lu5FZg\/photo\/AF1QipNV5szLjoWYblmXe5Qg7__y4RkaW45VU4pvbkY?key=cUFfZ1FaTmpJZVlneU0xSWVTOURYcGwzUFBLZGtB\" target=\"_blank\" rel=\"noopener\"><img decoding=\"async\" src=\"https:\/\/lh3.googleusercontent.com\/pw\/AM-JKLUOhDFFK_mp-P8gbKeSEdbynkbbd7D2c1j_RgrAcVAeub8KyRHi4TefDqFsRLGCv8taL6YTr-OVl4sAwS4WGUI_EnWJx1K-pJPvSVA5GOo1k4elQPdbfqAZWwn5e1Yl1mwo4BHoy5LTba1Ujas57bE7=w2000-h1333-no?authuser=0\" width=\"2000\" height=\"1333\" alt=\"Konut i\u00e7 ve d\u0131\u015f koridorlar\u0131\" class=\"size-medium\" \/><\/a><figcaption class=\"wp-caption-text\">Konut i\u00e7 ve d\u0131\u015f koridorlar\u0131<\/figcaption><\/figure>\n<h4>Ye\u015filliklerle \u00e7evrili ve y\u00fcr\u00fcy\u00fc\u015f yollar\u0131yla \u00e7evrili bir konut kompleksi<\/h4>\n<figure class=\"wp-caption aligncenter\"><a href=\"https:\/\/photos.google.com\/share\/AF1QipPBGl-8xkJZnHtVXvg0YYrv8yq6w-belMDEHSh7XnyIbBMnaLTOWkQC58y7lu5FZg\/photo\/AF1QipO6eE0t7LQZeXNrh3gDi3YJI_xW7Yy7wMl3xoA?key=cUFfZ1FaTmpJZVlneU0xSWVTOURYcGwzUFBLZGtB\" target=\"_blank\" rel=\"noopener\"><img decoding=\"async\" src=\"https:\/\/lh3.googleusercontent.com\/pw\/AM-JKLXu_ze4lNCJ7uheRp6qD2VTP9NBjLbJ7sMMGgHbPftXweiVEH6ZB8WbM3uey0gOcFisfbANwLqgtFjXvE1UaJU06ph5dXj63HLkqMEiwQ2PEmKZct4DyIFC0m-kD3rUrkuFBo1CJkbxmStuUIKdZ8RV=w2000-h1333-no?authuser=0\" width=\"2000\" height=\"1333\" alt=\"Ye\u015filliklerle \u00e7evrili ve y\u00fcr\u00fcy\u00fc\u015f yollar\u0131yla \u00e7evrili bir konut kompleksi\" class=\"size-medium\" \/><\/a><figcaption class=\"wp-caption-text\">Ye\u015filliklerle \u00e7evrili ve y\u00fcr\u00fcy\u00fc\u015f yollar\u0131yla \u00e7evrili bir konut kompleksi<\/figcaption><\/figure>\n<h3>Yerel Kafeterya (Station Cafe Ichinohashi)<\/h3>\n<figure class=\"wp-caption aligncenter\"><a href=\"https:\/\/photos.google.com\/share\/AF1QipPBGl-8xkJZnHtVXvg0YYrv8yq6w-belMDEHSh7XnyIbBMnaLTOWkQC58y7lu5FZg\/photo\/AF1QipOEgPaj_oL-_nmBQ-0cEoBSNbe3UtPK7khCm6I?key=cUFfZ1FaTmpJZVlneU0xSWVTOURYcGwzUFBLZGtB\" target=\"_blank\" rel=\"noopener\"><img decoding=\"async\" src=\"https:\/\/lh3.googleusercontent.com\/pw\/AM-JKLUHhlSCwUFmcC5tvxWZCJI8Jv90-nHJhwO0YnoJX5j311m_J7ppFY_y0bRVvqRuU9Hao8HGl_CFdwxcNbUp8RjbXSXmpra8_-M1q5EGN6yQ7_EPI06i_58q5gnNwClTLWoKmgKLJzZrIuAYukMAk05x=w2000-h1333-no?authuser=0\" width=\"2000\" height=\"1333\" alt=\"Yerel Kafeterya (Station Cafe Ichinohashi)\" class=\"size-medium\" \/><\/a><figcaption class=\"wp-caption-text\">Yerel Kafeterya (Station Cafe Ichinohashi)<\/figcaption><\/figure>\n<h3>Ichinohashi B\u00f6lgesi B\u00f6lge Is\u0131 Tedarik Sistemi<\/h3>\n<figure class=\"wp-caption aligncenter\"><a href=\"https:\/\/photos.google.com\/share\/AF1QipPBGl-8xkJZnHtVXvg0YYrv8yq6w-belMDEHSh7XnyIbBMnaLTOWkQC58y7lu5FZg\/photo\/AF1QipOXRW5BdoNYnz0_F3HUsqeRbdsibPsulwGepKM?key=cUFfZ1FaTmpJZVlneU0xSWVTOURYcGwzUFBLZGtB\" target=\"_blank\" rel=\"noopener\"><img decoding=\"async\" src=\"https:\/\/lh3.googleusercontent.com\/pw\/AM-JKLVQzyh6xS74m4QJu-wlqcOMDT_uwt17Z6s-28QfqSyLgucrlM8WrTvFRgn4PQJrSFDUQQphXNQoUsqnvByEf1pa7Deci2fIdTITOYtQE-GFuegDuJQs7HyE7_zpPhjw6Y38jhSX2juMjbbd_ejBxAfE=w2000-h1333-no?authuser=0\" width=\"2000\" height=\"1333\" alt=\"Ichinohashi B\u00f6lgesi B\u00f6lge Is\u0131 Tedarik Sistemi\" class=\"size-medium\" \/><\/a><figcaption class=\"wp-caption-text\">Ichinohashi B\u00f6lgesi B\u00f6lge Is\u0131 Tedarik Sistemi<\/figcaption><\/figure>\n<h4>Odun yak\u0131t silosu (ham yonga)<\/h4>\n<figure class=\"wp-caption aligncenter\"><a href=\"https:\/\/photos.google.com\/share\/AF1QipPBGl-8xkJZnHtVXvg0YYrv8yq6w-belMDEHSh7XnyIbBMnaLTOWkQC58y7lu5FZg\/photo\/AF1QipNpL1wKPdp9n_nbB68vN4TRjaRhHMfYwTQynGE?key=cUFfZ1FaTmpJZVlneU0xSWVTOURYcGwzUFBLZGtB\" target=\"_blank\" rel=\"noopener\"><img decoding=\"async\" src=\"https:\/\/lh3.googleusercontent.com\/pw\/AM-JKLUF6aa1SQJ3lOr4sXOcugbErqEYCPOhIZ3WsYTmPayrstPSwuY34BzEEVk-rgv6SRwz3aR0qmGqH-N8cmFCavOd9WZZlrAtNBUQ04LtfADQ82E2Ril5kPNyswwpzaP6u5WY1mMbw9JPHagIwrq8U5AL=w2000-h1333-no?authuser=0\" width=\"2000\" height=\"1333\" alt=\"Odun yak\u0131t silosu (ham yonga)\" class=\"size-medium\" \/><\/a><figcaption class=\"wp-caption-text\">Odun yak\u0131t silosu (ham yonga)<\/figcaption><\/figure>\n<h4>Odun biyok\u00fctle kazan\u0131 (ham odun yongas\u0131 yak\u0131tl\u0131 s\u0131cak su kazan\u0131)<\/h4>\n<figure class=\"wp-caption aligncenter\"><a href=\"https:\/\/photos.google.com\/share\/AF1QipPBGl-8xkJZnHtVXvg0YYrv8yq6w-belMDEHSh7XnyIbBMnaLTOWkQC58y7lu5FZg\/photo\/AF1QipMFPgd32ODECPbWEV5J2g8pOMDA4OJOK2oayG8?key=cUFfZ1FaTmpJZVlneU0xSWVTOURYcGwzUFBLZGtB\" target=\"_blank\" rel=\"noopener\"><img decoding=\"async\" src=\"https:\/\/lh3.googleusercontent.com\/pw\/AM-JKLV-d6R5hrC0SYDtyDOWZ2VxtkmuTYNkpleYBuJIHLrfLMDfSh7Seud0iyZ5d47qMqXX_rij9NviaPBY8IUBhet5Ed1FxrNlwHQswtNAxg20dQjPE7qaAalc9H08tNltXLY3Mt2LJAU32IE1-ouMApg5=w2000-h1333-no?authuser=0\" width=\"2000\" height=\"1333\" alt=\"Odun biyok\u00fctle kazan\u0131 (ham odun yongas\u0131 yak\u0131tl\u0131 s\u0131cak su kazan\u0131)\" class=\"size-medium\" \/><\/a><figcaption class=\"wp-caption-text\">Odun biyok\u00fctle kazan\u0131 (ham odun yongas\u0131 yak\u0131tl\u0131 s\u0131cak su kazan\u0131)<\/figcaption><\/figure>\n<h4>Kontrol cihaz\u0131<\/h4>\n<figure class=\"wp-caption aligncenter\"><a href=\"https:\/\/photos.google.com\/share\/AF1QipPBGl-8xkJZnHtVXvg0YYrv8yq6w-belMDEHSh7XnyIbBMnaLTOWkQC58y7lu5FZg\/photo\/AF1QipOEaWZiSEcvxQC2WahVragajMy-OomzoV8Bs8c?key=cUFfZ1FaTmpJZVlneU0xSWVTOURYcGwzUFBLZGtB\" target=\"_blank\" rel=\"noopener\"><img decoding=\"async\" src=\"https:\/\/lh3.googleusercontent.com\/pw\/AM-JKLXE2WhKyn80v9mpz3f_gds6fpOSnt8cZLR2DuMyJ5-ErUO7ThrpD02LE9-MMEcM0lfpVzBentlyjwvLpOHrwgrzZCIfLmX4IBF21QUZ3DULODJwQUwXExJgZkoNEqw7SIBdsdvqk7TzkCL6JE_zy2hB=w2000-h1333-no?authuser=0\" width=\"2000\" height=\"1333\" alt=\"Kontrol cihaz\u0131\" class=\"size-medium\" \/><\/a><figcaption class=\"wp-caption-text\">Kontrol cihaz\u0131<\/figcaption><\/figure>\n<h4>S\u0131cak su borular\u0131<\/h4>\n<figure class=\"wp-caption aligncenter\"><a href=\"https:\/\/photos.google.com\/share\/AF1QipPBGl-8xkJZnHtVXvg0YYrv8yq6w-belMDEHSh7XnyIbBMnaLTOWkQC58y7lu5FZg\/photo\/AF1QipOlLNa7zo5l1d48cX6m8nkGFfCq6Hu41zZoEG8?key=cUFfZ1FaTmpJZVlneU0xSWVTOURYcGwzUFBLZGtB\" target=\"_blank\" rel=\"noopener\"><img decoding=\"async\" src=\"https:\/\/lh3.googleusercontent.com\/pw\/AM-JKLWYOdl4kx9spMvBhH_utbllB5YIbzjv610SHN43On8SWa-RUTM39fziXIJFJOS4KIs10odoX_TO6FpqOMzWo3GfP6Mi_MpFKsyaD9sTb5mytPHfP79_PkIboJg7JeDAsJqneZubpkqOiUg3oJcioYDD=w2000-h1333-no?authuser=0\" width=\"2000\" height=\"1333\" alt=\"S\u0131cak su borular\u0131\" class=\"size-medium\" \/><\/a><figcaption class=\"wp-caption-text\">S\u0131cak su borular\u0131<\/figcaption><\/figure>\n<h4>Odun biyok\u00fctle kazan\u0131<\/h4>\n<p>Ba\u015f edit\u00f6r Kameda bize bir a\u00e7\u0131klama yap\u0131yor.<\/p>\n<figure class=\"wp-caption aligncenter\"><a href=\"https:\/\/photos.google.com\/share\/AF1QipPBGl-8xkJZnHtVXvg0YYrv8yq6w-belMDEHSh7XnyIbBMnaLTOWkQC58y7lu5FZg\/photo\/AF1QipPY9MaYyLoYSBlSS8aelEfmqAFPMFn0lJQwQAE?key=cUFfZ1FaTmpJZVlneU0xSWVTOURYcGwzUFBLZGtB\" target=\"_blank\" rel=\"noopener\"><img decoding=\"async\" src=\"https:\/\/lh3.googleusercontent.com\/pw\/AM-JKLVO1otI39jWRVPt-qXUyMHDfSi8XUAP59OpL8juqNEfSzM5xkA6ahgh-7o8L3YtviYEWHzbFSbqjGAhx1EhHOYOXV1y5RF7F3t1YiOVkhraOmEzUKSJKsW4uI9EriffRHCa3sRizQKTxqY4ioCjTba8=w2000-h1333-no?authuser=0\" width=\"2000\" height=\"1333\" alt=\"Kameda bir a\u00e7\u0131klama yap\u0131yor\" class=\"size-medium\" \/><\/a><figcaption class=\"wp-caption-text\">Kameda bir a\u00e7\u0131klama yap\u0131yor<\/figcaption><\/figure>\n<h4>Ichinohashi B\u00f6lgesi B\u00f6lge Is\u0131 Tedarik Sistemi<\/h4>\n<p>Otomatik besleme tertibat\u0131 ile donat\u0131lm\u0131\u015f bir silodan \u00e7\u0131kan odun yak\u0131t\u0131n\u0131n bir ta\u015f\u0131ma tertibat\u0131 vas\u0131tas\u0131yla kazan\u0131n yanma f\u0131r\u0131n\u0131na ta\u015f\u0131nd\u0131\u011f\u0131, yanma enerjisinin s\u0131cak suya d\u00f6n\u00fc\u015ft\u00fcr\u00fclerek verildi\u011fi sistem.<\/p>\n<figure class=\"wp-caption aligncenter\"><a href=\"https:\/\/photos.google.com\/share\/AF1QipPBGl-8xkJZnHtVXvg0YYrv8yq6w-belMDEHSh7XnyIbBMnaLTOWkQC58y7lu5FZg\/photo\/AF1QipMXhc5LQY1Yf9zMD-MP5VQu1i4SDeOP9Ak5oZg?key=cUFfZ1FaTmpJZVlneU0xSWVTOURYcGwzUFBLZGtB\" target=\"_blank\" rel=\"noopener\"><img decoding=\"async\" src=\"https:\/\/lh3.googleusercontent.com\/pw\/AM-JKLXvttGpVizxoMYEUGaNYRqmLvZ8cXT8YNRfRoYLUqi-MaXwUaugqHcwb3-CU-PpO2tedGNe0CoiQBbZKkUqhCgpKmyygh9OpO3Kq9D1mc9Oyk6rhMHTiwhD3VndHwW-3HceaZG0GsYWwx3v2BZZaKPh=w2000-h1333-no?authuser=0\" width=\"2000\" height=\"1333\" alt=\"Ichinohashi b\u00f6lge \u0131s\u0131 tedarik sisteminin \u015femas\u0131\" class=\"size-medium\" \/><\/a><figcaption class=\"wp-caption-text\">Ichinohashi b\u00f6lge \u0131s\u0131 tedarik sisteminin \u015femas\u0131<\/figcaption><\/figure>\n<h3>Shimokawa Kasabas\u0131 \u00d6zel Orman \u00dcr\u00fcnleri Yeti\u015ftirme Ara\u015ft\u0131rma Enstit\u00fcs\u00fc<\/h3>\n<h4>Shiitake mantar\u0131 yeti\u015ftirme evi<\/h4>\n<p>Shiitake mantarlar\u0131, odun biyok\u00fctle kazan\u0131ndan gelen \u0131s\u0131yla \u0131s\u0131t\u0131lan seralardaki yataklarda yeti\u015ftiriliyor.<\/p>\n<figure class=\"wp-caption aligncenter\"><a href=\"https:\/\/photos.google.com\/share\/AF1QipPBGl-8xkJZnHtVXvg0YYrv8yq6w-belMDEHSh7XnyIbBMnaLTOWkQC58y7lu5FZg\/photo\/AF1QipNlBmab-r29tj9Vv8LC2rXOpxGBsA4-N23vNVE?key=cUFfZ1FaTmpJZVlneU0xSWVTOURYcGwzUFBLZGtB\" target=\"_blank\" rel=\"noopener\"><img decoding=\"async\" src=\"https:\/\/lh3.googleusercontent.com\/pw\/AM-JKLV0AS_t58v6vbsfhwA95iNIF7vzXWvXc3JdPq2LulAbkQxEVb_sB78Z9-1Rqp1rU4TUtZ83OB2EOF_MG-0hVbKq4PHlw6njd_iZvQpVsuV4NKcF2aG4dLtmAPil8Sj2hQFSwQdP8WkEwEMwPsDvHunA=w2000-h1333-no?authuser=0\" width=\"2000\" height=\"1333\" alt=\"Shimokawa Kasabas\u0131 \u00d6zel Orman \u00dcr\u00fcnleri Yeti\u015ftirme Ara\u015ft\u0131rma Enstit\u00fcs\u00fc Shiitake Mantar Yeti\u015ftirme Evi\" class=\"size-medium\" \/><\/a><figcaption class=\"wp-caption-text\">Shimokawa Kasabas\u0131 \u00d6zel Orman \u00dcr\u00fcnleri Yeti\u015ftirme Ara\u015ft\u0131rma Enstit\u00fcs\u00fc Shiitake Mantar Yeti\u015ftirme Evi<\/figcaption><\/figure>\n<h4>Tala\u015ftan yap\u0131lm\u0131\u015f mantar yataklar\u0131yla kapl\u0131 raflar<\/h4>\n<p>S\u0131cakl\u0131k, nem, r\u00fczgar ve yeti\u015ftirme g\u00fcn say\u0131s\u0131n\u0131n kontrol\u00fc yeti\u015ftiricili\u011fin \u00f6nemli unsurlar\u0131d\u0131r.<\/p>\n<figure class=\"wp-caption aligncenter\"><a href=\"https:\/\/photos.google.com\/share\/AF1QipPBGl-8xkJZnHtVXvg0YYrv8yq6w-belMDEHSh7XnyIbBMnaLTOWkQC58y7lu5FZg\/photo\/AF1QipNmVeQl-MtgHZXi8bfQRvG_8c7NA9cSPNCJIsw?key=cUFfZ1FaTmpJZVlneU0xSWVTOURYcGwzUFBLZGtB\" target=\"_blank\" rel=\"noopener\"><img decoding=\"async\" src=\"https:\/\/lh3.googleusercontent.com\/pw\/AM-JKLXcPykdCOSjRnCOeKAlSGu9ARnlMyCGYkUKS7xwgIl44_L53EeypiJH_er-bNDiDBsEQDxAmm882yS4rGGYONl73TMNPkHD5nX7QW3fJxvHH8gf1I_2LlVgRGM-_VluSEt458e-7EhsCINfcwzIMRRO=w2000-h1333-no?authuser=0\" width=\"2000\" height=\"1333\" alt=\"Mantar yataklar\u0131yla kapl\u0131 raflar\" class=\"size-medium\" \/><\/a><figcaption class=\"wp-caption-text\">Mantar yataklar\u0131yla kapl\u0131 raflar<\/figcaption><\/figure>\n<h4>K\u00fclt\u00fcr yata\u011f\u0131nda b\u00fcy\u00fcyen kal\u0131n shiitake mantarlar\u0131<\/h4>\n<figure class=\"wp-caption aligncenter\"><a href=\"https:\/\/photos.google.com\/share\/AF1QipPBGl-8xkJZnHtVXvg0YYrv8yq6w-belMDEHSh7XnyIbBMnaLTOWkQC58y7lu5FZg\/photo\/AF1QipPuPA5iTwM9LNCrpJKAJv5pKNf469XHpVhX--s?key=cUFfZ1FaTmpJZVlneU0xSWVTOURYcGwzUFBLZGtB\" target=\"_blank\" rel=\"noopener\"><img decoding=\"async\" src=\"https:\/\/lh3.googleusercontent.com\/pw\/AM-JKLXrtFPX_zsnoM1Uo4Ni0-fT8M2u7R33HRhyIwzD5CDDOgc1T3wa_LMun6Y4__BnB4VAMLqf7KFd0RG_llZ2SK3aaz9p-UM8bcmWAHqp_MafCkWVNJ9gGaZWcceDpcy8xnueP5-4cuNphQEk9DzsKtz-=w2000-h1333-no?authuser=0\" width=\"2000\" height=\"1333\" alt=\"Kal\u0131n Shiitake Mantar\u0131\" class=\"size-medium\" \/><\/a><figcaption class=\"wp-caption-text\">Kal\u0131n Shiitake Mantar\u0131<\/figcaption><\/figure>\n<h4>Seran\u0131n i\u00e7inde, yeti\u015ftirme yataklar\u0131n\u0131n kenarlar\u0131 bak\u0131ml\u0131 raflarla kapl\u0131.<\/h4>\n<figure class=\"wp-caption aligncenter\"><a href=\"https:\/\/photos.google.com\/share\/AF1QipPBGl-8xkJZnHtVXvg0YYrv8yq6w-belMDEHSh7XnyIbBMnaLTOWkQC58y7lu5FZg\/photo\/AF1QipNN8Sf_T5HF2sNqdxOmjb1j5fOU8cnGwZF1qo4?key=cUFfZ1FaTmpJZVlneU0xSWVTOURYcGwzUFBLZGtB\" target=\"_blank\" rel=\"noopener\"><img decoding=\"async\" src=\"https:\/\/lh3.googleusercontent.com\/pw\/AM-JKLXDd_1Ya-ZFS_R2S5ircwHZ7sabclf1QUiuca9JzrAonbLKz1KocJ5JT3xKfotzOCiJXcPJKtEFxVtVIv-M-gUokr3exrSAxJBM3aeLqfxFh2ljkrbgM5dT54_amwDXExzl9ZGI9DZW7fCE_PV0kanZ=w2000-h1333-no?authuser=0\" width=\"2000\" height=\"1333\" alt=\"\u0130yi bak\u0131ml\u0131 mantar yatak raflar\u0131\" class=\"size-medium\" \/><\/a><figcaption class=\"wp-caption-text\">\u0130yi bak\u0131ml\u0131 mantar yatak raflar\u0131<\/figcaption><\/figure>\n<h3>At\u00f6lye giri\u015fi<\/h3>\n<figure class=\"wp-caption aligncenter\"><a href=\"https:\/\/photos.google.com\/share\/AF1QipPBGl-8xkJZnHtVXvg0YYrv8yq6w-belMDEHSh7XnyIbBMnaLTOWkQC58y7lu5FZg\/photo\/AF1QipNk5rcKnOajAiaI8p5puCWY7d-KfMj1LbeJFTM?key=cUFfZ1FaTmpJZVlneU0xSWVTOURYcGwzUFBLZGtB\" target=\"_blank\" rel=\"noopener\"><img decoding=\"async\" src=\"https:\/\/lh3.googleusercontent.com\/pw\/AM-JKLUxPJbkWM2hErpbhiPXyM5_zt7pH_k4Af3eLvHX4sm5ZxfPsPGJqbRWBKTIzxw7nkHVBS5CBPQMvtSI4ydZSIkjofsFp9Sx0k982aRAKlx1gtIH1obA4K0iC1ekm_1O9c-CkPaGOFo_d4JgHOnZ8zlt=w2000-h1333-no?authuser=0\" width=\"2000\" height=\"1333\" alt=\"At\u00f6lye giri\u015fi\" class=\"size-medium\" \/><\/a><figcaption class=\"wp-caption-text\">At\u00f6lye giri\u015fi<\/figcaption><\/figure>\n<h4>Paketleme i\u015fi<\/h4>\n<figure class=\"wp-caption aligncenter\"><a href=\"https:\/\/photos.google.com\/share\/AF1QipPBGl-8xkJZnHtVXvg0YYrv8yq6w-belMDEHSh7XnyIbBMnaLTOWkQC58y7lu5FZg\/photo\/AF1QipPCm3rJthmBsaZsUOm-Ju3vsGOpPR5HhJOAQRA?key=cUFfZ1FaTmpJZVlneU0xSWVTOURYcGwzUFBLZGtB\" target=\"_blank\" rel=\"noopener\"><img decoding=\"async\" src=\"https:\/\/lh3.googleusercontent.com\/pw\/AM-JKLUbLEzDM0qA6X4cB6sw_PYm-TFx73Rf3LBpxKOYQpMDQ20gcbCfzUeXezc2aPKJFC8CHiViPSXVnftmD-3ahKZPVijU7eFT3aOEnQJYCQqLhndc9YSgdnDzPsHwdLK4ROl20zCRnLaRdPet0qCg7TiA=w2000-h1333-no?authuser=0\" width=\"2000\" height=\"1333\" alt=\"Paketleme i\u015fi\" class=\"size-medium\" \/><\/a><figcaption class=\"wp-caption-text\">Paketleme i\u015fi<\/figcaption><\/figure>\n<h4>Shiitake mantar\u0131 \u00f6zellikleri tablosu<\/h4>\n<figure class=\"wp-caption aligncenter\"><a href=\"https:\/\/photos.google.com\/share\/AF1QipPBGl-8xkJZnHtVXvg0YYrv8yq6w-belMDEHSh7XnyIbBMnaLTOWkQC58y7lu5FZg\/photo\/AF1QipOYj7exkdgEn_pbKHb69XcHOa2bnBbDh7dzd0M?key=cUFfZ1FaTmpJZVlneU0xSWVTOURYcGwzUFBLZGtB\" target=\"_blank\" rel=\"noopener\"><img decoding=\"async\" src=\"https:\/\/lh3.googleusercontent.com\/pw\/AM-JKLX00EtC2pOthigA4eMedTMcQF4nnfWMrcAFXBhAWeeGxZbAk65cwUjC947OT-frR8RXacF9HoLH5aJbqkBJKTiIX1rMOSm3H4jczt_xhj4A4ldnJag8BK598DNSsHQ5xau8JUD8z_dscW3EQW4q7UVA=w2000-h1333-no?authuser=0\" width=\"2000\" height=\"1333\" alt=\"Shiitake mantar\u0131 \u00f6zellikleri tablosu\" class=\"size-medium\" \/><\/a><figcaption class=\"wp-caption-text\">Shiitake mantar\u0131 \u00f6zellikleri tablosu<\/figcaption><\/figure>\n<h4>Shimokawa Shiitake &quot;Mori no Kiwami&quot; (yatakta b\u00fcy\u00fcm\u00fc\u015f)<\/h4>\n<p>Bunlar \u00f6zenle se\u00e7ilmi\u015f, kal\u0131n ve ince shiitake mantarlar\u0131d\u0131r.<\/p>\n<figure class=\"wp-caption aligncenter\"><a href=\"https:\/\/photos.google.com\/share\/AF1QipPBGl-8xkJZnHtVXvg0YYrv8yq6w-belMDEHSh7XnyIbBMnaLTOWkQC58y7lu5FZg\/photo\/AF1QipM-ZuEIU6SehiCILTf_nJb8NrgKkhJmq-BMTPA?key=cUFfZ1FaTmpJZVlneU0xSWVTOURYcGwzUFBLZGtB\" target=\"_blank\" rel=\"noopener\"><img decoding=\"async\" src=\"https:\/\/lh3.googleusercontent.com\/pw\/AM-JKLXb74OVuQu9Uk22vRkcFOlyTsBLEovVi8DspyZjNNUx9mjnUkrODjAeW_ONnparkJ2WvE1Zky7Dadz7HapI_eHQuMNa3IL3opBQ4-Vq15EBIlXDT4le1VaMJQHJpT6aGdK6z_ct9u7tyTZakQVT0puw=w2000-h1333-no?authuser=0\" width=\"2000\" height=\"1333\" alt=\"Shimokawa Shiitake &quot;Mori no Kiwami&quot;\" class=\"size-medium\" \/><\/a><figcaption class=\"wp-caption-text\">Shimokawa Shiitake &quot;Mori no Kiwami&quot;<\/figcaption><\/figure>\n<h4>D\u00f6rt adet shiitake mantar evi kuruldu<\/h4>\n<figure class=\"wp-caption aligncenter\"><a href=\"https:\/\/photos.google.com\/share\/AF1QipPBGl-8xkJZnHtVXvg0YYrv8yq6w-belMDEHSh7XnyIbBMnaLTOWkQC58y7lu5FZg\/photo\/AF1QipNUfnF23ay6cyPz5SftdLeBT-quVEc2uh_6z9I?key=cUFfZ1FaTmpJZVlneU0xSWVTOURYcGwzUFBLZGtB\" target=\"_blank\" rel=\"noopener\"><img decoding=\"async\" src=\"https:\/\/lh3.googleusercontent.com\/pw\/AM-JKLXxk-ZAYRX9H_MCqU89b1NxCmXerp9agQDv8ylnfqNyVaswBhycwouIRIfH2EclJ1cNDxl24wpgGei8UD1Tmxks1Y1cthym7YPrkcWGHragsWoTulbQmi8F-zKAjpqBFZ-pl7fEpur4OXRzGACHMTeP=w2000-h1333-no?authuser=0\" width=\"2000\" height=\"1333\" alt=\"Kurulan d\u00f6rt mantar ev\" class=\"size-medium\" \/><\/a><figcaption class=\"wp-caption-text\">Kurulan d\u00f6rt mantar ev<\/figcaption><\/figure>\n<h2>Hupu Orman\u0131<\/h2>\n<p>Daha sonra &quot;Fupu no Mori Co., Ltd.&quot; \u015firketine do\u011fru yola koyulduk.<\/p>\n<h3>Fupu no Mori Co., Ltd. fabrika turu<\/h3>\n<p>Shimokawa Kasabas\u0131&#039;ndaki &quot;Huppu Orman\u0131&quot;nda bulunan i\u011fne yaprakl\u0131 &quot;Sakhalin k\u00f6knar\u0131&quot; a\u011fac\u0131n\u0131n dallar\u0131n\u0131 ve yapraklar\u0131n\u0131 kullanarak u\u00e7ucu ya\u011flar \u00fcretiyoruz.<\/p>\n<figure class=\"wp-caption aligncenter\"><a href=\"https:\/\/photos.google.com\/share\/AF1QipPBGl-8xkJZnHtVXvg0YYrv8yq6w-belMDEHSh7XnyIbBMnaLTOWkQC58y7lu5FZg\/photo\/AF1QipPEac-mlsznPVgvOTHrlBUtQx3wKGWokr64vpA?key=cUFfZ1FaTmpJZVlneU0xSWVTOURYcGwzUFBLZGtB\" target=\"_blank\" rel=\"noopener\"><img decoding=\"async\" src=\"https:\/\/lh3.googleusercontent.com\/pw\/AM-JKLWZx25sELIu4e6lzKC6GY6egx4oTS1rjQ7qHxnuIjQzPZ3__yLZVVmSp_je9-jRtV_RelujniBxAgbBQzX4CVt_ySx-r6HWV9Q-cCXaLGQZwEDQUmPA2dUtTJKNvTbH-UMumKOZSqfPCo3v0UMagAPz=w2000-h1333-no?authuser=0\" width=\"2000\" height=\"1333\" alt=\"\u00fcretim fabrikas\u0131\" class=\"size-medium\" \/><\/a><figcaption class=\"wp-caption-text\">\u00fcretim fabrikas\u0131<\/figcaption><\/figure>\n<ul>\n<li>2000 y\u0131l\u0131nda kurulan Shimokawa Kent Ormanc\u0131l\u0131k Derne\u011fi&#039;nin u\u00e7ucu ya\u011f i\u015fi, yerel NPO Mori no Seikatsu taraf\u0131ndan devral\u0131nd\u0131 ve 2012 y\u0131l\u0131nda yaln\u0131zca u\u00e7ucu ya\u011f i\u015fiyle u\u011fra\u015fan bir \u015firket olarak &quot;Fupunomori&quot; Co., Ltd. kuruldu.<\/li>\n<li>2015 y\u0131l\u0131nda &quot;NALUQ&quot; adl\u0131 ya\u015fam tarz\u0131 markas\u0131n\u0131 piyasaya s\u00fcrd\u00fc.<\/li>\n<li>2016 y\u0131l\u0131nda &quot;NALUQ Kozmetik \u00dcr\u00fcnleri&quot; Sosyal \u00dcr\u00fcnler \u00d6d\u00fclleri 2016&#039;da b\u00fcy\u00fck \u00f6d\u00fcl\u00fc kazand\u0131.<\/li>\n<\/ul>\n<p>*Japon Sahalin k\u00f6knar\u0131, Pinaceae familyas\u0131ndan, her dem ye\u015fil, uzun bir a\u011fa\u00e7t\u0131r. Konik yap\u0131s\u0131 ve taze ye\u015fil yapraklar\u0131n\u0131n g\u00fczelli\u011fi nedeniyle Noel a\u011fa\u00e7lar\u0131 ve y\u0131lba\u015f\u0131 \u00e7am s\u00fcslemelerinde kullan\u0131l\u0131r.<\/p>\n<h3>CEO Marie Tanabe&#039;nin konu\u015fmas\u0131<\/h3>\n<p>Marie Tanabe 2007 y\u0131l\u0131nda Shimokawa Kasabas\u0131na ta\u015f\u0131nd\u0131. Esansiyel ya\u011flar\u0131 her zaman sevdim ve kulland\u0131m, ancak \u00e7al\u0131\u015ft\u0131\u011f\u0131m \u015firketteki bir \u00e7al\u0131\u015fan emekli olunca i\u015fi devralmaya ve \u015firkete kat\u0131lmaya karar verdim.<\/p>\n<figure class=\"wp-caption aligncenter\"><a href=\"https:\/\/photos.google.com\/share\/AF1QipPBGl-8xkJZnHtVXvg0YYrv8yq6w-belMDEHSh7XnyIbBMnaLTOWkQC58y7lu5FZg\/photo\/AF1QipNaTH7xpQ_faawkJ3TP123DYOowGRLH42NMxBw?key=cUFfZ1FaTmpJZVlneU0xSWVTOURYcGwzUFBLZGtB\" target=\"_blank\" rel=\"noopener\"><img decoding=\"async\" src=\"https:\/\/lh3.googleusercontent.com\/pw\/AM-JKLXkFgcJGGIXQ4fS7b6BctQsTPihFAtquG6-hXQ6bL--d5QR-H9Z5-rz78mIO0VvOMQ-cCMmnQ97Fp7h8bquYLT2i1bv98vg5p3nniQ2O7V5arGhJmt_ILqiMSgwcYMzyYN50kwBgwiRWJuTYJ5B61h4=w2000-h1333-no?authuser=0\" width=\"2000\" height=\"1333\" alt=\"Temsilci Direkt\u00f6r Marie Tanabe\" class=\"size-medium\" \/><\/a><figcaption class=\"wp-caption-text\">Temsilci Direkt\u00f6r Marie Tanabe<\/figcaption><\/figure>\n<p>&quot;Esansiyel ya\u011f\u0131, Japon Sahalin k\u00f6knar\u0131n\u0131n yapraklar\u0131ndan elde ediliyor.<br \/>\nShimokawa Kasabas\u0131 bir orman kasabas\u0131 oldu\u011fundan, ormanc\u0131l\u0131k \u00e7al\u0131\u015fmalar\u0131 s\u0131ras\u0131nda kesilen dallar\u0131n etkin bir \u015fekilde de\u011ferlendirilmesi amac\u0131yla bu projeyi ba\u015flatt\u0131k. Bu y\u0131l, &quot;Fupu no Mori&quot;yi ba\u015flatt\u0131\u011f\u0131m\u0131z\u0131n dokuzuncu y\u0131l\u0131n\u0131 kutluyoruz. &quot;Hupu&quot;, Aynu dilinde &quot;Japon Sahalin K\u00f6knar\u0131&quot; anlam\u0131na geliyor.<\/p>\n<p>A\u011fa\u00e7lar\u0131n kesildi\u011fi ormanlara gidiyoruz, Japon Sahalin k\u00f6knar\u0131n\u0131n yapraklar\u0131n\u0131 elle dikkatlice kesiyoruz ve bunlar\u0131 hammadde olarak kullanmak \u00fczere sepetlere dolduruyoruz.<\/p>\n<figure class=\"wp-caption aligncenter\"><a href=\"https:\/\/photos.google.com\/share\/AF1QipPBGl-8xkJZnHtVXvg0YYrv8yq6w-belMDEHSh7XnyIbBMnaLTOWkQC58y7lu5FZg\/photo\/AF1QipNUFUCpmGEEZcSXOGlrF5G9NKepZKSvzenBWU4?key=cUFfZ1FaTmpJZVlneU0xSWVTOURYcGwzUFBLZGtB\" target=\"_blank\" rel=\"noopener\"><img decoding=\"async\" src=\"https:\/\/lh3.googleusercontent.com\/pw\/AM-JKLUwyWx6UeHkscRN_iQrECN2MHPQrv-n2n39uNWk9mMJRLZymbj-zSE2kxbAmaUrJx2q4EdjLiWoecrxKaz4vOg4YpWbe80ioAWPjH7EJoQnLCgCZ2qG8qo__HITgwXMZ3zLb9eqIxVkhLCW-IJJwMtU=w2000-h1333-no?authuser=0\" width=\"2000\" height=\"1333\" alt=\"Yapraklar\u0131n elle toplanmas\u0131\" class=\"size-medium\" \/><\/a><figcaption class=\"wp-caption-text\">Yapraklar\u0131n elle toplanmas\u0131<\/figcaption><\/figure>\n<p>Dam\u0131tma i\u015fleminde, hammaddeler bir f\u0131r\u0131na yerle\u015ftirilerek buharla\u015ft\u0131r\u0131l\u0131r ve buhar so\u011futuldu\u011funda tekrar s\u0131v\u0131 hale gelerek aromatik dam\u0131t\u0131lm\u0131\u015f su \u00e7\u0131kar\u0131l\u0131r. \u0130ki katman birbirinden ayr\u0131l\u0131r: \u00dcstte ya\u011f, altta dam\u0131t\u0131lm\u0131\u015f su. Dam\u0131t\u0131ld\u0131ktan sonra kalan yapraklar da kurutularak bir k\u0131sm\u0131 yast\u0131k yap\u0131m\u0131nda kullan\u0131larak etkili bir \u015fekilde de\u011ferlendirilmektedir. Geri kalan\u0131 kompost olarak kullan\u0131l\u0131yor.<\/p>\n<p>K\u00f6knar a\u011fac\u0131 ya\u011f\u0131 ilk ba\u015flarda Rusya, Avrupa ve di\u011fer deniza\u015f\u0131r\u0131 \u00fclkelerde g\u00fcnl\u00fck olarak kullan\u0131l\u0131yordu. Tanabe, &quot;Saunalar\u0131n solunum yolu bak\u0131m\u0131, so\u011fuk alg\u0131nl\u0131\u011f\u0131n\u0131 \u00f6nleme, kan dola\u015f\u0131m\u0131n\u0131 iyile\u015ftirme gibi faydalar\u0131 oldu\u011fu biliniyor&quot; diyor.<\/p>\n<figure class=\"wp-caption aligncenter\"><a href=\"https:\/\/photos.google.com\/share\/AF1QipPBGl-8xkJZnHtVXvg0YYrv8yq6w-belMDEHSh7XnyIbBMnaLTOWkQC58y7lu5FZg\/photo\/AF1QipPpZ6G29BweMBY4sbOdcbO-0AsrInijyN-jsbg?key=cUFfZ1FaTmpJZVlneU0xSWVTOURYcGwzUFBLZGtB\" target=\"_blank\" rel=\"noopener\"><img decoding=\"async\" src=\"https:\/\/lh3.googleusercontent.com\/pw\/AM-JKLXZHqtoPImrRsyi1hKbyeN4VC0CD1teEYO1xGYQZhUmTRAxwOW_lixQVVxMbtVE_gkOkHroD_h551alzGMwP1MC-l3qYvWGTvVB0Esc8QtYpwjJ2fbjodg5G0EEnGiAm7LtkuFUTIm2dTBL2XcISwGZ=w2000-h1333-no?authuser=0\" width=\"2000\" height=\"1333\" alt=\"Dam\u0131tma nas\u0131l \u00e7al\u0131\u015f\u0131r?\" class=\"size-medium\" \/><\/a><figcaption class=\"wp-caption-text\">Dam\u0131tma nas\u0131l \u00e7al\u0131\u015f\u0131r?<\/figcaption><\/figure>\n<h3>Buhar distilasyonu ile ya\u011f ve dam\u0131t\u0131lm\u0131\u015f su elde edilir.<\/h3>\n<figure class=\"wp-caption aligncenter\"><a href=\"https:\/\/photos.google.com\/share\/AF1QipPBGl-8xkJZnHtVXvg0YYrv8yq6w-belMDEHSh7XnyIbBMnaLTOWkQC58y7lu5FZg\/photo\/AF1QipML_RnAx9vdrhxNzoYjpw-FkFngpd5mwsGEyXk?key=cUFfZ1FaTmpJZVlneU0xSWVTOURYcGwzUFBLZGtB\" target=\"_blank\" rel=\"noopener\"><img decoding=\"async\" src=\"https:\/\/lh3.googleusercontent.com\/pw\/AM-JKLU11mqSpd1oPSkeZBBeDHN33YaAqvAcKMp2P7uZUcmk2f4YzVBJ2oGs7aAv3r_16pWM45G1XG_6MYUp57du6o_TbCZbS8JgWk_Gdd88OhACwKQP82hFtB3ZjRqWJIE7zZwJP1yyayHXO-Dlb_mlASfg=w2000-h1333-no?authuser=0\" width=\"2000\" height=\"1333\" alt=\"Buhar dam\u0131tma\" class=\"size-medium\" \/><\/a><figcaption class=\"wp-caption-text\">Buhar dam\u0131tma<\/figcaption><\/figure>\n<h3>&quot;FUPUNOMORI&quot; dizisi<\/h3>\n<p>Hokkaido k\u00f6knar\u0131n\u0131n ferahlat\u0131c\u0131 kokusunu ve orman\u0131n kokusunu olabildi\u011fince yans\u0131tan bir kadro.<\/p>\n<figure class=\"wp-caption aligncenter\"><a href=\"https:\/\/lh3.googleusercontent.com\/pw\/AM-JKLW02lET-k9vu2Jvzgz6YjFFs_P3G_noAp3GMyCoAtGFAt0WxCTdUvBMaAXPgEB_n_gj7kMyuSGDH8Ig2ugVo4P5AwFx5iCpEbD-p-S2s7zx1pyDO51-Fumu8Dmr747ALb7ojCUwTfvma-Ybsq4HKMRo=w2000-h1333-no?authuser=0\"><img decoding=\"async\" src=\"https:\/\/lh3.googleusercontent.com\/pw\/AM-JKLW02lET-k9vu2Jvzgz6YjFFs_P3G_noAp3GMyCoAtGFAt0WxCTdUvBMaAXPgEB_n_gj7kMyuSGDH8Ig2ugVo4P5AwFx5iCpEbD-p-S2s7zx1pyDO51-Fumu8Dmr747ALb7ojCUwTfvma-Ybsq4HKMRo=w2000-h1333-no?authuser=0\" width=\"2000\" height=\"1333\" alt=\"&quot;FUPUNOMORI&quot; dizisi\" class=\"size-medium\" \/><\/a><figcaption class=\"wp-caption-text\">&quot;FUPUNOMORI&quot; dizisi<\/figcaption><\/figure>\n<h3>&quot;NALUQ&quot;<\/h3>\n<p>Hokkaido ormanlar\u0131n\u0131n kokusunun tad\u0131n\u0131 \u00e7\u0131karman\u0131z\u0131 sa\u011flayan bir orman ya\u015fam tarz\u0131 markas\u0131.<\/p>\n<figure class=\"wp-caption aligncenter\"><a href=\"https:\/\/photos.google.com\/share\/AF1QipPBGl-8xkJZnHtVXvg0YYrv8yq6w-belMDEHSh7XnyIbBMnaLTOWkQC58y7lu5FZg\/photo\/AF1QipNmUoAUsAk5Sqi_C6lQU3N4zXh96nN2EmsYY1Y?key=cUFfZ1FaTmpJZVlneU0xSWVTOURYcGwzUFBLZGtB\" target=\"_blank\" rel=\"noopener\"><img decoding=\"async\" src=\"https:\/\/lh3.googleusercontent.com\/pw\/AM-JKLXaeYFzY3_1j1ms_pnh77YPROxJh7lPWUQp7SJWnS7gNIOcub21EHO-4ucBZXOk2MXp2BLT4oaTto5p33LVbHd1yZHyU5jfjOjKxYHRAtiyqzDlzsLhagxx9D7oGJ1uuA_S7BJ63UFAAMVdDa0B4SI6=w2000-h1333-no?authuser=0\" width=\"2000\" height=\"1333\" alt=\"&quot;NALUQ&quot;\" class=\"size-medium\" \/><\/a><figcaption class=\"wp-caption-text\">&quot;NALUQ&quot;<\/figcaption><\/figure>\n<p>&quot;Hokkaido ormanlar\u0131n\u0131n g\u00f6r\u00fcnt\u00fcs\u00fcnden esinlenerek tasarlanan bu do\u011fal u\u00e7ucu ya\u011f, ormandaki bitkisel i\u00e7eriklere dayanan \u00e7e\u015fitli kokular\u0131n bir kar\u0131\u015f\u0131m\u0131d\u0131r.<br \/>\n\ufffc<br \/>\nHokkaido kokusunu d\u00fc\u015f\u00fcnd\u00fc\u011f\u00fcm\u00fczde akl\u0131m\u0131za nane ve lavanta gelir ama Sibirya k\u00f6knar\u0131n\u0131n kokusu hafif, yabanc\u0131 bir his veren, taze bir orman kokusudur. Umar\u0131m Hokkaido&#039;nun nostaljik \u00e7a\u011fr\u0131\u015f\u0131mlar uyand\u0131ran \u00fc\u00e7\u00fcnc\u00fc kokusu olarak an\u0131l\u0131r. &quot;Bunu bize s\u00f6yleyen Bay Tanabe&#039;ydi.<\/p>\n\n        <div class=\"site-blogcard-premium\">\n            <div class=\"bc-label-custom\">\u0130lgili makaleler<\/div>\n            <div class=\"bc-flex-container\">\n                <div class=\"bc-main-text\">\n                    <div class=\"bc-title-link-box\">\n                        <a href=\"https:\/\/fupunomori.net\" target=\"_blank\">\nFupu no Mori Hokkaido K\u00f6knar Esansiyel Ya\u011f\u0131 Resmi Web Sitesi\t\t<\/a>\n                    <\/div>\n                    <div class=\"bc-excerpt-box\"><\/div>\n                <\/div>\n                <div class=\"bc-thumbnail-box\">\n                    <a href=\"https:\/\/fupunomori.net\" target=\"_blank\">\n                        <div class=\"bc-img-zoom-wrap\">\n                            <img decoding=\"async\" src=\"https:\/\/img.youtube.com\/vi\/tIgrHrm849I\/mqdefault.jpg\" alt=\"Fupu no Mori Hokkaido K\u00f6knar Esansiyel Ya\u011f\u0131 Resmi Web Sitesi\t\t\">\n                        <\/div>\n                    <\/a>\n                <\/div>\n            <\/div>\n        <\/div>\n\u3000<br \/>\nG\u00fcnl\u00fck t\u00fcm programlar\u0131m\u0131z\u0131 tamamlad\u0131ktan sonra ak\u015fam Yuzurutei&#039;de Bay ve Bayan Kameda ile Bay Seki ile bir araya geldik. Anlaml\u0131 ve keyifli vakit i\u00e7in te\u015fekk\u00fcr ederim.<\/p>\n<h2>Shimokawa Kasaba B\u00f6lgesel De\u011fi\u015fim Tesisi &quot;Ormandaki Yokkuru&quot;<\/h2>\n<p>Shimokawa Kasabas\u0131&#039;n\u0131n b\u00f6lgesel de\u011fi\u015fim tesisi olan &quot;Mori no Naka Yokuru&quot;da bir gece kald\u0131k. &quot;Orman \u0130\u00e7indeki Yokkuru&quot;, mutfak dahil olmak \u00fczere ya\u015fam\u0131n t\u00fcm ihtiya\u00e7lar\u0131n\u0131 kar\u015f\u0131layan, uzun s\u00fcreli konaklamalara uygun bir evdir. NPO Mori no Seikatsu, Yokkuru&#039;nun atanm\u0131\u015f y\u00f6neticisidir ve Yokkuru&#039;yu i\u015fletmektedir.<\/p>\n<h3>ya\u015famak<\/h3>\n<figure class=\"wp-caption aligncenter\"><a href=\"https:\/\/photos.google.com\/share\/AF1QipPBGl-8xkJZnHtVXvg0YYrv8yq6w-belMDEHSh7XnyIbBMnaLTOWkQC58y7lu5FZg\/photo\/AF1QipOsHioQt8os6edQwBXxFu4v2GrL-5EpnnkdO2M?key=cUFfZ1FaTmpJZVlneU0xSWVTOURYcGwzUFBLZGtB\" target=\"_blank\" rel=\"noopener\"><img decoding=\"async\" src=\"https:\/\/lh3.googleusercontent.com\/pw\/AM-JKLX7JWspLd4NMlUx8L0st7igCQuTMqPPfdF4du0yPaKv4LEsEe0olgsI-O80RUXZN_Am6_SXb6K4qVAOaCoMb5birz2AcB8olnuMb1aHaM9GpQouRWYomLqgdVys-zGnD1QSA5j538pY55kS1fqiHB3j=w2000-h1500-no?authuser=0\" width=\"2000\" height=\"1500\" alt=\"ya\u015famak\" class=\"size-medium\" \/><\/a><figcaption class=\"wp-caption-text\">ya\u015famak<\/figcaption><\/figure>\n<p>Her odaya kurulan panel \u0131s\u0131t\u0131c\u0131lar, odun biyok\u00fctle kazan\u0131ndan gelen s\u0131cak su ile beslenerek sizi s\u0131cak ve rahat tutar!<\/p>\n<h4>Panel \u0131s\u0131t\u0131c\u0131 termo sap<\/h4>\n<figure class=\"wp-caption aligncenter\"><a href=\"https:\/\/photos.google.com\/share\/AF1QipPBGl-8xkJZnHtVXvg0YYrv8yq6w-belMDEHSh7XnyIbBMnaLTOWkQC58y7lu5FZg\/photo\/AF1QipOWFWtEPXjN_7dmy2GdUJ7vFZkYuPPWer5Lpeg?key=cUFfZ1FaTmpJZVlneU0xSWVTOURYcGwzUFBLZGtB\" target=\"_blank\" rel=\"noopener\"><img decoding=\"async\" src=\"https:\/\/lh3.googleusercontent.com\/pw\/AM-JKLWXz_pkc5s2vpj9-pmqrCp_mf9stvxwA1OQ_6iEKS54jLQQ1Nrnm5ZpygJDnuMXe6vXyPOar2E51_5OzWhrl-c0vGCG8RRw6hngPWQe28DnDYgSQb4C9Rm3Vgnepunsm34dwQpndr4tAT8U_TOV7Ia8=w2000-h1500-no?authuser=0\" width=\"2000\" height=\"1500\" alt=\"Panel \u0131s\u0131t\u0131c\u0131 termo sap\" class=\"size-medium\" \/><\/a><figcaption class=\"wp-caption-text\">Panel \u0131s\u0131t\u0131c\u0131 termo sap<\/figcaption><\/figure>\n<h4>Pencerenin alt\u0131na monte edilmi\u015f panel \u0131s\u0131t\u0131c\u0131<\/h4>\n<figure class=\"wp-caption aligncenter\"><a href=\"https:\/\/photos.google.com\/share\/AF1QipPBGl-8xkJZnHtVXvg0YYrv8yq6w-belMDEHSh7XnyIbBMnaLTOWkQC58y7lu5FZg\/photo\/AF1QipMoeVjesRSwcnTwq1Cnx0saBvdIBpyZb6ANJYQ?key=cUFfZ1FaTmpJZVlneU0xSWVTOURYcGwzUFBLZGtB\" target=\"_blank\" rel=\"noopener\"><img decoding=\"async\" src=\"https:\/\/lh3.googleusercontent.com\/pw\/AM-JKLWSHuqseiLZlfWwN7qJPsZTEceVjAA1aCY1kprkX0Y8Spu0Gy4sgkHZjlbmYnB-_ycK8ZXrsMozz4P-oSTlEIlFRpWVT-PqQ36jSpa9a401LeymtsFf9EPUGcYShJLUdnqqP4ragdpTa1s6Tisa4kxQ=w2000-h1500-no?authuser=0\" width=\"2000\" height=\"1500\" alt=\"Pencerenin alt\u0131na monte edilmi\u015f panel \u0131s\u0131t\u0131c\u0131\" class=\"size-medium\" \/><\/a><figcaption class=\"wp-caption-text\">Pencerenin alt\u0131na monte edilmi\u015f panel \u0131s\u0131t\u0131c\u0131<\/figcaption><\/figure>\n<h3>mutfak<\/h3>\n<figure class=\"wp-caption aligncenter\"><a href=\"https:\/\/photos.google.com\/share\/AF1QipPBGl-8xkJZnHtVXvg0YYrv8yq6w-belMDEHSh7XnyIbBMnaLTOWkQC58y7lu5FZg\/photo\/AF1QipOrc_dLMBKPD9BFjJdu44iI2AzsQBwEwTuXQxg?key=cUFfZ1FaTmpJZVlneU0xSWVTOURYcGwzUFBLZGtB\" target=\"_blank\" rel=\"noopener\"><img decoding=\"async\" src=\"https:\/\/lh3.googleusercontent.com\/pw\/AM-JKLVbmXxeXJU_TKtBJYLdhIKYDlTqjuapBX8a1AWALzP9DXHbU-UJ7asAP57EPTyd-ijVZZ2s31VTurL4lN5ve3nZT4WbNoG97r0czMActCOnGiMQZFCHB4pf-pigy_dUGCvIhs56aPu7NGjFLd0qO2Xh=w2000-h1500-no?authuser=0\" width=\"2000\" height=\"1500\" alt=\"mutfak\" class=\"size-medium\" \/><\/a><figcaption class=\"wp-caption-text\">mutfak<\/figcaption><\/figure>\n<h4>Mutfak gere\u00e7leri<\/h4>\n<figure class=\"wp-caption aligncenter\"><a href=\"https:\/\/photos.google.com\/share\/AF1QipPBGl-8xkJZnHtVXvg0YYrv8yq6w-belMDEHSh7XnyIbBMnaLTOWkQC58y7lu5FZg\/photo\/AF1QipOy-tcWrcxojL1wvGy20Tikse0YtWKFwCQlm84?key=cUFfZ1FaTmpJZVlneU0xSWVTOURYcGwzUFBLZGtB\" target=\"_blank\" rel=\"noopener\"><img decoding=\"async\" src=\"https:\/\/lh3.googleusercontent.com\/pw\/AM-JKLWMRKtMW14yVNDASKAt0Wzaca3_lbKT1Sa2ZFlH3RLRtIX1_Sj5o9cnBzSE_5J7uUCKeYoIK3iOqfoEW41yYzzjgdPLxjtIcDxMiCv7RQdB0kAeGUCO8aB1nFHw0ph3nee9MGFOVQLm4Rw1RKBQUh-j=w2000-h1500-no?authuser=0\" width=\"2000\" height=\"1500\" alt=\"Mutfak gere\u00e7leri\" class=\"size-medium\" \/><\/a><figcaption class=\"wp-caption-text\">Mutfak gere\u00e7leri<\/figcaption><\/figure>\n<h4>Bir tak\u0131m tencere<\/h4>\n<figure class=\"wp-caption aligncenter\"><a href=\"https:\/\/photos.google.com\/share\/AF1QipPBGl-8xkJZnHtVXvg0YYrv8yq6w-belMDEHSh7XnyIbBMnaLTOWkQC58y7lu5FZg\/photo\/AF1QipPySOSycLhnGMSs2KA4cF9Qk6h1h5525O0_R28?key=cUFfZ1FaTmpJZVlneU0xSWVTOURYcGwzUFBLZGtB\" target=\"_blank\" rel=\"noopener\"><img decoding=\"async\" src=\"https:\/\/lh3.googleusercontent.com\/pw\/AM-JKLU3YbVxRk9sC7ZHCniWnKIeVD2oPBKcIeLCgAAVj3ppCnHbFlHXTNt8OuEP43juo2QCmQBnIdzOp6JELkHWg071Lf6ztmgPELGVE6S5HiIE5oVW3vHk478g39wr59XtI4VjBi9EvvTC30clLFYSv9LW=w2000-h1500-no?authuser=0\" width=\"2000\" height=\"1500\" alt=\"Bir tak\u0131m tencere\" class=\"size-medium\" \/><\/a><figcaption class=\"wp-caption-text\">Bir tak\u0131m tencere<\/figcaption><\/figure>\n<h4>Sofra tak\u0131m\u0131<\/h4>\n<figure class=\"wp-caption aligncenter\"><a href=\"https:\/\/photos.google.com\/share\/AF1QipPBGl-8xkJZnHtVXvg0YYrv8yq6w-belMDEHSh7XnyIbBMnaLTOWkQC58y7lu5FZg\/photo\/AF1QipMrAG9xOHgJT_iu-FtMu8ih0kBl3wl9S6Ekmqs?key=cUFfZ1FaTmpJZVlneU0xSWVTOURYcGwzUFBLZGtB\" target=\"_blank\" rel=\"noopener\"><img decoding=\"async\" src=\"https:\/\/lh3.googleusercontent.com\/pw\/AM-JKLVSnrLduERqDXuj90Ma1JOjo3Ci_E52jJJuiL1Kycp17Y4X-G3yb3mtmNluI1lohIWLbV7rS9oppHmpKpShcfav9_-pJL0cTxaACwLaGO86CAYNac1yqhrrg1iuDj22yhP9ys7upJxSueQHXuAXS3Kh=w2000-h1500-no?authuser=0\" width=\"2000\" height=\"1500\" alt=\"Sofra tak\u0131m\u0131\" class=\"size-medium\" \/><\/a><figcaption class=\"wp-caption-text\">Sofra tak\u0131m\u0131<\/figcaption><\/figure>\n<h3>Giyinme odas\u0131 (lavabo ve \u00e7ama\u015f\u0131r makinesi ile)<\/h3>\n<figure class=\"wp-caption aligncenter\"><a href=\"https:\/\/photos.google.com\/share\/AF1QipPBGl-8xkJZnHtVXvg0YYrv8yq6w-belMDEHSh7XnyIbBMnaLTOWkQC58y7lu5FZg\/photo\/AF1QipMY0OmD--bsUeGVoADqVngWsl-9ws9On1GIn9s?key=cUFfZ1FaTmpJZVlneU0xSWVTOURYcGwzUFBLZGtB\" target=\"_blank\" rel=\"noopener\"><img decoding=\"async\" src=\"https:\/\/lh3.googleusercontent.com\/pw\/AM-JKLXMywU5djaBN1DvBayD36drLzQJy6h1qIZugTK_GJXF5Fo5AocMpZkEnd1XfCKLS5frtk8keybMwo0BoxQ9-r5S0AWp5-jz_eb0c7NIqaNLwBnlFlfVt4vb8I-rIHo1oJcCNi1TNXwSKC2fJn6hQS3r=w2000-h1500-no?authuser=0\" width=\"2000\" height=\"1500\" alt=\"Giyinme odas\u0131 (lavabo ve \u00e7ama\u015f\u0131r makinesi ile)\" class=\"size-medium\" \/><\/a><figcaption class=\"wp-caption-text\">Giyinme odas\u0131 (lavabo ve \u00e7ama\u015f\u0131r makinesi ile)<\/figcaption><\/figure>\n<h3>Banyo<\/h3>\n<figure class=\"wp-caption aligncenter\"><a href=\"https:\/\/photos.google.com\/share\/AF1QipPBGl-8xkJZnHtVXvg0YYrv8yq6w-belMDEHSh7XnyIbBMnaLTOWkQC58y7lu5FZg\/photo\/AF1QipPylb0pVO0SZVA-PNzLBUW6EuTJdOAq3z16L00?key=cUFfZ1FaTmpJZVlneU0xSWVTOURYcGwzUFBLZGtB\" target=\"_blank\" rel=\"noopener\"><img decoding=\"async\" src=\"https:\/\/lh3.googleusercontent.com\/pw\/AM-JKLXZ0F8jj2FD6YB97Bje8aSaQfU5eQdWKfTlb9fs9Pmh0xW2UwQDhgLrmqwABcWh9h2DFCZDh60UIdRnixhlFsyKySywvqfr7ivBfsnEw_7H5gj4xyNgMxU_uS-x9pLMkhZyLQVVRpnenNiWtTWt7QIm=w2000-h1500-no?authuser=0\" width=\"2000\" height=\"1500\" alt=\"Banyo\" class=\"size-medium\" \/><\/a><figcaption class=\"wp-caption-text\">Banyo<\/figcaption><\/figure>\n<h3>tuvalet<\/h3>\n<figure class=\"wp-caption aligncenter\"><a href=\"https:\/\/photos.google.com\/share\/AF1QipPBGl-8xkJZnHtVXvg0YYrv8yq6w-belMDEHSh7XnyIbBMnaLTOWkQC58y7lu5FZg\/photo\/AF1QipPkhT1hQGAknoodWqhZdqjvodB-7NOMII6apnk?key=cUFfZ1FaTmpJZVlneU0xSWVTOURYcGwzUFBLZGtB\" target=\"_blank\" rel=\"noopener\"><img decoding=\"async\" src=\"https:\/\/lh3.googleusercontent.com\/pw\/AM-JKLVXKjHnHmC2e8aA_dZVWhUtsZMvjlXtjeJMsDJSgdNjq8-mO0pSVsf5oksPvSpHD3X4UCpfZTMz2ZggGrzK_oqux_ij7R7jH2_Jpyr0obnV0T42phG7p4HyD7P2UB1nrLLLVdP8zFSiY95w1xj4Vlz1=w2000-h1500-no?authuser=0\" width=\"2000\" height=\"1500\" alt=\"tuvalet\" class=\"size-medium\" \/><\/a><figcaption class=\"wp-caption-text\">tuvalet<\/figcaption><\/figure>\n<h3>Yatak odas\u0131 (2 oda)<\/h3>\n<figure class=\"wp-caption aligncenter\"><a href=\"https:\/\/photos.google.com\/share\/AF1QipPBGl-8xkJZnHtVXvg0YYrv8yq6w-belMDEHSh7XnyIbBMnaLTOWkQC58y7lu5FZg\/photo\/AF1QipNTJOhjrq1OZ_VeNjZabjxFQasRmOQE-oWHqDg?key=cUFfZ1FaTmpJZVlneU0xSWVTOURYcGwzUFBLZGtB\" target=\"_blank\" rel=\"noopener\"><img decoding=\"async\" src=\"https:\/\/lh3.googleusercontent.com\/pw\/AM-JKLVlYrOC76dS8zcWGrPOShHkhUXFQ1MjlgKOPKYRlMQ7sCp3X4anklF8Ar2drouv6j5KxLl4zmqpFadNSJEYCQGEss1C9wQu7WaIWzqsLevdwj69w9VSpU6uBSa39eBaedRFWpTmLTfl7tcF8WKomTk2=w2000-h1500-no?authuser=0\" width=\"2000\" height=\"1500\" alt=\"Yatak odas\u0131 (2 oda)\" class=\"size-medium\" \/><\/a><figcaption class=\"wp-caption-text\">Yatak odas\u0131 (2 oda)<\/figcaption><\/figure>\n<figure class=\"wp-caption aligncenter\"><a href=\"https:\/\/photos.google.com\/share\/AF1QipPBGl-8xkJZnHtVXvg0YYrv8yq6w-belMDEHSh7XnyIbBMnaLTOWkQC58y7lu5FZg\/photo\/AF1QipMAOLFTbqjHmpPwK8ZtdF3pwyxRZaLg5BQoF2c?key=cUFfZ1FaTmpJZVlneU0xSWVTOURYcGwzUFBLZGtB\" target=\"_blank\" rel=\"noopener\"><img decoding=\"async\" src=\"https:\/\/lh3.googleusercontent.com\/pw\/AM-JKLVGxH8uFBcDDdjGzYFnJh3pxOOvwyZ3_I5Q0Qk-_9b4k_E6Ot6hiDpEV7DtTgIkBj7__MgN4rmtoWMY0ADi-U1qQZmzVOoQbhMqxOwzf5I5eC5vVhHnm0wUSR9CC6nXAmDsyn83P2Cnn9vlAN8MXC-j=w2000-h1500-no?authuser=0\" width=\"2000\" height=\"1500\" alt=\"Yatak odas\u0131\" class=\"size-medium\" \/><\/a><figcaption class=\"wp-caption-text\">Yatak odas\u0131<\/figcaption><\/figure>\n<h2>Yokkuru Bah\u00e7esi<\/h2>\n<p>\u0130yi bir gece uykusunun ard\u0131ndan, ertesi sabah dinlenmi\u015f bir \u015fekilde uyand\u0131m ve Seki bana tesisteki Yokkuru Bah\u00e7esi&#039;ni gezdirdi.<\/p>\n<figure class=\"wp-caption aligncenter\"><a href=\"https:\/\/photos.google.com\/share\/AF1QipPBGl-8xkJZnHtVXvg0YYrv8yq6w-belMDEHSh7XnyIbBMnaLTOWkQC58y7lu5FZg\/photo\/AF1QipNFsZkj7E_zBbV-O2RPMiyFSpKtO1ZZkyzJOIM?key=cUFfZ1FaTmpJZVlneU0xSWVTOURYcGwzUFBLZGtB\" target=\"_blank\" rel=\"noopener\"><img decoding=\"async\" src=\"https:\/\/lh3.googleusercontent.com\/pw\/AM-JKLWyGyxfJeiZOSBub1f_b54zQAPwogyLsWGM7K6D6dK6hzAi1HTu_0JlC31ac2sIbk3w0iX-hNjp2CN3FP7UFS0S_PFvLjd35t0WnpCaLcO1Sg2UKnrUKiWPISF07pouDdbHbaERhYl_7WLZj7vbj1wz=w2000-h1333-no?authuser=0\" width=\"2000\" height=\"1333\" alt=\"Jokkullgaarden Hakk\u0131nda\" class=\"size-medium\" \/><\/a><figcaption class=\"wp-caption-text\">Jokkullgaarden Hakk\u0131nda<\/figcaption><\/figure>\n<p>Yokkul Bah\u00e7esi&#039;nde sebzeler ve salatal\u0131klar, permak\u00fclt\u00fcr, pestisitsiz, kimyasal g\u00fcbresiz ve do\u011fal tar\u0131m y\u00f6ntemleriyle yeti\u015ftiriliyor.<\/p>\n<p>Konuklar kahvalt\u0131da yemek \u00fczere bah\u00e7eden sebze toplayabilirler. Ne g\u00fczel bir d\u00fczenleme!<br \/>\nMaalesef ben gitti\u011fimde sebzelerin \u00e7o\u011fu bitmi\u015fti.<\/p>\n<p>E\u011fer yaz ortas\u0131nda ziyaret ederseniz, \u00e7ok say\u0131da lezzetli sebze bulabilirsiniz. . .<br \/>\nSab\u0131rs\u0131zlan\u0131yorum! ! !<\/p>\n<figure class=\"wp-caption aligncenter\"><a href=\"https:\/\/photos.google.com\/share\/AF1QipPBGl-8xkJZnHtVXvg0YYrv8yq6w-belMDEHSh7XnyIbBMnaLTOWkQC58y7lu5FZg\/photo\/AF1QipP2TumReyO5f2bIB_-253AJDSn2fTsvYUxP63E?key=cUFfZ1FaTmpJZVlneU0xSWVTOURYcGwzUFBLZGtB\" target=\"_blank\" rel=\"noopener\"><img decoding=\"async\" src=\"https:\/\/lh3.googleusercontent.com\/pw\/AM-JKLWGMSNHl0_Tj3oh-40KcPrq_lAGgVt-YY2SqGAFYzUxZLfMDV4emWbPZxhEU7iFJGItqAXL7rF48ESzShV4uR6eiZ5Ku6aK3QxUOC2bAXfjYpYlcFfNxMzz4EcsR9cpy27BWwchMzU7ifMqi-DUeyDR=w2000-h1333-no?authuser=0\" width=\"2000\" height=\"1333\" alt=\"Yokkuru Bah\u00e7esi\" class=\"size-medium\" \/><\/a><figcaption class=\"wp-caption-text\">Yokkuru Bah\u00e7esi<\/figcaption><\/figure>\n<figure class=\"wp-caption aligncenter\"><a href=\"https:\/\/photos.google.com\/share\/AF1QipPBGl-8xkJZnHtVXvg0YYrv8yq6w-belMDEHSh7XnyIbBMnaLTOWkQC58y7lu5FZg\/photo\/AF1QipOeUiPJIkIvbpSjf76Pt6zWiPDfzrHVwloRKy0?key=cUFfZ1FaTmpJZVlneU0xSWVTOURYcGwzUFBLZGtB\" target=\"_blank\" rel=\"noopener\"><img decoding=\"async\" src=\"https:\/\/lh3.googleusercontent.com\/pw\/AM-JKLUPqU-Lfe9JDPH36qud1Tq-MBky_dEzZ_pvCbRcJ0TaL2aYCpFflgtVlABozHWGLpjW6EupaMWRV21OeZYbYF7SahqboJpOnG8UP1aZBtpFl1u8aShJVzivNXIaGHz5x_K1RWM_py8GaLa7WHpl3NU1=w2000-h1333-no?authuser=0\" width=\"2000\" height=\"1333\" alt=\"\u00c7e\u015fitli sebzelerin yeti\u015ftirildi\u011fi bir bah\u00e7e\" class=\"size-medium\" \/><\/a><figcaption class=\"wp-caption-text\">\u00c7e\u015fitli sebzelerin yeti\u015ftirildi\u011fi bir bah\u00e7e<\/figcaption><\/figure>\n<figure class=\"wp-caption aligncenter\"><a href=\"https:\/\/photos.google.com\/share\/AF1QipPBGl-8xkJZnHtVXvg0YYrv8yq6w-belMDEHSh7XnyIbBMnaLTOWkQC58y7lu5FZg\/photo\/AF1QipNjr-9J9iZUtrxuvxViaYdAKMRGTCYAkVT2s2s?key=cUFfZ1FaTmpJZVlneU0xSWVTOURYcGwzUFBLZGtB\" target=\"_blank\" rel=\"noopener\"><img decoding=\"async\" src=\"https:\/\/lh3.googleusercontent.com\/pw\/AM-JKLVJLXxAzz6pT7OmtyIc7pqLExSBwZUaipDTtwNpkWutWJaFeP96tELw0kA2Zpian9-Ph-Kj5Po29F8YCMErZJUrOel7UCQTWqzN0ioghRM6IQib0mq74cQOQhAbLq9KSezFX0x9cAzQioU4X_q8bb3c=w2000-h1333-no?authuser=0\" width=\"2000\" height=\"1333\" alt=\"Bitki Bah\u00e7esi\" class=\"size-medium\" \/><\/a><figcaption class=\"wp-caption-text\">Bitki Bah\u00e7esi<\/figcaption><\/figure>\n\n        <div class=\"site-blogcard-premium\">\n            <div class=\"bc-label-custom\">\u0130lgili makaleler<\/div>\n            <div class=\"bc-flex-container\">\n                <div class=\"bc-main-text\">\n                    <div class=\"bc-title-link-box\">\n                        <a href=\"https:\/\/morinoseikatsu.org\/yokkuru\" target=\"_blank\">Shimokawa, Hokkaido \u015fehrinde konaklama (otel\/yazl\u0131k) - Mori no Naka Yokuru | NPO Orman Hayat\u0131<\/a>\n                    <\/div>\n                    <div class=\"bc-excerpt-box\">Hokkaido, Kitakami-gun, Shimokawa-cho&#039;da konaklama imkan\u0131. Mutfakla donat\u0131lm\u0131\u015f bu k\u0131r evi, uzun s\u00fcreli konaklamalar i\u00e7in uygundur. Ayr\u0131ca i\u015f oteli olarak da hizmet vermektedir...<\/div>\n                <\/div>\n                <div class=\"bc-thumbnail-box\">\n                    <a href=\"https:\/\/morinoseikatsu.org\/yokkuru\" target=\"_blank\">\n                        <div class=\"bc-img-zoom-wrap\">\n                            <img decoding=\"async\" src=\"https:\/\/morinoseikatsu.org\/wp-content\/themes\/morinoseikatsu2016\/assets\/images\/common\/og_image.jpg\" alt=\"Shimokawa, Hokkaido \u015fehrinde konaklama (otel\/yazl\u0131k) - Mori no Naka Yokuru | NPO Orman Hayat\u0131\">\n                        <\/div>\n                    <\/a>\n                <\/div>\n            <\/div>\n        <\/div>\n\u3000<br \/>\nShimokawa&#039;y\u0131 parlak ve geli\u015fen bir gelece\u011fe sahip b\u00fcy\u00fck bir \u015fehre d\u00f6n\u00fc\u015ft\u00fcrmede eme\u011fi ge\u00e7en herkese en i\u00e7ten \u015f\u00fckranlar\u0131m\u0131 sunmak istiyorum.<br \/>\nDo\u011fayla i\u00e7 i\u00e7e ya\u015fad\u0131\u011f\u0131m\u0131z, hayat\u0131n dola\u015ft\u0131\u011f\u0131 ve her \u015feyin birbirine ba\u011fl\u0131 oldu\u011fu muhte\u015fem Shimokawa kasabas\u0131na s\u0131n\u0131rs\u0131z sevgi, \u015f\u00fckran ve dualar\u0131m\u0131zla. . .<br \/>\n\u3000<\/p>\n<h2>Di\u011fer foto\u011fraflar<\/h2>\n<p><font color=\"#ff9900\">\u25b6<\/font><a href=\"https:\/\/photos.app.goo.gl\/3gnUNqCvgGtcoH7aA\" target=\"_blank\" rel=\"noopener noreferrer\">Shimokawa ve Hokuryu aras\u0131ndaki de\u011fi\u015fim etkinli\u011finden foto\u011fraflar (242 foto\u011fraf) burada mevcuttur &gt;&gt;<\/a><\/p>\n<h2>\u0130lgili makaleler<\/h2>\n\n\u3000\u3000<br \/>\n\u25c7 \u00c7ekim ve kurgu: Noboru Terauchi R\u00f6portaj ve metin: Ikuko Terauchi<br \/>\n\u3000<\/p>\n<h2>Shimokawa Kasabas\u0131<\/h2>\n<blockquote><p><span style=\"font-style:normal\"><a href=\"https:\/\/goo.gl\/maps\/Dk2dsECA6davifit8\" target=\"_blank\" rel=\"noopener noreferrer\"><img decoding=\"async\" style=\"border: solid 1px blue;\" src=\"https:\/\/lh3.googleusercontent.com\/pw\/AM-JKLX9KofQqdqSQHXXU7c2Tq-_vKUtw2dXDI8giDk9N0qmO4Vazx_iCsFWhvNNrsXxut6Km9JORT5YwpgG-6Isk_EgEHinzXxfrCtaPTXWmBWtTA_5Bq6nP3tzXkHliIfG2byE9z6eDQhTrRmyS-bWi6kO=w2186-h1594-no?authuser=0\" alt=\"Harita: Shimokawa Kasabas\u0131\" width=\"250\" class=\"alignleft\"\/><\/a>[Shimokawa Belediye Binas\u0131]<br \/>\n63 Saiwai-cho, Shimokawa-cho, Kamikawa-gun, Hokkaido<br \/>\nTel: 01655-4-2511<br \/>\n[Alan] 644.2k\u33a1<br \/>\nN\u00fcfus: 3.124 ki\u015fi, 1.687 hane<br \/>\n[Turist Say\u0131s\u0131] 2019: 92.390 ki\u015fi (Gomi Onsen, \u00c7in Seddi, vb.)<br \/>\n[Etkinlikler vb.] 2019: 16.200 ki\u015fi (Udon Festivali, Buz Mum M\u00fczesi vb.)<a href=\"https:\/\/www.town.shimokawa.hokkaido.jp\/shoukai\/2021\/04\/2020.html\" rel=\"noopener\" target=\"_blank\">Kasaba \u0130statistikleri El Kitab\u0131ndan (2020 bask\u0131s\u0131)<\/a>&quot;<br \/>\n[Ana Sayfa]<a href=\"https:\/\/www.town.shimokawa.hokkaido.jp\/\" target=\"_blank\" rel=\"noopener noreferrer\">Shimokawa Kasabas\u0131 - Kuzey Hokkaido, heyecan\u0131n do\u011fdu\u011fu kasaba-<\/a><br \/>\n<\/span><\/p><\/blockquote>","protected":false},"excerpt":{"rendered":"<p>\uff12\uff10\uff12\uff11\u5e74\uff11\uff10\u6708\uff12\uff15\u65e5\uff08\u6708\uff09 \u5348\u5f8c\uff12\u6642\u306b\u3001\u4e0b\u5ddd\u753a\u5f79\u5834\u653f\u7b56\u63a8\u9032\u8ab2\u30fb\u4e80\u7530\u614e\u53f8 \u4e3b\u5e79\u3068\u5f85\u3061\u5408\u308f\u305b\u3057\u305f\u3001\u307e\u3061\u304a\u3053\u3057\u30bb\u30f3\u30bf\u30fc\u300c\u30b3\u30e2\u30ec\u30d3\u300d\u3092\u8a2a\u554f\u3002 \u307e\u3061\u304a\u3053\u3057\u30bb\u30f3\u30bf\u30fc\u300c\u30b3\u30e2\u30ec\u30d3\u300d \u300c\u30b3\u30e2\u30ec\u30d3\u300d\u306f\u3001\u30e2\u30ce\u30fb\u30b3\u30c8\u30fb\u30d2\u30c8 [&hellip;]<\/p>\n","protected":false},"author":1,"featured_media":13741,"comment_status":"open","ping_status":"open","sticky":false,"template":"","format":"standard","meta":{"footnotes":""},"categories":[4],"tags":[],"class_list":["post-13655","post","type-post","status-publish","format-standard","has-post-thumbnail","hentry","category-cover-story"],"_links":{"self":[{"href":"https:\/\/portal.hokuryu.info\/tr\/wp-json\/wp\/v2\/posts\/13655","targetHints":{"allow":["GET"]}}],"collection":[{"href":"https:\/\/portal.hokuryu.info\/tr\/wp-json\/wp\/v2\/posts"}],"about":[{"href":"https:\/\/portal.hokuryu.info\/tr\/wp-json\/wp\/v2\/types\/post"}],"author":[{"embeddable":true,"href":"https:\/\/portal.hokuryu.info\/tr\/wp-json\/wp\/v2\/users\/1"}],"replies":[{"embeddable":true,"href":"https:\/\/portal.hokuryu.info\/tr\/wp-json\/wp\/v2\/comments?post=13655"}],"version-history":[{"count":0,"href":"https:\/\/portal.hokuryu.info\/tr\/wp-json\/wp\/v2\/posts\/13655\/revisions"}],"wp:featuredmedia":[{"embeddable":true,"href":"https:\/\/portal.hokuryu.info\/tr\/wp-json\/wp\/v2\/media\/13741"}],"wp:attachment":[{"href":"https:\/\/portal.hokuryu.info\/tr\/wp-json\/wp\/v2\/media?parent=13655"}],"wp:term":[{"taxonomy":"category","embeddable":true,"href":"https:\/\/portal.hokuryu.info\/tr\/wp-json\/wp\/v2\/categories?post=13655"},{"taxonomy":"post_tag","embeddable":true,"href":"https:\/\/portal.hokuryu.info\/tr\/wp-json\/wp\/v2\/tags?post=13655"}],"curies":[{"name":"wp","href":"https:\/\/api.w.org\/{rel}","templated":true}]}}