{"id":13653,"date":"2021-10-25T06:40:40","date_gmt":"2021-10-24T21:40:40","guid":{"rendered":"https:\/\/portal.hokuryu.info\/?p=13653"},"modified":"2021-10-31T09:30:45","modified_gmt":"2021-10-31T00:30:45","slug":"shimokawa-ve-hokuryu-kasabalari-arasindaki-fikir-alisverisi-toplantisi-fikir-alisverisi-toplantisi-bolum-1","status":"publish","type":"post","link":"https:\/\/portal.hokuryu.info\/tr\/13653\/","title":{"rendered":"Shimokawa ve Hokuryu kasabalar\u0131 aras\u0131ndaki fikir al\u0131\u015fveri\u015fi toplant\u0131s\u0131 (fikir al\u0131\u015fveri\u015fi toplant\u0131s\u0131) B\u00f6l\u00fcm 1"},"content":{"rendered":"<p>Pazartesi, 25 Ekim 2021<\/p>\n<p>Bu kez, Shimokawa ve Hokuryu kasabalar\u0131 aras\u0131nda bir fikir al\u0131\u015fveri\u015fi (g\u00f6r\u00fc\u015f al\u0131\u015fveri\u015fi toplant\u0131s\u0131) Terauchi Noboru&#039;nun (Japonya Vakf\u0131&#039;nda Y\u00f6netim Planlama Grubu&#039;nun eski ba\u015fkan\u0131, ayn\u0131 zamanda bir NPO&#039;da g\u00f6rev yapm\u0131\u015f) gen\u00e7 meslekta\u015f\u0131 olan Seki Yu&#039;nun (34 ya\u015f\u0131nda, \u015fu anda Kobayashi Pharmaceutical Co., Ltd.&#039;de Y\u00f6netim Planlama Departman\u0131nda \u00e7al\u0131\u015f\u0131yor) tan\u0131t\u0131lmas\u0131yla m\u00fcmk\u00fcn oldu. Noboru, daha \u00f6nce bir NPO CANPAN Merkezi&#039;nin (Tokyo) ba\u015fkan yard\u0131mc\u0131s\u0131yd\u0131.<\/p>\n<p>Shimokawa Kasabas\u0131, y\u00fcz\u00f6l\u00e7\u00fcm\u00fcn\u00fcn &#039;\u0131 ormanlarla \u00e7evrili olan bir &quot;\u00c7evresel Gelecek \u015eehri&quot;dir (n\u00fcfus yakla\u015f\u0131k 3.200) ve dairesel orman y\u00f6netimini kuran ilk kasabalardan biridir.<\/p>\n<h2>Shimokawa Belediye Binas\u0131<\/h2>\n<figure class=\"wp-caption aligncenter\"><a href=\"https:\/\/photos.google.com\/share\/AF1QipPBGl-8xkJZnHtVXvg0YYrv8yq6w-belMDEHSh7XnyIbBMnaLTOWkQC58y7lu5FZg\/photo\/AF1QipOCnfs3Vq5O-wa0bBEw4idDAdEzIOmI7P9sgBE?key=cUFfZ1FaTmpJZVlneU0xSWVTOURYcGwzUFBLZGtB\" target=\"_blank\" rel=\"noopener\"><img decoding=\"async\" src=\"https:\/\/lh3.googleusercontent.com\/pw\/AM-JKLVtv4p73iSL1SvNeiItF1r_nsb6UXlf0qIca6YmPh87CR6PDB7GytHinjSsmkaTU9l7pZTvs5qC8NWfzbuL-sSGhVn6cwUZ48QVOb-xAtJ6bkIauRipvfEs6IA4iB_2QEn8GtrKGPfihE9kNmOKfmbi=w2000-h1500-no?authuser=0\" width=\"2000\" height=\"1500\" alt=\"Shimokawa Belediye Binas\u0131\" class=\"size-medium\" \/><\/a><figcaption class=\"wp-caption-text\">Shimokawa Belediye Binas\u0131<\/figcaption><\/figure>\n<h2>Bay Seki<\/h2>\n<p>Seki Yu, \u00fcniversite y\u0131llar\u0131nda stajyer olarak Shimokawa&#039;y\u0131 ziyaret etti. Shimokawa&#039;ya hayran olan ve son 13 y\u0131ld\u0131r bu kasabay\u0131 ziyaret eden, buray\u0131 ikinci evi olarak g\u00f6rmeye devam eden biri.<\/p>\n<figure class=\"wp-caption aligncenter\"><a href=\"https:\/\/photos.google.com\/share\/AF1QipPBGl-8xkJZnHtVXvg0YYrv8yq6w-belMDEHSh7XnyIbBMnaLTOWkQC58y7lu5FZg\/photo\/AF1QipPHg1Y5zKKYWW4QxiSlrb8KCMnL9suV0vDMWro?key=cUFfZ1FaTmpJZVlneU0xSWVTOURYcGwzUFBLZGtB\" target=\"_blank\" rel=\"noopener\"><img decoding=\"async\" src=\"https:\/\/lh3.googleusercontent.com\/pw\/AM-JKLU-cvO9QdoKpdWGS3pdN606ajC7ppYjjhJUfUX5X4ya4LzVj6SLtASqiS6dV-GToDphxaT7bOO52DZs5NAdstbFFEtUqVBCvCo_J-s2AnlEzc-Vk8pipWGPHxhJxiAMducLBUV68Kzs23rn89dP6CWF=w2000-h1333-no?authuser=0\" width=\"2000\" height=\"1333\" alt=\"Bay Seki\" class=\"size-medium\" \/><\/a><figcaption class=\"wp-caption-text\">Bay Seki<\/figcaption><\/figure>\n<p>Seki, \u015fu anda Kobayashi Pharmaceutical Co., Ltd.&#039;de Kurumsal Planlama Departman\u0131nda \u00e7al\u0131\u015f\u0131yor ve s\u00fcrd\u00fcr\u00fclebilirlik y\u00f6netiminin te\u015fvik edilmesinden sorumlu. Bu \u00e7al\u0131\u015fma bi\u00e7iminin bir g\u00f6stergesi olarak, &quot;Shimokawa Kasabas\u0131nda Uzaktan \u00c7al\u0131\u015fma ve Topluma Katk\u0131&quot; \u00f6nerisi planland\u0131 ve onayland\u0131; bunun sonucunda Shimokawa Kasabas\u0131nda iki ayl\u0131k bir \u00e7al\u0131\u015fma tatili d\u00fczenlendi. Bu \u00e7al\u0131\u015fma d\u00f6neminde Shimokawa Kasabas\u0131 ile Hokuryu Kasabas\u0131 aras\u0131nda de\u011fi\u015fim fikri ortaya at\u0131ld\u0131 ve uygulamaya konuldu.<\/p>\n<h2>Shimokawa ve Hokuryu kasabalar\u0131 aras\u0131nda g\u00f6r\u00fc\u015f al\u0131\u015fveri\u015fi<\/h2>\n<p>Programda o g\u00fcn saat 10:00&#039;da Shimokawa Belediye Binas\u0131&#039;n\u0131 ziyaret edip konferans salonunda fikir al\u0131\u015fveri\u015finde bulunmak vard\u0131.<\/p>\n<h3>Shimokawa Belediye Binas\u0131 Politika Tan\u0131t\u0131m B\u00f6l\u00fcm\u00fc<\/h3>\n<p>Shimokawa Kasabas\u0131ndan kat\u0131l\u0131mc\u0131lar Politika Destekleme B\u00f6l\u00fcm\u00fc \u015eefi Tamura Yasuji, \u015eef Kameda Shinji, Ba\u015f Katip Endo Tatsunobu, Shimizu Hitomi ve Seki Yu idi.<\/p>\n<figure class=\"wp-caption aligncenter\"><a href=\"https:\/\/photos.google.com\/share\/AF1QipPBGl-8xkJZnHtVXvg0YYrv8yq6w-belMDEHSh7XnyIbBMnaLTOWkQC58y7lu5FZg\/photo\/AF1QipNrdlLzUFuugXgwRMNUly_8mlUvh3TVHfPZvcQ?key=cUFfZ1FaTmpJZVlneU0xSWVTOURYcGwzUFBLZGtB\" target=\"_blank\" rel=\"noopener\"><img decoding=\"async\" src=\"https:\/\/lh3.googleusercontent.com\/pw\/AM-JKLWWtjsC3mJSSlk6bVf5_6zie6dL_6WYbfZ8CnM49VyDUJsF3Y5S5Ylz8oRSwlylsCMXSM13pCkeXMIflV-_tuL-TvT_tyiC0D5rEgmYxAts2DCbgHwZ5aDVfwqytrs79R-5J-z6DDyKnWqIv3fJVPO4=w2000-h1500-no?authuser=0\" width=\"2000\" height=\"1500\" alt=\"Politika Tan\u0131t\u0131m B\u00f6l\u00fcm\u00fc personeli\" class=\"size-medium\" \/><\/a><figcaption class=\"wp-caption-text\">Politika Tan\u0131t\u0131m B\u00f6l\u00fcm\u00fc personeli<\/figcaption><\/figure>\n<h3>Noboru Terauchi, Hokuryu Kasabas\u0131ndan bir k\u00f6y destek\u00e7isi<\/h3>\n<p>Hokuryu Kasabas\u0131&#039;ndaki bir k\u00f6y destek\u00e7isi olan Terauchi Noboru kendini Hokuryu Kasabas\u0131 olarak tan\u0131tt\u0131 ve Hokuryu Kasabas\u0131 Portal\u0131&#039;n\u0131n faaliyetlerini anlatt\u0131.<\/p>\n<ol>\n<li><b>D\u00fc\u015f\u00fcncelerimiz<\/b><br \/>\n&quot;Hokuryu halk\u0131n\u0131n parlak ve enerjik bir \u015fekilde ya\u015famas\u0131 i\u00e7in&quot;<br \/>\n\u30fbBilgi yayma \u21d2 Duygu ve sevin\u00e7 payla\u015f\u0131m\u0131 \u21d2 Destek ve cesaretlendirme \u30fbBilgi yayma, Hokuryu halk\u0131n\u0131n benimsedi\u011fi ya\u015fam bi\u00e7imine \u0131\u015f\u0131k tutmakla ilgilidir.<br \/>\n\u30fbAyn\u0131 duygular\u0131 ve ne\u015feyi payla\u015fan insanlarla ba\u011flant\u0131 kurun<br \/>\n- Her g\u00fcn nab\u0131z gibi atan, canl\u0131 bilgiler sunuyoruz<\/li>\n<li><b>Hokuryu Kasaba Portal\u0131na Genel Bak\u0131\u015f<\/b><br \/>\n\u30fbY\u0131ll\u0131k planlar haz\u0131rlay\u0131n<br \/>\n\u30fbHokuryu Kasabas\u0131ndan g\u00fcnl\u00fck olarak g\u00fcncellenen manzaralar<br \/>\n\u30fbAy\u00e7i\u00e7e\u011fi Festivali s\u00fcresince her g\u00fcn ay\u00e7i\u00e7e\u011fi \u00e7i\u00e7eklenme durumu yay\u0131nlanacakt\u0131r.<br \/>\n\u30fbHer ay birka\u00e7 \u015fehir konusunun tan\u0131t\u0131lmas\u0131<br \/>\n\u30fbHer g\u00fcn kasabal\u0131lar\u0131n Facebook ve Instagram payla\u015f\u0131mlar\u0131n\u0131 tan\u0131t\u0131yoruz<br \/>\n\u30fbHokuryu Kasabas\u0131 ile ilgili haberlerin tan\u0131t\u0131m\u0131<\/li>\n<li><b>Hokuryu Kasabas\u0131 Manzaras\u0131<\/b>(YouTube video g\u00f6sterimi)<br \/>\n\u30fb<a href=\"https:\/\/youtu.be\/WdOEJOetTTs\" rel=\"noopener\" target=\"_blank\">Hokuryu Kasabas\u0131nda son 10 y\u0131ld\u0131r minnettar\u0131m<\/a><br \/>\n\u30fb<a href=\"https:\/\/youtu.be\/2FUMZ2IzKnM\" rel=\"noopener\" target=\"_blank\">Hokuryu&#039;nun d\u00f6rt mevsimi<\/a><\/li>\n<\/ol>\n<figure class=\"wp-caption aligncenter\"><a href=\"https:\/\/photos.google.com\/share\/AF1QipPBGl-8xkJZnHtVXvg0YYrv8yq6w-belMDEHSh7XnyIbBMnaLTOWkQC58y7lu5FZg\/photo\/AF1QipNiD2-zNoyvLahzRe0zNW7Vbwim1oTVBgxjoy8?key=cUFfZ1FaTmpJZVlneU0xSWVTOURYcGwzUFBLZGtB\" target=\"_blank\" rel=\"noopener\"><img decoding=\"async\" src=\"https:\/\/lh3.googleusercontent.com\/pw\/AM-JKLVIHUN8AC7xRAw_yQuLO_KkROsbaIexajrfLsfHsFdK4AM_KC8EWk8VrRWBSRMUHUk7E-Y44D7tGeOyARVMkoWwDij-yF6IySon0768L8i81ssgSNr-MXRrUcy2HhuOclbNYTXG0x5KQymC2HMK475E=w2000-h1500-no?authuser=0\" width=\"2000\" height=\"1500\" alt=\"Noboru Terauchi, Hokuryu Kasabas\u0131 Ge\u00e7itini anlat\u0131yor\" class=\"size-medium\" \/><\/a><figcaption class=\"wp-caption-text\">Noboru Terauchi, Hokuryu Kasabas\u0131 Ge\u00e7itini anlat\u0131yor<\/figcaption><\/figure>\n<p>&quot;Bilgi g\u00f6nderdi\u011fimizde, duygular\u0131m\u0131z\u0131 ne kadar iletebilece\u011fimize b\u00fcy\u00fck \u00f6nem veriyoruz. Bizimle ayn\u0131 duygular\u0131 payla\u015fan insanlarla ba\u011flant\u0131 kurmay\u0131 umuyoruz.<\/p>\n<p>Hayat\u0131m\u0131z\u0131 bize veren Hokuryu Kasabas\u0131&#039;na olan sevgimizi aktarabilmeyi umuyoruz ve zihnimiz ve bedenimiz i\u015flevini g\u00f6rd\u00fc\u011f\u00fc s\u00fcrece bilgi yaymaya devam edece\u011fiz.<\/p>\n<p>&quot;Bilgi alan ki\u015filerin kendilerini ne\u015feli ve mutlu hissetmelerini sa\u011flayacak bilgiler sunmaya \u00e7al\u0131\u015f\u0131yoruz.&quot;<\/p>\n<h3>g\u00f6r\u00fc\u015f al\u0131\u015fveri\u015fi<\/h3>\n<p>Daha sonra personel, birbirlerinin \u015fehirlerindeki mevcut durum ve giri\u015fimler hakk\u0131nda fikir al\u0131\u015fveri\u015finde bulundu.<\/p>\n<figure class=\"wp-caption aligncenter\"><a href=\"https:\/\/photos.google.com\/share\/AF1QipPBGl-8xkJZnHtVXvg0YYrv8yq6w-belMDEHSh7XnyIbBMnaLTOWkQC58y7lu5FZg\/photo\/AF1QipMmPDrZQrx38FjTfuN7uugqhV29PaKJxQB7Vkw?key=cUFfZ1FaTmpJZVlneU0xSWVTOURYcGwzUFBLZGtB\" target=\"_blank\" rel=\"noopener\"><img decoding=\"async\" src=\"https:\/\/lh3.googleusercontent.com\/pw\/AM-JKLU6Fm1SEsEZieQrdgEvrk58QfaFCyzXKSmvdHwdpO5e4rJEbWfo1yA6kTYPPnAAh06wPMc0gM7eYzcUti5FuPFfCgh5z3sTtyiVXdwWKV1EGx4zZe0M-4mjfhpQb2DhanYsHwCRyzs0AMaOuGpEFQdf=w901-h676-no?authuser=0\" width=\"901\" height=\"676\" alt=\"g\u00f6r\u00fc\u015f al\u0131\u015fveri\u015fi\" class=\"size-medium\" \/><\/a><figcaption class=\"wp-caption-text\">g\u00f6r\u00fc\u015f al\u0131\u015fveri\u015fi<\/figcaption><\/figure>\n<ul>\n<li>Hokuryu Kent Portal\u0131\u2019n\u0131n ay\u0131rt edici bir \u00f6zelli\u011fi de s\u0131k ve s\u00fcrekli olarak bilgi sa\u011flamas\u0131d\u0131r. Bu bilgilendirmenin kasaba halk\u0131n\u0131n y\u00fcz\u00fcn\u00fc g\u00fcld\u00fcrd\u00fc\u011f\u00fcn\u00fc hissettim.\n<li>\n<li>Hokuryu Kasabas\u0131&#039;n\u0131 duymak bile orada ya\u015famay\u0131 istememe sebep oluyor.\n<li>\n<li>Daha \u00f6nce memleketimin vergi ba\u011f\u0131\u015flar\u0131na destek mesajlar\u0131 eklemek dikkatimi \u00e7ekmemi\u015fti ve bunu gelecekte de yapmak istiyorum. Memleket vergisi yoluyla yap\u0131lan ba\u011f\u0131\u015flar\u0131n nas\u0131l kullan\u0131ld\u0131\u011f\u0131na ili\u015fkin konsolide bir rapor sunma konusunda g\u00fc\u00e7l\u00fc bir istek var. Ald\u0131\u011f\u0131m\u0131z destek mesajlar\u0131n\u0131 kasaba halk\u0131na iletebilirsek, onlar\u0131n tutumlar\u0131 de\u011fi\u015febilir.\n<li>\n<li>&quot;Hokuryu Kasaba Portal\u0131 Sitesini m\u00fcmk\u00fcn oldu\u011funca \u00e7ok say\u0131da kasabal\u0131ya eri\u015filebilir k\u0131lmak i\u00e7in hangi y\u00f6ntemleri kullan\u0131yorsunuz?&quot; sorusuna yan\u0131t olarak\n<p>Kasabam\u0131z\u0131n bir k\u0131sm\u0131, ya\u015fl\u0131lar\u0131m\u0131z da dahil olmak \u00fczere, internete eri\u015fim imk\u00e2n\u0131na sahip de\u011fil. Bu nedenle, mahalle dernekleri, ya\u015fl\u0131lar kul\u00fcb\u00fc ve toplum destek merkezleri toplant\u0131lar\u0131 gibi etkinliklerde f\u0131rsat bulduk\u00e7a projekt\u00f6r\u00fcm\u00fc yan\u0131ma al\u0131p Kitary\u016b Kasaba Portal\u0131&#039;ndaki \u00f6zel makaleleri ve etkinlik bilgilerini d\u00fczenli olarak a\u00e7\u0131klamaya devam ediyorum. A\u00e7\u0131klamay\u0131 dinleyen herkes \u015fa\u015f\u0131r\u0131yor ve &quot;\u015eehirde b\u00f6yle bir \u015fey mi oldu? Benim haberim yoktu!&quot; diyor.<\/p>\n<li>\n<li>Hokuryu kasabas\u0131 halk\u0131n\u0131n g\u00fcl\u00fcmseyen y\u00fczlerini ve evcil hayvanlar\u0131n\u0131n foto\u011fraflar\u0131n\u0131 seviyorum.\n<li>\n<li>D\u00fc\u015f\u00fcncelerinizi ileten bilgi yay\u0131l\u0131m\u0131d\u0131r.\n<li>\n<li>Hokuryu Kasabas\u0131 Portal\u0131na bakt\u0131\u011f\u0131mda, Hokuryu Kasabas\u0131 halk\u0131n\u0131n kasabay\u0131 geli\u015ftirmek i\u00e7in \u00e7abalar\u0131nda birlik oldu\u011funu g\u00f6rebiliyorum.<\/li>\n<figure class=\"wp-caption aligncenter\"><a href=\"https:\/\/photos.google.com\/share\/AF1QipPBGl-8xkJZnHtVXvg0YYrv8yq6w-belMDEHSh7XnyIbBMnaLTOWkQC58y7lu5FZg\/photo\/AF1QipPcQgfMqcBeF4_EV2GtKf0h0lubw_-Bs25Hng8?key=cUFfZ1FaTmpJZVlneU0xSWVTOURYcGwzUFBLZGtB\" target=\"_blank\" rel=\"noopener\"><img decoding=\"async\" src=\"https:\/\/lh3.googleusercontent.com\/pw\/AM-JKLUHuapLGjsm3DudZVDABOPFD-0A5Aw9Wdv2hweLV0JlHwTxl8xy9iSgW3AE1NrVpYyttV6i64XChbCBFRD72x9yl9JR9TJXapEn3ouunpkkwJwa8vTXKv7MFzMdi19yauk20bJGwzMzvoHuOl0pt1aX=w960-h720-no?authuser=0\" width=\"960\" height=\"720\" alt=\"D\u00fc\u015f\u00fcncelerimizin her birini bir araya getirmek. . .\" class=\"size-medium\" \/><\/a><figcaption class=\"wp-caption-text\">D\u00fc\u015f\u00fcncelerimizin her birini bir araya getirmek. . .<\/figcaption><\/figure>\n<h2>Belediye binas\u0131 lobisi<\/h2>\n<p>G\u00f6r\u00fc\u015f al\u0131\u015fveri\u015finin ard\u0131ndan Seki, belediye binas\u0131 lobisinde sergilenen testere sanat\u0131 ve Shimokawa kasabas\u0131n\u0131n y\u00f6resel lezzetleri hakk\u0131nda bize bilgi verdi.<\/p>\n<h3>Testere Sanat\u0131<\/h3>\n<figure class=\"wp-caption aligncenter\"><a href=\"https:\/\/photos.google.com\/share\/AF1QipPBGl-8xkJZnHtVXvg0YYrv8yq6w-belMDEHSh7XnyIbBMnaLTOWkQC58y7lu5FZg\/photo\/AF1QipMtWv1mkEm-dPHBwkY4Y8nROoXJu9fJRZyCL4Y?key=cUFfZ1FaTmpJZVlneU0xSWVTOURYcGwzUFBLZGtB\" target=\"_blank\" rel=\"noopener\"><img decoding=\"async\" src=\"https:\/\/lh3.googleusercontent.com\/pw\/AM-JKLWWzWmmvjE7HjVnMhAfxwqRJZTAdMBjrRQgKQQUq6ige-NGv4T5EqTZHvj1eylkjcIaYd71IMd6v1Nd-GFkbgkejfMApludvd-3-wL9s0HcHkxRAQuCuho59dD6vdrF6pLluiv7U2k3obqBLgTDahjX=w2000-h1333-no?authuser=0\" width=\"2000\" height=\"1333\" alt=\"Testere Sanat\u0131\" class=\"size-medium\" \/><\/a><figcaption class=\"wp-caption-text\">Testere Sanat\u0131<\/figcaption><\/figure>\n<h3>En \u0130yi 15 Memleket Vergi \u0130adesi Hediyesi<\/h3>\n<p>Haruyutaka bu\u011fday unu, ku\u015fkonmaz (beyaz ve ye\u015fil), domates suyu, Shimokawa udon, shiitake mantar\u0131, Haruka Sekiz (kiraz domates), Yukifuri pudingi, Shimokawa Roku\u25cb enzim yumurtalar\u0131, s\u00fcper meyve domatesi &quot;Kuzeyin Kutbu&quot;, \u00f6zel yap\u0131m masalar, Gomi Onsen, beyaz hu\u015f a\u011fac\u0131 kartvizitleri ve Japon k\u00f6knar a\u011fac\u0131 kartvizit arkal\u0131klar\u0131.<\/p>\n<figure class=\"wp-caption aligncenter\"><a href=\"https:\/\/photos.google.com\/share\/AF1QipPBGl-8xkJZnHtVXvg0YYrv8yq6w-belMDEHSh7XnyIbBMnaLTOWkQC58y7lu5FZg\/photo\/AF1QipM7SFTMaiEf99qtWVXo01D5hKUKrRCURbByUDk?key=cUFfZ1FaTmpJZVlneU0xSWVTOURYcGwzUFBLZGtB\" target=\"_blank\" rel=\"noopener\"><img decoding=\"async\" src=\"https:\/\/lh3.googleusercontent.com\/pw\/AM-JKLWa_k2B6MBRh3KzRhQTWOqL4N0nsIsk6rGoskDyawynD1-UbPZ2JL4CO5DMUnxddjXeUXODKKUxqGA2i2KIu9bCSWg6OuusR9pAPNurUsBTnUZbsaTTpylqSG3jRbsZfnY5fySlNvVSXAtABoyK_nci=w2000-h1333-no?authuser=0\" width=\"2000\" height=\"1333\" alt=\"En \u0130yi 15 Memleket Vergi \u0130adesi Hediyesi\" class=\"size-medium\" \/><\/a><figcaption class=\"wp-caption-text\">En \u0130yi 15 Memleket Vergi \u0130adesi Hediyesi<\/figcaption><\/figure>\n<h3>Shimokawa&#039;da ge\u00e7en &quot;Restart&quot; filminin foto\u011fraf sergisi<\/h3>\n<figure class=\"wp-caption aligncenter\"><a href=\"https:\/\/photos.google.com\/share\/AF1QipPBGl-8xkJZnHtVXvg0YYrv8yq6w-belMDEHSh7XnyIbBMnaLTOWkQC58y7lu5FZg\/photo\/AF1QipPI1qflyGJ6GXYHfdEWrsXl1-eqHRKgNH3s0B8?key=cUFfZ1FaTmpJZVlneU0xSWVTOURYcGwzUFBLZGtB\" target=\"_blank\" rel=\"noopener\"><img decoding=\"async\" src=\"https:\/\/lh3.googleusercontent.com\/pw\/AM-JKLXkZ-CeuEbNtppMxCQTu3BsvuHCRpPuM9TU3QC8BscnIvInSJVvRrlpt3txUKBLW9pvT6A2GMit7Lv6ra_aBTu8pT27WHqgByJrTRQmLXzPjZC6yCx5wBOisvTFMS26I21ySRX8-rHxIJcUyQ53lksg=w2000-h1333-no?authuser=0\" width=\"2000\" height=\"1333\" alt=\"&quot;Yeniden Ba\u015fla&quot; filminin foto\u011fraf sergisi\" class=\"size-medium\" \/><\/a><figcaption class=\"wp-caption-text\">&quot;Yeniden Ba\u015fla&quot; filminin foto\u011fraf sergisi<\/figcaption><\/figure>\n<h3>Belediye Binas\u0131 Genel Penceresi<\/h3>\n<figure class=\"wp-caption aligncenter\"><a href=\"https:\/\/photos.google.com\/share\/AF1QipPBGl-8xkJZnHtVXvg0YYrv8yq6w-belMDEHSh7XnyIbBMnaLTOWkQC58y7lu5FZg\/photo\/AF1QipMaXeKzOx34F_T4YQJnyXCySX7YRrm7JwSFD-g?key=cUFfZ1FaTmpJZVlneU0xSWVTOURYcGwzUFBLZGtB\" target=\"_blank\" rel=\"noopener\"><img decoding=\"async\" src=\"https:\/\/lh3.googleusercontent.com\/pw\/AM-JKLV8eH99DaNbnA7S0iQJmsOMyJSxnT1sJgD2V9GQgYxiQYztLcn-k_xrQoeExjysq_lU2D44DZIS44JHnocYi5uOtzCQ-PdsWoOV7tTSmrUfxsh_0KLE4iQ-akqITyzp9WYU_UGAHV4ykYCQgBiQRKhU=w2000-h1333-no?authuser=0\" width=\"2000\" height=\"1333\" alt=\"Belediye Binas\u0131 Genel Penceresi\" class=\"size-medium\" \/><\/a><figcaption class=\"wp-caption-text\">Belediye Binas\u0131 Genel Penceresi<\/figcaption><\/figure>\n<h3>Yay Kasabas\u0131 Shimokawa (Giri\u015f paspas\u0131)<\/h3>\n<figure class=\"wp-caption aligncenter\"><a href=\"https:\/\/photos.google.com\/share\/AF1QipPBGl-8xkJZnHtVXvg0YYrv8yq6w-belMDEHSh7XnyIbBMnaLTOWkQC58y7lu5FZg\/photo\/AF1QipORaF-MknIUEpTaNkWy4JcsDr1DCALd4bcie00?key=cUFfZ1FaTmpJZVlneU0xSWVTOURYcGwzUFBLZGtB\" target=\"_blank\" rel=\"noopener\"><img decoding=\"async\" src=\"https:\/\/lh3.googleusercontent.com\/pw\/AM-JKLU8QcwWfHEEjO9C5FbNccRGmHRhsO3GRo4G7ILcxobiVk7GfRqeXN3m7Xk-W8NQYQ_3U0ynFy-IrzY97D-B2KegMkiQ21ygdpjyEC4guH4xc4dErtANB6ixI6XUVzjd8bIQysnFJPu7SIMXXBetsb_P=w2000-h1333-no?authuser=0\" width=\"2000\" height=\"1333\" alt=\"Yay Kasabas\u0131 Shimokawa (Giri\u015f paspas\u0131)\" class=\"size-medium\" \/><\/a><figcaption class=\"wp-caption-text\">Yay Kasabas\u0131 Shimokawa (Giri\u015f paspas\u0131)<\/figcaption><\/figure>\n<h2>\u00d6\u011fle Yeme\u011fi: Harukoro Cafe<\/h2>\n<p>\u00d6\u011fle yeme\u011fi i\u00e7in Maru Sasaki&#039;nin i\u00e7indeki bilgi kafesinde bulunan Harukoro Cafe&#039;ye gittik. Shimokawa kasabas\u0131nda 12 y\u0131ld\u0131r ya\u015fayan nazik Mama Kinuyo&#039;nun sevgiyle haz\u0131rlad\u0131\u011f\u0131, Shimokawa udonuyla yap\u0131lan Bat\u0131 tarz\u0131 makarnalar \u00e7ok pop\u00fcler!<\/p>\n<figure class=\"wp-caption aligncenter\"><a href=\"https:\/\/photos.google.com\/share\/AF1QipPBGl-8xkJZnHtVXvg0YYrv8yq6w-belMDEHSh7XnyIbBMnaLTOWkQC58y7lu5FZg\/photo\/AF1QipOtu2lCoHk4qTyITuHYYl069lgNknaxgHyHBbs?key=cUFfZ1FaTmpJZVlneU0xSWVTOURYcGwzUFBLZGtB\" target=\"_blank\" rel=\"noopener\"><img decoding=\"async\" src=\"https:\/\/lh3.googleusercontent.com\/pw\/AM-JKLU5JnrmL_v02qdSHgvlqXJzW-WTd1oohU3NrmBprCG2P19K2DFNT0bE4WUAuOupCm89WXuuWjUHrOVRonS8gjyrQKOJwQZ_Ol0mrAO70vHs0gM-SlANBbDr7F1nHpfwlxKrPhRpbi8jLOhQozgcMBTB=w2000-h1333-no?authuser=0\" width=\"2000\" height=\"1333\" alt=\"&quot;Harukoro Kafe&quot;\" class=\"size-medium\" \/><\/a><figcaption class=\"wp-caption-text\">&quot;Harukoro Kafe&quot;<\/figcaption><\/figure>\n<h3>Bah\u00e7ede ah\u015fap masalar ve sandalyeler kuruldu<\/h3>\n<figure class=\"wp-caption aligncenter\"><a href=\"https:\/\/photos.google.com\/share\/AF1QipPBGl-8xkJZnHtVXvg0YYrv8yq6w-belMDEHSh7XnyIbBMnaLTOWkQC58y7lu5FZg\/photo\/AF1QipPdet0OUFftXc86LIgskjLB1GDckYoROyU3ptQ?key=cUFfZ1FaTmpJZVlneU0xSWVTOURYcGwzUFBLZGtB\" target=\"_blank\" rel=\"noopener\"><img decoding=\"async\" src=\"https:\/\/lh3.googleusercontent.com\/pw\/AM-JKLVUEGbuOIMXl4eALLhwXjtb-0W1-NL52fn8HSr2qGImJGUIu2xFhb3bSH1qIPhC8ObmUk8Godn065LFLrL4zBKqmyCDD9a1gYVZRgaErKSusxji6ckLGEkmFW2OJt8uXrifwpiYfLrrMuVD9OCyDa12=w2000-h1333-no?authuser=0\" width=\"2000\" height=\"1333\" alt=\"\u015eirin bir bah\u00e7e\" class=\"size-medium\" \/><\/a><figcaption class=\"wp-caption-text\">\u015eirin bir bah\u00e7e<\/figcaption><\/figure>\n<h3>men\u00fc<\/h3>\n<h4>Shimokawa Udon<\/h4>\n<p>Taze eri\u015ftelerden yap\u0131lan Shimokawa udon&#039;u \u00e7ok pop\u00fcler! Beyaz soslu udon, k\u00f6rili udon, Shimokawa domates soslu udon, sebzeli tempura udon vb.<\/p>\n<figure class=\"wp-caption aligncenter\"><a href=\"https:\/\/photos.google.com\/share\/AF1QipPBGl-8xkJZnHtVXvg0YYrv8yq6w-belMDEHSh7XnyIbBMnaLTOWkQC58y7lu5FZg\/photo\/AF1QipP_Xy_ibnA8auLvpTW9ZEcs_fq5brSV2J0xK0I?key=cUFfZ1FaTmpJZVlneU0xSWVTOURYcGwzUFBLZGtB\" target=\"_blank\" rel=\"noopener\"><img decoding=\"async\" src=\"https:\/\/lh3.googleusercontent.com\/pw\/AM-JKLViKRGlDqISQsHT6ptBnfZydyeAnsi_G_Gb4Urmp0KgZ9PgLiv2Juc-3I9U3pxL0WtdZrCC-BfmpjXU8dquSS_sUxPucyxpbj8kKp9nxcUVLZQJqSn6dFHHPKSLgxYnwUP5Hn8Fi_v3EdjImK3UiMq6=w2000-h1333-no?authuser=0\" width=\"2000\" height=\"1333\" alt=\"Men\u00fc Panosu\" class=\"size-medium\" \/><\/a><figcaption class=\"wp-caption-text\">Men\u00fc Panosu<\/figcaption><\/figure>\n<h3>Bahar ekme\u011fi seti<\/h3>\n<p>\u00dc\u00e7 malzemeli ev yap\u0131m\u0131 ekmek (bal, tereya\u011f\u0131, k\u0131rm\u0131z\u0131 fasulye ezmesi, so\u011fan miso ve taze krema).<\/p>\n<figure class=\"wp-caption aligncenter\"><a href=\"https:\/\/photos.google.com\/share\/AF1QipPBGl-8xkJZnHtVXvg0YYrv8yq6w-belMDEHSh7XnyIbBMnaLTOWkQC58y7lu5FZg\/photo\/AF1QipN58I7HnYPIG5QBr7hQq5Vr6w3lPECzR7dfcTE?key=cUFfZ1FaTmpJZVlneU0xSWVTOURYcGwzUFBLZGtB\" target=\"_blank\" rel=\"noopener\"><img decoding=\"async\" src=\"https:\/\/lh3.googleusercontent.com\/pw\/AM-JKLVMMMcHcJJmoo5s5J8KFupXDAVN9-m0W00soeRK14CsqTP7-z2pA3bS38q3TPq1nHGAqBq3-zcBx7egQvvUZz7qHynOdvxbpjBrbpJpAkjJweCD1Eig6bJjU6GSPLITZVZGxA3rZXzc7rMaKXEpkbcx=w2000-h1333-no?authuser=0\" width=\"2000\" height=\"1333\" alt=\"Bahar ekme\u011fi seti\" class=\"size-medium\" \/><\/a><figcaption class=\"wp-caption-text\">Bahar ekme\u011fi seti<\/figcaption><\/figure>\n<h3>Kinuyo Mama&#039;n\u0131n D\u00fc\u015f\u00fcncelili\u011fi<\/h3>\n<p>Mama Kinuyo&#039;nun nazik ilgisi sayesinde, taze pi\u015fmi\u015f ev yap\u0131m\u0131 focaccia ve bal\u0131n (Shimokawa bal\u0131) tad\u0131n\u0131 \u00e7\u0131karabildik!<\/p>\n<figure class=\"wp-caption aligncenter\"><a href=\"https:\/\/photos.google.com\/share\/AF1QipPBGl-8xkJZnHtVXvg0YYrv8yq6w-belMDEHSh7XnyIbBMnaLTOWkQC58y7lu5FZg\/photo\/AF1QipPr7XH663AFihLpqH1V9NcEqt3Vv0Ceu8zrgo4?key=cUFfZ1FaTmpJZVlneU0xSWVTOURYcGwzUFBLZGtB\" target=\"_blank\" rel=\"noopener\"><img decoding=\"async\" src=\"https:\/\/lh3.googleusercontent.com\/pw\/AM-JKLXnV4l4UGfXI_1ox7PMdahogl0CgjS4YYiT3_OqylY0dtkY9WVHepOx4A_877jBFLtKVuzlZGH7fyli5gqWsmMjRkbkfdnwY1pFMxY8qG5IGU-XtUosLJpFZ7g4DW51pcyE2Ka26ZaP4P-D03NeARq9=w2000-h1333-no?authuser=0\" width=\"2000\" height=\"1333\" alt=\"Taze pi\u015fmi\u015f ev yap\u0131m\u0131 focaccia ve bal!\" class=\"size-medium\" \/><\/a><figcaption class=\"wp-caption-text\">Taze pi\u015fmi\u015f ev yap\u0131m\u0131 focaccia ve bal!<\/figcaption><\/figure>\n<h3>Bug\u00fcn\u00fcn Sipari\u015fi<\/h3>\n<h4>S\u0131cak domates soslu udon eri\u015ftesi, enoki mantar cipsi ve ha\u015flanm\u0131\u015f sebzeler<\/h4>\n<figure class=\"wp-caption aligncenter\"><a href=\"https:\/\/photos.google.com\/share\/AF1QipPBGl-8xkJZnHtVXvg0YYrv8yq6w-belMDEHSh7XnyIbBMnaLTOWkQC58y7lu5FZg\/photo\/AF1QipMSCIdcUJMtprxGmT2oR6vb3FPWPVV2vJ669-M?key=cUFfZ1FaTmpJZVlneU0xSWVTOURYcGwzUFBLZGtB\" target=\"_blank\" rel=\"noopener\"><img decoding=\"async\" src=\"https:\/\/lh3.googleusercontent.com\/pw\/AM-JKLVRsnXGggCuDwiMLOtW2RqQyjEqI42tpcaOyE25J-v7x6GDejKbZVeQty6Fa1bXvrDrUfhvvtkzLRZX19UxJXmfKuLfQ4ebpPf6hzCtQ3NPWTKxnYlyLp03sLAdlDbtdHzIknyZ5UPcTRnmRdNDvpgX=w2000-h1500-no?authuser=0\" width=\"2000\" height=\"1500\" alt=\"S\u0131cak domates soslu udon eri\u015ftesi, enoki mantar cipsi ve ha\u015flanm\u0131\u015f sebzeler\" class=\"size-medium\" \/><\/a><figcaption class=\"wp-caption-text\">S\u0131cak domates soslu udon eri\u015ftesi, enoki mantar cipsi ve ha\u015flanm\u0131\u015f sebzeler<\/figcaption><\/figure>\n<h4>Beyaz Soslu Udon<\/h4>\n<figure class=\"wp-caption aligncenter\"><a href=\"https:\/\/photos.google.com\/share\/AF1QipPBGl-8xkJZnHtVXvg0YYrv8yq6w-belMDEHSh7XnyIbBMnaLTOWkQC58y7lu5FZg\/photo\/AF1QipPVyauA2sj_2zTyL3nK-xKttp-NWdP2ATQjq7M?key=cUFfZ1FaTmpJZVlneU0xSWVTOURYcGwzUFBLZGtB\" target=\"_blank\" rel=\"noopener\"><img decoding=\"async\" src=\"https:\/\/lh3.googleusercontent.com\/pw\/AM-JKLWncK7d3I0YiIGhjtDHmkBJzhbstGsVVnOgmEzqvgFId6zpX97xoLcN9kJKXHAOBUS4xbY_QkKlb7KdQrKSwApEQpzqPiu_5l5cqMm-I5ZRWC5cgWQqKYZISdMvheEQ0WC8vYZtyUAzEvBqSzBzipCl=w2000-h1500-no?authuser=0\" width=\"2000\" height=\"1500\" alt=\"Beyaz Soslu Udon\" class=\"size-medium\" \/><\/a><figcaption class=\"wp-caption-text\">Beyaz Soslu Udon<\/figcaption><\/figure>\n<p>Domates soslu udon ve beyaz soslu udon \u00e7ok lezzetliydi. Yemek i\u00e7in te\u015fekk\u00fcrler! ! !<\/p>\n<h3>Ma\u011fazan\u0131n raflar\u0131nda s\u0131ralanm\u0131\u015f yerel hediyelik e\u015fyalar<\/h3>\n<h4>Shimokawa bal\u0131, Shimokawa bu\u011fday\u0131 Haruyutaka 0 udon eri\u015ftesi vb.<\/h4>\n<figure class=\"wp-caption aligncenter\"><a href=\"https:\/\/photos.google.com\/share\/AF1QipPBGl-8xkJZnHtVXvg0YYrv8yq6w-belMDEHSh7XnyIbBMnaLTOWkQC58y7lu5FZg\/photo\/AF1QipPLRXUw53qXmSJHdLq6UBmiDljV5SplpBeDj_s?key=cUFfZ1FaTmpJZVlneU0xSWVTOURYcGwzUFBLZGtB\" target=\"_blank\" rel=\"noopener\"><img decoding=\"async\" src=\"https:\/\/lh3.googleusercontent.com\/pw\/AM-JKLVay9VADUrlSCmX6GdZYoYLfE-1Yrlk62e4rki01WoRSzx0bcwcho9CxPocmLxvc8ecJuBrNAqEzm91TTAob7JwTt3fqwzN6XCyI4exr7fWT9hB8J0r2UrQYNkEjEQBcVbYOaUuV52DwwSfxpPz9LDL=w2000-h1333-no?authuser=0\" width=\"2000\" height=\"1333\" alt=\"Shimokawa Kasabas\u0131&#039;n\u0131n spesiyaliteleriyle dolu raflar\" class=\"size-medium\" \/><\/a><figcaption class=\"wp-caption-text\">Shimokawa Kasabas\u0131&#039;n\u0131n spesiyaliteleriyle dolu raflar<\/figcaption><\/figure>\n<h4>Hometown Energy Domates Suyu<\/h4>\n<figure class=\"wp-caption aligncenter\"><a href=\"https:\/\/photos.google.com\/share\/AF1QipPBGl-8xkJZnHtVXvg0YYrv8yq6w-belMDEHSh7XnyIbBMnaLTOWkQC58y7lu5FZg\/photo\/AF1QipP-AO0HCe3fWsTU5kdD579My7aEuW-yJO71xsg?key=cUFfZ1FaTmpJZVlneU0xSWVTOURYcGwzUFBLZGtB\" target=\"_blank\" rel=\"noopener\"><img decoding=\"async\" src=\"https:\/\/lh3.googleusercontent.com\/pw\/AM-JKLWFUKn-toe-nb0eYLzrVI2X60-N5CReBwjXAp07iekqw0vA_xTlawbdNFjNE2T3gpC-M5qr6KTr9P2TzsUo-lW3HxlcBF4ib35RUTW3N8Vsvm1S5gGMwj77DXC66o2U8uRoUaBo_4gE34A0wXjZooF6=w2000-h1333-no?authuser=0\" width=\"2000\" height=\"1333\" alt=\"Hometown Energy Domates Suyu\" class=\"size-medium\" \/><\/a><figcaption class=\"wp-caption-text\">Hometown Energy Domates Suyu<\/figcaption><\/figure>\n<h4>Ah\u015fap \u00e7i\u00e7ek vazosu, i\u011fne yast\u0131\u011f\u0131 ah\u015fap tutucu<\/h4>\n<figure class=\"wp-caption aligncenter\"><a href=\"https:\/\/photos.google.com\/share\/AF1QipPBGl-8xkJZnHtVXvg0YYrv8yq6w-belMDEHSh7XnyIbBMnaLTOWkQC58y7lu5FZg\/photo\/AF1QipNOXNxw6UHevl7Xp18PvqMAM1mHfCav-mHa9P4?key=cUFfZ1FaTmpJZVlneU0xSWVTOURYcGwzUFBLZGtB\" target=\"_blank\" rel=\"noopener\"><img decoding=\"async\" src=\"https:\/\/lh3.googleusercontent.com\/pw\/AM-JKLW-PEEe874Zq65D3dxMQ07VaIe2i60RakC0JCGt4E2SBpNPjAf-D-1z6FmIfyQfWFmpbcH1feFQkMTRTa_X8B9_y0fXs5f3UmLm2qcBti8fQDhafXb5tBI4QkWNjOvG3xwwmns6Fy5WMPEir1I5-CNP=w2000-h1333-no?authuser=0\" width=\"2000\" height=\"1333\" alt=\"Ah\u015fap \u00fcr\u00fcnler\" class=\"size-medium\" \/><\/a><figcaption class=\"wp-caption-text\">Ah\u015fap \u00fcr\u00fcnler<\/figcaption><\/figure>\n<p>Shimokawa kasabas\u0131na dair hikayeleri dinlerken keyifli ve lezzetli bir \u00f6\u011fle yeme\u011fi yiyebilece\u011finiz harika bir kafe.<\/p>\n<h2>Sakuragaoka Park\u0131<\/h2>\n<p>\u00d6\u011fle yeme\u011finden sonra Sakuragaoka Park\u0131&#039;na gittik.<\/p>\n<figure class=\"wp-caption aligncenter\"><a href=\"https:\/\/photos.google.com\/share\/AF1QipPBGl-8xkJZnHtVXvg0YYrv8yq6w-belMDEHSh7XnyIbBMnaLTOWkQC58y7lu5FZg\/photo\/AF1QipO05co_RKusS1DGEo6CnUxP4ZQ_WZzzkuVUxnw?key=cUFfZ1FaTmpJZVlneU0xSWVTOURYcGwzUFBLZGtB\" target=\"_blank\" rel=\"noopener\"><img decoding=\"async\" src=\"https:\/\/lh3.googleusercontent.com\/pw\/AM-JKLUgULcZqRvrbr_byRa0Vh5e-nZ6_k9XsKZP-C0NdrA9ZMFHtQ_ZtNmrvrQxPkLZD3Z8MhXFvm0euAVrSDHfVzgoSCp_89LD5KuMLIRJ8viQMIksdK0PCQTKJZYaXoS4sByNcnypL83QfAeFZdLnKHo9=w2000-h1333-no?authuser=0\" width=\"2000\" height=\"1333\" alt=\"Sakuragaoka Park Rehberi Haritas\u0131\" class=\"size-medium\" \/><\/a><figcaption class=\"wp-caption-text\">Sakuragaoka Park Rehberi Haritas\u0131<\/figcaption><\/figure>\n<p>Park\u0131 \u00c7in Seddi \u00e7evreliyor. Me\u011fer bu yol Seki&#039;nin sabah y\u00fcr\u00fcy\u00fc\u015f rotas\u0131ym\u0131\u015f.<\/p>\n<figure class=\"wp-caption aligncenter\"><a href=\"https:\/\/photos.google.com\/share\/AF1QipPBGl-8xkJZnHtVXvg0YYrv8yq6w-belMDEHSh7XnyIbBMnaLTOWkQC58y7lu5FZg\/photo\/AF1QipN4cneFmE1oHI5VlpcHwrduH5yB8Qt9kLrATz0?key=cUFfZ1FaTmpJZVlneU0xSWVTOURYcGwzUFBLZGtB\" target=\"_blank\" rel=\"noopener\"><img decoding=\"async\" src=\"https:\/\/lh3.googleusercontent.com\/pw\/AM-JKLUIgm7y4Yw6VTUFZqfT0ksAa3jK5a31R7jjwpEZWDSFtEvMp8JqBYXv_GFDdMUf_RTu2zJWwcImogMJ444VltF7gS_SOO4AFoD_y8KclCCpaSD3-s8WlNdaAi29wX30HRYdB_crXe2RBTIrzxLKBURe=w2000-h1333-no?authuser=0\" width=\"2000\" height=\"1333\" alt=\"Seki&#039;nin sabah y\u00fcr\u00fcy\u00fc\u015f parkuru\" class=\"size-medium\" \/><\/a><figcaption class=\"wp-caption-text\">Seki&#039;nin sabah y\u00fcr\u00fcy\u00fc\u015f parkuru<\/figcaption><\/figure>\n<h3>Ah\u015fap yongalar\u0131yla kapl\u0131, y\u00fcr\u00fcmesi kolay bir yol<\/h3>\n<figure class=\"wp-caption aligncenter\"><a href=\"https:\/\/photos.google.com\/share\/AF1QipPBGl-8xkJZnHtVXvg0YYrv8yq6w-belMDEHSh7XnyIbBMnaLTOWkQC58y7lu5FZg\/photo\/AF1QipOD1dtVntFRJkJ5Sw6J4_YYgOdZ3-PVYZONK80?key=cUFfZ1FaTmpJZVlneU0xSWVTOURYcGwzUFBLZGtB\" target=\"_blank\" rel=\"noopener\"><img decoding=\"async\" src=\"https:\/\/lh3.googleusercontent.com\/pw\/AM-JKLVj6Q4WAx2RSeOoBqupYC_wmW5qh1E2U095esv2PiEtlPy8GaTKTI9-qdCzPMp9I_-SV3uOVmD0bgPaWnP9qd-9TZqClZnjl1C0zgl-IKGpvkfaIRyx8r7Id9IKFolIU1wIH-trAMf8fM-gRMQFNQjV=w2000-h1333-no?authuser=0\" width=\"2000\" height=\"1333\" alt=\"B\u00fcy\u00fck Duvar Yolu\" class=\"size-medium\" \/><\/a><figcaption class=\"wp-caption-text\">B\u00fcy\u00fck Duvar Yolu<\/figcaption><\/figure>\n<h3>Testere Sanat\u0131<\/h3>\n<p>Park meydan\u0131nda testere sanat\u0131 sergileniyor. Ormanc\u0131l\u0131k sekt\u00f6r\u00fcn\u00fcn geli\u015fti\u011fi Shimokawa Kasabas\u0131&#039;nda, orman kaynaklar\u0131n\u0131 kullanarak motorlu testere sanat\u0131 planlan\u0131yor ve uygulan\u0131yor.<\/p>\n<p>Shimokawa Kasabas\u0131nda d\u00fczenlenen Testere Sanat\u0131 Ustalar\u0131 Yar\u0131\u015fmas\u0131, kat\u0131l\u0131mc\u0131lar\u0131n \u00fc\u00e7 g\u00fcn (toplam 17 saat) ay\u0131rarak, testereyle tek bir k\u00fct\u00fc\u011f\u00fc (\u00e7ap\u0131 50 cm, uzunlu\u011fu 3,65 m) oyup bir sanat eseri yaratmaya \u00e7al\u0131\u015ft\u0131klar\u0131 bir etkinliktir. Etkinlikte Japonya ve yurtd\u0131\u015f\u0131ndan testere sanat\u00e7\u0131lar\u0131 bir araya gelecek.<\/p>\n<figure class=\"wp-caption aligncenter\"><a href=\"https:\/\/photos.google.com\/share\/AF1QipPBGl-8xkJZnHtVXvg0YYrv8yq6w-belMDEHSh7XnyIbBMnaLTOWkQC58y7lu5FZg\/photo\/AF1QipNFcsfI3XVCWbKB8ZFAcDfQlpWHUgHV7mGr62o?key=cUFfZ1FaTmpJZVlneU0xSWVTOURYcGwzUFBLZGtB\" target=\"_blank\" rel=\"noopener\"><img decoding=\"async\" src=\"https:\/\/lh3.googleusercontent.com\/pw\/AM-JKLXCr3ckgGlMa_dmxb-LsvpMmwXzOJMzeHhWcaJJo5dkombPHLryAOyvoeAsfPFChSG2wB00dCzSv05866-Pg_Q0XCQ16YoW6FE0PV4y0mIZJA6BN5mHbfdxkMPyMl9vr3z7zMHeTamLi3Yl1DD1bcqz=w2000-h1333-no?authuser=0\" width=\"2000\" height=\"1333\" alt=\"Zincirli testere sanat\u0131 s\u0131raland\u0131\" class=\"size-medium\" \/><\/a><figcaption class=\"wp-caption-text\">Zincirli testere sanat\u0131 s\u0131raland\u0131<\/figcaption><\/figure>\n<h4>Ge\u00e7mi\u015fte \u00f6d\u00fcl kazanm\u0131\u015f etkileyici eserler dizisi<\/h4>\n<figure class=\"wp-caption aligncenter\"><a href=\"https:\/\/photos.google.com\/share\/AF1QipPBGl-8xkJZnHtVXvg0YYrv8yq6w-belMDEHSh7XnyIbBMnaLTOWkQC58y7lu5FZg\/photo\/AF1QipPs8XD5zpbCSJ-eTwmz09r8kA-Nyhn18PDz_BY?key=cUFfZ1FaTmpJZVlneU0xSWVTOURYcGwzUFBLZGtB\" target=\"_blank\" rel=\"noopener\"><img decoding=\"async\" src=\"https:\/\/lh3.googleusercontent.com\/pw\/AM-JKLVaEi8YkWxzGVR0obz9L9D7pnMjWKKiHhuGaDwFNRdDOh-aSRO_fioRWiT3V8jMAKQhd4OydFwzj9J5vCLWPLWMTfOWSvWelX49BZOcdYuMN3rr1u5DpupM49ELykhaG7FhJy1mt77n5Kts8B8A6LZz=w2000-h1333-no?authuser=0\" width=\"2000\" height=\"1333\" alt=\"Etkileyici ge\u00e7mi\u015f \u00f6d\u00fcll\u00fc \u00e7al\u0131\u015fmalar\" class=\"size-medium\" \/><\/a><figcaption class=\"wp-caption-text\">Etkileyici ge\u00e7mi\u015f \u00f6d\u00fcll\u00fc \u00e7al\u0131\u015fmalar<\/figcaption><\/figure>\n<figure class=\"wp-caption aligncenter\"><a href=\"https:\/\/photos.google.com\/share\/AF1QipPBGl-8xkJZnHtVXvg0YYrv8yq6w-belMDEHSh7XnyIbBMnaLTOWkQC58y7lu5FZg\/photo\/AF1QipNuQR1DM_D4qgARK4eJDBiha91NuieTTgYXzLI?key=cUFfZ1FaTmpJZVlneU0xSWVTOURYcGwzUFBLZGtB\" target=\"_blank\" rel=\"noopener\"><img decoding=\"async\" src=\"https:\/\/lh3.googleusercontent.com\/pw\/AM-JKLV5ImD3rx4J4JRpg1XFnah9MCagPXDRtcaIKb74n4xeYl_9_AHXnjy4BE9O2Hkr6oLJ5e1rsoPhF6vPRvJf9KZA3M22QhDAp4EbX5ieXTHqQRZ82if8WAo7ajgsZDDxTb6ScKAAxGyzdxT_vv-NrNob=w2000-h1333-no?authuser=0\" width=\"2000\" height=\"1333\" alt=\"Muhte\u015fem sanat ve tasar\u0131m\" class=\"size-medium\" \/><\/a><figcaption class=\"wp-caption-text\">Muhte\u015fem sanat ve tasar\u0131m<\/figcaption><\/figure>\n<h3>Bah\u00e7e Orman\u0131 &quot;Frepe&quot;<\/h3>\n<p>Sakuragaoka Park\u0131 i\u00e7erisinde yer alan \u00e7ok ama\u00e7l\u0131 etkinlik ve dinlenme alan\u0131.<\/p>\n<figure class=\"wp-caption aligncenter\"><a href=\"https:\/\/photos.google.com\/share\/AF1QipPBGl-8xkJZnHtVXvg0YYrv8yq6w-belMDEHSh7XnyIbBMnaLTOWkQC58y7lu5FZg\/photo\/AF1QipO5HjD7brq47C99_9pKleNXrwpsxIHvjTLl68M?key=cUFfZ1FaTmpJZVlneU0xSWVTOURYcGwzUFBLZGtB\" target=\"_blank\" rel=\"noopener\"><img decoding=\"async\" src=\"https:\/\/lh3.googleusercontent.com\/pw\/AM-JKLVXdF0zFEY8nyFwvRsA-wSZN-p3fAB80QLUTOOW9d2LgeGsAvKRoUFznSqowgdTeAyRsHWAGMZk7_UN3Q4yfoDAG4QZTETRZH0TAkEGRoi3OeM7zB4OaBeS80v6tiraHRmOaMlNQkHAvgmUwtPb1uKw=w2000-h1333-no?authuser=0\" width=\"2000\" height=\"1333\" alt=\"Bah\u00e7e Orman\u0131 &quot;Frepe&quot;\" class=\"size-medium\" \/><\/a><figcaption class=\"wp-caption-text\">Bah\u00e7e Orman\u0131 &quot;Frepe&quot;<\/figcaption><\/figure>\n<h4>Geni\u015f ve ayd\u0131nl\u0131k alan<\/h4>\n<p>Y\u00fcksek tavanl\u0131, ah\u015fap kokulu, ferah ve ayd\u0131nl\u0131k bir mekan. A\u011fa\u00e7 benzeri kafes yap\u0131s\u0131 m\u00fckemmel akustik sa\u011flar ve m\u00fczik konserleri i\u00e7in uygundur.<\/p>\n<figure class=\"wp-caption aligncenter\"><a href=\"https:\/\/photos.google.com\/share\/AF1QipPBGl-8xkJZnHtVXvg0YYrv8yq6w-belMDEHSh7XnyIbBMnaLTOWkQC58y7lu5FZg\/photo\/AF1QipOVFtS7rG2MqNZf1ideGM_a_jmLwLe1idc5yuw?key=cUFfZ1FaTmpJZVlneU0xSWVTOURYcGwzUFBLZGtB\" target=\"_blank\" rel=\"noopener\"><img decoding=\"async\" src=\"https:\/\/lh3.googleusercontent.com\/pw\/AM-JKLWhjpVthaoi11lbFBIchR7SgMx3QzMf8Odk-U9m8Re0MrD0DDVXk0udvzW5kCyWeQJaRXfPM1Y8Sh5LAw3Fl0MkQlidOCVxP0RRxmMsToMjtxYDSgLse8jdZPhOt65ff959kUS6a4-pipx6n8NVeS5E=w2000-h1333-no?authuser=0\" width=\"2000\" height=\"1333\" alt=\"Ah\u015fap kokusuyla dolu ayd\u0131nl\u0131k bir alan\" class=\"size-medium\" \/><\/a><figcaption class=\"wp-caption-text\">Ah\u015fap kokusuyla dolu ayd\u0131nl\u0131k bir alan<\/figcaption><\/figure>\n<h4>Aroma ya\u011flar\u0131, bitki \u00e7aylar\u0131 vb.<\/h4>\n<p>Kasaban\u0131n tarlalar\u0131nda pestisit kullan\u0131lmadan yeti\u015ftirilen organik otlardan aroma ya\u011flar\u0131 ve bitki \u00e7aylar\u0131 gibi \u00e7e\u015fitli \u00fcr\u00fcnler \u00fcretilip sat\u0131l\u0131yor.<\/p>\n<figure class=\"wp-caption aligncenter\"><a href=\"https:\/\/photos.google.com\/share\/AF1QipPBGl-8xkJZnHtVXvg0YYrv8yq6w-belMDEHSh7XnyIbBMnaLTOWkQC58y7lu5FZg\/photo\/AF1QipN30O0_2dn4fhjODsH0CHcJgzrp1kq1ufIUfuM?key=cUFfZ1FaTmpJZVlneU0xSWVTOURYcGwzUFBLZGtB\" target=\"_blank\" rel=\"noopener\"><img decoding=\"async\" src=\"https:\/\/lh3.googleusercontent.com\/pw\/AM-JKLW1vbUiPnmC_VGnzuoXUfuCL1HyQKofZhOvqf4z3PbHAGcAKX4ecf0huYUJCZpGDA_-B3lNK-_5HsLGMhGfxdDjO2Nj2JwmdLUZR8HqYxIBB7cgTpca_i5fF8vlbR01STxIOisbP8_stc4UV6Zvczt8=w2000-h1333-no?authuser=0\" width=\"2000\" height=\"1333\" alt=\"Aroma ya\u011f\u0131 ile ilgili \u00fcr\u00fcnler s\u0131raland\u0131\" class=\"size-medium\" \/><\/a><figcaption class=\"wp-caption-text\">Aroma ya\u011f\u0131 ile ilgili \u00fcr\u00fcnler s\u0131raland\u0131<\/figcaption><\/figure>\n<h4>\u00dcZG\u00dcN\u00dcM KOUBOU<\/h4>\n<p>Bitkisel tent\u00fcrler, bitkisel ya\u011flar, bitkisel kozmetikler, bitkisel sabunlar, bitkisel \u00e7aylar ve daha fazlas\u0131n\u0131 sat\u0131yoruz.<\/p>\n<figure class=\"wp-caption aligncenter\"><a href=\"https:\/\/photos.google.com\/share\/AF1QipPBGl-8xkJZnHtVXvg0YYrv8yq6w-belMDEHSh7XnyIbBMnaLTOWkQC58y7lu5FZg\/photo\/AF1QipN9DFqq3MTMNphdWl3FUzsWTthzsa-TdCJxly4?key=cUFfZ1FaTmpJZVlneU0xSWVTOURYcGwzUFBLZGtB\" target=\"_blank\" rel=\"noopener\"><img decoding=\"async\" src=\"https:\/\/lh3.googleusercontent.com\/pw\/AM-JKLUNjLvuM4DAIPM0qhjwkoAesjQq-86rpfLAR0IWUTMyU_vT5DlMtOVGhIb1d37N1zFcQQlCXEssF4aFlOFUU4zpiakeHj9L9d4NzmQ599CRt0bPOjaFPo8btM2FAT9D6H0x40APEK5rnpdKINjlVZ2D=w2000-h1333-no?authuser=0\" width=\"2000\" height=\"1333\" alt=\"\u00dcZG\u00dcN\u00dcM KOUBOU\" class=\"size-medium\" \/><\/a><figcaption class=\"wp-caption-text\">\u00dcZG\u00dcN\u00dcM KOUBOU<\/figcaption><\/figure>\n<h4>Masa oyunu ma\u011fazas\u0131 &quot;Asobeyya&quot;<\/h4>\n<p>Nagoya do\u011fumlu Kenichiro Nasu, 1999 y\u0131l\u0131nda Shimokawa kasabas\u0131na ta\u015f\u0131nd\u0131 ve &quot;Asobeyya&quot; ad\u0131nda bir masa oyunu d\u00fckkan\u0131 a\u00e7t\u0131. Shimokawa Kasabas\u0131nda ayda bir kez bir masa oyunu turnuvas\u0131 (sosyal bulu\u015fma) d\u00fczenleniyor.<\/p>\n<p>M\u00fczede \u00e7e\u015fitli t\u00fcrde masa oyunlar\u0131 sergileniyor.<\/p>\n<figure class=\"wp-caption aligncenter\"><a href=\"https:\/\/photos.google.com\/share\/AF1QipPBGl-8xkJZnHtVXvg0YYrv8yq6w-belMDEHSh7XnyIbBMnaLTOWkQC58y7lu5FZg\/photo\/AF1QipPYT9YrpWBQEcOg1TUy-LJpcfZFHnymlR5t42g?key=cUFfZ1FaTmpJZVlneU0xSWVTOURYcGwzUFBLZGtB\" target=\"_blank\" rel=\"noopener\"><img decoding=\"async\" src=\"https:\/\/lh3.googleusercontent.com\/pw\/AM-JKLX98CF8CMkNJmzRSnDL4EYWyLsQp75gq89wcQt6p9icVmUD6iFDvT_xb6xRTfMUFelT6CQSoqtElGzn_rBgjSh-B-Fs1YCDNXuso4oLqffsAql1YRaOZsr7YfvMwjg7r_tIy_C9Zn06CkUiunEUJu4c=w2000-h1333-no?authuser=0\" width=\"2000\" height=\"1333\" alt=\"\u00c7e\u015fitli masa oyunlar\u0131\" class=\"size-medium\" \/><\/a><figcaption class=\"wp-caption-text\">\u00c7e\u015fitli masa oyunlar\u0131<\/figcaption><\/figure>\n<h4>El Yap\u0131m\u0131 At\u00f6lyesi &quot;Yushin&quot;<\/h4>\n<p>Bir s\u00fcr\u00fc g\u00fczel seramik sanat\u0131.<\/p>\n<figure class=\"wp-caption aligncenter\"><a href=\"https:\/\/photos.google.com\/share\/AF1QipPBGl-8xkJZnHtVXvg0YYrv8yq6w-belMDEHSh7XnyIbBMnaLTOWkQC58y7lu5FZg\/photo\/AF1QipPEqEr06tWy8KojNAuGm00eGUY4-Zw6bFwar8I?key=cUFfZ1FaTmpJZVlneU0xSWVTOURYcGwzUFBLZGtB\" target=\"_blank\" rel=\"noopener\"><img decoding=\"async\" src=\"https:\/\/lh3.googleusercontent.com\/pw\/AM-JKLVD3DIL2wlvN8Dh-lUezC-7a7h-h664Dag68aVwmpcJIQpA68Qxjfh2k2oSQZF5r_OIdS12m0BswhRIAv2MDRm2Gta6-X5Zg90EXHMUB21zrcAOvXldqtPbXIs9_Lrie-r5lJM_WyugjPBw_GeL3GyO=w2000-h1333-no?authuser=0\" width=\"2000\" height=\"1333\" alt=\"&quot;Yushin&quot; el yap\u0131m\u0131 at\u00f6lyesinden \u00e7anak \u00e7\u00f6mlek\" class=\"size-medium\" \/><\/a><figcaption class=\"wp-caption-text\">&quot;Yushin&quot; el yap\u0131m\u0131 at\u00f6lyesinden \u00e7anak \u00e7\u00f6mlek<\/figcaption><\/figure>\n<h4>Mobilya At\u00f6lyesi &quot;Mori no Kitsune&quot;<\/h4>\n<p>A\u011fa\u00e7 kabu\u011fundan (me\u015fe, hu\u015f, ceviz vb.) yap\u0131lan \u00e7atal-b\u0131\u00e7ak tak\u0131m\u0131.<\/p>\n<figure class=\"wp-caption aligncenter\"><a href=\"https:\/\/photos.google.com\/share\/AF1QipPBGl-8xkJZnHtVXvg0YYrv8yq6w-belMDEHSh7XnyIbBMnaLTOWkQC58y7lu5FZg\/photo\/AF1QipOLvZcV0rwIHZiLzidKe0FQ5McaA3ObcS-ahSw?key=cUFfZ1FaTmpJZVlneU0xSWVTOURYcGwzUFBLZGtB\" target=\"_blank\" rel=\"noopener\"><img decoding=\"async\" src=\"https:\/\/lh3.googleusercontent.com\/pw\/AM-JKLWumCDOsM-2iqBo_taA54J9f1eZ7h4ttvW7xXlpYvl3yArjkg9YjJ4UDEwjvG019W21-SKf4zWPhp4ZaTHBepAik7S1xVg1RbJKNTkxQ8iWeDztUnfXhDpPM4O0SzFlxhZVk_HtXts3RV1uH7sezKmk=w2000-h1333-no?authuser=0\" width=\"2000\" height=\"1333\" alt=\"A\u011fa\u00e7 kabu\u011fundan yap\u0131lm\u0131\u015f \u00e7atal b\u0131\u00e7ak tak\u0131m\u0131\" class=\"size-medium\" \/><\/a><figcaption class=\"wp-caption-text\">A\u011fa\u00e7 kabu\u011fundan yap\u0131lm\u0131\u015f \u00e7atal b\u0131\u00e7ak tak\u0131m\u0131<\/figcaption><\/figure>\n<p>A\u011fa\u00e7lar\u0131n sonbahar renklerine b\u00fcr\u00fcnd\u00fc\u011f\u00fc, serinletici bir esintinin esti\u011fi \u00e7ok ho\u015f bir yer.<\/p>\n<h3>An\u0131t Meydan\u0131 ve Memleket De\u011fi\u015fim Merkezi<\/h3>\n<figure class=\"wp-caption aligncenter\"><a href=\"https:\/\/photos.google.com\/share\/AF1QipPBGl-8xkJZnHtVXvg0YYrv8yq6w-belMDEHSh7XnyIbBMnaLTOWkQC58y7lu5FZg\/photo\/AF1QipNcBhw998LN9JbsZ5GrmWkiLlRtIiiBapPgcoE?key=cUFfZ1FaTmpJZVlneU0xSWVTOURYcGwzUFBLZGtB\" target=\"_blank\" rel=\"noopener\"><img decoding=\"async\" src=\"https:\/\/lh3.googleusercontent.com\/pw\/AM-JKLU5SO6dpMYBmESNoqXTbAnyp5V6md-UYKfJmRtxS6VvNb_KiadGs4vcMXAtFs2hck_Tn2zbl-wmDGRgkIlsPqqvBEO-GO-1JllqatZUV565_JHAPjknPzkPpqAy9nIJnRdZQu49DXmiP-WXM7-R-DKo=w2000-h1333-no?authuser=0\" width=\"2000\" height=\"1333\" alt=\"An\u0131t Meydan\u0131, Memleket De\u011fi\u015fim Merkezi\" class=\"size-medium\" \/><\/a><figcaption class=\"wp-caption-text\">An\u0131t Meydan\u0131, Memleket De\u011fi\u015fim Merkezi<\/figcaption><\/figure>\n<h3>\u00c7in Seddi<\/h3>\n<p>1986 y\u0131l\u0131nda ba\u015flanan ve 150 binden fazla ta\u015f kullan\u0131larak in\u015fa edilen 2 kilometre uzunlu\u011fundaki duvar, 15 y\u0131lda tamamland\u0131. Kasaba halk\u0131n\u0131n olu\u015fturdu\u011fu turistik mekan.<\/p>\n<figure class=\"wp-caption aligncenter\"><a href=\"https:\/\/photos.google.com\/share\/AF1QipPBGl-8xkJZnHtVXvg0YYrv8yq6w-belMDEHSh7XnyIbBMnaLTOWkQC58y7lu5FZg\/photo\/AF1QipPFiQzL-x2PRcVcAZhrCWYQMCxD9dqXiX3dSRM?key=cUFfZ1FaTmpJZVlneU0xSWVTOURYcGwzUFBLZGtB\" target=\"_blank\" rel=\"noopener\"><img decoding=\"async\" src=\"https:\/\/lh3.googleusercontent.com\/pw\/AM-JKLVIjtEybqMPXgwDpd0Y9aTcHlkuKEWQ3nJCRGkraYJBxmbMQtkQADDA-2AOsiNMTxka5WYctuQ1e7BgMn20JAC-Wybs0IIX0c__XQL-UNYS7Zjs4pnEGoeRzw9Kj1FMo2gxk0WWTFQJVaRg02Ko21RP=w2000-h1333-no?authuser=0\" width=\"2000\" height=\"1333\" alt=\"\u00c7in Seddi\" class=\"size-medium\" \/><\/a><figcaption class=\"wp-caption-text\">\u00c7in Seddi<\/figcaption><\/figure>\n<h4>\u77f3\u306b\u306f\u3001\u540d\u524d\u3068\u5236\u4f5c\u5e74\u6708\u65e5\u304c\u8a18\u8f09\u3055\u308c\u3066\u3044\u307e\u3059<\/p>\n<h4>\n<figure class=\"wp-caption aligncenter\"><a href=\"https:\/\/photos.google.com\/share\/AF1QipPBGl-8xkJZnHtVXvg0YYrv8yq6w-belMDEHSh7XnyIbBMnaLTOWkQC58y7lu5FZg\/photo\/AF1QipPaayOQEVoRRaXErmBcxcn3PC7mg9g3olST18c?key=cUFfZ1FaTmpJZVlneU0xSWVTOURYcGwzUFBLZGtB\" target=\"_blank\" rel=\"noopener\"><img decoding=\"async\" src=\"https:\/\/lh3.googleusercontent.com\/pw\/AM-JKLVBh4GgnBJlSd7wdsgFYLu2Z2Brv-jjJjXSPnRx8Ifs99uURtu_ljb59zYN36Y-7b5YrYcyy3l1rUrS-_ebYvio4tgeFYH1W3wSU1rN8jJjAXew9fHxB_p86rNNzgYnurIieKu2ofN_ulkhhhDoFYyh=w2000-h1333-no?authuser=0\" width=\"2000\" height=\"1333\" alt=\"\u77f3\u306b\u523b\u307e\u308c\u305f\u540d\u524d\uff06\u8a2d\u7f6e\u5e74\u6708\u65e5\" class=\"size-medium\" \/><\/a><figcaption class=\"wp-caption-text\">\u77f3\u306b\u523b\u307e\u308c\u305f\u540d\u524d\uff06\u8a2d\u7f6e\u5e74\u6708\u65e5<\/figcaption><\/figure>\n<h2>Shimokawa&#039;da mini kayak merkezi ve atlama<\/h2>\n<p>Kayak halatl\u0131 lift sistemine sahip \u00fccretsiz kayak merkezi. Ge\u00e7mi\u015fte Takanobu Okabe, Noriaki Kasai ve Yuki Ito gibi kayak\u00e7\u0131lar\u0131n bu kayak merkezinde normal tepe atlama antrenmanlar\u0131 yapt\u0131\u011f\u0131 s\u00f6yleniyor.<\/p>\n<figure class=\"wp-caption aligncenter\"><a href=\"https:\/\/photos.google.com\/share\/AF1QipPBGl-8xkJZnHtVXvg0YYrv8yq6w-belMDEHSh7XnyIbBMnaLTOWkQC58y7lu5FZg\/photo\/AF1QipNG1GCQeYR-TcTFkx7Q90fii8tIET-1OSrun2Y?key=cUFfZ1FaTmpJZVlneU0xSWVTOURYcGwzUFBLZGtB\" target=\"_blank\" rel=\"noopener\"><img decoding=\"async\" src=\"https:\/\/lh3.googleusercontent.com\/pw\/AM-JKLVHheSjH3uBU9MudwMCktF-lLjRjJJpOFwmUdhAM2iJOdtP-JhC3B_ME7jTRRbXzWj8RAP4sBZlzAHGbGjzau4inS6-wklX4uMHt8s1ItO_wNVmvQ9m4fD8B1-DBgy0JhWj7XZvqWJVMXI92LjIyiFd=w2000-h1333-no?authuser=0\" width=\"2000\" height=\"1333\" alt=\"Shimokawa&#039;daki mini kayak merkezi\" class=\"size-medium\" \/><\/a><figcaption class=\"wp-caption-text\">Shimokawa&#039;daki mini kayak merkezi<\/figcaption><\/figure>\n<p>Ormanda sonbahar yapraklar\u0131n\u0131n g\u00fczelli\u011finin tad\u0131n\u0131 \u00e7\u0131kar\u0131rken, Hokuryu Kasabas\u0131&#039;n\u0131n (toplam alan 158,7 km\u00b2) yakla\u015f\u0131k d\u00f6rt kat\u0131 b\u00fcy\u00fckl\u00fc\u011f\u00fcnde olan Shimokawa Kasabas\u0131&#039;n\u0131n (toplam alan 644,2 km\u00b2) ne kadar u\u00e7suz bucaks\u0131z oldu\u011funu ger\u00e7ek anlamda hissedebildik.<\/p>\n<p>Daha sonra Ba\u015f Direkt\u00f6r Kameda ile g\u00f6r\u00fc\u015fmek \u00fczere Komorebi Kasaba Canland\u0131rma Merkezi&#039;ne gittik.<\/p>\n<h2>Di\u011fer foto\u011fraflar<\/h2>\n<p><font color=\"#ff9900\">\u25b6<\/font><a href=\"https:\/\/photos.app.goo.gl\/3gnUNqCvgGtcoH7aA\" target=\"_blank\" rel=\"noopener noreferrer\">Shimokawa ve Hokuryu aras\u0131ndaki de\u011fi\u015fim etkinli\u011finden foto\u011fraflar (242 foto\u011fraf) burada mevcuttur &gt;&gt;<\/a><\/p>\n<h2>\u0130lgili makaleler<\/h2>\n\n<p>\u3000\u3000<br \/>\n\u25c7 \u00c7ekim ve kurgu: Noboru Terauchi R\u00f6portaj ve metin: Ikuko Terauchi<br \/>\n\u3000<\/p>\n<h2>Shimokawa Kasabas\u0131<\/h2>\n<blockquote><p><span style=\"font-style:normal\"><a href=\"https:\/\/goo.gl\/maps\/Dk2dsECA6davifit8\" target=\"_blank\" rel=\"noopener noreferrer\"><img decoding=\"async\" style=\"border: solid 1px blue;\" src=\"https:\/\/lh3.googleusercontent.com\/pw\/AM-JKLX9KofQqdqSQHXXU7c2Tq-_vKUtw2dXDI8giDk9N0qmO4Vazx_iCsFWhvNNrsXxut6Km9JORT5YwpgG-6Isk_EgEHinzXxfrCtaPTXWmBWtTA_5Bq6nP3tzXkHliIfG2byE9z6eDQhTrRmyS-bWi6kO=w2186-h1594-no?authuser=0\" alt=\"Harita: Shimokawa Kasabas\u0131\" width=\"250\" class=\"alignleft\"\/><\/a>[Shimokawa Belediye Binas\u0131]<br \/>\n63 Saiwai-cho, Shimokawa-cho, Kamikawa-gun, Hokkaido<br \/>\nTel: 01655-4-2511<br \/>\n[Alan] 644.2k\u33a1<br \/>\nN\u00fcfus: 3.124 ki\u015fi, 1.687 hane<br \/>\n[Turist Say\u0131s\u0131] 2019: 92.390 ki\u015fi (Gomi Onsen, \u00c7in Seddi, vb.)<br \/>\n[Etkinlikler vb.] 2019: 16.200 ki\u015fi (Udon Festivali, Buz Mum M\u00fczesi vb.)<a href=\"https:\/\/www.town.shimokawa.hokkaido.jp\/shoukai\/2021\/04\/2020.html\" rel=\"noopener\" target=\"_blank\">Kasaba \u0130statistikleri El Kitab\u0131ndan (2020 bask\u0131s\u0131)<\/a>&quot;<br \/>\n[Ana Sayfa]<a href=\"https:\/\/www.town.shimokawa.hokkaido.jp\/\" target=\"_blank\" rel=\"noopener noreferrer\">Shimokawa Kasabas\u0131 - Kuzey Hokkaido, heyecan\u0131n do\u011fdu\u011fu kasaba-<\/a><br \/>\n<\/span><\/p><\/blockquote>","protected":false},"excerpt":{"rendered":"<p>\uff12\uff10\uff12\uff11\u5e74\uff11\uff10\u6708\u6708\uff12\uff15\u65e5\uff08\u6708\uff09 \u3053\u306e\u5ea6\u3001\u5143NPO\u6cd5\u4ebaCANPAN\u30bb\u30f3\u30bf\u30fc\uff08\u6771\u4eac\u90fd\uff09\u306e\u526f\u7406\u4e8b\u9577\u3092\u52d9\u3081\u3066\u3044\u305f\u5bfa\u5185\u6607\uff08\u5143\u65e5\u672c\u8ca1\u56e3\u7d4c\u55b6\u4f01\u753b\u30b0\u30eb\u30fc\u30d7\u9577\u30fbNPO\u6cd5\u4eba\u517c\u52d9\uff09\u306e\u5f8c\u8f29\u306b\u5f53\u305f\u308b\u95a2\u96c4\u3055\u3093\uff08\uff13\uff14\u6b73\u30fb\u73fe\u5728\u3001\u5c0f\u6797 [&hellip;]<\/p>\n","protected":false},"author":1,"featured_media":13734,"comment_status":"open","ping_status":"open","sticky":false,"template":"","format":"standard","meta":{"footnotes":""},"categories":[4],"tags":[],"class_list":["post-13653","post","type-post","status-publish","format-standard","has-post-thumbnail","hentry","category-cover-story"],"_links":{"self":[{"href":"https:\/\/portal.hokuryu.info\/tr\/wp-json\/wp\/v2\/posts\/13653","targetHints":{"allow":["GET"]}}],"collection":[{"href":"https:\/\/portal.hokuryu.info\/tr\/wp-json\/wp\/v2\/posts"}],"about":[{"href":"https:\/\/portal.hokuryu.info\/tr\/wp-json\/wp\/v2\/types\/post"}],"author":[{"embeddable":true,"href":"https:\/\/portal.hokuryu.info\/tr\/wp-json\/wp\/v2\/users\/1"}],"replies":[{"embeddable":true,"href":"https:\/\/portal.hokuryu.info\/tr\/wp-json\/wp\/v2\/comments?post=13653"}],"version-history":[{"count":0,"href":"https:\/\/portal.hokuryu.info\/tr\/wp-json\/wp\/v2\/posts\/13653\/revisions"}],"wp:featuredmedia":[{"embeddable":true,"href":"https:\/\/portal.hokuryu.info\/tr\/wp-json\/wp\/v2\/media\/13734"}],"wp:attachment":[{"href":"https:\/\/portal.hokuryu.info\/tr\/wp-json\/wp\/v2\/media?parent=13653"}],"wp:term":[{"taxonomy":"category","embeddable":true,"href":"https:\/\/portal.hokuryu.info\/tr\/wp-json\/wp\/v2\/categories?post=13653"},{"taxonomy":"post_tag","embeddable":true,"href":"https:\/\/portal.hokuryu.info\/tr\/wp-json\/wp\/v2\/tags?post=13653"}],"curies":[{"name":"wp","href":"https:\/\/api.w.org\/{rel}","templated":true}]}}