{"id":1273,"date":"2020-02-26T06:40:35","date_gmt":"2020-02-25T21:40:35","guid":{"rendered":"https:\/\/portal.hokuryu.info\/?p=1273"},"modified":"2020-02-26T07:23:12","modified_gmt":"2020-02-25T22:23:12","slug":"1273-mesaj","status":"publish","type":"post","link":"https:\/\/portal.hokuryu.info\/tr\/1273\/","title":{"rendered":"Belediye Ba\u015fkan\u0131 Yutaka Sano \u00fc\u00e7\u00fcnc\u00fc d\u00f6neminde ilk kez g\u00f6reve ba\u015fl\u0131yor ve tutkulu bir konu\u015fma yap\u0131yor"},"content":{"rendered":"<p>\u00c7ar\u015famba, 26 \u015eubat 2020<\/p>\n<p>25 \u015eubat 2020 Sal\u0131 g\u00fcn\u00fc, a\u00e7\u0131k ve mavi g\u00f6ky\u00fcz\u00fcn\u00fcn alt\u0131nda, Belediye Ba\u015fkan\u0131 Yutaka Sano \u00fc\u00e7\u00fcnc\u00fc d\u00f6neminde ilk kez g\u00f6reve ba\u015flad\u0131.<\/p>\n<h2>Hokuryu Belediye Binas\u0131&#039;na ilk ziyaret<\/h2>\n<p>Belediye Ba\u015fkan\u0131 Sano Yutaka, sabah saat 08.45&#039;te belediye binas\u0131n\u0131n ana giri\u015finin \u00f6n\u00fcnde durdu ve resmi arac\u0131ndan indi. \u00c7al\u0131\u015fanlar taraf\u0131ndan kendisine bir buket \u00e7i\u00e7ek takdim edildi ve alk\u0131\u015flar e\u015fli\u011finde binaya girdi.<\/p>\n<h3>Bir buket sunmak<\/h3>\n<figure class=\"wp-caption aligncenter\"><a href=\"https:\/\/photos.google.com\/share\/AF1QipNnWN4S_o3NJhzQ158v4Jfn5pZyfkqxBKiVjOXLXsj_NOiSkJiYfjuLq3vUcFlhNw\/photo\/AF1QipMOxKSM0mpb8KmpKo3u40ckhVkKI7crbIL_8q0?key=WVBGQk9rd2xxdU5qckVtU1IySHliQ1M3UkY1bHdB\" target=\"_blank\" rel=\"noopener noreferrer\"><img decoding=\"async\" src=\"https:\/\/lh3.googleusercontent.com\/7kgtQBIVMu1OBJPNXsFe382SKxCk2fHF8j2xVjsdvthnFnc8YwhwNJl2VaoEQIM98V8jB6M4qfpHLwetSX9JD2lDHYuID3gIbIAd5T0Bns5cjWUZRzQktusQ4Lv17dGsYKqA0PvGjWRkT_KA-zX5tjfuT0mxYGqdfnDDwpZWr0t7K_71A0NwcPyXmQKDVwbBH53VCZGO3698FXEf6FxvS3-gV1G8Ahwk7lPbHobSjjwz69TFHe6d4ywf9MrdH3V2_Tsj_vtVfOoKvvlB806HcYymBwmUIRD3u3Oouo2CTJoUuyxM5xh1JkHvKrU5WPHOFhA0wxlSluq8R9tdCi0vM05hT5C2929-AymK576eHPWeJMM_QwHkWqlrU9BmZTiJkR6ei75apnMOIF3U03OIouRTdEQFv6w0V8R-xbzuBPmKcgOGLeZXa_nU04oEEFVr79LjsUcRWzUvPqTYz6CsVDsGpgUs2kIyC_wI-urieauRtHf9fpPJXuFzJPC8QuRFuRyHNt6p01IvMyEzwJ-6qYTItB8Gla69nPtNDNA-gGDB6_Skphc3m2RVOYSKbXWpwUMkWGtInZyFL17xhG07-QwBu5YA36VswxN9kzMb6pSlEhvJ5vg6SEIvTOmjynCPxFKyYYwc4sCjlZsdmrCmV2d8THfc0DPr9ni60ruAI_BJ5Zp0xwubu_APRCOO9dtSPrhpUkr6Lk2M5fh2y5LeObCeeOIdRbjtHaf-LkhPSFqS9Snt=w2000-h1332-no\" width=\"1998\" height=\"1332\" alt=\"Belediye Ba\u015fkan\u0131 Sano kutlama amac\u0131yla bir buket \u00e7i\u00e7ek ald\u0131\" class=\"size-medium\" \/><\/a><figcaption class=\"wp-caption-text\">Belediye Ba\u015fkan\u0131 Sano kutlama amac\u0131yla bir buket \u00e7i\u00e7ek ald\u0131<\/figcaption><\/figure>\n<h3>Personel onlar\u0131 alk\u0131\u015flarla kar\u015f\u0131lad\u0131<\/h3>\n<figure class=\"wp-caption aligncenter\"><a href=\"https:\/\/photos.google.com\/share\/AF1QipNnWN4S_o3NJhzQ158v4Jfn5pZyfkqxBKiVjOXLXsj_NOiSkJiYfjuLq3vUcFlhNw\/photo\/AF1QipPqrhVZA-0nl1A3Mm8UewEFPSZt1a_osr5eH_U?key=WVBGQk9rd2xxdU5qckVtU1IySHliQ1M3UkY1bHdB\" target=\"_blank\" rel=\"noopener noreferrer\"><img decoding=\"async\" src=\"https:\/\/lh3.googleusercontent.com\/5ax7JDN2H24mXNXJ2OR68bG7aiINT6cqpfjuicr_hLAzgU3psf8wrp4T_DnZb4zsUvWeBfs5Qn063DA1xkAjAPDSf5gfv6eWuoFx18AVG9HGd-8tbFho7OL-ANGpaFonOoSCuUi_kDChPHAgfTKxWb8CS5lCHCRg2FXT5uVHbBz4kL0aFWZNFoabC04gODofbQA65LL53yEWO77ATBZ1rIMwD5Hw2X5Reu6nbO6faoEaDuaQ98pW22MH4biO78lkPQMTo0hV3t_7iWxKgY_jRs-oZjyxjN4NNhSrIec7o25vqkJw-o4z4BWqvAFcmh7wSIjtCAjqF1qLq8O_IQQoitcSn0cUbH9ZxTv4-ouzu8My-foeavpW5LSKb52osG2i3uq57vRchiReqtW-DHrfvKEUxqnnmEQ83tOIEm3BN95bj8WXfr_hyjt2T9dNYo-dozKEDA_EejDDjMFrl5nFIvpmlE_juaIEunjDltND6Fj3ZYti-Cr8X_FusWDZZGHGjIgsIjewNc92VgKCxo1wDfSOZTi-lQ-C9-CHvEePA6ejERcHdLuON7lAwVJrfExgd_jKmxummfQ88CfA6TBRdqz3WNaykrqECDvYvFJ8EJ7bqFvvjsKTMSg5L8SBhCrrP1mhck4rFt_2Zyj6KaauLHEMH2THTmVycn5N5S1aKUxx89XSQ_oe2fFrTM3adijH8FWDYYKDszcArAhjQc7XMZyWglM_7NIrZwtLsVDLxt3URLqO=w2000-h1332-no\" width=\"1998\" height=\"1332\" alt=\"Personel onlar\u0131 alk\u0131\u015flarla kar\u015f\u0131lad\u0131\" class=\"size-medium\" \/><\/a><figcaption class=\"wp-caption-text\">Personel onlar\u0131 alk\u0131\u015flarla kar\u015f\u0131lad\u0131<\/figcaption><\/figure>\n<h3>Minnettarl\u0131kla!<\/h3>\n<figure class=\"wp-caption aligncenter\"><a href=\"https:\/\/photos.google.com\/share\/AF1QipNnWN4S_o3NJhzQ158v4Jfn5pZyfkqxBKiVjOXLXsj_NOiSkJiYfjuLq3vUcFlhNw\/photo\/AF1QipOXEwToFXrkJsatPNUsvFCR24Ercaq7jK0VnFc?key=WVBGQk9rd2xxdU5qckVtU1IySHliQ1M3UkY1bHdB\" target=\"_blank\" rel=\"noopener noreferrer\"><img decoding=\"async\" src=\"https:\/\/lh3.googleusercontent.com\/vXx1ZZJXntd52I2lPHonhAKW_tXmC45Uly_sZkw8r5rLfLAPCnOgmzo46XTavXRadrzjR_WL9dehUvNRmHHnkb-wJCMsKcNu7SHsEjak7w9nKC3ZIp2rmnc0By2TH5o1iN_IvMlO64TMHQR-ciz9IbSkLcH35Jys_dIFVXsjwY4mIqoIDjk3nfvaF0-hR_w63cGtkP5zgkvW8Q3mdvrlBA_-9LHtO8gyORIuwaIOV2em7rdED8m9xZiFFshvx6CJuU-AOmxQaTXiXJcN5-x9BHnXOm7KiYtQRQWEAu7O3bU5xop8KwtaUjaYwrda_bbJkzWfdu_qjm6mIkmGIGu3ssd7huqs8j6HKUxxDM34wpVsxAUKZfWgB-CgE2tTyhBr1W9JJGG8LGU80YlQC8-98YNAVUwAh5yxPFWecs-pTmfu1j8goWRANjFIsSFeKEO7lxls-dqsIe9iaXFUrcVoF4HMC-A-gMGsKNT-bqLHK-_IdSz5-ftt5kBt-CDu2_3utbr_i6mXY5mBk4Es2qif9uGtcHitCBgQaC8-I2TRV3Oi0QTkiTq7m3hhRN9ibv0CBnQavbVEK1G4xjOjeSX9hWLi1motsQLtkh8VJlpAYJmffh5zoCE3G9K3TBhgMswYiv5PhlXVuzA9SnHazzYjfOGNXI8J8scfUbWRlbbXHEnopIY80lsq53WGYrqtSluqa7htrn-6fUwFX-P-DQYpjZ2Iofup8qqV9pw4kGTLFEJApTl1=w2000-h1332-no\" width=\"1998\" height=\"1332\" alt=\"Buket i\u00e7in te\u015fekk\u00fcr ederim!\" class=\"size-medium\" \/><\/a><figcaption class=\"wp-caption-text\">Buket i\u00e7in te\u015fekk\u00fcr ederim!<\/figcaption><\/figure>\n<h2>Talimatlar<\/h2>\n<p>Belediye Ba\u015fkan\u0131 Yutaka Sano, \u00fc\u00e7\u00fcnc\u00fc d\u00f6nemi dolay\u0131s\u0131yla meclis salonunda bir konu\u015fma yapt\u0131.<\/p>\n<figure class=\"wp-caption aligncenter\"><a href=\"https:\/\/photos.google.com\/share\/AF1QipNnWN4S_o3NJhzQ158v4Jfn5pZyfkqxBKiVjOXLXsj_NOiSkJiYfjuLq3vUcFlhNw\/photo\/AF1QipMc-euibdHaCdyZlYxGQfcuCiyAqQ_dcm8-0d0?key=WVBGQk9rd2xxdU5qckVtU1IySHliQ1M3UkY1bHdB\" target=\"_blank\" rel=\"noopener noreferrer\"><img decoding=\"async\" src=\"https:\/\/lh3.googleusercontent.com\/LlB0yG4BQuNBEi4CU38h0OvIOl3ZFAzWiChm3muGYEkvolu271924GfyX8V_TX-NqiQY1hHh4J6EGTbm2ag5Cej_RniPMz8f4xGfloDsYhXQz-HLUjq4ldeunp134EgN-L49w9jrD30kh4z9fX7I2pzbrFvNmLuO3VNJpMa099WA27Q8iry6aI11DCz9M2v9To0ocZmKvnkmmpmFCxB0MSQHpuDB49oHdqPO3kCERun0Q-vbiaJ51kR4oK_qbngFM41Hmi67kDs9cPE6qxGWb4gctgWpYnT0MElbemQRqQ3HNuXtP22Y-RX1MpozrDzbdrMOeYqtgzMR2FxKV9PABUg5EGC1UJHXgd--_eZw2KPjJR7HliLCvtkFLrwtz73m-YU2ZxxM6cLpE7MDYIlAsttou2H97vXm23BFlRaFCu-aD_6xdg6K7k3GlypqfyFP6hCUn1da42fwzQq3MQpiUfsmO-AdT1GS-Yf6SreniwtqNCYGlxUoZH-vKMmK88KkyCHc0VhvhQ1adckm0jbmhDV7yEzYnQYF4dJL3gtfBu7AQyyMk57POJ_N--8iNrPchmKHaxZhTnM7lJHzQfsDj7spCOxWeNpY_IYJIknBVpOdS6pTodQRpOsVlF2id9mgnWZLYMRtQRyM2MzdYWqfdv9J_Ga9VoT6a1bQjEg4NnpXN3-RcVfvfiLFb2msgrpyRyE4EIFtva5WyPyout__g-fR8xh42UABeZtqaHMD6IZDHoCA=w2000-h1332-no\" width=\"1998\" height=\"1332\" alt=\"Belediye Ba\u015fkan\u0131 Sano meclis salonunda konu\u015fma yap\u0131yor\" class=\"size-medium\" \/><\/a><figcaption class=\"wp-caption-text\">Belediye Ba\u015fkan\u0131 Sano meclis salonunda konu\u015fma yap\u0131yor<\/figcaption><\/figure>\n<figure class=\"wp-caption aligncenter\"><a href=\"https:\/\/photos.google.com\/share\/AF1QipNnWN4S_o3NJhzQ158v4Jfn5pZyfkqxBKiVjOXLXsj_NOiSkJiYfjuLq3vUcFlhNw\/photo\/AF1QipNcW66OUUemrrG-lDM6E7EeHiaWmIJ9F3Q4FzA?key=WVBGQk9rd2xxdU5qckVtU1IySHliQ1M3UkY1bHdB\" target=\"_blank\" rel=\"noopener noreferrer\"><img decoding=\"async\" src=\"https:\/\/lh3.googleusercontent.com\/oHbj6g5g-m8rE4YoxguAzMUyXkUnQYRkJCbEdle2V4I-EZJD31FTnWYG5RGSxx_m5JUgrOwSa29xcW6yOFS-9pP0U7m1jtcAteoG4746s2Mf0OCKE0pcVfWdGffHeBwPN9_KAQf5Qy6NVtVBHvJrcoykB0rGeIuLrVwaeyn-s9wwePhHEx0xuP0HPdDHONxbw-ruf5VIIe469z3wOYqD9pF3nzqqGiN89UFXzY6TpLn7z7TMHIMwi7hrWyHdFmPBV8E1ICVJ9qZdYgm05wPuetXwx-s9IAcyoVPGQ87dqwhcrpzKOobMwezyZ2EMxJ6wQPjGfdFdGuckyrVpAct4haGpPPFsSwVNuApAkc_kL9Cw9_eWr8i84_AvWlTGqXRvivNFoak7Fj7qFv2XPyukszP3yzCEGleT2Ap4v3waASkEN36rRFQY5QlWJByJFpWD5TPtOwrTYIriLlcDsY84XsCkIpVvKcwGyibO-91uFGDvc-SylNPMfm2nNdh8SXl0GgIyw0MjkZXHyQLSiVafiBrafMyRx_pSAJERhXXjRH4FNWwKE8uYjfNJP4W1oMqVcMvboOjRuicEV14wVOjrbDh_SsSA21LAgy9XTeeNfZZJjEes1DWCoMTUlni6cODjNv_i7H_JRKgT_wOgSauiCWhL3u4O_mUB5sHAXyZf4oYANE2d1EYuuEfvLz2EvFYpVOJdIzjkaUBMmNivXDNI2MNsV1ZYjlo46EmXVCIR_u9O93EX=w2000-h1332-no\" width=\"1998\" height=\"1332\" alt=\"Belediye Ba\u015fkan\u0131 Yutaka Sano konu\u015fma yap\u0131yor\" class=\"size-medium\" \/><\/a><figcaption class=\"wp-caption-text\">Belediye Ba\u015fkan\u0131 Yutaka Sano konu\u015fma yap\u0131yor<\/figcaption><\/figure>\n<p>&quot;\u00dc\u00e7\u00fcnc\u00fc d\u00f6nemime ba\u015flamam dolay\u0131s\u0131yla hepinize selamlar\u0131m\u0131 iletmek istiyorum.<br \/>\nKasaba halk\u0131n\u0131n b\u00fcy\u00fck deste\u011fi ve t\u00fcm kasaba halk\u0131n\u0131n s\u0131cak te\u015fvikleri sayesinde, oy hakk\u0131 olmadan \u00fc\u00e7\u00fcnc\u00fc kez se\u00e7ildim. Bu a\u011f\u0131r sorumlulu\u011fu ciddiye al\u0131yorum ve elimden gelenin en iyisini yapmaya kararl\u0131y\u0131m.<\/p>\n<h3>Tarihi bir d\u00f6n\u00fcm noktas\u0131<\/h3>\n<p>Toplum b\u00fcy\u00fck de\u011fi\u015fimler ge\u00e7irirken, tek sanayileri birincil tar\u0131m olan k\u00fc\u00e7\u00fck k\u0131rsal kasabalar, geleceklerini nas\u0131l \u00f6ng\u00f6recekleri konusunda ger\u00e7ekten zor bir soruyla kar\u015f\u0131 kar\u015f\u0131ya kal\u0131yorlar. Ve bunun \u00f6nemli bir konu oldu\u011funu d\u00fc\u015f\u00fcn\u00fcyorum. K\u00fcresel \u00e7evre sorunlar\u0131na yan\u0131t verme zorunlulu\u011fu, b\u00fcy\u00fck hasara yol a\u00e7an do\u011fal afetlerin meydana gelmesi ve \u015fimdi de COVID-19 salg\u0131n\u0131 ba\u015fta olmak \u00fczere bir\u00e7ok alanda tarihi bir d\u00f6n\u00fcm noktas\u0131ndan ge\u00e7iyoruz.<\/p>\n<h3>10 y\u0131ll\u0131k kapsaml\u0131 bir plan\u0131n form\u00fcle edilmesi<\/h3>\n<p>Kitary\u016b Kasabas\u0131 bu y\u0131l 2028&#039;e kadar uzanan kapsaml\u0131 bir 10 y\u0131ll\u0131k plan haz\u0131rl\u0131yor.<br \/>\nBu ba\u011flamda ay\u00e7i\u00e7e\u011finden yararlanan bir kent geli\u015ftirmek i\u00e7in tar\u0131m, turizm, ticaret, g\u00f6\u00e7, m\u00fcbadele, sa\u011fl\u0131k, refah ve e\u011fitimi b\u00fct\u00fcnle\u015ftiren bir y\u00f6netimin te\u015fvik edilmesine ihtiya\u00e7 vard\u0131r. Bunu ba\u015farmak i\u00e7in, mevcut a\u011f\u0131r mali duruma ra\u011fmen, kamu tesislerindeki bozulmay\u0131 ele almam\u0131z, mevcut projeleri g\u00f6zden ge\u00e7irmemiz, sakinleri dahil etmemiz ve i\u015fbirlikli kentsel kalk\u0131nmaya kat\u0131lmam\u0131z gerekecek.<\/p>\n<h3>Kasaba halk\u0131n\u0131n yarat\u0131c\u0131l\u0131\u011f\u0131n\u0131 ve bilgeli\u011fini bir araya getirerek sa\u011fl\u0131kl\u0131 uzun \u00f6m\u00fcrl\u00fc bir kasaba yaratmak<\/h3>\n<p>Bu nedenle, Hokuryu Kasabas\u0131&#039;n\u0131n cazibe merkezlerinden en iyi \u015fekilde yararlanmak, yeme\u011fe, turizme ve sa\u011fl\u0131\u011fa \u00f6nem vermek ve kasaba halk\u0131n\u0131n yarat\u0131c\u0131l\u0131\u011f\u0131n\u0131 ve bilgeli\u011fini bir araya getirerek g\u00fcvenli ve sa\u011flam tar\u0131m \u00fcr\u00fcnleri ve Hokuryu Kapl\u0131calar\u0131&#039;n\u0131n e\u011flence olanaklar\u0131 arac\u0131l\u0131\u011f\u0131yla sa\u011fl\u0131kl\u0131 uzun \u00f6m\u00fcrl\u00fc bir kasaba haline getirmek istiyoruz.<\/p>\n<p>1 \u015eubat itibariyle Hokuryu Kasabas\u0131&#039;n\u0131n n\u00fcfusu 1.796&#039;d\u0131r. K\u00fc\u00e7\u00fck bir kasabada bile, orada ya\u015fayan insanlar\u0131n canl\u0131l\u0131k dolu, ruhsal a\u00e7\u0131dan zengin oldu\u011fu bir kasaba yaratmak gerekir. Bunu ger\u00e7e\u011fe d\u00f6n\u00fc\u015ft\u00fcrmek i\u00e7in \u00e7al\u0131\u015fmaya devam edece\u011fim.<\/p>\n<figure class=\"wp-caption aligncenter\"><a href=\"https:\/\/photos.google.com\/share\/AF1QipNnWN4S_o3NJhzQ158v4Jfn5pZyfkqxBKiVjOXLXsj_NOiSkJiYfjuLq3vUcFlhNw\/photo\/AF1QipOGPpeJ-44Wzs3wgBsem7fFHZdXKsiEIHYaIkQ?key=WVBGQk9rd2xxdU5qckVtU1IySHliQ1M3UkY1bHdB\" target=\"_blank\" rel=\"noopener noreferrer\"><img decoding=\"async\" src=\"https:\/\/lh3.googleusercontent.com\/0uc6TecbWFpJcsg-Vnry1L_X0eD5u220_3c2JS_TF4nHPCrgt5DsTDPWG9WAh0GIwPasPePb7p9G48aDmQ6XnIZ7W47O2BBWEKLqhl506OkrUutzSyAhV6WEgEfeYkIcNwYd3BKRjAy29XwnXGZieqnF0pevPpgtbAp7HwxttzPAReqGHwH6peNBQxzXdfK29cEbVWg67eGipzofLB0VqDyocSWo8ejj8-Ut2mnPn65TOBfs5uHYH_IZSSuGSJRcH2MoE5w9nyZiq5HSlaPUr9JdrGsQ60AoTp47JcEsQysIKGhFLMvYKevIgvje2jEHYFpJr0IXuVbUiJ7v87i9zkmaNPqgLHb3PQ_Ir-UfogkrjM-36zbwCmCoxqN_m-jRMIRkMYHdMS5bo6KKtbif-qz4GW4Tk-AAL0PVsKTboRR5zoePu5wJL0wvCuNC-t82dGKBQwqVhhlx-nHTph7vL5MGT1pmDGt7lFTRW2PNgEMFie56ZQyhBlATT7sI-0pT4LAdTnu_01a4WP9z0umOXGySELHsbLx-y35bfeebADOMsleTmvD4sLtTHGY50BdhyA-pVyWStol20QRSFKdSs9imp0ZAeUcThX1SlP9kWTAgPkbNUVI4wLPCM5y0aYns6lmfossNigtRxxhv5SwmdIrcqie2pSyp_PPhXGXS3osq_WMHil6fdRMqPmPkn81a1j7S0rVrRUCnkGJrCz111ZtZC9L8P-LUGPhBEqdu_tJMypsy=w2000-h1332-no\" width=\"1998\" height=\"1332\" alt=\"Vatanda\u015f\u0131n etkin rol oynad\u0131\u011f\u0131 bir kasaba in\u015fa etmeyi hedefliyoruz!\" class=\"size-medium\" \/><\/a><figcaption class=\"wp-caption-text\">Vatanda\u015f\u0131n etkin rol oynad\u0131\u011f\u0131 bir kasaba in\u015fa etmeyi hedefliyoruz!<\/figcaption><\/figure>\n<h3>Hokuryu Kasabas\u0131 \u00fclke \u00e7ap\u0131nda olduk\u00e7a itibarl\u0131 bir kasabad\u0131r.<\/h3>\n<p>Hokuryu Kasabas\u0131 \u00fclke \u00e7ap\u0131nda olduk\u00e7a itibarl\u0131 ve ilgi g\u00f6ren bir kasabad\u0131r.<\/p>\n<h4>G\u00fcvenli ve emniyetli tar\u0131msal \u00fcr\u00fcnler \u00fcreten tar\u0131m<\/h4>\n<p>Bunlardan biri de g\u00fcvenli ve emniyetli tar\u0131msal \u00fcr\u00fcnler \u00fcreten tar\u0131md\u0131r. Kitary\u016b kasabas\u0131n\u0131n tamam\u0131 pirin\u00e7 yeti\u015ftiricili\u011finde pestisit kullan\u0131m\u0131n\u0131 azaltmak i\u00e7in \u00e7al\u0131\u015fmalar y\u00fcr\u00fct\u00fcyor ve pirin\u00e7 \u00fcretimi bilgilerinin a\u00e7\u0131klanmas\u0131 i\u00e7in JASS standard\u0131n\u0131 elde etti. \u00dclkede \u00fcretim kooperatifine bu sertifikan\u0131n verildi\u011fi tek kasaba Hokuryu Kasabas\u0131&#039;d\u0131r. Bu durum, memleket vergileri yoluyla inan\u0131lmaz miktarda ba\u011f\u0131\u015f yap\u0131lmas\u0131na yol a\u00e7t\u0131.<\/p>\n<h4>Yeni bir \u00e7ekicili\u011fe sahip ay\u00e7i\u00e7e\u011fi k\u00f6y\u00fc<\/h4>\n<p>Bir\u00e7ok insan\u0131n kalbini fetheden Ay\u00e7i\u00e7e\u011fi K\u00f6y\u00fc&#039;n\u00fcn manzaras\u0131 art\u0131k sadece Japonya&#039;n\u0131n de\u011fil, d\u00fcnyan\u0131n en nefes kesici manzaralar\u0131ndan biri haline geldi ve buray\u0131 Japonya&#039;n\u0131n \u00f6nde gelen turizm merkezlerinden biri haline getirerek \u00fclkenin her yerinden ilgi oda\u011f\u0131 haline getirdi. Ancak Ay\u00e7i\u00e7e\u011fi K\u00f6y\u00fc&#039;n\u00fcn in\u015fas\u0131n\u0131n \u00fczerinden 30 y\u0131l\u0131 a\u015fk\u0131n s\u00fcre ge\u00e7mesine ra\u011fmen, g\u00f6zlem teras\u0131 ve turizm merkezindeki bozulmalar\u0131n giderilmesi gerekecek.<\/p>\n<p>Bildi\u011finiz gibi ay\u00e7i\u00e7e\u011finin en yo\u011fun sezonu temmuz sonu ile a\u011fustos sonu aras\u0131ndaki bir ayl\u0131k d\u00f6nemi kaps\u0131yor. Biz genel tabloyu de\u011ferlendiriyoruz ve \u00fclke \u00e7ap\u0131nda gurur duyabilece\u011fimiz yeni bir \u00e7ekicili\u011fe sahip ay\u00e7i\u00e7e\u011fi k\u00f6y\u00fc ve turistlerin y\u0131l boyunca ziyaret edece\u011fi bir kasaba yaratmak istiyoruz.<\/p>\n<h3>Refah ve e\u011fitim a\u00e7\u0131s\u0131ndan topluma katk\u0131 sa\u011flayabilen bir kasaba olmak<\/h3>\n<p>Ay\u00e7i\u00e7e\u011finin parlak ve sa\u011fl\u0131kl\u0131 g\u00f6r\u00fcnt\u00fcs\u00fcnden ve zengin do\u011fal tar\u0131m\u0131m\u0131zdan yola \u00e7\u0131karak, hem refah hem de e\u011fitim alan\u0131nda topluma katk\u0131 sa\u011flayabilen bir belde haline getirmek istiyoruz.<\/p>\n<p>Belediye ba\u015fkan\u0131 olarak benim g\u00f6revim, kasaba halk\u0131n\u0131n huzur i\u00e7inde ya\u015famas\u0131n\u0131 sa\u011flamak ve onlar\u0131n mutlulu\u011fu i\u00e7in \u00e7al\u0131\u015fmakt\u0131r. Kasaba halk\u0131n\u0131n merkezi rol oynad\u0131\u011f\u0131 bir kasaba yaratmak i\u00e7in \u00e7ok \u00e7al\u0131\u015fmay\u0131 d\u00fc\u015f\u00fcn\u00fcyorum.<\/p>\n<h3>T\u00fcm personel \u00fcyelerinin bilgeli\u011fini ve g\u00fcc\u00fcn\u00fc bir araya getirmek<\/h3>\n<p>Bunu ba\u015farmak i\u00e7in t\u00fcm personelimizin bilgeli\u011fini ve g\u00fcc\u00fcn\u00fc bir araya getirip birlikte \u00e7al\u0131\u015fmam\u0131z gerekti\u011fine inan\u0131yorum. G\u00f6revdeki \u00fc\u00e7\u00fcnc\u00fc d\u00f6nemimi tamamlarken, t\u00fcm personelimden anlay\u0131\u015f ve i\u015fbirli\u011finizin devam\u0131n\u0131 rica ediyor, selamlar\u0131m\u0131 iletiyorum. Belediye Ba\u015fkan\u0131 Yutaka Sano, g\u00fc\u00e7l\u00fc bir ses tonuyla, &quot;\u0130\u015fbirli\u011finiz i\u00e7in hepinize \u00e7ok te\u015fekk\u00fcr ederim&quot; dedi.<\/p>\n<figure class=\"wp-caption aligncenter\"><a href=\"https:\/\/photos.google.com\/share\/AF1QipNnWN4S_o3NJhzQ158v4Jfn5pZyfkqxBKiVjOXLXsj_NOiSkJiYfjuLq3vUcFlhNw\/photo\/AF1QipMlBpMBrkyJO8E_kWtXyAzVh9FfeqOLx0svnrc?key=WVBGQk9rd2xxdU5qckVtU1IySHliQ1M3UkY1bHdB\" target=\"_blank\" rel=\"noopener noreferrer\"><img decoding=\"async\" src=\"https:\/\/lh3.googleusercontent.com\/GshtPVxDVUs1WP7yte6cW1CBb30wzXddJNpTWDkk108MpItlmnAbigSzwJdcTEFXRDFkHZOJXOD9f9d380n7_Pk33-s7rjJ2dhLV8ZqnkhJLEYGf-Ta0FUvNHw40HUyyRcIqZzYECEyYBpDGSVsJ1VF1KwxqfjsvCmjC3V9peKSsrXLJ0hCeX8v0BpdpligQ7BF4lMCwaSyD2GhMkVGOdCRRQVM_zaql01fdwSrIG1034EvJBCyi0aIfVYmG2RcdjPNTRNcsBWClNas3idTcQ-5Z9Wkh90wZBwZFR7swxdSQGfBSRf0qDLY5F9jkgM5Rqxk8sptgNgiFW4jWW8X6P4oyQ2z5i1ipLMd6-LBGHO5RURAIsPOWzb6VpU3GwHOa9VmOvzdSztMNPnPiimdKU9DSlppC95QJtKPqv1eYjC1OD8qc04Nf9mYSbPU3CLi4Wh07VhvvbqdSm4t2L40KX68LYPojmzRlovGy3ezbqDVVr6GLrmKgxRloLeP_eY6V7nHsX7IPXq7B5zZBY0iVgCRtzyhYju_SjQoEqGDwahwp90QDhO3y8mcm8Kxu9RIL4hfTQo9Olse-Wgkjx6amFyE2AF_F8jDkPXcVOlg3olsL4gSBob9G4qQcGoN9n4KQgEjjqKzykg7X7X-FPbJpSly8tLTBrwxE95OQswpWLJx9-CM1dQeavig3dQ6AvboTQjTVDEIn5tSinfD9ROc2GpN5nLKrW-GggkzR-6cPKTe1m9FK=w2000-h1332-no\" width=\"1998\" height=\"1332\" alt=\"Hokuryu Kasabas\u0131 i\u00e7in parlak bir gelecek hedefliyoruz!\" class=\"size-medium\" \/><\/a><figcaption class=\"wp-caption-text\">Hokuryu Kasabas\u0131 i\u00e7in parlak bir gelecek hedefliyoruz!<\/figcaption><\/figure>\n<p>Hokuryu Kasabas\u0131, parlak ve sa\u011fl\u0131kl\u0131 ay\u00e7i\u00e7eklerinin yeti\u015fti\u011fi ve bereketli do\u011fan\u0131n b\u00f6lgeyi besledi\u011fi bir tar\u0131m kasabas\u0131d\u0131r.<br \/>\nBelediye Ba\u015fkan\u0131 Sano, kasabay\u0131 insanlar\u0131n mutluluk ve ne\u015felerini payla\u015fabilecekleri bir yer haline getirmeyi hedefliyor. \u00dc\u00e7\u00fcnc\u00fc d\u00f6neminde kasaba giderek geli\u015fecek ve b\u00fcy\u00fcyecek.<br \/>\nSonsuz sevgi, minnet ve dualar\u0131mla. . .<\/p>\n<figure class=\"wp-caption aligncenter\"><a href=\"https:\/\/photos.google.com\/share\/AF1QipPJHjgKuZ4mcIVhLcOqD8HjMVaWC6u9uwnS5zyc9gdMvbQM1IR8TST1xcrPUPZi6g\/photo\/AF1QipOhsXe99agK2nV553riB1j5OEQ3npk6Gg6fcI4?key=XzFBSzJaalFuWkFrNk55TVdjSU9QTTRYZW1adi13\" target=\"_blank\" rel=\"noopener noreferrer\"><img decoding=\"async\" src=\"https:\/\/lh3.googleusercontent.com\/7hX6ie1CQ5aiOE3qmsV0r7FGRJEKq5Omw5TAYgIzOErw-p4zzrewojuTeG7ByRGhzQjNnJooFraAZ9WKt8Qkdg8xhGQKAQixPmugapCOnMi85cqcoxN7H0LLAOJQFj0EjmYuLudPOE9NMMAmUvzdP_KA_di-PmUScx43U1NDdbs4G_UVSVIhjTzkuWJzoW01kHwWXbojlHOxKS30ypIrEmyrOXdiWKi2Y9-jfF9Cf7nUEZ5yVLFe_dsHxw-uXjl3pf5_0QxH7YyAiKHmArQfYk5kTAmRot0PwqSjUP6DhbEdmOt-AhjgqY6HYjk9ITdgNZHkJ-esEFlrwwg7XmLAxLWTUrdHx9jbuBwhAIslyqVhMRXv-3YXYDuhogl8FRz2xw7Fo-BZE9rDlBoq91--8EbmwpP9DVBcq8qRQ6SaIcP3ZujXDoAn4LAIl6YiyBHe9X6x55eIB43ADZ0C4E_rBQRTXV3i7Ju_C3oiuhPnedzZ7J6exgXb7YkBai3HbWhQd6-qyKhzKT3d5xAYE3i9UI9_e0r7er9QvuZ-JSRhaqg41Cc8_LG1nwJdRZJWBkFgB2SDnivThoM96dP4KpjRRcBRQTdd3S0Y7Q-9gvv6m-Ldtt294P4woKKUXtHwAlBZqJ4RITyQf-GSRuTRpGYq0C7Kv-IU9eAxLrJfAzX22D-dgTg8YcY1OhqsCgDuQ5OGvZKzlH9Qr_ytBlV0JLxXd6ab5ghN6py2B3Lji-h8RbJCJSU5=w2000-h1332-no\" width=\"1998\" height=\"1332\" alt=\"Sonsuz sevgi, minnet ve dualar\u0131mla. . .\" class=\"size-medium\" \/><\/a><figcaption class=\"wp-caption-text\">Sonsuz sevgi, minnet ve dualar\u0131mla. . .<\/figcaption><\/figure>\n\u3000<\/p>\n<h2>\u0130lgili makaleler<\/h2>\n<p>\u30fb<a href=\"https:\/\/portal.hokuryu.info\/tr\/634\/\">\u3297\ufe0f Yutaka Sano, Hokuriku belediye ba\u015fkanl\u0131\u011f\u0131 se\u00e7iminde sokak konu\u015fmalar\u0131nda &quot;sevin\u00e7 payla\u015fan&quot; rakipsiz se\u00e7imi kazand\u0131 ve kasaba geli\u015fimi i\u00e7in \u00e7a\u011fr\u0131da bulundu<\/a>(29 Ocak 2020)<br \/>\n\u3000<\/p>\n<p>\u25c7 \u00c7ekim ve kurgu: Noboru Terauchi R\u00f6portaj ve metin: Ikuko Terauchi<\/p>","protected":false},"excerpt":{"rendered":"<p>\uff12\uff10\uff12\uff10\u5e74\uff12\u6708\uff12\uff16\u65e5\uff08\u6c34\uff09 \u4ee4\u548c\uff12\u5e74\uff12\u6708\uff12\uff15\u65e5\uff08\u706b\uff09\u3001\u6674\u308c\u6e21\u308b\u9752\u7a7a\u306e\u5143\u3001\u4f50\u91ce\u8c4a\u753a\u9577\u306e\uff13\u671f\u76ee\u306e\u521d\u767b\u5e81\u306e\u65e5\u3092\u8fce\u3048\u307e\u3057\u305f\u3002 \u5317\u7adc\u753a\u5f79\u5834\u3078\u521d\u767b\u5e81 \u671d\uff18\u6642\uff14\uff15\u5206\u3001\u5e81\u820e\u6b63\u9762\u7384\u95a2\u524d\u306b\u6a2a\u4ed8\u3051\u3055\u308c\u516c\u7528\u8eca\u304b\u3089\u964d\u308a\u3089\u308c\u305f\u4f50 [&hellip;]<\/p>\n","protected":false},"author":1,"featured_media":1279,"comment_status":"open","ping_status":"open","sticky":false,"template":"","format":"standard","meta":{"footnotes":""},"categories":[4],"tags":[],"class_list":["post-1273","post","type-post","status-publish","format-standard","has-post-thumbnail","hentry","category-cover-story"],"_links":{"self":[{"href":"https:\/\/portal.hokuryu.info\/tr\/wp-json\/wp\/v2\/posts\/1273","targetHints":{"allow":["GET"]}}],"collection":[{"href":"https:\/\/portal.hokuryu.info\/tr\/wp-json\/wp\/v2\/posts"}],"about":[{"href":"https:\/\/portal.hokuryu.info\/tr\/wp-json\/wp\/v2\/types\/post"}],"author":[{"embeddable":true,"href":"https:\/\/portal.hokuryu.info\/tr\/wp-json\/wp\/v2\/users\/1"}],"replies":[{"embeddable":true,"href":"https:\/\/portal.hokuryu.info\/tr\/wp-json\/wp\/v2\/comments?post=1273"}],"version-history":[{"count":0,"href":"https:\/\/portal.hokuryu.info\/tr\/wp-json\/wp\/v2\/posts\/1273\/revisions"}],"wp:featuredmedia":[{"embeddable":true,"href":"https:\/\/portal.hokuryu.info\/tr\/wp-json\/wp\/v2\/media\/1279"}],"wp:attachment":[{"href":"https:\/\/portal.hokuryu.info\/tr\/wp-json\/wp\/v2\/media?parent=1273"}],"wp:term":[{"taxonomy":"category","embeddable":true,"href":"https:\/\/portal.hokuryu.info\/tr\/wp-json\/wp\/v2\/categories?post=1273"},{"taxonomy":"post_tag","embeddable":true,"href":"https:\/\/portal.hokuryu.info\/tr\/wp-json\/wp\/v2\/tags?post=1273"}],"curies":[{"name":"wp","href":"https:\/\/api.w.org\/{rel}","templated":true}]}}