{"id":12504,"date":"2021-08-27T10:30:23","date_gmt":"2021-08-27T01:30:23","guid":{"rendered":"https:\/\/portal.hokuryu.info\/?p=12504"},"modified":"2024-12-30T14:46:19","modified_gmt":"2024-12-30T05:46:19","slug":"seicomart-hekisui-kita-yerel-toplumun-yasamlarini-koruyor","status":"publish","type":"post","link":"https:\/\/portal.hokuryu.info\/tr\/12504\/","title":{"rendered":"Seico Mart Hekisui (Hekisui, Hokuryu Kasabas\u0131) yerel ya\u015fam\u0131 koruyor. Topluma katk\u0131da bulunma arzular\u0131ndan dolay\u0131 minnettar\u0131z!"},"content":{"rendered":"<p>Cuma, 27 A\u011fustos 2021<\/p>\n<p>Hokuryu Kasabas\u0131&#039;n\u0131n Hekisui b\u00f6lgesinde bulunan Seico Mart adl\u0131 market, b\u00f6lgedeki ya\u015fam bi\u00e7imini koruyan, yerel halk i\u00e7in de\u011ferli bir ma\u011faza.<\/p>\n<h2>Seicomart Hekisui (Hekisui, Hokuryu Kasabas\u0131)<\/h2>\n<figure class=\"wp-caption aligncenter\"><a href=\"https:\/\/photos.google.com\/share\/AF1QipOA4tibJwYOO0a4kMIGYN3OxMIVOlpD9N-SyeHqZf-NiJEw0zEXFhKWqevi49PtsQ\/photo\/AF1QipNJe9XG4fnSLmE7IOBucNCgUd4IWgpdY6h3lGI?key=SmNvd0s3N0ROczE1dzRPSWlHMVNKNGdib0RQVndB\" target=\"_blank\" rel=\"noopener\"><img decoding=\"async\" src=\"https:\/\/lh3.googleusercontent.com\/pw\/AM-JKLV7npqsDOIp-ijU8zsvWT71iNplSPeRXgRPnBcl_SctryQ4rCQnaDkaZ8EGb8JswmweUB4qGkyMpRDQt7Z6_dpDZi4Qzz88CyZIveznNJGKaef8n55DcNgXWExXiAmGrLMo-wWFgR9WN0ywX7rbOTIQ=w2000-h1333-no?authuser=0\" width=\"2000\" height=\"1333\" alt=\"Hekisui Seicomart yerel toplumu koruyor\" class=\"size-full\" \/><\/a><figcaption class=\"wp-caption-text\">Hekisui Seicomart yerel toplumu koruyor<\/figcaption><\/figure>\n<p>Seico Mart&#039;\u0131n 25 y\u0131l \u00f6nce piyasaya s\u00fcr\u00fcld\u00fc\u011f\u00fc zaman\u0131, Ryoji Kikura (JA Kitasorachi&#039;nin eski temsilci direkt\u00f6r\u00fc ve ba\u015fkan\u0131) ve Seico Mart Hekisui temsilcisi Masaru Hoshiba ile konu\u015ftuk.<\/p>\n<h2>Ryoji Kikura&#039;n\u0131n (82 ya\u015f\u0131nda) hikayesi<\/h2>\n<figure class=\"wp-caption aligncenter\"><a href=\"https:\/\/photos.google.com\/share\/AF1QipOA4tibJwYOO0a4kMIGYN3OxMIVOlpD9N-SyeHqZf-NiJEw0zEXFhKWqevi49PtsQ\/photo\/AF1QipNK7t7_0952KpnhxU48gltmyLrDdG8idGcnwZA?key=SmNvd0s3N0ROczE1dzRPSWlHMVNKNGdib0RQVndB\" target=\"_blank\" rel=\"noopener\"><img decoding=\"async\" src=\"https:\/\/lh3.googleusercontent.com\/pw\/AM-JKLX4sxzh94G6OWoeuNr9bT0-1m6CrT4ldzYfQMVzzv-ig76KVFAwu_m4hEOsbL0wKCuCj48kr6Ya-kGp4M-hwy1zX7UVmGcMVpNMZg2oklscAWCdmR8v92JiqsinMeUKshTnTjGQ89pZB3_dhO8wA9Tc=w2000-h1333-no?authuser=0\" width=\"2000\" height=\"1333\" alt=\"Ryoji Kikura (Kitasorachi Tar\u0131m Kooperatifi Derne\u011fi eski ba\u015fkan\u0131)\" class=\"size-full\" \/><\/a><figcaption class=\"wp-caption-text\">Ryoji Kikura (JA Kitasorachi&#039;nin eski ba\u015fkan\u0131)<\/figcaption><\/figure>\n<h4>Hokuryu Kasaba Tar\u0131m Kooperatifi taraf\u0131ndan i\u015fletilen \u00fc\u00e7 ma\u011faza<\/h4>\n<p>Sava\u015ftan k\u0131sa bir s\u00fcre sonra Hokuryu Kasabas\u0131 Tar\u0131m Kooperatifi kuruldu\u011funda, Hokuryu Kasabas\u0131&#039;n\u0131n Wa, Hekisui ve Mibauyu b\u00f6lgelerinde \u00fc\u00e7 ma\u011faza i\u015fletiyordu. Bakkal ve demirci d\u00fckk\u00e2n\u0131, tar\u0131msal kooperatif \u00fcyelerinin ge\u00e7im kaynaklar\u0131n\u0131n korunmas\u0131 i\u00e7in olmazsa olmaz tesislerdir.<\/p>\n<p>Ancak baz\u0131 ma\u011fazalar maddi s\u0131k\u0131nt\u0131larla bo\u011fu\u015fuyordu. Ancak ma\u011faza yerel ya\u015fam\u0131n \u00f6nemli bir par\u00e7as\u0131d\u0131r. Onu yok edemezsin. \u0130\u015fletmenin rasyonalizasyon plan\u0131 olu\u015fturuldu ve uygulamaya konuldu.<\/p>\n<h4>Wa b\u00f6lgesindeki ma\u011fazalar varl\u0131\u011f\u0131n\u0131 s\u00fcrd\u00fcr\u00fcrken, Mibowushi b\u00f6lgesindeki ma\u011fazalar devredilecek.<\/h4>\n<p>Kita Sorachi&#039;deki sekiz tar\u0131m kooperatifinin birle\u015ftirilmesi g\u00f6r\u00fc\u015f\u00fcl\u00fcrken, tar\u0131m kooperatiflerinin birle\u015fmesinin ko\u015fullar\u0131ndan birinin her tar\u0131m kooperatifinin bir ma\u011fazaya sahip olmas\u0131 oldu\u011fu konusunda anla\u015fmaya var\u0131ld\u0131 (JA Kita Sorachi birle\u015fmesi 2000 y\u0131l\u0131nda ger\u00e7ekle\u015fti). Kitary\u016b Kasabas\u0131 Tar\u0131m Kooperatifi, Wa b\u00f6lgesinde bir ma\u011fazay\u0131 a\u00e7\u0131k tutmaya karar verdi.<\/p>\n<p>Miwa s\u0131\u011f\u0131r eti alan\u0131yla ilgili olarak o d\u00f6nem Hokuryu Kasaba Tar\u0131m Kooperatifi&#039;nin ba\u015fkan\u0131yd\u0131m ve kooperatifin ba\u015fkan yard\u0131mc\u0131s\u0131 Yoshio Masakazu&#039;ya dan\u0131\u015ft\u0131m. Sendika Ba\u015fkan Yard\u0131mc\u0131s\u0131 Yoshio&#039;nun b\u00fcy\u00fck \u00e7abalar\u0131 sayesinde y\u00f6netim, Mibowu b\u00f6lgesi sakinlerinin y\u00f6netti\u011fi Hosokawa Shoten&#039;e devredildi.<\/p>\n<h4>Hekisui b\u00f6lge ma\u011fazas\u0131 Seico Mart ile birle\u015fecek.<\/h4>\n<p>Heisei semtindeki ma\u011fazan\u0131n ise bir markete devredilmesi i\u00e7in g\u00f6r\u00fc\u015fmeler yap\u0131lm\u0131\u015f, ancak \u015fartlar uygun olmay\u0131p, zorluk \u00e7\u0131kar\u0131lm\u0131\u015ft\u0131r. Marketlerin taze \u00fcr\u00fcnlerin sat\u0131\u015f alan\u0131n\u0131 veya do\u011frudan sat\u0131\u015f\u0131n\u0131 kabul etmedi\u011fini s\u00f6yl\u00fcyorlar.<\/p>\n<p>Bu durumda, il genelinde ma\u011faza a\u00e7may\u0131 hedefleyen Seico Mart, s\u00f6zle\u015fmeyi kabul eden tek \u015firket oldu. Daha \u00f6nce Kitary\u016b Kasaba Tar\u0131m Kooperatifi ma\u011fazas\u0131nda sat\u0131lan taze \u00fcr\u00fcnlerin sat\u0131\u015f yeri art\u0131k do\u011frudan sat\u0131\u015fa a\u00e7\u0131ld\u0131. Bu, Seico Mart Ba\u015fkan\u0131 Nagamitsu Nishio taraf\u0131ndan al\u0131nan bir karard\u0131. Bu, Hokkaido&#039;da bir tar\u0131m kooperatifi ile bir marketin ilk birle\u015fmesidir.<\/p>\n<p>Hekisui il\u00e7esindeki tar\u0131m kooperatifi ma\u011fazas\u0131 1997 y\u0131l\u0131nda &quot;Secomart Hekisui&quot; ad\u0131yla market olarak faaliyete ba\u015flad\u0131 (Heisei 9).<\/p>\n<figure class=\"wp-caption aligncenter\"><a href=\"https:\/\/photos.google.com\/share\/AF1QipOA4tibJwYOO0a4kMIGYN3OxMIVOlpD9N-SyeHqZf-NiJEw0zEXFhKWqevi49PtsQ\/photo\/AF1QipMAZBzsakwMhPS97x_EcmN7ozrBS2OQFuGu06k?key=SmNvd0s3N0ROczE1dzRPSWlHMVNKNGdib0RQVndB\" target=\"_blank\" rel=\"noopener\"><img decoding=\"async\" src=\"https:\/\/lh3.googleusercontent.com\/pw\/AM-JKLXMWoq4Qv2jVtHnPsUvKHYDZUE724DU-mdj5rqcD4CLo1izDWZga6lu8VowEXKGoRAYUVDr1k84v5SEMFZeJPx0tNG-UWzcJyDnHVy0zI_pe4YWdIXjHNOqNmSWcObu02Tm5tOIq5qBX9hkpDIx7MAm=w2000-h1333-no?authuser=0\" width=\"2000\" height=\"1333\" alt=\"Bay Kikura tar\u0131msal kooperatif ma\u011fazalar\u0131ndan bahsediyor\" class=\"size-full\" \/><\/a><figcaption class=\"wp-caption-text\">Bay Kikura tar\u0131msal kooperatif ma\u011fazalar\u0131ndan bahsediyor<\/figcaption><\/figure>\n<h2>Tadashi Hoshiba&#039;n\u0131n (76 ya\u015f\u0131nda) hikayesi<\/h2>\n<figure class=\"wp-caption aligncenter\"><a href=\"https:\/\/photos.google.com\/share\/AF1QipOA4tibJwYOO0a4kMIGYN3OxMIVOlpD9N-SyeHqZf-NiJEw0zEXFhKWqevi49PtsQ\/photo\/AF1QipPB0WbEQQyq6I89_omh5qrEk_cleF_B8YlWGzw?key=SmNvd0s3N0ROczE1dzRPSWlHMVNKNGdib0RQVndB\" target=\"_blank\" rel=\"noopener\"><img decoding=\"async\" src=\"https:\/\/lh3.googleusercontent.com\/pw\/AM-JKLVf8qJC4K54x5-8BssMeQJN8-Yz0aIDtKuqba0QlaQVyrruGyJHOoPa-lHo8Fo58FzOMKwcj9B1nG39u8PpPmXgVuCX80j2SXZPHBO8u2Y4bRKYHuCfnACk8johNWPQrgJdzaAfxnC4cLKlVGJ4EguM=w2000-h1333-no?authuser=0\" width=\"2000\" height=\"1333\" alt=\"Masashi Hoshiba (Seicomart&#039;\u0131n CEO&#039;su)\" class=\"size-full\" \/><\/a><figcaption class=\"wp-caption-text\">Masashi Hoshiba (Seicomart&#039;\u0131n CEO&#039;su)<\/figcaption><\/figure>\n<h4>Emeklilik paras\u0131n\u0131 yat\u0131rd\u0131 ve Seico Mart Hekisui&#039;yi y\u00f6netmeye ba\u015flad\u0131!<\/h4>\n<p>Hokuryu Kent Tar\u0131m Kooperatifinde \u00e7al\u0131\u015f\u0131rken Hekisui b\u00f6lgesindeki ma\u011fazaya transfer oldum ve y\u00f6netiminde yer ald\u0131m.<\/p>\n<p>Daha sonra, Seico Mart&#039;a d\u0131\u015f kaynak kullan\u0131m\u0131yla ilgili g\u00f6r\u00fc\u015fmeler ilerledik\u00e7e, Hokuryu Kasaba Tar\u0131m Kooperatifi&#039;nin y\u00f6netim kurulundan be\u015f \u00fcye ve personeli bir \u015firket kurarak Seico Mart Hekisui&#039;yi i\u015fletmeye ba\u015flad\u0131. Tar\u0131m kooperatifinin y\u00f6neticileri sendika ba\u015fkan\u0131 Bay Kikura, ba\u015fkan yard\u0131mc\u0131s\u0131 Bay Yoshio ve personel \u00fcyeleri Bay Ishikawa, Bay Hoshiba ve ma\u011faza m\u00fcd\u00fcr\u00fc Bay Fujii olmak \u00fczere toplam be\u015f ki\u015fiydi.<\/p>\n<p>Ancak tar\u0131m kooperatiflerinin birle\u015fmesinin ard\u0131ndan JA Kitasorachi ile Seico Mart&#039;\u0131n farkl\u0131 mali y\u0131l sonlar\u0131na sahip oldu\u011fu ve muhasebe hukuku uyar\u0131nca tar\u0131m kooperatiflerinin Seico Mart Hekisui ma\u011fazalar\u0131n\u0131 i\u015fletemedi\u011fi ortaya \u00e7\u0131kt\u0131. Bunun sebebi bir kurulu\u015fun iki mali y\u0131l\u0131 olmamas\u0131d\u0131r.<\/p>\n<p>B\u00f6ylece 54 ya\u015f\u0131ma geldi\u011fimde JA Kitasorachi&#039;den emekli oldum, emeklilik param\u0131 kullanarak tar\u0131m kooperatifinin sahip oldu\u011fu hisseleri 10 milyon yen kar\u015f\u0131l\u0131\u011f\u0131nda sat\u0131n ald\u0131m ve temsilci m\u00fcd\u00fcr\u00fc oldum. Seico Mart\u2019\u0131 tar\u0131m kooperatifinden ba\u011f\u0131ms\u0131z olarak i\u015fletmeye ba\u015flad\u0131k.<\/p>\n<p>Kar\u015f\u0131da Hokkaido&#039;da sat\u0131\u015flar\u0131 ilk be\u015fte yer alan bir 7-Eleven vard\u0131, dolay\u0131s\u0131yla gelece\u011fi belirsizdi. Ama \u00e7ok fazla insanla \u00e7ok zorlu ili\u015fkiler ya\u015fad\u0131\u011f\u0131m i\u00e7in ka\u00e7\u0131p gidemem (g\u00fcl\u00fcyor). \u015eu ana kadar bunun \u00fczerinde \u00e7ok \u00e7al\u0131\u015ft\u0131m.<\/p>\n<h4>E\u015fimin ve mahalle halk\u0131n\u0131n deste\u011fiyle ma\u011fazay\u0131 devralabildim.<\/h4>\n<p>Seicomart Hekisui&#039;yi \u00e7al\u0131\u015ft\u0131rmaya devam edebilmemin sebebi annemdi (<a href=\"https:\/\/portal.hokuryu.info\/tr\/shiningpeople\/people\/20140916\/\" rel=\"noopener\" target=\"_blank\">Ikuko Hoshiba<\/a>) g\u00fczellik salonu i\u015fleten bir ki\u015fiydi. \u0130lk ba\u015flarda \u00e7e\u015fitli faturalar\u0131 \u00f6demekte \u00e7ok zorluk \u00e7ektim ama annemin g\u00fcnl\u00fck hayat\u0131mda bana destek olmas\u0131 ve bu s\u00fcreci atlatmama yard\u0131mc\u0131 olmas\u0131 beni \u00e7ok mutlu ediyor.<\/p>\n<p>Tesisimizi ziyafetler, anma t\u00f6renleri, d\u00fc\u011f\u00fcnler, cenazeler ve di\u011fer t\u00f6rensel etkinlikler i\u00e7in kullanan yerel tar\u0131m kooperatifleri ve kurulu\u015flar\u0131 sayesinde \u015fu ana kadar faaliyetlerimizi s\u00fcrd\u00fcrebildik. Ger\u00e7ekten \u00e7ok faydal\u0131. Ge\u00e7mi\u015fte d\u00fc\u011f\u00fcnler, cenazeler ve di\u011fer t\u00f6renler \u00e7ok g\u00f6rkemli olurdu ve kutular ikram ve hediyeler i\u00e7in kullan\u0131l\u0131rd\u0131.<\/p>\n<p>T\u00fcm kasaba halk\u0131 ma\u011fazan\u0131n en iyi \u015fekilde i\u015fletilmesi ve canl\u0131, hareketli bir yer haline getirilmesi i\u00e7in destek ve i\u015fbirli\u011fi i\u00e7indeydi. Yerel halk\u0131n ma\u011fazam\u0131z\u0131 bu kadar s\u0131k ziyaret etmesinden ger\u00e7ekten minnettar\u0131z.<\/p>\n<h4>Ma\u011faza m\u00fcd\u00fcr\u00fc Junpei Mihara ve Daisuke Fujita&#039;ya emeklerinden dolay\u0131 te\u015fekk\u00fcr ederiz!<\/h4>\n<p>\u015eu anki ma\u011faza m\u00fcd\u00fcr\u00fc Junpei Mihara ve Daisuke Fujita, ma\u011faza a\u00e7\u0131ld\u0131\u011f\u0131ndan beri ma\u011fazada \u00e7al\u0131\u015f\u0131yorlar ve tek bir \u015fikayet veya homurdanma olmadan sessizce i\u015flerini yaparak inan\u0131lmaz derecede \u00e7ok \u00e7al\u0131\u015f\u0131yorlar.<\/p>\n<p>M\u00fc\u015fteriden gelen sipari\u015f ne kadar k\u00fc\u00e7\u00fck olursa olsun, miktar\u0131 veya say\u0131s\u0131 ne olursa olsun, ikisi de ya\u015fl\u0131 insanlara \u00fcr\u00fcn ula\u015ft\u0131rmak i\u00e7in yorulmadan \u00e7al\u0131\u015f\u0131yor. \u0130kiniz de b\u00f6lge halk\u0131n\u0131n g\u00fcvenini kazanm\u0131\u015f, herkes taraf\u0131ndan sevilen, ger\u00e7ekten \u00f6nemli insanlars\u0131n\u0131z.<\/p>\n<figure class=\"wp-caption aligncenter\"><a href=\"https:\/\/photos.google.com\/share\/AF1QipOA4tibJwYOO0a4kMIGYN3OxMIVOlpD9N-SyeHqZf-NiJEw0zEXFhKWqevi49PtsQ\/photo\/AF1QipOAwofX1KZCCWJA0r6ISdl7-QqAJtU04G6UeiU?key=SmNvd0s3N0ROczE1dzRPSWlHMVNKNGdib0RQVndB\" target=\"_blank\" rel=\"noopener\"><img decoding=\"async\" src=\"https:\/\/lh3.googleusercontent.com\/pw\/AM-JKLUvxpB_fmZfUfxfA3nCvKQBsc9-tE7CIjmfGdcylmHn6b_Lc1nLuGODQdIg7pO5eiM6Zz_HaiADAzVu5g-cwjY8JcQB78VyJ4ILYu8jQmyjPxkFnBHUTeceqP9ogbX28xE2htzEJoc5f_hgq8D7dfwZ=w2000-h1333-no?authuser=0\" width=\"2000\" height=\"1333\" alt=\"Emeklerinden dolay\u0131 Junpei Mihara ve Daisuke Fujita&#039;ya te\u015fekk\u00fcr ederiz!\" class=\"size-full\" \/><\/a><figcaption class=\"wp-caption-text\">Emeklerinden dolay\u0131 Junpei Mihara ve Daisuke Fujita&#039;ya te\u015fekk\u00fcr ederiz!<\/figcaption><\/figure>\n<h4>Sa\u011fl\u0131kl\u0131 olman\u0131n s\u0131rr\u0131, i\u015f yerinde v\u00fccudunuzu hareket ettirmektir<\/h4>\n<p>Bu i\u015f sayesinde sa\u011fl\u0131\u011f\u0131m h\u00e2l\u00e2 yerinde. Sabah\u0131n erken saatlerinden itibaren olabildi\u011fince hareket halindeydim, bu y\u00fczden v\u00fccudum i\u00e7in \u00e7ok iyi oldu\u011funu d\u00fc\u015f\u00fcn\u00fcyorum.<\/p>\n<p>Sabah 3&#039;te uyan\u0131yorum ve 4&#039;te i\u015fe gitmek i\u00e7in haz\u0131rlanmaya ba\u015fl\u0131yorum. \u00dcr\u00fcnler saat 5&#039;te ma\u011fazaya teslim edilecektir. Eve saat 17:30 civar\u0131nda geliyorum ve 19:00&#039;da yata\u011fa giriyorum. Bunu 20 y\u0131ldan fazla bir s\u00fcredir her g\u00fcn ya\u015f\u0131yorum.<\/p>\n<p>K\u0131\u015f\u0131n bu zor bir i\u015f \u00e7\u00fcnk\u00fc Seiko Mart teslimat kamyonlar\u0131 gelmeden \u00f6nce kar temizleme i\u015fini tamamlamam\u0131z gerekiyor.<\/p>\n<h4>Yerel halka \u015f\u00fckran<\/h4>\n<p>Ma\u011fazan\u0131n bu \u015fekilde devam edebilmesi yerel toplulu\u011fun sayesindedir. Sadece minnettar olabilirim!<\/p>\n<figure class=\"wp-caption aligncenter\"><a href=\"https:\/\/photos.google.com\/share\/AF1QipOA4tibJwYOO0a4kMIGYN3OxMIVOlpD9N-SyeHqZf-NiJEw0zEXFhKWqevi49PtsQ\/photo\/AF1QipPDZVDL89UT7JF7LQKYNyYkEVYdPt2T5CpZ9zo?key=SmNvd0s3N0ROczE1dzRPSWlHMVNKNGdib0RQVndB\" target=\"_blank\" rel=\"noopener\"><img decoding=\"async\" src=\"https:\/\/lh3.googleusercontent.com\/pw\/AM-JKLWj-1UjecCTl09R_ZlaPq_q-pAIQVHSQiDGb38rHY0gIwuul-O92h8jdG40ve2V1LCW95s1u4JgJfNiJQHuy0mJ8-deC19Ah2ktl0P5OGckMPWIBYbVQtGYvS0zA-eCxfjt6V7z71_1skwvic0TO389=w2000-h1333-no?authuser=2\" width=\"2000\" height=\"1333\" alt=\"Bizi destekleyen yerel halka te\u015fekk\u00fcr ederiz! ! !\" class=\"size-full\" \/><\/a><figcaption class=\"wp-caption-text\">Bizi destekleyen yerel halka te\u015fekk\u00fcr ederiz! ! !<\/figcaption><\/figure>\n<h2>Ryoji Kikura&#039;n\u0131n hikayesi: Hokuryu Kasabas\u0131&#039;ndaki Hoshiba ailesinde ya\u015fayan b\u00fcy\u00fck ruh<\/h2>\n<p>Bay Hoshiba&#039;n\u0131n anne ve babas\u0131 \u00e7ok iyi insanlard\u0131. Babam\u0131n y\u00fcz\u00fc her zaman g\u00fclerdi ve onu hi\u00e7bir zaman sinirli g\u00f6rmedim, annem ise \u00e7ok nazik ve zarif bir insand\u0131. Ebeveynleri bir tofu d\u00fckkan\u0131 i\u015fletiyor ve s\u00f6zle\u015fmeli istasyon \u015fefi olarak \u00e7al\u0131\u015f\u0131yorlard\u0131; dokuz karde\u015ften olu\u015fan b\u00fcy\u00fck bir ailenin par\u00e7as\u0131yd\u0131lar.<\/p>\n<p>En b\u00fcy\u00fck o\u011ful<a href=\"https:\/\/portal.hokuryu.info\/tr\/topics\/culture\/20161213.html\/\" rel=\"noopener\" target=\"_blank\">Hajime Hoshiba<\/a>Hokuryu Belediye Binas\u0131&#039;n\u0131n eski ba\u015fkan yard\u0131mc\u0131s\u0131d\u0131r. Say\u0131n Hoshiba Kuni, Arazi Geli\u015ftirme B\u00f6lgesi&#039;nde \u00e7al\u0131\u015f\u0131yordu ve erken ya\u015fta vefat etti.<a href=\"https:\/\/portal.hokuryu.info\/tr\/3412\/\" rel=\"noopener\" target=\"_blank\">Isao Ho\u015fiba<\/a>Erken ba\u015flang\u0131\u00e7l\u0131 demans hastalar\u0131n\u0131n aileleri i\u00e7in ulusal bir \u00f6rg\u00fct olan Saisei-no-Kai&#039;nin (2006&#039;dan beri) temsilcisi ve Hokuriku Kasabas\u0131&#039;n\u0131n erken ba\u015flang\u0131\u00e7l\u0131 demans hastalar\u0131 aile derne\u011fi Sorachi Himawari&#039;nin temsilcisi olmak da dahil olmak \u00fczere \u00e7e\u015fitli sosyal refah faaliyetlerine \u00f6nemli katk\u0131larda bulunmu\u015ftur.<\/p>\n<p>Ailenin t\u00fcm \u00fcyeleri, topluma b\u00fcy\u00fck katk\u0131larda bulunmu\u015f ve Kitary\u016b Kasabas\u0131&#039;na adanm\u0131\u015f uzun bir insan soyundan geliyor.<\/p>\n<p>Hekisui b\u00f6lgesindeki insanlar\u0131n hayatlar\u0131n\u0131 koruyan Seico Mart Hekisui&#039;nin bug\u00fcn de faaliyetlerini s\u00fcrd\u00fcrebilmesinin sebebinin, Say\u0131n Hoshiba Tadashi&#039;nin emeklilik maa\u015f\u0131n\u0131 ikinci hayat\u0131na ve toplumu korumaya adama konusundaki y\u00fcre\u011findeki g\u00fc\u00e7l\u00fc tutku oldu\u011funa inan\u0131yorum. Topluma katk\u0131da bulunma iste\u011finin Hoshiba ailesinin kan\u0131nda oldu\u011funu d\u00fc\u015f\u00fcn\u00fcyorum.<\/p>\n<h2>Seicomart Hekisui<\/h2>\n<h3>\u00c7al\u0131\u015fma saatleri 06:00-24:00<\/h3>\n<figure class=\"wp-caption aligncenter\"><a href=\"https:\/\/photos.google.com\/share\/AF1QipOA4tibJwYOO0a4kMIGYN3OxMIVOlpD9N-SyeHqZf-NiJEw0zEXFhKWqevi49PtsQ\/photo\/AF1QipNrtJWfCcUJKoPKWWoaGrwWbGMlbb7rxLB_vA8?key=SmNvd0s3N0ROczE1dzRPSWlHMVNKNGdib0RQVndB\" target=\"_blank\" rel=\"noopener\"><img decoding=\"async\" src=\"https:\/\/lh3.googleusercontent.com\/pw\/AM-JKLU6wYOFv29PLXZRk9MPbk34ySwhNMsqhBG16M5ihOM3Yso_71OiuybsrA1-68e7sQbtuNBuZLTRIIdw3FDOqmz8w9Nr8lwLO-6HqMrQuXQNk_TPaZenev10VdCyE6BNUtTksmCE94-s8ooy2WN3V6Mg=w2000-h1333-no?authuser=0\" width=\"2000\" height=\"1333\" alt=\"\u0130\u015fletme Bilgileri\" class=\"size-full\" \/><\/a><figcaption class=\"wp-caption-text\">\u0130\u015fletme Bilgileri<\/figcaption><\/figure>\n<h3>Yan yemek k\u00f6\u015fesi<\/h3>\n<figure class=\"wp-caption aligncenter\"><a href=\"https:\/\/photos.google.com\/share\/AF1QipOA4tibJwYOO0a4kMIGYN3OxMIVOlpD9N-SyeHqZf-NiJEw0zEXFhKWqevi49PtsQ\/photo\/AF1QipNLrErUw8RQXBSu3RDE1XX6y8B3uZDfuTomuM0?key=SmNvd0s3N0ROczE1dzRPSWlHMVNKNGdib0RQVndB\" target=\"_blank\" rel=\"noopener\"><img decoding=\"async\" src=\"https:\/\/lh3.googleusercontent.com\/pw\/AM-JKLUrI3nx77BoL2m8PHU0MnW5SBSItsit2xq5zDfQ-cDNTdA9JIrHfKc4qnVekpQ8NKn5Lk3istLpFIr0UwoLh__4x4FCqJpLnFvlmmSgJ1peqz-99Cz3A7Qf_OHrvAnKLE0i8plUOXbLJuCwZLpQLWva=w2000-h1333-no?authuser=0\" width=\"2000\" height=\"1333\" alt=\"Yan yemek k\u00f6\u015fesi\" class=\"size-full\" \/><\/a><figcaption class=\"wp-caption-text\">Yan yemek k\u00f6\u015fesi<\/figcaption><\/figure>\n<h3>Tatl\u0131 K\u00f6\u015fesi<\/h3>\n<figure class=\"wp-caption aligncenter\"><a href=\"https:\/\/photos.google.com\/share\/AF1QipOA4tibJwYOO0a4kMIGYN3OxMIVOlpD9N-SyeHqZf-NiJEw0zEXFhKWqevi49PtsQ\/photo\/AF1QipOjEoqYvuuqayjyMGvyBCrBvBnQ94jW1GyQlGI?key=SmNvd0s3N0ROczE1dzRPSWlHMVNKNGdib0RQVndB\" target=\"_blank\" rel=\"noopener\"><img decoding=\"async\" src=\"https:\/\/lh3.googleusercontent.com\/pw\/AM-JKLXHIlUVF2Zf-jDdcmykBaB3SORHNehBjU6D7UmlDJxDyfDD9qG0n-wICL8CoVxX4O4J6EorziCYF4jOM9Da_im5Vhl1L0mD1L9Yc0uLpYO1VhAYhqgkRJ3wdfSB2kiCXdoA-yYd4-3FG9jJZihBoaMO=w2000-h1333-no?authuser=0\" width=\"2000\" height=\"1333\" alt=\"Tatl\u0131 K\u00f6\u015fesi\" class=\"size-full\" \/><\/a><figcaption class=\"wp-caption-text\">Tatl\u0131 K\u00f6\u015fesi<\/figcaption><\/figure>\n<h3>Ev e\u015fyalar\u0131<\/h3>\n<figure class=\"wp-caption aligncenter\"><a href=\"https:\/\/photos.google.com\/share\/AF1QipOA4tibJwYOO0a4kMIGYN3OxMIVOlpD9N-SyeHqZf-NiJEw0zEXFhKWqevi49PtsQ\/photo\/AF1QipOJ5ERbtcSA4PxR8mxQDZR36LPyges3ZjN-vak?key=SmNvd0s3N0ROczE1dzRPSWlHMVNKNGdib0RQVndB\" target=\"_blank\" rel=\"noopener\"><img decoding=\"async\" src=\"https:\/\/lh3.googleusercontent.com\/pw\/AM-JKLV6GIr17Ym_P9iikkjws1D3IJjAM_sBhh6j1MYIc1a9w1WrSTGas-FcxWELnR6SAUmI4IwJfZVVjBx8R2tA8y735U47W3Fb0RjCZtgzN4TIekIRCiWjA60JEfftXdPuWGW2B4nkrHQG4zX7xF2eny3B=w2000-h1333-no?authuser=0\" width=\"2000\" height=\"1333\" alt=\"Ev e\u015fyalar\u0131 b\u00f6l\u00fcm\u00fc\" class=\"size-full\" \/><\/a><figcaption class=\"wp-caption-text\">Ev e\u015fyalar\u0131 b\u00f6l\u00fcm\u00fc<\/figcaption><\/figure>\n<h3>Seico Mart&#039;\u0131n Dorayaki&#039;si<\/h3>\n<p>\u0130ki tane sat\u0131n alana bir \u015fi\u015fe Hojicha bedava! ! !<\/p>\n<figure class=\"wp-caption aligncenter\"><a href=\"https:\/\/photos.google.com\/share\/AF1QipOA4tibJwYOO0a4kMIGYN3OxMIVOlpD9N-SyeHqZf-NiJEw0zEXFhKWqevi49PtsQ\/photo\/AF1QipOMhCOs6GlKJTsw8DfJ_eWh3CMPaPom3FlVDMs?key=SmNvd0s3N0ROczE1dzRPSWlHMVNKNGdib0RQVndB\" target=\"_blank\" rel=\"noopener\"><img decoding=\"async\" src=\"https:\/\/lh3.googleusercontent.com\/pw\/AM-JKLUzHDVTDRDG6VBDYkNVahYCvn0B2Ip-k93facwQdatZtC9M5aGMzOwVl2bhmwR5f3cB3DvvlHYWBgGImZgKq9Ksoh6IYYhTZMbMG21WKCflp-bx5bHhBTwy-KbI7VrRwTHFjaw0Z58aZ8d2wFaRS6ZV=w2000-h1333-no?authuser=0\" width=\"2000\" height=\"1333\" alt=\"Seico Mart&#039;\u0131n Dorayaki&#039;si\" class=\"size-full\" \/><\/a><figcaption class=\"wp-caption-text\">Seico Mart&#039;\u0131n Dorayaki&#039;si<\/figcaption><\/figure>\n<p>Seicomart&#039;\u0131n 50. Y\u0131l \u015e\u00fckran G\u00fcn\u00fc Festivali&#039;ne (1971-2021) \u015f\u00fckranlar\u0131m\u0131zla. . .<\/p>\n<figure class=\"wp-caption aligncenter\"><a href=\"https:\/\/photos.google.com\/share\/AF1QipOA4tibJwYOO0a4kMIGYN3OxMIVOlpD9N-SyeHqZf-NiJEw0zEXFhKWqevi49PtsQ\/photo\/AF1QipMrb7q9xG-ZAyxwKhJvk5h8XW_CfCVbzlbGuFo?key=SmNvd0s3N0ROczE1dzRPSWlHMVNKNGdib0RQVndB\" target=\"_blank\" rel=\"noopener\"><img decoding=\"async\" src=\"https:\/\/lh3.googleusercontent.com\/pw\/AM-JKLUOja2c8oE-Lc5-517ylFWyIYgozhePZhLoQVu1TdHD2eTn509SDdjP25kpeunSFDMjnnD-IyLfZx4J6R6ybIiqOpAn6wDP5igUg9fSbWwgndb-s8YXe-HEjaRwcYivJUyp6wkLwqgGSOHSpGEaFyvN=w2000-h1333-no?authuser=0\" width=\"2000\" height=\"1333\" alt=\"Seco Mart 50. Y\u0131ld\u00f6n\u00fcm\u00fc \u015e\u00fckran G\u00fcn\u00fc (1971-2021)\" class=\"size-full\" \/><\/a><figcaption class=\"wp-caption-text\">Seico Mart 50. Y\u0131l \u015e\u00fckran G\u00fcn\u00fc Festivali (1971-2021)<\/figcaption><\/figure>\n<p>Yerel halk taraf\u0131ndan desteklenen ve tutkulu bir y\u00fcrekle korunarak toplumun ya\u015fam bi\u00e7imini koruyan de\u011ferli bir yerel ma\u011faza olan Seico Mart&#039;a sonsuz sevgimiz, \u015f\u00fckranlar\u0131m\u0131z ve dualar\u0131m\u0131z gidiyor. . .<\/p>\n<h2>\u0130lgili Makaleler\/Siteler<\/h2>\n<h3>Ryoji Kikura (JA Kitasorachi&#039;nin eski ba\u015fkan\u0131 ve temsilci direkt\u00f6r\u00fc)<\/h3>\n\n        <div class=\"site-blogcard-premium\">\n            <div class=\"bc-label-custom\">\u0130lgili makaleler<\/div>\n            <div class=\"bc-flex-container\">\n                <div class=\"bc-main-text\">\n                    <div class=\"bc-title-link-box\">\n                        <a href=\"https:\/\/portal.hokuryu.info\/tr\/topics\/culture\/20191216.html\/\" target=\"_blank\">520. ders &quot;Yiyecek hayatt\u0131r \/ Ya\u015fam, yiyecek, \u00e7evre ve ya\u015fam Hokuryu Kasabas\u0131nda korunur ve beslenir&quot; Ryoji Kikura @ Himawari \u00dcniversitesi (Hokuryu Kasabas\u0131) - Hokuryu Kasabas\u0131 Portal\u0131 (Hokkaido) \u30fb Japonya&#039;n\u0131n 1 numaral\u0131 ay\u00e7i\u00e7e\u011fi k\u00f6y\u00fc<\/a>\n                    <\/div>\n                    <div class=\"bc-excerpt-box\">5 Aral\u0131k Per\u015fembe g\u00fcn\u00fc, Hokuryu Kasabas\u0131 Ay\u00e7i\u00e7e\u011fi \u00dcniversitesi&#039;nde &quot;Yemek Hayatt\u0131r&quot;, &quot;Hayat, Yemek, \u00c7evre ve Ya\u015fam&quot; temalar\u0131 \u00fczerine bir oturum d\u00fczenlendi...<\/div>\n                <\/div>\n                <div class=\"bc-thumbnail-box\">\n                    <a href=\"https:\/\/portal.hokuryu.info\/tr\/topics\/culture\/20191216.html\/\" target=\"_blank\">\n                        <div class=\"bc-img-zoom-wrap\">\n                            <img decoding=\"async\" src=\"https:\/\/lh3.googleusercontent.com\/t96sTQoc0R5-Sqz9wvxL1BhigluYAXYnT7qu5BPCjn_UVndDmZgBmFpH4oVWzIBZ8_Ia5kZTc0KSJYykBfV7-4PJ0zxoFH6PdXv5ySiqEa0kbLWfuT-0VdL8WCs1TPF4MFXIDUPWCttsZfvL6VxH5Wpo8Z8_U1u-XfXr72v75ScqB5TtEBtg-94U8ABKSr7ra_h57vH_PGMAa2A9jnHYrwZexisPaIuo9rfWPXFpuMW1wY-x2MjYY-tG14WelE3QLmNGBxZ3XgqEEX1IX7fp-Sp0JxHiiQ_OMcbVpxbB7QwoNSApTm6Ug7dljELJ0nrurH41-Svtis0X5JoN6wsyNoPHcO52Xi_tAMXyNYxX3itriVb61ePZro7ZNoPx-nH9_-xPiQhVXxxLHCg-v64fs50f4q8LXiffypzNe2uc5s3zP5lqjKvML5bRlPnVaFKvTZBcWvjvssov49EO81OzFNlwxc3c_Mzk8QnwtoZBAabjjxM2I98LcOJIZL1Ieqiq7In4pkii_5ibvS1ayz3m3g2SwFvLRTxB8aaRD0-ABYgqiIBlee4AY8TTPGl8BKZqYXuPFnQzpKMeWiUr_1WDxumRvRSMrWHySKWNY626hKA58ZBcbaL2PA34Bvgb4HuXaTOFnybaKreer7tfMUKtFgW49WaiThsWoQzWJvMZHhph5BBHxtOhgIte51VvIx92gVk-BUhcnfHL6U4V1601rZGvSu67-Q3ZWGUZCN6GLONfhcs=w1408-h939-no\" alt=\"520. ders &quot;Yiyecek hayatt\u0131r \/ Ya\u015fam, yiyecek, \u00e7evre ve ya\u015fam Hokuryu Kasabas\u0131nda korunur ve beslenir&quot; Ryoji Kikura @ Himawari \u00dcniversitesi (Hokuryu Kasabas\u0131) - Hokuryu Kasabas\u0131 Portal\u0131 (Hokkaido) \u30fb Japonya&#039;n\u0131n 1 numaral\u0131 ay\u00e7i\u00e7e\u011fi k\u00f6y\u00fc\">\n                        <\/div>\n                    <\/a>\n                <\/div>\n            <\/div>\n        <\/div>\n<h3>Seicomart Hekisui, Masashi Hoshiba, Temsilci<\/h3>\n\n        <div class=\"site-blogcard-premium\">\n            <div class=\"bc-label-custom\">\u0130lgili makaleler<\/div>\n            <div class=\"bc-flex-container\">\n                <div class=\"bc-main-text\">\n                    <div class=\"bc-title-link-box\">\n                        <a href=\"https:\/\/portal.hokuryu.info\/tr\/topics\/neighborhood_assoc\/2013yawarahoncho.html\/\" target=\"_blank\">Yawarahoncho Mahalle Derne\u011fi - Hokuryu Kasaba Portal\u0131 (Hokkaido) - Japonya&#039;n\u0131n 1 Numaral\u0131 Ay\u00e7i\u00e7e\u011fi K\u00f6y\u00fc<\/a>\n                    <\/div>\n                    <div class=\"bc-excerpt-box\">2.100 n\u00fcfuslu ve 401.300 ki\u015filik ya\u015flanma oran\u0131na sahip, canl\u0131 bir kasaban\u0131n &quot;bug\u00fcnk\u00fc&quot; halini sizlere sunuyoruz. Ay\u00e7i\u00e7ekleri gibi, aileler uyum i\u00e7inde ya\u015f\u0131yor...<\/div>\n                <\/div>\n                <div class=\"bc-thumbnail-box\">\n                    <a href=\"https:\/\/portal.hokuryu.info\/tr\/topics\/neighborhood_assoc\/2013yawarahoncho.html\/\" target=\"_blank\">\n                        <div class=\"bc-img-zoom-wrap\">\n                            <img decoding=\"async\" src=\"https:\/\/lh4.googleusercontent.com\/-H7GHSJR_5IA\/UaAmNpUCYFI\/AAAAAAAAovE\/Y3qQ8mbSrWI\/w973-h649-no\/K5+3805\" alt=\"Yawarahoncho Mahalle Derne\u011fi - Hokuryu Kasaba Portal\u0131 (Hokkaido) - Japonya&#039;n\u0131n 1 Numaral\u0131 Ay\u00e7i\u00e7e\u011fi K\u00f6y\u00fc\">\n                        <\/div>\n                    <\/a>\n                <\/div>\n            <\/div>\n        <\/div>\n<h3>Seiko Mart Hekisui - Junpei Mihara, ma\u011faza m\u00fcd\u00fcr\u00fc<\/h3>\n\n        <div class=\"site-blogcard-premium\">\n            <div class=\"bc-label-custom\">\u0130lgili makaleler<\/div>\n            <div class=\"bc-flex-container\">\n                <div class=\"bc-main-text\">\n                    <div class=\"bc-title-link-box\">\n                        <a href=\"https:\/\/portal.hokuryu.info\/tr\/topics\/culture\/20180213-2.html\/\" target=\"_blank\">31. Yukinko Festivali 2018 (Hokuryu Kasabas\u0131 Kayak Merkezi) Ya\u011fan kar\u0131n ortas\u0131nda tam \u00e7i\u00e7ek a\u00e7m\u0131\u015f g\u00fcl\u00fcmsemeler - Hokuryu Kasabas\u0131 Portal\u0131 (Hokkaido) Japonya&#039;n\u0131n 1 numaral\u0131 ay\u00e7i\u00e7e\u011fi k\u00f6y\u00fc<\/a>\n                    <\/div>\n                    <div class=\"bc-excerpt-box\">11 \u015eubat Pazar g\u00fcn\u00fc, saat 12:30&#039;dan itibaren, 31. Himawari Kar Festivali &quot;Yukinko Matsuri&quot;, Hokuryu Kasabas\u0131 Kayak Merkezi&#039;nde d\u00fczenlenecektir...<\/div>\n                <\/div>\n                <div class=\"bc-thumbnail-box\">\n                    <a href=\"https:\/\/portal.hokuryu.info\/tr\/topics\/culture\/20180213-2.html\/\" target=\"_blank\">\n                        <div class=\"bc-img-zoom-wrap\">\n                            <img decoding=\"async\" src=\"https:\/\/lh3.googleusercontent.com\/T3k7hgWfvm9CcaYmr5zt80byVb6xtW7FPb398qTuXlqakCbNiuAsu2Ci9UlMXAUI1R7O2iX5eiziB9_8HMVN9lR7LyDOIbyBNg9Mqke6CVjtZ0rnrpvqNW6nn_JEbAGK-7Su06GK70XmZuNOBAoOJQ3g42THRopqQ79ly3V5_JFqzvzG0GbxTzZOWgvMvibURgq94pr2UhLE3NDcEYITSSGHvRhqlxATJi79wyBdfhI3CQzbccPAs3dJvZo4G8i1O-I01Hl2wDKl_vY4wWa27UMOivLMPvhfJ_bbs7jLiWlp2lpCyPjXrUidMXrJ-eBlQNhCvm5c09rfCSjpECOOFMPbxhHEu2giP2wIUpKK_xIOHBfd5Y3v7lIpD-VrkvOcG_4SEuQw6VaHBfejkpoHWnSTy5wqXC2iuiRcNXHnTA4WlNNWT-Fy_uiG7b6Q0CJbjJBT-bvKp5GjCQgUj83wH5h--9OEP7ohsI6NHQ0SH5ucrZxgTPotz_iOfncQgPCsdqLkNJbP1CfZvjp2ZmcQcquwFKPuCO4NBKWLaVZSEJrnGn3eMb6kByG5HBrru_h6hVh51G5fWkUBV7p3DDfL0fsDIqYTsf26_YrHiveE57jPvrCP9KtWvBBAwcRD3rSapxHjQ09kuMVWUSYc5LpV7fAuM4U3Addf=w1375-h916-no\" alt=\"31. Yukinko Festivali 2018 (Hokuryu Kasabas\u0131 Kayak Merkezi) Ya\u011fan kar\u0131n ortas\u0131nda tam \u00e7i\u00e7ek a\u00e7m\u0131\u015f g\u00fcl\u00fcmsemeler - Hokuryu Kasabas\u0131 Portal\u0131 (Hokkaido) Japonya&#039;n\u0131n 1 numaral\u0131 ay\u00e7i\u00e7e\u011fi k\u00f6y\u00fc\">\n                        <\/div>\n                    <\/a>\n                <\/div>\n            <\/div>\n        <\/div>\n<h3>Daisuke Fujita, Seicomart Hekisui<\/h3>\n\n        <div class=\"site-blogcard-premium\">\n            <div class=\"bc-label-custom\">\u0130lgili makaleler<\/div>\n            <div class=\"bc-flex-container\">\n                <div class=\"bc-main-text\">\n                    <div class=\"bc-title-link-box\">\n                        <a href=\"https:\/\/portal.hokuryu.info\/tr\/11685\/\" target=\"_blank\">https:\/\/portal.hokuryu.info\/11685<\/a>\n                    <\/div>\n                    <div class=\"bc-excerpt-box\">Sayfa bilgileri al\u0131namad\u0131.<\/div>\n                <\/div>\n                <div class=\"bc-thumbnail-box\">\n                    <a href=\"https:\/\/portal.hokuryu.info\/tr\/11685\/\" target=\"_blank\">\n                        <div class=\"bc-img-zoom-wrap\">\n                            <img decoding=\"async\" src=\"https:\/\/portal.hokuryu.info\/wp\/wp-content\/uploads\/2026\/02\/20230802DSC06445_1.jpg\" alt=\"https:\/\/portal.hokuryu.info\/11685\">\n                        <\/div>\n                    <\/a>\n                <\/div>\n            <\/div>\n        <\/div>\n<h3>Seiko Mart Hekisui bro\u015f\u00fcr\u00fc<a href=\"https:\/\/www.shufoo.net\/\" rel=\"noopener\" target=\"_blank\">\u015eufu<\/a>\u3011<\/h3>\n<figure id=\"attachment_12525\" class=\"wp-caption aligncenter\"><a href=\"https:\/\/www.shufoo.net\/pntweb\/shopDetail\/823016\/\" target=\"_blank\" rel=\"noopener\"><img decoding=\"async\" src=\"https:\/\/portal.hokuryu.info\/wp\/wp-content\/uploads\/2021\/08\/2021-08-27-7.59.31.jpg\" alt=\"Seicomart Hekisui ma\u011faza bro\u015f\u00fcr\u00fc\" width=\"500\" class=\"size-full wp-image-12525\" style=\"border:solid 1px blue\"\/><figcaption class=\"wp-caption-text\">Seicomart Hekisui ma\u011faza bro\u015f\u00fcr\u00fc (27 A\u011fustos 2021 itibar\u0131yla)<\/a><\/figcaption><\/figure>\n<h2>Seicomart Hekisui<\/h2>\n<blockquote><p><span style=\"font-style:normal\"><a href=\"https:\/\/goo.gl\/maps\/c6Wx111dtPo38nkw9\" target=\"_blank\" rel=\"noopener noreferrer\"><img decoding=\"async\" style=\"border: solid 1px blue;\" src=\"https:\/\/lh3.googleusercontent.com\/pw\/AM-JKLUnVQ7cuPr-mrm8EA9vvBhnqKVw6PcssTue24Y_fvFhWaoGi5AZboYB8HNgyRH8mdKMxubbiiXFNIyr088q87y50qCYK3dL6aoujADlxFtQqLEdzXK-qEQ-iL5pAN27KMEqHu1rKLydCdOI8UVK3hLRqQ=w794-h716-no?authuser=0\" alt=\"Harita: Seicomart Hekisui\" width=\"200\" class=\"alignleft\"\/><\/a>6-1 Hekisui, Hokuryu-cho, Uryu-gun, Hokkaido<br \/>\nTelefon: 0164-34-3224<br \/>\n[A\u00e7\u0131l\u0131\u015f saatleri] 06:00-00:00<br \/>\n[Kapan\u0131\u015f g\u00fcnleri] T\u00fcm y\u0131l boyunca a\u00e7\u0131kt\u0131r<br \/>\n[Otopark] Ma\u011fazan\u0131n \u00f6n\u00fc<br \/>\n[Referans sayfas\u0131]<a href=\"https:\/\/store.seicomart.co.jp\/detail.php?nbr=21792\" target=\"_blank\" rel=\"noopener noreferrer\">Seicomart Hekisui<\/a><br \/>\n<\/span><\/p><\/blockquote>\n<p>\u25c7 \u00c7ekim ve kurgu: Noboru Terauchi R\u00f6portaj ve metin: Ikuko Terauchi<\/p>","protected":false},"excerpt":{"rendered":"<p>\uff12\uff10\uff12\uff11\u5e74\uff18\u6708\uff12\uff17\u65e5\uff08\u91d1\uff09 \u5317\u7adc\u753a\u78a7\u6c34\u5730\u533a\u306b\u3042\u308b\u30b3\u30f3\u30d3\u30cb\u300c\u30bb\u30a4\u30b3\u30fc\u30de\u30fc\u30c8\u300d\u306f\u3001\u5730\u57df\u306e\u66ae\u3089\u3057\u3092\u5b88\u308b\u3001\u5730\u57df\u306e\u4eba\u3005\u306b\u3068\u3063\u3066\u5927\u5909\u8cb4\u91cd\u306a\u5b58\u5728\u306e\u304a\u5e97\u3067\u3059\u3002 \u30bb\u30a4\u30b3\u30fc\u30de\u30fc\u30c8\u3078\u304d\u3059\u3044\uff08\u5317\u7adc\u753a\u78a7\u6c34\uff09 \uff12\uff15\u5e74\u524d\u306e\u30bb\u30a4\u30b3\u30fc [&hellip;]<\/p>\n","protected":false},"author":1,"featured_media":12520,"comment_status":"open","ping_status":"open","sticky":false,"template":"","format":"standard","meta":{"footnotes":""},"categories":[4,91],"tags":[],"class_list":["post-12504","post","type-post","status-publish","format-standard","has-post-thumbnail","hentry","category-cover-story","category-91"],"_links":{"self":[{"href":"https:\/\/portal.hokuryu.info\/tr\/wp-json\/wp\/v2\/posts\/12504","targetHints":{"allow":["GET"]}}],"collection":[{"href":"https:\/\/portal.hokuryu.info\/tr\/wp-json\/wp\/v2\/posts"}],"about":[{"href":"https:\/\/portal.hokuryu.info\/tr\/wp-json\/wp\/v2\/types\/post"}],"author":[{"embeddable":true,"href":"https:\/\/portal.hokuryu.info\/tr\/wp-json\/wp\/v2\/users\/1"}],"replies":[{"embeddable":true,"href":"https:\/\/portal.hokuryu.info\/tr\/wp-json\/wp\/v2\/comments?post=12504"}],"version-history":[{"count":0,"href":"https:\/\/portal.hokuryu.info\/tr\/wp-json\/wp\/v2\/posts\/12504\/revisions"}],"wp:featuredmedia":[{"embeddable":true,"href":"https:\/\/portal.hokuryu.info\/tr\/wp-json\/wp\/v2\/media\/12520"}],"wp:attachment":[{"href":"https:\/\/portal.hokuryu.info\/tr\/wp-json\/wp\/v2\/media?parent=12504"}],"wp:term":[{"taxonomy":"category","embeddable":true,"href":"https:\/\/portal.hokuryu.info\/tr\/wp-json\/wp\/v2\/categories?post=12504"},{"taxonomy":"post_tag","embeddable":true,"href":"https:\/\/portal.hokuryu.info\/tr\/wp-json\/wp\/v2\/tags?post=12504"}],"curies":[{"name":"wp","href":"https:\/\/api.w.org\/{rel}","templated":true}]}}