{"id":111,"date":"2020-01-20T06:39:13","date_gmt":"2020-01-19T21:39:13","guid":{"rendered":"http:\/\/portal.hokuryu.info\/?p=111"},"modified":"2020-01-25T14:00:53","modified_gmt":"2020-01-25T05:00:53","slug":"111-mesaj","status":"publish","type":"post","link":"https:\/\/portal.hokuryu.info\/tr\/111\/","title":{"rendered":"4. Ay\u00e7i\u00e7e\u011fi K\u00f6y\u00fc Temel Plan\u0131 Taslak Komitesi ve kasaba halk\u0131n\u0131n Say\u0131n Kengo Kuma ile toplant\u0131s\u0131"},"content":{"rendered":"<p>Pazartesi, 20 Ocak 2020<\/p>\n<p>4. Ay\u00e7i\u00e7e\u011fi K\u00f6y\u00fc Temel Plan Taslak Komitesi, 22 Ekim 2019 Sal\u0131 g\u00fcn\u00fc Toplum Merkezi&#039;nin b\u00fcy\u00fck salonunda topland\u0131. Kengo Kuma&#039;n\u0131n da aralar\u0131nda bulundu\u011fu komite \u00fcyeleri ve izleyiciler aras\u0131nda canl\u0131 bir tart\u0131\u015fma ya\u015fand\u0131.<\/p>\n<h2>Toplant\u0131dan sahneler<\/h2>\n<figure class=\"wp-caption aligncenter\"><a href=\"https:\/\/photos.google.com\/share\/AF1QipM2kL1NRAT-8T_VSNcYtFMbj9U1Vedh8exBy2YXCwu0qXR2J48FNJ2KjcL5jbOTag\/photo\/AF1QipN0ZImBttIgQfHELe-8rcI-nvdfBYpwKFjfD5I?key=WWZJR0wwUEc1d3RNYlYzdkpERnlYMDhGMWlNenRR\" target=\"_blank\" rel=\"noopener noreferrer\"><img decoding=\"async\" class=\"size-medium\" src=\"https:\/\/lh3.googleusercontent.com\/7XWUU9h2WwAg6P7CnW4Gau-hUN_c5HA3oLFugcBzKmwnREJdUTAVXwyXfhqOXuomYEDpJW32doCyb7eeyHZxHZgElpS8PEIn2xdDvBKFFcgniEBBIGLozqCtYK2bsx4oW-2JzvJxwZ4xyF6jLlJWO6h5YzlHzl0gmkmf6HQP_Wv268jX7v5RWj3e1leO8FiBJKKyMbXI8ANmwtz2X1RGSKd0NJiZ4-Ef1-HM2xbdgtZ1OecUnbce-5D0hhFMvLLcV4g8Ab2vizGz02iokRAyxeOCimTpc_NBGJe5QvozNtkJPsmapnIYOJr8DgD2lh-UooT0vxAUln82gy5J5I5AGy_dP1KbKf8x-J4jpbalhjVIRIznCqVtTyTny2VjNuNywK4S8Yr7zELnHP7pmsXWvHoDs8zlScbx5gVfdxJfP0lAtAQ_MYLYc6nBW0ilhT-uQf7aL8zuEPQ5WwzhJY_EMCt8DtvdP7Rik3HELM3JkWQmXfYX-KTIImu-VRxW79fieSvgNxxGA6NtuUdBGTscb668kbopnESc5Su6p8bjk872rWcNWNyYroHLdZrzdK3GmP9ZuxFjL1ZD_nb0gyhMf4xMpBU6evy5VkEVhFdnJWCQVgsGwznQ-2wtdxZN7PORnHPSF42pXKr58gowHYRzOP15OCaNtZJD8n3yjBdmfT3kq_eBSswX5xVWFRdQoFGqqCe6cYZRJa9T5UdjPs8EZzWaxMzNArSAKHbZ_bJ_DqpqOnE=w1778-h1184-no\" width=\"1776\" height=\"1184\" \/><\/a><figcaption class=\"wp-caption-text\">Genel desen<\/figcaption><\/figure>\n<figure class=\"wp-caption aligncenter\"><a href=\"https:\/\/photos.google.com\/share\/AF1QipM2kL1NRAT-8T_VSNcYtFMbj9U1Vedh8exBy2YXCwu0qXR2J48FNJ2KjcL5jbOTag\/photo\/AF1QipPKGf-nggfpM8gbStKCAMQXqazWW6tjkEIo67o?key=WWZJR0wwUEc1d3RNYlYzdkpERnlYMDhGMWlNenRR\" target=\"_blank\" rel=\"noopener noreferrer\"><img decoding=\"async\" class=\"size-medium\" src=\"https:\/\/lh3.googleusercontent.com\/HOd9r0q6CSV4htSblRni1iX9KGELsC0TQuYC4IrlbMs-N2YAXw1fsrfEYKef_mGuEMzqN22ep1d_DcKfjgTq2_Fa2Ah-5RuO0C6jaEzE2GcXpvcv2OAkpO3OjBQDUGZoYTWe2e8UKxQyvNuFIh2h0rRd3z9BQZiijP0RjKxHtimqgZbId7L2r-ml89yUHFNXEb2Z7F0f0pdVR7wV3xeRiIgMqcBalweEnxvLZUTx8r_ePWlvx2BP7t46xd6-2153S--38nfDJCFnzfu0Lu5Xio6ZuCu2omPwgRyEzNWnOzqzE0I8LtePrXSPta-O3XpvhtGz6_KsPbFMREUmE9FKtjbWO5ccimiPfGYqfFBRYIKbSfZf05kk4lR-47A0CzRD0R6Xc5ZRnl8bKY-kBDt-UNQKB2W3XS3kInmcqIq3e9s-o0r-cP5FKTJvTH2iZAce_4WfYLdoGOb00qlAOckl3YSH_GjLpg_Ts8Y75OsSYHP0DQZGWFHWfUnQ8e7tGUzATeXUHNfS-hi9XrtJSYri03FonEK2lEtipde89IUeegQis6aruVnOtYyHt8M9QSQmF6y2YRo4GcL9snOwuPAhuM7zQgN30g1sLj-sZ3-oSBqLW8kZiYWt0k3IUdH6JkZ9ZCT4m4ZJuw1JqPd7z8nDwd0IzT6enAyfRiMmHqnKW26tay8twPaprg8L84W1Yc9MdlIlRTu9b4bzCcTnVwDGHCJUrPJ3MCfNTjXn9RS_u5bZNb4=w1778-h1184-no\" width=\"1776\" height=\"1184\" \/><\/a><figcaption class=\"wp-caption-text\">Seyirciler de kat\u0131ld\u0131<\/figcaption><\/figure>\n<h3>Ana MC: Hiroyuki Yoshida, Hokuryu Kasaba Ofisi Sanayi B\u00f6l\u00fcm\u00fc Ticaret, Turizm ve Ormanc\u0131l\u0131k B\u00f6l\u00fcm \u015eefi<\/h3>\n<figure class=\"wp-caption aligncenter\"><a href=\"https:\/\/photos.google.com\/share\/AF1QipM2kL1NRAT-8T_VSNcYtFMbj9U1Vedh8exBy2YXCwu0qXR2J48FNJ2KjcL5jbOTag\/photo\/AF1QipOCLQvWBrepRpGZFF_WkD7sssFfsBEtyHX27pE?key=WWZJR0wwUEc1d3RNYlYzdkpERnlYMDhGMWlNenRR\" target=\"_blank\" rel=\"noopener noreferrer\"><img decoding=\"async\" class=\"size-medium\" src=\"https:\/\/lh3.googleusercontent.com\/0oph-dIJYEXaCHjbx6x2dqKPBXesit9aa62G9bvJPr9GsHdfz2SeVCUFa5QqCdSH48Dq9yG3ENYPH_K29e-Dth5yVLss2f33QZucXEXHgOCFWOQulHsLIKE3rAUqo_HMcBEQ5siV5x6ONu5o2L264wgpGR5CMbM1LE3YqhjFUznfqcY1Wl7zcICFjNWemFOiVrAi3nQQwsrcnTF1hnhrfnoVbAi2-VAW2TyAa079-oV2DqQ6V6tSvU9yhh-ZL7rbAWoy2JQDtdEdSDAjhBjOJxQE1lXj8QxSU4446gSh6YQbTW_LgBKx43-SCDk3DIBsgFG66xrw0T-PPZdIyfTYhiB3hdZfviwpA2Ssinc6h5dhj3jZxih3SBz20JUaZORNgyAo5ET3IwDxYdp1UitNMPP8R9HDp6xHV-DOZ9nHV2zb_79bRnpHYQ0eAesH63PSIGH7iHOTGfaG53RwVToJyl87RPbSizjhN0Zrp2hbTtOxkmOWyzNL0C9EjVdXyafcM2jJazFUYcWq6-W2C7f-gFJ0DmAedzScfUNWfPJJGLAMXNnGLG00NVWmihNATOXD7f2TLWVdp-hXerUa8_X4NTsTLwFMxOlSY_EMSDre9733ho3W9D9o3gY4o7mQ1poupSIPEJYyzqBVx1eddGvd2WNhSVzFZao315n6jIZyAdiQruZGIzuQAQu30miQLSLuyNg3WbgAjrSmq-L9yxMVbUHHScgjHbwYijuar6XjJOPnMa4=w1778-h1184-no\" width=\"1776\" height=\"1184\" \/><\/a><figcaption class=\"wp-caption-text\">Hiroyuki Yoshida, Turizm ve Ormanc\u0131l\u0131k B\u00f6l\u00fcm\u00fc \u015eefi<\/figcaption><\/figure>\n<p>&quot;Hokuryu Kasabas\u0131&#039;n\u0131n fark\u0131ndal\u0131\u011f\u0131n\u0131 art\u0131rmak, insanlar\u0131n kasabay\u0131 y\u0131l boyunca ziyaret etmesini sa\u011flamak ve sat\u0131\u015flar\u0131 daha da art\u0131rmak istiyoruz. Bunu ba\u015farmak i\u00e7in Himawari-no-Sato dahil Hokuryu Kasabas\u0131&#039;n\u0131n tamam\u0131nda ne yapaca\u011f\u0131m\u0131z\u0131 d\u00fc\u015f\u00fcnmek istiyoruz.<\/p>\n<p>Yoshida, &quot;Hokuryu&#039;nun gelece\u011fini d\u00fc\u015f\u00fcn\u00fcyoruz ve hem yerli halk hem de d\u0131\u015far\u0131dan gelen ziyaret\u00e7iler i\u00e7in heyecan verici ve \u00e7ekici bir kasaba yaratmak istiyoruz, bu nedenle s\u00fcrekli deste\u011finiz i\u00e7in te\u015fekk\u00fcr ederiz&quot; dedi.<\/p>\n<h3>Ba\u015fkan: Profes\u00f6r Terutaka Suzuki, Rissho \u00dcniversitesi<\/h3>\n<figure class=\"wp-caption alignnone\"><img decoding=\"async\" class=\"size-medium\" src=\"https:\/\/lh3.googleusercontent.com\/4OaZaFwWooe0lNr8Vn9aeBT0j4p1fDMvhrYy9p959amHeYXbco7oKLhFzZl-cKIkIj5VxhCIeoaWhkTimDDBGHUVmDF287vnsJN8Egaz3i1Pqp-U6AdUjmlybmZafVfjk7eVCxkhKaFKQsNeUg4mZSxsq9333DQzBCwQeZ_5UtMj0XFCjSxev98gVchzMMl1HajkE6WA_lVLxqdJ49CYsC9rS6kfSuOuRACl5lQGA2Gze7MLRXayvl_RKE9WmUOhftMjZfy4nzfJWeBHG3eKFau-Gd3vG7V2g3hI92useAoYMXP7P9ArniTDbsv2mKwzgtUxKH4bmgNIB6XESo9tmdSUafUfUm2PFn0V4m9WuawoHJOUkzhtys77VDp-hc7EUlO6aNMxY0o_GBE6Db4sNt-dLXTCOPZXfzFrmvDsiW3OtigxzFtTeEhe35yEYP8ima_tdAzi36CZHonVN4B61i8XHEisNDjkJ84vMVDf0SN1WY3R_uD4F7oCZZJd-VkGuA1kUN0CV171cD2yUzwXmO_x4yEKv3tAnh-Gctdm0kONV5cPdIItzhkiACKxdTz_NHBkMxC42XUubP8OG4QDPlyU3c8U6v1zwkZkehhb03dvdCxkXaOHKftYjAg-cFr4B66-MNZHHm6GtyJv3PED4xpjYSqa1ggILQk6Kv8tYmRzOLgfEcnHCM6O4ne0dilntIfGqXR4vmrXhm1JZlsl-W5PD18rn5olxdAVeiriOZl0lJg=w1778-h1184-no\" width=\"1776\" height=\"1184\" \/><figcaption class=\"wp-caption-text\">Kengo Kuma ve Terutaka Suzuki<\/figcaption><\/figure>\n<h2>Mimar Kengo Kuma: Himawari no Sato&#039;nun y\u00f6netimi \u00fczerine<\/h2>\n<figure class=\"wp-caption aligncenter\"><a href=\"https:\/\/photos.google.com\/share\/AF1QipM2kL1NRAT-8T_VSNcYtFMbj9U1Vedh8exBy2YXCwu0qXR2J48FNJ2KjcL5jbOTag\/photo\/AF1QipMBRTGELVRl9HQ4IfNliLwFEuzDPKTOcuOW3CY?key=WWZJR0wwUEc1d3RNYlYzdkpERnlYMDhGMWlNenRR\" target=\"_blank\" rel=\"noopener noreferrer\"><img decoding=\"async\" class=\"size-medium\" src=\"https:\/\/lh3.googleusercontent.com\/byKu2JmpSmyvrnQEFmwf0mZ1co_5skxYZY1CUywVKqEfCeubDr2ezKdNWUHC13vWbwZHVMzeS-G1f0QCNtdvnIK6MAKUlUbDSbl2i16caMfWvK3kf_s0fX6ZNz5ldAPZuylprkoLZdLl3EQPwUYxnVgg3DCj3hJLniyrctB6RQ3XSVZz_KWtw6CKDbGUtgZ0V6tCsimkNlLDKh4O32Hjhp__2u3GWE0BdiWM8gl3XBeHAHw7IGeiQfDP8CssgZlFs7Pgd95pgU4iEFCjD3mFOrNl-APWoAY8cRgja4oQlSx9RT_84k5iUUZ7Gd2iRRVAi_8vas0Xt7dGyP_mK3J6bgOw9K7HzkprlqiocTlK_pGpcbzPDxm4aoIjdh1oHslrS_VPkvKxZRi-FZEZgumdBM1C7covP1mKXiquA6OtKUm39RPGAN2MQt3upPgtRtNLMH8h4uqApx5eux6UA5LV2srkHXD2HA2cVJVMcZZg-L4Q2miyGZpwk2jz_NW919AQaj6b5dZI72ZaXEZp5n_FPdhYsFVDNtUK4t-dhcYd8OGiB-zqDHbqu5zaH7YCUTpylrVpAwSYnSeVOeF9RBAexjNenXIaO3dcukjgUzZNJDpolN21QbTVhdrvXqM8ZTfqPIsr--HjAzRTxcc-u6EtQ4KexfQAUMgeJGJw9qMQycvyMwshwKC1CIyu97CqIic1nCjtc1FJxylu1_vdcfed76z5deJg4TPHKXAjAthjKjSY3pc=w1778-h1184-no\" width=\"1776\" height=\"1184\" \/><\/a><figcaption class=\"wp-caption-text\">Say\u0131n Kengo Kuma<\/figcaption><\/figure>\n<p>&quot;Himawari no Sato&#039;nun bir\u00e7ok harika \u00f6\u011fesi var. Genel olarak, bu \u00f6\u011feleri birbirine ba\u011flamay\u0131 d\u00fc\u015f\u00fcn\u00fcyoruz. Nas\u0131l ba\u011fland\u0131klar\u0131na ba\u011fl\u0131 olarak sinerjik bir etki yarat\u0131lacak. Amac\u0131m\u0131z, \u00e7ok fazla para harcamadan onu \u00e7ok daha \u00e7ekici ve ilgi \u00e7ekici hale getirmek, b\u00f6ylece bir\u00e7ok insan ona ilgi duyacak.<\/p>\n<figure class=\"wp-caption aligncenter\"><a href=\"https:\/\/photos.google.com\/share\/AF1QipM2kL1NRAT-8T_VSNcYtFMbj9U1Vedh8exBy2YXCwu0qXR2J48FNJ2KjcL5jbOTag\/photo\/AF1QipNu6M-TXg6r-GigDrym9x-q_DOVqZ2V1s7cUR8?key=WWZJR0wwUEc1d3RNYlYzdkpERnlYMDhGMWlNenRR\" target=\"_blank\" rel=\"noopener noreferrer\"><img decoding=\"async\" class=\"size-medium\" src=\"https:\/\/lh3.googleusercontent.com\/KCd5RquMImV5qJn1w4QD1MSqv-xgVIdd_MY44DZ4fHWDq7ejZadMyNbiULKbTyVY0dt3VlCxmq49mrKzDyg0ZLaI6yve8c10sl415OWfxf1XPoqz8Fc86mOKMotsKXpGmbPUXe-BTrzHCYP0X7njmHhAHRcn9Jn-7S4ze2lPMwuMFiQWImOUqR911PRpvzkJFtQNrTVK5AYk8UB8uyuYJbKbAzJCHQ-6wJ4R03KTlfzOskenIQRDj8-T1C7_UZ-FEEhgq8qIWq2ISbTolW9hVHdOKHycyOyzBxYGL6ErNHkq2anFNDxtcg6nIhfjjLCwp3MZtZBGBjiGchpV1tgF4TWsVITqLUfPNsi5JmlJ0DLiCJTWyiRiVwV6ZFl_kpw3XaqMcfvXMX8ZXgdjEFJ9-YSfJicMODU7KKaFoStRknYxhFMqnE85QFnO8p7UYham_84hwcCwtioaF_7NioRWfN3NQGISE979KQ4hIFwqEQNrY68s7Nvx95U95FYWySpEnpMmol1xC91vEV0c24PfERudVtyEFY9v4fo0o0XpU851X_n12M6S3hdIh04698BwUxVbJ0Lh-OkZbmZOrTa0tzGOpJTPMFENXft52jmiudJ4ftjPSLZl4uxT2kE67S5mJjFBaebFNLTX2k7Fafr_dQbDLQ__Y7aK7Ca12fXfWxXwHcHshqKGNuhH3R-NpEeAf-YZLxenHJ-5LwwJyI7wpWVCBt_9vmErYsjogDOYqixCOrA=w1239-h859-no\" alt=\"Genel yerle\u015fim plan\u0131\" width=\"1776\" height=\"1184\" \/><\/a><figcaption class=\"wp-caption-text\">Genel yerle\u015fim plan\u0131<\/figcaption><\/figure>\n<h3>1. Yeni g\u00f6zlem g\u00fcvertesi &quot;B\u00fcy\u00fck A\u011fa\u00e7 G\u00f6zlem G\u00fcvertesi&quot;: Ay\u00e7i\u00e7e\u011fi tarlas\u0131n\u0131n sembolik a\u011fac\u0131<\/h3>\n<p>Ay\u00e7i\u00e7e\u011fi tarlalar\u0131n\u0131n sembol a\u011fac\u0131 olarak, g\u00f6zlem teras\u0131n\u0131 daha y\u00fcksek, daha dikkat \u00e7ekici hale getirecek ve ayn\u0131 zamanda yeni bir an\u0131t g\u00f6revi g\u00f6recek bir tasar\u0131m ortaya koyduk.<\/p>\n<p>G\u00f6zlem g\u00fcvertesi engelli eri\u015fimine uygun olarak tasarlanm\u0131\u015f olup asans\u00f6r bulunmaktad\u0131r. Y\u00fcksekli\u011fi 9 metre olup, merdivenle \u00e7\u0131k\u0131labiliyor. 6m x 7m boyutlar\u0131ndaki en \u00fcst teras, ziyaret\u00e7ilerin yo\u011fun sezonda bile sergileri rahat\u00e7a gezebilmeleri i\u00e7in tasarlanm\u0131\u015ft\u0131r. Asans\u00f6r \u015feffaf olacak ve yolcular\u0131n yukar\u0131 \u00e7\u0131karken Ay\u00e7i\u00e7e\u011fi K\u00f6y\u00fc&#039;n\u00fcn s\u00fcrekli de\u011fi\u015fen manzaras\u0131n\u0131n tad\u0131n\u0131 \u00e7\u0131karabilmelerine olanak tan\u0131yacak.<\/p>\n<p>Ana yap\u0131 \u00e7elik olacak ama \u00e7evreye uyum sa\u011flayacak do\u011fal bir tasar\u0131m yaratmak i\u00e7in ah\u015fap malzemeyi de bolca kullanmay\u0131 planl\u0131yoruz. Her teras\u0131n farkl\u0131 bir y\u00fckseklikte olmas\u0131yla manzara de\u011fi\u015fiyor, ayr\u0131ca 360 derecelik manzaraya sahip kapal\u0131 bir g\u00f6zlem alan\u0131 tasarlad\u0131k.<\/p>\n<figure class=\"wp-caption aligncenter\"><a href=\"https:\/\/photos.google.com\/share\/AF1QipM2kL1NRAT-8T_VSNcYtFMbj9U1Vedh8exBy2YXCwu0qXR2J48FNJ2KjcL5jbOTag\/photo\/AF1QipM2w_7srygg5XT1Tod0ASt4YI29m6Kc7dlSLfs?key=WWZJR0wwUEc1d3RNYlYzdkpERnlYMDhGMWlNenRR\" target=\"_blank\" rel=\"noopener noreferrer\"><img decoding=\"async\" class=\"size-medium\" src=\"https:\/\/lh3.googleusercontent.com\/R56NUF63HwSZhVRpoHYz3x0pANiaPuF66g9WmUlutYvCHQ-xw1xliEqoeRo5fr0P-3bS52GAdWb0zki2CblpEqp7mLm0-09e2mu9SOaIeFfjgXC7_NOFQ-l5ca6K3rIOC96dgPRtsHydB5HNNZasc38ENIrveiesJDtWGui9S7ymJlK-KW0uCKWSEf2PeoI3ZEQwkw0k5x-TE0Kf46HjKafBCc6W_MmA7WzUcN-ZUQNeIW4Xg28khNGculFPtKgVUePX69_HfUr6wxdS_ZKG7OrUElt4d2Dsxm-zjNHBodno9Uyics23bMuGhfbF8Mb0xGPBd2sU2YaW9twWdVVVMVdAq-FF2HYELLZvSu3uxA8IfwsNra-BYIc4GmPGA6I2a9mWrqCC-wLPI-4-P2ANoxLBkd1ENtASVkvvr3nBHXJn8Mch-CuEHfZLB1ux0z1J_jgvh31hBKLimrqdh9C-vC-SehIpNE0tbLj1rgbT2MUHwwmdBh6oIhkGsE1LZiJ0AS1BS-v1V-3Mu8ZWPNXF2wk9KKLM-4qi8UcwsEN3LzNOycMBMV64OUodwzsfWzruREfLJOy8dkNQn3Y_LSRfiFwFqDbGRZtj_Hnbad0tFjQZ8Kg0lCj3ViuB3aJeoZIeyvU68y3K6d3Q8XrrNxNjYRi0i2pl2c1grjTx8Zp-5S81qYC-h87yjvVRcMf5gOUcTIMyfnqzn0kOexMoIAmS529HSVdOen5Hjbc4r2W42NpY9pk=w1239-h842-no\" alt=\"B\u00fcy\u00fck ah\u015fap g\u00f6zlem g\u00fcvertesi\" width=\"1776\" height=\"1184\" \/><\/a><figcaption class=\"wp-caption-text\">B\u00fcy\u00fck ah\u015fap g\u00f6zlem g\u00fcvertesi<\/figcaption><\/figure>\n<h4>Kat plan\u0131 ve y\u00fckseklik plan\u0131<\/h4>\n<p>\u30fbManzaral\u0131 geni\u015f alan<br \/>\n\u30fbAsans\u00f6rl\u00fc, engelsiz<br \/>\n- Y\u00fcksekli\u011fi de\u011fi\u015ftirip 360 derecelik g\u00f6r\u00fc\u015fe sahip kapal\u0131 bir izleme alan\u0131 yaratmay\u0131 d\u00fc\u015f\u00fcnd\u00fck. \u00c7at\u0131 kat\u0131 a\u00e7\u0131kt\u0131r.<\/p>\n<figure class=\"wp-caption aligncenter\"><a href=\"https:\/\/photos.google.com\/share\/AF1QipM2kL1NRAT-8T_VSNcYtFMbj9U1Vedh8exBy2YXCwu0qXR2J48FNJ2KjcL5jbOTag\/photo\/AF1QipNc5YodHcvKY8cMv8sHS9XA40YYMES9MYxzz7c?key=WWZJR0wwUEc1d3RNYlYzdkpERnlYMDhGMWlNenRR\" target=\"_blank\" rel=\"noopener noreferrer\"><img decoding=\"async\" class=\"size-medium\" src=\"https:\/\/lh3.googleusercontent.com\/T0h8KTL-RrCO89tmihbgkapqjgRRKJY8hxA4SXOxu3rsiHna3p99ScAkerBzcM91uIDk5dBaAWmBfvyGb0yf9EPJOV2o7FJ87mc2sxEizlMvDaSGxJWEyCR1IFKHxulEMo4SGU5-mQzo46Xn-Eq_M1Tl31ESr0S8dD4GR4WYfEoqYtOvlukTrUVa4gL1vuEXYsnqCtL5YHd2bpJpZrjg3ECQg4GHhU3p_t0RjVF4m9WTT4U1MjqTLnNVkz895SmeSkVq9b0R4jnrNFz2PGax2iM9m6aJJhE8lgkob_iaSEP7Jvoca0wwotBbAVu-Q5Dnf01LCbd_y_f7gPSmW-zRzfxqlwKPa8TUIdwUaeJyVwG_KyGLM8m_o4-YEVHz-dDNLvkSfzN5MtsyoO52n_Nh3a2a28Aa6nF17-nlNHCI6XBNcwotc-zbcFg_4sH6GiFORjw6XMaK1G-RpnzwJNWLw94EfaFUmuImKhNl94IhW4bbiUzaBRy5aMtTrdXXMkU4yLDX5I39LK_t6icf93yb_BtS4Acx0EOVAt6U0I2O72CzDH3CZbJ9D6uNB91K9QlPAtiAQfowLnmHqBfdBSIB4Cj7l6vdgwaNi2HwxXXNV8-IkEohZ-fIbWEPY0wbq1OvSjnRqgdwfFXI9rcRXV1ooW4LEh237oNvNFkoc_QGNwH5MYqDxbQq8EQzTwdoFt3wlsix_R5TXaWVsjjQGw2igyMqu9xCiF1yNP-5_MsFuFPF4kg=w1239-h863-no\" alt=\"B\u00fcy\u00fck Ah\u015fap G\u00f6zlemevi &quot;Plan ve Y\u00fckseklik&quot;\" width=\"1776\" height=\"1184\" \/><\/a><figcaption class=\"wp-caption-text\">B\u00fcy\u00fck Ah\u015fap G\u00f6zlemevi &quot;Plan ve Y\u00fckseklik&quot;<\/figcaption><\/figure>\n<h3>B\u00fcy\u00fck ah\u015fap g\u00f6zlem g\u00fcvertesi - referans g\u00f6rseli<\/h3>\n<h4>1. Shizuoka Eyaleti, Atami \u015eehri&#039;ndeki &quot;COEDA HOUSE&quot; Kafe<\/h4>\n<p>Ama\u00e7, 8 cm&#039;lik kare selvi \u00e7ubuklar\u0131n\u0131 rastgele birle\u015ftirerek dev bir a\u011fac\u0131 and\u0131ran bir bina yaratmakt\u0131r.<\/p>\n<h4>2. Almanya M\u00fcnih&#039;teki &quot;ODUN YI\u011eINI&quot; meditasyon tesisi<\/h4>\n<p>Bu, II. Ludwig&#039;in Neuschwanstein \u015eatosu yak\u0131nlar\u0131ndaki ormanda bulunan bir meditasyon binas\u0131d\u0131r. Yap\u0131, cam\u0131n i\u00e7inden ah\u015fab\u0131 g\u00f6rmenizi sa\u011fl\u0131yor.<\/p>\n<figure class=\"wp-caption aligncenter\"><a href=\"https:\/\/photos.google.com\/share\/AF1QipM2kL1NRAT-8T_VSNcYtFMbj9U1Vedh8exBy2YXCwu0qXR2J48FNJ2KjcL5jbOTag\/photo\/AF1QipPf4rzGW5m6gwtOPhWg90_DRx0O2lkQPOpNny0?key=WWZJR0wwUEc1d3RNYlYzdkpERnlYMDhGMWlNenRR\" target=\"_blank\" rel=\"noopener noreferrer\"><img decoding=\"async\" class=\"size-medium\" src=\"https:\/\/lh3.googleusercontent.com\/m6S0MYjVtBAP2JLZvl2WlF2OAFFxHWnI3g2k2EgdXf3WnngIWHfn4JENJTIEjyjWxQsCSSOSCf_789klJdyoG9McC-Skx1_E7aMuTSqh99jN7KKm6aDZaDH-ZOe9cpBgfoNolMSKJ299aLSCNhDXpUTQwSqgO70lDpAOv7-yBqjldAe9b1qlav7wdI6w-qzgW7W6HLYJI-kioDGgT2V2YYgb4KYA75-0M___LqnNWVVyFGjBCk0E-RMaMN3oQJLNBe6dcWAeS29nFZE4ljOu92Fnvx0vNTgqsAA_ozay4o1PhYiO-02WwBeNj9S_7FC8HThEjpowpfOds7RwmyOOBTw5WMdk3S2nXuit5Pg_oGYt1EecdsZNhGAKYujyY1ci8vvFlG2IxB9Lwl2s4hZm0H85NPeuDfSor0AV9Z0sCmvL24iV_pfHEYh9E4RbjzHnD4Me40yV9r4El22lyUwAVFoIhlpZo6Atgp47KxbN_yqWehRPltVOOzXrXEo7uC6E1ZNNBVow4NHDSUwxyrBWhILbCqhBqPNlm3QR238CO-QzlWCJBo3Hv8AcQR36xyg4HPgomFKx4HzDgpcpw0sEi94Nv6kfTz2_jelQHvt55ReKvSk-Uwy9aPHZlVVZigLFjHH5UF73UdPldbGq9Ge7jIBuqtVjfzoqsMN_jvzgbDYHMy5R__4glKM7r5EK1T7yMHfDr8ZPPrca_VSnk3_f0WHpcVJi4ek8Ge74fsu7BMTUnK0=w1239-h855-no\" alt=\"Shizuoka Eyaleti, Atami&#039;deki &quot;COEDA HOUSE&quot; adl\u0131 kafe; Almanya M\u00fcnih&#039;teki &quot;ODUN YI\u011eINI&quot; meditasyon tesisi\" width=\"1776\" height=\"1184\" \/><\/a><figcaption class=\"wp-caption-text\">Shizuoka Eyaleti, Atami&#039;deki &quot;COEDA HOUSE&quot; adl\u0131 kafe; Almanya M\u00fcnih&#039;teki &quot;ODUN YI\u011eINI&quot; meditasyon tesisi<\/figcaption><\/figure>\n<h3>2. Yeni Turist Merkezi<\/h3>\n<p>Bisiklet kiralama ve labirent resepsiyon alan\u0131n\u0131n yer alaca\u011f\u0131 yeni bir turizm merkezi d\u00fc\u015f\u00fcn\u00fcyoruz.<\/p>\n<p>Tasar\u0131mda resim \u00e7er\u00e7evesi fikri yer al\u0131yor. Tasar\u0131m, binan\u0131n ortas\u0131ndaki bo\u015fluktan ay\u00e7i\u00e7e\u011fi k\u00f6y\u00fcn\u00fcn sembolik olarak g\u00f6r\u00fclebilece\u011fi L bi\u00e7iminde bir yap\u0131 yaratmak \u00fczere kurguland\u0131. Ay\u00e7i\u00e7e\u011fi k\u00f6y\u00fc adeta bir tablo gibi \u00e7er\u00e7evelenmi\u015f, olduk\u00e7a etkili bir g\u00f6r\u00fcn\u00fcme sahip.<\/p>\n<figure class=\"wp-caption aligncenter\"><a href=\"https:\/\/photos.google.com\/share\/AF1QipM2kL1NRAT-8T_VSNcYtFMbj9U1Vedh8exBy2YXCwu0qXR2J48FNJ2KjcL5jbOTag\/photo\/AF1QipPnzKB0KBNmTxTdSOCfUbH3286aTEJgZbyObA0?key=WWZJR0wwUEc1d3RNYlYzdkpERnlYMDhGMWlNenRR\" target=\"_blank\" rel=\"noopener noreferrer\"><img decoding=\"async\" class=\"size-medium\" src=\"https:\/\/lh3.googleusercontent.com\/U5phdtIz0L6_F8C-6IGvxHFX-gNJEV6jGW8QaQybH00qv5trz1f9qn1Eg6GAdp0ek67JZIHpGw9lkKGwoeeaS-Ykoy4MUPb4VQ_Ysaa66jq-Wy3aF1CpGYkXPM2Q9gwJBHc15UwQG5RwAZbdHzX17xxDAlQN3JRVsJRPRHcb1nRg8hTx1M1gWSuy-th86g0jWIhAV2bFLLy1YFQW8UNBL1H3WrJaNdOqndnImRIXw05JL3W-E2VXdGJ3TnVV_a7L5BED-QY_Pb2gywSbC2dqNI18BBVxMVZ8DQxsY_ghQwx_1fTX9zlhU7doHqwH0TqIeS29bagoBrLSlEiI0NkHu-ItR08g669ZeYFxnpFJ5HOARf_nwAV853JRNXXdiyfclp-dZqa4a2G2z3Mitz52wySohhCR6b6V6St0pBc5xQ5jbJNoAT19wcGwO7G6bx1kr7p3nkOnpVSTnxS5pZVhPuGCwjLAXcFmc2Omo-95OAeHQfvmoB_sm14GV50Lxhk_ft-9uIra-2hn33R5_a1DVeOvDh1rfyabtL_X6JVWffwnvbD4JXb1uU586FugySI-QKT35rYQ8tKNdv0LZLZmYQwvUGH0Ti_GmZFO-BTyteY71Yy6iugjUkfAr8m-JM5X0zhFF-RhVSW5afQoRhJMHBEJPGdPLAFGC5D11OwPm70IIxspNhzGFQ5cG_W0BGMLya5CHOJ7iWYypWSkWFaJ3bsKpoOgRF1NZm3MvjR9cOnj3gM=w1239-h854-no\" alt=\"Ay\u00e7i\u00e7e\u011fi temal\u0131 turizm merkezi\" width=\"1776\" height=\"1184\" \/><\/a><figcaption class=\"wp-caption-text\">Ay\u00e7i\u00e7e\u011fi temal\u0131 turizm merkezi<\/figcaption><\/figure>\n<h4>Ay\u00e7i\u00e7e\u011fi tarlas\u0131yla kesi\u015fen U \u015feklinde bir d\u00fczen: Hokuryu kasabas\u0131nda \u00f6zel bir deneyim ya\u015fayabilece\u011finiz \u00e7ekici bir yer<\/h4>\n<p>Otoparktan i\u00e7eri girdi\u011finizde &quot;Ay\u00e7i\u00e7e\u011fi Kap\u0131s\u0131&quot;na do\u011fru \u00e7ekileceksiniz ve ay\u00e7i\u00e7e\u011fi k\u00f6y\u00fc g\u00f6r\u00fc\u015f alan\u0131n\u0131za girecek. &quot;Ay\u00e7i\u00e7e\u011fi Kap\u0131s\u0131&quot; adeta bir resim \u00e7er\u00e7evesi etkisi yarat\u0131yor, ay\u00e7i\u00e7e\u011fi tarlas\u0131n\u0131n sanki \u00e7er\u00e7evelenmi\u015f bir resim gibi g\u00f6r\u00fcnmesini sa\u011flayarak, onu daha da g\u00fczel bir \u015fekilde takdir etmenizi sa\u011fl\u0131yor.<\/p>\n<p>Sa\u011fa do\u011fru ilerlerseniz bir g\u00f6zlem g\u00fcvertesi g\u00f6receksiniz, daha ileri giderseniz Nonno Orman\u0131&#039;na ula\u015facaks\u0131n\u0131z.<\/p>\n<p>Perakende alan\u0131n\u0131n \u00f6n\u00fcnde yer alacak b\u00fcy\u00fck yiyecek-i\u00e7ecek alan\u0131n\u0131n konumu, mevcut turizm merkezinin ayn\u0131s\u0131 olacak. Ancak \u00f6n\u00fcn\u00fcze uzanan ay\u00e7i\u00e7e\u011fi tarlalar\u0131n\u0131n oldu\u011fu alan eskisinden farkl\u0131 olacak, ay\u00e7i\u00e7e\u011fi tarlalar\u0131n\u0131 seyrederek sohbet ederken bir yandan da yiyip i\u00e7ebileceksiniz (\u00c7izim\/Ye\u015fil: ma\u011faza alan\u0131, Sar\u0131: yeme-i\u00e7me alan\u0131, Pembe: plaza alan\u0131).<\/p>\n<p>Hokuryu Kasabas\u0131 tek ba\u015f\u0131na Hokuryu Kasabas\u0131 hakk\u0131nda \u00f6zel bir \u015fey deneyimleyebilece\u011finiz \u00e7ekici bir yerdir.<\/p>\n<h4>Ay\u00e7i\u00e7e\u011fi Kenar\u0131<\/h4>\n<p>Sadece bir \u00e7at\u0131 ve alt\u0131nda bir g\u00fcverte bulunan a\u00e7\u0131k hava alan\u0131. D\u0131\u015far\u0131da masalar olacak, b\u00f6ylece yemek yiyip i\u00e7ebilece\u011finiz bir k\u00f6\u015fe olu\u015fturmu\u015f olacaks\u0131n\u0131z.<\/p>\n<figure class=\"wp-caption aligncenter\"><a href=\"https:\/\/photos.google.com\/share\/AF1QipM2kL1NRAT-8T_VSNcYtFMbj9U1Vedh8exBy2YXCwu0qXR2J48FNJ2KjcL5jbOTag\/photo\/AF1QipPurRFJkqAU8INWPNWJjhp_GL-AIQRJjka44_4?key=WWZJR0wwUEc1d3RNYlYzdkpERnlYMDhGMWlNenRR\" target=\"_blank\" rel=\"noopener noreferrer\"><img decoding=\"async\" class=\"size-medium\" src=\"https:\/\/lh3.googleusercontent.com\/MzwQO2eSBD6EO4die0y4ENLLWySSt-9aKzfbEk5on81KtfjBksudZvrpDmaeSFd3ENDwaxEM8RVfbCT1Mn_EjjYP9AqSsZL-qqn_89axWGxjp4W3mUDON33asi7OovnRW3vS00D65iJVQ4Xpu4kOK3TSMfsdbQ15Gc9Vvxkwn8oL10C8NsS4P0MP6C8jdOI6CEPlO-Lqr-BlCX5aJrqHR63WcUXqNPBACZsolowHRtTrs4yclXnNE1GQ1V-SEVHZN0LwMpQyOTMqdkEl9Z846Ajcr5iucH5TGVHQnKvxjFETrTNoQlfap4M0c2Onfl2buVCFBioTNILcwy3DP2I-d46AD5Uyi5sDgP-tggZEBFq3nRLUsT_HwUF0wRCJTfZm5xXcZvbGXYskxos_um5BVvgb43MZI4a-dXXcbyqdTYgzu_JjeZX8WmCiSsd9ds3kALBooamJeIcK2gLVnTb2999Nt_g9SVK5Ip2pNlqkjynurKAar03TKrXnsBEpy8NoiH0Akq2nWWmvRvW7k4B6OSGHihWwYCm0jecS_oz_ZnWls3RV33_YwbABXi2ypBuTneRH4eVHF-sDUL3hgh_YNZWqENbQ_qglv0eqo2OC8KxpTYnDgiAg4NsGJKOxAJeR6J_lGKfeMsjeNJqj2xRHtYMoclsHcAdYyPAhN8GigJERr1k3lZcN63CxmO2jiwO6r48uAnVX8MweHP3QZcUTDHzW9wWV7xz6-hsXXctD5oK_Uac=w1239-h863-no\" alt=\"Ay\u00e7i\u00e7e\u011fi temal\u0131 turizm merkezi &quot;Yerle\u015fim ve kat plan\u0131&quot;\" width=\"1776\" height=\"1184\" \/><\/a><figcaption class=\"wp-caption-text\">Ay\u00e7i\u00e7e\u011fi temal\u0131 turizm merkezi &quot;Yerle\u015fim ve kat plan\u0131&quot;<\/figcaption><\/figure>\n<h3>3. Yeni Turist Bilgi Merkezi<\/h3>\n<p>Mevcut turizm merkezi, spor ve turizm bilgilendirme alan\u0131nda uzmanla\u015fm\u0131\u015f bir tesise d\u00f6n\u00fc\u015ft\u00fcr\u00fclecek. Tesisin mevcut k\u0131\u015f sporlar\u0131 merkezi i\u015flevini koruyarak, ayn\u0131 zamanda turist bilgi merkezini de i\u00e7erecek \u015fekilde yenilenmesi planlan\u0131yor.<\/p>\n<p>Otoparka bakan k\u00f6\u015fe yenilenerek turist bilgilendirme merkezi ve ba\u011f\u0131\u015f kabul alan\u0131na d\u00f6n\u00fc\u015ft\u00fcr\u00fclecek, bu alan\u0131n d\u0131\u015f cephesi camdan yap\u0131larak g\u00f6r\u00fcn\u00fcrl\u00fc\u011f\u00fc y\u00fcksek bir turist merkezi haline getirilecek.<\/p>\n<p>Merkez arena, y\u0131l boyu kullan\u0131labilecek bir spor tesisi olacak. Yaz aylar\u0131nda ay\u00e7i\u00e7e\u011fi mevsiminde bile spor yapabileceksiniz. Mevcut bina su s\u0131zd\u0131r\u0131yor, bu nedenle su ge\u00e7irmez hale getirmek i\u00e7in yenilememiz gerekiyor.<\/p>\n<h3>Nonno Orman\u0131: Rahatlama yeri<\/h3>\n<p>G\u00f6zlem g\u00fcvertesine ba\u011flanan bir yol yapaca\u011f\u0131z, ormanda dinlenmek i\u00e7in sokak mobilyalar\u0131 yerle\u015ftirece\u011fiz ve \u00e7im alan\u0131 g\u00fcneye do\u011fru geni\u015fleterek sadece ay\u00e7i\u00e7eklerinin \u00f6tesinde ilgi \u00e7ekici yerler yarataca\u011f\u0131z.<\/p>\n<p>Nonno Orman\u0131\u2019n\u0131 geli\u015ftirece\u011fiz. Ay\u00e7i\u00e7e\u011fi tarlalar\u0131na ula\u015f\u0131m\u0131 sa\u011flayacak y\u00fcr\u00fcy\u00fc\u015f yolu yap\u0131lacak. Mevcut beton kald\u0131r\u0131m\u0131 kald\u0131racak, ay\u00e7i\u00e7e\u011fi tarlas\u0131n\u0131 geni\u015fletecek, Nonno Orman\u0131&#039;na \u00e7im d\u00f6\u015feyecek ve \u00e7imlerden ay\u00e7i\u00e7e\u011fi tarlas\u0131n\u0131n peyzajl\u0131 bir g\u00f6r\u00fcn\u00fcm\u00fcn\u00fc sa\u011flayacak bir tasar\u0131m d\u00fc\u015f\u00fcn\u00fcyoruz.<\/p>\n<p>G\u00fcney taraftaki \u00e7im alan\u0131n \u00e7e\u015fitli kullan\u0131m (\u00e7ok ama\u00e7l\u0131) \u015fekillerini ele alaca\u011f\u0131z.<\/p>\n<h4>Sokak Mobilyalar\u0131<\/h4>\n<p>Sokak mobilyas\u0131 olarak bah\u00e7e mobilyalar\u0131 ve \u00e7im temin edece\u011fiz. Sokak mobilyalar\u0131na \u00f6rnek olarak Frans\u0131z pavyonu &quot;KOMOREBI (Chateau La Coste, Fransa)&quot;\u0131 tan\u0131taca\u011f\u0131z. Bu organik, a\u011fa\u00e7 benzeri pavyon, C\u00e9zanne&#039;\u0131n \u00e7ok sevdi\u011fi Fransa&#039;n\u0131n g\u00fcneyindeki Mont Sainte-Victoire&#039;a bakan bir tepede yer al\u0131yor.<\/p>\n<p>\u0130talyan pavyonu &quot;CODAMA (Italy Arte Sera)&quot;, \u0130talya&#039;da \u00e7evre sanat\u0131n\u0131n merkezi olan Arte Sera orman\u0131nda, 58 mm kal\u0131nl\u0131\u011f\u0131ndaki masif kara\u00e7am a\u011fac\u0131ndan, hi\u00e7bir metal ba\u011flant\u0131 par\u00e7as\u0131 veya yap\u0131\u015ft\u0131r\u0131c\u0131 kullan\u0131lmadan yap\u0131lm\u0131\u015f, 4 metre y\u00fcksekli\u011finde k\u00fcresel bir pavyondur. Bu ikonik pavyonlar\u0131n kurulmas\u0131n\u0131n insanlar\u0131n bir araya gelip e\u011flenmelerini te\u015fvik edece\u011fini d\u00fc\u015f\u00fcn\u00fcyorum.<\/p>\n<figure class=\"wp-caption aligncenter\"><a href=\"https:\/\/photos.google.com\/share\/AF1QipM2kL1NRAT-8T_VSNcYtFMbj9U1Vedh8exBy2YXCwu0qXR2J48FNJ2KjcL5jbOTag\/photo\/AF1QipNaQZ1-G1nWo4eBH9yHH8UJA_0pb2Bvpg1Nyao?key=WWZJR0wwUEc1d3RNYlYzdkpERnlYMDhGMWlNenRR\" target=\"_blank\" rel=\"noopener noreferrer\"><img decoding=\"async\" class=\"size-medium\" src=\"https:\/\/lh3.googleusercontent.com\/I2RigkSOvrwaYNJvLCho2gqPagxwkFbqvJ_7pQ0qe2jZkA2u0NjhkSBbTBpwlKLx4ySIaqXY3eegrfaMCCiAEBccP3mH9m20MycJmyRmXQI_C2dLSm1EOJKp9vl9HXamswZObvjL39WhANZkInOPLKPZPUmeTQ0WVBWX9chlRjDmelCNDegX5Ei2Hdw348Nn6X8kGWIe0MG8ouqtNrqMcOYqS8vYx350uPV0fdJqp7MuijgC2FMf1X74uOCuPjHO-XyTmHXbqsXLMIYo08U8DLv56B-6Sd7sh9D5OlcBYDOdQKJMSG2rJDCMLgSM2W-mL_0TimnLRkt7_v1rKoxo-hKG_O4PmoEzn4eHgqp3tzMJ1h43mmG2KI-nCIVU6JLckwf9zpEu_xrELoWGP9eZZjjb-tRRz2cPf8m3wguFedQ7Y7qbnv272n20EKvivWoDV9V7yUpapqZMAgVtLaQxqBquPUBDya6OIGpPK6yysSrccZOTr1aXh7ylq3ti0sQf32jbVZWMhspuSVNgmD1g-W04cRSScOGM3t7IdpBkXb24AXjisJe-AiyvnJeOcyE_nkWkvDzVY33PSmZX1rfyX3TLYoKdVuMTG_aDYD1HIccYL2VKsPAnjEgn_T3OXnoVJlzxN6ucILaJnWEuKoe001hrQf0RMBOhpJPud13LftG6j0lgNSLc50MN0F6i_824iG7twBYg7jT-XzgaPLSdMxEiUs8JFMtqKREU5LbA9Wdr0Q0=w1239-h868-no\" alt=\"Nonno Orman\u0131: Dinlenme ve sokak mobilyalar\u0131n\u0131n mekan\u0131\" width=\"1776\" height=\"1184\" \/><\/a><figcaption class=\"wp-caption-text\">Nonno Orman\u0131: Dinlenme ve sokak mobilyalar\u0131n\u0131n mekan\u0131<\/figcaption><\/figure>\n<h3>5. Karavan Evi<\/h3>\n<p>Kafe, ula\u015f\u0131labilirli\u011fi art\u0131rmak i\u00e7in ay\u00e7i\u00e7e\u011fi \u00e7i\u00e7eklenme mevsimine denk gelecek \u015fekilde ta\u015f\u0131nacak. B\u00fct\u00fcn\u00fc birbirine ba\u011flayarak dairesel peyzaj\u0131n de\u011ferini iki kat\u0131na \u00e7\u0131karacak tasar\u0131mlar yarat\u0131yoruz.<\/p>\n<p>Seyir teras\u0131 ve turist merkeziyle uyum i\u00e7inde tasarlanm\u0131\u015f mobil ma\u011faza. S\u0131cak g\u00fcnlerde g\u00f6lgelik, ya\u011fmurlu g\u00fcnlerde ise dinlenebilece\u011fimiz bir yer olacak \u015fekilde yama\u00e7ta tenteli (\u00e7ad\u0131rl\u0131) bir karavan kurmay\u0131 d\u00fc\u015f\u00fcn\u00fcyoruz.<\/p>\n<figure class=\"wp-caption aligncenter\"><a href=\"https:\/\/photos.google.com\/share\/AF1QipM2kL1NRAT-8T_VSNcYtFMbj9U1Vedh8exBy2YXCwu0qXR2J48FNJ2KjcL5jbOTag\/photo\/AF1QipP3xq-owae_31Z98mofDcMrsuNRuyriCAD9DI0?key=WWZJR0wwUEc1d3RNYlYzdkpERnlYMDhGMWlNenRR\" target=\"_blank\" rel=\"noopener noreferrer\"><img decoding=\"async\" class=\"size-medium\" src=\"https:\/\/lh3.googleusercontent.com\/rVbUALs-xe4ClhgiG6T8EL7oPjHZeTcwrCj589GnsugrSb8q9PRxRowATDjLnhQWs9pSpinLddGjdltsIRg2QuaFfp9dJqx7J7j_l7xtZTh6HAgVV2IyCy6INwXf8hilTmPwNh896E9gFSC4ddNi2-vJn1qaMVn4q4bTh66odl6uNqdrYHyuYWw6HmVubqSK0QgZyuPjq6viwlUTfQRVxgsQ0b2hZ-LmiHxmOhOax8MFqjfOB65y-WfCJhuld7YW1JT-LcYhUvnmfqUQ7zuilKWhfrGCYEDM9vSzGbHNqWuebu-oYWpcHpkxDc-nrXBmMYG6wXmKKtq9rvGU57BoMM_Bn9YDY7w1GiSWIbwaNwVUjB_SsqYf6irscGoNLUPaa5oK3vOwB6O-u6RuD6Bbw8qdURVDH0YFOlIPLrM6CdJ4wn-b8b4DMB64NbX4WN_eY_7P2-JQwVRVe6-NIU_kbSM-uJ5KOnte_q0BwyJd5VXWTkdxVKcOGoBeTD4AM5bmWzXDWtsW-8EjL26TAlDGqvX_qnCYGXdr5kZEKtZdNjfEfX_fo21DvVvjz-j5O-bSaZWGVUGZAJu2B147O23eVn1A4U4_5iD334DQp4Y74r7iQFuQ8lHP4Jsu-uoL2aS3cT0MH4r17qBgut2WaJ2SNCPL9jOLh4ICSND8o1jzcMpcwJ2o6rvihfpED6cYfr8TyfK8RZ07X23oTSTE5xysay3DwTGSR7Cd8LncKaC3Ys2tFA8=w1239-h867-no\" alt=\"Karavan Ev Kafe\" width=\"1776\" height=\"1184\" \/><\/a><figcaption class=\"wp-caption-text\">Karavan Ev Kafe<\/figcaption><\/figure>\n<h2>g\u00f6r\u00fc\u015f al\u0131\u015fveri\u015fi<\/h2>\n<p>Daha sonra yerel halkla \u00e7e\u015fitli bak\u0131\u015f a\u00e7\u0131lar\u0131n\u0131 kapsayan bir tart\u0131\u015fma ger\u00e7ekle\u015ftirildi.<\/p>\n<p>\u30fbMa\u011faza taraf\u0131nda do\u011frudan g\u00fcne\u015f \u0131\u015f\u0131\u011f\u0131<br \/>\n- Sa\u00e7ak, cam vb. konularda<br \/>\n\u30fbG\u00f6zlem g\u00fcvertesi asans\u00f6r\u00fc hakk\u0131nda<br \/>\n\u30fbY\u0131l boyu kullan\u0131labilen tesisler<br \/>\n\u30fbYeni turizm kaynaklar\u0131<br \/>\n\u30fbAh\u015fap yap\u0131n\u0131n sembol\u00fc olacak g\u00f6zlem g\u00fcvertesi hakk\u0131nda<br \/>\n- Resim \u00e7er\u00e7evesi efektli &quot;Ay\u00e7i\u00e7e\u011fi Kap\u0131s\u0131&quot; hakk\u0131nda<br \/>\n\u30fbTuvalet montaj\u0131 hakk\u0131nda<br \/>\n\u30fbR\u00fcya Ay\u00e7i\u00e7e\u011fi K\u00f6y\u00fc Giri\u015fimi Hakk\u0131nda<br \/>\n\u30fbHeyecan verici plandan etkilendim<br \/>\n\u30fbMa\u011fazan\u0131n arka bah\u00e7esi ve teslimat yolu hakk\u0131nda<\/p>\n<figure class=\"wp-caption aligncenter\"><a href=\"https:\/\/photos.google.com\/share\/AF1QipM2kL1NRAT-8T_VSNcYtFMbj9U1Vedh8exBy2YXCwu0qXR2J48FNJ2KjcL5jbOTag\/photo\/AF1QipOD7q4x0GcWF01A_Sd4UH9pQ3iJP7fGWwVPvgo?key=WWZJR0wwUEc1d3RNYlYzdkpERnlYMDhGMWlNenRR\" target=\"_blank\" rel=\"noopener noreferrer\"><img decoding=\"async\" class=\"size-medium\" src=\"https:\/\/lh3.googleusercontent.com\/EQ3OjKqbyQc7c9IXIeHzef0LH0pP3I57WAshyQDGMtNfpqtYPkl8HMZyzsVlP5SVz75gQVrZ2DMbAT8mwbBCyJ8a4cXQ9VGC2OyunSzx0e6W-2xn0uzC77kVM0KTAXh0V7hIv7Glglo-EgeqBX0exasgUwoOHCcg8Mon2FCAYwOVrqgeftXqL0J4LaFxg4Cx8NS2CSarAmCDEsxyv1OxyzZygIHh6bDJQvGbPSC9HCR-XDLGIT-mgqUN32_h3y_BZ058I6AhugMPtJKFAGbPtcV_30f-2BEhU4CXzgzYqYkdwc2r_USaoWmQZSg4MSpng1blq7jPlximZ0oWzR2wwhZchRlNdN5ZxdTo0yQzsPd1HASZMuf4fgnggtr360TY37WO8_7MkyzOkVYdRwKDLCsmcKbs-_QwVJ20qOwRX3Jyp8QnWeHT1IkLS6DyxtxVslYkcREEcxusmQSTON64xljN_1fXny_4lwplJjaJyFuoAJrdLC6sDAWS-YngnMPSaDfuOTbrrrndbsgxCWKDxqJ7pJnVX7OkCtMfDM0Aix8_8qXhZOC0qoIk1s_3sviDlqfsqhC4QdoS03307y8WnXpCer2rY3CAT7XpTEtMK1s_whNoovXE1DA_8eeOHzY86As91W50WKo2xG3i2nwsPocn4qsMOrbQwXUcY5OyRHRg6bKpzDJQID3cFy5SYLiQ9YaXgfTD5m5A93xcruuLj7Jdcz1UNDfw3_sS_vyn_0yu58I=w1778-h1184-no\" width=\"1776\" height=\"1184\" \/><\/a><figcaption class=\"wp-caption-text\">Canl\u0131 fikir al\u0131\u015fveri\u015fi<\/figcaption><\/figure>\n<figure class=\"wp-caption aligncenter\"><a href=\"https:\/\/photos.google.com\/share\/AF1QipM2kL1NRAT-8T_VSNcYtFMbj9U1Vedh8exBy2YXCwu0qXR2J48FNJ2KjcL5jbOTag\/photo\/AF1QipMsaSHamhJX1bLp0pCW9705GU5_xEfjq-tRS_8?key=WWZJR0wwUEc1d3RNYlYzdkpERnlYMDhGMWlNenRR\" target=\"_blank\" rel=\"noopener noreferrer\"><img decoding=\"async\" class=\"size-medium\" src=\"https:\/\/lh3.googleusercontent.com\/K_k_dgj78cmxrAO8f3W4prcUolBxupVdCRg5TTB6iD00NROwABrztlWoaYUUdIVe7-PinUO0XFOQ1I7wCjDHlehGmdRI4IkqX8vhVuD6FM80DWipjet2efDhzQVk17rDj3Ouk-Rx9kyLOZEz3j-8SxXUa45TeZF6HooXIqV66rp-Gt7SQvc3qRCUU0TNhPQmcKO7Xt7RvwNYGNtpF1mFNzWrjT0lZ2F-sysFdUkYx5_mcMPxZIuTXYmh_ZKT8Ks2_2Kgix4TZcZ1z1LofjtaiRZVaAnRKeniO8Ce2fXxIOgha0cmea4emyghI18vM1r_vQU0LAwg5KuOSI1M1y30E10zf8X_kBVjqu0vYjOeNB5HvnKASYSHS89UB6As41vFFvsVoRatsA7SijjhFncRdqEffc388WTax_8nFMInBOt2ZtK86647UnLIKOOp9jIQRzWNgK-1NzWuisqWeMUmB5Fpf1zD0N2NJ2gN-86zMIJUeaVNahV-bWxUhPCk6F-UJbe6de0wQ4bjJL7_7zznfoFGY-eupuN9ky_DifZ4IBjMC-SkoE8tiU-Q4uAyLDHz80iH890ELZeEWgsCMOI4U5KaPRTSQelbom5cII2K3ksuwRabAr_jB8fXzfnX_NaJ_rskUKQ9wDBw80CntaKZAfXoGJQIZfTsUXtEISpf0iOsSnhvA_kkbQ96rQ-RDnz9sqFLEakcOll0aeIiocB18vdKUETt3hWDUaeLr2B3dau9d_c=w1778-h1184-no\" width=\"1776\" height=\"1184\" \/><\/a><figcaption class=\"wp-caption-text\">Tart\u0131\u015fma oturumu<\/figcaption><\/figure>\n<h2>Kengo Kuma&#039;n\u0131n kapan\u0131\u015f konu\u015fmas\u0131<\/h2>\n<figure class=\"wp-caption alignnone\"><a href=\"https:\/\/photos.google.com\/share\/AF1QipM2kL1NRAT-8T_VSNcYtFMbj9U1Vedh8exBy2YXCwu0qXR2J48FNJ2KjcL5jbOTag\/photo\/AF1QipMNRck4R8fe6AWr-dlB1nL1aGumI2w8OkqD97c?key=WWZJR0wwUEc1d3RNYlYzdkpERnlYMDhGMWlNenRR\" target=\"_blank\" rel=\"noopener noreferrer\"><img decoding=\"async\" class=\"size-medium\" src=\"https:\/\/lh3.googleusercontent.com\/YWHlnetRFCY0N1kXvKtMykHi4cZwNpNJiGRqRh2bMZ17ipKllLIfgi_FqpsO-cJmlJVAIQWITxGjpfciwkwvE6U2VRu9FiKDEs3fJVqVtI0ebmpANGhmR4WUFI-kV3zhAHOQzgIA_QFAmjq7fSULx14MMxCj9OU7DJKPUUHr0stsRgBPaqv9ajYa5XYYOWLHKBXDMwFjkfICL2_MrHWM8w8fHFDE2Y0fcm3dSqQxxr-_JMcz0D7tUKLXE5iqinkjwrt7Homg3_umvSX86dphBOVXg7j8SQMuWac2XrFYaU4piM0HrRO5lDP6-WHwEiHvW65RNWrPug4Q2TN67hyrInb5Kid9Qv841vrj0x_40xd6fxomPhQ4kGzKf0uwvePsOx0xHw3BZXPzBYjYq8fZRJcI5pa8Rnaauh0DsJksfauRIzjOCgqHsnN9gm0rxLettLhjwWn4UKkU8u7pR9npvRmVWMjtpDNjGIAMPRkJOFTOz27VnZgf5M6iQyCOcs0h0Ph1X2WE-t3AgH3-PoNLWFWRQcYoKERrSMEbsDZQQdyRZ9bLaap4HiTvk-tBlJ4UGYbP5-RffwpTTOV0V9sM-FzxAkGSE2q_3C3U47YL4DiGdjvZ7zuQ0-FSHOAynnTzZpHj0wFzDSwWnCmYqLKj-3YpCn-S6wwJ0Av8KLAYdybVfLPn-5MdvqvQCCNEQ5FOHddiVZeLBNrYP1dnoH0uWuC9ShBBgJDXOgQ65bWSoHttBlk=w1778-h1184-no\" width=\"1776\" height=\"1184\" \/><\/a><figcaption class=\"wp-caption-text\">Kapan\u0131\u015f s\u00f6zleri<\/figcaption><\/figure>\n<p>&quot;Bunlar sadece fikirler ve b\u00fct\u00e7e gibi \u00e7e\u015fitli konular\u0131 netle\u015ftirdikten sonra devam edece\u011fiz. Hokuriku Kasabas\u0131&#039;na en uygun bir \u015fey yaratmay\u0131 hedefliyoruz,&quot; dedi Kengo Kuma, u\u00e7u\u015f program\u0131 k\u0131s\u0131tlamalar\u0131 nedeniyle mekandan ayr\u0131lmadan \u00f6nce kapan\u0131\u015f konu\u015fmas\u0131nda.<\/p>\n<h2>Masayuki Tanigaki, Marche Co., Ltd.&#039;nin Ba\u015fkan\u0131<\/h2>\n<h3>&quot;Pirin\u00e7 Topu Yar\u0131\u015fmas\u0131&quot; hakk\u0131nda bir hikaye<\/h3>\n<figure class=\"wp-caption aligncenter\"><a href=\"https:\/\/photos.google.com\/share\/AF1QipM2kL1NRAT-8T_VSNcYtFMbj9U1Vedh8exBy2YXCwu0qXR2J48FNJ2KjcL5jbOTag\/photo\/AF1QipMRYg1TcjarXqUEgGHRxzX4MHWfKhRAwnnsXKA?key=WWZJR0wwUEc1d3RNYlYzdkpERnlYMDhGMWlNenRR\" target=\"_blank\" rel=\"noopener noreferrer\"><img decoding=\"async\" class=\"size-medium\" src=\"https:\/\/lh3.googleusercontent.com\/-6c7hIZOVewerBS3mKofZ75ku1KafYJpcYJbOAJMkK3P11nY9sso56iGcMtSeP7ohmsT8rIBtdH1-lah_lrRCebbUAcEM-ZD0CMN95tfLaaYPQju76T6CjssBXXS-Su3Wf4_qfrbXe1k1IduJKFf9xXYaF3p5VswUSR_ixCP9BEmicuMhYE7mHw5w8D-saxTvklc8yz64OYPoI_7XKLYnrWFBjaF4r_f-WC6N8LTn-f6qNOPbGT75mHFuuTGoE--96H9vjmCrJ9NmH2Dk11Ov2a4dOhZvj0cKEB_5jdJFWOkidALGhjGVGoruMj4d8KFqddXU7AVm15IG8-cwrU82tZexi1kn8cCs_2sw2VGN6Yrh4L-cJI2CqM-Aca_nKqUCxvhLBzxqUzI4uw86Ll5CUMlylf--IK6YDsEL4uGO19Io8wHbvQPbSyHfw_qVBnToY9DzSZg_mUpiaZeCoHmqyrQoVjHKxUoXQEDlbSCzdVTD3iWbhjBWnSz2ggnNHrv2JuCdQS0J0DUnk2InIMsurw7Xgw7S_UVEOZVzn_eb5a3zh08x7qwk_eYXHYdCswkeDu6MqMAXU_FRWX7BPRcs5FyYPo-gAERx89xHOpXvgSYxXFUJS0_1-4UdSWi95hFfjmL1Sx3qbDxdTPOYt0lq5b_nFjJg-8qUQFf06RqcF4QmHG7iIuchMeSCvhbNzc1P3sxksT-cxgkMt4KK_CWN-zM_GEdAYR23MyxPiIweMK23zw=w1778-h1184-no\" width=\"1776\" height=\"1184\" \/><\/a><figcaption class=\"wp-caption-text\">Masayuki Tanigaki, Marche Co., Ltd.&#039;nin Ba\u015fkan\u0131<\/figcaption><\/figure>\n<p>&quot;Hokuryu kasabas\u0131n\u0131n manzaras\u0131 harika, ama ayn\u0131 zamanda Hokuryu kasabas\u0131n\u0131n ay\u00e7i\u00e7e\u011fi pirincinin de b\u00fcy\u00fck bir de\u011fere sahip oldu\u011funu d\u00fc\u015f\u00fcn\u00fcyorum. Ay\u00e7i\u00e7e\u011fi pirincini Hokuryu kasabas\u0131n\u0131n halk\u0131n\u0131 memnun edecek bir \u015feye nas\u0131l d\u00f6n\u00fc\u015ft\u00fcrebilece\u011fimizi uzun uzun d\u00fc\u015f\u00fcnd\u00fck. 25 A\u011fustos&#039;ta, Sunflower Park Hokuryu Onsen&#039;de bir &quot;Omusubi Yar\u0131\u015fmas\u0131&quot; d\u00fczenledik.<\/p>\n<p>Pirin\u00e7 topu yar\u0131\u015fmas\u0131nda birinci gelen \u00fcr\u00fcn, Eyl\u00fcl ay\u0131ndan itibaren iki ayl\u0131k bir s\u00fcre i\u00e7erisinde Kansai b\u00f6lgesindeki 20 ma\u011fazada test sat\u0131\u015f\u0131na sunuldu. &quot;Peynirli Past\u0131rmal\u0131 Pilav Topu&quot; ve &quot;Okonomiyaki Tarz\u0131 K\u0131zarm\u0131\u015f Pilav Topu&quot; adl\u0131 iki \u00fcr\u00fcnden toplam 2 bin porsiyon sat\u0131ld\u0131. Personel, bu uygulaman\u0131n ne kadar iyi kar\u015f\u0131land\u0131\u011f\u0131na \u015fa\u015f\u0131rd\u0131.<\/p>\n<p>Bir\u00e7ok m\u00fc\u015fteri bu pirin\u00e7 topunun lezzetli oldu\u011funu ve \u00e7ok be\u011fendiklerini s\u00f6yledi, bu da kesinlikle sat\u0131laca\u011f\u0131n\u0131 kan\u0131tl\u0131yor. Bu pirin\u00e7 topu tarifinin \u00f6zellikle Hokuryu Kasabas\u0131 olmak \u00fczere t\u00fcm Kita Sorachi (Sorachi) b\u00f6lgesine h\u0131zla yay\u0131lmas\u0131n\u0131 i\u00e7tenlikle umuyorum.<\/p>\n<h3>\u00d6\u011frenci Destek Ekibi<\/h3>\n<p>Osaka \u0130l \u00dcniversitesi \u0130\u015fletme Y\u00f6netimi B\u00f6l\u00fcm\u00fc&#039;nde \u00f6\u011fretim g\u00f6revlisiyim. Dersin final s\u0131nav\u0131 &quot;Hokuryu Kasabas\u0131 Ay\u00e7i\u00e7e\u011fi Pirinci ve Turizmi \u0130\u00e7in \u0130\u015f Fikirleri&quot; ba\u015fl\u0131kl\u0131 bir konuydu.<\/p>\n<p>Orada kay\u0131tl\u0131 80 \u00f6\u011frenciden baz\u0131lar\u0131n\u0131n \u00f6\u011frenci destek grubu olarak organize edilmesi, Kitary\u016b kasabas\u0131nda g\u00f6n\u00fcll\u00fc olarak \u00e7al\u0131\u015fmas\u0131 veya ye\u015fil turizm, tar\u0131m deneyimi turlar\u0131 i\u00e7in fikirler \u00fcretmesinin ilgin\u00e7 olaca\u011f\u0131n\u0131 d\u00fc\u015f\u00fcn\u00fcyorum.<\/p>\n<h3>Ay\u00e7i\u00e7eklerinin sanatsal temsili<\/h3>\n<figure class=\"wp-caption aligncenter\"><a href=\"https:\/\/photos.google.com\/share\/AF1QipM2kL1NRAT-8T_VSNcYtFMbj9U1Vedh8exBy2YXCwu0qXR2J48FNJ2KjcL5jbOTag\/photo\/AF1QipMM3yM-B0A2RdTTu8xISR_KpYcnYNptXYp6gBE?key=WWZJR0wwUEc1d3RNYlYzdkpERnlYMDhGMWlNenRR\" target=\"_blank\" rel=\"noopener noreferrer\"><img decoding=\"async\" class=\"size-medium\" src=\"https:\/\/lh3.googleusercontent.com\/0GQmuFvHc81RKMnPhWRQFjGbIwEqCqDeTtZZY2XdaVGEkSM1BbiT2xtfgXrupTW-7dmlL8Qk8nsmsatnb8VuIgPC1sb9AdFAB7SaXmsmkHfwJVYdVoCZ7vqOf-spO7hOCEzaWXdvbUYJskoqqqUAjqIAoW5xn_3G9qSc7q506E2GveOCsIvJeerhqmq3A-ybIBYAm31U2UBsm8DKzqWRN7mDHn9tYRlHULNwY24TJxCvqmtXlWHqUdDm2XOzA0aenl2t1z1sRwZENMk4DgxfkqoyArIYYSKH-MwNq1ouTw5tD3i-JEefgsOsajoTv8O4q1gIJ08PE_1xbKh-GsYU7qGh6bkT_KXimpzvcE77uqPucAvpVHqwzhc1iQRB0i0HE0XTZKwqrMWA3zdZKxD--CuA8a3Ckc0iKyYRPIG1eo4m9TEWAkA84De9dbBknLVJkJsprtthoqRQTFEaqN9B4YEweKyZtohDzKsHyqjg5UwrhjuD0Pn2a-bqdQZytQ7UbsMuBKEUvHLQI3Fcdb1sERP-xhDuLtIZe2Q94_J9P5bCM6zNqQGCikXM9l7fD4V-6uKjMvm_JirgNpiGT-zWDSLim72fvXIy7mMMIqFhk4cvGFx5E5XXfbFVxyIFkC7-VFPIvg_CJjWie196mF5tP_DvjhvTI5Pp-9JGEW8h25K2Ddbvri_mZ1RZ4op5gK4LE--Ajr9p5MUjy9B8e8UA6RuvkdihAK1HMf1VcQRnRRYz3qE=w1778-h1184-no\" width=\"1776\" height=\"1184\" \/><\/a><figcaption class=\"wp-caption-text\">Ay\u00e7i\u00e7eklerinin sanatsal temsili<\/figcaption><\/figure>\n<p>&quot;Solmu\u015f Ay\u00e7i\u00e7ekleri&quot; adl\u0131 eserimi Osaka Ulusal Sanat M\u00fczesi&#039;nde bir sanat eseri olarak ke\u015ffettim. Ben ay\u00e7i\u00e7eklerinin sadece \u00e7i\u00e7ek a\u00e7t\u0131\u011f\u0131nda de\u011ferli oldu\u011funu d\u00fc\u015f\u00fcn\u00fcrd\u00fcm ama solmu\u015f ay\u00e7i\u00e7eklerini g\u00f6r\u00fcnce ya\u015fam ve \u00f6l\u00fcm kavram\u0131n\u0131 hissettim ve bunun da ya\u015fam\u0131n bir par\u00e7as\u0131 oldu\u011funu fark ettim. Solmu\u015f ay\u00e7i\u00e7eklerinin bile bir mesaj\u0131 oldu\u011funu fark ediyorum ve ay\u00e7i\u00e7eklerinin sanatsal bir \u015fekilde ifade edilebilece\u011fini g\u00f6r\u00fcyorum.<\/p>\n<h2>Naoya Ishikawa, JAZY Muhasebe Firmas\u0131 Tokyo Ofisi M\u00fcd\u00fcr\u00fc, Sertifikal\u0131 Kamu Vergi Muhasebecisi \u015eirketi<\/h2>\n<h3>Hokuryu Kasabas\u0131nda yeni bir i\u015f modeli<\/h3>\n<figure class=\"wp-caption aligncenter\"><a href=\"https:\/\/photos.google.com\/share\/AF1QipM2kL1NRAT-8T_VSNcYtFMbj9U1Vedh8exBy2YXCwu0qXR2J48FNJ2KjcL5jbOTag\/photo\/AF1QipMQHipIrya3NgTBsHsz2dI58mTWYzEYTjHQnm8?key=WWZJR0wwUEc1d3RNYlYzdkpERnlYMDhGMWlNenRR\" target=\"_blank\" rel=\"noopener noreferrer\"><img decoding=\"async\" class=\"size-medium\" src=\"https:\/\/lh3.googleusercontent.com\/Y19RQGaUdswGreGW77TRJG2_77HgY4oXgqBP0Z_jq_LX0Qdm7FM9fhfrm4hQID5Z4H0HSBKkCWSkCij729MdoUb8aLtpmh5ug7iO_XSEOfJkYRJRSvZ4yuB_nQvj_rXDBa4Lx9MBjSTcjdlh3m1_STNDQFJFe69F-ibcP7hsLONVlQujcJSvyLjBUz4NDXXJNDmXQgRcMUQGa8xCpzYPudB_kG-skEJMHZsGQfBO3wwfZbqjxryZqCbiB2G5IKODcD9dFFJ_MLLs9aXNJfREhyKyZiksR58Deil7pHfehix-JmvCq2YataJPuU21GzlUflaTt2auEW5vI_QVH1Nd6TLHHyo7pIm9-nchJSlOk9w1lXcZzPbbXbORgMYwkFXVXU5C_G7W9x3jcNU3HDBBQ5UlM_qd5_KuhTCeXMVoJpdOmvWOPHQ4LN8vQH4btqU9DjLylT7O0Lv2EAjlt73RgLXTnEm2og9It1z7KX5PRB0273klKaoquPXmoosCBwU2w4BtwTO4AKQ8R66pmwSim8VaBOACCcHZ6Gm8ykWQdPyBmx2HMKt3esWh5t-Y6UlRT6K3iAlHhXzkM46cM8hpe0O2Ie2sh5upo69asEtDiGUp2cX1Xp4U02yF5nt4IzHJ7ZPCLCnMqbxDGVp9bic9KAJAVK3NSUT1Zc6reWR9HP5QuRksypcsvUaxcGbg8y_lxuJjvBhBLKHouqH1xiccJfXPEWdK3vPzH0JlX6h8CgPHj2E=w1778-h1184-no\" width=\"1776\" height=\"1184\" \/><\/a><figcaption class=\"wp-caption-text\">Naoya Ishikawa, Tokyo Ofis Direkt\u00f6r\u00fc, JAZY Vergi Muhasebe Ofisi<\/figcaption><\/figure>\n<figure class=\"wp-caption aligncenter\"><a href=\"https:\/\/photos.google.com\/share\/AF1QipM2kL1NRAT-8T_VSNcYtFMbj9U1Vedh8exBy2YXCwu0qXR2J48FNJ2KjcL5jbOTag\/photo\/AF1QipNW7q-gT9Q_O9_IY2ncuvV2CWwAt8ugJp1dtJs?key=WWZJR0wwUEc1d3RNYlYzdkpERnlYMDhGMWlNenRR\" target=\"_blank\" rel=\"noopener noreferrer\"><img decoding=\"async\" class=\"size-medium\" src=\"https:\/\/lh3.googleusercontent.com\/5h_022Sm4sDa12Cz_UfTKt81l80gw2TKtBrkdZMydZqh3wj_plSFMMF3ibXJsqRpZsu87LXNjTVk1FpI8i4ACpxwhJ3fcnuEPBpxXp6RTaqWk6IPvZ3zA7BnmxhLD8c54grqkP4Auc1fv4kVFByFKkaVP7N9lEF0GgIlmDrqEpwhclMmRZ1n9LTJY0w2NilAmIAHuN7qtRK73fQTlVfjya1OyfIrXZzboxBDtzuA_xOiq0kRzWbPTXx4UxhnriZv8XjOzSKRVtaH0UlqXYu3PjwzaYI21iSb1WUU3zCZiJvdn3wdhtkmhrhyfFA-9ywgOYGjgbDsyyV3H6Z72DHCs8gKNr7gAyaaw-kdFRxA7by58Isjde4WAodsoGFrQEq0EJ_Hs-s1WX1_YJ3BMaqF6FnAo5RvECo28KmEnB5iQx-8ao3UpL1LTpS3pM5OG3XM8ersnGvWAJFz7vyMV6L5bov3pY8kBtBpFgoSzPwpAxkGSDXnXJT1NRsLyPQ0jFTCScr-A5BtxcBKSKtA3Xp48AtwcDFQdYyvXYmI-BkF2GxnXF67aZc7agBoeUPF4Xli_DdIQ5pU9ATxMufOBP3yVfypAuavUe9XHg2F51QR6tVrnywD9NOPcrehcGoastX32qAWZFX7xgviqcIGT9mSyJOZUvPB0yhfvw7KKGUq2ILueCBqJ_P2i4CU6jAp-GSL4pge12hYMsqKqglNOCao_XODp-qxIqUUz40hicZ88wwO6q0=w1778-h1184-no\" width=\"1776\" height=\"1184\" \/><\/a><figcaption class=\"wp-caption-text\">\u0130\u015f Modeli<\/figcaption><\/figure>\n<p>Yerel halk\u0131n, turistlerin, ilkokul ve ortaokul \u00f6\u011frencilerinin tar\u0131mdan at\u00f6lyelere kadar pek \u00e7ok deneyimi ya\u015fayabilece\u011fi bir \u015firket \u00f6nerdik.<\/p>\n<p>Turizm merkezinin y\u0131l boyu kullan\u0131lmas\u0131 stratejisi kapsam\u0131nda d\u00fczenli olarak pazarlar kurulacak ve ziyaret\u00e7ilere \u00e7e\u015fitli deneyim planlar\u0131 (\u00e7ift\u00e7ilik deneyimleri, ay\u00e7i\u00e7e\u011fi deneyimleri, soba eri\u015ftesi yap\u0131m deneyimleri, at\u00f6lyeler vb.) sunularak ziyaret\u00e7i say\u0131s\u0131 art\u0131r\u0131lacak.<\/p>\n<p>\u30fbTar\u0131msal deneyim \u00f6rnekleri, Hokkaido \u00c7iftlik Konaklama Sempozyumu materyalleri<br \/>\n\u30fb\u0130\u015f plan\u0131 \u00f6rnekleri<\/p>\n<h2>Bay Yuji Sasaki, Planlama B\u00f6l\u00fcm\u00fc, Planlama ve Koordinasyon Departman\u0131, Mimarl\u0131k Ara\u015ft\u0131rma Merkezi, Hokkaido Ara\u015ft\u0131rma \u00d6rg\u00fct\u00fc, yerel ba\u011f\u0131ms\u0131z idari kurum<\/h2>\n<h3>Ay\u00e7i\u00e7e\u011fi Festivali Anket Sonu\u00e7lar\u0131<\/h3>\n<figure class=\"wp-caption aligncenter\"><a href=\"https:\/\/photos.google.com\/share\/AF1QipM2kL1NRAT-8T_VSNcYtFMbj9U1Vedh8exBy2YXCwu0qXR2J48FNJ2KjcL5jbOTag\/photo\/AF1QipM1I7MTszYWrgo1G978TsXRT0apw9DEJ4YLUcQ?key=WWZJR0wwUEc1d3RNYlYzdkpERnlYMDhGMWlNenRR\" target=\"_blank\" rel=\"noopener noreferrer\"><img decoding=\"async\" class=\"size-medium\" src=\"https:\/\/lh3.googleusercontent.com\/F1gTNSxGGk4xB4ZfFYVhC8bxPbq3DfZ_JTN39KANTG3rVIHaQ0fiimAuoUTqL3Ni1VKHWvZybIjBtw_1irUYrruhKNMBWpvZLFtJKCNJh50AKnCRX--OGvGv3RNqsdunCxK8tXuwUfPCRk1v6doAs3TYUdcH0uvwDzDjiDLmeD6ICIwupRlLOgjI7z2h1ly8aNFog35SSMQtnBNkuo9BR-BwQFGo84-LioxhhaD_tAUU_5gcy_USt1C8yJIr7Qv4dZVtIuOIiF7kGDjD2POcKvlcLzFzmmUD8vGNqAI09vnVhTdChO61bhX-MYxkcOIuTGhhuOL6syNNpE_xc1YEQybZwKyBAMp03XFgKvuUvY6YX3GbpZkHTcoA8y676gudhTgrXn6w8jfl8Vk1lEPeE6CG0Vo16nuYpZupoagPa9Y-gjpalDhjgoEv2iucoA_UNOZ9Ol77-ls-rYigfpF3FWPR7z7TlSUcdwU3zVg4qAAdfoJPKZ2XriDIsbMh9_kniXQXm4ZN7GxRoR_6A9yybZZ2FfsDHTvYrifpQpZP0o55Oq_5ipRiGQL_qOOBLo3XnPmh5g6XAd-PWZZrXUrJeL1C8SYkQEtTyKSInWdrXuX-H48L2WQp_kqFUbp0IbUGKywl7WCZC7Bxy7gtFcM7Uzuy_X4x-gdNALj2WaIexlZdjOKKTRQ2WD3NDLJwM__cWdu9YCAZszL8bBR7yOALkmxnQ53OFTvaPhRIZ6gabGzyVMU=w1778-h1184-no\" width=\"1776\" height=\"1184\" \/><\/a><figcaption class=\"wp-caption-text\">Bay Yuji Sasaki, Planlama B\u00f6l\u00fcm\u00fc, Planlama ve Koordinasyon Departman\u0131, Mimarl\u0131k Ara\u015ft\u0131rma Merkezi, Hokkaido Ara\u015ft\u0131rma \u00d6rg\u00fct\u00fc, yerel ba\u011f\u0131ms\u0131z idari kurum<\/figcaption><\/figure>\n<p>Ay\u00e7i\u00e7e\u011fi Festivali ziyaret\u00e7ilerine y\u00f6nelik bir anket \u00e7al\u0131\u015fmas\u0131 y\u00fcr\u00fct\u00fcld\u00fc ve yakla\u015f\u0131k 1.500 anket analiz edildi.<\/p>\n<figure class=\"wp-caption aligncenter\"><a href=\"https:\/\/photos.google.com\/share\/AF1QipM2kL1NRAT-8T_VSNcYtFMbj9U1Vedh8exBy2YXCwu0qXR2J48FNJ2KjcL5jbOTag\/photo\/AF1QipN7wsFV-ec8hNo08mjaQn5npp_vqMUu0avFsB8?key=WWZJR0wwUEc1d3RNYlYzdkpERnlYMDhGMWlNenRR\" target=\"_blank\" rel=\"noopener noreferrer\"><img decoding=\"async\" class=\"size-medium\" src=\"https:\/\/lh3.googleusercontent.com\/6Fe6sQGmJ0xBAro9_KbIl5FBGSEGYBvlLGhTMG3xI-WYloEs5OIb-naVhmC56umdDRN81KstTQ4GNjpz5IfJ1E6aa_kylmAmHcqwpMfslKyG6F9I6qBThaL3rG1Nn6YrLho5RJKeT3_7koajnRYTymh-Dr6lPl2AsPNFAYvHoBH19twNO8FY8Js9j6LeqzrY2ggT58HSL8J-4eeZ3c3FT8qv1Z8lSjowjUXr0saHHqr2JC6hllzWnA2eGvBkBme6dbQDNF4TalzUbQXp4wcFvuZi8UjZ1OhhTt3Lf0B_6_GZnyaoZqaS2hyEEnUANCvg5sTZfP455G2_waTWIIAi-I1CBjs05H2FC-1icqHE77g3ponrJ48oJczxcfUExjrKYcuT-8UoCuBMoDhJXqA4pBiC8LVfQPOp5gVnLdMZuXn1HDVC0iebvNkooXBF553SphxxYkVtlcnK6-nhEpHI6e87G2FIdDMXfn2uCMkgDNwh6n3qcxmOw6GqWIHeH6Rdsy8mYsRr_W3r1Nw-KSInzkIXpBKl9d8BIT2RIlRgK4n902qPVdmVHWCp9bWi9dJGW6-S1JHZgyCMv1qj3NXBeIAQIXLHOBTswVvj4m-fnxttkQbYhVQ6EZvof5UxfEZPEU12Y5dDedL54cWr1ZD8czAN1Fk0nG2chd2ykzW3ZCmiDv07HLvRQtK-BKOkSell4Os6tme22bNcTFQLg6BVBgH8EOIG99lu6MGQ9ENKz7Yg-5s=w1778-h1184-no\" width=\"1776\" height=\"1184\" \/><\/a><figcaption class=\"wp-caption-text\">Anket sonu\u00e7lar\u0131<\/figcaption><\/figure>\n<p>\u30fbM\u00fc\u015fterilerin \u00e7o\u011fu \u00e7ocuklu aileler ve gen\u00e7lerden olu\u015fuyor ve &#039;\u0131 tekrarlayan m\u00fc\u015fteriler.<br \/>\n\u30fb\u00c7o\u011fu ziyaret\u00e7i Sapporo&#039;dan ara\u00e7la geliyor ve ortalama kal\u0131\u015f s\u00fcresi 1,7 saat<br \/>\n\u30fbAy\u00e7i\u00e7e\u011fi Festivali&#039;ni kulaktan kula\u011fa duyan \u00e7ok say\u0131da ki\u015fi etkinli\u011fe kat\u0131ld\u0131.<br \/>\n\u30fbYemekler ve hediyelik e\u015fyalarla ilgili y\u00fcksek de\u011ferlendirme ve memnuniyet<br \/>\n- Bir sonraki Ay\u00e7i\u00e7e\u011fi Festivali&#039;ne kat\u0131lma niyeti ve Ay\u00e7i\u00e7e\u011fi Festivali&#039;nin de\u011ferlendirilmesi genel olarak y\u00fcksektir.<\/p>\n<h3>Bir meydan okuma olarak<\/h3>\n<p>- \u0130ki saatlik konaklama s\u00fcresince kat\u0131l\u0131mc\u0131lar\u0131n yakla\u015f\u0131k y\u00fczde 41&#039;i yemek yedi. Yemeklerin ortalama puan\u0131 4.6.<br \/>\n- Hediyelik e\u015fya sat\u0131n alanlar\u0131n oran\u0131 , ortalama memnuniyet puan\u0131 ise 4,6 oldu. Hediyelik e\u015fya olarak ise ay\u00e7i\u00e7e\u011fi ile ilgili \u00e7ok say\u0131da yiyecek bulunuyor.<br \/>\n\u30fbHokuryu Kasabas\u0131&#039;n\u0131n imaj\u0131 &quot;ay\u00e7i\u00e7ekleri&quot; a\u00e7\u0131s\u0131ndan g\u00fc\u00e7l\u00fc, &quot;pirin\u00e7&quot; a\u00e7\u0131s\u0131ndan ise zay\u0131ft\u0131r. Gelecekte Kitary\u016b Kasabas\u0131nda \u00fcretilen pirincin tan\u0131t\u0131m\u0131n\u0131n yap\u0131lmas\u0131 gerekecektir. San\u0131r\u0131m bunu iki su barda\u011f\u0131 pirin\u00e7 i\u00e7eren paketler halinde satmak gibi birtak\u0131m fikirler \u00fcretmek gerekecek, b\u00f6ylece hat\u0131ra olarak vermek daha kolay olacak.<\/p>\n<h3>Gelecekte dikkate al\u0131nmas\u0131 gereken bir &quot;kentsel kalk\u0131nma perspektifi&quot; olarak<\/h3>\n<p>\u30fbG\u00f6\u00e7menleri ve giri\u015fimcileri \u00e7ekerek Hokuryu Kasabas\u0131 i\u00e7in &quot;yeni de\u011fer&quot; yaratmak<br \/>\n\u30fbHokuryu Kasabas\u0131&#039;n\u0131n de\u011ferlerine ve kasaba geli\u015fimine empati kurabilen ve destekleyebilen ki\u015fileri ar\u0131yoruz.<br \/>\n- Di\u011fer \u015fehir ve kasabalar\u0131n benimsemedi\u011fi, kentsel geli\u015fime y\u00f6nelik yeni bir bak\u0131\u015f a\u00e7\u0131s\u0131na ihtiyac\u0131m\u0131z var.<\/p>\n<h2>Tasar\u0131mc\u0131 Makoto Umehara&#039;n\u0131n yorumlar\u0131<\/h2>\n<figure class=\"wp-caption aligncenter\"><a href=\"https:\/\/photos.google.com\/share\/AF1QipM2kL1NRAT-8T_VSNcYtFMbj9U1Vedh8exBy2YXCwu0qXR2J48FNJ2KjcL5jbOTag\/photo\/AF1QipNUHS4IGkfTXzFcr-qAb-OPZ3D8QP3cEXn5Rtk?key=WWZJR0wwUEc1d3RNYlYzdkpERnlYMDhGMWlNenRR\" target=\"_blank\" rel=\"noopener noreferrer\"><img decoding=\"async\" class=\"size-medium\" src=\"https:\/\/lh3.googleusercontent.com\/0vgo1BekRscdGKie9NVYpns4idubVdwSMlaWnU2Te6XdrTRybgKrEJcpq3xiQ08OrhXqnjRtD0oRAgSZWRGhcs3vs_AyNPmf8wYR-VgNdHQYlijLBKYc6Dyyyum460u4GBizm1y65XFKIf83bp3vMFZlK1Ig0dZz-7fvzIiC1RWk_HG2rLEZxEvL4tHSUymb_xmNBP590Am7JkvwVU6CrgDXtLFjE77URDthKualmO4ZyqVXL0r13yTOi_CmWuFWQ-fcdhufttOfandHWhY9i04bmVutCx7uPszrG-0TC9b8dNssJhS9528SqI1rczwQI2SbiLkFHitFLpyrEa2fVSr58wtXGI-zF4hsJD6rdcByvKFWAkNategf46-OrFMms5y0C-ajKIpfixv3RpzonHPjhkJXEFyyBch2GODSfy1KNOasgYIxeZDVw2syHoEFU1T2_PW0NWuJ0aukukhj9fDBZs4P7wDDt9GkilFfEz4NBT01LjfuIL6CRumpJqsVPz2PDXincVKk6OTXVvgXm2qPYm0E7-hfEMrBpinx_OHj6lj1VphPWjcG4y-nKb2DwfJdgxEypnUyZqDvnYmxMD35CFJMSEtzsLNHJmViO_rH9BTxgtxmUi7NyBauPxeRgAUDNJcKaGaOI2fC7XhwifOYSrshH8_Zs68niF3ffsK3lT0y0ZbSQS6sdYS9K1Pc8YhMAX997G-eWozL86zufHC807uTWjiVVXS1Iq1ggxB01JU=w1778-h1184-no\" width=\"1776\" height=\"1184\" \/><\/a><figcaption class=\"wp-caption-text\">Makoto Umehara<\/figcaption><\/figure>\n<p>&quot;Himawari Sable&#039;a y\u00f6nelik \u00f6neriye gelince, ay\u00e7i\u00e7e\u011finin \u015feklini oldu\u011fu gibi kullanmak yerine, ay\u00e7i\u00e7e\u011fi sembolizmini tasar\u0131m\u0131n bir par\u00e7as\u0131 olarak geli\u015fig\u00fczel bir \u015fekilde i\u00e7eren bir \u015fey daha b\u00fcy\u00fck bir etki yaratacakt\u0131r.<\/p>\n<p>Her bir Himawari Samuru 200 yen de\u011ferinde olmas\u0131na ra\u011fmen harika bir hat\u0131ra olacakt\u0131r. Kitary\u016b Kasabas\u0131&#039;n\u0131 propaganda ama\u00e7l\u0131 tan\u0131tmalar\u0131 i\u00e7in kendilerine para \u00f6denecek. E\u011fer bunu hat\u0131ra olarak evinize getirirseniz, t\u00fcm aileniz ve arkada\u015flar\u0131n\u0131z Hokuryu Kasabas\u0131n\u0131 tan\u0131m\u0131\u015f olacak. Sat\u0131n ald\u0131klar\u0131 ambalaj\u0131n \u00fczerinde art\u0131k herkesin bildi\u011fi Hokuryu Kasabas\u0131 i\u015fareti vard\u0131.<\/p>\n<p>Yakla\u015f\u0131k 20 y\u0131l \u00f6nce, Shimane \u0130li&#039;ndeki Oki Adalar\u0131&#039;n\u0131n \u00fccra bir adas\u0131 olan Ama Kasabas\u0131, ana malzemesi Ama&#039;da s\u0131kl\u0131kla yakalanan sar\u0131k kabuklar\u0131 olan sar\u0131k k\u00f6ri ad\u0131 verilen bir yemek \u00e7\u0131kard\u0131. Paketin ba\u015fl\u0131\u011f\u0131 &quot;Adada sa\u011fduyu: Sar\u0131kl\u0131 kabuklu k\u00f6ri&quot; idi.<\/p>\n<p>Adada, herkesin yapabilece\u011fi ama ancak k\u00fc\u00e7\u00fck bir kasabada yap\u0131labilen baz\u0131 \u015feyler var. Ada i\u00e7in &quot;Hi\u00e7bir \u015feye ihtiyac\u0131m\u0131z yok (Hi\u00e7bir \u015feye ihtiyac\u0131n\u0131z yok. \u00d6nemli olan her \u015fey burada)&quot; yazan bir logo tasarlad\u0131k. Ama Kasabas\u0131, bu y\u0131l (2019) kasaba olarak kurulu\u015funun 50. y\u0131l d\u00f6n\u00fcm\u00fcnde bu s\u00f6zleriyle takdir edildi.<\/p>\n<p>Bu komite toplant\u0131s\u0131nda dile getirilen g\u00f6r\u00fc\u015fler, bir ekibin bir b\u00fct\u00fcn olarak nas\u0131l birlikte \u00e7al\u0131\u015faca\u011f\u0131n\u0131n tart\u0131\u015f\u0131lmas\u0131ndan \u00fcr\u00fcn fikirleri \u00fcretilmesine kadar uzan\u0131yordu. Ba\u015fka bir deyi\u015fle, bir \u015feyi bilerek yapmak toplum taraf\u0131ndan kabul g\u00f6rmektir.<\/p>\n<p>Umehara, &quot;\u0130leride Himawari Sable&#039;\u0131n Hokuryu kasabas\u0131nda do\u011fmas\u0131n\u0131 umuyorum&quot; diyor.<\/p>\n<h2>Terutaka Suzuki&#039;nin kapan\u0131\u015f konu\u015fmas\u0131<\/h2>\n<p>&quot;Gelecekte &#039;parlak \u00e7ift\u00e7ilik&#039; d\u00fcnyay\u0131 daha parlak, daha zengin ve daha mutlu bir yer haline getirebilir. Hokuryu kasabas\u0131n\u0131n gelecekteki geli\u015fiminin kasaba sakinlerinin istek ve \u00f6zlemlerinin nas\u0131l ifade edildi\u011fine ba\u011fl\u0131 olaca\u011f\u0131na inan\u0131yorum.<\/p>\n<p>Bizim i\u00e7in \u00f6nemli olan olumlu y\u00f6nde ilerlemek. Bug\u00fcn, Kengo Kuma da dahil olmak \u00fczere, konuyla ilgili bir\u00e7ok ki\u015finin g\u00f6r\u00fc\u015flerini al\u0131p \u00f6zetlemek ve gelecekte de sizi desteklemeye devam etmek istiyorum. &quot;\u00c7ok te\u015fekk\u00fcr ederim&quot; dedi Suzuki.<\/p>\n<p>5. Ay\u00e7i\u00e7e\u011fi K\u00f6y\u00fc Temel Plan Haz\u0131rl\u0131k Komisyonu&#039;nun 2020 y\u0131l\u0131 \u015eubat ay\u0131 sonunda toplanmas\u0131 planlan\u0131yor.<\/p>\n<figure class=\"wp-caption aligncenter\"><a href=\"https:\/\/photos.google.com\/share\/AF1QipMp4UHn2lTYRamnZu6zyPgVXsjcG3_-46tnURLkgFu8mw2KmuPaomalLBukxUW_zg\/photo\/AF1QipOBVsHYpgsrHq4bwPlTm-4EySIfjlCRF3_iX2c?key=N2hjajNBcU9UY0FUY2w2Vzl2MzN0cVNJdDEwVFNR\" target=\"_blank\" rel=\"noopener noreferrer\"><img decoding=\"async\" class=\"size-medium\" src=\"https:\/\/lh3.googleusercontent.com\/1zVtMJILN0VEMKKy_oWV1a82oNNX-HixjJKk6CLqT5LA-3BS_UoO7f8xbhEMEi8SVgVz45Y_Ncwb53YIbniDv-4R7qCJmC6T7HBQK81odnG_9f2Ubi2CQkpFwgahM6oIbDbduiIPq6TVP6oAgWQS0w89plAXfFp3-VKXkeAbUG_4HER6PprG3jH9RbHbEHoU8BQcP0LurfsR2gzQKJxaUjMLQeh_BzC_lYEHSQUc3yg7DxO123NIz8pyy2R2QaWZ6CR-czzvEut0DlmTzA_ENGBr1aDHRsk7Mn1Fj-ACTL98VoGwtObpGczl2_zQmLZu-a_cl79_PiXJ3kkXc9HBFjhC7jxrntC_HgyPDJbTekBJEUTsFliWhamteJDjXqL0kIfAswV4o-u3n4IpBPDu1bGkApbxqyhoysaZKubdUanyjHzyKBlIaZGZf6GnSr5VuFbgxH3smsoEF7oHgpcgpQZ2Um2XOcIW3OwwNIU3jHgoQEJlOYHi7Fa_ejfFgPCnM_0wJOUVU_HUP83oVYF_KesM7snIaCrPNIosOG-clxnCgC0vFWsYHZCaKd1H0X3T1f1rDzv0KL9eOnimA54lfKpeFjPeP5Y5hKckeJXrv5rn2l7VXzE0XJYIDIUYJT06C0DsoJdMCL8vD32CrMfHg7Ylew1cCxk0Ed5bnRC-nfyg_wkA0rW39audtymMxTL3BCBEPlxFMgtSISIry6xlFg3EXoA0Dytny6J0a_NbrJrjD7I=w1778-h1184-no\" width=\"1776\" height=\"1184\" \/><\/a><figcaption class=\"wp-caption-text\">Karl\u0131 Mevsimde Ay\u00e7i\u00e7e\u011fi K\u00f6y\u00fc<\/figcaption><\/figure>\n<p>S\u0131n\u0131rs\u0131z sevgi, \u015f\u00fckran ve dualarla, hem Hokuryu kasaba halk\u0131n\u0131n hem de turistlerin kalbine ilham verecek \u00e7ekici ve r\u00fcya gibi bir ay\u00e7i\u00e7e\u011fi k\u00f6y\u00fc yaratmay\u0131 umuyoruz. . .<\/p>\n<h2>Di\u011fer foto\u011fraflar<\/h2>\n<p>\u30fb<a href=\"https:\/\/photos.google.com\/share\/AF1QipORiaDc_HPjbJrSQOabDuV_WkGD7wEK1_-LjwX_xRmnv2RJf72SGhHZ5Db0-7X28A?key=TWU2MVpuQ0lFZnp1THNmdjNPWG9IbDF3YUZxdWJ3\" target=\"_blank\" rel=\"noopener noreferrer\">Foto\u011fraflar (109 foto\u011fraf) burada&gt;&gt;<\/a><\/p>\n<h2>Hokuryu Kasabas\u0131 Portal\u0131 ve \u0130lgili Makaleler<\/h2>\n<p>\u30fb<a href=\"http:\/\/portal.hokuryu.info\/tr\/111\/\" target=\"_blank\" rel=\"noopener noreferrer\">4. Ay\u00e7i\u00e7e\u011fi K\u00f6y\u00fc Temel Plan\u0131 Taslak Komitesi: Heyecan verici ve \u00e7ekici bir Hokuryu Kasabas\u0131 hedefliyor<\/a>(20 Ocak 2020)<br \/>\n\u30fb<a href=\"http:\/\/portal.hokuryu.info\/tr\/topics\/culture\/20190830\/\" target=\"_blank\" rel=\"noopener noreferrer\">Ay\u00e7i\u00e7e\u011fi Pirin\u00e7 Pirin\u00e7 Topu Yar\u0131\u015fmas\u0131 2019 Sonu\u00e7 Duyurusu, \u00d6d\u00fcl T\u00f6reni ve Sosyal Parti<\/a>(30 A\u011fustos 2019)<br \/>\n\u30fb<a href=\"http:\/\/portal.hokuryu.info\/tr\/topics\/culture\/20190823\/\" target=\"_blank\" rel=\"noopener noreferrer\">2. Himawari no Sato Temel Plan\u0131 Taslak Komitesi ve yeni Himawari no Sato&#039;nun genel konsepti<\/a>(23 A\u011fustos 2019)<br \/>\n\u30fb<a href=\"http:\/\/portal.hokuryu.info\/tr\/topics\/culture\/20190429\/\" target=\"_blank\" rel=\"noopener noreferrer\">\u0130lk Ay\u00e7i\u00e7e\u011fi K\u00f6y\u00fc Temel Plan Komitesi Toplant\u0131s\u0131 - Reiwa D\u00f6neminde Ay\u00e7i\u00e7e\u011fi K\u00f6y\u00fc - Tart\u0131\u015fma ba\u015fl\u0131yor<\/a>(29 Nisan 2019)<\/p>\n<p>\u30fb<a href=\"http:\/\/portal.hokuryu.info\/tr\/topics\/culture\/20191227-1\/\" target=\"_blank\" rel=\"noopener noreferrer\">Kengo Kuma taraf\u0131ndan tasarlanan ve Nisan 2020&#039;de a\u00e7\u0131lmas\u0131 planlanan Hokuryu Kasabas\u0131 Yawara Anaokulu&#039;nun in\u015faat \u00e7al\u0131\u015fmalar\u0131 denetimi ger\u00e7ekle\u015ftirildi<\/a>(27 Aral\u0131k 2019)<br \/>\n\u30fb<a href=\"http:\/\/portal.hokuryu.info\/tr\/topics\/culture\/20190924\/\" target=\"_blank\" rel=\"noopener noreferrer\">Hokuryu Kasabas\u0131&#039;ndaki yeni bir anaokuluna jeotermal \u0131s\u0131 pompas\u0131 sisteminin getirilmesi hakk\u0131nda Ba\u015fm\u00fchendis Masahiro Kawada ile konu\u015ftuk.<\/a>(24 Eyl\u00fcl 2019)<br \/>\n\u30fb<a href=\"http:\/\/portal.hokuryu.info\/tr\/topics\/culture\/20191031\/\" target=\"_blank\" rel=\"noopener noreferrer\">Kengo Kuma ve Terutaka Suzuki, Hokuryu Kasabas\u0131&#039;ndaki kentsel geli\u015fim hakk\u0131nda &quot;Yeni Ulusal Stadyumdan Hokuryu Kasabas\u0131&#039;na&quot; ba\u015fl\u0131kl\u0131 bir konferans veriyor<\/a>(31 Ekim 2019)<br \/>\n\u30fb<a href=\"http:\/\/portal.hokuryu.info\/tr\/informations\/20191007\/\" target=\"_blank\" rel=\"noopener noreferrer\">(Bildiri) 22 Ekim (Sal\u0131) Hokuryu Kasabas\u0131 Kent Geli\u015ftirme Konferans\u0131 &quot;Yeni Ulusal Stadyumdan Hokuryu Kasabas\u0131na&quot;<\/a>(7 Ekim 2019)<br \/>\n\u30fb<a href=\"http:\/\/portal.hokuryu.info\/tr\/hazine\/20190724\/\" target=\"_blank\" rel=\"noopener noreferrer\">Kengo Kuma &amp; Associates taraf\u0131ndan tasarlanan yeni bir anaokulunun in\u015fas\u0131 devam ediyor<\/a>(24 Temmuz 2019)<\/p>\n<p>\u30fb<a href=\"http:\/\/portal.hokuryu.info\/tr\/topics\/culture\/20190225\/\" target=\"_blank\" rel=\"noopener noreferrer\">Hokuryu Kasabas\u0131 Ay\u00e7i\u00e7e\u011fi Turizm El\u00e7isi Terutaka Suzuki&#039;nin &quot;Tar\u0131m, Turizm, Tasar\u0131m ve Kentsel Geli\u015fim&quot; konulu konferans\u0131<\/a>(25 \u015eubat 2019)<br \/>\n\u30fb<a href=\"http:\/\/portal.hokuryu.info\/tr\/topics\/culture\/20180813-1\/\" target=\"_blank\" rel=\"noopener noreferrer\">1. G\u00fcn (1) Tasar\u0131m yoluyla Hokuryu Kasabas\u0131n\u0131 canland\u0131rma projesine ziyaret<\/a>(13 A\u011fustos 2018)<br \/>\n\u30fb<a href=\"http:\/\/portal.hokuryu.info\/tr\/topics\/culture\/20180813-2\/\" target=\"_blank\" rel=\"noopener noreferrer\">1. G\u00fcn (2) Hokuryu Kasabas\u0131 \u015eehir Planlama G\u00f6r\u00fc\u015f De\u011fi\u015fim Toplant\u0131s\u0131 \/ Tasar\u0131mla Hokuryu Kasabas\u0131n\u0131 Canland\u0131rma Projesi<\/a>(13 A\u011fustos 2018)<br \/>\n\u30fb<a href=\"http:\/\/portal.hokuryu.info\/tr\/topics\/culture\/20180813-3\/\" target=\"_blank\" rel=\"noopener noreferrer\">2. G\u00fcn: Hokuryu Kasabas\u0131 ziyareti ve Hokuryu Kasabas\u0131&#039;ndaki kentsel geli\u015fim hakk\u0131nda fikir al\u0131\u015fveri\u015fi; Hokuryu Kasabas\u0131n\u0131 tasar\u0131m yoluyla canland\u0131rma projesi<\/a>(13 A\u011fustos 2018)<\/p>\n<p>\u30fb<a href=\"http:\/\/portal.hokuryu.info\/tr\/topics\/culture\/20180405\/\" target=\"_blank\" rel=\"noopener noreferrer\">Kengo Kuma \u015fu anda Tokyo \u0130stasyonu Galerisi&#039;nde (Tokyo \u0130stasyonu) &quot;Kuma no Mono - Kengo Kuma ve F\u0131s\u0131ldayan ve Konu\u015fan \u00d6nemli&quot; adl\u0131 Hokuryu Kasabas\u0131 Anaokulu Sergisini tasarl\u0131yor<\/a>(5 Nisan 2018)<br \/>\n\u30fb<a href=\"http:\/\/portal.hokuryu.info\/tr\/topics\/culture\/20180328\/\" target=\"_blank\" rel=\"noopener noreferrer\">Hokuryu Kasabas\u0131 sakinleri taraf\u0131ndan &quot;Parlak Tar\u0131m Y\u00f6ntemleri: Hokkaido&#039;nun Ay\u00e7i\u00e7eklerinin Hokuryu Kasabas\u0131&quot; logosu ve Makoto Umehara taraf\u0131ndan tasarlanan memleket vergisi \u00f6deme pirin\u00e7 \u00e7uval\u0131n\u0131n sunumu<\/a>(28 Mart 2018)<\/p>\n<h2>Kengo Kuma referans sitesi<\/h2>\n<p>\u30fb<a href=\"https:\/\/kkaa.co.jp\/\" target=\"_blank\" rel=\"noopener noreferrer\">Kengo Kuma ve Ortaklar\u0131 web sitesi<\/a><\/p>\n<p>\u30fb\uff1cTakagi Gakuen Anaokulu Kurulu\u015f Binas\u0131 (Yokohama \u015eehri, Kanagawa Eyaleti)\uff1e<a href=\"https:\/\/takagi-kids.ed.jp\/building\/design\/\" target=\"_blank\" rel=\"noopener noreferrer\">Okul binalar\u0131n\u0131n planlanmas\u0131 ve tasar\u0131m\u0131 <\/a><br \/>\n\u30fb&lt;Yusuhara Kasabas\u0131 Ana Sayfas\u0131&gt;\u00a0<a href=\"http:\/\/www.town.yusuhara.kochi.jp\/kanko\/kuma-kengo\/\" target=\"_blank\" rel=\"noopener noreferrer\">Yusuhara Kasabas\u0131 x Kengo Kuma Mimarl\u0131k<\/a><br \/>\n\u30fb\uff1cHearst Fujingahosha\uff1e\u00a0<a href=\"http:\/\/modernliving.jp\/info\/MLguide68\" target=\"_blank\" rel=\"noopener noreferrer\">Mimar Kengo Kuma ile r\u00f6portaj: &quot;Yap\u0131 bloklar\u0131yla oynayarak ba\u015flad\u0131m&quot;<\/a><br \/>\n\u30fb&lt;Nippon.com Kamu Yarar\u0131 Vakf\u0131&gt;\u00a0<a href=\"https:\/\/www.nippon.com\/ja\/people\/e00101\/\" target=\"_blank\" rel=\"noopener noreferrer\">Mimar Kengo Kuma&#039;n\u0131n Yeni Ulusal Stadyumu&#039;nun ard\u0131ndaki mesaj<\/a><br \/>\n\u30fb\uff1cModa Bas\u0131n\u0131\uff1e\u00a0<a href=\"https:\/\/www.fashion-press.net\/news\/20667\" target=\"_blank\" rel=\"noopener noreferrer\">Kengo Kuma&#039;n\u0131n Yeni Ulusal Stadyumu &quot;Orman Stadyumu&quot;<\/a><\/p>\n<h2>Arai \u0130n\u015faat A.\u015e. Blogu<\/h2>\n<p>\u30fb<a href=\"http:\/\/www.araikensetsu.co.jp\/archives\/8964\" target=\"_blank\" rel=\"noopener noreferrer\">\u015eirket ba\u015fkan\u0131 &quot;Yawara Anaokulu&quot; in\u015faat alan\u0131n\u0131 inceledi<\/a>(15 Ekim 2019)<\/p>\n<p>\u25c7 \u00c7ekim ve kurgu: Noboru Terauchi R\u00f6portaj ve metin: Ikuko Terauchi<\/p>","protected":false},"excerpt":{"rendered":"<p>\uff12\uff10\uff12\uff10\u5e74\uff11\u6708\uff12\uff10\u65e5\uff08\u6708\uff09 \uff12\uff10\uff11\uff19\u5e74\uff11\uff10\u6708\uff12\uff12\u65e5\uff08\u706b\uff09\u3001\u516c\u6c11\u9928\u5927\u30db\u30fc\u30eb\u306b\u3066\u3001\u300c\u7b2c\uff14\u56de\u3072\u307e\u308f\u308a\u306e\u91cc\u57fa\u672c\u8a08\u753b\u7b56\u5b9a\u59d4\u54e1\u4f1a\u300d\u304c\u5b9f\u65bd\u3055\u308c\u307e\u3057\u305f\u3002\u9688\u7814\u543e\u6c0f\u3092\u306f\u3058\u3081\u3001\u59d4\u54e1\u306e\u65b9\u3005\u3092\u4e2d\u5fc3\u306b\u3001\u508d\u8074\u8005\u306e\u65b9\u3005\u3082\u4ea4\u3048\u3066\u3001\u6d3b\u767a [&hellip;]<\/p>\n","protected":false},"author":1,"featured_media":294,"comment_status":"open","ping_status":"open","sticky":false,"template":"","format":"standard","meta":{"footnotes":""},"categories":[4],"tags":[],"class_list":["post-111","post","type-post","status-publish","format-standard","has-post-thumbnail","hentry","category-cover-story"],"_links":{"self":[{"href":"https:\/\/portal.hokuryu.info\/tr\/wp-json\/wp\/v2\/posts\/111","targetHints":{"allow":["GET"]}}],"collection":[{"href":"https:\/\/portal.hokuryu.info\/tr\/wp-json\/wp\/v2\/posts"}],"about":[{"href":"https:\/\/portal.hokuryu.info\/tr\/wp-json\/wp\/v2\/types\/post"}],"author":[{"embeddable":true,"href":"https:\/\/portal.hokuryu.info\/tr\/wp-json\/wp\/v2\/users\/1"}],"replies":[{"embeddable":true,"href":"https:\/\/portal.hokuryu.info\/tr\/wp-json\/wp\/v2\/comments?post=111"}],"version-history":[{"count":0,"href":"https:\/\/portal.hokuryu.info\/tr\/wp-json\/wp\/v2\/posts\/111\/revisions"}],"wp:featuredmedia":[{"embeddable":true,"href":"https:\/\/portal.hokuryu.info\/tr\/wp-json\/wp\/v2\/media\/294"}],"wp:attachment":[{"href":"https:\/\/portal.hokuryu.info\/tr\/wp-json\/wp\/v2\/media?parent=111"}],"wp:term":[{"taxonomy":"category","embeddable":true,"href":"https:\/\/portal.hokuryu.info\/tr\/wp-json\/wp\/v2\/categories?post=111"},{"taxonomy":"post_tag","embeddable":true,"href":"https:\/\/portal.hokuryu.info\/tr\/wp-json\/wp\/v2\/tags?post=111"}],"curies":[{"name":"wp","href":"https:\/\/api.w.org\/{rel}","templated":true}]}}