{"id":1084,"date":"2020-02-20T08:44:26","date_gmt":"2020-02-19T23:44:26","guid":{"rendered":"https:\/\/portal.hokuryu.info\/?p=1084"},"modified":"2020-03-23T07:26:45","modified_gmt":"2020-03-22T22:26:45","slug":"1084-mesaj","status":"publish","type":"post","link":"https:\/\/portal.hokuryu.info\/tr\/1084\/","title":{"rendered":"Toplam gelir 200 milyon yen&#039;i a\u015ft\u0131! Honoka Tar\u0131m Kooperatifi 2019 Ola\u011fan Genel Kurul Toplant\u0131s\u0131n\u0131 (6. D\u00f6nem) Ger\u00e7ekle\u015ftirdi - Sa\u011flam \u00d6rg\u00fctlenme ve Tabandan Yukar\u0131ya Do\u011fru \u00c7abalar!"},"content":{"rendered":"<p>Per\u015fembe, 20 \u015eubat 2020<\/p>\n<p>Honoka Tar\u0131m Kooperatifi&#039;nin 6. Ola\u011fan Genel Kurulu 10 \u015eubat 2020 Pazartesi g\u00fcn\u00fc Ay\u00e7i\u00e7e\u011fi Park Kitaryu Onsen \u00c7ok Ama\u00e7l\u0131 Salonu&#039;nda ger\u00e7ekle\u015ftirildi.<\/p>\n<figure class=\"wp-caption aligncenter\"><a href=\"https:\/\/photos.google.com\/share\/AF1QipMQnu1fjUBOkXD7Jl35AUBFzvNSnyPZBfb0hI8jP4eP71444-nbG4a8wQsmjthvUA\/photo\/AF1QipN8Z0e-reYDG5gsWIxE3wqYe_40eFbY0YXfCqQ?key=ZHFXYlNKTzVIdEpaM0t6TTZKTEo0dzJHVGFoRVZR\" target=\"_blank\" rel=\"noopener noreferrer\"><img decoding=\"async\" src=\"https:\/\/lh3.googleusercontent.com\/U8ifFZSHCQgNc93tCa9oDQOcvP5eLIKRpX-aZR3ZloOSasAJ0pTJkM-w51gHlJRmmg9ifRYzZ0Ad9l1xS0mXPz-mFbVrs2znR8OGnYlnyF4rPRabjWO2uLKociTzcMj3MlZEQe8Vi_hOA57xQUv0NMkODjGk0BxxfWWLuyOBgs4WwllX3L50sV1p1ZsRlxvfsgk_l1XChQHt23f9b6i_G5VDWVg0ZvSSX1BM83V3xcgN32OYTeV010teRxl5yOxfFx5ATJ3yf9UXYGHc9Z49EfvvbEmHeWzxNaBsZBSVMPrZ3uaO8q9d0Z0YBWraIXO8dOlva2eYxmSGm73Ksq7ouSJTn3vwTKxXhiK0QE75YkwdZfEispzMTpDlsejEqOb35ZRjc4-v1wBVPOwTQmvMiGPGB5CvjqZWSuV_pqSRBsKvaeMyVaDOMKmuqRgOt2dxpMJ0M3GopSD5dsV8S-uP9Vu8u2dEC6I7xGau6vkiFoBQKyphAqxyCq9_LlFLvTC2jieJOnsMEH1SWjFvfA1UgoL30fPF62Ix8tq50Q3liuOnwxI75aVXyJG_g8xAAQJDGDeqlnooT77or8v-3KxxwUjlblUXnw-lr69xlgsqWHh2Zp6UI03d3M3SWF4-uI4Peb58I82KWN38DWbUhvnSrgC9ulqt1XZiKq41ujIcxcWiJCYHxoacdMklv4osFmCwjbHhDDzQzPXPAVTfq7pkw6ck73AtjayCnttiEE_8FnBqLI_X=w1988-h1324-no\" width=\"1986\" height=\"1324\" alt=\"Honoka Tar\u0131m Kooperatifi Derne\u011fi 6. Y\u0131ll\u0131k Genel Toplant\u0131s\u0131\" class=\"size-medium\" \/><\/a><figcaption class=\"wp-caption-text\">Honoka Tar\u0131m Kooperatifi Derne\u011fi 6. Y\u0131ll\u0131k Genel Toplant\u0131s\u0131<\/figcaption><\/figure>\n<h2>Genel kurul, Denet\u00e7i Yoshikazu Itagaki&#039;nin ba\u015fkanl\u0131\u011f\u0131nda ve y\u00f6neticili\u011finde ba\u015flad\u0131.<\/h2>\n<figure class=\"wp-caption aligncenter\"><a href=\"https:\/\/photos.google.com\/share\/AF1QipMQnu1fjUBOkXD7Jl35AUBFzvNSnyPZBfb0hI8jP4eP71444-nbG4a8wQsmjthvUA\/photo\/AF1QipPTw_BcF4BWx5FOt3eHNM2VvZwB4h-BXzJRVKs?key=ZHFXYlNKTzVIdEpaM0t6TTZKTEo0dzJHVGFoRVZR\" target=\"_blank\" rel=\"noopener noreferrer\"><img decoding=\"async\" src=\"https:\/\/lh3.googleusercontent.com\/nYFld7I5BIyZ7JB2_HKu1jrASswc9Ij8DowAYlF0G8V-xAOPfx8w-F0wncq5pUmConH278BHT1xzz0vqyBhY1KlUWU6p7JAnZEsoqKyUSkWtyUB2YyuAvpQof_JpzmvN-L3gnP4-oLhvmqmMYtfPBIED8JMcnXH_yFk8IDWA0r5fZX2hhgfrHJgrCv2Y7caupha3FhGJmPvxOeUg_QvStv9G2Er-FxOvu8TEs2cC5HMmSsBwVbwvoyNrZznjsRXofNfKV-zqcdHgFZe-Gs_p9qJdggZL8_Jec9HYR_ce3Xd2ztwjybF8BmVbmBEUljUDXygzkj8uJnBQxSDOpAzq_BihoSL46lHSBOCxuO9hSEfg9qwNkpMpHqYIUbrbxEr-7dxr4zCJGqEZgXMriACPlxR0t7rwACPdaajnjFnP22604rEANJtfVlrhokYtS3ucM0mTn9OmtOGET2Atw-fG6syl6pRFZdmcj6asbyPHXrijz7Ov-21lzxgSXL6vxmB-jQ7PSgZ13DwPgQDAdSTYbMlH5zpfStD5uoIjvrI4pix_XhjuxM_yuQYVHcRkvvepSWwjOrRwz1zsej1fT8MxQuWhWbfEPm6uyGTSCl_a-EoVcd3f_f1yL4g3_dwRH1kDDYTymzCbyref67DO6LQPC1sDHP3S3j6FGKopagxiFMhsFo7dMtYYyKDvwUc6eO6dJI8Qsyzqofe9yu2sCN9Qv0f8RKQzyga_AkGIxjPb9_rA0wmX=w1988-h1324-no\" width=\"1986\" height=\"1324\" alt=\"Moderat\u00f6r ve moderat\u00f6r: Yoshikazu Itagaki, denet\u00e7i\" class=\"size-medium\" \/><\/a><figcaption class=\"wp-caption-text\">Moderat\u00f6r ve moderat\u00f6r: Yoshikazu Itagaki, denet\u00e7i<\/figcaption><\/figure>\n<h2>A\u00e7\u0131l\u0131\u015f konu\u015fmas\u0131: Shigeki Mizutani, Temsilci Direkt\u00f6r<\/h2>\n<figure class=\"wp-caption aligncenter\"><a href=\"https:\/\/photos.google.com\/share\/AF1QipMQnu1fjUBOkXD7Jl35AUBFzvNSnyPZBfb0hI8jP4eP71444-nbG4a8wQsmjthvUA\/photo\/AF1QipPPc9zbZ1KW8TQwq8cfSs3mqPo2xXXRLL6IgpM?key=ZHFXYlNKTzVIdEpaM0t6TTZKTEo0dzJHVGFoRVZR\" target=\"_blank\" rel=\"noopener noreferrer\"><img decoding=\"async\" src=\"https:\/\/lh3.googleusercontent.com\/XF8gprsWLpD72yW1A1uwRJlWfeYNYwalsmHMkwfSdQv8aVYqk9BMk3gEFTQn2Pu6ge2PdI7w5qhl5OSWCPV5_hOZ1uRnwuD93tJ6qpPoEi3MS_H6mzpDS1cUblx0kGuco7afyRwcm1NLa68DikgWFlkTsWi_61MS1RLyyMOegub_zKWAA5SSgHybsFB6XMjx-_InB8njgaM3WMUOw1oOuk8LPmIaGGK5xiSYl89ZPdOkv06YJx9BdSaULTbiDOvC4feaRlNLbh-sOzKuXiK7ZnCQlKDAezNe9yv0hA7dFQ4tUQ1AvivQXUpyEd8jpRAfjZyyIgT91bNSWkGMiLeFyOcpxoYuwppXIP40FGVqMoCGbGpsB4X0MeRHODashTs8N_xGeSuuFBuuEBNfHokFdP4NNKDFjlQ5B1Yhu9IciYM1KdCM9T8TpcTbOBnCrKWw4V6aGibSvy20tNp2wHOeVkTykczTLPLoVMn2zYkFObe_SfFzZ36NVuB8PMsN1B7_OYPRN_hOSd1he1Sv4sQqfBIqVqNLqz7jHQGkGvGlMN_ZqV_TWNOKMfiMoxlW2JPLX3_2oyA5uV1mTYhNhF_AEaLIlzljsq_58mjiA1Eu4h2lIZvARLp3PTDoXoJnf4Sq-0oMBmb3BlNCvtuggPI84Tj2zbX7DyPJmqRewReUDNVVQUTVTvAsF-E0NxTnOt0re3KhLKKqqgOe1Gnjt9smnwdWwb7BSlhE3sQlhdAwQLymLvI_=w1988-h1324-no\" width=\"1986\" height=\"1324\" alt=\"Temsilci Direkt\u00f6r Shigeki Mizutani\" class=\"size-medium\" \/><\/a><figcaption class=\"wp-caption-text\">Temsilci Direkt\u00f6r Shigeki Mizutani<\/figcaption><\/figure>\n<p>&quot;Alt\u0131 y\u0131l g\u00f6z a\u00e7\u0131p kapay\u0131ncaya kadar ge\u00e7ti. \u015eirketlerin alt\u0131nc\u0131 y\u0131llar\u0131nda bir d\u00f6n\u00fcm noktas\u0131na ula\u015ft\u0131\u011f\u0131 s\u00f6ylenir. Buna al\u0131\u015f\u0131rlar, taviz verirler ve vazge\u00e7erler. \u015eirketimizin ba\u015f\u0131na ne gelece\u011fini bilmiyorum ama bu d\u00f6n\u00fcm noktas\u0131 y\u0131l\u0131n\u0131 atlatt\u0131k.<\/p>\n<p>Sakamaki-san&#039;\u0131n art\u0131k \u00fcyemiz olmas\u0131yla i\u015flerin biraz daha kolayla\u015faca\u011f\u0131n\u0131 d\u00fc\u015f\u00fcnd\u00fck ve yedinci y\u0131l\u0131m\u0131za tam anlam\u0131yla girebildik.<\/p>\n<p>&quot;Bu seferki \u00f6zel konu\u011fumuz, Honoka&#039;n\u0131n alt\u0131 y\u0131l \u00f6nce kurulmas\u0131ndan bu yana Tar\u0131m Komitesi&#039;nde yer alan ve bize b\u00fcy\u00fck yard\u0131m\u0131 dokunan Hokuryu Belediye Ofisi Sanayi B\u00f6l\u00fcm\u00fc yard\u0131mc\u0131 b\u00f6l\u00fcm \u015fefi Makiko Hase. Ve \u00f6zel konuk olarak, JA Kitasorachi Hokuryu \u015eube Ofisi&#039;nde bize yard\u0131m eden insanlar\u0131 ve muhasebeci Kojima Muhasebe&#039;yi davet ettik,&quot; dedi Temsilci M\u00fcd\u00fcr Mizutani.<\/p>\n<figure class=\"wp-caption aligncenter\"><a href=\"https:\/\/photos.google.com\/share\/AF1QipMQnu1fjUBOkXD7Jl35AUBFzvNSnyPZBfb0hI8jP4eP71444-nbG4a8wQsmjthvUA\/photo\/AF1QipP-VfWC_1WwreBr0_CbX3S-OgIvb3nw1O9_s4g?key=ZHFXYlNKTzVIdEpaM0t6TTZKTEo0dzJHVGFoRVZR\" target=\"_blank\" rel=\"noopener noreferrer\"><img decoding=\"async\" src=\"https:\/\/lh3.googleusercontent.com\/xfsXFi1Y6TH2sW6CG08egVWgU6YOqSInRSRS80lJ21fzg4S2w9kPvfrOLSZqeoj0hHHSKfwnqyh-3kGaPfvx1KN75i8pb4iclIbknNzzV4oeBmcodEOH6-Fl2mrz1LVvEiXMwaJEXhNh4b4VLjRTVA0fZQe-sDL92f3Bs6K396_Adnp8qU1A08L7ZJNE7hQFxE4d-4VyBLI4rHhP90w9RKO_LoU73XPNNZh5DSXNxKrHS7Gd2nsBWdTgBdN1GqnUl8Hza6VqqT4kqJxK6rmy3PFR_usrPUM-9N77D_RrV-qyHwllTfTM-qdSeIXc2wi34o1S5h7e2jh4CPccoRYlqnnj4P2fHPZIdQyS1QCSRKM45GyisqY04QRmmTQzxF3OpOY_xf5UgbrJLfcZA7Qk2xSWYb9Ucpdnbda6bOnQNuI70DnfOc18sf68vtSwuuiEn0b5yyBd02N_Ys_03tXMPUDsS62W_p43D0VVuSpC5nhelveSsJkyweJu24dRbj0GXgwzjjWrXqN8GReVRCpPbKDEQt_zC3ysEus4Mm0jqwTil7Tlz1m3Um29x71wwTTb4lRKlFvvulAgtonPTiyU6fFZwj4zD1hLGlcCHLQjRujxopA7fCbHbXzBWu7KPVtlNry_YvRMspthrzOKWwTxxXnkfIm-BPPFkPMfRJeCJFwSahImab86e6EfWe8Yba27O2dR7Hymte7dq_2_IQNILs587X-2uoIEFKhfxDxHC7sLRMCI=w1988-h1324-no\" width=\"1986\" height=\"1324\" alt=\"Misafirler\" class=\"size-medium\" \/><\/a><figcaption class=\"wp-caption-text\">Misafirler<\/figcaption><\/figure>\n<h2>Misafir Tan\u0131t\u0131m\u0131<\/h2>\n<figure class=\"wp-caption aligncenter\"><a href=\"https:\/\/photos.google.com\/share\/AF1QipMQnu1fjUBOkXD7Jl35AUBFzvNSnyPZBfb0hI8jP4eP71444-nbG4a8wQsmjthvUA\/photo\/AF1QipMQ1Zjop2kAXEJf4mM2n2LMfzyWg3Ear32EX8U?key=ZHFXYlNKTzVIdEpaM0t6TTZKTEo0dzJHVGFoRVZR\" target=\"_blank\" rel=\"noopener noreferrer\"><img decoding=\"async\" src=\"https:\/\/lh3.googleusercontent.com\/UjN87Dz2Zl8DJYpnc437UmBtrg-E4CrFpuS4L9fYitWps1LqT-c-59y4s_2JMiA5peLX_JDftx6uTnbPnK9XApRZHDXYu26gQMSkkTx7MpmRIPDVvy-fgQiqkHrA_IqK6AfyKfLrC6EktWMetwZJq2vcr3Ky17Yp9xX8uaKVrxD__TTFaTDj3YhKtG40h1lj2uxCnk-GMqoK8SXUhdGVFqGWcmrLZ_7U_KE9OvZavjPRfJF-4WVdoPX3UzQM7fn9jYKcVYZwcnmUFKur7TPAN6j9bBnvgZ4Ee9TB6MPmqk-2Ou-Sa0Mw998EO2Ij5RgXKL-1eyjEO-bNBDmMLiCqM7eN1uinQomSduYbpqyg-f3yv-PYC1JqasQPZk6BFdMekNJQSvIA4lcTIRglY15VxnurYg-mgSoUUe0mmSD5wjKc3C4JoowBP-eFeDtDLh52b714q4aKdt_AhFJ7F4rSwgstH4R5On7veJo5saTMFaRCkpWnJyHVhLGK2mptBTU-GvsSrBS0HO7B19fJs5rFc7HXzbEeNshq5eqGOpUJOUkAGrk18-NeHsSGwOLeHt8yYvPMfD-mWX-gh_J-U4bj4qTYbYLs0TFj_xwZ4WcLiB5AMRb9exQ70ooMVoKEjov_O7bynFlhEppr21tKVtpr6h2LzY8rD_H_lqxKAT6ZoxhpIEjhrBaPhx1MrG9kLoRCn6b1SqNzQemC7SHY22DfBlxXylhs8px9y6eUPril3CPVcqJP=w1988-h1324-no\" width=\"1986\" height=\"1324\" alt=\"Tadao Hoshino \u015eube M\u00fcd\u00fcr\u00fc\" class=\"size-medium\" \/><\/a><figcaption class=\"wp-caption-text\">Tadao Hoshino \u015eube M\u00fcd\u00fcr\u00fc<\/figcaption><\/figure>\n<p>- Bay Tadao Hoshino, \u015eube M\u00fcd\u00fcr\u00fc, JA Kitasorachi Hokuryu \u015eubesi; Makiko Hase, M\u00fcd\u00fcr Yard\u0131mc\u0131s\u0131, End\u00fcstri B\u00f6l\u00fcm\u00fc, Hokuryu Belediye Binas\u0131; Bay Hisashi Ota, Y\u00f6netici, Mali Kar\u015f\u0131l\u0131kl\u0131 Yard\u0131m B\u00f6l\u00fcm\u00fc, JA Kitasorachi Hokuryu \u015eubesi; Bay Yuji Takeda, M\u00fcd\u00fcr, Malzeme B\u00f6l\u00fcm\u00fc, JA Kitasorachi Hokuryu \u015eubesi; Bay Tomohiro Kawamoto, Y\u00f6netici, Tar\u0131msal Y\u00f6netim B\u00f6l\u00fcm\u00fc, JA Kitasorachi Hokuryu \u015eubesi; Bay Takuya Kojima, Temsilci Ortak, Kojima Accounting Corporation; ve Bay Kenichi Okazaki, Kojima Muhasebe \u015eirketi<\/p>\n<h3>Kojima Muhasebe \u015eirketi Temsilcisi Direkt\u00f6r\u00fc Takuya Kojima&#039;n\u0131n hikayesi<\/h3>\n<figure class=\"wp-caption aligncenter\"><a href=\"https:\/\/photos.google.com\/share\/AF1QipMQnu1fjUBOkXD7Jl35AUBFzvNSnyPZBfb0hI8jP4eP71444-nbG4a8wQsmjthvUA\/photo\/AF1QipMMBTRqpn2R8DYlZ5z3OuTwWJ9oPJGz0gEJJc0?key=ZHFXYlNKTzVIdEpaM0t6TTZKTEo0dzJHVGFoRVZR\" target=\"_blank\" rel=\"noopener noreferrer\"><img decoding=\"async\" src=\"https:\/\/lh3.googleusercontent.com\/SqYq1FnJpANnIXVIGh0nBKOkgCRYJIrAFx57b_PergVwgi20LES4dBsAgfwjdOD9fMHNyu6pV6CqT2ImaB_MrW-H71Avdpl-wGCfrVEWMFnHzzbIKhSSL5hDLbPJHIM9HmqOVQPFJk2Gig4wO4YLI7DYPCK_GfmBpS3sdpsz3eQwvz0QD1G3_Bd_1Dulr56MW4IB8zN-b5kYoK9wVNgAPP5kWyF9rauyHJa9xkIMZpLTAUAXLf_LOQINoyUt2PawCO-q0hcVxlsh0SMmK3ZZG8mm5np0eqEAE4VSpLHyZ2BQTqXSqPKWINtEbfTsi4hoLfPphAJsLK4FBvnmc0ieLJPSylgvJYi4EvxMpsU9LNBHiuKJvLhqb7rDp9WIPkJKWyut9fsZPb5kEk_TCICHZmPwmJj-46nXotU8OhS6vqw8Oc9Ed9wOSNsv-z_DRRyOhqlwYf8QJiKjUM-WEiKeZxvyxYOyX8kx8irRANY4CrGtZVcHBgKrDLSaNCTHCgqoQOVdR0sQLx7VKflfVBv0DHijoGFvizJNFd-Gqj1xM7Pyudc95-apIUqQ2hQB3hrVarbL8ycFL4rAPejq0ehesAKkRrRO8x-xi3SF4sr_SPLRIYWTWj1LVXHrE80GAO2O08YL3ipxNJqXkye9C4-eweVLDe0hUgXjoC3_REE7TLYs5H-YxRm9R-hkZsNXkHwVDfZ12BMOdZWk8OeviCvBE3YcVcH-w4Ru4K6iRztf7sEwfqdh=w1988-h1324-no\" width=\"1986\" height=\"1324\" alt=\"Takuya Kojima, Kojima Accounting Corporation&#039;\u0131n Temsilci Orta\u011f\u0131\" class=\"size-medium\" \/><\/a><figcaption class=\"wp-caption-text\">Takuya Kojima, Kojima Accounting Corporation&#039;\u0131n Temsilci Orta\u011f\u0131<\/figcaption><\/figure>\n<p>&quot;\u015eu anda, kurumsal \u00f6rg\u00fctlenme yeniden de\u011ferlendiriliyor ve dikkat \u00e7ekiyor. Hokkaido&#039;nun d\u00f6rt bir yan\u0131ndaki \u00e7ift\u00e7ileri ziyaret edip onlarla konu\u015ftu\u011fumda, hepsi tek ailelik bir \u015firketin yapabileceklerinin s\u0131n\u0131r\u0131na ula\u015ft\u0131klar\u0131n\u0131 s\u00f6yl\u00fcyor. Bir\u00e7o\u011fu sa\u011flam bir kurumsal \u00f6rg\u00fctlenme yaratmak istediklerini s\u00f6yl\u00fcyor. Bug\u00fcnlerde ald\u0131\u011f\u0131m\u0131z dan\u0131\u015fmanl\u0131klar\u0131n \u00e7o\u011fu nas\u0131l \u00f6rg\u00fctlenece\u011fimizle ilgili. Ancak bu \u015fekilde \u00f6rg\u00fctlenmek zor.<\/p>\n<h4>&quot;Honoka&quot; iyi organize olmu\u015f<\/h4>\n<p>Honoka&#039;n\u0131n en g\u00fczel yanlar\u0131ndan biri de bu organizasyonun iyi kurulmu\u015f olmas\u0131d\u0131r. Honoka gibi sizden de bir organizasyon \u015femas\u0131 olu\u015fturman\u0131z ve organizasyonu y\u00f6netmeniz beklenir.<\/p>\n<figure class=\"wp-caption aligncenter\"><a href=\"https:\/\/photos.google.com\/share\/AF1QipMQnu1fjUBOkXD7Jl35AUBFzvNSnyPZBfb0hI8jP4eP71444-nbG4a8wQsmjthvUA\/photo\/AF1QipPL2z62DQ8FZuuZK-I_WirqTxw5AU92tAQM8nw?key=ZHFXYlNKTzVIdEpaM0t6TTZKTEo0dzJHVGFoRVZR\" target=\"_blank\" rel=\"noopener noreferrer\"><img decoding=\"async\" src=\"https:\/\/lh3.googleusercontent.com\/XF-NcJTy5CAm6SV-1sWRdN6Tq-Up871qBOj4GpTV3MIWNzW8tGsIhyh_P6SevA-FN9Z9hkuMJ7ltQ-Dke05iR5lsprr-o3bdKR5nWEDPqTvgbr9So7G7O320Mn9NDCvQlUJZCtXFClIADiKoqwYr7xYjF5UBq9qI3xC8UoDajxyuc_pqqiW7ZsYDTrAnllEeFJYvc-AwmtM0JwV5kmGAC9GzG1Ba_9ME57DFuPuhJzXtxH_6ndIiUX8z5oiOaYsfqlKktHwpRZKC_uEw4LFgByfYKpX6pqIMdLeoAVEKDoX0Iu7YNk5-ySI0lqPybZiSvVy6rCqJy3FgptiavTmR8IS4rRU8lOTPpSbfIeUhr4XUzPBARdOJCSU2kOskk_WZAhP9hFbUtQJyFDRlwpzDQ42UYqBMkPVPY9K2b3FmBSZh4v-dKcDnU_W1jwPsH_jTi2Z9giEgE12llM6dKPczW2eVZ9IE3wW9MzxPhmwqi2VSxxt7eyzo-aIG0PfYsXzUEPJW_yRRyV_80D19L7pycG8vEOmNf3ZMgNlfSm7cCkc7LXFbSxSB0x0rbdW01ASwxD-0VIixYQh9xMNZX1Ha3oYHqoQIUL5InUzGp_Ez5R3tjYU3zRsW6fpvjXZHaWIbblN0YKPwBDAtaFbKcOZdLzWxB3WTNr3zBRlxVOGzAXJQzZgE4NXkPHkiNFfJglPjcbAz2rXqi6rGmKkUUpXpvzaqv_FU_QV8QGS8LYvSh5BdI-wR=w1420-h946-no\" width=\"1986\" alt=\"2020&#039;de organizasyon yap\u0131s\u0131 ve rol da\u011f\u0131l\u0131m\u0131\" class=\"size-medium\" \/><\/a><figcaption class=\"wp-caption-text\">2020&#039;de organizasyon yap\u0131s\u0131 ve rol da\u011f\u0131l\u0131m\u0131<\/figcaption><\/figure>\n<h4>&quot;Honoka&quot; &quot;a\u015fa\u011f\u0131dan yukar\u0131ya&quot; anlam\u0131na geliyor<\/h4>\n<p>Hissetti\u011fim bir di\u011fer \u015fey ise &quot;Honoka&quot;n\u0131n yukar\u0131dan a\u015fa\u011f\u0131ya de\u011fil, &quot;a\u015fa\u011f\u0131dan yukar\u0131ya&quot; bir yap\u0131da olmas\u0131.<\/p>\n<p>Temsilci Bay Mizutani, herkese i\u015fleri bu \u015fekilde yapmalar\u0131n\u0131 s\u00f6ylemiyor, bunun yerine herkes &quot;Honoka&quot; yapmak i\u00e7in birlikte \u00e7al\u0131\u015f\u0131yor. Bu, di\u011fer \u00e7ift\u00e7ilerin pek yapamayaca\u011f\u0131 bir \u015fey. Bence &quot;Honoka&quot; \u015firketini bu kadar harika yapan \u015fey bu.<\/p>\n<p>&quot;Bunu s\u00fcrd\u00fcrmenizi ve \u00f6rnek bir \u015firket yaratman\u0131z\u0131 istiyorum. Bu, CEO&#039;nun tek ba\u015f\u0131na yapamayaca\u011f\u0131 bir \u015fey ve yaln\u0131zca herkesin a\u015fa\u011f\u0131dan yukar\u0131ya deste\u011fiyle m\u00fcmk\u00fcn. Harika \u015firketler yaratmaya devam etmenizi istiyorum. Deste\u011finizin devam etmesini d\u00f6rt g\u00f6zle bekliyorum,&quot; dedi CEO Kojima, Honoka Corporation&#039;\u0131n harika g\u00fc\u00e7l\u00fc y\u00f6nlerinden bahsederken.<\/p>\n<figure class=\"wp-caption aligncenter\"><a href=\"https:\/\/photos.google.com\/share\/AF1QipMQnu1fjUBOkXD7Jl35AUBFzvNSnyPZBfb0hI8jP4eP71444-nbG4a8wQsmjthvUA\/photo\/AF1QipNYlRFEF8UztTd1JmE8o_EAlVdFli9mNiKSPa4?key=ZHFXYlNKTzVIdEpaM0t6TTZKTEo0dzJHVGFoRVZR\" target=\"_blank\" rel=\"noopener noreferrer\"><img decoding=\"async\" src=\"https:\/\/lh3.googleusercontent.com\/oIqsMzHXLQFb9A44xb-WMncOafJZg-C0yjGylHdjzQir340BQ69Kt0dTvTgs8QMfIyJLDZQlUfR2o7NCHyTr1prw4UXfYZ96ZqdP88ss3nE8ZlbDPCcRzraZde2w492q3ebsPkBHQEpkjjppx1ff4uoSD0C1vNGBbbtCfAMz2zteWqBetuVLFPxjJ3Fr4H-DLbKkqK_CaQk6ky-GQIvMC25yH3vHwOmGAED1T_gWmYRyCnaztmDOE4-DHGf-YmCul-usgCCiHqnKFgwMQZSm3nnNJ6JRXEzq4039jEBDtDvHwextfhrXAw6p1M_cau89mskRORP7bvFq_pVgswoHK9k1fKlQe0sxsxkAjxqEcLqED9wzQVjNSxTnSGT_dUStkPSXNx-9qISzCTGveDXDF64H-mrvH7SPJtKiy2LM-SthLP3XHSMJs5gbkjC79pBWp2NkkHlT3gWv7kjmXNSy1siFcGTPbBBgNgdth1u4dyXb1i-Vm1vImc5RqoAve_2M7L2tS1vXDXnADF01kHNRbwTI2tGFnfIJmV_bQMCwcIR2Y2hBuJVxZcWJ1nhUI6zerok9lfgWzNpaIZoporu51-SvbIh50bnC0VZBdBOlwMxKmOJXbS1ICgSL1ne7vTnyBY3BWKtX-PBtVsZepW04_P311-3YaZZp5lHTeObiGh6t5mH86DzwWy_23YIn006lM14tomZ41zuvEI0JadkzKgV_TJdxvoYLPpVSgDwAlEfr6o3g=w1988-h1324-no\" width=\"1986\" height=\"1324\" alt=\"A\u015fa\u011f\u0131dan yukar\u0131ya \u00f6rg\u00fctsel g\u00fc\u00e7!\" class=\"size-medium\" \/><\/a><figcaption class=\"wp-caption-text\">A\u015fa\u011f\u0131dan yukar\u0131ya \u00f6rg\u00fctsel g\u00fc\u00e7!<\/figcaption><\/figure>\n<h2>Ba\u015fkan Se\u00e7imi<\/h2>\n<p>Bay Hiroto Sakamaki ba\u015fkan se\u00e7ildi ve 2019 mali y\u0131l\u0131 i\u00e7in i\u015fletme raporu, bilan\u00e7o, kar-zarar tablosu, fazla fonlar\u0131n elden \u00e7\u0131kar\u0131lmas\u0131 \u00f6nerisi, 2020 mali y\u0131l\u0131 i\u00e7in i\u015f plan\u0131 ve dar\u0131 \u00fcreticileri derne\u011fi y\u00f6neticilerinin se\u00e7imi hakk\u0131nda raporlar ve tart\u0131\u015fmalar yap\u0131ld\u0131.<\/p>\n<figure class=\"wp-caption aligncenter\"><a href=\"https:\/\/photos.google.com\/share\/AF1QipMQnu1fjUBOkXD7Jl35AUBFzvNSnyPZBfb0hI8jP4eP71444-nbG4a8wQsmjthvUA\/photo\/AF1QipNdmJtVyzgaK_3qy90VWoxjxDmSo9-cHgVFrT4?key=ZHFXYlNKTzVIdEpaM0t6TTZKTEo0dzJHVGFoRVZR\" target=\"_blank\" rel=\"noopener noreferrer\"><img decoding=\"async\" src=\"https:\/\/lh3.googleusercontent.com\/fYJl8ACXTdG6oWFZKkw65ZdxzYgw8OGIXIXXfdTWKSWcbQBHzm8kiQQ7YnNRREwz3mL1S3CcuTNx9_bVd30-1B0VngV0qcuzkOrXJ85bCyggrOA3Qj9oI7yI0O7ak7N8bYPU3iJy5WseywJo4toCKwtkt4caCFPUIrbBSwDpIoKS41UIW1FKJh5Tpfsbv1T_kxx7_b9wAbMz7UUL2JEGZDXteXKmskfShvmAKv8u-mCRT1KiNyICXLvughkc5fE-UADm3uWE341pA3mQdFr0-7FE66scmL3WFWrZ8qBZXrolsT85h9tkHCawe-wubwVAIvkY9FBuS31equS1EtyGANOa0Hi1vtqGdGO7_mWNshl4N7nN9T6yqV3R0UoDFr0zIzENpLICHpcBx6PeP2rtLhOOql7ITNPdmod2BVTlDvMHQNvCZvrAiT2aVNqRbRbJ8Ijj2lMDsMa52TF-Qi0wrbUFj6Tct6kbAx9btGZ0I3lrACS0B7CNSj6-_rrKUB3eQsQlOJpQPM4gIdGEFkCFHDbnzYarGnVebYxYOfzLpYC4icnWW_Uc3gqIsMBx6L7EYp6FPieKVltetIAYdnn7bcszwwmQT6txXhbRmHyW-tq2RnNtWkOtNwxRvkAgSCb6ZzU8L6Ybe02HAl5vC4FqbCrAcxSWBZ68Nff-HuYzTbwSgUhcqABzzRCMA_8kAf5NdBXz8tWU6AGWUipXOWnuv5IffPJGXJghKY0E_NpDWGTvXEm1=w1988-h1324-no\" width=\"1986\" height=\"1324\" alt=\"Ba\u015fkan olarak se\u00e7ilen Hiroto Sakamaki\" class=\"size-medium\" \/><\/a><figcaption class=\"wp-caption-text\">Ba\u015fkan olarak se\u00e7ilen Hiroto Sakamaki<\/figcaption><\/figure>\n<h2>Sekreter ve Tutanak \u0130mzalayan\u0131n Atanmas\u0131<\/h2>\n<p>\u30fbRyoichi Minamiguchi, Kotaro Nakayama, Nozomi Yamada<\/p>\n<h2>Rapor \u00f6\u011feleri<\/h2>\n<h3>1. \u00c7ift\u00e7i Derne\u011fi&#039;nden \u00d6d\u00fcller<\/h3>\n<p>\u30fb7 \u015eubat&#039;ta Tar\u0131m Destekleme Tarla Bitkileri \u00dcretim Derne\u011fi Genel Kurulu&#039;nda &quot;Honoka&quot; \u00f6d\u00fcl ald\u0131.<\/p>\n<h3>2. Hokkaido \u00dcst\u00fcn Pirin\u00e7 \u00dcretimi ve Nakliye Te\u015fvik \u00d6d\u00fcl\u00fc&#039;ne lay\u0131k g\u00f6r\u00fcld\u00fc<\/h3>\n<p>\u30fb\u00dcretim grubu olarak, Hokuryu Kasabas\u0131 Miwagyu \u00c7ift\u00e7ilik Derne\u011fi \u00fcst\u00fcn kaliteli pirin\u00e7 i\u00e7in birincilik \u00f6d\u00fcl\u00fcn\u00fc kazand\u0131 (\u00f6d\u00fcl t\u00f6reni \u015eubat ay\u0131 sonunda Sapporo&#039;da d\u00fczenlendi).<\/p>\n<h2>G\u00fcndem<\/h2>\n<h3>1. Teklif No. 1<\/h3>\n<p>\u30fb2019 mali y\u0131l\u0131 i\u00e7in i\u015fletme raporu, bilan\u00e7o, kar ve zarar tablosu ve fazlal\u0131k tahsis plan\u0131. Ayr\u0131ca, denetim raporu<\/p>\n<h4>2019 y\u0131l\u0131 i\u015f raporu: Y\u00f6netici Shigeyuki Nakayama&#039;n\u0131n a\u00e7\u0131klamas\u0131<\/h4>\n<figure class=\"wp-caption aligncenter\"><a href=\"https:\/\/photos.google.com\/share\/AF1QipMQnu1fjUBOkXD7Jl35AUBFzvNSnyPZBfb0hI8jP4eP71444-nbG4a8wQsmjthvUA\/photo\/AF1QipOAnjKYR1AsD-ye_MmEfUQ9EERSdVOTjB0I_m0?key=ZHFXYlNKTzVIdEpaM0t6TTZKTEo0dzJHVGFoRVZR\" target=\"_blank\" rel=\"noopener noreferrer\"><img decoding=\"async\" src=\"https:\/\/lh3.googleusercontent.com\/8dBXC2HF_w28Kr01qv-hGTI7qKMDHMMzeJ-vKlPkL_w9x2rs75vjra1y1FyLuw_M8eSAlS-W4MoePyuXpA-hcOjhLExlLOzjh4xQreKdWfERMCzDxcdPVDUzyvGDXFPHRyB1abUWXEL6v_wdbY5T3yHzBB_yd3k8xXJwCXWSs_NtJhUzM-BkXyQjsQNOipLIHaxfRte55r-4ZC9Xi1TssUC_so6I21F2zwG_aRiTHFJ7Aw32G61vVNr-t-oxoMCEXYCst33Kg9oPHkgDoiOBVf_4PXrqtJ0P4dWpF25K6m-pI41O62zBcGHT_p5DtH739sWWBiIFdadyOuXEDkQ_A5UT8B9l0OuugJCffnB6tH-6l10G8Biew9fZSe3uxAf8oT1XTJpftjoyTSMm-AB85n1UhkPkp-6Bqw0PFj22rSSM51EqOqE2Ce_uf5j033wWRYjnvsnHazqU0dXIwFowWSJPYwzZYBL3KaKNt7JDQjnFm9efFsSxueeuT4aM6Y7RICChOh3OsYkDrXWjSSL_vG2223-8rJZI0EmfuEOpp06rCOFj-i0Ssu4OYhvmBopgzfzwU__Ee7m8RB5GAx17qvhuh5Sp2O6ygdBobMCxsttGbw8hFpjYjbbLzbl5cDNEQEWDhlxb34HszwzcF9Qp2Q4gN0uaiXtgyRSG5qVD9a8eMOyDwf0BeDmE4tuEiyFeIEtvBaA8L_NABBZ3cwl4NdRu7rNJL57Xe0dogP_3jyGBj4Bs=w1988-h1324-no\" width=\"1986\" height=\"1324\" alt=\"Direkt\u00f6r Shigeyuki Nakayama bir i\u015f raporu veriyor\" class=\"size-medium\" \/><\/a><figcaption class=\"wp-caption-text\">Direkt\u00f6r Shigeyuki Nakayama bir i\u015f raporu veriyor<\/figcaption><\/figure>\n<p><span style=\"font-weight:bold\">&lt;2019 Genel Bak\u0131\u015f&gt;<\/span><\/p>\n<p>4 \u015eubat: 5. Ola\u011fan Genel Kurul Toplant\u0131s\u0131<br \/>\n3 Mart: Sera kar temizli\u011fi; kira ba\u015fl\u0131yor - 7&#039;sinde sona eriyor<br \/>\n8 Mart: Shiomi Construction kar temizleme \u00e7al\u0131\u015fmalar\u0131na ba\u015fl\u0131yor ve seray\u0131 kuruyor ~ 16 Mart: Kar temizleme ve sera kurulumu tamamland\u0131<br \/>\n14 Nisan: \u0130lk kavun ekimi (toplamda 13 bitki), pirin\u00e7 ekimi ba\u015fl\u0131yor ~ 21&#039;inde bitiyor<br \/>\n23 Nisan: \u00c7eltik tarlas\u0131 ekiminin ba\u015flang\u0131c\u0131<br \/>\n5 May\u0131s: Ay\u00e7i\u00e7ek ya\u011f\u0131 ekimi<br \/>\n10 May\u0131s: Ay\u00e7i\u00e7e\u011fi \u00e7ekirde\u011fi ekimi<br \/>\n17 May\u0131s: Pirin\u00e7 ekimi ba\u015flad\u0131, adzuki fasulyesi ekildi<br \/>\n19 May\u0131s - Soya ekimi - 20 May\u0131s<br \/>\n25 May\u0131s - 26 May\u0131s: Dar\u0131 ekimi<br \/>\n26 May\u0131s: Pirin\u00e7 ekimi tamamland\u0131<br \/>\n29 May\u0131s - 31 May\u0131s: Karabu\u011fday ekimi<br \/>\n8 Haziran: Peyzaj ay\u00e7i\u00e7e\u011fi ekimi<br \/>\n14 Haziran: Dairy Farm Academy&#039;de Tar\u0131msal E\u011fitim<br \/>\n12 Temmuz: Dairy Farm Academy&#039;de Tar\u0131msal E\u011fitim<br \/>\n22 Temmuz: Ortaokul \u00f6\u011frencilerine y\u00f6nelik tar\u0131m e\u011fitimi<br \/>\n28 Temmuz: Tar\u0131msal Kooperatif Turizm Deneyim Turu<br \/>\n6 A\u011fustos: Tokyo Inua ve Biei Libre&#039;den ziyaret<br \/>\n7 A\u011fustos: Tar\u0131m Kooperatifi Turizm Deneyim Turu<br \/>\n8 A\u011fustos: Shimizu Himawari (Hokuryu Kasabas\u0131 Turizm El\u00e7isi) ziyaretleri<br \/>\n2-4 Eyl\u00fcl Ay\u00e7i\u00e7e\u011fi f\u0131nd\u0131k hasad\u0131<br \/>\n17 Eyl\u00fcl: Pirin\u00e7 dar\u0131s\u0131 hasad\u0131, ay\u00e7i\u00e7e\u011fi ya\u011f\u0131 hasad\u0131<br \/>\n\u30fb18 Eyl\u00fcl: Pirin\u00e7 hasad\u0131 ba\u015fl\u0131yor - 11 Ekim<br \/>\n2 Ekim: Dairy Farm Academy&#039;de Tar\u0131msal E\u011fitim<br \/>\n\u30fb16 Ekim: Azuki fasulyesi hasad\u0131 - 18 Ekim<br \/>\n\u30fb25 Ekim: Ay\u00e7i\u00e7e\u011fi cevizi ay\u0131klama - 29 Ekim<br \/>\nYoshida Kiichiro&#039;nun ah\u0131r yenileme \u00e7al\u0131\u015fmas\u0131, Numanosawa Nehri K\u00f6pr\u00fcs\u00fc in\u015faat\u0131 tamamland\u0131, Shirinashi Nehri K\u00f6pr\u00fcs\u00fc in\u015faat\u0131 tamamland\u0131<br \/>\n22 Aral\u0131k: Y\u0131l sonu genel toplant\u0131s\u0131 ve partisi<\/p>\n<figure class=\"wp-caption aligncenter\"><a href=\"https:\/\/photos.google.com\/share\/AF1QipMQnu1fjUBOkXD7Jl35AUBFzvNSnyPZBfb0hI8jP4eP71444-nbG4a8wQsmjthvUA\/photo\/AF1QipNkNuEXW2aLSJjtFJeNnQ76ex3eTp8PrFM3UEc?key=ZHFXYlNKTzVIdEpaM0t6TTZKTEo0dzJHVGFoRVZR\" target=\"_blank\" rel=\"noopener noreferrer\"><img decoding=\"async\" src=\"https:\/\/lh3.googleusercontent.com\/cliv5aovhNvR0UrY8XyJZxxjgB1ey1qPo-bVBAsYkLMIBcYaiY0pYIxhSuEZDXPXzWQIN04DNSJXk335S4IkU7L38kfkyVepGOzlSoZdydj_9c0hIyQvrIj0QCpEU5B2ltbZ4lqiiBFFGyD8I-RTphO5jOdBydlloVmQd2u6IeyAbJ4-8O5AmUs6SNJTt00llAlctOxuaj3Rh5QTVlNIAnBAClX-1hGbo_Mvk5dkVebiJTHcdIA0nzmHrlbUVfJ6A77fZrwJYrRlEJepYARJVTB-saHiVLphmgav5js3jTht9uk6DJm8XPWI-l2O74_iHiPqRR7hCemn024RtUVAsSwmMoliwwvtn1wuW9Rm7jXwmi8MS_pccNgRMhFKXLCqfxZusXJWLnT4MOVtdSlRUSP8wdBV-p-9yfijyT5ctNnDxgONc0rBRI4nJ9wp_NfQadP68xQS9vEkog44rHbbKn-jcP7tdVK0LEVwojqMcaFcnajXl6AkNSSH0jGPu6TMLY8Pac8XKnFcTOLjjHAVKMp83IRxaf7wD_iFvDDJyYJmSV5TVjSJRpdHhDqkxILDWhJ_m1vgdE_fWWOP2eEFOwuIDg-xPBAff3vC-6cJYBnRSNkvwFGTbKxp65hTWnU_P5_sQSJknHf6iWdJgsUvd6lC874XlSakWGG1PfsRMEjxz5J_wIfU8-mR741L2Q8YiSSW_lQiM4i-NgZAdheU9LtqHI1R29xJDarTPfsSmkHvqxsN=w1420-h946-no\" width=\"1986\" height=\"1324\" alt=\"Reiwa 1 \u0130\u015f Raporu ve \u00c7al\u0131\u015fma Genel Bak\u0131\u015f\u0131\/\u00dcretim Genel Bak\u0131\u015f\u0131\" class=\"size-medium\" \/><\/a><figcaption class=\"wp-caption-text\">Reiwa 1 \u0130\u015f Raporu ve \u00c7al\u0131\u015fma Genel Bak\u0131\u015f\u0131\/\u00dcretim Genel Bak\u0131\u015f\u0131<\/figcaption><\/figure>\n<p><span style=\"font-weight:bold\">&lt;\u00dcretim durumu&gt;<\/span><\/p>\n<p>\u30fbToplam pirin\u00e7: 10.741a (Kitakurin: 7423a, Nanatsuboshi: 5.134a, Yumepirika: 4.865a)<br \/>\n- Tarla bitkileri: 3.689a (soya fasulyesi, karabu\u011fday, ay\u00e7i\u00e7e\u011fi ya\u011f\u0131, kavun, ay\u00e7i\u00e7e\u011fi f\u0131st\u0131\u011f\u0131, sonbahar bu\u011fday\u0131, dar\u0131, k\u0131rm\u0131z\u0131 fasulye)<\/p>\n<h4>Bilan\u00e7o, gelir tablosu ve fazlal\u0131k tahsisi (taslak): Kabata Laboratuvar\u0131 M\u00fcd\u00fcr\u00fc&#039;n\u00fcn a\u00e7\u0131klamas\u0131<\/h4>\n<p>Toplam gelir ilk kez 200 milyon yen&#039;i a\u015ft\u0131.<\/p>\n<p>Toplam gelir: 203 milyon yen (\u00e7eltik: 147 milyon yen, tarla \u00fcr\u00fcnleri: 15 milyon yen, i\u015f s\u00f6zle\u015fmesi: 12 milyon yen, \u00e7e\u015fitli gelirler: 29 milyon yen)<br \/>\n\u30fbCari d\u00f6nem i\u00e7in elde tutulan kazan\u00e7: 6,7 milyon yen<\/p>\n<figure class=\"wp-caption aligncenter\"><a href=\"https:\/\/photos.google.com\/share\/AF1QipMQnu1fjUBOkXD7Jl35AUBFzvNSnyPZBfb0hI8jP4eP71444-nbG4a8wQsmjthvUA\/photo\/AF1QipOgT8w8wci8_NvML8YaDE-RuTDf5iXePGk3vO8?key=ZHFXYlNKTzVIdEpaM0t6TTZKTEo0dzJHVGFoRVZR\" target=\"_blank\" rel=\"noopener noreferrer\"><img decoding=\"async\" src=\"https:\/\/lh3.googleusercontent.com\/tdgcQ5GD4Bzb4XCagt142dVUYCgVS1WZCi4qMM5lMKI10N5P28n9792aGaSWxrq1JEXfU65uHAcQih7E1YWAsp2JptMW0IMj2S6yMbA68TOh3JhSruR6EDdWaIL7czUuohaS1gJd6ioo8dGVzlsZyjoT6AmjL1cbs3IF2lSjUyYLiO6HXpc0L_elfAFluwYPYJymAI7OHpKsJ1VNuhKtnwelhlR4CryOi7uOFTLlHT8ZNxM-PYOpUey5H4a3fTZ0FXsxBXywuW7vR5I_4lmHeRIx-uiEh1mqQlh2OVDvjeki3cfH6OvE0JOvHa9K0wR0EKQ1DG922X2-cFv1IbHR8xHpMbK4OODkSTiJ6qSpvGJ-UaVHNkq7syxvpwVipel9D0epjSSzEdTo1Lk4jIMKIYNramB5ZkOD6X9TLwSnt0EG_uSy_gSxwUQyGOfzeB9tozU0SSqkNstSTC8Is5ZeqYfioih2OWcp5ryxHGXss0vS6AXvU1_wXu5zJalErSdJEejDNRgk5SLPeBnFn650yWyoewwburOYebCZO-2VhRuslavRwe7g1GSTbSQFQLmFAV_sAWoqoj7hhjY32B8-BFKhjriM48Z7doA8OhjwF4bHn5LS6ZiUuFJF795qurRixw6NUzVxb1-yGDAF5N1-gegSOeTVboj-XNCBTkPdBr8_F-QZ41bEt1IgInwu0LMk9LzuDkbF69IF9K4uz7__pFu3ozCMbUdrNzHktPVKgE08wzhZ=w1988-h1324-no\" width=\"1986\" height=\"1324\" alt=\"Kabata Laboratuvar\u0131 M\u00fcd\u00fcr\u00fcnden A\u00e7\u0131klama\" class=\"size-medium\" \/><\/a><figcaption class=\"wp-caption-text\">Kabata Laboratuvar\u0131 M\u00fcd\u00fcr\u00fcnden A\u00e7\u0131klama<\/figcaption><\/figure>\n<h4>Denetim raporu: Denet\u00e7i Mitsuharu Yamada&#039;n\u0131n raporu<\/h4>\n<figure class=\"wp-caption aligncenter\"><a href=\"https:\/\/photos.google.com\/share\/AF1QipMQnu1fjUBOkXD7Jl35AUBFzvNSnyPZBfb0hI8jP4eP71444-nbG4a8wQsmjthvUA\/photo\/AF1QipMFLdPuh9s--_iQZp-1HwrdESKk7AvVKZdILEg?key=ZHFXYlNKTzVIdEpaM0t6TTZKTEo0dzJHVGFoRVZR\" target=\"_blank\" rel=\"noopener noreferrer\"><img decoding=\"async\" src=\"https:\/\/lh3.googleusercontent.com\/bJLwDtFZQDqfitJqinEyqIdFp6ZZ1FyLe7zCBEyaXBbp4Y06KdJtn2VsEn9U5zIze87ThiE7KwEjchQyM1yH0KeVszgqFLuwlG6bdA3psT7l_RCcwFLi3hh8MBO9oJZ_2wPatFozOmStuhIx_KwIyHfQuFf1I65Ev8gnXDxoRBGDqGjovlWrI1HrahaITgBGaxJRE4E6k_ESqXeudlsTJO4JGPp3WwSIW6rzCCweDPbCjSz5azYBe3V6gSAoHsiNe8oJal0wAtEwM4bXHUp6Cc4Z1YbeBXSeM6_eQ4EeAcC5JcAzOF9skW-WZCLGTveccc115QtSe4gI8pV6ek1iBO-cEkfVyL0zRbCUcYKN8LG_iqe_1U8oTrdEaD_1q8sPHuWV0raJWQUKEhM0U3wzeAPHAXhu3Zd2L2LgrH3jYLKjAwSc3ymoHATccn2kFZb7wS3vYXsZRaFcrmZMxS5eqh3jRTz2IWpd-zi8pS_UYwVKWaXGIy5pvlc-udJaw5OVvNEYWD4lFTWoHg8niK9-8-wOWB50xXJ4M0KMIac1PAzwNFWfd_Ud9Wpj-G4oDiukUCdXByNmA3EOVBTThnuSQLGr-EJz5h5quTUbLIp2LNq9_VMPl7DkXoUaIQGo0K0YZNMu1lS_vJ-Ap7ZVp2RZEFEtsH-oSxy82Ft1xTjGKK7MGdQbSL6DssxSgk37eFh7PXhrclW2caRLjK-BNHLMZxE-XGpP6a0oIeM78DIhDX_LCt9d=w1988-h1324-no\" width=\"1986\" height=\"1324\" alt=\"Denet\u00e7i Mitsuharu Yamada&#039;n\u0131n denetim raporu\" class=\"size-medium\" \/><\/a><figcaption class=\"wp-caption-text\">Denet\u00e7i Mitsuharu Yamada&#039;n\u0131n denetim raporu<\/figcaption><\/figure>\n<h3>2. Teklif No. 2<\/h3>\n<p>\u30fb2020 mali y\u0131l\u0131 i\u015f plan\u0131 hakk\u0131nda<br \/>\n\u30fbKar temizleme<\/p>\n<h3>3. Teklif No. 3<\/h3>\n<p>\u30fbDar\u0131 \u00fcreticileri derne\u011finin y\u00f6neticilerinin se\u00e7imi<br \/>\nTemsilci m\u00fcd\u00fcr\u00fcn tavsiyesi \u00fczerine Asao Morishima, dar\u0131 \u00fcretim derne\u011finin yetkilisi olarak atand\u0131.<\/p>\n<p>Her bir \u00f6neri oy birli\u011fiyle kabul edildi.<\/p>\n<figure class=\"wp-caption aligncenter\"><a href=\"https:\/\/photos.google.com\/share\/AF1QipMQnu1fjUBOkXD7Jl35AUBFzvNSnyPZBfb0hI8jP4eP71444-nbG4a8wQsmjthvUA\/photo\/AF1QipOr5Qn4R6lXlJN19QvnpdsMDq7ZNCfJyS6OJqc?key=ZHFXYlNKTzVIdEpaM0t6TTZKTEo0dzJHVGFoRVZR\" target=\"_blank\" rel=\"noopener noreferrer\"><img decoding=\"async\" src=\"https:\/\/lh3.googleusercontent.com\/_1esm9AvYy3zMEOld5qn4QQbv4ax4ajtFaU2P_hC3XmhgLfq9lhIQdXdO7Odo2TAdaDQ_lLd3wQ_LN2alOobhEijW3AI149SuEAqx_-BfC3fddAYoT6owvFqe6Nei5ZIYpuvYmNzs__-znEAU4WB_aBXNSUTh-I5BKZe_RtYm1wmjV6jZJzCq1iwPxrmVRDWoEPMKk_YVBgJ1YR0nqDcYNGuYyGs5SFSc9fzsf2ndBIxKLUJe3LWbf3tEHmd9iQZsQbVo-tXiTG_LB6i5Ncp3YvRwxsUUBSKoXYyA2V7jpocVaDhRicf9usYpoKIovLWg7f0REqx809z9PYKQpJROCQrlSj49I_G0l5V1zZcfATbpxFFhzYY1KbK2izXO2Mrpb3CCdv4dvHf0kcOaIVptoa5qt5WedsiOrEeovK6pNMZUVJn7zcKhP92goOzgafLzxOQoIX-B0UjFO6QYoUtNBoLaSzQ4PKZZWUt_NhP9KfvWv9TRyJPJP5xRiXhCH0hFI3igTui5blx_Qt0GpU3Bq7ZSBvPCBU8ryCBkaZmAoc1ERhIuUw-zDzZvnC3ppGpof56oJmDVQ4d2KkUmWY170Ot-0kvJqTZLPhUQDRu6u8P7-Ws1fxCexnZTR0pkgwcApdcFJYNJeKHZgjwdYTxeMcHv0-bhkZkTeiQqjIRl6K-WdLPYFOKkVAr5505OC6yxpodGKvqCQWfxmWyrY6aNjBquvQIuA8gWaybePXnb9gSn63P=w1988-h1324-no\" width=\"1986\" height=\"1324\" alt=\"T\u00fcm \u00f6neriler oy birli\u011fiyle kabul edildi.\" class=\"size-medium\" \/><\/a><figcaption class=\"wp-caption-text\">T\u00fcm \u00f6neriler oy birli\u011fiyle kabul edildi.<\/figcaption><\/figure>\n<h3>4. Di\u011fer: Temsilci Direkt\u00f6r Shigeki Mizutani&#039;nin A\u00e7\u0131klamas\u0131<\/h3>\n<h4>Halef ve y\u00f6netici eksikli\u011fi konusunda<\/h4>\n<p>Hokkaido&#039;nun tar\u0131m \u015firketlerinde gen\u00e7 \u00e7ift\u00e7i ve halef eksikli\u011fi sorunu var. &quot;Honoka&quot;da gen\u00e7 halefler i\u00e7in b\u00fcy\u00fck umutlar\u0131m\u0131z var ve \u00f6n\u00fcm\u00fczdeki \u00fc\u00e7 y\u0131l\u0131 g\u00f6z \u00f6n\u00fcnde bulundurarak \u00e7al\u0131\u015fmaya devam etmek istiyoruz.<\/p>\n<h4>Gelir sigortas\u0131n\u0131 g\u00f6z \u00f6n\u00fcnde bulundurmak<\/h4>\n<p>Gelir sigortas\u0131 ile tar\u0131msal kar\u015f\u0131l\u0131kl\u0131 yard\u0131mla\u015fma aras\u0131ndaki kar\u015f\u0131la\u015ft\u0131rmaya gelince, kat\u0131l\u0131p kat\u0131lmamaya karar vermeden \u00f6nce birden fazla sim\u00fclasyon yap\u0131p dikkatlice de\u011ferlendirmek istedi\u011fini s\u00f6yledi.<\/p>\n<h2>Ba\u015fkan\u0131n \u0130stifa Etmesi ve Kapan\u0131\u015f<\/h2>\n<p>Genel kurul sorunsuz bir \u015fekilde sona erdi. Daha sonra sosyal bir toplant\u0131 yap\u0131ld\u0131.<\/p>\n<p>Honoka halk\u0131 inan\u0131lmaz g\u00fc\u00e7leri ve i\u015fbirlikleriyle, y\u00fczlerinde g\u00fcl\u00fcmsemeyle \u00e7ift\u00e7ilik yapman\u0131n tad\u0131n\u0131 \u00e7\u0131kar\u0131yor.<br \/>\nKuruldu\u011fu g\u00fcnden bu yana ge\u00e7en alt\u0131 y\u0131lda toplam 200 milyon yen gelir elde eden Honoka Tar\u0131m Kooperatifinin b\u00fcy\u00fck g\u00fcc\u00fcne en i\u00e7ten \u015f\u00fckranlar\u0131m\u0131z\u0131, derin sayg\u0131, minnet ve dualar\u0131m\u0131zla sunmak isteriz.<\/p>\n<figure class=\"wp-caption aligncenter\"><a href=\"https:\/\/photos.google.com\/share\/AF1QipPJHjgKuZ4mcIVhLcOqD8HjMVaWC6u9uwnS5zyc9gdMvbQM1IR8TST1xcrPUPZi6g\/photo\/AF1QipOt7HVv-DW1v6xwBvaR_rpRSoYdrRwmbNvRGKg?key=XzFBSzJaalFuWkFrNk55TVdjSU9QTTRYZW1adi13\" target=\"_blank\" rel=\"noopener noreferrer\"><img decoding=\"async\" src=\"https:\/\/lh3.googleusercontent.com\/hfNbDGH_Ek7ANQQRjiyia3kNg3LEbVD47Tex5cpFTB540ZVfAlB9v8i9R1aZpvBCUpfD9bvMbsXMBO1uhTTinigZXVMNcY5_KD9XetedUBJY7tHWenn-b_eTF4j--lmHyHsrBnWs4pqHlTp-Ymv9Qoar6udgKrKBFFu0UOHqc_UncOCT3XOaeSkrQhL7EHl2jhJo5ZRkgYkNdMPPQX6m6LvbqzvcHaQaa5lJdT-wgJuCVSZwZK3k9UzTTq1CRMeaIB_s4RYD3Jr0RiGh-4Yc97pGBsT_r4J8brIk3ICfeNKEuTAZqXHGxZ5IcFFyyUWab8eliUBFeHACwNjmtojZw03XZsoj2mhaYnR40b_wBYgVcvVVEBIvPVB9zdTmJ6n3fSp_QB2k9wIaDMOjPrtySIo8u46dmM7ic1Eu8YDzo-CqNcH8dZD4TPcOIhTbGw9Fkgo3xPVVAq4h5VzFRzAxfhJTPaXxDEROecWAU3iMLwEZh3esuUpEX0YPVi7z_GS3okirEAUSNYdrZc94uhQAGAvh3a_ONC3sneNmiMsfgUU9_dcYTBVp7lSYMW4V7aElk1tQfPiP_FeLEAMV0_SrFK4tBSVrgsnaOHuZjd7OM4sH7siSfL54nYwYNj3dwYHUb9P3nLrfl6Wq6ALzOsAOQ1WcxrMO0sJg4pEXRBb-0PGwuTXFeXwMCs9r6bPyFruZBgasL5FIHWoPWhi7rMr3gNqMwkwam-2A4abGyZTMsj3sfhxr=w1988-h1324-no\" width=\"1986\" height=\"1324\" alt=\"Tar\u0131m Kooperatifi &quot;Honoka&quot;n\u0131n y\u00fcce g\u00fcc\u00fcne b\u00fcy\u00fck sayg\u0131, minnet ve dualar\u0131m\u0131zla...\" class=\"size-medium\" \/><\/a><figcaption class=\"wp-caption-text\">Tar\u0131m Kooperatifi &quot;Honoka&quot;n\u0131n y\u00fcce g\u00fcc\u00fcne b\u00fcy\u00fck sayg\u0131, minnet ve dualar\u0131m\u0131zla...<\/figcaption><\/figure>\n<h2>Di\u011fer foto\u011fraflar<\/h2>\n<p>\u30fb<a href=\"https:\/\/photos.google.com\/share\/AF1QipMQnu1fjUBOkXD7Jl35AUBFzvNSnyPZBfb0hI8jP4eP71444-nbG4a8wQsmjthvUA?key=ZHFXYlNKTzVIdEpaM0t6TTZKTEo0dzJHVGFoRVZR\" rel=\"noopener noreferrer\" target=\"_blank\">2019 Honoka Tar\u0131m Kooperatifleri Birli\u011fi Y\u0131ll\u0131k Genel Kurulu&#039;ndan (6. d\u00f6nem) foto\u011fraflar (28 foto\u011fraf) burada mevcuttur &gt;&gt;<\/a><\/p>\n<h2>\u0130lgili makaleler<\/h2>\n<p>\u30fb<a href=\"https:\/\/portal.hokuryu.info\/tr\/honoka.html\/\">Honoka Tar\u0131m Kooperatifi Derne\u011fi Tan\u0131t\u0131m Sayfas\u0131<\/a><br \/>\n\u3000<\/p>\n<p>\u25c7 \u00c7ekim ve kurgu: Noboru Terauchi R\u00f6portaj ve metin: Ikuko Terauchi<\/p>","protected":false},"excerpt":{"rendered":"<p>\uff12\uff10\uff12\uff10\u5e74\uff12\u6708\uff12\uff10\u65e5\uff08\u6728\uff09 \u4ee4\u548c\uff12\u5e74\uff12\u6708\uff11\uff10\u65e5\uff08\u6708\uff09\u3001\u30b5\u30f3\u30d5\u30e9\u30ef\u30fc\u30d1\u30fc\u30af\u5317\u7adc\u6e29\u6cc9\u591a\u76ee\u7684\u30db\u30fc\u30eb\u306b\u3066\u3001\u8fb2\u4e8b\u7d44\u5408\u6cd5\u4eba\u307b\u306e\u304b\u7b2c\uff16\u671f\u5b9a\u671f\u7dcf\u4f1a\u304c\u958b\u50ac\u3055\u308c\u307e\u3057\u305f\u3002 \u677f\u57a3\u7fa9\u4e00 \u76e3\u4e8b\u306e\u53f8\u4f1a\u30fb\u9032\u884c\u306b\u3088\u308a\u7dcf\u4f1a\u304c\u30b9\u30bf\u30fc\u30c8 \u958b [&hellip;]<\/p>\n","protected":false},"author":1,"featured_media":1131,"comment_status":"open","ping_status":"open","sticky":false,"template":"","format":"standard","meta":{"footnotes":""},"categories":[4,27],"tags":[],"class_list":["post-1084","post","type-post","status-publish","format-standard","has-post-thumbnail","hentry","category-cover-story","category-honoka"],"_links":{"self":[{"href":"https:\/\/portal.hokuryu.info\/tr\/wp-json\/wp\/v2\/posts\/1084","targetHints":{"allow":["GET"]}}],"collection":[{"href":"https:\/\/portal.hokuryu.info\/tr\/wp-json\/wp\/v2\/posts"}],"about":[{"href":"https:\/\/portal.hokuryu.info\/tr\/wp-json\/wp\/v2\/types\/post"}],"author":[{"embeddable":true,"href":"https:\/\/portal.hokuryu.info\/tr\/wp-json\/wp\/v2\/users\/1"}],"replies":[{"embeddable":true,"href":"https:\/\/portal.hokuryu.info\/tr\/wp-json\/wp\/v2\/comments?post=1084"}],"version-history":[{"count":0,"href":"https:\/\/portal.hokuryu.info\/tr\/wp-json\/wp\/v2\/posts\/1084\/revisions"}],"wp:featuredmedia":[{"embeddable":true,"href":"https:\/\/portal.hokuryu.info\/tr\/wp-json\/wp\/v2\/media\/1131"}],"wp:attachment":[{"href":"https:\/\/portal.hokuryu.info\/tr\/wp-json\/wp\/v2\/media?parent=1084"}],"wp:term":[{"taxonomy":"category","embeddable":true,"href":"https:\/\/portal.hokuryu.info\/tr\/wp-json\/wp\/v2\/categories?post=1084"},{"taxonomy":"post_tag","embeddable":true,"href":"https:\/\/portal.hokuryu.info\/tr\/wp-json\/wp\/v2\/tags?post=1084"}],"curies":[{"name":"wp","href":"https:\/\/api.w.org\/{rel}","templated":true}]}}