{"id":10677,"date":"2021-06-04T20:15:13","date_gmt":"2021-06-04T11:15:13","guid":{"rendered":"https:\/\/portal.hokuryu.info\/?p=10677"},"modified":"2022-01-28T12:40:49","modified_gmt":"2022-01-28T03:40:49","slug":"2021%e5%b9%b4%e5%ba%a6%e3%80%90%e6%96%b0%e5%9e%8b%e3%82%b3%e3%83%ad%e3%83%8a%e3%82%a6%e3%82%a4%e3%83%ab%e3%82%b9%e6%84%9f%e6%9f%93%e7%97%87%e5%af%be%e7%ad%96%e3%80%91%e5%8c%97%e7%ab%9c%e7%94%ba-3","status":"publish","type":"post","link":"https:\/\/portal.hokuryu.info\/tr\/10677\/","title":{"rendered":"2021 [COVID-19 \u00d6nlemleri] Hokuryu Kasabas\u0131 Afet \u00d6nleme Radyosu: 35. Ay\u00e7i\u00e7e\u011fi Festivali&#039;ndeki t\u00fcm etkinliklerin iptali ve Turist Merkezi&#039;nin kapat\u0131lmas\u0131"},"content":{"rendered":"<p>Cuma, 4 Haziran 2021<\/p>\n<p>Hokuryu Kasabas\u0131&#039;n\u0131n afet \u00f6nleme radyosunda (Hokuryu Kasabas\u0131&#039;ndaki her eve ve konu\u015fmac\u0131ya yay\u0131nlanmaktad\u0131r) saat 19:00&#039;da yay\u0131nlanan i\u00e7erik (Belediye Ba\u015fkan\u0131 Sano&#039;nun ses kayd\u0131) hakk\u0131nda bilgi verece\u011fiz. 4 Haziran 2021 Cuma g\u00fcn\u00fc.<\/p>\n<h2>Hokuryu Kasabas\u0131 Belediye Ba\u015fkan\u0131 Yutaka Sano&#039;nun Mesaj\u0131<\/h2>\n<h3>Her bir sakinimizin enfeksiyonlar\u0131n \u00f6nlenmesi konusunda i\u015fbirli\u011fi yapmas\u0131n\u0131 rica ediyoruz.<\/h3>\n<p>Hokkaido&#039;da \u015fu anda 20 Haziran Pazar g\u00fcn\u00fcne kadar ola\u011fan\u00fcst\u00fc hal ilan edildi.<\/p>\n<p>\u0130lde enfekte olan ki\u015fi say\u0131s\u0131 y\u00fcksek kalmaya devam ediyor, mutant su\u015flar yay\u0131l\u0131yor ve Sorachi b\u00f6lgesinde \u00e7ok say\u0131da k\u00fcmelenme meydana geldi, bu nedenle durumun hen\u00fcz bir sonunun g\u00f6r\u00fcnmedi\u011fi belirtiliyor.<\/p>\n<p>\u0130l\u00e7emizde a\u015f\u0131lama \u00e7al\u0131\u015fmalar\u0131 sorunsuz bir \u015fekilde devam ediyor ancak bula\u015f\u0131c\u0131 hastal\u0131klar\u0131n \u00f6nlenmesi konusunda her vatanda\u015f\u0131m\u0131z\u0131n i\u015fbirli\u011fi yapmas\u0131n\u0131 rica ediyoruz.<\/p>\n<h3>35. Ay\u00e7i\u00e7e\u011fi Festivali: T\u00fcm etkinlikler iptal edildi; Turist Merkezi kapal\u0131<\/h3>\n<p>Ay\u00e7i\u00e7e\u011fi K\u00f6y\u00fc&#039;ndeki dikimler tamamland\u0131, ancak bu y\u0131lki Ay\u00e7i\u00e7e\u011fi Festivali ile ilgili olarak, insan hayat\u0131n\u0131 \u00f6n planda tutmak ve turistler ve ilgili di\u011fer taraflar i\u00e7in enfeksiyon riskini \u00f6nlemek amac\u0131yla t\u00fcm etkinlikleri iptal etmeye ve turizm merkezini kapatmaya karar verdik.<\/p>\n<p>Bu karardan dolay\u0131 son derece \u00fczg\u00fcn ve pi\u015fman\u0131z, ancak anlay\u0131\u015f\u0131n\u0131z\u0131 rica ediyoruz.<br \/>\n\u3000<br \/>\n<figure class=\"wp-caption aligncenter\"><img decoding=\"async\" src=\"https:\/\/lh3.googleusercontent.com\/pw\/ACtC-3d1Id9Yo7VZZxt3yHwEBLQESZ3TkZHMog_YeOl5KYEHsgdnejGZ6n64nWlgx7kGBJvyO-26cgR4BuuLjBQeoLSk95pJqTYGLTt7Ef3nWYPN5xE3zjKIg7sc6SJolyXjZFCId9yAc2ij4Qs-fRDGOhnP=w2000-h1333-no?authuser=0\" width=\"2000\" height=\"1333\" alt=\"Hokuryu Kasabas\u0131 Belediye Ba\u015fkan\u0131 Yutaka Sano&#039;nun Mesaj\u0131\" class=\"size-full\" \/><figcaption class=\"wp-caption-text\">Hokuryu Kasabas\u0131 Belediye Ba\u015fkan\u0131 Yutaka Sano&#039;nun Mesaj\u0131<\/figcaption><\/figure>\n<p>\u25c7<\/p>","protected":false},"excerpt":{"rendered":"<p>\uff12\uff10\uff12\uff11\u5e74\uff16\u6708\uff14\u65e5\uff08\u91d1\uff09 \u4ee4\u548c\uff13\u5e74\uff16\u6708\uff14\u65e5\uff08\u91d1\uff0919\uff1a00\u3001\u5317\u7adc\u753a\u306e\u9632\u707d\u7121\u7dda\uff08\u5317\u7adc\u753a\u306e\u5168\u6238\u53ca\u3073\u30b9\u30d4\u30fc\u30ab\u30fc\u653e\u9001\uff09\u306b\u3066\u653e\u9001\u3055\u308c\u305f\u5185\u5bb9\uff08\u4f50\u91ce\u753a\u9577\u306e\u8089\u58f0\u306e\u9332\u97f3\uff09\u3092\u304a\u4f1d\u3048\u3057\u307e\u3059\u3002 \u5317\u7adc\u753a\u30fb\u4f50\u91ce\u8c4a \u753a\u9577\u304b\u3089\u306e\u30e1\u30c3 [&hellip;]<\/p>\n","protected":false},"author":1,"featured_media":10683,"comment_status":"open","ping_status":"open","sticky":false,"template":"","format":"standard","meta":{"footnotes":""},"categories":[5,14,44],"tags":[],"class_list":["post-10677","post","type-post","status-publish","format-standard","has-post-thumbnail","hentry","category-sano-yutaka-formermayor","category-hokuryu-town","category-covid-19"],"_links":{"self":[{"href":"https:\/\/portal.hokuryu.info\/tr\/wp-json\/wp\/v2\/posts\/10677","targetHints":{"allow":["GET"]}}],"collection":[{"href":"https:\/\/portal.hokuryu.info\/tr\/wp-json\/wp\/v2\/posts"}],"about":[{"href":"https:\/\/portal.hokuryu.info\/tr\/wp-json\/wp\/v2\/types\/post"}],"author":[{"embeddable":true,"href":"https:\/\/portal.hokuryu.info\/tr\/wp-json\/wp\/v2\/users\/1"}],"replies":[{"embeddable":true,"href":"https:\/\/portal.hokuryu.info\/tr\/wp-json\/wp\/v2\/comments?post=10677"}],"version-history":[{"count":0,"href":"https:\/\/portal.hokuryu.info\/tr\/wp-json\/wp\/v2\/posts\/10677\/revisions"}],"wp:featuredmedia":[{"embeddable":true,"href":"https:\/\/portal.hokuryu.info\/tr\/wp-json\/wp\/v2\/media\/10683"}],"wp:attachment":[{"href":"https:\/\/portal.hokuryu.info\/tr\/wp-json\/wp\/v2\/media?parent=10677"}],"wp:term":[{"taxonomy":"category","embeddable":true,"href":"https:\/\/portal.hokuryu.info\/tr\/wp-json\/wp\/v2\/categories?post=10677"},{"taxonomy":"post_tag","embeddable":true,"href":"https:\/\/portal.hokuryu.info\/tr\/wp-json\/wp\/v2\/tags?post=10677"}],"curies":[{"name":"wp","href":"https:\/\/api.w.org\/{rel}","templated":true}]}}