{"id":8500,"date":"2021-04-28T06:48:30","date_gmt":"2021-04-27T21:48:30","guid":{"rendered":"https:\/\/portal.hokuryu.info\/?p=8500"},"modified":"2021-05-26T08:13:46","modified_gmt":"2021-05-25T23:13:46","slug":"post-8500","status":"publish","type":"post","link":"https:\/\/portal.hokuryu.info\/pt\/8500\/","title":{"rendered":"Despedindo-se da fam\u00edlia Kubo, Isamu e Nobuko, que se estabeleceram na cidade de Hokuryu h\u00e1 102 anos."},"content":{"rendered":"<p>Quarta-feira, 28 de abril de 2021<\/p>\n<p>Na ter\u00e7a-feira, 27 de abril de 2021, \u00e0s 8h da manh\u00e3, Isamu e Nobuko Kubo se mudar\u00e3o para Sapporo, onde mora seu filho.<\/p>\n<p>Membros da associa\u00e7\u00e3o de moradores do bairro de Wa e outros habitantes da cidade que tinham alguma liga\u00e7\u00e3o com o falecido reuniram-se no jardim da casa da fam\u00edlia Kubo e, a contragosto, entoaram &quot;Banzai&quot; tr\u00eas vezes em un\u00edssono para se despedirem dele.<\/p>\n<figure class=\"wp-caption aligncenter\"><a href=\"https:\/\/photos.google.com\/share\/AF1QipPBOscPqyvZuyERZugkT2mlRBywbLCUkQvCq0FcD49BNvi3qn-xQG4xYsd2JZwSYw\/photo\/AF1QipMMZPeHP6ljBaIFre_NPJpKr7_nlA0HqrHX_kQ?key=LVJ5ZEktcU1GU2owek5Ham1ycjRNNXFzS3pia0dR\" target=\"_blank\" rel=\"noopener\"><img decoding=\"async\" src=\"https:\/\/lh3.googleusercontent.com\/pw\/ACtC-3eJtmg49u_s9gqjKnXW9ZnvWZNDYJcRE49Wdxy9EDV0YdVeWZQslx1c7OZcz_FOnbo_Vm1BYNcZstV1WhLg_h5A4FBMLcYgOGVBS_Gao3N9JTo46Bf1iwiDwLpLTw9HeJv8j8Hwu7OIzh7TpIfO8viV=w2000-h1500-no?authuser=0\" width=\"2000\" height=\"1500\" alt=\"D\u00ea-lhes despedido com tr\u00eas vivas!\" class=\"size-medium\" \/><\/a><figcaption class=\"wp-caption-text\">D\u00ea-lhes despedido com tr\u00eas vivas!<\/figcaption><\/figure>\n<p>A fam\u00edlia Kubo tem dado grandes contribui\u00e7\u00f5es para a constru\u00e7\u00e3o da base agr\u00edcola da cidade de Hokuryu ao longo dos \u00faltimos 102 anos, desde que o av\u00f4 do Sr. Isamu Kubo se estabeleceu na cidade em 1920. Ele tamb\u00e9m atuou como presidente da associa\u00e7\u00e3o de moradores e ofereceu generoso apoio.<\/p>\n<h2>Palavras do presidente Hideyuki Hasegawa, da Associa\u00e7\u00e3o de Moradores de Wa.<\/h2>\n<figure class=\"wp-caption aligncenter\"><a href=\"https:\/\/photos.google.com\/share\/AF1QipPBOscPqyvZuyERZugkT2mlRBywbLCUkQvCq0FcD49BNvi3qn-xQG4xYsd2JZwSYw\/photo\/AF1QipOWIdHiXsgzZjqTqmAq9qAUlGVZaXvJi22E3ow?key=LVJ5ZEktcU1GU2owek5Ham1ycjRNNXFzS3pia0dR\" target=\"_blank\" rel=\"noopener\"><img decoding=\"async\" src=\"https:\/\/lh3.googleusercontent.com\/pw\/ACtC-3eZ9g5DvhordzI350FMVP8lvewqfaWZ_FufP-ADODv-95rQXBdiikcngmN6mZmx2XRphj20oKf64eJhB9HmUhiwz9KjT7kJG2BMjMdeoHhUNizmPBA62C1ZFLNcou5XFVjHnszjNyYH4JbtLeyos1wO=w2000-h1500-no?authuser=0\" width=\"2000\" height=\"1500\" alt=\"Palavras de agradecimento do representante da associa\u00e7\u00e3o de moradores, Sr. Hideyuki Hasegawa.\" class=\"size-medium\" \/><\/a><figcaption class=\"wp-caption-text\">Palavras de agradecimento do representante da associa\u00e7\u00e3o de moradores, Sr. Hideyuki Hasegawa.<\/figcaption><\/figure>\n<p>&quot;Ouvi dizer que na \u00e9poca do av\u00f4 do Sr. Isamu Kubo, eles vieram da cidade de Uryuu para a cidade de Hokuryu em busca de terras agr\u00edcolas. Eles se estabeleceram na cidade de Hokuryu h\u00e1 mais de 100 anos.&quot;<\/p>\n<p>Naquela \u00e9poca, a cidade de Hokuryu n\u00e3o era como os arrozais de hoje; o terreno tinha tamanhos e eleva\u00e7\u00f5es variadas, e os canais de irriga\u00e7\u00e3o e valas de drenagem n\u00e3o eram bem desenvolvidos, ent\u00e3o foi uma \u00e9poca muito dif\u00edcil para os colonos se estabelecerem ali.<\/p>\n<p>Depois disso, a infraestrutura foi melhorada, e acredito que as bases para os atuais arrozais foram lan\u00e7adas por volta de 1965, como parte de um projeto de melhoria estrutural. Naquela \u00e9poca, o jovem Kubo-san tornou-se uma figura central na comunidade, trabalhando arduamente para desenvolver a infraestrutura para a agricultura moderna.<\/p>\n<p>Na era Heisei, a Associa\u00e7\u00e3o de Moradores de Wa fundiu-se com a Associa\u00e7\u00e3o de Moradores de Baemoto (por volta de 2005). Inicialmente, houve algumas diverg\u00eancias nos procedimentos e em outros aspectos da associa\u00e7\u00e3o resultante da fus\u00e3o. No entanto, Kubo-san, como presidente da associa\u00e7\u00e3o, coordenou habilmente as quest\u00f5es e garantiu o bom funcionamento da associa\u00e7\u00e3o, algo que me lembro vividamente.<\/p>\n<p>Gostar\u00edamos de expressar nossa sincera gratid\u00e3o ao Sr. Kubo por sua longa dedica\u00e7\u00e3o \u00e0 comunidade.<\/p>\n<p>Depois disso, o Sr. e a Sra. Kubo ir\u00e3o para Sapporo, onde mora o filho deles, e se estabelecer\u00e3o l\u00e1. Esperamos que os dois possam passar bons momentos juntos.<\/p>\n<p>Esperamos que, durante esse per\u00edodo, o Sr. Kubo se lembre da cidade de Hokuryu. Tamb\u00e9m ficar\u00edamos gratos se voc\u00ea pudesse comparecer ao Festival do Girassol ou a outros eventos e, caso encontre algum rosto familiar, por favor, cumprimente-o.<\/p>\n<p>Recebemos uma doa\u00e7\u00e3o do Sr. Kubo como forma de agradecimento pelo apoio que ele tem recebido da associa\u00e7\u00e3o de moradores. Gostar\u00edamos de expressar nossa gratid\u00e3o ao Sr. Kubo mais uma vez.<\/p>\n<p>&quot;Al\u00e9m disso, de acordo com as normas da associa\u00e7\u00e3o de moradores, gostar\u00edamos de entregar um presente de despedida ao Sr. Kubo em nome da associa\u00e7\u00e3o. Sentiremos sua falta, mas gostar\u00edamos de expressar nossa sincera gratid\u00e3o por todo o seu trabalho \u00e1rduo ao longo dos anos&quot;, disse o presidente Hasegawa, representando a associa\u00e7\u00e3o de moradores de Wa.<\/p>\n<figure class=\"wp-caption aligncenter\"><a href=\"https:\/\/photos.google.com\/share\/AF1QipPBOscPqyvZuyERZugkT2mlRBywbLCUkQvCq0FcD49BNvi3qn-xQG4xYsd2JZwSYw\/photo\/AF1QipPu8yuQXeSvkIzQUBmh4NNjupH_gCSdVPZMIu8?key=LVJ5ZEktcU1GU2owek5Ham1ycjRNNXFzS3pia0dR\" target=\"_blank\" rel=\"noopener\"><img decoding=\"async\" src=\"https:\/\/lh3.googleusercontent.com\/pw\/ACtC-3cp8j34XjAO4DYJhvufIqQBuD6dI30BD6L5PPJGleTWav33rXbQP_cg_gFtxE-iiaJJKjj6GKqpMcVNDDo2a1Nml5TjCNsq8yiIcOpinbhbxhPKrfGAxHduJEqwU2ugZQuk6l2JT4QUMEXsp0uTatPY=w2000-h1500-no?authuser=0\" width=\"2000\" height=\"1500\" alt=\"Honor\u00e1rios\" class=\"size-medium\" \/><\/a><figcaption class=\"wp-caption-text\">Honor\u00e1rios<\/figcaption><\/figure>\n<h2>Palavras de Isamu Kubo<\/h2>\n<p>&quot;Gostaria de expressar minha sincera gratid\u00e3o a todos por dedicarem um tempo de suas agendas lotadas para virem se despedir de mim logo cedo pela manh\u00e3.&quot;<\/p>\n<p>Este ano marca o 102\u00ba anivers\u00e1rio da mudan\u00e7a do meu av\u00f4 da ent\u00e3o Vila Uryu para a Vila Hokuryu, em mar\u00e7o de 1920. Gostaria de expressar minha sincera gratid\u00e3o a todos que cuidaram de n\u00f3s por tr\u00eas gera\u00e7\u00f5es.<\/p>\n<p>Espero que todos cuidem da sa\u00fade e orem por sa\u00fade e felicidade cont\u00ednuas. Muito obrigado por terem vindo hoje, apesar do frio.<\/p>\n<figure class=\"wp-caption aligncenter\"><a href=\"https:\/\/photos.google.com\/share\/AF1QipPBOscPqyvZuyERZugkT2mlRBywbLCUkQvCq0FcD49BNvi3qn-xQG4xYsd2JZwSYw\/photo\/AF1QipMYIShsaWfPNM-NwsssnR210KvIZadQM2VFHneg?key=LVJ5ZEktcU1GU2owek5Ham1ycjRNNXFzS3pia0dR\" target=\"_blank\" rel=\"noopener\"><img decoding=\"async\" src=\"https:\/\/lh3.googleusercontent.com\/pw\/ACtC-3ekaqncdF3NjSszr5LsgXvF_r6mzD1KyFFS0Aytxc7GgB42cyO2dLlOLN1EgWNtw7wmauJv4nvV0G3SLQljsrIcc1ra3Rp0SqD700gff8Q2CKVxmBT-Q560hizHxmtMnFCylGk5QbFlbmqO8kG3Kldbhw=w1416-h1888-no?authuser=0\" width=\"400\" alt=\"Senhor e Sra. Isamu e Nobuko Kubo\" class=\"size-medium\" \/><\/a><figcaption class=\"wp-caption-text\">Senhor e Sra. Isamu e Nobuko Kubo<\/figcaption><\/figure>\n<figure class=\"wp-caption aligncenter\"><a href=\"https:\/\/photos.google.com\/share\/AF1QipPBOscPqyvZuyERZugkT2mlRBywbLCUkQvCq0FcD49BNvi3qn-xQG4xYsd2JZwSYw\/photo\/AF1QipMTwDFJS-V6yl91kkMTCHRmDMi-9KEg-6AI1IA?key=LVJ5ZEktcU1GU2owek5Ham1ycjRNNXFzS3pia0dR\" target=\"_blank\" rel=\"noopener\"><img decoding=\"async\" src=\"https:\/\/lh3.googleusercontent.com\/pw\/ACtC-3fAOg4cX8X1xLAoPZLLvwHFiSuwqdw-PI1jV_RnE-Nx6W6PfsnqLtHqZPN_NRkhrTvznaxTei3zwEn1QvXBMip_yvT6DrpZ41pfKgHi5p7MFxdidsqkIMgE-TRLMXpLKnvsHOTVo1ESOoqUuGJzXRsk=w2000-h1500-no?authuser=0\" width=\"2000\" height=\"1500\" alt=\"Fam\u00edlia Kubo\" class=\"size-medium\" \/><\/a><figcaption class=\"wp-caption-text\">Fam\u00edlia Kubo<\/figcaption><\/figure>\n<h2>Tr\u00eas vivas para eles enquanto se despedem.<\/h2>\n<p>Todos n\u00f3s cantamos &quot;Banzai&quot; tr\u00eas vezes em un\u00edssono para nos despedirmos deles.<\/p>\n<figure class=\"wp-caption aligncenter\"><a href=\"https:\/\/photos.google.com\/share\/AF1QipPBOscPqyvZuyERZugkT2mlRBywbLCUkQvCq0FcD49BNvi3qn-xQG4xYsd2JZwSYw\/photo\/AF1QipNS7Im9Gun640YKtjI2VTb7TR3RReRAiXOau5M?key=LVJ5ZEktcU1GU2owek5Ham1ycjRNNXFzS3pia0dR\" target=\"_blank\" rel=\"noopener\"><img decoding=\"async\" src=\"https:\/\/lh3.googleusercontent.com\/pw\/ACtC-3fHnhkQNE9WowxNvguBpjlo34d7XdA78blgRmggfqBA3-_RUJWMm05u6l2hAdZ34WXHIzCJl9VCzoWe6lNjhyjFm8JPHUmdzrF2higowt2tbSSeOLnVYou-pFeKSgYuTB4TcvbLYxO2wB83LgUVPYPD=w2000-h1500-no?authuser=0\" width=\"2000\" height=\"1500\" alt=\"D\u00ea-lhes despedido com tr\u00eas vivas!\" class=\"size-medium\" \/><\/a><figcaption class=\"wp-caption-text\">D\u00ea-lhes despedido com tr\u00eas vivas!<\/figcaption><\/figure>\n<p>Com amor, gratid\u00e3o e ora\u00e7\u00f5es ilimitadas, estendemos nossos votos ao povo de Hokuryu, que tanto ama sua cidade e coopera, ajuda e apoia uns aos outros para proteger e transmitir o esp\u00edrito de harmonia que perdura em sua comunidade.<\/p>\n<figure class=\"wp-caption aligncenter\"><a href=\"https:\/\/photos.google.com\/share\/AF1QipPBOscPqyvZuyERZugkT2mlRBywbLCUkQvCq0FcD49BNvi3qn-xQG4xYsd2JZwSYw\/photo\/AF1QipNRUc0ExgjfhsbUQI0YdK-g91Fu7afqG70rXcw?key=LVJ5ZEktcU1GU2owek5Ham1ycjRNNXFzS3pia0dR\" target=\"_blank\" rel=\"noopener\"><img decoding=\"async\" src=\"https:\/\/lh3.googleusercontent.com\/pw\/ACtC-3fdVzba2lUBRWXtpuRMinivpiHJpg14kSYuodOYw7Hg5fbOYXsK_kjqRkh2Mb5lXQOLAHBEE3eA2TbF2hYq7aHpF4yvoKBFo3U5p8Eov3nX22cjefq86z5nWejqdgvqghxYWzTw5P_gIClVUuovEzxr=w2000-h1500-no?authuser=0\" width=\"2000\" height=\"1500\" alt=\"A paisagem urbana vigiada pelo Monte Edai\" class=\"size-medium\" \/><\/a><figcaption class=\"wp-caption-text\">A paisagem urbana vigiada pelo Monte Edai<\/figcaption><\/figure>\n<p>\u25c7 Fotografia e edi\u00e7\u00e3o: Noboru Terauchi Entrevista e texto: Ikuko Terauchi<\/p>","protected":false},"excerpt":{"rendered":"<p>\uff12\uff10\uff12\uff11\u5e74\uff14\u6708\uff12\uff18\u65e5\uff08\u6c34\uff09 \u4ee4\u548c\uff13\u5e74\uff14\u6708\uff12\uff17\u65e5\uff08\u706b\uff09\uff10\uff18\uff1a\uff10\uff10\u3001\u4e45\u4fdd\u52c7\u30fb\u4fe1\u5b50\u3054\u592b\u59bb\u304c\u3001\u5fa1\u5b50\u606f\u304c\u304a\u4f4f\u307e\u3044\u306e\u672d\u5e4c\u3078\u8ee2\u51fa\u3055\u308c\u308b\u3053\u3068\u3068\u306a\u308a\u307e\u3057\u305f\u3002 \u548c\u753a\u5185\u4f1a\u306e\u7686\u3055\u3093\u3001\u3054\u7e01\u306e\u3042\u308b\u753a\u6c11\u304c\u4e45\u4fdd\u5bb6\u306e\u304a\u5ead\u306b\u96c6\u3044\u3001\u540d\u6b8b\u60dc [&hellip;]<\/p>\n","protected":false},"author":1,"featured_media":8501,"comment_status":"open","ping_status":"open","sticky":false,"template":"","format":"standard","meta":{"footnotes":""},"categories":[4],"tags":[],"class_list":["post-8500","post","type-post","status-publish","format-standard","has-post-thumbnail","hentry","category-cover-story"],"_links":{"self":[{"href":"https:\/\/portal.hokuryu.info\/pt\/wp-json\/wp\/v2\/posts\/8500","targetHints":{"allow":["GET"]}}],"collection":[{"href":"https:\/\/portal.hokuryu.info\/pt\/wp-json\/wp\/v2\/posts"}],"about":[{"href":"https:\/\/portal.hokuryu.info\/pt\/wp-json\/wp\/v2\/types\/post"}],"author":[{"embeddable":true,"href":"https:\/\/portal.hokuryu.info\/pt\/wp-json\/wp\/v2\/users\/1"}],"replies":[{"embeddable":true,"href":"https:\/\/portal.hokuryu.info\/pt\/wp-json\/wp\/v2\/comments?post=8500"}],"version-history":[{"count":0,"href":"https:\/\/portal.hokuryu.info\/pt\/wp-json\/wp\/v2\/posts\/8500\/revisions"}],"wp:featuredmedia":[{"embeddable":true,"href":"https:\/\/portal.hokuryu.info\/pt\/wp-json\/wp\/v2\/media\/8501"}],"wp:attachment":[{"href":"https:\/\/portal.hokuryu.info\/pt\/wp-json\/wp\/v2\/media?parent=8500"}],"wp:term":[{"taxonomy":"category","embeddable":true,"href":"https:\/\/portal.hokuryu.info\/pt\/wp-json\/wp\/v2\/categories?post=8500"},{"taxonomy":"post_tag","embeddable":true,"href":"https:\/\/portal.hokuryu.info\/pt\/wp-json\/wp\/v2\/tags?post=8500"}],"curies":[{"name":"wp","href":"https:\/\/api.w.org\/{rel}","templated":true}]}}