{"id":70330,"date":"2026-03-05T15:36:47","date_gmt":"2026-03-05T06:36:47","guid":{"rendered":"https:\/\/portal.hokuryu.info\/?p=70330"},"modified":"2026-03-13T05:34:17","modified_gmt":"2026-03-12T20:34:17","slug":"%e3%81%b2%e3%81%be%e3%82%8f%e3%82%8a%e3%81%ae%e9%87%8c%e3%81%ab%e6%96%b0%e3%81%9f%e3%81%aa%e9%bc%93%e5%8b%95%e3%82%92%e3%80%82100%e5%b9%b4%e3%81%ae%e6%9c%aa%e6%9d%a5%e3%82%92%e7%94%ba%e6%b0%91","status":"publish","type":"post","link":"https:\/\/portal.hokuryu.info\/pt\/70330\/","title":{"rendered":"Um novo pulso em Himawari no Sato. Criando o futuro de 100 anos junto com os moradores: &quot;Centro de Cria\u00e7\u00e3o do Futuro Wakuwaku (nome provis\u00f3rio)&quot;. Sess\u00e3o informativa para moradores no Centro de Treinamento Biwagyu."},"content":{"rendered":"<p>Quinta-feira, 5 de mar\u00e7o de 2026<\/p>\n<h2>Um novo pulso para Himawari no Sato: Criando um futuro de 100 anos junto com os moradores: Reuni\u00e3o informativa para os residentes do &quot;Centro de Cria\u00e7\u00e3o do Futuro de Wakuwaku (nome provis\u00f3rio)&quot;<\/h2>\n<div class=\"ep-box es-BpaperRight es-grid bgc-VPsky\">A &quot;Vila dos Girass\u00f3is&quot; \u00e9 o orgulho da cidade de Hokuryu, em Hokkaido. No seu cora\u00e7\u00e3o, um novo centro comunit\u00e1rio, o &quot;Centro de Cria\u00e7\u00e3o Futura Wakuwaku (nome provis\u00f3rio)&quot;, est\u00e1 prestes a ser constru\u00eddo, com um olhar voltado para os pr\u00f3ximos 100 anos. A reuni\u00e3o com os moradores, realizada no Centro de Treinamento Mibaushi na ter\u00e7a-feira, 3 de mar\u00e7o, n\u00e3o foi apenas um relat\u00f3rio do projeto; foi um f\u00f3rum inspirador para a cocria\u00e7\u00e3o, onde o &quot;esp\u00edrito de harmonia&quot; e a &quot;compaix\u00e3o&quot; de cada habitante se encontraram. Da acessibilidade para cadeirantes \u00e0 mitiga\u00e7\u00e3o da presen\u00e7a de ursos pardos e ao desenvolvimento de um acampamento, trazemos a voc\u00eas a hist\u00f3ria completa das discuss\u00f5es acaloradas e a hist\u00f3ria dos esfor\u00e7os apaixonados da cidade de Hokuryu para criar uma instala\u00e7\u00e3o amada por pessoas de todas as gera\u00e7\u00f5es.<\/div>\n<p>\u00c0s 18h30 de ter\u00e7a-feira, 3 de mar\u00e7o, o leve aroma da primavera come\u00e7ava a se misturar \u00e0 brisa ainda fria. No Centro de Treinamento de Bovinos Miwa, na cidade de Hokuryu, Hokkaido, cerca de 15 moradores locais estavam reunidos em sil\u00eancio, mas com grande expectativa, apesar de estarem ocupados terminando o trabalho ou se preparando para as atividades agr\u00edcolas da primavera.<\/p>\n<p>Hoje, realizamos uma sess\u00e3o p\u00fablica de informa\u00e7\u00e3o para explicar o projeto b\u00e1sico (esbo\u00e7o) do &quot;Centro de Cria\u00e7\u00e3o do Futuro de Wakuwaku (nome provis\u00f3rio)&quot;, uma nova vis\u00e3o para o futuro da &quot;Vila dos Girass\u00f3is&quot;, um s\u00edmbolo da cidade de Hokuryu que traz sorrisos e entusiasmo a muitas pessoas todos os anos. Participaram representantes da prefeitura o prefeito Yasuhiro Sasaki, o vice-prefeito Masaaki Okuda, o assessor de pol\u00edticas p\u00fablicas Katsuyoshi Takahashi, o chefe da Divis\u00e3o de Ind\u00fastria Junichi Iguchi, o chefe da Divis\u00e3o de Constru\u00e7\u00e3o Masahiro Kawada e o chefe de se\u00e7\u00e3o Yoshihiro Ichiba. A sess\u00e3o de informa\u00e7\u00e3o foi um sucesso estrondoso at\u00e9 as 20h.<\/p>\n<p>Ap\u00f3s este evento, est\u00e1 agendada uma sess\u00e3o p\u00fablica de informa\u00e7\u00e3o no Centro Aomizu Ikigai na quarta-feira, 4 de mar\u00e7o, e no Centro Comunit\u00e1rio na sexta-feira, 6 de mar\u00e7o.<\/p>\n<figure class=\"wp-caption aligncenter\"><a href=\"https:\/\/photos.google.com\/share\/AF1QipOTMje2qzC5N25Xp-TOhAYKyp_VFpFCSH7nfJS537C62rq2jk4-qNREFZ9VDo-aNA\/photo\/AF1QipPpzTnz0hmCVp25ZaTGrvApk3CDubHgGt226jI?key=QUZQcjlvVktUZGVuYmp4TVMtVlN3TkVEcUlOVXFB\" target=\"_blank\"><img decoding=\"async\" src=\"https:\/\/lh3.googleusercontent.com\/pw\/AP1GczPFEn4WM176QM58gN0DycryFul6Vse3RBPbXhl954NM-4-53U0EMR6PyTVS9KjZ4qVZcDlUoIRNGwWURdc3aSfxZ6xVZacgSlS94WqXNANoDrYju4H5jF1Y9GdhPYKOozsW0ap1shXc3oAPLOQerAhP=w2000-h1333-s-no-gm?authuser=0\" width=\"2000\" height=\"1333\" alt=\"Sess\u00e3o Informativa para Moradores do Centro de Cria\u00e7\u00e3o do Futuro de Wakuwaku (nome provis\u00f3rio)\" class=\"size-medium\" \/><\/a><figcaption class=\"wp-caption-text\">Sess\u00e3o Informativa para Moradores do Centro de Cria\u00e7\u00e3o do Futuro de Wakuwaku (nome provis\u00f3rio)<\/figcaption><\/figure>\n<p>Assim que entrei no local, fui recebido pela atmosfera acolhedora que \u00e9 caracter\u00edstica da cidade de Hokuryu. As pessoas se olhavam, trocavam palavras de apre\u00e7o e compartilhavam seus sentimentos ao redor do calor do fog\u00e3o.<\/p>\n<p>Na sociedade atual, onde a efici\u00eancia e a rapidez tendem a ter prioridade, esta cidade pulsa com um profundo &quot;esp\u00edrito de harmonia&quot; que respeita e valoriza o ato das pessoas se reunirem e se encontrarem pessoalmente.<\/p>\n<p>Os moradores da regi\u00e3o de Mibaushi sempre mant\u00eam este centro de treinamento muito limpo e cuidam bem dele, e seu amor pela cidade e orgulho como comunidade s\u00e3o claramente evidentes no local.<\/p>\n<p>O hor\u00e1rio agendado era 18h30.<br \/>\nA reuni\u00e3o come\u00e7ou com uma sauda\u00e7\u00e3o discreta, por\u00e9m impactante, do vice-prefeito Okuda.<\/p>\n<figure class=\"wp-caption aligncenter\"><a href=\"https:\/\/photos.google.com\/share\/AF1QipOTMje2qzC5N25Xp-TOhAYKyp_VFpFCSH7nfJS537C62rq2jk4-qNREFZ9VDo-aNA\/photo\/AF1QipO3GUtDFEup2Wttxd8kGMS5vJOQ3JV7McvrQGA?key=QUZQcjlvVktUZGVuYmp4TVMtVlN3TkVEcUlOVXFB\" target=\"_blank\"><img decoding=\"async\" src=\"https:\/\/lh3.googleusercontent.com\/pw\/AP1GczM6bm6unU4iW19aX86zFsLz7yRQCEgbKJLdIg4J0bzlxff1eTXSEx71fAl1qFvHe-xgHhdr7nrrwaPumzo6dBsgapnFLpNlcBkNFQB6yNoDJUQetOgKm51Qp5iZo6RK0ov4VkopkpWHcAJS_VKy_YJR=w2000-h1333-s-no-gm?authuser=0\" width=\"2000\" height=\"1333\" alt=\"O evento foi moderado pelo vice-prefeito Okuda.\" class=\"size-medium\" \/><\/a><figcaption class=\"wp-caption-text\">O evento foi moderado pelo vice-prefeito Okuda.<\/figcaption><\/figure>\n<h3>Reflex\u00e3o sobre o passado e um compromisso sincero para o futuro.<\/h3>\n<p>O prefeito Sasaki foi o primeiro a pegar o microfone.<\/p>\n<figure class=\"wp-caption aligncenter\"><a href=\"https:\/\/photos.google.com\/share\/AF1QipOTMje2qzC5N25Xp-TOhAYKyp_VFpFCSH7nfJS537C62rq2jk4-qNREFZ9VDo-aNA\/photo\/AF1QipMrAiCXOzXFcsEO57YBGjQ865i9EOETZsAKD8M?key=QUZQcjlvVktUZGVuYmp4TVMtVlN3TkVEcUlOVXFB\" target=\"_blank\"><img decoding=\"async\" src=\"https:\/\/lh3.googleusercontent.com\/pw\/AP1GczMTlGFwh6xItA4P83qqKG4QzA0pv4OyqmF0XSHkKgD_3HlKKrm1KBNMjJ2s6LTLoLxrSd8hV0bXZ5wPJoG7flCglRrbqSeWUspT-0WgV29sEXopQHxkJrVBw8a4l2ffe6ZlIyvO6KRZ-NnisObndDaW=w2000-h1333-s-no-gm?authuser=0\" width=\"2000\" height=\"1333\" alt=\"Sauda\u00e7\u00f5es do Prefeito Sasaki\" class=\"size-medium\" \/><\/a><figcaption class=\"wp-caption-text\">Sauda\u00e7\u00f5es do Prefeito Sasaki<\/figcaption><\/figure>\n<p>&quot;Muito obrigado por dedicarem um tempo de suas agendas lotadas para participar desta reuni\u00e3o informativa sobre o plano b\u00e1sico para o futuro de Himawari no Sato.&quot;<\/p>\n<p>A express\u00e3o do prefeito Sasaki era de profunda confian\u00e7a e carinho pelo povo do distrito de Mibaushi.<\/p>\n<p>&quot;Muito obrigado a todos no distrito de Mibaushi por sempre comparecerem a estas reuni\u00f5es. O distrito de Mibaushi \u00e9 o melhor em colocar em pr\u00e1tica as opini\u00f5es que recebemos de todos no desenvolvimento da cidade. Sempre me impressiona ver todos mantendo este centro de treinamento limpo, e valeu a pena instalar ar-condicionado nele.&quot;<\/p>\n<p>O prefeito Sasaki come\u00e7ou a falar abertamente sobre a ang\u00fastia que sentiu como presidente da c\u00e2mara na \u00e9poca, quando teve que descartar o plano original do mirante.<\/p>\n<p>&quot;Na \u00e9poca, um arquiteto de renome mundial prop\u00f4s a constru\u00e7\u00e3o de um mirante utilizando componentes de madeira, oferecendo 115 milh\u00f5es de ienes. Na ocasi\u00e3o, os moradores da cidade manifestaram preocupa\u00e7\u00e3o com o pre\u00e7o, alegando que era muito alto e que o projeto n\u00e3o se adequava \u00e0 cidade. Por que isso aconteceu? Porque n\u00e3o realizamos reuni\u00f5es explicativas detalhadas. N\u00e3o passamos pelo processo de revis\u00e3o da proposta apresentada com base na opini\u00e3o dos moradores. Essa profunda reflex\u00e3o est\u00e1 na raiz do que aconteceu at\u00e9 agora.&quot;<\/p>\n<p>Os dias em que o governo constru\u00eda pr\u00e9dios unilateralmente acabaram. O prefeito Sasaki falou sobre um compromisso com a &quot;cocria\u00e7\u00e3o&quot;, em que os moradores e o governo atuam como parceiros iguais, preocupando-se juntos, pensando juntos e criando juntos. Essa atitude sincera tornou o ambiente no local ainda mais acolhedor, e sentimos como se estiv\u00e9ssemos todos nos tornando um s\u00f3.<\/p>\n<h3>De 0 a 100 anos. Um lugar onde os &quot;sentimentos&quot; de todas as gera\u00e7\u00f5es se entrela\u00e7am.<\/h3>\n<p>O novo &quot;Centro de Cria\u00e7\u00e3o do Futuro de Wakuwaku&quot; n\u00e3o \u00e9 apenas uma instala\u00e7\u00e3o para turistas. O prefeito apresentou as vozes sinceras dos moradores da cidade de v\u00e1rias gera\u00e7\u00f5es, que ele ouviu ao longo dos \u00faltimos dois anos.<\/p>\n<p>&quot;Desde que me tornei prefeito, tive a oportunidade de conversar com muitas pessoas, desde crian\u00e7as pequenas at\u00e9 alunos do ensino fundamental e m\u00e9dio, e at\u00e9 mesmo adultos. As crian\u00e7as expressaram seu sincero desejo de ter um lugar para brincar mesmo no inverno e um local para passar o tempo.&quot;<\/p>\n<p>Mulheres trabalhadoras entre 20 e 60 anos me pediram conselhos, dizendo: &quot;Eu fa\u00e7o p\u00e3o, acess\u00f3rios e design com todo o meu cora\u00e7\u00e3o e alma. Existe alguma maneira de transformar isso em um neg\u00f3cio? Existe algum lugar onde eu possa tentar?&quot;<\/p>\n<p>E ent\u00e3o havia os idosos, na faixa dos 70 e 80 anos. S\u00e3o pessoas que se orgulham de terem constru\u00eddo a Vila dos Girass\u00f3is com as pr\u00f3prias m\u00e3os ao longo de incr\u00edveis 40 anos, e me fizeram uma pergunta apaixonada e dif\u00edcil: &#039;O que vamos fazer com a Vila dos Girass\u00f3is, que \u00e9 uma das principais atra\u00e7\u00f5es da cidade de Hokuryu, no futuro?&#039;&quot;<\/p>\n<p>Como as esperan\u00e7as, o orgulho e as ora\u00e7\u00f5es de todos os habitantes da cidade, do nascimento aos 100 anos de idade, podem ser reunidas em um s\u00f3 lugar? A resposta da cidade de Hokuryu para essa enorme quest\u00e3o \u00e9 o &quot;Centro de Cria\u00e7\u00e3o de Futuros Emocionantes&quot; (nome provis\u00f3rio).<\/p>\n<p>&quot;N\u00e3o se trata de uma reconstru\u00e7\u00e3o do centro tur\u00edstico existente. Pensem nisso como uma instala\u00e7\u00e3o completamente nova para os moradores da cidade. Queremos que todos a utilizem livremente e \u00e0 vontade durante as quatro esta\u00e7\u00f5es do ano. Tamb\u00e9m queremos criar um sistema que nos beneficie e nos permita gerar receita.&quot;<\/p>\n<p>As palavras do prefeito estavam repletas de um amor inabal\u00e1vel e altru\u00edsta, e de um desejo de enriquecer a vida de cada um dos moradores.<\/p>\n<h3>Um futuro sustent\u00e1vel constru\u00eddo sobre &quot;poder de ganho&quot; e &quot;uso durante todo o ano&quot;.<\/h3>\n<figure class=\"wp-caption aligncenter\"><a href=\"https:\/\/photos.google.com\/share\/AF1QipOTMje2qzC5N25Xp-TOhAYKyp_VFpFCSH7nfJS537C62rq2jk4-qNREFZ9VDo-aNA\/photo\/AF1QipM0JBzZGrtor-vcXp0EkMOcGf12M4sRTqSB4ws?key=QUZQcjlvVktUZGVuYmp4TVMtVlN3TkVEcUlOVXFB\" target=\"_blank\"><img decoding=\"async\" src=\"https:\/\/lh3.googleusercontent.com\/pw\/AP1GczN0phkNwPCc5ettYmIhlPzvMDf_dRzkYKjk4s4foNYbzOVRxqIFYTy4JXwv1aGtbz6GXCnPmOgNxgzi4cab1iSoY8v9JYEsfot6m9KjtIrKkgV7X258t_5icAru3f8t7vHCFWuMg8uNKHmJwmYXOQ74=w2000-h1333-s-no-gm?authuser=0\" width=\"2000\" height=\"1333\" alt=\"Vis\u00e3o geral do Diretor Geral Takahashi\" class=\"size-medium\" \/><\/a><figcaption class=\"wp-caption-text\">Vis\u00e3o geral do Diretor Geral Takahashi<\/figcaption><\/figure>\n<p>Em seguida, o Diretor-Geral de Pol\u00edticas, Takahashi, falou sobre o conceito espec\u00edfico da instala\u00e7\u00e3o.<\/p>\n<ol>\n<li>Hist\u00f3rico, iniciativas relacionadas e planos futuros<\/li>\n<li>Vis\u00e3o geral e caracter\u00edsticas das instala\u00e7\u00f5es<\/li>\n<li>Imagem de como o espa\u00e7o ser\u00e1 utilizado ap\u00f3s a reforma.<\/li>\n<li>Projeto de estudo de modelo de monetiza\u00e7\u00e3o<\/li>\n<\/ol>\n<figure class=\"wp-caption aligncenter\"><a href=\"https:\/\/photos.google.com\/share\/AF1QipOTMje2qzC5N25Xp-TOhAYKyp_VFpFCSH7nfJS537C62rq2jk4-qNREFZ9VDo-aNA\/photo\/AF1QipNVDnI7fBZlSZZJDNN1CVN9rMXpp-UgOFqhv1s?key=QUZQcjlvVktUZGVuYmp4TVMtVlN3TkVEcUlOVXFB\" target=\"_blank\"><img decoding=\"async\" src=\"https:\/\/lh3.googleusercontent.com\/pw\/AP1GczOutx2CEP-Mn-veDl-zADby1uoHhe8t4ik2DrJo_2XeUIZ88020bJwVOPunjnXRTb5eZh6smXB3Rg0uHNjQVXpqfzrYdIW_Ilx9JlWSLnCAPiBeHVTTIyuq_nVt6WzXDssZbjUpTFN3FzDbRzfdyzw2=w2646-h1870-s-no-gm?authuser=0\" width=\"2000\" height=\"1333\" alt=\"Hist\u00f3rico, iniciativas relacionadas e planos futuros\" class=\"size-medium\" style=\"border:solid 1px gray\"\/><figcaption class=\"wp-caption-text\">Hist\u00f3rico, iniciativas relacionadas e planos futuros<\/a><\/figcaption><\/figure>\n<p>Esta \u00e9 uma vis\u00e3o poderosa que desafia a ideia convencional de que o local s\u00f3 est\u00e1 movimentado durante a \u00e9poca dos girass\u00f3is, com o objetivo de se tornar um espa\u00e7o que possa ser usado o ano todo, onde as pessoas possam se reunir, aprender e enfrentar novos desafios durante todo o ano.<\/p>\n<p>O espa\u00e7o n\u00e3o s\u00f3 oferecer\u00e1 um local confort\u00e1vel para hospedagem, como tamb\u00e9m contar\u00e1 com espa\u00e7o para venda de alimentos, bebidas e mercadorias, al\u00e9m de funcionar como um &quot;laborat\u00f3rio criativo&quot; onde as pessoas poder\u00e3o interagir com indiv\u00edduos e especialistas.<\/p>\n<p>&quot;Nosso projeto foi selecionado para receber a Subven\u00e7\u00e3o para o Desenvolvimento do Novo Centro de Revitaliza\u00e7\u00e3o Regional do governo nacional. O ponto crucial na avalia\u00e7\u00e3o do governo foi que ele n\u00e3o seria igual a uma instala\u00e7\u00e3o j\u00e1 existente, mas sim criaria um espa\u00e7o e um sistema onde crian\u00e7as e adultos pudessem enfrentar novos desafios, com a coopera\u00e7\u00e3o dos moradores da cidade e das popula\u00e7\u00f5es relacionadas.&quot;<\/p>\n<figure class=\"wp-caption aligncenter\"><a href=\"https:\/\/photos.google.com\/share\/AF1QipOTMje2qzC5N25Xp-TOhAYKyp_VFpFCSH7nfJS537C62rq2jk4-qNREFZ9VDo-aNA\/photo\/AF1QipNIEjYv8A79oCngs5nDkZpfSkJ0KxNZ8YX7VLs?key=QUZQcjlvVktUZGVuYmp4TVMtVlN3TkVEcUlOVXFB\" target=\"_blank\"><img decoding=\"async\" src=\"https:\/\/lh3.googleusercontent.com\/pw\/AP1GczMhJdPeS3soVGRzPkskEDWqbNSg8kN8lTGCagDCjTfBTNxCIt153xYWVcnZxnHZJMN4fSFs-OV9B81cLcehRMR1UbJPfHX8x-aVAu-zfz-jhor0ZULWRwMidWkNXJNt8IhhNEtTT14gNWr680aMxeWO=w2646-h1870-s-no-gm?authuser=0\" width=\"2000\" height=\"1333\" alt=\"Projeto para examinar cen\u00e1rios de uso e modelos de monetiza\u00e7\u00e3o\" class=\"size-medium\" style=\"border:solid 1px gray\"\/><figcaption class=\"wp-caption-text\">Projeto para examinar cen\u00e1rios de uso e modelos de monetiza\u00e7\u00e3o<\/a><\/figcaption><\/figure>\n<p>&quot;Nos fins de semana de inverno, criaremos um sistema para atrair turistas, incluindo turistas estrangeiros, que buscam atividades nos campos de neve. Teremos carne de ca\u00e7a, um bar subterr\u00e2neo na neve, um mercado de artesanato regular e um concurso de planos de neg\u00f3cios para produtos agr\u00edcolas processados. Tamb\u00e9m ser\u00e1 um local onde alunos do ensino fundamental e m\u00e9dio poder\u00e3o iniciar seus pr\u00f3prios neg\u00f3cios e se conectar com o mundo online.&quot;<\/p>\n<p>Jovens funcion\u00e1rios, empresas privadas e moradores da cidade j\u00e1 est\u00e3o trabalhando juntos para considerar modelos de monetiza\u00e7\u00e3o para a Floresta de Nonno. Jovens funcion\u00e1rios da Toyota Tsusho, jovens moradores da cidade e jovens funcion\u00e1rios da prefeitura est\u00e3o colaborando no planejamento de eventos, e ideias como passeios de bal\u00e3o de ar quente no inverno e trilhas na floresta j\u00e1 surgiram.<\/p>\n<p>Al\u00e9m disso, em um mercado de artesanato em colabora\u00e7\u00e3o com a Creema, trouxemos recursos locais muitas vezes negligenciados, como chifres de veado, \u00f3leo e couro, e tivemos a grata surpresa de descobrir que todos se esgotaram.<\/p>\n<p>&quot;\u00c9 um lugar onde qualquer pessoa, tanto crian\u00e7as quanto adultos, pode enfrentar novos desafios. \u00c9 uma instala\u00e7\u00e3o que aumentar\u00e1 o n\u00famero de pessoas envolvidas, criar\u00e1 novos neg\u00f3cios, gerar\u00e1 divisas e se tornar\u00e1 um motor para a cidade.&quot;<\/p>\n<p>As vozes dos respons\u00e1veis eram permeadas por um forte senso de miss\u00e3o: enviar um novo modelo de esperan\u00e7a da cidade de Hokuryu em resposta ao problema nacional do despovoamento das \u00e1reas rurais. Em vez de simplesmente construir uma instala\u00e7\u00e3o, eles a revitalizam e criam um ciclo autossustent\u00e1vel para a economia local. Essa \u00e9 a maior preocupa\u00e7\u00e3o para a pr\u00f3xima gera\u00e7\u00e3o.<\/p>\n<h3>Arquitetura que se integra \u00e0 natureza: um &quot;t\u00fanel de luz&quot; que leva a um mar de girass\u00f3is.<\/h3>\n<p>Al\u00e9m disso, o Sr. Iguchi, Diretor da Divis\u00e3o Industrial, explicou o esbo\u00e7o do desenvolvimento do Centro de Cria\u00e7\u00e3o do Futuro de Wakuwaku, o plano de desenvolvimento proposto, o plano de desenvolvimento proposto para o projeto Nonno no Mori, os custos estimados do projeto e uma simula\u00e7\u00e3o de reembolso.<\/p>\n<figure class=\"wp-caption aligncenter\"><a href=\"https:\/\/photos.google.com\/share\/AF1QipOTMje2qzC5N25Xp-TOhAYKyp_VFpFCSH7nfJS537C62rq2jk4-qNREFZ9VDo-aNA\/photo\/AF1QipOwwG6tC8HL74sXmopafTCUKIUVOyDxRJuLsOY?key=QUZQcjlvVktUZGVuYmp4TVMtVlN3TkVEcUlOVXFB\" target=\"_blank\"><img decoding=\"async\" src=\"https:\/\/lh3.googleusercontent.com\/pw\/AP1GczPP5Uc-n9Uxz31yGvbn_FTgwk8AeevI7iJLUmUTmzS9kvVU-GHiJ59jKJtYblGvOGZyiU8USaFqyHbtztdNS-djyO18UwL5LjjDRQzzF4DDX1xmxKV-dlhbzbxssOOeAMZZlsfdafCPtsZBhYxsACZ_=w2000-h1333-s-no-gm?authuser=0\" width=\"2000\" height=\"1333\" alt=\"Divis\u00e3o Industrial, Chefe de Se\u00e7\u00e3o Iguchi\" class=\"size-medium\" \/><\/a><figcaption class=\"wp-caption-text\">Divis\u00e3o Industrial, Chefe de Se\u00e7\u00e3o Iguchi<\/figcaption><\/figure>\n<p>Os olhos de todos na plateia estavam fixos no desenho em perspectiva (representa\u00e7\u00e3o impl\u00edcita) do projeto b\u00e1sico apresentado nos materiais.<\/p>\n<figure class=\"wp-caption aligncenter\"><a href=\"https:\/\/photos.google.com\/share\/AF1QipOTMje2qzC5N25Xp-TOhAYKyp_VFpFCSH7nfJS537C62rq2jk4-qNREFZ9VDo-aNA\/photo\/AF1QipMlPgmVYfSOy5JFqM4Blow09eQH8NhqhWI5AWA?key=QUZQcjlvVktUZGVuYmp4TVMtVlN3TkVEcUlOVXFB\" target=\"_blank\"><img decoding=\"async\" src=\"https:\/\/lh3.googleusercontent.com\/pw\/AP1GczN9Uo8kLhePHLxXkHcsUoYZ49AeJwskNO8gTqLRnUx1YYRb5bH7dlln4P5yPGbZ6O9jbCc_yJS2GmNmSA60ICmWzYqXMgHVhXGue9xkX9XXFooHVop-a1yoiJnDf4T-sSSz4h9ES54DTqPuOf2MroE4=w2000-h1333-s-no-gm?authuser=0\" width=\"2000\" height=\"1333\" alt=\"Imagem finalizada\" class=\"size-medium\" \/><\/a><figcaption class=\"wp-caption-text\">Imagem finalizada<\/figcaption><\/figure>\n<p>As instala\u00e7\u00f5es ficar\u00e3o localizadas mais perto da Floresta de Nonno do que o atual centro tur\u00edstico.<\/p>\n<figure class=\"wp-caption aligncenter\"><a href=\"https:\/\/photos.google.com\/share\/AF1QipOTMje2qzC5N25Xp-TOhAYKyp_VFpFCSH7nfJS537C62rq2jk4-qNREFZ9VDo-aNA\/photo\/AF1QipNESUkqdiHtWpE_M5Uwagfbg2FBlfoyQRXIrm4?key=QUZQcjlvVktUZGVuYmp4TVMtVlN3TkVEcUlOVXFB\" target=\"_blank\"><img decoding=\"async\" src=\"https:\/\/lh3.googleusercontent.com\/pw\/AP1GczP5p5PgVjLplE9_Jk5YLpD4A5R_wKO2gb4ZaUcqtqOgTc1bxF61zYR9B3F_bxuxX7k_44_ipA5b6S1CXHO3Q8t5N2403M3tDTooWcuyZqW03HKujDFvofH-zvnZ3b9vkB7FAUzIrNgPLIBSk-q4mnRs=w2646-h1870-s-no-gm?authuser=0\" width=\"2000\" height=\"1333\" alt=\"Desenvolvimento da \u00e1rea ao redor do Centro de Cria\u00e7\u00e3o Futura de Wakuwaku (nome provis\u00f3rio)\" class=\"size-medium\" style=\"border:solid 1px gray\"\/><figcaption class=\"wp-caption-text\">Desenvolvimento da \u00e1rea ao redor do Centro de Cria\u00e7\u00e3o Futura de Wakuwaku (nome provis\u00f3rio)<\/a><\/figcaption><\/figure>\n<p>A caracter\u00edstica mais emblem\u00e1tica \u00e9 o seu belo design aerodin\u00e2mico, que se integra perfeitamente \u00e0 suave inclina\u00e7\u00e3o da estrada de terra. A entrada do edif\u00edcio foi cuidadosamente projetada para ficar voltada para a frente, e uma delicada escadaria acompanha a inclina\u00e7\u00e3o do telhado. Do terra\u00e7o, pode-se desfrutar de uma vista panor\u00e2mica dos vastos campos de girass\u00f3is e das montanhas banhadas pelo p\u00f4r do sol.<\/p>\n<figure class=\"wp-caption aligncenter\"><a href=\"https:\/\/photos.google.com\/share\/AF1QipOTMje2qzC5N25Xp-TOhAYKyp_VFpFCSH7nfJS537C62rq2jk4-qNREFZ9VDo-aNA\/photo\/AF1QipPTlFC31RuerxwZsNga-99-wCS6c58L0xjG_jM?key=QUZQcjlvVktUZGVuYmp4TVMtVlN3TkVEcUlOVXFB\" target=\"_blank\"><img decoding=\"async\" src=\"https:\/\/lh3.googleusercontent.com\/pw\/AP1GczPTbdsnQ-VFElzdVJPOZ2urg6IieIecTy6_xtSAbn1yTXN2QOiFuLaeb_x1l1vQyF1tLllnLZ7fFTVZeQXuInKDEB4M7gBpjAZbjR8eqSxrxxhW7nTly3Jm1rThsvSFc8g3LvVNKqRVNLZE2to7KwaX=w2646-h1870-s-no-gm?authuser=0\" width=\"2000\" height=\"1333\" alt=\"Vista geral do edif\u00edcio&quot;\" class=\"size-medium\" style=\"border:solid 1px gray\"\/><figcaption class=\"wp-caption-text\">Vista geral do edif\u00edcio<\/a><\/figcaption><\/figure>\n<p>O que conquistou o cora\u00e7\u00e3o de muitas pessoas foi o &quot;t\u00fanel&quot; que se estende do primeiro andar at\u00e9 o campo de girass\u00f3is.<\/p>\n<figure class=\"wp-caption aligncenter\"><a href=\"https:\/\/photos.google.com\/share\/AF1QipOTMje2qzC5N25Xp-TOhAYKyp_VFpFCSH7nfJS537C62rq2jk4-qNREFZ9VDo-aNA\/photo\/AF1QipNLF3-08q4TldQEfjBY9ZSzgPEjoHytFcEOkdI?key=QUZQcjlvVktUZGVuYmp4TVMtVlN3TkVEcUlOVXFB\" target=\"_blank\"><img decoding=\"async\" src=\"https:\/\/lh3.googleusercontent.com\/pw\/AP1GczMa2MUMrFQzajGxaVi0LHi1K0a2CYpauGc8mWW0YQJPxmlQtaSpIfDoAJe7ZPg0ukFXanlDELyOC-oH2MhiBQgtam4_C3SsWaK-4wtsj27VBa1w65f-PVhd9ECB7GISUppXSixc512M_5lyqvDRreD4=w2646-h1870-s-no-gm?authuser=0\" width=\"2000\" height=\"1333\" alt=\"Realidade virtual do edif\u00edcio visto do t\u00fanel.\" class=\"size-medium\" style=\"border:solid 1px gray\"\/><figcaption class=\"wp-caption-text\">Realidade virtual do edif\u00edcio visto do t\u00fanel.<\/a><\/figcaption><\/figure>\n<p>Ap\u00f3s atravessar um t\u00fanel de concreto tranquilo, dois milh\u00f5es de girass\u00f3is dourados se espalham repentinamente diante dos seus olhos, preenchendo todo o seu campo de vis\u00e3o. Essa apresenta\u00e7\u00e3o espacial impactante certamente deixar\u00e1 uma impress\u00e3o avassaladora nos visitantes.<\/p>\n<p>\u00c9 como se a pr\u00f3pria imagem da cidade de Hokuryu estivesse emergindo do t\u00fanel de sua hist\u00f3ria honesta e caminhando em dire\u00e7\u00e3o a um futuro brilhante.<\/p>\n<figure class=\"wp-caption aligncenter\"><a href=\"https:\/\/photos.google.com\/share\/AF1QipOTMje2qzC5N25Xp-TOhAYKyp_VFpFCSH7nfJS537C62rq2jk4-qNREFZ9VDo-aNA\/photo\/AF1QipOhvrHlqbojC6vz2As8kwWWSjI7s0vyNL8qSMk?key=QUZQcjlvVktUZGVuYmp4TVMtVlN3TkVEcUlOVXFB\" target=\"_blank\"><img decoding=\"async\" src=\"https:\/\/lh3.googleusercontent.com\/pw\/AP1GczOyhVwAoDFIo1pg7qWPJx_mEUL5bf5x9iU8EsatAgBDUf013vjfUSl08FNCknDTFfneoKTkv-6vHIgp3W3SNXyGIYe4iXPd_gpR3vgn37SQHvsidWrJ3tXM9iwNkvGhuTYnp3x_HyaD1kk17l-9xNQB=w2754-h1536-s-no-gm?authuser=0\" width=\"2000\" height=\"1333\" alt=\"Uma imagem conceitual criada pelo operador do Portal da Cidade de Hokuryu em colabora\u00e7\u00e3o com IA.\" class=\"size-medium\" style=\"border:solid 1px gray\"\/><figcaption class=\"wp-caption-text\">Uma imagem conceitual criada pelo operador do Portal da Cidade de Hokuryu em colabora\u00e7\u00e3o com IA.<\/a><\/figcaption><\/figure>\n<p>O segundo andar abriga um &quot;laborat\u00f3rio aberto&quot; e salas privativas para atividades, proporcionando um espa\u00e7o amplo e aberto onde as pessoas podem realizar reuni\u00f5es e trabalhar enquanto apreciam a vista dos campos de girass\u00f3is.<\/p>\n<figure class=\"wp-caption aligncenter\"><a href=\"https:\/\/photos.google.com\/share\/AF1QipOTMje2qzC5N25Xp-TOhAYKyp_VFpFCSH7nfJS537C62rq2jk4-qNREFZ9VDo-aNA\/photo\/AF1QipPyD-kWT6Om_iF8fFima11iTuBi4Jc4VF-a6f0?key=QUZQcjlvVktUZGVuYmp4TVMtVlN3TkVEcUlOVXFB\" target=\"_blank\"><img decoding=\"async\" src=\"https:\/\/lh3.googleusercontent.com\/pw\/AP1GczM_rD0Crsufdd77bUNMGBALMbtC89eYYwQrEcguDCBy4bX8CFRQG1w6NF6g9XpxeXXWyLmG6qQHWeKlNH4GtvJArBCdcnQbIg3tTrGmcLdWvfGDvdQf1B9UgpgsJ7pGcZ5W3dNvHQsH2tZh5gpwO_RW=w2646-h1870-s-no-gm?authuser=0\" width=\"2000\" height=\"1333\" alt=\"configura\u00e7\u00e3o espacial\" class=\"size-medium\" style=\"border:solid 1px gray\"\/><figcaption class=\"wp-caption-text\">configura\u00e7\u00e3o espacial<\/a><\/figcaption><\/figure>\n<p>Al\u00e9m da beleza exterior, o &quot;design orientado para as pessoas&quot;, que busca o conforto daqueles que ali passam tempo, \u00e9 evidente em todos os cantos.<\/p>\n<figure class=\"wp-caption aligncenter\"><a href=\"https:\/\/photos.google.com\/share\/AF1QipOTMje2qzC5N25Xp-TOhAYKyp_VFpFCSH7nfJS537C62rq2jk4-qNREFZ9VDo-aNA\/photo\/AF1QipOAtov2wRPEnSymMOhuFKm61bn3Zo6r-qlaiQI?key=QUZQcjlvVktUZGVuYmp4TVMtVlN3TkVEcUlOVXFB\" target=\"_blank\"><img decoding=\"async\" src=\"https:\/\/lh3.googleusercontent.com\/pw\/AP1GczOWcZwYg0cHt1CRCrlmCVBQzugXDk2XlscEuwiRNoJiA8fm9JpMdRRyreiBGC13YLJIlBmbZYnOGhMu86hytkaCJYfLjlQPaAGvH8XZ4HUObGe8NH7wXKxTYsAq71BsYl2qg8cgcErRXHuLYxLaARfC=w2646-h1870-s-no-gm?authuser=0\" width=\"2000\" height=\"1333\" alt=\"Exterior sudeste\" class=\"size-medium\" style=\"border:solid 1px gray\"\/><figcaption class=\"wp-caption-text\">Exterior sudeste<\/a><\/figcaption><\/figure>\n<p>Al\u00e9m disso, a atual &quot;Floresta Nonno&quot; tamb\u00e9m passar\u00e1 por uma grande transforma\u00e7\u00e3o.<\/p>\n<figure class=\"wp-caption aligncenter\"><a href=\"https:\/\/photos.google.com\/share\/AF1QipOTMje2qzC5N25Xp-TOhAYKyp_VFpFCSH7nfJS537C62rq2jk4-qNREFZ9VDo-aNA\/photo\/AF1QipPI2HmpiA1mY5vhNFFNdpQVXE_cHadcpu9hSXA?key=QUZQcjlvVktUZGVuYmp4TVMtVlN3TkVEcUlOVXFB\" target=\"_blank\"><img decoding=\"async\" src=\"https:\/\/lh3.googleusercontent.com\/pw\/AP1GczOXFAjGyp5eyAmfotsLxFGH-enxm_bUHPXoZuQzreZsspOc2EI2c9FV_q_h9ZtxtQzmloAhCKsAQQLixcNDigC_IB_zLX8HOsYpMSTrVPePSflqngZSj_JishKMuVmMrzYC02yWapgVrn0lYSNc-Pw8=w2646-h1870-s-no-gm?authuser=0\" width=\"2000\" height=\"1333\" alt=\"Exemplo de uso durante um evento\" class=\"size-medium\" style=\"border:solid 1px gray\"\/><figcaption class=\"wp-caption-text\">Exemplo de uso durante um evento<\/a><\/figcaption><\/figure>\n<p>O objetivo \u00e9 criar um espa\u00e7o acolhedor onde as fam\u00edlias possam permanecer por longos per\u00edodos, com um amplo jardim em formato de flor, uma pra\u00e7a com \u00e1gua, um escorregador em fita onde as crian\u00e7as podem brincar com seguran\u00e7a e um carrinho de brinquedo com equipamentos para alugar gratuitamente.<\/p>\n<h3>Um di\u00e1logo acalorado onde a sabedoria e o amor dos habitantes da cidade se cruzam.<\/h3>\n<p>Ap\u00f3s a explica\u00e7\u00e3o detalhada do governo, as m\u00e3os come\u00e7aram a se levantar uma ap\u00f3s a outra na plateia, e uma discuss\u00e3o acalorada teve in\u00edcio, ultrapassando o tempo previsto.<\/p>\n<p>Essas n\u00e3o eram apenas perguntas ou cr\u00edticas, mas uma express\u00e3o do forte senso de pertencimento dos moradores da cidade, que desejavam tornar suas instala\u00e7\u00f5es ainda melhores.<\/p>\n<p>Aqui, registraremos cada pergunta e resposta em detalhes e desvendaremos o esp\u00edrito da cidade de Hokuryu que est\u00e1 contido nelas.<\/p>\n<figure class=\"wp-caption aligncenter\"><a href=\"https:\/\/photos.google.com\/share\/AF1QipOTMje2qzC5N25Xp-TOhAYKyp_VFpFCSH7nfJS537C62rq2jk4-qNREFZ9VDo-aNA\/photo\/AF1QipOf1kHYjSvMCJIov0MD3w5XV_qTEv_m1JpcOIU?key=QUZQcjlvVktUZGVuYmp4TVMtVlN3TkVEcUlOVXFB\" target=\"_blank\"><img decoding=\"async\" src=\"https:\/\/lh3.googleusercontent.com\/pw\/AP1GczPlc_VmizM9PI3cXCXQBPV3aGKmmDPUo3figBY-sLccTRrSfkK-kdilSNlDTEk8m1YTHYz9cRo45R-jitFINL713kb6f37ObCw-PBdTXdDztM3S-iybmJAhbsEurzZT61-q9GkFxdPMcMKKtNei3S3s=w2000-h1333-s-no-gm?authuser=0\" width=\"2000\" height=\"1333\" alt=\"Perguntas e Respostas\" class=\"size-medium\" \/><\/a><figcaption class=\"wp-caption-text\">Perguntas e Respostas<\/figcaption><\/figure>\n<h4>Acessibilidade para cadeirantes, taxas de entrada e estacionamento<\/h4>\n<p>As palavras do primeiro morador da cidade a levantar a m\u00e3o foram surpreendentes.<\/p>\n<blockquote><p><strong>moradores da cidade<\/strong>&quot;Analisei o desenho em perspectiva para usu\u00e1rios de cadeira de rodas na p\u00e1gina 20. No entanto, o local \u00e9 cheio de escadas, ent\u00e3o n\u00e3o acho que um usu\u00e1rio de cadeira de rodas conseguiria chegar ao mirante no topo. Tenho certeza de que as pessoas gostariam muito de apreciar a paisagem, que \u00e9 o charme de uma cidade rural, l\u00e1 de cima. Nos dias de hoje, se vamos construir um mirante, acho importante adicionar uma rampa para que mesmo idosos e pessoas em cadeiras de rodas possam chegar ao topo.&quot;<\/p>\n<p><strong>gerente<\/strong>&quot;Recebemos pareceres do Conselho de Revitaliza\u00e7\u00e3o e, basicamente, viabilizamos o acesso de elevador, seguido por uma rampa, passando pelo terra\u00e7o externo e chegando at\u00e9 o final do mirante. No entanto, existem alguns trechos \u00edngremes do outro lado do telhado, o que dificulta o acesso, mas incorporamos solu\u00e7\u00f5es para que as pessoas possam aproveitar a Vila dos Girass\u00f3is.&quot;<\/p><\/blockquote>\n<figure class=\"wp-caption aligncenter\"><a href=\"https:\/\/photos.google.com\/share\/AF1QipOTMje2qzC5N25Xp-TOhAYKyp_VFpFCSH7nfJS537C62rq2jk4-qNREFZ9VDo-aNA\/photo\/AF1QipNzcj_hqH6u8kdWJJ8XnFzmpyJjz7ukX5qHyZ0?key=QUZQcjlvVktUZGVuYmp4TVMtVlN3TkVEcUlOVXFB\" target=\"_blank\"><img decoding=\"async\" src=\"https:\/\/lh3.googleusercontent.com\/pw\/AP1GczPfJqma8CwHTNOnwKXfznLO0ICObPa5uLSQItUkIm0GO_gXui7xxwMSCoBmXVlZDedVfuPE00nIQ3HM-I1eHjBTpQBUm-xA9pEglLeW2_2DgIpT71K5KxPdhyI_VjfNjMtomcYx2FMQHWVgl9n1pHYr=w2646-h1870-s-no-gm?authuser=0\" width=\"2000\" height=\"1333\" alt=\"Vista interior voltada para o t\u00fanel (lado oeste)\" class=\"size-medium\" style=\"border:solid 1px gray\" \/><figcaption class=\"wp-caption-text\">Vista interior voltada para o t\u00fanel (lado oeste)<\/a><\/figcaption><\/figure>\n<figure class=\"wp-caption aligncenter\"><a href=\"https:\/\/photos.google.com\/share\/AF1QipOTMje2qzC5N25Xp-TOhAYKyp_VFpFCSH7nfJS537C62rq2jk4-qNREFZ9VDo-aNA\/photo\/AF1QipOor1aQ3redF1Xh7qm1JsqcezP9og_gn4qcUNY?key=QUZQcjlvVktUZGVuYmp4TVMtVlN3TkVEcUlOVXFB\" target=\"_blank\"><img decoding=\"async\" src=\"https:\/\/lh3.googleusercontent.com\/pw\/AP1GczPZNVCOCrqt45TJ3TwooI0LgP6XRECqk5utuM5gz4W1H_iVf-g3sFd4PaP_aPw2p04bZ9kgjY6dKJ_9zWVfjCi7hpXT6zZgNtgf7QY2k4d3HBbuW0o0GqdJSBfu6OZ0ttZCVAKFTTYHmacoQri5j4vD=w2646-h1870-s-no-gm?authuser=0\" width=\"2000\" height=\"1333\" alt=\"Planta do segundo andar e planta do telhado\" class=\"size-medium\" style=\"border:solid 1px gray\" \/><figcaption class=\"wp-caption-text\">Planta do segundo andar e planta do telhado<\/a><\/figcaption><\/figure>\n<blockquote><p><strong>moradores da cidade<\/strong>&quot;Temos que pagar a taxa de entrada ao entrarmos no centro de informa\u00e7\u00f5es tur\u00edsticas?&quot;<\/p>\n<p><strong>gerente<\/strong>&quot;Sim. Atualmente, estamos avaliando se cobraremos na entrada ou dentro do parque, mas exigiremos que as pessoas paguem para entrar e instalaremos um local para a cobran\u00e7a, garantindo que ningu\u00e9m fique de fora. Planejamos tornar o estacionamento gratuito novamente e limitar a cobran\u00e7a apenas ao valor da entrada.&quot;<\/p><\/blockquote>\n<p>Nessa troca de experi\u00eancias, pude perceber a verdadeira ess\u00eancia da cidade de Hokuryu. Queremos criar um lugar onde todos, n\u00e3o apenas pessoas sem defici\u00eancia, mas tamb\u00e9m idosos com defici\u00eancia e outros, possam desfrutar da mesma paisagem e compartilhar as mesmas emo\u00e7\u00f5es.<\/p>\n<p>As palavras dos moradores expressam um profundo sentimento de compaix\u00e3o: &quot;Ningu\u00e9m ser\u00e1 deixado para tr\u00e1s&quot;. O governo local levou isso a s\u00e9rio e incorporou essa ideia ao projeto das instala\u00e7\u00f5es, transmitindo a impress\u00e3o de uma rela\u00e7\u00e3o de confian\u00e7a e cordialidade.<\/p>\n<h4>Proposta para uma base de energia natural e preven\u00e7\u00e3o de desastres<\/h4>\n<p>Al\u00e9m disso, foram apresentadas propostas relativas \u00e0 utiliza\u00e7\u00e3o de energia natural com vistas ao futuro.<\/p>\n<figure class=\"wp-caption aligncenter\"><a href=\"https:\/\/photos.google.com\/share\/AF1QipOTMje2qzC5N25Xp-TOhAYKyp_VFpFCSH7nfJS537C62rq2jk4-qNREFZ9VDo-aNA\/photo\/AF1QipP_-NmsVhHMNye9xN_85kpIWnvvzivTGlFyPWI?key=QUZQcjlvVktUZGVuYmp4TVMtVlN3TkVEcUlOVXFB\" target=\"_blank\"><img decoding=\"async\" src=\"https:\/\/lh3.googleusercontent.com\/pw\/AP1GczOa1l9pAT9NeNiJKUX-cuYzF0jjEM3pARBKN8Cm19iFPPcF698oOUfv7bQPREdDTThBHAX30Z-rVdmoptxTatwDHzpGhekPJZfRkIUOqN-jWk8_k2Z5ak1icxdOWWIUTqeAvJbq_IttgJaXdGbtVfZe=w2000-h1333-s-no-gm?authuser=0\" width=\"2000\" height=\"1333\" alt=\"Energia renov\u00e1vel para o futuro\" class=\"size-medium\" \/><\/a><figcaption class=\"wp-caption-text\">Energia renov\u00e1vel para o futuro<\/figcaption><\/figure>\n<blockquote><p><strong>moradores da cidade<\/strong>&quot;Se vamos construir algo completamente novo, n\u00e3o dever\u00edamos instalar pain\u00e9is solares e baterias de armazenamento em vez de usar a eletricidade existente? \u00c9 uma instala\u00e7\u00e3o t\u00e3o grande, ent\u00e3o deve haver bastante espa\u00e7o. Dada a atual situa\u00e7\u00e3o energ\u00e9tica cr\u00edtica, seria \u00f3timo se pud\u00e9ssemos armazenar e fornecer eletricidade de forma est\u00e1vel. A energia solar \u00e9 importante em tempos de desastres e outros problemas. Pode custar um pouco de dinheiro, mas seria bom divulgar o fato de que estamos usando eletricidade gerada a partir da luz natural.&quot;<\/p>\n<p><strong>Prefeito<\/strong>&quot;Essa \u00e9 uma opini\u00e3o muito valiosa. O local de constru\u00e7\u00e3o planejado fica no ponto mais alto da cidade de Hokuryu. Por esse motivo, estamos prevendo essa instala\u00e7\u00e3o tamb\u00e9m como uma base de preven\u00e7\u00e3o de desastres. Analisaremos cuidadosamente, separadamente, se podemos obter subs\u00eddios para o investimento de capital como base de preven\u00e7\u00e3o de desastres e como instalar pain\u00e9is solares sem comprometer o projeto.&quot;<\/p><\/blockquote>\n<p>Esta declara\u00e7\u00e3o tamb\u00e9m reflete a filosofia de &quot;coexist\u00eancia com a natureza&quot; que a cidade de Hokuryu sempre prezou.<\/p>\n<p>Ao mesmo tempo que preservava a bela paisagem natural, o local aproveitaria a energia solar e se tornaria uma fortaleza para proteger a vida dos moradores em caso de emerg\u00eancia. O prefeito aceitou a proposta imediatamente e, quando falou sobre o potencial do local como base de preven\u00e7\u00e3o de desastres, senti a confiabilidade de como os planos podem evoluir por meio do di\u00e1logo.<\/p>\n<h4>Atividades de inverno na neve<\/h4>\n<p>Tamb\u00e9m surgiram muitas ideias espec\u00edficas sobre como utilizar o espa\u00e7o no inverno.<\/p>\n<blockquote><p><strong>moradores da cidade<\/strong>&quot;H\u00e1 planos para um mercado de alimentos de inverno, mas isso significar\u00e1 fazer algo como acampar no inverno e ter que compactar a neve?&quot;<\/p>\n<p><strong>gerente<\/strong>&quot;Estamos pensando positivamente sobre como podemos tornar essas ideias realidade. Recebemos muitas ideias interessantes de jovens da cidade. Por exemplo, eles sugeriram que poder\u00edamos usar a inclina\u00e7\u00e3o do telhado do pr\u00e9dio para fazer um escorregador, ou que seria interessante realizar um casamento na neve no telhado. Constru\u00edmos a estrutura com resist\u00eancia suficiente para suportar o peso da neve, ent\u00e3o esperamos experimentar todos os tipos de atividades de inverno.&quot;<\/p><\/blockquote>\n<p>Esta cidade tem a energia positiva para transformar at\u00e9 a neve, muitas vezes vista como um inc\u00f4modo, em um recurso a ser apreciado. Ela tem a for\u00e7a para encarar com bom humor as intemp\u00e9ries da natureza.<\/p>\n<h4>Transformar o subsolo em um local para acampamento com autom\u00f3veis.<\/h4>\n<p>Seguiram-se outras propostas para a utiliza\u00e7\u00e3o espec\u00edfica do espa\u00e7o.<\/p>\n<blockquote><p><strong>moradores da cidade<\/strong>&quot;Ainda existe algum subsolo ali? Acho que seria uma boa ideia transform\u00e1-lo em um camping (para quem usa carro) acess\u00edvel de carro. A entrada de carros em Himawari no Sato causa v\u00e1rios problemas, mas seria poss\u00edvel acampar de carro e, claro, ganhar dinheiro com isso.&quot;<\/p>\n<p><strong>Prefeito<\/strong>&quot;Gostar\u00edamos que pessoas como essas tamb\u00e9m pudessem desfrutar das fontes termais, incluindo o Parque Sunflower (fontes termais). Naturalmente, gostar\u00edamos de pensar nisso como uma entrada onde poder\u00edamos cobrar uma taxa separada. Obrigado.&quot;<\/p><\/blockquote>\n<p>\u00c9 uma proposta maravilhosa e realista que permite \u00e0s pessoas desfrutar da natureza, protegendo ao mesmo tempo o meio ambiente da planta delicada que \u00e9 o girassol. Tamb\u00e9m contribui para a economia da cidade. Vi um verdadeiro exemplo de autogest\u00e3o na forma como os pr\u00f3prios moradores propuseram uma maneira de gerar receita para o governo local.<\/p>\n<figure class=\"wp-caption aligncenter\"><a href=\"https:\/\/photos.google.com\/share\/AF1QipOTMje2qzC5N25Xp-TOhAYKyp_VFpFCSH7nfJS537C62rq2jk4-qNREFZ9VDo-aNA\/photo\/AF1QipOdMYhomlDhTmiwU5HoY637F85jBuXD-FB1_QQ?key=QUZQcjlvVktUZGVuYmp4TVMtVlN3TkVEcUlOVXFB\" target=\"_blank\"><img decoding=\"async\" src=\"https:\/\/lh3.googleusercontent.com\/pw\/AP1GczMQ-9-0GW8eDlPuXyPWREeFzvyVURhZyGfc2MgyZ8BUBfq2fOjm4yS95fsXRPTv7atZTlfzDilRxUifWq7z9KqRAKurpbU3AEuVU-y6-IX6pBFhv38UBtVcnheGqHiQ2_2G4WfwXF-U37JIU4U3_jjM=w2000-h1333-s-no-gm?authuser=0\" width=\"2000\" height=\"1333\" alt=\"Diversas opini\u00f5es e coment\u00e1rios s\u00e3o entrela\u00e7ados...\" class=\"size-medium\" \/><\/a><figcaption class=\"wp-caption-text\">Diversas opini\u00f5es e coment\u00e1rios s\u00e3o entrela\u00e7ados...<\/figcaption><\/figure>\n<h4>Infraestrutura, o local e o futuro da escola<\/h4>\n<p>Tamb\u00e9m foram levantadas quest\u00f5es sobre a infraestrutura inevit\u00e1vel na constru\u00e7\u00e3o de uma instala\u00e7\u00e3o de grande porte e sobre como lidar com os edif\u00edcios j\u00e1 existentes.<\/p>\n<blockquote><p><strong>moradores da cidade<\/strong>&quot;Como vamos garantir o abastecimento de \u00e1gua?&quot;<\/p>\n<p><strong>gerente<\/strong>&quot;Temos uma ideia de perfurar um po\u00e7o nas proximidades para abastecer com \u00e1gua. O n\u00edvel do len\u00e7ol fre\u00e1tico naquela \u00e1rea \u00e9 alto, ent\u00e3o poder\u00edamos considerar perfurar em um local diferente para garantir o abastecimento. O custo costumava ser em torno de 8 milh\u00f5es de ienes, mas agora pode chegar a 30 milh\u00f5es de ienes. H\u00e1 algumas coisas que s\u00f3 saberemos depois de uma escava\u00e7\u00e3o mais aprofundada, mas \u00e9 claro que vamos considerar essa possibilidade.&quot;<\/p><\/blockquote>\n<h4>As mais recentes medidas para salvar vidas de ursos pardos.<\/h4>\n<p>Os participantes tamb\u00e9m discutiram quest\u00f5es prementes espec\u00edficas de Hokkaido, uma regi\u00e3o rica em natureza.<\/p>\n<blockquote><p><strong>moradores da cidade<\/strong>&quot;N\u00e3o houve avistamentos de ursos pardos por ali recentemente?&quot;<\/p>\n<p><strong>gerente<\/strong>&quot;No ano passado, eles foram avistados perto do campo de golfe do parque. Pedimos ao corpo de bombeiros que use drones para alertar as equipes e pedir que fiquem de olho. No ver\u00e3o, h\u00e1 comida nas montanhas, ent\u00e3o n\u00e3o acho que eles venham para a cidade, mas depende do clima. No ano passado, fez muito calor em Hokkaido, o que tamb\u00e9m teve um impacto, j\u00e1 que n\u00e3o havia comida nas montanhas.&quot;<\/p>\n<p><strong>Prefeito<\/strong>&quot;A cidade de Yubetsu, famosa por suas tulipas, iniciou experimentos com a instala\u00e7\u00e3o de sensores de temperatura em drones para proteger os turistas. Naturalmente, levaremos em considera\u00e7\u00e3o esses exemplos recentes e encontraremos maneiras de proteger a vida de todos.&quot;<\/p><\/blockquote>\n<p>Em vez de simplesmente sentirem medo, eles adotaram a tecnologia mais recente (drones para medi\u00e7\u00e3o de temperatura) para manter uma fronteira segura entre os humanos e o mundo natural, esfor\u00e7ando-se para coexistir com a natureza. Isso tamb\u00e9m demonstra a &quot;compaix\u00e3o&quot; de Hokuryu, que valoriza a vida acima de tudo.<\/p>\n<h4>&quot;Ganhar dinheiro juntos&quot;: Emprego comunit\u00e1rio e utiliza\u00e7\u00e3o de casas vagas<\/h4>\n<p>Por fim, houve uma discuss\u00e3o sobre a gest\u00e3o das instala\u00e7\u00f5es e a vitalidade da cidade.<\/p>\n<blockquote><p><strong>moradores da cidade<\/strong>&quot;Quando uma nova instala\u00e7\u00e3o for constru\u00edda, haver\u00e1 um gerente no local?&quot;<\/p>\n<p><strong>Vice-prefeito<\/strong>&quot;Se utilizarmos as instala\u00e7\u00f5es, precisaremos de um zelador, mas se elas ficar\u00e3o abertas todos os dias ou apenas para determinados eventos depender\u00e1 de como forem administradas no futuro. Teremos que analisar isso cuidadosamente e tomar uma decis\u00e3o ainda este ano (ano fiscal de 2026).&quot;<\/p>\n<p><strong>Prefeito<\/strong>&quot;Teremos que pedir aos moradores da cidade que realizem v\u00e1rios trabalhos, como cortar a grama. Queremos criar um sistema onde todos possamos trabalhar, ganhar dinheiro e nos divertir juntos.&quot;<\/p>\n<p>Tamb\u00e9m ouvi hist\u00f3rias de jovens que querem morar em Miboshi, mas dizem: &quot;N\u00e3o h\u00e1 casas dispon\u00edveis&quot;. Tamb\u00e9m ouvi pedidos para criar um sistema de reforma e utiliza\u00e7\u00e3o de casas vagas quando elas ficarem dispon\u00edveis. Se as pessoas continuarem a expressar suas opini\u00f5es dessa forma, gostaria de tornar isso realidade.<\/p><\/blockquote>\n<p>O novo empreendimento n\u00e3o ser\u00e1 apenas um destino tur\u00edstico, mas tamb\u00e9m criar\u00e1 empregos para os moradores locais e servir\u00e1 como uma calorosa recep\u00e7\u00e3o para novos residentes. &quot;Todos ganham dinheiro e todos se divertem.&quot; Essas palavras do prefeito Sasaki resumem a forma ideal de harmonia que a cidade de Hokuryu almeja.<\/p>\n<figure class=\"wp-caption aligncenter\"><a href=\"https:\/\/photos.google.com\/share\/AF1QipOTMje2qzC5N25Xp-TOhAYKyp_VFpFCSH7nfJS537C62rq2jk4-qNREFZ9VDo-aNA\/photo\/AF1QipNwV8JTOUSHVHFs7jWuzqu7Eg-sO3iuCaHkV54?key=QUZQcjlvVktUZGVuYmp4TVMtVlN3TkVEcUlOVXFB\" target=\"_blank\"><img decoding=\"async\" src=\"https:\/\/lh3.googleusercontent.com\/pw\/AP1GczOxBPQdTiZ3rDTBLLAoG0XZD2p_4V-olZVwGrPBTKPk3g_CF37tcwkT7hUMhdSQDiuB6PCBWO4K879nitZ-rIHg0eNkl74xSgI4XC0CjGz1OgKoBccosft3_hA0BV5zbrxCGpEeAGKMcN6cmSbOZV8j=w2000-h1333-s-no-gm?authuser=0\" width=\"2000\" height=\"1333\" alt=\"Nosso objetivo \u00e9 &quot;ganhar dinheiro juntos e nos divertir juntos!&quot;\" class=\"size-medium\" \/><\/a><figcaption class=\"wp-caption-text\">Nosso objetivo \u00e9 &quot;ganhar dinheiro juntos e nos divertir juntos!&quot;<\/figcaption><\/figure>\n<h3>Um modelo de esperan\u00e7a para o mundo criado pelo &quot;esp\u00edrito da harmonia&quot;<\/h3>\n<figure class=\"wp-caption aligncenter\"><a href=\"https:\/\/photos.google.com\/share\/AF1QipOTMje2qzC5N25Xp-TOhAYKyp_VFpFCSH7nfJS537C62rq2jk4-qNREFZ9VDo-aNA\/photo\/AF1QipMDZfKLPA6PSKRWz0m97DVr6zYUB_kaZmKTPIk?key=QUZQcjlvVktUZGVuYmp4TVMtVlN3TkVEcUlOVXFB\" target=\"_blank\"><img decoding=\"async\" src=\"https:\/\/lh3.googleusercontent.com\/pw\/AP1GczPB4vuN3_fp5Z70Mnk4xkvmecPo8PfAvkJEYV3RrbNoLaVqyewpklnqzHcj5LucbgNNghqDuMkxV3ryNLSSyP--OSyrcNhp38uQ0r39bdndSd-J7LXFRYDxFnSYJ0tomGXtkpNZ8MGGsuQFBTDocSF3=w2000-h1333-s-no-gm?authuser=0\" width=\"2000\" height=\"1333\" alt=\"Discurso de encerramento do vice-prefeito Okuda\" class=\"size-medium\" \/><\/a><figcaption class=\"wp-caption-text\">Discurso de encerramento do vice-prefeito Okuda<\/figcaption><\/figure>\n<p>&quot;Gostar\u00edamos de encontrar oportunidades para realizar mais sess\u00f5es informativas no futuro. Muito obrigado por hoje.&quot;<\/p>\n<p>A reuni\u00e3o de 90 minutos, que foi acalorada, mas repleta de um clima cordial do in\u00edcio ao fim, terminou com um discurso do vice-prefeito.<\/p>\n<p>Embora a neve ainda cobrisse o ch\u00e3o l\u00e1 fora, os rostos de todos os presentes no evento estavam repletos de uma esperan\u00e7a radiante, como os raios infal\u00edveis do sol da primavera.<\/p>\n<p>O projeto &quot;Centro de Cria\u00e7\u00e3o do Futuro de Wakuwaku&quot; (nome provis\u00f3rio) n\u00e3o se resume \u00e0 constru\u00e7\u00e3o de um novo edif\u00edcio. Trata-se de uma grande experi\u00eancia para dar forma concreta ao &quot;esp\u00edrito de harmonia&quot; e ao &quot;esp\u00edrito de compaix\u00e3o&quot; que t\u00eam sido prezados pelo povo de Hokuryu por gera\u00e7\u00f5es, e para olhar para o futuro.<\/p>\n<p>Aceitar opini\u00f5es diversas, dialogar sem medo de conflitos e encontrar um ponto de harmonia em que todos possam concordar \u00e9 precisamente esse processo simples e honesto que constitui o maior charme e patrim\u00f4nio intang\u00edvel da cidade de Hokuryu.<\/p>\n<p>Na sociedade atual, onde a efici\u00eancia e a racionalidade s\u00e3o priorizadas e as pessoas tendem a se sentir sozinhas e desconectadas, a cidade de Hokuryu busca demonstrar o valor de dedicar tempo e colocar o cora\u00e7\u00e3o nas coisas.<\/p>\n<blockquote>\n<ul>\n<li>Uma proposta para uma rampa que seja acess\u00edvel a usu\u00e1rios de cadeiras de rodas.<\/li>\n<li>Propomos pain\u00e9is solares que demonstrem gratid\u00e3o pelas b\u00ean\u00e7\u00e3os da natureza.<\/li>\n<li>Atividades de inverno e ideias para economizar dinheiro em acampamentos.<\/li>\n<li>Utilizando a tecnologia para proteger vidas de ursos pardos.<\/li>\n<li>E a determina\u00e7\u00e3o dos adultos em n\u00e3o deixar um fardo para as gera\u00e7\u00f5es futuras.<\/li>\n<\/ul>\n<\/blockquote>\n<p>O futuro da cidade de Hokuryu \u00e9 promissor, pois esses pequenos, por\u00e9m significativos, atos de &quot;bondade&quot; acabar\u00e3o se tornando uma grande onda que envolver\u00e1 o mundo e se transformar\u00e1 em uma for\u00e7a para a paz!<\/p>\n<p>Com amor, gratid\u00e3o e ora\u00e7\u00f5es ilimitadas, o povo da cidade de Hokuryu est\u00e1 unido em esp\u00edrito enquanto embarca com for\u00e7a em uma jornada rumo a um futuro para a cidade de Hokuryu t\u00e3o brilhante quanto um girassol e t\u00e3o acolhedor quanto o sol.<\/p>\n<h2>Outras fotos<\/h2>\n<div class=\"img-move\"><img decoding=\"async\" style=\"vertical-align: middle;\" src=\"https:\/\/ehokkaido.net\/wp-content\/uploads\/2021\/12\/2021-12-06-11.41.12.png\" \/> <a href=\"https:\/\/photos.app.goo.gl\/zYFAjrY2hubvMgcu7\" target=\"_blank\" rel=\"noopener noreferrer\">Clique aqui para ver 65 fotos da sess\u00e3o p\u00fablica de apresenta\u00e7\u00e3o do projeto b\u00e1sico (rascunho) do Centro de Cria\u00e7\u00e3o do Futuro de Wakuwaku (nome provis\u00f3rio) no Centro de Treinamento de Bibagyu &gt;&gt;<\/a><\/div>\n<h2>Sites relacionados<\/h2>\n\n        <div class=\"site-blogcard-premium\">\n            <div class=\"bc-label-custom\">Artigos relacionados<\/div>\n            <div class=\"bc-flex-container\">\n                <div class=\"bc-main-text\">\n                    <div class=\"bc-title-link-box\">\n                        <a href=\"https:\/\/portal.hokuryu.info\/pt\/70280\/\" target=\"_blank\">https:\/\/portal.hokuryu.info\/70280<\/a>\n                    <\/div>\n                    <div class=\"bc-excerpt-box\">N\u00e3o foi poss\u00edvel recuperar as informa\u00e7\u00f5es da p\u00e1gina.<\/div>\n                <\/div>\n                <div class=\"bc-thumbnail-box\">\n                    <a href=\"https:\/\/portal.hokuryu.info\/pt\/70280\/\" target=\"_blank\">\n                        <div class=\"bc-img-zoom-wrap\">\n                            <img decoding=\"async\" src=\"https:\/\/portal.hokuryu.info\/wp\/wp-content\/uploads\/2026\/02\/20230802DSC06445_1.jpg\" alt=\"https:\/\/portal.hokuryu.info\/70280\">\n                        <\/div>\n                    <\/a>\n                <\/div>\n            <\/div>\n        <\/div>\n\n        <div class=\"site-blogcard-premium\">\n            <div class=\"bc-label-custom\">Artigos relacionados<\/div>\n            <div class=\"bc-flex-container\">\n                <div class=\"bc-main-text\">\n                    <div class=\"bc-title-link-box\">\n                        <a href=\"https:\/\/portal.hokuryu.info\/pt\/70539\/\" target=\"_blank\">https:\/\/portal.hokuryu.info\/70539<\/a>\n                    <\/div>\n                    <div class=\"bc-excerpt-box\">N\u00e3o foi poss\u00edvel recuperar as informa\u00e7\u00f5es da p\u00e1gina.<\/div>\n                <\/div>\n                <div class=\"bc-thumbnail-box\">\n                    <a href=\"https:\/\/portal.hokuryu.info\/pt\/70539\/\" target=\"_blank\">\n                        <div class=\"bc-img-zoom-wrap\">\n                            <img decoding=\"async\" src=\"https:\/\/portal.hokuryu.info\/wp\/wp-content\/uploads\/2026\/02\/20230802DSC06445_1.jpg\" alt=\"https:\/\/portal.hokuryu.info\/70539\">\n                        <\/div>\n                    <\/a>\n                <\/div>\n            <\/div>\n        <\/div>\n\n        <div class=\"site-blogcard-premium\">\n            <div class=\"bc-label-custom\">Artigos relacionados<\/div>\n            <div class=\"bc-flex-container\">\n                <div class=\"bc-main-text\">\n                    <div class=\"bc-title-link-box\">\n                        <a href=\"https:\/\/portal.hokuryu.info\/pt\/70364\/\" target=\"_blank\">https:\/\/portal.hokuryu.info\/70364<\/a>\n                    <\/div>\n                    <div class=\"bc-excerpt-box\">N\u00e3o foi poss\u00edvel recuperar as informa\u00e7\u00f5es da p\u00e1gina.<\/div>\n                <\/div>\n                <div class=\"bc-thumbnail-box\">\n                    <a href=\"https:\/\/portal.hokuryu.info\/pt\/70364\/\" target=\"_blank\">\n                        <div class=\"bc-img-zoom-wrap\">\n                            <img decoding=\"async\" src=\"https:\/\/portal.hokuryu.info\/wp\/wp-content\/uploads\/2026\/02\/20230802DSC06445_1.jpg\" alt=\"https:\/\/portal.hokuryu.info\/70364\">\n                        <\/div>\n                    <\/a>\n                <\/div>\n            <\/div>\n        <\/div>\n<div class=\"img-move\">\n<a href=\"https:\/\/portal.hokuryu.info\/pt\/62509\/\">\ud83d\udd8b\ufe0f Planejamento de conte\u00fado, reda\u00e7\u00e3o de artigos, sele\u00e7\u00e3o de fotos e cria\u00e7\u00e3o de v\u00eddeos: Ikuko Terauchi<img decoding=\"async\" style=\"vertical-align: middle;\" src=\"https:\/\/ehokkaido.net\/wp-content\/uploads\/2021\/12\/2021-12-06-11.41.12.png\" \/> Fotografia, edi\u00e7\u00e3o e gest\u00e3o do site: Noboru Terauchi<\/a><\/div>\n<p>\u25c7<\/p>","protected":false},"excerpt":{"rendered":"<p>2026\u5e743\u67085\u65e5\uff08\u6728\uff09 \u3072\u307e\u308f\u308a\u306e\u91cc\u306b\u65b0\u305f\u306a\u9f13\u52d5\u3092\u3002100\u5e74\u306e\u672a\u6765\u3092\u753a\u6c11\u3068\u5171\u306b\u5275\u308b\u300c\u308f\u304f\u308f\u304f\u672a\u6765\u5275\u9020\u9928\uff08\u4eee\u79f0\uff09\u300d\u4f4f\u6c11\u8aac\u660e\u4f1a \u5317\u6d77\u9053\u5317\u7adc\u753a\u304c\u8a87\u308b\u300c\u3072\u307e\u308f\u308a\u306e\u91cc\u300d\u3002\u305d\u306e\u4e2d\u5fc3\u306b\u3001\u6b21\u306a\u308b100\u5e74\u3092\u898b\u636e\u3048\u305f\u65b0 [&hellip;]<\/p>\n","protected":false},"author":1,"featured_media":70349,"comment_status":"open","ping_status":"open","sticky":false,"template":"","format":"standard","meta":{"footnotes":""},"categories":[4,75,14,112],"tags":[],"class_list":["post-70330","post","type-post","status-publish","format-standard","has-post-thumbnail","hentry","category-cover-story","category-sasaki-yasuhiro-mayor","category-hokuryu-town","category-local_revitalization_2"],"_links":{"self":[{"href":"https:\/\/portal.hokuryu.info\/pt\/wp-json\/wp\/v2\/posts\/70330","targetHints":{"allow":["GET"]}}],"collection":[{"href":"https:\/\/portal.hokuryu.info\/pt\/wp-json\/wp\/v2\/posts"}],"about":[{"href":"https:\/\/portal.hokuryu.info\/pt\/wp-json\/wp\/v2\/types\/post"}],"author":[{"embeddable":true,"href":"https:\/\/portal.hokuryu.info\/pt\/wp-json\/wp\/v2\/users\/1"}],"replies":[{"embeddable":true,"href":"https:\/\/portal.hokuryu.info\/pt\/wp-json\/wp\/v2\/comments?post=70330"}],"version-history":[{"count":54,"href":"https:\/\/portal.hokuryu.info\/pt\/wp-json\/wp\/v2\/posts\/70330\/revisions"}],"predecessor-version":[{"id":70598,"href":"https:\/\/portal.hokuryu.info\/pt\/wp-json\/wp\/v2\/posts\/70330\/revisions\/70598"}],"wp:featuredmedia":[{"embeddable":true,"href":"https:\/\/portal.hokuryu.info\/pt\/wp-json\/wp\/v2\/media\/70349"}],"wp:attachment":[{"href":"https:\/\/portal.hokuryu.info\/pt\/wp-json\/wp\/v2\/media?parent=70330"}],"wp:term":[{"taxonomy":"category","embeddable":true,"href":"https:\/\/portal.hokuryu.info\/pt\/wp-json\/wp\/v2\/categories?post=70330"},{"taxonomy":"post_tag","embeddable":true,"href":"https:\/\/portal.hokuryu.info\/pt\/wp-json\/wp\/v2\/tags?post=70330"}],"curies":[{"name":"wp","href":"https:\/\/api.w.org\/{rel}","templated":true}]}}