{"id":70029,"date":"2026-03-02T09:36:29","date_gmt":"2026-03-02T00:36:29","guid":{"rendered":"https:\/\/portal.hokuryu.info\/?p=70029"},"modified":"2026-03-13T05:35:20","modified_gmt":"2026-03-12T20:35:20","slug":"%e7%a5%9d%ef%bc%81%e4%bd%90%e9%87%8e%e8%b1%8a%e6%b0%8f%e3%83%bb%e5%8c%97%e7%ab%9c%e7%94%ba%e5%90%8d%e8%aa%89%e7%94%ba%e6%b0%91%e6%8e%a8%e6%88%b4%e5%bc%8f%e4%b8%a6%e3%81%b3%e3%81%ab%e7%a5%9d%e8%b3%80","status":"publish","type":"post","link":"https:\/\/portal.hokuryu.info\/pt\/70029\/","title":{"rendered":"Parab\u00e9ns! Cerim\u00f4nia e celebra\u00e7\u00e3o para Yutaka Sano, cidad\u00e3o honor\u00e1rio da cidade de Hokuryu | Um la\u00e7o de gratid\u00e3o tecido atrav\u00e9s de meio s\u00e9culo de dedica\u00e7\u00e3o e o &quot;esp\u00edrito de harmonia&quot;"},"content":{"rendered":"<p>Sexta-feira, 27 de fevereiro de 2026<\/p>\n<div class=\"ep-box es-BpaperRight es-grid bgc-VPsky\">\nNo domingo, 22 de fevereiro, uma grande cerim\u00f4nia e celebra\u00e7\u00e3o foram realizadas para homenagear o ex-prefeito de Hokuryu, Yutaka Sano, como residente honor\u00e1rio da cidade. O Sr. Sano dedicou-se \u00e0 cidade por mais de meio s\u00e9culo, desde os 18 anos de idade. Sua personalidade af\u00e1vel, que colocava cada cidad\u00e3o no centro das aten\u00e7\u00f5es, uniu muitas pessoas. Transbordando gratid\u00e3o e sorrisos, este momento emocionante, uma cristaliza\u00e7\u00e3o do &quot;esp\u00edrito de harmonia&quot; de Hokuryu, \u00e9 apresentado aqui com cenas detalhadas.\n<\/div>\n<h2>Parab\u00e9ns! Cerim\u00f4nia e celebra\u00e7\u00e3o para Yutaka Sano, cidad\u00e3o honor\u00e1rio da cidade de Hokuryu | Um la\u00e7o de gratid\u00e3o tecido atrav\u00e9s de meio s\u00e9culo de dedica\u00e7\u00e3o e o &quot;esp\u00edrito de harmonia&quot;<\/h2>\n<p>No domingo, 22 de fevereiro, quando ainda havia neve, a cerim\u00f4nia de escolha do ex-prefeito Yutaka Sano como cidad\u00e3o honor\u00e1rio e a respectiva celebra\u00e7\u00e3o foram realizadas no Sunflower Park Hokuryu Onsen, com o local repleto do esp\u00edrito acolhedor da cidade de Hokuryu.<\/p>\n<p>O local estava repleto de moradores e pessoas envolvidas que admiravam profundamente o Sr. Sano. Era mais do que uma simples cerim\u00f4nia; estava repleto de afeto e um &quot;esp\u00edrito de harmonia&quot;, como se estivesse celebrando uma grande fam\u00edlia. O &quot;esp\u00edrito de compaix\u00e3o&quot; que a cidade de Hokuryu sempre prezou estava presente, e o calor humano permeava cada canto do espa\u00e7o.<\/p>\n<figure class=\"wp-caption aligncenter\"><a href=\"https:\/\/photos.google.com\/share\/AF1QipN1hcPU22XDeISCUqDzRKAdKRjGsGAUOk3Nh4HMAnlIRQOAseEattBv-DVyVd8Cmg\/photo\/AF1QipNS46NWY1pg-Mh0OLjdGS1mKQsvjCvsjmTzexc?key=VWtXWmlYZUFIUEhoaDdZVFlGUnl1U2ZWb3VYNzRR\" target=\"_blank\"><img decoding=\"async\" src=\"https:\/\/lh3.googleusercontent.com\/pw\/AP1GczNgXN2mwai09kQcOg3viqs-0ekoxws_rLAZWybHho-zzpU-x2WFQv8gPYRBzGNTMWdH2dLoO8manDad_IcF6waXZwPI_Eig6GqumxMHlytp34RksURnenwZyFjCNuQ6tttrccoXtX_LsDVJDxILP7I6=w1306-h1870-s-no-gm?authuser=0\" width=\"500\" alt=\"Cidad\u00e3o Honor\u00e1rio da cidade de Hokuryu, Yutaka Sano\" class=\"size-medium\" \/><\/a><figcaption class=\"wp-caption-text\">Cidad\u00e3o Honor\u00e1rio da cidade de Hokuryu, Yutaka Sano<\/figcaption><\/figure>\n<figure class=\"wp-caption aligncenter\"><a href=\"https:\/\/photos.google.com\/share\/AF1QipN1hcPU22XDeISCUqDzRKAdKRjGsGAUOk3Nh4HMAnlIRQOAseEattBv-DVyVd8Cmg\/photo\/AF1QipOlONjpUKvyg8MW1TU0qpgfo86303T2dH_6MoU?key=VWtXWmlYZUFIUEhoaDdZVFlGUnl1U2ZWb3VYNzRR\" target=\"_blank\"><img decoding=\"async\" src=\"https:\/\/lh3.googleusercontent.com\/pw\/AP1GczMQ1qBOC0VVeudnpk5eF078yqXSD5Qhd0dk4dzjDgTDR1jFiyPRv-Z8Gj005QoF1x4BqHouxCsDzJAm6OVC4XyAwWc05EdoJqoFpk2qTjziTkpol3lvenaCmPH9imKxYQThXYjnS3qp_ENX37yp6LTC=w1144-h1600-s-no-gm?authuser=0\" width=\"500\" alt=\"hist\u00f3ria\" class=\"size-medium\" \/><\/a><figcaption class=\"wp-caption-text\">hist\u00f3ria<\/figcaption><\/figure>\n<figure class=\"wp-caption aligncenter\"><a href=\"https:\/\/photos.google.com\/share\/AF1QipN1hcPU22XDeISCUqDzRKAdKRjGsGAUOk3Nh4HMAnlIRQOAseEattBv-DVyVd8Cmg\/photo\/AF1QipOotLQbdZYrcWsK7zH-9CsIb_CINKiy6sKpJaY?key=VWtXWmlYZUFIUEhoaDdZVFlGUnl1U2ZWb3VYNzRR\" target=\"_blank\"><img decoding=\"async\" src=\"https:\/\/lh3.googleusercontent.com\/pw\/AP1GczPGrZtN-SH0Zxgpc9_RqWt7yrUvxjgD-bGrRLQaveYGdcH8Z2D4Gp9RNQq0WR9zHkzLTVwa6u6lF7S1EkdOQYfYSt8rMs_vW_gwtmwzbgF_KockmYpGDRahZgxSnE3tFkXe9Htjb0AiW5rhQ4y772nX=w2000-h1359-s-no-gm?authuser=0\" width=\"2000\" height=\"1359\" alt=\"hist\u00f3ria\" class=\"size-medium\" \/><\/a><figcaption class=\"wp-caption-text\">hist\u00f3ria<\/figcaption><\/figure>\n<figure class=\"wp-caption aligncenter\"><a href=\"https:\/\/photos.google.com\/share\/AF1QipN1hcPU22XDeISCUqDzRKAdKRjGsGAUOk3Nh4HMAnlIRQOAseEattBv-DVyVd8Cmg\/photo\/AF1QipNPr8EBSuM002zH7063tOBT2VN3VTX-ywBWvkI?key=VWtXWmlYZUFIUEhoaDdZVFlGUnl1U2ZWb3VYNzRR\" target=\"_blank\"><img decoding=\"async\" src=\"https:\/\/lh3.googleusercontent.com\/pw\/AP1GczON4qB_aXQZNvEQxOXpefQUfoPlAwdd2-Sl8LKugs9NlJyYVQkDpybU1eBdb6qAVWBkDl5l--5Z0S-VDQ93TufzxuymigoFhrNoIh2P5TG0Z54tgYOlYkwVj2uJ5KT8eA6NXmlFw9WuDECFAgY1bMI9=w2000-h1125-s-no-gm?authuser=0\" width=\"2000\" height=\"1125\" alt=\"O Sr. e a Sra. Sano entram.\" class=\"size-medium\" \/><\/a><figcaption class=\"wp-caption-text\">O Sr. e a Sra. Sano entram.<\/figcaption><\/figure>\n<h3>Cap\u00edtulo 1: Elei\u00e7\u00e3o por voto un\u00e2nime dos habitantes da cidade - a alegria e o orgulho de 1.551 pessoas<\/h3>\n<h4>Sauda\u00e7\u00f5es do Prefeito Yasuhiro Sasaki, Representante dos Fundadores.<\/h4>\n<figure class=\"wp-caption aligncenter\"><a href=\"https:\/\/photos.google.com\/share\/AF1QipN1hcPU22XDeISCUqDzRKAdKRjGsGAUOk3Nh4HMAnlIRQOAseEattBv-DVyVd8Cmg\/photo\/AF1QipPIKw_FXvLb7FIJoNhYJpJzYIP3U2APKwTHYjs?key=VWtXWmlYZUFIUEhoaDdZVFlGUnl1U2ZWb3VYNzRR\" target=\"_blank\"><img decoding=\"async\" src=\"https:\/\/lh3.googleusercontent.com\/pw\/AP1GczO_nnf71TXNR6NhubOqNKey9htpSTN-j_L1hXg_cEj1eTpUGQayugZbGWulZCNFwU3dSpgEnGtJpFMgazZVWZlRH09RHfmANtRllbfPzC2fmZPLragGTppBatdo6ABhBCpbjNAp88quCxirg2Qc2iDW=w2000-h1333-s-no-gm?authuser=0\" width=\"2000\" height=\"1333\" alt=\"Sauda\u00e7\u00f5es do prefeito Yasuhiro Sasaki\" class=\"size-medium\" \/><\/a><figcaption class=\"wp-caption-text\">Sauda\u00e7\u00f5es do prefeito Yasuhiro Sasaki<\/figcaption><\/figure>\n<p>&quot;Parab\u00e9ns a todos voc\u00eas que foram nomeados cidad\u00e3os honor\u00e1rios da cidade de Hokuryu hoje.&quot;<\/p>\n<p>Acredito que cada um dos 1.551 habitantes da cidade est\u00e1 muito feliz. Embora esta seja uma celebra\u00e7\u00e3o para o Sr. Sano e sua fam\u00edlia, n\u00f3s, os moradores, somos os mais felizes de todos. Este \u00e9 o nascimento de um cidad\u00e3o honor\u00e1rio do qual todos podemos nos orgulhar verdadeiramente.<\/p>\n<p>No ano passado, durante a reuni\u00e3o ordin\u00e1ria do conselho realizada em 11 de dezembro de 2025, todos os membros do conselho concordaram com a nomea\u00e7\u00e3o. A indica\u00e7\u00e3o do Sr. Sano como cidad\u00e3o honor\u00e1rio n\u00e3o foi uma decis\u00e3o tomada de cima para baixo, mas sim fruto de manifesta\u00e7\u00f5es espont\u00e2neas de diversas organiza\u00e7\u00f5es e moradores da cidade que desejavam torn\u00e1-lo cidad\u00e3o honor\u00e1rio.<\/p>\n<p>At\u00e9 mesmo alunos do ensino fundamental admiravam o ex-prefeito e elogiavam suas realiza\u00e7\u00f5es. Isso demonstra o quanto o Sr. Sano era querido pelos moradores da cidade e a profunda conex\u00e3o que ele tinha com eles. Foi um evento t\u00e3o alegre que acho que n\u00e3o \u00e9 comum recebermos tantos elogios dos moradores.<\/p>\n<p>Como voc\u00ea sabe, o Sr. Sano ocupou muitos cargos at\u00e9 agora. Ouvi dizer que ele manteve la\u00e7os estreitos com as diversas organiza\u00e7\u00f5es em que atuou. Depois que o Sr. Sano saiu, sempre que eu participava de reuni\u00f5es municipais e rurais, era recebido por pessoas de toda Hokkaido, que perguntavam: &quot;Sr. Sano, como vai?&quot; e &quot;Gostaria muito de tomar outro drinque com o senhor&quot;, o que me ajudou muito.<\/p>\n<p>Acredito que a principal raz\u00e3o pela qual o Sr. Sano merece ser um cidad\u00e3o honor\u00e1rio \u00e9 que o que ele mais valorizou na administra\u00e7\u00e3o municipal foi &quot;colocar os moradores no centro&quot;, e que isso \u00e9 resultado de seus 12 anos como prefeito, nos quais ele refletiu profundamente sobre as necessidades da popula\u00e7\u00e3o. Acredito sinceramente que essa compaix\u00e3o agora frutificou da melhor forma poss\u00edvel, na forma da gratid\u00e3o que ele recebeu dos moradores.<\/p>\n<p>&quot;O Sr. Sano ainda \u00e9 jovem, e espero que continue a ser de grande ajuda em diversas \u00e1reas. Parab\u00e9ns pelo seu sucesso hoje. Muito obrigado&quot;, disse o prefeito Sasaki com firmeza e gentileza.<\/p>\n<figure class=\"wp-caption aligncenter\"><a href=\"https:\/\/photos.google.com\/share\/AF1QipN1hcPU22XDeISCUqDzRKAdKRjGsGAUOk3Nh4HMAnlIRQOAseEattBv-DVyVd8Cmg\/photo\/AF1QipPqyjIi2LIdAF501zPyeXd3dG9aJysE1sJBZqo?key=VWtXWmlYZUFIUEhoaDdZVFlGUnl1U2ZWb3VYNzRR\"><img decoding=\"async\" src=\"https:\/\/lh3.googleusercontent.com\/pw\/AP1GczN-MNJDsud4EiWxJ8lwvDMgtl_yv2tPD88QPVe76KTYoGYowlQB5HqByvIWt_9LDmNdtvH_rR-8rdGyQTpaPZb9mmwsg4v-eTm3DFWT9zZJ8UPImjiSUTNljjsL6QoxEviSxboL5wJl1upntHH5baHf=w2000-h1333-s-no-gm?authuser=0\" width=\"2000\" height=\"1333\" alt=\"Com muita gratid\u00e3o!\" class=\"size-medium\" \/><\/a><figcaption class=\"wp-caption-text\">Com muita gratid\u00e3o!<\/figcaption><\/figure>\n<h4>Recebeu o t\u00edtulo de cidad\u00e3o honor\u00e1rio da cidade.<\/h4>\n<figure class=\"wp-caption aligncenter\"><a href=\"https:\/\/photos.google.com\/share\/AF1QipN1hcPU22XDeISCUqDzRKAdKRjGsGAUOk3Nh4HMAnlIRQOAseEattBv-DVyVd8Cmg\/photo\/AF1QipM-KuezMJv6Ymc_YyItnJVCI9lyERSTZcxBlO4?key=VWtXWmlYZUFIUEhoaDdZVFlGUnl1U2ZWb3VYNzRR\" target=\"_blank\"><img decoding=\"async\" src=\"https:\/\/lh3.googleusercontent.com\/pw\/AP1GczM56iwjNyCWl8mhbatLmiAuzQ6n2lXtTgjaTicfiF5tPciCTwmJcd_QH2opYTJUDt4HMctb0X4vJmS7qQHgEWDMQSHFf11tPquPznRLN6fi7R0OLUKGwzr3PuxXRwYv2FBUB-p6LSfunA771HQoPp-N=w2000-h1333-s-no-gm?authuser=0\" width=\"2000\" height=\"1333\" alt=\"Recebeu o t\u00edtulo de cidad\u00e3o honor\u00e1rio da cidade.\" class=\"size-medium\" \/><\/a><figcaption class=\"wp-caption-text\">Recebeu o t\u00edtulo de cidad\u00e3o honor\u00e1rio da cidade.<\/figcaption><\/figure>\n<h4>Apresenta\u00e7\u00e3o do buqu\u00ea: Sakuma Yoshida e Taishiro Sano<\/h4>\n<figure class=\"wp-caption aligncenter\"><a href=\"https:\/\/photos.google.com\/share\/AF1QipN1hcPU22XDeISCUqDzRKAdKRjGsGAUOk3Nh4HMAnlIRQOAseEattBv-DVyVd8Cmg\/photo\/AF1QipMpmHPmHYfjUf_dTQ7YZNUM9yFd37LCnVO8gUc?key=VWtXWmlYZUFIUEhoaDdZVFlGUnl1U2ZWb3VYNzRR\" target=\"_blank\"><img decoding=\"async\" src=\"https:\/\/lh3.googleusercontent.com\/pw\/AP1GczPpIz2owX5Qf5RMSVRUI1mNaIN0Naa_Mo3rbluydCw4RhIbd1QFuVdYErTZ03K-RvjLy-W7JIBR4vnQ1DOYNpFXhY99v0anh7AOaGhuA1_Bkk5gdMk1zWEk0f82OA_YyhW_G_a7Wxgvr6WI6-CP67RS=w2000-h1333-s-no-gm?authuser=0\" width=\"2000\" height=\"1333\" alt=\"Apresentando um buqu\u00ea\" class=\"size-medium\" \/><\/a><figcaption class=\"wp-caption-text\">Apresentando um buqu\u00ea<\/figcaption><\/figure>\n<figure class=\"wp-caption aligncenter\"><a href=\"https:\/\/photos.google.com\/share\/AF1QipN1hcPU22XDeISCUqDzRKAdKRjGsGAUOk3Nh4HMAnlIRQOAseEattBv-DVyVd8Cmg\/photo\/AF1QipOK3WJOZNF2RQn8shbJ1Nst9hWZK4ZXtnop6cU?key=VWtXWmlYZUFIUEhoaDdZVFlGUnl1U2ZWb3VYNzRR\" target=\"_blank\"><img decoding=\"async\" src=\"https:\/\/lh3.googleusercontent.com\/pw\/AP1GczOrg9j5t5Mvr1M9V1PbP7aqtqiJc5A6JcZKVSiAGqaYst5dAYw7l3ZcvWupqP_IbfXy0cKpx1VJTAqjhzP7WprffhMMB0a9obMhGXA-Rc2mufEL1wy84SD4q9JSn6u4iFg6Tfgx-P7H3YaX0nhjRTaS=w2000-h1333-s-no-gm?authuser=0\" width=\"2000\" height=\"1333\" alt=\"Yutaka e Tomoko Sano\" class=\"size-medium\" \/><\/a><figcaption class=\"wp-caption-text\">Yutaka e Tomoko Sano<\/figcaption><\/figure>\n<h3>Cap\u00edtulo 2: Mais de meio s\u00e9culo de dedica\u00e7\u00e3o - Uma vida vivida com a cidade de Hokuryu desde os 18 anos<\/h3>\n<p>O presidente do Conselho Municipal de Hokuryu, Naokazu Nakamura, falou sobre a extraordin\u00e1ria dedica\u00e7\u00e3o do Sr. Sano ao longo dos anos.<\/p>\n<figure class=\"wp-caption aligncenter\"><a href=\"https:\/\/photos.google.com\/share\/AF1QipN1hcPU22XDeISCUqDzRKAdKRjGsGAUOk3Nh4HMAnlIRQOAseEattBv-DVyVd8Cmg\/photo\/AF1QipNd7Dq8pyG1sT7xSykSPAgGLwGSaEyIfeHw2YQ?key=VWtXWmlYZUFIUEhoaDdZVFlGUnl1U2ZWb3VYNzRR\" target=\"_blank\"><img decoding=\"async\" src=\"https:\/\/lh3.googleusercontent.com\/pw\/AP1GczOmF6G2YfDV0fpe4_V3yXScRiL7h3L5RZAHB5uAkyyNtemqcnHqoDHeOHUw0tLUtx4wWDSW9rRnJwyO8vGKccwta-BQMuglNstpKj_WrZZZHGVTFz4gOwZYHj6O6xD2fU-_vV0f8DhSR24SF7N2WTx8=w2000-h1333-s-no-gm?authuser=0\" width=\"2000\" height=\"1333\" alt=\"Discurso de felicita\u00e7\u00f5es do Presidente Nakamura Shoichi\" class=\"size-medium\" \/><\/a><figcaption class=\"wp-caption-text\">Discurso de felicita\u00e7\u00f5es do Presidente Nakamura Shoichi<\/figcaption><\/figure>\n<p>&quot;Na quarta reuni\u00e3o ordin\u00e1ria, em dezembro do ano passado, o Conselho Municipal de Hokuryu aprovou por unanimidade a nomea\u00e7\u00e3o do Sr. Yutaka Sano como cidad\u00e3o honor\u00e1rio. Gostaria, mais uma vez, de parabeniz\u00e1-lo e desejar-lhe tudo de bom. Gostaria tamb\u00e9m de expressar minha gratid\u00e3o \u00e0s muitas pessoas ligadas ao Sr. Sano que puderam comparecer \u00e0 grande celebra\u00e7\u00e3o de hoje.&quot;<\/p>\n<p>O Sr. Sano trabalhou em diversos departamentos, foi o primeiro vice-prefeito desde a mudan\u00e7a do sistema e, posteriormente, candidatou-se a prefeito, vencendo seu segundo e terceiro mandatos sem oposi\u00e7\u00e3o, assumindo a grande responsabilidade de servir como prefeito por tr\u00eas mandatos e 12 anos. Em reconhecimento \u00e0 sua paix\u00e3o e dedica\u00e7\u00e3o, bem como \u00e0s suas brilhantes conquistas, como a Ordem do Sol Nascente, com as medalhas de Ouro e Prata, recebida no ano passado, ele foi aprovado como residente honor\u00e1rio da cidade, tanto nominalmente quanto de fato.<\/p>\n<p>J\u00e1 se passaram 54 anos desde que comecei a trabalhar na Prefeitura de Hokuryu, aos 18 anos. \u00c9 uma grande conquista ter dedicado mais da metade da minha vida \u00e0 cidade de Hokuryu. Gostaria de expressar minha sincera gratid\u00e3o por esse longo per\u00edodo de servi\u00e7o.<\/p>\n<p>O Sr. Sano \u00e9 o sexto cidad\u00e3o honor\u00e1rio da cidade de Hokuryu e, juntamente com o quinto cidad\u00e3o honor\u00e1rio, o Sr. Ryoji Kikura, solicitamos sua orienta\u00e7\u00e3o e incentivo para o desenvolvimento cont\u00ednuo da cidade de Hokuryu. Gostaria de concluir meu discurso de felicita\u00e7\u00f5es desejando \u00e0 fam\u00edlia Sano prosperidade cont\u00ednua, bem como sa\u00fade e felicidade a todos os presentes, e o desenvolvimento cont\u00ednuo da cidade de Hokuryu. Parab\u00e9ns pela sua chegada hoje!&#039;, disse o Presidente Nakamura.<\/p>\n<figure class=\"wp-caption aligncenter\"><a href=\"https:\/\/photos.google.com\/share\/AF1QipN1hcPU22XDeISCUqDzRKAdKRjGsGAUOk3Nh4HMAnlIRQOAseEattBv-DVyVd8Cmg\/photo\/AF1QipMakZ6Kpk309mCK9w4PHLMd0aM4gkvqWHt99yg?key=VWtXWmlYZUFIUEhoaDdZVFlGUnl1U2ZWb3VYNzRR\" target=\"_blank\"><img decoding=\"async\" src=\"https:\/\/lh3.googleusercontent.com\/pw\/AP1GczPHAGcoprdiQHrd_jFyIZZQyN9rDiV9xuHqwNj2xy9QnVPhhVZTgiFkiazVGXcRlLYtrCk8UzLHFJb9jc_Aw08t2TviFD4zDxK7SloxssRbnXaVZnk3VhzwInuRQO78eTi1eNa3eP02MPAW39ltRE8L=w2000-h1333-s-no-gm?authuser=0\" width=\"2000\" height=\"1333\" alt=\"Em homenagem aos seus muitos anos de conquistas!\" class=\"size-medium\" \/><\/a><figcaption class=\"wp-caption-text\">Em homenagem aos seus muitos anos de conquistas!<\/figcaption><\/figure>\n<p>N\u00e3o \u00e9 exagero dizer que a trajet\u00f3ria do Sr. Sano \u00e9 a pr\u00f3pria hist\u00f3ria da cidade de Hokuryu. Agricultura, com\u00e9rcio, ind\u00fastria e a vida dos moradores. Sua honestidade em acompanhar tudo isso, ouvir as pessoas e trabalhar arduamente em conjunto com elas, construiu uma confian\u00e7a inabal\u00e1vel.<\/p>\n<h3>Cap\u00edtulo 3: Humildade e Gratid\u00e3o - O Esp\u00edrito de Harmonia que Conecta ao Futuro<\/h3>\n<p>Ap\u00f3s receber o t\u00edtulo de cidad\u00e3o honor\u00e1rio e um belo buqu\u00ea de flores de seus netos, o Sr. Sano expressou profunda gratid\u00e3o e humildade em seu discurso de agradecimento.<\/p>\n<figure class=\"wp-caption aligncenter\"><a href=\"https:\/\/photos.google.com\/share\/AF1QipN1hcPU22XDeISCUqDzRKAdKRjGsGAUOk3Nh4HMAnlIRQOAseEattBv-DVyVd8Cmg\/photo\/AF1QipMuLqkkf4GLLN5tJa7XWPTTeaMysa6V3V97eoQ?key=VWtXWmlYZUFIUEhoaDdZVFlGUnl1U2ZWb3VYNzRR\" target=\"_blank\"><img decoding=\"async\" src=\"https:\/\/lh3.googleusercontent.com\/pw\/AP1GczPvESBQsP3ZfAa9Gc2eAlSNWfdzOEAbW1FnkIgq_hi_eim87_-unAJflXF2D2EwrDRKrpezGYsJc8e44V-WdAl8UEri3MMzzU2XlQ92stXRraR4gA8pJE1d8Vm__JwjFzLWf-lPjAcSPPrPWkU4fCPh=w2000-h1333-s-no-gm?authuser=0\" width=\"2000\" height=\"1333\" alt=\"Agradecimentos: Yutaka Sano\" class=\"size-medium\" \/><\/a><figcaption class=\"wp-caption-text\">Agradecimentos: Yutaka Sano<\/figcaption><\/figure>\n<p>&quot;Gostaria de expressar minha sincera gratid\u00e3o a todos voc\u00eas por terem comparecido em t\u00e3o grande n\u00famero, apesar de ser o meio de um feriado prolongado e um per\u00edodo movimentado com o in\u00edcio da safra agr\u00edcola da primavera.&quot;<\/p>\n<p>\u00c9 uma grande honra para mim participar desta celebra\u00e7\u00e3o, que combina a premia\u00e7\u00e3o que recebi em julho do ano passado com a minha nomea\u00e7\u00e3o como cidad\u00e3o honor\u00e1rio. Tamb\u00e9m me sinto profundamente honrado por ter recebido palavras t\u00e3o gentis de congratula\u00e7\u00e3o do prefeito Sasaki e do presidente Nakamura.<\/p>\n<p>Com a concord\u00e2ncia dos l\u00edderes de diversas organiza\u00e7\u00f5es locais, fui nomeado cidad\u00e3o honor\u00e1rio da cidade de Hokuryu na reuni\u00e3o ordin\u00e1ria do conselho municipal em dezembro passado.<\/p>\n<p>Como cidad\u00e3o honor\u00e1rio da cidade de Hokuryu, sei melhor do que ningu\u00e9m que n\u00e3o sou digno desta honraria, mas como nem todos podem receb\u00ea-la, aceitei-a com prazer.<\/p>\n<p>Recebi este pr\u00eamio gra\u00e7as ao apoio e \u00e0 coopera\u00e7\u00e3o dos meus superiores, colegas e dos muitos moradores da cidade. Gostaria de expressar minha mais profunda gratid\u00e3o. Serei um cidad\u00e3o idoso em apenas um m\u00eas e, juntamente com meu superior e cidad\u00e3o honor\u00e1rio, Sr. Ryoji Kikura, farei tudo o que estiver ao meu alcance para contribuir com o desenvolvimento da cidade de Hokuryu.<\/p>\n<p>&quot;Gostar\u00edamos de pedir seu apoio, orienta\u00e7\u00e3o e incentivo cont\u00ednuos. Muito obrigado por terem vindo hoje&quot;, disse o Sr. Sano. Suas palavras impactantes e afetuosas comoveram profundamente a plateia, que o aplaudiu calorosamente.<\/p>\n<h3>Cap\u00edtulo 4: Apoio familiar e a fam\u00edlia alargada da comunidade<\/h3>\n<p>Minoru Nagai, diretor representante do distrito de Hokuryu da Cooperativa Agr\u00edcola Kitasorachi, fez o brinde no banquete e compartilhou uma hist\u00f3ria emocionante sobre seu relacionamento com o Sr. Sano.<\/p>\n<figure class=\"wp-caption aligncenter\"><a href=\"https:\/\/photos.google.com\/share\/AF1QipN1hcPU22XDeISCUqDzRKAdKRjGsGAUOk3Nh4HMAnlIRQOAseEattBv-DVyVd8Cmg\/photo\/AF1QipOUYllKLR2FzNPaZ8Tmg-xv1u0ujcdcVG4enHI?key=VWtXWmlYZUFIUEhoaDdZVFlGUnl1U2ZWb3VYNzRR\"><img decoding=\"async\" src=\"https:\/\/lh3.googleusercontent.com\/pw\/AP1GczOsW0fBknHAJxWiNdUf17ld81_gE00ImEmKpJrYC1g-GPZxIEX4ZI6LfJ5Ndfc6JY5b9u5LpqgngIcb6E-X1XojNpGnwbgpqxzbib92lmsZpfRi-HlIum8YUeCYy5Q-hFrFoeYNnatvXOtlOy7TRFV8=w2000-h1225-s-no-gm?authuser=0\" width=\"2000\" height=\"1333\" alt=\"Brinde: Minoru Nagai (Diretor Representante da Associa\u00e7\u00e3o Cooperativa Agr\u00edcola de Kitasorachi, Distrito de Hokuryu)\" class=\"size-medium\" \/><\/a><figcaption class=\"wp-caption-text\">Brinde: Minoru Nagai (Diretor Representante da Associa\u00e7\u00e3o Cooperativa Agr\u00edcola de Kitasorachi, Distrito de Hokuryu)<\/figcaption><\/figure>\n<p>&quot;Meu pai me contou que, desde a \u00e9poca em que o Sr. Sano trabalhava na Divis\u00e3o de Ind\u00fastria, ele tinha uma \u00f3tima personalidade, excelentes habilidades de comunica\u00e7\u00e3o e era um trabalhador incans\u00e1vel que se dedicava \u00e0 pol\u00edtica agr\u00edcola. Aparentemente, at\u00e9 mesmo em conversas informais, as pessoas diziam: &#039;O Sr. Sano poderia ser o futuro prefeito.&#039;&quot;<\/p>\n<p>Eu mesma recebi muita orienta\u00e7\u00e3o e incentivo do prefeito Sano desde os meus 30 anos, inclusive quando participei de eventos relacionados ao arroz de girassol. Fiquei muito impressionada com a maneira como o prefeito Sano me tratou, como um pai.<\/p>\n<p>&quot;Voc\u00ea mencionou que em breve entrar\u00e1 na fase avan\u00e7ada da terceira idade, aos 75 anos, ent\u00e3o esperamos que utilize a experi\u00eancia e a vasta gama de conhecimentos que acumulou para nos orientar. Gostar\u00edamos de ver nossa gera\u00e7\u00e3o revitalizar a cidade de Hokuryu, portanto, agradecer\u00edamos sua orienta\u00e7\u00e3o e incentivo.&quot;<\/p>\n<p>Em seguida, o Sr. Nagai dirigiu suas palavras \u00e0 esposa do Sr. Sano, que continuou a apoi\u00e1-lo nos bastidores.<\/p>\n<p>&quot;Sua esposa, Tomoko, tem apoiado Sano Yutaka por muitos anos, mais de 50 anos. Gostaria de expressar meu mais profundo respeito por isso.&quot;<\/p>\n<p>&quot;Agora, vamos fazer um brinde ao crescimento cont\u00ednuo da fam\u00edlia Sano e \u00e0 sa\u00fade de todos os presentes. Parab\u00e9ns! Sa\u00fade!!!&quot;<\/p>\n<figure class=\"wp-caption aligncenter\"><a href=\"https:\/\/photos.google.com\/share\/AF1QipN1hcPU22XDeISCUqDzRKAdKRjGsGAUOk3Nh4HMAnlIRQOAseEattBv-DVyVd8Cmg\/photo\/AF1QipPymgw-J_2YGpXOnO6Ej7rVGBIHQofqWdQh8Ys?key=VWtXWmlYZUFIUEhoaDdZVFlGUnl1U2ZWb3VYNzRR\" target=\"_blank\"><img decoding=\"async\" src=\"https:\/\/lh3.googleusercontent.com\/pw\/AP1GczOSuNepaGBUgpTHJnR54m6XGoYSEIAs7Z9Zj7ZVPDtjMiicALpLBYPW0s4CE5ZmD3Izn5hEZVk7q2r5vnu8B8e0yKBwvdMTmEOMVpeELBAgeycEWQ5INs_C2aPdWCNNCndVYLDb6HDrW_s2eRA4c703=w2000-h1125-s-no-gm?authuser=0\" width=\"2000\" height=\"1125\" alt=\"sa\u00fade!\" class=\"size-medium\" \/><\/a><figcaption class=\"wp-caption-text\">sa\u00fade!<\/figcaption><\/figure>\n<p>Grandes conquistas que n\u00e3o poderiam ser alcan\u00e7adas sozinhas podem ser concretizadas com o apoio afetuoso da fam\u00edlia e os fortes la\u00e7os familiares da comunidade. O entusiasmo e os sorrisos na celebra\u00e7\u00e3o refletiram vividamente a beleza do orgulho e da alegria de Hokuryu, uma &quot;sociedade onde as pessoas se importam umas com as outras e se apoiam mutuamente&quot;.<\/p>\n<h3>Cap\u00edtulo 5: Comida deliciosa une sorrisos e conversas.<\/h3>\n<p>Ap\u00f3s a cerim\u00f4nia, teve in\u00edcio a t\u00e3o esperada celebra\u00e7\u00e3o. Deliciosos pratos, que destacavam as riquezas da cidade de Hokuryu, foram servidos, trazendo ainda mais sorrisos aos rostos dos presentes.<\/p>\n<h4>Comida<\/h4>\n<figure class=\"wp-caption aligncenter\"><a href=\"https:\/\/photos.google.com\/share\/AF1QipN1hcPU22XDeISCUqDzRKAdKRjGsGAUOk3Nh4HMAnlIRQOAseEattBv-DVyVd8Cmg\/photo\/AF1QipOCl6cGu7dv1S2nEl2JvQ1QcrlGQJlD7EZgFOo?key=VWtXWmlYZUFIUEhoaDdZVFlGUnl1U2ZWb3VYNzRR\" target=\"_blank\"><img decoding=\"async\" src=\"https:\/\/lh3.googleusercontent.com\/pw\/AP1GczNMqTVA9pFoMUwSo_9hN4PpkJbibOqHLyiV_yecNw88grH9aJgC4me2wAsjCdBVisGuUsfWE0GgIO__M3uefm7ZqUk7UREkgoNKXaoproM0Hh6geBOj8ZGw4geHc6kpmbv5F4ML_dSvE7uea8ItOADW=w2000-h1500-s-no-gm?authuser=0\" width=\"2000\" height=\"1500\" alt=\"Frutos do mar e frituras\" class=\"size-medium\" \/><\/a><figcaption class=\"wp-caption-text\">Frutos do mar e frituras<\/figcaption><\/figure>\n<figure class=\"wp-caption aligncenter\"><a href=\"https:\/\/photos.google.com\/share\/AF1QipN1hcPU22XDeISCUqDzRKAdKRjGsGAUOk3Nh4HMAnlIRQOAseEattBv-DVyVd8Cmg\/photo\/AF1QipO1bzq4qBzKbsOI9gykjCiEIyaY0m-6yTRRq40?key=VWtXWmlYZUFIUEhoaDdZVFlGUnl1U2ZWb3VYNzRR\" target=\"_blank\"><img decoding=\"async\" src=\"https:\/\/lh3.googleusercontent.com\/pw\/AP1GczOTuO2UMLlIUKiboFZND42IVk67fihq6qHyei2fk5j7BOGS04pfEHVIGF7d7y72ZoCb3kSHFA6QH2ouZxsiFeKwW7QgzEvHOnUCpmUd_tVA2wkcIFmfMlfLQnPSlB8bNtJKieFo7kSd9-RNsnEUDiO9=w2000-h1500-s-no-gm?authuser=0\" width=\"2000\" height=\"1500\" alt=\"Camar\u00e3o com pimenta\" class=\"size-medium\" \/><\/a><figcaption class=\"wp-caption-text\">Camar\u00e3o com pimenta<\/figcaption><\/figure>\n<figure class=\"wp-caption aligncenter\"><a href=\"https:\/\/photos.google.com\/share\/AF1QipN1hcPU22XDeISCUqDzRKAdKRjGsGAUOk3Nh4HMAnlIRQOAseEattBv-DVyVd8Cmg\/photo\/AF1QipO7a8Pa3PII8JucGIj5vPnEJkwAhStW59fW_rw?key=VWtXWmlYZUFIUEhoaDdZVFlGUnl1U2ZWb3VYNzRR\" target=\"_blank\"><img decoding=\"async\" src=\"https:\/\/lh3.googleusercontent.com\/pw\/AP1GczNR6c1fIDcezeu4fxa0JBXXGbkSOm1TNc844gJooCtsqRbRIHZ4cgLQMEoiKMAqdmk1CUdY5Ykb3JtSbPxipsF9U7ytlmRWlRT6yuGmEwc6NRoocPMmeFEz9HZn-YFvygisAfMoUHkhJWbzICDX-l3Z=w2000-h1500-s-no-gm?authuser=0\" width=\"2000\" height=\"1500\" alt=\"Sele\u00e7\u00e3o de sashimi e chirashi sushi\" class=\"size-medium\" \/><\/a><figcaption class=\"wp-caption-text\">Sele\u00e7\u00e3o de sashimi e chirashi sushi<\/figcaption><\/figure>\n<figure class=\"wp-caption aligncenter\"><a href=\"https:\/\/photos.google.com\/share\/AF1QipN1hcPU22XDeISCUqDzRKAdKRjGsGAUOk3Nh4HMAnlIRQOAseEattBv-DVyVd8Cmg\/photo\/AF1QipOsWtJDr8cEelXfZt-lvLJwLZiH_Z2Ts5sWQgY?key=VWtXWmlYZUFIUEhoaDdZVFlGUnl1U2ZWb3VYNzRR\" target=\"_blank\"><img decoding=\"async\" src=\"https:\/\/lh3.googleusercontent.com\/pw\/AP1GczN6uKmoKFXTZSC-RxnpnL4iR0-OHhpk8JzOEcfNgcn6gAVsZJOPIt1Mm-EzKPNdbO0qYsD35x2Q8J27lqZEZE1YiBBs_bYCJX1J4-FE-WG3fct1l9FnRJ1gJN033OWebCLGNwycgnUwnhN25gMNxD4F=w2000-h1500-s-no-gm?authuser=0\" width=\"2000\" height=\"1500\" alt=\"bolo de sobremesa\" class=\"size-medium\" \/><\/a><figcaption class=\"wp-caption-text\">bolo de sobremesa<\/figcaption><\/figure>\n<p>&quot;Comer uma comida deliciosa juntos \u00e9 a magia mais poderosa que une os cora\u00e7\u00f5es&quot;, e, como diz o ditado, as express\u00f5es das pessoas reunidas \u00e0 mesa, conversando animadamente, transbordavam alegria. Compartilhavam bebidas e exclamavam: &quot;Est\u00e1 delicioso!&quot;. Havia uma conex\u00e3o genu\u00edna entre as pessoas, que transcendia as barreiras de posi\u00e7\u00e3o social e idade.<\/p>\n<p>Em outra mesa, as pessoas desfrutavam de comida preparada com esmero e compartilhavam suas lembran\u00e7as dos momentos que passaram com Sano.<\/p>\n<p>Conectando cora\u00e7\u00f5es atrav\u00e9s da comida. Este momento casual, por\u00e9m extremamente enriquecedor, me convenceu de que \u00e9 isso que fortalece os la\u00e7os da comunidade Hokuryu mais do que qualquer outra coisa.<\/p>\n<figure class=\"wp-caption aligncenter\"><a href=\"https:\/\/photos.google.com\/share\/AF1QipN1hcPU22XDeISCUqDzRKAdKRjGsGAUOk3Nh4HMAnlIRQOAseEattBv-DVyVd8Cmg\/photo\/AF1QipNx30VxUgz9LF8PGfy1I0H_Y-BJHCy9clvmobA?key=VWtXWmlYZUFIUEhoaDdZVFlGUnl1U2ZWb3VYNzRR\" target=\"_blank\"><img decoding=\"async\" src=\"https:\/\/lh3.googleusercontent.com\/pw\/AP1GczOvOzEHrTTsQz3nbzCfduPugLvyOfJa24DJMxmYdkYRJgegi8lQ1XGuBKSwgqHUyUVHVeI0xhXmc-TLHIzy7Qp9x32CzNYQOPhpzWTjcrqmv_d_7YBQB4Bjt0VSPZmV6IudhfgDpx0b3Wxjp6O0zDwY=w2000-h1500-s-no-gm?authuser=0\" width=\"2000\" height=\"1500\" alt=\"Mais de 100 participantes\" class=\"size-medium\" \/><\/a><figcaption class=\"wp-caption-text\">Mais de 100 participantes<\/figcaption><\/figure>\n<figure class=\"wp-caption aligncenter\"><a href=\"https:\/\/photos.google.com\/share\/AF1QipN1hcPU22XDeISCUqDzRKAdKRjGsGAUOk3Nh4HMAnlIRQOAseEattBv-DVyVd8Cmg\/photo\/AF1QipNTkj59J18ljb_vQUSqDYQN5dRDVVdZIzOvPVM?key=VWtXWmlYZUFIUEhoaDdZVFlGUnl1U2ZWb3VYNzRR\" target=\"_blank\"><img decoding=\"async\" src=\"https:\/\/lh3.googleusercontent.com\/pw\/AP1GczOeoWeYVd7va06A90jepYDDy1JxMqTgrQorXeN3LPWG8OMv5Bcrpsb5ycnTItTve75_C_-3RcTXWbPZLrqwD3JuOYUPE2v6XW-poUWgekt_5zhzlwakw7p2fRwJfTJWOFFa9_Y-Ewy7B3Ot60PdpxJP=w2000-h1500-s-no-gm?authuser=0\" width=\"2000\" height=\"1500\" alt=\"Mesa de pinho\" class=\"size-medium\" \/><\/a><figcaption class=\"wp-caption-text\">Mesa de pinho<\/figcaption><\/figure>\n<figure class=\"wp-caption aligncenter\"><a href=\"https:\/\/photos.google.com\/share\/AF1QipN1hcPU22XDeISCUqDzRKAdKRjGsGAUOk3Nh4HMAnlIRQOAseEattBv-DVyVd8Cmg\/photo\/AF1QipMIwbQ0z1BjG20O6BAk6mMH2ItGMj_5GNs9Ido?key=VWtXWmlYZUFIUEhoaDdZVFlGUnl1U2ZWb3VYNzRR\" target=\"_blank\"><img decoding=\"async\" src=\"https:\/\/lh3.googleusercontent.com\/pw\/AP1GczPPCtnTwWbFQEGD7HZgUVQQBpRdbcaME5wc5103jfm6dBEOQOu2dWUodilnlyoVv17UqEYW7Tksg_PD3YH3QfJ4hGslZtZpjuXBphwcwfOPRrln9blPtO1nnCG044sWMJnsOU2p69AvjgbtfYL60h03=w2000-h1500-s-no-gm?authuser=0\" width=\"2000\" height=\"1500\" alt=\"Mesa de bambu\" class=\"size-medium\" \/><\/a><figcaption class=\"wp-caption-text\">Mesa de bambu<\/figcaption><\/figure>\n<figure class=\"wp-caption aligncenter\"><a href=\"https:\/\/photos.google.com\/share\/AF1QipN1hcPU22XDeISCUqDzRKAdKRjGsGAUOk3Nh4HMAnlIRQOAseEattBv-DVyVd8Cmg\/photo\/AF1QipOE6DPd34L9squS1P2w8Wr94kRvQuL9tlpUaFw?key=VWtXWmlYZUFIUEhoaDdZVFlGUnl1U2ZWb3VYNzRR\" target=\"_blank\"><img decoding=\"async\" src=\"https:\/\/lh3.googleusercontent.com\/pw\/AP1GczM2fmqwnYo1SGotAnVTgDvI8CiZPqg2JbN1RoRT0WYhBBHUOI3eEhOEAzEcNzNOEZY3y4uhqW4AcsTtHqPKZBgF0HvEjmZwoE5dLATumw7ZnARbtj_vXziKnr3sxX2BZUP-N3zQsLzCCtJ2kYEQo04z=w2000-h1500-s-no-gm?authuser=0\" width=\"2000\" height=\"1500\" alt=\"Mesa de guindaste\" class=\"size-medium\" \/><\/a><figcaption class=\"wp-caption-text\">Mesa de guindaste<\/figcaption><\/figure>\n<figure class=\"wp-caption aligncenter\"><a href=\"https:\/\/photos.google.com\/share\/AF1QipN1hcPU22XDeISCUqDzRKAdKRjGsGAUOk3Nh4HMAnlIRQOAseEattBv-DVyVd8Cmg\/photo\/AF1QipM0MZt9lZEMDccObNmk6Id-WfI-RAigb1NcTbU?key=VWtXWmlYZUFIUEhoaDdZVFlGUnl1U2ZWb3VYNzRR\" target=\"_blank\"><img decoding=\"async\" src=\"https:\/\/lh3.googleusercontent.com\/pw\/AP1GczPYHlShrepyFG1u5WDo9CT6OLiwhFAvVG4eNKcIYsKk2cEvBAec2NAgaTqlnPHYerONWZQMjLiZQHZF2FPtnVbpWDEPedpCATUUTcMrSXkuJS-ADnr3I3SCB3WNoZJcXEbLbemeqX8PeArq3228Y_oW=w2000-h1500-s-no-gm?authuser=0\" width=\"2000\" height=\"1500\" alt=\"Mesa de ameixa\" class=\"size-medium\" \/><\/a><figcaption class=\"wp-caption-text\">Mesa de ameixa<\/figcaption><\/figure>\n<figure class=\"wp-caption aligncenter\"><a href=\"https:\/\/photos.google.com\/share\/AF1QipN1hcPU22XDeISCUqDzRKAdKRjGsGAUOk3Nh4HMAnlIRQOAseEattBv-DVyVd8Cmg\/photo\/AF1QipMB0tvRtM-21jrZnaxp7ZYaiFHnCiNQwYv6Ccw?key=VWtXWmlYZUFIUEhoaDdZVFlGUnl1U2ZWb3VYNzRR\" target=\"_blank\"><img decoding=\"async\" src=\"https:\/\/lh3.googleusercontent.com\/pw\/AP1GczNkdNhvutUdfh-rMSV7SxqI_NDu3SXtan8lpcxK0huQSwsPX4w0-pYDUOBxUT9I7k3hebvZgrUxpubKO0Ln_CHKplZWqC2dW-06a2z0gyFesOFy7gevgkaUhZsphXVudMiJvxX35SvBkOCpZOf_xNKU=w2000-h1500-s-no-gm?authuser=0\" width=\"2000\" height=\"1500\" alt=\"Mesa de Tartaruga\" class=\"size-medium\" \/><\/a><figcaption class=\"wp-caption-text\">Mesa de Tartaruga<\/figcaption><\/figure>\n<figure class=\"wp-caption aligncenter\"><a href=\"https:\/\/photos.google.com\/share\/AF1QipN1hcPU22XDeISCUqDzRKAdKRjGsGAUOk3Nh4HMAnlIRQOAseEattBv-DVyVd8Cmg\/photo\/AF1QipPy8Q3fT5GMuTsnknuTjc_btzyfkimQs_relds?key=VWtXWmlYZUFIUEhoaDdZVFlGUnl1U2ZWb3VYNzRR\" target=\"_blank\"><img decoding=\"async\" src=\"https:\/\/lh3.googleusercontent.com\/pw\/AP1GczMasniaLke10xcoF2Isf2XAcuJvPGahmg43TYRR1lrgJP-2nM0TBfi6vT_u76x8fSLYTqEraQjF0xFKgVeE0lXHymYzuakqpJaSWVYm6GmG-bGu2e5DQGV2SenutCCckXh-y8YKsGD8DXtvQlXf8Dhs=w2000-h1500-s-no-gm?authuser=0\" width=\"2000\" height=\"1500\" alt=\"Mesa dourada\" class=\"size-medium\" \/><\/a><figcaption class=\"wp-caption-text\">Mesa dourada<\/figcaption><\/figure>\n<figure class=\"wp-caption aligncenter\"><a href=\"https:\/\/photos.google.com\/share\/AF1QipN1hcPU22XDeISCUqDzRKAdKRjGsGAUOk3Nh4HMAnlIRQOAseEattBv-DVyVd8Cmg\/photo\/AF1QipO2lu1icpLR-cL7j1LJzX55r1Lkq3v4dI9nYZA?key=VWtXWmlYZUFIUEhoaDdZVFlGUnl1U2ZWb3VYNzRR\" target=\"_blank\"><img decoding=\"async\" src=\"https:\/\/lh3.googleusercontent.com\/pw\/AP1GczNt_Wc3SsZ8VfKY2YIy4WyrDnyuj2KCZyxCDtaLNABSYGOgFfjzuJcwwReGxMDYBMrOATqx6_AHKZg5e4Rc6U6CovUiCwJlKTwOgEJWtCyyTtVjxEbeKoPUbcj5cZ8jrKHxNBZsLU34dw1VpLbpgjVU=w2000-h1500-s-no-gm?authuser=0\" width=\"2000\" height=\"1500\" alt=\"Mesa Kotobuki\" class=\"size-medium\" \/><\/a><figcaption class=\"wp-caption-text\">Mesa Kotobuki<\/figcaption><\/figure>\n<figure class=\"wp-caption aligncenter\"><a href=\"https:\/\/photos.google.com\/share\/AF1QipN1hcPU22XDeISCUqDzRKAdKRjGsGAUOk3Nh4HMAnlIRQOAseEattBv-DVyVd8Cmg\/photo\/AF1QipOoZJ8zkTD8o_8zjqxt4dNktb0vpo7-0CAXHtA?key=VWtXWmlYZUFIUEhoaDdZVFlGUnl1U2ZWb3VYNzRR\" target=\"_blank\"><img decoding=\"async\" src=\"https:\/\/lh3.googleusercontent.com\/pw\/AP1GczN-mu5QIlSqpNRoffeNeFkizOSrlhf04myutbjIGGfZmsIOZc6Mcn5UfENwkxSvdmRzt_hlbgNbyoGvmiF4Yiy3zWjD1Gm2kdctQoR1RPj7U-X17DTq3qG1TDVRXNjdmIzA5AWVKr179GgwTOS9Pzrk=w2000-h1500-s-no-gm?authuser=0\" width=\"2000\" height=\"1500\" alt=\"Mesa de Prata\" class=\"size-medium\" \/><\/a><figcaption class=\"wp-caption-text\">Mesa de Prata<\/figcaption><\/figure>\n<figure class=\"wp-caption aligncenter\"><a href=\"https:\/\/photos.google.com\/share\/AF1QipN1hcPU22XDeISCUqDzRKAdKRjGsGAUOk3Nh4HMAnlIRQOAseEattBv-DVyVd8Cmg\/photo\/AF1QipP5iTAGzMtKAXbY0DMUZNc_1cAY9-SKOnhtWa8?key=VWtXWmlYZUFIUEhoaDdZVFlGUnl1U2ZWb3VYNzRR\" target=\"_blank\"><img decoding=\"async\" src=\"https:\/\/lh3.googleusercontent.com\/pw\/AP1GczPGgj6bsaFWCe-zkvnQTYATzbIKtvlZSsBN1DD3XmRdX8viU3ZhRSofaEaDHM9cuhqpqwclRyjggvtxoYgofJet8dy0Vdt2y-qEwSIrFQT6jLipdfaiIKEXOpo-2eLRz_dCJkcXmh7byeRBk9NdcCDD=w2000-h1500-s-no-gm?authuser=0\" width=\"2000\" height=\"1500\" alt=\"Mesa Nishiki\" class=\"size-medium\" \/><\/a><figcaption class=\"wp-caption-text\">Mesa Nishiki<\/figcaption><\/figure>\n<figure class=\"wp-caption aligncenter\"><a href=\"https:\/\/photos.google.com\/share\/AF1QipN1hcPU22XDeISCUqDzRKAdKRjGsGAUOk3Nh4HMAnlIRQOAseEattBv-DVyVd8Cmg\/photo\/AF1QipM7B_aSzHe6UUkz6E67xub6hCJNOoeb0_iN_ME?key=VWtXWmlYZUFIUEhoaDdZVFlGUnl1U2ZWb3VYNzRR\" target=\"_blank\"><img decoding=\"async\" src=\"https:\/\/lh3.googleusercontent.com\/pw\/AP1GczOEJlfaBvzAHXTnis0KSY3trASE1AcoMb6jB4wleh1aVSu-kxoxlxZMG9aA_HwMUGX4KMNZKzHLEUPMYgR_8wdjOd7iAxOSOQovtNOw9EkS51DkMIrUktpiQ_gH4nqfpColToxxeUmJYVUUAVkZWYAv=w2000-h1500-s-no-gm?authuser=0\" width=\"2000\" height=\"1500\" alt=\"Tabela Aoi\" class=\"size-medium\" \/><\/a><figcaption class=\"wp-caption-text\">Tabela Aoi<\/figcaption><\/figure>\n<h3>Tr\u00eas vivas: Masahito Fujii, presidente da C\u00e2mara de Com\u00e9rcio e Ind\u00fastria da cidade de Hokuryu!<\/h3>\n<figure class=\"wp-caption aligncenter\"><a href=\"https:\/\/photos.google.com\/share\/AF1QipN1hcPU22XDeISCUqDzRKAdKRjGsGAUOk3Nh4HMAnlIRQOAseEattBv-DVyVd8Cmg\/photo\/AF1QipNv3cFK-RqcBBheS_rSnHI0EAqCwOlpw6OIN1c?key=VWtXWmlYZUFIUEhoaDdZVFlGUnl1U2ZWb3VYNzRR\" target=\"_blank\"><img decoding=\"async\" src=\"https:\/\/lh3.googleusercontent.com\/pw\/AP1GczOWmVUNdyhJMvIkoLvnMN36ocwCcFWCKdU4R-DGzwTB4X3xODT4QabH5k2nMdaWljt45VTq-XuEdcv-rGzZl0U_ag5vmlvf2aq0yE0nt4E0EDqvEowWL_ngipQ8BoHZjnbpB_U5YxrxcZh9qFft39lF=w2000-h1125-s-no-gm?authuser=0\" width=\"2000\" height=\"1125\" alt=\"O Sr. Masahito Fujii, Presidente da C\u00e2mara de Com\u00e9rcio da cidade de Hokuryu.\" class=\"size-medium\" \/><\/a><figcaption class=\"wp-caption-text\">O Sr. Masahito Fujii, Presidente da C\u00e2mara de Com\u00e9rcio da cidade de Hokuryu.<\/figcaption><\/figure>\n<figure class=\"wp-caption aligncenter\"><a href=\"https:\/\/photos.google.com\/share\/AF1QipN1hcPU22XDeISCUqDzRKAdKRjGsGAUOk3Nh4HMAnlIRQOAseEattBv-DVyVd8Cmg\/photo\/AF1QipPdSZksZ0UJ5TgFB4-MmNbqoWN02ZQpNs0Cp_g?key=VWtXWmlYZUFIUEhoaDdZVFlGUnl1U2ZWb3VYNzRR\" target=\"_blank\"><img decoding=\"async\" src=\"https:\/\/lh3.googleusercontent.com\/pw\/AP1GczPKpzVPb0x2NreQKH6ewH3QfOri3RM5oZksRSpYLj1CeC7GqXkTzVbDCZBxo9iBflRzfghNEUh8ihK3QXlMRb6DCjAJ9ST_6_KxvioNDFspnt19oguRx7c_IWyqyYk1BMXzzfGZwDgNNZtD4ZdlCJve=w2000-h1125-s-no-gm?authuser=0\" width=\"2000\" height=\"1125\" alt=\"Tr\u00eas vivas!!!\" class=\"size-medium\" \/><\/a><figcaption class=\"wp-caption-text\">Tr\u00eas vivas!!!<\/figcaption><\/figure>\n<h3>Conclus\u00e3o: A cidade de Hokuryu mostra ao mundo um exemplo de sociedade pac\u00edfica.<\/h3>\n<p>A cerim\u00f4nia e a celebra\u00e7\u00e3o da nomea\u00e7\u00e3o de Yutaka Sano como cidad\u00e3o honor\u00e1rio da cidade de Hokuryu n\u00e3o foram apenas uma oportunidade para homenagear um grande contribuinte, mas tamb\u00e9m um ritual sagrado para reafirmar o &quot;esp\u00edrito de harmonia&quot; compartilhado por toda a cidade de Hokuryu.<\/p>\n<p>Em vez de se vangloriarem de sua autoridade ou posi\u00e7\u00e3o, as pessoas s\u00e3o atenciosas com os outros e expressam gratid\u00e3o umas pelas outras. S\u00e3o gratas pelas d\u00e1divas da natureza e compartilham sorrisos \u00e0 mesa de jantar. Essa vida cotidiana e despretensiosa em Hokuryu \u00e9 certamente um microcosmo da sociedade pac\u00edfica que o mundo deveria almejar.<\/p>\n<p>Parab\u00e9ns ao prefeito Sano da cidade de Buzen e \u00e0 sua esposa, Tomoko. O profundo amor e gratid\u00e3o que voc\u00eas dois constru\u00edram juntos certamente ser\u00e3o transmitidos para sempre como motivo de orgulho para a cidade de Hokuryu.<\/p>\n<h3>Despedindo-se<\/h3>\n<figure class=\"wp-caption aligncenter\"><a href=\"https:\/\/photos.google.com\/share\/AF1QipN1hcPU22XDeISCUqDzRKAdKRjGsGAUOk3Nh4HMAnlIRQOAseEattBv-DVyVd8Cmg\/photo\/AF1QipMrCSxAc4pBn1TwuTG1dzOJwHq_aIG8HTBivq4?key=VWtXWmlYZUFIUEhoaDdZVFlGUnl1U2ZWb3VYNzRR\" target=\"_blank\"><img decoding=\"async\" src=\"https:\/\/lh3.googleusercontent.com\/pw\/AP1GczPM3LBS8VhAtzytLgPQpx78-y2zh4Ntn_g8512_eeEK9hCA2uOJfwRa0dQtgsP6R7yMgwwA3Aop8JaOjdalKZsL8UU7wvqDF7L-c5NZEPFrx3D4pZfRVT7AhvKHKTl2QbaxY1V2JuG2OOFQkNX_0FrF=w2000-h1125-s-no-gm?authuser=0\" width=\"2000\" height=\"1125\" alt=\"Despedindo-se\" class=\"size-medium\" \/><\/a><figcaption class=\"wp-caption-text\">Despedindo-se<\/figcaption><\/figure>\n<figure class=\"wp-caption aligncenter\"><a href=\"https:\/\/photos.google.com\/share\/AF1QipN1hcPU22XDeISCUqDzRKAdKRjGsGAUOk3Nh4HMAnlIRQOAseEattBv-DVyVd8Cmg\/photo\/AF1QipPsTweQrm9HiADOmf0d20CIl7yA1jnNWguraDE?key=VWtXWmlYZUFIUEhoaDdZVFlGUnl1U2ZWb3VYNzRR\" target=\"_blank\"><img decoding=\"async\" src=\"https:\/\/lh3.googleusercontent.com\/pw\/AP1GczPq8yZQxxJXIfwiB-vQKQB8KciRGuE1qDNGqzOYuQiV0pNSfi6DMDvolw0Wi4K_vjYxJHLqIL0IJgCROBacdr8ytS6_05JxJcWWSCE9bINixkCvWfZJmOj8jIDFifYxnOf_5Uh8vmB6SwcKXC03fDfC=w2000-h1125-s-no-gm?authuser=0\" width=\"2000\" height=\"1125\" alt=\"Com gratid\u00e3o!\" class=\"size-medium\" \/><\/a><figcaption class=\"wp-caption-text\">Com gratid\u00e3o!<\/figcaption><\/figure>\n<figure class=\"wp-caption aligncenter\"><a href=\"https:\/\/photos.google.com\/share\/AF1QipN1hcPU22XDeISCUqDzRKAdKRjGsGAUOk3Nh4HMAnlIRQOAseEattBv-DVyVd8Cmg\/photo\/AF1QipP-NlZwJLIJ1lzpd663oHoTiNBpRmlCniyZ5E8?key=VWtXWmlYZUFIUEhoaDdZVFlGUnl1U2ZWb3VYNzRR\" target=\"_blank\"><img decoding=\"async\" src=\"https:\/\/lh3.googleusercontent.com\/pw\/AP1GczN4y2icQVDNmUUyT_XUZTfcF31ff7QBLWephgVdihcdMXL-ZgT3DeZn-ur48Wj7RrY_aIWi23FKkXQewcdT6v7nfsbpsfX8TXqKXjIlJ8OmarHzqLIgGnF9ePop9QoMUWlzCeYrppYTag2pn8f5lydo=w2000-h1500-s-no-gm?authuser=0\" width=\"2000\" height=\"1500\" alt=\"Lembran\u00e7a (conjunto de soja Kurosengoku)\" class=\"size-medium\" \/><\/a><figcaption class=\"wp-caption-text\">Lembran\u00e7a (conjunto de soja Kurosengoku)<\/figcaption><\/figure>\n<p>&lt;Foto comemorativa&gt;<\/p>\n<figure class=\"wp-caption aligncenter\"><a href=\"https:\/\/photos.google.com\/share\/AF1QipN1hcPU22XDeISCUqDzRKAdKRjGsGAUOk3Nh4HMAnlIRQOAseEattBv-DVyVd8Cmg\/photo\/AF1QipPElLtxIlroQgak-VC5qYMD5GG3hkUZjkM2sUA?key=VWtXWmlYZUFIUEhoaDdZVFlGUnl1U2ZWb3VYNzRR\" target=\"_blank\"><img decoding=\"async\" src=\"https:\/\/lh3.googleusercontent.com\/pw\/AP1GczMzQQCn_fjN4dlbuAsIiECpShuUSTCYUloe3dGEJzq0JDqw6JPrtIcIXE_Q3tStlx86zk7gYWmxZwbXCJaMZms0FkgVx4oJshgDZMdpMqvFvJABcAgCK36puBKG4ajM3iIau1r3xLbEJjc5MeZi28Na=w2000-h1125-s-no-gm?authuser=0\" width=\"2000\" height=\"1125\" alt=\"Foto comemorativa com a fam\u00edlia\" class=\"size-medium\" \/><\/a><figcaption class=\"wp-caption-text\">Foto comemorativa com a fam\u00edlia<\/figcaption><\/figure>\n<p>Na sociedade atual, onde os conflitos e as divis\u00f5es s\u00e3o intermin\u00e1veis, oferecemos nosso amor, gratid\u00e3o e ora\u00e7\u00f5es infinitos \u00e0 Celebra\u00e7\u00e3o de Cidad\u00e3o Honor\u00e1rio em homenagem a Yutaka Sano, que acende uma chama de esperan\u00e7a nos cora\u00e7\u00f5es das pessoas em todo o mundo.<\/p>\n<figure class=\"wp-caption aligncenter\"><a href=\"https:\/\/photos.google.com\/share\/AF1QipN1hcPU22XDeISCUqDzRKAdKRjGsGAUOk3Nh4HMAnlIRQOAseEattBv-DVyVd8Cmg\/photo\/AF1QipNNF_XweaDxdTbg0y23qdxEjIRE3goD5dVvxCY?key=VWtXWmlYZUFIUEhoaDdZVFlGUnl1U2ZWb3VYNzRR\" target=\"_blank\"><img decoding=\"async\" src=\"https:\/\/lh3.googleusercontent.com\/pw\/AP1GczNallIkY33bNJyUQy2tw_DBNhHRILbr-oUKj4ba0fd7wdU9LzWcNeRWGdJeVjaeEqWq4DJunr-Sd5_TN_nNkeuALHuDgtg83KFb3uusRDBXT9Bwn5B5jS6gYAusWREApjUdONZb-wp_mJ7fjIsfaDSm=w2000-h1333-s-no-gm?authuser=0\" width=\"2000\" height=\"1333\" alt=\"Com gratid\u00e3o a Yutaka Sano, que irradia luz, por sua &quot;Celebra\u00e7\u00e3o de Cidad\u00e3o Honor\u00e1rio da Cidade&quot;!\" class=\"size-medium\" \/><\/a><figcaption class=\"wp-caption-text\">Com gratid\u00e3o a Yutaka Sano, que irradia luz, por sua &quot;Celebra\u00e7\u00e3o de Cidad\u00e3o Honor\u00e1rio da Cidade&quot;!<\/figcaption><\/figure>\n<h2>v\u00eddeos do YouTube<\/h2>\n<div class=\"youtube\"><iframe title=\"Parab\u00e9ns! Cerim\u00f4nia e celebra\u00e7\u00e3o para Yutaka Sano, cidad\u00e3o honor\u00e1rio da cidade de Hokuryu | Um la\u00e7o de gratid\u00e3o tecido atrav\u00e9s de meio s\u00e9culo de dedica\u00e7\u00e3o e o &quot;esp\u00edrito de harmonia&quot;\" src=\"https:\/\/www.youtube.com\/embed\/W6DHJiXzbMQ?feature=oembed\" frameborder=\"0\" allow=\"accelerometer; autoplay; clipboard-write; encrypted-media; gyroscope; picture-in-picture; web-share\" referrerpolicy=\"strict-origin-when-cross-origin\" allowfullscreen><\/iframe><\/div>\n<h2>Outras fotos<\/h2>\n<div class=\"img-move\"><img decoding=\"async\" style=\"vertical-align: middle;\" src=\"https:\/\/ehokkaido.net\/wp-content\/uploads\/2021\/12\/2021-12-06-11.41.12.png\" \/> <a href=\"https:\/\/photos.app.goo.gl\/MSDDb4TcsFn7xmMTA\" target=\"_blank\" rel=\"noopener noreferrer\">Parab\u00e9ns! As fotos (160 fotos) da cerim\u00f4nia e celebra\u00e7\u00e3o em homenagem a Yutaka Sano como cidad\u00e3o honor\u00e1rio da cidade de Hokuryu est\u00e3o dispon\u00edveis aqui &gt;&gt;<\/a><\/div>\n<h2>Sites relacionados<\/h2>\n\n        <div class=\"site-blogcard-premium\">\n            <div class=\"bc-label-custom\">Artigos relacionados<\/div>\n            <div class=\"bc-flex-container\">\n                <div class=\"bc-main-text\">\n                    <div class=\"bc-title-link-box\">\n                        <a href=\"https:\/\/portal.hokuryu.info\/pt\/61207\/\" target=\"_blank\">https:\/\/portal.hokuryu.info\/61207<\/a>\n                    <\/div>\n                    <div class=\"bc-excerpt-box\">N\u00e3o foi poss\u00edvel recuperar as informa\u00e7\u00f5es da p\u00e1gina.<\/div>\n                <\/div>\n                <div class=\"bc-thumbnail-box\">\n                    <a href=\"https:\/\/portal.hokuryu.info\/pt\/61207\/\" target=\"_blank\">\n                        <div class=\"bc-img-zoom-wrap\">\n                            <img decoding=\"async\" src=\"https:\/\/portal.hokuryu.info\/wp\/wp-content\/uploads\/2026\/02\/20230802DSC06445_1.jpg\" alt=\"https:\/\/portal.hokuryu.info\/61207\">\n                        <\/div>\n                    <\/a>\n                <\/div>\n            <\/div>\n        <\/div>\n\n        <div class=\"site-blogcard-premium\">\n            <div class=\"bc-label-custom\">Artigos relacionados<\/div>\n            <div class=\"bc-flex-container\">\n                <div class=\"bc-main-text\">\n                    <div class=\"bc-title-link-box\">\n                        <a href=\"https:\/\/portal.hokuryu.info\/pt\/54046\/\" target=\"_blank\">https:\/\/portal.hokuryu.info\/54046<\/a>\n                    <\/div>\n                    <div class=\"bc-excerpt-box\">N\u00e3o foi poss\u00edvel recuperar as informa\u00e7\u00f5es da p\u00e1gina.<\/div>\n                <\/div>\n                <div class=\"bc-thumbnail-box\">\n                    <a href=\"https:\/\/portal.hokuryu.info\/pt\/54046\/\" target=\"_blank\">\n                        <div class=\"bc-img-zoom-wrap\">\n                            <img decoding=\"async\" src=\"https:\/\/portal.hokuryu.info\/wp\/wp-content\/uploads\/2026\/02\/20230802DSC06445_1.jpg\" alt=\"https:\/\/portal.hokuryu.info\/54046\">\n                        <\/div>\n                    <\/a>\n                <\/div>\n            <\/div>\n        <\/div>\n\n        <div class=\"site-blogcard-premium\">\n            <div class=\"bc-label-custom\">Artigos relacionados<\/div>\n            <div class=\"bc-flex-container\">\n                <div class=\"bc-main-text\">\n                    <div class=\"bc-title-link-box\">\n                        <a href=\"https:\/\/portal.hokuryu.info\/pt\/category\/others\/sano-yutaka-formermayor\/\" target=\"_blank\">Relat\u00f3rio de atividades do ex-prefeito Yutaka Sano da cidade de Hokuryu (categoria)<\/a>\n                    <\/div>\n                    <div class=\"bc-excerpt-box\">Apresentando a p\u00e1gina do Facebook dos relat\u00f3rios de atividades do prefeito da cidade de Hokuryu, Yutaka Sano.\n<\/div>\n                <\/div>\n                <div class=\"bc-thumbnail-box\">\n                    <a href=\"https:\/\/portal.hokuryu.info\/pt\/category\/others\/sano-yutaka-formermayor\/\" target=\"_blank\">\n                        <div class=\"bc-img-zoom-wrap\">\n                            <img decoding=\"async\" src=\"https:\/\/portal.hokuryu.info\/wp\/wp-content\/uploads\/2026\/02\/20230802DSC06445_1.jpg\" alt=\"Relat\u00f3rio de atividades do ex-prefeito Yutaka Sano da cidade de Hokuryu (categoria)\">\n                        <\/div>\n                    <\/a>\n                <\/div>\n            <\/div>\n        <\/div>\n<div class=\"img-move\">\n<a href=\"https:\/\/portal.hokuryu.info\/pt\/62509\/\">\ud83d\udd8b\ufe0f Planejamento de conte\u00fado, reda\u00e7\u00e3o de artigos, sele\u00e7\u00e3o de fotos e cria\u00e7\u00e3o de v\u00eddeos: Ikuko Terauchi<img decoding=\"async\" style=\"vertical-align: middle;\" src=\"https:\/\/ehokkaido.net\/wp-content\/uploads\/2021\/12\/2021-12-06-11.41.12.png\" \/> Fotografia, edi\u00e7\u00e3o e gest\u00e3o do site: Noboru Terauchi<\/a><\/div>\n<p>\u25c7<\/p>","protected":false},"excerpt":{"rendered":"<p>2026\u5e742\u67082\uff17\u65e5\uff08\u91d1\uff09 2\u670822\u65e5\uff08\u65e5\uff09\u3001\u524d\u5317\u7adc\u753a\u9577\u30fb\u4f50\u91ce\u8c4a\u6c0f\u3092\u540d\u8a89\u753a\u6c11\u3068\u3057\u3066\u8b83\u3048\u308b\u63a8\u6234\u5f0f\u3068\u795d\u8cc0\u4f1a\u304c\u76db\u5927\u306b\u958b\u50ac\u3055\u308c\u307e\u3057\u305f\u300218\u6b73\u304b\u3089\u534a\u4e16\u7d00\u4ee5\u4e0a\u306b\u308f\u305f\u308a\u753a\u306b\u5c3d\u304f\u3057\u305f\u4f50\u91ce\u6c0f\u3002\u753a\u6c11\u4e00\u4eba\u3072\u3068\u308a\u3092\u4e3b\u5f79\u3068\u3059\u308b [&hellip;]<\/p>\n","protected":false},"author":1,"featured_media":70090,"comment_status":"open","ping_status":"open","sticky":false,"template":"","format":"standard","meta":{"footnotes":""},"categories":[4,75,14],"tags":[],"class_list":["post-70029","post","type-post","status-publish","format-standard","has-post-thumbnail","hentry","category-cover-story","category-sasaki-yasuhiro-mayor","category-hokuryu-town"],"_links":{"self":[{"href":"https:\/\/portal.hokuryu.info\/pt\/wp-json\/wp\/v2\/posts\/70029","targetHints":{"allow":["GET"]}}],"collection":[{"href":"https:\/\/portal.hokuryu.info\/pt\/wp-json\/wp\/v2\/posts"}],"about":[{"href":"https:\/\/portal.hokuryu.info\/pt\/wp-json\/wp\/v2\/types\/post"}],"author":[{"embeddable":true,"href":"https:\/\/portal.hokuryu.info\/pt\/wp-json\/wp\/v2\/users\/1"}],"replies":[{"embeddable":true,"href":"https:\/\/portal.hokuryu.info\/pt\/wp-json\/wp\/v2\/comments?post=70029"}],"version-history":[{"count":15,"href":"https:\/\/portal.hokuryu.info\/pt\/wp-json\/wp\/v2\/posts\/70029\/revisions"}],"predecessor-version":[{"id":70221,"href":"https:\/\/portal.hokuryu.info\/pt\/wp-json\/wp\/v2\/posts\/70029\/revisions\/70221"}],"wp:featuredmedia":[{"embeddable":true,"href":"https:\/\/portal.hokuryu.info\/pt\/wp-json\/wp\/v2\/media\/70090"}],"wp:attachment":[{"href":"https:\/\/portal.hokuryu.info\/pt\/wp-json\/wp\/v2\/media?parent=70029"}],"wp:term":[{"taxonomy":"category","embeddable":true,"href":"https:\/\/portal.hokuryu.info\/pt\/wp-json\/wp\/v2\/categories?post=70029"},{"taxonomy":"post_tag","embeddable":true,"href":"https:\/\/portal.hokuryu.info\/pt\/wp-json\/wp\/v2\/tags?post=70029"}],"curies":[{"name":"wp","href":"https:\/\/api.w.org\/{rel}","templated":true}]}}