{"id":68404,"date":"2026-01-21T13:36:39","date_gmt":"2026-01-21T04:36:39","guid":{"rendered":"https:\/\/portal.hokuryu.info\/?p=68404"},"modified":"2026-02-02T04:23:37","modified_gmt":"2026-02-01T19:23:37","slug":"%e3%80%8c%e9%a1%94%e3%82%92%e8%a6%8b%e5%90%88%e3%82%8f%e3%81%9b%e3%82%8b%e3%80%8d%e3%81%93%e3%81%a8%e3%81%8c%e4%b8%80%e7%95%aa%e3%81%ae%e5%ae%9d%e7%89%a9%e3%80%82%e5%92%8c%ef%bc%88%e3%82%84%e3%82%8f","status":"publish","type":"post","link":"https:\/\/portal.hokuryu.info\/pt\/68404\/","title":{"rendered":"&quot;Ver o rosto um do outro&quot; \u00e9 a coisa mais preciosa. Os la\u00e7os afetuosos forjados na Festa de Ano Novo de 2026 da Associa\u00e7\u00e3o de Moradores de Yawara."},"content":{"rendered":"<p>Quarta-feira, 21 de janeiro de 2026<\/p>\n<div class=\"ep-box es-BpaperRight es-grid bgc-VPsky\"> A Associa\u00e7\u00e3o de Moradores de Yawara realizou uma festa de Ano Novo na cidade nevada de Hokuryu. Embora os eventos locais tenham sido reduzidos devido a medidas de otimiza\u00e7\u00e3o, os moradores optaram por continuar, valorizando a import\u00e2ncia dos &quot;cumprimentos presenciais&quot;. Elogios por servi\u00e7os prestados, brindes para transmitir a hist\u00f3ria e conversas alegres. O caloroso &quot;esp\u00edrito de harmonia&quot; dissipou o frio do inverno e proporcionou um dia emocionante que fortalecer\u00e1 os la\u00e7os da comunidade com o futuro. <\/div>\n<h2>&quot;Ver o rosto um do outro&quot; \u00e9 a coisa mais preciosa. Os la\u00e7os afetuosos criados na festa de Ano Novo da Associa\u00e7\u00e3o de Moradores de Yawara.<\/h2>\n<p>\u00c9 janeiro na cidade de Hokuryu e a neve cai sem parar. Apesar do frio intenso l\u00e1 fora, o ar aqui no Centro Comunit\u00e1rio da Associa\u00e7\u00e3o de Moradores de Wa est\u00e1 impregnado com o calor da primavera.<\/p>\n<p>A Associa\u00e7\u00e3o de Moradores de Yawara realizou sua assembleia geral e festa de Ano Novo em 2026. Com a mudan\u00e7a dos tempos e a simplifica\u00e7\u00e3o das reuni\u00f5es em muitas comunidades, a Associa\u00e7\u00e3o de Moradores de Yawara optou por se reunir novamente este ano para celebrar a seguran\u00e7a e a sa\u00fade de todos.<\/p>\n<h3>O cheiro da neve e a determina\u00e7\u00e3o de proteger<\/h3>\n<h4>Sauda\u00e7\u00f5es do l\u00edder da equipe: Toshiya Kobayashi, l\u00edder da equipe 1.<\/h4>\n<figure class=\"wp-caption aligncenter\"><a href=\"https:\/\/photos.google.com\/share\/AF1QipMokhD6mMFKuUr2VlMiXpiowBI_qtxwhKf1JuAXOG0JrGm7d43dE6Yke-M3wNyTWg\/photo\/AF1QipOU-a9buQQ_OUiMucTQzeqicpUNVfRYLNCyIzI?key=ZVVpaVlVQVpQNW5hSU51VkJTUjhGXzhQamhiaGNB\" target=\"_blank\"><img decoding=\"async\" src=\"https:\/\/lh3.googleusercontent.com\/pw\/AP1GczOJ728yDwdWl9c9GkAWMHQH9eBtl4hD502nmOVMAOtWsfKxPEYczvRYFUfZQXhd-5FimDLrslV8oNXv2tiYuQ_DOdQfYKKqUZiuW4NcC5meMpbXgUMo7Lc41u_ajEep0YdyttMam6y8y5yqnZdh68tt=w2000-h1125-s-no-gm?authuser=0\" width=\"2000\" height=\"1125\" alt=\"Sauda\u00e7\u00f5es do L\u00edder de Equipe Kobayashi\" class=\"size-medium\" \/><\/a><figcaption class=\"wp-caption-text\">Sauda\u00e7\u00f5es do L\u00edder de Equipe Kobayashi<\/figcaption><\/figure>\n<p>Feliz Ano Novo a todos. O ano passado foi um ano dif\u00edcil para o nosso dia a dia, com muitos avistamentos de ursos e o aumento dos pre\u00e7os do arroz. Espero que este ano o pre\u00e7o do arroz se estabilize.<\/p>\n<p>Este ano \u00e9 o Ano do Cavalo, ent\u00e3o rezo para que tudo corra bem.<\/p>\n<p>&quot;Estivemos nos preparando para o encontro de Ano Novo de hoje. Embora tenhamos pouco tempo, esperamos que voc\u00eas aproveitem a oportunidade para fortalecer os la\u00e7os de amizade dentro da associa\u00e7\u00e3o de moradores. Agradecemos a colabora\u00e7\u00e3o de todos&quot;, disse Kobayashi, l\u00edder do grupo, em suas palavras de abertura.<\/p>\n<h4>Mensagem do Presidente Noriaki Nakajima<\/h4>\n<figure class=\"wp-caption aligncenter\"><a href=\"https:\/\/photos.google.com\/share\/AF1QipMokhD6mMFKuUr2VlMiXpiowBI_qtxwhKf1JuAXOG0JrGm7d43dE6Yke-M3wNyTWg\/photo\/AF1QipPtLYduK2Be7oPzV1NzPYwG4-Uv1rUvb3JC6aM?key=ZVVpaVlVQVpQNW5hSU51VkJTUjhGXzhQamhiaGNB\" target=\"_blank\"><img decoding=\"async\" src=\"https:\/\/lh3.googleusercontent.com\/pw\/AP1GczPMb2EyUCxrV3SnFu_R3cYiAGIFap7gP8c7XIzR7lETyUZ8raOoEXqJ1cW20d2cjQjUItbWNQb7oq_KneaAKtyw0LKeNlOIfzx7gWY-YwQlAExze8ych179ZttRfu1wmsNhRgGVLEYKDmGtSri_v_m2=w2000-h1125-s-no-gm?authuser=1\" width=\"2000\" height=\"1125\" alt=\"Sauda\u00e7\u00f5es de Noriaki Nakajima, Presidente da Associa\u00e7\u00e3o de Moradores.\" class=\"size-medium\" \/><figcaption class=\"wp-caption-text\">Sauda\u00e7\u00f5es de Noriaki Nakajima, Presidente da Associa\u00e7\u00e3o de Moradores.<\/a><\/figcaption><\/figure>\n<p>&quot;Feliz Ano Novo. Espero que todos voc\u00eas recebam o novo ano com muita sa\u00fade.&quot;<\/p>\n<p>Desde o ano passado, o mundo tem vivenciado divis\u00f5es, conflitos e at\u00e9 guerras, mas espero que uma pequena associa\u00e7\u00e3o de bairro como a nossa consiga evitar tais coisas e passar o ano juntos em harmonia e sa\u00fade.<\/p>\n<p>A associa\u00e7\u00e3o de moradores \u00e9 um lugar importante para essa comunica\u00e7\u00e3o, por isso gostaria de passar um tempo com todos em harmonia.<\/p>\n<p>Este ano, fomos aben\u00e7oados com bom tempo e s\u00f3 podemos rezar por uma boa colheita de arroz. Os pre\u00e7os do arroz est\u00e3o altos, o que \u00e9 \u00f3timo para os produtores, mas, pensando nos consumidores, acreditamos que precisa haver um pre\u00e7o aceit\u00e1vel para ambas as partes.<\/p>\n<p>Em particular, a associa\u00e7\u00e3o de moradores do bairro de Wa \u00e9 uma \u00e1rea onde os produtores est\u00e3o trabalhando muito e produzindo arroz de boa qualidade, e acredito que eles continuar\u00e3o a trabalhar duro para produzir arroz de qualidade ainda melhor.<\/p>\n<p>Quando me reuni com os prefeitos de v\u00e1rias associa\u00e7\u00f5es de bairro durante as festas de Ano Novo, ouvi-os dizer: &quot;Tenho inveja de que, enquanto outras associa\u00e7\u00f5es de bairro cancelaram suas festas de Ano Novo, a Associa\u00e7\u00e3o de Bairro de Wa ainda as est\u00e1 realizando.&quot;<\/p>\n<p>&quot;Gra\u00e7as ao esfor\u00e7o de todos, podemos nos encontrar e nos cumprimentar nesta festa de Ano Novo, e o principal objetivo disso \u00e9 celebrar o reencontro com todos neste ano. Espero que voc\u00eas continuem se esfor\u00e7ando \u00e0 sua maneira. Agrade\u00e7o o apoio cont\u00ednuo&quot;, disse o Presidente Nakajima em seu discurso de abertura.<\/p>\n<p><center>\ud83c\udf3b \u301c \ud83c\udf3b \u301c \ud83c\udf3b \u301c \ud83c\udf3b \u301c \ud83c\udf3b \u301c \ud83c\udf3b<\/center><\/p>\n<p>Pessoas de outras regi\u00f5es \u00e0s vezes dizem: &quot;Temos inveja de voc\u00eas por continuarem com a festa de Ano Novo&quot;, e uma vez interrompida, essa tradi\u00e7\u00e3o se torna um evento local dif\u00edcil de ser retomado.<\/p>\n<p>Ainda assim, as palavras do Presidente Nakajima, &quot;O principal \u00e9 nos encontrarmos uma vez por ano e trocarmos cumprimentos, dizendo &#039;Obrigado pelo seu apoio cont\u00ednuo este ano!&#039;&quot;, incorporaram o esp\u00edrito da cidade de Hokuryu, que valoriza as &quot;conex\u00f5es calorosas&quot; entre as pessoas acima de tudo, em vez de efici\u00eancia ou racionalidade.<\/p>\n<p>O decl\u00ednio populacional, o envelhecimento da popula\u00e7\u00e3o e as mudan\u00e7as nos estilos de vida individuais s\u00e3o problemas que afetam n\u00e3o apenas a cidade de Hokuryu, mas comunidades em todo o Jap\u00e3o e no mundo. Em muitas \u00e1reas, eventos locais est\u00e3o desaparecendo porque s\u00e3o &quot;muito trabalhosos&quot; ou &quot;n\u00e3o atraem p\u00fablico suficiente&quot;.<\/p>\n<p>No entanto, a Associa\u00e7\u00e3o de Moradores de Wa \u00e9 diferente. Os antigos presidentes realizaram pesquisas e ouviram atentamente as opini\u00f5es dos moradores, e apresentaram ideias criativas, como &quot;evitar o dia de Ano Novo e realizar o evento em uma \u00e9poca em que seja mais f\u00e1cil para todos se reunirem&quot;. N\u00e3o se trata apenas de ajustar a data. \u00c9 um reflexo dos esfor\u00e7os incans\u00e1veis dos l\u00edderes para descobrir como &quot;permitir que todos se vejam pessoalmente&quot; e &quot;como manter esses la\u00e7os&quot;, e do &quot;esp\u00edrito de harmonia&quot; dos moradores que respondeu a esses esfor\u00e7os.<\/p>\n<p>Dentre os pontos abordados pelo presidente Nakajima em seu discurso de abertura, sua discuss\u00e3o sobre os pre\u00e7os do arroz, em particular, revelou uma perspectiva profunda e singular desta cidade.<\/p>\n<p>&quot;Pre\u00e7os altos do arroz s\u00e3o muito bons do ponto de vista dos produtores. No entanto, pensando nos consumidores, acredito que deva haver um pre\u00e7o que seja aceit\u00e1vel para ambos os lados.&quot;<\/p>\n<p>Eles n\u00e3o se contentam apenas com seus pr\u00f3prios lucros (aumento dos pre\u00e7os do arroz). Eles se preocupam com a vida daqueles que consomem seu arroz (os consumidores) e se esfor\u00e7am para encontrar um &quot;ponto de harmonia&quot; (compromisso) que agrade a ambas as partes. Esse \u00e9 o esp\u00edrito de &quot;altru\u00edsmo&quot; que est\u00e1 enraizado no povo de Hokuryu, e a pr\u00f3pria filosofia da &quot;harmonia&quot;.<\/p>\n<h4>Visitando o altar xinto\u00edsta<\/h4>\n<figure class=\"wp-caption alignnone\"><a href=\"https:\/\/photos.google.com\/share\/AF1QipMokhD6mMFKuUr2VlMiXpiowBI_qtxwhKf1JuAXOG0JrGm7d43dE6Yke-M3wNyTWg\/photo\/AF1QipPlhUc259OLujdB54oOUIWrEVojomBO4gKchZ0?key=ZVVpaVlVQVpQNW5hSU51VkJTUjhGXzhQamhiaGNB\" target=\"_blank\"><img decoding=\"async\" src=\"https:\/\/lh3.googleusercontent.com\/pw\/AP1GczNel-NB0SM4xT2opIYo1X10AgA5JAd3EhLoKgRcI5D6320RTstvVrqU41ATaHQXbh966mDGf76HQzrfbZbRsD5Cz4A5JNFBUj0Zyx_oO_Bh2W3fO61zDWAo6gb1BnXCzEngD7r0CQZOrafZ0QpgksnW=w2000-h1125-s-no-gm?authuser=0\" width=\"2000\" height=\"1125\" alt=\"Visitando o altar xinto\u00edsta\" class=\"size-medium\" \/><\/a><figcaption class=\"wp-caption-text\">Visitando o altar xinto\u00edsta<\/figcaption><\/figure>\n<h3>Toshimasa Takahashi: Recebeu o Pr\u00eamio de Contribui\u00e7\u00e3o Social de Hokkaido e foi aplaudido em sinal de agradecimento.<\/h3>\n<p>Houve outra boa not\u00edcia na festa de Ano Novo deste ano: Toshimasa Takahashi, ex-vice-prefeito e funcion\u00e1rio de longa data da prefeitura, foi agraciado com o Pr\u00eamio de Contribui\u00e7\u00e3o \u00e0 Comunidade de Hokkaido.<\/p>\n<p>Ele dedicou 37 anos de sua vida como funcion\u00e1rio da cidade e sete anos como vice-prefeito. Seus colegas celebraram suas conquistas como se fossem suas, aplaudindo-o. O ambiente era permeado por um &quot;esp\u00edrito de respeito&quot;, onde cada pessoa reconhecia e respeitava os esfor\u00e7os dos outros.<\/p>\n<figure class=\"wp-caption aligncenter\"><a href=\"https:\/\/photos.google.com\/share\/AF1QipMokhD6mMFKuUr2VlMiXpiowBI_qtxwhKf1JuAXOG0JrGm7d43dE6Yke-M3wNyTWg\/photo\/AF1QipMpxmkrgNvs2xjzyc2L0gVEMiBE2PLe-VMh98g?key=ZVVpaVlVQVpQNW5hSU51VkJTUjhGXzhQamhiaGNB\" target=\"_blank\"><img decoding=\"async\" src=\"https:\/\/lh3.googleusercontent.com\/pw\/AP1GczOlX5-oUXSimRg-81OYw6YnooGaieHGSAWzlhMeRFwHiNPN7nMKyorua5cwcOmnhUqKoGxIWe_VzU81Gwx_QucugUcBl4y_-ZHWz_Ijjf3tw8yhJ2vZJy8TDE27fUgDNh14RHmxKJopowS24zKAHJAx=w2000-h1125-s-no-gm?authuser=0\" width=\"2000\" height=\"1125\" alt=\"Toshimasa Takahashi, ganhador do Pr\u00eamio de Contribui\u00e7\u00e3o Social de Hokkaido.\" class=\"size-medium\" \/><\/a><figcaption class=\"wp-caption-text\">Toshimasa Takahashi, ganhador do Pr\u00eamio de Contribui\u00e7\u00e3o Social de Hokkaido.<\/figcaption><\/figure>\n<h3>Um olhar para a gera\u00e7\u00e3o jovem, um bast\u00e3o para o futuro.<\/h3>\n<h4>Sauda\u00e7\u00f5es do prefeito Yasuhiro Sasaki<\/h4>\n<figure class=\"wp-caption aligncenter\"><a href=\"https:\/\/photos.google.com\/share\/AF1QipMokhD6mMFKuUr2VlMiXpiowBI_qtxwhKf1JuAXOG0JrGm7d43dE6Yke-M3wNyTWg\/photo\/AF1QipO_stjwa8CkutR65VtW6op1OjGCvCQz1drNvf8?key=ZVVpaVlVQVpQNW5hSU51VkJTUjhGXzhQamhiaGNB\" target=\"_blank\"><img decoding=\"async\" src=\"https:\/\/lh3.googleusercontent.com\/pw\/AP1GczPkCiyld5O9U8R4h7HqumF6ofjlnEYmwDvmrd8D8Se1tXtSjs-vkiiUSUJHvc7JHii5QcyKqxvE8m6nGlpPQ0FqilU3YXGo0Ct9VkUoFkX-uCBXEc2mPn-h5KSep4eixs-xEDuHON2UTa00WWhj4g1O=w2000-h1125-s-no-gm?authuser=0\" width=\"2000\" height=\"1125\" alt=\"Sauda\u00e7\u00f5es do prefeito Yasuhiro Sasaki\" class=\"size-medium\" \/><\/a><figcaption class=\"wp-caption-text\">Sauda\u00e7\u00f5es do prefeito Yasuhiro Sasaki<\/figcaption><\/figure>\n<p>&quot;Feliz Ano Novo a todos, e espero que todos tenham um ano novo maravilhoso.&quot;<\/p>\n<p>No ano passado, o presidente da Associa\u00e7\u00e3o de Moradores, Nobuhiro Yamada, trabalhou arduamente pela associa\u00e7\u00e3o. Este ano, Nakajima ter\u00e1 seu terceiro presidente eleito. Na escolha do novo presidente, cada uma das 10 associa\u00e7\u00f5es de bairro enfrenta desafios diferentes, o que torna a decis\u00e3o dif\u00edcil. O distrito de Wa tem se integrado harmoniosamente, mantendo as festas de Ano Novo e suas atividades, sempre atento \u00e0 opini\u00e3o de todos.<\/p>\n<p>Ontem, realizamos uma festa para comemorar o anivers\u00e1rio de 20 anos de um jovem, uma cerim\u00f4nia de passagem para a vida adulta. Oito dos nove jovens participaram, tr\u00eas dos quais eram membros da associa\u00e7\u00e3o de moradores do bairro de Wa. Comemoramos seus anivers\u00e1rios de 20 anos. Cada um deles fez um discurso, e ficou claro o quanto se importam com a sua cidade. Ouvindo as palavras desses jovens, lembrei-me da necessidade de proteger esta cidade.<\/p>\n<p>No dia de Ano Novo, a popula\u00e7\u00e3o era de 1.551 pessoas e 760 domic\u00edlios, e \u00e9 evidente que esse decl\u00ednio populacional \u00e9 inevit\u00e1vel. No entanto, h\u00e1 seis anos, durante a gest\u00e3o do ex-vice-prefeito Toshimasa Takahashi, j\u00e1 mencionado, foi iniciado o desenvolvimento da cidade como parte da revitaliza\u00e7\u00e3o regional. O vice-prefeito Okuda assumiu essa iniciativa e est\u00e1 trabalhando em planos para desacelerar o decl\u00ednio populacional, ainda que minimamente.<\/p>\n<p>Acredito que, ao incorporar as opini\u00f5es de cada morador da associa\u00e7\u00e3o de bairro, podemos criar bons planos e pol\u00edticas de desenvolvimento urbano. Agradeceria sua colabora\u00e7\u00e3o. Gostaria de ouvir uma variedade de opini\u00f5es. Farei o meu melhor para ajudar Hokuryu a se tornar uma cidade ainda melhor.<\/p>\n<p>&quot;Gostaria de pedir ao Presidente Nakajima que demonstre sua teimosia em um bom sentido e, como a associa\u00e7\u00e3o de moradores de Wa possui um monumento aos pioneiros, gostaria que ele assumisse a lideran\u00e7a no desenvolvimento da cidade. Aguardo com expectativa a oportunidade de trabalhar com voc\u00eas&quot;, disse o Prefeito Sasaki em sua sauda\u00e7\u00e3o.<\/p>\n<p><center>\ud83c\udf3b \u301c \ud83c\udf3b \u301c \ud83c\udf3b \u301c \ud83c\udf3b \u301c \ud83c\udf3b \u301c \ud83c\udf3b<\/center><\/p>\n<p>O prefeito Sasaki Yasuhiro compartilhou uma mensagem emocionante. Seus olhos brilharam ao ouvir os &quot;sentimentos de apre\u00e7o pela cidade&quot; expressos por cada jovem na cerim\u00f4nia de passagem para a vida adulta &quot;Encontro dos Jovens de 20 Anos&quot;, realizada no dia anterior. Ao abordar a quest\u00e3o do decl\u00ednio populacional, ele expressou sua esperan\u00e7a de que a pr\u00f3xima gera\u00e7\u00e3o seja bem educada. &quot;Ainda somos imaturos, ent\u00e3o temos que trabalhar duro&quot;, disse ele, arrancando risos da plateia, mas cada palavra que proferiu estava repleta de um desejo apaixonado de valorizar a voz de cada morador.<\/p>\n<p>O prefeito n\u00e3o disse simplesmente: &quot;Vamos fazer o nosso melhor&quot;. Ele falou com paix\u00e3o sobre como, mesmo diante da dura realidade de uma popula\u00e7\u00e3o em decl\u00ednio, ainda h\u00e1 esperan\u00e7a para a cidade, e que essa esperan\u00e7a s\u00f3 pode ser concretizada com a participa\u00e7\u00e3o de cada morador.<\/p>\n<h3>Masatoshi Yamagishi: De Showa a Reiwa. Um brinde \u00e0 hist\u00f3ria da tecelagem<\/h3>\n<figure class=\"wp-caption aligncenter\"><a href=\"https:\/\/photos.google.com\/share\/AF1QipMokhD6mMFKuUr2VlMiXpiowBI_qtxwhKf1JuAXOG0JrGm7d43dE6Yke-M3wNyTWg\/photo\/AF1QipPgGIXkQVAfjyJgvMfIdLmSToUT-IDAcUTNKvQ?key=ZVVpaVlVQVpQNW5hSU51VkJTUjhGXzhQamhiaGNB\" target=\"_blank\"><img decoding=\"async\" src=\"https:\/\/lh3.googleusercontent.com\/pw\/AP1GczP0C5FVgcN22CfKXgCvcs7KmEQ8XuT6IEf5CqtLoMDLPR9ERMDLwUNTQ33kYeoEEVwYkTwBqIUA9pON2lnX88hWOdx0X94G8gc2TrdsL5d3tZZ0m83H6PVNiDLS1h9kH9wapGlrgqy3m6fUADcEaW2E=w2000-h1125-s-no-gm?authuser=0\" width=\"2000\" height=\"1125\" alt=\"Brinde de Masatoshi Yamagishi\" class=\"size-medium\" \/><\/a><figcaption class=\"wp-caption-text\">Brinde de Masatoshi Yamagishi<\/figcaption><\/figure>\n<p>&quot;A era Reiwa j\u00e1 come\u00e7ou seu oitavo ano. Eu tinha 26 anos quando entrei para a associa\u00e7\u00e3o de moradores. Me senti como um jovem guerreiro da era Showa que havia se juntado \u00e0 associa\u00e7\u00e3o de moradores.&quot;<\/p>\n<p>As eras Showa e Heisei j\u00e1 terminaram, e a era Reiwa chegou. Estamos agora numa era em que alunos do ensino fundamental nascidos na era Reiwa andam pela cidade com suas mochilas escolares nas costas.<\/p>\n<p>O motivo pelo qual o distrito da associa\u00e7\u00e3o de bairro de Wa assumiu sua forma atual \u00e9 que os agricultores deixaram de cultivar a terra, novas \u00e1reas residenciais foram desenvolvidas e o atual distrito da associa\u00e7\u00e3o de bairro foi formado.<\/p>\n<p>Como o nome &quot;Yawara&quot; (harmonia) sugere, esta associa\u00e7\u00e3o de bairro \u00e9 muito pac\u00edfica, e sinto que ela \u00e9 composta por bons agricultores e muitos empres\u00e1rios.<\/p>\n<p>Este ano, o Sr. Nakajima veio para Wa da nevada Ryusei, trazendo consigo o cheiro da neve ao assumir o cargo de presidente da associa\u00e7\u00e3o de moradores pela terceira vez. Gostaria de fazer um brinde ao Sr. Nakajima e sua fam\u00edlia, desejando-lhes muita sa\u00fade e um ano feliz.<\/p>\n<p>&quot;Vamos fazer um brinde \u00e0 festa de Ano Novo da Associa\u00e7\u00e3o de Moradores de Wa!!!&quot; disse Yamagishi em seu brinde.<\/p>\n<p><center>\ud83c\udf3b \u301c \ud83c\udf3b \u301c \ud83c\udf3b \u301c \ud83c\udf3b \u301c \ud83c\udf3b \u301c \ud83c\udf3b<\/center><\/p>\n<p>Masatoshi Yamagishi fez o brinde. Ele relembrou a hist\u00f3ria da associa\u00e7\u00e3o, desde sua estreia aos 26 anos at\u00e9 os dias atuais, e como ela evoluiu ao longo dos anos.<\/p>\n<p>A Associa\u00e7\u00e3o de Moradores de Yawara era, outrora, uma fazenda abandonada que foi transformada em \u00e1rea residencial. Agricultores e pessoas de diversas profiss\u00f5es convivem, e ao longo dos anos, desenvolveu-se uma associa\u00e7\u00e3o de moradores harmoniosa e amig\u00e1vel, como sugere o nome &quot;Yawara&quot; (harmonia). Ao ouvirem essas palavras, os participantes relembraram suas pr\u00f3prias mem\u00f3rias e brindaram.<\/p>\n<figure class=\"wp-caption aligncenter\"><a href=\"https:\/\/photos.google.com\/share\/AF1QipMokhD6mMFKuUr2VlMiXpiowBI_qtxwhKf1JuAXOG0JrGm7d43dE6Yke-M3wNyTWg\/photo\/AF1QipNlE8aiNGusBK1-w572gH91NFF5H44qSBCItAM?key=ZVVpaVlVQVpQNW5hSU51VkJTUjhGXzhQamhiaGNB\" target=\"_blank\"><img decoding=\"async\" src=\"https:\/\/lh3.googleusercontent.com\/pw\/AP1GczPxUGt5fSNm-XxYWz9RG8Uz5LDWruQ035nJISeDgYC2bA81nbIB-0Jw54TSONsyiELqSawH-H-6_Rp6rrpzA9r1bmY_nGSB-G3h3Vm3UP3Kcp_SRcmZ7q3f5ifugrtLc7uF-MW5QuKFoL0qwoVL2xV5=w2000-h1125-s-no-gm?authuser=0\" width=\"2000\" height=\"1125\" alt=\"sa\u00fade!\" class=\"size-medium\" \/><\/a><figcaption class=\"wp-caption-text\">sa\u00fade!<\/figcaption><\/figure>\n<h3>Um sorriso delicioso \u00e9 um s\u00edmbolo de paz.<\/h3>\n<p>Ap\u00f3s o brinde, a t\u00e3o esperada celebra\u00e7\u00e3o come\u00e7a. Um banquete colorido \u00e9 disposto sobre a mesa: salm\u00e3o grelhado com cerejas, pratos cozidos lentamente, feij\u00e3o preto. Cada prato desperta uma conversa animada entre os presentes.<\/p>\n<figure class=\"wp-caption aligncenter\"><a href=\"https:\/\/photos.google.com\/share\/AF1QipMokhD6mMFKuUr2VlMiXpiowBI_qtxwhKf1JuAXOG0JrGm7d43dE6Yke-M3wNyTWg\/photo\/AF1QipPwYrXXpncv7Q0uO8WRZHr8fsLdaIZkefBcB4c?key=ZVVpaVlVQVpQNW5hSU51VkJTUjhGXzhQamhiaGNB\" target=\"_blank\"><img decoding=\"async\" src=\"https:\/\/lh3.googleusercontent.com\/pw\/AP1GczNGHsE1rb_3wWDIAnuKWzlgouELxOF2h_2ITfEd5fgxWaaM5aofnJswKZZ_X2VnYMVzkULUfC_cvIhGBoowCOXwzl7L2tmO7nB0dzwGfTHokFLvSovYWqe0w_b1m7tL_VgqABjOFOOj_Kl2bFmkxLAk=w2000-h1500-s-no-gm?authuser=0\" width=\"2000\" height=\"1500\" alt=\"Lancheira deliciosa!\" class=\"size-medium\" \/><\/a><figcaption class=\"wp-caption-text\">Lancheira deliciosa!<\/figcaption><\/figure>\n<p>Compartilhando bebidas, dando tapinhas nos ombros uns dos outros, rindo. Sem se envolverem em discuss\u00f5es s\u00e9rias, mas simplesmente compartilhando experi\u00eancias cotidianas como &quot;Como voc\u00ea est\u00e1?&quot; ou &quot;Tirar neve da garagem d\u00e1 trabalho, n\u00e3o \u00e9?&quot;. Essa cena casual pode, na verdade, ser a menor unidade da &quot;paz&quot; que o mundo busca.<\/p>\n<figure class=\"wp-caption aligncenter\"><a href=\"https:\/\/photos.google.com\/share\/AF1QipMokhD6mMFKuUr2VlMiXpiowBI_qtxwhKf1JuAXOG0JrGm7d43dE6Yke-M3wNyTWg\/photo\/AF1QipNdx3JPtwZKKnQQGurulmSh8wmC8yt0DJI2sgg?key=ZVVpaVlVQVpQNW5hSU51VkJTUjhGXzhQamhiaGNB\" target=\"_blank\"><img decoding=\"async\" src=\"https:\/\/lh3.googleusercontent.com\/pw\/AP1GczMUom3xj_iDk7vqrT8yzFmQigq3EmoaG9y9N0oTmSXVI3VTV_a5MJGQcslUZ6CbeGH9DKlVInclvJjhIwrUbNRMNdgQGEP78jEG49EqM3c8frDjkW0nlR6aqL-OIv6mp4487MN1QV4lVKVJtlJsYDi7=w2000-h1125-s-no-gm?authuser=0\" width=\"2000\" height=\"1125\" alt=\"&quot;Agradecemos o seu apoio cont\u00ednuo neste ano!&quot;\" class=\"size-medium\" \/><\/a><figcaption class=\"wp-caption-text\">&quot;Agradecemos o seu apoio cont\u00ednuo neste ano!&quot;<\/figcaption><\/figure>\n<figure class=\"wp-caption aligncenter\"><a href=\"https:\/\/photos.google.com\/share\/AF1QipMokhD6mMFKuUr2VlMiXpiowBI_qtxwhKf1JuAXOG0JrGm7d43dE6Yke-M3wNyTWg\/photo\/AF1QipNBLRxMEALaaOy3hX9UvWGaEcpudyWK30hVv6o?key=ZVVpaVlVQVpQNW5hSU51VkJTUjhGXzhQamhiaGNB\" target=\"_blank\"><img decoding=\"async\" src=\"https:\/\/lh3.googleusercontent.com\/pw\/AP1GczNhKznFInF7jOaLdJyVVekNkKM3O3jzenvTZCOFtD9hOZFcAa7lkEVIMwvHVMOejQS7BQ8yLzSikTWTFII46jcGYpyrFVdY0yjwNTEdG7O1ekTjGrtHa5Kg7Hn6Q3RjfhtjFTO67B8geDCNQTmcDx_x=w2000-h1500-s-no-gm?authuser=0\" width=\"2000\" height=\"1500\" alt=\"Bebam juntos com um sorriso!\" class=\"size-medium\" \/><\/a><figcaption class=\"wp-caption-text\">Bebam juntos com um sorriso!<\/figcaption><\/figure>\n<h3>loteria<\/h3>\n<figure class=\"wp-caption aligncenter\"><a href=\"https:\/\/photos.google.com\/share\/AF1QipMokhD6mMFKuUr2VlMiXpiowBI_qtxwhKf1JuAXOG0JrGm7d43dE6Yke-M3wNyTWg\/photo\/AF1QipOSz7eQoBikgYrfxz0sMpNR1VzT28So5bLGePM?key=ZVVpaVlVQVpQNW5hSU51VkJTUjhGXzhQamhiaGNB\" target=\"_blank\"><img decoding=\"async\" src=\"https:\/\/lh3.googleusercontent.com\/pw\/AP1GczPVdzh2hPGo4Ef__CJt_8RoFf1adgs2Tdpbz2LViBuJUzXDTuC-i8EqwixacfXkXTvo04j3wUDdVAncHEoqcPsCHXN2EGTz9Z0cBRZk8IZVF3t0vId1BTM-PGyigNOxSyHhBc2SWSK_SI3q-QHvnoCk=w2000-h1125-s-no-gm?authuser=0\" width=\"2000\" height=\"1125\" alt=\"Uma loteria emocionante e eletrizante!\" class=\"size-medium\" \/><\/a><figcaption class=\"wp-caption-text\">Uma loteria emocionante e eletrizante!<\/figcaption><\/figure>\n<figure class=\"wp-caption aligncenter\"><a href=\"https:\/\/photos.google.com\/share\/AF1QipMokhD6mMFKuUr2VlMiXpiowBI_qtxwhKf1JuAXOG0JrGm7d43dE6Yke-M3wNyTWg\/photo\/AF1QipPq36xEI5_7i_bj1dGsux0AQ06BsTPO8PpaWcg?key=ZVVpaVlVQVpQNW5hSU51VkJTUjhGXzhQamhiaGNB\" target=\"_blank\"><img decoding=\"async\" src=\"https:\/\/lh3.googleusercontent.com\/pw\/AP1GczNK0X3Q3E31AYufHjl2uzVky3S-ozT7Wrlz6UnoEqoK0bJQTy59uKn9lE0MsjqJNa-gypT4ZfTIXqPIGkkAEgyi--lbwdV3AcJYDzyOPGt5mVwAjzteCCPZ4HtlupMcfbZCKR37dHxqipi9698rn_2X=w2000-h1125-s-no-gm?authuser=0\" width=\"2000\" height=\"1125\" alt=\"Vamos todos jogar pedra-papel-tesoura, come\u00e7ando pela pedra!\" class=\"size-medium\" \/><\/a><figcaption class=\"wp-caption-text\">Vamos todos jogar pedra-papel-tesoura, come\u00e7ando pela pedra!<\/figcaption><\/figure>\n<figure class=\"wp-caption aligncenter\"><a href=\"https:\/\/photos.google.com\/share\/AF1QipMokhD6mMFKuUr2VlMiXpiowBI_qtxwhKf1JuAXOG0JrGm7d43dE6Yke-M3wNyTWg\/photo\/AF1QipM1ghaVyfqsCexStzfqll5hOj8p6fJLNj1lqhQ?key=ZVVpaVlVQVpQNW5hSU51VkJTUjhGXzhQamhiaGNB\" target=\"_blank\"><img decoding=\"async\" src=\"https:\/\/lh3.googleusercontent.com\/pw\/AP1GczMOKvGSSGH6UB26LvBOAnzay80kQVwWtQt3XZ-0iDByjqbXByaifH_g6udBGi7reHOE9Ufq6z-FR2FOLoHBIZwUvRw-MXuGahPzdEPZc9ZQjdzHnj_vGl-NrklB0W9inISpDnBQ836TD5U2e8ree5MQ=w2000-h1125-s-no-gm?authuser=0\" width=\"2000\" height=\"1125\" alt=\"Cerveja, vit\u00f3ria!!!\" class=\"size-medium\" \/><\/a><figcaption class=\"wp-caption-text\">Cerveja, vit\u00f3ria!!!<\/figcaption><\/figure>\n<h3>Nobuhiro Yamada, ex-presidente da associa\u00e7\u00e3o de moradores, discurso de encerramento<\/h3>\n<figure class=\"wp-caption aligncenter\"><a href=\"https:\/\/photos.google.com\/share\/AF1QipMokhD6mMFKuUr2VlMiXpiowBI_qtxwhKf1JuAXOG0JrGm7d43dE6Yke-M3wNyTWg\/photo\/AF1QipPRta4yLEzRtm7pwHtdGX9xCZNRfFNjTBsRbiQ?key=ZVVpaVlVQVpQNW5hSU51VkJTUjhGXzhQamhiaGNB\" target=\"_blank\"><img decoding=\"async\" src=\"https:\/\/lh3.googleusercontent.com\/pw\/AP1GczNtHywdPrTaKtDZ0vFulXZ5d_cYAMcjcQXxOrbuRGC4oTjFIwi7Nlnx-T558re0iUG_P5ckFLISLTByM7NWSwtmncFJKhjbugWpUMH66erUj1CXLz_VlptaYWrouXGf2ZYphDQFBzJDWzntWfGRqL3X=w2000-h1125-s-no-gm?authuser=0\" width=\"2000\" height=\"1125\" alt=\"Discurso de encerramento de Yamada Nobuhiro para a antiga associa\u00e7\u00e3o de moradores.\" class=\"size-medium\" \/><\/a><figcaption class=\"wp-caption-text\">Discurso de encerramento de Yamada Nobuhiro para a antiga associa\u00e7\u00e3o de moradores.<\/figcaption><\/figure>\n<p>&quot;Como disseram o presidente e o prefeito, acredito que uma comunidade deve ser protegida quando todos se re\u00fanem e passam tempo juntos em um ambiente harmonioso.&quot;<\/p>\n<p>Gostaria de expressar minha gratid\u00e3o a todos do Grupo 1 pelo esfor\u00e7o empenhado para que pudessem participar da festa de Ano Novo de hoje. Espero que todos voc\u00eas tenham sa\u00fade e estejam livres de doen\u00e7as neste ano.<\/p>\n<p>&quot;Ent\u00e3o, n\u00e3o faremos um brinde. Faremos um ippon-jime. Yo-o! Pon! Clap, clap, clap!!! Muito obrigado!&quot; disse o ex-presidente Yamada.<\/p>\n<p><center>\ud83c\udf3b \u301c \ud83c\udf3b \u301c \ud83c\udf3b \u301c \ud83c\udf3b \u301c \ud83c\udf3b \u301c \ud83c\udf3b<\/center><\/p>\n<p>Numa \u00e9poca em que a conveni\u00eancia e a efici\u00eancia s\u00e3o priorizadas, os membros da Associa\u00e7\u00e3o de Moradores de Wa nos ensinam a riqueza de reservar um tempo para estarmos juntos. Seu esp\u00edrito acolhedor e harmonioso certamente ser\u00e1 um farol que iluminar\u00e1 suavemente a comunidade mais uma vez neste ano.<\/p>\n<p>Esperamos sinceramente que este ano lhe traga muita sa\u00fade e dias repletos de sorrisos.<\/p>\n<p>Com amor, gratid\u00e3o e ora\u00e7\u00f5es sem limites, realizamos a Festa de Ano Novo da Associa\u00e7\u00e3o de Moradores de Wa, onde nos reunimos com todos os membros da associa\u00e7\u00e3o, bebemos, confraternizamos e oramos pela sa\u00fade e felicidade de todos no ano que se inicia.<\/p>\n<figure class=\"wp-caption aligncenter\"><a href=\"https:\/\/photos.google.com\/share\/AF1QipMokhD6mMFKuUr2VlMiXpiowBI_qtxwhKf1JuAXOG0JrGm7d43dE6Yke-M3wNyTWg\/photo\/AF1QipPhsPEAfRXx9U8yqI6cnmSMVJ_M-x1NzG5BIXw?key=ZVVpaVlVQVpQNW5hSU51VkJTUjhGXzhQamhiaGNB\" target=\"_blank\"><img decoding=\"async\" src=\"https:\/\/lh3.googleusercontent.com\/pw\/AP1GczOyML87G16WU5Z0TB82QUrmEXtOEdu2SLsG2lBQH9CDrYVPAOhe63b_Pce0yoJFLQ78E1Z1PnsOY29TCK7XbwZloMTeeq5dAQPECceGLZwyWBuTdTARAkY9Vb_FbN8zad5RCP3irxzdwLo3AGRHiylC=w2000-h1500-s-no-gm?authuser=0\" width=\"2000\" height=\"1500\" alt=\"Rezando por sa\u00fade e felicidade neste ano!!!\" class=\"size-medium\" \/><\/a><figcaption class=\"wp-caption-text\">Rezando por sa\u00fade e felicidade neste ano!!!<\/figcaption><\/figure>\n<h2>v\u00eddeos do YouTube<span style=\"font-size: medium;\">(As miniaturas foram retiradas do Gemini3)<\/span><\/h2>\n<div class=\"youtube\"><iframe title=\"&quot;Ver o rosto um do outro&quot; \u00e9 a coisa mais preciosa. Os la\u00e7os afetuosos forjados na Festa de Ano Novo de 2026 da Associa\u00e7\u00e3o de Moradores de Yawara.\" src=\"https:\/\/www.youtube.com\/embed\/6pT_2waSIjY?feature=oembed\" frameborder=\"0\" allow=\"accelerometer; autoplay; clipboard-write; encrypted-media; gyroscope; picture-in-picture; web-share\" referrerpolicy=\"strict-origin-when-cross-origin\" allowfullscreen><\/iframe><\/div>\n<h2>Outras fotos<\/h2>\n<div class=\"img-move\"><img decoding=\"async\" style=\"vertical-align: middle;\" src=\"https:\/\/ehokkaido.net\/wp-content\/uploads\/2021\/12\/2021-12-06-11.41.12.png\" \/> <a href=\"https:\/\/photos.app.goo.gl\/MpdEsytR8XedatLU6\" target=\"_blank\" rel=\"noopener noreferrer\">Clique aqui para ver 76 fotos dos la\u00e7os afetuosos criados na Festa de Ano Novo de 2026 da Associa\u00e7\u00e3o de Moradores de Yawara &gt;&gt;<\/a><\/div>\n<h2>Artigos relacionados<\/h2>\n\n        <div class=\"site-blogcard-premium\">\n            <div class=\"bc-label-custom\">Artigos relacionados<\/div>\n            <div class=\"bc-flex-container\">\n                <div class=\"bc-main-text\">\n                    <div class=\"bc-title-link-box\">\n                        <a href=\"https:\/\/portal.hokuryu.info\/pt\/55198\/\" target=\"_blank\">https:\/\/portal.hokuryu.info\/55198<\/a>\n                    <\/div>\n                    <div class=\"bc-excerpt-box\">N\u00e3o foi poss\u00edvel recuperar as informa\u00e7\u00f5es da p\u00e1gina.<\/div>\n                <\/div>\n                <div class=\"bc-thumbnail-box\">\n                    <a href=\"https:\/\/portal.hokuryu.info\/pt\/55198\/\" target=\"_blank\">\n                        <div class=\"bc-img-zoom-wrap\">\n                            <img decoding=\"async\" src=\"https:\/\/portal.hokuryu.info\/wp\/wp-content\/uploads\/2026\/02\/20230802DSC06445_1.jpg\" alt=\"https:\/\/portal.hokuryu.info\/55198\">\n                        <\/div>\n                    <\/a>\n                <\/div>\n            <\/div>\n        <\/div>\n\n        <div class=\"site-blogcard-premium\">\n            <div class=\"bc-label-custom\">Artigos relacionados<\/div>\n            <div class=\"bc-flex-container\">\n                <div class=\"bc-main-text\">\n                    <div class=\"bc-title-link-box\">\n                        <a href=\"https:\/\/portal.hokuryu.info\/pt\/54625\/\" target=\"_blank\">https:\/\/portal.hokuryu.info\/54625<\/a>\n                    <\/div>\n                    <div class=\"bc-excerpt-box\">N\u00e3o foi poss\u00edvel recuperar as informa\u00e7\u00f5es da p\u00e1gina.<\/div>\n                <\/div>\n                <div class=\"bc-thumbnail-box\">\n                    <a href=\"https:\/\/portal.hokuryu.info\/pt\/54625\/\" target=\"_blank\">\n                        <div class=\"bc-img-zoom-wrap\">\n                            <img decoding=\"async\" src=\"https:\/\/portal.hokuryu.info\/wp\/wp-content\/uploads\/2026\/02\/20230802DSC06445_1.jpg\" alt=\"https:\/\/portal.hokuryu.info\/54625\">\n                        <\/div>\n                    <\/a>\n                <\/div>\n            <\/div>\n        <\/div>\n<div class=\"img-move\">\n<a href=\"https:\/\/portal.hokuryu.info\/pt\/62509\/\">\ud83d\udd8b\ufe0f Planejamento de conte\u00fado, reda\u00e7\u00e3o de artigos, sele\u00e7\u00e3o de fotos e cria\u00e7\u00e3o de v\u00eddeos: Ikuko Terauchi<img decoding=\"async\" style=\"vertical-align: middle;\" src=\"https:\/\/ehokkaido.net\/wp-content\/uploads\/2021\/12\/2021-12-06-11.41.12.png\" \/> Fotografia, edi\u00e7\u00e3o e gest\u00e3o do site: Noboru Terauchi<\/a><\/div>\n<p>\u25c7<\/p>","protected":false},"excerpt":{"rendered":"<p>2026\u5e741\u670821\u65e5\uff08\u6c34\uff09 \u96ea\u6df1\u3044\u5317\u7adc\u753a\u3067\u3001\u548c\uff08\u3084\u308f\u3089\uff09\u753a\u5185\u4f1a\u306e\u65b0\u5e74\u4f1a\u304c\u958b\u50ac\u3055\u308c\u307e\u3057\u305f\u3002\u52b9\u7387\u5316\u3067\u5730\u57df\u306e\u884c\u4e8b\u304c\u6e1b\u308b\u4e2d\u3001\u300c\u9854\u3092\u5408\u308f\u305b\u3066\u6328\u62f6\u3059\u308b\u3053\u3068\u300d\u306e\u4fa1\u5024\u3092\u91cd\u3093\u3058\u3001\u7d99\u7d9a\u3092\u9078\u3093\u3060\u4f4f\u6c11\u305f\u3061\u3002\u529f\u52b4\u8005\u3078\u306e\u79f0\u8cdb\u3001\u6b74 [&hellip;]<\/p>\n","protected":false},"author":1,"featured_media":68411,"comment_status":"open","ping_status":"open","sticky":false,"template":"","format":"standard","meta":{"footnotes":""},"categories":[4,75],"tags":[],"class_list":["post-68404","post","type-post","status-publish","format-standard","has-post-thumbnail","hentry","category-cover-story","category-sasaki-yasuhiro-mayor"],"_links":{"self":[{"href":"https:\/\/portal.hokuryu.info\/pt\/wp-json\/wp\/v2\/posts\/68404","targetHints":{"allow":["GET"]}}],"collection":[{"href":"https:\/\/portal.hokuryu.info\/pt\/wp-json\/wp\/v2\/posts"}],"about":[{"href":"https:\/\/portal.hokuryu.info\/pt\/wp-json\/wp\/v2\/types\/post"}],"author":[{"embeddable":true,"href":"https:\/\/portal.hokuryu.info\/pt\/wp-json\/wp\/v2\/users\/1"}],"replies":[{"embeddable":true,"href":"https:\/\/portal.hokuryu.info\/pt\/wp-json\/wp\/v2\/comments?post=68404"}],"version-history":[{"count":29,"href":"https:\/\/portal.hokuryu.info\/pt\/wp-json\/wp\/v2\/posts\/68404\/revisions"}],"predecessor-version":[{"id":69159,"href":"https:\/\/portal.hokuryu.info\/pt\/wp-json\/wp\/v2\/posts\/68404\/revisions\/69159"}],"wp:featuredmedia":[{"embeddable":true,"href":"https:\/\/portal.hokuryu.info\/pt\/wp-json\/wp\/v2\/media\/68411"}],"wp:attachment":[{"href":"https:\/\/portal.hokuryu.info\/pt\/wp-json\/wp\/v2\/media?parent=68404"}],"wp:term":[{"taxonomy":"category","embeddable":true,"href":"https:\/\/portal.hokuryu.info\/pt\/wp-json\/wp\/v2\/categories?post=68404"},{"taxonomy":"post_tag","embeddable":true,"href":"https:\/\/portal.hokuryu.info\/pt\/wp-json\/wp\/v2\/tags?post=68404"}],"curies":[{"name":"wp","href":"https:\/\/api.w.org\/{rel}","templated":true}]}}