{"id":67307,"date":"2025-12-12T09:39:43","date_gmt":"2025-12-12T00:39:43","guid":{"rendered":"https:\/\/portal.hokuryu.info\/?p=67307"},"modified":"2025-12-25T11:57:56","modified_gmt":"2025-12-25T02:57:56","slug":"%e3%80%90%e5%8c%97%e7%ab%9c%e7%94%ba%e3%81%93%e3%81%a9%e3%82%82%e8%ad%b0%e4%bc%9a%e3%80%91%e6%9c%aa%e6%9d%a5%e3%82%92%e5%89%b5%e3%82%8b11%e5%90%8d%e3%81%ae%e5%b0%8f%e5%ad%a6%e7%94%9f%e8%ad%b0%e5%93%a1","status":"publish","type":"post","link":"https:\/\/portal.hokuryu.info\/pt\/67307\/","title":{"rendered":"[Assembleia Infantil da Cidade de Hokuryu] 11 alunos do ensino fundamental que est\u00e3o construindo o futuro. Um di\u00e1logo inspirador entre adultos e crian\u00e7as."},"content":{"rendered":"<p>Sexta-feira, 12 de dezembro de 2025<\/p>\n<div class=\"ep-box es-BpaperRight es-grid bgc-VPsky\"> Na quinta-feira, 11 de dezembro, a &quot;Assembleia Infantil da Cidade de Hokuryu 2025&quot; foi inaugurada no Sal\u00e3o de Assembleias da Cidade de Hokuryu, coberto de neve. Onze alunos do sexto ano da Escola Prim\u00e1ria Shinryu participaram de discuss\u00f5es profundas sobre quest\u00f5es da cidade, incluindo a utiliza\u00e7\u00e3o da esta\u00e7\u00e3o de esqui, medidas contra ursos pardos e acomoda\u00e7\u00f5es. Em resposta, o prefeito e o superintendente de educa\u00e7\u00e3o falaram com sinceridade sobre o or\u00e7amento, a realidade e os sonhos da cidade. Este foi um registro de um di\u00e1logo igualit\u00e1rio que n\u00e3o tratou as crian\u00e7as como crian\u00e7as. Aqui, encontramos as origens da democracia e uma firme esperan\u00e7a para o futuro.<\/div>\n<h2>[Assembleia Infantil da Cidade de Hokuryu] 11 alunos do ensino fundamental que est\u00e3o construindo o futuro. Um di\u00e1logo inspirador entre adultos e crian\u00e7as.<\/h2>\n<p>f<br \/>\nL\u00e1 fora, pela janela, a neve cai silenciosamente em um mundo prateado. No entanto, na quinta-feira, 11 de dezembro de 2025, o sal\u00e3o de assembleias da Prefeitura de Hokuryu estava envolto pelo calor do pleno ver\u00e3o.<\/p>\n<p>Os principais participantes da &quot;Assembleia Infantil da Cidade de Hokuryu 2025&quot; foram 11 alunos do sexto ano da Escola Prim\u00e1ria Shinryu.<\/p>\n<p>Essa n\u00e3o foi apenas uma experi\u00eancia de aprendizado. Eles fizeram perguntas aos adultos, n\u00e3o como &quot;convidados&quot;, mas como &quot;moradores&quot; que vivem e amam esta cidade.<\/p>\n<p>Os adultos tamb\u00e9m os trataram com sinceridade, n\u00e3o apenas em rela\u00e7\u00e3o aos seus cargos oficiais, mas como pessoas mais experientes.<\/p>\n<figure class=\"wp-caption aligncenter\"><a href=\"https:\/\/photos.google.com\/share\/AF1QipMu-Cm-aJJB-jcLvcNCz0pidfEI0YDvlGHwJpGcAyyo_zrleiQNgWTWVyiSJxdT-g\/photo\/AF1QipPaTxSKghGRAIPW6lbnjU6bNUUSa9iUrqYFJg4?key=Y0hjd0dheEtNbV95MjRpR2tteHpBbFdTem1KUmN3\" target=\"_blank\"><img decoding=\"async\" src=\"https:\/\/lh3.googleusercontent.com\/pw\/AP1GczMc4sXgzn05lKknD_TfUHsiel1YP0R0hrSJClmEOwpBdBDcN0WL6MCORxqgcRzTzjpNZNvzkhbk27HIDG09mRMG4JaACcxpYAMhcCoAemIbQC1AM5y3CbWjNmFcU09JqrOFtPszNFN1B5aET2CQpSbU=w2000-h1125-s-no-gm?authuser=0\" width=\"2000\" height=\"1125\" alt=\"Confer\u00eancia Infantil\" class=\"size-medium\" \/><\/a><figcaption class=\"wp-caption-text\">Confer\u00eancia Infantil<\/figcaption><\/figure>\n<h3>Abertura: Este \u00e9 o seu Congresso.<\/h3>\n<p>\u00c0s 9h da manh\u00e3, os meninos e meninas tomaram seus lugares com express\u00f5es nervosas no rosto. As sauda\u00e7\u00f5es do presidente Nakamura Shoichi e do prefeito Sasaki Yasuhiro confirmaram a import\u00e2ncia desta assembleia.<\/p>\n<h4>Sauda\u00e7\u00f5es do Presidente do Conselho Municipal de Hokuryu, Shoichi Nakamura.<\/h4>\n<figure class=\"wp-caption aligncenter\"><a href=\"https:\/\/photos.google.com\/share\/AF1QipMu-Cm-aJJB-jcLvcNCz0pidfEI0YDvlGHwJpGcAyyo_zrleiQNgWTWVyiSJxdT-g\/photo\/AF1QipOME-Av9vxVRMTR_AmtqDZ2pwuitXcJwpE_ojc?key=Y0hjd0dheEtNbV95MjRpR2tteHpBbFdTem1KUmN3\" target=\"_blank\"><img decoding=\"async\" src=\"https:\/\/lh3.googleusercontent.com\/pw\/AP1GczPVArlzLw-365CujtR2DIiVZlpNfjq_V9DERb4ht-jwgdYS6QDd8puwve5XsDhWvTFQZcIIJPrzIgFUpFshFiOUsgr6ClQkWFFNIyZTDXueIm9CMm92109n1d-39glAsgWGJMO25nZy8TbflI34rrdw=w2000-h1125-s-no-gm?authuser=0\" width=\"2000\" height=\"1125\" alt=\"Presidente Nakamura Shoichi\" class=\"size-medium\" \/><\/a><figcaption class=\"wp-caption-text\">Presidente Nakamura Shoichi<\/figcaption><\/figure>\n<p> &quot;Gostar\u00edamos de agradecer aos alunos do ensino fundamental por se juntarem a n\u00f3s desde cedo pela manh\u00e3 e aos pais por comparecerem como observadores.&quot;<\/p>\n<p>O Parlamento Infantil teve in\u00edcio em 2006 e \u00e9 realizado a cada dois anos, alternando entre escolas de ensino fundamental e m\u00e9dio. Hoje, faremos 10 perguntas gerais.<\/p>\n<p>O prefeito Sasaki e o superintendente Tanaka raramente ficam sem palavras, mas hoje podem se deparar com algumas perguntas incisivas que os deixar\u00e3o sem resposta.<\/p>\n<p>Pode haver algumas coisas que podem ser resolvidas imediatamente, algumas que exigem uma an\u00e1lise mais aprofundada e algumas que s\u00e3o dif\u00edceis, mas acredito que eles poder\u00e3o fornecer uma explica\u00e7\u00e3o que lhe permitir\u00e1 entender por que algo n\u00e3o est\u00e1 bem.<\/p>\n<p>Voc\u00eas provavelmente t\u00eam todos 11 ou 12 anos agora, mas quando completarem 25, poder\u00e3o se tornar membros do Conselho Municipal de Hokuryu. Espero que, se a oportunidade surgir, voc\u00eas se tornem membros do conselho daqui a 12 ou 13 anos. <\/p>\n<p>N\u00e3o precisa se preocupar se cometer um erro. Simplesmente fa\u00e7a suas perguntas com confian\u00e7a at\u00e9 o final.<\/p>\n<h4>Sauda\u00e7\u00f5es do prefeito da cidade de Hokuryu, Yasuhiro Sasaki<\/h4>\n<figure class=\"wp-caption aligncenter\"><a href=\"https:\/\/photos.google.com\/share\/AF1QipMu-Cm-aJJB-jcLvcNCz0pidfEI0YDvlGHwJpGcAyyo_zrleiQNgWTWVyiSJxdT-g\/photo\/AF1QipPQ08GI3HFWlJ5phIE_O3I7k4ATJW8xvEhb3t4?key=Y0hjd0dheEtNbV95MjRpR2tteHpBbFdTem1KUmN3\" target=\"_blank\"><img decoding=\"async\" src=\"https:\/\/lh3.googleusercontent.com\/pw\/AP1GczNiyPnH1rPHd6tVJ8ueJZlFwKZWECV3OcLDGUpj1iOixcwCw9XOi8ymBTHWfhBPdAvMjGKpVoRI6VhYVyvwtSAu-wfoijaK6IDgiU2sQXR5tBbKsa1YNb4juy8VwpIBIVWlv5xm6vzrLBdHGfddMLpi=w2000-h1125-s-no-gm?authuser=0\" width=\"2000\" height=\"1125\" alt=\"Prefeito Yasuhiro Sasaki\" class=\"size-medium\" \/><\/a><figcaption class=\"wp-caption-text\">Prefeito Yasuhiro Sasaki<\/figcaption><\/figure>\n<p>&quot;Bom dia! Outro dia, me mostraram uma conversa online com a Austr\u00e1lia e, vendo todo mundo se esfor\u00e7ando tanto para usar o ingl\u00eas, decidi dizer &#039;Bom dia&#039; em vez de &#039;Bom dia&#039;.&quot;<\/p>\n<p>Preocupa-me que o termo &quot;assembleia infantil&quot; pare\u00e7a vir de uma perspectiva adulta. Assembleia do ensino fundamental, assembleia do ensino m\u00e9dio. Voc\u00eas s\u00e3o os protagonistas, esta \u00e9 a assembleia de voc\u00eas, ent\u00e3o quero que a encarem com essa mentalidade.<\/p>\n<p>Em 2006, um aluno do ensino fundamental expressou o desejo de ter um computador, e o superintendente de educa\u00e7\u00e3o da \u00e9poca imediatamente destinou um grande or\u00e7amento de 6,5 milh\u00f5es de ienes para tornar o pedido realidade. Essa \u00e9 a hist\u00f3ria por tr\u00e1s disso.<\/p>\n<p>Estamos aqui para tornar seus sonhos realidade e faremos o poss\u00edvel para responder \u00e0s suas perguntas.<\/p>\n<p>Em seguida, sob a digna condu\u00e7\u00e3o do presidente Fujita Yuno, a sess\u00e3o de perguntas gerais finalmente teve in\u00edcio.<\/p>\n<figure class=\"wp-caption aligncenter\"><a href=\"https:\/\/photos.google.com\/share\/AF1QipMu-Cm-aJJB-jcLvcNCz0pidfEI0YDvlGHwJpGcAyyo_zrleiQNgWTWVyiSJxdT-g\/photo\/AF1QipMmrZJ2mjGe_5PyNzyB81w9rmQkvdARFs7iuYU?key=Y0hjd0dheEtNbV95MjRpR2tteHpBbFdTem1KUmN3\" target=\"_blank\"><img decoding=\"async\" src=\"https:\/\/lh3.googleusercontent.com\/pw\/AP1GczN-2RZ2CzYrGm63a21GeLjbSq08dZJsYKrGqfaouT3CIurqZK-PGbU71luxE8DFLrKdJdatVVSiT-QErtaLnEeW8vfb871dcCpIol9HA3T6ue6EJba2NXrjWDRqUFD2sHRfHKKrVwCObmWN92qTtlTP=w2000-h1125-s-no-gm?authuser=0\" width=\"2000\" height=\"1125\" alt=\"Atas do orador\" class=\"size-medium\" \/><\/a><figcaption class=\"wp-caption-text\">Atas do orador<\/figcaption><\/figure>\n<h3>Pergunta geral 1: Em rela\u00e7\u00e3o \u00e0 utiliza\u00e7\u00e3o de est\u00e2ncias de esqui<\/h3>\n<h4>Pergunta: Vereador n\u00ba 1<\/h4>\n<figure class=\"wp-caption aligncenter\"><a href=\"https:\/\/photos.google.com\/share\/AF1QipMu-Cm-aJJB-jcLvcNCz0pidfEI0YDvlGHwJpGcAyyo_zrleiQNgWTWVyiSJxdT-g\/photo\/AF1QipPMSr2OQrA9fiDS7dxLfokUrS-WMEfq9vQLJs4?key=Y0hjd0dheEtNbV95MjRpR2tteHpBbFdTem1KUmN3\" target=\"_blank\"><img decoding=\"async\" src=\"https:\/\/lh3.googleusercontent.com\/pw\/AP1GczN-PfOKQOLF2EO6QohKgy8zSEzUojZS62boFxbDRCl86SnNDzyHxr1A5GO_YHH_E4Xtt_oYxu4ixcMhABrtqxaokblhT1LidQOMccAcVShzR7axpM_qG_tC0tgda9e6WuAjrelwlpcJ4eLxfNuIjRJ3=w2000-h1125-s-no-gm?authuser=0\" width=\"2000\" height=\"1125\" alt=\"Eventos em esta\u00e7\u00f5es de esqui\" class=\"size-medium\" \/><\/a><figcaption class=\"wp-caption-text\">Eventos em esta\u00e7\u00f5es de esqui<\/figcaption><\/figure>\n<p>Tenho uma pergunta sobre o evento na esta\u00e7\u00e3o de esqui.<\/p>\n<p>Os eventos que antes eram realizados em esta\u00e7\u00f5es de esqui agora est\u00e3o sendo realizados no Centro de Melhoramentos.<\/p>\n<p>Os \u00fanicos eventos realizados nas esta\u00e7\u00f5es de esqui s\u00e3o competi\u00e7\u00f5es de esqui e snowboard. Acredito que, se planej\u00e1ssemos mais eventos na esta\u00e7\u00e3o de esqui, isso incentivaria a comunica\u00e7\u00e3o entre os moradores, aumentaria o n\u00famero de visitantes e tornaria a cidade de Hokuryu mais vibrante. Por favor, considerem essa sugest\u00e3o.<\/p>\n<h4>Resposta: Yoshiki Tanaka, Superintendente de Educa\u00e7\u00e3o<\/h4>\n<figure class=\"wp-caption aligncenter\"><a href=\"https:\/\/photos.google.com\/share\/AF1QipMu-Cm-aJJB-jcLvcNCz0pidfEI0YDvlGHwJpGcAyyo_zrleiQNgWTWVyiSJxdT-g\/photo\/AF1QipMUmVMB2KRIyJEvA5YCeW1mbhuS_XEKDPdJ1ZI?key=Y0hjd0dheEtNbV95MjRpR2tteHpBbFdTem1KUmN3\" target=\"_blank\"><img decoding=\"async\" src=\"https:\/\/lh3.googleusercontent.com\/pw\/AP1GczMldON1AVYiVZReJhMzcqzXxurz4lCmFbzkC72SHpDF7sW0dAnshGh4hVVGH99gnuTdlL9HRJhpjcefttH6Sy-gWbo7KTa7nFWQVrZ0UTojouOt5E3CPf2xluPMKyjbj3Qag8CRkguUUmIve5_3dK-j=w2000-h1125-s-no-gm?authuser=0\" width=\"2000\" height=\"1125\" alt=\"O superintendente Tanaka respondeu.\" class=\"size-medium\" \/><\/a><figcaption class=\"wp-caption-text\">O superintendente Tanaka respondeu.<\/figcaption><\/figure>\n<p>&quot;Agrade\u00e7o a todos que fizeram perguntas e tiveram a coragem de faz\u00ea-lo.&quot;<\/p>\n<p>Antes da dissemina\u00e7\u00e3o da COVID-19, o &quot;Festival Yukinko&quot; era realizado na esta\u00e7\u00e3o de esqui em conjunto com o torneio de esqui da cidade. No entanto, devido ao estacionamento limitado e \u00e0 dificuldade de montar os tobog\u00e3s e outros equipamentos, os dois eventos agora s\u00e3o realizados separadamente.<\/p>\n<p>Acreditamos que realizar os eventos separadamente permitir\u00e1 um estacionamento maior e facilitar\u00e1 a participa\u00e7\u00e3o de muitos moradores da cidade, mas o que voc\u00eas acham? Por favor, compartilhem suas opini\u00f5es conosco. <\/p>\n<p>A cidade de Hokuryu est\u00e1 atualmente considerando utilizar Himawari no Sato para criar uma \u00e1rea de recrea\u00e7\u00e3o na neve, mesmo durante o inverno. Em conjunto com esse plano, tamb\u00e9m \u00e9 poss\u00edvel realizar eventos na esta\u00e7\u00e3o de esqui e convidar pessoas de fora da cidade para realizar eventos no local.<\/p>\n<p>Continuaremos a pensar em v\u00e1rias maneiras de tornar a est\u00e2ncia de esqui acess\u00edvel ao maior n\u00famero poss\u00edvel de pessoas.&quot;<\/p>\n<h3>Quest\u00e3o geral 2: Em rela\u00e7\u00e3o \u00e0 melhoria ambiental do parque<\/h3>\n<h4>Pergunta: Vereador n\u00ba 2<\/h4>\n<figure class=\"wp-caption aligncenter\"><a href=\"https:\/\/photos.google.com\/share\/AF1QipMu-Cm-aJJB-jcLvcNCz0pidfEI0YDvlGHwJpGcAyyo_zrleiQNgWTWVyiSJxdT-g\/photo\/AF1QipP_A8RTFL1ia2kxswyw5jsd_3Nhi4duzjpn9e8?key=Y0hjd0dheEtNbV95MjRpR2tteHpBbFdTem1KUmN3\" target=\"_blank\"><img decoding=\"async\" src=\"https:\/\/lh3.googleusercontent.com\/pw\/AP1GczOkSBklgHsU1Ipz8WG1uW0QXGbg4Z9hMEHrHmzdtCqvSNnwYuHX8RjIiZLz55-WU_KUIpkblkm16nEvl96O48FMjijS7KJEoIOk_8jHbwOXFcDDgPeg_Qwt2kVc0J_C0pWnXTAUXXv4tgoKlimxJXAs=w2000-h1114-s-no-gm?authuser=0\" width=\"2000\" height=\"1114\" alt=\"Cortar a grama e recolher as folhas ca\u00eddas no parque.\" class=\"size-medium\" \/><\/a><figcaption class=\"wp-caption-text\">Cortar a grama e recolher as folhas ca\u00eddas no parque.<\/figcaption><\/figure>\n<p>Tenho uma pergunta sobre cortar a grama e recolher as folhas.<\/p>\n<p>Atualmente, h\u00e1 muita grama crescendo no parque, o que dificulta brincar, ent\u00e3o gostaria que a grama fosse cortada. No outono, h\u00e1 muitas folhas ca\u00eddas no ch\u00e3o, deixando-o sujo, ent\u00e3o gostaria que as folhas fossem recolhidas.<\/p>\n<p>Se coisas como essa pudessem ser melhoradas, acho que mais pessoas viriam brincar no parque. Obrigado.<\/p>\n<h4>Resposta: Prefeito Yasuhiro Sasaki<\/h4>\n<figure class=\"wp-caption aligncenter\"><a href=\"https:\/\/photos.google.com\/share\/AF1QipMu-Cm-aJJB-jcLvcNCz0pidfEI0YDvlGHwJpGcAyyo_zrleiQNgWTWVyiSJxdT-g\/photo\/AF1QipN5uNUNwPr7iIa8EL4zff9JX6pRj8ObFpQHuK8?key=Y0hjd0dheEtNbV95MjRpR2tteHpBbFdTem1KUmN3\" target=\"_blank\"><img decoding=\"async\" src=\"https:\/\/lh3.googleusercontent.com\/pw\/AP1GczNQXX-I-hIeXwzOkmT8QQK83XCgat6BsEZIjX4O6IRP80CBa_nXhIQYk51JAC6enFKZFPs0NacxruKCSMoZI0RbxpfKkmgTsZ4TvFEvC5lBVRE69ymoUKw8QYkA2NHjjuG8lCLVj5aC7nNmANLD-HJ1=w2000-h1113-s-no-gm?authuser=0\" width=\"2000\" height=\"1113\" alt=\"Prefeito Sasaki responde\" class=\"size-medium\" \/><\/a><figcaption class=\"wp-caption-text\">Prefeito Sasaki responde<\/figcaption><\/figure>\n<p>&quot;Existem seis parques infantis na cidade, al\u00e9m do Parque Konpira e do Parque Hekisui.&quot;<\/p>\n<p>O corte da grama \u00e9 feito por um grupo chamado &quot;Centro de Recursos Humanos da Terceira Idade&quot; e \u00e9 realizado principalmente por pessoas com idades entre 60 e 80 anos.<\/p>\n<p>Fazemos isso duas vezes por ano e tamb\u00e9m pedimos ajuda \u00e0 associa\u00e7\u00e3o de moradores, cerca de quatro vezes no total, mas, como disse o vereador, ainda h\u00e1 algumas \u00e1reas que parecem n\u00e3o ser limpas.<\/p>\n<p>Gostar\u00edamos de manter os parques o mais limpos poss\u00edvel, mas tamb\u00e9m h\u00e1 discuss\u00f5es sobre se realmente precisamos de oito parques. Estamos considerando reduzir um pouco o n\u00famero e concentrar a gest\u00e3o em uma \u00fanica \u00e1rea.<\/p>\n<p>Quando eu estava no ensino fundamental, eu recolhia folhas ca\u00eddas no parque e assava batatas-doces, mas os bombeiros ficavam muito bravos comigo (risos).<\/p>\n<p>Gostaria de criar um parque onde as pessoas possam viver essas aventuras. Gostaria de trabalhar com voc\u00eas para criar um lugar onde as pessoas possam usar a sua imagina\u00e7\u00e3o livremente, fazer o que quiserem e tentar novamente, mesmo que falhem.<\/p>\n<h3>Quest\u00e3o geral 3: Em rela\u00e7\u00e3o \u00e0 instala\u00e7\u00e3o de equipamentos de parque infantil<\/h3>\n<h4>Pergunta: Vereador n\u00ba 3<\/h4>\n<figure class=\"wp-caption aligncenter\"><a href=\"https:\/\/photos.google.com\/share\/AF1QipMu-Cm-aJJB-jcLvcNCz0pidfEI0YDvlGHwJpGcAyyo_zrleiQNgWTWVyiSJxdT-g\/photo\/AF1QipOKSKY-EVm5rvZwHMBKU323Pzu9b0QqVVYk6So?key=Y0hjd0dheEtNbV95MjRpR2tteHpBbFdTem1KUmN3\" target=\"_blank\"><img decoding=\"async\" src=\"https:\/\/lh3.googleusercontent.com\/pw\/AP1GczOBtOiQ79GxZS8tIA-HLMLU7-f0RoVEe1ZbP_M8HHB5sOw3zVdneX8gZdWXiC_ULcBOidL-51Gj2t060XH3a102f4hwVlmpyEip1VyiG3moXtnt1wAkuRcKlURFGm7Ywpv6IxHQt3ZVse47OIeyRFjZ=w2000-h1125-s-no-gm?authuser=0\" width=\"2000\" height=\"1125\" alt=\"Com rela\u00e7\u00e3o \u00e0 instala\u00e7\u00e3o de equipamentos de playground\" class=\"size-medium\" \/><\/a><figcaption class=\"wp-caption-text\">Com rela\u00e7\u00e3o \u00e0 instala\u00e7\u00e3o de equipamentos de playground<\/figcaption><\/figure>\n<p>Tenho uma d\u00favida sobre a instala\u00e7\u00e3o de equipamentos de parque infantil.<\/p>\n<p>Acho que existem poucos lugares na cidade de Hokuryu onde as crian\u00e7as podem brincar como o Kids Square Chikkuru na cidade de Chishibetsu.<\/p>\n<p>Na cidade vizinha de Imoseushi, existe um parque infantil chamado Parque Aqu\u00e1tico Urara, onde as crian\u00e7as podem brincar. Acho muito importante que as crian\u00e7as possam brincar livremente, por isso acredito que dever\u00edamos criar um parque infantil como esse em Hokuryu. O que voc\u00ea acha?<\/p>\n<h4>Resposta: Prefeito Sasaki Yasuhiro<\/h4>\n<figure class=\"wp-caption aligncenter\"><a href=\"https:\/\/photos.google.com\/share\/AF1QipMu-Cm-aJJB-jcLvcNCz0pidfEI0YDvlGHwJpGcAyyo_zrleiQNgWTWVyiSJxdT-g\/photo\/AF1QipNsLKn2i2Mr5kBF3_z1uPkRPEb_Y5aK4ZGCllA?key=Y0hjd0dheEtNbV95MjRpR2tteHpBbFdTem1KUmN3\" target=\"_blank\"><img decoding=\"async\" src=\"https:\/\/lh3.googleusercontent.com\/pw\/AP1GczPzVv24UZtxhKnDJicOwvfXfKNnkJCkMGioqEyMoslrHlnlsGbBRhetVS_ox0pSaTnxXeZJ5_Lqyj8u2yTrUUdjurvn34qL6YNiaG1SW_8dYBLqlNKur-xQzKITg9i9uOo5l3O50K0w3XTZWX81e_bk=w2000-h1125-s-no-gm?authuser=0\" width=\"2000\" height=\"1125\" alt=\"Prefeito Sasaki responde\" class=\"size-medium\" \/><\/a><figcaption class=\"wp-caption-text\">Prefeito Sasaki responde<\/figcaption><\/figure>\n<p>&quot;Seus pais e m\u00e3es tamb\u00e9m fizeram o mesmo pedido.&quot;<\/p>\n<p>Como respondi anteriormente, estamos considerando reduzir ligeiramente o n\u00famero de parques infantis e, em vez disso, criar parques e \u00e1reas de lazer que todos possam desfrutar.<\/p>\n<p>O &quot;Kids Square Chikkuru&quot; na cidade de Chishibetsu foi constru\u00eddo com um investimento enorme, de 1 bilh\u00e3o de ienes. Pode ser dif\u00edcil arrecadar uma quantia t\u00e3o grande de imediato, mas estamos pensando em criar um lugar onde todos possam brincar e onde os pais possam passar tempo juntos. <\/p>\n<p>Atualmente, a cidade de Hokuryu est\u00e1 tentando unificar suas escolas de ensino fundamental e m\u00e9dio em uma \u00fanica escola de 9 anos (escola de ensino obrigat\u00f3rio). Ao planejar essa nova escola, queremos criar um ambiente onde todos possam se divertir. Ainda levar\u00e1 tr\u00eas anos, mas gostar\u00edamos de levar em considera\u00e7\u00e3o a opini\u00e3o de todos.<\/p>\n<h3>Pergunta geral 4: Em rela\u00e7\u00e3o aos dias de encerramento do Centro de Melhoramentos<\/h3>\n<h4>Pergunta: Vereador n\u00ba 4<\/h4>\n<figure class=\"wp-caption aligncenter\"><a href=\"https:\/\/photos.google.com\/share\/AF1QipMu-Cm-aJJB-jcLvcNCz0pidfEI0YDvlGHwJpGcAyyo_zrleiQNgWTWVyiSJxdT-g\/photo\/AF1QipNqcChjtUHy1B16Zbwe2wkxHhgTFHDY88lrHYs?key=Y0hjd0dheEtNbV95MjRpR2tteHpBbFdTem1KUmN3\" target=\"_blank\"><img decoding=\"async\" src=\"https:\/\/lh3.googleusercontent.com\/pw\/AP1GczNjUgwsFyZgchJWcR0WGTQ_OByQw1wORsZTHMXNV9Xa3DAhVlnBmdJJgRTOmeKWLm1_jkLLtT078wSSNtRqR1oP3a6UR5p15Dz_Uz42qWvXo0kMKmp9gwesayM6G9EyLyT0DIohWyMpab5R1n6mbWKn=w2000-h1118-s-no-gm?authuser=0\" width=\"2000\" height=\"1118\" alt=\"Dias em que o Centro de Melhoramentos est\u00e1 fechado\" class=\"size-medium\" \/><\/a><figcaption class=\"wp-caption-text\">Dias em que o Centro de Melhoramentos est\u00e1 fechado<\/figcaption><\/figure>\n<p>&quot;Tenho uma pergunta sobre os dias de encerramento do Centro de Melhoramentos.&quot;<\/p>\n<p>Atualmente, o centro de refor\u00e7o escolar est\u00e1 fechado \u00e0s segundas-feiras. As aulas terminam mais cedo \u00e0s segundas-feiras. Mesmo que eu queira ir ao centro de refor\u00e7o escolar porque as aulas terminam mais cedo, n\u00e3o posso ir porque ele est\u00e1 fechado \u00e0s segundas-feiras.<\/p>\n<p>Acho que se fech\u00e1ssemos aos domingos, mais pessoas viriam ao Centro Kaizen. Se fech\u00e1ssemos aos domingos e fiz\u00e9ssemos a limpeza nesses dias, poder\u00edamos mant\u00ea-lo limpo e mais pessoas viriam brincar, ent\u00e3o eu gostaria que ele fechasse aos domingos. Agrade\u00e7o a sua aten\u00e7\u00e3o.<\/p>\n<h4>Resposta: Yoshiki Tanaka, Superintendente de Educa\u00e7\u00e3o<\/h4>\n<figure class=\"wp-caption aligncenter\"><a href=\"https:\/\/photos.google.com\/share\/AF1QipMu-Cm-aJJB-jcLvcNCz0pidfEI0YDvlGHwJpGcAyyo_zrleiQNgWTWVyiSJxdT-g\/photo\/AF1QipP5ZId775c8JPBMvn4s33ScKNw2ix7paqtZ-cU?key=Y0hjd0dheEtNbV95MjRpR2tteHpBbFdTem1KUmN3\" target=\"_blank\"><img decoding=\"async\" src=\"https:\/\/lh3.googleusercontent.com\/pw\/AP1GczOW062TDWr1l7_1cBOavAuNTVfr5YpvC9DebQNWHPQwvl-xyzs5nhkbRsGXMOhoWzypRdqGWaTc7ssszstjMCE0C0biObswWdkCwLJVuNHwFDnJphDbsbuy-q1_POhSuzBcsTYKJjEgwYoDsh-xlUbD=w2000-h1125-s-no-gm?authuser=0\" width=\"2000\" height=\"1125\" alt=\"O superintendente Tanaka respondeu.\" class=\"size-medium\" \/><\/a><figcaption class=\"wp-caption-text\">O superintendente Tanaka respondeu.<\/figcaption><\/figure>\n<p>&quot;O membro do conselho analisou informa\u00e7\u00f5es de outras cidades e fez perguntas, o que \u00e9 \u00f3timo.&quot;<\/p>\n<p>Atualmente, os trabalhos de manuten\u00e7\u00e3o que n\u00e3o podem ser realizados nos dias de funcionamento s\u00e3o feitos \u00e0s segundas-feiras, quando as instala\u00e7\u00f5es est\u00e3o fechadas. Outro problema \u00e9 que o fechamento aos domingos impede que as pessoas que desejam usar as salas de treinamento ou participar de torneios esportivos realizados aos domingos possam faz\u00ea-lo.<\/p>\n<p>No entanto, a cidade est\u00e1 planejando construir um &quot;complexo de instala\u00e7\u00f5es&quot; que combinar\u00e1 escola, centro comunit\u00e1rio e centro de melhorias, e nessa ocasi\u00e3o pretendem eliminar os dias de fechamento das escolas.<\/p>\n<p>A conclus\u00e3o das novas instala\u00e7\u00f5es levar\u00e1 algum tempo, mas o Conselho de Educa\u00e7\u00e3o est\u00e1 considerando eliminar os dias de fechamento das escolas at\u00e9 que a obra esteja finalizada, ent\u00e3o gostar\u00edamos de pedir um pouco mais de tempo.&quot;<\/p>\n<h3>Pergunta geral 5: Sobre o brilho dos postes de ilumina\u00e7\u00e3o p\u00fablica<\/h3>\n<h4>Pergunta: Vereador n\u00ba 5<\/h4>\n<figure class=\"wp-caption aligncenter\"><a href=\"https:\/\/photos.google.com\/share\/AF1QipMu-Cm-aJJB-jcLvcNCz0pidfEI0YDvlGHwJpGcAyyo_zrleiQNgWTWVyiSJxdT-g\/photo\/AF1QipNiA8mmfO8oE9AAkP74ZjUhZlWJ7UtQCLgSP7w?key=Y0hjd0dheEtNbV95MjRpR2tteHpBbFdTem1KUmN3\" target=\"_blank\"><img decoding=\"async\" src=\"https:\/\/lh3.googleusercontent.com\/pw\/AP1GczNELcdU2YdSkpaShk0KuAyXwZc3IFBqC0ppDIfgnVTwCxDyuJHXIjkQRaMKRjkR6McqdTuJR9zO-lwDI5n0nKKSaIClD8t-r3O7oXkbiTN23Hb2lLfXPsL5tKKDBl9lQZZbDqJ62bcTP18RYDtovtKG=w2000-h1125-s-no-gm?authuser=0\" width=\"2000\" height=\"1125\" alt=\"Sobre a ilumina\u00e7\u00e3o p\u00fablica\" class=\"size-medium\" \/><\/a><figcaption class=\"wp-caption-text\">Sobre a ilumina\u00e7\u00e3o p\u00fablica<\/figcaption><\/figure>\n<p>Tenho uma pergunta sobre ilumina\u00e7\u00e3o p\u00fablica.<\/p>\n<p>Gostaria que a ilumina\u00e7\u00e3o p\u00fablica da cidade fosse mais forte. Eu estava caminhando pela cal\u00e7ada por volta das 18h30 no in\u00edcio de outubro quando percebi que os postes de luz estavam fracos.<\/p>\n<p>Eu me senti desconfort\u00e1vel porque n\u00e3o conseguia enxergar bem. Acho que acidentes e ferimentos v\u00e3o acontecer se as coisas continuarem assim. Por isso, gostaria que a ilumina\u00e7\u00e3o p\u00fablica fosse mais forte. Obrigada.<\/p>\n<h4>Resposta: Prefeito Sasaki Yasuhiro<\/h4>\n<figure class=\"wp-caption aligncenter\"><a href=\"https:\/\/photos.google.com\/share\/AF1QipMu-Cm-aJJB-jcLvcNCz0pidfEI0YDvlGHwJpGcAyyo_zrleiQNgWTWVyiSJxdT-g\/photo\/AF1QipO1qNrBNSWCz02HRqhFVumbmDckcycZ1fq_fkI?key=Y0hjd0dheEtNbV95MjRpR2tteHpBbFdTem1KUmN3\" target=\"_blank\"><img decoding=\"async\" src=\"https:\/\/lh3.googleusercontent.com\/pw\/AP1GczPepVGTs7sXC5WpTOwAC9f1L4PKlvZ4BgcKdJEvPBmWQ35KInVrOR8hVFSsRZUfKnbrFrcfK9MFlWH3tQ9U50iQj37hU-MzW6zmN7i3CZxIoGAEv2LwWCEWqGGN2hgiBmLPayDdu5q1CKq_qYDWnX-O=w2000-h1125-s-no-gm?authuser=0\" width=\"2000\" height=\"1125\" alt=\"Prefeito Sasaki responde\" class=\"size-medium\" \/><\/a><figcaption class=\"wp-caption-text\">Prefeito Sasaki responde<\/figcaption><\/figure>\n<p>&quot;A ilumina\u00e7\u00e3o p\u00fablica \u00e9 fraca. Est\u00e1 muito escuro. Eu ando por a\u00ed, mas conforme envelhe\u00e7o, minha vis\u00e3o fica mais turva e \u00e0s vezes quase esbarro nas pessoas.&quot;<\/p>\n<p>Os postes de ilumina\u00e7\u00e3o atuais foram instalados em 1991 para comemorar o centen\u00e1rio da funda\u00e7\u00e3o da cidade de Hokuryu.<\/p>\n<p>Em 2009, houve uma infesta\u00e7\u00e3o massiva de lagartas-ciganas, ent\u00e3o substitu\u00edmos as l\u00e2mpadas por l\u00e2mpadas de LED, que t\u00eam menos probabilidade de atrair insetos. Essa pr\u00e1tica continua at\u00e9 hoje.<\/p>\n<p>Os atuais postes de ilumina\u00e7\u00e3o &quot;Sunflower&quot; est\u00e3o em uso h\u00e1 mais de 30 anos, por isso estamos planejando construir novos postes de ilumina\u00e7\u00e3o como parte do nosso planejamento urbano para o futuro.<\/p>\n<p>(Mostrando a imagem de um novo poste de ilumina\u00e7\u00e3o p\u00fablica) Estamos pensando em um projeto que afaste os insetos e impe\u00e7a o ac\u00famulo de neve na parte superior.<\/p>\n<p>Tamb\u00e9m queremos adicionar uma fun\u00e7\u00e3o de exibi\u00e7\u00e3o ao lado que nos permita promover eventos da cidade, etc. Estamos pensando em como facilitar o deslocamento de todos para a escola e a passagem pela \u00e1rea com tranquilidade.&quot;<\/p>\n<h3>Quest\u00e3o geral 6: Medidas de controle de ursos<\/h3>\n<h4>Pergunta: Vereador n\u00ba 6<\/h4>\n<figure class=\"wp-caption aligncenter\"><a href=\"https:\/\/photos.google.com\/share\/AF1QipMu-Cm-aJJB-jcLvcNCz0pidfEI0YDvlGHwJpGcAyyo_zrleiQNgWTWVyiSJxdT-g\/photo\/AF1QipOfc8ZGGIQ-aiFv2qavlZ2FSotBhOmOmStXlwA?key=Y0hjd0dheEtNbV95MjRpR2tteHpBbFdTem1KUmN3\" target=\"_blank\"><img decoding=\"async\" src=\"https:\/\/lh3.googleusercontent.com\/pw\/AP1GczOEWMUQloIZ2vHPqYAjF2rYXOaDoxuCuh-5UJrUWLxalNVx3N3BT0HdKGjMsimroHS1sYw2Fy--b58NancZvuQEE3-b4eaFIvXRaYfhD19kgnT2ItGWgD15EKeouWGgxPVrqftMzIPSf1F7LOYNA6cY=w2000-h1125-s-no-gm?authuser=0\" width=\"2000\" height=\"1125\" alt=\"Resposta do Urso\" class=\"size-medium\" \/><\/a><figcaption class=\"wp-caption-text\">Resposta do Urso<\/figcaption><\/figure>\n<p>Tenho uma pergunta sobre controle de ursos.<\/p>\n<p>Recentemente, temos ouvido falar de avistamentos de ursos nos notici\u00e1rios, com muitas pessoas feridas. Este ano, em Hokkaido, houve 65 casos de ursos, 5 mortes e 410 avistamentos relatados. Muitos avistamentos tamb\u00e9m foram relatados na cidade de Hokuryu.<\/p>\n<p>Por exemplo, diz-se que os ursos t\u00eam boa audi\u00e7\u00e3o, ent\u00e3o que tal ter carros da pol\u00edcia patrulhando perto de locais p\u00fablicos, ou usar o r\u00e1dio de preven\u00e7\u00e3o de desastres para pedir \u00e0s pessoas que evitem sair de casa depois das 18h, quando escurece cedo?<\/p>\n<p>Acredito que isso ajudar\u00e1 a prevenir danos causados por ursos at\u00e9 certo ponto e permitir\u00e1 que os moradores da cidade vivam em paz. Agradeceria sua considera\u00e7\u00e3o.<\/p>\n<h4>Resposta: Prefeito Sasaki Yasuhiro<\/h4>\n<figure class=\"wp-caption aligncenter\"><a href=\"https:\/\/photos.google.com\/share\/AF1QipMu-Cm-aJJB-jcLvcNCz0pidfEI0YDvlGHwJpGcAyyo_zrleiQNgWTWVyiSJxdT-g\/photo\/AF1QipMBsFAjVn1bQgztsLcDT4soIvo5tDFWNy5sRf8?key=Y0hjd0dheEtNbV95MjRpR2tteHpBbFdTem1KUmN3\" target=\"_blank\"><img decoding=\"async\" src=\"https:\/\/lh3.googleusercontent.com\/pw\/AP1GczOn7mWHbUh69ukpShoaFWd5_qNu-UY6eYNzygdGrIDFbk8YnATpxWqw1J2ooJEd0Bl1q7zkbHQhfmkDJJx_0o-pWlI5GXsRVnICtKhYOJHIa2xbB3pEDsbIS4aKzCdHIr-XMF7I9_MYh1MSmqaDduGV=w2000-h1125-s-no-gm?authuser=0\" width=\"2000\" height=\"1125\" alt=\"Prefeito Sasaki responde\" class=\"size-medium\" \/><\/a><figcaption class=\"wp-caption-text\">Prefeito Sasaki responde<\/figcaption><\/figure>\n<p>&quot;Obrigado, membros da Dieta. Os danos causados por ursos est\u00e3o sendo descritos como de &#039;n\u00edvel de desastre&#039;. Isso foi discutido na Dieta e todo o pa\u00eds est\u00e1 considerando medidas para conter a situa\u00e7\u00e3o.&quot;<\/p>\n<p>Na cidade de Hokuryu, 14 ursos foram capturados este ano. Embora sejam geralmente animais t\u00edmidos, eles se acostumaram recentemente com as pessoas e come\u00e7aram a se aproximar das casas. Uma das raz\u00f5es para isso \u00e9 a escassez de alimentos (produtos) nas montanhas.<\/p>\n<p>Em rela\u00e7\u00e3o ao r\u00e1dio de preven\u00e7\u00e3o de desastres, atualmente transmitimos o aviso &quot;J\u00e1 aconteceu, tenham cuidado&quot; depois que o desastre j\u00e1 ocorreu, mas, como sugeriu Takebayashi, tamb\u00e9m gostar\u00edamos de considerar a possibilidade de &quot;avisar antes de sair&quot;.<\/p>\n<p>Policiais e ca\u00e7adores da associa\u00e7\u00e3o de ca\u00e7a da cidade est\u00e3o trabalhando arduamente para cooperar. Continuaremos a tomar medidas para proteger nossos moradores.<\/p>\n<h3>Quest\u00e3o Geral 7: Relativa \u00e0 expans\u00e3o das instala\u00e7\u00f5es de alojamento<\/h3>\n<h4>Pergunta: Vereador n\u00ba 7<\/h4>\n<figure class=\"wp-caption aligncenter\"><a href=\"https:\/\/photos.google.com\/share\/AF1QipMu-Cm-aJJB-jcLvcNCz0pidfEI0YDvlGHwJpGcAyyo_zrleiQNgWTWVyiSJxdT-g\/photo\/AF1QipMwFtiGPllaMSOH3xUpu3xUDuYe69EaqQ0lg4k?key=Y0hjd0dheEtNbV95MjRpR2tteHpBbFdTem1KUmN3\" target=\"_blank\"><img decoding=\"async\" src=\"https:\/\/lh3.googleusercontent.com\/pw\/AP1GczObrHYTzI-zX9Zl-uV4zQrYvHZj8RA9bOmelRNsautEFonTEjXK_-1-uyhelmeojYKTFqAVXrdsuH9AvxQbgL6S40bOiyl0W3kpJCqpsIzJjE4napPe137dmKmOOc1k67zZCc-KPHdj8-hDm5kn6l5L=w2000-h1125-s-no-gm?authuser=0\" width=\"2000\" height=\"1125\" alt=\"Sobre acomoda\u00e7\u00e3o\" class=\"size-medium\" \/><\/a><figcaption class=\"wp-caption-text\">Sobre acomoda\u00e7\u00e3o<\/figcaption><\/figure>\n<p>&quot;Tenho uma pergunta sobre hospedagem na cidade de Hokuryu.&quot;<\/p>\n<p>Acho que seria bom aumentar o n\u00famero de acomoda\u00e7\u00f5es na cidade de Hokuryu que possam receber muitos turistas.<\/p>\n<p>Ao ver os turistas que vinham para ver os girass\u00f3is no ver\u00e3o e iam embora depois de apenas um dia, pensei que seria uma boa ideia construir um hotel ou chal\u00e9s onde mais pessoas pudessem se hospedar para que pudessem aproveitar ainda mais a cidade de Hokuryu.<\/p>\n<p>Se isso acontecer, acredito que a cidade de Hokuryu se tornar\u00e1 mais vibrante e se desenvolver\u00e1.<\/p>\n<h4>Resposta: Prefeito Sasaki Yasuhiro<\/h4>\n<figure class=\"wp-caption aligncenter\"><a href=\"https:\/\/photos.google.com\/share\/AF1QipMu-Cm-aJJB-jcLvcNCz0pidfEI0YDvlGHwJpGcAyyo_zrleiQNgWTWVyiSJxdT-g\/photo\/AF1QipMICLWflH4NoUt7ajctKkQUBn76zPUJJlIGoz8?key=Y0hjd0dheEtNbV95MjRpR2tteHpBbFdTem1KUmN3\" target=\"_blank\"><img decoding=\"async\" src=\"https:\/\/lh3.googleusercontent.com\/pw\/AP1GczM6ImkROggbyuc7VyLU1yU0ZRz7do3kGEu2LYJNiU0gx_NjqHqMpVhpJjv5oIFKHmOfLNkKmiYQtC1Slkv46jpSTKUP-5o7kZiOYNnGzchpd-EXp0QPFDGqTKplckIKbUqCvx29JtoT8OocNQWdUsrl=w2000-h1125-s-no-gm?authuser=0\" width=\"2000\" height=\"1125\" alt=\"Prefeito Sasaki responde\" class=\"size-medium\" \/><\/a><figcaption class=\"wp-caption-text\">Prefeito Sasaki responde<\/figcaption><\/figure>\n<p>Atualmente, a \u00fanica op\u00e7\u00e3o de hospedagem dispon\u00edvel \u00e9 o Sunflower Park. Havia uma pousada chamada Taishokan, mas ela j\u00e1 n\u00e3o existe mais.<\/p>\n<p>Em primeiro lugar, queremos tornar os quartos do Sunflower Park mais divertidos e bonitos.<\/p>\n<p>Al\u00e9m disso, na cidade de Bibai, construtoras t\u00eam reformado com sucesso casas vazias para criar acomoda\u00e7\u00f5es particulares encantadoras, com m\u00f3veis da MUJI e cozinhas bel\u00edssimas.<\/p>\n<p>Existem muitas empresas de constru\u00e7\u00e3o na cidade de Hokuryu, ent\u00e3o gostaria de entrar em contato com elas para ver se podemos assumir tal iniciativa.<\/p>\n<p>Al\u00e9m disso, estamos planejando aumentar o n\u00famero de eventos como a &quot;Feira de Artesanato&quot; realizada no centro comunit\u00e1rio em outubro, criar uma nova base chamada &quot;Centro de Cria\u00e7\u00e3o Futura Wakuwaku&quot; e explorar a possibilidade de usar &quot;casas m\u00f3veis&quot; para fornecer hospedagem e lojas.<\/p>\n<p>Suas ideias mudar\u00e3o o futuro da cidade.&quot;<\/p>\n<h3>Pergunta geral 8: Sobre o Festival do Girassol Noturno<\/h3>\n<h4>Pergunta: Vereador n\u00ba 8<\/h4>\n<figure class=\"wp-caption aligncenter\"><a href=\"https:\/\/photos.google.com\/share\/AF1QipMu-Cm-aJJB-jcLvcNCz0pidfEI0YDvlGHwJpGcAyyo_zrleiQNgWTWVyiSJxdT-g\/photo\/AF1QipOVkCT2ta9kSngG-troZ0TnNXi_brTVdj5pRKY?key=Y0hjd0dheEtNbV95MjRpR2tteHpBbFdTem1KUmN3\" target=\"_blank\"><img decoding=\"async\" src=\"https:\/\/lh3.googleusercontent.com\/pw\/AP1GczO1fwtrohNQTcOsq_0cAWws9wXrA5XbKVhnhF_Yeax_X9YtWBzZfj5EZl5XvHppCP6OAWHgdi4Fp8Q5qPldXWdctjHUzQ_lQeD1VeB0ejPo7_qPcRAhWYGQPRpQhML7zEYCeclShtDsVkPcwvpA2DjX=w2000-h1125-s-no-gm?authuser=0\" width=\"2000\" height=\"1125\" alt=\"Festival Noturno do Girassol\" class=\"size-medium\" \/><\/a><figcaption class=\"wp-caption-text\">Festival Noturno do Girassol<\/figcaption><\/figure>\n<p>&quot;Tenho uma pergunta sobre o festival noturno dos girass\u00f3is.&quot;<\/p>\n<p>Achei os fogos de artif\u00edcio do Festival dos Girass\u00f3is \u00e0 noite lindos, mas seria um desperd\u00edcio se os girass\u00f3is n\u00e3o fossem usados e, estando tudo escuro, n\u00e3o fosse poss\u00edvel v\u00ea-los. Ent\u00e3o pensei: por que n\u00e3o iluminar os girass\u00f3is?<\/p>\n<p>Se o hor\u00e1rio de funcionamento de Himawari no Sato fosse estendido e a \u00e1rea fosse iluminada, acredito que o n\u00famero de turistas aumentaria. Espero que a \u00e1rea continue iluminada.<\/p>\n<h4>Resposta: Prefeito Sasaki Yasuhiro<\/h4>\n<figure class=\"wp-caption aligncenter\"><a href=\"https:\/\/photos.google.com\/share\/AF1QipMu-Cm-aJJB-jcLvcNCz0pidfEI0YDvlGHwJpGcAyyo_zrleiQNgWTWVyiSJxdT-g\/photo\/AF1QipOuomthfQrykCKaeVucY5sdfrh1BDLCDZJNcM8?key=Y0hjd0dheEtNbV95MjRpR2tteHpBbFdTem1KUmN3\" target=\"_blank\"><img decoding=\"async\" src=\"https:\/\/lh3.googleusercontent.com\/pw\/AP1GczMArpeTmmIaEn8Z20_wFNRNr3k4tp01epsEN2tn7j8R9Cb-iTxhdylX47DAds-55TrYbm_sNy_T-H0v3UiIcNyRKsoIkUNX101f7ywRX5VJl_A0pp1275DmGGRPzBeB9f-lHmZjJC7M-H8aE5IetjT-=w2000-h1125-s-no-gm?authuser=0\" width=\"2000\" height=\"1125\" alt=\"Prefeito Sasaki responde\" class=\"size-medium\" \/><\/a><figcaption class=\"wp-caption-text\">Prefeito Sasaki responde<\/figcaption><\/figure>\n<p>&quot;Na verdade, uma vez tentei iluminar a \u00e1rea, mas havia tantos insetos que foi um fracasso total (risos). No entanto, hoje em dia existem luzes LED e outros produtos que n\u00e3o atraem insetos.&quot;<\/p>\n<p>Eu nunca digo &quot;por que n\u00e3o fazer isso?&quot;. Todos n\u00f3s queremos pensar em uma maneira de fazer acontecer, e ent\u00e3o faremos. A pessoa respons\u00e1vel que falhou tamb\u00e9m est\u00e1 frustrada, ent\u00e3o eu quero me vingar.<\/p>\n<p>Este ano realizamos novos eventos, como shows de \u00eddolos e luta livre profissional, e 237.000 pessoas compareceram em um m\u00eas. Se pud\u00e9ssemos realizar eventos noturnos, temos certeza de que atrair\u00edamos ainda mais p\u00fablico.<\/p>\n<p>No pr\u00f3ximo ano, o Festival do Girassol completa 40 anos. Compartilhe seus planos e ideias conosco. Vamos encarar esse desafio juntos!<\/p>\n<h3>Pergunta geral 9: Sobre aulas na cidade<\/h3>\n<h4>Pergunta: Vereador n\u00ba 9<\/h4>\n<figure class=\"wp-caption aligncenter\"><a href=\"https:\/\/photos.google.com\/share\/AF1QipMu-Cm-aJJB-jcLvcNCz0pidfEI0YDvlGHwJpGcAyyo_zrleiQNgWTWVyiSJxdT-g\/photo\/AF1QipMzTIWW2YmLD-N6HogGBhl78J8zkTUJGoQT36A?key=Y0hjd0dheEtNbV95MjRpR2tteHpBbFdTem1KUmN3\" target=\"_blank\"><img decoding=\"async\" src=\"https:\/\/lh3.googleusercontent.com\/pw\/AP1GczM77ItRlTD7fMLnEySQ9RlmxD-ml5V4IhrHRkbdfWLdkm80AahZXyc42R21v4hBsQTHohffXeRfC51vPp_sxZRCPb9BsfDZ_XkBVPrSNH-TzXBCYm5N5-Mme2PrF0eBfgu6QqaQEWwGbigV5h3Zite0=w2000-h1116-s-no-gm?authuser=0\" width=\"2000\" height=\"1116\" alt=\"Sobre as aulas\" class=\"size-medium\" \/><\/a><figcaption class=\"wp-caption-text\">Sobre as aulas<\/figcaption><\/figure>\n<p>&quot;Vou perguntar sobre suas aulas.&quot;<\/p>\n<p>Eu viajo para fora da cidade para ter aulas e uso transporte sob demanda.<\/p>\n<p>Gostaria de ter aulas na cidade de Hokuryu, mas atualmente n\u00e3o existem muitas oportunidades desse tipo na cidade.<\/p>\n<p>Seria poss\u00edvel convidar um professor da cidade para dar aulas em um centro comunit\u00e1rio ou local similar, aproximadamente uma vez por semana? Por favor, considerem essa sugest\u00e3o.<\/p>\n<h4>Resposta: Keiju Tanaka, Superintendente de Educa\u00e7\u00e3o<\/h4>\n<figure class=\"wp-caption aligncenter\"><a href=\"https:\/\/photos.google.com\/share\/AF1QipMu-Cm-aJJB-jcLvcNCz0pidfEI0YDvlGHwJpGcAyyo_zrleiQNgWTWVyiSJxdT-g\/photo\/AF1QipNb8UTNGJSpLFyehuXklfHmBVfdajoWqMlBfkY?key=Y0hjd0dheEtNbV95MjRpR2tteHpBbFdTem1KUmN3\" target=\"_blank\"><img decoding=\"async\" src=\"https:\/\/lh3.googleusercontent.com\/pw\/AP1GczOYpk0AiJIkppJG1rpoVgYZM31z0P7UIqYGWJLb7-WmF4vbcvkXd7HkZCILrob4a1xvAGDbfg6JYinnUdA23IErqvp2Dj5vpHYidLZdFz_ZyyZkkAiimiM_BYOwbNcvf_3rkevGJIVuToRFDvebohMd=w2000-h1125-s-no-gm?authuser=0\" width=\"2000\" height=\"1125\" alt=\"O superintendente Tanaka respondeu.\" class=\"size-medium\" \/><\/a><figcaption class=\"wp-caption-text\">O superintendente Tanaka respondeu.<\/figcaption><\/figure>\n<p>Antes de responder \u00e0 pergunta do membro do conselho, gostaria de dizer algumas palavras. O membro do conselho que mencionei anteriormente pesquisou informa\u00e7\u00f5es de outras cidades, outro membro do conselho falou sobre sua experi\u00eancia e outro membro do conselho apresentou os n\u00fameros com clareza. Essas s\u00e3o perspectivas realmente excelentes.<\/p>\n<p>Com rela\u00e7\u00e3o \u00e0s atividades extracurriculares, a cidade est\u00e1 se preparando para criar um ambiente onde os alunos possam participar delas.<\/p>\n<p>Um exemplo disso \u00e9 a &quot;Escola P\u00fablica Online&quot;, que come\u00e7ou durante as f\u00e9rias de ver\u00e3o deste ano. Al\u00e9m disso, em novembro, inauguramos uma nova atividade extracurricular chamada &quot;Escola de Dan\u00e7a&quot;.<\/p>\n<p>Atualmente, seis alunos do ensino fundamental est\u00e3o participando, e planejamos abrir turmas para alunos mais novos no futuro. N\u00e3o temos certeza se conseguiremos abrir todas as turmas, mas gostar\u00edamos de trabalhar arduamente para aumentar as op\u00e7\u00f5es dispon\u00edveis com a ajuda de muitas pessoas.<\/p>\n<h3>Quest\u00e3o Geral 10: Sobre a atratividade de lojas e estabelecimentos comerciais.<\/h3>\n<h4>Pergunta: Vereador n\u00ba 10<\/h4>\n<figure class=\"wp-caption aligncenter\"><a href=\"https:\/\/photos.google.com\/share\/AF1QipMu-Cm-aJJB-jcLvcNCz0pidfEI0YDvlGHwJpGcAyyo_zrleiQNgWTWVyiSJxdT-g\/photo\/AF1QipMmsBR9Piuf-wa2kCAd_JLLr3UDAaeEevfwDiM?key=Y0hjd0dheEtNbV95MjRpR2tteHpBbFdTem1KUmN3\" target=\"_blank\"><img decoding=\"async\" src=\"https:\/\/lh3.googleusercontent.com\/pw\/AP1GczNZ8zrNA3_zJT-o5bALQxhxFeTq2JbtVzxmEP2NGCQF7EnRiBS-tSblOkU4tTUXRIBgzPdyVpLAYbHP-Fxvv8JZ4NvYm12l-ZnF4orv73fFwbH1cuuX9yhPA6cU2UQwBPwBxFxt9R4EcjRjXuDi0kKo=w2000-h1125-s-no-gm?authuser=0\" width=\"2000\" height=\"1125\" alt=\"Sobre as lojas na cidade de Hokuryu\" class=\"size-medium\" \/><\/a><figcaption class=\"wp-caption-text\">Sobre as lojas na cidade de Hokuryu<\/figcaption><\/figure>\n<p>&quot;Tenho uma pergunta sobre a loja na cidade de Hokuryu.&quot;<\/p>\n<p>N\u00e3o existem muitas lojas de grandes redes ou lojas de conveni\u00eancia na cidade de Hokuryu, ent\u00e3o eu gostaria de ver uma constru\u00edda.<\/p>\n<p>Atualmente, o \u00fanico lugar para fazer compras na cidade \u00e9 a &quot;Cocoa&quot;. A \u00fanica loja de conveni\u00eancia \u00e9 a &quot;Seico Mart&quot;. N\u00e3o h\u00e1 muitas redes de restaurantes, ent\u00e3o voc\u00ea ter\u00e1 que ir a cidades maiores.<\/p>\n<p>&quot;Se uma loja de conveni\u00eancia ou uma rede de lojas abrir na cidade, acredito que isso tornar\u00e1 a vida mais f\u00e1cil e agrad\u00e1vel para os moradores. Agradeceria se considerassem a possibilidade.&quot;<\/p>\n<h4>Resposta: Prefeito Sasaki Yasuhiro<\/h4>\n<figure class=\"wp-caption aligncenter\"><a href=\"https:\/\/photos.google.com\/share\/AF1QipMu-Cm-aJJB-jcLvcNCz0pidfEI0YDvlGHwJpGcAyyo_zrleiQNgWTWVyiSJxdT-g\/photo\/AF1QipNpqaX5kNgclSQmILE2b2aI5cc5HRmRQj84lqg?key=Y0hjd0dheEtNbV95MjRpR2tteHpBbFdTem1KUmN3\" target=\"_blank\"><img decoding=\"async\" src=\"https:\/\/lh3.googleusercontent.com\/pw\/AP1GczMzdFC6fz9PPWC6nsr8vpUc4cNh-Qn3IaFDLF4Qy1jfaHUluNJIc5k3YfQnTPFkVeae5U5G3zPpTA-nTbbZt27Hdx6LpoAhRrHTgyA330IgM2OyvN5KNV9PKlJUaAa3xXP73PioRyS586-mfAPMDqKc=w2000-h1125-s-no-gm?authuser=0\" width=\"2000\" height=\"1125\" alt=\"Prefeito Sasaki responde\" class=\"size-medium\" \/><\/a><figcaption class=\"wp-caption-text\">Prefeito Sasaki responde<\/figcaption><\/figure>\n<p>&quot;A cidade de Hokuryu possui um supermercado chamado Cocoa, constru\u00eddo pela prefeitura em 2018. Trata-se de um supermercado administrado pela cidade, algo raro at\u00e9 mesmo em Hokkaido, constru\u00eddo n\u00e3o com o objetivo de gerar lucro, mas sim para que os moradores possam comprar alimentos frescos a qualquer momento.&quot;<\/p>\n<p>E depois h\u00e1 a Seicomart. \u00c9 uma rede de lojas, mas eles realmente se importam com as pessoas da cidade.<\/p>\n<p>Quando saio para fazer entregas, recolho o lixo, pergunto aos idosos como est\u00e3o e entrego as coisas quando me pedem.<\/p>\n<p>A Seico Mart \u00e9 uma loja que a cidade quer apoiar. Eu entendo o desejo de aumentar o n\u00famero de lojas de conveni\u00eancia, mas gostaria que a cidade primeiro aprimorasse ainda mais as excelentes lojas que j\u00e1 existem, como a Cocoa e a Seico Mart. Gostaria que todos as apoiassem, a ponto de dizerem: &quot;N\u00e3o podemos perder para a Lawson&quot;.<\/p>\n<p>&quot;Mesmo sendo uma cidade pequena, quero criar um lugar onde voc\u00ea possa brilhar. N\u00e3o quero apenas pedir ajuda; acho que esta \u00e9 uma \u00f3tima oportunidade para me conectar com o futuro, daqui a 10 ou 20 anos.&quot;<\/p>\n<h3>Encerramento: Passando o bast\u00e3o para o futuro<\/h3>\n<p>Ap\u00f3s o t\u00e9rmino de todas as perguntas, o Deputado Watanabe Hiroto fez um discurso de agradecimento em nome do grupo.<\/p>\n<p>&quot;Obrigado por responder \u00e0s minhas perguntas hoje. Ao participar do Parlamento Infantil, pude aprender como funciona o parlamento.&quot; <\/p>\n<p>A reuni\u00e3o da assembleia de hoje nos motivou a trabalhar arduamente para tornar Hokuryu uma cidade melhor no futuro.&quot;<\/p>\n<p>Essas palavras foram recebidas com calorosos aplausos da plateia.<\/p>\n<figure class=\"wp-caption aligncenter\"><a href=\"https:\/\/photos.google.com\/share\/AF1QipMu-Cm-aJJB-jcLvcNCz0pidfEI0YDvlGHwJpGcAyyo_zrleiQNgWTWVyiSJxdT-g\/photo\/AF1QipMdd6HleYOAA0nTYKM8OcgszLvlBvUoLBPYzbo?key=Y0hjd0dheEtNbV95MjRpR2tteHpBbFdTem1KUmN3\" target=\"_blank\"><img decoding=\"async\" src=\"https:\/\/lh3.googleusercontent.com\/pw\/AP1GczO-8rHJWP1T7Y-rtTKSB6RS6aXkpozV6suloKVgh_I1u8eiuAxuGqQPD9IBzJKYrjfkpEA0k-V7QE6hYom4GeKMBbwAWqhlCmmueSyoQmWhM2q3p4mGU77oj8hJwG8morpaSaFejToBPVHuK0aI2x0J=w2000-h1125-s-no-gm?authuser=0\" width=\"2000\" height=\"1125\" alt=\"O Parlamento das Crian\u00e7as chega ao fim.\" class=\"size-medium\" \/><\/a><figcaption class=\"wp-caption-text\">O Parlamento das Crian\u00e7as chega ao fim.<\/figcaption><\/figure>\n<p>Durante uma hora, conversamos com as crian\u00e7as, a partir da perspectiva delas, sobre a situa\u00e7\u00e3o atual na cidade de Hokuryu, os problemas enfrentados pelos adultos, os planos em andamento e &quot;por que o que temos agora \u00e9 importante&quot;.<\/p>\n<p>Havia um claro senso de confian\u00e7a que transcendia gera\u00e7\u00f5es e o esp\u00edrito de harmonia que a cidade de Hokuryu tanto preza.<\/p>\n<p>Muito obrigado aos 11 membros do gr\u00eamio estudantil do ensino fundamental pelo trabalho \u00e1rduo. As bolas que voc\u00eas lan\u00e7aram tocaram o cora\u00e7\u00e3o dos adultos.<\/p>\n<p>E ser\u00e3o voc\u00eas, os adultos do futuro, que devolver\u00e3o essa bola.<\/p>\n<figure class=\"wp-caption aligncenter\"><a href=\"https:\/\/photos.google.com\/share\/AF1QipMu-Cm-aJJB-jcLvcNCz0pidfEI0YDvlGHwJpGcAyyo_zrleiQNgWTWVyiSJxdT-g\/photo\/AF1QipOPol4EhnBKQxyVXibFMnykWa-tmrJrON5zh-I?key=Y0hjd0dheEtNbV95MjRpR2tteHpBbFdTem1KUmN3\" target=\"_blank\"><img decoding=\"async\" src=\"https:\/\/lh3.googleusercontent.com\/pw\/AP1GczP9uXyeaHL-AGwu0RRPoAd4WzkRI02abTj-uELtQmgxLqs3xNsAlQ27oxHuy5dt9qrDd78bN94GRD05lH_Bkya0N8nb3wSOnZTazdptReEVi9HOK0BJ95HHJ8lrV9FQgXQTJ5PmrAwf9LeK--pQJ29K=w2000-h1500-s-no-gm?authuser=0\" width=\"2000\" height=\"1500\" alt=\"Foto de grupo\" class=\"size-medium\" \/><\/a><figcaption class=\"wp-caption-text\">Foto de grupo<\/figcaption><\/figure>\n<p>Com amor, gratid\u00e3o e ora\u00e7\u00f5es, estendo meus sinceros agradecimentos a esta confi\u00e1vel Assembleia Infantil, que aceita plenamente a situa\u00e7\u00e3o atual da cidade de Hokuryu, reflete junto com crian\u00e7as e adultos e trabalha em conjunto para criar um futuro brilhante e promissor para a cidade.<\/p>\n<h2>v\u00eddeos do YouTube<\/h2>\n<div class=\"youtube\"><iframe title=\"[Assembleia Infantil da Cidade de Hokuryu] 11 alunos do ensino fundamental que est\u00e3o construindo o futuro. Um di\u00e1logo inspirador entre adultos e crian\u00e7as.\" src=\"https:\/\/www.youtube.com\/embed\/troR76YCaBs?feature=oembed\" frameborder=\"0\" allow=\"accelerometer; autoplay; clipboard-write; encrypted-media; gyroscope; picture-in-picture; web-share\" referrerpolicy=\"strict-origin-when-cross-origin\" allowfullscreen><\/iframe><\/div>\n<h2>Outras fotos<\/h2>\n<div class=\"img-move\"><img decoding=\"async\" style=\"vertical-align: middle;\" src=\"https:\/\/ehokkaido.net\/wp-content\/uploads\/2021\/12\/2021-12-06-11.41.12.png\" \/> <a href=\"https:\/\/photos.app.goo.gl\/czMoMM5mLBL3VGWs9\" target=\"_blank\" rel=\"noopener noreferrer\">Clique aqui para ver fotos (71 fotos) do Parlamento Infantil e dos alunos do 6\u00ba ano da Escola Prim\u00e1ria Shinryu &gt;&gt;<\/a><\/div>\n<h2>Artigos relacionados<\/h2>\n\n        <div class=\"site-blogcard-premium\">\n            <div class=\"bc-label-custom\">Artigos relacionados<\/div>\n            <div class=\"bc-flex-container\">\n                <div class=\"bc-main-text\">\n                    <div class=\"bc-title-link-box\">\n                        <a href=\"https:\/\/portal.hokuryu.info\/pt\/67454\/\" target=\"_blank\">https:\/\/portal.hokuryu.info\/67454<\/a>\n                    <\/div>\n                    <div class=\"bc-excerpt-box\">N\u00e3o foi poss\u00edvel recuperar as informa\u00e7\u00f5es da p\u00e1gina.<\/div>\n                <\/div>\n                <div class=\"bc-thumbnail-box\">\n                    <a href=\"https:\/\/portal.hokuryu.info\/pt\/67454\/\" target=\"_blank\">\n                        <div class=\"bc-img-zoom-wrap\">\n                            <img decoding=\"async\" src=\"https:\/\/portal.hokuryu.info\/wp\/wp-content\/uploads\/2026\/02\/20230802DSC06445_1.jpg\" alt=\"https:\/\/portal.hokuryu.info\/67454\">\n                        <\/div>\n                    <\/a>\n                <\/div>\n            <\/div>\n        <\/div>\n\n        <div class=\"site-blogcard-premium\">\n            <div class=\"bc-label-custom\">Artigos relacionados<\/div>\n            <div class=\"bc-flex-container\">\n                <div class=\"bc-main-text\">\n                    <div class=\"bc-title-link-box\">\n                        <a href=\"https:\/\/portal.hokuryu.info\/pt\/67532\/\" target=\"_blank\">https:\/\/portal.hokuryu.info\/67532<\/a>\n                    <\/div>\n                    <div class=\"bc-excerpt-box\">N\u00e3o foi poss\u00edvel recuperar as informa\u00e7\u00f5es da p\u00e1gina.<\/div>\n                <\/div>\n                <div class=\"bc-thumbnail-box\">\n                    <a href=\"https:\/\/portal.hokuryu.info\/pt\/67532\/\" target=\"_blank\">\n                        <div class=\"bc-img-zoom-wrap\">\n                            <img decoding=\"async\" src=\"https:\/\/portal.hokuryu.info\/wp\/wp-content\/uploads\/2026\/02\/20230802DSC06445_1.jpg\" alt=\"https:\/\/portal.hokuryu.info\/67532\">\n                        <\/div>\n                    <\/a>\n                <\/div>\n            <\/div>\n        <\/div>\n\u3000<br \/>\n\n        <div class=\"site-blogcard-premium\">\n            <div class=\"bc-label-custom\">Artigos relacionados<\/div>\n            <div class=\"bc-flex-container\">\n                <div class=\"bc-main-text\">\n                    <div class=\"bc-title-link-box\">\n                        <a href=\"https:\/\/portal.hokuryu.info\/pt\/category\/publicbody\/%e7%9c%9f%e7%ab%9c%e5%b0%8f%e5%ad%a6%e6%a0%a1\/\" target=\"_blank\">Escola Prim\u00e1ria Shinryu (Categoria)<\/a>\n                    <\/div>\n                    <div class=\"bc-excerpt-box\">Esta \u00e9 uma lista de artigos na categoria &quot;Escola Prim\u00e1ria Shinryu&quot;.<\/div>\n                <\/div>\n                <div class=\"bc-thumbnail-box\">\n                    <a href=\"https:\/\/portal.hokuryu.info\/pt\/category\/publicbody\/%e7%9c%9f%e7%ab%9c%e5%b0%8f%e5%ad%a6%e6%a0%a1\/\" target=\"_blank\">\n                        <div class=\"bc-img-zoom-wrap\">\n                            <img decoding=\"async\" src=\"https:\/\/portal.hokuryu.info\/wp\/wp-content\/uploads\/2026\/02\/20230802DSC06445_1.jpg\" alt=\"Escola Prim\u00e1ria Shinryu (Categoria)\">\n                        <\/div>\n                    <\/a>\n                <\/div>\n            <\/div>\n        <\/div>\n\u3000<br \/>\n\u25c7 <a href=\"https:\/\/portal.hokuryu.info\/pt\/62509\/\">\ud83d\udd8b\ufe0f Planejamento de conte\u00fado, reda\u00e7\u00e3o de artigos, sele\u00e7\u00e3o de fotos e cria\u00e7\u00e3o de v\u00eddeos: Ikuko Terauchi<img decoding=\"async\" style=\"vertical-align: middle;\" src=\"https:\/\/ehokkaido.net\/wp-content\/uploads\/2021\/12\/2021-12-06-11.41.12.png\" \/> Fotografia, edi\u00e7\u00e3o e gest\u00e3o do site: Noboru Terauchi<\/a><\/p>","protected":false},"excerpt":{"rendered":"<p>2025\u5e7412\u670812\u65e5\uff08\u91d1\uff09 12\u670811\u65e5\uff08\u6728\uff09\u3001\u96ea\u306e\u821e\u3046\u5317\u7adc\u753a\u8b70\u5834\u306b\u3066\u300c\u4ee4\u548c7\u5e74\u5317\u7adc\u753a\u3053\u3069\u3082\u8b70\u4f1a\u300d\u304c\u958b\u4f1a\u3002\u771f\u7adc\u5c0f\u5b66\u68216\u5e74\u751f11\u540d\u304c\u3001\u30b9\u30ad\u30fc\u5834\u6d3b\u7528\u3001\u30d2\u30b0\u30de\u5bfe\u7b56\u3001\u5bbf\u6cca\u65bd\u8a2d\u306a\u3069\u3001\u753a\u306e\u8ab2\u984c\u306b\u92ed\u304f\u5207\u308a\u8fbc\u307f\u307e\u3057 [&hellip;]<\/p>\n","protected":false},"author":1,"featured_media":67316,"comment_status":"open","ping_status":"open","sticky":false,"template":"","format":"standard","meta":{"footnotes":""},"categories":[4,75,67,68],"tags":[],"class_list":["post-67307","post","type-post","status-publish","format-standard","has-post-thumbnail","hentry","category-cover-story","category-sasaki-yasuhiro-mayor","category-council","category-68"],"_links":{"self":[{"href":"https:\/\/portal.hokuryu.info\/pt\/wp-json\/wp\/v2\/posts\/67307","targetHints":{"allow":["GET"]}}],"collection":[{"href":"https:\/\/portal.hokuryu.info\/pt\/wp-json\/wp\/v2\/posts"}],"about":[{"href":"https:\/\/portal.hokuryu.info\/pt\/wp-json\/wp\/v2\/types\/post"}],"author":[{"embeddable":true,"href":"https:\/\/portal.hokuryu.info\/pt\/wp-json\/wp\/v2\/users\/1"}],"replies":[{"embeddable":true,"href":"https:\/\/portal.hokuryu.info\/pt\/wp-json\/wp\/v2\/comments?post=67307"}],"version-history":[{"count":18,"href":"https:\/\/portal.hokuryu.info\/pt\/wp-json\/wp\/v2\/posts\/67307\/revisions"}],"predecessor-version":[{"id":67867,"href":"https:\/\/portal.hokuryu.info\/pt\/wp-json\/wp\/v2\/posts\/67307\/revisions\/67867"}],"wp:featuredmedia":[{"embeddable":true,"href":"https:\/\/portal.hokuryu.info\/pt\/wp-json\/wp\/v2\/media\/67316"}],"wp:attachment":[{"href":"https:\/\/portal.hokuryu.info\/pt\/wp-json\/wp\/v2\/media?parent=67307"}],"wp:term":[{"taxonomy":"category","embeddable":true,"href":"https:\/\/portal.hokuryu.info\/pt\/wp-json\/wp\/v2\/categories?post=67307"},{"taxonomy":"post_tag","embeddable":true,"href":"https:\/\/portal.hokuryu.info\/pt\/wp-json\/wp\/v2\/tags?post=67307"}],"curies":[{"name":"wp","href":"https:\/\/api.w.org\/{rel}","templated":true}]}}