{"id":66058,"date":"2025-11-04T09:36:08","date_gmt":"2025-11-04T00:36:08","guid":{"rendered":"https:\/\/portal.hokuryu.info\/?p=66058"},"modified":"2025-11-17T14:24:15","modified_gmt":"2025-11-17T05:24:15","slug":"%e7%a5%9d%e3%83%bb%e3%83%80%e3%83%96%e3%83%ab%e5%8f%97%e8%b3%9e%ef%bc%81-%e9%bb%92%e5%8d%83%e7%9f%b3%e4%ba%8b%e6%a5%ad%e5%8d%94%e5%90%8c%e7%b5%84%e5%90%88%e3%83%bb%e9%ab%98%e7%94%b0%e5%b9%b8%e7%94%b7","status":"publish","type":"post","link":"https:\/\/portal.hokuryu.info\/pt\/66058\/","title":{"rendered":"Parab\u00e9ns pela dupla vit\u00f3ria! O presidente da Associa\u00e7\u00e3o Cooperativa Comercial de Kurosengoku, Yukio Takada, recebe o Pr\u00eamio de Contribui\u00e7\u00e3o Industrial de Hokkaido e o Pr\u00eamio de Servi\u00e7o Merit\u00f3rio do 70\u00ba Anivers\u00e1rio da Associa\u00e7\u00e3o Central."},"content":{"rendered":"<p>Ter\u00e7a-feira, 4 de novembro de 2025<\/p>\n<div class=\"ep-box es-BpaperRight es-grid bgc-VPsky\">Na sexta-feira, 31 de outubro, foi realizada uma celebra\u00e7\u00e3o em homenagem a Yukio Takada, presidente da Associa\u00e7\u00e3o Cooperativa Comercial Kurosengoku, que recebeu o Pr\u00eamio de Contribui\u00e7\u00e3o Industrial de Hokkaido e o Pr\u00eamio de Servi\u00e7o Merit\u00f3rio Comemorativo do 70\u00ba Anivers\u00e1rio da Federa\u00e7\u00e3o de Pequenas e M\u00e9dias Empresas de Hokkaido. As conquistas de Takada, a quem dedicou a vida revitalizando e comercializando a lend\u00e1ria soja preta &quot;Kurosengoku&quot;, foram celebradas por seus colegas na &quot;12\u00aa Reuni\u00e3o de Ex-alunos da Escola Secund\u00e1ria Hokuryu&quot;. Foi uma noite emocionante em que o caloroso &quot;esp\u00edrito de harmonia&quot; da cidade de Hokuryu, onde toda a cidade honra e apoia aqueles que contribuem para a comunidade, floresceu.<\/div>\n<h2>Parab\u00e9ns pela dupla vit\u00f3ria! O presidente da Associa\u00e7\u00e3o Cooperativa Comercial de Kurosengoku, Yukio Takada, recebe o Pr\u00eamio de Contribui\u00e7\u00e3o Industrial de Hokkaido e o Pr\u00eamio de Servi\u00e7o Merit\u00f3rio do 70\u00ba Anivers\u00e1rio da Associa\u00e7\u00e3o Central.<\/h2>\n<p>Na sexta-feira, 31 de outubro, \u00e0s 17h, uma grande celebra\u00e7\u00e3o foi realizada no Sunflower Park Hokuryu Onsen para comemorar a dupla premia\u00e7\u00e3o de Takada Yukio, presidente da Associa\u00e7\u00e3o Cooperativa Comercial de Kurosengoku, que recebeu o Pr\u00eamio de Contribui\u00e7\u00e3o Industrial de Hokkaido (por servi\u00e7os merit\u00f3rios no com\u00e9rcio, ind\u00fastria e minera\u00e7\u00e3o) e o Pr\u00eamio da Federa\u00e7\u00e3o de Pequenas e M\u00e9dias Empresas de Hokkaido (por servi\u00e7os merit\u00f3rios em comemora\u00e7\u00e3o ao 70\u00ba anivers\u00e1rio da funda\u00e7\u00e3o da empresa). O evento foi patrocinado pelo 12\u00ba Encontro de Ex-alunos da Escola Secund\u00e1ria Hokuryu.<\/p>\n<p>O evento contou com a presen\u00e7a de pessoas com fortes la\u00e7os com a organiza\u00e7\u00e3o, incluindo o fundador representante, Sr. Susumu Asano, o Sr. Yoshiharu Yamashita, o Sr. Masatoshi Yamagishi e 14 colegas de escola do presidente Yukio Takada. Todos se reuniram para homenagear aqueles que contribu\u00edram para o desenvolvimento deste patrim\u00f4nio local.<\/p>\n<h3>Uma celebra\u00e7\u00e3o emocionante<\/h3>\n<p>A celebra\u00e7\u00e3o ocorreu em um ambiente amig\u00e1vel, sob a orienta\u00e7\u00e3o do anfitri\u00e3o, Sr. Yoshiharu Yamashita.<\/p>\n<h4>Observa\u00e7\u00f5es iniciais: Yoshiharu Yamashita<\/h4>\n<figure class=\"wp-caption aligncenter\"><a href=\"https:\/\/photos.google.com\/share\/AF1QipPnPxUhimexFd87y9OY0wEWC_-mSgnFigoJwefCsSixBhef5QkTiws-XoQKezfHdQ\/photo\/AF1QipOPk0v8VnYSwSR-AvTkfY1CYQImTNkRen0QulQ?key=NGpfV1pWSzdfSGxaNTZ1eGF1LVNGRjR6Q0FiMGhB\" target=\"_blank\"><img decoding=\"async\" src=\"https:\/\/lh3.googleusercontent.com\/pw\/AP1GczNUjDNKfjy7SF6s51C3_uSgAV1JHUzei4AezrzMkCiOSLXjdFvIxyljtCO4VVQ-ryCVfz_oEQnDp07OeGk5etIFs_z0XenVh4Br6RMpP7PZRiPlKWcrlG979SPHUakgaoIyzUYQ-QBxWvo6hqJrpLsL=w2000-h1125-s-no-gm?authuser=0\" width=\"2000\" height=\"1125\" alt=\"Moderado por Yoshiharu Yamashita\" class=\"size-medium\" \/><\/a><figcaption class=\"wp-caption-text\">Moderado por Yoshiharu Yamashita<\/figcaption><\/figure>\n<h4>Discurso do fundador: Susumu Asano<\/h4>\n<figure class=\"wp-caption aligncenter\"><a href=\"https:\/\/photos.google.com\/share\/AF1QipPnPxUhimexFd87y9OY0wEWC_-mSgnFigoJwefCsSixBhef5QkTiws-XoQKezfHdQ\/photo\/AF1QipN626fKlIEWLzSrjhM9WejhHyBHY7bZuFZrmRo?key=NGpfV1pWSzdfSGxaNTZ1eGF1LVNGRjR6Q0FiMGhB\" target=\"_blank\"><img decoding=\"async\" src=\"https:\/\/lh3.googleusercontent.com\/pw\/AP1GczMaG-PORLzm_OQEZUs588hqq3xOzqsxddgJvQXC3CwYMkdiB9_8LtSyDqScLQIPxEb2XbEgIKlw8oFeSu7rakQ_QdFYjPLrEs-6k4kULD-SiIo1Sd6plNRkrhAS_xqjYa74qHQ7csdGVTAv_GsaXvPY=w2000-h1125-s-no-gm?authuser=0\" width=\"2000\" height=\"1125\" alt=\"Fundador representante Susumu Asano\" class=\"size-medium\" \/><\/a><figcaption class=\"wp-caption-text\">Fundador representante Susumu Asano<\/figcaption><\/figure>\n<p>Muito obrigado a todos por dedicarem um tempo de suas agendas lotadas para comparecerem hoje. Gostaria de expressar minha sincera gratid\u00e3o.<\/p>\n<p>Inicialmente, como o nosso moderador, Sr. Yamashita, acabou de mencionar, est\u00e1vamos pensando em realizar um encontro de ex-alunos.<\/p>\n<p>No entanto, em 6 de agosto, Takada Yukio foi agraciado com o Pr\u00eamio de Contribui\u00e7\u00e3o Industrial de Hokkaido pelo Governador, e tamb\u00e9m recebeu um pr\u00eamio duplo: o Pr\u00eamio de Servi\u00e7o Merit\u00f3rio do 70\u00ba Anivers\u00e1rio da Federa\u00e7\u00e3o de Pequenas e M\u00e9dias Empresas de Hokkaido.<\/p>\n<p>Ent\u00e3o, n\u00f3s, os organizadores, pensamos em fazer uma comemora\u00e7\u00e3o para o Yukio-san e, com a permiss\u00e3o do Takada Yukio, pedimos a ele que realizasse o evento apenas com a presen\u00e7a de seus colegas de classe.<\/p>\n<p>Acreditamos que este pr\u00eamio seja um reconhecimento aos muitos anos de dedica\u00e7\u00e3o de Yukio \u00e0 frente da associa\u00e7\u00e3o e \u00e0s suas contribui\u00e7\u00f5es para a ind\u00fastria local.<\/p>\n<p>Ele inspecionou diversas \u00e1reas em 2004 e, em 2005, fez apelos a v\u00e1rios locais em Hokkaido. Dois anos depois, fundou a Cooperativa Comercial Kurosengoku, que continua em atividade at\u00e9 hoje.<\/p>\n<p>A empresa celebrou seu 10\u00ba anivers\u00e1rio desde a sua funda\u00e7\u00e3o e, nesta primavera, comemorou seu 20\u00ba anivers\u00e1rio. Ela tamb\u00e9m est\u00e1 trabalhando no desenvolvimento de produtos com maior valor agregado, exportando-os n\u00e3o apenas para o Jap\u00e3o, mas tamb\u00e9m para o exterior. Espero que voc\u00ea continue se dedicando aos seus estudos.<\/p>\n<p>Espero que voc\u00ea continue cuidando bem da sua sa\u00fade e que, junto com sua esposa Noriko, voc\u00eas se mantenham saud\u00e1veis e sirvam de exemplo para n\u00f3s nesta era em que as pessoas podem viver at\u00e9 os 80 ou mesmo 100 anos de idade.<\/p>\n<p>Tenho certeza de que o pr\u00f3prio Sr. Takada fornecer\u00e1 mais detalhes em suas observa\u00e7\u00f5es iniciais.<\/p>\n<p>Para concluir, gostaria de desejar tudo de bom para a cont\u00ednua prosperidade da fam\u00edlia Takada e da Cooperativa Empresarial Kurosengoku, bem como sa\u00fade e felicidade a todos os presentes. Muito obrigado.<\/p>\n<h4>Apresenta\u00e7\u00e3o do buqu\u00ea: Sra. Mie Iwakura, representante dos participantes<\/h4>\n<figure class=\"wp-caption alignnone\"><a href=\"https:\/\/photos.google.com\/share\/AF1QipPnPxUhimexFd87y9OY0wEWC_-mSgnFigoJwefCsSixBhef5QkTiws-XoQKezfHdQ\/photo\/AF1QipN0hPI6ka6gBMUW8JwyMdwfEe2RUJfBaxUKd1w?key=NGpfV1pWSzdfSGxaNTZ1eGF1LVNGRjR6Q0FiMGhB\" target=\"_blank\"><img decoding=\"async\" src=\"https:\/\/lh3.googleusercontent.com\/pw\/AP1GczNu8uuFOzfEQj1vAh0lpq9Mj-Tq4T_yfmNVIZ2LuljaXfgvecu33-cFNsUMbGmmnzeHLmcuJ70xxU3ywcBnr-SL1V0Ug9JB-KO9mXG2z5Bp7JzWjv-G3-sARB7_abD6MzhHlEB2h8wou9lAgC2ri3YS=w2000-h1125-s-no-gm?authuser=0\" width=\"2000\" height=\"1125\" alt=\"Apresentando um buqu\u00ea\" class=\"size-medium\" \/><\/a><figcaption class=\"wp-caption-text\">Apresentando um buqu\u00ea<\/figcaption><\/figure>\n<h4>Discurso de congratula\u00e7\u00f5es: Sr. Noboru Terauchi, apoiador da comunidade da cidade de Hokuryu.<\/h4>\n<p>Em seguida, o Sr. Noboru Terauchi, um apoiador da vila de Hokuryu Town, fez um discurso de congratula\u00e7\u00f5es sincero.<\/p>\n<figure class=\"wp-caption aligncenter\"><a href=\"https:\/\/photos.google.com\/share\/AF1QipPnPxUhimexFd87y9OY0wEWC_-mSgnFigoJwefCsSixBhef5QkTiws-XoQKezfHdQ\/photo\/AF1QipM_HA4GT_iIYLouTDAzc34rtFWuN2AnX6ohicc?key=NGpfV1pWSzdfSGxaNTZ1eGF1LVNGRjR6Q0FiMGhB\" target=\"_blank\"><img decoding=\"async\" src=\"https:\/\/lh3.googleusercontent.com\/pw\/AP1GczO7D5GYY6Y_bxVtZf_z6im6IX2q2_2Err_Hy5vnyQycD1UMjvugC0Uh-FFGPK4lBTocRj5_xwBQdyJa5rrLtO5us_EHIBoFpIFd23tP9EfSSWUNOTc9W8tleQhJvK0d6GqMAKLoVHIksZIXibMvg4aV=w2000-h1125-s-no-gm?authuser=0\" width=\"2000\" height=\"1125\" alt=\"Discurso de felicita\u00e7\u00f5es: Noboru Terauchi\" class=\"size-medium\" \/><\/a><figcaption class=\"wp-caption-text\">Discurso de felicita\u00e7\u00f5es: Noboru Terauchi<\/figcaption><\/figure>\n<p>&quot;Sinto-me verdadeiramente honrado e grato por ter sido convidado para este evento comemorativo hoje e por ter tido a oportunidade de proferir um discurso de felicita\u00e7\u00e3o. Muito obrigado.&quot;<\/p>\n<p>Parab\u00e9ns ao Sr. Yukio Takada e \u00e0 sua esposa, Noriko, por receberem o Pr\u00eamio de Contribui\u00e7\u00e3o para a Ind\u00fastria de Hokkaido e o Pr\u00eamio de Servi\u00e7o Merit\u00f3rio do 70\u00ba Anivers\u00e1rio da Associa\u00e7\u00e3o Central.<\/p>\n<p>Hoje, fico profundamente comovido ao ver o Sr. Takada, agora com mais de 80 anos, celebrando este dia especial com as fortes amizades que compartilhou com seus colegas de juventude. Tenho certeza de que ver seu querido amigo em um momento t\u00e3o especial lhe traz muita alegria.<\/p>\n<p>Ao elogiarmos as conquistas do Sr. Takada, lembramos primeiramente de sua forte lideran\u00e7a e de seu desejo pela sa\u00fade das pessoas, que se materializa na soja Kurosengoku. Sua cren\u00e7a no poder dessa soja milagrosa e sua paix\u00e3o por disseminar seus benef\u00edcios para a sa\u00fade pelo mundo contribu\u00edram enormemente para a ind\u00fastria de Hokkaido.<\/p>\n<p>E no cerne de sua lideran\u00e7a est\u00e3o os &quot;la\u00e7os com os colegas&quot; que o Sr. Takada sempre valorizou acima de tudo. Mesmo nas dificuldades desesperadoras de 2009, o Sr. Takada conseguiu se reerguer justamente porque acreditava em seus colegas e eles acreditavam nele. Essa &quot;sinceridade&quot;, &quot;confian\u00e7a&quot; e &quot;compaix\u00e3o&quot; s\u00e3o o alicerce do Kurosengoku hoje.<\/p>\n<p>No entanto, senhoras e senhores, h\u00e1 uma pessoa que deu a maior contribui\u00e7\u00e3o para manter esse esp\u00edrito indom\u00e1vel e essa chama de paix\u00e3o acesa at\u00e9 hoje: a esposa do Sr. Takada, Noriko Takada, que o apoiou nos bastidores em tudo o que ele fez.<\/p>\n<p>Enquanto Takada-sama continuava a correr de um lado para o outro arriscando a vida l\u00e1 fora, tenho certeza de que ele estava passando por dificuldades e ansiedades al\u00e9m da nossa imagina\u00e7\u00e3o. Sem Kyoko-sama, que aceitou tudo isso, simplesmente acreditou em seu marido e se dedicou de corpo e alma, o Takada-sama de hoje, e o milagre de Kurosenkoku, n\u00e3o teriam sido poss\u00edveis.<\/p>\n<p>Este pr\u00eamio n\u00e3o \u00e9 apenas um reconhecimento das conquistas do Sr. Takada, mas tamb\u00e9m a mais alta honraria concedida a ele em reconhecimento ao amor devotado de Noriko e \u00e0 &quot;hist\u00f3ria de casamento&quot; que os dois trilharam juntos.<\/p>\n<p>Para concluir, gostaria de expressar meus sinceros parab\u00e9ns ao Sr. e \u00e0 Sra. Takada Yukio e Noriko, e a todos os presentes, desejando-lhes muita sa\u00fade e felicidade.<br \/>\nParab\u00e9ns pelo seu sucesso hoje.&quot;<\/p>\n<h4>Agradecimentos: Yukio Takada<\/h4>\n<p>Ap\u00f3s a grande celebra\u00e7\u00e3o, o presidente Takada Yukio subiu ao palco para expressar sua gratid\u00e3o.<\/p>\n<figure class=\"wp-caption aligncenter\"><a href=\"https:\/\/photos.google.com\/share\/AF1QipPnPxUhimexFd87y9OY0wEWC_-mSgnFigoJwefCsSixBhef5QkTiws-XoQKezfHdQ\/photo\/AF1QipPVbc-AK3sTg-CjTEtOhd16-RLvxp2wHP4nHMQ?key=NGpfV1pWSzdfSGxaNTZ1eGF1LVNGRjR6Q0FiMGhB\" target=\"_blank\"><img decoding=\"async\" src=\"https:\/\/lh3.googleusercontent.com\/pw\/AP1GczOylY5VFrMO1DIopc94i0b_3wIr7FWbO3SXlY2gk-7_bIYEKHN_-guJJIaq9_mb63DByPpiaZFFyvMFB0Cgc3NVfPfAIKBLhKNnqD0rwH9DXyiqIvYw7agzlbgGEgp0KFMBnhCpnkFNI4gvXR54o1Lk=w2000-h1125-s-no-gm?authuser=0\" width=\"2000\" height=\"1125\" alt=\"Agradecimentos: Yukio Takada\" class=\"size-medium\" \/><\/a><figcaption class=\"wp-caption-text\">Agradecimentos: Yukio Takada<\/figcaption><\/figure>\n<p>&quot;Meu cora\u00e7\u00e3o est\u00e1 repleto de gratid\u00e3o e sou t\u00e3o grata que n\u00e3o encontro palavras para express\u00e1-la. Muito obrigada.&quot;<\/p>\n<p>Recebemos dois pr\u00eamios este ano: o Pr\u00eamio de Contribui\u00e7\u00e3o Industrial de Hokkaido e o Pr\u00eamio Comemorativo do 70\u00ba Anivers\u00e1rio da Federa\u00e7\u00e3o Japonesa de Associa\u00e7\u00f5es de Pequenas Empresas.<\/p>\n<p>O Sr. Susumu Asano organizou rapidamente a festa de comemora\u00e7\u00e3o, e gostar\u00edamos de expressar nossa mais profunda gratid\u00e3o por sua ajuda.<\/p>\n<p>O programa da cerim\u00f4nia de hoje foi preparado pelo Sr. Yamagishi. Gostar\u00edamos de expressar nossa sincera gratid\u00e3o por sua aten\u00e7\u00e3o meticulosa aos detalhes e pelo programa bem elaborado.<\/p>\n<p>Gostaria tamb\u00e9m de expressar minha sincera gratid\u00e3o ao Sr. Yamashita por toda a sua ajuda. Muito obrigado.<\/p>\n<p>Gostaria tamb\u00e9m de agradecer ao Sr. Terauchi, que proferiu seu discurso de congratula\u00e7\u00f5es anteriormente, por seu enorme apoio ao longo da \u00faltima d\u00e9cada em diversas quest\u00f5es relacionadas ao Kurosengoku.<\/p>\n<p>O Sr. Terauchi estar\u00e1 presente neste encontro de ex-alunos gra\u00e7as a um convite do Sr. Yamagishi.<\/p>\n<p>Acredito que a celebra\u00e7\u00e3o de hoje s\u00f3 foi poss\u00edvel gra\u00e7as a todos voc\u00eas, e gostaria de expressar minha mais profunda gratid\u00e3o a todos que reservaram um tempo para comparecer, apesar de suas agendas lotadas e do clima frio.<\/p>\n<p>Gostaria tamb\u00e9m de falar um pouco sobre Kurosengoku.<\/p>\n<p>Acho que foi em setembro ou outubro de 2004 que Nobuo Murai, membro da Assembleia da Prefeitura de Hokkaido, me deu algumas sementes de soja Kurosengoku e disse: &quot;Yukio, plante esses feij\u00f5es. Comece a plant\u00e1-los assim a partir do ano que vem.&quot; Comecei a plant\u00e1-los em 2005.<\/p>\n<p>Naquela \u00e9poca, eu estava completamente absorto no projeto e plantei feij\u00f5es sem nenhum conhecimento pr\u00e9vio. O prefeito Terashima, da cidade de Otobe, se juntou a n\u00f3s e disse: &quot;Isso revitalizar\u00e1 Hokkaido&quot;. Fiquei totalmente contagiado pelo entusiasmo dos membros da assembleia da prefeitura e do prefeito, que disseram: &quot;Isso trar\u00e1 Hokkaido de volta \u00e0 vida, n\u00f3s a revitalizaremos&quot;, e continuei trabalhando nisso.<\/p>\n<p>Naquela \u00e9poca, eu acompanhava o Sr. Murai, que era membro da Assembleia da Prefeitura de Hokkaido, a v\u00e1rios lugares, incluindo o Departamento de Desenvolvimento Regional e o Gabinete do Governo da Prefeitura de Hokkaido. Eu costumava caminhar ao lado do Sr. Murai e, agora, 20 anos depois, me tornei assim. Acredito que tudo isso se deve ao apoio de todos. Muito obrigado.<\/p>\n<p>J\u00e1 tenho mais de 2.500 cart\u00f5es de visita no meu escrit\u00f3rio. Faz 20 anos que conheci e recebi orienta\u00e7\u00e3o de tantas pessoas. Eu jamais teria alcan\u00e7ado o que sou hoje apenas com meus pr\u00f3prios esfor\u00e7os, e devo tudo \u00e0 ajuda e ao apoio de todos, pelos quais sou verdadeiramente grato.<\/p>\n<p>No in\u00edcio, acho que havia cerca de 15 ou 18 produtores. Agora temos cerca de 50. Nossas vendas iniciais foram um pouco acima de um milh\u00e3o de ienes, mas agora, depois de mais de 20 anos, crescemos para mais de 100 milh\u00f5es de ienes e at\u00e9 mesmo mais de 200 milh\u00f5es de ienes.<\/p>\n<p>Sinto que finalmente concretizamos as palavras do prefeito Terashima de que &quot;Hokkaido ser\u00e1 revitalizada por meio do Kurosengoku&quot;. No entanto, acredito que ainda h\u00e1 um pouco mais a ser feito.<\/p>\n<p>O Pr\u00eamio Comemorativo do 70\u00ba Anivers\u00e1rio da Federa\u00e7\u00e3o de Associa\u00e7\u00f5es de Pequenas e M\u00e9dias Empresas de Hokkaido, recebido em conjunto com o Pr\u00eamio de Contribui\u00e7\u00e3o para a Ind\u00fastria de Hokkaido, marca o 70\u00ba anivers\u00e1rio da funda\u00e7\u00e3o da Federa\u00e7\u00e3o de Associa\u00e7\u00f5es de Pequenas e M\u00e9dias Empresas de Hokkaido, no Jap\u00e3o, bem como o 70\u00ba anivers\u00e1rio da filial de Hokkaido.<\/p>\n<p>Atualmente, a Cooperativa Empresarial Kurosengoku \u00e9 a \u00fanica na cidade de Hokuryu que \u00e9 membro da Federa\u00e7\u00e3o de Pequenas e M\u00e9dias Empresas de Hokkaido, mas tudo indica que outra cooperativa empresarial ser\u00e1 formada ainda este ano. Em outras grandes cidades, entidades empresariais como as de g\u00e1s, eletricidade e \u00e1gua formaram sindicatos, e atualmente o n\u00famero de empresas participantes em toda Hokkaido gira em torno de 1.208.<\/p>\n<p>Bem, passaram-se 20 anos desde que reparei nisso pela primeira vez, e tenho exercido o cargo de secret\u00e1rio da Associa\u00e7\u00e3o Central, por isso acredito que o pr\u00e9mio me foi atribu\u00eddo como reconhecimento do meu servi\u00e7o enquanto dirigente.<\/p>\n<p>Recebi o Pr\u00eamio de Contribui\u00e7\u00e3o Industrial de Hokkaido diretamente do Diretor do Departamento de Assuntos Econ\u00f4micos de Hokkaido no Pal\u00e1cio dos Jardins de Sapporo, em 6 de agosto. Naquela ocasi\u00e3o, 17 pessoas em Hokkaido haviam recebido o Pr\u00eamio de Contribui\u00e7\u00e3o Industrial. Eu era o \u00fanico de Sorachi, mas acredito que muitas outras pessoas j\u00e1 o receberam no passado.<\/p>\n<p>Agora que j\u00e1 passamos dos 80 anos, acredito que &quot;aproveitar a vida&quot; tem tudo a ver com sa\u00fade. Acredito que gostar de exerc\u00edcios, viver uma vida feliz e ter uma alimenta\u00e7\u00e3o equilibrada \u00e9 o que nos torna saud\u00e1veis. Tamb\u00e9m considero a soja Kurosengoku um alimento saud\u00e1vel e a consumo diariamente. Espero que voc\u00ea continue a viver uma vida feliz pelos pr\u00f3ximos 10 ou 20 anos, com o objetivo de chegar aos 100 anos.<\/p>\n<p>Espero que todos voc\u00eas cuidem bem da sa\u00fade e vivam uma vida feliz e prazerosa.<\/p>\n<p>Estou verdadeiramente grato do fundo do meu cora\u00e7\u00e3o! Muito obrigado.<\/p>\n<p>Por fim, este livreto foi criado pelo Sr. Terauchi, um apoiador da vila na cidade de Hokuryu. Acredito que este livreto cont\u00e9m todas as l\u00e1grimas, o suor, a sabedoria e a hist\u00f3ria da Associa\u00e7\u00e3o Cooperativa Comercial de Kurosengoku. Gostaria de expressar minha sincera gratid\u00e3o ao Sr. Terauchi mais uma vez. Muito obrigado.<\/p>\n<h3>Celebra\u00e7\u00e3o: Rodeados de sorrisos e harmonia<\/h3>\n<h4>Brinde: Colega de classe Yoshinobu Shibeya<\/h4>\n<p>A celebra\u00e7\u00e3o come\u00e7ou com um brinde do colega de classe Yoshinobu Shibeya.<\/p>\n<figure class=\"wp-caption aligncenter\"><a href=\"https:\/\/photos.google.com\/share\/AF1QipPnPxUhimexFd87y9OY0wEWC_-mSgnFigoJwefCsSixBhef5QkTiws-XoQKezfHdQ\/photo\/AF1QipOuYjD-Yr4JEXyqLobCTk9x7G_e-dgktn2hhjk?key=NGpfV1pWSzdfSGxaNTZ1eGF1LVNGRjR6Q0FiMGhB\" target=\"_blank\"><img decoding=\"async\" src=\"https:\/\/lh3.googleusercontent.com\/pw\/AP1GczMcP2JHrvhnBc3MmG7GwL32jdnTQOjgk7MN9UzNqi4-FTPvfhpeeAvOwWfvV1bC2w37Fg7DONe0mJ2seTpFQ7vlrGG99dN3TslfydOmeTmEZp795vpAPIGC6MT-kYl7NaMapVFAmgSe16CG_o8bh7Fd=w2000-h1125-s-no-gm?authuser=0\" width=\"2000\" height=\"1125\" alt=\"Colega de classe Yoshinobu Shibeya\" class=\"size-medium\" \/><\/a><figcaption class=\"wp-caption-text\">Colega de classe Yoshinobu Shibeya<\/figcaption><\/figure>\n<p>&quot;Bem, j\u00e1 que voc\u00ea gentilmente me indicou, gostaria de dizer algumas palavras de sauda\u00e7\u00e3o.&quot;<\/p>\n<p>Em primeiro lugar, parab\u00e9ns a Takada Yukio por receber o Pr\u00eamio de Contribui\u00e7\u00e3o Industrial de Hokkaido.<\/p>\n<p>Como presidente da Cooperativa Comercial Kurosengoku, ele viajou por todo o pa\u00eds, trabalhando arduamente para desenvolver produtos, e acredito que ao longo das d\u00e9cadas ele construiu uma base s\u00f3lida para este neg\u00f3cio.<\/p>\n<p>Nessa situa\u00e7\u00e3o, provavelmente ainda existem muitos lugares desconhecidos pela frente, mas espero que voc\u00eas continuem a trilhar novos caminhos junto com seus colegas da Cooperativa Empresarial Kurosengoku.<\/p>\n<p>N\u00e3o consigo expressar plenamente meus parab\u00e9ns, mas gostaria de oferec\u00ea-los, assim como os volunt\u00e1rios j\u00e1 fizeram. N\u00e3o sou da cidade de Hokuryu, mas de outra cidade ou vila, ent\u00e3o n\u00e3o estou muito familiarizado com a soja Kurosengoku, mas gostaria de propor um brinde para expressar meus sentimentos de celebra\u00e7\u00e3o.<\/p>\n<p>Para celebrar a conquista do Pr\u00eamio de Contribui\u00e7\u00e3o Industrial de Hokkaido por Takada Yukio! Sa\u00fade! Parab\u00e9ns!<\/p>\n<figure class=\"wp-caption aligncenter\"><a href=\"https:\/\/photos.google.com\/share\/AF1QipPnPxUhimexFd87y9OY0wEWC_-mSgnFigoJwefCsSixBhef5QkTiws-XoQKezfHdQ\/photo\/AF1QipNgH-KBFL5VpuHsRlg1sM5qOGaYsvNZRpKbIM4?key=NGpfV1pWSzdfSGxaNTZ1eGF1LVNGRjR6Q0FiMGhB\" target=\"_blank\"><img decoding=\"async\" src=\"https:\/\/lh3.googleusercontent.com\/pw\/AP1GczPITRDhg0v0Rz5O62u65Vq2gHsy1_Vyt46FUD2G1fYgXqFldp5DrZxB2M8wAtp5YBpfQWvkG_4eAPZeVyThrjxQM5alQJQ2gEAs4TLEm1wylVJ1s0zkurZ2eEEU_bRfs_HbUiMh1rVKME_wjNvFfIiY=w2000-h1125-s-no-gm?authuser=0\" width=\"2000\" height=\"1125\" alt=\"sa\u00fade!\" class=\"size-medium\" \/><\/a><figcaption class=\"wp-caption-text\">sa\u00fade!<\/figcaption><\/figure>\n<h4>celebra\u00e7\u00e3o<\/h4>\n<p>Os colegas de classe e demais pessoas envolvidas que se reuniram comemoraram como se fosse o seu pr\u00f3prio dia, marcando o \u00e1pice de muitos anos de trabalho \u00e1rduo, paix\u00e3o e convic\u00e7\u00f5es inabal\u00e1veis do Presidente Takada.<\/p>\n<p>&quot;Estou muito feliz por n\u00e3o ter desistido naquela \u00e9poca&quot; e &quot;O entusiasmo de Takada comoveu a cidade&quot;.<\/p>\n<p>Palavras calorosas e sorrisos preencheram o local, unindo verdadeiramente o &quot;esp\u00edrito de harmonia&quot; e o &quot;cora\u00e7\u00e3o compassivo&quot; da cidade de Hokuryu. Toda a comunidade elogiou e apoiou de cora\u00e7\u00e3o a grande conquista de uma pessoa. Todos os presentes ficaram profundamente comovidos com este belo momento.<\/p>\n<h4>culin\u00e1ria<\/p>\n<h4>\n<figure class=\"wp-caption aligncenter\"><a href=\"https:\/\/photos.google.com\/share\/AF1QipPnPxUhimexFd87y9OY0wEWC_-mSgnFigoJwefCsSixBhef5QkTiws-XoQKezfHdQ\/photo\/AF1QipNS3caqUC8_v8NulugA2ivaSPMZ9_4_y2MwwP8?key=NGpfV1pWSzdfSGxaNTZ1eGF1LVNGRjR6Q0FiMGhB\" target=\"_blank\"><img decoding=\"async\" src=\"https:\/\/lh3.googleusercontent.com\/pw\/AP1GczNPzOBPrxmq5KnKdQ4st1LHn2y7ZVzUsM93eVic6FaKSv-Neklt7iX17Oabt0iYvdD91rnCS5Ma0jzJXx4UD3MLs4nVxU5XFNe4eS9HM2iZ1GZbucdRTcxtOs81ahSfQagieRyJ4f6pZutOYRbtDa6F=w2000-h1500-s-no-gm?authuser=0\" width=\"2000\" height=\"1500\" alt=\"Refei\u00e7\u00e3o comemorativa\" class=\"size-medium\" \/><\/a><figcaption class=\"wp-caption-text\">Refei\u00e7\u00e3o comemorativa<\/figcaption><\/figure>\n<h4>Um momento repleto de alegria e sorrisos.<\/h4>\n<figure class=\"wp-caption aligncenter\"><a href=\"https:\/\/photos.google.com\/share\/AF1QipPnPxUhimexFd87y9OY0wEWC_-mSgnFigoJwefCsSixBhef5QkTiws-XoQKezfHdQ\/photo\/AF1QipNPuwCcl6EBvbdWZH8hVeUSdcsn1_ACgtq8TDg?key=NGpfV1pWSzdfSGxaNTZ1eGF1LVNGRjR6Q0FiMGhB\" target=\"_blank\"><img decoding=\"async\" src=\"https:\/\/lh3.googleusercontent.com\/pw\/AP1GczM4_F70LLyGO95IG8mR6V7sHtuiLlyT_-4FgEHWnU-PbekzbrnrphYy7OfUsWNTu82IMIpV9qVopm7VFA9VwavcT5q78B9vqqVnjoEY-RMW46YsHgIcZuc7embyGq-p1Fu9SdzqrHU4hGeLXC9WQTnt=w2000-h1125-s-no-gm?authuser=0\" width=\"2000\" height=\"1125\" alt=\"Um brinde \u00e0 alegria\" class=\"size-medium\" \/><\/a><figcaption class=\"wp-caption-text\">Um brinde \u00e0 alegria<\/figcaption><\/figure>\n<figure class=\"wp-caption alignnone\"><a href=\"https:\/\/photos.google.com\/share\/AF1QipPnPxUhimexFd87y9OY0wEWC_-mSgnFigoJwefCsSixBhef5QkTiws-XoQKezfHdQ\/photo\/AF1QipMbbdX7mh5hF3no0y8ffjSmvBPEYk48Sy77HFk?key=NGpfV1pWSzdfSGxaNTZ1eGF1LVNGRjR6Q0FiMGhB\" target=\"_blank\"><img decoding=\"async\" src=\"https:\/\/lh3.googleusercontent.com\/pw\/AP1GczMvnATgGFsXbRt0_5_xJIkL4rB-JMU5HTfbHCvxzps-kgNX4CtLXqWxBx6SkgBi6rGbg4zDjd2uU99cm6hiydH3K3qqvf36lOREH6AdjFzx8phAYHWI_8wYQSqwRxJN5_p4-2uC8lylQua2hhvLgdVC=w2000-h1125-s-no-gm?authuser=0\" width=\"2000\" height=\"1125\" alt=\"Conversa animada\" class=\"size-medium\" \/><\/a><figcaption class=\"wp-caption-text\">Conversa animada<\/figcaption><\/figure>\n<figure class=\"wp-caption aligncenter\"><a href=\"https:\/\/photos.google.com\/share\/AF1QipPnPxUhimexFd87y9OY0wEWC_-mSgnFigoJwefCsSixBhef5QkTiws-XoQKezfHdQ\/photo\/AF1QipMFZDTVk380LWBK-4ZowPgwtt0Fq-pQYJOK1C4?key=NGpfV1pWSzdfSGxaNTZ1eGF1LVNGRjR6Q0FiMGhB\" target=\"_blank\"><img decoding=\"async\" src=\"https:\/\/lh3.googleusercontent.com\/pw\/AP1GczP9wfr9-SSh1Sy587HwXivf07aFksauERigUmAx8XgPRsDDDRlzv1CFzr6dyJDoj3Rcj14S1bJWD3sNbHcPPa1OAWmhxdZT3Y8CWlLp1_mxMVhmU525QS6kAhfBkgatmgFv3UhtX2YCmhkDPkQikonD=w2000-h1125-s-no-gm?authuser=0\" width=\"2000\" height=\"1125\" alt=\"Um ambiente amig\u00e1vel\" class=\"size-medium\" \/><\/a><figcaption class=\"wp-caption-text\">Um ambiente amig\u00e1vel<\/figcaption><\/figure>\n<figure class=\"wp-caption alignnone\"><a href=\"https:\/\/photos.google.com\/share\/AF1QipPnPxUhimexFd87y9OY0wEWC_-mSgnFigoJwefCsSixBhef5QkTiws-XoQKezfHdQ\/photo\/AF1QipPHBaERtaM7thuHmCgfAuEyHh9ojU6EOkXwe7A?key=NGpfV1pWSzdfSGxaNTZ1eGF1LVNGRjR6Q0FiMGhB\" target=\"_blank\"><img decoding=\"async\" src=\"https:\/\/lh3.googleusercontent.com\/pw\/AP1GczNGvVN_v9QOmWTicUsksbH4-1OFYoedELdGqxoH44Eis5-rGvDDX15MasuICGHP1Co48yf2rwptTuviuUCNJqdZK4ZHVF-AM3I7x25nIxcjv_cZJn5tB2TNor8mp8bGDOQUG2jmFNE4VbvsMxENW6KF=w2000-h1125-s-no-gm?authuser=0\" width=\"2000\" height=\"1125\" alt=\"Um momento de sorrisos\" class=\"size-medium\" \/><\/a><figcaption class=\"wp-caption-text\">Um momento de sorrisos<\/figcaption><\/figure>\n<figure class=\"wp-caption aligncenter\"><a href=\"https:\/\/photos.google.com\/share\/AF1QipPnPxUhimexFd87y9OY0wEWC_-mSgnFigoJwefCsSixBhef5QkTiws-XoQKezfHdQ\/photo\/AF1QipMDWtWejV2_5RC2iPmp-s_Fk2afL0eieBguoGo?key=NGpfV1pWSzdfSGxaNTZ1eGF1LVNGRjR6Q0FiMGhB\" target=\"_blank\"><img decoding=\"async\" src=\"https:\/\/lh3.googleusercontent.com\/pw\/AP1GczP0dC9y6FrCCDLmn5DCVJS5Lb9SbjkoAa3qWTOA5c_hgZe_z126W7vHAjybPxWWlw1XlBt9m3h8obZ2rTjvX6kJr1lSyffgsjXlsmkgW1F1eENXF0QEgFUC_pUOhzxG7-NMWrGSzoF01C7lOvwibFQs=w2000-h1125-s-no-gm?authuser=0\" width=\"2000\" height=\"1125\" alt=\"Em uma conversa nost\u00e1lgica...\" class=\"size-medium\" \/><\/a><figcaption class=\"wp-caption-text\">Em uma conversa nost\u00e1lgica...<\/figcaption><\/figure>\n<figure class=\"wp-caption aligncenter\"><a href=\"https:\/\/photos.google.com\/share\/AF1QipPnPxUhimexFd87y9OY0wEWC_-mSgnFigoJwefCsSixBhef5QkTiws-XoQKezfHdQ\/photo\/AF1QipM8IDt0I_2ME50EhUTiXOhbB041VEEsBCjfYk4?key=NGpfV1pWSzdfSGxaNTZ1eGF1LVNGRjR6Q0FiMGhB\" target=\"_blank\"><img decoding=\"async\" src=\"https:\/\/lh3.googleusercontent.com\/pw\/AP1GczNNqqC5auQeEIU6iWGcXrgxwoi1gQPMWBgFXuNl9okf2zoDJ3sMJE45dpuutqgY5aRq1zjoPguIAaZNmCECGWEibPEijMaIy3a4v1nVS5HPISQINTIkanIxm4eebtcBM8ICaDC_duN7Msqelkibu4xW=w2000-h1125-s-no-gm?authuser=0\" width=\"2000\" height=\"1125\" alt=\"Uma conversa sem fim...\" class=\"size-medium\" \/><\/a><figcaption class=\"wp-caption-text\">Uma conversa sem fim...<\/figcaption><\/figure>\n<h4>Tr\u00eas vivas: Colega de classe Kaori Sato<\/h4>\n<p>O banquete terminou com tr\u00eas vivas liderados pela colega de classe Sato Kaori.<\/p>\n<figure class=\"wp-caption aligncenter\"><a href=\"https:\/\/photos.google.com\/share\/AF1QipPnPxUhimexFd87y9OY0wEWC_-mSgnFigoJwefCsSixBhef5QkTiws-XoQKezfHdQ\/photo\/AF1QipPnjDe4-ob_gPhOFPJv_ugY-rElYfKLMfM1zKA?key=NGpfV1pWSzdfSGxaNTZ1eGF1LVNGRjR6Q0FiMGhB\" target=\"_blank\"><img decoding=\"async\" src=\"https:\/\/lh3.googleusercontent.com\/pw\/AP1GczPWIHZJWK4ELPwmEqc5R4UaaAl4ela9jMxQbo61GHGz32AVNWI5Q31U0UtrxnSjFGBVgMKpvPJyTQC0Ppd4xcpy2BdjYKn88jdoAMxP9TLtbGAA-uJ2Ldn_90jybz0yV3RUr5QtgDUKH_c5ypvzxxZ-=w2000-h1125-s-no-gm?authuser=0\" width=\"2000\" height=\"1125\" alt=\"Sauda\u00e7\u00f5es da Sra. Kaori Ito\" class=\"size-medium\" \/><\/a><figcaption class=\"wp-caption-text\">Sauda\u00e7\u00f5es da Sra. Kaori Ito<\/figcaption><\/figure>\n<p>&quot;Parab\u00e9ns a Yukio Takada por receber o Pr\u00eamio de Contribui\u00e7\u00e3o Industrial de Hokkaido. Junto-me a todos para expressar meus sinceros parab\u00e9ns.&quot;<\/p>\n<p>H\u00e1 muito tempo ou\u00e7o hist\u00f3rias sobre a Kurosengoku contadas pelo Sr. Takada. \u00c9 uma variedade verdadeiramente rara, e eu tinha ouvido dizer que talvez tivesse sido abandonada por todos, mas ele corajosamente assumiu a dif\u00edcil tarefa de cultiv\u00e1-la e a restaurou. Agora, com t\u00e9cnicas de cultivo realmente aprimoradas, tornou-se uma variedade magn\u00edfica.<\/p>\n<p>Ele tamb\u00e9m desenvolvia novos produtos e estava sempre ocupado com a promo\u00e7\u00e3o de vendas e rela\u00e7\u00f5es p\u00fablicas. Eu o assistia no YouTube e ficava impressionado com a maneira como ele e sua esposa sempre promoviam seus produtos juntos.<\/p>\n<p>Ele ent\u00e3o fundou a Associa\u00e7\u00e3o Cooperativa Comercial de Kurosengoku, assumiu o cargo de presidente e liderou o processo para alcan\u00e7ar sua posi\u00e7\u00e3o atual. Gostaria de expressar meu respeito por todas essas atividades. Espero que ele continue a utilizar a experi\u00eancia, as conquistas e as realiza\u00e7\u00f5es que cultivou at\u00e9 agora em seus futuros empreendimentos.<\/p>\n<p>O kurosengoku tamb\u00e9m est\u00e1 se tornando famoso como um alimento saud\u00e1vel. Quando vou a esta\u00e7\u00f5es de trem \u00e0 beira da estrada e saio para caminhar, vejo kurosengoku enfileirado nas prateleiras. Estou muito feliz que ele tenha se tornado reconhecido como um produto t\u00edpico da cidade de Hokuryu, ao lado dos girass\u00f3is.<\/p>\n<p>Gostaria de expressar meu sincero respeito pelas maravilhosas conquistas que voc\u00eas alcan\u00e7aram at\u00e9 agora.<\/p>\n<p>Esperamos que voc\u00ea continue com sa\u00fade e sucesso, juntamente com seus filhos, no futuro, e que a Cooperativa Empresarial Kurosengoku continue a crescer, com voc\u00ea focado no desenvolvimento e nas vendas de produtos.<\/p>\n<p>Agora, gostaria de gritar &quot;Banzai&quot; tr\u00eas vezes para desejar sa\u00fade e felicidade a todos voc\u00eas que est\u00e3o participando hoje. Juntem-se a n\u00f3s na torcida!<\/p>\n<p>Viva o Sr. e a Sra. Takada! Viva!<\/p>\n<figure class=\"wp-caption aligncenter\"><a href=\"https:\/\/photos.google.com\/share\/AF1QipPnPxUhimexFd87y9OY0wEWC_-mSgnFigoJwefCsSixBhef5QkTiws-XoQKezfHdQ\/photo\/AF1QipPX_sFeymUyCUULNXEhjj15EpTA1ZUZWMIAw9o?key=NGpfV1pWSzdfSGxaNTZ1eGF1LVNGRjR6Q0FiMGhB\" target=\"_blank\"><img decoding=\"async\" src=\"https:\/\/lh3.googleusercontent.com\/pw\/AP1GczNtziCuzq7nM8nsQf9hVH_IyGmiucJKJkIEnNZavrcmgsDvaJ4V6MelMRcCpwTvnNyjn71aqKeRgcs5yOt_rPNux-y8DWgkwgsZNFHgLicBDO-V_SKieUQt66D1RMIsJ0pdBf9w3eleiLGWsAsA0jYt=w2000-h1125-s-no-gm?authuser=0\" width=\"2000\" height=\"1125\" alt=\"Tr\u00eas vivas!!!\" class=\"size-medium\" \/><\/a><figcaption class=\"wp-caption-text\">Tr\u00eas vivas!!!<\/figcaption><\/figure>\n<p>Todos os participantes oraram pelo futuro brilhante do Presidente Takada e pelo desenvolvimento cont\u00ednuo da cidade de Hokuryu.<\/p>\n<p>A comemora\u00e7\u00e3o continuou em uma sala de karaok\u00ea para uma festa p\u00f3s-evento, e a noite na cidade de Hokuryu prosseguiu com cantos festivos e sorrisos.<\/p>\n<h3>Foto comemorativa<\/h3>\n<figure class=\"wp-caption aligncenter\"><a href=\"https:\/\/photos.google.com\/share\/AF1QipPnPxUhimexFd87y9OY0wEWC_-mSgnFigoJwefCsSixBhef5QkTiws-XoQKezfHdQ\/photo\/AF1QipOJ3ezkT3y-b6zntO1sKdCX88ZnWUkJctwuFQE?key=NGpfV1pWSzdfSGxaNTZ1eGF1LVNGRjR6Q0FiMGhB\" target=\"_blank\"><img decoding=\"async\" src=\"https:\/\/lh3.googleusercontent.com\/pw\/AP1GczPIg5-850VajabIvX5IQqgOu24tCYqyzNOMKh66tgUIjt-NXoOMAhdP7RvxYZfBQAKk_c_USr9jyVibm7CWL59A6zpu2CkUeaxNkQfRVZOjXVpTDQCH-dopHzsaO_g04zimsKjZ2e2C08siFIcA3T5P=w2000-h1500-s-no-gm?authuser=0\" width=\"2000\" height=\"1500\" alt=\"Foto comemorativa\" class=\"size-medium\" \/><\/a><figcaption class=\"wp-caption-text\">Foto comemorativa<\/figcaption><\/figure>\n<p>Ao longo de 20 anos, a milagrosa soja Kurosengoku resistiu \u00e0s dificuldades, apoiou-se mutuamente e semeou sementes de inspira\u00e7\u00e3o e coragem!<\/p>\n<p>\u00c9 com amor, gratid\u00e3o e ora\u00e7\u00f5es ilimitadas que celebramos as muitas conquistas importantes alcan\u00e7adas at\u00e9 agora e compartilhamos a alegria de comemor\u00e1-las com nossos colegas nesta emocionante celebra\u00e7\u00e3o.<\/p>\n<figure class=\"wp-caption alignnone\"><a href=\"https:\/\/photos.google.com\/share\/AF1QipPnPxUhimexFd87y9OY0wEWC_-mSgnFigoJwefCsSixBhef5QkTiws-XoQKezfHdQ\/photo\/AF1QipPrsoYY0lNA1LtAgkUv7kvPgu8-wAPcqCBBE2w?key=NGpfV1pWSzdfSGxaNTZ1eGF1LVNGRjR6Q0FiMGhB\" target=\"_blank\"><img decoding=\"async\" src=\"https:\/\/lh3.googleusercontent.com\/pw\/AP1GczMlukDH1hgK-bm8YzbvSpeRMT4kAjnfUgW7B8RBjr0GRx2G1IKjQDsohCdsv9rQeMUOOaARvK9tUTn-L6Wc9RYpT4MC4Zji6Kl-koQgyJ10Q_MZY0SkmNkUWHJ0owJ0o5dg4XjsB0Wr1yTCAYVsdxb7=w2000-h1500-s-no-gm?authuser=0\" width=\"2000\" height=\"1500\" alt=\"Meus sinceros agradecimentos pela alegre celebra\u00e7\u00e3o!\" class=\"size-medium\" \/><\/a><figcaption class=\"wp-caption-text\">Meus sinceros agradecimentos pela alegre celebra\u00e7\u00e3o!<\/figcaption><\/figure>\n<h2>v\u00eddeos do YouTube<\/h2>\n<div class=\"youtube\"><iframe title=\"Parab\u00e9ns pela dupla vit\u00f3ria! O presidente da Associa\u00e7\u00e3o Cooperativa Comercial de Kurosengoku, Yukio Takada, recebe o Pr\u00eamio de Contribui\u00e7\u00e3o Industrial de Hokkaido e o Pr\u00eamio de Servi\u00e7o Merit\u00f3rio do 70\u00ba Anivers\u00e1rio da Associa\u00e7\u00e3o Central.\" src=\"https:\/\/www.youtube.com\/embed\/2dVSHTttUOQ?feature=oembed\" frameborder=\"0\" allow=\"accelerometer; autoplay; clipboard-write; encrypted-media; gyroscope; picture-in-picture; web-share\" referrerpolicy=\"strict-origin-when-cross-origin\" allowfullscreen><\/iframe><\/div>\n<h2>Outras fotos<\/h2>\n<div class=\"img-move\"><img decoding=\"async\" style=\"vertical-align: middle;\" src=\"https:\/\/ehokkaido.net\/wp-content\/uploads\/2021\/12\/2021-12-06-11.41.12.png\" \/> <a href=\"https:\/\/photos.app.goo.gl\/RjHbA5cdfhKiALnk8\" target=\"_blank\" rel=\"noopener noreferrer\">92 fotos do presidente Takada Yukio recebendo o Pr\u00eamio de Contribui\u00e7\u00e3o para a Ind\u00fastria de Hokkaido e o Pr\u00eamio de Servi\u00e7o Merit\u00f3rio do 70\u00ba Anivers\u00e1rio da Associa\u00e7\u00e3o Central est\u00e3o aqui &gt;&gt;<\/a><\/div>\n<h2>Artigos relacionados<\/h2>\n\n        <div class=\"site-blogcard-premium\">\n            <div class=\"bc-label-custom\">Artigos relacionados<\/div>\n            <div class=\"bc-flex-container\">\n                <div class=\"bc-main-text\">\n                    <div class=\"bc-title-link-box\">\n                        <a href=\"https:\/\/portal.hokuryu.info\/pt\/52307\/\" target=\"_blank\">https:\/\/portal.hokuryu.info\/52307<\/a>\n                    <\/div>\n                    <div class=\"bc-excerpt-box\">N\u00e3o foi poss\u00edvel recuperar as informa\u00e7\u00f5es da p\u00e1gina.<\/div>\n                <\/div>\n                <div class=\"bc-thumbnail-box\">\n                    <a href=\"https:\/\/portal.hokuryu.info\/pt\/52307\/\" target=\"_blank\">\n                        <div class=\"bc-img-zoom-wrap\">\n                            <img decoding=\"async\" src=\"https:\/\/portal.hokuryu.info\/wp\/wp-content\/uploads\/2026\/02\/20230802DSC06445_1.jpg\" alt=\"https:\/\/portal.hokuryu.info\/52307\">\n                        <\/div>\n                    <\/a>\n                <\/div>\n            <\/div>\n        <\/div>\n\u3000<br \/>\n\u25c7 <a href=\"https:\/\/portal.hokuryu.info\/pt\/62509\/\">\ud83d\udd8b\ufe0f Planejamento de conte\u00fado, reda\u00e7\u00e3o de artigos, sele\u00e7\u00e3o de fotos e cria\u00e7\u00e3o de v\u00eddeos: Ikuko Terauchi<img decoding=\"async\" style=\"vertical-align: middle;\" src=\"https:\/\/ehokkaido.net\/wp-content\/uploads\/2021\/12\/2021-12-06-11.41.12.png\" \/> Fotografia, edi\u00e7\u00e3o e gest\u00e3o do site: Noboru Terauchi<\/a><\/p>","protected":false},"excerpt":{"rendered":"<p>2025\u5e7411\u67084\u65e5\uff08\u706b\uff09 10\u670831\u65e5\uff08\u91d1\uff09\u3001\u9ed2\u5343\u77f3\u4e8b\u696d\u5354\u540c\u7d44\u5408\u306e\u9ad8\u7530\u5e78\u7537\u7406\u4e8b\u9577\u304c\u300c\u5317\u6d77\u9053\u7523\u696d\u8ca2\u732e\u8cde\u300d\u3068\u300c\u5317\u6d77\u9053\u4e2d\u5c0f\u4f01\u696d\u4e2d\u592e\u4f1a70\u5468\u5e74\u8a18\u5ff5\u529f\u52b4\u8005\u8868\u5f70\u300d\u3092\u30c0\u30d6\u30eb\u53d7\u8cde\u3055\u308c\u3001\u795d\u8cc0\u4f1a\u304c\u958b\u50ac\u3055\u308c\u307e\u3057\u305f\u3002\u5e7b\u306e\u9ed2 [&hellip;]<\/p>\n","protected":false},"author":1,"featured_media":66071,"comment_status":"open","ping_status":"open","sticky":false,"template":"","format":"standard","meta":{"footnotes":""},"categories":[4,9],"tags":[],"class_list":["post-66058","post","type-post","status-publish","format-standard","has-post-thumbnail","hentry","category-cover-story","category-kurosengoku"],"_links":{"self":[{"href":"https:\/\/portal.hokuryu.info\/pt\/wp-json\/wp\/v2\/posts\/66058","targetHints":{"allow":["GET"]}}],"collection":[{"href":"https:\/\/portal.hokuryu.info\/pt\/wp-json\/wp\/v2\/posts"}],"about":[{"href":"https:\/\/portal.hokuryu.info\/pt\/wp-json\/wp\/v2\/types\/post"}],"author":[{"embeddable":true,"href":"https:\/\/portal.hokuryu.info\/pt\/wp-json\/wp\/v2\/users\/1"}],"replies":[{"embeddable":true,"href":"https:\/\/portal.hokuryu.info\/pt\/wp-json\/wp\/v2\/comments?post=66058"}],"version-history":[{"count":0,"href":"https:\/\/portal.hokuryu.info\/pt\/wp-json\/wp\/v2\/posts\/66058\/revisions"}],"wp:featuredmedia":[{"embeddable":true,"href":"https:\/\/portal.hokuryu.info\/pt\/wp-json\/wp\/v2\/media\/66071"}],"wp:attachment":[{"href":"https:\/\/portal.hokuryu.info\/pt\/wp-json\/wp\/v2\/media?parent=66058"}],"wp:term":[{"taxonomy":"category","embeddable":true,"href":"https:\/\/portal.hokuryu.info\/pt\/wp-json\/wp\/v2\/categories?post=66058"},{"taxonomy":"post_tag","embeddable":true,"href":"https:\/\/portal.hokuryu.info\/pt\/wp-json\/wp\/v2\/tags?post=66058"}],"curies":[{"name":"wp","href":"https:\/\/api.w.org\/{rel}","templated":true}]}}