{"id":65776,"date":"2025-10-27T09:36:19","date_gmt":"2025-10-27T00:36:19","guid":{"rendered":"https:\/\/portal.hokuryu.info\/?p=65776"},"modified":"2026-01-31T22:22:15","modified_gmt":"2026-01-31T13:22:15","slug":"%e5%8c%97%e7%ab%9c%e7%94%ba%e3%83%ad%e3%82%b4-%e3%83%af%e3%83%bc%e3%82%af%e3%82%b7%e3%83%a7%e3%83%83%e3%83%97%ef%bc%9a%e3%83%87%e3%82%b6%e3%82%a4%e3%83%b3%e3%81%af%e3%80%8c%e6%80%9d%e3%81%84%e3%82%84","status":"publish","type":"post","link":"https:\/\/portal.hokuryu.info\/pt\/65776\/","title":{"rendered":"Oficina de Logotipo da Cidade de Hokuryu: O design \u00e9 uma forma de &quot;compaix\u00e3o&quot;. As &quot;cores&quot; e o &quot;esp\u00edrito de harmonia&quot; dos alunos do Ensino Fundamental e M\u00e9dio de Hokuryu dar\u00e3o cor ao futuro da Cidade de Hokuryu."},"content":{"rendered":"<p>Segunda-feira, 27 de outubro de 2025<\/p>\n<div class=\"ep-box es-BpaperRight es-grid bgc-VPsky\">Na quinta-feira, 23 de outubro, alunos do ensino fundamental e m\u00e9dio da cidade de Hokuryu participaram de uma oficina online como parte de um projeto municipal para criar um novo logotipo para a cidade. As crian\u00e7as aprenderam com profissionais que &quot;design \u00e9 sobre considera\u00e7\u00e3o&quot;. Elas apresentaram uma variedade de &quot;cores&quot; que representavam seus sentimentos por sua cidade natal, como &quot;a cor da neve e do gelo&quot; e &quot;a cor da terra&quot;. A individualidade de cada participante contribuir\u00e1 para a conex\u00e3o e o florescimento do futuro da cidade.<\/div>\n<h2>O projeto \u00e9 um s\u00edmbolo de considera\u00e7\u00e3o. As cores infantis e o esp\u00edrito de harmonia dar\u00e3o cor ao futuro da cidade de Hokuryu.<\/h2>\n<p>Na quinta-feira, 23 de outubro, turmas da Escola Prim\u00e1ria Shinryu e da Escola Secund\u00e1ria Hokuryu, na cidade de Hokuryu, conectaram-se online com designers profissionais de T\u00f3quio. Essa iniciativa fez parte de um projeto municipal para criar um novo logotipo e slogan para a cidade de Hokuryu: &quot;O que florescer\u00e1 a seguir?&quot;.<\/p>\n<p>Esta aula especial foi criada para apresentar \u00e0s crian\u00e7as que ser\u00e3o respons\u00e1veis pelo futuro de Hokuryu a alegria do design e dar-lhes a oportunidade de pensar no futuro de sua cidade como algo que lhes diz respeito pessoalmente. Na Escola Prim\u00e1ria Shinryu, alunos do quarto, quinto e sexto ano se reuniram na biblioteca, enquanto na Escola Secund\u00e1ria Hokuryu, alunos do primeiro, segundo e terceiro ano se reuniram em uma sala de aula para uma aula conjunta.<\/p>\n<p>Em ambos os casos, a sala de aula \u00e9 exibida em um monitor grande.<\/p>\n<figure class=\"wp-caption aligncenter\"><a href=\"https:\/\/photos.google.com\/share\/AF1QipMvBYom8t3y2cvf5rDdue5MwVRvR75SOYlRfT1HGtnAeoo7dKPblV6IthdcUa-cnw\/photo\/AF1QipOeNFY3MlsdesYsQh2N2UECXUzB_dQtnc46xVc?key=N0xjUzl5dkM2cHI3SWZEQ18tY0I5T0xLZXRKU0Z3\" target=\"_blank\"><img decoding=\"async\" src=\"https:\/\/lh3.googleusercontent.com\/pw\/AP1GczOrlNeEa1oRo2rbghRdiTwlkpTH0CqgGWH4mHL0H6WO36YAItdG3lFvsnLVP3BWZrMGTWVOldCSPyaT6vIObglZvHSOqWQoh7LqdlNch-SVHUf9sSy9OnSf0dY-VXFEcigT8bOX-Irto3XABV0ZFrQn=w2000-h1333-s-no-gm?authuser=0\" width=\"2000\" height=\"1333\" alt=\"Aulas online\" class=\"size-medium\" \/><\/a><figcaption class=\"wp-caption-text\">Aulas online<\/figcaption><\/figure>\n<figure class=\"wp-caption aligncenter\"><a href=\"https:\/\/photos.google.com\/share\/AF1QipMvBYom8t3y2cvf5rDdue5MwVRvR75SOYlRfT1HGtnAeoo7dKPblV6IthdcUa-cnw\/photo\/AF1QipOTIWbCq5rRxxIU_XHrt60axpip4Njq784EaxA?key=N0xjUzl5dkM2cHI3SWZEQ18tY0I5T0xLZXRKU0Z3\" target=\"_blank\"><img decoding=\"async\" src=\"https:\/\/lh3.googleusercontent.com\/pw\/AP1GczN3WYYjemZyTG2ojsE7YaIlLC_AgQYIJGcounAOO2us99UFwVBGPdFrOtRRS1KMNS29smItVGBgqmR4kKolkMHP3Zl_A64yHsRqi3yRA_h3IVxwg3tlmAoAzhrvQcBcDGvE8A6GCUNrNMt2xof7BARO=w2000-h1125-s-no-gm?authuser=0\" width=\"2000\" height=\"1125\" alt=\"Turma conjunta para alunos do 4\u00ba, 5\u00ba e 6\u00ba ano na Escola Prim\u00e1ria Shinryu.\" class=\"size-medium\" \/><\/a><figcaption class=\"wp-caption-text\">Turma conjunta para alunos do 4\u00ba, 5\u00ba e 6\u00ba ano na Escola Prim\u00e1ria Shinryu.<\/figcaption><\/figure>\n<h3>Dando forma ao charme da cidade: Katsuyoshi Takahashi, Diretor de Planejamento de Pol\u00edticas<\/h3>\n<p>No in\u00edcio da aula, Katsuyoshi Takahashi, oficial de pol\u00edticas gerais da Prefeitura de Hokuryu, que planejou a aula, falou com as crian\u00e7as:<\/p>\n<figure class=\"wp-caption aligncenter\"><a href=\"https:\/\/photos.google.com\/share\/AF1QipMvBYom8t3y2cvf5rDdue5MwVRvR75SOYlRfT1HGtnAeoo7dKPblV6IthdcUa-cnw\/photo\/AF1QipPuwOztBXP6Xa--dXfsbNuK77OtA4tr4K8DlVc?key=N0xjUzl5dkM2cHI3SWZEQ18tY0I5T0xLZXRKU0Z3\" target=\"_blank\"><img decoding=\"async\" src=\"https:\/\/lh3.googleusercontent.com\/pw\/AP1GczOpnFhChd3Bk6DDly_7cBArWPopvQIp6-C7hIjtpdhZuJVfkskGwDjxuvlxvqcCc7kRWoVcX57GETMqmPkpYuYjeiru83fRHE_6QgyY58oKYpW_8jhb3Xp_AoZd_v8ljkPi9yG7SQSWyM37dZL59F1s=w2000-h1333-s-no-gm?authuser=0\" width=\"2000\" height=\"1333\" alt=\"Sauda\u00e7\u00f5es do Diretor-Geral de Estudos Pol\u00edticos, Katsuyoshi Takahashi.\" class=\"size-medium\" \/><\/a><figcaption class=\"wp-caption-text\">Sauda\u00e7\u00f5es do Diretor-Geral de Estudos Pol\u00edticos, Katsuyoshi Takahashi.<\/figcaption><\/figure>\n<p>&quot;O objetivo da cria\u00e7\u00e3o deste logotipo \u00e9 fazer com que todos revejam os encantos da cidade de Hokuryu e deem forma \u00e0s suas aspira\u00e7\u00f5es. Hokuryu possui natureza exuberante, pessoas acolhedoras e a capacidade de continuar a enfrentar desafios. Este logotipo e slogan representam nosso progresso passado, os desafios que enfrentaremos no futuro e nosso desejo de conectar pessoas.&quot;<\/p>\n<p>O tema do novo logotipo s\u00e3o as &quot;p\u00e9talas de girassol&quot;. Elas representam a &quot;individualidade&quot; e as &quot;conex\u00f5es&quot; de cada pessoa na cidade de Hokuryu. Quando essas p\u00e9talas se unem, elas ajudam o futuro da grande cidade de Hokuryu a florescer. Essa imagem acolhedora foi compartilhada.<\/p>\n<p>Todos os alunos usaram blocos de notas conectados \u00e0 rede Wi-Fi da Escola Prim\u00e1ria Shinryu para compartilhar as informa\u00e7\u00f5es de seus projetos. Fiquei impressionado com a naturalidade com que os utilizaram.<\/p>\n<figure class=\"wp-caption aligncenter\"><a href=\"https:\/\/photos.google.com\/share\/AF1QipMvBYom8t3y2cvf5rDdue5MwVRvR75SOYlRfT1HGtnAeoo7dKPblV6IthdcUa-cnw\/photo\/AF1QipOGh7FnISXQTbwxZpq1LRz06Z-HmpfzT8q0q7k?key=N0xjUzl5dkM2cHI3SWZEQ18tY0I5T0xLZXRKU0Z3\" target=\"_blank\"><img decoding=\"async\" src=\"https:\/\/lh3.googleusercontent.com\/pw\/AP1GczPz9CnfF0ensJbgjJ5AjssSRvGeeuoPaibXn5_P3VutDD9N98fMHymwbU7SlSxsHQ6qlFZ7OTC2K5V_WKyGsJdQuKKvLD6giihQsbfVXZt6aQdqAxxDhFYX2_h_IjkWB1AXaUptz-sG2_GbzLqI3uUA=w2000-h1332-s-no-gm?authuser=0\" width=\"2000\" height=\"1332\" alt=\"Alunos compartilhando informa\u00e7\u00f5es usando blocos de notas conectados \u00e0 rede Wi-Fi.\" class=\"size-medium\" \/><\/a><figcaption class=\"wp-caption-text\">Alunos compartilhando informa\u00e7\u00f5es usando blocos de notas conectados \u00e0 rede Wi-Fi.<\/figcaption><\/figure>\n<h2>Design \u00e9 &quot;solu\u00e7\u00e3o de problemas&quot; e &quot;compaix\u00e3o&quot;.<\/h2>\n<p>Os palestrantes deste evento ser\u00e3o pessoas da SoldOut Inc. (Bunkyo-ku, T\u00f3quio), a empresa que tamb\u00e9m criou o logotipo e o site do Festival do Girassol.<\/p>\n<p>O evento foi moderado por Yamagami Naoto, e a diretora de arte Ozawa Naho iniciou com uma palestra que explorou a ess\u00eancia do conceito de &quot;O que \u00e9 design?&quot;.<\/p>\n\n        <div class=\"site-blogcard-premium\">\n            <div class=\"bc-label-custom\">Artigos relacionados<\/div>\n            <div class=\"bc-flex-container\">\n                <div class=\"bc-main-text\">\n                    <div class=\"bc-title-link-box\">\n                        <a href=\"https:\/\/www.sold-out.co.jp\" target=\"_blank\">SoldOut Inc.<\/a>\n                    <\/div>\n                    <div class=\"bc-excerpt-box\">A SOLDOUT apoia o crescimento de pequenas e m\u00e9dias empresas (PMEs) e startups em todo o Jap\u00e3o, incluindo \u00e1reas regionais, por meio de marketing digital e desenvolvimento de software...<\/div>\n                <\/div>\n                <div class=\"bc-thumbnail-box\">\n                    <a href=\"https:\/\/www.sold-out.co.jp\" target=\"_blank\">\n                        <div class=\"bc-img-zoom-wrap\">\n                            <img decoding=\"async\" src=\"https:\/\/www.sold-out.co.jp\/themes\/custom\/soldout_site\/img\/top\/mission_image00.png\" alt=\"SoldOut Inc.\">\n                        <\/div>\n                    <\/a>\n                <\/div>\n            <\/div>\n        <\/div>\n<figure class=\"wp-caption aligncenter\"><a href=\"https:\/\/photos.google.com\/share\/AF1QipMvBYom8t3y2cvf5rDdue5MwVRvR75SOYlRfT1HGtnAeoo7dKPblV6IthdcUa-cnw\/photo\/AF1QipOFQ_EZoIHcKGQg_decDc4MuftY40ZLes-n6-8?key=N0xjUzl5dkM2cHI3SWZEQ18tY0I5T0xLZXRKU0Z3\" target=\"_blank\"><img decoding=\"async\" src=\"https:\/\/lh3.googleusercontent.com\/pw\/AP1GczPGxdP0dnz41Y3EjAG1JYjRvIXIxkN1asGl1_5INvB4KHzNVNrFHMZFOw4gHCdeHJz1V8ORlHN41kukS_8j_Skfje0TCvK9EY_i3mCoHfV_6ZpXZes6TwtndRAfn3R0KLeYxbteqyD9nv9iqHMr0qIf=w2000-h1333-s-no-gm?authuser=0\" width=\"2000\" height=\"1333\" alt=\"Explica\u00e7\u00e3o do projeto de Ozawa\" class=\"size-medium\" \/><\/a><figcaption class=\"wp-caption-text\">Explica\u00e7\u00e3o do projeto de Ozawa<\/figcaption><\/figure>\n<h3>Um mundo rodeado por designs familiares: Naho Ozawa<\/h3>\n<p>O que lhe vem \u00e0 mente quando ouve a palavra &quot;design&quot;?<\/p>\n<p>Ozawa explica como nossas vidas s\u00e3o permeadas pelo design, como nossos mang\u00e1s favoritos, os lanches que costumamos comer e os jogos que jogamos. O design pode ser dividido em diferentes tipos, como design de moda, design espacial, design de produto e design visual (design gr\u00e1fico).<\/p>\n<p>Entre essas, ele explica que o papel do &quot;design visual&quot;, que lida com p\u00f4steres, logotipos, embalagens, etc., \u00e9 &quot;comunicar instantaneamente atrav\u00e9s da vis\u00e3o (sentido visual)&quot;.<\/p>\n<figure class=\"wp-caption aligncenter\"><a href=\"https:\/\/photos.google.com\/share\/AF1QipMvBYom8t3y2cvf5rDdue5MwVRvR75SOYlRfT1HGtnAeoo7dKPblV6IthdcUa-cnw\/photo\/AF1QipPCy0OYbIqWDLl-8ytOWc3HnAzgRKfn0TsBN4E?key=N0xjUzl5dkM2cHI3SWZEQ18tY0I5T0xLZXRKU0Z3\" target=\"_blank\"><img decoding=\"async\" src=\"https:\/\/lh3.googleusercontent.com\/pw\/AP1GczM6CGxB2qWaF9ygLr-8YFd1k7mNQ5ihvoawiURYDal-BVgtVHf9Tp1MwAyin86vIEdfvwW1r8li7XY3mYoJ_7TWHtb0EIHVCqqTmLqc1rrsJd4G3nSfouA1mISZrhDQbehAsWELbr31sHZLzgU8b0Wi=w2000-h1333-s-no-gm?authuser=0\" width=\"2000\" height=\"1333\" alt=\"Tipo de design\" class=\"size-medium\" \/><\/a><figcaption class=\"wp-caption-text\">Tipo de design<\/figcaption><\/figure>\n<h4>O &quot;mau design&quot; escondido nos bot\u00f5es do elevador<\/h4>\n<p>Nesse momento, Ozawa fez uma pergunta: &quot;Um bot\u00e3o de elevador t\u00edpico.&quot;<\/p>\n<figure class=\"wp-caption aligncenter\"><a href=\"https:\/\/photos.google.com\/share\/AF1QipMvBYom8t3y2cvf5rDdue5MwVRvR75SOYlRfT1HGtnAeoo7dKPblV6IthdcUa-cnw\/photo\/AF1QipPRVdSoQi0SlbWhdKW1OGTHjbiyQk1cpbeWrGU?key=N0xjUzl5dkM2cHI3SWZEQ18tY0I5T0xLZXRKU0Z3\" target=\"_blank\"><img decoding=\"async\" src=\"https:\/\/lh3.googleusercontent.com\/pw\/AP1GczMYVZtGpzFlWQuU0zoPigi4PWRt5bkuTIMLsQrCQodlVYJ6Fs24vO3vjFdArCKfYRXqRZGPnHQMxV-YPNSaOwVC23cmyoulTzeTSP5ikExANbhQzehD__maflQWCEhsCI5S9letEgthJC-0j-PAKci8=w2000-h1333-s-no-gm?authuser=0\" width=\"2000\" height=\"1333\" alt=\"Qual \u00e9 o problema?\" class=\"size-medium\" \/><\/a><figcaption class=\"wp-caption-text\">Qual \u00e9 o problema?<\/figcaption><\/figure>\n<p>&quot;O que h\u00e1 de ruim nisso?&quot;<\/p>\n<p>Os alunos indicados deram uma resposta correta ap\u00f3s a outra, como: &quot;Os caracteres kanji para &#039;aberto&#039; e &#039;fechado&#039; ficam borrados para pessoas com vis\u00e3o fraca, ent\u00e3o elas n\u00e3o conseguem distinguir um do outro&quot;, &quot;Eles t\u00eam quase o mesmo formato&quot; e &quot;Seria mais f\u00e1cil de entender se fossem representados por setas (em vez de kanji)&quot;.<\/p>\n<p>Ozawa assentiu profundamente e explicou que esse era exatamente o problema do projeto. &quot;Em um elevador, voc\u00ea precisa apertar o bot\u00e3o instantaneamente, mas os caracteres kanji s\u00e3o parecidos e dif\u00edceis de entender. E algumas pessoas nem sequer sabem ler kanji.&quot;<\/p>\n<figure class=\"wp-caption aligncenter\"><a href=\"https:\/\/photos.google.com\/share\/AF1QipMvBYom8t3y2cvf5rDdue5MwVRvR75SOYlRfT1HGtnAeoo7dKPblV6IthdcUa-cnw\/photo\/AF1QipNrfW9eFp2ivVXhV480KE9I5boLYBselS8TuAc?key=N0xjUzl5dkM2cHI3SWZEQ18tY0I5T0xLZXRKU0Z3\" target=\"_blank\"><img decoding=\"async\" src=\"https:\/\/lh3.googleusercontent.com\/pw\/AP1GczOAAv-9gkRHrbLS4hVtih2D1g7-h7kz4nk31ick8QMMidCwg9Febs-gMTOQuRTXq_pEZYl9rmhk99sdPmdI51ZKipUVqxwTOOrGGKzukI13uXbJs1WTvdKN_BUDO16lr-xCKAH9Gjj9T-owdJVdODlM=w2000-h1333-s-no-gm?authuser=0\" width=\"2000\" height=\"1333\" alt=\"O que \u00e9 um design f\u00e1cil de entender?\" class=\"size-medium\" \/><\/a><figcaption class=\"wp-caption-text\">O que \u00e9 um design f\u00e1cil de entender?<\/figcaption><\/figure>\n<h4>Trabalho de design que d\u00e1 forma \u00e0 &quot;compaix\u00e3o&quot;<\/h4>\n<p>&quot;O trabalho de design come\u00e7a com a identifica\u00e7\u00e3o de um problema.&quot;<\/p>\n<p>Os designers tentam resolver o problema da &quot;dificuldade de compreens\u00e3o dos caracteres Kanji&quot;. Eles pensam: &quot;E se os represent\u00e1ssemos usando a orienta\u00e7\u00e3o de um tri\u00e2ngulo?&quot;, &quot;Seria mais f\u00e1cil de entender se adicion\u00e1ssemos Hiragana?&quot;, &quot;Se houver muitos idosos, vamos aumentar o tamanho das letras.&quot;, &quot;Se houver muitos estrangeiros na regi\u00e3o, vamos adicionar ingl\u00eas.&quot;, &quot;Se houver muitas pessoas com pressa, vamos mudar a cor para facilitar a distin\u00e7\u00e3o.&quot;<\/p>\n<p>Al\u00e9m disso, \u00e0s vezes usamos ilustra\u00e7\u00f5es e s\u00edmbolos simples para nos comunicarmos com pessoas que n\u00e3o falam o mesmo idioma. Isso permite que o significado seja transmitido de forma intuitiva e mais agrad\u00e1vel. Procuramos imaginar coisas que possam ser transmitidas mais rapidamente e por qualquer pessoa.<\/p>\n<p>&quot;Que forma, que letras, que cores devo usar para comunicar o que quero dizer diretamente \u00e0s pessoas com quem quero me comunicar? \u00c9 nisso que um designer gr\u00e1fico deve pensar&quot;, explica Ozawa.<\/p>\n<p>Trata-se exatamente disso: \u00e9 um ato de colocar a &quot;compaix\u00e3o&quot; em pr\u00e1tica, demonstrando empatia pela outra pessoa, se colocando no lugar dela e imaginando profundamente a situa\u00e7\u00e3o em que ela se encontra.<\/p>\n<h2>A hist\u00f3ria de como nasceu o logotipo &quot;Girassol&quot; da cidade de Hokuryu.<\/h2>\n<p>Ozawa tamb\u00e9m explicou o contexto por tr\u00e1s da cria\u00e7\u00e3o do atual logotipo do Festival do Girassol.<\/p>\n<figure class=\"wp-caption aligncenter\"><a href=\"https:\/\/photos.google.com\/share\/AF1QipMvBYom8t3y2cvf5rDdue5MwVRvR75SOYlRfT1HGtnAeoo7dKPblV6IthdcUa-cnw\/photo\/AF1QipPo-I3Gv4hxJMmopiMdewUYXWtRp7UvZjbRxPc?key=N0xjUzl5dkM2cHI3SWZEQ18tY0I5T0xLZXRKU0Z3\" target=\"_blank\"><img decoding=\"async\" src=\"https:\/\/lh3.googleusercontent.com\/pw\/AP1GczMn5071mFR2dEVAqWhi9fGqAFfiAh4cOfp8tMDIkLQtf904eadgfXYeEp_7J6_7Nooj6lGRoO3OpVUeZML5ZgVjN22LqITl8vNXO75Xrkty0dRQpPizVtPGDi7qjU99K3n1gLaH6CON4wEPIOOROoIj=w2000-h1333-s-no-gm?authuser=0\" width=\"2000\" height=\"1333\" alt=\"O processo de cria\u00e7\u00e3o do logotipo\" class=\"size-medium\" \/><\/a><figcaption class=\"wp-caption-text\">O processo de cria\u00e7\u00e3o do logotipo<\/figcaption><\/figure>\n<h3>Explorando as caracter\u00edsticas \u00fanicas da cidade de Hokuryu<\/h3>\n<p>Ao criar um logotipo, o designer come\u00e7a por conhecer bem o local. Ele constr\u00f3i uma imagem ouvindo diversas hist\u00f3rias das pessoas da cidade, como &quot;2 milh\u00f5es de girass\u00f3is&quot;, &quot;amarelo \u00e9 a cor da cidade&quot; e &quot;\u00e9 um lugar que te energiza s\u00f3 de visitar&quot;.<\/p>\n<p>Inicialmente, tivemos uma ideia que combinava a paisagem de um campo de girass\u00f3is, a delicadeza das flores e a energia do sol. No entanto, ficamos com a d\u00favida: &quot;N\u00e3o seria um logotipo que pudesse ser usado tamb\u00e9m para outros campos de girass\u00f3is?&quot;<\/p>\n<h3>Um design que incorpora a paix\u00e3o pelo cultivo do solo.<\/h3>\n<p>Ent\u00e3o, fomos mais longe para explorar as caracter\u00edsticas \u00fanicas da cidade de Hokuryu. Aprendemos que &quot;os pr\u00f3prios campos de girass\u00f3is s\u00e3o colinas&quot; e que &quot;o preparo do solo \u00e9 de extrema import\u00e2ncia para garantir que os girass\u00f3is continuem a florescer todos os anos&quot;.<\/p>\n<p>Ao extrair esses elementos exclusivos da cidade de Hokuryu, o logotipo foi criado para incorporar n\u00e3o apenas a forma de uma flor, mas tamb\u00e9m a silhueta das colinas da Vila do Girassol, o p\u00f4r do sol ali e a paix\u00e3o pelo cultivo da terra.<\/p>\n<figure class=\"wp-caption aligncenter\"><a href=\"https:\/\/photos.google.com\/share\/AF1QipMvBYom8t3y2cvf5rDdue5MwVRvR75SOYlRfT1HGtnAeoo7dKPblV6IthdcUa-cnw\/photo\/AF1QipNhLAsiq-LYdF3FVlKq20JoHmCQIs2_udUz7Do?key=N0xjUzl5dkM2cHI3SWZEQ18tY0I5T0xLZXRKU0Z3\" target=\"_blank\"><img decoding=\"async\" src=\"https:\/\/lh3.googleusercontent.com\/pw\/AP1GczP79MAUYyyXyFwaD7h5cnuN4027tlawQUiU7ivkI5wp4rxlbQiOg37Dlo4zxmsfRfzRevK_5SKIJMo4X3sLjdBTdCCoYgMtX_JSaPER_BjdgbJLcWO1gt6PvZphK3EZSJXxlXZ2dFONtVJk1NYk0Oq8=w2000-h1333-s-no-gm?authuser=0\" width=\"2000\" height=\"1333\" alt=\"Imagem de girass\u00f3is\" class=\"size-medium\" \/><\/a><figcaption class=\"wp-caption-text\">Imagem de girass\u00f3is<\/figcaption><\/figure>\n<p>&quot;Como designer, estou muito feliz que esta marca tenha sido criada, que o povo de Hokuryu a tenha aceitado e que a use com cuidado&quot;, disse Ozawa com um sorriso.<\/p>\n<figure class=\"wp-caption aligncenter\"><a href=\"https:\/\/photos.google.com\/share\/AF1QipMvBYom8t3y2cvf5rDdue5MwVRvR75SOYlRfT1HGtnAeoo7dKPblV6IthdcUa-cnw\/photo\/AF1QipOImNSpguM2hXhQM16_4ID-QcT-F_H0zmhqK2E?key=N0xjUzl5dkM2cHI3SWZEQ18tY0I5T0xLZXRKU0Z3\" target=\"_blank\"><img decoding=\"async\" src=\"https:\/\/lh3.googleusercontent.com\/pw\/AP1GczP54dUU604KwgJrK1jKgq3-Q6VI4qhHrsyHqyheex3ZvT-Ho4nBYFyn0N0VWkID_a33RY53Qj538ko5hgdxr25EvyrgArOFpn2Y2TfwqQ6-v5YQr9SoRUj2hpCbeMhrU0zH9Zbk2488WYcyHJNLHDi-=w2000-h1333-s-no-gm?authuser=0\" width=\"2000\" height=\"1333\" alt=\"A marca de design usada na cidade de Hokuryu\" class=\"size-medium\" \/><\/a><figcaption class=\"wp-caption-text\">A marca de design usada na cidade de Hokuryu<\/figcaption><\/figure>\n<h2>O novo logotipo incorpora os conceitos de &quot;individualidade&quot; e &quot;conex\u00e3o&quot;.<\/h2>\n<p>&quot;Agora precisamos de uma nova marca que represente n\u00e3o apenas o Festival do Girassol, mas toda a cidade.&quot;<\/p>\n<p>Este \u00e9 o novo design de logotipo que se tornou o tema desta oficina. Embora herde o esp\u00edrito do logotipo do Festival do Girassol, o motivo das p\u00e9talas de girassol \u00e9 deliberadamente expresso como quadrados de diferentes formas e tamanhos, e o conjunto representa os 12 meses do ano na cidade de Hokuryu. &quot;A imagem \u00e9 das p\u00e9talas circulando, continuando para sempre&quot;, diz Ozawa.<\/p>\n<p>Isso representa a riqueza da &quot;individualidade&quot; de cada morador da cidade e como essas individualidades se sobrep\u00f5em e se conectam para formar uma \u00fanica &quot;harmonia&quot;.<\/p>\n<p>&quot;O que devo fazer florescer em seguida?&quot;<\/p>\n<p>Este lema cont\u00e9m uma pergunta para o futuro: n\u00e3o s\u00f3 devemos preservar a tradi\u00e7\u00e3o, como tamb\u00e9m devemos trabalhar juntos para valorizar e nutrir os novos desafios que surgir\u00e3o no futuro.<\/p>\n<figure class=\"wp-caption aligncenter\"><a href=\"https:\/\/photos.google.com\/share\/AF1QipMvBYom8t3y2cvf5rDdue5MwVRvR75SOYlRfT1HGtnAeoo7dKPblV6IthdcUa-cnw\/photo\/AF1QipMxR2gdAqZcCF9IYYtyRMoqiJ0rYXdKLeStDrI?key=N0xjUzl5dkM2cHI3SWZEQ18tY0I5T0xLZXRKU0Z3\" target=\"_blank\"><img decoding=\"async\" src=\"https:\/\/lh3.googleusercontent.com\/pw\/AP1GczPFscyY3Gij-0KYld1bIBJRmOL7NACJtYdcwEvrqqoqRwT2wKKUbmB9cGVr2CHeq1_jQesBpxroy841XLdiS48AgxnSAnd6F9eO-F_rR-uyrGYfxy5rqj_4fdPOTxhXBfppQB4nJKLzBN-UZA5urQPp=w2000-h1333-s-no-gm?authuser=0\" width=\"2000\" height=\"1333\" alt=\"Design de cores que evoca os 12 meses da cidade de Hokuryu.\" class=\"size-medium\" \/><\/a><figcaption class=\"wp-caption-text\">Design de cores que evoca os 12 meses da cidade de Hokuryu.<\/figcaption><\/figure>\n<h2>As &quot;cores&quot; da cidade de Hokuryu escolhidas pelas crian\u00e7as.<\/h2>\n<p>Para esta oficina, a tarefa de casa das crian\u00e7as era pintar o logotipo com uma cor que representasse cada m\u00eas da cidade de Hokuryu.<\/p>\n<p>&quot;Mesmo sendo dezembro, acho interessante ver que cada pessoa tem uma cor diferente&quot;, disse o apresentador Naoto Yamagami.<\/p>\n<p>As crian\u00e7as comparam seus trabalhos com os dos colegas sentados ao lado e discutem por que escolheram aquelas cores.<\/p>\n<figure class=\"wp-caption aligncenter\"><a href=\"https:\/\/photos.google.com\/share\/AF1QipMvBYom8t3y2cvf5rDdue5MwVRvR75SOYlRfT1HGtnAeoo7dKPblV6IthdcUa-cnw\/photo\/AF1QipOJrmXDi2gFx3ZusLAv6RX-rA8PbFVXVz_FvP4?key=N0xjUzl5dkM2cHI3SWZEQ18tY0I5T0xLZXRKU0Z3\" target=\"_blank\"><img decoding=\"async\" src=\"https:\/\/lh3.googleusercontent.com\/pw\/AP1GczNsVw1GbMbp8-LTExRQSndT7rFgKBu7Q224UFAsPPgQL9IZmJiUIG5D4KkZoIfDS8UURkriyiS0iNUarIHadatztYsMqQePyVrhPJRsOjGFWQqMh4GyqIRhqSVZD8RwQys4VqxfGwWBLXfS7lCdqF60=w2000-h1125-s-no-gm?authuser=0\" width=\"2000\" height=\"1125\" alt=\"Discuss\u00e3o entre alunos\" class=\"size-medium\" \/><\/a><figcaption class=\"wp-caption-text\">Discuss\u00e3o entre alunos<\/figcaption><\/figure>\n<h3>Os 12 Meses do Ano: Katsuya Aonuma<\/h3>\n<p>A partir da\u00ed, Aonuma Katsuya assumiu a comunica\u00e7\u00e3o com os alunos. &quot;Esta oficina com os alunos hoje \u00e9 um processo importante que ser\u00e1 de grande ajuda para eles na cria\u00e7\u00e3o de logotipos no futuro&quot;, disse Aonuma.<\/p>\n<p>Em seguida, v\u00e1rios alunos explicaram os motivos da escolha das cores.<\/p>\n<p>Embora seja agosto e muitos alunos associem o amarelo dos girass\u00f3is \u00e0 esta\u00e7\u00e3o quente, alguns alunos escolhem o &quot;vermelho&quot; e outros o &quot;azul&quot; do c\u00e9u.<\/p>\n<p>Quando um aluno anunciou que setembro e outubro seriam &quot;cinzas&quot;, Aonuma perguntou por qu\u00ea. &quot;Os adultos tendem a imaginar um esquema de cores r\u00edgido, mas voc\u00eas t\u00eam muitas ideias diferentes, e \u00e9 realmente interessante ouvi-las&quot;, disse ele, impressionado com as ideias dos alunos.<\/p>\n<figure class=\"wp-caption aligncenter\"><a href=\"https:\/\/photos.google.com\/share\/AF1QipMvBYom8t3y2cvf5rDdue5MwVRvR75SOYlRfT1HGtnAeoo7dKPblV6IthdcUa-cnw\/photo\/AF1QipO5tygq1vjVO6MONQdFnEhVxHtH7CkezXPsEoA?key=N0xjUzl5dkM2cHI3SWZEQ18tY0I5T0xLZXRKU0Z3\" target=\"_blank\"><img decoding=\"async\" src=\"https:\/\/lh3.googleusercontent.com\/pw\/AP1GczMPmyX-vI1IXkxaxb1Y5Lagfj7VGXkqdyYE8q_66dRdew-qbCieU8LsJN-V1Ko0k8GfiWGCxUp6N-qac58hbpvIaToqN-aQEPKsw1cHX3MJcQwfPZ8_2cLJqDSeeDv2tleJkdSfhQA_wWxW8a8PcO3w=w2000-h1333-s-no-gm?authuser=0\" width=\"2000\" height=\"1333\" alt=\"Pergunta de Aonuma\" class=\"size-medium\" \/><\/a><figcaption class=\"wp-caption-text\">Pergunta de Aonuma<\/figcaption><\/figure>\n<h4>O azul claro representa o gelo, o bege representa a terra.<\/h4>\n<ul>\n<li>Uma aluna que escolheu o azul claro como cor para junho disse: &quot;Escolhi o azul claro porque a neve derrete e o c\u00e9u fica azul.&quot;<br \/>\n\u3000<\/li>\n<li>Uma aluna que escolheu a cor roxa para junho disse: &quot;\u00c9 a \u00e9poca das chuvas, quando as hort\u00eansias come\u00e7am a florescer, ent\u00e3o escolhi a cor das hort\u00eansias.&quot;<br \/>\n\u3000<\/li>\n<li>O aluno que escolheu o verde-amarelo para outubro disse: &quot;Escolhi o verde-amarelo porque outubro \u00e9 o m\u00eas em que as plantas de arroz adquirem essa cor.&quot;<br \/>\n\u3000<\/li>\n<li>Por outro lado, um aluno disse: &quot;Em outubro, a grama e outras plantas come\u00e7am a murchar e ficar marrons, ent\u00e3o escolhi o marrom.&quot;<br \/>\n\u3000<\/li>\n<li>O aluno que escolheu o azul claro para dezembro disse: &quot;Quando come\u00e7a a nevar, \u00e0s vezes congela. Escolhi o azul claro para representar esse gelo.&quot;<br \/>\n\u3000<\/li>\n<li>A aluna que escolheu bege para mar\u00e7o fez uma apresenta\u00e7\u00e3o singular, dizendo: &quot;Pensei que, quando a neve come\u00e7asse a derreter, a terra e outras coisas apareceriam.&quot;<br \/>\nA transpar\u00eancia do gelo no rigoroso inverno da cidade de Hokuryu. O calor do solo que surge com o derretimento da neve.<br \/>\n\u3000<\/li>\n<\/ul>\n<p>Essas s\u00e3o &quot;cores&quot; de alta resolu\u00e7\u00e3o que s\u00f3 podem ser escolhidas por quem vive em Hokuryu e conhece a cidade de perto. A sensibilidade pura das crian\u00e7as capturou vividamente a paisagem de sua cidade natal.<\/p>\n<figure class=\"wp-caption aligncenter\"><a href=\"https:\/\/photos.google.com\/share\/AF1QipMvBYom8t3y2cvf5rDdue5MwVRvR75SOYlRfT1HGtnAeoo7dKPblV6IthdcUa-cnw\/photo\/AF1QipPTDfS0LcPcp7C3lb5gYArTkAY3X6XR1xPHH0U?key=N0xjUzl5dkM2cHI3SWZEQ18tY0I5T0xLZXRKU0Z3\" target=\"_blank\"><img decoding=\"async\" src=\"https:\/\/lh3.googleusercontent.com\/pw\/AP1GczOBX7FqgvAaKpmrBHkDdkO8vOPW-YqZTJ3tvK2FOMMtEOR_ES8e3bbadyVdQgveVrEvCnLudwJWfBWO9QzX1mEDl2i7G3SB02KVKICpVe6iL9E_8zfeXtv0fd-AHu2Fw6Ea5tFzes03_vNWfwJYmXVr=w2000-h1333-s-no-gm?authuser=0\" width=\"2000\" height=\"1333\" alt=\"Desenhe a imagem colorida...\" class=\"size-medium\" \/><\/a><figcaption class=\"wp-caption-text\">Desenhe a imagem colorida...<\/figcaption><\/figure>\n<figure class=\"wp-caption aligncenter\"><a href=\"\/pt\/AF1QipMvBYom8t3y2cvf5rDdue5MwVRvR75SOYlRfT1HGtnAeoo7dKPblV6IthdcUa\/\" target=\"_blank\"><img decoding=\"async\" src=\"https:\/\/lh3.googleusercontent.com\/pw\/AP1GczNY1Q4kII3909T5SvEP-noFJ9tuB7DmQucrcBDWYRIe9ni2hFJK_QhQTGUvGp2M_pJVNsLNHO8TXWoXbr3JO9NR-vaG7sH0WvlNZnM0z7hGpos2BbVX2XwEpqN6aLJWLfuKS_CzO7f2eFlHE-bN5vLQ=w2000-h1333-s-no-gm?authuser=0\" width=\"2000\" height=\"1333\" alt=\"Alunos transmitindo sua pr\u00f3pria imagem\" class=\"size-medium\" \/><\/a><figcaption class=\"wp-caption-text\">Alunos transmitindo sua pr\u00f3pria imagem<\/figcaption><\/figure>\n<figure class=\"wp-caption aligncenter\"><a href=\"https:\/\/photos.google.com\/share\/AF1QipMvBYom8t3y2cvf5rDdue5MwVRvR75SOYlRfT1HGtnAeoo7dKPblV6IthdcUa-cnw\/photo\/AF1QipNqNqhp0CpetKEukmnX1Fa5oAQ1DfppdhNkZGo?key=N0xjUzl5dkM2cHI3SWZEQ18tY0I5T0xLZXRKU0Z3\" target=\"_blank\"><img decoding=\"async\" src=\"https:\/\/lh3.googleusercontent.com\/pw\/AP1GczP6yRyzwev6G3iAd-TUqtmEkzb_EkErr2X9G7BwAudJYSIsJIR4XS4Vm8EMby9MhX3nL-juO6B-UvAwvRQgWHrGqXDmmWkhG9pen_LWt2HhFUyeIe85pJNMOikynrttVIpCFO9vrBhm5elzvIqL6YUO=w2000-h1125-s-no-gm?authuser=0\" width=\"2000\" height=\"1125\" alt=\"Com um s\u00f3 cora\u00e7\u00e3o e com pensamentos voltados para o futuro da cidade de Hokuryu...\" class=\"size-medium\" \/><\/a><figcaption class=\"wp-caption-text\">Com um s\u00f3 cora\u00e7\u00e3o e com pensamentos voltados para o futuro da cidade de Hokuryu...<\/figcaption><\/figure>\n<h2>Reunir os &quot;sentimentos&quot; de toda a cidade para criar um logotipo para o futuro.<\/h2>\n<h3>Criaremos juntos uma nova cor para o logotipo: Naoto Yamagami<\/h3>\n<p>Yamagami Naoto concluiu dizendo: &quot;Finalmente, combinaremos as cores de voc\u00eas, de todos os associados \u00e0 cidade de Hokuryu, e de seus pais, m\u00e3es, av\u00f3s e outros, para criar a nova cor do logotipo. Planejamos anunci\u00e1-la por volta de dezembro, ent\u00e3o, por favor, aguardem ansiosamente.&quot;<\/p>\n<h3>Agradecimentos \u00e0s crian\u00e7as: Katsuyoshi Takahashi, Diretor Geral de Pol\u00edticas<\/h3>\n<p>O Diretor-Geral de Pol\u00edticas, Takahashi, tamb\u00e9m expressou sua gratid\u00e3o \u00e0s crian\u00e7as.<\/p>\n<figure class=\"wp-caption aligncenter\"><a href=\"https:\/\/photos.google.com\/share\/AF1QipMvBYom8t3y2cvf5rDdue5MwVRvR75SOYlRfT1HGtnAeoo7dKPblV6IthdcUa-cnw\/photo\/AF1QipOIQXKL8tTX-D4V042wdaYpeU_L6SzIC-rtKfk?key=N0xjUzl5dkM2cHI3SWZEQ18tY0I5T0xLZXRKU0Z3\" target=\"_blank\"><img decoding=\"async\" src=\"https:\/\/lh3.googleusercontent.com\/pw\/AP1GczMBb08SN6NX0TjPsyIMQViHvXS75kpjoae1Y3Zfo6M9fXTQoi4YOjq_ppWBlTgBemVyg1_SawoVoxXgLcSa1lYkh5oabdnrnBD6QDxT0xHAXi_KTbJb0izel4gf0iV30WlkENIEDRlDWFMnNNuEK16q=w2000-h1333-s-no-gm?authuser=0\" width=\"2000\" height=\"1333\" alt=\"Mensagem de agradecimento do Diretor-Geral de Gest\u00e3o de Pol\u00edticas, Takahashi\" class=\"size-medium\" \/><\/a><figcaption class=\"wp-caption-text\">Mensagem de agradecimento do Diretor-Geral de Gest\u00e3o de Pol\u00edticas, Takahashi<\/figcaption><\/figure>\n<p>&quot;Foi realmente interessante ver como os pensamentos de cada pessoa foram expressos nas cores. Acho que isso me fez perceber a profundidade do design e como \u00e9 fascinante dar forma aos nossos pr\u00f3prios pensamentos.&quot;<\/p>\n<p>Este projeto n\u00e3o se trata apenas de desenhar, mas sim de todos descobrirem os encantos da cidade de Hokuryu e moldarem esse encanto em um futuro melhor. Como as p\u00e9talas de um girassol, a individualidade e os pensamentos de cada um se unir\u00e3o para fazer desabrochar a grande flor que \u00e9 a cidade de Hokuryu. Acredito que seu trabalho ser\u00e1 um passo nessa dire\u00e7\u00e3o.<\/p>\n<p>Espero que a experi\u00eancia de hoje inspire voc\u00ea a expressar seus sentimentos e pensamentos cotidianos em palavras ou desenhos. A cidade est\u00e1 criando oportunidades para que voc\u00ea vivencie e aceite novos desafios.<\/p>\n<p>&quot;Ficarei feliz se esta experi\u00eancia lhes der ao menos um pouco de for\u00e7a para se orgulharem da sua cidade. Muito obrigado a todos hoje&quot;, disse o Diretor Geral de Estudos Pol\u00edticos, Takahashi, em uma mensagem de agradecimento.<\/p>\n<p>A individualidade e a considera\u00e7\u00e3o de cada indiv\u00edduo. As diversas cores coletadas das crian\u00e7as se combinar\u00e3o com os muitos sentimentos reunidos de toda a cidade e, por fim, florescer\u00e3o em um logotipo \u00fanico do &quot;esp\u00edrito de harmonia&quot; que simboliza o futuro da cidade de Hokuryu.<\/p>\n<figure class=\"wp-caption aligncenter\"><a href=\"https:\/\/photos.google.com\/share\/AF1QipMvBYom8t3y2cvf5rDdue5MwVRvR75SOYlRfT1HGtnAeoo7dKPblV6IthdcUa-cnw\/photo\/AF1QipMBwRkIh8OYtbz4_gwaWVLbLOPtFbnwHRk4dyE?key=N0xjUzl5dkM2cHI3SWZEQ18tY0I5T0xLZXRKU0Z3\" target=\"_blank\"><img decoding=\"async\" src=\"https:\/\/lh3.googleusercontent.com\/pw\/AP1GczNdI7NXpdCOinCYNqsDWvSUqcQMY4p0Idzn0l0eO67OCFMLCkqHTlyMOS8uM9TIyFmAbacyZ0zWLwUW99ETSyvfpPuKbipvR0f06cALjxMH2ilwvUkPwNMhnqa9Fyqf-XhYJukC8zvTl5KapfFOdmDx=w2000-h1333-s-no-gm?authuser=0\" width=\"2000\" height=\"1333\" alt=\"Vamos todos desenhar juntos os girass\u00f3is gigantes da cidade de Hokuryu, na esperan\u00e7a de faz\u00ea-los florescer!\" class=\"size-medium\" \/><\/a><figcaption class=\"wp-caption-text\">Vamos todos desenhar juntos os girass\u00f3is gigantes da cidade de Hokuryu, na esperan\u00e7a de faz\u00ea-los florescer!<\/figcaption><\/figure>\n<p>Os pensamentos de cada morador da cidade se unem, juntando seus cora\u00e7\u00f5es para representar um esp\u00edrito de harmonia e compaix\u00e3o, e o \u00fanico logotipo do girassol em flor da cidade de Hokuryu est\u00e1 repleto de amor, gratid\u00e3o e ora\u00e7\u00f5es infinitas...<\/p>\n<figure class=\"wp-caption aligncenter\"><a href=\"https:\/\/photos.google.com\/share\/AF1QipMvBYom8t3y2cvf5rDdue5MwVRvR75SOYlRfT1HGtnAeoo7dKPblV6IthdcUa-cnw\/photo\/AF1QipOtTS9VL5nmS9Wob_ZUk04w7sKaUllzFiYUKi8?key=N0xjUzl5dkM2cHI3SWZEQ18tY0I5T0xLZXRKU0Z3\" target=\"_blank\"><img decoding=\"async\" src=\"https:\/\/lh3.googleusercontent.com\/pw\/AP1GczNMXriHy5x8nzihpOOe0hH2m8egUbHzjJlezWhK9cuCfODMM5j4eUMr29zuA87zpuQWG_ulVKRfjEfzo9AoA6apx7wwYUQBNifCgvxCJnZQYK2kMvAR1Ub7_wFZwWQO6EQ3UXbYwdbKosqjR88zaR_G=w1002-h642-s-no-gm?authuser=1\" width=\"1002\" height=\"642\" alt=\"Paisagem sazonal da cidade de Hokuryu\" class=\"size-medium\" \/><\/a><figcaption class=\"wp-caption-text\">Paisagem sazonal da cidade de Hokuryu<\/figcaption><\/figure>\n<h2>v\u00eddeos do YouTube<\/h2>\n<div class=\"youtube\"><iframe title=\"Oficina de Logotipo da Cidade de Hokuryu: O design \u00e9 uma forma de &quot;compaix\u00e3o&quot;. As &quot;cores&quot; e o &quot;esp\u00edrito de harmonia&quot; dos alunos do Ensino Fundamental e M\u00e9dio de Hokuryu dar\u00e3o cor ao futuro da Cidade de Hokuryu.\" src=\"https:\/\/www.youtube.com\/embed\/dvC9tZp4PVg?feature=oembed\" frameborder=\"0\" allow=\"accelerometer; autoplay; clipboard-write; encrypted-media; gyroscope; picture-in-picture; web-share\" referrerpolicy=\"strict-origin-when-cross-origin\" allowfullscreen><\/iframe><\/div>\n<h2>Outras fotos<\/h2>\n<div class=\"img-move\"><img decoding=\"async\" style=\"vertical-align: middle;\" src=\"https:\/\/ehokkaido.net\/wp-content\/uploads\/2021\/12\/2021-12-06-11.41.12.png\" \/> <a href=\"https:\/\/photos.app.goo.gl\/41FRGgPCE1avsK1R9\" target=\"_blank\" rel=\"noopener noreferrer\">Fotos do logotipo da cidade de Hokuryu, da oficina e da escola prim\u00e1ria e secund\u00e1ria da cidade de Hokuryu (64 fotos) est\u00e3o aqui &gt;&gt;<\/a><\/div>\n<h2>Artigos relacionados<\/h2>\n\n        <div class=\"site-blogcard-premium\">\n            <div class=\"bc-label-custom\">Artigos relacionados<\/div>\n            <div class=\"bc-flex-container\">\n                <div class=\"bc-main-text\">\n                    <div class=\"bc-title-link-box\">\n                        <a href=\"https:\/\/portal.hokuryu.info\/pt\/loiter\/coloring2014.html\/\" target=\"_blank\">Cidade de Hokuryu, colorida e vibrante, em 2014 (fotos de paisagens e locais para fotos) - Portal da Cidade de Hokuryu (Hokkaido) - A vila de girass\u00f3is n\u00famero 1 do Jap\u00e3o<\/a>\n                    <\/div>\n                    <div class=\"bc-excerpt-box\">Apresentamos o &quot;presente&quot; de uma cidade vibrante com 2.100 habitantes e uma taxa de envelhecimento de 401.000.000. Assim como os girass\u00f3is, as fam\u00edlias vivem em harmonia...<\/div>\n                <\/div>\n                <div class=\"bc-thumbnail-box\">\n                    <a href=\"https:\/\/portal.hokuryu.info\/pt\/loiter\/coloring2014.html\/\" target=\"_blank\">\n                        <div class=\"bc-img-zoom-wrap\">\n                            <img decoding=\"async\" src=\"https:\/\/img.youtube.com\/vi\/ldSjt3sAPeU\/mqdefault.jpg\" alt=\"Cidade de Hokuryu, colorida e vibrante, em 2014 (fotos de paisagens e locais para fotos) - Portal da Cidade de Hokuryu (Hokkaido) - A vila de girass\u00f3is n\u00famero 1 do Jap\u00e3o\">\n                        <\/div>\n                    <\/a>\n                <\/div>\n            <\/div>\n        <\/div>\n\n        <div class=\"site-blogcard-premium\">\n            <div class=\"bc-label-custom\">Artigos relacionados<\/div>\n            <div class=\"bc-flex-container\">\n                <div class=\"bc-main-text\">\n                    <div class=\"bc-title-link-box\">\n                        <a href=\"https:\/\/portal.hokuryu.info\/pt\/category\/local_revitalization_2\/\" target=\"_blank\">Revitaliza\u00e7\u00e3o Regional 2.0 (Categoria)<\/a>\n                    <\/div>\n                    <div class=\"bc-excerpt-box\">A cidade de Hokuryu utiliza a revitaliza\u00e7\u00e3o regional 2.0 para introduzir diversas iniciativas para o futuro (1\u00ba de abril de 2025)\n<\/div>\n                <\/div>\n                <div class=\"bc-thumbnail-box\">\n                    <a href=\"https:\/\/portal.hokuryu.info\/pt\/category\/local_revitalization_2\/\" target=\"_blank\">\n                        <div class=\"bc-img-zoom-wrap\">\n                            <img decoding=\"async\" src=\"https:\/\/portal.hokuryu.info\/wp\/wp-content\/uploads\/2026\/02\/20230802DSC06445_1.jpg\" alt=\"Revitaliza\u00e7\u00e3o Regional 2.0 (Categoria)\">\n                        <\/div>\n                    <\/a>\n                <\/div>\n            <\/div>\n        <\/div>\n<p>\u25c7 <a href=\"https:\/\/portal.hokuryu.info\/pt\/62509\/\">\ud83d\udd8b\ufe0f Planejamento de conte\u00fado, reda\u00e7\u00e3o de artigos, sele\u00e7\u00e3o de fotos e cria\u00e7\u00e3o de v\u00eddeos: Ikuko Terauchi<img decoding=\"async\" style=\"vertical-align: middle;\" src=\"https:\/\/ehokkaido.net\/wp-content\/uploads\/2021\/12\/2021-12-06-11.41.12.png\" \/> Fotografia, edi\u00e7\u00e3o e gest\u00e3o do site: Noboru Terauchi<\/a><\/p>","protected":false},"excerpt":{"rendered":"<p>2025\u5e7410\u670827\u65e5\uff08\u6708\uff09 10\u670823\u65e5\uff08\u6728\uff09\u3001\u5317\u7adc\u753a\u306e\u65b0\u3057\u3044\u30ed\u30b4\u3092\u300c\u753a\u3050\u308b\u307f\u300d\u3067\u5275\u308b\u30d7\u30ed\u30b8\u30a7\u30af\u30c8\u306e\u4e00\u74b0\u3068\u3057\u3066\u3001\u5317\u7adc\u753a\u306e\u5c0f\u4e2d\u5b66\u751f\u304c\u30aa\u30f3\u30e9\u30a4\u30f3WS\u306b\u53c2\u52a0\u3057\u307e\u3057\u305f\u3002\u30d7\u30ed\u304b\u3089\u300c\u30c7\u30b6\u30a4\u30f3\u306f\u601d\u3044\u3084\u308a\u300d\u3068\u5b66\u3093\u3060 [&hellip;]<\/p>\n","protected":false},"author":1,"featured_media":65806,"comment_status":"open","ping_status":"open","sticky":false,"template":"","format":"standard","meta":{"footnotes":""},"categories":[4,112,42,68],"tags":[],"class_list":["post-65776","post","type-post","status-publish","format-standard","has-post-thumbnail","hentry","category-cover-story","category-local_revitalization_2","category-42","category-68"],"_links":{"self":[{"href":"https:\/\/portal.hokuryu.info\/pt\/wp-json\/wp\/v2\/posts\/65776","targetHints":{"allow":["GET"]}}],"collection":[{"href":"https:\/\/portal.hokuryu.info\/pt\/wp-json\/wp\/v2\/posts"}],"about":[{"href":"https:\/\/portal.hokuryu.info\/pt\/wp-json\/wp\/v2\/types\/post"}],"author":[{"embeddable":true,"href":"https:\/\/portal.hokuryu.info\/pt\/wp-json\/wp\/v2\/users\/1"}],"replies":[{"embeddable":true,"href":"https:\/\/portal.hokuryu.info\/pt\/wp-json\/wp\/v2\/comments?post=65776"}],"version-history":[{"count":1,"href":"https:\/\/portal.hokuryu.info\/pt\/wp-json\/wp\/v2\/posts\/65776\/revisions"}],"predecessor-version":[{"id":69060,"href":"https:\/\/portal.hokuryu.info\/pt\/wp-json\/wp\/v2\/posts\/65776\/revisions\/69060"}],"wp:featuredmedia":[{"embeddable":true,"href":"https:\/\/portal.hokuryu.info\/pt\/wp-json\/wp\/v2\/media\/65806"}],"wp:attachment":[{"href":"https:\/\/portal.hokuryu.info\/pt\/wp-json\/wp\/v2\/media?parent=65776"}],"wp:term":[{"taxonomy":"category","embeddable":true,"href":"https:\/\/portal.hokuryu.info\/pt\/wp-json\/wp\/v2\/categories?post=65776"},{"taxonomy":"post_tag","embeddable":true,"href":"https:\/\/portal.hokuryu.info\/pt\/wp-json\/wp\/v2\/tags?post=65776"}],"curies":[{"name":"wp","href":"https:\/\/api.w.org\/{rel}","templated":true}]}}