{"id":65133,"date":"2025-10-15T09:36:02","date_gmt":"2025-10-15T00:36:02","guid":{"rendered":"https:\/\/portal.hokuryu.info\/?p=65133"},"modified":"2025-10-16T19:04:58","modified_gmt":"2025-10-16T10:04:58","slug":"50%e5%b9%b4%e3%81%b6%e3%82%8a%e3%81%ae%e5%a5%87%e8%b7%a1%e3%81%8c%e7%b4%a1%e3%81%90%e3%83%8f%e3%83%bc%e3%83%a2%e3%83%8b%e3%83%bc%e3%80%82%e5%a5%b3%e6%80%a7%e5%90%88%e5%94%b1%e3%81%a7%e7%b9%8b%e3%81%8c","status":"publish","type":"post","link":"https:\/\/portal.hokuryu.info\/pt\/65133\/","title":{"rendered":"Um milagre em 50 anos, tecendo harmonia. O coro feminino &quot;Kyouryu-kai&quot; conecta &quot;Coro Dolce (Sapporo)&quot; e &quot;Hokuryu Town Sunflower Chorus&quot;."},"content":{"rendered":"<p>Quarta-feira, 15 de outubro de 2025<\/p>\n<div class=\"ep-box es-BpaperRight es-grid bgc-VPsky\">No s\u00e1bado, 4 de outubro, no Centro Comunit\u00e1rio da cidade de Hokuryu, um reencontro milagroso de colegas de universidade, o primeiro em 50 anos, deu vida a um comovente coral feminino, o &quot;Kyouryu-kai&quot;, na cidade de Hokuryu, Hokkaido. O &quot;Coro Dolce&quot; de Sapporo e o &quot;Coral Himawari&quot; da cidade de Hokuryu eram dois corais femininos. A cena desses dois corais femininos, ouvindo atentamente os sons um do outro e cantando juntos em un\u00edssono, foi uma verdadeira demonstra\u00e7\u00e3o da &quot;harmonia do esp\u00edrito&quot;. Esta \u00e9 uma hist\u00f3ria emocionante de la\u00e7os profundos formados atrav\u00e9s da m\u00fasica e da compaix\u00e3o.<\/div>\n<h2>Um reencontro milagroso ap\u00f3s 50 anos! La\u00e7os e trocas tecidos por vozes cantadas - Maestro e coro feminino cocriam o &quot;esp\u00edrito de harmonia&quot; na cidade de Hokuryu.<\/h2>\n<h3>Um encontro milagroso e o in\u00edcio do interc\u00e2mbio de coros.<\/h3>\n<h4>Sauda\u00e7\u00f5es do maestro do Coro Himawari, Tetsuyoshi Yamamoto<\/h4>\n<figure class=\"wp-caption aligncenter\"><a href=\"https:\/\/photos.google.com\/share\/AF1QipOClkZoV9F25diEtrg316n6b6g9fAv9y3nK9wNSo_lIAxp4Z0khSsHYwwH9T8-wgQ\/photo\/AF1QipPJBpp6CAee0ZjnznM4H234NgXrfZX7AyMiiiY?key=dlVtSk9uekxKc0Nfd2g2NXVTU3h3N1NUUVd3czh3\" target=\"_blank\"><img decoding=\"async\" src=\"https:\/\/lh3.googleusercontent.com\/pw\/AP1GczOOT61g0uSKMiqFjbDDl5j3ou-NOlMfjAoJvDDQu7zOxjM_F2CkXhSfFaPpkLDCQ2RHsiP1T29ntVMSEedK0-Pc6yg3l3rO8U-e71WIZJX6Wws8yo5YBIfne-fHaX2N7qHaF_N45sTYJIfiiBKGKdmE=w2000-h1333-s-no-gm?authuser=0\" width=\"2000\" height=\"1333\" alt=\"Sauda\u00e7\u00f5es do Sr. Tetsuyoshi Yamamoto\" class=\"size-medium\" \/><\/a><figcaption class=\"wp-caption-text\">Sauda\u00e7\u00f5es do Sr. Tetsuyoshi Yamamoto<\/figcaption><\/figure>\n<p>&quot;Estou muito ansiosa para ver que tipo de rea\u00e7\u00e3o qu\u00edmica acontecer\u00e1 quando dois coros femininos se reunirem e cantarem em un\u00edssono. Colegas de turma se reencontraram depois de 50 anos e se divertiram muito, e \u00e9 por isso que chegamos a este dia. Obrigada pelo apoio.&quot;<\/p>\n<h4>Sauda\u00e7\u00f5es de Mitsuko Fujii, representante do Coro Himawari.<\/h4>\n<figure class=\"wp-caption aligncenter\"><a href=\"https:\/\/photos.google.com\/share\/AF1QipOClkZoV9F25diEtrg316n6b6g9fAv9y3nK9wNSo_lIAxp4Z0khSsHYwwH9T8-wgQ\/photo\/AF1QipPSPtjU7BN2-e446UXGCEUcVY6qUy9pDgUAw0o?key=dlVtSk9uekxKc0Nfd2g2NXVTU3h3N1NUUVd3czh3\" target=\"_blank\"><img decoding=\"async\" src=\"https:\/\/lh3.googleusercontent.com\/pw\/AP1GczNhVXHkTfU8piAhvPOZEebPHIY8tv14BQlcd8MQorIxlqJe9uFcJZX0_1-_187baJfjzU5u3PmuxH9RVK5pO1dducMfxn7jMy7V9M4c83-qgD6DkCpNuJYDIEKbfY9IRZ1A9DTwYzWGUK5KPyPN8pro=w2000-h1333-s-no-gm?authuser=0\" width=\"2000\" height=\"1333\" alt=\"Sauda\u00e7\u00f5es de Mitsuko Fujii, representante do Coro Himawari.\" class=\"size-medium\" \/><\/a><figcaption class=\"wp-caption-text\">Sauda\u00e7\u00f5es de Mitsuko Fujii, representante do Coro Himawari.<\/figcaption><\/figure>\n<p>&quot;N\u00f3s, do Coro Himawari, somos um coro feminino formado em 1989. Agora, em nosso 37\u00ba ano, temos um total de 22 integrantes: 9 sopranos, 6 mezzo-sopranos e 7 contraltos.&quot;<\/p>\n<p>O coral come\u00e7ou como uma reuni\u00e3o da associa\u00e7\u00e3o de pais e mestres de uma escola prim\u00e1ria, mas agora seus membros, de todas as idades e profiss\u00f5es, v\u00eam n\u00e3o s\u00f3 da cidade de Hokuryu, mas tamb\u00e9m de cidades vizinhas como Chishibetsu, Numata e Fukagawa. Eles ensaiam todas as quintas-feiras no Centro Comunit\u00e1rio de Hokuryu e realizam concertos v\u00e1rias vezes ao ano na cidade e em cidades e vilarejos vizinhos.<\/p>\n<p>Somos alunos do Sr. Yamamoto Tetsuyo desde 2007, completando 18 anos de aulas este ano. Esta \u00e9 a rela\u00e7\u00e3o mais longa que temos com ele como professor de canto e de cora\u00e7\u00e3o. Durante esse tempo, conhecemos muitos coros diferentes e participamos de muitos concertos, aprendendo a alegria de cantar com um s\u00f3 cora\u00e7\u00e3o.<\/p>\n<p>Estamos muito gratos por este encontro social ter sido poss\u00edvel gra\u00e7as \u00e0 nossa conex\u00e3o com o Professor Yamamoto. Este \u00e9 o nosso primeiro evento. Hoje, cantaremos duas m\u00fasicas juntos, ent\u00e3o temos praticado imaginando todos voc\u00eas. Tamb\u00e9m temos praticado com entusiasmo, sabendo que apresentaremos nossas pr\u00f3prias can\u00e7\u00f5es. E estamos ansiosos para ouvi-los cantar tamb\u00e9m.<\/p>\n<p>Agora, \u00e9 hora de nos divertirmos. Muito obrigado.<\/p>\n<figure class=\"wp-caption aligncenter\"><a href=\"https:\/\/photos.google.com\/share\/AF1QipOClkZoV9F25diEtrg316n6b6g9fAv9y3nK9wNSo_lIAxp4Z0khSsHYwwH9T8-wgQ\/photo\/AF1QipM3bNjPPgls2Hh5CYffNZr-MJJteS5rTNp1htE?key=dlVtSk9uekxKc0Nfd2g2NXVTU3h3N1NUUVd3czh3\" target=\"_blank\"><img decoding=\"async\" src=\"https:\/\/lh3.googleusercontent.com\/pw\/AP1GczMbNTRw9bZlNNbx3UFd1EmRYvC7PZKG10GVloEUoapOZK_-75vMdgpMWCUbwe6lLvvEzJbX4LNiHT1v3rz1tofxsN1DPevPra8cKrp8dzztzBkSOCIzCSNtGrY98yVBYYKenizq5TEV4kFyU932wr_B=w2000-h1333-s-no-gm?authuser=0\" width=\"2000\" height=\"1333\" alt=\"Agora a divers\u00e3o come\u00e7a!\" class=\"size-medium\" \/><\/a><figcaption class=\"wp-caption-text\">Agora a divers\u00e3o come\u00e7a!<\/figcaption><\/figure>\n<h3>A divers\u00e3o come\u00e7a!<\/h3>\n<h4>Sauda\u00e7\u00f5es da maestrina do Coro Dolce, Ryoko Hirama.<\/h4>\n<figure class=\"wp-caption aligncenter\"><a href=\"https:\/\/photos.google.com\/share\/AF1QipOClkZoV9F25diEtrg316n6b6g9fAv9y3nK9wNSo_lIAxp4Z0khSsHYwwH9T8-wgQ\/photo\/AF1QipMS_Zk0qEs-0g253q_-_ZJvudBwZFVt9hJaxGE?key=dlVtSk9uekxKc0Nfd2g2NXVTU3h3N1NUUVd3czh3\" target=\"_blank\"><img decoding=\"async\" src=\"https:\/\/lh3.googleusercontent.com\/pw\/AP1GczPFmZFyBDAGy-2IcM7iGWskEWdNeewyLLgBp_o28u267yEz00DdF0Y7BMkYKqAtdQ935xOOrkLxILVTb5024G12LNSpEejlNtUe9EzvNcFboKAWzSdHmTyVaq3g7BIVWEaqFIq-_jOD9G_7lcgJrN6X=w2000-h1333-s-no-gm?authuser=0\" width=\"2000\" height=\"1333\" alt=\"Sauda\u00e7\u00f5es da maestrina do Coro Dolce, Ryoko Hirama.\" class=\"size-medium\" \/><\/a><figcaption class=\"wp-caption-text\">Sauda\u00e7\u00f5es da maestrina do Coro Dolce, Ryoko Hirama.<\/figcaption><\/figure>\n<p>&quot;Meu nome \u00e9 Hirama Ryoko. Eu era colega de classe do professor Yamamoto, e meu nome de solteira \u00e9 Yahara. O n\u00famero de chamada depois do &#039;Ya&#039; do professor Yamamoto fica ao lado do meu, ent\u00e3o sempre faz\u00edamos as provas juntos.&quot;<\/p>\n<p>Nossa pianista acompanhadora, a Sra. Hanyu, originalmente se chamava Takako Maeno, e seus n\u00fameros de chamada eram &quot;Maeno&quot;, &quot;Yahara&quot; e &quot;Yamamoto&quot;. Outro colega de classe, Jun Koizumi, tamb\u00e9m se juntou a n\u00f3s.<\/p>\n<p>Est\u00e1vamos todos muito animados com essa oportunidade. Os membros do Coral Himawari s\u00e3o mais jovens e mais en\u00e9rgicos do que o nosso coral! Est\u00e1vamos ansiosos para cantar juntos desta vez. Muito obrigado!<\/p>\n<figure class=\"wp-caption aligncenter\"><a href=\"https:\/\/photos.google.com\/share\/AF1QipOClkZoV9F25diEtrg316n6b6g9fAv9y3nK9wNSo_lIAxp4Z0khSsHYwwH9T8-wgQ\/photo\/AF1QipMdl3GtYfz3VVu_ToKX2hcAVRfkX-3MNeceM-o?key=dlVtSk9uekxKc0Nfd2g2NXVTU3h3N1NUUVd3czh3\" target=\"_blank\"><img decoding=\"async\" src=\"https:\/\/lh3.googleusercontent.com\/pw\/AP1GczMy2liXX2tCFVR-jjEcGj6i7l2r4cErURhszjktmIRSXtLoYGrFCNUXSDpC1cFak-vU6m-xLMaifSRJjHixJftIqAdDTvSKt_9Ls_xphptaISmrw2oLz4oIwOgMzQaNx4JpYFpYtAKnpT2ns4VQPN3q=w2000-h1333-s-no-gm?authuser=0\" width=\"2000\" height=\"1333\" alt=\"Foi um reencontro emocionante para os colegas de turma ap\u00f3s 50 anos!\" class=\"size-medium\" \/><\/a><figcaption class=\"wp-caption-text\">Foi um reencontro emocionante para os colegas de turma ap\u00f3s 50 anos!<\/figcaption><\/figure>\n<h3>Foi um reencontro emocionante para os colegas de turma ap\u00f3s 50 anos!<\/h3>\n<p>A regente do Coro Dolce, Ryoko Hirama, e o Professor Yamamoto foram colegas de classe na universidade. Al\u00e9m disso, o pianista acompanhador Hanyu e o convidado especial Jun Koizumi (membro do clube masculino) tamb\u00e9m foram colegas de classe, e um dos membros \u00e9 veterano, o que torna essa uma &quot;conex\u00e3o milagrosa&quot; que est\u00e1 dando grande suporte a este evento de interc\u00e2mbio.<\/p>\n<ul>\n<li><strong>Como se preparar para o treino conjunto:<\/strong>Existe a possibilidade de seu instrutor lhe dar orienta\u00e7\u00f5es a partir de uma perspectiva diferente da habitual, por isso voc\u00ea ser\u00e1 encorajado a experiment\u00e1-la.<\/li>\n<li><strong>o objetivo:<\/strong>O objetivo \u00e9 superar a dificuldade e a resist\u00eancia de cantar ao lado de algu\u00e9m com uma voz diferente e criar uma resson\u00e2ncia m\u00fatua de cora\u00e7\u00f5es.<\/li>\n<\/ul>\n<h3>Workshop 1. &quot;Ultramarine&quot;: O maestro geral \u00e9 Tetsuyoshi Yamamoto.<\/h3>\n<p>O professor Yamamoto ficou impressionado ao ouvir o ensaio do coral em Sapporo no ano passado e decidiu incorporar essa m\u00fasica ao ensaio conjunto desta vez.<\/p>\n<ul>\n<li><strong>Letra da m\u00fasica:<\/strong>Formandos de 2012 da Escola Municipal de Ensino Fundamental Kodaka de Minamisoma, Prefeitura de Fukushima.<\/li>\n<li><strong>Compositor:<\/strong>Miki Oda (Professora na Escola Municipal de Ensino Fundamental e M\u00e9dio de Minamiasoma, Prefeitura de Fukushima)<\/li>\n<\/ul>\n<p>&quot;Ultramarine&quot; \u00e9 uma can\u00e7\u00e3o escrita na Escola Municipal de Ensino Fundamental Odaka, em Minamisoma, na prov\u00edncia de Fukushima, que foi evacuada devido ao acidente na Usina Nuclear de Fukushima Daiichi, causado pelo Grande Terremoto do Leste do Jap\u00e3o. A can\u00e7\u00e3o recebeu o nome de &quot;Ultramarine&quot; em homenagem \u00e0 cor do mar em Odaka.<\/p>\n<figure class=\"wp-caption aligncenter\"><a href=\"https:\/\/photos.google.com\/share\/AF1QipOClkZoV9F25diEtrg316n6b6g9fAv9y3nK9wNSo_lIAxp4Z0khSsHYwwH9T8-wgQ\/photo\/AF1QipNKKxKrDdi4Gv2kIlM0tXktsvk_8h60qBxezRs?key=dlVtSk9uekxKc0Nfd2g2NXVTU3h3N1NUUVd3czh3\" target=\"_blank\"><img decoding=\"async\" src=\"https:\/\/lh3.googleusercontent.com\/pw\/AP1GczPnabSa3sL30pS9jEruyYGGU9Hxa9ReUmmEL-G9CzjiC8ahSkr3tEMVpIF3JgO57QJynSj1PJhzrKLkr1nSMQk3Gd_QgcJ5hlUyWMxEKnjFAcEJuT5auRl-Yn33mteUhtV-ur8CHHXEweDmfMSWd71y=w2000-h1333-s-no-gm?authuser=0\" width=\"2000\" height=\"1333\" alt=\"pr\u00e1tica conjunta\" class=\"size-medium\" \/><\/a><figcaption class=\"wp-caption-text\">pr\u00e1tica conjunta<\/figcaption><\/figure>\n<figure class=\"wp-caption aligncenter\"><a href=\"https:\/\/photos.google.com\/share\/AF1QipOClkZoV9F25diEtrg316n6b6g9fAv9y3nK9wNSo_lIAxp4Z0khSsHYwwH9T8-wgQ\/photo\/AF1QipMOnRUloez1WxB7UOxKffcilHhsct2ukbi138A?key=dlVtSk9uekxKc0Nfd2g2NXVTU3h3N1NUUVd3czh3\" target=\"_blank\"><img decoding=\"async\" src=\"https:\/\/lh3.googleusercontent.com\/pw\/AP1GczNZyz17uyFLpkYfTXkKwj3ekS7-_sUToSr7yIEE3BOl8ZtuP8vRgi1-5GBbM396NMb6L_eAo_f0fhgIEO55PmepvGS1X_k2NLcvVWsb_yXjqD6OG-AgQkCbQczlUWNKkEVQR3gxMh9OYeuG3wJd69E3=w2000-h1125-s-no-gm?authuser=0\" width=\"2000\" height=\"1125\" alt=\"Guiados por uma orienta\u00e7\u00e3o apaixonada...\" class=\"size-medium\" \/><\/a><figcaption class=\"wp-caption-text\">Guiados por uma orienta\u00e7\u00e3o apaixonada...<\/figcaption><\/figure>\n<h3>Aulas de canto apaixonadas do Sr. Tetsuyoshi Yamamoto<\/h3>\n<p>O ensino do Professor Yamamoto ia al\u00e9m da t\u00e9cnica e se concentrava em expressar a &quot;resson\u00e2ncia do cora\u00e7\u00e3o&quot; e a &quot;hist\u00f3ria&quot;. Muito tempo foi dedicado ao ensino da primeira pe\u00e7a, &quot;Gunjo&quot;.<\/p>\n<ul>\n<li><b>Express\u00f5es especiais &quot;Ah&quot;<\/b>Ele destacou que o &quot;Ah&quot; no in\u00edcio da m\u00fasica n\u00e3o \u00e9 uma repeti\u00e7\u00e3o comum, mas um &quot;Ah&quot; especial que cont\u00e9m eventos tristes como tsunamis e separa\u00e7\u00f5es. Ele queria colocar emo\u00e7\u00e3o nessa \u00fanica nota e cant\u00e1-la de uma forma que soasse como &quot;ondas grandes, ondas pequenas, levando a uma onda grande&quot;.<\/li>\n<li><b>Crescendo (Aumento gradual do volume)<\/b>Ele aconselhou que o longo crescendo de cinco compassos na parte &quot;Eu aceno adeus&quot; exige uma express\u00e3o que envolva uma mudan\u00e7a em todo o corpo, como se estivesse &quot;dando um passo cauteloso para a frente&quot;.<\/li>\n<li><b>A transi\u00e7\u00e3o da m\u00fasica horizontal para a m\u00fasica vertical<\/b>A primeira metade da m\u00fasica \u00e9 uma &quot;m\u00fasica de balan\u00e7o horizontal (m\u00fasica de superf\u00edcies)&quot; que penetra o cora\u00e7\u00e3o, e a segunda metade muda para uma &quot;m\u00fasica de balan\u00e7o vertical (movimento vertical)&quot; que libera energia de uma s\u00f3 vez, incentivando a express\u00e3o de emo\u00e7\u00f5es.<\/li>\n<li><b>A pron\u00fancia do H em &quot;Sound&quot;<\/b>A express\u00e3o &quot;som&quot; enfatiza a import\u00e2ncia de controlar a fricativa (H) e de manter a calma e o controle, pois quanto mais voc\u00ea se esfor\u00e7a para cantar, maior a probabilidade de &quot;cantar alto&quot;.<\/li>\n<\/ul>\n<p>O professor Yamamoto explicou que a m\u00fasica s\u00f3 pode ser criada como cultura quando combina um &quot;cora\u00e7\u00e3o apaixonado (sensibilidade)&quot; com a &quot;capacidade de se controlar com calma (habilidade)&quot;.<\/p>\n<figure class=\"wp-caption aligncenter\"><a href=\"https:\/\/photos.google.com\/share\/AF1QipOClkZoV9F25diEtrg316n6b6g9fAv9y3nK9wNSo_lIAxp4Z0khSsHYwwH9T8-wgQ\/photo\/AF1QipPUVXSiQHjKDTDk8UcnxejpSxi07FrqD4A9h64?key=dlVtSk9uekxKc0Nfd2g2NXVTU3h3N1NUUVd3czh3\" target=\"_blank\"><img decoding=\"async\" src=\"https:\/\/lh3.googleusercontent.com\/pw\/AP1GczPVKNqRkKi_bQsleEktq3OFPsH2V7T7d_Tq-VIN_LlB_TalO2mNFOIuz4hRz54HkLseEfyXM2o2_ldLlj31sjwOlcS5H7sVk6Xd2FpymygCLNpQz6EB_Yhy6WfAxy4HkqiUy5ZDliqg-L1RQY2Tfzfq=w2000-h1333-s-no-gm?authuser=0\" width=\"2000\" height=\"1333\" alt=\"Capture as ondas de emo\u00e7\u00e3o, como o balan\u00e7o vertical e horizontal e o crescendo...\" class=\"size-medium\" \/><\/a><figcaption class=\"wp-caption-text\">Capture as ondas de emo\u00e7\u00e3o, como o balan\u00e7o vertical e horizontal e o crescendo...<\/figcaption><\/figure>\n<figure class=\"wp-caption aligncenter\"><a href=\"https:\/\/photos.google.com\/share\/AF1QipOClkZoV9F25diEtrg316n6b6g9fAv9y3nK9wNSo_lIAxp4Z0khSsHYwwH9T8-wgQ\/photo\/AF1QipOSaZ3HzkvLpE-h1Afp0sjLaqKQJPJEoA45V8Y?key=dlVtSk9uekxKc0Nfd2g2NXVTU3h3N1NUUVd3czh3\" target=\"_blank\"><img decoding=\"async\" src=\"https:\/\/lh3.googleusercontent.com\/pw\/AP1GczNzsqkpBwnVfEHvRn-kz8A7KMGXcQWpRp2KGCQ9AYUzPZzigWh6bZVpk0JxLkYOoJ2bi6r7jmM8pkRSEekuVOoSGWZpctRz3xfkhz7eaaG1yKvcXmV17nxp7rOFx2WZQY5NpU9MgiIe9VZl3E_rEEmm=w2000-h1333-s-no-gm?authuser=0\" width=\"2000\" height=\"1333\" alt=\"vozes cantando ressonantes\" class=\"size-medium\" \/><\/a><figcaption class=\"wp-caption-text\">vozes cantando ressonantes<\/figcaption><\/figure>\n<h3>Orienta\u00e7\u00e3o e filosofia coral por Jun Koizumi<\/h3>\n<figure class=\"wp-caption aligncenter\"><a href=\"https:\/\/photos.google.com\/share\/AF1QipOClkZoV9F25diEtrg316n6b6g9fAv9y3nK9wNSo_lIAxp4Z0khSsHYwwH9T8-wgQ\/photo\/AF1QipM0s4WEN3eK5l8abFLl1_ABG4LlxPhib9gqvKk?key=dlVtSk9uekxKc0Nfd2g2NXVTU3h3N1NUUVd3czh3\" target=\"_blank\"><img decoding=\"async\" src=\"https:\/\/lh3.googleusercontent.com\/pw\/AP1GczMHoxB1ZkzkorOn-Gu5i59M1cF037ukPLktcRrl8ebuStG31Z2si6qIq24DbNmlRCy1Z1s5dMv3qvkxH5reCh0hOyB_17Pva6EdpaCm8guR7iJh-Oh-W2WjE-1aCOUj8tTPQ73kY1VxANOUCocxzwjR=w2000-h1333-s-no-gm?authuser=0\" width=\"2000\" height=\"1333\" alt=\"Orienta\u00e7\u00e3o e filosofia coral por Jun Koizumi\" class=\"size-medium\" \/><\/a><figcaption class=\"wp-caption-text\">Orienta\u00e7\u00e3o e filosofia coral por Jun Koizumi<\/figcaption><\/figure>\n<p>As instru\u00e7\u00f5es do Sr. Koizumi inclu\u00edam os &quot;princ\u00edpios b\u00e1sicos de como usar o corpo&quot; em um coral e &quot;como se preparar para mudan\u00e7as de volume&quot;.<\/p>\n<ul>\n<li><b>No\u00e7\u00f5es b\u00e1sicas sobre o corpo<\/b>Ao cantar em p\u00e9, \u00e9 importante &quot;contrair as n\u00e1degas&quot; e cantar a partir do tanden, sendo recomend\u00e1vel estar consciente do formato da boca, &quot;a ui ou&quot;, para produzir resson\u00e2ncia.<\/li>\n<li><b>consci\u00eancia fricativa<\/b>Ao produzir a nota H em &quot;Hibike&quot;, recomenda-se que a resson\u00e2ncia aumentar\u00e1 se voc\u00ea se concentrar no fluxo de ar em um estilo &quot;whoosh, whoosh&quot; em vez de um fluxo constante.<\/li>\n<li><b>Conscientiza\u00e7\u00e3o sobre a libera\u00e7\u00e3o<\/b>Instru\u00edmos os alunos a terem consci\u00eancia de n\u00e3o acelerarem o final da frase e a liberarem o som (release) cuidadosamente.<\/li>\n<li><b>Crescendo Unity<\/b>Todos concordaram com o n\u00edvel do crescendo e compartilharam a filosofia de que, &quot;unindo seus cora\u00e7\u00f5es&quot;, seriam capazes de cantar em um coro mais maravilhoso.<\/li>\n<\/ul>\n<figure class=\"wp-caption aligncenter\"><a href=\"https:\/\/photos.google.com\/share\/AF1QipOClkZoV9F25diEtrg316n6b6g9fAv9y3nK9wNSo_lIAxp4Z0khSsHYwwH9T8-wgQ\/photo\/AF1QipNbO7etjsD2WrCF6EE7XyxyX6uy6ARLZSU5llk?key=dlVtSk9uekxKc0Nfd2g2NXVTU3h3N1NUUVd3czh3\" target=\"_blank\"><img decoding=\"async\" src=\"https:\/\/lh3.googleusercontent.com\/pw\/AP1GczO1eXVWrCAv_9EsivzWOVBZQUSUc7kAm01nQ6i7Dj2-7V2RxM0uPlof33g3ZzBbfxiy5mQdcVC4d7wt85Sc5XdG8lJITHCz6-pSaDYuMftkX8i3TF7-n5zuy4Td9443jV_5jc8nvmRaQYnBI6gcV4xA=w2000-h1125-s-no-gm?authuser=0\" width=\"2000\" height=\"1125\" alt=\"Vamos estar em sintonia!\" class=\"size-medium\" \/><\/a><figcaption class=\"wp-caption-text\">Vamos estar em sintonia!<\/figcaption><\/figure>\n<h3>Juntos como um s\u00f3! Apresenta\u00e7\u00f5es de cada coral<\/h3>\n<h4>1. Coro por Coro Dolce<\/h4>\n<p>Eles apresentaram &quot;When the Cherries Ripen&quot;, &quot;The World&#039;s Promise&quot;, &quot;Snow&quot; (pelo qual ganharam o Pr\u00eamio de Incentivo no Festival de Coros C\u00edvicos de Sapporo em 2024) e &quot;May I Pray?&quot;. Suas vozes suaves e calmas preencheram o local.<\/p>\n<figure class=\"wp-caption aligncenter\"><a href=\"https:\/\/photos.google.com\/share\/AF1QipOClkZoV9F25diEtrg316n6b6g9fAv9y3nK9wNSo_lIAxp4Z0khSsHYwwH9T8-wgQ\/photo\/AF1QipNvj-RVvspYP9Anrx2HRMostGQEPxn17oi3ay0?key=dlVtSk9uekxKc0Nfd2g2NXVTU3h3N1NUUVd3czh3\" target=\"_blank\"><img decoding=\"async\" src=\"https:\/\/lh3.googleusercontent.com\/pw\/AP1GczOTlCf_l95L2tgZEkQPzz18xAjrw3wR6_wUMafae6Q3D5W3n6ZwwBC2F45WTSXaDgPKt_v4OZLlmDKZsX1v7HvpEZz-bGdJdLqJCFO2TdR-O7FOqged4gaLMzUOIGHAp31ZTF7WNS-wWzkz9urdeoxo=w2000-h1333-s-no-gm?authuser=0\" width=\"2000\" height=\"1333\" alt=\"A voz suave e cantada do Coro Dolce Chorus\" class=\"size-medium\" \/><\/a><figcaption class=\"wp-caption-text\">A voz suave e cantada do Coro Dolce Chorus<\/figcaption><\/figure>\n<figure class=\"wp-caption aligncenter\"><a href=\"https:\/\/photos.google.com\/share\/AF1QipOClkZoV9F25diEtrg316n6b6g9fAv9y3nK9wNSo_lIAxp4Z0khSsHYwwH9T8-wgQ\/photo\/AF1QipNr4jKBPP187jnfeysJifvFEGg0GFQ6horsYqA?key=dlVtSk9uekxKc0Nfd2g2NXVTU3h3N1NUUVd3czh3\" target=\"_blank\"><img decoding=\"async\" src=\"https:\/\/lh3.googleusercontent.com\/pw\/AP1GczMMNjwTe6Olhq4AEFim2hZCLQaiRgPCr2R-6LGWPcwRSftEuO1IpFm0tkIgo33c6lmtjVeJEAiobpLMiG6wJ-_1Xe_jlfjGJkYmuTZoHxnO91n-RhfUPvU_i1-rtr533Fr3RS3UZaZ13cwHkZdH52k-=w2000-h1125-s-no-gm?authuser=0\" width=\"2000\" height=\"1125\" alt=\"Balan\u00e7ando na correnteza suave...\" class=\"size-medium\" \/><\/a><figcaption class=\"wp-caption-text\">Balan\u00e7ando na correnteza suave...<\/figcaption><\/figure>\n<figure class=\"wp-caption aligncenter\"><a href=\"https:\/\/photos.google.com\/share\/AF1QipOClkZoV9F25diEtrg316n6b6g9fAv9y3nK9wNSo_lIAxp4Z0khSsHYwwH9T8-wgQ\/photo\/AF1QipPC4kkKkfVCCWFdol6SYbOfkEpiilFU1KPuRJI?key=dlVtSk9uekxKc0Nfd2g2NXVTU3h3N1NUUVd3czh3\" target=\"_blank\"><img decoding=\"async\" src=\"https:\/\/lh3.googleusercontent.com\/pw\/AP1GczMYZGoReB3VaP2NkAVPqtYpooifsWzQoeQOGuVxhwh6xwu6Bg4cQnglqCGXgqbptd6pm_Ygd9PJPCxmT_LUDfF8Azz2__FmeE11i6enpD3NpMvplHYut-5PBhm_B1t010ZSH4AdUJOcn23v54CvPqNC=w2000-h1333-s-no-gm?authuser=0\" width=\"2000\" height=\"1333\" alt=\"Enquanto tocava uma graciosa melodia de piano...\" class=\"size-medium\" \/><\/a><figcaption class=\"wp-caption-text\">Enquanto tocava uma graciosa melodia de piano...<\/figcaption><\/figure>\n<h4>2. Coro do Coro Himawari<\/h4>\n<p>Eles apresentaram &quot;Wagtail&quot;, &quot;Sakura&quot;, &quot;Star Dream&quot; e &quot;A Song for You&quot;. Suas vozes en\u00e9rgicas e poderosas criaram um som inspirador que se espalhou por todo o ambiente.<\/p>\n<figure class=\"wp-caption aligncenter\"><a href=\"https:\/\/photos.google.com\/share\/AF1QipOClkZoV9F25diEtrg316n6b6g9fAv9y3nK9wNSo_lIAxp4Z0khSsHYwwH9T8-wgQ\/photo\/AF1QipO-wdi8SJ7yxciN5htC4k4mjDHgDPI_0zTuyQg?key=dlVtSk9uekxKc0Nfd2g2NXVTU3h3N1NUUVd3czh3\" target=\"_blank\"><img decoding=\"async\" src=\"https:\/\/lh3.googleusercontent.com\/pw\/AP1GczPGKQlLEMDWWH-9xwLHSQsjfllF6R9WuVGfDuFvvJMoB1IwUQ-6R1WJErWqgMHn2Z7pBbXxnxRG8RopKWVMgUFX0AOoOUEmED5BV28rXN5lseDiGf6hwL-RtjiS_GAQemuWLkFIUtX5x0bx0NvVliCY=w2000-h1333-s-no-gm?authuser=0\" width=\"2000\" height=\"1333\" alt=\"Com uma voz poderosa para cantar...\" class=\"size-medium\" \/><\/a><figcaption class=\"wp-caption-text\">Com uma voz poderosa para cantar...<\/figcaption><\/figure>\n<figure class=\"wp-caption aligncenter\"><a href=\"https:\/\/photos.google.com\/share\/AF1QipOClkZoV9F25diEtrg316n6b6g9fAv9y3nK9wNSo_lIAxp4Z0khSsHYwwH9T8-wgQ\/photo\/AF1QipOeHSZ8oRl1MFP7vVYM-kszb2SFp6vhN94cCjM?key=dlVtSk9uekxKc0Nfd2g2NXVTU3h3N1NUUVd3czh3\" target=\"_blank\"><img decoding=\"async\" src=\"https:\/\/lh3.googleusercontent.com\/pw\/AP1GczMKvb-beC3IK4n3vfNucjEvofBVTxV81JB6Ah8mJPzXnlFeTfvWZ1cT5cgVrM7W7GNYHcINIcI1PzKJUR4SN7OUkd2P5PDpHkb09G0_0k6C7LYlsRkoOh9fZKwvSSgYRJAomMR_VxPHkUxG5xP72DOT=w2000-h1333-s-no-gm?authuser=0\" width=\"2000\" height=\"1333\" alt=\"Os sons em movimento ressoam e se espalham...\" class=\"size-medium\" \/><\/a><figcaption class=\"wp-caption-text\">Os sons em movimento ressoam e se espalham...<\/figcaption><\/figure>\n<figure class=\"wp-caption aligncenter\"><a href=\"https:\/\/photos.google.com\/share\/AF1QipOClkZoV9F25diEtrg316n6b6g9fAv9y3nK9wNSo_lIAxp4Z0khSsHYwwH9T8-wgQ\/photo\/AF1QipPGJtrIx5fWsVj6eNzL5VLQB454iCoGPOvU3SE?key=dlVtSk9uekxKc0Nfd2g2NXVTU3h3N1NUUVd3czh3\" target=\"_blank\"><img decoding=\"async\" src=\"https:\/\/lh3.googleusercontent.com\/pw\/AP1GczMRUuEV1XQ5bvFqyLu49RBEuUrHo5KH73ZlolZIKPf1i02C7nqziG8zPSHxzZfTZjswcaye7VqlTCT1nddxYJ33SRSskOiihYAGqWWL-mSYUMP3eUe-S_92d7eB2q4_zwXMHTGGrHOj23cqFDr3spDY=w2000-h1333-s-no-gm?authuser=0\" width=\"2000\" height=\"1333\" alt=\"Em meio a uma melodia fluida e leve...\" class=\"size-medium\" \/><\/a><figcaption class=\"wp-caption-text\">Em meio a uma melodia fluida e leve...<\/figcaption><\/figure>\n<h3>Resumo do evento de interc\u00e2mbio e da universalidade do &quot;esp\u00edrito de harmonia&quot;<\/h3>\n<h4>Coment\u00e1rios de Jun Koizumi<\/h4>\n<figure class=\"wp-caption aligncenter\"><a href=\"https:\/\/photos.google.com\/share\/AF1QipOClkZoV9F25diEtrg316n6b6g9fAv9y3nK9wNSo_lIAxp4Z0khSsHYwwH9T8-wgQ\/photo\/AF1QipMmlRlJrYjdKCfsD8VKKMTyO-18Z5uIlsm-aqA?key=dlVtSk9uekxKc0Nfd2g2NXVTU3h3N1NUUVd3czh3\" target=\"_blank\"><img decoding=\"async\" src=\"https:\/\/lh3.googleusercontent.com\/pw\/AP1GczNDpbJKEErrI3eDQosOLXtDc9x6AnnbBDUbKwxKQjWoeAJ262FIPR4csZRghr3qgc3GdHxkHPBH3X4uIYEgfeRn6rDR14GNglHKYigxUy9hYwnWGt7SksUManKzi149BEwzAn5Uh_ZbjDmtXkJPz2SY=w2000-h1333-s-no-gm?authuser=0\" width=\"2000\" height=\"1333\" alt=\"Coment\u00e1rios de Jun Koizumi\" class=\"size-medium\" \/><\/a><figcaption class=\"wp-caption-text\">Coment\u00e1rios de Jun Koizumi<\/figcaption><\/figure>\n<p>Ele reconheceu os m\u00e9ritos de cada coro: &quot;O Coro Dolce \u00e9 um coro suave e delicado, como um dedilhado, e o Coro Himawari \u00e9 um coro en\u00e9rgico e poderoso.&quot;<\/p>\n<ul>\n<li><b>Pron\u00fancia japonesa e os cinco sentidos<\/b>Embora sua voz seja linda, ela aconselha que, se prestar mais aten\u00e7\u00e3o \u00e0 pron\u00fancia e aos cinco sentidos da l\u00edngua japonesa, as letras ser\u00e3o transmitidas com mais clareza aos ouvintes.<\/li>\n<li><b>Estilo e harmonia<\/b>Reconhecendo a diferen\u00e7a entre um estilo que movimenta o corpo livremente e um estilo que se concentra no centro do corpo ao cantar, ele enfatizou a import\u00e2ncia da harmonia que corresponda ao conte\u00fado da m\u00fasica.<\/li>\n<\/ul>\n<h3>Workshop de Encerramento 2: &quot;Viu?&quot;: Condutora Geral: Ryoko Hirama<\/h3>\n<ul>\n<li><strong>Letra da m\u00fasica:<\/strong>Sr.<\/li>\n<li><strong>Compositor:<\/strong>Senhor Ko Matsushita<\/li>\n<\/ul>\n<p>&quot;Horane&quot; foi criada como parte do &quot;Let&#039;s Sing Nippon Project&quot; com a esperan\u00e7a de confortar os cora\u00e7\u00f5es daqueles que foram afetados pelo terremoto e elevar seus esp\u00edritos. A can\u00e7\u00e3o expressa uma mensagem de rever\u00eancia pela natureza, a preciosidade das conex\u00f5es humanas e a busca por esperan\u00e7a atrav\u00e9s de palavras simples e uma melodia suave.<\/p>\n<figure class=\"wp-caption aligncenter\"><a href=\"https:\/\/photos.google.com\/share\/AF1QipOClkZoV9F25diEtrg316n6b6g9fAv9y3nK9wNSo_lIAxp4Z0khSsHYwwH9T8-wgQ\/photo\/AF1QipPEj3MWf-fZ6Y_rWuM0g8kdEpzQprn94ATCp0M?key=dlVtSk9uekxKc0Nfd2g2NXVTU3h3N1NUUVd3czh3\" target=\"_blank\"><img decoding=\"async\" src=\"https:\/\/lh3.googleusercontent.com\/pw\/AP1GczNHKplGyxiXeC_Dxd_S_q-rNCBIdFpT5NT_0eguUPsvvGxhLFJUYGEs3r7bjQ1IP_h8nyTXMjwVtOwo2ef02tgpZApbeHGBZ6KBfMisENKtPqmSlh9DOMPikDkCbPHIYUBBjL1O7a5U3mtAbU6saz31=w2000-h1333-s-no-gm?authuser=0\" width=\"2000\" height=\"1333\" alt=\"Coro conjunto!\" class=\"size-medium\" \/><\/a><figcaption class=\"wp-caption-text\">Coro conjunto!<\/figcaption><\/figure>\n<figure class=\"wp-caption aligncenter\"><a href=\"https:\/\/photos.google.com\/share\/AF1QipOClkZoV9F25diEtrg316n6b6g9fAv9y3nK9wNSo_lIAxp4Z0khSsHYwwH9T8-wgQ\/photo\/AF1QipOeZz7D_PLnaH8vRwVBvfg53C4CJwPtGRn2gGU?key=dlVtSk9uekxKc0Nfd2g2NXVTU3h3N1NUUVd3czh3\" target=\"_blank\"><img decoding=\"async\" src=\"https:\/\/lh3.googleusercontent.com\/pw\/AP1GczPnLv6ayAjjofqn3P-DvhgFU-TEA7RvzFpTdxFwvwJNHEvEJk3Mds95ar5qYafGc1pgKtPtFSJdHPbZGUoKgj-k8S3FFn3PXtZdJ-hi5NkGqXRE-6Uhf0WO_qMRzCOfoGfhpUYe8hN2Qjv4-RV6Thll=w2000-h1333-s-no-gm?authuser=0\" width=\"2000\" height=\"1333\" alt=\"Em perfeita sintonia!\" class=\"size-medium\" \/><\/a><figcaption class=\"wp-caption-text\">Em perfeita sintonia!<\/figcaption><\/figure>\n<figure class=\"wp-caption aligncenter\"><a href=\"https:\/\/photos.google.com\/share\/AF1QipOClkZoV9F25diEtrg316n6b6g9fAv9y3nK9wNSo_lIAxp4Z0khSsHYwwH9T8-wgQ\/photo\/AF1QipNNLSS7lm2M58mmZMWg-t7zIxeCrU0TG-iH93Y?key=dlVtSk9uekxKc0Nfd2g2NXVTU3h3N1NUUVd3czh3\" target=\"_blank\"><img decoding=\"async\" src=\"https:\/\/lh3.googleusercontent.com\/pw\/AP1GczP-0rqB32S6EFTW5VQZ-ZqgVIqxOlhwdYTezn7iZvWGP8Yq_Qacqcor69yUYKRt4eBQGhChstse3w1F27uD_-ELv0r7XwOHKGi7L1fD65lUcXmM8GMZj1mqJGXCx4XIxBzf-450qxedJ1dhIAIo9fH1=w2000-h1333-s-no-gm?authuser=0\" width=\"2000\" height=\"1333\" alt=\"Uma melodia que envolve suavemente os cora\u00e7\u00f5es das pessoas...\" class=\"size-medium\" \/><\/a><figcaption class=\"wp-caption-text\">Uma melodia que envolve suavemente os cora\u00e7\u00f5es das pessoas...<\/figcaption><\/figure>\n<h3>Uma foto comemorativa e palavras de agradecimento.<\/h3>\n<figure class=\"wp-caption aligncenter\"><a href=\"https:\/\/photos.google.com\/share\/AF1QipOClkZoV9F25diEtrg316n6b6g9fAv9y3nK9wNSo_lIAxp4Z0khSsHYwwH9T8-wgQ\/photo\/AF1QipP-O0_e-IkyYHqzZ6AAr46V-Q8SrW95ISCTMak?key=dlVtSk9uekxKc0Nfd2g2NXVTU3h3N1NUUVd3czh3\" target=\"_blank\"><img decoding=\"async\" src=\"https:\/\/lh3.googleusercontent.com\/pw\/AP1GczNNODU78FOcRmLEVsiRdyieSFCJuvfbSUsZs6fa6R8W4Jnxik3XOsYv00Xzm88iPSLaDqnnNAFCYQpaoPHHi8344qcevu05v6TE4WztZDqeoI6Vzg_xSmdGD6-EoC_PFwWeK1-rYBTq80rFvkWFQUVV=w2000-h1333-s-no-gm?authuser=0\" width=\"2000\" height=\"1333\" alt=\"Foto comemorativa conjunta\" class=\"size-medium\" \/><\/a><figcaption class=\"wp-caption-text\">Foto comemorativa conjunta<\/figcaption><\/figure>\n<h4>Sauda\u00e7\u00f5es do representante da Coro Dolce, Shoko Imagawa<\/h4>\n<figure class=\"wp-caption aligncenter\"><a href=\"https:\/\/photos.google.com\/share\/AF1QipOClkZoV9F25diEtrg316n6b6g9fAv9y3nK9wNSo_lIAxp4Z0khSsHYwwH9T8-wgQ\/photo\/AF1QipPsg_WX-EnlKHJP0px_S7AK1o6bXdTPQNifm1Y?key=dlVtSk9uekxKc0Nfd2g2NXVTU3h3N1NUUVd3czh3\" target=\"_blank\"><img decoding=\"async\" src=\"https:\/\/lh3.googleusercontent.com\/pw\/AP1GczMrBrLcsl27Rz0ih8pF80sQeQYSt7tHDcyyIlcbCHEt6MTWVcpTjTZWl5iwGw9qso6ZUe9thxLeZK1P3oTsgiQCqYPwX5T9oQAzld3l7LjHDaaESPLKX5wrOl9Z_kewfa5ow3gsqo3zAVNQq-8-0scp=w2000-h1333-s-no-gm?authuser=0\" width=\"2000\" height=\"1333\" alt=\"Sauda\u00e7\u00f5es da Sra. Shoko Imagawa, Representante do Coro Dolce.\" class=\"size-medium\" \/><\/a><figcaption class=\"wp-caption-text\">Sauda\u00e7\u00f5es da Sra. Shoko Imagawa, Representante do Coro Dolce.<\/figcaption><\/figure>\n<p>&quot;Muito obrigada a todos do Coral Himawari por me permitirem passar um dia t\u00e3o divertido com voc\u00eas! Senti que criamos um la\u00e7o maravilhoso e muito forte. Hoje foi uma experi\u00eancia muito valiosa. Muito obrigada! Espero v\u00ea-los novamente no futuro, se houver outra boa oportunidade.&quot;<\/p>\n<h4>Apresentamos um dos nossos membros, veterano do Sr. Yamamoto da universidade.<\/h4>\n<figure class=\"wp-caption aligncenter\"><a href=\"https:\/\/photos.google.com\/share\/AF1QipOClkZoV9F25diEtrg316n6b6g9fAv9y3nK9wNSo_lIAxp4Z0khSsHYwwH9T8-wgQ\/photo\/AF1QipPiHCqclGoQ04suk3BqJzCL2Tuov8iyAmFRPgE?key=dlVtSk9uekxKc0Nfd2g2NXVTU3h3N1NUUVd3czh3\" target=\"_blank\"><img decoding=\"async\" src=\"https:\/\/lh3.googleusercontent.com\/pw\/AP1GczP5OtY1_9f6UBXzF8ehVtZl2tKjsJaw4yxeocbUcubY2OQSYgE_DwYCTdYcRoYXuYi48Csgv22zN57f3U1qMq4DfiBZ5CuVdrcsfuDpMNEXguE-74pcMfGEgP35aZp9hCpRCGdflcJDOZatlJV5Pm8l=w2000-h1333-s-no-gm?authuser=0\" width=\"2000\" height=\"1333\" alt=\"Apresentando os veteranos do Sr. Yamamoto\" class=\"size-medium\" \/><\/a><figcaption class=\"wp-caption-text\">Apresentando os veteranos do Sr. Yamamoto<\/figcaption><\/figure>\n<h4>A filosofia coral do Professor Yamamoto e a import\u00e2ncia da troca<\/h4>\n<p>O Sr. Yamamoto reafirmou sua pr\u00f3pria filosofia coral: &quot;70% do canto coral \u00e9 ouvir e 30% \u00e9 cantar&quot;. Ele enfatizou que ouvir \u00e9 a base do canto coral, para evitar situa\u00e7\u00f5es em que &quot;voc\u00ea n\u00e3o sabe se o seu som \u00e9 diferente do de todos os outros&quot;.<\/p>\n<p>&quot;As intera\u00e7\u00f5es por meio da m\u00fasica criam la\u00e7os fortes e s\u00e3o uma oportunidade para incorporarmos os pontos fortes uns dos outros e nos aprimorarmos. Espero que possamos nos tornar amigos e nos reencontrar quando voltarmos para casa, criando conex\u00f5es calorosas que transcendam as fronteiras regionais&quot;, concluiu.<\/p>\n<figure class=\"wp-caption aligncenter\"><a href=\"https:\/\/photos.google.com\/share\/AF1QipOClkZoV9F25diEtrg316n6b6g9fAv9y3nK9wNSo_lIAxp4Z0khSsHYwwH9T8-wgQ\/photo\/AF1QipOmK2QbjqT0D9v2tC4bYvEQNz4H5aC0q4SXoZY?key=dlVtSk9uekxKc0Nfd2g2NXVTU3h3N1NUUVd3czh3\" target=\"_blank\"><img decoding=\"async\" src=\"https:\/\/lh3.googleusercontent.com\/pw\/AP1GczP_EtS3w5OmvrPjQK7apHxuYx9aAhRWTES1jyJ7oKDLeW-kPXczYBkjpaGzNE3zuW7PpvZMhl0lX1NQTgaKODOtDiB54NhFsL-da8q4YPMiW_g3W6U5zeFC-Yh17YAiJlI8urK0IyyjJ1fUFeSZAjPp=w2000-h1125-s-no-gm?authuser=0\" width=\"2000\" height=\"1125\" alt=\"Troca musical que cria la\u00e7os fortes!\" class=\"size-medium\" \/><\/a><figcaption class=\"wp-caption-text\">Troca musical que cria la\u00e7os fortes!<\/figcaption><\/figure>\n<p>Este evento de interc\u00e2mbio de coros foi mais do que um simples ensaio de canto; foi uma troca de &quot;esp\u00edrito de harmonia&quot; que transcendeu as barreiras de gera\u00e7\u00f5es e do tempo, entre instrutores profissionais, coros locais e velhos amigos que se reencontraram pela primeira vez em 50 anos.<\/p>\n<p>A import\u00e2ncia de &quot;ouvir uns aos outros&quot; atrav\u00e9s da m\u00fasica \u00e9 verdadeiramente um sinal de &quot;compaix\u00e3o&quot;. Respeitar n\u00e3o apenas o pr\u00f3prio som, mas tamb\u00e9m os sons das pessoas e grupos vizinhos, e buscar a harmonia, \u00e9 o ideal que devemos almejar na sociedade atual, onde a divis\u00e3o est\u00e1 se tornando cada vez mais comum.<\/p>\n<p>Esta comovente hist\u00f3ria, nascida na pequena comunidade de Hokuryu, transmite uma mensagem universal de esperan\u00e7a para o mundo: &quot;Todos podem se tornar parceiros que enriquecem a exist\u00eancia uns dos outros&quot;. O registro desta &quot;jornada de cocria\u00e7\u00e3o&quot; servir\u00e1 como um guia silencioso, por\u00e9m poderoso, rumo \u00e0 paz mundial.<\/p>\n<h3>Lembrancinhas gratuitas com especialidades da cidade de Hokuryu.<\/h3>\n<figure class=\"wp-caption aligncenter\"><a href=\"https:\/\/photos.google.com\/share\/AF1QipOClkZoV9F25diEtrg316n6b6g9fAv9y3nK9wNSo_lIAxp4Z0khSsHYwwH9T8-wgQ\/photo\/AF1QipORjJJn-CDq62fKBtPu-AB093vtadgAEdJtwa4?key=dlVtSk9uekxKc0Nfd2g2NXVTU3h3N1NUUVd3czh3\" target=\"_blank\"><img decoding=\"async\" src=\"https:\/\/lh3.googleusercontent.com\/pw\/AP1GczNlUi-R0ngcGPedByQL9DTxXrGgGQuf0Jo5cG3QOSooo6VlrJVsmb6EG5o8WDmxdBpdF34sSIG2hahSnuYOpOySBHMfyyP8OkgWGIaILNDDc018kePD9IejmEaC5CGDAPjcpLrzKttFEHtvs3hXunhv=w2000-h1333-s-no-gm?authuser=0\" width=\"2000\" height=\"1333\" alt=\"Lembran\u00e7a!\" class=\"size-medium\" \/><\/a><figcaption class=\"wp-caption-text\">Lembran\u00e7a!<\/figcaption><\/figure>\n<figure class=\"wp-caption aligncenter\"><a href=\"https:\/\/photos.google.com\/share\/AF1QipOClkZoV9F25diEtrg316n6b6g9fAv9y3nK9wNSo_lIAxp4Z0khSsHYwwH9T8-wgQ\/photo\/AF1QipPVHuVgWKUWIlhvfenC3ov8ZRtg_zEjfbR1lAY?key=dlVtSk9uekxKc0Nfd2g2NXVTU3h3N1NUUVd3czh3\" target=\"_blank\"><img decoding=\"async\" src=\"https:\/\/lh3.googleusercontent.com\/pw\/AP1GczOF-lDTOMBaDYHdpWD-GhIQ9638cw-RWD3s8SfgutYWSdsBHL7laJaKvM4alhp-VuAy8smTJTheCfdF0GfTstFDZVsWNLv_2zMwSK4mSYAolzrdO2Ei6vegAjvRfcmu-pH9EmpKNuSNO4rEYZQpduKe=w2000-h1333-s-no-gm?authuser=0\" width=\"2000\" height=\"1333\" alt=\"Cena de ensaio\" class=\"size-medium\" \/><\/a><figcaption class=\"wp-caption-text\">Cena de ensaio<\/figcaption><\/figure>\n<p>Com amor, gratid\u00e3o e ora\u00e7\u00f5es infinitas, gostaria de expressar minha sincera gratid\u00e3o ao coro feminino Hibikiryu-kai, &quot;Himawari Chorus &amp; Coro Dolce Chorus&quot;, cujas belas vozes, que comovem a alma, ressoam umas com as outras...<\/p>\n<h2>v\u00eddeos do YouTube<\/h2>\n<div class=\"youtube\"><iframe title=\"Um milagre em 50 anos: o &quot;esp\u00edrito da harmonia&quot; conectado atrav\u00e9s de vozes cantadas: o &quot;Coro Dolce&quot; de Sapporo e o &quot;Coro Himawari&quot; de Hokuryu.\" src=\"https:\/\/www.youtube.com\/embed\/5mHO2XDmkO0?feature=oembed\" frameborder=\"0\" allow=\"accelerometer; autoplay; clipboard-write; encrypted-media; gyroscope; picture-in-picture; web-share\" referrerpolicy=\"strict-origin-when-cross-origin\" allowfullscreen><\/iframe><\/div>\n<h2>Outras fotos<\/h2>\n<div class=\"img-move\"><img decoding=\"async\" style=\"vertical-align: middle;\" src=\"https:\/\/ehokkaido.net\/wp-content\/uploads\/2021\/12\/2021-12-06-11.41.12.png\" \/> <a href=\"https:\/\/photos.app.goo.gl\/3CtvceQUx5GWyDkH8\" target=\"_blank\" rel=\"noopener noreferrer\">Clique aqui para ver 195 fotos do coro feminino &quot;Coro Dolce, Hokuryu Himawari Chorus&quot; &gt;&gt;<\/a><\/div>\n<h2>Artigos e sites relacionados<\/h2>\n\n        <div class=\"site-blogcard-premium\">\n            <div class=\"bc-label-custom\">Artigos relacionados<\/div>\n            <div class=\"bc-flex-container\">\n                <div class=\"bc-main-text\">\n                    <div class=\"bc-title-link-box\">\n                        <a href=\"https:\/\/portal.hokuryu.info\/pt\/53515\/\" target=\"_blank\">https:\/\/portal.hokuryu.info\/53515<\/a>\n                    <\/div>\n                    <div class=\"bc-excerpt-box\">N\u00e3o foi poss\u00edvel recuperar as informa\u00e7\u00f5es da p\u00e1gina.<\/div>\n                <\/div>\n                <div class=\"bc-thumbnail-box\">\n                    <a href=\"https:\/\/portal.hokuryu.info\/pt\/53515\/\" target=\"_blank\">\n                        <div class=\"bc-img-zoom-wrap\">\n                            <img decoding=\"async\" src=\"https:\/\/portal.hokuryu.info\/wp\/wp-content\/uploads\/2026\/02\/20230802DSC06445_1.jpg\" alt=\"https:\/\/portal.hokuryu.info\/53515\">\n                        <\/div>\n                    <\/a>\n                <\/div>\n            <\/div>\n        <\/div>\n<p>\u25c7 <a href=\"https:\/\/portal.hokuryu.info\/pt\/62509\/\">\ud83d\udd8b\ufe0f Planejamento de conte\u00fado, reda\u00e7\u00e3o de artigos, sele\u00e7\u00e3o de fotos e cria\u00e7\u00e3o de v\u00eddeos: Ikuko Terauchi<img decoding=\"async\" style=\"vertical-align: middle;\" src=\"https:\/\/ehokkaido.net\/wp-content\/uploads\/2021\/12\/2021-12-06-11.41.12.png\" \/> Fotografia, edi\u00e7\u00e3o e gest\u00e3o do site: Noboru Terauchi<\/a><\/p>","protected":false},"excerpt":{"rendered":"<p>2025\u5e7410\u670815\u65e5\uff08\u6c34\uff09 10\u67084\u65e5\uff08\u571f\uff09\u5317\u7adc\u753a\u516c\u6c11\u9928\u306b\u304a\u3044\u3066\u300150\u5e74\u3076\u308a\u306b\u518d\u4f1a\u3057\u305f\u5927\u5b66\u306e\u540c\u7d1a\u751f\u3068\u3044\u3046\u5947\u8de1\u7684\u306a\u3054\u7e01\u304c\u3001\u5317\u6d77\u9053\u5317\u7adc\u753a\u3067\u5fc3\u6e29\u307e\u308b\u5973\u6027\u5408\u5531\u306e\u300c\u97ff\u6d41\u4f1a\u300d\u3092\u5b9f\u73fe\u3055\u305b\u307e\u3057\u305f\u3002\u672d\u5e4c\u306e\u300c\u30b3\u30fc\u30ed\u30fb\u30c9 [&hellip;]<\/p>\n","protected":false},"author":1,"featured_media":65198,"comment_status":"open","ping_status":"open","sticky":false,"template":"","format":"standard","meta":{"footnotes":""},"categories":[4,11],"tags":[],"class_list":["post-65133","post","type-post","status-publish","format-standard","has-post-thumbnail","hentry","category-cover-story","category-himawari-chorus"],"_links":{"self":[{"href":"https:\/\/portal.hokuryu.info\/pt\/wp-json\/wp\/v2\/posts\/65133","targetHints":{"allow":["GET"]}}],"collection":[{"href":"https:\/\/portal.hokuryu.info\/pt\/wp-json\/wp\/v2\/posts"}],"about":[{"href":"https:\/\/portal.hokuryu.info\/pt\/wp-json\/wp\/v2\/types\/post"}],"author":[{"embeddable":true,"href":"https:\/\/portal.hokuryu.info\/pt\/wp-json\/wp\/v2\/users\/1"}],"replies":[{"embeddable":true,"href":"https:\/\/portal.hokuryu.info\/pt\/wp-json\/wp\/v2\/comments?post=65133"}],"version-history":[{"count":0,"href":"https:\/\/portal.hokuryu.info\/pt\/wp-json\/wp\/v2\/posts\/65133\/revisions"}],"wp:featuredmedia":[{"embeddable":true,"href":"https:\/\/portal.hokuryu.info\/pt\/wp-json\/wp\/v2\/media\/65198"}],"wp:attachment":[{"href":"https:\/\/portal.hokuryu.info\/pt\/wp-json\/wp\/v2\/media?parent=65133"}],"wp:term":[{"taxonomy":"category","embeddable":true,"href":"https:\/\/portal.hokuryu.info\/pt\/wp-json\/wp\/v2\/categories?post=65133"},{"taxonomy":"post_tag","embeddable":true,"href":"https:\/\/portal.hokuryu.info\/pt\/wp-json\/wp\/v2\/tags?post=65133"}],"curies":[{"name":"wp","href":"https:\/\/api.w.org\/{rel}","templated":true}]}}