{"id":634,"date":"2020-01-29T06:40:57","date_gmt":"2020-01-28T21:40:57","guid":{"rendered":"https:\/\/portal.hokuryu.info\/?p=634"},"modified":"2020-02-26T07:24:08","modified_gmt":"2020-02-25T22:24:08","slug":"post-634","status":"publish","type":"post","link":"https:\/\/portal.hokuryu.info\/pt\/634\/","title":{"rendered":"Yutaka Sano vence elei\u00e7\u00e3o sem oposi\u00e7\u00e3o para prefeito da cidade de Hokuryu e faz discurso de rua em apelo por desenvolvimento urbano que &quot;compartilhe alegria&quot;."},"content":{"rendered":"<p>Quarta-feira, 29 de janeiro de 2020<\/p>\n<p>Na ter\u00e7a-feira, 28 de janeiro, \u00e0s 9h, sob um c\u00e9u azul claro e com uma temperatura m\u00ednima de -21\u00b0C, foram anunciadas as elei\u00e7\u00f5es de Hokuriku, e em frente \u00e0 Prefeitura de Hokuriku, o Sr. Yutaka Sano, que havia conclu\u00eddo seu cadastro eleitoral, fez um discurso de rua, com muitos moradores da cidade reunidos.<\/p>\n<h2>Discurso de rua<\/h2>\n<h3>Sauda\u00e7\u00f5es do Chefe da Sede de Estrat\u00e9gia Eleitoral, Hitoshi Takebayashi.<\/h3>\n<figure class=\"wp-caption aligncenter\"><a href=\"https:\/\/photos.google.com\/share\/AF1QipPDoAm6ipceQrKfymxWQQQAyO2jpqD389rz22x0_uUMGyQpxHXHQFmSlcn9KUwqJw\/photo\/AF1QipNpwpsXPAhon6zMUzKxFvZm8LPQTNLjlwMYsNw?key=QURtY1dlMjBRWFZnS1NuV2FkRUpYSzVoT0ZmQzJn\" target=\"_blank\" rel=\"noopener noreferrer\"><img decoding=\"async\" src=\"https:\/\/lh3.googleusercontent.com\/16d_B_qiTOz0qPTN6qqvNEqJbrX9eD3cYTTZidx6bWi2sPR5aOtW6B58dwSp0FlEJR_NseMPPAd4pnYdc3cpf4EOkznlNEPNAgInkvaR1RJpzcF8-FHyBcyABR9nAedjy5rEOdpkP4XVa1iPU40Ak85zvPmZBzrHxm8OaFuI27KHINxao7aitGujJmm1vLXVsmSFz1SrD9D8P9Ul4v9VvpId5AwNFW2Ww7FB5s11OCNe9GYnLzuDaVj7w5_nh57Sa7khaEsoy6Z4NU4H0XHMAK7tm_h6wvvo1vVPPZ_Rs2E3xug9KUZ1R100AfIbXYYIAuglw5l7cUBr6AlA_cCVVjU0RzwGfhydiiXa97JdMWifeC1992Afmgau77a_xyaGdv7x43jhIQfymXmvjJFTx7vBmC8PpagpzOdPZ_fPR2HA-wnpqVNgjFtafJCRrPmC55Q_WM27ZK0fsy4X7BbwayVwPUbufg0SUV6nbfLXOjHHgG03SoY5B-m2UarNNPlAS1SUDkA8wJt74we7nhvJfU71L5u0A9FwLkRa5Lh5uaN7m80i6ujgfFH9oRxdNxWmCMNU_Jbw1mSGMld6cOeHoNU9aMY1yTMAsSoktGh8PfiHkWIsSVro0bqRQuGF1-QXE59FOzoJZheLIVsJ2yxkilpdEiQXHLSXqWXR7_Y-JwS_ssmkIv0SIZOF9b-S6En6MvtW1_l70RBxuNnhbvtpuSEH8ZUkAn0FzVeAZXehlewfEzc=w1942-h1294-no\" width=\"1942\" height=\"1294\" alt=\"Sauda\u00e7\u00f5es do Chefe Hitoshi Takebayashi, da Sede de Estrat\u00e9gia Eleitoral.\" class=\"size-medium\" \/><\/a><figcaption class=\"wp-caption-text\">Sauda\u00e7\u00f5es do Chefe da Sede de Estrat\u00e9gia Eleitoral, Hitoshi Takebayashi.<\/figcaption><\/figure>\n<h3>Moderador: Sr. Satoshi Ono, Sede de Estrat\u00e9gia Eleitoral<\/h3>\n<figure class=\"wp-caption aligncenter\"><a href=\"https:\/\/photos.google.com\/share\/AF1QipPDoAm6ipceQrKfymxWQQQAyO2jpqD389rz22x0_uUMGyQpxHXHQFmSlcn9KUwqJw\/photo\/AF1QipMMjWikThvtUzPM2QeiK4dgnpBN_44oFsGxDtQ?key=QURtY1dlMjBRWFZnS1NuV2FkRUpYSzVoT0ZmQzJn\" target=\"_blank\" rel=\"noopener noreferrer\"><img decoding=\"async\" src=\"https:\/\/lh3.googleusercontent.com\/sKPUy9JtJpDpikfX_kCmq8VA5IoKqc6ovBZ5oorLbqM3GleAn5sQ7w8BtuWPT4Iqe8-PsEY4zBQDZ4HtEUjb1TsQtcZIa0ytSYgvmp6CMc4DDmu-SPGh0fdcLGP8lhHxczgJumBPBgQZik0s2B45aFwauoY4n53PeQoidV6T0IrgGq2z7X7-Nsi8200kNmKtmqIFHYyi1Wt3Uwu2e1VEQOMwcReZtY8Wk9VWjC7YwanXDRMybIf-D5gQzQpxitBtdcjbJ-j-8xGY8A5w4BWXmpAxIa8hYKWrToHMDubsqy_DcclQstIFo09OUjZrmkPXvXTAHyba_l4RNgjqswK4gsj_IjHC_2n0H0UEoGn-qG2ZS1UD31dazfE3odajbOH3aIsMI5SCrGERUh3_xmXRhThAdVH9iEFJCu8SC1zepdzgv6vRbMQ3rAwYAdGPJr922XhcBIZVPyrpEp7kyVr5R7HqqF70E8Sf77MD-miQ19pktug8uJOvfsZyzm2kMRsfCjtIGBu7GXLTlP1k79A1Cnu1GVBwIA8JhQiC_didkw8-_BY65-9Cz7Q2VdeTrBg6I2tCaoz1k7sqpz170_m4FY5MPYFIz5oGbIvuoQnotYGt0OC1_319vfrME0Av7H-vHD-X59L7KMxz63w4dnOL_FW60yDVZX7awk6_K8hpSjwOkxg2zkXWhAh3aa95O-VecRTvNgwTqGlju3nraGVICb3KfaWFZvqkzZ7xXD4buaRQmns=w1354-h903-no\" width=\"1942\" height=\"1294\" alt=\"Sede da Estrat\u00e9gia Eleitoral, Sr. Satoshi Ono\" class=\"size-medium\" \/><\/a><figcaption class=\"wp-caption-text\">Sede da Estrat\u00e9gia Eleitoral, Sr. Satoshi Ono<\/figcaption><\/figure>\n<h3>Discurso do convidado: Masahito Fujii, membro e vice-presidente do Conselho Municipal de Hokuryu.<\/h3>\n<figure class=\"wp-caption aligncenter\"><a href=\"https:\/\/photos.google.com\/share\/AF1QipPDoAm6ipceQrKfymxWQQQAyO2jpqD389rz22x0_uUMGyQpxHXHQFmSlcn9KUwqJw\/photo\/AF1QipO4jplq3yP1K-dJ7O7K7CFrl_fnD-9tB945hIk?key=QURtY1dlMjBRWFZnS1NuV2FkRUpYSzVoT0ZmQzJn\" target=\"_blank\" rel=\"noopener noreferrer\"><img decoding=\"async\" src=\"https:\/\/lh3.googleusercontent.com\/HPpIgeweeMpG150v4HQdku0qbu7UfXfqA1Qs_UD0M9W-QVTT5NAKwOdONEgR5j_VWJCe_gKS3cJ3qpJV0wfimmYnUDDxU531xrbnXzKU0B8sePM0sv0qSQ2EC37xywsrkfm46JUsPvrlRteVb9L6gWXVWl5VBF6irULAky29Tt44_-H1wWWQkcqgpTCbPfL9Ut4DlKx0T3Pn87-9hxPkyekkLHdz9_Z_hGf5PR3-ZxLqgRLe5fFLZnqTcf5FREV8VMeeE2cqGIbsfNBtekmerdUclqkFxtiM76odqpbQLDPkVswij66_Q0-vSSYrjd0LPQkw6J5qQnglAanN4Jmu6z2uOG6N9JKf170PG9swHmAdUopwplVnEPpVv222WEI85PvT7G21tH6-B139L-4zA0X_Ygw-S6ixETQeqKZlVlrbA5XLXWM2vO1g3c7fXv7poH1ywVg1vjw6qTYKVfGFRe8yoTEbFB0AaduS4TsGd96ndeBm94mXmkNIV0suTP-EdziXdxLUuZWs55PyPaiXBZnPXw3dBKa3SwjOkqn7XIq2SEpv23L5beCdFPSrd8eIiIE_nmUkfsSqDRN2r6vaED9fFXGt-H_TpoZnDl_vzYJ9sZByJuWvcZO5d7XfKgb05CGhr3fIOrw9I9LIXg6RBUtcw2_jOvj6AoAAkWeKwa5LgR3Si4BHr2zcdiUYclM0sfcsn9g7gQ7PsKaPEbJ5rCFY6lkoKzsXeT6Fz3mYzcG_YTY=w1942-h1294-no\" width=\"1942\" height=\"1294\" alt=\"Sauda\u00e7\u00f5es do membro do Conselho Municipal de Hokuryu e vice-presidente, Masahito Fujii.\" class=\"size-medium\" \/><\/a><figcaption class=\"wp-caption-text\">Sauda\u00e7\u00f5es do membro do Conselho Municipal de Hokuryu e vice-presidente, Masahito Fujii.<\/figcaption><\/figure>\n<h3>Pessoas ouvindo atentamente<\/h3>\n<figure class=\"wp-caption aligncenter\"><a href=\"https:\/\/photos.google.com\/share\/AF1QipPDoAm6ipceQrKfymxWQQQAyO2jpqD389rz22x0_uUMGyQpxHXHQFmSlcn9KUwqJw\/photo\/AF1QipPelWEKimcFVViUQ79DwWs-69eRN37CYwNnwDw?key=QURtY1dlMjBRWFZnS1NuV2FkRUpYSzVoT0ZmQzJn\" target=\"_blank\" rel=\"noopener noreferrer\"><img decoding=\"async\" src=\"https:\/\/lh3.googleusercontent.com\/yQqKY-c9b0Ti8iBEyWL5KpvGMTilxsGbEFt1QphgyqQlvzGkh-skkjNWYGOfbRDuMcSOGWNJ6mfqE8kM_eGxcVZTq5NbMkKAOM1JpXaRLHFrkcyq3IyoJd1lLY8Lo-HTiZ2NXpH7qEmCX4Z8xFMSLhUuXcQhryGvtPRiAQW34lAVhvoJwuU_E3QqG0MmuJq5PjlP3k0HxqkkqK5vsjHrdDSpezJz6EwTaHXf9IGDCel_ycEtGw3_zERtzp43uu8_42_UQBd217rlhyH7GcDYmaLelNG7fqRKyLTdGTVQyY5c0mzsxMjND91QzhbCxMg2PYeJJ-mvzPkAa_k_z7v4QkeNAA2GrDJL255jjTgbkvAdPza7t3rdXaGtsiianSgH28Zt2h3aJdCXvv-qdqnXpFenVR6s487OLfOFDphp5MGtRzy4XSGV6kx6ICJi7ml-cDNTgkFK-ijpqyO5UvLswFBeG3AShpijnfL7otT6WV_fj7bahYccwm-B8aKqZh_z0dQI2tSBvo5U_f3-nBCX5otDOc_onGahiVSZFBNULfehMYsDFvLP_8oB_7efrdt66m9-VK-eMa_GcHH39LkpmHRER4tPQOywkO8I-chZn1VgiSuuthjngjqhePG9OpPW2dhvzFPFCft67hVOVSnKj3q8QwkZSib5yYz5AjMxPVQgCXWkrwyHTtaz1Rrzvm14a47iM4Tikd2Vh3SBxXSAPGh6WCv-hlKA6YQzW3MH9RcDmm0=w1942-h1294-no\" width=\"1942\" height=\"1294\" alt=\"Pessoas reunidas em frente ao pr\u00e9dio do governo.\" class=\"size-medium\" \/><\/a><figcaption class=\"wp-caption-text\">Pessoas reunidas em frente ao pr\u00e9dio do governo.<\/figcaption><\/figure>\n<figure class=\"wp-caption aligncenter\"><a href=\"https:\/\/photos.google.com\/share\/AF1QipPDoAm6ipceQrKfymxWQQQAyO2jpqD389rz22x0_uUMGyQpxHXHQFmSlcn9KUwqJw\/photo\/AF1QipPVNBO3BFxgRnAGkQzRJ2SGQ4e2qEWssD53aTc?key=QURtY1dlMjBRWFZnS1NuV2FkRUpYSzVoT0ZmQzJn\" target=\"_blank\" rel=\"noopener noreferrer\"><img decoding=\"async\" src=\"https:\/\/lh3.googleusercontent.com\/QAfLiu1AQIMBX_Lq2fy1fILBFblnQ-aayaDgtcT_tDZtf0BvRfz-0421CLudwUVHcM0G-E37iUnRx1TCq20IohB-bsivkhj3YJQC8jYmop3kO7ZLU2iOmSQffAZqmKZS5fZNS50QZNecsJAJI8vw94eYIV3Uwd0LtGnAEY5hSjTZUEDAX2ntF0HGONy2KCutwVgaOMHYw9cmqhLS7sEW-lEAYhBBJ6urGZngnoxEmXWinwJJ0EqSUKm0xluxqeZGRf2vud5gOy0kLnG2jWQyWFe5acMO4N3GlOW7mJXn-Zn6g3hlp49dhZz2KYNn7OdzOgKlpIMR_Dvl4qDhWrwmmCcn6Ett_c3AuCGJRmaRdyqi2O_6wWB5ieHW82JmnmdCjr4_xxIJlzFAm2crVQknihiI3n3MPirJWZQwp-WXKnnVFcwyAV1K_Km3p9WQ3dJZDDM3uHjsXTAwUluuLmnZv6E7QrnIQyQqo9qfW9VjaTIlpKNz4U51cfDyN-t7IKWBovNdcu9IJwAO9NIK_X97UYt2h6rN6eop0yVw-0LP0lVtqYoh97BDvTF0UNEbXloMCQ0aPfKeX7QYQD0raSSihwI-IzDYLBD4to7ceDnnANQnrPgtSZSwymdyb4vv1Z7RgpjU7-m3WZHPuHbe_0mfND__OGz-cunHPlcZFDN97nZM8cbjAtSi2AWrC1lhxe7MRqjeJRrH2PUBbj6GQfRz-ELX_zOj0lNt1OhWPEijNSyXeBI=w1942-h1294-no\" width=\"1942\" height=\"1294\" alt=\"As pessoas escutavam atentamente no ar extremamente frio.\" class=\"size-medium\" \/><\/a><figcaption class=\"wp-caption-text\">As pessoas escutavam atentamente no ar extremamente frio.<\/figcaption><\/figure>\n<h2>Primeiro discurso de rua de Yutaka Sano<\/h2>\n<figure class=\"wp-caption aligncenter\"><a href=\"https:\/\/photos.google.com\/share\/AF1QipPDoAm6ipceQrKfymxWQQQAyO2jpqD389rz22x0_uUMGyQpxHXHQFmSlcn9KUwqJw\/photo\/AF1QipNJH8mM3xkjOF5CnNOjyLgvVibd-A4_N4g2_hA?key=QURtY1dlMjBRWFZnS1NuV2FkRUpYSzVoT0ZmQzJn\" target=\"_blank\" rel=\"noopener noreferrer\"><img decoding=\"async\" src=\"https:\/\/lh3.googleusercontent.com\/4xW4INBmeDLYLWC2VgqNom6gBAKTl4On6z2-5VGxzmUIi4hnLDx_wfoI1tx1CV5ZM2qTMF--2gcJGrWw0XkUFwwAOJGVYfN7DIcStHgBK9SzOT1zTAFMY5CL0DeqYZBl5euAh_UApJZHFd7AdnZCEdTHwVNCbDdVEGVauN6MV_vfBtHwDrz2RskXxcZpz-1K7pJM313l4TpeVuquYFG9glElnPgYYmziG5QAppnSPBXf1Zl-x7D0XOibnUaW0bdkgQFe1h6bfG67abY5Vb-xIJ-rde2BCLW74in1V-IYwgNaHzNK9bNw4MaJ3f7ed_hTQWdJEyx_mOpaTFPOGUJfwFxzmDNemx1KR1QkF3O-2baJSmuHNnTFVmNwYdMYbqRR5XulWTxro8FZ1yC5AULPtWv-b8fVtAqMHj3DWpK3_8A0s5bwpbYvLQwJcl5fjZ8vZwOX7MrJfsM6Kw9McVrLLPY55oF6RvodXXOLHxvW6V9Je9CIPGSvb5DOEKxSFVbxzlabksTrD3RmLveMolaYMKQFbsngk9iDgXnPkBe-e6liapONJSSbjwBD7H1UzIm76tZjVHroD8oAjtuSBaIgELeeoQpduL7rxWNmAVjn61_PndU22uObC7_1SYLHtLLCcCBYqcXO_g0uPJDrgNSwsv64tU0PiL7QWWWmQFD7nuVHqBn_VxURbN5lsc6D-VJEpW9T9lyz-4A04wAPnWMBRsvB_2sqA8UHaYCFIYSCqVXUdHs=w1942-h1294-no\" width=\"1942\" height=\"1294\" alt=\"O Sr. Yutaka Sano fala com paix\u00e3o.\" class=\"size-medium\" \/><\/a><figcaption class=\"wp-caption-text\">O Sr. Yutaka Sano fala com paix\u00e3o.<\/figcaption><\/figure>\n<p>&quot;Este \u00e9 o dia mais frio do ano. Apesar do frio intenso e das suas agendas lotadas, muitos de voc\u00eas se reuniram aqui hoje. Gostaria de expressar minha sincera gratid\u00e3o. As elei\u00e7\u00f5es para prefeito da cidade de Hokuryu foram finalmente anunciadas. J\u00e1 me candidatei a prefeito tr\u00eas vezes, sempre rezando pela seguran\u00e7a e felicidade de todos os moradores. Gostaria de pedir o seu apoio.&quot;<\/p>\n<h4>Criar uma cidade onde todos os moradores possam &quot;compartilhar a alegria&quot;<\/h4>\n<p>Hoje, enquanto a sociedade passa por grandes transforma\u00e7\u00f5es, enfrentamos um momento hist\u00f3rico crucial em todas as \u00e1reas, incluindo quest\u00f5es ambientais globais e desastres naturais que causam enormes preju\u00edzos. Gostaria de promover o desenvolvimento da cidade de Hokuryu, onde todos os moradores possam &quot;compartilhar da alegria&quot; priorizando o meio ambiente, a alimenta\u00e7\u00e3o e a sa\u00fade, aproveitando ao m\u00e1ximo as atra\u00e7\u00f5es da cidade e oferecendo produtos agr\u00edcolas seguros e confi\u00e1veis, com foco no girassol, al\u00e9m do complexo tur\u00edstico das Termas de Hokuryu.<\/p>\n<figure class=\"wp-caption aligncenter\"><a href=\"https:\/\/photos.google.com\/share\/AF1QipPDoAm6ipceQrKfymxWQQQAyO2jpqD389rz22x0_uUMGyQpxHXHQFmSlcn9KUwqJw\/photo\/AF1QipNvu_WHcnzUmU8_wP68Qia0IxSIKjHCmE4zP3M?key=QURtY1dlMjBRWFZnS1NuV2FkRUpYSzVoT0ZmQzJn\" target=\"_blank\" rel=\"noopener noreferrer\"><img decoding=\"async\" src=\"https:\/\/lh3.googleusercontent.com\/6R4_zEY_KldVT_Z2Cwwmrg1ee2GbfajyUvoyHGiqzfEMQXu0JWSupB2okcngS78Fc5-wwiRJ6oSjGSrGak4vF1ZIdOWcsFKzrGMvJNY4C3iofPB7WxVvlDB-rqKtXqNZV2SQw03EATiojlK-_aLhHNCP42QSBmHb0ZxrHCuuss0oh1MISTCHhXh-5b7oLP2cduzfLh3u58P2NppJWZapFzod_BnWkELLjmorY0GXUAn9MfV2HAQOXx5nAC7NzZ_04frs-h1ZKVTb8Bu42hCP3rHIpMRD4QEhqbiH5X0jn-hBhts48syC5BWyAkzsTai8XnpuSgeApOeeA0mNZP2enp-HEzQvhbKvZP-XUliWIUGYOOisUxR0ef6H6Nnu_aSBl7UWZ7A7jdeNpxSE8SGLj7ZmUo2mYDfl1DxJZR3l-gY77jbetOc_xXHOJa9cz2DXDGFUeb229NIelEleef7UZqUTIpXraBAjUva-j_JpABsXqOWazmnGlBi64XyC1RB8V0IqujD-iYIXCtd4X3xGnORkW-RZZAteeRMQcOld24ncHtal5soOhAngRtPCl-j5lmuCsTFL6AszEghmuarxS1R2wNgnsGIoegfQGFQ8LcyUZ8fUDQtHPdOcMtL8hBvb8VXL1iGB4Hk7d4J0gfF9iJYlH-Gkh00S1bSH0gg54uk9wrDYuYjypX6MhRz6rj4lfvi9mHX9G8ZRTwcGwa3RIb147G4wN4hZPtxRnQdS2fViRWg=w1354-h903-no\" width=\"1942\" height=\"1294\" alt=\"Yutaka Sano e sua esposa Tomoko\" class=\"size-medium\" \/><\/a><figcaption class=\"wp-caption-text\">Yutaka Sano e sua esposa Tomoko<\/figcaption><\/figure>\n<h4>Promo\u00e7\u00e3o da agricultura na cidade de Hokuryu<\/h4>\n<p>A agricultura da cidade de Hokuryu, que produz produtos agr\u00edcolas seguros, tem atra\u00eddo a aten\u00e7\u00e3o de todo o pa\u00eds. Como voc\u00ea j\u00e1 deve saber, a Associa\u00e7\u00e3o de Produtores de Arroz de Girassol obteve a certifica\u00e7\u00e3o para seu Arroz de Girassol de acordo com o padr\u00e3o JAS para produtos agr\u00edcolas com divulga\u00e7\u00e3o de informa\u00e7\u00f5es de produ\u00e7\u00e3o. A cidade de Hokuryu \u00e9 a \u00fanica associa\u00e7\u00e3o de produtores do pa\u00eds a ter obtido essa certifica\u00e7\u00e3o.<\/p>\n<p>O arroz de girassol da cidade de Hokuryu \u00e9 o arroz mais seguro e confi\u00e1vel do Jap\u00e3o. Pessoas de regi\u00f5es produtoras de arroz com tradi\u00e7\u00e3o agr\u00edcola vieram inspecionar o produto. Ele foi muito elogiado por fornecer alimentos seguros aos consumidores e recebeu o Grande Pr\u00eamio da Agricultura do Jap\u00e3o. A produ\u00e7\u00e3o de arroz da cidade de Hokuryu agora \u00e9 a n\u00famero um no Jap\u00e3o.<\/p>\n<figure class=\"wp-caption aligncenter\"><a href=\"https:\/\/portal.hokuryu.info\/pt\/hokuryu-himawari-rice-pc.html\/\" target=\"_blank\" rel=\"noopener noreferrer\"><img decoding=\"async\" src=\"https:\/\/lh3.googleusercontent.com\/QTnibIq9YF8qHytjOVHvB_P3JaVSIF4w0ujfnjGSM_SjLBh2_BfeE7URMCFkEenms3FJxyshAOrSf8n0NtuwMUq4T_HyZQbWOAzBl_GgahtRQmUPUjtsYqShpKcqvqMXMp-h_4e8f13xJDwP1nx59GXjXfhv6bPWgxmbL3zee2dCFv46NeyEpQsswsK6Uf36aj37R38qA2AjuVpHZ1u5fjA9ZKm_ADFW2liFyOUB6QtQ0XFs5CVMkoJt9IGXlwP9auYx7uDk9zkvUzrkM6dMNLdXtprIGcPEaxoGl5LUuClH5UYX5oms9b0HwLqhgceCvGmx3c_No1diNBAJjAz8DueC_CmjJHoy-S4zbKz8nDASu84eQtS0SGxifUxanZMklF1z7ti4ULdNwRaPm3U5IGlkNSvU7eGZZ7kS_apHnRm_3k5rPHreu8KFysiISOwMTnaNbCTYRDlhk5OgJBzyEzEBcvz0ny0HSZ6t2R9H3j-EA937CisaIcEbutTkqqSYZrKj2u87J5tNB7n8FOzCyOQXvd-Vu8pxaRvzlwm2LcYElHTrQR7G6XNb2pGHKw9K75AwyuKdVJGqbGlMq5qpL4QEJMPXb9i_dkGkUYlbi77QaPXRHNV-OwM9_w5Dtc8OKEMSnoqMLCXgl6d1Uuq-UQbt46CJJn1PMZftCoGsqF5DOKEodT9FjnenqnxQf4AQoPNQy2It4sCDIeu22X4gg_usw_Ko03KsOybZJETEq5dRrwI=w974-h890-no\" width=\"1942\" height=\"1294\" alt=\"Associa\u00e7\u00e3o de Produtores de Arroz com Girassol\" class=\"size-medium\" style=\"border:solid 1px blue\"\/><figcaption class=\"wp-caption-text\">Associa\u00e7\u00e3o de Produtores de Arroz com Girassol<\/a><\/figcaption><\/figure>\n<h4>Apreciando os sentimentos por Hokuryu Town vindos de todo o pa\u00eds.<\/h4>\n<p>Al\u00e9m disso, no sistema de doa\u00e7\u00e3o de impostos locais, a cidade de Hokuryu recebeu mais de 300 milh\u00f5es de ienes em doa\u00e7\u00f5es por cinco anos consecutivos, de 2015 at\u00e9 este ano. Isso se deve ao fato de os produtos agr\u00edcolas seguros de Hokuryu, como arroz de girassol, mel\u00f5es de girassol, soja Kurosengoku e bolos de arroz, serem altamente valorizados em todo o pa\u00eds. A previs\u00e3o \u00e9 de que o valor final arrecadado com a doa\u00e7\u00e3o de impostos locais deste ano seja de 542 milh\u00f5es de ienes. Isso \u00e9 realmente gratificante.<\/p>\n<p>Guardaremos com carinho os sentimentos demonstrados em rela\u00e7\u00e3o \u00e0 cidade de Hokuryu por todo o pa\u00eds e utilizaremos essas doa\u00e7\u00f5es com sabedoria, pois representam um valioso recurso financeiro para o desenvolvimento futuro da cidade. Gostar\u00edamos de expressar nossa sincera gratid\u00e3o a todos os produtores que, por muitos anos, t\u00eam cultivado arroz seguro, confi\u00e1vel e de excelente qualidade. Continuaremos a promover a agricultura em Hokuryu com firmeza e vigor, apoiando a cria\u00e7\u00e3o de cooperativas agr\u00edcolas, incentivando o casamento de jovens herdeiros e acolhendo ativamente estagi\u00e1rios agr\u00edcolas.<\/p>\n<figure class=\"wp-caption aligncenter\"><a href=\"https:\/\/portal.hokuryu.info\/pt\/furusatotax.html\/\" target=\"_blank\" rel=\"noopener noreferrer\"><img decoding=\"async\" src=\"https:\/\/lh3.googleusercontent.com\/lxtNE5jZntBqzbzLH_uLsKfl0Oa1ZjoTN4l4r9rvHOyfJtwFF1et7Z-6jPCI5Lnl66eTiq62bDW3i7gWseDliuKPUz8FM8sK1lBflVzA9tr3QEZ3YzVSI6OwnVSMPRjjEEh-kMFgnAvdj7WARP5jiqfraBsSw0bj4nLOPmsRI63qF09DOXSfKPsVlOekIBl5lCyEpUxay-N0pdnXIXAMn7785xKmiIFmyJ_N_Xfbvu4DGDfzcPicYP1dTkGuMWXUIIi9lES24MWQuQ0Yx7EVmQxBFqoJjPplXrwCkRblQ-ti9AC-teVYWSlBUQmLN4d1i0TgxsPiLfKc-jw_P7Y-HnuMYg7kvEnhhLb5T-1t973iycEELV-AkxWuk6hFNiseWJSMk7lzGncugOs6IfknpfuM4Pa8y3M9AScE6nPHTjlUap0lp-MSe2BPDf3waedZeWwEZOB03YasfaaHqN2QmSSYM9uIvMF5isskp4CQqyOBZ42XvhtD5ghm2SFfcJ3BKAyrsRCg0VmmVMfbvDioYBpMSaOfGA0sJSS_qXq-H-XyIXz0mcD_3wsC6ae8gvF4yBcFh_rGMDDgyDRNu7VPcrj--1xUorKWKjHd2c-FNrjaG2rA=w489-h346-no\" width=\"1942\" height=\"1294\" alt=\"Agradecemos suas gentis mensagens e doa\u00e7\u00f5es para a cidade de Hokuryu!\" class=\"size-medium\" \/><figcaption class=\"wp-caption-text\">Agradecemos suas gentis mensagens e doa\u00e7\u00f5es para a cidade de Hokuryu!<\/a><\/figcaption><\/figure>\n<h4>Fazer da vila dos girass\u00f3is um local que os turistas possam visitar durante todo o ano.<\/h4>\n<p>O n\u00famero de turistas que visitam a Vila dos Girass\u00f3is aumenta a cada ano e, no ano passado, apesar do Festival dos Girass\u00f3is ter durado cinco dias a menos do que o habitual, a vila recebeu o segundo maior n\u00famero de turistas de sempre, 286.000, tornando-a muito animada.<\/p>\n<p>Gra\u00e7as ao uso sofisticado da internet para disseminar informa\u00e7\u00f5es e aos not\u00e1veis esfor\u00e7os do North Dragon, um her\u00f3i local fundado por jovens da cidade, o n\u00famero de turistas aumenta a cada ano. A Vila dos Girass\u00f3is \u00e9 agora conhecida como um dos lugares com vistas mais deslumbrantes n\u00e3o s\u00f3 do Jap\u00e3o, mas do mundo todo, e a paisagem que conquista o cora\u00e7\u00e3o de tantos visitantes \u00e9 resultado de anos de trabalho \u00e1rduo dos moradores. Estou verdadeiramente encantado.<\/p>\n<p>Trinta anos se passaram desde a constru\u00e7\u00e3o da Vila dos Girass\u00f3is. O mirante e o centro de visitantes se deterioraram significativamente. A Vila dos Girass\u00f3is \u00e9 um evento que dura um m\u00eas, do final de julho ao final de agosto. Ap\u00f3s cuidadosa reflex\u00e3o sobre o futuro da Vila dos Girass\u00f3is, gostar\u00edamos de pensar em como podemos realizar uma variedade de eventos que atraiam turistas durante todo o ano.<\/p>\n<figure class=\"wp-caption aligncenter\"><a href=\"https:\/\/portal.hokuryu.info\/pt\/111\/\" target=\"_blank\" rel=\"noopener noreferrer\"><img decoding=\"async\" src=\"https:\/\/lh3.googleusercontent.com\/R56NUF63HwSZhVRpoHYz3x0pANiaPuF66g9WmUlutYvCHQ-xw1xliEqoeRo5fr0P-3bS52GAdWb0zki2CblpEqp7mLm0-09e2mu9SOaIeFfjgXC7_NOFQ-l5ca6K3rIOC96dgPRtsHydB5HNNZasc38ENIrveiesJDtWGui9S7ymJlK-KW0uCKWSEf2PeoI3ZEQwkw0k5x-TE0Kf46HjKafBCc6W_MmA7WzUcN-ZUQNeIW4Xg28khNGculFPtKgVUePX69_HfUr6wxdS_ZKG7OrUElt4d2Dsxm-zjNHBodno9Uyics23bMuGhfbF8Mb0xGPBd2sU2YaW9twWdVVVMVdAq-FF2HYELLZvSu3uxA8IfwsNra-BYIc4GmPGA6I2a9mWrqCC-wLPI-4-P2ANoxLBkd1ENtASVkvvr3nBHXJn8Mch-CuEHfZLB1ux0z1J_jgvh31hBKLimrqdh9C-vC-SehIpNE0tbLj1rgbT2MUHwwmdBh6oIhkGsE1LZiJ0AS1BS-v1V-3Mu8ZWPNXF2wk9KKLM-4qi8UcwsEN3LzNOycMBMV64OUodwzsfWzruREfLJOy8dkNQn3Y_LSRfiFwFqDbGRZtj_Hnbad0tFjQZ8Kg0lCj3ViuB3aJeoZIeyvU68y3K6d3Q8XrrNxNjYRi0i2pl2c1grjTx8Zp-5S81qYC-h87yjvVRcMf5gOUcTIMyfnqzn0kOexMoIAmS529HSVdOen5Hjbc4r2W42NpY9pk=w1239-h842-no\" width=\"1942\" height=\"1294\" alt=\"4\u00ba Comit\u00ea de Desenvolvimento do Plano B\u00e1sico Himawari no Sato\" class=\"size-medium\" \/><figcaption class=\"wp-caption-text\">4\u00ba Comit\u00ea de Desenvolvimento do Plano B\u00e1sico Himawari no Sato<\/a><\/figcaption><\/figure>\n<h4>As crian\u00e7as s\u00e3o o tesouro da cidade, por isso apoiamos as crian\u00e7as trabalhadoras.<\/h4>\n<p>As crian\u00e7as s\u00e3o o tesouro da nossa cidade e a base que sustentar\u00e1 o nosso futuro. Nosso objetivo \u00e9 oferecer o melhor suporte \u00e0 cria\u00e7\u00e3o de filhos no Jap\u00e3o, para que todos os pais possam criar seus filhos com tranquilidade.<\/p>\n<p>De acordo com os resultados de um teste nacional de desempenho acad\u00eamico realizado no ano passado, as notas m\u00e9dias dos alunos do sexto ano da Escola Prim\u00e1ria Shinryu em aritm\u00e9tica e dos alunos do terceiro ano da Escola Secund\u00e1ria Hokuryu em japon\u00eas e matem\u00e1tica foram as mais altas do pa\u00eds. Embora as notas m\u00e9dias em Hokkaido e Sorachi tenham ficado abaixo da m\u00e9dia nacional, as crian\u00e7as da cidade de Hokuryu alcan\u00e7aram resultados verdadeiramente excepcionais. Apoiaremos essas crian\u00e7as dedicadas, ensinaremos a elas a import\u00e2ncia de ter sonhos para o futuro e mostraremos como realizar esses sonhos, formando assim crian\u00e7as socialmente adaptadas.<\/p>\n<figure class=\"wp-caption aligncenter\"><a href=\"https:\/\/portal.hokuryu.info\/pt\/topics\/culture\/20191227-1.html\/\" target=\"_blank\" rel=\"noopener noreferrer\"><img decoding=\"async\" src=\"https:\/\/lh3.googleusercontent.com\/YF6zJ6K17sN21e8yub-KwVx6hS_KN0tcjB8xLhMETqWcMMVM9rxbstzHWUzMepBb54FYpfAKwC0JsA3osadSFmfEmy3zJVCQV5VInuDY3f6QHumHFYxc8OyIxhWNCCnRb4mpLW_4qYIABwEHTauAuI8jzyva12Z7K5q4-HkTsEazzSCAOJw0HT1m2bSY7d7NQRWVZ_DMzX2hq5D43QnJ-x9Z32bJud111Kw2dx0ZE9KuepWX8OJFSpjeT2L_TJGJsr56T1AF81Wf2SStk8S7I7QXQwy2WrOim-uPUiuDHLwkr3_hv1RZDF9-qEiFLn-5pVgaA0XAoUgPVMovKp05RGrQYCKkkL3NZXHUcWmkvGTgfKAQXbk1X2xQccLk5fUrfrwU7KqLyl6xcUpWbhDxrQQMd3o1yHig16SCRaQ97p77PkQGRFwmGD3oecO8HxrufBJzWQCpD6m2zizi0JwIwuhQrJGp2ZZTGlMhq1vJq6SZvcPlO_mquJKMLBIbONcZWXu1UNo9CY-Mgc_ToZHLph3FTTwkTCyn1h7xK9wSOMfj9eSAFjqbFD_BgjQpn6AZzvu-_Z5AEIRxjiPE9_Uc1HL5X3xuytdd7Kc5RlC5e3P7JVdsNH1v0mMvOylAZLt0ry7rkvjJnxFd64Ti9ytUTsy0WeJxg3rHWe8rAjGzvG7kZuGxunL-OPG1rGlHf2BxLyiZuKTNdE_JTDrA9hPt2oOBhiJykGKo9pSK3yE9Zebbl_E=w1196-h897-no\" width=\"1942\" height=\"1294\" alt=\"Escola maternal Yawara da cidade de Hokuryu, projetada por Kengo Kuma\" class=\"size-medium\" \/><figcaption class=\"wp-caption-text\">Escola maternal Yawara da cidade de Hokuryu, projetada por Kengo Kuma<\/a><\/figcaption><\/figure>\n<h4>Dois projetos: prote\u00e7\u00e3o contra neve e funda\u00e7\u00e3o.<\/h4>\n<p>Finalmente, ap\u00f3s o t\u00e9rmino desta elei\u00e7\u00e3o, gostaria de lan\u00e7ar dois projetos. O primeiro \u00e9 criar um estilo de vida de inverno semelhante ao de uma regi\u00e3o setentrional, e estou considerando medidas para lidar com a neve. Os moradores da cidade t\u00eam muita dificuldade para limpar a neve, ent\u00e3o ainda estou pensando em como tornar o inverno mais confort\u00e1vel para eles, mas gostaria de desenvolver medidas para lidar com a neve.<\/p>\n<p>Outra prioridade \u00e9 garantir que todos tenham acesso a transporte. Isso significa aprimorar ainda mais o transporte p\u00fablico. Atualmente, contamos com t\u00e1xis compartilhados e \u00f4nibus escolares, mas recebemos feedbacks de que esses servi\u00e7os n\u00e3o s\u00e3o suficientes. Por isso, gostar\u00edamos de otimizar o transporte p\u00fablico local de uma forma que seja aceit\u00e1vel para todos.<\/p>\n<p>Tive conversas aprofundadas com a assembleia, a administra\u00e7\u00e3o e os moradores da cidade e, com a compreens\u00e3o deles, espero poder liderar o governo municipal no meu terceiro mandato. Ainda h\u00e1 muito que eu gostaria de dizer, mas como est\u00e1 muito frio, vou encerrar por aqui.<\/p>\n<h4>Vamos trabalhar arduamente para criar uma cidade onde os habitantes sejam felizes.<\/h4>\n<p>&quot;Implementaremos integralmente medidas para apoiar o bem-estar dos idosos e o com\u00e9rcio e a ind\u00fastria, por isso conto com a compreens\u00e3o de todos. Trabalharemos arduamente para criar uma cidade onde os moradores possam viver em paz e felicidade, e por isso pe\u00e7o a todos que ampliem o c\u00edrculo de apoio. Estas s\u00e3o minhas palavras iniciais. Muito obrigado a todos&quot;, disse Sano em tom firme.<\/p>\n<figure class=\"wp-caption aligncenter\"><a href=\"https:\/\/photos.google.com\/share\/AF1QipPDoAm6ipceQrKfymxWQQQAyO2jpqD389rz22x0_uUMGyQpxHXHQFmSlcn9KUwqJw\/photo\/AF1QipM7KqdjSay6ROiaymPmCz5hRqRXLKcFjkrIveg?key=QURtY1dlMjBRWFZnS1NuV2FkRUpYSzVoT0ZmQzJn\" target=\"_blank\" rel=\"noopener noreferrer\"><img decoding=\"async\" src=\"https:\/\/lh3.googleusercontent.com\/rteAo8b8mBcUflSUGP7VEF8o5yxzZqAGHOWimiWl9mbZZ5AcwlAwi0SJMROulzn_Fip03EvalkKl8BYoJuVp_tpxKpSYEB6bstiqmJwvkO6znRagMGZel9AGA2g070fF8-DcVX7-ywPAIhhbxnHmJgbA8LAwZZcRC8DQ6ODBOpvlTwwG7nN6bDYoqmYte-UUIudytQhZ5d2-0ECGMnM_yXo00DjMwvW0KfLFB8DsAi1JCCCCCWUmBPGfpUE0SKnTOu3jnR6XNp0rqxmlIc__2iigiPXdOd2OZJIAh_Iv1DVxSjsDiKsTou2U2UYFPXwtMzFhxlOMUaTECso4poOftUgVfGdLKrHrDpivtSgwBuf8UJgSx0RzyHKyM4fiIOMzccCTXXw3G-ckp2tg0lcMopvFDkHbBNIaZmM7v6A5XO3LfyTnKBMiIK1ZTAGLo2xKmwCjrDKfH98VxAcUif71hvyC_SCZGmNQstQEOkqUOoAL2IJc_wby7NelSTi2Y8Y2I26bWJOL4YZasIGFJXTNkeW4M_UneUaQ6Sx4tRJan0Xr_0QavN6ilriffsxq3yscTAkx-T509RxomDjvM7DTsO7QmWhKvC9gB5VgDzrX1RMsM6s4-DVsHXFb6DDtYGrNA29EL_zO4wiGVHSPI1H7PAKJ32kvgEepi6VQ3ghMmQIbtZPg5-CVyH6rG_SJtbo2gUhNo6sljSgY9si94iP_CzeIIrZv2lvZ_JKOcVNzo2hDgEs=w1942-h1294-no\" width=\"1942\" height=\"1294\" alt=\"Um discurso de rua impactante!\" class=\"size-medium\" \/><\/a><figcaption class=\"wp-caption-text\">Um discurso de rua impactante!<\/figcaption><\/figure>\n<h2>Todos gritam &quot;Gambaro!&quot;<\/h2>\n<p>Todos entoaram o grito de guerra &quot;Gambaro&quot;, &quot;Vamos dar o nosso melhor para ajudar Sano Yutaka a vencer!!!&quot;<\/p>\n<figure class=\"wp-caption aligncenter\"><a href=\"https:\/\/photos.google.com\/share\/AF1QipPDoAm6ipceQrKfymxWQQQAyO2jpqD389rz22x0_uUMGyQpxHXHQFmSlcn9KUwqJw\/photo\/AF1QipPLVUSso-DctBKIPbtY9QdvgZnfR10jR72H8us?key=QURtY1dlMjBRWFZnS1NuV2FkRUpYSzVoT0ZmQzJn\" target=\"_blank\" rel=\"noopener noreferrer\"><img decoding=\"async\" src=\"https:\/\/lh3.googleusercontent.com\/SdXmtRux5acHEyGX0XKuIogoNsAo068H05hjZfRviP5Sg2Z7OFBRVk9tvFVW7QUNZnpElM6Ulw2xfl-Hg-yO-0Em9V1irzYJxFlfH_9dCXK3hKGMZx0HtZN797QEKjjoHaz25YyBxQ1cvOy5K26oGEjb8jl28jTFYrYbVAA1gblQTRXxCtK40l_949hWgjCp4OHmjKRMbRKcWOCPFkw_optAQvmj4C9h4mhRLbpa2ScTtjGo2vUx41vJM8c3m8m3cFuIb0meyL7c94BxjsXrTEaNEOjFH0GIOlg3wBkPRoJWP0LH4-mO-9mcNMSU6xwnRhrRJXdinQ5VeFGiuShHCcCIMCpXeCLQ0MuFiT0XspcXL0hwkO_kt8Ka4jTOD9mLyv2C_gtqg89ws7nNQlodPYYxkH9BL4FbzcRwSxkf22EI8XpkBNk2YrYTcaLgUylNg1eumPLNSEQlSo589DwnD_v60bXO0SwTBF_ueB8kGn6g56jPyzwd1P_x6vWiEDhrgq0e0E_RN0bYnEnl5jLV6XV0IqeZxUnrAtPkek_O9nrVCSCeaEinI6r6sUhucz8-Jj4CAMGJvrrBsAZQmXJpxz_fP4YHdtcb9f4R-SkDIoeN75tOmJIHttkwDQO5qMF2a2zkgnBkK_yJwW1X9Q1LeHJt7BzpXp36jWEjh0U_B25drMUGdzZFopeRqmNG7dEXuZR9Vk97NmxzLTtu6RbkXRtTy7MxAk0TzqgD1F-xL6Ksxso=w1942-h1294-no\" width=\"1942\" height=\"1294\" alt=\"Vamos entoar juntos o c\u00e2ntico do Gambaro!\" class=\"size-medium\" \/><\/a><figcaption class=\"wp-caption-text\">Vamos entoar juntos o c\u00e2ntico do Gambaro!<\/figcaption><\/figure>\n<h2>Fazendo campanha na cidade de Hokuryu<\/h2>\n<p>Depois disso, estaremos circulando pela cidade em um ve\u00edculo de campanha at\u00e9 as 17h, fazendo discursos de rua.<\/p>\n<figure class=\"wp-caption aligncenter\"><a href=\"https:\/\/photos.google.com\/share\/AF1QipPDoAm6ipceQrKfymxWQQQAyO2jpqD389rz22x0_uUMGyQpxHXHQFmSlcn9KUwqJw\/photo\/AF1QipNrPj4wgSCXELHd8WxcYdnrQFT-LeMN6tN0pCE?key=QURtY1dlMjBRWFZnS1NuV2FkRUpYSzVoT0ZmQzJn\" target=\"_blank\" rel=\"noopener noreferrer\"><img decoding=\"async\" src=\"https:\/\/lh3.googleusercontent.com\/1hfR8LKC7Vz_CcrYy38dvdIF6oPKoVmRnCqAwv5eHt3onyyPLBt8i7aKcJIFO44aV-Z1DFfAL17GPOC9sCzQvQ2hvsfGWsxDsTON4huJLsDMrkHRKXEaLoUmjSrCKLXeLQlkUI766jXqtg793mTdMJvI_5WbUOW2t4Td2zgSprKfk2lpwNfOS39N_kzA4lw4_driwSA0Q5AG5G0xoClkJwXAcHdpgtRWXUM6FJ1JEUCrnpNLrsuFzOoxDv9S__lVMMm13tzZOw6H3Un647p6dqC2CSIVN8HH2LKPeG-11OdQz0aXl5MyVkzO8AGMkyCBQfQEEVwPs_ednPHgE2JVJKFvYF6_B0PO7s7VZd0Q06187lS_VJHRyAa5JXeOZ89WMMa69ZMRfcPgtP4t467-B_pyUt2pfi70SHCHfc4oHQXZRtHZOUCOwQ8GrmqFgYWfHrXigekvPMmHwLnkE9HKnC6bvaCCtv0oIVdFDub3m4sP9vL0KBYCdyHlqbJpcTiJbdDEVdNWk1_4HvT_AB0xqSO0MPAGk8j0ST_Xf-jjL9mN6XjMSwcqhBQW6kCmDVCbvaZGNqMJ_LOehh-qR3IYUJgkb5n6ybTx1NNmPoMshPU3e2d5S5BNyvf0MpkSvbkKTJf_El1U_aieUldWBbZ9rOsEgYpG-67DEDHRngqiFfpFINGzDgb-D65J3ycjkR92LIkKqE6Lvdgi7MZsEYy3TebIzdSTBwRFmn_Eg5S2YwH10kI=w1942-h1294-no\" width=\"1942\" height=\"1294\" alt=\"Partindo em um ve\u00edculo de campanha!\" class=\"size-medium\" \/><\/a><figcaption class=\"wp-caption-text\">Partindo em um ve\u00edculo de campanha!<\/figcaption><\/figure>\n<h2>Elei\u00e7\u00e3o sem oposi\u00e7\u00e3o: 17h, transmiss\u00e3o pela r\u00e1dio municipal de preven\u00e7\u00e3o de desastres.<\/h2>\n<p>Pouco depois das 17h, a r\u00e1dio municipal de preven\u00e7\u00e3o de desastres fez a seguinte transmiss\u00e3o:<br \/>\n&quot;O per\u00edodo de inscri\u00e7\u00e3o para a elei\u00e7\u00e3o de Hokuryu em 2 de fevereiro de 2020 encerrou \u00e0s 17h do dia 28 de janeiro. Consequentemente, houve apenas um candidato inscrito para a \u00fanica vaga dispon\u00edvel, e o seguinte candidato foi eleito sem vota\u00e7\u00e3o:<\/p>\n<p>&quot;O Sr. Yutaka Sano (68 anos), um membro independente e atual da C\u00e2mara dos Representantes, n\u00e3o votar\u00e1, portanto, no dia 2 de fevereiro&quot;, disse a transmiss\u00e3o.<\/p>\n<p>Yutaka Sano foi eleito sem oposi\u00e7\u00e3o. Parab\u00e9ns!!!<br \/>\nDesejo-lhe sucesso cont\u00ednuo em seu terceiro mandato como prefeito de Hokuryu.<\/p>\n<p>Com grande respeito, gratid\u00e3o e ora\u00e7\u00f5es pelo futuro brilhante da cidade de Hokuryu...<\/p>\n<figure class=\"wp-caption aligncenter\"><a href=\"https:\/\/photos.google.com\/share\/AF1QipPJHjgKuZ4mcIVhLcOqD8HjMVaWC6u9uwnS5zyc9gdMvbQM1IR8TST1xcrPUPZi6g\/photo\/AF1QipNmXU6KioYcs4uZe4kGasIo5VQt3dBcRDm1a-w?key=XzFBSzJaalFuWkFrNk55TVdjSU9QTTRYZW1adi13\" target=\"_blank\" rel=\"noopener noreferrer\"><img decoding=\"async\" src=\"https:\/\/lh3.googleusercontent.com\/_aZEA1rjYX9c1HBJnoQupCFSsAm-DWVgnZax3wJPjvw5eR1jF2OUBdwT7Z7e1bBM8u6bNpUDxCnbeGXewfeNcbqcMtYwToMSHp3t5CxOPlnEE5H4QHv3IGXseLOl0hD_Vg029GYMPw9j81UarmQfVKSDIL5seXKYcs-Utxm9zqoKPFij7tGJMEqvmVHJvedhm8raWr4d8FT_jw5ewZGayNYQPZ_HQvmT-aax1REs6F0DucCDPMkddKy7muqASNwpuqooEfYM6HCw0C3Ui-RUIZH0YUl71xQZLMfb03fL7GrfGrQGj4myZ7uM-wK5iwCNlHZE2v532HNoRUwK-teGh05TO2FD1nutdnoZfjDJ8p2g1ksmOWDFXWgCdC5-azV14-lxnpTJq55nNgn7nEQ9iLyS_KlcBVsqKhv6h3kvDayCKcB8bUODC7fRY_BCE8UFQ__1KqB1uzghpn8yH4cl57Jyq75gL4rvZRDWK-ZUcLMV9lp5sMQ5tj6MeTRXqwFAIfJ39sLsXjgbZWqv8zU8JRuuJLyxBLg1E78F_hI0-RHChY_K-nLBPVWCSDiLOkqmpEwhY5OhYPkMjzC75mUmCvEF7B3iAGSwxPJkdM-qrmyQmTam99PPVsM1_GX-MuxKJ7ZidPeGA-MMNm08owm8TRZoh6CnKqOW73P1UwmhEdchTJh7MkbtA9Z0tKtm7W8_1h71_BNVFSzy-hOzIzJFhrkQE4e8omfwcxvdaFDDCDincNw=w1942-h1294-no\" width=\"1942\" height=\"1294\" alt=\"Com gratid\u00e3o e ora\u00e7\u00f5es por um futuro brilhante para a cidade de Hokuryu...\" class=\"size-medium\" \/><\/a><figcaption class=\"wp-caption-text\">Com gratid\u00e3o e ora\u00e7\u00f5es por um futuro brilhante para a cidade de Hokuryu...<\/figcaption><\/figure>\n<h2>Outras fotos<\/h2>\n<p><font color=\"#ff9900\">\u25b6<\/font> <a href=\"https:\/\/photos.google.com\/share\/AF1QipPDoAm6ipceQrKfymxWQQQAyO2jpqD389rz22x0_uUMGyQpxHXHQFmSlcn9KUwqJw?key=QURtY1dlMjBRWFZnS1NuV2FkRUpYSzVoT0ZmQzJn\" target=\"_blank\" rel=\"noopenerr noopener noreferrer\">Fotos (42 fotos) do discurso de rua de Yutaka Sano na elei\u00e7\u00e3o para prefeito da cidade de Hokuryu &gt;&gt;<\/a><\/p>\n<h2>Artigos relacionados<\/h2>\n<p>\u30fb<a href=\"http:\/\/www.town.hokuryu.hokkaido.jp\/news\/news-detail.php?id=285\" rel=\"noopener noreferrer\" target=\"_blank\">An\u00fancio do calend\u00e1rio das elei\u00e7\u00f5es para prefeito da cidade de Hokuryu e sess\u00e3o informativa para os candidatos.<\/a>(7 de janeiro de 2020)<br \/>\n\u3000<\/p>\n<p>\u25c7 Fotografia e edi\u00e7\u00e3o: Noboru Terauchi Entrevista e texto: Ikuko Terauchi<\/p>","protected":false},"excerpt":{"rendered":"<p>\uff12\uff10\uff12\uff10\u5e74\uff11\u6708\uff12\uff19\u65e5\uff08\u6c34\uff09 \uff11\u6708\uff12\uff18\u65e5\uff08\u706b\uff09\u3001\u771f\u3063\u9752\u306a\u9752\u7a7a\u304c\u5e83\u304c\u308a\u3001\u6700\u4f4e\u6c17\u6e29\u304c\u6c37\u70b9\u4e0b\uff12\uff11\u2103\u3092\u793a\u3057\u305f\u53b3\u5bd2\u306e\u671d\uff19\u6642\u3001\u5317\u7adc\u9078\u6319\u544a\u77e5\u65e5\u3092\u8fce\u3048\u3001\u5317\u7adc\u753a\u5e81\u820e\u524d\u306b\u3066\u3001\u591a\u304f\u306e\u753a\u6c11\u304c\u99c6\u3051\u3064\u3051\u308b\u4e2d\u3001\u5c4a\u3051\u51fa\u3092\u6e08\u307e\u305b\u305f\u4f50\u91ce\u8c4a [&hellip;]<\/p>\n","protected":false},"author":1,"featured_media":651,"comment_status":"open","ping_status":"open","sticky":false,"template":"","format":"standard","meta":{"footnotes":""},"categories":[4,14],"tags":[],"class_list":["post-634","post","type-post","status-publish","format-standard","has-post-thumbnail","hentry","category-cover-story","category-hokuryu-town"],"_links":{"self":[{"href":"https:\/\/portal.hokuryu.info\/pt\/wp-json\/wp\/v2\/posts\/634","targetHints":{"allow":["GET"]}}],"collection":[{"href":"https:\/\/portal.hokuryu.info\/pt\/wp-json\/wp\/v2\/posts"}],"about":[{"href":"https:\/\/portal.hokuryu.info\/pt\/wp-json\/wp\/v2\/types\/post"}],"author":[{"embeddable":true,"href":"https:\/\/portal.hokuryu.info\/pt\/wp-json\/wp\/v2\/users\/1"}],"replies":[{"embeddable":true,"href":"https:\/\/portal.hokuryu.info\/pt\/wp-json\/wp\/v2\/comments?post=634"}],"version-history":[{"count":0,"href":"https:\/\/portal.hokuryu.info\/pt\/wp-json\/wp\/v2\/posts\/634\/revisions"}],"wp:featuredmedia":[{"embeddable":true,"href":"https:\/\/portal.hokuryu.info\/pt\/wp-json\/wp\/v2\/media\/651"}],"wp:attachment":[{"href":"https:\/\/portal.hokuryu.info\/pt\/wp-json\/wp\/v2\/media?parent=634"}],"wp:term":[{"taxonomy":"category","embeddable":true,"href":"https:\/\/portal.hokuryu.info\/pt\/wp-json\/wp\/v2\/categories?post=634"},{"taxonomy":"post_tag","embeddable":true,"href":"https:\/\/portal.hokuryu.info\/pt\/wp-json\/wp\/v2\/tags?post=634"}],"curies":[{"name":"wp","href":"https:\/\/api.w.org\/{rel}","templated":true}]}}