{"id":63175,"date":"2025-08-28T09:36:14","date_gmt":"2025-08-28T00:36:14","guid":{"rendered":"https:\/\/portal.hokuryu.info\/?p=63175"},"modified":"2025-09-04T16:05:40","modified_gmt":"2025-09-04T07:05:40","slug":"%e6%9c%aa%e6%9d%a5%e3%81%b8%e3%81%a4%e3%81%aa%e3%81%90%e5%9c%b0%e5%9f%9f%e3%81%ae%e5%a3%b0%ef%bc%9a%e7%be%8e%e8%91%89%e7%89%9b%e5%9c%b0%e5%8c%ba%e3%81%be%e3%81%a1%e3%81%a5%e3%81%8f%e3%82%8a%e6%87%87","status":"publish","type":"post","link":"https:\/\/portal.hokuryu.info\/pt\/63175\/","title":{"rendered":"Vozes locais conectadas ao futuro: Debatendo o futuro da agricultura, da educa\u00e7\u00e3o e da vida no F\u00f3rum de Planejamento Urbano do Distrito de Mibaushi."},"content":{"rendered":"<p>Quinta-feira, 28 de agosto de 2025<\/p>\n<div class=\"ep-box es-BpaperRight es-grid bgc-VPsky\">Na sexta-feira, 22 de agosto, foi realizada uma reuni\u00e3o de discuss\u00e3o sobre o desenvolvimento da cidade no Centro Comunit\u00e1rio de Mibaushi, com a presen\u00e7a de aproximadamente 20 moradores. Foram apresentadas explica\u00e7\u00f5es sobre as pol\u00edticas para o ano fiscal de 2025 e o programa Revitaliza\u00e7\u00e3o Regional 2.0, e os participantes trocaram opini\u00f5es ativamente sobre uma ampla gama de t\u00f3picos, incluindo agricultura, educa\u00e7\u00e3o e qualidade de vida. Os participantes discutiram, em particular, temas como o apoio \u00e0 agricultura inteligente, a implementa\u00e7\u00e3o de escolas de educa\u00e7\u00e3o especial, quest\u00f5es relacionadas ao estilo de vida no inverno e medidas para lidar com moradias inseguras, demonstrando a r\u00e1pida resposta do governo local.<\/div>\n<h2>Vozes locais conectadas ao futuro: F\u00f3rum de Desenvolvimento Comunit\u00e1rio do Distrito de Mibaushi<\/h2>\n<p>Uma reuni\u00e3o para discutir o desenvolvimento da cidade foi realizada no Centro Comunit\u00e1rio de Mibaushi na sexta-feira, 22 de agosto, a partir das 13h30. Aproximadamente 20 moradores da cidade compareceram e trocaram opini\u00f5es ativamente.<\/p>\n<p>Durante a sess\u00e3o de perguntas e respostas, foram dadas explica\u00e7\u00f5es sobre mudan\u00e7as nas pol\u00edticas e sistemas do governo local, como a execu\u00e7\u00e3o or\u00e7ament\u00e1ria e a reforma organizacional para o ano fiscal de 2025, e a expans\u00e3o do or\u00e7amento para a Revitaliza\u00e7\u00e3o Regional 2.0. Tamb\u00e9m foram apresentados relat\u00f3rios sobre o sucesso do Festival do Girassol, novas iniciativas relativas \u00e0s taxas de estacionamento e experimentos com o uso de IA para mensurar o n\u00famero de visitantes.<\/p>\n<figure class=\"wp-caption aligncenter\"><a href=\"https:\/\/photos.google.com\/share\/AF1QipMhgdqwqJP_CQQWC-MX8NzJHt-rUOCIb6bmYyXxF-Y7IeTGRKhpB_24NEFsC2-R4g\/photo\/AF1QipPIv_Ayens4d1xcCcH5Cs5HZ1s5TVlFYU-XJc0?key=YWtadlNnX0NaX0paMThNV1huRjBWcGR1NjU2dW5B\" target=\"_blank\"><img decoding=\"async\" src=\"https:\/\/lh3.googleusercontent.com\/pw\/AP1GczPPwWqgecdjSv3DrOHqY1FMhd5c3NGHB8hWVzEUvJzNpNhiPYopoKnPqrtJl7RHd3mMc8aMwh2LpIBufj0Y8a__wnX76JgHTrJaWqDWUvHgkpSz0a1OoUaN3e12kBBPAvVu9jXAPlVQKLQskGrr3DDw=w2000-h1125-s-no-gm?authuser=0\" width=\"2000\" height=\"1125\" alt=\"F\u00f3rum de Planejamento Urbano de Hekisui\" class=\"size-full\" \/><\/a><figcaption class=\"wp-caption-text\">F\u00f3rum de Planejamento Urbano de Hekisui<\/figcaption><\/figure>\n<h3>Moderador: Vice-prefeito Masaaki Okuda<\/h3>\n<figure class=\"wp-caption aligncenter\"><a href=\"https:\/\/photos.google.com\/share\/AF1QipMhgdqwqJP_CQQWC-MX8NzJHt-rUOCIb6bmYyXxF-Y7IeTGRKhpB_24NEFsC2-R4g\/photo\/AF1QipN_-Ns7P9-nW_k_-vOUqNu8C_GMpB3_9av97tU?key=YWtadlNnX0NaX0paMThNV1huRjBWcGR1NjU2dW5B\" target=\"_blank\"><img decoding=\"async\" src=\"https:\/\/lh3.googleusercontent.com\/pw\/AP1GczOFpGaoytsP3s6fHN3viDWyDHu3vxTqlNohSl8yQ0u6WQIGLJz-GYLhdqKYrOZp4gO3CFvuMjepNPfa-BTRPz_PuqK2PEHATU2GeTrjiO08x4_m-6Prjsz_Ruxibs28uXcL2VhdRCihSi13IKZdVuhO=w2000-h1125-s-no-gm?authuser=0\" width=\"2000\" height=\"1125\" alt=\"Moderador: Vice-prefeito Masaaki Okuda\" class=\"size-full\" \/><\/a><figcaption class=\"wp-caption-text\">Moderador: Vice-prefeito Masaaki Okuda<\/figcaption><\/figure>\n<h2>Sauda\u00e7\u00f5es do prefeito Yasuhiro Sasaki<\/h2>\n<figure class=\"wp-caption aligncenter\"><a href=\"https:\/\/photos.google.com\/share\/AF1QipMhgdqwqJP_CQQWC-MX8NzJHt-rUOCIb6bmYyXxF-Y7IeTGRKhpB_24NEFsC2-R4g\/photo\/AF1QipPBVco07YF_oqONkdpo_3nPXtYFXqne5KpTDrY?key=YWtadlNnX0NaX0paMThNV1huRjBWcGR1NjU2dW5B\" target=\"_blank\"><img decoding=\"async\" src=\"https:\/\/lh3.googleusercontent.com\/pw\/AP1GczO3_fVjfnauV3DKjW-D9ZSzNZY6pV_23YbeO_Nor2H_nNVddfA0pvasKSG-FBpDqacKOaI-hhdEUPxBKi5GKCQIt7TGiDvZMveTDcZM5HzhBMtT3_Vr6USLYaw5swXr9hUJqm2gPSk2ukA8D2exQ-sY=w2000-h1125-s-no-gm?authuser=0\" width=\"2000\" height=\"1125\" alt=\"Sauda\u00e7\u00f5es do prefeito Yasuhiro Sasaki\" class=\"size-full\" \/><\/a><figcaption class=\"wp-caption-text\">Sauda\u00e7\u00f5es do prefeito Yasuhiro Sasaki<\/figcaption><\/figure>\n<p>&quot;Obrigado por dedicarem um tempo para estarem conosco, apesar de suas agendas lotadas. Eu n\u00e3o esperava que o trabalho na fazenda come\u00e7asse t\u00e3o cedo, mas agrade\u00e7o a presen\u00e7a de voc\u00eas, mesmo com a correria do dia a dia. Hoje, gostaria de falar sobre as pol\u00edticas da cidade.&quot;<\/p>\n<p>Sou verdadeiramente grato aos moradores do distrito de Mibaushi pela manuten\u00e7\u00e3o e conserva\u00e7\u00e3o meticulosas, mesmo em \u00e1reas que a prefeitura n\u00e3o consegue atender. Em particular, visitei toda a cidade para verificar o estado das cercas el\u00e9tricas usadas para proteger contra p\u00e1ssaros e animais, e elas estavam perfeitas no distrito de Mibaushi. S\u00e3o muito bem conservadas.<\/p>\n<p>Eles t\u00eam feito um bom trabalho em muitas \u00e1reas, ent\u00e3o acho que ser\u00e3o capazes de apresentar uma carta de solicita\u00e7\u00e3o s\u00f3lida. Uma das solicita\u00e7\u00f5es era a instala\u00e7\u00e3o de ar condicionado no centro comunit\u00e1rio, ent\u00e3o me sinto aliviado.<\/p>\n<p>A maior parte da minha explica\u00e7\u00e3o hoje ser\u00e1 sobre as Subven\u00e7\u00f5es para a Promo\u00e7\u00e3o da Revitaliza\u00e7\u00e3o Regional. Ap\u00f3s os 10 anos de trabalho \u00e1rduo da gera\u00e7\u00e3o atual, os pr\u00f3ximos 10 anos ver\u00e3o a segunda gera\u00e7\u00e3o de governos locais demonstrar sua vis\u00e3o para o futuro de seus filhos e netos, que ser\u00e3o os respons\u00e1veis pela regi\u00e3o daqui para frente.<\/p>\n<p>Neste contexto, daremos continuidade aos projetos que temos desenvolvido at\u00e9 o momento, al\u00e9m de explicar os projetos que realizaremos na pr\u00f3xima era da cidade de Hokuryu.<\/p>\n<p>&quot;Acabei de receber a minuta do pedido. Embora a situa\u00e7\u00e3o seja complexa em muitos aspectos, visto que se trata de uma quest\u00e3o que envolve os governos nacional e estadual, gostaria de fazer o pedido e responder o mais breve poss\u00edvel. Continuaremos tamb\u00e9m a insistir na obten\u00e7\u00e3o de subs\u00eddios relacionados \u00e0 agricultura inteligente. Muito obrigado pelo seu tempo&quot;, disse o prefeito Sasaki.<\/p>\n<h2>Explica\u00e7\u00e3o das principais pol\u00edticas da cidade.<\/h2>\n<h3>Escrit\u00f3rio de Pol\u00edticas Abrangentes: Promovendo a revitaliza\u00e7\u00e3o regional<\/h3>\n<figure class=\"wp-caption aligncenter\"><a href=\"https:\/\/photos.google.com\/share\/AF1QipMhgdqwqJP_CQQWC-MX8NzJHt-rUOCIb6bmYyXxF-Y7IeTGRKhpB_24NEFsC2-R4g\/photo\/AF1QipPxZRZzDZMLSEa7dlLHY_EJ1raQTTDd_W1J9gw?key=YWtadlNnX0NaX0paMThNV1huRjBWcGR1NjU2dW5B\" target=\"_blank\"><img decoding=\"async\" src=\"https:\/\/lh3.googleusercontent.com\/pw\/AP1GczOhKXFAouRVEUK_G5UKK4U6W6oyvMgnZ3tJsMa3PMIiZSSzgeHmZobeO98FUSxWO9M1_Uhk5ovjPQKFgZcJfJVrCHKfozIe8ltLkgN4ik0Istl-3QCRfeh4itCciwaXX9D-xM0lKLKNfkAzN5wjRkuN=w2000-h1125-s-no-gm?authuser=0\" width=\"2000\" height=\"1125\" alt=\"Vis\u00e3o geral do Diretor-Geral de Estudos Pol\u00edticos, Katsuyoshi Takahashi\" class=\"size-full\" \/><\/a><figcaption class=\"wp-caption-text\">Vis\u00e3o geral do Diretor-Geral de Estudos Pol\u00edticos, Katsuyoshi Takahashi<\/figcaption><\/figure>\n<p>Katsuyoshi Takahashi, Diretor de Pol\u00edticas Gerais, explicou a pol\u00edtica b\u00e1sica da Estrat\u00e9gia Abrangente da Cidade de Hokuryu para a Cria\u00e7\u00e3o de Cidades, Pessoas e Empregos, o novo Programa de Subs\u00eddios para a Cria\u00e7\u00e3o da Economia Local e do Ambiente de Vida (Subs\u00eddio de Segunda Gera\u00e7\u00e3o), o plano de neg\u00f3cios dos &quot;Sete Pilares&quot; do projeto &quot;Himawari Holding&quot; e o or\u00e7amento do projeto para o ano fiscal de 2025.<\/p>\n<h3>Com rela\u00e7\u00e3o aos esfor\u00e7os de cada departamento<\/h3>\n<figure class=\"wp-caption aligncenter\"><a href=\"https:\/\/photos.google.com\/share\/AF1QipMhgdqwqJP_CQQWC-MX8NzJHt-rUOCIb6bmYyXxF-Y7IeTGRKhpB_24NEFsC2-R4g\/photo\/AF1QipMqKEXvCDztu0i7rJNVjDig6aTZZWflK7a__JI?key=YWtadlNnX0NaX0paMThNV1huRjBWcGR1NjU2dW5B\" target=\"_blank\"><img decoding=\"async\" src=\"https:\/\/lh3.googleusercontent.com\/pw\/AP1GczPOR5xLDC8IaevUB2_gDIE4Ft8UVkJEnxWb9KYJ2Y7SJw-Yd3Nc944Mvy5161E_bUo3F3BLbODvS3Yv3QiM1RCfLDvl68hjzAMBh5j-fzz_MSRD8cMH-2POgILeE9hG3BNihUi2HY7i6bwZETCvEWrf=w2000-h1125-s-no-gm?authuser=0\" width=\"2000\" height=\"1125\" alt=\"Explica\u00e7\u00e3o da Chefe de Se\u00e7\u00e3o Yayoi Kawamoto\" class=\"size-full\" \/><\/a><figcaption class=\"wp-caption-text\">Explica\u00e7\u00e3o da Chefe de Se\u00e7\u00e3o Yayoi Kawamoto<\/figcaption><\/figure>\n<p>Yayoi Kawamoto, Diretora da Divis\u00e3o de Estrat\u00e9gia para o Futuro da Cidade, apresentou uma explica\u00e7\u00e3o detalhada das seguintes \u00e1reas abrangentes:<\/p>\n<ol>\n<li><strong>Divis\u00e3o de Estrat\u00e9gia para o Futuro da Cidade:<\/strong>&quot;Pagamento de imposto municipal&quot; e &quot;transporte p\u00fablico regional&quot;<\/li>\n<li><strong>Divis\u00e3o de Apoio \u00e0 Vida Infantil:<\/strong>&quot;Balc\u00e3o sem necessidade de escrita&quot; (digitaliza\u00e7\u00e3o dos balc\u00f5es de atendimento da administra\u00e7\u00e3o local), projeto de desenvolvimento de sistema de suporte em m\u00faltiplas camadas<\/li>\n<li><strong>Divis\u00e3o Industrial:<\/strong>&quot;Medidas de preven\u00e7\u00e3o de danos causados por aves e animais&quot; &quot;Gest\u00e3o da Vila Girassol&quot;<\/li>\n<li><strong>Divis\u00e3o de Constru\u00e7\u00e3o:<\/strong>&quot;Formula\u00e7\u00e3o de estrat\u00e9gias de gest\u00e3o para a contabiliza\u00e7\u00e3o de \u00e1gua e esgoto&quot; &quot;Constru\u00e7\u00e3o de um centro de remo\u00e7\u00e3o de neve e garagem de \u00f4nibus&quot;<\/li>\n<li><strong>Conselho de Educa\u00e7\u00e3o:<\/strong>Detentora dos t\u00edtulos &quot;(nome provis\u00f3rio) Centro Abrangente de Aprendizagem e Interc\u00e2mbio da Cidade de Hokuryu&quot;, &quot;Escola Preparat\u00f3ria P\u00fablica Online&quot; e &quot;Sess\u00e3o de Treinamento para Cria\u00e7\u00e3o de Novas Escolas&quot;, e em prepara\u00e7\u00e3o para solicitar o status de &quot;Escola de Curr\u00edculo Especial&quot;.<\/li>\n<\/ol>\n<h2>Troca de opini\u00f5es animada<\/h2>\n<figure class=\"wp-caption aligncenter\"><a href=\"https:\/\/photos.google.com\/share\/AF1QipMhgdqwqJP_CQQWC-MX8NzJHt-rUOCIb6bmYyXxF-Y7IeTGRKhpB_24NEFsC2-R4g\/photo\/AF1QipNfLJpuv-E6o0_USL_dEA_F1264aFgc5KDi-jU?key=YWtadlNnX0NaX0paMThNV1huRjBWcGR1NjU2dW5B\" target=\"_blank\"><img decoding=\"async\" src=\"https:\/\/lh3.googleusercontent.com\/pw\/AP1GczPLYfAD4SMMEUPDWsgF832tGzbP6wFSclx7eOzmQXfQFrZNJeCrLUpY6z-M3Oy4wOiOQzgBAlfwd1v9_pV8j3X57XRWb3N6Uj5nhNK_g01JBPJL3FtwNkrFh0WAIyvdOG-FXEfu_QmZr_HSA1bcTjWQ=w2000-h1125-s-no-gm?authuser=0\" width=\"2000\" height=\"1125\" alt=\"E com um sorriso tamb\u00e9m!\" class=\"size-full\" \/><\/a><figcaption class=\"wp-caption-text\">E com um sorriso tamb\u00e9m!<\/figcaption><\/figure>\n<p>Ap\u00f3s a explica\u00e7\u00e3o, houve uma animada troca de opini\u00f5es entre os moradores da cidade e o governo local, com muitos sorrisos nos rostos.<\/p>\n<ul>\n<li><strong>Promo\u00e7\u00e3o da migra\u00e7\u00e3o, do estabelecimento e medidas de habita\u00e7\u00e3o:<\/strong>Foram desenvolvidos projetos com o objetivo de capacitar pessoas para se mudarem para a regi\u00e3o e aumentar o n\u00famero de participantes, al\u00e9m de planos para a constru\u00e7\u00e3o de quatro unidades habitacionais, visando incentivar a fixa\u00e7\u00e3o de moradores e a melhoria das condi\u00e7\u00f5es de vida.<\/li>\n<li>Havia um consenso de que os fundos provenientes de doa\u00e7\u00f5es de impostos locais trariam grandes possibilidades para cada projeto, e ser\u00e3o feitos esfor\u00e7os para expandir o sistema atual e os valores das doa\u00e7\u00f5es.<\/li>\n<li><strong>Medidas de promo\u00e7\u00e3o da produ\u00e7\u00e3o e comercializa\u00e7\u00e3o agr\u00edcola:<\/strong>Com as empresas de coleta respondendo por mais de 90% da produ\u00e7\u00e3o de arroz, garantir quantidades suficientes tornou-se um desafio. A JA (Ag\u00eancia de Agricultura) e departamentos relacionados implementaram medidas como oferecer um adicional de 1.000 ienes por compra de arroz para aumentar a produ\u00e7\u00e3o e promover as vendas.<\/li>\n<li><strong>Medidas de prote\u00e7\u00e3o contra altas temperaturas e apoio a novos agricultores:<\/strong>As altas temperaturas est\u00e3o causando problemas para o manejo de girass\u00f3is e outras culturas, e foram realizadas discuss\u00f5es sobre subs\u00eddios para materiais que ret\u00eam calor, como telas de sombreamento, e apoio para equipamentos caros. Medidas de apoio, como empr\u00e9stimos de curto prazo e fornecimento gratuito de equipamentos, tamb\u00e9m est\u00e3o sendo consideradas para ajudar novos agricultores com os custos de equipamentos do primeiro ano e com a falta de capital.<\/li>\n<li><strong>Refletindo as opini\u00f5es dos jovens e dos moradores locais e formulando uma vis\u00e3o agr\u00edcola:<\/strong>O governo solicitou o fortalecimento dos mecanismos que permitam aos grupos de jovens e aos moradores locais trocar opini\u00f5es livremente. At\u00e9 dezembro, o governo trabalhar\u00e1 com a for\u00e7a-tarefa e os departamentos relacionados para formular uma &quot;vis\u00e3o agr\u00edcola&quot; que considere a agricultura em Hokuryu como um todo e se empenhar\u00e1 para que essa vis\u00e3o seja refletida nos planos do pr\u00f3ximo ano.<\/li>\n<\/ul>\n<figure class=\"wp-caption aligncenter\"><a href=\"https:\/\/photos.google.com\/share\/AF1QipMhgdqwqJP_CQQWC-MX8NzJHt-rUOCIb6bmYyXxF-Y7IeTGRKhpB_24NEFsC2-R4g\/photo\/AF1QipOUKZ4dpZOoiXebB9kP1MLvkQfymPJWCzNBDmk?key=YWtadlNnX0NaX0paMThNV1huRjBWcGR1NjU2dW5B\" target=\"_blank\"><img decoding=\"async\" src=\"https:\/\/lh3.googleusercontent.com\/pw\/AP1GczP8BSy3DmsTx6u_t7BKtuSa3g-WXaxB_9_BX1zSLjwmbr-svMKDJZgZp3Qas-lorO8ehMKI_Bc9EgTzzrrpKsJjgBEKayk_twr9apTiuEXRq2KmpBG4W7Vfk3v6P-tPEd6x0UO9vPOUIkFpza8FvpMD=w2000-h1125-s-no-gm?authuser=0\" width=\"2000\" height=\"1125\" alt=\"Em busca da solu\u00e7\u00e3o do problema...\" class=\"size-full\" \/><\/a><figcaption class=\"wp-caption-text\">Em busca da solu\u00e7\u00e3o do problema...<\/figcaption><\/figure>\n<ul>\n<li><strong>An\u00e1lise das opera\u00e7\u00f5es de coleta de res\u00edduos alimentares no inverno:<\/strong>Foi sugerido que a coleta fosse aumentada para duas vezes por semana, pois uma vez por semana \u00e9 insuficiente devido ao aumento do desperd\u00edcio de alimentos no inverno, especialmente no per\u00edodo pr\u00f3ximo ao Ano Novo. Ressaltou-se a necessidade de aumentar a frequ\u00eancia da coleta, principalmente durante o Ano Novo.<\/li>\n<li><strong>Condi\u00e7\u00f5es das estradas no inverno e medidas de seguran\u00e7a rodovi\u00e1ria:<\/strong>Durante o inverno, a neve provoca o fechamento de estradas e o tr\u00e1fego em sentido \u00fanico em certas vias, aumentando as preocupa\u00e7\u00f5es sobre o funcionamento atual e exigindo medidas espec\u00edficas para garantir a seguran\u00e7a.<\/li>\n<li><strong>Medidas contra habita\u00e7\u00f5es perigosas:<\/strong>O prefeito iniciou um processo para enviar notifica\u00e7\u00f5es individuais aos propriet\u00e1rios de casas consideradas inseguras e para as quais nenhuma notifica\u00e7\u00e3o havia sido emitida anteriormente. A previs\u00e3o \u00e9 de que o processo leve cerca de um ano para ser conclu\u00eddo, e os propriet\u00e1rios est\u00e3o sendo solicitados a tomar a iniciativa de remover a neve.<\/li>\n<li>O governo conceder\u00e1 um subs\u00eddio de 500.000 ienes e a prefeitura fornecer\u00e1 indeniza\u00e7\u00e3o, mas o subs\u00eddio ser\u00e1 limitado a quatro casos por ano, portanto, ser\u00e1 necess\u00e1rio ter cuidado para evitar um aumento na demanda no futuro. Tamb\u00e9m foi confirmado que a prefeitura tomar\u00e1 medidas rigorosas em caso de acidente ou problema grave de seguran\u00e7a.<\/li>\n<\/ul>\n<h3>Reforma educacional por meio da colabora\u00e7\u00e3o entre a comunidade e as escolas.<\/h3>\n<p>O superintendente de educa\u00e7\u00e3o Yoshiki Tanaka fez uma apresenta\u00e7\u00e3o impactante sobre os esfor\u00e7os da cidade de Hokuryu para o futuro, incluindo a introdu\u00e7\u00e3o de seu curr\u00edculo exclusivo, o &quot;Hokuryu Studies&quot;.<\/p>\n<ul>\n<li>Para resolver problemas locais e criar uma cidade sustent\u00e1vel, foi refor\u00e7ada a coopera\u00e7\u00e3o com associa\u00e7\u00f5es de bairro e empresas externas, e tornou-se necess\u00e1rio um sistema para recolher opini\u00f5es locais.<br \/>\n\u3000<br \/>\nO superintendente Tanaka Yoshiki almeja criar uma nova educa\u00e7\u00e3o enraizada no Hokuryu e planeja introduzir um curr\u00edculo \u00fanico chamado &quot;Estudos de Hokuryu&quot;, que rompe com a estrutura curricular tradicional. O plano ser\u00e1 submetido ao Minist\u00e9rio da Educa\u00e7\u00e3o, Cultura, Esportes, Ci\u00eancia e Tecnologia em agosto do pr\u00f3ximo ano, com o objetivo de implement\u00e1-lo a partir do 9\u00ba ano da era Reiwa.<\/li>\n<\/ul>\n<figure class=\"wp-caption aligncenter\"><a href=\"https:\/\/photos.google.com\/share\/AF1QipMhgdqwqJP_CQQWC-MX8NzJHt-rUOCIb6bmYyXxF-Y7IeTGRKhpB_24NEFsC2-R4g\/photo\/AF1QipNmVKRSeybEH8tleofYmsS7UOPNb6bmgmz0QLw?key=YWtadlNnX0NaX0paMThNV1huRjBWcGR1NjU2dW5B\" target=\"_blank\"><img decoding=\"async\" src=\"https:\/\/lh3.googleusercontent.com\/pw\/AP1GczN9NljC72iuWIA2FzNv2YQucYsuK5F0vXn8gRwrLLIfpIwS1zDchkFoT0BjjV7LXp4fkBdcDnI-kzp71BhV0GPWQMlt9nygHgILid5oMmLqmAOZa-yGaQ5Lcp5zVPtI4QvIuHDEUyUJIYZ5ODDjNIoH=w2000-h1125-s-no-gm?authuser=0\" width=\"2000\" height=\"1125\" alt=\" O superintendente Tanaka Yoshiki explica sobre as &quot;Escolas de Curr\u00edculo Especial&quot;.\" class=\"size-full\" \/><\/a><figcaption class=\"wp-caption-text\">O superintendente Tanaka Yoshiki explica sobre as &quot;Escolas de Curr\u00edculo Especial&quot;.<\/figcaption><\/figure>\n<figure class=\"wp-caption aligncenter\"><a href=\"https:\/\/photos.google.com\/share\/AF1QipMhgdqwqJP_CQQWC-MX8NzJHt-rUOCIb6bmYyXxF-Y7IeTGRKhpB_24NEFsC2-R4g\/photo\/AF1QipN6R84wBY7ti5Cssy05QFvRfUNzvdFAHjLXktY?key=YWtadlNnX0NaX0paMThNV1huRjBWcGR1NjU2dW5B\" target=\"_blank\"><img decoding=\"async\" src=\"https:\/\/lh3.googleusercontent.com\/pw\/AP1GczNa-RQGEwmDXqsEhu1nSNfWAaVViXv_uby8nAICSZWcW9IFgdIyKojr9MErKaQJWd9kcnD-EkZ1wlBjpkq1TtFhpz6BYmAlJRVdh6bJ5BucSQhmNL0MWWNScww0uS2wWvgR6d1VmwYhPnNoo7m0YW0p=w2000-h1125-s-no-gm?authuser=0\" width=\"2000\" height=\"1125\" alt=\"Com o objetivo de abrir o Hokuryugaku!\" class=\"size-full\" \/><\/a><figcaption class=\"wp-caption-text\">Com o objetivo de abrir o Hokuryugaku!<\/figcaption><\/figure>\n<h2>Resposta r\u00e1pida e expectativas para o futuro<\/h2>\n<p>Imediatamente ap\u00f3s a reuni\u00e3o, o prefeito, o superintendente de educa\u00e7\u00e3o e outros funcion\u00e1rios foram vistos indo inspecionar as moradias inseguras. Somos verdadeiramente gratos pela resposta r\u00e1pida do governo \u00e0s importantes opini\u00f5es dos moradores da nossa cidade e pela sua abordagem sincera na resolu\u00e7\u00e3o do problema.<\/p>\n<figure class=\"wp-caption aligncenter\"><a href=\"https:\/\/photos.google.com\/share\/AF1QipMhgdqwqJP_CQQWC-MX8NzJHt-rUOCIb6bmYyXxF-Y7IeTGRKhpB_24NEFsC2-R4g\/photo\/AF1QipOM-SJRLNdHQybC03Cykl-wGTn7mGJJtsdDPA4?key=YWtadlNnX0NaX0paMThNV1huRjBWcGR1NjU2dW5B\" target=\"_blank\"><img decoding=\"async\" src=\"https:\/\/lh3.googleusercontent.com\/pw\/AP1GczMtLPYJJ4KWmN3z_A-CnGPsSvbdR81rUFU5cEAYUoXGy5dDJnoeRDSYgGTWFVAoEQZg9BIEM77NEwJEA3QtR0UTUV0ZxvyZq2XK_frze8N4UoSeeiyWZ1DqJYZ5MSlb2QtN4f-p1_NRKzg39frFQ2WE=w2000-h1500-s-no-gm?authuser=0\" width=\"2000\" height=\"1500\" alt=\"moradias perigosas\" class=\"size-full\" \/><\/a><figcaption class=\"wp-caption-text\">moradias perigosas<\/figcaption><\/figure>\n<figure class=\"wp-caption aligncenter\"><a href=\"https:\/\/photos.google.com\/share\/AF1QipMhgdqwqJP_CQQWC-MX8NzJHt-rUOCIb6bmYyXxF-Y7IeTGRKhpB_24NEFsC2-R4g\/photo\/AF1QipNUWtrB7BIcKsHJeVXVHzUSj_DkYLaWL0uruwg?key=YWtadlNnX0NaX0paMThNV1huRjBWcGR1NjU2dW5B\" target=\"_blank\"><img decoding=\"async\" src=\"https:\/\/lh3.googleusercontent.com\/pw\/AP1GczOlyDBP9PIz7R7hqt-qj_ayWe5bsjO9OD1CiCJO4D-0l4CUFiSHfKhZE_urQzgzm9Bt2naBz-OKTPVjIMx0_mD14LhMF5pTsMhtm-iP4t3yZOHvGswyFV89ZwK_AG5g_8eXURRABEf62jErO_Tjsbe0=w2000-h1500-s-no-gm?authuser=0\" width=\"2000\" height=\"1500\" alt=\"Uma inspe\u00e7\u00e3o r\u00e1pida levar\u00e1 \u00e0 resolu\u00e7\u00e3o do problema...\" class=\"size-full\" \/><\/a><figcaption class=\"wp-caption-text\">Uma inspe\u00e7\u00e3o r\u00e1pida levar\u00e1 \u00e0 resolu\u00e7\u00e3o do problema...<\/figcaption><\/figure>\n<p>Com amor, gratid\u00e3o e ora\u00e7\u00f5es ilimitadas, estendo meus sinceros agradecimentos ao Conselho de Desenvolvimento Urbano, que ouve atentamente as valiosas opini\u00f5es dos moradores e responde de forma adequada \u00e0s atividades administrativas.<\/p>\n<h2>Outras fotos<\/h2>\n<div class=\"img-move\"><img decoding=\"async\" style=\"vertical-align: middle;\" src=\"https:\/\/ehokkaido.net\/wp-content\/uploads\/2021\/12\/2021-12-06-11.41.12.png\" \/> <a href=\"https:\/\/photos.app.goo.gl\/verqfUUBoYpwCeN67\" target=\"_blank\" rel=\"noopener noreferrer\">Fotos (41 fotos) da Reuni\u00e3o de Discuss\u00e3o sobre o Desenvolvimento Urbano e da Associa\u00e7\u00e3o de Moradores de Mibaushi est\u00e3o aqui &gt;&gt;<\/a><\/div>\n<h2>Artigos relacionados<\/h2>\n\n        <div class=\"site-blogcard-premium\">\n            <div class=\"bc-label-custom\">Artigos relacionados<\/div>\n            <div class=\"bc-flex-container\">\n                <div class=\"bc-main-text\">\n                    <div class=\"bc-title-link-box\">\n                        <a href=\"https:\/\/portal.hokuryu.info\/pt\/63169\/\" target=\"_blank\">https:\/\/portal.hokuryu.info\/63169<\/a>\n                    <\/div>\n                    <div class=\"bc-excerpt-box\">N\u00e3o foi poss\u00edvel recuperar as informa\u00e7\u00f5es da p\u00e1gina.<\/div>\n                <\/div>\n                <div class=\"bc-thumbnail-box\">\n                    <a href=\"https:\/\/portal.hokuryu.info\/pt\/63169\/\" target=\"_blank\">\n                        <div class=\"bc-img-zoom-wrap\">\n                            <img decoding=\"async\" src=\"https:\/\/portal.hokuryu.info\/wp\/wp-content\/uploads\/2026\/02\/20230802DSC06445_1.jpg\" alt=\"https:\/\/portal.hokuryu.info\/63169\">\n                        <\/div>\n                    <\/a>\n                <\/div>\n            <\/div>\n        <\/div>\n<p>\u25c7 <a href=\"https:\/\/portal.hokuryu.info\/pt\/62509\/\">\ud83d\udd8b\ufe0f Planejamento de conte\u00fado, reda\u00e7\u00e3o de artigos, sele\u00e7\u00e3o de fotos e cria\u00e7\u00e3o de v\u00eddeos: Ikuko Terauchi<img decoding=\"async\" style=\"vertical-align: middle;\" src=\"https:\/\/ehokkaido.net\/wp-content\/uploads\/2021\/12\/2021-12-06-11.41.12.png\" \/> Fotografia, edi\u00e7\u00e3o e gest\u00e3o do site: Noboru Terauchi<\/a><\/p>","protected":false},"excerpt":{"rendered":"<p>2025\u5e748\u670828\u65e5\uff08\u6728\uff09 8\u670822\u65e5\uff08\u91d1\uff09\u3001\u7f8e\u8449\u725b\u30b3\u30df\u30e5\u30cb\u30c6\u30a3\u30bb\u30f3\u30bf\u30fc\u3067\u300c\u307e\u3061\u3065\u304f\u308a\u61c7\u8ac7\u4f1a\u300d\u304c\u958b\u50ac\u3055\u308c\u3001\u753a\u6c11\u7d0420\u540d\u304c\u53c2\u52a0\u3002\u4ee4\u548c7\u5e74\u5ea6\u306e\u653f\u7b56\u3084\u5730\u65b9\u5275\u751f2.0\u306b\u3064\u3044\u3066\u8aac\u660e\u304c\u3042\u308a\u3001\u8fb2\u696d\u3001\u6559\u80b2\u3001\u751f\u6d3b\u74b0\u5883\u306a [&hellip;]<\/p>\n","protected":false},"author":1,"featured_media":63272,"comment_status":"open","ping_status":"open","sticky":false,"template":"","format":"standard","meta":{"footnotes":""},"categories":[4,75,112],"tags":[],"class_list":["post-63175","post","type-post","status-publish","format-standard","has-post-thumbnail","hentry","category-cover-story","category-sasaki-yasuhiro-mayor","category-local_revitalization_2"],"_links":{"self":[{"href":"https:\/\/portal.hokuryu.info\/pt\/wp-json\/wp\/v2\/posts\/63175","targetHints":{"allow":["GET"]}}],"collection":[{"href":"https:\/\/portal.hokuryu.info\/pt\/wp-json\/wp\/v2\/posts"}],"about":[{"href":"https:\/\/portal.hokuryu.info\/pt\/wp-json\/wp\/v2\/types\/post"}],"author":[{"embeddable":true,"href":"https:\/\/portal.hokuryu.info\/pt\/wp-json\/wp\/v2\/users\/1"}],"replies":[{"embeddable":true,"href":"https:\/\/portal.hokuryu.info\/pt\/wp-json\/wp\/v2\/comments?post=63175"}],"version-history":[{"count":0,"href":"https:\/\/portal.hokuryu.info\/pt\/wp-json\/wp\/v2\/posts\/63175\/revisions"}],"wp:featuredmedia":[{"embeddable":true,"href":"https:\/\/portal.hokuryu.info\/pt\/wp-json\/wp\/v2\/media\/63272"}],"wp:attachment":[{"href":"https:\/\/portal.hokuryu.info\/pt\/wp-json\/wp\/v2\/media?parent=63175"}],"wp:term":[{"taxonomy":"category","embeddable":true,"href":"https:\/\/portal.hokuryu.info\/pt\/wp-json\/wp\/v2\/categories?post=63175"},{"taxonomy":"post_tag","embeddable":true,"href":"https:\/\/portal.hokuryu.info\/pt\/wp-json\/wp\/v2\/tags?post=63175"}],"curies":[{"name":"wp","href":"https:\/\/api.w.org\/{rel}","templated":true}]}}