{"id":63172,"date":"2025-08-27T09:36:27","date_gmt":"2025-08-27T00:36:27","guid":{"rendered":"https:\/\/portal.hokuryu.info\/?p=63172"},"modified":"2025-09-04T16:08:31","modified_gmt":"2025-09-04T07:08:31","slug":"%e5%8c%97%e7%ab%9c%e7%94%ba%e3%81%ae%e6%9c%aa%e6%9d%a5%e3%82%92%e5%85%b1%e3%81%ab%e6%8f%8f%e3%81%8f%ef%bc%81%e5%92%8c%e7%94%ba%e5%86%85%e4%bc%9a%e3%80%8c%e3%81%be%e3%81%a1%e3%81%a5%e3%81%8f%e3%82%8a","status":"publish","type":"post","link":"https:\/\/portal.hokuryu.info\/pt\/63172\/","title":{"rendered":"Imaginando juntos o futuro da cidade de Hokuryu! Uma animada troca de opini\u00f5es na &quot;Reuni\u00e3o de Discuss\u00e3o sobre o Desenvolvimento Urbano&quot; da Associa\u00e7\u00e3o de Moradores de Wa."},"content":{"rendered":"<p>Quarta-feira, 27 de agosto de 2025<\/p>\n<div class=\"ep-box es-BpaperRight es-grid bgc-VPsky\">Na quinta-feira, 21 de agosto, uma reuni\u00e3o para discutir o desenvolvimento da cidade foi realizada no Centro Comunit\u00e1rio de Wa, com a presen\u00e7a de aproximadamente 20 moradores. O prefeito Sasaki informou que a cidade havia recebido o valor total da verba de revitaliza\u00e7\u00e3o local e, ap\u00f3s explicar os planos futuros da cidade, iniciou-se uma animada troca de opini\u00f5es. A reuni\u00e3o proporcionou uma valiosa oportunidade para os moradores e o governo local se engajarem em uma discuss\u00e3o s\u00e9ria sobre uma ampla gama de t\u00f3picos, incluindo desenvolvimento de infraestrutura, administra\u00e7\u00e3o digital e desenvolvimento de recursos humanos.<\/div>\n<h2>A Associa\u00e7\u00e3o de Moradores de Wa realizou uma &quot;Reuni\u00e3o de Discuss\u00e3o sobre o Desenvolvimento Urbano&quot; para construir em conjunto o futuro da cidade de Hokuryu.<\/h2>\n<p>Uma reuni\u00e3o para discutir o desenvolvimento da cidade foi realizada no Centro Comunit\u00e1rio de Wa na quarta-feira, 21 de agosto, a partir das 15h. Aproximadamente 20 moradores da cidade compareceram e trocaram opini\u00f5es ativamente.<\/p>\n<p>Na reuni\u00e3o, foram apresentadas explica\u00e7\u00f5es sobre mudan\u00e7as nas pol\u00edticas e sistemas do governo local, como a execu\u00e7\u00e3o or\u00e7ament\u00e1ria e a reforma organizacional para o ano fiscal de 2025, e a expans\u00e3o do or\u00e7amento para a Revitaliza\u00e7\u00e3o Regional 2.0. Tamb\u00e9m foram apresentados relat\u00f3rios sobre o sucesso do Festival do Girassol, novas iniciativas relativas \u00e0s taxas de estacionamento e experimentos com o uso de IA para mensurar o n\u00famero de visitantes.<\/p>\n<figure class=\"wp-caption aligncenter\"><a href=\"https:\/\/photos.google.com\/share\/AF1QipMkrigF2R0Y19iaU0CV4tjOSKKHJ_Rfno43ydos__93a20Xd8I2HVN5Ltx0CmqmUA\/photo\/AF1QipONaLPaXa0rVyb2Nqx6A2cuE4tBDWi4FkzbnKY?key=NmhIWTJsbFNqelZVaUhBN3QtRnhhekZ5X0Roek9n\" target=\"_blank\"><img decoding=\"async\" src=\"https:\/\/lh3.googleusercontent.com\/pw\/AP1GczOliW6MWAgxotiRSJpqk3-RjM_DE4BE8kxK5nn-yfkhntDeCQFlmG-SFOT_hbhpuxSFuVRr8oTS6exYio2C3m3RNb-Ep1xir2isQdiUOO1XYinC-XIIfFWzpkwHVZmj0aD5ibNoeQzeYBc3uup25GKo=w2000-h1500-s-no-gm?authuser=0\" width=\"2000\" height=\"1500\" alt=\"Reuni\u00e3o de Discuss\u00e3o sobre Planejamento Urbano da Associa\u00e7\u00e3o de Moradores de Wa\" class=\"size-full\" \/><\/a><figcaption class=\"wp-caption-text\">Reuni\u00e3o de Discuss\u00e3o sobre Planejamento Urbano da Associa\u00e7\u00e3o de Moradores de Wa<\/figcaption><\/figure>\n<h3>O evento foi moderado pelo vice-prefeito Masaaki Okuda.<\/h3>\n<p>A reuni\u00e3o come\u00e7ou de forma agrad\u00e1vel, moderada pelo vice-prefeito Masaaki Okuda.<\/p>\n<figure class=\"wp-caption aligncenter\"><a href=\"https:\/\/photos.google.com\/share\/AF1QipMkrigF2R0Y19iaU0CV4tjOSKKHJ_Rfno43ydos__93a20Xd8I2HVN5Ltx0CmqmUA\/photo\/AF1QipMjiKoIx4yKAb6OeQUm1SSsGZohW3nDJz3w7aw?key=NmhIWTJsbFNqelZVaUhBN3QtRnhhekZ5X0Roek9n\" target=\"_blank\"><img decoding=\"async\" src=\"https:\/\/lh3.googleusercontent.com\/pw\/AP1GczNhEcNCHXn1GVrO7RocCySgky03Kd_nQ8MvkdapCBgJkkAxFLcJAe1zqJuzptMJAafbBL7yQz-HcBQfqt0pMb9GV2o7FKZwKdjLnWQGlMlms_QNaj30PIxmqprJGOztx87sa9KOqXVAdklAvhvyNAwd=w2000-h1125-s-no-gm?authuser=0\" width=\"2000\" height=\"1125\" alt=\"Moderador: Vice-prefeito Masaaki Okuda\" class=\"size-full\" \/><\/a><figcaption class=\"wp-caption-text\">Moderador: Vice-prefeito Masaaki Okuda<\/figcaption><\/figure>\n<h2>Sauda\u00e7\u00f5es do prefeito Yasuhiro Sasaki<\/h2>\n<figure class=\"wp-caption aligncenter\"><a href=\"https:\/\/photos.google.com\/share\/AF1QipMkrigF2R0Y19iaU0CV4tjOSKKHJ_Rfno43ydos__93a20Xd8I2HVN5Ltx0CmqmUA\/photo\/AF1QipNjUxx6j8PI7S8OUuTEOiwQ2XbckiK_JwJ0h8I?key=NmhIWTJsbFNqelZVaUhBN3QtRnhhekZ5X0Roek9n\" target=\"_blank\"><img decoding=\"async\" src=\"https:\/\/lh3.googleusercontent.com\/pw\/AP1GczPDvpr1XKL7A5GzUXPOnGanCG7P6mTdBqJWZ5GflD74_nP1UKpuHhi8CtSDR78HxhH8D2UWi6H6-yA2kY7tvyRQlpnleJNKdpg7Jd5MPT1vcUxh4rE5wu37nOJPAlW8gj5QDqr1GvlFtlpIujwfE4_O=w2000-h1125-s-no-gm?authuser=0\" width=\"2000\" height=\"1125\" alt=\"Sauda\u00e7\u00f5es do prefeito Yasuhiro Sasaki\" class=\"size-full\" \/><\/a><figcaption class=\"wp-caption-text\">Sauda\u00e7\u00f5es do prefeito Yasuhiro Sasaki<\/figcaption><\/figure>\n<p>&quot;Gostaria de expressar minha sincera gratid\u00e3o a todos voc\u00eas pela participa\u00e7\u00e3o e por todo o trabalho \u00e1rduo.&quot;<\/p>\n<p>Estamos agora na \u00e9poca em que simplesmente oramos por uma boa colheita. L\u00e1 fora, pela janela, os coloridos campos de arroz se estendem diante de n\u00f3s.<\/p>\n<p>At\u00e9 o ano retrasado, as assembleias municipais eram realizadas em dois locais: o centro comunit\u00e1rio e o Centro Comunit\u00e1rio de Hekisui, onde todos se reuniam. Do ano passado para este ano, decidimos visitar 10 associa\u00e7\u00f5es de bairro. Gostar\u00edamos de ouvir uma variedade de opini\u00f5es, n\u00e3o apenas sobre quest\u00f5es locais, mas tamb\u00e9m sobre quest\u00f5es municipais e relacionadas ao cultivo de arroz.<\/p>\n<p>Em conson\u00e2ncia com a pol\u00edtica nacional, o or\u00e7amento para o ano fiscal de 2025, que se inicia em abril deste ano, duplicou a verba destinada a subs\u00eddios para a revitaliza\u00e7\u00e3o regional. Apoiando os membros ativos da primeira gera\u00e7\u00e3o, que j\u00e1 completaram 10 anos de servi\u00e7o, e olhando para os pr\u00f3ximos 10 anos, a segunda gera\u00e7\u00e3o ser\u00e1 chamada a refletir sobre como construir um plano de 10 a 20 anos para seus filhos e netos, que ser\u00e3o os respons\u00e1veis pelo futuro.<\/p>\n<p>Este ano, a cidade recebeu um or\u00e7amento nacional de 200 bilh\u00f5es de ienes, e os funcion\u00e1rios municipais trabalharam arduamente para obter a verba. A cidade recebeu 100% do valor solicitado. Existem 1.718 cidades, vilas e aldeias em todo o Jap\u00e3o, e n\u00f3s recebemos a maior parte do valor m\u00e1ximo de 1 bilh\u00e3o de ienes.<\/p>\n<p>Usaremos esse dinheiro para alocar nosso or\u00e7amento a partir de abril e esperamos continuar nessa escala pelos pr\u00f3ximos tr\u00eas anos.<\/p>\n<p>\u00c9 claro que, at\u00e9 agora, houve solicita\u00e7\u00f5es de empresas j\u00e1 estabelecidas que n\u00e3o pudemos atender devido \u00e0 falta de verbas. No entanto, a partir de abril deste ano, planejamos utilizar de forma eficaz a verba do governo federal, ouvir a opini\u00e3o de todos e implementar o plano, a fim de dar continuidade \u00e0s opera\u00e7\u00f5es existentes e construir um novo futuro para a cidade de Hokuryu.<\/p>\n<p>Uma condi\u00e7\u00e3o para a revitaliza\u00e7\u00e3o regional nacional \u00e9 que a Subven\u00e7\u00e3o para Revitaliza\u00e7\u00e3o Regional exige o envolvimento n\u00e3o apenas do governo, mas tamb\u00e9m das associa\u00e7\u00f5es de bairro e de todos os moradores. Portanto, a reuni\u00e3o de hoje \u00e9 muito importante. Gostaria de ouvir atentamente e levar em considera\u00e7\u00e3o a opini\u00e3o de todos na aloca\u00e7\u00e3o do or\u00e7amento.<\/p>\n<p>&quot;Muito obrigado por terem vindo hoje&quot;, disse o prefeito Sasaki com grande entusiasmo.<\/p>\n<figure class=\"wp-caption aligncenter\"><a href=\"https:\/\/photos.google.com\/share\/AF1QipMkrigF2R0Y19iaU0CV4tjOSKKHJ_Rfno43ydos__93a20Xd8I2HVN5Ltx0CmqmUA\/photo\/AF1QipO9RF3bfQtY4qzpwMslaInDPg8wqvXvlIorvoc?key=NmhIWTJsbFNqelZVaUhBN3QtRnhhekZ5X0Roek9n\" target=\"_blank\"><img decoding=\"async\" src=\"https:\/\/lh3.googleusercontent.com\/pw\/AP1GczPtZJlEnK8Ay7wfOrOiC-WHeaR9IWgX_vXGaZNTBCo2zXIYRp0OIQrixzSdnvONHReF8EEe8NducS3ofSYbRg8LKyEmyomL6GrE5pkeUBEc591TWvZEweOR5riWpTYB1gt1OeS0tWXcqAPRO63Dhh0M=w2000-h1125-s-no-gm?authuser=0\" width=\"2000\" height=\"1125\" alt=\"Com sentimentos intensos...\" class=\"size-full\" \/><\/a><figcaption class=\"wp-caption-text\">Com sentimentos intensos...<\/figcaption><\/figure>\n<h2>Explica\u00e7\u00e3o dos principais projetos da cidade<\/h2>\n<h3>Gabinete de Pol\u00edticas Gerais, Vice-Prefeito Masaaki Okuda<\/h3>\n<figure class=\"wp-caption aligncenter\"><a href=\"https:\/\/photos.google.com\/share\/AF1QipMkrigF2R0Y19iaU0CV4tjOSKKHJ_Rfno43ydos__93a20Xd8I2HVN5Ltx0CmqmUA\/photo\/AF1QipM72r0NXr3pVi8crbG_cGzX-HfRqzF8ZKttNJk?key=NmhIWTJsbFNqelZVaUhBN3QtRnhhekZ5X0Roek9n\" target=\"_blank\"><img decoding=\"async\" src=\"https:\/\/lh3.googleusercontent.com\/pw\/AP1GczMCZwjy8a_maJ6k3laIKrRUo2jgAbqMGby0mYpFp7isrhRTcw9z-hMmGbVieA1ttfbbw-es_0Zn6VOqnDucejmOLtz0UO0doO_YEN3UvxWyMTj7KimRMl4glNtc1Xv2VMgUOZCx06TYumje8gotcXjv=w2000-h1125-s-no-gm?authuser=0\" width=\"2000\" height=\"1125\" alt=\"O vice-prefeito Okuda faz uma apresenta\u00e7\u00e3o.\" class=\"size-full\" \/><\/a><figcaption class=\"wp-caption-text\">O vice-prefeito Okuda faz uma apresenta\u00e7\u00e3o.<\/figcaption><\/figure>\n<p>O vice-prefeito Okuda explicou a promo\u00e7\u00e3o da revitaliza\u00e7\u00e3o regional, incluindo a pol\u00edtica b\u00e1sica da Estrat\u00e9gia Abrangente da Cidade de Hokuryu para a Cria\u00e7\u00e3o de Cidades, Pessoas e Empregos, a nova Subven\u00e7\u00e3o para a Cria\u00e7\u00e3o de Ambiente Econ\u00f4mico e de Vida para a Revitaliza\u00e7\u00e3o Regional (Subven\u00e7\u00e3o de Segunda Gera\u00e7\u00e3o), os &quot;Sete Pilares&quot; do projeto &quot;Himawari Holding&quot; e o or\u00e7amento do projeto para o ano fiscal de 2025.<\/p>\n<h3>Yayoi Kawamoto, Chefe de Se\u00e7\u00e3o, Divis\u00e3o de Estrat\u00e9gia para o Futuro da Cidade<\/h3>\n<figure class=\"wp-caption aligncenter\"><a href=\"https:\/\/photos.google.com\/share\/AF1QipMkrigF2R0Y19iaU0CV4tjOSKKHJ_Rfno43ydos__93a20Xd8I2HVN5Ltx0CmqmUA\/photo\/AF1QipPRjYkyLxTuN6akpqsa-YAKySojMBg_2g76LHE?key=NmhIWTJsbFNqelZVaUhBN3QtRnhhekZ5X0Roek9n\" target=\"_blank\"><img decoding=\"async\" src=\"https:\/\/lh3.googleusercontent.com\/pw\/AP1GczP6_WIESwmLcRyvgTFadmu2EE-F9E725fP4DJuRGynxeQZv9edHBaq1VEBaxS2NBr3ACedL2LOSHDSsggCvXs1RVJREPZkZu6cRU1OVhB2pxFT28PpDdU5RI6q_xtT_Ih0aGyYoNav2paS1AgZyiZLw=w2000-h1125-s-no-gm?authuser=0\" width=\"2000\" height=\"1125\" alt=\"Explica\u00e7\u00e3o da Chefe de Se\u00e7\u00e3o Yayoi Kawamoto\" class=\"size-full\" \/><\/a><figcaption class=\"wp-caption-text\">Explica\u00e7\u00e3o da Chefe de Se\u00e7\u00e3o Yayoi Kawamoto<\/figcaption><\/figure>\n<p>O chefe de se\u00e7\u00e3o Kawamoto fez uma apresenta\u00e7\u00e3o sobre uma ampla gama de \u00e1reas de neg\u00f3cios.<\/p>\n<ol>\n<li><b>Pagamento de impostos locais e transporte p\u00fablico local.<\/b><\/li>\n<li><b>Divis\u00e3o de Apoio \u00e0 Vida Infantil:<\/b>&quot;Balc\u00e3o sem necessidade de escrita (digitaliza\u00e7\u00e3o dos balc\u00f5es de atendimento da administra\u00e7\u00e3o local)&quot; e o desenvolvimento de um sistema de suporte multicamadas<\/li>\n<li><b>Divis\u00e3o Industrial:<\/b>&quot;Medidas de preven\u00e7\u00e3o de danos causados por aves e animais&quot; &quot;Gest\u00e3o da Vila Girassol&quot;<\/li>\n<li><b>Divis\u00e3o de Constru\u00e7\u00e3o:<\/b>&quot;Formula\u00e7\u00e3o de estrat\u00e9gias de gest\u00e3o para a contabiliza\u00e7\u00e3o de \u00e1gua e esgoto&quot; &quot;Constru\u00e7\u00e3o de um centro de remo\u00e7\u00e3o de neve e garagem de \u00f4nibus&quot;<\/li>\n<li><b>Conselho de Educa\u00e7\u00e3o:<\/b>Detentora dos t\u00edtulos &quot;(nome provis\u00f3rio) Centro Abrangente de Aprendizagem e Interc\u00e2mbio da Cidade de Hokuryu&quot;, &quot;Escola Preparat\u00f3ria P\u00fablica Online&quot; e &quot;Sess\u00e3o de Treinamento para Cria\u00e7\u00e3o de Novas Escolas&quot;, e em prepara\u00e7\u00e3o para solicitar o status de &quot;Escola de Curr\u00edculo Especial&quot;.<\/li>\n<\/ol>\n<h2>Troca de opini\u00f5es animada<\/h2>\n<p>Ap\u00f3s ouvirem a explica\u00e7\u00e3o da cidade, os moradores presentes fizeram diversas perguntas e expressaram suas opini\u00f5es, resultando em uma animada sess\u00e3o de perguntas e respostas.<\/p>\n<figure class=\"wp-caption aligncenter\"><a href=\"https:\/\/photos.google.com\/share\/AF1QipMkrigF2R0Y19iaU0CV4tjOSKKHJ_Rfno43ydos__93a20Xd8I2HVN5Ltx0CmqmUA\/photo\/AF1QipPDfkv8yS8gUkRoUprEiqWbi--5_bVD89pDUvY?key=NmhIWTJsbFNqelZVaUhBN3QtRnhhekZ5X0Roek9n\" target=\"_blank\"><img decoding=\"async\" src=\"https:\/\/lh3.googleusercontent.com\/pw\/AP1GczM5NrFNJVQtlxPs_ILJtEE28-cBDeQMOF0HJQOUamN4vSxgVZSm_Ub4zwpIUU_gQhXZ7PEh4UrZeBeGc7QILk_drkvtPRSFl9wDXKl58lPhE4II5iEoh1ROuvUI3D4aBaI0Xi_KFELomYY0UkV-82D5=w2000-h1125-s-no-gm?authuser=0\" width=\"2000\" height=\"1125\" alt=\"troca de opini\u00f5es\" class=\"size-full\" \/><\/a><figcaption class=\"wp-caption-text\">troca de opini\u00f5es<\/figcaption><\/figure>\n<figure class=\"wp-caption aligncenter\"><a href=\"https:\/\/photos.google.com\/share\/AF1QipMkrigF2R0Y19iaU0CV4tjOSKKHJ_Rfno43ydos__93a20Xd8I2HVN5Ltx0CmqmUA\/photo\/AF1QipMvUV8F68SF0G_tiMk21CJnPqMlxAFJHSWU7kI?key=NmhIWTJsbFNqelZVaUhBN3QtRnhhekZ5X0Roek9n\" target=\"_blank\"><img decoding=\"async\" src=\"https:\/\/lh3.googleusercontent.com\/pw\/AP1GczPLq-udMllslfTI23PCOraIF6fl2ooHBya9lV1Aubf9vKOha-hH5Hc2OG2paOVkBx5IBisd0XQpEy1fwx9oxOcjGuSAKwohCcGZjWrDEtC0Ip3bK17Az1ABtxcWJ8IYj6KzL_t0anyaWAOkK_fd0Qnj=w2000-h1125-s-no-gm?authuser=0\" width=\"2000\" height=\"1125\" alt=\"Sess\u00e3o de perguntas e respostas animada\" class=\"size-full\" \/><\/a><figcaption class=\"wp-caption-text\">Sess\u00e3o de perguntas e respostas animada<\/figcaption><\/figure>\n<h3>Principais opini\u00f5es e perguntas<\/h3>\n<ol>\n<li><b>Meu Sistema Num\u00e9rico e Governo Digital:<\/b>Para aumentar a taxa de ades\u00e3o, s\u00e3o necess\u00e1rias melhorias nos procedimentos de inscri\u00e7\u00e3o online e no atendimento presencial, e foram realizadas discuss\u00f5es sobre o aprimoramento do sistema e o fortalecimento do atendimento no local, levando em considera\u00e7\u00e3o o impacto no imposto de aloca\u00e7\u00e3o local.<\/li>\n<li><b>Estado de deteriora\u00e7\u00e3o e repara\u00e7\u00e3o da infraestrutura rodovi\u00e1ria:<\/b>Em rela\u00e7\u00e3o ao desn\u00edvel significativo no acostamento da estrada, o relat\u00f3rio afirmou que uma empresa contratada vem realizando reparos nos \u00faltimos dois anos. No entanto, ressaltou-se que a conclus\u00e3o dos reparos pode levar v\u00e1rios anos e que parte do trabalho poder\u00e1 precisar ser terceirizada para outras empresas.<\/li>\n<li><b>Quest\u00f5es relacionadas \u00e0 sinaliza\u00e7\u00e3o e aos sinais de tr\u00e2nsito:<\/b>Houve relatos de placas sendo giradas e levadas pelo vento, e surgiram preocupa\u00e7\u00f5es sobre a seguran\u00e7a das placas pr\u00e9-fabricadas. A proposta de realoca\u00e7\u00e3o da placa exigiria coordena\u00e7\u00e3o com as opera\u00e7\u00f5es de remo\u00e7\u00e3o de neve e autoriza\u00e7\u00e3o policial, e o governo come\u00e7ou a considerar maneiras de melhorar a situa\u00e7\u00e3o.<\/li>\n<li><b>Or\u00e7amento suplementar e prioridades de constru\u00e7\u00e3o:<\/b>Foi explicada a dificuldade de elaborar e garantir or\u00e7amentos suplementares, e foi apontado o risco de atrasos em trabalhos de manuten\u00e7\u00e3o e reparo necess\u00e1rios devido a d\u00e9ficits or\u00e7ament\u00e1rios.<\/li>\n<li><b>Melhorar a resposta dos funcion\u00e1rios da prefeitura:<\/b>Houve cr\u00edticas \u00e0 resposta e comunica\u00e7\u00e3o inadequadas da equipe da prefeitura no local, e foram feitos apelos para uma mudan\u00e7a de atitude em rela\u00e7\u00e3o ao trato com os moradores da cidade.<\/li>\n<li><b>Promo\u00e7\u00e3o do desenvolvimento urbano e medidas de desenvolvimento de recursos humanos:<\/b>Levando em considera\u00e7\u00e3o a situa\u00e7\u00e3o atual das associa\u00e7\u00f5es de bairro (envelhecimento da popula\u00e7\u00e3o, falta de dirigentes, or\u00e7amentos limitados), foi anunciada uma pol\u00edtica segundo a qual funcion\u00e1rios administrativos participar\u00e3o das reuni\u00f5es de cada associa\u00e7\u00e3o para coletar opini\u00f5es. Est\u00e3o previstos diversos formatos para a troca de opini\u00f5es, dependendo da regi\u00e3o, como eventos em estilo caf\u00e9 para estudantes do ensino m\u00e9dio e oficinas para pais e m\u00e3es.<\/li>\n<li><b>Plano de Reloca\u00e7\u00e3o do Centro Comunit\u00e1rio e do Patrim\u00f4nio Cultural:<\/b>Como parte de um plano de revitaliza\u00e7\u00e3o do centro comunit\u00e1rio, em coopera\u00e7\u00e3o com o Centro de Melhoramentos, foram discutidos m\u00e9todos para a realoca\u00e7\u00e3o de monumentos liter\u00e1rios e bens culturais hist\u00f3ricos. Foram consideradas estrat\u00e9gias espec\u00edficas para a preserva\u00e7\u00e3o e realoca\u00e7\u00e3o desses bens, levando-se em conta tamb\u00e9m como equilibr\u00e1-las com medidas de remo\u00e7\u00e3o de neve espec\u00edficas para \u00e1reas com forte incid\u00eancia de neve, garantindo assim a preserva\u00e7\u00e3o da cultura local.<\/li>\n<\/ol>\n<p>Assim como os campos de arroz dourados que se viam pela janela, este encontro foi muito proveitoso.<\/p>\n<figure class=\"wp-caption aligncenter\"><a href=\"https:\/\/photos.google.com\/share\/AF1QipMsfCXEGzPxk-PmQBUwjzgEAPOSUVWMhTRaTD9scGS6k3I4NLQCT3fXaIqu0Qb0cw\/photo\/AF1QipNyK31_XRwUTo0Qm1nKXfcYzCPfTIcaEElY7dQ?key=VG81aW1pWkFvSngzRzF0S0RDYTlJT1BMVThWNzF3\"><img decoding=\"async\" src=\"https:\/\/lh3.googleusercontent.com\/pw\/AP1GczOV6yviqeNnsqBhrF9dRRJBw4iIcwERBlKc9ACnIxlDJPDmzOHpCgL9Bqzd7y_qDpuUWK1NFQdI1m8ZQgdcx-paXbCyJPT0XKGx7LYJHD-xQiz4BH42HID6nY-wHv5ia_6anKTgVnda7v0imgf4kDgY=w2000-h1500-s-no-gm?authuser=0\" width=\"2000\" height=\"1500\" alt=\"Paisagem colorida de arrozal\" class=\"size-full\" \/><\/a><figcaption class=\"wp-caption-text\">Paisagem colorida de arrozal<\/figcaption><\/figure>\n<p>Com amor, gratid\u00e3o e ora\u00e7\u00f5es ilimitadas, o Conselho de Desenvolvimento Urbano ouvir\u00e1 as valiosas opini\u00f5es dos moradores, responder\u00e1 a elas na medida do poss\u00edvel e avan\u00e7ar\u00e1 passo a passo rumo a um futuro brilhante para a cidade de Hokuryu.<\/p>\n<h2>Outras fotos<\/h2>\n<div class=\"img-move\"><img decoding=\"async\" style=\"vertical-align: middle;\" src=\"https:\/\/ehokkaido.net\/wp-content\/uploads\/2021\/12\/2021-12-06-11.41.12.png\" \/> <a href=\"https:\/\/photos.app.goo.gl\/yAZjSiW5sfPbSFj49\" target=\"_blank\" rel=\"noopener noreferrer\">Fotos (25 fotos) da Reuni\u00e3o de Discuss\u00e3o sobre Planejamento Urbano e da Associa\u00e7\u00e3o de Moradores de Wa est\u00e3o aqui &gt;&gt;<\/a><\/div>\n<h2>Artigos relacionados<\/h2>\n\n        <div class=\"site-blogcard-premium\">\n            <div class=\"bc-label-custom\">Artigos relacionados<\/div>\n            <div class=\"bc-flex-container\">\n                <div class=\"bc-main-text\">\n                    <div class=\"bc-title-link-box\">\n                        <a href=\"https:\/\/portal.hokuryu.info\/pt\/63169\/\" target=\"_blank\">https:\/\/portal.hokuryu.info\/63169<\/a>\n                    <\/div>\n                    <div class=\"bc-excerpt-box\">N\u00e3o foi poss\u00edvel recuperar as informa\u00e7\u00f5es da p\u00e1gina.<\/div>\n                <\/div>\n                <div class=\"bc-thumbnail-box\">\n                    <a href=\"https:\/\/portal.hokuryu.info\/pt\/63169\/\" target=\"_blank\">\n                        <div class=\"bc-img-zoom-wrap\">\n                            <img decoding=\"async\" src=\"https:\/\/portal.hokuryu.info\/wp\/wp-content\/uploads\/2026\/02\/20230802DSC06445_1.jpg\" alt=\"https:\/\/portal.hokuryu.info\/63169\">\n                        <\/div>\n                    <\/a>\n                <\/div>\n            <\/div>\n        <\/div>\n<p>\u25c7 <a href=\"https:\/\/portal.hokuryu.info\/pt\/62509\/\">\ud83d\udd8b\ufe0f Planejamento de conte\u00fado, reda\u00e7\u00e3o de artigos, sele\u00e7\u00e3o de fotos e cria\u00e7\u00e3o de v\u00eddeos: Ikuko Terauchi<img decoding=\"async\" style=\"vertical-align: middle;\" src=\"https:\/\/ehokkaido.net\/wp-content\/uploads\/2021\/12\/2021-12-06-11.41.12.png\" \/> Fotografia, edi\u00e7\u00e3o e gest\u00e3o do site: Noboru Terauchi<\/a><\/p>","protected":false},"excerpt":{"rendered":"<p>2025\u5e748\u670827\u65e5\uff08\u6c34\uff09 8\u670821\u65e5\uff08\u6728\uff09\u3001\u548c\u30b3\u30df\u30e5\u30cb\u30c6\u30a3\u30bb\u30f3\u30bf\u30fc\u3067\u300c\u307e\u3061\u3065\u304f\u308a\u61c7\u8ac7\u4f1a\u300d\u304c\u958b\u50ac\u3055\u308c\u3001\u7d0420\u540d\u306e\u753a\u6c11\u304c\u53c2\u52a0\u3057\u307e\u3057\u305f\u3002\u4f50\u3005\u6728\u753a\u9577\u304b\u3089\u5730\u65b9\u5275\u751f\u4ea4\u4ed8\u91d1\u306e\u6e80\u984d\u7372\u5f97\u304c\u5831\u544a\u3055\u308c\u3001\u753a\u306e\u672a\u6765\u306b\u5411\u3051\u305f\u4e8b [&hellip;]<\/p>\n","protected":false},"author":1,"featured_media":63267,"comment_status":"open","ping_status":"open","sticky":false,"template":"","format":"standard","meta":{"footnotes":""},"categories":[4,75,112],"tags":[],"class_list":["post-63172","post","type-post","status-publish","format-standard","has-post-thumbnail","hentry","category-cover-story","category-sasaki-yasuhiro-mayor","category-local_revitalization_2"],"_links":{"self":[{"href":"https:\/\/portal.hokuryu.info\/pt\/wp-json\/wp\/v2\/posts\/63172","targetHints":{"allow":["GET"]}}],"collection":[{"href":"https:\/\/portal.hokuryu.info\/pt\/wp-json\/wp\/v2\/posts"}],"about":[{"href":"https:\/\/portal.hokuryu.info\/pt\/wp-json\/wp\/v2\/types\/post"}],"author":[{"embeddable":true,"href":"https:\/\/portal.hokuryu.info\/pt\/wp-json\/wp\/v2\/users\/1"}],"replies":[{"embeddable":true,"href":"https:\/\/portal.hokuryu.info\/pt\/wp-json\/wp\/v2\/comments?post=63172"}],"version-history":[{"count":0,"href":"https:\/\/portal.hokuryu.info\/pt\/wp-json\/wp\/v2\/posts\/63172\/revisions"}],"wp:featuredmedia":[{"embeddable":true,"href":"https:\/\/portal.hokuryu.info\/pt\/wp-json\/wp\/v2\/media\/63267"}],"wp:attachment":[{"href":"https:\/\/portal.hokuryu.info\/pt\/wp-json\/wp\/v2\/media?parent=63172"}],"wp:term":[{"taxonomy":"category","embeddable":true,"href":"https:\/\/portal.hokuryu.info\/pt\/wp-json\/wp\/v2\/categories?post=63172"},{"taxonomy":"post_tag","embeddable":true,"href":"https:\/\/portal.hokuryu.info\/pt\/wp-json\/wp\/v2\/tags?post=63172"}],"curies":[{"name":"wp","href":"https:\/\/api.w.org\/{rel}","templated":true}]}}