{"id":62417,"date":"2025-08-13T09:36:28","date_gmt":"2025-08-13T00:36:28","guid":{"rendered":"https:\/\/portal.hokuryu.info\/?p=62417"},"modified":"2025-09-04T16:30:17","modified_gmt":"2025-09-04T07:30:17","slug":"%e6%9c%aa%e6%9d%a5%e3%82%92%e3%83%87%e3%82%b6%e3%82%a4%e3%83%b3%e3%81%99%e3%82%8b%e3%83%91%e3%83%bc%e3%83%88%e3%83%8a%e3%83%bc%e3%82%b7%e3%83%83%e3%83%97%ef%bc%81%e5%8c%97%e6%b5%b7%e9%81%93%e7%a7%91","status":"publish","type":"post","link":"https:\/\/portal.hokuryu.info\/pt\/62417\/","title":{"rendered":"Uma parceria para projetar o futuro! A Universidade de Ci\u00eancias de Hokkaido e a cidade de Hokuryu assinam um amplo acordo de parceria."},"content":{"rendered":"<p>Quinta-feira, 14 de agosto de 2025<\/p>\n<div class=\"ep-box es-BpaperRight es-grid bgc-VPsky\">Na sexta-feira, 8 de agosto, a cidade de Hokuryu assinou um amplo acordo de parceria com a Universidade de Ci\u00eancias de Hokkaido para o desenvolvimento urbano. A expertise da universidade em arquitetura, preven\u00e7\u00e3o de desastres, assist\u00eancia m\u00e9dica e outras \u00e1reas, juntamente com o talento jovem da Faculdade de Cria\u00e7\u00e3o Regional, com previs\u00e3o de inaugura\u00e7\u00e3o em 2027, ser\u00e3o utilizados para revitalizar a cidade. Colabora\u00e7\u00f5es espec\u00edficas, como o projeto de reforma de casas abandonadas, tamb\u00e9m j\u00e1 foram iniciadas. Isso marca o come\u00e7o de uma nova hist\u00f3ria de cria\u00e7\u00e3o de uma &quot;cidade onde os estudantes podem experimentar&quot; e construir o futuro juntos.<\/div>\n<h2>Uma parceria para projetar o futuro! A Universidade de Ci\u00eancias de Hokkaido e a cidade de Hokuryu assinam um amplo acordo de parceria.<\/h2>\n<p>Em agosto de 2025, quando os girass\u00f3is estiverem em plena flora\u00e7\u00e3o, adornando o ver\u00e3o, a cidade de Hokuryu firmou um abrangente acordo de parceria com a Universidade de Ci\u00eancias de Hokkaido para desenvolver a cidade para o futuro. Este acordo visa conectar o conhecimento especializado da universidade e a energia jovem de seus estudantes para solucionar problemas e revitalizar a cidade. Na cerim\u00f4nia de assinatura, representantes de ambas as partes expressaram suas grandes expectativas e vis\u00f5es espec\u00edficas para o futuro.<\/p>\n<figure class=\"wp-caption aligncenter\"><a href=\"https:\/\/photos.google.com\/share\/AF1QipOH27dWrZMpA5oj4sAQ5uV18jKbYyCbTvs-YuhWvEYUConEdHrdmrYRVkiqiMTLNA\/photo\/AF1QipMsrXlS5nXIUdHpbqfyD70G_vYwUechnziAWRk?key=MWZDQS1tS28tOGFOMnBRMEpscG15N2RiQm9jSkVR\" target=\"_blank\"><img decoding=\"async\" src=\"https:\/\/lh3.googleusercontent.com\/pw\/AP1GczMz4O_HWRdknR9f2cc1lWhQb8PE5nIR-5fK36J-uUAcyF0x1_F4Xz3MbnYpVc0ZHRPJqdGSZNVbnwmhXPRbxe9K0mqmArn4Mai4ri4b5o-9ZxyVdvVVrEuk-zAGc8P_5ucqAkBhKbUDQ7gAQ_7a0_Qn=w2000-h1333-s-no-gm?authuser=0\" width=\"2000\" height=\"1125\" alt=\"A cidade de Hokuryu e a Universidade de Ci\u00eancias de Hokkaido assinam um acordo de parceria abrangente.\" class=\"size-full\" \/><\/a><figcaption class=\"wp-caption-text\">A cidade de Hokuryu e a Universidade de Ci\u00eancias de Hokkaido assinam um acordo de parceria abrangente.<\/figcaption><\/figure>\n<h3>Vis\u00e3o geral da cerim\u00f4nia de assinatura do acordo<\/h3>\n<p>O evento foi moderado por Yayoi Kawamoto, Chefe da Divis\u00e3o de Estrat\u00e9gia para o Futuro da Cidade.<\/p>\n<figure class=\"wp-caption aligncenter\"><a href=\"https:\/\/photos.google.com\/share\/AF1QipOH27dWrZMpA5oj4sAQ5uV18jKbYyCbTvs-YuhWvEYUConEdHrdmrYRVkiqiMTLNA\/photo\/AF1QipOeaIO3EoxW_VOpibB_DIgsGWFQ-iyZrk7vaFw?key=MWZDQS1tS28tOGFOMnBRMEpscG15N2RiQm9jSkVR\" target=\"_blank\"><img decoding=\"async\" src=\"https:\/\/lh3.googleusercontent.com\/pw\/AP1GczO64SmfqcG_lN-bi_PkBQNjgKINsRaTP5E7LBCzt6Eqz4jawU8pouyYyMwuMyeO8dt5eTfZBUfBoUKKg5WG0AgHhipQy03qS91quh-gn7zMAV3IPjxpQaJN7cuItM1ZbZ4aU_B6qj0Vi3LWpgkUN31w=w2000-h1333-s-no-gm?authuser=0\" width=\"2000\" height=\"1125\" alt=\"Yayoi Kawamoto, Chefe de Se\u00e7\u00e3o, Se\u00e7\u00e3o de Estrat\u00e9gia para o Futuro da Cidade\" class=\"size-full\" \/><\/a><figcaption class=\"wp-caption-text\">Yayoi Kawamoto, Chefe de Se\u00e7\u00e3o, Se\u00e7\u00e3o de Estrat\u00e9gia para o Futuro da Cidade<\/figcaption><\/figure>\n<h4>Apresentando os participantes<\/h4>\n<figure class=\"wp-caption aligncenter\"><a href=\"https:\/\/photos.google.com\/share\/AF1QipOH27dWrZMpA5oj4sAQ5uV18jKbYyCbTvs-YuhWvEYUConEdHrdmrYRVkiqiMTLNA\/photo\/AF1QipNN6u3-hY1uS57Uyuww71JgnE4XpKFrDrFjT8I?key=MWZDQS1tS28tOGFOMnBRMEpscG15N2RiQm9jSkVR\" target=\"_blank\"><img decoding=\"async\" src=\"https:\/\/lh3.googleusercontent.com\/pw\/AP1GczOHa-Z0J03yl2ojo8IZnGlnpg5RHc860Sbadrh3WhPfZadz9C1H7HPMU5FO6WowXB9QHipaVN-xTwOwQoNWDxOWU1hPxKjdCsbVgXJmC0TPeU_U___iShxfohkpfEOOkINFwkz914an-2YnQVAdCwY8=w2000-h1333-s-no-gm?authuser=0\" width=\"2000\" height=\"1125\" alt=\"Apresentando a Universidade de Ci\u00eancia de Hokkaido\" class=\"size-full\" \/><\/a><figcaption class=\"wp-caption-text\">Apresentando a Universidade de Ci\u00eancia de Hokkaido<\/figcaption><\/figure>\n<ul>\n<li><strong>Universidade de Ci\u00eancias de Hokkaido<\/strong>\n<ul>\n<li>Presidente Takashi Kawakami<\/li>\n<li>Sra. Miki Yamashita, Professora da Faculdade de Farm\u00e1cia, Diretora do Centro de Educa\u00e7\u00e3o Comunit\u00e1ria e Diretora do Centro de Aprendizagem ao Longo da Vida para Farmac\u00eauticos.<\/li>\n<li>Masato Kihara, membro do Conselho, Secret\u00e1rio-Geral da Universidade e Diretor de Assuntos Acad\u00eamicos.<\/li>\n<li>O Sr. Ichiro Nishi, Chefe da Divis\u00e3o de Colabora\u00e7\u00e3o Regional, Departamento de Admiss\u00f5es e Colabora\u00e7\u00e3o Regional, e Diretor Adjunto do Centro Regional de Educa\u00e7\u00e3o.<\/li>\n<li>Sr. Terutaro Honda, Chefe da Divis\u00e3o de Colabora\u00e7\u00e3o Regional, Departamento de Admiss\u00f5es e Colabora\u00e7\u00e3o Regional<\/li>\n<\/ul>\n<\/li>\n<li><strong>Cidade de Hokuryu<\/strong>\n<ul>\n<li>Prefeito Yasuhiro Sasaki<\/li>\n<li>Superintendente de Educa\u00e7\u00e3o Yoshiki Tanaka<\/li>\n<\/ul>\n<\/li>\n<\/ul>\n<h3>Os dois l\u00edderes discutem suas expectativas de colabora\u00e7\u00e3o e sua vis\u00e3o para o futuro.<\/h3>\n<h4>Prefeito Yasuhiro Sasaki da cidade de Hokuryu: &quot;Queremos ser uma cidade onde os estudantes possam experimentar coisas novas&quot; - Expectativas para a Revitaliza\u00e7\u00e3o Regional 2.0<\/h4>\n<figure class=\"wp-caption aligncenter\"><a href=\"https:\/\/photos.google.com\/share\/AF1QipOH27dWrZMpA5oj4sAQ5uV18jKbYyCbTvs-YuhWvEYUConEdHrdmrYRVkiqiMTLNA\/photo\/AF1QipO17PJY8zRJhpzrIVTuj7AyY4JDwH1eJcQXQHw?key=MWZDQS1tS28tOGFOMnBRMEpscG15N2RiQm9jSkVR\" target=\"_blank\"><img decoding=\"async\" src=\"https:\/\/lh3.googleusercontent.com\/pw\/AP1GczOPmBPz0_IuccTvgg_FlmYGXzwyx_WRptbwvMuxlmhouAMLQ8jp7xMyHqbhPZv21oi_i68dJsg7aivltNVANIJR47xbOiRgTvSPe5yMwpvoZ83ocuG4Ccbu30bYj3G_-ThY2DbhkO6JW_Xv-q6ffETn=w2000-h1333-s-no-gm?authuser=0\" width=\"2000\" height=\"1125\" alt=\"Prefeito Sasaki da cidade de Hokuryu\" class=\"size-full\" \/><\/a><figcaption class=\"wp-caption-text\">Prefeito Sasaki da cidade de Hokuryu<\/figcaption><\/figure>\n<p>&quot;Estou verdadeiramente encantado por termos finalmente alcan\u00e7ado um acordo de parceria h\u00e1 muito aguardado com a Universidade de Ci\u00eancias de Hokkaido. A cidade de Hokuryu pretende estabelecer um sistema de ensino obrigat\u00f3rio de nove anos dentro de tr\u00eas anos, e uma parceria s\u00f3lida com a universidade \u00e9 essencial para fornecer uma plataforma para o aprendizado cont\u00ednuo. Tamb\u00e9m planejamos utilizar a Subven\u00e7\u00e3o para Revitaliza\u00e7\u00e3o Regional 2.0 para impulsionar novamente os esfor\u00e7os de revitaliza\u00e7\u00e3o da nossa cidade. Como parte disso, realizamos diversas discuss\u00f5es com nossa equipe sobre como podemos reconstruir a cidade para melhor e conclu\u00edmos que o melhor caminho a seguir \u00e9 contar com a ajuda da universidade e construir nosso futuro juntos.&quot;<\/p>\n<p>Gostaria que todos os alunos aproveitassem ao m\u00e1ximo Hokuryu como uma cidade onde podem experimentar coisas novas. Acredito que os diversos desafios que voc\u00eas enfrentarem aqui contribuir\u00e3o para o seu crescimento pessoal, para o desenvolvimento da universidade e, acima de tudo, para a revitaliza\u00e7\u00e3o da nossa cidade. Espero construir um relacionamento duradouro com voc\u00eas.<\/p>\n<h4>Presidente da Universidade de Ci\u00eancias de Hokkaido, Takashi Kawakami: &quot;Rumo a um novo ambiente de aprendizagem para a Faculdade de Cria\u00e7\u00e3o Regional, com inaugura\u00e7\u00e3o prevista para 2027&quot;<\/h4>\n<p>Em seguida, o presidente da Universidade de Ci\u00eancias de Hokkaido, Takashi Kawakami, falou sobre a vis\u00e3o da universidade e suas considera\u00e7\u00f5es sobre o acordo.<\/p>\n<figure class=\"wp-caption aligncenter\"><a href=\"https:\/\/photos.google.com\/share\/AF1QipOH27dWrZMpA5oj4sAQ5uV18jKbYyCbTvs-YuhWvEYUConEdHrdmrYRVkiqiMTLNA\/photo\/AF1QipMGOl30YG0KX6qKk5fqAIy5atNm27kC_6FoJWg?key=MWZDQS1tS28tOGFOMnBRMEpscG15N2RiQm9jSkVR\" target=\"_blank\"><img decoding=\"async\" src=\"https:\/\/lh3.googleusercontent.com\/pw\/AP1GczMtwavfhoVdRf5WF5JQQuirU0kENLn1zSskNDCa6jE8wzZuVgzTfK8TuZifcojOjzcko1O6-9CxRIvQvSS5YC7BTOFeVSe4pee16khfrlrZNLT-VaYKOWGEx1r4WsxG3l3VRp0bC2mm-LlPJ-p2Xu2h=w2000-h1333-s-no-gm?authuser=0\" width=\"2000\" height=\"1125\" alt=\"Presidente da Universidade de Ci\u00eancias de Hokkaido, Kawakami\" class=\"size-full\" \/><\/a><figcaption class=\"wp-caption-text\">Presidente da Universidade de Ci\u00eancias de Hokkaido, Kawakami<\/figcaption><\/figure>\n<p>&quot;Gostaria de expressar minha sincera gratid\u00e3o por nos proporcionarem esta maravilhosa oportunidade hoje. Nossa institui\u00e7\u00e3o educacional matriz, a corpora\u00e7\u00e3o educacional, celebrou seu centen\u00e1rio no ano passado, e a cidade de Hokuryu, com sua hist\u00f3ria de mais de 130 anos, est\u00e1 profundamente enraizada em Hokkaido e continua a trabalhar arduamente pela comunidade. Sentimos que ela \u00e9 uma &#039;amiga&#039; nossa.&quot;<\/p>\n<p>Nossa universidade formou profissionais altamente especializados, incluindo engenheiros em \u00e1reas como arquitetura, preven\u00e7\u00e3o de desastres e energias renov\u00e1veis, bem como profissionais da sa\u00fade, como enfermeiros e farmac\u00eauticos. No entanto, os problemas regionais atuais, diante de uma popula\u00e7\u00e3o em decl\u00ednio, n\u00e3o podem ser resolvidos com apenas uma \u00e1rea de especializa\u00e7\u00e3o. O que se faz necess\u00e1rio agora s\u00e3o pessoas com capacidade de lideran\u00e7a para ter uma vis\u00e3o abrangente de quest\u00f5es complexas e interligadas, coordenar diversos especialistas e liderar projetos.<\/p>\n<p>Portanto, nossa universidade planeja inaugurar uma nova &quot;Faculdade de Cria\u00e7\u00e3o Regional, Departamento de Cria\u00e7\u00e3o Regional (nome provis\u00f3rio)&quot; em abril de 2027. O princ\u00edpio fundamental desse aprendizado \u00e9 que os alunos n\u00e3o permane\u00e7am apenas na sala de aula, mas sim &quot;aprendam na comunidade&quot;. Este acordo representa um passo extremamente importante para a concretiza\u00e7\u00e3o desse ideal. Nossos alunos participar\u00e3o de diversos projetos na cidade de Hokuryu e trabalhar\u00e3o com os moradores para o desenvolvimento dos jovens. Nesse processo, esperamos contribuir para a solu\u00e7\u00e3o dos problemas da cidade, utilizando os recursos dispon\u00edveis em nossa universidade, como os das \u00e1reas de arquitetura, preven\u00e7\u00e3o de desastres e medicina.<\/p>\n<h3>Assinatura do acordo e um aperto de m\u00e3os firme<\/h3>\n<p>Os dois representantes assinaram o acordo e trocaram um firme aperto de m\u00e3os.<\/p>\n<figure class=\"wp-caption aligncenter\"><a href=\"https:\/\/photos.google.com\/share\/AF1QipOH27dWrZMpA5oj4sAQ5uV18jKbYyCbTvs-YuhWvEYUConEdHrdmrYRVkiqiMTLNA\/photo\/AF1QipMcV1ejmFErOb7aKE9mFg9zmrLlBinbdPUw650?key=MWZDQS1tS28tOGFOMnBRMEpscG15N2RiQm9jSkVR\" target=\"_blank\"><img decoding=\"async\" src=\"https:\/\/lh3.googleusercontent.com\/pw\/AP1GczN3wgOhBxKg8eb6fOT48UgNL7tJPhxKNZ07clsPs6CnKDNkjpWWxqyBBQJy2nK9kEnVEDe8XUy910JQuuw1gHvRZATl09hcgVLG_r4P7_bmHY-72VQyYK_u2fnKZ_lHvXOVAL6vVQC5Te0oQhwxi-bO=w2000-h1125-s-no-gm?authuser=0\" width=\"2000\" height=\"1125\" alt=\"Assinatura do acordo\" class=\"size-full\" \/><\/a><figcaption class=\"wp-caption-text\">Assinatura do acordo<\/figcaption><\/figure>\n<figure class=\"wp-caption aligncenter\"><a href=\"https:\/\/photos.google.com\/share\/AF1QipOH27dWrZMpA5oj4sAQ5uV18jKbYyCbTvs-YuhWvEYUConEdHrdmrYRVkiqiMTLNA\/photo\/AF1QipNKIq06wK5L0yZSDD6YOWmH9Gr5QzUdxbn0a8w?key=MWZDQS1tS28tOGFOMnBRMEpscG15N2RiQm9jSkVR\" target=\"_blank\"><img decoding=\"async\" src=\"https:\/\/lh3.googleusercontent.com\/pw\/AP1GczMmied0Ffq_9cqLFCu_hGKqMKqr2YFCJOIXuIH-3ac4lCsJS_AMlZjy6wzm1zprLlHg-73zAtNPx0D4dVAGALLJBk3Hg61zSK5iuyYcaGZjVliAgeHPPAZJESYVsID4DPfK5c7Gg68YOt-WGLYCNfIT=w2000-h1333-s-no-gm?authuser=0\" width=\"2000\" height=\"1125\" alt=\"Acordo\" class=\"size-full\" \/><\/a><figcaption class=\"wp-caption-text\">Acordo<\/figcaption><\/figure>\n<h3>Foto comemorativa<\/h3>\n<figure class=\"wp-caption aligncenter\"><a href=\"https:\/\/photos.google.com\/share\/AF1QipOH27dWrZMpA5oj4sAQ5uV18jKbYyCbTvs-YuhWvEYUConEdHrdmrYRVkiqiMTLNA\/photo\/AF1QipMrtJO6zW5t1I4L6KrbCNeSXLoAUshcL7xfAGk?key=MWZDQS1tS28tOGFOMnBRMEpscG15N2RiQm9jSkVR\" target=\"_blank\"><img decoding=\"async\" src=\"https:\/\/lh3.googleusercontent.com\/pw\/AP1GczOzJ1W6cx-U04UqZLqTIVEwKKhC9kZir80lNvkKs61xBhevQF7xbh0Xvzt_8swv7t0pcfQ4iLVnjUhbi43en-xABF9m1v-krWTwYXqXsVW7Dnp5cnmIRfV3KL0WC1TWTTxPckkfoWcifkPbm2igJBj9=w2000-h1333-s-no-gm?authuser=0\" width=\"2000\" height=\"1125\" alt=\"La\u00e7os fortes\" class=\"size-full\" \/><\/a><figcaption class=\"wp-caption-text\">La\u00e7os fortes<\/figcaption><\/figure>\n<figure class=\"wp-caption aligncenter\"><a href=\"https:\/\/photos.google.com\/share\/AF1QipOH27dWrZMpA5oj4sAQ5uV18jKbYyCbTvs-YuhWvEYUConEdHrdmrYRVkiqiMTLNA\/photo\/AF1QipO712zAXB6ctkrVDz-0inZDsGIIXWc5X2eaoJw?key=MWZDQS1tS28tOGFOMnBRMEpscG15N2RiQm9jSkVR\" target=\"_blank\"><img decoding=\"async\" src=\"https:\/\/lh3.googleusercontent.com\/pw\/AP1GczMOPczh_jyOfhFQGwtO8jGBDelZKbAHWQrlpNNVgmVJcWxDYhHOFtxd_Ig7xSM1y0hCnn75Xp55WUm6n00h7XTRdXFCd2fVfx9Ms_5YpRWnQvJRba5q6Isq6Sbl-vLj2qoB-a0HXnL3mGhx_eCisD5B=w2000-h1333-s-no-gm?authuser=0\" width=\"2000\" height=\"1125\" alt=\"Foto comemorativa\" class=\"size-full\" \/><\/a><figcaption class=\"wp-caption-text\">Foto comemorativa<\/figcaption><\/figure>\n<figure class=\"wp-caption aligncenter\"><a href=\"https:\/\/photos.google.com\/share\/AF1QipOH27dWrZMpA5oj4sAQ5uV18jKbYyCbTvs-YuhWvEYUConEdHrdmrYRVkiqiMTLNA\/photo\/AF1QipPImPf8h52B_BDmKLyjrmzIPQ5LRrM79eQhDWs?key=MWZDQS1tS28tOGFOMnBRMEpscG15N2RiQm9jSkVR\" target=\"_blank\"><img decoding=\"async\" src=\"https:\/\/lh3.googleusercontent.com\/pw\/AP1GczM4byVKKritSw02aM3HSDx9ibdA576vCPgm5BbaRMCk-4BrOdIBf6LD6Dv5eDx7iZ4e2HMFzxjd6bylwy3D7hWr1hypgJBoBS3U4h3ncw7FyY1fKa0n8_Ul64sQV3d9RRVKxaqIpkeZhb9v3N2YGydz=w2000-h1333-s-no-gm?authuser=0\" width=\"2000\" height=\"1125\" alt=\"Juntos com todos voc\u00eas\" class=\"size-full\" \/><\/a><figcaption class=\"wp-caption-text\">Juntos com todos voc\u00eas<\/figcaption><\/figure>\n<h3>O primeiro passo na cocria\u00e7\u00e3o revelado durante a sess\u00e3o de perguntas e respostas.<\/h3>\n<p>Durante a sess\u00e3o de perguntas e respostas que se seguiu \u00e0 assinatura, foram discutidos os planos espec\u00edficos e o contexto da colabora\u00e7\u00e3o.<\/p>\n<figure class=\"wp-caption aligncenter\"><a href=\"https:\/\/photos.google.com\/share\/AF1QipOH27dWrZMpA5oj4sAQ5uV18jKbYyCbTvs-YuhWvEYUConEdHrdmrYRVkiqiMTLNA\/photo\/AF1QipMsrXlS5nXIUdHpbqfyD70G_vYwUechnziAWRk?key=MWZDQS1tS28tOGFOMnBRMEpscG15N2RiQm9jSkVR\" target=\"_blank\"><img decoding=\"async\" src=\"https:\/\/lh3.googleusercontent.com\/pw\/AP1GczMz4O_HWRdknR9f2cc1lWhQb8PE5nIR-5fK36J-uUAcyF0x1_F4Xz3MbnYpVc0ZHRPJqdGSZNVbnwmhXPRbxe9K0mqmArn4Mai4ri4b5o-9ZxyVdvVVrEuk-zAGc8P_5ucqAkBhKbUDQ7gAQ_7a0_Qn=w2000-h1333-s-no-gm?authuser=0\" width=\"2000\" height=\"1125\" alt=\"Perguntas e Respostas\" class=\"size-full\" \/><\/a><figcaption class=\"wp-caption-text\">Perguntas e Respostas<\/figcaption><\/figure>\n<h4>P: Em que projetos colaborativos espec\u00edficos voc\u00ea est\u00e1 trabalhando?<\/h4>\n<figure class=\"wp-caption aligncenter\"><a href=\"https:\/\/photos.google.com\/share\/AF1QipOH27dWrZMpA5oj4sAQ5uV18jKbYyCbTvs-YuhWvEYUConEdHrdmrYRVkiqiMTLNA\/photo\/AF1QipMKohdqqcZvaMIHPdZYLBYOrVkplaZ9h-76fno?key=MWZDQS1tS28tOGFOMnBRMEpscG15N2RiQm9jSkVR\" target=\"_blank\"><img decoding=\"async\" src=\"https:\/\/lh3.googleusercontent.com\/pw\/AP1GczP4IAXjs7y4kK7p86t-dK3KEjDd1Tf1nlRXcnE3WwOd-_-XdJyH2i9A6GAes_F7jPp-vxRJVFJNfYkxUtGd2WuwJgbzhX0JiUIF2Nyqj1N26dT-Ohm8i200gvkaH8FCtagu4Pr28bO-J9P4oFVHrzD1=w2000-h1333-s-no-gm?authuser=0\" width=\"2000\" height=\"1125\" alt=\"Sobre o projeto de reforma de uma casa vazia na cidade\" class=\"size-full\" \/><\/a><figcaption class=\"wp-caption-text\">Sobre o projeto de reforma de uma casa vazia na cidade<\/figcaption><\/figure>\n<p><strong>Prefeito Sasaki:<\/strong>&quot;J\u00e1 temos um projeto espec\u00edfico em mente. Gostar\u00edamos de pedir aos alunos que elaborem o projeto de reforma de uma casa vazia na cidade.&quot;<\/p>\n<p><strong>Presidente Kawakami:<\/strong>&quot;Essa \u00e9 uma ideia maravilhosa. Se deixarmos tudo nas m\u00e3os dos estudantes de arquitetura, eles certamente podem construir uma casa normal e elegante. No entanto, como disse o prefeito, podemos chegar a uma proposta interessante que &#039;transmita alma&#039; e incorpore elementos art\u00edsticos. Se os estudantes das equipes de arquitetura e design trabalharem juntos, tenho certeza de que algo \u00fanico surgir\u00e1. Al\u00e9m disso, combinando n\u00e3o apenas a constru\u00e7\u00e3o, mas tamb\u00e9m especialistas em transporte que considerem a comodidade dos moradores, e conhecimento m\u00e9dico com uma perspectiva de reabilita\u00e7\u00e3o e cuidados com os idosos, acredito que podemos chegar a uma solu\u00e7\u00e3o abrangente para o problema.&quot;<\/p>\n<h4>P: O que motivou a assinatura deste acordo?<\/h4>\n<figure class=\"wp-caption aligncenter\"><a href=\"https:\/\/photos.google.com\/share\/AF1QipOH27dWrZMpA5oj4sAQ5uV18jKbYyCbTvs-YuhWvEYUConEdHrdmrYRVkiqiMTLNA\/photo\/AF1QipMq7MKNY1Dc8DvHCR5KSXIaB8tJaXG2Q5JELhc?key=MWZDQS1tS28tOGFOMnBRMEpscG15N2RiQm9jSkVR\" target=\"_blank\"><img decoding=\"async\" src=\"https:\/\/lh3.googleusercontent.com\/pw\/AP1GczMgpm-cGXHWvsHgF0sUA3OHTiRmArvKLY5lkaTNawZ9sANhPb1waFfJnfQ8_A-l7JHhAbbg-EVr949EwhxO4qHR7-Ek1Dhr-H5oewvGFx-2V8FxQf8KdHuK9qWizUvT-RGjImIDxr3gsZUmxN_EQEee=w2000-h1333-s-no-gm?authuser=0\" width=\"2000\" height=\"1125\" alt=\"O que levou \u00e0 conclus\u00e3o do acordo?\" class=\"size-full\" \/><\/a><figcaption class=\"wp-caption-text\">O que levou \u00e0 conclus\u00e3o do acordo?<\/figcaption><\/figure>\n<p><strong>Presidente Kawakami:<\/strong>Na verdade, um dos nossos professores j\u00e1 havia trabalhado com o prefeito Sasaki em projetos relacionados \u00e0 constru\u00e7\u00e3o. Por meio dessa conex\u00e3o, o prefeito teve a oportunidade de visitar nossa universidade, e a ideia de que &quot;talvez pud\u00e9ssemos fazer algo interessante juntos com a cidade de Hokuryu&quot; come\u00e7ou a se desenvolver. N\u00f3s, da universidade, fomos os que o abordamos.<\/p>\n<p>Ao ouvirem isso, houve exclama\u00e7\u00f5es de surpresa na plateia, e o prefeito Sasaki e o superintendente de educa\u00e7\u00e3o Tanaka tamb\u00e9m comentaram: &quot;O filho do superintendente tamb\u00e9m foi cuidado por voc\u00eas durante um tempo&quot; e &quot;\u00c9 realmente estranho como la\u00e7os podem se formar&quot;, revelando a profunda conex\u00e3o entre os dois homens em um ambiente descontra\u00eddo.<\/p>\n<p>Conhecimento especializado e o mundo real onde ele pode ser colocado em pr\u00e1tica. E o misterioso v\u00ednculo que conecta os dois. A nova parceria entre a Universidade de Ci\u00eancias de Hokkaido e a cidade de Hokuryu vai al\u00e9m da mera coopera\u00e7\u00e3o; ela come\u00e7ou a tecer uma nova hist\u00f3ria de &quot;cocria\u00e7\u00e3o&quot; que nutre a pr\u00f3xima gera\u00e7\u00e3o de talentos e o futuro da regi\u00e3o.<\/p>\n<h3>Foto comemorativa em Himawari no Sato<\/h3>\n<p>Ap\u00f3s a cerim\u00f4nia de assinatura, fomos \u00e0 vila dos girass\u00f3is em plena flora\u00e7\u00e3o. Expressamos nosso amor, gratid\u00e3o e ora\u00e7\u00f5es sem limites por esta nova hist\u00f3ria de cocria\u00e7\u00e3o que come\u00e7ou a brilhar \u00e0 medida que o conhecimento especializado da Universidade de Ci\u00eancias de Hokkaido e a experi\u00eancia pr\u00e1tica da cidade de Hokuryu se unem.<\/p>\n<figure class=\"wp-caption aligncenter\"><a href=\"https:\/\/photos.google.com\/share\/AF1QipOH27dWrZMpA5oj4sAQ5uV18jKbYyCbTvs-YuhWvEYUConEdHrdmrYRVkiqiMTLNA\/photo\/AF1QipOjAdOdadiy8QfudLowW8lsD0YeuPhIFsaEfY4?key=MWZDQS1tS28tOGFOMnBRMEpscG15N2RiQm9jSkVR\" target=\"_blank\"><img decoding=\"async\" src=\"https:\/\/lh3.googleusercontent.com\/pw\/AP1GczOXHF_dFpC_ihzcCC9atWofghf-QglommANXxB-CTqUMYVFv6N2w2Ku26xDD_mSPvgK83zgwaJKlJiOy3MIe0CzDDE_CxWcZchb9ElFgek3izRH_a3v_mMuwZ8-Ujtn4lWQjJFsAgCpEeC1K1N2K-VX=w2000-h1500-s-no-gm?authuser=0\" width=\"2000\" height=\"1125\" alt=\"Foto comemorativa em Himawari no Sato\" class=\"size-full\" \/><\/a><figcaption class=\"wp-caption-text\">Foto comemorativa em Himawari no Sato<\/figcaption><\/figure>\n<figure class=\"wp-caption aligncenter\"><a href=\"https:\/\/photos.google.com\/share\/AF1QipOH27dWrZMpA5oj4sAQ5uV18jKbYyCbTvs-YuhWvEYUConEdHrdmrYRVkiqiMTLNA\/photo\/AF1QipNBulnmt_6VSrZxL0yR7Sljcf3M1n1yZ9e8Srg?key=MWZDQS1tS28tOGFOMnBRMEpscG15N2RiQm9jSkVR\" target=\"_blank\"><img decoding=\"async\" src=\"https:\/\/lh3.googleusercontent.com\/pw\/AP1GczONThRNxvbv8AcuOJZLgGJ1CfabynTOyG5ik_-nCiQQR-zswBKyPcBJyz59woJGsPMsymhWEm5mISDYeHl9HMSi0lzwjF34WNeyQPKTUFutVc7Vym6A4FVTzUierRPG7GAENX2aiplVTfL6yIh-ynKC=w2000-h1500-s-no-gm?authuser=0\" width=\"2000\" height=\"1125\" alt=\"Sorrisos em plena flora\u00e7\u00e3o\" class=\"size-full\" \/><\/a><figcaption class=\"wp-caption-text\">Sorrisos em plena flora\u00e7\u00e3o<\/figcaption><\/figure>\n<figure class=\"wp-caption aligncenter\"><a href=\"https:\/\/photos.google.com\/share\/AF1QipNjKlcqsaQDKjI0OGpKOPo3fT3LFwPXolHZjV69iVHHpTl8vQ4zevg-IuNno1zsxQ\/photo\/AF1QipNZhSg7UgI6uUsACKGai8oObcUNit64sAh2cvs?key=czZabUs4OEtwX09XbzdZR1JYRnRBcjVlelktTVpR\" target=\"_blank\"><img decoding=\"async\" src=\"https:\/\/lh3.googleusercontent.com\/pw\/AP1GczOKGOtpMRir0cHFHb944fMYhpU4FOmGsjUw3zyF8Dp_OX_mNNHjz2wzeJq7G-ENkOrt9C3nu-hnUIRBTsoJCuStY9n7CArqqzhSbnCGSmYWMxD2plWWL33vY_RK3M4nUlz7J3Z3mgBocAz0aKBGxI6N=w2000-h1500-s-no-gm?authuser=0\" width=\"2000\" height=\"1125\" alt=\"Com gratid\u00e3o pela nova hist\u00f3ria de &quot;cocria\u00e7\u00e3o&quot; que est\u00e1 sendo tecida!\" class=\"size-full\" \/><\/a><figcaption class=\"wp-caption-text\">\u201c&quot;Com gratid\u00e3o pela nova hist\u00f3ria de cocria\u00e7\u00e3o que est\u00e1 sendo tecida!&quot;<\/figcaption><\/figure>\n<h2>Outras fotos<\/h2>\n<div class=\"img-move\"><img decoding=\"async\" style=\"vertical-align: middle;\" src=\"https:\/\/ehokkaido.net\/wp-content\/uploads\/2021\/12\/2021-12-06-11.41.12.png\" \/> <a href=\"https:\/\/photos.app.goo.gl\/PT9GgawG7GNJkhyZ7\" target=\"_blank\" rel=\"noopener noreferrer\">Fotos (33 fotos) da assinatura do acordo de parceria abrangente entre a Universidade de Ci\u00eancias de Hokkaido e a cidade de Hokuryu est\u00e3o dispon\u00edveis aqui &gt;&gt;<\/a><\/div>\n<h2>Artigos relacionados<\/h2>\n\n\n\n\n\n\n<p>\u25c7 <a href=\"https:\/\/portal.hokuryu.info\/pt\/62509\/\">\ud83d\udd8b\ufe0f Planejamento de conte\u00fado, reda\u00e7\u00e3o de artigos, sele\u00e7\u00e3o de fotos e cria\u00e7\u00e3o de v\u00eddeos: Ikuko Terauchi<img decoding=\"async\" style=\"vertical-align: middle;\" src=\"https:\/\/ehokkaido.net\/wp-content\/uploads\/2021\/12\/2021-12-06-11.41.12.png\" \/> Fotografia, edi\u00e7\u00e3o e gest\u00e3o do site: Noboru Terauchi<\/a><\/p>","protected":false},"excerpt":{"rendered":"<p>2025\u5e748\u670814\u65e5\uff08\u6728\uff09 8\u67088\u65e5\uff08\u91d1\uff09\u3001\u5317\u7adc\u753a\u306f\u5317\u6d77\u9053\u79d1\u5b66\u5927\u5b66\u3068\u3001\u307e\u3061\u3065\u304f\u308a\u306e\u305f\u3081\u306e\u5305\u62ec\u9023\u643a\u5354\u5b9a\u3092\u7de0\u7d50\u3057\u307e\u3057\u305f\u3002\u5927\u5b66\u304c\u6301\u3064\u5efa\u7bc9\u3001\u9632\u707d\u3001\u533b\u7642\u306a\u3069\u306e\u5c02\u9580\u77e5\u8b58\u3068\u30012027\u5e74\u65b0\u8a2d\u4e88\u5b9a\u306e\u300c\u5730\u57df\u5275\u9020\u5b66\u90e8\u300d\u306e\u82e5 [&hellip;]<\/p>\n","protected":false},"author":1,"featured_media":62692,"comment_status":"open","ping_status":"open","sticky":false,"template":"","format":"standard","meta":{"footnotes":""},"categories":[4,75,112],"tags":[],"class_list":["post-62417","post","type-post","status-publish","format-standard","has-post-thumbnail","hentry","category-cover-story","category-sasaki-yasuhiro-mayor","category-local_revitalization_2"],"_links":{"self":[{"href":"https:\/\/portal.hokuryu.info\/pt\/wp-json\/wp\/v2\/posts\/62417","targetHints":{"allow":["GET"]}}],"collection":[{"href":"https:\/\/portal.hokuryu.info\/pt\/wp-json\/wp\/v2\/posts"}],"about":[{"href":"https:\/\/portal.hokuryu.info\/pt\/wp-json\/wp\/v2\/types\/post"}],"author":[{"embeddable":true,"href":"https:\/\/portal.hokuryu.info\/pt\/wp-json\/wp\/v2\/users\/1"}],"replies":[{"embeddable":true,"href":"https:\/\/portal.hokuryu.info\/pt\/wp-json\/wp\/v2\/comments?post=62417"}],"version-history":[{"count":0,"href":"https:\/\/portal.hokuryu.info\/pt\/wp-json\/wp\/v2\/posts\/62417\/revisions"}],"wp:featuredmedia":[{"embeddable":true,"href":"https:\/\/portal.hokuryu.info\/pt\/wp-json\/wp\/v2\/media\/62692"}],"wp:attachment":[{"href":"https:\/\/portal.hokuryu.info\/pt\/wp-json\/wp\/v2\/media?parent=62417"}],"wp:term":[{"taxonomy":"category","embeddable":true,"href":"https:\/\/portal.hokuryu.info\/pt\/wp-json\/wp\/v2\/categories?post=62417"},{"taxonomy":"post_tag","embeddable":true,"href":"https:\/\/portal.hokuryu.info\/pt\/wp-json\/wp\/v2\/tags?post=62417"}],"curies":[{"name":"wp","href":"https:\/\/api.w.org\/{rel}","templated":true}]}}