{"id":62415,"date":"2025-08-12T09:39:53","date_gmt":"2025-08-12T00:39:53","guid":{"rendered":"https:\/\/portal.hokuryu.info\/?p=62415"},"modified":"2025-09-04T16:30:34","modified_gmt":"2025-09-04T07:30:34","slug":"%e5%9c%b0%e5%9f%9f%e3%81%a7%e8%82%b2%e3%81%a6%e3%80%81%e6%9c%aa%e6%9d%a5%e3%82%92%e6%8b%93%e3%81%8f%e3%80%82%e5%8c%97%e7%ab%9c%e7%94%ba%e3%80%81%e6%a0%97%e5%b1%b1%e7%94%ba%e3%81%a8%e5%8c%97%e6%b5%b7","status":"publish","type":"post","link":"https:\/\/portal.hokuryu.info\/pt\/62415\/","title":{"rendered":"Formando cuidadores localmente e abrindo caminho para o futuro: as cidades de Hokuryu e Kuriyama, juntamente com a Escola de Enfermagem e Bem-Estar de Hokkaido, enfrentam um novo desafio para garantir a forma\u00e7\u00e3o de cuidadores."},"content":{"rendered":"<p>Quarta-feira, 13 de agosto de 2025<\/p>\n<div class=\"ep-box es-BpaperRight es-grid bgc-VPsky\">Na quarta-feira, 6 de agosto, a cidade de Hokuryu assinou um acordo de parceria abrangente com a cidade de Kuriyama e a Escola de Enfermagem e Bem-Estar de Hokkaido, localizada na cidade de Hokuryu, para enfrentar o desafio comum da escassez de profissionais de enfermagem. Sob o tema &quot;crescendo juntos na comunidade e em Kuriyama&quot;, as duas cidades cooperar\u00e3o no apoio acad\u00eamico e na forma\u00e7\u00e3o em assist\u00eancia social. Esta \u00e9 uma iniciativa promissora que apoia os sonhos de jovens que aspiram a se tornarem profissionais de sa\u00fade e cria o futuro da regi\u00e3o por meio da colabora\u00e7\u00e3o entre os governos locais. Este \u00e9 o segundo acordo desse tipo na regi\u00e3o de Kita-Sorachi, ap\u00f3s o da cidade de Numata (2021), e o 21\u00ba no total.<\/div>\n<h2>Formando cuidadores localmente e abrindo caminho para o futuro: as cidades de Hokuryu e Kuriyama, juntamente com a Escola de Enfermagem e Bem-Estar de Hokkaido, enfrentam um novo desafio para garantir a forma\u00e7\u00e3o de cuidadores.<\/h2>\n<p>Na quarta-feira, 6 de agosto de 2025, foi realizada na sala de recep\u00e7\u00e3o do Centro de Sa\u00fade da Prefeitura de Hokuryu a cerim\u00f4nia de assinatura do &quot;Acordo de Parceria Abrangente para a Garantia de Profissionais de Cuidado&quot;, liderado pela cidade de Hokuryu, pela cidade de Kuriyama e pela Escola de Enfermagem e Bem-Estar de Hokkaido da cidade. O objetivo deste acordo \u00e9 fomentar, garantir e promover a reten\u00e7\u00e3o de profissionais de cuidado, bem como promover a educa\u00e7\u00e3o na \u00e1rea de bem-estar.<\/p>\n<figure class=\"wp-caption aligncenter\"><a href=\"https:\/\/photos.google.com\/share\/AF1QipOnCl_2e-8pDnEd-cg9OZpz8d8hoT_0F6khOYWqhmYjS9Fr88KIr3xpwljCH18T-g\/photo\/AF1QipOpcw7mDPCqgAh3P3POpCzvhpPII_gX4BeqBIU?key=enBSeDZGTDR4S285empDYmFnaGxWUWllQmhYdFFR\" target=\"_blank\"><img decoding=\"async\" src=\"https:\/\/lh3.googleusercontent.com\/pw\/AP1GczPz61NfG9veJhhtTFd4LcH1lWlDNqmT38pcpOX_9pifhD57dJoOzQZ4oXp575gk3m7qsUCs3GNi4i-wAO0PR8HC9HHCBRlh3y_fRsT3JJqMzUD2kLxsqUguU46ybWHXUGPMRSdaigN8gTVt9A1avXnC=w2000-h1125-s-no-gm?authuser=0\" width=\"2000\" height=\"1125\" alt=\"A cidade de Hokuryu, a cidade de Kuriyama e a Escola de Enfermagem e Bem-Estar de Hokkaido, ambas administradas pela cidade de Hokuryu, assinaram um amplo acordo de parceria para garantir a contrata\u00e7\u00e3o de pessoal de enfermagem.\" class=\"size-full\" \/><\/a><figcaption class=\"wp-caption-text\">A cidade de Hokuryu, a cidade de Kuriyama e a Escola de Enfermagem e Bem-Estar de Hokkaido, ambas administradas pela cidade de Hokuryu, assinaram um amplo acordo de parceria para garantir a contrata\u00e7\u00e3o de pessoal de enfermagem.<\/figcaption><\/figure>\n<h3>Vis\u00e3o geral da cerim\u00f4nia de assinatura do acordo<\/h3>\n<p>O evento foi moderado por Yayoi Kawamoto, Chefe da Divis\u00e3o de Estrat\u00e9gia para o Futuro da Cidade.<\/p>\n<figure class=\"wp-caption aligncenter\"><a href=\"https:\/\/photos.google.com\/share\/AF1QipOnCl_2e-8pDnEd-cg9OZpz8d8hoT_0F6khOYWqhmYjS9Fr88KIr3xpwljCH18T-g\/photo\/AF1QipOpb2qXPmEhpswtY7MqN-JrZM6QmCiLG5-NtfE?key=enBSeDZGTDR4S285empDYmFnaGxWUWllQmhYdFFR\" target=\"_blank\"><img decoding=\"async\" src=\"https:\/\/lh3.googleusercontent.com\/pw\/AP1GczOUWE4SuOLJLa3oPmo1gJ33HijB13KXtZ3e-5dre2qT6SvXahVMfnExJiRe65ivMEWR35AQ-DQnfGd6surn_wEWipjaxCwXhKO-xalSpgzCykkt0AVRLxsaCaz7uuf_O7WBQtzrVA1sAp2apGwG5Ehj=w2000-h1125-s-no-gm?authuser=0\" width=\"2000\" height=\"1125\" alt=\"Yayoi Kawamoto, Divis\u00e3o de Estrat\u00e9gia para o Futuro da Cidade\" class=\"size-full\" \/><\/a><figcaption class=\"wp-caption-text\">Yayoi Kawamoto, Divis\u00e3o de Estrat\u00e9gia para o Futuro da Cidade<\/figcaption><\/figure>\n<h4>Apresentando os participantes<\/h4>\n<ul>\n<li><strong>Cidade de Kuriyama<\/strong>\n<ul>\n<li>Prefeito Manabu Sasaki<\/li>\n<li>O Sr. Masakazu Yoshida, Superintendente do Conselho de Educa\u00e7\u00e3o<\/li>\n<li>Sr. Takahiro Akushichi, Diretor da Escola de Bem-Estar de Enfermagem de Hokkaido da cidade de Kuriyama<\/li>\n<li>Sr. Toshiyuki Furuta, Vice-Diretor e Secret\u00e1rio-Geral da Escola de Bem-Estar de Enfermagem da Cidade de Kuriyama, Hokkaido<\/li>\n<li>Sr. Takashi Ikoma, Grupo de Assuntos Gerais, Divis\u00e3o de Assuntos Gerais, Prefeitura de Kuriyama<\/li>\n<\/ul>\n<\/li>\n<li><strong>Cidade de Hokuryu<\/strong>\n<ul>\n<li>Prefeito Yasuhiro Sasaki<\/li>\n<li>Vice-prefeito Masaaki Okuda<\/li>\n<li>Superintendente de Educa\u00e7\u00e3o Yoshiki Tanaka<\/li>\n<\/ul>\n<\/li>\n<\/ul>\n<h3>Acordo de parceria para garantir pessoal de enfermagem &quot;formado na comunidade e em Kuriyama&quot;<\/h3>\n<p>Toshiyuki Furuta, vice-diretor da Escola de Enfermagem e Bem-Estar da cidade de Kuriyama Hokkaido, apresentou um esbo\u00e7o do acordo.<\/p>\n<figure class=\"wp-caption aligncenter\"><a href=\"https:\/\/photos.google.com\/share\/AF1QipOnCl_2e-8pDnEd-cg9OZpz8d8hoT_0F6khOYWqhmYjS9Fr88KIr3xpwljCH18T-g\/photo\/AF1QipP7SAEPCVEFhdZbta5SbVxUvH221weKUVCtsDo?key=enBSeDZGTDR4S285empDYmFnaGxWUWllQmhYdFFR\" target=\"_blank\"><img decoding=\"async\" src=\"https:\/\/lh3.googleusercontent.com\/pw\/AP1GczMhq4OdgNQ2Fzm_9qwNFRmoaFlwC411nph7BM3W7_bwL_vu488AdQhv8vIBGxjKRNw_roXLlfB4GKrLxzUNj_iGfPOJ1Ce4Ua-3JrOt3C1qcegZwToy9FNDKAHMqxspJu5vvy-KdhU03963rYSJPZgS=w2000-h1125-s-no-gm?authuser=0\" width=\"2000\" height=\"1125\" alt=\"O diretor executivo Toshiyuki Furuta faz uma apresenta\u00e7\u00e3o.\" class=\"size-full\" \/><\/a><figcaption class=\"wp-caption-text\">O diretor executivo Toshiyuki Furuta faz uma apresenta\u00e7\u00e3o.<\/figcaption><\/figure>\n<p>O objetivo deste acordo \u00e9 fazer com que a &quot;comunidade local&quot;, que sofre com a escassez de profissionais de enfermagem, e a &quot;escola&quot;, que enfrenta o desafio de atrair alunos, trabalhem juntas para solucionar o problema, com base no princ\u00edpio de que &quot;profissionais de sa\u00fade que apoiar\u00e3o a comunidade local ser\u00e3o desenvolvidos em conjunto na comunidade local (cidade de Hokuryu) e em Kuriyama&quot;.<\/p>\n<figure class=\"wp-caption aligncenter\"><a href=\"https:\/\/photos.google.com\/share\/AF1QipOnCl_2e-8pDnEd-cg9OZpz8d8hoT_0F6khOYWqhmYjS9Fr88KIr3xpwljCH18T-g\/photo\/AF1QipMLwJKiiaJ4ueSbAFV0lAMPJNvhW551PWVgA5E?key=enBSeDZGTDR4S285empDYmFnaGxWUWllQmhYdFFR\" target=\"_blank\"><img decoding=\"async\" src=\"https:\/\/lh3.googleusercontent.com\/pw\/AP1GczNOJRq5UrshJh8oVBeBulsIbVuHtOyLfuPgpfnZZgb9SyKNiKHER3v2591B6xyShkPeUL08kiZfN8S9UhYTgJ6feHqrI-GTyiG4cpbbvviM-UzVHV_SXaiE0EAJuvTy6mcf8oeCYOmCcEzaP8WQ_qa6=w2000-h1125-s-no-gm?authuser=0\" width=\"2000\" height=\"1125\" alt=\"Materiais para a cerim\u00f4nia de assinatura do acordo\" class=\"size-full\" \/><\/a><figcaption class=\"wp-caption-text\">Materiais para a cerim\u00f4nia de assinatura do acordo<\/figcaption><\/figure>\n<h4>Os quatro princ\u00edpios fundamentais do acordo<\/h4>\n<ul>\n<li>Contrata\u00e7\u00e3o de pessoal de enfermagem por meio do recrutamento de estudantes.<\/li>\n<li>Apoio \u00e0 independ\u00eancia social e profissional de jovens que desistiram de prosseguir os estudos por motivos financeiros.<\/li>\n<li>Identificar e desenvolver profissionais de sa\u00fade que liderar\u00e3o o futuro da regi\u00e3o.<\/li>\n<li>Criar um ambiente onde os cuidadores possam permanecer e trabalhar por um longo per\u00edodo.<\/li>\n<\/ul>\n<h4>Fun\u00e7\u00f5es de cada governo local<\/h4>\n<ul>\n<li><strong>O papel da cidade de Kuriyama (criar filhos em Kuriyama)<\/strong>\n<ul>\n<li>Ser\u00e1 implementado um sistema de admiss\u00e3o por recomenda\u00e7\u00e3o do governo local, que proporcionar\u00e1 um desconto de 100.000 ienes na taxa de matr\u00edcula e de 100.000 ienes na mensalidade do primeiro ano.<\/li>\n<li>Oferecemos educa\u00e7\u00e3o que constr\u00f3i uma base s\u00f3lida para carreiras profissionais por meio da prepara\u00e7\u00e3o para exames nacionais e um curr\u00edculo exclusivo.<\/li>\n<li>Apoiamos a educa\u00e7\u00e3o para o bem-estar social e o treinamento de funcion\u00e1rios promovidos por governos locais e empresas.<\/li>\n<\/ul>\n<\/li>\n<li><strong>O papel do governo local com o qual o acordo foi assinado (desenvolver o projeto localmente)<\/strong>\n<ul>\n<li>Coopera\u00e7\u00e3o no recrutamento de alunos para a escola.<\/li>\n<li>Para apoiar os estudantes que enfrentam dificuldades financeiras, foi criado um sistema de apoio ao estudo que oferece assist\u00eancia com as propinas e despesas de subsist\u00eancia.<\/li>\n<li>Promoveremos a educa\u00e7\u00e3o pr\u00e1tica em assist\u00eancia social e cuidados de enfermagem em escolas de ensino fundamental, m\u00e9dio e superior, bem como atividades de conscientiza\u00e7\u00e3o para os moradores locais.<\/li>\n<li>Ofereceremos treinamento para cuidadores locais a fim de desenvolver recursos humanos e aprimorar suas qualifica\u00e7\u00f5es.<\/li>\n<\/ul>\n<\/li>\n<\/ul>\n<h3>Exemplos espec\u00edficos de projetos colaborativos e a vis\u00e3o de futuro que almejamos.<\/h3>\n<h4>Exemplos de projetos colaborativos<\/h4>\n<ul>\n<li><strong>Projeto de introdu\u00e7\u00e3o do governo local<\/strong><br \/>\nNos dias 22 e 23 de julho, 13 munic\u00edpios parceiros participaram e apresentaram aos estudantes as atra\u00e7\u00f5es da cidade e as medidas de apoio \u00e0 carreira. Esta foi uma oportunidade para os estudantes aprenderem sobre as diversas regi\u00f5es de Hokkaido e ampliarem suas op\u00e7\u00f5es de emprego.<\/li>\n<li><strong>Apoiar eventos para promover o interesse pela profiss\u00e3o de enfermagem.<\/strong><br \/>\nEm agosto passado, alunos e professores ajudaram em um evento na cidade de Biratori, oferecendo um estande sobre como vivenciar o cuidado de idosos para moradores e estudantes do ensino m\u00e9dio. Isso foi poss\u00edvel gra\u00e7as ao &quot;Subs\u00eddio para Aumentar a Atratividade de Empregos de Cuidador&quot; de Hokkaido (Subs\u00eddio 100%), sem qualquer \u00f4nus financeiro para o governo local.<\/li>\n<\/ul>\n<h4>Sistema de colabora\u00e7\u00e3o e vis\u00e3o futura: &quot;Ciclo de garantia de pessoal de enfermagem&quot;<\/h4>\n<p>Este acordo n\u00e3o s\u00f3 fomenta a colabora\u00e7\u00e3o vertical entre a cidade de Kuriyama e cada governo local, como tamb\u00e9m cria liga\u00e7\u00f5es horizontais entre os dois munic\u00edpios. Uma vez por ano, ser\u00e1 realizada uma reuni\u00e3o online de troca de informa\u00e7\u00f5es para que ambos possam aprender com as pol\u00edticas uns dos outros.<\/p>\n<p>O objetivo \u00e9 descobrir e desenvolver talentos por meio da compreens\u00e3o das carreiras locais e criar um ciclo virtuoso no qual, ap\u00f3s adquirirem conhecimento especializado na escola, encontrem emprego e se estabele\u00e7am na regi\u00e3o. Em \u00faltima an\u00e1lise, o cen\u00e1rio ideal \u00e9 que os graduados que atuam na regi\u00e3o se tornem modelos de rela\u00e7\u00f5es p\u00fablicas, inspirando a pr\u00f3xima gera\u00e7\u00e3o de talentos.\n<\/p>\n<h3>Introdu\u00e7\u00e3o \u00e0 Escola de Enfermagem e Bem-Estar de Hokkaido<\/h3>\n<p>Esta escola municipal de enfermagem e assist\u00eancia social foi inaugurada em 1988 e tem capacidade para 80 alunos. Com uma equipe de cinco professores e cinco funcion\u00e1rios administrativos, j\u00e1 formou 2.308 alunos.<\/p>\n<h4>Tr\u00eas pilares da educa\u00e7\u00e3o e das conquistas<\/h4>\n<ul>\n<li><strong>Pilares da Educa\u00e7\u00e3o:<\/strong>Oferecemos programas como &quot;Pesquisa de Atividades Comunit\u00e1rias&quot;, onde os alunos identificam problemas de bem-estar social em suas comunidades, e &quot;Cursos de Apoio ao Desenvolvimento de Carreira&quot;, onde os alunos aprendem sobre diversas op\u00e7\u00f5es de carreira. Nosso curr\u00edculo escolar est\u00e1 alinhado com o &quot;Modelo dos Tr\u00eas Tipos de Cuidadores&quot; estabelecido pelo governo, e temos confian\u00e7a em nossa pol\u00edtica educacional.<\/li>\n<li><strong>Acordos celebrados:<\/strong>O programa teve in\u00edcio no final do ano fiscal de 2021 e, at\u00e9 o momento, firmou acordos com 20 munic\u00edpios. Este \u00e9 o primeiro acordo desse tipo a ser conclu\u00eddo na regi\u00e3o de Kita Sorachi.<\/li>\n<li><strong>Descontos nas mensalidades:<\/strong>Se voc\u00ea for recomendado pelo governo local, poder\u00e1 estudar por dois anos por 1,55 milh\u00e3o de ienes, o que \u00e9 mais de 500.000 ienes mais barato do que outras escolas em Hokkaido.<\/li>\n<li><strong>Alto \u00edndice de aprova\u00e7\u00e3o em exames nacionais:<\/strong>Nos oito anos desde que o exame nacional para cuidadores se tornou obrigat\u00f3rio, todos os graduados foram aprovados no exame quatro vezes.<\/li>\n<\/ul>\n<h4>Desenvolvimento de recursos humanos por meio da educa\u00e7\u00e3o integrada em faculdades t\u00e9cnicas.<\/h4>\n<p>A pedido do Minist\u00e9rio da Educa\u00e7\u00e3o, Cultura, Esportes, Ci\u00eancia e Tecnologia, em colabora\u00e7\u00e3o com a Escola Secund\u00e1ria Kuriyama, desenvolvemos um &quot;Programa Integrado de Educa\u00e7\u00e3o T\u00e9cnica&quot; que permite aos alunos estudarem \u00e1reas de bem-estar social de forma consistente ao longo de cinco anos, desde o ensino m\u00e9dio at\u00e9 a escola profissionalizante. No futuro, pretendemos adaptar esse curr\u00edculo e oferec\u00ea-lo a outros governos locais e escolas secund\u00e1rias.<\/p>\n<h4>Assinatura do acordo<\/h4>\n<p>O presidente Iwano e o prefeito Sasaki assinaram o acordo e apertaram as m\u00e3os firmemente.<\/p>\n<figure class=\"wp-caption alignnone\"><a href=\"https:\/\/photos.google.com\/share\/AF1QipOnCl_2e-8pDnEd-cg9OZpz8d8hoT_0F6khOYWqhmYjS9Fr88KIr3xpwljCH18T-g\/photo\/AF1QipPQJptDF6Xbd7UvFScVEyys3J8k15AGJKZqOws?key=enBSeDZGTDR4S285empDYmFnaGxWUWllQmhYdFFR\" target=\"_blank\"><img decoding=\"async\" src=\"https:\/\/lh3.googleusercontent.com\/pw\/AP1GczMWUvbcUmp7N7C0l1dli8wNXjVYlRW6GXiaovzV9B2VnLT3hz0QqkJYOZAz5F1gqUQlpYsRZLXoTBcmMUuemFLAexUKC5rBfMvESnv5Fzz_C60p58WD4E_obbomFExrTswZYy_VCVzgoQzBQoB6mZaw=w2000-h1125-s-no-gm?authuser=0\" width=\"2000\" height=\"1125\" alt=\"Assinatura do acordo\" class=\"size-full\" \/><\/a><figcaption class=\"wp-caption-text\">Assinatura do acordo<\/figcaption><\/figure>\n<figure class=\"wp-caption aligncenter\"><a href=\"https:\/\/photos.google.com\/share\/AF1QipOnCl_2e-8pDnEd-cg9OZpz8d8hoT_0F6khOYWqhmYjS9Fr88KIr3xpwljCH18T-g\/photo\/AF1QipNC0vzySvRQnFLi5XOLrPX-jEizyrspaKdrpLM?key=enBSeDZGTDR4S285empDYmFnaGxWUWllQmhYdFFR\" target=\"_blank\"><img decoding=\"async\" src=\"https:\/\/lh3.googleusercontent.com\/pw\/AP1GczMgZEGVU2RUfkMKBVefGLF2yuGXLF0tR7iJxIw74tiZkk04y-jtcZT5hjiBJD6NwivkDcEfK54MS4ZLdtuEHUreKPEOtrhZjOhIL02aq5aXtLQg7-2XXrHG7XYMWj_lhy4kskYibntu1YKNaIBupsSl=w2000-h1500-s-no-gm?authuser=0\" width=\"2000\" height=\"1500\" alt=\"Acordo\" class=\"size-full\" \/><\/a><figcaption class=\"wp-caption-text\">Acordo<\/figcaption><\/figure>\n<h4>Sess\u00e3o fotogr\u00e1fica comemorativa<\/h4>\n<figure class=\"wp-caption aligncenter\"><a href=\"https:\/\/photos.google.com\/share\/AF1QipOnCl_2e-8pDnEd-cg9OZpz8d8hoT_0F6khOYWqhmYjS9Fr88KIr3xpwljCH18T-g\/photo\/AF1QipOyuC9RJr7Fw8bpGYtVyQnQBT4tzWFlRoCQQQM?key=enBSeDZGTDR4S285empDYmFnaGxWUWllQmhYdFFR\" target=\"_blank\"><img decoding=\"async\" src=\"https:\/\/lh3.googleusercontent.com\/pw\/AP1GczPvCNInMbuMyWhCbFhzL3eFlFcGCBCv2GGllu5SpWAATxsmAV9QDLJY-lirnCwNa-jQasguY3W7Nuh-RnfjC0kemjzfUMp6Agf4-rEr48Xzd2HLJPQ_xDGwgmaz0sKc32wHqepl_MIX7n_gr865SmY9=w2000-h1500-s-no-gm?authuser=0\" width=\"2000\" height=\"1500\" alt=\"Foto comemorativa\" class=\"size-full\" \/><\/a><figcaption class=\"wp-caption-text\">Foto comemorativa<\/figcaption><\/figure>\n<figure class=\"wp-caption aligncenter\"><a href=\"https:\/\/photos.google.com\/share\/AF1QipOnCl_2e-8pDnEd-cg9OZpz8d8hoT_0F6khOYWqhmYjS9Fr88KIr3xpwljCH18T-g\/photo\/AF1QipP1MlUlxUDIfPptN7qI6yjHlhgo8mKqp7KbAdU?key=enBSeDZGTDR4S285empDYmFnaGxWUWllQmhYdFFR\" target=\"_blank\"><img decoding=\"async\" src=\"https:\/\/lh3.googleusercontent.com\/pw\/AP1GczOZaIJ5AWwM2HYKVMaONnQkaLf0fu09xN8I5DhDeC3v85HPSo9ZPnMsQcyZ-8b0HsD6vSHqtk6L5-ECrif6mgRjTaWa2AyUhZeY9IknHJ0ev39R-aTIo-WmHaMiPAOuXJNTYVa_M6Fepq8ioEmXYnin=w2000-h1500-s-no-gm?authuser=0\" width=\"2000\" height=\"1500\" alt=\"Juntos com todos voc\u00eas!\" class=\"size-full\" \/><\/a><figcaption class=\"wp-caption-text\">Juntos com todos voc\u00eas!<\/figcaption><\/figure>\n<h3>O prefeito fala sobre sua determina\u00e7\u00e3o e vis\u00e3o para o futuro.<\/h3>\n<h4>Prefeito Manabu Sasaki da cidade de Kuriyama: &quot;A grave realidade da escassez de profissionais de enfermagem&quot;<\/h4>\n<figure class=\"wp-caption aligncenter\"><a href=\"https:\/\/photos.google.com\/share\/AF1QipOnCl_2e-8pDnEd-cg9OZpz8d8hoT_0F6khOYWqhmYjS9Fr88KIr3xpwljCH18T-g\/photo\/AF1QipNjC89SPUfbaUmHwXyl4WJCGeMlMHme0-28m1w?key=enBSeDZGTDR4S285empDYmFnaGxWUWllQmhYdFFR\" target=\"_blank\"><img decoding=\"async\" src=\"https:\/\/lh3.googleusercontent.com\/pw\/AP1GczO4o6VDQybdmzR4C8ZDTlKpSroQo9zI7wxpjE525Jm7a041t7QE-IbRlXiaOZmuoo1sQE_ba-y6HmxYjRiw0ZpTZ_SjPLLT--pytmtlazI87nQR-YmESi4JmlfxnSjnD8ONwj74tJK2fqT_I5y5-ml_=w2000-h1125-s-no-gm?authuser=0\" width=\"2000\" height=\"1125\" alt=\"Prefeito Manabu Sasaki da cidade de Kuriyama\" class=\"size-full\" \/><\/a><figcaption class=\"wp-caption-text\">Prefeito Manabu Sasaki da cidade de Kuriyama<\/figcaption><\/figure>\n<p>Garantir a contrata\u00e7\u00e3o de cuidadores \u00e9 agora uma prioridade m\u00e1xima para todos os governos locais. O n\u00famero de escolas profissionalizantes que formam cuidadores diminuiu drasticamente em todo o pa\u00eds, de cerca de 430 escolas h\u00e1 uma d\u00e9cada para cerca de 300 atualmente. Em particular, muitas dessas escolas s\u00e3o privadas e, na realidade, ser\u00e3o obrigadas a fechar se n\u00e3o conseguirem atrair alunos. Mesmo em Hokkaido, o n\u00famero de escolas de forma\u00e7\u00e3o diminuiu de 21 para 14, e o ambiente prop\u00edcio para a forma\u00e7\u00e3o de excelentes cuidadores est\u00e1 se perdendo.<\/p>\n<p>Em 2025, a gera\u00e7\u00e3o dos baby boomers atingir\u00e1 a terceira idade avan\u00e7ada, e a demanda por cuidados de enfermagem aumentar\u00e1 ainda mais. J\u00e1 existe uma car\u00eancia de 220.000 profissionais de enfermagem em todo o pa\u00eds, e mais de 20.000 em Hokkaido, com a propor\u00e7\u00e3o de vagas para candidatos chegando a quase quatro vezes. De acordo com estimativas nacionais, em 2040, quando a popula\u00e7\u00e3o idosa atingir seu pico, haver\u00e1 uma car\u00eancia de 600.000 profissionais de enfermagem em todo o pa\u00eds, e mais de 30.000 em Hokkaido, e a sociedade japonesa poder\u00e1 enfrentar uma crise em que as pessoas n\u00e3o conseguir\u00e3o ingressar em institui\u00e7\u00f5es de longa perman\u00eancia, mesmo que desejem.<\/p>\n<p>&quot;Nestes tempos dif\u00edceis, esperamos sinceramente que este acordo ajude a resolver essas quest\u00f5es. Trabalharemos em coopera\u00e7\u00e3o com a cidade de Hokuryu e outros governos locais com os quais temos acordos para desenvolver o pessoal de enfermagem necess\u00e1rio em cada regi\u00e3o.&quot;<\/p>\n<h4>Prefeito da cidade de Hokuryu, Yasuhiro Sasaki: &quot;Pelo futuro da nossa cidade, pavimentaremos o caminho para os nossos filhos.&quot;<\/h4>\n<p>&lt;Prefeito da cidade de Hokuryu, Yasuhiro Sasaki: &quot;Pelo futuro da nossa cidade, pavimentaremos o caminho para os nossos filhos&quot;&gt;<\/p>\n<p>Em seguida, o prefeito Sasaki, da cidade de Hokuryu, falou sobre o compromisso da cidade com o desenvolvimento de recursos humanos e iniciativas espec\u00edficas.<\/p>\n<figure class=\"wp-caption aligncenter\"><a href=\"https:\/\/photos.google.com\/share\/AF1QipOnCl_2e-8pDnEd-cg9OZpz8d8hoT_0F6khOYWqhmYjS9Fr88KIr3xpwljCH18T-g\/photo\/AF1QipP9OyEn8-wFuEcBTANuM2JtlctrUbElsghK-SM?key=enBSeDZGTDR4S285empDYmFnaGxWUWllQmhYdFFR\" target=\"_blank\"><img decoding=\"async\" src=\"https:\/\/lh3.googleusercontent.com\/pw\/AP1GczPYBH0HyWsfX2oYxudD210f6DhOb3jDx9m2Je5pBxiJCru3S84Ga-KLd8m0z8zhCLskqhaHtQTGsn48GlFTjUrxZXcbwcgQ1t6BH3NZtfr9d-81ZGDGT8Na8_uAQd0hmR12py63zYB-4verY6eP84vM=w2000-h1125-s-no-gm?authuser=0\" width=\"2000\" height=\"1125\" alt=\"Prefeito Yasuhiro Sasaki da cidade de Hokuryu\" class=\"size-full\" \/><\/a><figcaption class=\"wp-caption-text\">Prefeito Yasuhiro Sasaki da cidade de Hokuryu<\/figcaption><\/figure>\n<p>&quot;H\u00e1 muitas crian\u00e7as maravilhosas na cidade de Hokuryu que, desde a idade escolar, expressaram o desejo de cuidar dos av\u00f3s e seguir carreira na \u00e1rea de cuidados. Queremos abrir caminho para que possamos apoiar integralmente essas crian\u00e7as aspirantes, para que elas n\u00e3o precisem desistir de seus sonhos por motivos financeiros ou de outra natureza.&quot;<\/p>\n<p>Como iniciativa concreta, revisamos recentemente a legisla\u00e7\u00e3o municipal sobre bolsas de estudo. Anteriormente, as bolsas eram garantidas apenas se os alunos continuassem morando na cidade at\u00e9 o terceiro ano do ensino m\u00e9dio, mas agora removemos essa exig\u00eancia. Isso significa que crian\u00e7as que sa\u00edram da cidade agora ser\u00e3o eleg\u00edveis para receber apoio, abrindo as portas para uma gama maior de estudantes.<\/p>\n<p>&quot;Quando as crian\u00e7as demonstram suas habilidades, isso acaba ajudando a amparar os idosos da cidade. Estamos determinados a criar um caminho s\u00f3lido para o futuro de nossas crian\u00e7as e o futuro de nossa cidade. A Escola de Enfermagem e Bem-Estar da Cidade de Kuriyama \u00e9 uma escola profissionalizante p\u00fablica apoiada por 24 cidades. Como membro desse grupo, faremos o poss\u00edvel para apoiar a escola.&quot;<\/p>\n<h3>Perspectivas espec\u00edficas de colabora\u00e7\u00e3o, conforme analisadas na sess\u00e3o de perguntas e respostas.<\/h3>\n<p>Durante a sess\u00e3o de perguntas e respostas que se seguiu \u00e0 assinatura, foram feitas perguntas mais espec\u00edficas sobre o acordo de colabora\u00e7\u00e3o.<\/p>\n<figure class=\"wp-caption aligncenter\"><a href=\"https:\/\/photos.google.com\/share\/AF1QipOnCl_2e-8pDnEd-cg9OZpz8d8hoT_0F6khOYWqhmYjS9Fr88KIr3xpwljCH18T-g\/photo\/AF1QipM9GGyPQ86y0bMk0cBgA5h-Jpniic87iiZJUbw?key=enBSeDZGTDR4S285empDYmFnaGxWUWllQmhYdFFR\" target=\"_blank\"><img decoding=\"async\" src=\"https:\/\/lh3.googleusercontent.com\/pw\/AP1GczPUjGmAPm6HTGE3FlVfU_np1JG-EER47LRJ6x9Ll7bobKorimHndeUqAQtCEnGnPYddvMgJdzn49pfaaG2kl1GwsBlEBUi43dlaR6uv-k7q5ZRcmQNSykvYGo2lNceseJgou0tHBrpBvpXYh_g-2-2B=w2000-h1125-s-no-gm?authuser=0\" width=\"2000\" height=\"1125\" alt=\"Perspectivas espec\u00edficas de colabora\u00e7\u00e3o \" class=\"size-full\" \/><\/a><figcaption class=\"wp-caption-text\">Perspectivas espec\u00edficas de colabora\u00e7\u00e3o<\/figcaption><\/figure>\n<ul>\n<li><strong>Q1. Qual \u00e9 o hist\u00f3rico do sistema de recomenda\u00e7\u00e3o e a taxa de emprego local?<\/strong>\n<p>(De um funcion\u00e1rio da escola) Nos tr\u00eas anos desde o lan\u00e7amento do sistema de recomenda\u00e7\u00e3o, quatro alunos de munic\u00edpios parceiros se matricularam. A primeira turma se formou este ano e, dos 17 alunos que se formaram, 10 encontraram emprego na regi\u00e3o, um dos quais utilizou o sistema de recomenda\u00e7\u00e3o.<br \/>\n\u3000<\/li>\n<li><strong>Q2. Com quantos munic\u00edpios voc\u00eas planejam firmar acordos no futuro?<\/strong>\n<p>(De um funcion\u00e1rio da escola) Embora o sistema apresente limita\u00e7\u00f5es, gostar\u00edamos muito de colaborar com qualquer governo local que deseje apoiar a comunidade local em conjunto. Recentemente, um acordo com a cidade de Fukagawa foi finalizado no dia 19 da pr\u00f3xima semana. Nossa escola sempre aceitou alunos de toda Hokkaido, e essa pol\u00edtica permanecer\u00e1 inalterada no futuro.<br \/>\n\u3000<\/li>\n<li><strong>P3. Que tipo de apoio espec\u00edfico a cidade de Hokuryu planeja fornecer no futuro?<\/strong>\n<p>(Do prefeito Sasaki da cidade de Hokuryu) Se houver algum aspecto negativo em nosso apoio, simplesmente continuaremos a aprimor\u00e1-lo. Em primeiro lugar, focaremos na busca por pessoas talentosas. Sempre comparecemos a eventos onde idosos se re\u00fanem, como a celebra\u00e7\u00e3o do Dia do Respeito aos Idosos da cidade, e conversamos diretamente com eles, perguntando: &quot;Voc\u00eas t\u00eam netos interessados nessa carreira?&quot;. Acreditamos que promover a escola de forma constante na comunidade local como &quot;uma \u00f3tima escola&quot; \u00e9 o primeiro passo para garantir que pessoas talentosas apoiem a comunidade. Continuaremos a aproveitar todas as oportunidades e a agir.<br \/>\n\u3000<\/li>\n<\/ul>\n<figure class=\"wp-caption aligncenter\"><a href=\"https:\/\/photos.google.com\/share\/AF1QipOnCl_2e-8pDnEd-cg9OZpz8d8hoT_0F6khOYWqhmYjS9Fr88KIr3xpwljCH18T-g\/photo\/AF1QipPP4tbkHX28Y7iEV_OAKXyw1eLy1tgw1N13qUE?key=enBSeDZGTDR4S285empDYmFnaGxWUWllQmhYdFFR\" target=\"_blank\"><img decoding=\"async\" src=\"https:\/\/lh3.googleusercontent.com\/pw\/AP1GczPVZmkaWFUDmlDoepxazY4ORcWrObcB1azrDxsS4ndlaTsEuumGl1giYXSJA1sb7WwWTvY8T28Fhrc_gd7U_Y4_-hA-rai2I-F8RhHOSOVlfvVzZZ09Vhk_Z9GrYLGkqQaEQTzKQbUok4EInGdsenTd=w2000-h1125-s-no-gm?authuser=0\" width=\"2000\" height=\"1125\" alt=\"Uma porta de entrada para garantir recursos humanos que apoiem a comunidade local.\" class=\"size-full\" \/><\/a><figcaption class=\"wp-caption-text\">Uma porta de entrada para garantir recursos humanos que apoiem a comunidade local.<\/figcaption><\/figure>\n<p>Este acordo \u00e9 mais do que uma simples cerim\u00f4nia de assinatura; ele demonstra a forte vontade dos governos locais de trabalharem juntos e tomarem medidas concretas para enfrentar os desafios que a regi\u00e3o enfrenta. H\u00e1 grandes expectativas de que esta iniciativa seja um raio de esperan\u00e7a tanto para os jovens que ser\u00e3o respons\u00e1veis pelo futuro da cidade de Hokuryu quanto para a comunidade local que eles sustentam.<\/p>\n<h3>Foto comemorativa em Himawari no Sato<\/h3>\n<p>Em seguida, fomos para uma vila de girass\u00f3is em plena flora\u00e7\u00e3o e tiramos fotos para recordar o momento.<\/p>\n<figure class=\"wp-caption aligncenter\"><a href=\"https:\/\/photos.google.com\/share\/AF1QipOnCl_2e-8pDnEd-cg9OZpz8d8hoT_0F6khOYWqhmYjS9Fr88KIr3xpwljCH18T-g\/photo\/AF1QipMbh4V6iRJ08uHeha4afeQD8ZjZ2MSzXMqSMeI?key=enBSeDZGTDR4S285empDYmFnaGxWUWllQmhYdFFR\" target=\"_blank\"><img decoding=\"async\" src=\"https:\/\/lh3.googleusercontent.com\/pw\/AP1GczP0VZ1Xvp_24bLqAyXMLQzuCsRBAs6t0oUotD5Qp5cPPQ_VDMNKZ0RKuJX2S5G6jCsBckaNXbK71X8n6a0vH4vj1lxQCvl9i4Im8mZGP0-ofIHUVGoh7jXLNUPalDjRjkDYxgR33L_XFJbqqwDPr1Gv=w2000-h1500-s-no-gm?authuser=0\" width=\"2000\" height=\"1125\" alt=\"\u00c0 aldeia dos girass\u00f3is em plena flora\u00e7\u00e3o.\" class=\"size-full\" \/><\/a><figcaption class=\"wp-caption-text\">Vila dos Girass\u00f3is em Plena Flora\u00e7\u00e3o x<\/figcaption><\/figure>\n<figure class=\"wp-caption aligncenter\"><a href=\"https:\/\/photos.google.com\/share\/AF1QipOnCl_2e-8pDnEd-cg9OZpz8d8hoT_0F6khOYWqhmYjS9Fr88KIr3xpwljCH18T-g\/photo\/AF1QipORWOdoAbcoxWa_O_ZAw4zjrjfLkc_yVor_8ys?key=enBSeDZGTDR4S285empDYmFnaGxWUWllQmhYdFFR\" target=\"_blank\"><img decoding=\"async\" src=\"https:\/\/lh3.googleusercontent.com\/pw\/AP1GczOuPzycKUmJ8wP_rKZBtmscocstiaCYVQqu3YuP3VfLevuGkTCaHvFoG9csznCwgMDXdCfrFm0Q8aqWkaUgmG8w2WZ4si4OiiTNaR8gsY7VfrlwPpG4jVGQi2f7pbRyz_qohrj0xZa3UhSnplM8zN2z=w2000-h1500-s-no-gm?authuser=0\" width=\"2000\" height=\"1125\" alt=\"Foto comemorativa\" class=\"size-full\" \/><\/a><figcaption class=\"wp-caption-text\">Foto comemorativa<\/figcaption><\/figure>\n<figure class=\"wp-caption aligncenter\"><a href=\"https:\/\/photos.google.com\/share\/AF1QipOnCl_2e-8pDnEd-cg9OZpz8d8hoT_0F6khOYWqhmYjS9Fr88KIr3xpwljCH18T-g\/photo\/AF1QipOaKiKF68Pry3px-TmBAyrmhxkjCKutNtoN4lc?key=enBSeDZGTDR4S285empDYmFnaGxWUWllQmhYdFFR\" target=\"_blank\"><img decoding=\"async\" src=\"https:\/\/lh3.googleusercontent.com\/pw\/AP1GczMOKPBK5Sh-ZkaikhMwWD4c0JbDFf2-889DMf-y9Oxa7m9R3ZQni77PbgYhPMM8pnWZ6f0eb7QnC748q3Bsh9PetdEiOxGCvlFKpxJpluoxV2wBFUrqOBwomPi5IF4NhY0ven-qYBqSgpkD18oQ2BlV=w2000-h1500-s-no-gm?authuser=0\" width=\"2000\" height=\"1125\" alt=\"Vers\u00e3o especial de filmagem\" class=\"size-full\" \/><\/a><figcaption class=\"wp-caption-text\">Vers\u00e3o especial de filmagem<\/figcaption><\/figure>\n<p>Com amor, gratid\u00e3o e ora\u00e7\u00f5es ilimitadas, aguardamos um futuro brilhante no qual a parceria abrangente entre a cidade de Kuriyama e a cidade de Hokuryu expandir\u00e1 nossas preciosas conex\u00f5es com as pessoas de uma perspectiva completa, incluindo os cuidadores.<\/p>\n<figure class=\"wp-caption aligncenter\"><a href=\"https:\/\/photos.google.com\/share\/AF1QipNjKlcqsaQDKjI0OGpKOPo3fT3LFwPXolHZjV69iVHHpTl8vQ4zevg-IuNno1zsxQ\/photo\/AF1QipPWZNYovSepy0ClnvxYIyZdZ7Hw8fo30URwncg?key=czZabUs4OEtwX09XbzdZR1JYRnRBcjVlelktTVpR\" target=\"_blank\"><img decoding=\"async\" src=\"https:\/\/lh3.googleusercontent.com\/pw\/AP1GczM-nOUJdg1VWlEfcMKethKublewObEM85lpJx3kxLlljgnF5Nefs7NL_s5wmDGAycBMs64M6Gv_P0ifn8gzN4aUNX6mVbwF841G6k9ifm43vgmL7hSpd414nFRx2PaFadOpcd_UMHHL6vkRUrJ2V_Un=w2000-h1500-s-no-gm?authuser=0\" width=\"2000\" height=\"1125\" alt=\"Grato por um futuro brilhante e promissor!\" class=\"size-full\" \/><\/a><figcaption class=\"wp-caption-text\">Grato por um futuro brilhante e promissor!<\/figcaption><\/figure>\n<h2>Outras fotos<\/h2>\n<div class=\"img-move\"><img decoding=\"async\" style=\"vertical-align: middle;\" src=\"https:\/\/ehokkaido.net\/wp-content\/uploads\/2021\/12\/2021-12-06-11.41.12.png\" \/> <a href=\"https:\/\/photos.app.goo.gl\/HmSDa3ofjZGYwG5P8\" target=\"_blank\" rel=\"noopener noreferrer\">As cidades de Hokuryu e Kuriyama assinam um amplo acordo de parceria para garantir a contrata\u00e7\u00e3o de profissionais de enfermagem. Veja 44 fotos aqui &gt;&gt;<\/a><\/div>\n<h2>Artigos relacionados<\/h2>\n\n\n\n\n\n\n<p>\u25c7 <a href=\"https:\/\/portal.hokuryu.info\/pt\/62509\/\">\ud83d\udd8b\ufe0f Planejamento de conte\u00fado, reda\u00e7\u00e3o de artigos, sele\u00e7\u00e3o de fotos e cria\u00e7\u00e3o de v\u00eddeos: Ikuko Terauchi<img decoding=\"async\" style=\"vertical-align: middle;\" src=\"https:\/\/ehokkaido.net\/wp-content\/uploads\/2021\/12\/2021-12-06-11.41.12.png\" \/> Fotografia, edi\u00e7\u00e3o e gest\u00e3o do site: Noboru Terauchi<\/a><\/p>","protected":false},"excerpt":{"rendered":"<p>2025\u5e74\uff18\u670813\u65e5\uff08\u6c34\uff09 8\u67086\u65e5\uff08\u6c34\uff09\u3001\u5317\u7adc\u753a\u306f\u3001\u4ecb\u8b77\u4eba\u6750\u4e0d\u8db3\u3068\u3044\u3046\u5171\u901a\u8ab2\u984c\u306b\u7acb\u3061\u5411\u304b\u3046\u305f\u3081\u3001\u6817\u5c71\u753a\u304a\u3088\u3073\u540c\u753a\u7acb\u5317\u6d77\u9053\u4ecb\u8b77\u798f\u7949\u5b66\u6821\u3068\u5305\u62ec\u9023\u643a\u5354\u5b9a\u3092\u7de0\u7d50\u3057\u307e\u3057\u305f\u3002\u300c\u5730\u57df\u3068\u6817\u5c71\u3067\u5171\u306b\u80b2\u3066\u308b\u300d\u3092\u30c6\u30fc\u30de\u306b [&hellip;]<\/p>\n","protected":false},"author":1,"featured_media":62593,"comment_status":"open","ping_status":"open","sticky":false,"template":"","format":"standard","meta":{"footnotes":""},"categories":[4,75,112],"tags":[],"class_list":["post-62415","post","type-post","status-publish","format-standard","has-post-thumbnail","hentry","category-cover-story","category-sasaki-yasuhiro-mayor","category-local_revitalization_2"],"_links":{"self":[{"href":"https:\/\/portal.hokuryu.info\/pt\/wp-json\/wp\/v2\/posts\/62415","targetHints":{"allow":["GET"]}}],"collection":[{"href":"https:\/\/portal.hokuryu.info\/pt\/wp-json\/wp\/v2\/posts"}],"about":[{"href":"https:\/\/portal.hokuryu.info\/pt\/wp-json\/wp\/v2\/types\/post"}],"author":[{"embeddable":true,"href":"https:\/\/portal.hokuryu.info\/pt\/wp-json\/wp\/v2\/users\/1"}],"replies":[{"embeddable":true,"href":"https:\/\/portal.hokuryu.info\/pt\/wp-json\/wp\/v2\/comments?post=62415"}],"version-history":[{"count":0,"href":"https:\/\/portal.hokuryu.info\/pt\/wp-json\/wp\/v2\/posts\/62415\/revisions"}],"wp:featuredmedia":[{"embeddable":true,"href":"https:\/\/portal.hokuryu.info\/pt\/wp-json\/wp\/v2\/media\/62593"}],"wp:attachment":[{"href":"https:\/\/portal.hokuryu.info\/pt\/wp-json\/wp\/v2\/media?parent=62415"}],"wp:term":[{"taxonomy":"category","embeddable":true,"href":"https:\/\/portal.hokuryu.info\/pt\/wp-json\/wp\/v2\/categories?post=62415"},{"taxonomy":"post_tag","embeddable":true,"href":"https:\/\/portal.hokuryu.info\/pt\/wp-json\/wp\/v2\/tags?post=62415"}],"curies":[{"name":"wp","href":"https:\/\/api.w.org\/{rel}","templated":true}]}}