{"id":62362,"date":"2025-08-12T09:36:41","date_gmt":"2025-08-12T00:36:41","guid":{"rendered":"https:\/\/portal.hokuryu.info\/?p=62362"},"modified":"2025-09-04T16:30:46","modified_gmt":"2025-09-04T07:30:46","slug":"%e3%81%b2%e3%81%be%e3%82%8f%e3%82%8a%e3%81%8c%e7%b9%8b%e3%81%84%e3%81%a0%e7%b5%86%e3%80%82%e9%85%aa%e8%be%b2%e5%ad%a6%e5%9c%92%e5%a4%a7%e5%ad%a6%e3%81%a8%e5%8c%97%e7%ab%9c%e7%94%ba%e3%80%81%e6%9c%aa","status":"publish","type":"post","link":"https:\/\/portal.hokuryu.info\/pt\/62362\/","title":{"rendered":"La\u00e7os forjados por girass\u00f3is. A Universidade Rakuno Gakuen e a cidade de Hokuryu assinam um amplo acordo de parceria para cocriar o futuro!"},"content":{"rendered":"<p>Ter\u00e7a-feira, 12 de agosto de 2025<\/p>\n<div class=\"ep-box es-BpaperRight es-grid bgc-VPsky\">Na quarta-feira, 6 de agosto, a Universidade Rakuno Gakuen e a cidade de Hokuryu, em Hokkaido, assinaram um amplo acordo de parceria. Com base na rela\u00e7\u00e3o de colabora\u00e7\u00e3o j\u00e1 existente no projeto de revitaliza\u00e7\u00e3o da produ\u00e7\u00e3o de \u00f3leo de girassol, as duas universidades ir\u00e3o colaborar em diversas \u00e1reas, incluindo agricultura inteligente, desenvolvimento de produtos especiais e controle da vida selvagem. Ao unir o poder da ind\u00fastria e da academia, as universidades visam promover a ind\u00fastria local e alcan\u00e7ar uma sociedade sustent\u00e1vel. Isso marca o in\u00edcio de um novo desafio: criar uma &quot;popula\u00e7\u00e3o conectada&quot; por meio da intera\u00e7\u00e3o entre estudantes e moradores da cidade, pavimentando o caminho para o futuro do munic\u00edpio.<\/div>\n<h2>La\u00e7os forjados por girass\u00f3is. A Universidade Rakuno Gakuen e a cidade de Hokuryu assinam um amplo acordo de parceria para cocriar o futuro!<\/h2>\n<p>Na quarta-feira, 6 de agosto, foi realizada uma cerim\u00f4nia de assinatura de um acordo de parceria abrangente entre a Universidade Rakuno Gakuen e a cidade de Hokuryu, no Centro de Sa\u00fade da Prefeitura de Hokuryu. O relacionamento de longa data constru\u00eddo por Himawari representar\u00e1 um passo importante para o futuro da regi\u00e3o e da universidade.<\/p>\n<figure class=\"wp-caption aligncenter\"><a href=\"https:\/\/photos.google.com\/share\/AF1QipM_ZsyZmfmkP96tKAI2mu3Jp77MxsORHy8lD9dCC6TAjiT7ZIaWoWzjGm_drXeubw\/photo\/AF1QipNQcv3rjOl_u0yh1VS1tU_UVYydNFAfSqjYhvw?key=LWVNbHlnWFR4ZU5pdDFydUtuenBSTVdwbEg0MHBn\" target=\"_blank\"><img decoding=\"async\" src=\"https:\/\/lh3.googleusercontent.com\/pw\/AP1GczNsztzaLFBvzk6APt1Hi5kXIZWHsVf5oP6DJwn1D-_WeCOPSHzcuMZAnLxBpTKZP2RZ_ppBNfARsVj-bQunFpnXxyLybvADBVkUL6n_EaL3APPNGtWw_-wt7S8vo4gG4l1Oi0Et1VIptJm1oFdTBWel=w2000-h1125-s-no-gm?authuser=0\" width=\"2000\" height=\"1125\" alt=\"Cerim\u00f4nia de assinatura de acordo de colabora\u00e7\u00e3o abrangente entre a Universidade Rakuno Gakuen e a cidade de Hokuryu.\" class=\"size-full\" \/><\/a><figcaption class=\"wp-caption-text\">Cerim\u00f4nia de assinatura de acordo de colabora\u00e7\u00e3o abrangente entre a Universidade Rakuno Gakuen e a cidade de Hokuryu.<\/figcaption><\/figure>\n<h3>Objetivo do acordo e projetos colaborativos<\/h3>\n<p>O acordo de colabora\u00e7\u00e3o abrangente visa aprofundar a pesquisa acad\u00eamica e aprimorar a educa\u00e7\u00e3o, utilizando de forma eficaz os recursos humanos, intelectuais e materiais de cada parte por meio da colabora\u00e7\u00e3o entre a Universidade Rakuno Gakuen e a cidade de Hokuryu. O acordo tamb\u00e9m tem como objetivo contribuir para a promo\u00e7\u00e3o das ind\u00fastrias locais, o desenvolvimento sustent\u00e1vel da economia local, a revitaliza\u00e7\u00e3o da comunidade local e a melhoria do bem-estar dos moradores.<\/p>\n<h4>Quatro pilares principais da coopera\u00e7\u00e3o<\/h4>\n<ul>\n<li>Quest\u00f5es relacionadas \u00e0 resolu\u00e7\u00e3o de problemas locais<\/li>\n<li>Quest\u00f5es relacionadas \u00e0 educa\u00e7\u00e3o, pesquisa e levantamento de dados<\/li>\n<li>Utiliza\u00e7\u00e3o das instala\u00e7\u00f5es e equipamentos existentes para colabora\u00e7\u00e3o.<\/li>\n<li>Outras quest\u00f5es necess\u00e1rias para a coopera\u00e7\u00e3o<\/li>\n<\/ul>\n<h3>Cenas da cerim\u00f4nia de assinatura<\/h3>\n<h4>Apresentando os participantes<\/h4>\n<p>O evento foi moderado por Yayoi Kawamoto, da Divis\u00e3o de Estrat\u00e9gia para o Futuro da Cidade.<\/p>\n<p>Apresentando os participantes<\/p>\n<ul>\n<li><strong>Universidade Rakuno Gakuen<\/strong>\n<figure class=\"wp-caption aligncenter\"><a href=\"https:\/\/photos.google.com\/share\/AF1QipM_ZsyZmfmkP96tKAI2mu3Jp77MxsORHy8lD9dCC6TAjiT7ZIaWoWzjGm_drXeubw\/photo\/AF1QipMZIdrkLyZS-GlxZ0XR-YO7UW5Gq6U5ukW7rX4?key=LWVNbHlnWFR4ZU5pdDFydUtuenBSTVdwbEg0MHBn\" target=\"_blank\"><img decoding=\"async\" src=\"https:\/\/lh3.googleusercontent.com\/pw\/AP1GczNgMlZVDOy751olvTH1jT4x6nfS1oyZq89KqNWQ3TjCNTbVMnWbZG6joFXT9MtaxE_Q8qY7P6AsnWeGt7MGvhL0OxW6fvZsWTD30J2Prus24y6oskKD0TTj2rAnMSLEf80f_5CPUOGK_LIx018eaqm4=w2000-h1125-s-no-gm?authuser=0\" width=\"2000\" height=\"1125\" alt=\"A todos na Universidade Rakuno Gakuen\" class=\"size-full\" \/><\/a><figcaption class=\"wp-caption-text\">A todos na Universidade Rakuno Gakuen<\/figcaption><\/figure>\n<ul>\n<li>Presidente Hidetomo Iwano<\/li>\n<li>Senhor Kentaro Koito, Decano da Faculdade de Agricultura, Alimenta\u00e7\u00e3o e Ci\u00eancias Ambientais<\/li>\n<li>Professor Shigeru Abe, Departamento de Ci\u00eancias da Alimenta\u00e7\u00e3o e da Sa\u00fade, Faculdade de Agricultura, Alimenta\u00e7\u00e3o e Ci\u00eancias Ambientais<\/li>\n<\/ul>\n<\/li>\n<li><strong>Cidade de Hokuryu<\/strong>\n<ul>\n<li>Prefeito Yasuhiro Sasaki<\/li>\n<li>Vice-prefeito Masaaki Okuda<\/li>\n<li>Superintendente de Educa\u00e7\u00e3o Yoshiki Tanaka<\/li>\n<\/ul>\n<\/li>\n<\/ul>\n<figure class=\"wp-caption aligncenter\"><a href=\"https:\/\/photos.google.com\/share\/AF1QipM_ZsyZmfmkP96tKAI2mu3Jp77MxsORHy8lD9dCC6TAjiT7ZIaWoWzjGm_drXeubw\/photo\/AF1QipNmvr4viNjqUAW9sI7Ztm19ID_QiKcVI53qYsg?key=LWVNbHlnWFR4ZU5pdDFydUtuenBSTVdwbEg0MHBn\" target=\"_blank\"><img decoding=\"async\" src=\"https:\/\/lh3.googleusercontent.com\/pw\/AP1GczMcta6PyIQrh7P7Z_NUwwsodEa2_1kSNI0syr60i9GHkd4Y1QLDJRbQ5YGhINrWTVF8tT3Sjo0y6EeXWWFCarqlrBWQRyWjkA1_HRUwIswOB5RF8RqhI-5fZP_qY8KSmUYNzYEN5lVd1kTe1v6QZHuX=w2000-h1125-s-no-gm?authuser=0\" width=\"2000\" height=\"1125\" alt=\"Prezados participantes,\" class=\"size-full\" \/><\/a><figcaption class=\"wp-caption-text\">Prezados participantes,<\/figcaption><\/figure>\n<h4>Vis\u00e3o geral do acordo<\/h4>\n<p>Ryota Hashimoto, chefe da Divis\u00e3o de Estrat\u00e9gia para o Futuro da Cidade, explicou a hist\u00f3ria e o prop\u00f3sito do acordo.<\/p>\n<p>&quot;Na cidade de Hokuryu, a produ\u00e7\u00e3o de \u00f3leo de girassol cessou em 2003, ent\u00e3o o Projeto de Revitaliza\u00e7\u00e3o do \u00d3leo de Girassol foi criado em 2015. Desde 2016, com a ajuda do Professor Shigeru Abe da Universidade Rakuno Gakuen, temos trabalhado para revitalizar a ind\u00fastria local, melhorando a qualidade do \u00f3leo de girassol.&quot;<\/p>\n<p>&quot;Por meio da colabora\u00e7\u00e3o entre a ind\u00fastria e a academia, buscamos utilizar de forma m\u00fatua e eficaz os recursos de cada parte, aprofundar a pesquisa acad\u00eamica e aprimorar a educa\u00e7\u00e3o, bem como promover a ind\u00fastria local, contribuir para o desenvolvimento sustent\u00e1vel da economia local e para a revitaliza\u00e7\u00e3o da comunidade local e a melhoria do bem-estar dos moradores&quot;, explicou o chefe de se\u00e7\u00e3o Hashimoto.<br \/>\n<figure class=\"wp-caption alignnone\"><a href=\"https:\/\/photos.google.com\/share\/AF1QipM_ZsyZmfmkP96tKAI2mu3Jp77MxsORHy8lD9dCC6TAjiT7ZIaWoWzjGm_drXeubw\/photo\/AF1QipPrXyOKaL5qgNfmDaX2iQ3dKyjZl-a1P1M4bzM?key=LWVNbHlnWFR4ZU5pdDFydUtuenBSTVdwbEg0MHBn\" target=\"_blank\"><img decoding=\"async\" src=\"https:\/\/lh3.googleusercontent.com\/pw\/AP1GczMDXa-uUpT7x_CDXXQ-C7rszX1LY2TvFWy8euC1w1MUrGEU14jRDYSIfkybvVcYTuTeQI48yAWYB2HFEo8RMYreG6eUF2X-1xeG_YJVDDVr9mtZusPOswC8-jyxjxNYf_JREc7LVjw_Eso1_XMTUoe7=w2000-h1125-s-no-gm?authuser=0\" width=\"2000\" height=\"1125\" alt=\"Vis\u00e3o geral do acordo\" class=\"size-full\" \/><\/a><figcaption class=\"wp-caption-text\">Vis\u00e3o geral do acordo<\/figcaption><\/figure>\n<h4>Assinatura do acordo<\/h4>\n<p>O presidente Iwano e o prefeito Sasaki assinaram o acordo e apertaram as m\u00e3os firmemente.<\/p>\n<figure class=\"wp-caption aligncenter\"><a href=\"https:\/\/photos.google.com\/share\/AF1QipM_ZsyZmfmkP96tKAI2mu3Jp77MxsORHy8lD9dCC6TAjiT7ZIaWoWzjGm_drXeubw\/photo\/AF1QipNMsGIOcRyqrzltcjABmP4eTZzwSmYa3Bg031A?key=LWVNbHlnWFR4ZU5pdDFydUtuenBSTVdwbEg0MHBn\" target=\"_blank\"><img decoding=\"async\" src=\"https:\/\/lh3.googleusercontent.com\/pw\/AP1GczPHbtnkffLQmp1Zjtl7MAQsv05lQufra8S3cl_T9SwZEtqRsaGwmFDjuDuTrwNMJ7X6LNYs8HGKGD1XzY97gZE6LpdaWVo575sPbZ5KoZBoXgCGzPrEp3zxbkHUA2jKzRDAvEseu7pRaMCzUtYWNwKz=w2000-h1125-s-no-gm?authuser=0\" width=\"2000\" height=\"1125\" alt=\"Assinatura do acordo\" class=\"size-full\" \/><\/a><figcaption class=\"wp-caption-text\">Assinatura do acordo<\/figcaption><\/figure>\n<figure class=\"wp-caption aligncenter\"><a href=\"https:\/\/photos.google.com\/share\/AF1QipM_ZsyZmfmkP96tKAI2mu3Jp77MxsORHy8lD9dCC6TAjiT7ZIaWoWzjGm_drXeubw\/photo\/AF1QipMsv0L-xtBO-yymTpJH4kTny_gqCv23NeKB1r0?key=LWVNbHlnWFR4ZU5pdDFydUtuenBSTVdwbEg0MHBn\" target=\"_blank\"><img decoding=\"async\" src=\"https:\/\/lh3.googleusercontent.com\/pw\/AP1GczNHMHNL-oQRdaeOd2Jw13dx6yq4TgIXXjVnPCooafNVqQ1v4QH02JQ_C5Dg-t24xJ5Httgom3TIEv9noPrIjvW-_M6IeuXqqpp77vujnxeqr_GzcP3zKTHwsYUJfK-SGfExUDAGiztgCkdzd9c9Qklo=w2000-h1500-s-no-gm?authuser=0\" width=\"2000\" height=\"1500\" alt=\"Acordo\" class=\"size-full\" \/><\/a><figcaption class=\"wp-caption-text\">Acordo<\/figcaption><\/figure>\n<figure class=\"wp-caption aligncenter\"><a href=\"https:\/\/photos.google.com\/share\/AF1QipM_ZsyZmfmkP96tKAI2mu3Jp77MxsORHy8lD9dCC6TAjiT7ZIaWoWzjGm_drXeubw\/photo\/AF1QipNKPO5Fkwuz1LbarkMUtkkVUJWXyV0rdl2jcfE?key=LWVNbHlnWFR4ZU5pdDFydUtuenBSTVdwbEg0MHBn\" target=\"_blank\"><img decoding=\"async\" src=\"https:\/\/lh3.googleusercontent.com\/pw\/AP1GczNS0dISx1HHpEUFXvafDDKd1gvBjZ9IleflBfQDE5zaNMC6wUZz7okgBkdYTwrueCpTKWycQwhp731IzbiZOkkFtekSUpoy-yAIg8pRjgWA-Z7KClGiG21ZTnriCwFs7dkSUdZxnPpGQ9eI0pwhi3u5=w2000-h1125-s-no-gm?authuser=0\" width=\"2000\" height=\"1125\" alt=\"O v\u00ednculo de concord\u00e2ncia\" class=\"size-full\" \/><\/a><figcaption class=\"wp-caption-text\">O v\u00ednculo de concord\u00e2ncia<\/figcaption><\/figure>\n<h4>sess\u00e3o de fotos<\/h4>\n<figure class=\"wp-caption aligncenter\"><a href=\"https:\/\/photos.google.com\/share\/AF1QipM_ZsyZmfmkP96tKAI2mu3Jp77MxsORHy8lD9dCC6TAjiT7ZIaWoWzjGm_drXeubw\/photo\/AF1QipOKNGRpOhMtOxvAKYaOVxfW13b7hHb-EOy7CNQ?key=LWVNbHlnWFR4ZU5pdDFydUtuenBSTVdwbEg0MHBn\" target=\"_blank\"><img decoding=\"async\" src=\"https:\/\/lh3.googleusercontent.com\/pw\/AP1GczO5Yt8CZu7CS8nYxCCP8Z-YFUfqZG7ddDSVRF6WmF69k5aVCn68jpWwRMB9rPl2P4nUT8qGSq4-dFytFasc-Di9qUlMFQayeCQD_LSccPo4UgEKYsdnGUON7sQcK1g2tmhxkC7wAtFCh6KD47jwYvdH=w2000-h1500-s-no-gm?authuser=0\" width=\"2000\" height=\"1500\" alt=\"Foto comemorativa\" class=\"size-full\" \/><\/a><figcaption class=\"wp-caption-text\">Foto comemorativa<\/figcaption><\/figure>\n<figure class=\"wp-caption aligncenter\"><a href=\"https:\/\/photos.google.com\/share\/AF1QipM_ZsyZmfmkP96tKAI2mu3Jp77MxsORHy8lD9dCC6TAjiT7ZIaWoWzjGm_drXeubw\/photo\/AF1QipNbgnSYbhmubcDgFw2Z-ktnoj2RNg4-7MpiMME?key=LWVNbHlnWFR4ZU5pdDFydUtuenBSTVdwbEg0MHBn\" target=\"_blank\"><img decoding=\"async\" src=\"https:\/\/lh3.googleusercontent.com\/pw\/AP1GczOyGicvv3NQaHzmd4XfuO8F6uDyskCSfKf2dpYPhMdoZNCSB9E9AmrwLI1b5Fo3O8UInz95cCDQH17tHm0Iumqo3PhMy8Bb9Kuo99LzoslmT1b6z3oLccR2NHugeiMxVGo8m6j6jRSjtt4HbozXcHx5=w2000-h1500-s-no-gm?authuser=0\" width=\"2000\" height=\"1500\" alt=\"Juntos com todos voc\u00eas!\" class=\"size-full\" \/><\/a><figcaption class=\"wp-caption-text\">Juntos com todos voc\u00eas!<\/figcaption><\/figure>\n<h3>Pensamentos para o futuro: Sauda\u00e7\u00f5es<\/h3>\n<h4>Prefeito da cidade de Hokuryu, Sr. Yasuhiro Sasaki<\/h4>\n<figure class=\"wp-caption alignnone\"><a href=\"https:\/\/photos.google.com\/share\/AF1QipM_ZsyZmfmkP96tKAI2mu3Jp77MxsORHy8lD9dCC6TAjiT7ZIaWoWzjGm_drXeubw\/photo\/AF1QipP874CuzeWcLitFZX2usLKs8ZKPVHAtnNzmNL8?key=LWVNbHlnWFR4ZU5pdDFydUtuenBSTVdwbEg0MHBn\" target=\"_blank\"><img decoding=\"async\" src=\"https:\/\/lh3.googleusercontent.com\/pw\/AP1GczM6w3UUvVyhtiVzL2ByztqDwawOFSDBzsttC6oJXRUaEK-BU7vUqYpcPCNM-PdXwv3UADd77HJPbSsOOwrJT8hON8UlJ7fDT5F7MM4iM41ct8gZ5-kfdO7DJJwEibhBDVGTbmhPmiDeo0UANI-ijptP=w2000-h1125-s-no-gm?authuser=0\" width=\"2000\" height=\"1125\" alt=\"Sauda\u00e7\u00f5es do prefeito Yasuhiro Sasaki\" class=\"size-full\" \/><\/a><figcaption class=\"wp-caption-text\">Sauda\u00e7\u00f5es do prefeito Yasuhiro Sasaki<\/figcaption><\/figure>\n<p>&quot;Muito obrigado pelo abrangente acordo de parceria firmado hoje. A cerim\u00f4nia de assinatura de hoje \u00e9 algo que est\u00e1vamos aguardando ansiosamente. A cidade tem acompanhado de perto o Professor Abe enquanto ele conduz suas pesquisas. Eu pessoalmente vi os alunos trabalhando arduamente, assim como os moradores da cidade. Ao verem essa parceria, os moradores acreditam que esta \u00e9 uma escola de latic\u00ednios verdadeiramente excelente.&quot;<\/p>\n<p>Consultei o Professor Abe sobre como poder\u00edamos dar continuidade a isso, e estou verdadeiramente feliz e grato por termos chegado a este ponto hoje.<\/p>\n<p>Assinamos o acordo hoje, mas acredito que este seja apenas o come\u00e7o, por isso gostaria de solicitar uma rela\u00e7\u00e3o de longo prazo com voc\u00eas.<\/p>\n<p>Embora tenha come\u00e7ado com o \u00f3leo de girassol, ouvi dizer que \u00e9 uma universidade abrangente que tamb\u00e9m engloba alimenta\u00e7\u00e3o, agricultura, meio ambiente e agricultura inteligente. Espero que voc\u00eas fa\u00e7am de Hokuryu uma &quot;cidade onde se possa experimentar&quot; todas essas \u00e1reas. Muito obrigado.<\/p>\n<p>&quot;Recebemos uma verba do governo nacional como parte do projeto de Subven\u00e7\u00e3o para Revitaliza\u00e7\u00e3o Regional 2.0 e criamos um novo departamento chamado &#039;Divis\u00e3o de Estrat\u00e9gia para o Futuro da Cidade&#039;. A partir deste novo ano fiscal, a cidade de Hokuryu est\u00e1 olhando para o futuro. Com o apoio de todos na Rakuno Gakuen e com a esperan\u00e7a de trabalharmos juntos por Hokuryu, Sorachi, Hokkaido e Jap\u00e3o, gostar\u00edamos de construir o conte\u00fado de nossa colabora\u00e7\u00e3o abrangente. Muito obrigado por virem hoje&quot;, disse o prefeito Sasaki.<\/p>\n<figure class=\"wp-caption aligncenter\"><a href=\"https:\/\/photos.google.com\/share\/AF1QipM_ZsyZmfmkP96tKAI2mu3Jp77MxsORHy8lD9dCC6TAjiT7ZIaWoWzjGm_drXeubw\/photo\/AF1QipNeLl0gjysf99I_jaa6CV7krJTF2rHTwvAOFXo?key=LWVNbHlnWFR4ZU5pdDFydUtuenBSTVdwbEg0MHBn\" target=\"_blank\"><img decoding=\"async\" src=\"https:\/\/lh3.googleusercontent.com\/pw\/AP1GczPj5am9S7pqsyeqnwG3vgpodsGmJI3o_Bx0U14pInpUHf_kNYQEKdClZfDqzfPMxxDcg7_echMyK7GnQxN1ATL7F5O-yKcK5tEPMjoxq4Ragbkpdf5KhvpHS0eOiVao1hujrAK0x-NXY2PaI4vzj2Ja=w2000-h1125-s-no-gm?authuser=0\" width=\"2000\" height=\"1125\" alt=\"Reflex\u00f5es sobre o futuro\" class=\"size-full\" \/><\/a><figcaption class=\"wp-caption-text\">Reflex\u00f5es sobre o futuro<\/figcaption><\/figure>\n<h4>Sr. Hidetomo Iwano, presidente da Universidade Rakuno Gakuen<\/h4>\n<figure class=\"wp-caption alignnone\"><a href=\"https:\/\/photos.google.com\/share\/AF1QipM_ZsyZmfmkP96tKAI2mu3Jp77MxsORHy8lD9dCC6TAjiT7ZIaWoWzjGm_drXeubw\/photo\/AF1QipOueeUp6b7vuXVEbzkxbW8RD91V3rST3UaxeSM?key=LWVNbHlnWFR4ZU5pdDFydUtuenBSTVdwbEg0MHBn\" target=\"_blank\"><img decoding=\"async\" src=\"https:\/\/lh3.googleusercontent.com\/pw\/AP1GczO0qh2B0xlzwTdcZYiemE3WB8L3FKQ9I3yWaiGtjDOSW8BmFpIU8VTRKvQuIuSsoR6LWAenl1vQEJzC8qcLiHE0JK5aa7IfIdc71qHUIoOp065bZKU1VVAGl08T2zKUIiW2xd7TPKTgTE-8Mpize_pB=w2000-h1125-s-no-gm?authuser=0\" width=\"2000\" height=\"1125\" alt=\"Sr. Hidetomo Iwano, presidente da Universidade Rakuno Gakuen\" class=\"size-full\" \/><\/a><figcaption class=\"wp-caption-text\">Sr. Hidetomo Iwano, presidente da Universidade Rakuno Gakuen<\/figcaption><\/figure>\n<p>&quot;Gostaria de expressar minha sincera gratid\u00e3o a todos que nos ajudaram a chegar at\u00e9 aqui e pela cerim\u00f4nia de assinatura do acordo que realizamos hoje. Estou ansioso para come\u00e7armos um novo trabalho a partir daqui.&quot;<\/p>\n<p>Baseada no esp\u00edrito fundador de seu idealizador, &quot;Terra Saud\u00e1vel, Pessoas Saud\u00e1veis&quot;, a Universidade Rakuno Gakuen tem se dedicado a cultivar recursos humanos saud\u00e1veis a partir da agricultura e do solo.<\/p>\n<p>Com o recente decl\u00ednio da popula\u00e7\u00e3o de jovens de 18 anos, surgem questionamentos sobre como as universidades regionais devem sobreviver. Existem mais de 800 universidades em todo o pa\u00eds e, com a expectativa de que a popula\u00e7\u00e3o diminua ainda mais a partir de 2030, algumas estimativas sugerem que mais de 200 delas ser\u00e3o obrigadas a fechar.<\/p>\n<p>Por outro lado, Hokkaido sustenta a agricultura de todo o Jap\u00e3o, com um \u00edndice de autossufici\u00eancia superior a 200%. No entanto, a popula\u00e7\u00e3o e o n\u00famero de agricultores, especialmente os produtores de leite, est\u00e3o diminuindo, inclusive em Hokkaido.<\/p>\n<p>Nesse contexto, estamos discutindo internamente na universidade como a Universidade Rakuno Gakuen deveria ser, e lan\u00e7aremos um novo departamento em 2026 que promover\u00e1 uma nova forma de agricultura, ou seja, a agricultura inteligente.<\/p>\n<p>Acredito que a Universidade Rakuno Gakuen tem a miss\u00e3o de &quot;fornecer recursos humanos que apoiem as \u00e1reas locais&quot;. Se a sociedade \u00e9 estruturada como uma pir\u00e2mide, mesmo que apenas algumas pessoas talentosas ocupem o topo, ela entrar\u00e1 em colapso sem as camadas intermedi\u00e1rias e fundamentais. Esses s\u00e3o os &quot;recursos humanos que sustentam a regi\u00e3o&quot;, e a Universidade Rakuno Gakuen deve cultivar tais recursos. Reflito sobre isso e percebo que essa era a vontade do nosso fundador.<\/p>\n<p>Em meio a tudo isso, a conex\u00e3o em torno do \u00f3leo de girassol levou a uma importante colabora\u00e7\u00e3o entre a universidade e a cidade de Hokuryu. A universidade considera essa colabora\u00e7\u00e3o extremamente significativa. Esperamos n\u00e3o apenas trabalhar com girass\u00f3is, mas tamb\u00e9m abordar quest\u00f5es locais, trazer nossos alunos conosco e trabalhar em conjunto com a cidade de Hokuryu para apoiar Hokkaido e o Jap\u00e3o. Esperamos usar essa conex\u00e3o maravilhosa como ponto de partida para desenvolver ainda mais o relacionamento. Aguardamos ansiosamente a oportunidade de trabalhar com voc\u00eas no futuro\u201d, disse o presidente Iwakura em seu discurso de abertura.<\/p>\n<h3>Perguntas e respostas: Colabora\u00e7\u00f5es espec\u00edficas e perspectivas futuras<\/h3>\n<h4>1. Desafios futuros<\/h4>\n<p><strong>Cidade de Hokuryu: Estabelecimento da marca do girassol e danos causados por p\u00e1ssaros e animais<\/strong><br \/>\n<figure class=\"wp-caption alignnone\"><a href=\"https:\/\/photos.google.com\/share\/AF1QipM_ZsyZmfmkP96tKAI2mu3Jp77MxsORHy8lD9dCC6TAjiT7ZIaWoWzjGm_drXeubw\/photo\/AF1QipOrpIm_J7HBtSNJtY14j7q7yEfX7xu-6Qbprlw?key=LWVNbHlnWFR4ZU5pdDFydUtuenBSTVdwbEg0MHBn\" target=\"_blank\"><img decoding=\"async\" src=\"https:\/\/lh3.googleusercontent.com\/pw\/AP1GczMptb6pEs5ZbPRpx5_5llyozh_BDei3mhjU8-bdu_GNJE_c19zBPTiVWXxi3FCGIjV6Vvypp4vVUCF3uQ16g_4_JkcHtE1p8KwDpcdgKZpKZMGegaziaT3oBC35H6jHxMPKeg-XLxzpigX53r71ROyj=w2000-h1125-s-no-gm?authuser=0\" width=\"2000\" height=\"1125\" alt=\"O prefeito Sasaki fala sobre os desafios futuros.\" class=\"size-full\" \/><\/a><figcaption class=\"wp-caption-text\">O prefeito Sasaki fala sobre os desafios futuros.<\/figcaption><\/figure>\n<ul>\n<li><strong>Prefeito Sasaki:<\/strong>&quot;At\u00e9 agora, muitas vezes nos perguntaram sobre a rela\u00e7\u00e3o entre a marca &#039;Himawari&#039; e os produtos em si. Ao transformar o baga\u00e7o de girassol em fertilizante e usar esse fertilizante para cultivar arroz, mel\u00f5es e melancias, todos os produtos t\u00edpicos da cidade estar\u00e3o ligados sob a marca &#039;Himawari&#039;. Discutimos isso desde o ano passado e acreditamos que ser\u00e1 poss\u00edvel cultivar produtos agr\u00edcolas usando fertilizante de girassol seguro e de alta qualidade.&quot;<br \/>\n\u3000<\/li>\n<li><strong>Prefeito Sasaki:<\/strong>&quot;Tamb\u00e9m somos gratos \u00e0 Dairy Farm School por seu desejo de abordar a quest\u00e3o dos danos causados por p\u00e1ssaros e animais, ao mesmo tempo em que enfatiza a import\u00e2ncia da vida.&quot;<br \/>\n\u3000<\/li>\n<\/ul>\n<p><strong>\u25b6\ufe0eUniversidade Rakuno Gakuen: Utilizando conhecimento especializado<\/strong><\/p>\n<figure class=\"wp-caption alignnone\"><a href=\"https:\/\/photos.google.com\/share\/AF1QipM_ZsyZmfmkP96tKAI2mu3Jp77MxsORHy8lD9dCC6TAjiT7ZIaWoWzjGm_drXeubw\/photo\/AF1QipMRvJgynehgEF51h5sC0j3mzzwY9Zq9odDWKfc?key=LWVNbHlnWFR4ZU5pdDFydUtuenBSTVdwbEg0MHBn\" target=\"_blank\"><img decoding=\"async\" src=\"https:\/\/lh3.googleusercontent.com\/pw\/AP1GczMJBYSriANedWccThflE_wbV2Jxxz-VIDeg0H1xEUZxupU98Sxcvv8DSjTAvgB-6gv19qjh6nOE7IaNfSdYNeoOPrCHtSUDZc0RIrZS2qIz9gyLNuDn6jbfmZqBFV5xXhxc5fyVmq3C6V3atHvrzPfj=w2000-h1125-s-no-gm?authuser=0\" width=\"2000\" height=\"1125\" alt=\"Aproveitando a experi\u00eancia\" class=\"size-full\" \/><\/a><figcaption class=\"wp-caption-text\">Aproveitando a experi\u00eancia<\/figcaption><\/figure>\n<ul>\n<li><strong>Professor Abe:<\/strong>&quot;Temos uma rela\u00e7\u00e3o de longa data com eles no que diz respeito ao \u00f3leo de girassol de alta qualidade e temos tido a oportunidade de interagir com nossos alunos todos os anos. Esta nova parceria ser\u00e1 um acordo n\u00e3o apenas entre o nosso laborat\u00f3rio, mas com toda a universidade.&quot;<br \/>\n\u3000<\/li>\n<li><strong>Presidente Iwano:<\/strong>&quot;Nossa universidade se baseia nos temas de &#039;agricultura, alimenta\u00e7\u00e3o, meio ambiente e vida&#039;. Por exemplo, na \u00e1rea ambiental, temos professores especializados que analisam e interpretam imagens de drones. Ao fotografar vastas \u00e1reas de terras cultivadas do ar, \u00e9 poss\u00edvel apoiar o trabalho agr\u00edcola eficiente. Quando se trata de danos causados por p\u00e1ssaros e animais selvagens, a quest\u00e3o \u00e9 como coexistir com os humanos. Levando em considera\u00e7\u00e3o nosso hist\u00f3rico em outras regi\u00f5es, analisaremos como responder a essa quest\u00e3o na cidade de Hokuryu no futuro.&quot;<br \/>\n\u3000<\/li>\n<\/ul>\n<h4>2. Colabora\u00e7\u00e3o espec\u00edfica entre estudantes e a cidade<\/h4>\n<ul>\n<li><strong>Presidente Iwano:<\/strong>&quot;Na nossa universidade, quando os alunos chegam aos \u00faltimos anos da gradua\u00e7\u00e3o, eles se juntam a laborat\u00f3rios de pesquisa, v\u00e3o at\u00e9 a comunidade local com um tema em mente e usam suas habilidades cient\u00edficas para trabalhar na solu\u00e7\u00e3o de problemas. Como universidade, gostar\u00edamos de desenvolver um m\u00e9todo interativo que identifique problemas por meio do di\u00e1logo com os moradores locais e permita que os alunos contribuam com suas ideias.&quot;<br \/>\n\u3000<\/li>\n<li><strong>Professor Abe:<\/strong>&quot;Acreditamos que a falta de produtos especiais em Hokuryu seja um problema para a revitaliza\u00e7\u00e3o da economia. Nossos especialistas em marketing tamb\u00e9m afirmam que desejam encontrar recursos ocultos em Hokuryu e utiliz\u00e1-los para revitalizar a regi\u00e3o. Esperamos que o marketing, tendo o \u00f3leo de girassol como ponto de partida, leve ao desenvolvimento de produtos especiais e \u00e0 revitaliza\u00e7\u00e3o da regi\u00e3o.&quot;<br \/>\n\u3000<\/li>\n<li><strong>Prefeito Sasaki:<\/strong>&quot;As intera\u00e7\u00f5es entre os alunos e os moradores locais t\u00eam gerado conversas, e muitos moradores tomaram conhecimento da cidade. Ela evoluiu significativamente nos \u00faltimos tr\u00eas anos. At\u00e9 agora, est\u00e1vamos na primeira fase, e agora estamos na segunda. Com a popula\u00e7\u00e3o da cidade caindo para menos de 1.600 habitantes, manter o n\u00famero de visitantes e de moradores recorrentes \u00e9 uma quest\u00e3o importante. Quando os alunos que visitaram a cidade uma vez retornam uma segunda ou terceira vez, eles passam a fazer parte da &#039;popula\u00e7\u00e3o recorrente&#039;. Quando solicitamos a Subven\u00e7\u00e3o de Revitaliza\u00e7\u00e3o Regional, estabelecemos um indicador-chave de desempenho (meta num\u00e9rica) de &#039;popula\u00e7\u00e3o recorrente de 1.600 pessoas&#039;. Trabalharemos arduamente para atingir esse objetivo, por isso pedimos seu apoio cont\u00ednuo.&quot;\n<\/li>\n<\/ul>\n<figure class=\"wp-caption aligncenter\"><a href=\"https:\/\/photos.google.com\/share\/AF1QipM_ZsyZmfmkP96tKAI2mu3Jp77MxsORHy8lD9dCC6TAjiT7ZIaWoWzjGm_drXeubw\/photo\/AF1QipOKj42M0X_0i2gR323aWWcHhIaHoCy6nMmyFWo?key=LWVNbHlnWFR4ZU5pdDFydUtuenBSTVdwbEg0MHBn\" target=\"_blank\"><img decoding=\"async\" src=\"https:\/\/lh3.googleusercontent.com\/pw\/AP1GczN8piZ6IytHWfroid-MJH5vB1LdF270Dnry9o60FoO_DcFNWuEpfGjNUnn5Um68GIEN01RFwN-m8j4XLT0XUsbIl92ACJUtHVVoCfRLkzQbjt3G_0CbGTG6ABE2aeCzoU0jd4PXBNzajHzo8FTtKl-Q=w2000-h1125-s-no-gm?authuser=0\" width=\"2000\" height=\"1125\" alt=\"Desafios na expans\u00e3o da popula\u00e7\u00e3o relevante!\" class=\"size-full\" \/><\/a><figcaption class=\"wp-caption-text\">Desafios na expans\u00e3o da popula\u00e7\u00e3o relevante!<\/figcaption><\/figure>\n<h3>Foto comemorativa em Himawari no Sato<\/h3>\n<p>Ap\u00f3s a cerim\u00f4nia de assinatura, fomos at\u00e9 a vila dos girass\u00f3is, onde eles estavam em plena flora\u00e7\u00e3o, e tiramos fotos comemorativas. Os sorrisos de todos pareciam simbolizar o futuro brilhante da cidade de Hokuryu.<\/p>\n<figure class=\"wp-caption aligncenter\"><a href=\"https:\/\/photos.google.com\/share\/AF1QipM_ZsyZmfmkP96tKAI2mu3Jp77MxsORHy8lD9dCC6TAjiT7ZIaWoWzjGm_drXeubw\/photo\/AF1QipO8bOyzwHM6VqXneRiYPEJgD82JBkO6wiw8WzM?key=LWVNbHlnWFR4ZU5pdDFydUtuenBSTVdwbEg0MHBn\" target=\"_blank\"><img decoding=\"async\" src=\"https:\/\/lh3.googleusercontent.com\/pw\/AP1GczPGhCbyk9pvOWNF9en9ROY72SVfPP5oVPKe2SDUsQgw_GlIpa09OgtfrANEtkMVgPr5EAakZ_Fxvi99VYm9GcTi293zaWNYsBW03uZw9kOQ41YeuDxMGU7IFF4T-AIgryCR1-GJ0k42Fl6EqUVJjn4H=w2000-h1500-s-no-gm?authuser=0\" width=\"2000\" height=\"1500\" alt=\"Para a vila dos girass\u00f3is\" class=\"size-full\" \/><\/a><figcaption class=\"wp-caption-text\">Para a vila dos girass\u00f3is<\/figcaption><\/figure>\n<figure class=\"wp-caption aligncenter\"><a href=\"https:\/\/photos.google.com\/share\/AF1QipM_ZsyZmfmkP96tKAI2mu3Jp77MxsORHy8lD9dCC6TAjiT7ZIaWoWzjGm_drXeubw\/photo\/AF1QipPw_WxqhakveKoG4g3bRfyLtH2I56YB_MleZg0?key=LWVNbHlnWFR4ZU5pdDFydUtuenBSTVdwbEg0MHBn\" target=\"_blank\"><img decoding=\"async\" src=\"https:\/\/lh3.googleusercontent.com\/pw\/AP1GczPLz4yn5q5HFKJUSp80oB5roaLbIvWbLUJuysbCBoR7SJNZuDMINA-WhYq2FzABlPv5Dwl3qCQF-0kvBRvzxKzaUihKc63hJ3OqvGnd0Ch4LguVc-VyQxme7NbWKPCYB9T6wDUnhKabQWyHlmPAO6mt=w2000-h1500-s-no-gm?authuser=0\" width=\"2000\" height=\"1500\" alt=\"Com a Vila dos Girass\u00f3is ao fundo!\" class=\"size-full\" \/><\/a><figcaption class=\"wp-caption-text\">Com a Vila dos Girass\u00f3is ao fundo!<\/figcaption><\/figure>\n<figure class=\"wp-caption alignnone\"><a href=\"https:\/\/photos.google.com\/share\/AF1QipM_ZsyZmfmkP96tKAI2mu3Jp77MxsORHy8lD9dCC6TAjiT7ZIaWoWzjGm_drXeubw\/photo\/AF1QipPjtrXcoWsOny6YduJTDGLiNWUl88UP8wfZcPk?key=LWVNbHlnWFR4ZU5pdDFydUtuenBSTVdwbEg0MHBn\" target=\"_blank\"><img decoding=\"async\" src=\"https:\/\/lh3.googleusercontent.com\/pw\/AP1GczNWVfiAnQNH9jlaPoZKyPHBuW18k542eG8Y7ZbrGlU-w-RRDFz44jFbYGCJOR9cJF_xWaRDi7IIR7m1AAk-NnnprGKZDes84gMuGUfhJnrSdLTHQSvUhzoBax5p_CFct3PVV8bTI1dU9UhqoqtlltqV=w2000-h1500-s-no-gm?authuser=0\" width=\"2000\" height=\"1500\" alt=\"Em uma vers\u00e3o especial!\" class=\"size-full\" \/><\/a><figcaption class=\"wp-caption-text\">Em uma vers\u00e3o especial!<\/figcaption><\/figure>\n<p>Com amor, gratid\u00e3o e ora\u00e7\u00f5es ilimitadas, esperamos que esta maravilhosa conex\u00e3o entre a Universidade Rakuno Gakuen e a cidade de Hokuryu ajude ambas as partes a brilharem ainda mais intensamente com as cores do arco-\u00edris e a continuarem a se desenvolver.<\/p>\n<figure class=\"wp-caption aligncenter\"><a href=\"https:\/\/photos.google.com\/share\/AF1QipNjKlcqsaQDKjI0OGpKOPo3fT3LFwPXolHZjV69iVHHpTl8vQ4zevg-IuNno1zsxQ\/photo\/AF1QipMyReu_fAaBM-oQAWmN3I9r-xiXFvTKyksL05k?key=czZabUs4OEtwX09XbzdZR1JYRnRBcjVlelktTVpR\" target=\"_blank\"><img decoding=\"async\" src=\"https:\/\/lh3.googleusercontent.com\/pw\/AP1GczMxEnuVbFShN62gRMBwkrQUaEi_1DHEMwuAgq0qAnssBZkKup3W8V6w85w83LRSIkEf9pK_PuiJd4CYIAiRh0gBhEdSJAWR4GEYiik44KQdNFmnuU6iMGdY7Zxbct8cR68wJZFmQB3wT4ZyJxN_ExAy=w2000-h1500-s-no-gm?authuser=0\" width=\"2000\" height=\"1500\" alt=\"Com gratid\u00e3o pela ponte do arco-\u00edris!\" class=\"size-full\" \/><\/a><figcaption class=\"wp-caption-text\">Com gratid\u00e3o pela ponte do arco-\u00edris!<\/figcaption><\/figure>\n<h2>Outras fotos<\/h2>\n<div class=\"img-move\"><img decoding=\"async\" style=\"vertical-align: middle;\" src=\"https:\/\/ehokkaido.net\/wp-content\/uploads\/2021\/12\/2021-12-06-11.41.12.png\" \/> <a href=\"https:\/\/photos.app.goo.gl\/rKB7eMhMCkQ8WPbh8\" target=\"_blank\" rel=\"noopener noreferrer\">Fotos (48 fotos) da cerim\u00f4nia de assinatura do acordo de parceria abrangente entre a Universidade Rakuno Gakuen e a cidade de Hokuryu est\u00e3o dispon\u00edveis aqui &gt;&gt;<\/a><\/div>\n<h2>Artigos relacionados<\/h2>\n\n\n\n\n\n\n<p>\u25c7 <a href=\"https:\/\/portal.hokuryu.info\/pt\/62509\/\">\ud83d\udd8b\ufe0f Planejamento de conte\u00fado, reda\u00e7\u00e3o de artigos, sele\u00e7\u00e3o de fotos e cria\u00e7\u00e3o de v\u00eddeos: Ikuko Terauchi<img decoding=\"async\" style=\"vertical-align: middle;\" src=\"https:\/\/ehokkaido.net\/wp-content\/uploads\/2021\/12\/2021-12-06-11.41.12.png\" \/> Fotografia, edi\u00e7\u00e3o e gest\u00e3o do site: Noboru Terauchi<\/a><\/p>","protected":false},"excerpt":{"rendered":"<p>2025\u5e748\u670812\u65e5\uff08\u706b\uff09 8\u67086\u65e5\uff08\u6c34\uff09\u3001\u916a\u8fb2\u5b66\u5712\u5927\u5b66\u3068\u5317\u6d77\u9053\u5317\u7adc\u753a\u304c\u5305\u62ec\u9023\u643a\u5354\u5b9a\u3092\u7de0\u7d50\u3057\u307e\u3057\u305f\u3002\u3072\u307e\u308f\u308a\u6cb9\u518d\u751f\u30d7\u30ed\u30b8\u30a7\u30af\u30c8\u3067\u306e\u5354\u529b\u95a2\u4fc2\u3092\u790e\u306b\u3001\u4eca\u5f8c\u306f\u30b9\u30de\u30fc\u30c8\u8fb2\u696d\u3084\u7279\u7523\u54c1\u958b\u767a\u3001\u9ce5\u7363\u5bfe\u7b56\u306a\u3069\u591a\u5c90\u306b\u308f\u305f [&hellip;]<\/p>\n","protected":false},"author":1,"featured_media":62594,"comment_status":"open","ping_status":"open","sticky":false,"template":"","format":"standard","meta":{"footnotes":""},"categories":[4,75,112],"tags":[],"class_list":["post-62362","post","type-post","status-publish","format-standard","has-post-thumbnail","hentry","category-cover-story","category-sasaki-yasuhiro-mayor","category-local_revitalization_2"],"_links":{"self":[{"href":"https:\/\/portal.hokuryu.info\/pt\/wp-json\/wp\/v2\/posts\/62362","targetHints":{"allow":["GET"]}}],"collection":[{"href":"https:\/\/portal.hokuryu.info\/pt\/wp-json\/wp\/v2\/posts"}],"about":[{"href":"https:\/\/portal.hokuryu.info\/pt\/wp-json\/wp\/v2\/types\/post"}],"author":[{"embeddable":true,"href":"https:\/\/portal.hokuryu.info\/pt\/wp-json\/wp\/v2\/users\/1"}],"replies":[{"embeddable":true,"href":"https:\/\/portal.hokuryu.info\/pt\/wp-json\/wp\/v2\/comments?post=62362"}],"version-history":[{"count":0,"href":"https:\/\/portal.hokuryu.info\/pt\/wp-json\/wp\/v2\/posts\/62362\/revisions"}],"wp:featuredmedia":[{"embeddable":true,"href":"https:\/\/portal.hokuryu.info\/pt\/wp-json\/wp\/v2\/media\/62594"}],"wp:attachment":[{"href":"https:\/\/portal.hokuryu.info\/pt\/wp-json\/wp\/v2\/media?parent=62362"}],"wp:term":[{"taxonomy":"category","embeddable":true,"href":"https:\/\/portal.hokuryu.info\/pt\/wp-json\/wp\/v2\/categories?post=62362"},{"taxonomy":"post_tag","embeddable":true,"href":"https:\/\/portal.hokuryu.info\/pt\/wp-json\/wp\/v2\/tags?post=62362"}],"curies":[{"name":"wp","href":"https:\/\/api.w.org\/{rel}","templated":true}]}}