{"id":61207,"date":"2025-07-17T13:36:23","date_gmt":"2025-07-17T04:36:23","guid":{"rendered":"https:\/\/portal.hokuryu.info\/?p=61207"},"modified":"2025-09-04T16:32:01","modified_gmt":"2025-09-04T07:32:01","slug":"%e3%80%90%e6%84%9f%e5%8b%95%e3%81%a8%e6%84%9f%e8%ac%9d%e3%81%ae%e7%a5%9d%e8%b3%80%e4%bc%9a%e3%80%91%e5%89%8d%e5%8c%97%e7%ab%9c%e7%94%ba%e9%95%b7%e3%83%bb%e4%bd%90%e9%87%8e%e8%b1%8a%e6%b0%8f%e3%80%8c","status":"publish","type":"post","link":"https:\/\/portal.hokuryu.info\/pt\/61207\/","title":{"rendered":"[Uma celebra\u00e7\u00e3o emocionante e de gratid\u00e3o] O ex-prefeito da cidade de Hokuryu, Yutaka Sano, recebe a Ordem do Sol Nascente, Raios de Ouro e Prata."},"content":{"rendered":"<p>Quinta-feira, 17 de julho de 2025<\/p>\n<div class=\"ep-box es-BpaperRight es-grid bgc-VPsky\">No s\u00e1bado, 12 de julho, uma grande celebra\u00e7\u00e3o foi realizada no Sunflower Park Hokuryu Onsen para homenagear o ex-prefeito de Hokuryu, Yutaka Sano, que recebeu a Ordem do Sol Nascente, Raios de Ouro e Prata. Um total de 118 pessoas compareceram \u00e0 cerim\u00f4nia para honrar seus muitos anos de contribui\u00e7\u00e3o ao governo local, e o local estava repleto de uma atmosfera calorosa de emo\u00e7\u00e3o e gratid\u00e3o. Relatamos os discursos de congratula\u00e7\u00f5es, as mensagens de agradecimento e a conversa amig\u00e1vel.<\/div>\n<h2>Parab\u00e9ns! Celebramos a condecora\u00e7\u00e3o do Sr. Yutaka Sano com a Ordem do Sol Nascente, Raios de Ouro e Prata.<\/h2>\n<p>Na cerim\u00f4nia de premia\u00e7\u00e3o da primavera de 2025, o ex-prefeito da cidade de Hokuryu, Yutaka Sano, foi agraciado com a Ordem do Sol Nascente, Raios de Ouro e Prata, em reconhecimento aos seus muitos anos de contribui\u00e7\u00e3o para o governo local e o desenvolvimento regional.<\/p>\n<p>Para celebrar essa homenagem, uma recep\u00e7\u00e3o foi realizada no Sunflower Park Hokuryu Onsen a partir das 15h do s\u00e1bado, 12 de julho, com a presen\u00e7a de 118 pessoas na grande comemora\u00e7\u00e3o.<\/p>\n<figure class=\"wp-caption aligncenter\"><a href=\"https:\/\/photos.google.com\/share\/AF1QipOd4_ff8Ce-rFRD5VAZ5PwS1rs6HgXkenQH5GBfX2OY2028qVMKmdRUv5gqKFcZnQ\/photo\/AF1QipNq1cf_AxSELIWGvEH95qSRMzW8ZRIuxb6IBwI?key=UmVKM0h5ZXc5QkQzWmNJS2hvNnBqXzBsc3N2NXhn\" target=\"_blank\"><img decoding=\"async\" src=\"https:\/\/lh3.googleusercontent.com\/pw\/AP1GczPUmPYoZYfKb4bV95r906Mb9adiKPR57MF3GyBLrqB9jOx3lIdUseFXA4SNQY8mCOinV4O2Mu714TqGGkgPS2nA7Kj2dMOWq0WWdUrzNDFu9NPo-x9Xc8OxVRIDu8KFXkcicxM5FhdHcnlZXCQfpZGv=w2000-h1500-s-no-gm?authuser=1\" width=\"2000\" height=\"1500\" alt=\"Parab\u00e9ns! Celebramos a condecora\u00e7\u00e3o do Sr. Yutaka Sano com a Ordem do Sol Nascente, Raios de Ouro e Prata.\" class=\"size-full\" \/><\/a><figcaption class=\"wp-caption-text\">Parab\u00e9ns! Celebramos a condecora\u00e7\u00e3o do Sr. Yutaka Sano com a Ordem do Sol Nascente, Raios de Ouro e Prata.<\/figcaption><\/figure>\n<figure class=\"wp-caption aligncenter\"><a href=\"https:\/\/photos.google.com\/share\/AF1QipOd4_ff8Ce-rFRD5VAZ5PwS1rs6HgXkenQH5GBfX2OY2028qVMKmdRUv5gqKFcZnQ\/photo\/AF1QipNvEAoaUc02oIN2FjSqZptgfQ8BNP0s_AL0vlQ?key=UmVKM0h5ZXc5QkQzWmNJS2hvNnBqXzBsc3N2NXhn\" target=\"_blank\"><img decoding=\"async\" src=\"https:\/\/lh3.googleusercontent.com\/pw\/AP1GczPMigaFksNksIj7yOsTcvQiLnT0oWSZw02uKjFUe1vKsZfsD5nKGlc0mwPbsLZLqnxyRBHawADdFxEWXzRUOSICsB7MrrEFd_RRtEpKO0FIiZdWKIAlxPnTTuPZkwBJ-SMWruosDlQ_9rlHDYbBgeIE=w2000-h1333-s-no-gm?authuser=0\" width=\"2000\" height=\"1333\" alt=\"Yutaka Sano e sua esposa Tomoko\" class=\"size-full\" \/><\/a><figcaption class=\"wp-caption-text\">Yutaka Sano e sua esposa Tomoko<\/figcaption><\/figure>\n<h3>Qual \u00e9 a ordem do Sol Nascente, dos Raios Dourados e dos Raios Prateados?<\/h3>\n<p>As condecora\u00e7\u00f5es s\u00e3o concedidas \u00e0queles que fizeram contribui\u00e7\u00f5es not\u00e1veis para a na\u00e7\u00e3o ou para o p\u00fablico. Existem seis tipos de condecora\u00e7\u00f5es no Jap\u00e3o: a Grande Ordem do Cris\u00e2ntemo, a Ordem das Flores de Paulownia, a Ordem do Sol Nascente, a Ordem do Tesouro Sagrado, a Ordem da Cultura e a Ordem da Coroa Preciosa.<\/p>\n<ul>\n<li><b>Ordem do Sol Nascente:<\/b>O pr\u00eamio \u00e9 concedido \u00e0queles que alcan\u00e7aram feitos not\u00e1veis, com foco no conte\u00fado de seus servi\u00e7os merit\u00f3rios.<\/li>\n<li><b>Ordem do Tesouro Sagrado:<\/b>Este pr\u00eamio \u00e9 concedido \u00e0queles que dedicaram muitos anos ao servi\u00e7o p\u00fablico e alcan\u00e7aram resultados excepcionais.<\/li>\n<\/ul>\n<p>Existem seis n\u00edveis de premia\u00e7\u00e3o: Grande Cord\u00e3o, Grande Cord\u00e3o, Cord\u00e3o M\u00e9dio, Cord\u00e3o Pequeno, Cord\u00e3o Duplo e Cord\u00e3o Simples.<\/p>\n<p>As Ordens de Concess\u00e3o da Primavera e do Outono s\u00e3o emitidas duas vezes por ano, em 29 de abril na primavera e em 3 de novembro no outono. Os agraciados recebem a condecora\u00e7\u00e3o em uma cerim\u00f4nia presidida pelo ministro competente (e, em alguns casos, pelo governador da prefeitura) e, ap\u00f3s a entrega da medalha, s\u00e3o convidados para uma audi\u00eancia com o Imperador no Pal\u00e1cio Imperial, acompanhados de seus c\u00f4njuges.<\/p>\n<p>Na primavera de 2025, um total de 3.990 pessoas foram agraciadas com a Gr\u00e3-Cruz da Ordem das Flores de Paulownia, a Ordem do Sol Nascente e a Ordem do Tesouro Sagrado. Destas, 488 pessoas receberam a Ordem do Sol Nascente, Raios de Ouro e Prata. Em Hokkaido, 216 pessoas receberam a condecora\u00e7\u00e3o, 61 receberam a Ordem do Sol Nascente e 155 receberam a Ordem do Tesouro Sagrado.<a href=\"https:\/\/www8.cao.go.jp\/shokun\/hatsurei\/r07haru.html\" target=\"_blank\">Consulte o site do Gabinete do Governo.<\/a>\uff09<\/p>\n<h4>Medalhas e certificados<\/h4>\n<figure class=\"wp-caption aligncenter\"><a href=\"https:\/\/photos.google.com\/share\/AF1QipOd4_ff8Ce-rFRD5VAZ5PwS1rs6HgXkenQH5GBfX2OY2028qVMKmdRUv5gqKFcZnQ\/photo\/AF1QipPs0NkottkMUSp4tKndoit21khWuH_cplKQzcU?key=UmVKM0h5ZXc5QkQzWmNJS2hvNnBqXzBsc3N2NXhn\" target=\"_blank\"><img decoding=\"async\" src=\"https:\/\/lh3.googleusercontent.com\/pw\/AP1GczOf7r3JbBejPcNNQ-smzszee2mAB0dYtY2MP39HeI7wzHNstiocZE0PZauyrbJRcMuWglRMWWKk9uP-yvW8j3x9IoVujL4lDPiCQilgMxi-tc_EomtzZzy5sKbxoJBNCMjNoBSTz4DuiOd-O8WtPICj=w2000-h1500-s-no-gm?authuser=0\" width=\"2000\" height=\"1500\" alt=\"Medalhas e certificados\" class=\"size-full\" \/><\/a><figcaption class=\"wp-caption-text\">Medalhas e certificados<\/figcaption><\/figure>\n<h3>Organizador e anfitri\u00e3o da celebra\u00e7\u00e3o<\/h3>\n<ul>\n<li><b>Representante dos fundadores:<\/b>Prefeito da cidade de Hokuryu, Yasuhiro Sasaki<\/li>\n<li><b>Fundador:<\/b>Sr.<\/li>\n<li><b>General MC:<\/b>Hajime Nanba, Chefe da Divis\u00e3o de Assuntos Gerais, Prefeitura de Hokuryu<\/li>\n<\/ul>\n<figure class=\"wp-caption aligncenter\"><a href=\"https:\/\/photos.google.com\/share\/AF1QipOd4_ff8Ce-rFRD5VAZ5PwS1rs6HgXkenQH5GBfX2OY2028qVMKmdRUv5gqKFcZnQ\/photo\/AF1QipOJ6sA3PLT5x6vyLQojI2PihTUUljDV2BEk_6s?key=UmVKM0h5ZXc5QkQzWmNJS2hvNnBqXzBsc3N2NXhn\" target=\"_blank\"><img decoding=\"async\" src=\"https:\/\/lh3.googleusercontent.com\/pw\/AP1GczN3_s9NpuPaIZJnHuaDhZZCL2xM0oHE1b40RSN2kaorBpd_4NR7LxBnVSmcWxPYI731uy9GttlIO0JaYPSTuzGUpnm0lT8FmQoMf5fSjW5WwZiD5oudrNDukLKvmODOO9in42dGr0rFNSjEXtqlYBco=w2000-h1500-s-no-gm?authuser=0\" width=\"2000\" height=\"1500\" alt=\"O moderador principal ser\u00e1 Hajime Nanba, chefe da Divis\u00e3o de Assuntos Gerais da Prefeitura de Hokuryu.\" class=\"size-full\" \/><\/a><figcaption class=\"wp-caption-text\">O moderador principal ser\u00e1 Hajime Nanba, chefe da Divis\u00e3o de Assuntos Gerais da Prefeitura de Hokuryu.<\/figcaption><\/figure>\n<h2>Discurso de abertura e felicita\u00e7\u00f5es<\/h2>\n<h4>Entrada de casal<\/h4>\n<figure class=\"wp-caption aligncenter\"><a href=\"https:\/\/photos.google.com\/share\/AF1QipOd4_ff8Ce-rFRD5VAZ5PwS1rs6HgXkenQH5GBfX2OY2028qVMKmdRUv5gqKFcZnQ\/photo\/AF1QipPIcOnN531XDob4Vh4KTNKKeUXKiQ0Z2apftPs?key=UmVKM0h5ZXc5QkQzWmNJS2hvNnBqXzBsc3N2NXhn\" target=\"_blank\"><img decoding=\"async\" src=\"https:\/\/lh3.googleusercontent.com\/pw\/AP1GczOciQdndyybeC7iLm1VoWvrW4R770hhDdfJxX8DZM6P5RJ5eQMyz3lLBeiIDtFtv7spvcXA1M8Rrkz-JksTicUwU4Nzkbc1cvNsD-ngBOtPXq-oesfQFnls-QFtntt806zeojTqhMRZI6pAB2qIqBYH=w2000-h1125-s-no-gm?authuser=0\" width=\"2000\" height=\"1125\" alt=\"Casal inclu\u00eddo\" class=\"size-full\" \/><\/a><figcaption class=\"wp-caption-text\">Casal inclu\u00eddo<\/figcaption><\/figure>\n<figure class=\"wp-caption aligncenter\"><a href=\"https:\/\/photos.google.com\/share\/AF1QipOd4_ff8Ce-rFRD5VAZ5PwS1rs6HgXkenQH5GBfX2OY2028qVMKmdRUv5gqKFcZnQ\/photo\/AF1QipP71sKZy4KHBscZyLdhQbZYUmJE7prHeGntiJg?key=UmVKM0h5ZXc5QkQzWmNJS2hvNnBqXzBsc3N2NXhn\" target=\"_blank\"><img decoding=\"async\" src=\"https:\/\/lh3.googleusercontent.com\/pw\/AP1GczMIvU_8oor28turXLCvgjo0echkDWNpw1Biqhkwdk1WfwlBGHpmH-HfTIf1qpj47EbSiJWdzej169vs5xvN_Ih1ChvYfz-ttnLS5UZGnHaZIMTvernjf8Q0nkbKY1P2V8w-0fxnjGP0PhOh58iC6z6T=w2000-h1333-s-no-gm?authuser=0\" width=\"2000\" height=\"1333\" alt=\"Entrada de casal\" class=\"size-full\" \/><\/a><figcaption class=\"wp-caption-text\">Entrada de casal<\/figcaption><\/figure>\n<h3>Discurso representativo do promotor: Prefeito de Hokuryu <b>Yasuhiro Sasaki<\/b>\u69d8<\/h3>\n<figure class=\"wp-caption aligncenter\"><a href=\"https:\/\/photos.google.com\/share\/AF1QipOd4_ff8Ce-rFRD5VAZ5PwS1rs6HgXkenQH5GBfX2OY2028qVMKmdRUv5gqKFcZnQ\/photo\/AF1QipP_Uo_OSJd58LVqiF2FyF7XTwS1DGTnbG6m0Qo?key=UmVKM0h5ZXc5QkQzWmNJS2hvNnBqXzBsc3N2NXhn\" target=\"_blank\"><img decoding=\"async\" src=\"https:\/\/lh3.googleusercontent.com\/pw\/AP1GczPVtWoUs2KwKBk6nGwPnf5I7LGdN7StQgnrrDoQ1ROplWJP7SAUlPZuP255lsdswEsHpceYl_rn33F6bw0Ppgf3AReIKdiUUreezsx5LPV0jRIVMaprRT1WRTTuEJuMIZ95YmnxkwyizL2ndxgYmOj-=w2000-h1333-s-no-gm?authuser=0\" width=\"2000\" height=\"1333\" alt=\"Sauda\u00e7\u00f5es do representante dos promotores: Prefeito da cidade de Hokuryu, Yasuyuki Sasaki\" class=\"size-full\" \/><\/a><figcaption class=\"wp-caption-text\">Sauda\u00e7\u00f5es do representante dos promotores: Prefeito da cidade de Hokuryu, Yasuyuki Sasaki<\/figcaption><\/figure>\n<p>&quot;Temos o prazer de anunciar que realizaremos uma cerim\u00f4nia para homenagear o Sr. Yutaka Sano pela entrega da Ordem do Sol Nascente, Raios de Ouro e Prata, como parte da cerim\u00f4nia de condecora\u00e7\u00f5es da primavera de 2025. Parab\u00e9ns ao Sr. Yutaka Sano e \u00e0 sua esposa, Tomoko, pela condecora\u00e7\u00e3o.&quot;<\/p>\n<p>O Sr. e a Sra. Sano chegaram cedo ao local para dar as boas-vindas a todos, cumprimentando a todos pelo primeiro nome, n\u00e3o pelo sobrenome, e fazendo quest\u00e3o de cumprimentar a todos com muita cordialidade. Senti que essas atitudes refletiam a vida afetuosa do Sr. Sano e a maneira como ele a vivia.<\/p>\n<p>Tenho certeza de que todos voc\u00eas conhecem bem a trajet\u00f3ria dele, mas ele ingressou na administra\u00e7\u00e3o municipal em 1970 e, desde ent\u00e3o, acumula 54 anos de experi\u00eancia administrativa. Ele atuou como vice-prefeito e, posteriormente, como prefeito por tr\u00eas mandatos, totalizando 12 anos. Estou no cargo h\u00e1 pouco mais de um ano, mas j\u00e1 consigo perceber o quanto ele se dedicou durante esse per\u00edodo. Ao longo desses 12 anos de trabalho \u00e1rduo, ele transformou a cidade de Hokuryu no que ela \u00e9 hoje.<\/p>\n<p>Na reuni\u00e3o da Associa\u00e7\u00e3o de Munic\u00edpios de Hokkaido, em 10 de julho, o atual governador de Hokkaido, Sr. Suzuki, parabenizou o Sr. Sano, dizendo: &quot;Por favor, transmita meus melhores cumprimentos ao Sr. Sano&quot;. O Sr. Tanano tamb\u00e9m recebeu felicita\u00e7\u00f5es do Sr. Takao Tanano (prefeito da cidade de Shiranuka e presidente da Associa\u00e7\u00e3o de Munic\u00edpios de Hokkaido), que foi nomeado presidente da Associa\u00e7\u00e3o Nacional de Cidades e Vilas. O Sr. Tanano afirmou que foi eleito presidente porque &quot;o Sr. Yutaka Sano ofereceu um s\u00f3lido apoio como vice-presidente&quot;.<\/p>\n<p>Esta \u00e9 a segunda vez que um presidente da Associa\u00e7\u00e3o Nacional de Cidades e Vilas \u00e9 eleito por Hokkaido, e a primeira vez em 81 anos desde o prefeito Kan&#039;ichi Yoshida, da cidade de Shizunai, em 1944. Acredito que Hokkaido se posicionar\u00e1 no centro da administra\u00e7\u00e3o local e continuar\u00e1 a desempenhar um papel importante. Acredito que isso tamb\u00e9m \u00e9 resultado do trabalho \u00e1rduo do Sr. Sano em prol de Hokkaido.<\/p>\n<p>Sempre ouvi dizer que h\u00e1 coisas que o Sr. Sano n\u00e3o conseguiu realizar em seus 12 anos como prefeito. Reconhe\u00e7o plenamente as \u00e1reas que ficaram pendentes, como o sistema de transporte p\u00fablico e a gest\u00e3o do Onsen Hokuryu do Parque Sunflower. Gostaria de pedir sua orienta\u00e7\u00e3o com base em sua vasta experi\u00eancia.<\/p>\n<p>Recentemente, o governo nacional concedeu uma grande verba no \u00e2mbito da iniciativa Revitaliza\u00e7\u00e3o Regional 2.0, incentivando a cidade de Hokuryu a se desenvolver de forma s\u00f3lida, apesar de seu pequeno tamanho. Acredito que isso se deve tamb\u00e9m ao trabalho administrativo que o Sr. Sano vem realizando ao longo dos anos.<\/p>\n<p>A celebra\u00e7\u00e3o de hoje foi preparada pela equipe, que recebeu orienta\u00e7\u00f5es do Sr. Sano. Estamos cientes de que podem haver alguns erros, mas pedimos a sua compreens\u00e3o nesta celebra\u00e7\u00e3o. Parab\u00e9ns ao Sr. Yutaka Sano por receber hoje a Ordem do Sol Nascente, Raios de Ouro e Prata!<\/p>\n<figure class=\"wp-caption aligncenter\"><a href=\"https:\/\/photos.google.com\/share\/AF1QipOd4_ff8Ce-rFRD5VAZ5PwS1rs6HgXkenQH5GBfX2OY2028qVMKmdRUv5gqKFcZnQ\/photo\/AF1QipNS7uc_YJSivl8HgKrM4o8kZTeZ0fXrqLqLZOo?key=UmVKM0h5ZXc5QkQzWmNJS2hvNnBqXzBsc3N2NXhn\" target=\"_blank\"><img decoding=\"async\" src=\"https:\/\/lh3.googleusercontent.com\/pw\/AP1GczN2cwWkB3WJI75J3piQNR_iOyxk5tDf3si8RsfZmVeyl3TJskZFI_ZMnbFnmKkX39cA18BCzhnPD_j_rP6NtHDFyJK499IjKpcTonUtDO9Q0Zji0Y5fejGNXYtZcuKUNZ6YojdvBAdbQ-SGpDFJUcAH=w2000-h1333-s-no-gm?authuser=0\" width=\"2000\" height=\"1333\" alt=\"Gostar\u00edamos de expressar nossa gratid\u00e3o ao Sr. Sano por seus muitos anos de realiza\u00e7\u00f5es!\" class=\"size-full\" \/><\/a><figcaption class=\"wp-caption-text\">Gostar\u00edamos de expressar nossa gratid\u00e3o ao Sr. Sano por seus muitos anos de realiza\u00e7\u00f5es!<\/figcaption><\/figure>\n<h3>Apresentando um buqu\u00ea<\/h3>\n<h4>Gostar\u00edamos de expressar nossa gratid\u00e3o ao Sr. Sano por seus muitos anos de realiza\u00e7\u00f5es!<\/h4>\n<p><b>Doador:<\/b>Netos Sakuma Yoshida e Taishiro Sano<\/p>\n<figure class=\"wp-caption aligncenter\"><a href=\"https:\/\/photos.google.com\/share\/AF1QipOd4_ff8Ce-rFRD5VAZ5PwS1rs6HgXkenQH5GBfX2OY2028qVMKmdRUv5gqKFcZnQ\/photo\/AF1QipMl2hc4EYT5rnw7opbWqv7wxNvDtu1S1zzpS-0?key=UmVKM0h5ZXc5QkQzWmNJS2hvNnBqXzBsc3N2NXhn\" target=\"_blank\"><img decoding=\"async\" src=\"https:\/\/lh3.googleusercontent.com\/pw\/AP1GczOsfQXe45nNjB1Z2Ju3PBJFCD1yQTB5fkSTIJgMftyHg7efcaMbb5m2dv4VXDeWDu5vSTr88cHj-IZVagswAL1j0bTVkM4eForS14Kp1Liq6wMgUCHwpCSWyUOEfFB2qaH4mjBAhlTOGdukRCbXsIVD=w2000-h1333-s-no-gm?authuser=0\" width=\"2000\" height=\"1333\" alt=\"Neto entrega buqu\u00ea\" class=\"size-full\" \/><\/a><figcaption class=\"wp-caption-text\">Neto entrega buqu\u00ea<\/figcaption><\/figure>\n<figure class=\"wp-caption aligncenter\"><a href=\"https:\/\/photos.google.com\/share\/AF1QipOd4_ff8Ce-rFRD5VAZ5PwS1rs6HgXkenQH5GBfX2OY2028qVMKmdRUv5gqKFcZnQ\/photo\/AF1QipML2s7g_v8tymUV-WkiSN72GSn1pzCIq8nxN7Q?key=UmVKM0h5ZXc5QkQzWmNJS2hvNnBqXzBsc3N2NXhn\" target=\"_blank\"><img decoding=\"async\" src=\"https:\/\/lh3.googleusercontent.com\/pw\/AP1GczOVNLzZB6Om-3cHjMheavQ4pgbgRQAU9I_QrYeyWP1OAXIcxmNBnS1z5zDimdtsX2Cw6j8l46qwqpIafXwMm2RwqGl4uyAnHsiLqsP-fwWaHAyD4KQW7xERhgAWeMVdpIBYEauPWPmRA_qNjTCJMceS=w2000-h1333-s-no-gm?authuser=0\" width=\"2000\" height=\"1333\" alt=\"Retorno do presente\" class=\"size-full\" \/><\/a><figcaption class=\"wp-caption-text\">Retorno do presente<\/figcaption><\/figure>\n<h3>Discurso de congratula\u00e7\u00f5es: Sr. Shoichi Nakamura, Presidente do Conselho Municipal de Hokuryu<\/h3>\n<figure class=\"wp-caption aligncenter\"><a href=\"https:\/\/photos.google.com\/share\/AF1QipOd4_ff8Ce-rFRD5VAZ5PwS1rs6HgXkenQH5GBfX2OY2028qVMKmdRUv5gqKFcZnQ\/photo\/AF1QipMGY_Cgj-YoJ4DRDZWnx46MdcLeXSpE_gJEHYE?key=UmVKM0h5ZXc5QkQzWmNJS2hvNnBqXzBsc3N2NXhn\" target=\"_blank\"><img decoding=\"async\" src=\"https:\/\/lh3.googleusercontent.com\/pw\/AP1GczMgyopNYJ18-7wvG9OcDvJTkpaHKxrzK0CVm1tKAnnMLdokIMqsrljMVlJrXsiILXbX_3KtHh8HgBFgnhwi7dYIx3Jg62J1-CBqnjMabu0XT3NEJWbqTTzhZNzdWlnL0jgyhuSuZArkzv30KmSys4R6=w2000-h1333-s-no-gm?authuser=0\" width=\"2000\" height=\"1333\" alt=\"Discurso de congratula\u00e7\u00f5es: Sr. Shoichi Nakamura, Presidente do Conselho Municipal de Hokuryu\" class=\"size-full\" \/><\/a><figcaption class=\"wp-caption-text\">Discurso de congratula\u00e7\u00f5es: Sr. Shoichi Nakamura, Presidente do Conselho Municipal de Hokuryu<\/figcaption><\/figure>\n<p>&quot;Estou extremamente satisfeito e parabenizo o ex-prefeito da cidade de Hokuryu, Sr. Yutaka Sano, que foi agraciado com a Ordem do Sol Nascente, Raios de Ouro e Prata, por suas contribui\u00e7\u00f5es ao governo local em reconhecimento aos seus muitos anos de realiza\u00e7\u00f5es, na cerim\u00f4nia de entrega de condecora\u00e7\u00f5es na primavera de 2025.&quot;<\/p>\n<p>O Sr. Sano ingressou na prefeitura logo ap\u00f3s se formar no ensino m\u00e9dio, em 1970, e serviu no servi\u00e7o p\u00fablico por 34 anos. Atuou como vice-prefeito em 2004 e foi nomeado o primeiro vice-prefeito em 2007, ap\u00f3s uma emenda \u00e0 Lei de Autonomia Local, dedicando-se integralmente \u00e0 cidade de Hokuryu. Em 2012, candidatou-se \u00e0 prefeitura de Hokuryu e, apesar de v\u00e1rios obst\u00e1culos, foi eleito com sucesso, assumindo o cargo. Exerceu a fun\u00e7\u00e3o de prefeito por tr\u00eas mandatos, totalizando 12 anos. Ao todo, trabalhou na Prefeitura de Hokuryu por impressionantes 54 anos, desde sua \u00e9poca como funcion\u00e1rio, dedicando-se ao desenvolvimento da cidade e a torn\u00e1-la um lugar melhor para se viver.<\/p>\n<p>Durante esse per\u00edodo, ocupou in\u00fameros cargos, incluindo presidente da Associa\u00e7\u00e3o de Cidades e Vilarejos de Sorachi, vice-presidente da Associa\u00e7\u00e3o de Cidades e Vilarejos de Hokkaido e diretor da Associa\u00e7\u00e3o de Melhoramento de Terras de Hokkaido. Por seus esfor\u00e7os, recebeu pr\u00eamios de diversas organiza\u00e7\u00f5es.<\/p>\n<p>O Sr. Sano era um atleta, tendo jogado beisebol desde o ensino fundamental e praticado diariamente no ensino m\u00e9dio com o objetivo de ir para o Koshien. Ap\u00f3s ingressar no servi\u00e7o p\u00fablico, participou ativamente da equipe da prefeitura e de diversas organiza\u00e7\u00f5es. Depois de se aposentar do servi\u00e7o p\u00fablico, atuou como dirigente da Associa\u00e7\u00e3o Volunt\u00e1ria Himawari e da Associa\u00e7\u00e3o de Golfe do Parque. No Templo Ryusenji, serviu como chefe do templo por muitos anos e, desde o ano passado, como vice-chefe, desempenhando pap\u00e9is importantes em diversas \u00e1reas, pelo que gostar\u00edamos de expressar mais uma vez nosso respeito.<\/p>\n<p>Em conclus\u00e3o, gostaria de expressar meus melhores votos de prosperidade e sucesso cont\u00ednuos ao Sr. e \u00e0 Sra. Sano e \u00e0 fam\u00edlia Sano, e tamb\u00e9m de desejar muita sa\u00fade e felicidade a todos os presentes hoje.<\/p>\n<figure class=\"wp-caption aligncenter\"><a href=\"https:\/\/photos.google.com\/share\/AF1QipOd4_ff8Ce-rFRD5VAZ5PwS1rs6HgXkenQH5GBfX2OY2028qVMKmdRUv5gqKFcZnQ\/photo\/AF1QipNCdlAnbJKLlbxEotl4mp_xQfMHz10kmsEtOog?key=UmVKM0h5ZXc5QkQzWmNJS2hvNnBqXzBsc3N2NXhn\" target=\"_blank\"><img decoding=\"async\" src=\"https:\/\/lh3.googleusercontent.com\/pw\/AP1GczOMayDAVK__9DYNCYo-s5JTDRjEso3yBEg5s6hWHPj0cssO-TfGJIZTiS0tc_A-Qw1FGj-Wgsrf4HJc6LyPgSxt8bBpLsV_g3LjS305E05XdT0ObS2fsYuAZL3ubjpEiuHzlh1INNUq-sVgecJOPPMB=w2000-h1125-s-no-gm?authuser=0\" width=\"2000\" height=\"1125\" alt=\"Desejamos \u00e0 fam\u00edlia Sano prosperidade e sucesso cont\u00ednuos!\" class=\"size-full\" \/><\/a><figcaption class=\"wp-caption-text\">Desejamos \u00e0 fam\u00edlia Sano prosperidade e sucesso cont\u00ednuos!<\/figcaption><\/figure>\n<h3>Apresenta\u00e7\u00e3o de presente comemorativo<\/h3>\n<p><b>Doador:<\/b>Keiko Banda, Chefe Adjunta da Se\u00e7\u00e3o de Assuntos Gerais da Prefeitura de Hokuryu<\/p>\n<h2>Discurso de agradecimento do destinat\u00e1rio: Yutaka Sano<\/h2>\n<figure class=\"wp-caption aligncenter\"><a href=\"https:\/\/photos.google.com\/share\/AF1QipOd4_ff8Ce-rFRD5VAZ5PwS1rs6HgXkenQH5GBfX2OY2028qVMKmdRUv5gqKFcZnQ\/photo\/AF1QipPA88udaCXuDGR0cjXterUNKdsBb0V-I6XYC7U?key=UmVKM0h5ZXc5QkQzWmNJS2hvNnBqXzBsc3N2NXhn\" target=\"_blank\"><img decoding=\"async\" src=\"https:\/\/lh3.googleusercontent.com\/pw\/AP1GczNDZaY64JVRQmzq_N0HCBBb3aS4Zrd_Otk1nbZsY5vq5QALHrmeSNmwegN-XoLoPTjtjL-nNtngHeV37CXFGL_3qFBgpRiG6J4bv6WfTdv0NH-Cuel2Dv_og8CcQ1JZisJBmulYRFLqXg9CWzWIPaZA=w2000-h1333-s-no-gm?authuser=0\" width=\"2000\" height=\"1333\" alt=\"Agradecimentos: Yutaka Sano\" class=\"size-full\" \/><\/a><figcaption class=\"wp-caption-text\">Agradecimentos: Yutaka Sano<\/figcaption><\/figure>\n<p>&quot;Hoje est\u00e1 um dia muito quente, mas gostaria de expressar minha sincera gratid\u00e3o a todos voc\u00eas por comparecerem a esta grande celebra\u00e7\u00e3o e por realiz\u00e1-la. Tamb\u00e9m me sinto extremamente honrado por ter recebido palavras t\u00e3o gentis do prefeito Sasaki e do presidente do Conselho, Nakamura.&quot;<\/p>\n<p>Estou ao mesmo tempo nervoso e emocionado por ter recebido a prestigiosa Ordem do Sol Nascente, Raios de Ouro e Prata, na Cerim\u00f4nia de Condecora\u00e7\u00f5es da Primavera de 2025. Acredito que isso se deve ao seu apoio e coopera\u00e7\u00e3o cont\u00ednuos, e gostaria de expressar minha sincera gratid\u00e3o.<\/p>\n<p>Desde que comecei a trabalhar na Prefeitura de Hokuryu em 1970, pude trabalhar com sa\u00fade por 54 longos anos sem nenhuma doen\u00e7a grave, e gostaria de expressar minha gratid\u00e3o aos muitos moradores da cidade, aos meus superiores e a todos os funcion\u00e1rios.<\/p>\n<p>Quando entrei na prefeitura, fui inicialmente designado para a Se\u00e7\u00e3o de Pol\u00edtica Agr\u00edcola da Divis\u00e3o de Ind\u00fastria, no ano em que foram feitos ajustes na produ\u00e7\u00e3o de arroz em decorr\u00eancia da pol\u00edtica de redu\u00e7\u00e3o da \u00e1rea de arrozais. Sou filho de um peixeiro e n\u00e3o sabia absolutamente nada sobre agricultura. Lembro-me de tentar desesperadamente memorizar os nomes dos produtores, a localiza\u00e7\u00e3o de seus arrozais e as casas de suas fam\u00edlias, com base no c\u00f3digo da associa\u00e7\u00e3o agr\u00edcola que continha os nomes dos produtores. Acho que havia cerca de 500 fam\u00edlias de agricultores. A popula\u00e7\u00e3o era de aproximadamente 4.700 habitantes.<\/p>\n<p>Essas experi\u00eancias se mostraram extremamente valiosas no meu trabalho subsequente na prefeitura, pois me permitiram estreitar os la\u00e7os com os produtores locais. E enquanto estive no departamento florestal, pude compreender o panorama geral das terras da cidade de Hokuryu, incluindo os propriet\u00e1rios e a localiza\u00e7\u00e3o das florestas nacionais e municipais, bem como os tipos de \u00e1rvores. Sou muito grato e feliz por ter tido a oportunidade de aprender sobre as conex\u00f5es entre os arrozais e os agricultores, as montanhas e as \u00e1rvores, e os habitantes da cidade, tudo isso por meio do meu trabalho.<\/p>\n<p>Depois disso, trabalhei para o Conselho de Educa\u00e7\u00e3o por seis anos como Diretor de Educa\u00e7\u00e3o F\u00edsica, coincidindo com a inaugura\u00e7\u00e3o do Gin\u00e1sio do Centro Kaizen. Foi uma \u00e9poca em que, sob o lema &quot;Esporte na Vida&quot;, trabalhei arduamente com os moradores da cidade para criar uma cidade saud\u00e1vel e pr\u00f3spera por meio do esporte. Tamb\u00e9m trabalhei como Chefe da Se\u00e7\u00e3o de Finan\u00e7as, ajudando a construir o Parque Sunflower.<\/p>\n<p>Fui nomeado vice-prefeito em 2004 e eleito prefeito em 2012, concluindo meu mandato de tr\u00eas mandatos, totalizando 12 anos, no ano passado. Devo tudo isso aos muitos moradores e funcion\u00e1rios da cidade que me permitiram participar de projetos t\u00e3o importantes ao longo dos anos, e gostaria de expressar minha gratid\u00e3o mais uma vez.<\/p>\n<p>O pr\u00eamio me foi entregue pelo governador de Hokkaido, Naomichi Suzuki, no Hotel New Otani Sapporo, em 9 de maio. No dia 20 de maio, tive uma audi\u00eancia com Sua Majestade o Imperador no Sal\u00e3o Homeiden do Pal\u00e1cio Imperial. Durante a audi\u00eancia, por acaso, eu estava no centro da primeira fila, entre os muitos outros homenageados, e o Imperador gentilmente me disse: &quot;Agrade\u00e7o por todo o seu trabalho \u00e1rduo no cumprimento de seus diversos deveres. Por favor, cuide-se bem daqui para frente.&quot; Fiquei profundamente comovido. Esta n\u00e3o \u00e9 uma experi\u00eancia que todos t\u00eam a oportunidade de vivenciar, ent\u00e3o fiquei realmente tocado.<\/p>\n<p>S\u00f3 pude receber este pr\u00eamio gra\u00e7as \u00e0 colabora\u00e7\u00e3o dos meus superiores, colegas e moradores da cidade. Gostaria de expressar minha mais profunda gratid\u00e3o. Tenho 74 anos e quero fazer o meu melhor para contribuir com a sociedade, por menor que seja a minha contribui\u00e7\u00e3o, para n\u00e3o desonrar esta medalha. Gostaria de agradecer a todos pelo apoio, colabora\u00e7\u00e3o e incentivo constantes. Muito obrigado por este dia!<\/p>\n<figure class=\"wp-caption aligncenter\"><a href=\"https:\/\/photos.google.com\/share\/AF1QipOd4_ff8Ce-rFRD5VAZ5PwS1rs6HgXkenQH5GBfX2OY2028qVMKmdRUv5gqKFcZnQ\/photo\/AF1QipNzta37V4614Jq3ez5X1j2crb_MnmNFWYL1ufo?key=UmVKM0h5ZXc5QkQzWmNJS2hvNnBqXzBsc3N2NXhn\" target=\"_blank\"><img decoding=\"async\" src=\"https:\/\/lh3.googleusercontent.com\/pw\/AP1GczNfty1_ai2Wr7_zTHsKngcXosIh4D2Jf8PgLzlo0vl9ZR-pHe1FeBhJVSNjGOK_Ps4cy9_ENl-ogiAoHtWBL13CtR97Jxebdo8Lp63XmY2_EuX2mpVsWZGEHpCCDAdMhL9zuWp2stN9uZpMgPkZg8kd=w2000-h1333-s-no-gm?authuser=0\" width=\"2000\" height=\"1333\" alt=\"Gostar\u00edamos de expressar nossa sincera gratid\u00e3o pelo seu apoio e coopera\u00e7\u00e3o!\" class=\"size-full\" \/><\/a><figcaption class=\"wp-caption-text\">Gostar\u00edamos de expressar nossa sincera gratid\u00e3o pelo seu apoio e coopera\u00e7\u00e3o!<\/figcaption><\/figure>\n<h2>Apresenta\u00e7\u00e3o do telegrama de felicita\u00e7\u00f5es<\/h2>\n<h3>Deputado federal, Shinjiro Koizumi<\/h3>\n<p>Fico muito feliz em saber que voc\u00ea recebeu este honroso pr\u00eamio. Parab\u00e9ns!<br \/>\nEsperamos que voc\u00ea continue se cuidando e agradecemos sua orienta\u00e7\u00e3o e apoio cont\u00ednuos.<\/p>\n<h3>Governador de Hokkaido, Naomichi Suzuki<\/h3>\n<p>Gostar\u00edamos de expressar nossos sinceros parab\u00e9ns pela honra de receber a Ordem do Sol Nascente, Raios de Ouro e Prata.<br \/>\nGostar\u00edamos de parabenizar mais uma vez o Sr. Sano por esta premia\u00e7\u00e3o, pois acreditamos que ela ser\u00e1 motivo de grande alegria e profunda emo\u00e7\u00e3o n\u00e3o apenas para sua fam\u00edlia, que o apoiou, mas tamb\u00e9m para as muitas pessoas envolvidas no governo local, organiza\u00e7\u00f5es relacionadas e moradores da regi\u00e3o.<br \/>\nEsperamos que continue com boa sa\u00fade e que utilize sua excepcional perspic\u00e1cia e vasta experi\u00eancia para dar um apoio especial ao desenvolvimento de Hokkaido.<br \/>\nParab\u00e9ns por esta ocasi\u00e3o.<\/p>\n<h3>O Sr. Nenshinshi, Diretor da filial de Sapporo do Escrit\u00f3rio de Representa\u00e7\u00e3o Econ\u00f4mica e Cultural de Taipei no Jap\u00e3o.<\/h3>\n<p>Prezado(a) Senhor(a), espero que esteja com sa\u00fade e bem-estar neste momento em que a nova vegeta\u00e7\u00e3o floresce. Gostaria de expressar minha gratid\u00e3o pelo seu apoio cont\u00ednuo na promo\u00e7\u00e3o da amizade entre Taiwan e o Jap\u00e3o.<br \/>\nGostaria de expressar meus sinceros parab\u00e9ns ao Sr. Sano por receber a Ordem do Sol Nascente, Raios de Ouro com Roseta, na primavera de 2025. Acredito que isso seja resultado de muitos anos de trabalho \u00e1rduo e contribui\u00e7\u00f5es do ex-prefeito.<br \/>\nGostar\u00edamos tamb\u00e9m de expressar nossa gratid\u00e3o ao ex-prefeito Sano por sua visita a Taiwan para promover os produtos locais e por seus esfor\u00e7os na promo\u00e7\u00e3o das trocas econ\u00f4micas entre Hokkaido e Taiwan.<br \/>\nPrimeiramente, gostaria de expressar meus parab\u00e9ns por escrito, embora seja um pouco formal, e solicitar seu apoio cont\u00ednuo.<\/p>\n<h3>A todos que enviaram telegramas de felicita\u00e7\u00f5es<\/h3>\n<ul>\n<li>Os membros da C\u00e2mara dos Representantes, Sr. Daiki Michishita e Sr. Yutaka Kamiya.<\/li>\n<li>Deputado estadual, Masato Nishikawa; Deputado federal, Masao Miyazaki.<\/li>\n<li>Membros da C\u00e2mara dos Conselheiros, Sra. Satsuki Katayama e Muneo Suzuki<\/li>\n<li>Membros da C\u00e2mara dos Conselheiros, Tsuyoshi Iwamoto e Kanehiko Shindo<\/li>\n<li>Membros da C\u00e2mara dos Conselheiros, Sr. Takeshi Hasegawa e Sra. Harumi Takahashi<\/li>\n<li>Membros da C\u00e2mara dos Conselheiros, Toshimi Funahashi e Eri Tokunaga<\/li>\n<li>Membro da C\u00e2mara dos Conselheiros, Seiko Hashimoto, e ex-membro da C\u00e2mara dos Representantes, Koichi Watanabe.<\/li>\n<li>O Sr. Takahiro Asano, membro da Assembleia da Prefeitura de Hokkaido, e o Sr. Shinichi Hamasaka, vice-governador de Hokkaido.<\/li>\n<li>Vice-Governador de Hokkaido, Sr. Tsuyoshi Mitsuhashi, Vice-Governador de Hokkaido, Sr.<\/li>\n<li>Sr. Toshiaki Nakajima, Superintendente do Conselho de Educa\u00e7\u00e3o de Hokkaido<\/li>\n<li>O Sr. Eiji Tsuchino, Diretor do Departamento de Agricultura e Pescas do Escrit\u00f3rio de Desenvolvimento Regional de Hokkaido, afirmou:<\/li>\n<li>O Sr. Kenji Motoyama, Diretor Adjunto do Departamento de Desenvolvimento e Constru\u00e7\u00e3o de Sapporo, Escrit\u00f3rio de Desenvolvimento Regional de Hokkaido, afirmou:<\/li>\n<li>Sr. Masayuki Kunii, Presidente da C\u00e2mara de Agricultura de Hokkaido<\/li>\n<li>O Sr. Terukazu Odawara, Presidente da Corpora\u00e7\u00e3o P\u00fablica Agr\u00edcola de Hokkaido<\/li>\n<li>O Sr. Hideyasu Miyamoto, Vice-Presidente da Corpora\u00e7\u00e3o P\u00fablica Agr\u00edcola de Hokkaido.<\/li>\n<li>O Sr. Hiroshi Kikuchi, Presidente da Associa\u00e7\u00e3o de Melhoramento de Terras de Hokkaido,<\/li>\n<li>O Sr. Hiroshi Kikuchi, chefe da filial de Sorachi da Associa\u00e7\u00e3o de Melhoramento de Terras de Hokkaido, afirmou:<\/li>\n<li>O Sr. Takafumi Kashiwagi, Diretor Representante e Vice-Presidente da Associa\u00e7\u00e3o Cooperativa Agr\u00edcola de Hokuren, esteve presente.<\/li>\n<li>O Sr. Hiroyuki Hashimoto, Diretor Representante e Vice-Presidente da Associa\u00e7\u00e3o Cooperativa Agr\u00edcola de Hokuren,<\/li>\n<li>Kaoru Kitamura, Presidente do Distrito de Melhoramento de Terras Fukagawa Shinryu<\/li>\n<li>Sr. Takao Tanano, Presidente da Associa\u00e7\u00e3o de Cidades e Vilas de Hokkaido<\/li>\n<li>Prefeito da cidade de Eniwa, Sr. Yutaka Harada, Prefeito da cidade de Iwamizawa, Sr.<\/li>\n<li>Prefeito da cidade de Bibai, Sr. Tsune Sakurai, e prefeito da cidade de Fukagawa, Sr.<\/li>\n<li>Prefeito da cidade de Kuriyama, Sr. Manabu Sasaki, Prefeito da cidade de Nanporo, Sr.<\/li>\n<li>Prefeito da cidade de Naganuma, Sr. Yoshihiko Saito, Prefeito da vila de Shinshinotsu, Sr.<\/li>\n<li>Prefeito da cidade de Chipubetsu, Nobuhito Shibuya, e prefeito da cidade de Hokuryu, Yasuhiro Sasaki<\/li>\n<li>Sr. Yuji Horii, presidente e CEO da The Hokkaido Shimbun Press<\/li>\n<li>O Sr. Naoyuki Urahara, Presidente e Diretor da Associa\u00e7\u00e3o de Projetos e Tecnologia de Melhoramento de Terras de Hokkaido, declarou:<\/li>\n<li>Misako Adachi, gerente da filial de Asahikawa, All Nippon Airways Co., Ltd.<\/li>\n<li>Sr. Takamori Okada, Gerente Geral da Ag\u00eancia Hokuryu do Kita-Sorachi Shinkin Bank<\/li>\n<li>Sr. Hideo Konishi, Sr. Katsuhiro Murakami, Sr. Hiroyuki Honke, Sr. Masanori Yoshida, Sr.<\/li>\n<\/ul>\n<h2>celebra\u00e7\u00e3o<\/h2>\n<h4>Comida<\/h4>\n<p>Os convidados foram servidos com pratos de sashimi, chirashi sushi, aperitivos, bife, peixe grelhado e melancia com girassol como sobremesa.  <\/p>\n<figure class=\"wp-caption aligncenter\"><a href=\"https:\/\/photos.google.com\/share\/AF1QipOd4_ff8Ce-rFRD5VAZ5PwS1rs6HgXkenQH5GBfX2OY2028qVMKmdRUv5gqKFcZnQ\/photo\/AF1QipMt0rqeXDJ_18uTml65fJAEmvv47bWPHvuxSQc?key=UmVKM0h5ZXc5QkQzWmNJS2hvNnBqXzBsc3N2NXhn\" target=\"_blank\"><img decoding=\"async\" src=\"https:\/\/lh3.googleusercontent.com\/pw\/AP1GczNJ5OLnByW2LP9pPC7_ljTcHXs0AcKUtDPvgjz57huq9ptFM9UiRpXl8NuhkNNADjppgPPNRMpvuAmcU5CgayOsZdH8wVgDctyo5VhFJW22Y2Z6HbTt66LHqmmilEkb6Or3XEHJeFpODf6pSvVVjWMU=w2000-h1500-s-no-gm?authuser=0\" width=\"2000\" height=\"1500\" alt=\"Sashimi variado\" class=\"size-full\" \/><\/a><figcaption class=\"wp-caption-text\">Sashimi variado<\/figcaption><\/figure>\n<figure class=\"wp-caption aligncenter\"><a href=\"https:\/\/photos.google.com\/share\/AF1QipOd4_ff8Ce-rFRD5VAZ5PwS1rs6HgXkenQH5GBfX2OY2028qVMKmdRUv5gqKFcZnQ\/photo\/AF1QipN975K7U5B_s5qsAhBpPvAeyfSnG0Sjk53ZA-w?key=UmVKM0h5ZXc5QkQzWmNJS2hvNnBqXzBsc3N2NXhn\"><img decoding=\"async\" src=\"https:\/\/lh3.googleusercontent.com\/pw\/AP1GczPhrcMkE3yFR_VrwGypYw14bVqPONlAg-YuYfJ2xLLV2MofDOIDuS8NXc2ytPIEL9LsTJJCHyL9bmiIFfZHeWHDeH7oO8UaO4KgHSWvDcAS-wR2ZbNEAX4ksqbuLrD_oKpoLA9-ySjc6Zn1Az1Mc4FE=w2000-h1500-s-no-gm?authuser=0\" width=\"2000\" height=\"1500\" alt=\"Sushi chirashi\" class=\"size-full\" \/><\/a><figcaption class=\"wp-caption-text\">Sushi chirashi<\/figcaption><\/figure>\n<figure class=\"wp-caption aligncenter\"><a href=\"https:\/\/photos.google.com\/share\/AF1QipOd4_ff8Ce-rFRD5VAZ5PwS1rs6HgXkenQH5GBfX2OY2028qVMKmdRUv5gqKFcZnQ\/photo\/AF1QipM1lM8Ly956iZc7LXgZ9JUoLP3A3xwqlfGoFMQ?key=UmVKM0h5ZXc5QkQzWmNJS2hvNnBqXzBsc3N2NXhn\" target=\"_blank\"><img decoding=\"async\" src=\"https:\/\/lh3.googleusercontent.com\/pw\/AP1GczPpMp06OgpbvLD1udoM0ya07X0pek0IcAVwY5-ZfA3_xU9W7tQRM61fUiG5Ax26IbiXOnPbGM182dS_XDTmhLL6OZpoUCtsauZfZFj06SqmaejeJ9DE5iSC6mGa1oOeKoU0I6j6n6OOozrdvjGj_kJM=w2000-h1500-s-no-gm?authuser=0\" width=\"2000\" height=\"1500\" alt=\"Aperitivos\" class=\"size-full\" \/><\/a><figcaption class=\"wp-caption-text\">Aperitivos<\/figcaption><\/figure>\n<figure class=\"wp-caption aligncenter\"><a href=\"https:\/\/photos.google.com\/share\/AF1QipOd4_ff8Ce-rFRD5VAZ5PwS1rs6HgXkenQH5GBfX2OY2028qVMKmdRUv5gqKFcZnQ\/photo\/AF1QipNEeRBdSXYqZe_pKmEdhbFPdjcvStJnvI6rYP4?key=UmVKM0h5ZXc5QkQzWmNJS2hvNnBqXzBsc3N2NXhn\" target=\"_blank\"><img decoding=\"async\" src=\"https:\/\/lh3.googleusercontent.com\/pw\/AP1GczPMSg2BgZ_5sDPqbNgfNXLqZKRnGJrpY1DDJhcrcM7-bAt9mWfPzgmh-xiCEGHllqD6N0-GuEnIYMvGWF9s1-KAGbngOPKtZISXcnSbyEqEF6a66CfcEsFgKKIlKrpyP28WUVftGQ_sRoaajH6lXX0Y=w2000-h1500-s-no-gm?authuser=0\" width=\"2000\" height=\"1500\" alt=\"bife\" class=\"size-full\" \/><\/a><figcaption class=\"wp-caption-text\">bife<\/figcaption><\/figure>\n<figure class=\"wp-caption aligncenter\"><a href=\"https:\/\/photos.google.com\/share\/AF1QipOd4_ff8Ce-rFRD5VAZ5PwS1rs6HgXkenQH5GBfX2OY2028qVMKmdRUv5gqKFcZnQ\/photo\/AF1QipM1HOXBplPU2RBX7yajcbAGlh0ReHM5l5eD-sw?key=UmVKM0h5ZXc5QkQzWmNJS2hvNnBqXzBsc3N2NXhn\" target=\"_blank\"><img decoding=\"async\" src=\"https:\/\/lh3.googleusercontent.com\/pw\/AP1GczPbDht0hdjwHW2s1Wq06xgb6TgL6bzYqwiP6FllVlZcKvsQWK486ymq6eZwYdsKxqVtg6leQFxv52t-L6RjktxlyfnZDk5bpGTrO7rJ6eV3EQNaRijFSor9r9-47-TdE7AqNyqMqm1sMyNd93KgASqm=w1380-h1035-s-no-gm?authuser=0\" width=\"2000\" height=\"1500\" alt=\"Camar\u00e3o com pimenta\" class=\"size-full\" \/><\/a><figcaption class=\"wp-caption-text\">Camar\u00e3o com pimenta<\/figcaption><\/figure>\n<figure class=\"wp-caption aligncenter\"><a href=\"https:\/\/photos.google.com\/share\/AF1QipOd4_ff8Ce-rFRD5VAZ5PwS1rs6HgXkenQH5GBfX2OY2028qVMKmdRUv5gqKFcZnQ\/photo\/AF1QipOtinkRCZFH5pOo-RimojIPlHzE15U--GckxZ8?key=UmVKM0h5ZXc5QkQzWmNJS2hvNnBqXzBsc3N2NXhn\"><img decoding=\"async\" src=\"https:\/\/lh3.googleusercontent.com\/pw\/AP1GczNHVvZhoR99bNBQrTDFBpHQsLpT-QVr6YsMfkLEu4aPQhMTG7WVPp6UQk6oPd1dBSilachj80yooXIlfAHppnZbcxJYm5ydleW5IBnXIlG-WTN9Vl6yviMxzFU25hKnZdPJ9Utcoh34D_OiwMdoyT0p=w2000-h1500-s-no-gm?authuser=0\" width=\"2000\" height=\"1500\" alt=\"Peixe grelhado\" class=\"size-full\" \/><\/a><figcaption class=\"wp-caption-text\">Peixe grelhado<\/figcaption><\/figure>\n<figure class=\"wp-caption aligncenter\"><a href=\"https:\/\/photos.google.com\/share\/AF1QipOd4_ff8Ce-rFRD5VAZ5PwS1rs6HgXkenQH5GBfX2OY2028qVMKmdRUv5gqKFcZnQ\/photo\/AF1QipP3ostmpx0f4hmb1J8iTmw78Anes4i_pseKiLI?key=UmVKM0h5ZXc5QkQzWmNJS2hvNnBqXzBsc3N2NXhn\" target=\"_blank\"><img decoding=\"async\" src=\"https:\/\/lh3.googleusercontent.com\/pw\/AP1GczMjVq_LMm3EvSdz_BlslU_tD3qts-BmIX22LE801aprR6I8WlvUtsUFXYl4spwKDwnt59KpSzq8H4IWjrarGfEyhk8pQPO_KCNozq7a078velXJvl8yMozA7kXh0WfAgloyKh4x7QH9UVi3KA59oF4c=w2000-h1500-s-no-gm?authuser=0\" width=\"2000\" height=\"1500\" alt=\"Sobremesa: Melancia de girassol\" class=\"size-full\" \/><\/a><figcaption class=\"wp-caption-text\">Sobremesa: Melancia de girassol<\/figcaption><\/figure>\n<h3>Brinde: Sr. Ryoji Kikura, cidad\u00e3o honor\u00e1rio da cidade de Hokuryu<\/h3>\n<figure class=\"wp-caption aligncenter\"><a href=\"https:\/\/photos.google.com\/share\/AF1QipOd4_ff8Ce-rFRD5VAZ5PwS1rs6HgXkenQH5GBfX2OY2028qVMKmdRUv5gqKFcZnQ\/photo\/AF1QipP3VgkSX8bZeEtFw0LKilK86qSiPZqNuRRVoQg?key=UmVKM0h5ZXc5QkQzWmNJS2hvNnBqXzBsc3N2NXhn\" target=\"_blank\"><img decoding=\"async\" src=\"https:\/\/lh3.googleusercontent.com\/pw\/AP1GczMiUxTOidkV6m4ec8C6wdtG2knYlt5coy1NzMKBKIIA4XOL-AM5d4Khqb6R8tm-lMKzP18iZlHLMIWhPpUslwE8D1gZwuksGd3h_poHW4XHzQxomTTZlID0uZ1hZGVqm3k0t8gQSOluY-T3KqIPs4zV=w2000-h1333-s-no-gm?authuser=0\" width=\"2000\" height=\"1333\" alt=\"Brinde: Sr. Ryoji Kikura, cidad\u00e3o honor\u00e1rio da cidade de Hokuryu\" class=\"size-full\" \/><\/a><figcaption class=\"wp-caption-text\">Brinde: Sr. Ryoji Kikura, cidad\u00e3o honor\u00e1rio da cidade de Hokuryu<\/figcaption><\/figure>\n<p>&quot;Parab\u00e9ns ao Sr. e \u00e0 Sra. Sano por receberem o pr\u00eamio. Imagino que tenha sido extremamente dif\u00edcil para voc\u00eas apoiarem Tomoko e o Sr. Sano nos bastidores enquanto eles se mantinham saud\u00e1veis e ativos. Gostaria de aproveitar esta oportunidade para expressar minha gratid\u00e3o.&quot;<\/p>\n<p>Ap\u00f3s o falecimento do Sr. Nagashima, ele deixou como legado as palavras: &quot;Mem\u00f3rias s\u00e3o mais importantes que registros&quot;. Desde o Sr. Mori, tenho recebido apoio dos prefeitos, mas o Sr. Yutaka Sano \u00e9 um que permanece em minha mem\u00f3ria. Em seus discursos em diversas reuni\u00f5es, o Sr. Sano sempre dizia: &quot;Hokuryu \u00e9 uma cidade que tem o sol a seu favor. Vamos valorizar os girass\u00f3is e tudo o que nossos ancestrais trabalharam tanto para construir&quot;. S\u00e3o palavras dif\u00edceis de expressar sem sentir essa emo\u00e7\u00e3o.<\/p>\n<p>Gostaria de expressar especialmente minha gratid\u00e3o ao Sr. Sano por demonstrar gratid\u00e3o aos seus antecessores e valorizar a &quot;Parceria Produtor-Consumidor: Uma Ponte para a Vida&quot; e a &quot;Parceria Consumidor-Produtor: Um V\u00ednculo para a Vida&quot;. Juntamente com os diretores representantes de cada distrito, o Prefeito Sano viajou do leste de Hokkaido, onde a pecu\u00e1ria leiteira e o cultivo de lavouras s\u00e3o a norma, at\u00e9 T\u00f3quio, Osaka, Nagoya, Kyushu, Okinawa e Taiwan, disseminando os valores do Hokuryu. Acredito que este seja o elemento mais importante do meu papel como prefeito.<\/p>\n<p>O prefeito Morimoto \u00e9 lembrado por seus 28 anos como prefeito, distribu\u00eddos em sete mandatos. Em segundo lugar, ele construiu uma represa na cidade de Hokuryu a pedido de Goto Miohachi e Matsuwara Sakuzo. Em terceiro lugar, ele abandonou os planos de desenvolver uma esta\u00e7\u00e3o de esqui. Se esse plano tivesse prosseguido, a cidade de Hokuryu n\u00e3o existiria hoje. Em terceiro lugar, h\u00e1 36 anos, a cooperativa agr\u00edcola, o comit\u00ea agr\u00edcola, a cidade de Hokuryu e o distrito de melhoramento de terras se uniram, e o pr\u00f3prio prefeito Morimoto declarou a cidade de Hokuryu &quot;uma cidade que se compromete com a produ\u00e7\u00e3o segura de alimentos para proteger a vida e a sa\u00fade de seus cidad\u00e3os&quot;. Nenhuma outra cidade no Jap\u00e3o fez tal declara\u00e7\u00e3o.<\/p>\n<p>O Sr. Sano sempre teve um forte desejo de transmitir o esp\u00edrito desses ancestrais e levar o orgulho de Hokuryu ao maior n\u00famero poss\u00edvel de pessoas. Ouvi as palavras do Sr. Goto Misaohachi centenas de vezes: &quot;Em posi\u00e7\u00f5es importantes, n\u00e3o busquem status, honra ou dinheiro&quot;. Tenho certeza de que o Sr. Sano permanecer\u00e1 para sempre em minha mem\u00f3ria como um verdadeiro l\u00edder. Como o Sr. Sano ainda \u00e9 jovem, espero que ele transmita essa mensagem ao maior n\u00famero poss\u00edvel de moradores da cidade.<\/p>\n<p>Parab\u00e9ns ao Sr. e \u00e0 Sra. Sano! Sa\u00fade!!!&quot;, disse o Sr. Kikura.<\/p>\n<figure class=\"wp-caption aligncenter\"><a href=\"https:\/\/photos.google.com\/share\/AF1QipOd4_ff8Ce-rFRD5VAZ5PwS1rs6HgXkenQH5GBfX2OY2028qVMKmdRUv5gqKFcZnQ\/photo\/AF1QipNLI5RJia30GxzB7UVsXLiV0TWXPz6WJa8N3sI?key=UmVKM0h5ZXc5QkQzWmNJS2hvNnBqXzBsc3N2NXhn\" target=\"_blank\"><img decoding=\"async\" src=\"https:\/\/lh3.googleusercontent.com\/pw\/AP1GczPxoO4Njg8-pD1e_HTL9S0_I8eZQNB3hPrs4U05kGCf3q61p8HrTy9PMjmfzTb1h-K1zqjRQnagQ8EYxyZLROdtJvlB8s-7iRWbOxo7_VTbCbntrglF7WyZGFAM5r2liHVxAnAnQFWWwyVaq_pGSIYl=w2000-h1333-s-no-gm?authuser=0\" width=\"2000\" height=\"1333\" alt=\"Parab\u00e9ns ao Sr. e \u00e0 Sra. Sano! Sa\u00fade!!!\" class=\"size-full\" \/><\/a><figcaption class=\"wp-caption-text\">Parab\u00e9ns ao Sr. e \u00e0 Sra. Sano! Sa\u00fade!!!<\/figcaption><\/figure>\n<h3>A celebra\u00e7\u00e3o<\/h3>\n<p>O local estava repleto de uma atmosfera amig\u00e1vel durante todo o evento, com os participantes sorrindo e conversando animadamente enquanto parabenizavam o Sr. Sano de cora\u00e7\u00e3o pela conquista do pr\u00eamio.    <\/p>\n<figure class=\"wp-caption aligncenter\"><a href=\"https:\/\/photos.google.com\/share\/AF1QipOd4_ff8Ce-rFRD5VAZ5PwS1rs6HgXkenQH5GBfX2OY2028qVMKmdRUv5gqKFcZnQ\/photo\/AF1QipPUiflaGAwWWPeSoDLmjEiofKuRySrdGgyHSrE?key=UmVKM0h5ZXc5QkQzWmNJS2hvNnBqXzBsc3N2NXhn\" target=\"_blank\"><img decoding=\"async\" src=\"https:\/\/lh3.googleusercontent.com\/pw\/AP1GczPz-Nt3OZLabQZJXS0_VSABew_7gyiBPA9XWwmo-t1BU-mW19bzEN-9jqlWBOtZIlnEGxL_98ug4KvdIYsvj30JWnHpSh-HtnDg9ZMzrye8EwASv2AH1qxq-QLc-tkPNuTPLBfGvg6UDNyAy-Yzg2yW=w2000-h1500-s-no-gm?authuser=0\" width=\"2000\" height=\"1500\" alt=\"Um banquete muito bem-sucedido\" class=\"size-full\" \/><\/a><figcaption class=\"wp-caption-text\">Um banquete muito bem-sucedido<\/figcaption><\/figure>\n<figure class=\"wp-caption aligncenter\"><a href=\"https:\/\/photos.google.com\/share\/AF1QipOd4_ff8Ce-rFRD5VAZ5PwS1rs6HgXkenQH5GBfX2OY2028qVMKmdRUv5gqKFcZnQ\/photo\/AF1QipPzcilo5CBj_i60izr-WxUSE7UYzGwixN0uYMU?key=UmVKM0h5ZXc5QkQzWmNJS2hvNnBqXzBsc3N2NXhn\" target=\"_blank\"><img decoding=\"async\" src=\"https:\/\/lh3.googleusercontent.com\/pw\/AP1GczN1Zb3DPk9xaPKcCDNpoY-TDuI92zv1BgunvoUIyJ6PgjDvL3UqmLkw7O_g7BGQbepkFBx5INJreoiuJVE8BtlsxrFzf3K36cMMTEBlfVoxwxuwqWjkLeiNt6m_Czwcc5PFZWqhFGrMFsn2c1czA5T2=w2000-h1500-s-no-gm?authuser=0\" width=\"2000\" height=\"1500\" alt=\"Um ambiente amig\u00e1vel\" class=\"size-full\" \/><\/a><figcaption class=\"wp-caption-text\">Um ambiente amig\u00e1vel<\/figcaption><\/figure>\n<figure class=\"wp-caption aligncenter\"><a href=\"https:\/\/photos.google.com\/share\/AF1QipOd4_ff8Ce-rFRD5VAZ5PwS1rs6HgXkenQH5GBfX2OY2028qVMKmdRUv5gqKFcZnQ\/photo\/AF1QipMALSQUDcOCdD_-1ygt0C6rkAfdq2JoRb4QkaU?key=UmVKM0h5ZXc5QkQzWmNJS2hvNnBqXzBsc3N2NXhn\" target=\"_blank\"><img decoding=\"async\" src=\"https:\/\/lh3.googleusercontent.com\/pw\/AP1GczP1SRm0tTvDWyxdvDZhFBFlomVYR-A-N38Q1pic95CSfLeIG2UByqI1Xq6RFeBBM09l7TWamv5dZltFbeWDxKc4QkvHR5xdZt1chfJNn2p_CTB5hNxUAxpnPih41JnskxwGBf8LSgFYBxMKKrDiX8XI=w2000-h1500-s-no-gm?authuser=0\" width=\"2000\" height=\"1500\" alt=\"pacificamente\" class=\"size-full\" \/><\/a><figcaption class=\"wp-caption-text\">pacificamente<\/figcaption><\/figure>\n<figure class=\"wp-caption aligncenter\"><a href=\"https:\/\/photos.google.com\/share\/AF1QipOd4_ff8Ce-rFRD5VAZ5PwS1rs6HgXkenQH5GBfX2OY2028qVMKmdRUv5gqKFcZnQ\/photo\/AF1QipP8q7g7ipvm9h7e4d51XglO0g1NnEq0oTf4BrQ?key=UmVKM0h5ZXc5QkQzWmNJS2hvNnBqXzBsc3N2NXhn\" target=\"_blank\"><img decoding=\"async\" src=\"https:\/\/lh3.googleusercontent.com\/pw\/AP1GczPElKe1Wh06mHwZAb-CIMfVMXvDjzKw5z24WTGQaFXrInMp8BcTZ61Sdg6_h-1c_SugAJ9ayZO6lnyDkWv6B61kKwuVFkYQ3fZFUy83lhEYu0PgH5BK1OAI3z7V-foSx7tP3xPqEbiGWk2gUYqpgVIy=w2000-h1500-s-no-gm?authuser=0\" width=\"2000\" height=\"1500\" alt=\"Um sorriso se espalha.\" class=\"size-full\" \/><\/a><figcaption class=\"wp-caption-text\">Um sorriso se espalha.<\/figcaption><\/figure>\n<figure class=\"wp-caption aligncenter\"><a href=\"https:\/\/photos.google.com\/share\/AF1QipOd4_ff8Ce-rFRD5VAZ5PwS1rs6HgXkenQH5GBfX2OY2028qVMKmdRUv5gqKFcZnQ\/photo\/AF1QipPhysd7ucGPxqEEbNLOFjJDbVsL0o4dltGJUPs?key=UmVKM0h5ZXc5QkQzWmNJS2hvNnBqXzBsc3N2NXhn\" target=\"_blank\"><img decoding=\"async\" src=\"https:\/\/lh3.googleusercontent.com\/pw\/AP1GczM0pTquUs2T4XU4jg9fGfeH9gbdJq0Wa9CBzWJQ-WzkJq60YDewhmXgtml4fm1fdrwsOK7SXOneVWPYxZ8Ko0Kioo96WfJ7lsku1giBV5OJBKTn27ZavDfLn2e0J7VK3pYQ7jUb-ZaOozOJnuezTeKp=w2000-h1500-s-no-gm?authuser=0\" width=\"2000\" height=\"1500\" alt=\"A conversa foi animada.\" class=\"size-full\" \/><\/a><figcaption class=\"wp-caption-text\">A conversa foi animada.<\/figcaption><\/figure>\n<figure class=\"wp-caption aligncenter\"><a href=\"https:\/\/photos.google.com\/share\/AF1QipOd4_ff8Ce-rFRD5VAZ5PwS1rs6HgXkenQH5GBfX2OY2028qVMKmdRUv5gqKFcZnQ\/photo\/AF1QipNS_-E4LCSkszZIVMRCFTbz6eY3kk5Yh2K9naE?key=UmVKM0h5ZXc5QkQzWmNJS2hvNnBqXzBsc3N2NXhn\" target=\"_blank\"><img decoding=\"async\" src=\"https:\/\/lh3.googleusercontent.com\/pw\/AP1GczORtgOG-falIJfPQKOIBZEbk69cuVWqEBNePJLjfHT5ot8pg17pVJS1xCDFH_uNFNpaF_TSXeccn7ct2h_W4Qf6Oc5bSxXAcnKGmDiEBH0_nI4jzwydRGEBVdjS63pHEg9lBlnGz-gayinJp_dADiV0=w2000-h1500-s-no-gm?authuser=0\" width=\"2000\" height=\"1500\" alt=\"Em uma conversa tranquila...\" class=\"size-full\" \/><\/a><figcaption class=\"wp-caption-text\">Em uma conversa tranquila...<\/figcaption><\/figure>\n<figure class=\"wp-caption aligncenter\"><a href=\"https:\/\/photos.google.com\/share\/AF1QipOd4_ff8Ce-rFRD5VAZ5PwS1rs6HgXkenQH5GBfX2OY2028qVMKmdRUv5gqKFcZnQ\/photo\/AF1QipPdKI9pspDX8CGzbtVc4SsLQA2nXFvmyoHB7AY?key=UmVKM0h5ZXc5QkQzWmNJS2hvNnBqXzBsc3N2NXhn\" target=\"_blank\"><img decoding=\"async\" src=\"https:\/\/lh3.googleusercontent.com\/pw\/AP1GczN0Cthu5uqAn6ZQFR9yEIV24vYa-KRSZIj4uIpgHRcjVONxRZ-6aO7tOj6O8KOCSOLwJHNbC9hiCaXse1T4Vb_lQKcDTnfE1C4JpyhmY4Pgzi_Mmm0kT8kZsJg6iRH317XIw7VgevYnbPR3PV4Avs4_=w2000-h1500-s-no-gm?authuser=0\" width=\"2000\" height=\"1500\" alt=\"Transbordando sorrisos...\" class=\"size-full\" \/><\/a><figcaption class=\"wp-caption-text\">Transbordando sorrisos...<\/figcaption><\/figure>\n<figure class=\"wp-caption aligncenter\"><a href=\"https:\/\/photos.google.com\/share\/AF1QipOd4_ff8Ce-rFRD5VAZ5PwS1rs6HgXkenQH5GBfX2OY2028qVMKmdRUv5gqKFcZnQ\/photo\/AF1QipM8tCJBcn3t2KgtLiQ1NqC16-DDVX0cdURc8Lw?key=UmVKM0h5ZXc5QkQzWmNJS2hvNnBqXzBsc3N2NXhn\" target=\"_blank\"><img decoding=\"async\" src=\"https:\/\/lh3.googleusercontent.com\/pw\/AP1GczP0IVbAZi8S-ZyO7uNada4gFnCXQ8Dz-E2wEqam67xSYcCFZNvXx4yxuRW6pFD8vHkuKeZOBmaSYRRf-Ui2UOyhg1nFHcalfAaTSV9L8It3VSrJcpv5kA_jT_7jWjz2onmMZcwVu9Axo76gb0jRdOl6=w2000-h1500-s-no-gm?authuser=0\" width=\"2000\" height=\"1500\" alt=\"Com gratid\u00e3o!\" class=\"size-full\" \/><\/a><figcaption class=\"wp-caption-text\">Com gratid\u00e3o!<\/figcaption><\/figure>\n<figure class=\"wp-caption aligncenter\"><a href=\"https:\/\/photos.google.com\/share\/AF1QipOd4_ff8Ce-rFRD5VAZ5PwS1rs6HgXkenQH5GBfX2OY2028qVMKmdRUv5gqKFcZnQ\/photo\/AF1QipPykDw4V6MmFzmVWAZV0xW5-Iu5IXVo-zqjyXE?key=UmVKM0h5ZXc5QkQzWmNJS2hvNnBqXzBsc3N2NXhn\" target=\"_blank\"><img decoding=\"async\" src=\"https:\/\/lh3.googleusercontent.com\/pw\/AP1GczO6nJ5QY3OTWVODf_P-7MVbvJVs_KVHRqMxUb5e9vanPTrDuxx3wf2Q4MzwKX5FpBFe4pQjOYRrrkjkFLLCU95m4QMKXeMa40dPeOTabP-obxHXA4zyKSSIdcl0P6cWbVJjjRo_ZxBjyOCI7FWP3XUT=w2000-h1500-s-no-gm?authuser=0\" width=\"2000\" height=\"1500\" alt=\"A fam\u00edlia se reuniu...\" class=\"size-full\" \/><\/a><figcaption class=\"wp-caption-text\">A fam\u00edlia se reuniu...<\/figcaption><\/figure>\n<figure class=\"wp-caption aligncenter\"><a href=\"https:\/\/photos.google.com\/share\/AF1QipOd4_ff8Ce-rFRD5VAZ5PwS1rs6HgXkenQH5GBfX2OY2028qVMKmdRUv5gqKFcZnQ\/photo\/AF1QipML6swdLVOIsuCC8sV0sOYCdXw57RLIWXm2Rbo?key=UmVKM0h5ZXc5QkQzWmNJS2hvNnBqXzBsc3N2NXhn\" target=\"_blank\"><img decoding=\"async\" src=\"https:\/\/lh3.googleusercontent.com\/pw\/AP1GczMGKLVckYej21ScaYEAau4F7Wiu4eqeXlXQHSNihGUmMeXqF1M7vzdrGHGO34rc_nmsI0W7SIcAqN29Nkz5ZXwdajUjAH-npe5-NliVbO3FjB9ICPKGkedNeY6IGdo6nYtDpgjjLgbAwjV5y339Zl_Y=w2000-h1500-s-no-gm?authuser=0\" width=\"2000\" height=\"1500\" alt=\"Todos os funcion\u00e1rios da prefeitura\" class=\"size-full\" \/><\/a><figcaption class=\"wp-caption-text\">Todos os funcion\u00e1rios da prefeitura<\/figcaption><\/figure>\n<h3>Tr\u00eas vivas para Junichi Fukase, presidente do Distrito de Melhoramento de Terras de Hokuryu.<\/h3>\n<figure class=\"wp-caption aligncenter\"><a href=\"https:\/\/photos.google.com\/share\/AF1QipOd4_ff8Ce-rFRD5VAZ5PwS1rs6HgXkenQH5GBfX2OY2028qVMKmdRUv5gqKFcZnQ\/photo\/AF1QipMC96WqdkV_oeF4IN9RQQVCaS-l3mAL6JYnhis?key=UmVKM0h5ZXc5QkQzWmNJS2hvNnBqXzBsc3N2NXhn\" target=\"_blank\"><img decoding=\"async\" src=\"https:\/\/lh3.googleusercontent.com\/pw\/AP1GczP3YuxTtfccVsXORkNAJIwXU573Dt30q_n9OW_PDFdA-Fn8Hf1CtRvmV6GZfTpbVrOCDfa4PDFvTzcvwyfjULKpoXSV-TPDYR9xsjgjwcyJE-0c1Pr2pQqf9zlaIFco55iErN4jn0wlT-W_VBG0I8Ng=w2000-h1125-s-no-gm?authuser=0\" width=\"2000\" height=\"1125\" alt=\"Tr\u00eas vivas para Junichi Fukase, presidente do Distrito de Melhoramento de Terras de Hokuryu.\" class=\"size-full\" \/><\/a><figcaption class=\"wp-caption-text\">Tr\u00eas vivas para Junichi Fukase, presidente do Distrito de Melhoramento de Terras de Hokuryu.<\/figcaption><\/figure>\n<p>&quot;O prefeito Sano sempre me chamava de &#039;Jun-chan, Jun-chan&#039;, e eu era muito grata por sua gentileza. Eu pensava que era a \u00fanica especial, mas depois de ouvir o que o prefeito Sasaki disse mais cedo, soube que ele chama todos pelo primeiro nome e fiquei um pouco decepcionada (risos).<\/p>\n<p>O que nos deixaria mais felizes seria ver o Sr. Sano fazer o que ama e aproveitar o resto da vida. Queremos muito que ele se divirta e esperamos que sua esposa tamb\u00e9m aproveite para fazer todo tipo de coisa.<\/p>\n<p>Gostaria de encerrar o evento com tr\u00eas vivas, desejando \u00e0 fam\u00edlia Sano sucesso cont\u00ednuo e felicidade a todos os presentes. &quot;Viva! Viva! Viva!&quot;<\/p>\n<figure class=\"wp-caption aligncenter\"><a href=\"https:\/\/photos.google.com\/share\/AF1QipOd4_ff8Ce-rFRD5VAZ5PwS1rs6HgXkenQH5GBfX2OY2028qVMKmdRUv5gqKFcZnQ\/photo\/AF1QipMpupNt4VXmkMvzmBeLZsZbq3vtz5tX7cztsxU?key=UmVKM0h5ZXc5QkQzWmNJS2hvNnBqXzBsc3N2NXhn\" target=\"_blank\"><img decoding=\"async\" src=\"https:\/\/lh3.googleusercontent.com\/pw\/AP1GczMTGwyDtI62xWd_W1n0Rh5mBpSiaRHX77ThzoY1nCR6ZrPiT4jT80avL6mvmhMM0FMWL_DxMnOE-Orm8mKHYWGovCjxw6lxfdwhps7rqm1oWdKh0VxD08pg9sdNhTjdeb0vKiMNWkVB0PcCgq6XKnWq=w2000-h1125-s-no-gm?authuser=0\" width=\"2000\" height=\"1125\" alt=\"Tr\u00eas vivas!!!\" class=\"size-full\" \/><\/a><figcaption class=\"wp-caption-text\">Tr\u00eas vivas!!!<\/figcaption><\/figure>\n<figure class=\"wp-caption aligncenter\"><a href=\"https:\/\/photos.google.com\/share\/AF1QipOd4_ff8Ce-rFRD5VAZ5PwS1rs6HgXkenQH5GBfX2OY2028qVMKmdRUv5gqKFcZnQ\/photo\/AF1QipPhzcN9gmTlCjhaiFMwMW8M8ny45de5o4vyiXI?key=UmVKM0h5ZXc5QkQzWmNJS2hvNnBqXzBsc3N2NXhn\" target=\"_blank\"><img decoding=\"async\" src=\"https:\/\/lh3.googleusercontent.com\/pw\/AP1GczMhs6d2kehG_uDK7ke7nNFmoURUVW1nHuV7yTYxrQTShkJn_niaEZBIw_Shn-uENf2ajXw5VhRsnrHclI06asvdXqiZEvvp9Ug-nEOQbrmlczZ5cItUfJu-zCMp7R_ynRPvBCHFZNkF9tE0m7ECCKWj=w2000-h1125-s-no-gm?authuser=0\" width=\"2000\" height=\"1125\" alt=\"Aproveite a vida!\" class=\"size-full\" \/><\/a><figcaption class=\"wp-caption-text\">Aproveite a vida!<\/figcaption><\/figure>\n<h2>Despedida e encerramento<\/h2>\n<p>Ao final da celebra\u00e7\u00e3o, o Sr. e a Sra. Sano se despediram de cada participante e expressaram sua gratid\u00e3o.    <\/p>\n<figure class=\"wp-caption aligncenter\"><a href=\"https:\/\/photos.google.com\/share\/AF1QipOd4_ff8Ce-rFRD5VAZ5PwS1rs6HgXkenQH5GBfX2OY2028qVMKmdRUv5gqKFcZnQ\/photo\/AF1QipNUF6aJ9Cfd2dHZcU4lE7V-RTSfRYTLyNbF0Rc?key=UmVKM0h5ZXc5QkQzWmNJS2hvNnBqXzBsc3N2NXhn\" target=\"_blank\"><img decoding=\"async\" src=\"https:\/\/lh3.googleusercontent.com\/pw\/AP1GczN0aGorAlsCAH6_-i5BgPT0OjaQz43hpU_ZZm4qVb76wX5eMtTY2vuaSeDCaklW12NkJFbFPE27Qk0afnvry1_9D0hlfduDk0obeQn1zXrx45ZrkZuk87KGBb4XRhq_wlvNe_06Z9TKOu-54y19wJZH=w2000-h1125-s-no-gm?authuser=0\" width=\"2000\" height=\"1125\" alt=\"Com muita gratid\u00e3o...\" class=\"size-full\" \/><\/a><figcaption class=\"wp-caption-text\">Com muita gratid\u00e3o...<\/figcaption><\/figure>\n<figure class=\"wp-caption aligncenter\"><a href=\"https:\/\/photos.google.com\/share\/AF1QipOd4_ff8Ce-rFRD5VAZ5PwS1rs6HgXkenQH5GBfX2OY2028qVMKmdRUv5gqKFcZnQ\/photo\/AF1QipMx5le_f3D6VVPT-SLBaH6FGTezIuxvkSLTO8U?key=UmVKM0h5ZXc5QkQzWmNJS2hvNnBqXzBsc3N2NXhn\" target=\"_blank\"><img decoding=\"async\" src=\"https:\/\/lh3.googleusercontent.com\/pw\/AP1GczP9LS0Vg-mePLh5741PTveZZfRkdNQRHSIe8sUof-NN4cLoUQBNe-pvftjFJY5icDJ2b5y_JYOHG0gf5HRlkP84Xn3LdC2RDG-Oo0ljhQiKU0kKUK94a7ljZX_ZDmAynPwKGNReXP79vs7BNQBZe4N7=w2000-h1125-s-no-gm?authuser=0\" width=\"2000\" height=\"1125\" alt=\"Sauda\u00e7\u00f5es de despedida\" class=\"size-full\" \/><\/a><figcaption class=\"wp-caption-text\">Sauda\u00e7\u00f5es de despedida<\/figcaption><\/figure>\n<figure class=\"wp-caption aligncenter\"><a href=\"https:\/\/photos.google.com\/share\/AF1QipOd4_ff8Ce-rFRD5VAZ5PwS1rs6HgXkenQH5GBfX2OY2028qVMKmdRUv5gqKFcZnQ\/photo\/AF1QipM8IRK970Rp0N0TyKV8Iog-iZ_AsGgumExSnNg?key=UmVKM0h5ZXc5QkQzWmNJS2hvNnBqXzBsc3N2NXhn\" target=\"_blank\"><img decoding=\"async\" src=\"https:\/\/lh3.googleusercontent.com\/pw\/AP1GczPIpHCm2HJZTU2ytWo9xb7zPH3kjlM57_iKYtq8semvo1VLgntGgmY8PeVOkm5qqd4-K4HKC4Yl0UNku-GQnfzx70Hdrmb0vws_It07v1ncsFZbJvOoKc5HpYy5WFZtefQoWkzBMP7PQmkSBOpxpKPh=w2000-h1500-s-no-gm?authuser=0\" width=\"2000\" height=\"1500\" alt=\"Com todo o meu cora\u00e7\u00e3o...\" class=\"size-full\" \/><\/a><figcaption class=\"wp-caption-text\">Com todo o meu cora\u00e7\u00e3o...<\/figcaption><\/figure>\n<p>Esta honrosa medalha foi concedida por Sua Majestade o Imperador em reconhecimento aos seus muitos anos de realiza\u00e7\u00f5es e conquistas not\u00e1veis!<br \/>\nCom profundo respeito, gratid\u00e3o e ora\u00e7\u00f5es, estendemos nossos parab\u00e9ns ao Sr. Yutaka Sano e \u00e0 Sra. Tomoko por receberem a gloriosa e honrosa Ordem do Sol Nascente, Raios de Ouro e Prata.<\/p>\n<figure class=\"wp-caption aligncenter\"><a href=\"https:\/\/photos.google.com\/share\/AF1QipOd4_ff8Ce-rFRD5VAZ5PwS1rs6HgXkenQH5GBfX2OY2028qVMKmdRUv5gqKFcZnQ\/photo\/AF1QipMEhp3pjRt5WAQbqGrWHFEZEPzBvI2ZW2CwkVg?key=UmVKM0h5ZXc5QkQzWmNJS2hvNnBqXzBsc3N2NXhn\" target=\"_blank\"><img decoding=\"async\" src=\"https:\/\/lh3.googleusercontent.com\/pw\/AP1GczN52iOPGhSUbEbav8YGv7FOOJqksIFDgLGGv4ZewK6WnL_mhnX0cS0EqN5q4CzQnlBGimw0UtkSxVPylVbuXfyZ42tPi76pr0NUWWo_QNX7sf_kYHkP1HxhfUcHoFrHtBKvQXO5n78aXeDpyofRtyaQ=w2000-h1500-s-no-gm?authuser=0\" width=\"2000\" height=\"1500\" alt=\"Presentes comemorativos\" class=\"size-full\" \/><\/a><figcaption class=\"wp-caption-text\">Presentes comemorativos<\/figcaption><\/figure>\n<figure class=\"wp-caption aligncenter\"><a href=\"https:\/\/photos.google.com\/share\/AF1QipOd4_ff8Ce-rFRD5VAZ5PwS1rs6HgXkenQH5GBfX2OY2028qVMKmdRUv5gqKFcZnQ\/photo\/AF1QipP-QjhSgb1ItRwCMA-cTOGeaLPRMtN-FGG7hWc?key=UmVKM0h5ZXc5QkQzWmNJS2hvNnBqXzBsc3N2NXhn\" target=\"_blank\"><img decoding=\"async\" src=\"https:\/\/lh3.googleusercontent.com\/pw\/AP1GczPNT4jD5p9DK5bwI2RPDeE6KXg_oFwRragmm1DRPjiOo8gvajAoLDyRTV2sL99NH-PKQpibjPz2DDt3o8OuJVH6IXPNUGKobPo6qiV-bVl8TVtd58H0HlC89C4MiQPWc5-2i5s1jBVXnokoM5KcMPjX=w2000-h1500-s-no-gm?authuser=0\" width=\"2000\" height=\"1500\" alt=\"Foto comemorativa da fam\u00edlia\" class=\"size-full\" \/><\/a><figcaption class=\"wp-caption-text\">Foto comemorativa da fam\u00edlia<\/figcaption><\/figure>\n<figure class=\"wp-caption aligncenter\"><a href=\"https:\/\/photos.google.com\/share\/AF1QipOd4_ff8Ce-rFRD5VAZ5PwS1rs6HgXkenQH5GBfX2OY2028qVMKmdRUv5gqKFcZnQ\/photo\/AF1QipO_StRGgpwd-nCA2_Nnrks29ktvnXrQRqzrf24?key=UmVKM0h5ZXc5QkQzWmNJS2hvNnBqXzBsc3N2NXhn\" target=\"_blank\"><img decoding=\"async\" src=\"https:\/\/lh3.googleusercontent.com\/pw\/AP1GczMOpxk3uKG0jWOySDEgFHtJV2Smt8rbaJgP6TR-IrpgWbmlPjkacgm-b0SRYBffox5waEAduV7n84SmHDBfzybyr8s9PeBeW04OvW8ix6dpRi17I5vNie7sJgqgsBKGU0NPC6fxql9TjlIX1w8ZVdVy=w2000-h1500-s-no-gm?authuser=0\" width=\"2000\" height=\"1500\" alt=\"Gostar\u00edamos de expressar nossos sinceros parab\u00e9ns pela conquista do pr\u00eamio!\" class=\"size-full\" \/><\/a><figcaption class=\"wp-caption-text\">Gostar\u00edamos de expressar nossos sinceros parab\u00e9ns pela conquista do pr\u00eamio!<\/figcaption><\/figure>\n<h2>Yutaka Sano e sua trajet\u00f3ria profissional<\/h2>\n<h4>Data de nascimento: abril de 1951<\/h4>\n<h4>Forma\u00e7\u00e3o acad\u00eamica<\/h4>\n<p>31 de mar\u00e7o de 1970 - Formou-se na Escola Secund\u00e1ria Numata, em Hokkaido.<\/p>\n<h4>Hist\u00f3rico de cargos eletivos<\/h4>\n<ul>\n<li>Prefeito da cidade de Hokuryu de 22 de fevereiro de 2012 a 21 de fevereiro de 2016.<\/li>\n<li>22 de fevereiro de 2016 - 21 de fevereiro de 2020 - Prefeito da cidade de Hokuryu<\/li>\n<li>22 de fevereiro de 2020 - 21 de fevereiro de 2020 Prefeito da cidade de Hokuryu<\/li>\n<\/ul>\n<h4>Carreira no servi\u00e7o p\u00fablico<\/h4>\n<ul>\n<li>1\u00ba de abril de 1970: Come\u00e7ou a trabalhar na Prefeitura de Hokuryu.<\/li>\n<li>1\u00ba de abril de 1970 - 31 de mar\u00e7o de 1974 - Divis\u00e3o Industrial da Cidade de Hokuryu, Se\u00e7\u00e3o de Pol\u00edtica Agr\u00edcola<\/li>\n<li>1\u00ba de abril de 1974 - 31 de mar\u00e7o de 1977 - Divis\u00e3o de Constru\u00e7\u00e3o da Cidade de Hokuryu, Se\u00e7\u00e3o Florestal<\/li>\n<li>1\u00ba de abril de 1977 - 10 de abril de 1983 - Se\u00e7\u00e3o de Educa\u00e7\u00e3o Social, Conselho de Educa\u00e7\u00e3o da Cidade de Hokuryu<\/li>\n<li>11 de abril de 1983 - 30 de abril de 1987: Chefe da Se\u00e7\u00e3o de Pol\u00edtica Agr\u00edcola, Divis\u00e3o Industrial, Munic\u00edpio de Hokuryu<\/li>\n<li>1\u00ba de maio de 1987 - 31 de mar\u00e7o de 1992: Chefe da Se\u00e7\u00e3o de Finan\u00e7as e Chefe da Se\u00e7\u00e3o de Seguran\u00e7a no Tr\u00e2nsito da Divis\u00e3o de Assuntos Gerais da cidade de Hokuryu<\/li>\n<li>1\u00ba de abril de 1992 - 30 de setembro de 1996: Chefe da Se\u00e7\u00e3o de Assuntos Gerais e Tributa\u00e7\u00e3o da cidade de Hokuryu.<\/li>\n<li>1 de outubro de 1996 - 31 de mar\u00e7o de 1998: Diretor Adjunto da Divis\u00e3o de Planejamento e Chefe da Se\u00e7\u00e3o de Planejamento da cidade de Hokuryu.<\/li>\n<li>1\u00ba de abril de 1998 - 30 de junho de 1999: Diretor Adjunto da Divis\u00e3o de Planejamento e Finan\u00e7as da cidade de Hokuryu<\/li>\n<li>1\u00ba de julho de 1999 - 31 de mar\u00e7o de 2001: Chefe da Divis\u00e3o de Planejamento e Finan\u00e7as da cidade de Hokuryu<\/li>\n<li>1\u00ba de abril de 2001 - 30 de junho de 2003: Chefe da Divis\u00e3o de Pol\u00edtica Agr\u00edcola da cidade de Hokuryu<\/li>\n<li>1\u00ba de julho de 2003 - 28 de fevereiro de 2004: Diretor da Divis\u00e3o Industrial da Cidade de Hokuryu<\/li>\n<li>1\u00ba de mar\u00e7o de 2004 - 31 de mar\u00e7o de 2007 - Vice-prefeito da cidade de Hokuryu<\/li>\n<li>1 de abril de 2007 - 28 de fevereiro de 2008 - Vice-prefeito da cidade de Hokuryu<\/li>\n<li>1 de mar\u00e7o de 2008 - 15 de dezembro de 2011 - Vice-prefeito da cidade de Hokuryu<\/li>\n<\/ul>\n<h4>Hist\u00f3rico da organiza\u00e7\u00e3o<\/h4>\n<ul>\n<li>26 de agosto de 2015 - 21 de fevereiro de 2024 - Membro do Conselho de Promo\u00e7\u00e3o da Coopera\u00e7\u00e3o da \u00c1rea de Sa\u00fade e Bem-Estar de Kita Sorachi<\/li>\n<li>22 de fevereiro de 2012 - 21 de fevereiro de 2024 - Membro da Associa\u00e7\u00e3o de Promo\u00e7\u00e3o do Controle de Inunda\u00e7\u00f5es do Rio Ishikari<\/li>\n<li>22 de fevereiro de 2012 - 31 de mar\u00e7o de 2020 Membro da Assembleia do Sindicato dos Bombeiros do Distrito de Fukagawa<\/li>\n<li>1\u00ba de abril de 2020 - 21 de fevereiro de 2020 - Subgerente do Sindicato dos Bombeiros do Distrito de Fukagawa<\/li>\n<li>22 de fevereiro de 2012 - 31 de mar\u00e7o de 2019 - Membro da Associa\u00e7\u00e3o do Centro de Saneamento Kita Sorachi<\/li>\n<li>1\u00ba de abril de 2019 - 21 de fevereiro de 2024 - Vice-presidente da Associa\u00e7\u00e3o do Centro de Saneamento Kita Sorachi<\/li>\n<li>22 de fevereiro de 2020 - 21 de fevereiro de 2020 - Membro da Associa\u00e7\u00e3o de Instala\u00e7\u00f5es Sanit\u00e1rias de Kitasorachi<\/li>\n<li>22 de fevereiro de 2012 - 21 de fevereiro de 2020 - Vice-diretor da Companhia de Abastecimento de \u00c1gua de Kitasorachi<\/li>\n<li>19 de mar\u00e7o de 2013 - 21 de fevereiro de 2024 - Vice-presidente da Associa\u00e7\u00e3o de Merenda Escolar da \u00c1rea de Kita Sorachi<\/li>\n<li>22 de mar\u00e7o de 2018 - 16 de junho de 2019 - Membro do Comit\u00ea de Auditoria, Conselho de Desenvolvimento Regional de Kita-Sorachi<\/li>\n<li>17 de junho de 2020 - 21 de fevereiro de 2020 - Representante do Presidente do Conselho de Promo\u00e7\u00e3o da \u00c1rea Norte de Sorachi<\/li>\n<li>22 de fevereiro de 2012 - 21 de fevereiro de 2024 - Membro do Conselho Sindical do Centro Educacional Sorachi<\/li>\n<li>22 de fevereiro de 2012 - 21 de fevereiro de 2024 - Vice-presidente da Associa\u00e7\u00e3o Regional de Gest\u00e3o de Res\u00edduos de Chubu e Kita-Sorachi<\/li>\n<li>14 de junho de 2019 - 13 de outubro de 2020 - Auditor da filial regional de Sorachi da Associa\u00e7\u00e3o Nacional de Seguro Sa\u00fade de Hokkaido<\/li>\n<li>11 de maio de 2012 - 6 de junho de 2019 Auditor da filial regional de Sorachi da Associa\u00e7\u00e3o Nacional de Seguro Sa\u00fade de Hokkaido<\/li>\n<li>7 de junho de 2019 - 13 de outubro de 2020 - Vice-gerente da filial regional de Sorachi da Associa\u00e7\u00e3o Nacional de Seguro Sa\u00fade de Hokkaido<\/li>\n<li>14 de outubro de 2020 - 21 de fevereiro de 2024 - Chefe da filial regional de Sorachi da Associa\u00e7\u00e3o Nacional de Seguro Sa\u00fade de Hokkaido<\/li>\n<li>21 de junho de 2020 - 21 de fevereiro de 2020 - Diretor da Associa\u00e7\u00e3o Nacional de Seguro Sa\u00fade de Hokkaido<\/li>\n<li>17 de janeiro de 2018 - 21 de fevereiro de 2020: Conselheiro da Alian\u00e7a para o Controle de Inunda\u00e7\u00f5es e Promo\u00e7\u00e3o do Projeto da Costa de Sabo, em Hokkaido.<\/li>\n<li>1 de junho de 2015 - 21 de fevereiro de 2020 Diretor, Conselho de Reflorestamento de Fontes de \u00c1gua de Hokkaido<\/li>\n<li>30 de maio de 2020 - 21 de fevereiro de 2020 - Presidente do Conselho de Silvicultura de Fontes de \u00c1gua de Hokkaido<\/li>\n<li>26 de fevereiro de 2021 - 21 de fevereiro de 2020 Gerente Adjunto da Filial de Sorachi, Federa\u00e7\u00e3o de Associa\u00e7\u00f5es Empresariais de Melhoramento de Terras de Hokkaido<\/li>\n<li>30 de junho de 2022 - 21 de fevereiro de 2024: Membro do Conselho da Associa\u00e7\u00e3o de Melhoramento de Terras de Hokkaido e do Conselho de Promo\u00e7\u00e3o de Pagamentos Diretos ao Estilo Japon\u00eas de Hokkaido.<\/li>\n<li>24 de mar\u00e7o de 2021 - 21 de fevereiro de 2020 - Diretor da Federa\u00e7\u00e3o de Associa\u00e7\u00f5es Empresariais de Melhoramento de Terras de Hokkaido<\/li>\n<li>17 de junho de 2021 - 21 de fevereiro de 2020 - Membro do Comit\u00ea Permanente de Delibera\u00e7\u00e3o da Associa\u00e7\u00e3o Geral Incorporada do Conselho Agr\u00edcola de Hokkaido<\/li>\n<li>17 de junho de 2021 - 21 de fevereiro de 2020 - Diretor do Conselho Agr\u00edcola de Hokkaido, Associa\u00e7\u00e3o Geral Incorporada<\/li>\n<li>1\u00ba de julho de 2020 - 21 de fevereiro de 2024 - Membro do Comit\u00ea de Desenvolvimento de Recursos Humanos da Corpora\u00e7\u00e3o P\u00fablica Agr\u00edcola de Hokkaido.<\/li>\n<li>7 de setembro de 2020 - 21 de fevereiro de 2020 - Membro do Conselho de Remunera\u00e7\u00e3o Executiva da Corpora\u00e7\u00e3o Agr\u00edcola de Hokkaido<\/li>\n<li>25 de junho de 2020 - 21 de fevereiro de 2020 - Diretor da Corpora\u00e7\u00e3o Agr\u00edcola de Hokkaido<\/li>\n<li>30 de junho de 2019 - 23 de fevereiro de 2021 - Diretor da Associa\u00e7\u00e3o de Promo\u00e7\u00e3o do Desenvolvimento Integral da Regi\u00e3o de Sorachi<\/li>\n<li>24 de fevereiro de 2021 - 21 de fevereiro de 2024 - Vice-presidente da Associa\u00e7\u00e3o Regional de Promo\u00e7\u00e3o do Desenvolvimento Integral de Sorachi<\/li>\n<li>12 de maio de 2019 - 21 de agosto de 2020 - Auditor do Conselho Municipal e da Vila de Sorachi<\/li>\n<li>22 de agosto de 2020 - 8 de fevereiro de 2024 - Presidente da Associa\u00e7\u00e3o da Cidade e Vila de Sorachi<\/li>\n<li>22 de maio de 2019 - 31 de janeiro de 2020 - Membro do Comit\u00ea de Auditoria da Associa\u00e7\u00e3o do Fundo Municipal de Hokkaido<\/li>\n<li>26 de julho de 2020 - 31 de janeiro de 2020 Comit\u00ea de Gest\u00e3o de Fundos do Munic\u00edpio de Hokkaido, Fundo Cooperativo<\/li>\n<li>22 de maio de 2019 - 31 de janeiro de 2022 - Membro do Conselho da Associa\u00e7\u00e3o do Fundo Municipal de Hokkaido<\/li>\n<li>14 de dezembro de 2020 - 30 de novembro de 2022 - Conselheiro da Associa\u00e7\u00e3o de Bem-Estar dos Funcion\u00e1rios Municipais de Hokkaido<\/li>\n<li>8 de outubro de 2020 - 30 de novembro de 2022 - Membro do Comit\u00ea de Gest\u00e3o de Projetos de Assist\u00eancia Social e de Curto Prazo da Associa\u00e7\u00e3o de Aux\u00edlio M\u00fatuo dos Funcion\u00e1rios Municipais de Hokkaido<\/li>\n<li>8 de outubro de 2020 - 30 de novembro de 2020 - Membro da Associa\u00e7\u00e3o de Aux\u00edlio M\u00fatuo dos Funcion\u00e1rios Municipais de Hokkaido<\/li>\n<li>22 de agosto de 2020 - 21 de fevereiro de 2024 - Membro do Conselho Sindical de Assuntos Gerais Municipais de Hokkaido<\/li>\n<li>12 de junho de 2023 - 21 de fevereiro de 2024 - Membro do Comit\u00ea de Auditoria, Associa\u00e7\u00e3o de Assuntos Gerais Municipais de Hokkaido<\/li>\n<li>22 de agosto de 2020 - 21 de fevereiro de 2020 - Diretor da Associa\u00e7\u00e3o Administrativa de Hokkaido<\/li>\n<li>26 de fevereiro de 2014 - 21 de fevereiro de 2020 - Diretor do Conselho Nacional de Promo\u00e7\u00e3o do Levantamento Topogr\u00e1fico de Hokkaido<\/li>\n<li>27 de maio de 2019 - 14 de setembro de 2020 - Conselheiro da Funda\u00e7\u00e3o de Desenvolvimento Municipal de Hokkaido<\/li>\n<li>15 de setembro de 2020 - 21 de fevereiro de 2024 - Diretor da Funda\u00e7\u00e3o de Desenvolvimento Municipal de Hokkaido<\/li>\n<li>23 de maio de 2020 - 28 de setembro de 2020 - Membro do Comit\u00ea Permanente de Agricultura, Silvicultura e Pesca da Associa\u00e7\u00e3o de Cidades e Vilas de Hokkaido<\/li>\n<li>22 de abril de 2021 - 30 de maio de 2020 - Vice-presidente do Comit\u00ea Permanente de Agricultura, Silvicultura e Pesca da Associa\u00e7\u00e3o de Munic\u00edpios e Vilarejos de Hokkaido<\/li>\n<li>1\u00ba de abril de 2022 a 21 de fevereiro de 2024 - Membro do Comit\u00ea de Encargos Municipais e Rurais da Associa\u00e7\u00e3o de Cidades e Vilas de Hokkaido.<\/li>\n<li>10 de maio de 2020 - 21 de fevereiro de 2020 - Diretor da Associa\u00e7\u00e3o de Cidades e Vilas de Hokkaido<\/li>\n<li>29 de setembro de 2020 - 22 de abril de 2022 - Vice-presidente da Associa\u00e7\u00e3o de Cidades e Vilas de Hokkaido<\/li>\n<li>31 de maio de 2023 - 21 de fevereiro de 2024 - Vice-presidente da Associa\u00e7\u00e3o de Cidades e Vilas de Hokkaido<\/li>\n<\/ul>\n<h4>recompensa e puni\u00e7\u00e3o<\/h4>\n<ul>\n<li>28 de janeiro de 1981: Pr\u00eamio da Associa\u00e7\u00e3o Nacional de Cidades e Vilas por M\u00e9rito em Administra\u00e7\u00e3o Local (Prefeito)<\/li>\n<li>28 de mar\u00e7o de 2024: Pr\u00eamio Especial de Reconhecimento da Associa\u00e7\u00e3o de Melhoramento de Terras de Hokkaido<\/li>\n<li>17 de maio de 2024: Pr\u00eamio de M\u00e9rito Municipal da Cidade de Hokuryu<\/li>\n<li>17 de dezembro de 2024: Pr\u00eamio de Contribui\u00e7\u00e3o Social de Hokkaido (Pr\u00eamio de M\u00e9rito Municipal)<\/li>\n<\/ul>\n<h2>v\u00eddeos do YouTube<\/h2>\n<div class=\"youtube\"><iframe title=\"[Uma celebra\u00e7\u00e3o emocionante e de gratid\u00e3o] O ex-prefeito da cidade de Hokuryu, Yutaka Sano, recebe a Ordem do Sol Nascente, Raios de Ouro e Prata.\" src=\"https:\/\/www.youtube.com\/embed\/XJqBb7Q8rCI?feature=oembed\" frameborder=\"0\" allow=\"accelerometer; autoplay; clipboard-write; encrypted-media; gyroscope; picture-in-picture; web-share\" referrerpolicy=\"strict-origin-when-cross-origin\" allowfullscreen><\/iframe><\/div>\n<h2>Outras fotos<\/h2>\n<div class=\"img-move\"><img decoding=\"async\" style=\"vertical-align: middle;\" src=\"https:\/\/ehokkaido.net\/wp-content\/uploads\/2021\/12\/2021-12-06-11.41.12.png\" \/> <a href=\"https:\/\/photos.app.goo.gl\/JPU16TBL1hJ1wohBA\" target=\"_blank\" rel=\"noopener noreferrer\">As fotos (205 fotos) da cerim\u00f4nia de entrega da Ordem do Sol Nascente, Raios de Ouro e Prata, ao Sr. Yutaka Sano est\u00e3o dispon\u00edveis aqui &gt;&gt;<\/a><\/div>\n<h2>Artigos relacionados<\/h2>\n<h4>Relacionado a Yutaka Sano<\/h4>\n\n        <div class=\"site-blogcard-premium\">\n            <div class=\"bc-label-custom\">Artigos relacionados<\/div>\n            <div class=\"bc-flex-container\">\n                <div class=\"bc-main-text\">\n                    <div class=\"bc-title-link-box\">\n                        <a href=\"https:\/\/portal.hokuryu.info\/pt\/category\/others\/sano-yutaka-formermayor\/\" target=\"_blank\">Relat\u00f3rio de atividades do ex-prefeito Yutaka Sano da cidade de Hokuryu (categoria)<\/a>\n                    <\/div>\n                    <div class=\"bc-excerpt-box\">Apresentando a p\u00e1gina do Facebook dos relat\u00f3rios de atividades do prefeito da cidade de Hokuryu, Yutaka Sano.\n<\/div>\n                <\/div>\n                <div class=\"bc-thumbnail-box\">\n                    <a href=\"https:\/\/portal.hokuryu.info\/pt\/category\/others\/sano-yutaka-formermayor\/\" target=\"_blank\">\n                        <div class=\"bc-img-zoom-wrap\">\n                            <img decoding=\"async\" src=\"https:\/\/portal.hokuryu.info\/wp\/wp-content\/uploads\/2026\/02\/20230802DSC06445_1.jpg\" alt=\"Relat\u00f3rio de atividades do ex-prefeito Yutaka Sano da cidade de Hokuryu (categoria)\">\n                        <\/div>\n                    <\/a>\n                <\/div>\n            <\/div>\n        <\/div>\n<h4>Pr\u00eamios<\/h4>\n\n        <div class=\"site-blogcard-premium\">\n            <div class=\"bc-label-custom\">Artigos relacionados<\/div>\n            <div class=\"bc-flex-container\">\n                <div class=\"bc-main-text\">\n                    <div class=\"bc-title-link-box\">\n                        <a href=\"https:\/\/portal.hokuryu.info\/pt\/59955\/\" target=\"_blank\">https:\/\/portal.hokuryu.info\/59955<\/a>\n                    <\/div>\n                    <div class=\"bc-excerpt-box\">N\u00e3o foi poss\u00edvel recuperar as informa\u00e7\u00f5es da p\u00e1gina.<\/div>\n                <\/div>\n                <div class=\"bc-thumbnail-box\">\n                    <a href=\"https:\/\/portal.hokuryu.info\/pt\/59955\/\" target=\"_blank\">\n                        <div class=\"bc-img-zoom-wrap\">\n                            <img decoding=\"async\" src=\"https:\/\/portal.hokuryu.info\/wp\/wp-content\/uploads\/2026\/02\/20230802DSC06445_1.jpg\" alt=\"https:\/\/portal.hokuryu.info\/59955\">\n                        <\/div>\n                    <\/a>\n                <\/div>\n            <\/div>\n        <\/div>\n\n        <div class=\"site-blogcard-premium\">\n            <div class=\"bc-label-custom\">Artigos relacionados<\/div>\n            <div class=\"bc-flex-container\">\n                <div class=\"bc-main-text\">\n                    <div class=\"bc-title-link-box\">\n                        <a href=\"https:\/\/portal.hokuryu.info\/pt\/5627\/\" target=\"_blank\">https:\/\/portal.hokuryu.info\/5627<\/a>\n                    <\/div>\n                    <div class=\"bc-excerpt-box\">N\u00e3o foi poss\u00edvel recuperar as informa\u00e7\u00f5es da p\u00e1gina.<\/div>\n                <\/div>\n                <div class=\"bc-thumbnail-box\">\n                    <a href=\"https:\/\/portal.hokuryu.info\/pt\/5627\/\" target=\"_blank\">\n                        <div class=\"bc-img-zoom-wrap\">\n                            <img decoding=\"async\" src=\"https:\/\/portal.hokuryu.info\/wp\/wp-content\/uploads\/2026\/02\/20230802DSC06445_1.jpg\" alt=\"https:\/\/portal.hokuryu.info\/5627\">\n                        <\/div>\n                    <\/a>\n                <\/div>\n            <\/div>\n        <\/div>\n\n        <div class=\"site-blogcard-premium\">\n            <div class=\"bc-label-custom\">Artigos relacionados<\/div>\n            <div class=\"bc-flex-container\">\n                <div class=\"bc-main-text\">\n                    <div class=\"bc-title-link-box\">\n                        <a href=\"https:\/\/portal.hokuryu.info\/pt\/topics\/culture\/20190508.html\/\" target=\"_blank\">Celebra\u00e7\u00e3o da Ordem do Sol Nascente, Raios de Prata, concedida a Toshihiro Nakamura - Organizada pela Associa\u00e7\u00e3o de Ex-alunos da Assembly, Associa\u00e7\u00e3o de Moradores de Itaya e a filial de Hokuryu da Associa\u00e7\u00e3o de Haiku &quot;Michi&quot; - Portal da Cidade de Hokuryu (Hokkaido) - A Vila dos Girass\u00f3is n\u00ba 1 do Jap\u00e3o<\/a>\n                    <\/div>\n                    <div class=\"bc-excerpt-box\">O Sr. Toshihiro Nakamura (88 anos), ex-membro do Conselho Municipal de Hokuryu, foi agraciado com o pr\u00eamio &quot;Sol Nascente, Raios de Ouro com Roseta&quot; na categoria de Homenagens aos Idosos, com vig\u00eancia a partir de 1\u00ba de fevereiro de 2019...<\/div>\n                <\/div>\n                <div class=\"bc-thumbnail-box\">\n                    <a href=\"https:\/\/portal.hokuryu.info\/pt\/topics\/culture\/20190508.html\/\" target=\"_blank\">\n                        <div class=\"bc-img-zoom-wrap\">\n                            <img decoding=\"async\" src=\"https:\/\/lh3.googleusercontent.com\/glr9D2kxNix6HeeQlHoFe57T3knzytMKDYRLebl0Pks5fP39EAewy1qA1y_DjqOxn_y_gBOrcrVcoCK-kO3Ht7siH3V62U5FJyZVss_6dPkmMvWtMtrXYKS83ANQRZjSrRxat3OQIZw_VaZlvBuIgA_Wgjj66uas0glnNewE-Ec5Ak2ATTliN4uxmQquI-mUMjVxV6_xAJt1WBk_ZsNdHSo-5IKTNW5_L9vzoAwNwF6l-OouTkDYN5Yh-az2li6PIRQsiQnAdmj6wQNpt8cz1n0eB5EWyD2tJCGsoNWuoouRjtyfyNS4Gt2Xm6xvIgsya9zxhQjVZTDqb688Z6jgOru8hqBvgD2K728iLWC8TSzHhvdt5GPB8-8Oc9J7IRE3_WbrB6fINJwnuDBZbbNk3ujewXW3D3wjL_LDbrYakX4vKcdy_TsRCii3JK5tqtoDmCZRmZcu22zr03Lx6dkG8PnAUrjLzggpVO2WERLWOv-ITSw1nxNwdGhlalRGn8sTmTmLdlUkE6-JyzhpD0OVlnbwsbnHRjxyI3H2vwWzSk5RLcd0UGbcNcuzA2l0FEgNhmVOSxvUilfrFGoFHJp_Et-Tkq-42CRu2XH25neIvJMz138zB_sRvHEZ-UzZCcaVFyr7xXB16y0ZhvE1OS9J8TSmUkIGtBF_eXIs_ApAC4U2f3bnZcI3A08ztwR9Mk0MGtIeMGJyXkXh93BuhZZ8qiJq=w1420-h946-no\" alt=\"Celebra\u00e7\u00e3o da Ordem do Sol Nascente, Raios de Prata, concedida a Toshihiro Nakamura - Organizada pela Associa\u00e7\u00e3o de Ex-alunos da Assembly, Associa\u00e7\u00e3o de Moradores de Itaya e a filial de Hokuryu da Associa\u00e7\u00e3o de Haiku &quot;Michi&quot; - Portal da Cidade de Hokuryu (Hokkaido) - A Vila dos Girass\u00f3is n\u00ba 1 do Jap\u00e3o\">\n                        <\/div>\n                    <\/a>\n                <\/div>\n            <\/div>\n        <\/div>\n\n        <div class=\"site-blogcard-premium\">\n            <div class=\"bc-label-custom\">Artigos relacionados<\/div>\n            <div class=\"bc-flex-container\">\n                <div class=\"bc-main-text\">\n                    <div class=\"bc-title-link-box\">\n                        <a href=\"https:\/\/portal.hokuryu.info\/pt\/topics\/culture\/20190116.html\/\" target=\"_blank\">Uma celebra\u00e7\u00e3o foi realizada em homenagem ao Sr. Koichi Matsuda, que recebeu a Medalha da Fita Azul no outono de 2018. Seus colegas do ensino fundamental e m\u00e9dio, juntamente com a associa\u00e7\u00e3o de moradores do bairro de Itaya, lideraram a comemora\u00e7\u00e3o. - Portal da Cidade de Hokuryu (Hokkaido) - A Vila dos Girass\u00f3is n\u00ba 1 do Jap\u00e3o<\/a>\n                    <\/div>\n                    <div class=\"bc-excerpt-box\">Em 19 de novembro de 2018, foram definidos os vencedores das Honras do Outono de 2018, e os pr\u00eamios foram oficialmente concedidos em 3 de novembro.<\/div>\n                <\/div>\n                <div class=\"bc-thumbnail-box\">\n                    <a href=\"https:\/\/portal.hokuryu.info\/pt\/topics\/culture\/20190116.html\/\" target=\"_blank\">\n                        <div class=\"bc-img-zoom-wrap\">\n                            <img decoding=\"async\" src=\"https:\/\/lh3.googleusercontent.com\/Kxpgb_bXMFr6SDJfyBfWHZC63_50WhOww5FfXdti4ZFuGcjfUMJxuo5ursmrcnROMWq_J5MCWjIW8GOoToh_vOJeKgxlRn5ygFPby8xpgsXoWFPheyVRaTq6w4BiwCPhNvChN3mpkiTvjtxajeMrOvcV1tWFK5hCgIgVQvRunEa-T978m5pP7tuAs9WtobLq3lw9WlxMnh3-EFEIM6EBFFEDrycOXm_DQbS9lC4HA8FtCeqBIXjcwzIksSbVI0VgYceHeoD5m5jNF9HBfRMPaup6IZQDuoEgGYU0y3zIxVPHZa9sUvkWGLuHKFeEKejIBHNuLxF6GMXKQLItUt5xNnWAKxwxKzwssehgP2LGac3BnuSnhCKQIUYjrmo281nXFW7BPEbrYYppdKUF6zCQgL4LFXxE2_eu25H4JGUr-G_tGPN1BJ4xNiv8tECaFIqhDozqOvp21oTu0eQKiVYu4E01BpH-j5XUmFbshvbIisRpOb-IN68NjpLcG9qZYfUgqXeZQOr5HwAUpZQlvQARMdHptsp4L7ctFILigJXqKN6iv_f5lYevl8KSnKdk1PAkGiINdAT8uNON8KLkLbynLjYCSaA6EFlEI7b32EBecV0hdsNEEkgUbpWVrRfuQtT_8jN1oMvYyfOc2czHWbsFW16X35vG8sxXJD5e0wA7Wqxicp15zFWfeD9Ip6XYbGHkON5AkMJwiSjY817ZzQ=w1393-h929-no\" alt=\"Uma celebra\u00e7\u00e3o foi realizada em homenagem ao Sr. Koichi Matsuda, que recebeu a Medalha da Fita Azul no outono de 2018. Seus colegas do ensino fundamental e m\u00e9dio, juntamente com a associa\u00e7\u00e3o de moradores do bairro de Itaya, lideraram a comemora\u00e7\u00e3o. - Portal da Cidade de Hokuryu (Hokkaido) - A Vila dos Girass\u00f3is n\u00ba 1 do Jap\u00e3o\">\n                        <\/div>\n                    <\/a>\n                <\/div>\n            <\/div>\n        <\/div>\n\n        <div class=\"site-blogcard-premium\">\n            <div class=\"bc-label-custom\">Artigos relacionados<\/div>\n            <div class=\"bc-flex-container\">\n                <div class=\"bc-main-text\">\n                    <div class=\"bc-title-link-box\">\n                        <a href=\"https:\/\/portal.hokuryu.info\/pt\/topics\/culture\/20161213.html\/\" target=\"_blank\">Celebra\u00e7\u00e3o realizada em homenagem ao Sr. Hajime Hoshiba, agraciado com a Ordem do Tesouro Sagrado, Raios de Ouro com Roseta, no outono de 2016 - Portal da Cidade de Hokuryu (Hokkaido) - A Vila dos Girass\u00f3is n\u00ba 1 do Jap\u00e3o<\/a>\n                    <\/div>\n                    <div class=\"bc-excerpt-box\">Uma paisagem japonesa de tirar o f\u00f4lego: a &quot;Vila dos Girass\u00f3is&quot; na cidade de Hokuryu, Hokkaido. Um ponto tur\u00edstico popular em Hokkaido. Visite pelo menos uma vez. (Sommelier de Arroz...).<\/div>\n                <\/div>\n                <div class=\"bc-thumbnail-box\">\n                    <a href=\"https:\/\/portal.hokuryu.info\/pt\/topics\/culture\/20161213.html\/\" target=\"_blank\">\n                        <div class=\"bc-img-zoom-wrap\">\n                            <img decoding=\"async\" src=\"https:\/\/lh3.googleusercontent.com\/V4AJHrVcyJ29m2XkmfwnwbSS8mUOr2J361mZiGI9aZsDfBSRmyzu-d0sIyS19E93ODTvcp9tNjN1_xqk0L2y_mY_nwELh3SJAYbtHywf7-y95hOg_LJJpu9C6fsK9Lo_TzcJ0nXPzBC_x6lkTYVWv6nkGZWo-m806fiVoJZq7EaHsy06--MFpKXsHZPtxjDYsEYzaQqM5ZfVLd9TtbKoV9SEyfWMgzQ9koMnJaiQxFNgdQZcrMNLXTsloqwkwkb0E9XIqnF2mPwGfuEvubzEQ0Gmf4y3YFN4REuT_zJ2LWBCXK9vHrocI3rLcG-0tNkzIE0ZWI2ngy3QGcdyXjdJyHb7H5qVp-ULgYN6OA2lMYxPw878GDBcAv2dtQfvJ5IFsfigN4opdunXTNZ02iyExHYobbk0YvQ9W1dPmTtRvKGP3baZpFs0hiZtS18lLnJ7ijUjD6cy51HP_73GxXqqYE1KshG49AcmYmzU5Gi5Qh7oqMxfwIcp_dr5vAdYCWxFWrKAwAyDQ1ApFxiNIPbgmW_scoggXresfy3ZqEmIexrYZmdoUveiBaWkK34hU8jVQpdwHPB_T6sdNAci_Nclby7iebm0suHw0JcEuXKwniPSUgAv7moIVQS4IvCkN87f1kRUfdbARhspEX27mEyT3Sx5H9lcLfMskBFc1IJ_Cw=w1441-h960-no\" alt=\"Celebra\u00e7\u00e3o realizada em homenagem ao Sr. Hajime Hoshiba, agraciado com a Ordem do Tesouro Sagrado, Raios de Ouro com Roseta, no outono de 2016 - Portal da Cidade de Hokuryu (Hokkaido) - A Vila dos Girass\u00f3is n\u00ba 1 do Jap\u00e3o\">\n                        <\/div>\n                    <\/a>\n                <\/div>\n            <\/div>\n        <\/div>\n\n        <div class=\"site-blogcard-premium\">\n            <div class=\"bc-label-custom\">Artigos relacionados<\/div>\n            <div class=\"bc-flex-container\">\n                <div class=\"bc-main-text\">\n                    <div class=\"bc-title-link-box\">\n                        <a href=\"https:\/\/portal.hokuryu.info\/pt\/topics\/culture\/20131219.html\/\" target=\"_blank\">Celebra\u00e7\u00e3o em homenagem ao Sr. Kitakiyo Masami, condecorado com a Ordem do Sol Nascente, Raios de Ouro e Prata, no outono de 2013 - Portal da Cidade de Hokuryu (Hokkaido) - A Vila dos Girass\u00f3is n\u00ba 1 do Jap\u00e3o<\/a>\n                    <\/div>\n                    <div class=\"bc-excerpt-box\">Apresentamos o &quot;presente&quot; de uma cidade vibrante com 2.100 habitantes e uma taxa de envelhecimento de 401.000.000. Assim como os girass\u00f3is, as fam\u00edlias vivem em harmonia...<\/div>\n                <\/div>\n                <div class=\"bc-thumbnail-box\">\n                    <a href=\"https:\/\/portal.hokuryu.info\/pt\/topics\/culture\/20131219.html\/\" target=\"_blank\">\n                        <div class=\"bc-img-zoom-wrap\">\n                            <img decoding=\"async\" src=\"https:\/\/lh4.googleusercontent.com\/-B9qUblgKWII\/Uq_FCnSdGaI\/AAAAAAAA-DI\/tNzOOlvqXmE\/w1319-h873-no\/K5+38147\" alt=\"Celebra\u00e7\u00e3o em homenagem ao Sr. Kitakiyo Masami, condecorado com a Ordem do Sol Nascente, Raios de Ouro e Prata, no outono de 2013 - Portal da Cidade de Hokuryu (Hokkaido) - A Vila dos Girass\u00f3is n\u00ba 1 do Jap\u00e3o\">\n                        <\/div>\n                    <\/a>\n                <\/div>\n            <\/div>\n        <\/div>\n<p>\u25c7 <a href=\"https:\/\/portal.hokuryu.info\/pt\/38127\/#outline_1__7_2_1\">Fotografia, edi\u00e7\u00e3o e gerenciamento de site: Noboru Terauchi Escritor: Ikuko Terauchi<\/a><\/p>","protected":false},"excerpt":{"rendered":"<p>2025\u5e747\u670817\u65e5\uff08\u6728\uff09 7\u670812\u65e5\uff08\u571f\uff09\u3001\u5143\u5317\u7adc\u753a\u9577\u306e\u4f50\u91ce\u8c4a\u6c0f\u306e\u65ed\u65e5\u53cc\u5149\u7ae0\u53d7\u7ae0\u3092\u795d\u3046\u4f1a\u304c\u3001\u30b5\u30f3\u30d5\u30e9\u30ef\u30fc\u30d1\u30fc\u30af\u5317\u7adc\u6e29\u6cc9\u3067\u76db\u5927\u306b\u958b\u50ac\u3055\u308c\u307e\u3057\u305f\u3002\u6c38\u5e74\u306e\u5730\u65b9\u81ea\u6cbb\u3078\u306e\u529f\u7e3e\u3092\u79f0\u3048\u3001118\u540d\u3082\u306e\u65b9\u3005\u304c\u304a\u795d\u3044\u306b [&hellip;]<\/p>\n","protected":false},"author":1,"featured_media":61462,"comment_status":"open","ping_status":"open","sticky":false,"template":"","format":"standard","meta":{"footnotes":""},"categories":[4,75],"tags":[],"class_list":["post-61207","post","type-post","status-publish","format-standard","has-post-thumbnail","hentry","category-cover-story","category-sasaki-yasuhiro-mayor"],"_links":{"self":[{"href":"https:\/\/portal.hokuryu.info\/pt\/wp-json\/wp\/v2\/posts\/61207","targetHints":{"allow":["GET"]}}],"collection":[{"href":"https:\/\/portal.hokuryu.info\/pt\/wp-json\/wp\/v2\/posts"}],"about":[{"href":"https:\/\/portal.hokuryu.info\/pt\/wp-json\/wp\/v2\/types\/post"}],"author":[{"embeddable":true,"href":"https:\/\/portal.hokuryu.info\/pt\/wp-json\/wp\/v2\/users\/1"}],"replies":[{"embeddable":true,"href":"https:\/\/portal.hokuryu.info\/pt\/wp-json\/wp\/v2\/comments?post=61207"}],"version-history":[{"count":0,"href":"https:\/\/portal.hokuryu.info\/pt\/wp-json\/wp\/v2\/posts\/61207\/revisions"}],"wp:featuredmedia":[{"embeddable":true,"href":"https:\/\/portal.hokuryu.info\/pt\/wp-json\/wp\/v2\/media\/61462"}],"wp:attachment":[{"href":"https:\/\/portal.hokuryu.info\/pt\/wp-json\/wp\/v2\/media?parent=61207"}],"wp:term":[{"taxonomy":"category","embeddable":true,"href":"https:\/\/portal.hokuryu.info\/pt\/wp-json\/wp\/v2\/categories?post=61207"},{"taxonomy":"post_tag","embeddable":true,"href":"https:\/\/portal.hokuryu.info\/pt\/wp-json\/wp\/v2\/tags?post=61207"}],"curies":[{"name":"wp","href":"https:\/\/api.w.org\/{rel}","templated":true}]}}